{"id":435839,"date":"2023-11-09T08:34:47","date_gmt":"2023-11-09T07:34:47","guid":{"rendered":"https:\/\/dicodusport.fr\/blog\/?p=435839&#038;preview=true&#038;preview_id=435839"},"modified":"2023-11-09T09:15:13","modified_gmt":"2023-11-09T08:15:13","slug":"mercato-cyclisme-gianni-moscon-sengage-chez-soudal-quick-step","status":"publish","type":"post","link":"https:\/\/dicodusport.fr\/blog\/mercato-cyclisme-gianni-moscon-sengage-chez-soudal-quick-step\/","title":{"rendered":"Mercato Cyclisme : Gianni Moscon s&rsquo;engage chez Soudal Quick-Step"},"content":{"rendered":"<p style=\"text-align: justify;\"><strong><em>MERCATO CYCLISME &#8211; Selon la Gazzetta dello Sport, l&rsquo;Italien Gianni Moscon, 29 ans, s&rsquo;est engag\u00e9 avec la formation Soudal Quick-Step pour la saison 2024. Un renfort de poids pour le p\u00f4le flandrien du Wolfpack.<\/em><\/strong><\/p>\n<ul>\n<li style=\"text-align: justify;\"><strong>\u00c0 lire aussi \u2013\u00a0<a href=\"https:\/\/dicodusport.fr\/blog\/mercato-cyclisme-2023-2024-tableau-des-transferts\/\">Mercato Cyclisme 2023-2024 \u2013 Tableau des transferts<\/a>\u00a0<\/strong><\/li>\n<\/ul>\n<p style=\"text-align: justify;\">Hier, <strong>Patrick Lefevere<\/strong>, boss de la formation belge <strong>Soudal Quick-Step<\/strong>, annon\u00e7ait avoir trouv\u00e9 le 27\u00e8me coureur de son \u00e9quipe pour la saison prochaine. Ce jeudi, la <em>Gazzetta dello Sport<\/em> annonce qu&rsquo;il s&rsquo;agira de l&rsquo;Italien <strong>Gianni Moscon<\/strong>. Une nouvelle officialis\u00e9e entre-temps par la formation belge. Pass\u00e9 par la structure <strong>Sky\/INEOS<\/strong> entre 2016 et 2021, le sp\u00e9cialiste des classiques, flandriennes et vallonn\u00e9es, avait quitt\u00e9 l&rsquo;\u00e9quipe britannique l&rsquo;hiver dernier, afin de rejoindre la formation <strong>Astana<\/strong>. Sans vraiment de r\u00e9ussite, et surtout sans grands r\u00e9sultats.<\/p>\n<p style=\"text-align: justify;\">Deux fois top 5 de Paris-Roubaix (5\u00e8me en 2017 et 4\u00e8me en 2021), le sulfureux transalpin va donc venir \u00e9toffer le p\u00f4le classiques du <em>Wolfpack<\/em>, amput\u00e9 de nombreux coureurs, apr\u00e8s les d\u00e9parts annonc\u00e9s de <strong>Florian S\u00e9n\u00e9chal<\/strong>, <strong>Davide Ballerini<\/strong> ou encore <strong>Tim Declercq<\/strong>.<\/p>\n<blockquote class=\"twitter-tweet\">\n<p dir=\"ltr\" lang=\"en\">Read more about this move, here \u2b07\ufe0f<a href=\"https:\/\/t.co\/XncTILbP01\">https:\/\/t.co\/XncTILbP01<\/a><\/p>\n<p>\u2014 Soudal Quick-Step Pro Cycling Team (@soudalquickstep) <a href=\"https:\/\/twitter.com\/soudalquickstep\/status\/1722527704338096319?ref_src=twsrc%5Etfw\">November 9, 2023<\/a><\/p><\/blockquote>\n<p><script async src=\"https:\/\/platform.twitter.com\/widgets.js\" charset=\"utf-8\"><\/script><\/p>\n","protected":false},"excerpt":{"rendered":"<p>MERCATO CYCLISME &#8211; Selon la Gazzetta dello Sport, l&rsquo;Italien Gianni Moscon, 29 ans, s&rsquo;est engag\u00e9 avec la formation Soudal Quick-Step pour la saison 2024. Un renfort de poids pour le p\u00f4le flandrien du Wolfpack.<\/p>\n","protected":false},"author":4,"featured_media":435842,"comment_status":"open","ping_status":"closed","sticky":false,"template":"","format":"standard","meta":{"_acf_changed":false,"_daextam_enable_autolinks":"1","footnotes":""},"categories":[46994],"tags":[16878,11197,28868],"class_list":["post-435839","post","type-post","status-publish","format-standard","has-post-thumbnail","hentry","category-cyclisme-sur-route","tag-breve","tag-cyclisme-sur-route","tag-soudal-quick-step"],"acf":[],"yoast_head":"<!-- This site is optimized with the Yoast SEO Premium plugin v26.7 (Yoast SEO v26.7) - https:\/\/yoast.com\/wordpress\/plugins\/seo\/ -->\n<title>Mercato Cyclisme : Gianni Moscon s&#039;engage chez Soudal Quick-Step<\/title>\n<meta name=\"description\" content=\"MERCATO CYCLISME - Selon la Gazzetta dello Sport, l&#039;Italien Gianni Moscon, 29 ans, s&#039;est engag\u00e9 avec la formation Soudal Quick-Step.\" \/>\n<meta name=\"robots\" content=\"index, follow, max-snippet:-1, max-image-preview:large, max-video-preview:-1\" \/>\n<link rel=\"canonical\" href=\"https:\/\/dicodusport.fr\/blog\/mercato-cyclisme-gianni-moscon-sengage-chez-soudal-quick-step\/\" \/>\n<meta property=\"og:locale\" content=\"fr_FR\" \/>\n<meta property=\"og:type\" content=\"article\" \/>\n<meta property=\"og:title\" content=\"Mercato Cyclisme : Gianni Moscon s&#039;engage chez Soudal Quick-Step\" \/>\n<meta property=\"og:description\" content=\"MERCATO CYCLISME - Selon la Gazzetta dello Sport, l&#039;Italien Gianni Moscon, 29 ans, s&#039;est engag\u00e9 avec la formation Soudal Quick-Step.\" \/>\n<meta property=\"og:url\" content=\"https:\/\/dicodusport.fr\/blog\/mercato-cyclisme-gianni-moscon-sengage-chez-soudal-quick-step\/\" \/>\n<meta property=\"og:site_name\" content=\"Dicodusport\" \/>\n<meta property=\"article:publisher\" content=\"https:\/\/www.facebook.com\/dicodusport\" \/>\n<meta property=\"article:author\" content=\"https:\/\/www.facebook.com\/florent.ostermann\" \/>\n<meta property=\"article:published_time\" content=\"2023-11-09T07:34:47+00:00\" \/>\n<meta property=\"article:modified_time\" content=\"2023-11-09T08:15:13+00:00\" \/>\n<meta property=\"og:image\" content=\"https:\/\/dicodusport.fr\/blog\/wp-content\/uploads\/2023\/11\/Mercato-Cyclisme-Gianni-Moscon-sengage-chez-Soudal-Quick-Step.png\" \/>\n\t<meta property=\"og:image:width\" content=\"800\" \/>\n\t<meta property=\"og:image:height\" content=\"445\" \/>\n\t<meta property=\"og:image:type\" content=\"image\/png\" \/>\n<meta name=\"author\" content=\"Flo Ostermann\" \/>\n<meta name=\"twitter:card\" content=\"summary_large_image\" \/>\n<meta name=\"twitter:title\" content=\"Mercato Cyclisme : Gianni Moscon s&#039;engage chez Soudal Quick-Step\" \/>\n<meta name=\"twitter:creator\" content=\"@https:\/\/twitter.com\/FlOstermann\" \/>\n<meta name=\"twitter:site\" content=\"@dicodusport\" \/>\n<script type=\"application\/ld+json\" class=\"yoast-schema-graph\">{\"@context\":\"https:\/\/schema.org\",\"@graph\":[{\"@type\":\"NewsArticle\",\"@id\":\"https:\/\/dicodusport.fr\/blog\/mercato-cyclisme-gianni-moscon-sengage-chez-soudal-quick-step\/#article\",\"isPartOf\":{\"@id\":\"https:\/\/dicodusport.fr\/blog\/mercato-cyclisme-gianni-moscon-sengage-chez-soudal-quick-step\/\"},\"author\":{\"name\":\"Flo Ostermann\",\"@id\":\"https:\/\/dicodusport.fr\/blog\/#\/schema\/person\/cb02af4c173ce4a653b55e9baf388d4a\"},\"headline\":\"Mercato Cyclisme : Gianni Moscon s&rsquo;engage chez Soudal Quick-Step\",\"datePublished\":\"2023-11-09T07:34:47+00:00\",\"dateModified\":\"2023-11-09T08:15:13+00:00\",\"mainEntityOfPage\":{\"@id\":\"https:\/\/dicodusport.fr\/blog\/mercato-cyclisme-gianni-moscon-sengage-chez-soudal-quick-step\/\"},\"wordCount\":205,\"commentCount\":0,\"publisher\":{\"@id\":\"https:\/\/dicodusport.fr\/blog\/#organization\"},\"image\":{\"@id\":\"https:\/\/dicodusport.fr\/blog\/mercato-cyclisme-gianni-moscon-sengage-chez-soudal-quick-step\/#primaryimage\"},\"thumbnailUrl\":\"https:\/\/dicodusport.fr\/blog\/wp-content\/uploads\/2023\/11\/Mercato-Cyclisme-Gianni-Moscon-sengage-chez-Soudal-Quick-Step.png\",\"keywords\":[\"br\u00e8ve\",\"Cyclisme sur route\",\"Soudal Quick-Step\"],\"articleSection\":[\"Cyclisme sur route\"],\"inLanguage\":\"fr-FR\",\"potentialAction\":[{\"@type\":\"CommentAction\",\"name\":\"Comment\",\"target\":[\"https:\/\/dicodusport.fr\/blog\/mercato-cyclisme-gianni-moscon-sengage-chez-soudal-quick-step\/#respond\"]}],\"copyrightYear\":\"2023\",\"copyrightHolder\":{\"@id\":\"https:\/\/dicodusport.fr\/blog\/#organization\"}},{\"@type\":\"WebPage\",\"@id\":\"https:\/\/dicodusport.fr\/blog\/mercato-cyclisme-gianni-moscon-sengage-chez-soudal-quick-step\/\",\"url\":\"https:\/\/dicodusport.fr\/blog\/mercato-cyclisme-gianni-moscon-sengage-chez-soudal-quick-step\/\",\"name\":\"Mercato Cyclisme : Gianni Moscon s'engage chez Soudal Quick-Step\",\"isPartOf\":{\"@id\":\"https:\/\/dicodusport.fr\/blog\/#website\"},\"primaryImageOfPage\":{\"@id\":\"https:\/\/dicodusport.fr\/blog\/mercato-cyclisme-gianni-moscon-sengage-chez-soudal-quick-step\/#primaryimage\"},\"image\":{\"@id\":\"https:\/\/dicodusport.fr\/blog\/mercato-cyclisme-gianni-moscon-sengage-chez-soudal-quick-step\/#primaryimage\"},\"thumbnailUrl\":\"https:\/\/dicodusport.fr\/blog\/wp-content\/uploads\/2023\/11\/Mercato-Cyclisme-Gianni-Moscon-sengage-chez-Soudal-Quick-Step.png\",\"datePublished\":\"2023-11-09T07:34:47+00:00\",\"dateModified\":\"2023-11-09T08:15:13+00:00\",\"description\":\"MERCATO CYCLISME - Selon la Gazzetta dello Sport, l'Italien Gianni Moscon, 29 ans, s'est engag\u00e9 avec la formation Soudal Quick-Step.\",\"breadcrumb\":{\"@id\":\"https:\/\/dicodusport.fr\/blog\/mercato-cyclisme-gianni-moscon-sengage-chez-soudal-quick-step\/#breadcrumb\"},\"inLanguage\":\"fr-FR\",\"potentialAction\":[{\"@type\":\"ReadAction\",\"target\":[\"https:\/\/dicodusport.fr\/blog\/mercato-cyclisme-gianni-moscon-sengage-chez-soudal-quick-step\/\"]}]},{\"@type\":\"ImageObject\",\"inLanguage\":\"fr-FR\",\"@id\":\"https:\/\/dicodusport.fr\/blog\/mercato-cyclisme-gianni-moscon-sengage-chez-soudal-quick-step\/#primaryimage\",\"url\":\"https:\/\/dicodusport.fr\/blog\/wp-content\/uploads\/2023\/11\/Mercato-Cyclisme-Gianni-Moscon-sengage-chez-Soudal-Quick-Step.png\",\"contentUrl\":\"https:\/\/dicodusport.fr\/blog\/wp-content\/uploads\/2023\/11\/Mercato-Cyclisme-Gianni-Moscon-sengage-chez-Soudal-Quick-Step.png\",\"width\":800,\"height\":445,\"caption\":\"Mercato Cyclisme Gianni Moscon s'engage chez Soudal Quick-Step\"},{\"@type\":\"BreadcrumbList\",\"@id\":\"https:\/\/dicodusport.fr\/blog\/mercato-cyclisme-gianni-moscon-sengage-chez-soudal-quick-step\/#breadcrumb\",\"itemListElement\":[{\"@type\":\"ListItem\",\"position\":1,\"name\":\"Accueil\",\"item\":\"https:\/\/dicodusport.fr\/blog\/\"},{\"@type\":\"ListItem\",\"position\":2,\"name\":\"Mercato Cyclisme : Gianni Moscon s&rsquo;engage chez Soudal Quick-Step\"}]},{\"@type\":\"WebSite\",\"@id\":\"https:\/\/dicodusport.fr\/blog\/#website\",\"url\":\"https:\/\/dicodusport.fr\/blog\/\",\"name\":\"Dicodusport\",\"description\":\"L&#039;encyclop\u00e9die de l&#039;actualit\u00e9 sportive\",\"publisher\":{\"@id\":\"https:\/\/dicodusport.fr\/blog\/#organization\"},\"potentialAction\":[{\"@type\":\"SearchAction\",\"target\":{\"@type\":\"EntryPoint\",\"urlTemplate\":\"https:\/\/dicodusport.fr\/blog\/?s={search_term_string}\"},\"query-input\":{\"@type\":\"PropertyValueSpecification\",\"valueRequired\":true,\"valueName\":\"search_term_string\"}}],\"inLanguage\":\"fr-FR\"},{\"@type\":\"NewsMediaOrganization\",\"@id\":\"https:\/\/dicodusport.fr\/blog\/#organization\",\"name\":\"Dicodusport\",\"url\":\"https:\/\/dicodusport.fr\/blog\/\",\"logo\":{\"@type\":\"ImageObject\",\"inLanguage\":\"fr-FR\",\"@id\":\"https:\/\/dicodusport.fr\/blog\/#\/schema\/logo\/image\/\",\"url\":\"https:\/\/dicodusport.fr\/blog\/wp-content\/uploads\/2020\/06\/cropped-LOGO-DICODUSPORT-2020-SANS-FOND-SANS-TEXTE.png\",\"contentUrl\":\"https:\/\/dicodusport.fr\/blog\/wp-content\/uploads\/2020\/06\/cropped-LOGO-DICODUSPORT-2020-SANS-FOND-SANS-TEXTE.png\",\"width\":512,\"height\":512,\"caption\":\"Dicodusport\"},\"image\":{\"@id\":\"https:\/\/dicodusport.fr\/blog\/#\/schema\/logo\/image\/\"},\"sameAs\":[\"https:\/\/www.facebook.com\/dicodusport\",\"https:\/\/x.com\/dicodusport\",\"https:\/\/www.instagram.com\/dicodusport\/\",\"https:\/\/www.youtube.com\/channel\/UC7V2KZ5sd3htJivAbA4ZG3w\"],\"description\":\"Dicodusport est l'encyclop\u00e9die de l'actualit\u00e9 sportive.\",\"email\":\"bonjour@dicodusport.fr\",\"legalName\":\"DICODUSPORT\",\"foundingDate\":\"2018-01-14\",\"vatID\":\"FR71834470973\",\"taxID\":\"83447097300043\",\"numberOfEmployees\":{\"@type\":\"QuantitativeValue\",\"minValue\":\"1\",\"maxValue\":\"10\"}},{\"@type\":\"Person\",\"@id\":\"https:\/\/dicodusport.fr\/blog\/#\/schema\/person\/cb02af4c173ce4a653b55e9baf388d4a\",\"name\":\"Flo Ostermann\",\"image\":{\"@type\":\"ImageObject\",\"inLanguage\":\"fr-FR\",\"@id\":\"https:\/\/dicodusport.fr\/blog\/#\/schema\/person\/image\/\",\"url\":\"https:\/\/dicodusport.fr\/blog\/wp-content\/uploads\/2021\/05\/Flo-Ostermann-150x150.jpg\",\"contentUrl\":\"https:\/\/dicodusport.fr\/blog\/wp-content\/uploads\/2021\/05\/Flo-Ostermann-150x150.jpg\",\"caption\":\"Flo Ostermann\"},\"description\":\"Journaliste\/R\u00e9dacteur depuis septembre 2015 - Mes premiers souvenirs dans le sport ? Les envol\u00e9es du Stade Toulousain et les duels Villeneuve-Schumacher et H\u00e4kkinen-Schumacher \u00e0 la fin des ann\u00e9es 90, la Coupe du monde de football en 1998, l\u2019exploit du XV de France face aux All Blacks en 1999, mais aussi Richard C\u0153ur de Lion qui vole sur les montagnes du Tour de France. Bien parti pour devenir professeur d\u2019EPS, les \u00e9v\u00e9nements de la vie (et la flemme d\u2019animer des s\u00e9ances de 3x500 m\u00e8tres toute ma vie) m\u2019ont conduit \u00e0 revoir mes plans. Me voil\u00e0 depuis fin 2017 sur Dicodusport, m\u00e9dia gr\u00e2ce (et pour) lequel je partage ma passion : le sport dans tous ses \u00e9tats. Le tout accompagn\u00e9 par les fous furieux et folles furieuses cit\u00e9s sur cette page !\",\"sameAs\":[\"https:\/\/www.facebook.com\/florent.ostermann\",\"https:\/\/x.com\/https:\/\/twitter.com\/FlOstermann\",\"admin\"],\"url\":\"https:\/\/dicodusport.fr\/blog\/author\/flo\/\"}]}<\/script>\n<!-- \/ Yoast SEO Premium plugin. -->","yoast_head_json":{"title":"Mercato Cyclisme : Gianni Moscon s'engage chez Soudal Quick-Step","description":"MERCATO CYCLISME - Selon la Gazzetta dello Sport, l'Italien Gianni Moscon, 29 ans, s'est engag\u00e9 avec la formation Soudal Quick-Step.","robots":{"index":"index","follow":"follow","max-snippet":"max-snippet:-1","max-image-preview":"max-image-preview:large","max-video-preview":"max-video-preview:-1"},"canonical":"https:\/\/dicodusport.fr\/blog\/mercato-cyclisme-gianni-moscon-sengage-chez-soudal-quick-step\/","og_locale":"fr_FR","og_type":"article","og_title":"Mercato Cyclisme : Gianni Moscon s'engage chez Soudal Quick-Step","og_description":"MERCATO CYCLISME - Selon la Gazzetta dello Sport, l'Italien Gianni Moscon, 29 ans, s'est engag\u00e9 avec la formation Soudal Quick-Step.","og_url":"https:\/\/dicodusport.fr\/blog\/mercato-cyclisme-gianni-moscon-sengage-chez-soudal-quick-step\/","og_site_name":"Dicodusport","article_publisher":"https:\/\/www.facebook.com\/dicodusport","article_author":"https:\/\/www.facebook.com\/florent.ostermann","article_published_time":"2023-11-09T07:34:47+00:00","article_modified_time":"2023-11-09T08:15:13+00:00","og_image":[{"width":800,"height":445,"url":"https:\/\/dicodusport.fr\/blog\/wp-content\/uploads\/2023\/11\/Mercato-Cyclisme-Gianni-Moscon-sengage-chez-Soudal-Quick-Step.png","type":"image\/png"}],"author":"Flo Ostermann","twitter_card":"summary_large_image","twitter_title":"Mercato Cyclisme : Gianni Moscon s'engage chez Soudal Quick-Step","twitter_creator":"@https:\/\/twitter.com\/FlOstermann","twitter_site":"@dicodusport","schema":{"@context":"https:\/\/schema.org","@graph":[{"@type":"NewsArticle","@id":"https:\/\/dicodusport.fr\/blog\/mercato-cyclisme-gianni-moscon-sengage-chez-soudal-quick-step\/#article","isPartOf":{"@id":"https:\/\/dicodusport.fr\/blog\/mercato-cyclisme-gianni-moscon-sengage-chez-soudal-quick-step\/"},"author":{"name":"Flo Ostermann","@id":"https:\/\/dicodusport.fr\/blog\/#\/schema\/person\/cb02af4c173ce4a653b55e9baf388d4a"},"headline":"Mercato Cyclisme : Gianni Moscon s&rsquo;engage chez Soudal Quick-Step","datePublished":"2023-11-09T07:34:47+00:00","dateModified":"2023-11-09T08:15:13+00:00","mainEntityOfPage":{"@id":"https:\/\/dicodusport.fr\/blog\/mercato-cyclisme-gianni-moscon-sengage-chez-soudal-quick-step\/"},"wordCount":205,"commentCount":0,"publisher":{"@id":"https:\/\/dicodusport.fr\/blog\/#organization"},"image":{"@id":"https:\/\/dicodusport.fr\/blog\/mercato-cyclisme-gianni-moscon-sengage-chez-soudal-quick-step\/#primaryimage"},"thumbnailUrl":"https:\/\/dicodusport.fr\/blog\/wp-content\/uploads\/2023\/11\/Mercato-Cyclisme-Gianni-Moscon-sengage-chez-Soudal-Quick-Step.png","keywords":["br\u00e8ve","Cyclisme sur route","Soudal Quick-Step"],"articleSection":["Cyclisme sur route"],"inLanguage":"fr-FR","potentialAction":[{"@type":"CommentAction","name":"Comment","target":["https:\/\/dicodusport.fr\/blog\/mercato-cyclisme-gianni-moscon-sengage-chez-soudal-quick-step\/#respond"]}],"copyrightYear":"2023","copyrightHolder":{"@id":"https:\/\/dicodusport.fr\/blog\/#organization"}},{"@type":"WebPage","@id":"https:\/\/dicodusport.fr\/blog\/mercato-cyclisme-gianni-moscon-sengage-chez-soudal-quick-step\/","url":"https:\/\/dicodusport.fr\/blog\/mercato-cyclisme-gianni-moscon-sengage-chez-soudal-quick-step\/","name":"Mercato Cyclisme : Gianni Moscon s'engage chez Soudal Quick-Step","isPartOf":{"@id":"https:\/\/dicodusport.fr\/blog\/#website"},"primaryImageOfPage":{"@id":"https:\/\/dicodusport.fr\/blog\/mercato-cyclisme-gianni-moscon-sengage-chez-soudal-quick-step\/#primaryimage"},"image":{"@id":"https:\/\/dicodusport.fr\/blog\/mercato-cyclisme-gianni-moscon-sengage-chez-soudal-quick-step\/#primaryimage"},"thumbnailUrl":"https:\/\/dicodusport.fr\/blog\/wp-content\/uploads\/2023\/11\/Mercato-Cyclisme-Gianni-Moscon-sengage-chez-Soudal-Quick-Step.png","datePublished":"2023-11-09T07:34:47+00:00","dateModified":"2023-11-09T08:15:13+00:00","description":"MERCATO CYCLISME - Selon la Gazzetta dello Sport, l'Italien Gianni Moscon, 29 ans, s'est engag\u00e9 avec la formation Soudal Quick-Step.","breadcrumb":{"@id":"https:\/\/dicodusport.fr\/blog\/mercato-cyclisme-gianni-moscon-sengage-chez-soudal-quick-step\/#breadcrumb"},"inLanguage":"fr-FR","potentialAction":[{"@type":"ReadAction","target":["https:\/\/dicodusport.fr\/blog\/mercato-cyclisme-gianni-moscon-sengage-chez-soudal-quick-step\/"]}]},{"@type":"ImageObject","inLanguage":"fr-FR","@id":"https:\/\/dicodusport.fr\/blog\/mercato-cyclisme-gianni-moscon-sengage-chez-soudal-quick-step\/#primaryimage","url":"https:\/\/dicodusport.fr\/blog\/wp-content\/uploads\/2023\/11\/Mercato-Cyclisme-Gianni-Moscon-sengage-chez-Soudal-Quick-Step.png","contentUrl":"https:\/\/dicodusport.fr\/blog\/wp-content\/uploads\/2023\/11\/Mercato-Cyclisme-Gianni-Moscon-sengage-chez-Soudal-Quick-Step.png","width":800,"height":445,"caption":"Mercato Cyclisme Gianni Moscon s'engage chez Soudal Quick-Step"},{"@type":"BreadcrumbList","@id":"https:\/\/dicodusport.fr\/blog\/mercato-cyclisme-gianni-moscon-sengage-chez-soudal-quick-step\/#breadcrumb","itemListElement":[{"@type":"ListItem","position":1,"name":"Accueil","item":"https:\/\/dicodusport.fr\/blog\/"},{"@type":"ListItem","position":2,"name":"Mercato Cyclisme : Gianni Moscon s&rsquo;engage chez Soudal Quick-Step"}]},{"@type":"WebSite","@id":"https:\/\/dicodusport.fr\/blog\/#website","url":"https:\/\/dicodusport.fr\/blog\/","name":"Dicodusport","description":"L&#039;encyclop\u00e9die de l&#039;actualit\u00e9 sportive","publisher":{"@id":"https:\/\/dicodusport.fr\/blog\/#organization"},"potentialAction":[{"@type":"SearchAction","target":{"@type":"EntryPoint","urlTemplate":"https:\/\/dicodusport.fr\/blog\/?s={search_term_string}"},"query-input":{"@type":"PropertyValueSpecification","valueRequired":true,"valueName":"search_term_string"}}],"inLanguage":"fr-FR"},{"@type":"NewsMediaOrganization","@id":"https:\/\/dicodusport.fr\/blog\/#organization","name":"Dicodusport","url":"https:\/\/dicodusport.fr\/blog\/","logo":{"@type":"ImageObject","inLanguage":"fr-FR","@id":"https:\/\/dicodusport.fr\/blog\/#\/schema\/logo\/image\/","url":"https:\/\/dicodusport.fr\/blog\/wp-content\/uploads\/2020\/06\/cropped-LOGO-DICODUSPORT-2020-SANS-FOND-SANS-TEXTE.png","contentUrl":"https:\/\/dicodusport.fr\/blog\/wp-content\/uploads\/2020\/06\/cropped-LOGO-DICODUSPORT-2020-SANS-FOND-SANS-TEXTE.png","width":512,"height":512,"caption":"Dicodusport"},"image":{"@id":"https:\/\/dicodusport.fr\/blog\/#\/schema\/logo\/image\/"},"sameAs":["https:\/\/www.facebook.com\/dicodusport","https:\/\/x.com\/dicodusport","https:\/\/www.instagram.com\/dicodusport\/","https:\/\/www.youtube.com\/channel\/UC7V2KZ5sd3htJivAbA4ZG3w"],"description":"Dicodusport est l'encyclop\u00e9die de l'actualit\u00e9 sportive.","email":"bonjour@dicodusport.fr","legalName":"DICODUSPORT","foundingDate":"2018-01-14","vatID":"FR71834470973","taxID":"83447097300043","numberOfEmployees":{"@type":"QuantitativeValue","minValue":"1","maxValue":"10"}},{"@type":"Person","@id":"https:\/\/dicodusport.fr\/blog\/#\/schema\/person\/cb02af4c173ce4a653b55e9baf388d4a","name":"Flo Ostermann","image":{"@type":"ImageObject","inLanguage":"fr-FR","@id":"https:\/\/dicodusport.fr\/blog\/#\/schema\/person\/image\/","url":"https:\/\/dicodusport.fr\/blog\/wp-content\/uploads\/2021\/05\/Flo-Ostermann-150x150.jpg","contentUrl":"https:\/\/dicodusport.fr\/blog\/wp-content\/uploads\/2021\/05\/Flo-Ostermann-150x150.jpg","caption":"Flo Ostermann"},"description":"Journaliste\/R\u00e9dacteur depuis septembre 2015 - Mes premiers souvenirs dans le sport ? Les envol\u00e9es du Stade Toulousain et les duels Villeneuve-Schumacher et H\u00e4kkinen-Schumacher \u00e0 la fin des ann\u00e9es 90, la Coupe du monde de football en 1998, l\u2019exploit du XV de France face aux All Blacks en 1999, mais aussi Richard C\u0153ur de Lion qui vole sur les montagnes du Tour de France. Bien parti pour devenir professeur d\u2019EPS, les \u00e9v\u00e9nements de la vie (et la flemme d\u2019animer des s\u00e9ances de 3x500 m\u00e8tres toute ma vie) m\u2019ont conduit \u00e0 revoir mes plans. Me voil\u00e0 depuis fin 2017 sur Dicodusport, m\u00e9dia gr\u00e2ce (et pour) lequel je partage ma passion : le sport dans tous ses \u00e9tats. Le tout accompagn\u00e9 par les fous furieux et folles furieuses cit\u00e9s sur cette page !","sameAs":["https:\/\/www.facebook.com\/florent.ostermann","https:\/\/x.com\/https:\/\/twitter.com\/FlOstermann","admin"],"url":"https:\/\/dicodusport.fr\/blog\/author\/flo\/"}]}},"_links":{"self":[{"href":"https:\/\/dicodusport.fr\/blog\/wp-json\/wp\/v2\/posts\/435839","targetHints":{"allow":["GET"]}}],"collection":[{"href":"https:\/\/dicodusport.fr\/blog\/wp-json\/wp\/v2\/posts"}],"about":[{"href":"https:\/\/dicodusport.fr\/blog\/wp-json\/wp\/v2\/types\/post"}],"author":[{"embeddable":true,"href":"https:\/\/dicodusport.fr\/blog\/wp-json\/wp\/v2\/users\/4"}],"replies":[{"embeddable":true,"href":"https:\/\/dicodusport.fr\/blog\/wp-json\/wp\/v2\/comments?post=435839"}],"version-history":[{"count":0,"href":"https:\/\/dicodusport.fr\/blog\/wp-json\/wp\/v2\/posts\/435839\/revisions"}],"wp:featuredmedia":[{"embeddable":true,"href":"https:\/\/dicodusport.fr\/blog\/wp-json\/wp\/v2\/media\/435842"}],"wp:attachment":[{"href":"https:\/\/dicodusport.fr\/blog\/wp-json\/wp\/v2\/media?parent=435839"}],"wp:term":[{"taxonomy":"category","embeddable":true,"href":"https:\/\/dicodusport.fr\/blog\/wp-json\/wp\/v2\/categories?post=435839"},{"taxonomy":"post_tag","embeddable":true,"href":"https:\/\/dicodusport.fr\/blog\/wp-json\/wp\/v2\/tags?post=435839"}],"curies":[{"name":"wp","href":"https:\/\/api.w.org\/{rel}","templated":true}]}}