{"id":435889,"date":"2023-11-09T14:06:01","date_gmt":"2023-11-09T13:06:01","guid":{"rendered":"https:\/\/dicodusport.fr\/blog\/?p=435889&#038;preview=true&#038;preview_id=435889"},"modified":"2023-11-09T17:33:22","modified_gmt":"2023-11-09T16:33:22","slug":"equipe-de-france-la-liste-des-23-joueurs-pour-gibraltar-et-la-grece-warren-zaire-emery-bien-appele","status":"publish","type":"post","link":"https:\/\/dicodusport.fr\/blog\/equipe-de-france-la-liste-des-23-joueurs-pour-gibraltar-et-la-grece-warren-zaire-emery-bien-appele\/","title":{"rendered":"\u00c9quipe de France : La liste des 23 joueurs pour Gibraltar et la Gr\u00e8ce, Warren Za\u00efre-Emery bien appel\u00e9"},"content":{"rendered":"<p style=\"text-align: justify;\" align=\"justify\"><em><strong><a href=\"https:\/\/dicodusport.fr\/blog\/football-qualifications-euro-2024-calendrier-et-resultats\/\">QUALIFICATIONS EURO 2024<\/a> &#8211; Comme pressenti depuis quelques jours, Warren Za\u00efre-Emery est bien la grande nouveaut\u00e9 de la liste de Didier Deschamps pour la fin des qualifications.\u00a0<\/strong><\/em><\/p>\n<ul>\n<li class=\"mvp-post-title left entry-title\" style=\"text-align: justify;\"><strong>\u00c0 lire aussi &#8211; <a href=\"https:\/\/dicodusport.fr\/blog\/football-est-on-trop-dans-la-culture-de-linstant-pour-warren-zaire-emery\/\">Football : Est-on trop dans la culture de l\u2019instant pour Warren Za\u00efre-Emery ?<\/a><\/strong><\/li>\n<\/ul>\n<p style=\"text-align: justify;\" align=\"justify\">Son nom \u00e9tait fredonn\u00e9 depuis quelques jours, il est bien pr\u00e9sent.<strong> Warren Za\u00efre-Emery<\/strong> est appel\u00e9 pour la premi\u00e8re fois chez les s\u00e9niors apr\u00e8s son passage r\u00e9ussi en espoirs, o\u00f9 il a port\u00e9 le brassard de capitaine sous la houlette de <strong>Thierry Henry<\/strong>. Il remplace <strong>Aur\u00e9lien Tchouam\u00e9ni,<\/strong> bless\u00e9, et l&rsquo;on verra si Didier Deschamps va l&rsquo;utiliser durant ces deux matchs sans trop d&rsquo;enjeu.<\/p>\n<p align=\"justify\">L&rsquo;autre changement par rapport \u00e0 la liste initiale d&rsquo;octobre est le retour de <strong>Jean-Clair Todibo<\/strong>, apr\u00e8s la pol\u00e9mique suite \u00e0 \u00ab\u00a0l&rsquo;affaire\u00a0\u00bb de la minute de silence. Appel\u00e9 en remplacement d&rsquo;un bless\u00e9 lors des deux derniers rassemblements, il est cette fois membre du groupe \u00e0 la place de <strong>Benjamin Pavard<\/strong>, forfait sur blessure. Pour le reste, aucun changement, notamment en attaque, avec la pr\u00e9sence du trio parisien <strong>Mbapp\u00e9 &#8211; Kolo Muani &#8211; Demb\u00e9l\u00e9,<\/strong> malgr\u00e9 la m\u00e9forme des deux derniers cit\u00e9s.<\/p>\n<h2 style=\"text-align: justify;\" align=\"justify\">La liste compl\u00e8te<\/h2>\n<div class=\"Article__paragraph\" style=\"text-align: justify;\" data-v-26d0de94=\"\">\n<div class=\"Paragraph\" data-v-1b208c60=\"\" data-v-26d0de94=\"\">\n<p class=\"Paragraph__content\" style=\"text-align: justify;\" data-v-1b208c60=\"\"><b>Gardiens de but :<\/b>\u00a0Mike Maignan, Alphonse Areola, Brice Samba.<\/p>\n<\/div>\n<\/div>\n<div class=\"Article__paragraph\" style=\"text-align: justify;\" data-v-26d0de94=\"\">\n<div class=\"Paragraph\" data-v-1b208c60=\"\" data-v-26d0de94=\"\">\n<p class=\"Paragraph__content\" data-v-1b208c60=\"\"><b>D\u00e9fenseurs :<\/b> Theo Hernandez, Lucas Hernandez, Jules Kound\u00e9, Jean-Clair Todibo, William Saliba, Dayot Upamecano, Ibrahima Konat\u00e9, Jonathan Clauss.<\/p>\n<\/div>\n<\/div>\n<div class=\"Article__paragraph\" style=\"text-align: justify;\" data-v-26d0de94=\"\">\n<div class=\"Paragraph\" data-v-1b208c60=\"\" data-v-26d0de94=\"\">\n<p class=\"Paragraph__content\" data-v-1b208c60=\"\"><b>Milieux de terrain :<\/b> Adrien Rabiot, Warren Za\u00efre-Emery, Youssouf Fofana, Eduardo Camavinga, Boubacar Kamara.<\/p>\n<\/div>\n<\/div>\n<div class=\"Article__paragraph\" data-v-26d0de94=\"\">\n<div class=\"Paragraph\" data-v-1b208c60=\"\" data-v-26d0de94=\"\">\n<p class=\"Paragraph__content\" style=\"text-align: justify;\" data-v-1b208c60=\"\"><b>Attaquants :<\/b> Kylian Mbapp\u00e9, Olivier Giroud, Ousmane Demb\u00e9l\u00e9, Randal Kolo Muani, Kingsley Coman, Marcus Thuram, Antoine Griezmann.<\/p>\n<blockquote class=\"twitter-tweet\">\n<p dir=\"ltr\" lang=\"fr\">\ud83d\udce3 Les 2\ufe0f\u20e33\ufe0f\u20e3 Bleus appel\u00e9s pour le \ud835\udc1d\ud835\udc1e\ud835\udc2b\ud835\udc27\ud835\udc22\ud835\udc1e\ud835\udc2b \ud835\udc2b\ud835\udc1a\ud835\udc2c\ud835\udc2c\ud835\udc1e\ud835\udc26\ud835\udc1b\ud835\udc25\ud835\udc1e\ud835\udc26\ud835\udc1e\ud835\udc27\ud835\udc2d \ud835\udc1d\ud835\udc1e \ud835\udc25&rsquo;\ud835\udc1a\ud835\udc27\ud835\udc27\ud835\udc1e\u0301\ud835\udc1e \ud835\udfd0\ud835\udfce\ud835\udfd0\ud835\udfd1 \ud83c\uddeb\ud83c\uddf7<\/p>\n<p>1\u00e8re convocation pour Warren Za\u00efre-Emery \ud83d\udc4b<a href=\"https:\/\/twitter.com\/hashtag\/FiersdetreBleus?src=hash&amp;ref_src=twsrc%5Etfw\">#FiersdetreBleus<\/a> <a href=\"https:\/\/t.co\/IbIHZb80Jm\">pic.twitter.com\/IbIHZb80Jm<\/a><\/p>\n<p>\u2014 Equipe de France \u2b50\u2b50 (@equipedefrance) <a href=\"https:\/\/twitter.com\/equipedefrance\/status\/1722601267422204070?ref_src=twsrc%5Etfw\">November 9, 2023<\/a><\/p><\/blockquote>\n<p><script async src=\"https:\/\/platform.twitter.com\/widgets.js\" charset=\"utf-8\"><\/script><\/p>\n<\/div>\n<\/div>\n","protected":false},"excerpt":{"rendered":"<p>QUALIFICATIONS EURO 2024 &#8211; Comme pressenti depuis quelques jours, Warren Za\u00efre-Emery est bien la grande nouveaut\u00e9 de la liste de Didier Deschamps pour la fin des qualifications.\u00a0<\/p>\n","protected":false},"author":59,"featured_media":435892,"comment_status":"open","ping_status":"closed","sticky":false,"template":"","format":"standard","meta":{"_acf_changed":false,"_daextam_enable_autolinks":"1","footnotes":""},"categories":[2301],"tags":[16878,6966,75],"class_list":["post-435889","post","type-post","status-publish","format-standard","has-post-thumbnail","hentry","category-football","tag-breve","tag-equipe-de-france-de-football","tag-football"],"acf":[],"yoast_head":"<!-- This site is optimized with the Yoast SEO Premium plugin v26.7 (Yoast SEO v26.7) - https:\/\/yoast.com\/wordpress\/plugins\/seo\/ -->\n<title>\u00c9quipe de France : La liste des 23 joueurs pour Gibraltar et la Gr\u00e8ce, Warren Za\u00efre-Emery bien appel\u00e9<\/title>\n<meta name=\"description\" content=\"QUALIFICATIONS EURO 2024 - Warren Za\u00efre-Emery est bien la grande nouveaut\u00e9 de la liste de Didier Deschamps pour la fin des qualifications.\u00a0\" \/>\n<meta name=\"robots\" content=\"index, follow, max-snippet:-1, max-image-preview:large, max-video-preview:-1\" \/>\n<link rel=\"canonical\" href=\"https:\/\/dicodusport.fr\/blog\/equipe-de-france-la-liste-des-23-joueurs-pour-gibraltar-et-la-grece-warren-zaire-emery-bien-appele\/\" \/>\n<meta property=\"og:locale\" content=\"fr_FR\" \/>\n<meta property=\"og:type\" content=\"article\" \/>\n<meta property=\"og:title\" content=\"\u00c9quipe de France : La liste des 23 joueurs pour Gibraltar et la Gr\u00e8ce, Warren Za\u00efre-Emery bien appel\u00e9\" \/>\n<meta property=\"og:description\" content=\"QUALIFICATIONS EURO 2024 - Warren Za\u00efre-Emery est bien la grande nouveaut\u00e9 de la liste de Didier Deschamps pour la fin des qualifications.\u00a0\" \/>\n<meta property=\"og:url\" content=\"https:\/\/dicodusport.fr\/blog\/equipe-de-france-la-liste-des-23-joueurs-pour-gibraltar-et-la-grece-warren-zaire-emery-bien-appele\/\" \/>\n<meta property=\"og:site_name\" content=\"Dicodusport\" \/>\n<meta property=\"article:publisher\" content=\"https:\/\/www.facebook.com\/dicodusport\" \/>\n<meta property=\"article:author\" content=\"https:\/\/www.facebook.com\/sebastien.gente\/\" \/>\n<meta property=\"article:published_time\" content=\"2023-11-09T13:06:01+00:00\" \/>\n<meta property=\"article:modified_time\" content=\"2023-11-09T16:33:22+00:00\" \/>\n<meta property=\"og:image\" content=\"https:\/\/dicodusport.fr\/blog\/wp-content\/uploads\/2023\/11\/Equipe-de-France-La-liste-des-23-joueurs-pour-Gibraltar-et-la-Grece-Warren-Zaire-Emery-bien-appele.png\" \/>\n\t<meta property=\"og:image:width\" content=\"800\" \/>\n\t<meta property=\"og:image:height\" content=\"445\" \/>\n\t<meta property=\"og:image:type\" content=\"image\/png\" \/>\n<meta name=\"author\" content=\"S\u00e9bastien Gente\" \/>\n<meta name=\"twitter:card\" content=\"summary_large_image\" \/>\n<meta name=\"twitter:title\" content=\"\u00c9quipe de France : La liste des 23 joueurs pour Gibraltar et la Gr\u00e8ce, Warren Za\u00efre-Emery bien appel\u00e9\" \/>\n<meta name=\"twitter:creator\" content=\"@https:\/\/twitter.com\/globulo24\" \/>\n<meta name=\"twitter:site\" content=\"@dicodusport\" \/>\n<script type=\"application\/ld+json\" class=\"yoast-schema-graph\">{\"@context\":\"https:\/\/schema.org\",\"@graph\":[{\"@type\":\"NewsArticle\",\"@id\":\"https:\/\/dicodusport.fr\/blog\/equipe-de-france-la-liste-des-23-joueurs-pour-gibraltar-et-la-grece-warren-zaire-emery-bien-appele\/#article\",\"isPartOf\":{\"@id\":\"https:\/\/dicodusport.fr\/blog\/equipe-de-france-la-liste-des-23-joueurs-pour-gibraltar-et-la-grece-warren-zaire-emery-bien-appele\/\"},\"author\":{\"name\":\"S\u00e9bastien Gente\",\"@id\":\"https:\/\/dicodusport.fr\/blog\/#\/schema\/person\/627966a6cde45dbd8c5e36ac85d783da\"},\"headline\":\"\u00c9quipe de France : La liste des 23 joueurs pour Gibraltar et la Gr\u00e8ce, Warren Za\u00efre-Emery bien appel\u00e9\",\"datePublished\":\"2023-11-09T13:06:01+00:00\",\"dateModified\":\"2023-11-09T16:33:22+00:00\",\"mainEntityOfPage\":{\"@id\":\"https:\/\/dicodusport.fr\/blog\/equipe-de-france-la-liste-des-23-joueurs-pour-gibraltar-et-la-grece-warren-zaire-emery-bien-appele\/\"},\"wordCount\":305,\"commentCount\":0,\"publisher\":{\"@id\":\"https:\/\/dicodusport.fr\/blog\/#organization\"},\"image\":{\"@id\":\"https:\/\/dicodusport.fr\/blog\/equipe-de-france-la-liste-des-23-joueurs-pour-gibraltar-et-la-grece-warren-zaire-emery-bien-appele\/#primaryimage\"},\"thumbnailUrl\":\"https:\/\/dicodusport.fr\/blog\/wp-content\/uploads\/2023\/11\/Equipe-de-France-La-liste-des-23-joueurs-pour-Gibraltar-et-la-Grece-Warren-Zaire-Emery-bien-appele.png\",\"keywords\":[\"br\u00e8ve\",\"Equipe de France de football\",\"Football\"],\"articleSection\":[\"Football\"],\"inLanguage\":\"fr-FR\",\"potentialAction\":[{\"@type\":\"CommentAction\",\"name\":\"Comment\",\"target\":[\"https:\/\/dicodusport.fr\/blog\/equipe-de-france-la-liste-des-23-joueurs-pour-gibraltar-et-la-grece-warren-zaire-emery-bien-appele\/#respond\"]}],\"copyrightYear\":\"2023\",\"copyrightHolder\":{\"@id\":\"https:\/\/dicodusport.fr\/blog\/#organization\"}},{\"@type\":\"WebPage\",\"@id\":\"https:\/\/dicodusport.fr\/blog\/equipe-de-france-la-liste-des-23-joueurs-pour-gibraltar-et-la-grece-warren-zaire-emery-bien-appele\/\",\"url\":\"https:\/\/dicodusport.fr\/blog\/equipe-de-france-la-liste-des-23-joueurs-pour-gibraltar-et-la-grece-warren-zaire-emery-bien-appele\/\",\"name\":\"\u00c9quipe de France : La liste des 23 joueurs pour Gibraltar et la Gr\u00e8ce, Warren Za\u00efre-Emery bien appel\u00e9\",\"isPartOf\":{\"@id\":\"https:\/\/dicodusport.fr\/blog\/#website\"},\"primaryImageOfPage\":{\"@id\":\"https:\/\/dicodusport.fr\/blog\/equipe-de-france-la-liste-des-23-joueurs-pour-gibraltar-et-la-grece-warren-zaire-emery-bien-appele\/#primaryimage\"},\"image\":{\"@id\":\"https:\/\/dicodusport.fr\/blog\/equipe-de-france-la-liste-des-23-joueurs-pour-gibraltar-et-la-grece-warren-zaire-emery-bien-appele\/#primaryimage\"},\"thumbnailUrl\":\"https:\/\/dicodusport.fr\/blog\/wp-content\/uploads\/2023\/11\/Equipe-de-France-La-liste-des-23-joueurs-pour-Gibraltar-et-la-Grece-Warren-Zaire-Emery-bien-appele.png\",\"datePublished\":\"2023-11-09T13:06:01+00:00\",\"dateModified\":\"2023-11-09T16:33:22+00:00\",\"description\":\"QUALIFICATIONS EURO 2024 - Warren Za\u00efre-Emery est bien la grande nouveaut\u00e9 de la liste de Didier Deschamps pour la fin des qualifications.\u00a0\",\"breadcrumb\":{\"@id\":\"https:\/\/dicodusport.fr\/blog\/equipe-de-france-la-liste-des-23-joueurs-pour-gibraltar-et-la-grece-warren-zaire-emery-bien-appele\/#breadcrumb\"},\"inLanguage\":\"fr-FR\",\"potentialAction\":[{\"@type\":\"ReadAction\",\"target\":[\"https:\/\/dicodusport.fr\/blog\/equipe-de-france-la-liste-des-23-joueurs-pour-gibraltar-et-la-grece-warren-zaire-emery-bien-appele\/\"]}]},{\"@type\":\"ImageObject\",\"inLanguage\":\"fr-FR\",\"@id\":\"https:\/\/dicodusport.fr\/blog\/equipe-de-france-la-liste-des-23-joueurs-pour-gibraltar-et-la-grece-warren-zaire-emery-bien-appele\/#primaryimage\",\"url\":\"https:\/\/dicodusport.fr\/blog\/wp-content\/uploads\/2023\/11\/Equipe-de-France-La-liste-des-23-joueurs-pour-Gibraltar-et-la-Grece-Warren-Zaire-Emery-bien-appele.png\",\"contentUrl\":\"https:\/\/dicodusport.fr\/blog\/wp-content\/uploads\/2023\/11\/Equipe-de-France-La-liste-des-23-joueurs-pour-Gibraltar-et-la-Grece-Warren-Zaire-Emery-bien-appele.png\",\"width\":800,\"height\":445,\"caption\":\"\u00c9quipe de France La liste des 23 joueurs pour Gibraltar et la Gr\u00e8ce, Warren Za\u00efre-Emery bien appel\u00e9\"},{\"@type\":\"BreadcrumbList\",\"@id\":\"https:\/\/dicodusport.fr\/blog\/equipe-de-france-la-liste-des-23-joueurs-pour-gibraltar-et-la-grece-warren-zaire-emery-bien-appele\/#breadcrumb\",\"itemListElement\":[{\"@type\":\"ListItem\",\"position\":1,\"name\":\"Accueil\",\"item\":\"https:\/\/dicodusport.fr\/blog\/\"},{\"@type\":\"ListItem\",\"position\":2,\"name\":\"\u00c9quipe de France : La liste des 23 joueurs pour Gibraltar et la Gr\u00e8ce, Warren Za\u00efre-Emery bien appel\u00e9\"}]},{\"@type\":\"WebSite\",\"@id\":\"https:\/\/dicodusport.fr\/blog\/#website\",\"url\":\"https:\/\/dicodusport.fr\/blog\/\",\"name\":\"Dicodusport\",\"description\":\"L&#039;encyclop\u00e9die de l&#039;actualit\u00e9 sportive\",\"publisher\":{\"@id\":\"https:\/\/dicodusport.fr\/blog\/#organization\"},\"potentialAction\":[{\"@type\":\"SearchAction\",\"target\":{\"@type\":\"EntryPoint\",\"urlTemplate\":\"https:\/\/dicodusport.fr\/blog\/?s={search_term_string}\"},\"query-input\":{\"@type\":\"PropertyValueSpecification\",\"valueRequired\":true,\"valueName\":\"search_term_string\"}}],\"inLanguage\":\"fr-FR\"},{\"@type\":\"NewsMediaOrganization\",\"@id\":\"https:\/\/dicodusport.fr\/blog\/#organization\",\"name\":\"Dicodusport\",\"url\":\"https:\/\/dicodusport.fr\/blog\/\",\"logo\":{\"@type\":\"ImageObject\",\"inLanguage\":\"fr-FR\",\"@id\":\"https:\/\/dicodusport.fr\/blog\/#\/schema\/logo\/image\/\",\"url\":\"https:\/\/dicodusport.fr\/blog\/wp-content\/uploads\/2020\/06\/cropped-LOGO-DICODUSPORT-2020-SANS-FOND-SANS-TEXTE.png\",\"contentUrl\":\"https:\/\/dicodusport.fr\/blog\/wp-content\/uploads\/2020\/06\/cropped-LOGO-DICODUSPORT-2020-SANS-FOND-SANS-TEXTE.png\",\"width\":512,\"height\":512,\"caption\":\"Dicodusport\"},\"image\":{\"@id\":\"https:\/\/dicodusport.fr\/blog\/#\/schema\/logo\/image\/\"},\"sameAs\":[\"https:\/\/www.facebook.com\/dicodusport\",\"https:\/\/x.com\/dicodusport\",\"https:\/\/www.instagram.com\/dicodusport\/\",\"https:\/\/www.youtube.com\/channel\/UC7V2KZ5sd3htJivAbA4ZG3w\"],\"description\":\"Dicodusport est l'encyclop\u00e9die de l'actualit\u00e9 sportive.\",\"email\":\"bonjour@dicodusport.fr\",\"legalName\":\"DICODUSPORT\",\"foundingDate\":\"2018-01-14\",\"vatID\":\"FR71834470973\",\"taxID\":\"83447097300043\",\"numberOfEmployees\":{\"@type\":\"QuantitativeValue\",\"minValue\":\"1\",\"maxValue\":\"10\"}},{\"@type\":\"Person\",\"@id\":\"https:\/\/dicodusport.fr\/blog\/#\/schema\/person\/627966a6cde45dbd8c5e36ac85d783da\",\"name\":\"S\u00e9bastien Gente\",\"image\":{\"@type\":\"ImageObject\",\"inLanguage\":\"fr-FR\",\"@id\":\"https:\/\/dicodusport.fr\/blog\/#\/schema\/person\/image\/\",\"url\":\"https:\/\/dicodusport.fr\/blog\/wp-content\/uploads\/2021\/09\/1510990_10205810251400683_4124423575079401707_n-150x150.jpg\",\"contentUrl\":\"https:\/\/dicodusport.fr\/blog\/wp-content\/uploads\/2021\/09\/1510990_10205810251400683_4124423575079401707_n-150x150.jpg\",\"caption\":\"S\u00e9bastien Gente\"},\"description\":\"John Stockton, Gianni Bugno, Zinedine Zidane, Steffi Graf, Frode Andresen, St\u00e9phane Stoecklin, Davis Kamoga, Primoz Peterka, Werner Schlager et Aur\u00e9lien Rougerie. Point commun entre ces sportifs? Ils m'ont fait r\u00eaver et ont berc\u00e9 mon adolescence. Je suis un fondu de sports et j'essaie de retranscrire ma passion \u00e0 travers mes articles. Originaire du P\u00e9rigord, ma passion pour les Girondins, les Jaunards et les Jazzmen transpire dans mes \u00e9crits. \u00c0 Dicodusport depuis 2021, je d\u00e9niche les sports m\u00e9connus dans lesquels la France brille, et il y en a !\",\"sameAs\":[\"https:\/\/www.facebook.com\/sebastien.gente\/\",\"https:\/\/www.instagram.com\/sebgente\/\",\"https:\/\/www.linkedin.com\/in\/sbastien-gente-a29583169\/\",\"https:\/\/x.com\/https:\/\/twitter.com\/globulo24\",\"SebastienGente\"],\"worksFor\":\"S\u00e9bastien GENTE\",\"url\":\"https:\/\/dicodusport.fr\/blog\/author\/sebastiengente\/\"}]}<\/script>\n<!-- \/ Yoast SEO Premium plugin. -->","yoast_head_json":{"title":"\u00c9quipe de France : La liste des 23 joueurs pour Gibraltar et la Gr\u00e8ce, Warren Za\u00efre-Emery bien appel\u00e9","description":"QUALIFICATIONS EURO 2024 - Warren Za\u00efre-Emery est bien la grande nouveaut\u00e9 de la liste de Didier Deschamps pour la fin des qualifications.\u00a0","robots":{"index":"index","follow":"follow","max-snippet":"max-snippet:-1","max-image-preview":"max-image-preview:large","max-video-preview":"max-video-preview:-1"},"canonical":"https:\/\/dicodusport.fr\/blog\/equipe-de-france-la-liste-des-23-joueurs-pour-gibraltar-et-la-grece-warren-zaire-emery-bien-appele\/","og_locale":"fr_FR","og_type":"article","og_title":"\u00c9quipe de France : La liste des 23 joueurs pour Gibraltar et la Gr\u00e8ce, Warren Za\u00efre-Emery bien appel\u00e9","og_description":"QUALIFICATIONS EURO 2024 - Warren Za\u00efre-Emery est bien la grande nouveaut\u00e9 de la liste de Didier Deschamps pour la fin des qualifications.\u00a0","og_url":"https:\/\/dicodusport.fr\/blog\/equipe-de-france-la-liste-des-23-joueurs-pour-gibraltar-et-la-grece-warren-zaire-emery-bien-appele\/","og_site_name":"Dicodusport","article_publisher":"https:\/\/www.facebook.com\/dicodusport","article_author":"https:\/\/www.facebook.com\/sebastien.gente\/","article_published_time":"2023-11-09T13:06:01+00:00","article_modified_time":"2023-11-09T16:33:22+00:00","og_image":[{"width":800,"height":445,"url":"https:\/\/dicodusport.fr\/blog\/wp-content\/uploads\/2023\/11\/Equipe-de-France-La-liste-des-23-joueurs-pour-Gibraltar-et-la-Grece-Warren-Zaire-Emery-bien-appele.png","type":"image\/png"}],"author":"S\u00e9bastien Gente","twitter_card":"summary_large_image","twitter_title":"\u00c9quipe de France : La liste des 23 joueurs pour Gibraltar et la Gr\u00e8ce, Warren Za\u00efre-Emery bien appel\u00e9","twitter_creator":"@https:\/\/twitter.com\/globulo24","twitter_site":"@dicodusport","schema":{"@context":"https:\/\/schema.org","@graph":[{"@type":"NewsArticle","@id":"https:\/\/dicodusport.fr\/blog\/equipe-de-france-la-liste-des-23-joueurs-pour-gibraltar-et-la-grece-warren-zaire-emery-bien-appele\/#article","isPartOf":{"@id":"https:\/\/dicodusport.fr\/blog\/equipe-de-france-la-liste-des-23-joueurs-pour-gibraltar-et-la-grece-warren-zaire-emery-bien-appele\/"},"author":{"name":"S\u00e9bastien Gente","@id":"https:\/\/dicodusport.fr\/blog\/#\/schema\/person\/627966a6cde45dbd8c5e36ac85d783da"},"headline":"\u00c9quipe de France : La liste des 23 joueurs pour Gibraltar et la Gr\u00e8ce, Warren Za\u00efre-Emery bien appel\u00e9","datePublished":"2023-11-09T13:06:01+00:00","dateModified":"2023-11-09T16:33:22+00:00","mainEntityOfPage":{"@id":"https:\/\/dicodusport.fr\/blog\/equipe-de-france-la-liste-des-23-joueurs-pour-gibraltar-et-la-grece-warren-zaire-emery-bien-appele\/"},"wordCount":305,"commentCount":0,"publisher":{"@id":"https:\/\/dicodusport.fr\/blog\/#organization"},"image":{"@id":"https:\/\/dicodusport.fr\/blog\/equipe-de-france-la-liste-des-23-joueurs-pour-gibraltar-et-la-grece-warren-zaire-emery-bien-appele\/#primaryimage"},"thumbnailUrl":"https:\/\/dicodusport.fr\/blog\/wp-content\/uploads\/2023\/11\/Equipe-de-France-La-liste-des-23-joueurs-pour-Gibraltar-et-la-Grece-Warren-Zaire-Emery-bien-appele.png","keywords":["br\u00e8ve","Equipe de France de football","Football"],"articleSection":["Football"],"inLanguage":"fr-FR","potentialAction":[{"@type":"CommentAction","name":"Comment","target":["https:\/\/dicodusport.fr\/blog\/equipe-de-france-la-liste-des-23-joueurs-pour-gibraltar-et-la-grece-warren-zaire-emery-bien-appele\/#respond"]}],"copyrightYear":"2023","copyrightHolder":{"@id":"https:\/\/dicodusport.fr\/blog\/#organization"}},{"@type":"WebPage","@id":"https:\/\/dicodusport.fr\/blog\/equipe-de-france-la-liste-des-23-joueurs-pour-gibraltar-et-la-grece-warren-zaire-emery-bien-appele\/","url":"https:\/\/dicodusport.fr\/blog\/equipe-de-france-la-liste-des-23-joueurs-pour-gibraltar-et-la-grece-warren-zaire-emery-bien-appele\/","name":"\u00c9quipe de France : La liste des 23 joueurs pour Gibraltar et la Gr\u00e8ce, Warren Za\u00efre-Emery bien appel\u00e9","isPartOf":{"@id":"https:\/\/dicodusport.fr\/blog\/#website"},"primaryImageOfPage":{"@id":"https:\/\/dicodusport.fr\/blog\/equipe-de-france-la-liste-des-23-joueurs-pour-gibraltar-et-la-grece-warren-zaire-emery-bien-appele\/#primaryimage"},"image":{"@id":"https:\/\/dicodusport.fr\/blog\/equipe-de-france-la-liste-des-23-joueurs-pour-gibraltar-et-la-grece-warren-zaire-emery-bien-appele\/#primaryimage"},"thumbnailUrl":"https:\/\/dicodusport.fr\/blog\/wp-content\/uploads\/2023\/11\/Equipe-de-France-La-liste-des-23-joueurs-pour-Gibraltar-et-la-Grece-Warren-Zaire-Emery-bien-appele.png","datePublished":"2023-11-09T13:06:01+00:00","dateModified":"2023-11-09T16:33:22+00:00","description":"QUALIFICATIONS EURO 2024 - Warren Za\u00efre-Emery est bien la grande nouveaut\u00e9 de la liste de Didier Deschamps pour la fin des qualifications.\u00a0","breadcrumb":{"@id":"https:\/\/dicodusport.fr\/blog\/equipe-de-france-la-liste-des-23-joueurs-pour-gibraltar-et-la-grece-warren-zaire-emery-bien-appele\/#breadcrumb"},"inLanguage":"fr-FR","potentialAction":[{"@type":"ReadAction","target":["https:\/\/dicodusport.fr\/blog\/equipe-de-france-la-liste-des-23-joueurs-pour-gibraltar-et-la-grece-warren-zaire-emery-bien-appele\/"]}]},{"@type":"ImageObject","inLanguage":"fr-FR","@id":"https:\/\/dicodusport.fr\/blog\/equipe-de-france-la-liste-des-23-joueurs-pour-gibraltar-et-la-grece-warren-zaire-emery-bien-appele\/#primaryimage","url":"https:\/\/dicodusport.fr\/blog\/wp-content\/uploads\/2023\/11\/Equipe-de-France-La-liste-des-23-joueurs-pour-Gibraltar-et-la-Grece-Warren-Zaire-Emery-bien-appele.png","contentUrl":"https:\/\/dicodusport.fr\/blog\/wp-content\/uploads\/2023\/11\/Equipe-de-France-La-liste-des-23-joueurs-pour-Gibraltar-et-la-Grece-Warren-Zaire-Emery-bien-appele.png","width":800,"height":445,"caption":"\u00c9quipe de France La liste des 23 joueurs pour Gibraltar et la Gr\u00e8ce, Warren Za\u00efre-Emery bien appel\u00e9"},{"@type":"BreadcrumbList","@id":"https:\/\/dicodusport.fr\/blog\/equipe-de-france-la-liste-des-23-joueurs-pour-gibraltar-et-la-grece-warren-zaire-emery-bien-appele\/#breadcrumb","itemListElement":[{"@type":"ListItem","position":1,"name":"Accueil","item":"https:\/\/dicodusport.fr\/blog\/"},{"@type":"ListItem","position":2,"name":"\u00c9quipe de France : La liste des 23 joueurs pour Gibraltar et la Gr\u00e8ce, Warren Za\u00efre-Emery bien appel\u00e9"}]},{"@type":"WebSite","@id":"https:\/\/dicodusport.fr\/blog\/#website","url":"https:\/\/dicodusport.fr\/blog\/","name":"Dicodusport","description":"L&#039;encyclop\u00e9die de l&#039;actualit\u00e9 sportive","publisher":{"@id":"https:\/\/dicodusport.fr\/blog\/#organization"},"potentialAction":[{"@type":"SearchAction","target":{"@type":"EntryPoint","urlTemplate":"https:\/\/dicodusport.fr\/blog\/?s={search_term_string}"},"query-input":{"@type":"PropertyValueSpecification","valueRequired":true,"valueName":"search_term_string"}}],"inLanguage":"fr-FR"},{"@type":"NewsMediaOrganization","@id":"https:\/\/dicodusport.fr\/blog\/#organization","name":"Dicodusport","url":"https:\/\/dicodusport.fr\/blog\/","logo":{"@type":"ImageObject","inLanguage":"fr-FR","@id":"https:\/\/dicodusport.fr\/blog\/#\/schema\/logo\/image\/","url":"https:\/\/dicodusport.fr\/blog\/wp-content\/uploads\/2020\/06\/cropped-LOGO-DICODUSPORT-2020-SANS-FOND-SANS-TEXTE.png","contentUrl":"https:\/\/dicodusport.fr\/blog\/wp-content\/uploads\/2020\/06\/cropped-LOGO-DICODUSPORT-2020-SANS-FOND-SANS-TEXTE.png","width":512,"height":512,"caption":"Dicodusport"},"image":{"@id":"https:\/\/dicodusport.fr\/blog\/#\/schema\/logo\/image\/"},"sameAs":["https:\/\/www.facebook.com\/dicodusport","https:\/\/x.com\/dicodusport","https:\/\/www.instagram.com\/dicodusport\/","https:\/\/www.youtube.com\/channel\/UC7V2KZ5sd3htJivAbA4ZG3w"],"description":"Dicodusport est l'encyclop\u00e9die de l'actualit\u00e9 sportive.","email":"bonjour@dicodusport.fr","legalName":"DICODUSPORT","foundingDate":"2018-01-14","vatID":"FR71834470973","taxID":"83447097300043","numberOfEmployees":{"@type":"QuantitativeValue","minValue":"1","maxValue":"10"}},{"@type":"Person","@id":"https:\/\/dicodusport.fr\/blog\/#\/schema\/person\/627966a6cde45dbd8c5e36ac85d783da","name":"S\u00e9bastien Gente","image":{"@type":"ImageObject","inLanguage":"fr-FR","@id":"https:\/\/dicodusport.fr\/blog\/#\/schema\/person\/image\/","url":"https:\/\/dicodusport.fr\/blog\/wp-content\/uploads\/2021\/09\/1510990_10205810251400683_4124423575079401707_n-150x150.jpg","contentUrl":"https:\/\/dicodusport.fr\/blog\/wp-content\/uploads\/2021\/09\/1510990_10205810251400683_4124423575079401707_n-150x150.jpg","caption":"S\u00e9bastien Gente"},"description":"John Stockton, Gianni Bugno, Zinedine Zidane, Steffi Graf, Frode Andresen, St\u00e9phane Stoecklin, Davis Kamoga, Primoz Peterka, Werner Schlager et Aur\u00e9lien Rougerie. Point commun entre ces sportifs? Ils m'ont fait r\u00eaver et ont berc\u00e9 mon adolescence. Je suis un fondu de sports et j'essaie de retranscrire ma passion \u00e0 travers mes articles. Originaire du P\u00e9rigord, ma passion pour les Girondins, les Jaunards et les Jazzmen transpire dans mes \u00e9crits. \u00c0 Dicodusport depuis 2021, je d\u00e9niche les sports m\u00e9connus dans lesquels la France brille, et il y en a !","sameAs":["https:\/\/www.facebook.com\/sebastien.gente\/","https:\/\/www.instagram.com\/sebgente\/","https:\/\/www.linkedin.com\/in\/sbastien-gente-a29583169\/","https:\/\/x.com\/https:\/\/twitter.com\/globulo24","SebastienGente"],"worksFor":"S\u00e9bastien GENTE","url":"https:\/\/dicodusport.fr\/blog\/author\/sebastiengente\/"}]}},"_links":{"self":[{"href":"https:\/\/dicodusport.fr\/blog\/wp-json\/wp\/v2\/posts\/435889","targetHints":{"allow":["GET"]}}],"collection":[{"href":"https:\/\/dicodusport.fr\/blog\/wp-json\/wp\/v2\/posts"}],"about":[{"href":"https:\/\/dicodusport.fr\/blog\/wp-json\/wp\/v2\/types\/post"}],"author":[{"embeddable":true,"href":"https:\/\/dicodusport.fr\/blog\/wp-json\/wp\/v2\/users\/59"}],"replies":[{"embeddable":true,"href":"https:\/\/dicodusport.fr\/blog\/wp-json\/wp\/v2\/comments?post=435889"}],"version-history":[{"count":0,"href":"https:\/\/dicodusport.fr\/blog\/wp-json\/wp\/v2\/posts\/435889\/revisions"}],"wp:featuredmedia":[{"embeddable":true,"href":"https:\/\/dicodusport.fr\/blog\/wp-json\/wp\/v2\/media\/435892"}],"wp:attachment":[{"href":"https:\/\/dicodusport.fr\/blog\/wp-json\/wp\/v2\/media?parent=435889"}],"wp:term":[{"taxonomy":"category","embeddable":true,"href":"https:\/\/dicodusport.fr\/blog\/wp-json\/wp\/v2\/categories?post=435889"},{"taxonomy":"post_tag","embeddable":true,"href":"https:\/\/dicodusport.fr\/blog\/wp-json\/wp\/v2\/tags?post=435889"}],"curies":[{"name":"wp","href":"https:\/\/api.w.org\/{rel}","templated":true}]}}