{"id":435905,"date":"2023-11-09T15:17:38","date_gmt":"2023-11-09T14:17:38","guid":{"rendered":"https:\/\/dicodusport.fr\/blog\/?p=435905&#038;preview=true&#038;preview_id=435905"},"modified":"2023-11-09T18:44:18","modified_gmt":"2023-11-09T17:44:18","slug":"rugby-emmanuel-meafou-officiellement-naturalise-francais","status":"publish","type":"post","link":"https:\/\/dicodusport.fr\/blog\/rugby-emmanuel-meafou-officiellement-naturalise-francais\/","title":{"rendered":"Rugby : Emmanuel Meafou officiellement naturalis\u00e9 fran\u00e7ais"},"content":{"rendered":"<p style=\"text-align: justify;\"><strong><em>XV DE FRANCE &#8211; Emmanuel Meafou a obtenu ce jeudi matin sa naturalisation fran\u00e7aise. Et devient \u00e9ligible au XV de France.<\/em><\/strong><\/p>\n<ul>\n<li class=\"mvp-post-title left entry-title\" style=\"text-align: justify;\"><strong>\u00c0 lire aussi &#8211; <a href=\"https:\/\/dicodusport.fr\/blog\/transferts-le-stade-toulousain-devrait-prolonger-2-jokers-coupe-du-monde\/\">Transferts : Le Stade Toulousain devrait prolonger 2 jokers Coupe du monde<\/a><\/strong><\/li>\n<\/ul>\n<p style=\"text-align: justify;\">C&rsquo;\u00e9tait forc\u00e9ment un jour un peu sp\u00e9cial pour <strong>Emmanuel Meafou<\/strong>, mais aussi pour le <a href=\"https:\/\/dicodusport.fr\/blog\/actualites\/rugby\/rugby-a-xv\/xv-de-france\/\">XV de France<\/a>. Le deuxi\u00e8me ligne de 25 ans vient d&rsquo;\u00eatre officiellement naturalis\u00e9 fran\u00e7ais. Sa c\u00e9r\u00e9monie s&rsquo;est d\u00e9roul\u00e9e ce jeudi \u00e0 la pr\u00e9fecture de Toulouse, o\u00f9 il r\u00e9side. Arriv\u00e9 en 2019 dans son club actuel du <strong>Stade Toulousain<\/strong>, son nom a longtemps \u00e9t\u00e9 murmur\u00e9 dans le <strong>XV de France<\/strong>, pour la Coupe du monde. Mais, avec cette naturalisation, il est d\u00e9sormais \u00e9ligible avec les Bleus. Et a pu entonner la Marseillaise. Qu&rsquo;il devrait &#8211; on l&rsquo;esp\u00e8re pour lui &#8211; chanter plus d&rsquo;une fois avec l&rsquo;\u00e9quipe de France. Il a \u00e9t\u00e9 chaleureusement applaudi au moment d&rsquo;aller r\u00e9cup\u00e9rer son d\u00e9cret. Il faut dire que cette naturalisation \u00e9tait plus qu&rsquo;attendue.<\/p>\n<blockquote>\n<p style=\"text-align: justify;\">Je l&rsquo;apprends (la Marseillaise) depuis un bon bout de temps chez moi et quand les Bleus jouent, je chante \u00e9galement avant les matchs. C&rsquo;est la premi\u00e8re fois que je l&rsquo;ai chant\u00e9e en tant que Fran\u00e7ais donc c&rsquo;est un peu plus sp\u00e9cial.<\/p>\n<\/blockquote>\n<p style=\"text-align: justify;\"><strong>Emmanuel Meafou<\/strong> a rapidement pris ses marques en France et a livr\u00e9 une vraie d\u00e9claration d&rsquo;amour \u00e0 ses nouveaux compatriotes, <a href=\"https:\/\/www.rugbyrama.fr\/2023\/11\/09\/xv-de-france-emmanuel-meafou-japprends-la-marseillaise-chez-moi-depuis-un-moment-11569775.php?fbclid=IwAR1D0nXcrMStwuYh5XeGLx1TbEV20wdEe0BP-VRfI3qFpkg-06L0kAOVx8I\">dans les colonnes de <em>Rugbyrama<\/em><\/a> : <em>\u00ab<\/em> <em>La population est simplement g\u00e9niale. Quand je vais au restaurant, que je me prom\u00e8ne dans la rue&#8230; Ce n&rsquo;est que du plaisir de vivre ici. Je suis tr\u00e8s bien \u00e0 Toulouse et j&rsquo;esp\u00e8re que je vais rester ici de nombreuses ann\u00e9es \u00bb. <\/em>Quelque chose nous dit que le public fran\u00e7ais va rapidement lui r\u00e9pondre tr\u00e8s positivement.<\/p>\n<blockquote class=\"twitter-tweet\">\n<p dir=\"ltr\" lang=\"fr\">Emmanuel Meafou applaudi au moment d\u2019aller r\u00e9cup\u00e9rer son d\u00e9cret de naturalisation ! \ud83c\uddeb\ud83c\uddf7 <a href=\"https:\/\/t.co\/WbVicmY9W8\">pic.twitter.com\/WbVicmY9W8<\/a><\/p>\n<p>\u2014 RUGBYRAMA (@RugbyramaFR) <a href=\"https:\/\/twitter.com\/RugbyramaFR\/status\/1722566877312897274?ref_src=twsrc%5Etfw\">November 9, 2023<\/a><\/p><\/blockquote>\n<p><script async src=\"https:\/\/platform.twitter.com\/widgets.js\" charset=\"utf-8\"><\/script><\/p>\n","protected":false},"excerpt":{"rendered":"<p>XV DE FRANCE &#8211; Emmanuel Meafou a obtenu ce jeudi matin sa naturalisation fran\u00e7aise. Et devient \u00e9ligible au XV de France.<\/p>\n","protected":false},"author":83,"featured_media":435908,"comment_status":"open","ping_status":"closed","sticky":false,"template":"","format":"standard","meta":{"_acf_changed":false,"_daextam_enable_autolinks":"1","footnotes":""},"categories":[9129,19951],"tags":[16878,23053,13,110,1638],"class_list":["post-435905","post","type-post","status-publish","format-standard","has-post-thumbnail","hentry","category-rugby-a-xv","category-xv-de-france","tag-breve","tag-emmanuel-meafou","tag-rugby","tag-rugby-a-xv","tag-xv-de-france"],"acf":[],"yoast_head":"<!-- This site is optimized with the Yoast SEO Premium plugin v26.7 (Yoast SEO v26.7) - https:\/\/yoast.com\/wordpress\/plugins\/seo\/ -->\n<title>Rugby : Emmanuel Meafou officiellement naturalis\u00e9 fran\u00e7ais<\/title>\n<meta name=\"description\" content=\"XV DE FRANCE - Emmanuel Meafou a obtenu ce jeudi matin sa naturalisation fran\u00e7aise. Et devient \u00e9ligible au XV de France.\" \/>\n<meta name=\"robots\" content=\"index, follow, max-snippet:-1, max-image-preview:large, max-video-preview:-1\" \/>\n<link rel=\"canonical\" href=\"https:\/\/dicodusport.fr\/blog\/rugby-emmanuel-meafou-officiellement-naturalise-francais\/\" \/>\n<meta property=\"og:locale\" content=\"fr_FR\" \/>\n<meta property=\"og:type\" content=\"article\" \/>\n<meta property=\"og:title\" content=\"Rugby : Emmanuel Meafou officiellement naturalis\u00e9 fran\u00e7ais\" \/>\n<meta property=\"og:description\" content=\"XV DE FRANCE - Emmanuel Meafou a obtenu ce jeudi matin sa naturalisation fran\u00e7aise. Et devient \u00e9ligible au XV de France.\" \/>\n<meta property=\"og:url\" content=\"https:\/\/dicodusport.fr\/blog\/rugby-emmanuel-meafou-officiellement-naturalise-francais\/\" \/>\n<meta property=\"og:site_name\" content=\"Dicodusport\" \/>\n<meta property=\"article:publisher\" content=\"https:\/\/www.facebook.com\/dicodusport\" \/>\n<meta property=\"article:published_time\" content=\"2023-11-09T14:17:38+00:00\" \/>\n<meta property=\"article:modified_time\" content=\"2023-11-09T17:44:18+00:00\" \/>\n<meta property=\"og:image\" content=\"https:\/\/dicodusport.fr\/blog\/wp-content\/uploads\/2023\/11\/Rugby-Emmanuel-Meafou-officiellement-naturalise-francais.png\" \/>\n\t<meta property=\"og:image:width\" content=\"800\" \/>\n\t<meta property=\"og:image:height\" content=\"445\" \/>\n\t<meta property=\"og:image:type\" content=\"image\/png\" \/>\n<meta name=\"author\" content=\"Etienne Goursaud\" \/>\n<meta name=\"twitter:card\" content=\"summary_large_image\" \/>\n<meta name=\"twitter:title\" content=\"Rugby : Emmanuel Meafou officiellement naturalis\u00e9 fran\u00e7ais\" \/>\n<meta name=\"twitter:creator\" content=\"@dicodusport\" \/>\n<meta name=\"twitter:site\" content=\"@dicodusport\" \/>\n<script type=\"application\/ld+json\" class=\"yoast-schema-graph\">{\"@context\":\"https:\/\/schema.org\",\"@graph\":[{\"@type\":\"NewsArticle\",\"@id\":\"https:\/\/dicodusport.fr\/blog\/rugby-emmanuel-meafou-officiellement-naturalise-francais\/#article\",\"isPartOf\":{\"@id\":\"https:\/\/dicodusport.fr\/blog\/rugby-emmanuel-meafou-officiellement-naturalise-francais\/\"},\"author\":{\"name\":\"Etienne Goursaud\",\"@id\":\"https:\/\/dicodusport.fr\/blog\/#\/schema\/person\/d603dd7da31fb2b46c82b9835a77ec13\"},\"headline\":\"Rugby : Emmanuel Meafou officiellement naturalis\u00e9 fran\u00e7ais\",\"datePublished\":\"2023-11-09T14:17:38+00:00\",\"dateModified\":\"2023-11-09T17:44:18+00:00\",\"mainEntityOfPage\":{\"@id\":\"https:\/\/dicodusport.fr\/blog\/rugby-emmanuel-meafou-officiellement-naturalise-francais\/\"},\"wordCount\":346,\"commentCount\":0,\"publisher\":{\"@id\":\"https:\/\/dicodusport.fr\/blog\/#organization\"},\"image\":{\"@id\":\"https:\/\/dicodusport.fr\/blog\/rugby-emmanuel-meafou-officiellement-naturalise-francais\/#primaryimage\"},\"thumbnailUrl\":\"https:\/\/dicodusport.fr\/blog\/wp-content\/uploads\/2023\/11\/Rugby-Emmanuel-Meafou-officiellement-naturalise-francais.png\",\"keywords\":[\"br\u00e8ve\",\"Emmanuel Meafou\",\"Rugby\",\"Rugby \u00e0 XV\",\"XV de France\"],\"articleSection\":[\"Rugby \u00e0 XV\",\"XV de France\"],\"inLanguage\":\"fr-FR\",\"potentialAction\":[{\"@type\":\"CommentAction\",\"name\":\"Comment\",\"target\":[\"https:\/\/dicodusport.fr\/blog\/rugby-emmanuel-meafou-officiellement-naturalise-francais\/#respond\"]}],\"copyrightYear\":\"2023\",\"copyrightHolder\":{\"@id\":\"https:\/\/dicodusport.fr\/blog\/#organization\"}},{\"@type\":\"WebPage\",\"@id\":\"https:\/\/dicodusport.fr\/blog\/rugby-emmanuel-meafou-officiellement-naturalise-francais\/\",\"url\":\"https:\/\/dicodusport.fr\/blog\/rugby-emmanuel-meafou-officiellement-naturalise-francais\/\",\"name\":\"Rugby : Emmanuel Meafou officiellement naturalis\u00e9 fran\u00e7ais\",\"isPartOf\":{\"@id\":\"https:\/\/dicodusport.fr\/blog\/#website\"},\"primaryImageOfPage\":{\"@id\":\"https:\/\/dicodusport.fr\/blog\/rugby-emmanuel-meafou-officiellement-naturalise-francais\/#primaryimage\"},\"image\":{\"@id\":\"https:\/\/dicodusport.fr\/blog\/rugby-emmanuel-meafou-officiellement-naturalise-francais\/#primaryimage\"},\"thumbnailUrl\":\"https:\/\/dicodusport.fr\/blog\/wp-content\/uploads\/2023\/11\/Rugby-Emmanuel-Meafou-officiellement-naturalise-francais.png\",\"datePublished\":\"2023-11-09T14:17:38+00:00\",\"dateModified\":\"2023-11-09T17:44:18+00:00\",\"description\":\"XV DE FRANCE - Emmanuel Meafou a obtenu ce jeudi matin sa naturalisation fran\u00e7aise. Et devient \u00e9ligible au XV de France.\",\"breadcrumb\":{\"@id\":\"https:\/\/dicodusport.fr\/blog\/rugby-emmanuel-meafou-officiellement-naturalise-francais\/#breadcrumb\"},\"inLanguage\":\"fr-FR\",\"potentialAction\":[{\"@type\":\"ReadAction\",\"target\":[\"https:\/\/dicodusport.fr\/blog\/rugby-emmanuel-meafou-officiellement-naturalise-francais\/\"]}]},{\"@type\":\"ImageObject\",\"inLanguage\":\"fr-FR\",\"@id\":\"https:\/\/dicodusport.fr\/blog\/rugby-emmanuel-meafou-officiellement-naturalise-francais\/#primaryimage\",\"url\":\"https:\/\/dicodusport.fr\/blog\/wp-content\/uploads\/2023\/11\/Rugby-Emmanuel-Meafou-officiellement-naturalise-francais.png\",\"contentUrl\":\"https:\/\/dicodusport.fr\/blog\/wp-content\/uploads\/2023\/11\/Rugby-Emmanuel-Meafou-officiellement-naturalise-francais.png\",\"width\":800,\"height\":445,\"caption\":\"Rugby - Emmanuel Meafou officiellement naturalis\u00e9 fran\u00e7ais\"},{\"@type\":\"BreadcrumbList\",\"@id\":\"https:\/\/dicodusport.fr\/blog\/rugby-emmanuel-meafou-officiellement-naturalise-francais\/#breadcrumb\",\"itemListElement\":[{\"@type\":\"ListItem\",\"position\":1,\"name\":\"Accueil\",\"item\":\"https:\/\/dicodusport.fr\/blog\/\"},{\"@type\":\"ListItem\",\"position\":2,\"name\":\"Rugby : Emmanuel Meafou officiellement naturalis\u00e9 fran\u00e7ais\"}]},{\"@type\":\"WebSite\",\"@id\":\"https:\/\/dicodusport.fr\/blog\/#website\",\"url\":\"https:\/\/dicodusport.fr\/blog\/\",\"name\":\"Dicodusport\",\"description\":\"L&#039;encyclop\u00e9die de l&#039;actualit\u00e9 sportive\",\"publisher\":{\"@id\":\"https:\/\/dicodusport.fr\/blog\/#organization\"},\"potentialAction\":[{\"@type\":\"SearchAction\",\"target\":{\"@type\":\"EntryPoint\",\"urlTemplate\":\"https:\/\/dicodusport.fr\/blog\/?s={search_term_string}\"},\"query-input\":{\"@type\":\"PropertyValueSpecification\",\"valueRequired\":true,\"valueName\":\"search_term_string\"}}],\"inLanguage\":\"fr-FR\"},{\"@type\":\"NewsMediaOrganization\",\"@id\":\"https:\/\/dicodusport.fr\/blog\/#organization\",\"name\":\"Dicodusport\",\"url\":\"https:\/\/dicodusport.fr\/blog\/\",\"logo\":{\"@type\":\"ImageObject\",\"inLanguage\":\"fr-FR\",\"@id\":\"https:\/\/dicodusport.fr\/blog\/#\/schema\/logo\/image\/\",\"url\":\"https:\/\/dicodusport.fr\/blog\/wp-content\/uploads\/2020\/06\/cropped-LOGO-DICODUSPORT-2020-SANS-FOND-SANS-TEXTE.png\",\"contentUrl\":\"https:\/\/dicodusport.fr\/blog\/wp-content\/uploads\/2020\/06\/cropped-LOGO-DICODUSPORT-2020-SANS-FOND-SANS-TEXTE.png\",\"width\":512,\"height\":512,\"caption\":\"Dicodusport\"},\"image\":{\"@id\":\"https:\/\/dicodusport.fr\/blog\/#\/schema\/logo\/image\/\"},\"sameAs\":[\"https:\/\/www.facebook.com\/dicodusport\",\"https:\/\/x.com\/dicodusport\",\"https:\/\/www.instagram.com\/dicodusport\/\",\"https:\/\/www.youtube.com\/channel\/UC7V2KZ5sd3htJivAbA4ZG3w\"],\"description\":\"Dicodusport est l'encyclop\u00e9die de l'actualit\u00e9 sportive.\",\"email\":\"bonjour@dicodusport.fr\",\"legalName\":\"DICODUSPORT\",\"foundingDate\":\"2018-01-14\",\"vatID\":\"FR71834470973\",\"taxID\":\"83447097300043\",\"numberOfEmployees\":{\"@type\":\"QuantitativeValue\",\"minValue\":\"1\",\"maxValue\":\"10\"}},{\"@type\":\"Person\",\"@id\":\"https:\/\/dicodusport.fr\/blog\/#\/schema\/person\/d603dd7da31fb2b46c82b9835a77ec13\",\"name\":\"Etienne Goursaud\",\"image\":{\"@type\":\"ImageObject\",\"inLanguage\":\"fr-FR\",\"@id\":\"https:\/\/dicodusport.fr\/blog\/#\/schema\/person\/image\/\",\"url\":\"https:\/\/dicodusport.fr\/blog\/wp-content\/uploads\/2023\/12\/410122264_10231602061736049_5565839791558026645_n-150x150.jpg\",\"contentUrl\":\"https:\/\/dicodusport.fr\/blog\/wp-content\/uploads\/2023\/12\/410122264_10231602061736049_5565839791558026645_n-150x150.jpg\",\"caption\":\"Etienne Goursaud\"},\"description\":\"Journaliste et amoureux de sport. Ancien footballeur reconverti athl\u00e8te quand ses muscles le laissent tranquille. \u00c9lev\u00e9 \u00e0 la sauce des exploits de Thomas Voeckler en 2004, du dernier essai de l\u00e9gende de Eunice Barber \u00e0 la longueur lors des championnats du monde d'athl\u00e9tisme de 2003 mais aussi Zidane, Omeyer et Titou Lamaison.\",\"url\":\"https:\/\/dicodusport.fr\/blog\/author\/etienne-goursaud\/\"}]}<\/script>\n<!-- \/ Yoast SEO Premium plugin. -->","yoast_head_json":{"title":"Rugby : Emmanuel Meafou officiellement naturalis\u00e9 fran\u00e7ais","description":"XV DE FRANCE - Emmanuel Meafou a obtenu ce jeudi matin sa naturalisation fran\u00e7aise. Et devient \u00e9ligible au XV de France.","robots":{"index":"index","follow":"follow","max-snippet":"max-snippet:-1","max-image-preview":"max-image-preview:large","max-video-preview":"max-video-preview:-1"},"canonical":"https:\/\/dicodusport.fr\/blog\/rugby-emmanuel-meafou-officiellement-naturalise-francais\/","og_locale":"fr_FR","og_type":"article","og_title":"Rugby : Emmanuel Meafou officiellement naturalis\u00e9 fran\u00e7ais","og_description":"XV DE FRANCE - Emmanuel Meafou a obtenu ce jeudi matin sa naturalisation fran\u00e7aise. Et devient \u00e9ligible au XV de France.","og_url":"https:\/\/dicodusport.fr\/blog\/rugby-emmanuel-meafou-officiellement-naturalise-francais\/","og_site_name":"Dicodusport","article_publisher":"https:\/\/www.facebook.com\/dicodusport","article_published_time":"2023-11-09T14:17:38+00:00","article_modified_time":"2023-11-09T17:44:18+00:00","og_image":[{"width":800,"height":445,"url":"https:\/\/dicodusport.fr\/blog\/wp-content\/uploads\/2023\/11\/Rugby-Emmanuel-Meafou-officiellement-naturalise-francais.png","type":"image\/png"}],"author":"Etienne Goursaud","twitter_card":"summary_large_image","twitter_title":"Rugby : Emmanuel Meafou officiellement naturalis\u00e9 fran\u00e7ais","twitter_creator":"@dicodusport","twitter_site":"@dicodusport","schema":{"@context":"https:\/\/schema.org","@graph":[{"@type":"NewsArticle","@id":"https:\/\/dicodusport.fr\/blog\/rugby-emmanuel-meafou-officiellement-naturalise-francais\/#article","isPartOf":{"@id":"https:\/\/dicodusport.fr\/blog\/rugby-emmanuel-meafou-officiellement-naturalise-francais\/"},"author":{"name":"Etienne Goursaud","@id":"https:\/\/dicodusport.fr\/blog\/#\/schema\/person\/d603dd7da31fb2b46c82b9835a77ec13"},"headline":"Rugby : Emmanuel Meafou officiellement naturalis\u00e9 fran\u00e7ais","datePublished":"2023-11-09T14:17:38+00:00","dateModified":"2023-11-09T17:44:18+00:00","mainEntityOfPage":{"@id":"https:\/\/dicodusport.fr\/blog\/rugby-emmanuel-meafou-officiellement-naturalise-francais\/"},"wordCount":346,"commentCount":0,"publisher":{"@id":"https:\/\/dicodusport.fr\/blog\/#organization"},"image":{"@id":"https:\/\/dicodusport.fr\/blog\/rugby-emmanuel-meafou-officiellement-naturalise-francais\/#primaryimage"},"thumbnailUrl":"https:\/\/dicodusport.fr\/blog\/wp-content\/uploads\/2023\/11\/Rugby-Emmanuel-Meafou-officiellement-naturalise-francais.png","keywords":["br\u00e8ve","Emmanuel Meafou","Rugby","Rugby \u00e0 XV","XV de France"],"articleSection":["Rugby \u00e0 XV","XV de France"],"inLanguage":"fr-FR","potentialAction":[{"@type":"CommentAction","name":"Comment","target":["https:\/\/dicodusport.fr\/blog\/rugby-emmanuel-meafou-officiellement-naturalise-francais\/#respond"]}],"copyrightYear":"2023","copyrightHolder":{"@id":"https:\/\/dicodusport.fr\/blog\/#organization"}},{"@type":"WebPage","@id":"https:\/\/dicodusport.fr\/blog\/rugby-emmanuel-meafou-officiellement-naturalise-francais\/","url":"https:\/\/dicodusport.fr\/blog\/rugby-emmanuel-meafou-officiellement-naturalise-francais\/","name":"Rugby : Emmanuel Meafou officiellement naturalis\u00e9 fran\u00e7ais","isPartOf":{"@id":"https:\/\/dicodusport.fr\/blog\/#website"},"primaryImageOfPage":{"@id":"https:\/\/dicodusport.fr\/blog\/rugby-emmanuel-meafou-officiellement-naturalise-francais\/#primaryimage"},"image":{"@id":"https:\/\/dicodusport.fr\/blog\/rugby-emmanuel-meafou-officiellement-naturalise-francais\/#primaryimage"},"thumbnailUrl":"https:\/\/dicodusport.fr\/blog\/wp-content\/uploads\/2023\/11\/Rugby-Emmanuel-Meafou-officiellement-naturalise-francais.png","datePublished":"2023-11-09T14:17:38+00:00","dateModified":"2023-11-09T17:44:18+00:00","description":"XV DE FRANCE - Emmanuel Meafou a obtenu ce jeudi matin sa naturalisation fran\u00e7aise. Et devient \u00e9ligible au XV de France.","breadcrumb":{"@id":"https:\/\/dicodusport.fr\/blog\/rugby-emmanuel-meafou-officiellement-naturalise-francais\/#breadcrumb"},"inLanguage":"fr-FR","potentialAction":[{"@type":"ReadAction","target":["https:\/\/dicodusport.fr\/blog\/rugby-emmanuel-meafou-officiellement-naturalise-francais\/"]}]},{"@type":"ImageObject","inLanguage":"fr-FR","@id":"https:\/\/dicodusport.fr\/blog\/rugby-emmanuel-meafou-officiellement-naturalise-francais\/#primaryimage","url":"https:\/\/dicodusport.fr\/blog\/wp-content\/uploads\/2023\/11\/Rugby-Emmanuel-Meafou-officiellement-naturalise-francais.png","contentUrl":"https:\/\/dicodusport.fr\/blog\/wp-content\/uploads\/2023\/11\/Rugby-Emmanuel-Meafou-officiellement-naturalise-francais.png","width":800,"height":445,"caption":"Rugby - Emmanuel Meafou officiellement naturalis\u00e9 fran\u00e7ais"},{"@type":"BreadcrumbList","@id":"https:\/\/dicodusport.fr\/blog\/rugby-emmanuel-meafou-officiellement-naturalise-francais\/#breadcrumb","itemListElement":[{"@type":"ListItem","position":1,"name":"Accueil","item":"https:\/\/dicodusport.fr\/blog\/"},{"@type":"ListItem","position":2,"name":"Rugby : Emmanuel Meafou officiellement naturalis\u00e9 fran\u00e7ais"}]},{"@type":"WebSite","@id":"https:\/\/dicodusport.fr\/blog\/#website","url":"https:\/\/dicodusport.fr\/blog\/","name":"Dicodusport","description":"L&#039;encyclop\u00e9die de l&#039;actualit\u00e9 sportive","publisher":{"@id":"https:\/\/dicodusport.fr\/blog\/#organization"},"potentialAction":[{"@type":"SearchAction","target":{"@type":"EntryPoint","urlTemplate":"https:\/\/dicodusport.fr\/blog\/?s={search_term_string}"},"query-input":{"@type":"PropertyValueSpecification","valueRequired":true,"valueName":"search_term_string"}}],"inLanguage":"fr-FR"},{"@type":"NewsMediaOrganization","@id":"https:\/\/dicodusport.fr\/blog\/#organization","name":"Dicodusport","url":"https:\/\/dicodusport.fr\/blog\/","logo":{"@type":"ImageObject","inLanguage":"fr-FR","@id":"https:\/\/dicodusport.fr\/blog\/#\/schema\/logo\/image\/","url":"https:\/\/dicodusport.fr\/blog\/wp-content\/uploads\/2020\/06\/cropped-LOGO-DICODUSPORT-2020-SANS-FOND-SANS-TEXTE.png","contentUrl":"https:\/\/dicodusport.fr\/blog\/wp-content\/uploads\/2020\/06\/cropped-LOGO-DICODUSPORT-2020-SANS-FOND-SANS-TEXTE.png","width":512,"height":512,"caption":"Dicodusport"},"image":{"@id":"https:\/\/dicodusport.fr\/blog\/#\/schema\/logo\/image\/"},"sameAs":["https:\/\/www.facebook.com\/dicodusport","https:\/\/x.com\/dicodusport","https:\/\/www.instagram.com\/dicodusport\/","https:\/\/www.youtube.com\/channel\/UC7V2KZ5sd3htJivAbA4ZG3w"],"description":"Dicodusport est l'encyclop\u00e9die de l'actualit\u00e9 sportive.","email":"bonjour@dicodusport.fr","legalName":"DICODUSPORT","foundingDate":"2018-01-14","vatID":"FR71834470973","taxID":"83447097300043","numberOfEmployees":{"@type":"QuantitativeValue","minValue":"1","maxValue":"10"}},{"@type":"Person","@id":"https:\/\/dicodusport.fr\/blog\/#\/schema\/person\/d603dd7da31fb2b46c82b9835a77ec13","name":"Etienne Goursaud","image":{"@type":"ImageObject","inLanguage":"fr-FR","@id":"https:\/\/dicodusport.fr\/blog\/#\/schema\/person\/image\/","url":"https:\/\/dicodusport.fr\/blog\/wp-content\/uploads\/2023\/12\/410122264_10231602061736049_5565839791558026645_n-150x150.jpg","contentUrl":"https:\/\/dicodusport.fr\/blog\/wp-content\/uploads\/2023\/12\/410122264_10231602061736049_5565839791558026645_n-150x150.jpg","caption":"Etienne Goursaud"},"description":"Journaliste et amoureux de sport. Ancien footballeur reconverti athl\u00e8te quand ses muscles le laissent tranquille. \u00c9lev\u00e9 \u00e0 la sauce des exploits de Thomas Voeckler en 2004, du dernier essai de l\u00e9gende de Eunice Barber \u00e0 la longueur lors des championnats du monde d'athl\u00e9tisme de 2003 mais aussi Zidane, Omeyer et Titou Lamaison.","url":"https:\/\/dicodusport.fr\/blog\/author\/etienne-goursaud\/"}]}},"_links":{"self":[{"href":"https:\/\/dicodusport.fr\/blog\/wp-json\/wp\/v2\/posts\/435905","targetHints":{"allow":["GET"]}}],"collection":[{"href":"https:\/\/dicodusport.fr\/blog\/wp-json\/wp\/v2\/posts"}],"about":[{"href":"https:\/\/dicodusport.fr\/blog\/wp-json\/wp\/v2\/types\/post"}],"author":[{"embeddable":true,"href":"https:\/\/dicodusport.fr\/blog\/wp-json\/wp\/v2\/users\/83"}],"replies":[{"embeddable":true,"href":"https:\/\/dicodusport.fr\/blog\/wp-json\/wp\/v2\/comments?post=435905"}],"version-history":[{"count":0,"href":"https:\/\/dicodusport.fr\/blog\/wp-json\/wp\/v2\/posts\/435905\/revisions"}],"wp:featuredmedia":[{"embeddable":true,"href":"https:\/\/dicodusport.fr\/blog\/wp-json\/wp\/v2\/media\/435908"}],"wp:attachment":[{"href":"https:\/\/dicodusport.fr\/blog\/wp-json\/wp\/v2\/media?parent=435905"}],"wp:term":[{"taxonomy":"category","embeddable":true,"href":"https:\/\/dicodusport.fr\/blog\/wp-json\/wp\/v2\/categories?post=435905"},{"taxonomy":"post_tag","embeddable":true,"href":"https:\/\/dicodusport.fr\/blog\/wp-json\/wp\/v2\/tags?post=435905"}],"curies":[{"name":"wp","href":"https:\/\/api.w.org\/{rel}","templated":true}]}}