{"id":435914,"date":"2023-11-09T18:19:46","date_gmt":"2023-11-09T17:19:46","guid":{"rendered":"https:\/\/dicodusport.fr\/blog\/?p=435914&#038;preview=true&#038;preview_id=435914"},"modified":"2023-11-09T18:28:35","modified_gmt":"2023-11-09T17:28:35","slug":"atp-metz-pierre-hugues-renverse-luca-van-assche-et-rejoint-le-dernier-carre","status":"publish","type":"post","link":"https:\/\/dicodusport.fr\/blog\/atp-metz-pierre-hugues-renverse-luca-van-assche-et-rejoint-le-dernier-carre\/","title":{"rendered":"ATP Metz : Pierre-Hugues renverse Luca Van Assche et rejoint le dernier carr\u00e9"},"content":{"rendered":"<p style=\"text-align: justify;\"><strong><em><a href=\"https:\/\/dicodusport.fr\/blog\/atp-250-le-tableau-du-tournoi-de-metz-2023\/\">TOURNOI ATP 250 DE METZ<\/a> &#8211; Apr\u00e8s une rude bataille, l&rsquo;exp\u00e9rience a pris le pas sur la jeunesse, et Pierre-Hugues Herbert a confirm\u00e9 sa renaissance en sortant Luca Van Assche en trois manches pour rallier les demi-finales.<\/em><\/strong><\/p>\n<p style=\"text-align: justify;\">Double ration de quarts de finale franco-fran\u00e7ais aujourd&rsquo;hui \u00e0 Metz, avec en premier lieu une opposition de styles et de g\u00e9n\u00e9rations. \u00c0 32 ans, <strong>Pierre-Hugues Herbert<\/strong> n&rsquo;avait plus atteint ce stade de la comp\u00e9tition sur le circuit ATP depuis deux ans, et n&rsquo;\u00e9tait pas le favori contre <strong>Luca Van Assche<\/strong>, toujours en pleine progression et pr\u00eat pour atteindre une demi-finale ATP pour la premi\u00e8re fois du haut de ses 19 ans.<\/p>\n<p style=\"text-align: justify;\">Preuve en a \u00e9t\u00e9 faite d&#8217;embl\u00e9e, puisqu&rsquo;il a break\u00e9 d\u00e8s le premier jeu du match. Une seule occasion aura suffi pour qu&rsquo;il s&rsquo;installe aux commandes de la rencontre. Mais le set n&rsquo;est pas \u00e0 sens unique. <strong>Herbert<\/strong> est dangereux, mena\u00e7ant sur la mise en jeu adverse, mais probl\u00e8me, il ne parvient pas \u00e0 convertir les occasions qui lui sont propos\u00e9es, comme en t\u00e9moigne un piteux <strong>0\/6<\/strong> sur les balles de break dans ce premier set.<\/p>\n<h2 style=\"text-align: justify;\">Herbert lutte jusqu&rsquo;au bout<\/h2>\n<p style=\"text-align: justify;\">Solide sur les points importants, <strong>Luca Van Assche<\/strong> rafle la premi\u00e8re manche <strong>6-4<\/strong>, et semble bien parti pour la victoire. Mais \u00ab\u00a0P2H\u00a0\u00bb avait d&rsquo;autres plans, et s&rsquo;en est all\u00e9 breaker d&rsquo;entr\u00e9e de deuxi\u00e8me manche en se montrant plus agressif. D\u00e8s lors, il d\u00e9roule au service, s&rsquo;attelle \u00e0 r\u00e9duire les \u00e9changes pour casser le rythme de son rival, et \u00e7a marche. Solide tout au long du set, il remet les compteurs \u00e0 z\u00e9ro d&rsquo;un dernier service gagnant, et offre au public messin une troisi\u00e8me manche.<\/p>\n<p style=\"text-align: justify;\">La bataille est alors resserr\u00e9e, entre deux joueurs conscients de la possibilit\u00e9 r\u00e9elle d&rsquo;int\u00e9grer le dernier carr\u00e9, mais g\u00e2chent chacun des opportunit\u00e9s. Servant en premier, le plus jeune des deux Tricolores tente de mettre la pression, mais cela manque de se retourner contre lui \u00e0 <strong>4-4<\/strong>, quand il doit sauver quatre balles de break, puis deux de plus \u00e0 5-5 avant de c\u00e9der devant la t\u00e9nacit\u00e9 de son rival. <strong>Pierre-Hugues Herbert<\/strong> sert pour le match et ne laisse pas passer l&rsquo;occasion, s&rsquo;imposant <strong>4-6, 6-3, 7-5<\/strong>. Une 100e victoire sur le circuit ATP, et une demi-finale \u00ab\u00a0abordable\u00a0\u00bb contre le Russe <strong>Alexander Shevchenko<\/strong> demain, peut-\u00eatre la renaissance de <strong>\u00ab\u00a0P2H\u00a0\u00bb.<\/strong><\/p>\n<blockquote class=\"twitter-tweet\">\n<p dir=\"ltr\" lang=\"en\">100th ATP Win \ud83e\udef6<\/p>\n<p>Herbert wins an all French affair 4-6 6-3 7-5 to reach the SFs in Metz!<a href=\"https:\/\/twitter.com\/MoselleOpen?ref_src=twsrc%5Etfw\">@MoselleOpen<\/a> <a href=\"https:\/\/t.co\/WJi6aATN7U\">pic.twitter.com\/WJi6aATN7U<\/a><\/p>\n<p>\u2014 Tennis TV (@TennisTV) <a href=\"https:\/\/twitter.com\/TennisTV\/status\/1722666056672501943?ref_src=twsrc%5Etfw\">November 9, 2023<\/a><\/p><\/blockquote>\n<p><script async src=\"https:\/\/platform.twitter.com\/widgets.js\" charset=\"utf-8\"><\/script><\/p>\n","protected":false},"excerpt":{"rendered":"<p>TOURNOI ATP 250 DE METZ &#8211; Apr\u00e8s une rude bataille, l&rsquo;exp\u00e9rience a pris le pas sur la jeunesse, et Pierre-Hugues Herbert a confirm\u00e9 sa renaissance en sortant Luca Van Assche en trois manches pour rallier les demi-finales.<\/p>\n","protected":false},"author":59,"featured_media":435951,"comment_status":"open","ping_status":"closed","sticky":false,"template":"","format":"standard","meta":{"_acf_changed":false,"_daextam_enable_autolinks":"1","footnotes":""},"categories":[2302],"tags":[19342,16878,17252,4200],"class_list":["post-435914","post","type-post","status-publish","format-standard","has-post-thumbnail","hentry","category-tennis","tag-atp-250-metz","tag-breve","tag-luca-van-assche","tag-pierre-hugues-herbert"],"acf":[],"yoast_head":"<!-- This site is optimized with the Yoast SEO Premium plugin v26.7 (Yoast SEO v26.7) - https:\/\/yoast.com\/wordpress\/plugins\/seo\/ -->\n<title>ATP Metz : Pierre-Hugues renverse Luca Van Assche et rejoint le dernier carr\u00e9<\/title>\n<meta name=\"description\" content=\"TOURNOI ATP 250 DE METZ - Pierre-Hugues Herbert a confirm\u00e9 sa renaissance en sortant Luca Van Assche en trois manches pour rallier les demi-finales.\" \/>\n<meta name=\"robots\" content=\"index, follow, max-snippet:-1, max-image-preview:large, max-video-preview:-1\" \/>\n<link rel=\"canonical\" href=\"https:\/\/dicodusport.fr\/blog\/atp-metz-pierre-hugues-renverse-luca-van-assche-et-rejoint-le-dernier-carre\/\" \/>\n<meta property=\"og:locale\" content=\"fr_FR\" \/>\n<meta property=\"og:type\" content=\"article\" \/>\n<meta property=\"og:title\" content=\"ATP Metz : Pierre-Hugues renverse Luca Van Assche et rejoint le dernier carr\u00e9\" \/>\n<meta property=\"og:description\" content=\"TOURNOI ATP 250 DE METZ - Pierre-Hugues Herbert a confirm\u00e9 sa renaissance en sortant Luca Van Assche en trois manches pour rallier les demi-finales.\" \/>\n<meta property=\"og:url\" content=\"https:\/\/dicodusport.fr\/blog\/atp-metz-pierre-hugues-renverse-luca-van-assche-et-rejoint-le-dernier-carre\/\" \/>\n<meta property=\"og:site_name\" content=\"Dicodusport\" \/>\n<meta property=\"article:publisher\" content=\"https:\/\/www.facebook.com\/dicodusport\" \/>\n<meta property=\"article:author\" content=\"https:\/\/www.facebook.com\/sebastien.gente\/\" \/>\n<meta property=\"article:published_time\" content=\"2023-11-09T17:19:46+00:00\" \/>\n<meta property=\"article:modified_time\" content=\"2023-11-09T17:28:35+00:00\" \/>\n<meta property=\"og:image\" content=\"https:\/\/dicodusport.fr\/blog\/wp-content\/uploads\/2023\/11\/ATP-Metz-Pierre-Hugues-renverse-Luca-Van-Assche-et-rejoint-le-dernier-carre.png\" \/>\n\t<meta property=\"og:image:width\" content=\"800\" \/>\n\t<meta property=\"og:image:height\" content=\"445\" \/>\n\t<meta property=\"og:image:type\" content=\"image\/png\" \/>\n<meta name=\"author\" content=\"S\u00e9bastien Gente\" \/>\n<meta name=\"twitter:card\" content=\"summary_large_image\" \/>\n<meta name=\"twitter:title\" content=\"ATP Metz : Pierre-Hugues renverse Luca Van Assche et rejoint le dernier carr\u00e9\" \/>\n<meta name=\"twitter:creator\" content=\"@https:\/\/twitter.com\/globulo24\" \/>\n<meta name=\"twitter:site\" content=\"@dicodusport\" \/>\n<script type=\"application\/ld+json\" class=\"yoast-schema-graph\">{\"@context\":\"https:\/\/schema.org\",\"@graph\":[{\"@type\":\"NewsArticle\",\"@id\":\"https:\/\/dicodusport.fr\/blog\/atp-metz-pierre-hugues-renverse-luca-van-assche-et-rejoint-le-dernier-carre\/#article\",\"isPartOf\":{\"@id\":\"https:\/\/dicodusport.fr\/blog\/atp-metz-pierre-hugues-renverse-luca-van-assche-et-rejoint-le-dernier-carre\/\"},\"author\":{\"name\":\"S\u00e9bastien Gente\",\"@id\":\"https:\/\/dicodusport.fr\/blog\/#\/schema\/person\/627966a6cde45dbd8c5e36ac85d783da\"},\"headline\":\"ATP Metz : Pierre-Hugues renverse Luca Van Assche et rejoint le dernier carr\u00e9\",\"datePublished\":\"2023-11-09T17:19:46+00:00\",\"dateModified\":\"2023-11-09T17:28:35+00:00\",\"mainEntityOfPage\":{\"@id\":\"https:\/\/dicodusport.fr\/blog\/atp-metz-pierre-hugues-renverse-luca-van-assche-et-rejoint-le-dernier-carre\/\"},\"wordCount\":457,\"commentCount\":0,\"publisher\":{\"@id\":\"https:\/\/dicodusport.fr\/blog\/#organization\"},\"image\":{\"@id\":\"https:\/\/dicodusport.fr\/blog\/atp-metz-pierre-hugues-renverse-luca-van-assche-et-rejoint-le-dernier-carre\/#primaryimage\"},\"thumbnailUrl\":\"https:\/\/dicodusport.fr\/blog\/wp-content\/uploads\/2023\/11\/ATP-Metz-Pierre-Hugues-renverse-Luca-Van-Assche-et-rejoint-le-dernier-carre.png\",\"keywords\":[\"ATP 250 Metz\",\"br\u00e8ve\",\"Luca Van Assche\",\"Pierre-Hugues Herbert\"],\"articleSection\":[\"Tennis\"],\"inLanguage\":\"fr-FR\",\"potentialAction\":[{\"@type\":\"CommentAction\",\"name\":\"Comment\",\"target\":[\"https:\/\/dicodusport.fr\/blog\/atp-metz-pierre-hugues-renverse-luca-van-assche-et-rejoint-le-dernier-carre\/#respond\"]}],\"copyrightYear\":\"2023\",\"copyrightHolder\":{\"@id\":\"https:\/\/dicodusport.fr\/blog\/#organization\"}},{\"@type\":\"WebPage\",\"@id\":\"https:\/\/dicodusport.fr\/blog\/atp-metz-pierre-hugues-renverse-luca-van-assche-et-rejoint-le-dernier-carre\/\",\"url\":\"https:\/\/dicodusport.fr\/blog\/atp-metz-pierre-hugues-renverse-luca-van-assche-et-rejoint-le-dernier-carre\/\",\"name\":\"ATP Metz : Pierre-Hugues renverse Luca Van Assche et rejoint le dernier carr\u00e9\",\"isPartOf\":{\"@id\":\"https:\/\/dicodusport.fr\/blog\/#website\"},\"primaryImageOfPage\":{\"@id\":\"https:\/\/dicodusport.fr\/blog\/atp-metz-pierre-hugues-renverse-luca-van-assche-et-rejoint-le-dernier-carre\/#primaryimage\"},\"image\":{\"@id\":\"https:\/\/dicodusport.fr\/blog\/atp-metz-pierre-hugues-renverse-luca-van-assche-et-rejoint-le-dernier-carre\/#primaryimage\"},\"thumbnailUrl\":\"https:\/\/dicodusport.fr\/blog\/wp-content\/uploads\/2023\/11\/ATP-Metz-Pierre-Hugues-renverse-Luca-Van-Assche-et-rejoint-le-dernier-carre.png\",\"datePublished\":\"2023-11-09T17:19:46+00:00\",\"dateModified\":\"2023-11-09T17:28:35+00:00\",\"description\":\"TOURNOI ATP 250 DE METZ - Pierre-Hugues Herbert a confirm\u00e9 sa renaissance en sortant Luca Van Assche en trois manches pour rallier les demi-finales.\",\"breadcrumb\":{\"@id\":\"https:\/\/dicodusport.fr\/blog\/atp-metz-pierre-hugues-renverse-luca-van-assche-et-rejoint-le-dernier-carre\/#breadcrumb\"},\"inLanguage\":\"fr-FR\",\"potentialAction\":[{\"@type\":\"ReadAction\",\"target\":[\"https:\/\/dicodusport.fr\/blog\/atp-metz-pierre-hugues-renverse-luca-van-assche-et-rejoint-le-dernier-carre\/\"]}]},{\"@type\":\"ImageObject\",\"inLanguage\":\"fr-FR\",\"@id\":\"https:\/\/dicodusport.fr\/blog\/atp-metz-pierre-hugues-renverse-luca-van-assche-et-rejoint-le-dernier-carre\/#primaryimage\",\"url\":\"https:\/\/dicodusport.fr\/blog\/wp-content\/uploads\/2023\/11\/ATP-Metz-Pierre-Hugues-renverse-Luca-Van-Assche-et-rejoint-le-dernier-carre.png\",\"contentUrl\":\"https:\/\/dicodusport.fr\/blog\/wp-content\/uploads\/2023\/11\/ATP-Metz-Pierre-Hugues-renverse-Luca-Van-Assche-et-rejoint-le-dernier-carre.png\",\"width\":800,\"height\":445,\"caption\":\"ATP Metz Pierre-Hugues renverse Luca Van Assche et rejoint le dernier carr\u00e9\"},{\"@type\":\"BreadcrumbList\",\"@id\":\"https:\/\/dicodusport.fr\/blog\/atp-metz-pierre-hugues-renverse-luca-van-assche-et-rejoint-le-dernier-carre\/#breadcrumb\",\"itemListElement\":[{\"@type\":\"ListItem\",\"position\":1,\"name\":\"Accueil\",\"item\":\"https:\/\/dicodusport.fr\/blog\/\"},{\"@type\":\"ListItem\",\"position\":2,\"name\":\"ATP Metz : Pierre-Hugues renverse Luca Van Assche et rejoint le dernier carr\u00e9\"}]},{\"@type\":\"WebSite\",\"@id\":\"https:\/\/dicodusport.fr\/blog\/#website\",\"url\":\"https:\/\/dicodusport.fr\/blog\/\",\"name\":\"Dicodusport\",\"description\":\"L&#039;encyclop\u00e9die de l&#039;actualit\u00e9 sportive\",\"publisher\":{\"@id\":\"https:\/\/dicodusport.fr\/blog\/#organization\"},\"potentialAction\":[{\"@type\":\"SearchAction\",\"target\":{\"@type\":\"EntryPoint\",\"urlTemplate\":\"https:\/\/dicodusport.fr\/blog\/?s={search_term_string}\"},\"query-input\":{\"@type\":\"PropertyValueSpecification\",\"valueRequired\":true,\"valueName\":\"search_term_string\"}}],\"inLanguage\":\"fr-FR\"},{\"@type\":\"NewsMediaOrganization\",\"@id\":\"https:\/\/dicodusport.fr\/blog\/#organization\",\"name\":\"Dicodusport\",\"url\":\"https:\/\/dicodusport.fr\/blog\/\",\"logo\":{\"@type\":\"ImageObject\",\"inLanguage\":\"fr-FR\",\"@id\":\"https:\/\/dicodusport.fr\/blog\/#\/schema\/logo\/image\/\",\"url\":\"https:\/\/dicodusport.fr\/blog\/wp-content\/uploads\/2020\/06\/cropped-LOGO-DICODUSPORT-2020-SANS-FOND-SANS-TEXTE.png\",\"contentUrl\":\"https:\/\/dicodusport.fr\/blog\/wp-content\/uploads\/2020\/06\/cropped-LOGO-DICODUSPORT-2020-SANS-FOND-SANS-TEXTE.png\",\"width\":512,\"height\":512,\"caption\":\"Dicodusport\"},\"image\":{\"@id\":\"https:\/\/dicodusport.fr\/blog\/#\/schema\/logo\/image\/\"},\"sameAs\":[\"https:\/\/www.facebook.com\/dicodusport\",\"https:\/\/x.com\/dicodusport\",\"https:\/\/www.instagram.com\/dicodusport\/\",\"https:\/\/www.youtube.com\/channel\/UC7V2KZ5sd3htJivAbA4ZG3w\"],\"description\":\"Dicodusport est l'encyclop\u00e9die de l'actualit\u00e9 sportive.\",\"email\":\"bonjour@dicodusport.fr\",\"legalName\":\"DICODUSPORT\",\"foundingDate\":\"2018-01-14\",\"vatID\":\"FR71834470973\",\"taxID\":\"83447097300043\",\"numberOfEmployees\":{\"@type\":\"QuantitativeValue\",\"minValue\":\"1\",\"maxValue\":\"10\"}},{\"@type\":\"Person\",\"@id\":\"https:\/\/dicodusport.fr\/blog\/#\/schema\/person\/627966a6cde45dbd8c5e36ac85d783da\",\"name\":\"S\u00e9bastien Gente\",\"image\":{\"@type\":\"ImageObject\",\"inLanguage\":\"fr-FR\",\"@id\":\"https:\/\/dicodusport.fr\/blog\/#\/schema\/person\/image\/\",\"url\":\"https:\/\/dicodusport.fr\/blog\/wp-content\/uploads\/2021\/09\/1510990_10205810251400683_4124423575079401707_n-150x150.jpg\",\"contentUrl\":\"https:\/\/dicodusport.fr\/blog\/wp-content\/uploads\/2021\/09\/1510990_10205810251400683_4124423575079401707_n-150x150.jpg\",\"caption\":\"S\u00e9bastien Gente\"},\"description\":\"John Stockton, Gianni Bugno, Zinedine Zidane, Steffi Graf, Frode Andresen, St\u00e9phane Stoecklin, Davis Kamoga, Primoz Peterka, Werner Schlager et Aur\u00e9lien Rougerie. Point commun entre ces sportifs? Ils m'ont fait r\u00eaver et ont berc\u00e9 mon adolescence. Je suis un fondu de sports et j'essaie de retranscrire ma passion \u00e0 travers mes articles. Originaire du P\u00e9rigord, ma passion pour les Girondins, les Jaunards et les Jazzmen transpire dans mes \u00e9crits. \u00c0 Dicodusport depuis 2021, je d\u00e9niche les sports m\u00e9connus dans lesquels la France brille, et il y en a !\",\"sameAs\":[\"https:\/\/www.facebook.com\/sebastien.gente\/\",\"https:\/\/www.instagram.com\/sebgente\/\",\"https:\/\/www.linkedin.com\/in\/sbastien-gente-a29583169\/\",\"https:\/\/x.com\/https:\/\/twitter.com\/globulo24\",\"SebastienGente\"],\"worksFor\":\"S\u00e9bastien GENTE\",\"url\":\"https:\/\/dicodusport.fr\/blog\/author\/sebastiengente\/\"}]}<\/script>\n<!-- \/ Yoast SEO Premium plugin. -->","yoast_head_json":{"title":"ATP Metz : Pierre-Hugues renverse Luca Van Assche et rejoint le dernier carr\u00e9","description":"TOURNOI ATP 250 DE METZ - Pierre-Hugues Herbert a confirm\u00e9 sa renaissance en sortant Luca Van Assche en trois manches pour rallier les demi-finales.","robots":{"index":"index","follow":"follow","max-snippet":"max-snippet:-1","max-image-preview":"max-image-preview:large","max-video-preview":"max-video-preview:-1"},"canonical":"https:\/\/dicodusport.fr\/blog\/atp-metz-pierre-hugues-renverse-luca-van-assche-et-rejoint-le-dernier-carre\/","og_locale":"fr_FR","og_type":"article","og_title":"ATP Metz : Pierre-Hugues renverse Luca Van Assche et rejoint le dernier carr\u00e9","og_description":"TOURNOI ATP 250 DE METZ - Pierre-Hugues Herbert a confirm\u00e9 sa renaissance en sortant Luca Van Assche en trois manches pour rallier les demi-finales.","og_url":"https:\/\/dicodusport.fr\/blog\/atp-metz-pierre-hugues-renverse-luca-van-assche-et-rejoint-le-dernier-carre\/","og_site_name":"Dicodusport","article_publisher":"https:\/\/www.facebook.com\/dicodusport","article_author":"https:\/\/www.facebook.com\/sebastien.gente\/","article_published_time":"2023-11-09T17:19:46+00:00","article_modified_time":"2023-11-09T17:28:35+00:00","og_image":[{"width":800,"height":445,"url":"https:\/\/dicodusport.fr\/blog\/wp-content\/uploads\/2023\/11\/ATP-Metz-Pierre-Hugues-renverse-Luca-Van-Assche-et-rejoint-le-dernier-carre.png","type":"image\/png"}],"author":"S\u00e9bastien Gente","twitter_card":"summary_large_image","twitter_title":"ATP Metz : Pierre-Hugues renverse Luca Van Assche et rejoint le dernier carr\u00e9","twitter_creator":"@https:\/\/twitter.com\/globulo24","twitter_site":"@dicodusport","schema":{"@context":"https:\/\/schema.org","@graph":[{"@type":"NewsArticle","@id":"https:\/\/dicodusport.fr\/blog\/atp-metz-pierre-hugues-renverse-luca-van-assche-et-rejoint-le-dernier-carre\/#article","isPartOf":{"@id":"https:\/\/dicodusport.fr\/blog\/atp-metz-pierre-hugues-renverse-luca-van-assche-et-rejoint-le-dernier-carre\/"},"author":{"name":"S\u00e9bastien Gente","@id":"https:\/\/dicodusport.fr\/blog\/#\/schema\/person\/627966a6cde45dbd8c5e36ac85d783da"},"headline":"ATP Metz : Pierre-Hugues renverse Luca Van Assche et rejoint le dernier carr\u00e9","datePublished":"2023-11-09T17:19:46+00:00","dateModified":"2023-11-09T17:28:35+00:00","mainEntityOfPage":{"@id":"https:\/\/dicodusport.fr\/blog\/atp-metz-pierre-hugues-renverse-luca-van-assche-et-rejoint-le-dernier-carre\/"},"wordCount":457,"commentCount":0,"publisher":{"@id":"https:\/\/dicodusport.fr\/blog\/#organization"},"image":{"@id":"https:\/\/dicodusport.fr\/blog\/atp-metz-pierre-hugues-renverse-luca-van-assche-et-rejoint-le-dernier-carre\/#primaryimage"},"thumbnailUrl":"https:\/\/dicodusport.fr\/blog\/wp-content\/uploads\/2023\/11\/ATP-Metz-Pierre-Hugues-renverse-Luca-Van-Assche-et-rejoint-le-dernier-carre.png","keywords":["ATP 250 Metz","br\u00e8ve","Luca Van Assche","Pierre-Hugues Herbert"],"articleSection":["Tennis"],"inLanguage":"fr-FR","potentialAction":[{"@type":"CommentAction","name":"Comment","target":["https:\/\/dicodusport.fr\/blog\/atp-metz-pierre-hugues-renverse-luca-van-assche-et-rejoint-le-dernier-carre\/#respond"]}],"copyrightYear":"2023","copyrightHolder":{"@id":"https:\/\/dicodusport.fr\/blog\/#organization"}},{"@type":"WebPage","@id":"https:\/\/dicodusport.fr\/blog\/atp-metz-pierre-hugues-renverse-luca-van-assche-et-rejoint-le-dernier-carre\/","url":"https:\/\/dicodusport.fr\/blog\/atp-metz-pierre-hugues-renverse-luca-van-assche-et-rejoint-le-dernier-carre\/","name":"ATP Metz : Pierre-Hugues renverse Luca Van Assche et rejoint le dernier carr\u00e9","isPartOf":{"@id":"https:\/\/dicodusport.fr\/blog\/#website"},"primaryImageOfPage":{"@id":"https:\/\/dicodusport.fr\/blog\/atp-metz-pierre-hugues-renverse-luca-van-assche-et-rejoint-le-dernier-carre\/#primaryimage"},"image":{"@id":"https:\/\/dicodusport.fr\/blog\/atp-metz-pierre-hugues-renverse-luca-van-assche-et-rejoint-le-dernier-carre\/#primaryimage"},"thumbnailUrl":"https:\/\/dicodusport.fr\/blog\/wp-content\/uploads\/2023\/11\/ATP-Metz-Pierre-Hugues-renverse-Luca-Van-Assche-et-rejoint-le-dernier-carre.png","datePublished":"2023-11-09T17:19:46+00:00","dateModified":"2023-11-09T17:28:35+00:00","description":"TOURNOI ATP 250 DE METZ - Pierre-Hugues Herbert a confirm\u00e9 sa renaissance en sortant Luca Van Assche en trois manches pour rallier les demi-finales.","breadcrumb":{"@id":"https:\/\/dicodusport.fr\/blog\/atp-metz-pierre-hugues-renverse-luca-van-assche-et-rejoint-le-dernier-carre\/#breadcrumb"},"inLanguage":"fr-FR","potentialAction":[{"@type":"ReadAction","target":["https:\/\/dicodusport.fr\/blog\/atp-metz-pierre-hugues-renverse-luca-van-assche-et-rejoint-le-dernier-carre\/"]}]},{"@type":"ImageObject","inLanguage":"fr-FR","@id":"https:\/\/dicodusport.fr\/blog\/atp-metz-pierre-hugues-renverse-luca-van-assche-et-rejoint-le-dernier-carre\/#primaryimage","url":"https:\/\/dicodusport.fr\/blog\/wp-content\/uploads\/2023\/11\/ATP-Metz-Pierre-Hugues-renverse-Luca-Van-Assche-et-rejoint-le-dernier-carre.png","contentUrl":"https:\/\/dicodusport.fr\/blog\/wp-content\/uploads\/2023\/11\/ATP-Metz-Pierre-Hugues-renverse-Luca-Van-Assche-et-rejoint-le-dernier-carre.png","width":800,"height":445,"caption":"ATP Metz Pierre-Hugues renverse Luca Van Assche et rejoint le dernier carr\u00e9"},{"@type":"BreadcrumbList","@id":"https:\/\/dicodusport.fr\/blog\/atp-metz-pierre-hugues-renverse-luca-van-assche-et-rejoint-le-dernier-carre\/#breadcrumb","itemListElement":[{"@type":"ListItem","position":1,"name":"Accueil","item":"https:\/\/dicodusport.fr\/blog\/"},{"@type":"ListItem","position":2,"name":"ATP Metz : Pierre-Hugues renverse Luca Van Assche et rejoint le dernier carr\u00e9"}]},{"@type":"WebSite","@id":"https:\/\/dicodusport.fr\/blog\/#website","url":"https:\/\/dicodusport.fr\/blog\/","name":"Dicodusport","description":"L&#039;encyclop\u00e9die de l&#039;actualit\u00e9 sportive","publisher":{"@id":"https:\/\/dicodusport.fr\/blog\/#organization"},"potentialAction":[{"@type":"SearchAction","target":{"@type":"EntryPoint","urlTemplate":"https:\/\/dicodusport.fr\/blog\/?s={search_term_string}"},"query-input":{"@type":"PropertyValueSpecification","valueRequired":true,"valueName":"search_term_string"}}],"inLanguage":"fr-FR"},{"@type":"NewsMediaOrganization","@id":"https:\/\/dicodusport.fr\/blog\/#organization","name":"Dicodusport","url":"https:\/\/dicodusport.fr\/blog\/","logo":{"@type":"ImageObject","inLanguage":"fr-FR","@id":"https:\/\/dicodusport.fr\/blog\/#\/schema\/logo\/image\/","url":"https:\/\/dicodusport.fr\/blog\/wp-content\/uploads\/2020\/06\/cropped-LOGO-DICODUSPORT-2020-SANS-FOND-SANS-TEXTE.png","contentUrl":"https:\/\/dicodusport.fr\/blog\/wp-content\/uploads\/2020\/06\/cropped-LOGO-DICODUSPORT-2020-SANS-FOND-SANS-TEXTE.png","width":512,"height":512,"caption":"Dicodusport"},"image":{"@id":"https:\/\/dicodusport.fr\/blog\/#\/schema\/logo\/image\/"},"sameAs":["https:\/\/www.facebook.com\/dicodusport","https:\/\/x.com\/dicodusport","https:\/\/www.instagram.com\/dicodusport\/","https:\/\/www.youtube.com\/channel\/UC7V2KZ5sd3htJivAbA4ZG3w"],"description":"Dicodusport est l'encyclop\u00e9die de l'actualit\u00e9 sportive.","email":"bonjour@dicodusport.fr","legalName":"DICODUSPORT","foundingDate":"2018-01-14","vatID":"FR71834470973","taxID":"83447097300043","numberOfEmployees":{"@type":"QuantitativeValue","minValue":"1","maxValue":"10"}},{"@type":"Person","@id":"https:\/\/dicodusport.fr\/blog\/#\/schema\/person\/627966a6cde45dbd8c5e36ac85d783da","name":"S\u00e9bastien Gente","image":{"@type":"ImageObject","inLanguage":"fr-FR","@id":"https:\/\/dicodusport.fr\/blog\/#\/schema\/person\/image\/","url":"https:\/\/dicodusport.fr\/blog\/wp-content\/uploads\/2021\/09\/1510990_10205810251400683_4124423575079401707_n-150x150.jpg","contentUrl":"https:\/\/dicodusport.fr\/blog\/wp-content\/uploads\/2021\/09\/1510990_10205810251400683_4124423575079401707_n-150x150.jpg","caption":"S\u00e9bastien Gente"},"description":"John Stockton, Gianni Bugno, Zinedine Zidane, Steffi Graf, Frode Andresen, St\u00e9phane Stoecklin, Davis Kamoga, Primoz Peterka, Werner Schlager et Aur\u00e9lien Rougerie. Point commun entre ces sportifs? Ils m'ont fait r\u00eaver et ont berc\u00e9 mon adolescence. Je suis un fondu de sports et j'essaie de retranscrire ma passion \u00e0 travers mes articles. Originaire du P\u00e9rigord, ma passion pour les Girondins, les Jaunards et les Jazzmen transpire dans mes \u00e9crits. \u00c0 Dicodusport depuis 2021, je d\u00e9niche les sports m\u00e9connus dans lesquels la France brille, et il y en a !","sameAs":["https:\/\/www.facebook.com\/sebastien.gente\/","https:\/\/www.instagram.com\/sebgente\/","https:\/\/www.linkedin.com\/in\/sbastien-gente-a29583169\/","https:\/\/x.com\/https:\/\/twitter.com\/globulo24","SebastienGente"],"worksFor":"S\u00e9bastien GENTE","url":"https:\/\/dicodusport.fr\/blog\/author\/sebastiengente\/"}]}},"_links":{"self":[{"href":"https:\/\/dicodusport.fr\/blog\/wp-json\/wp\/v2\/posts\/435914","targetHints":{"allow":["GET"]}}],"collection":[{"href":"https:\/\/dicodusport.fr\/blog\/wp-json\/wp\/v2\/posts"}],"about":[{"href":"https:\/\/dicodusport.fr\/blog\/wp-json\/wp\/v2\/types\/post"}],"author":[{"embeddable":true,"href":"https:\/\/dicodusport.fr\/blog\/wp-json\/wp\/v2\/users\/59"}],"replies":[{"embeddable":true,"href":"https:\/\/dicodusport.fr\/blog\/wp-json\/wp\/v2\/comments?post=435914"}],"version-history":[{"count":0,"href":"https:\/\/dicodusport.fr\/blog\/wp-json\/wp\/v2\/posts\/435914\/revisions"}],"wp:featuredmedia":[{"embeddable":true,"href":"https:\/\/dicodusport.fr\/blog\/wp-json\/wp\/v2\/media\/435951"}],"wp:attachment":[{"href":"https:\/\/dicodusport.fr\/blog\/wp-json\/wp\/v2\/media?parent=435914"}],"wp:term":[{"taxonomy":"category","embeddable":true,"href":"https:\/\/dicodusport.fr\/blog\/wp-json\/wp\/v2\/categories?post=435914"},{"taxonomy":"post_tag","embeddable":true,"href":"https:\/\/dicodusport.fr\/blog\/wp-json\/wp\/v2\/tags?post=435914"}],"curies":[{"name":"wp","href":"https:\/\/api.w.org\/{rel}","templated":true}]}}