{"id":435972,"date":"2023-11-16T11:00:44","date_gmt":"2023-11-16T10:00:44","guid":{"rendered":"https:\/\/dicodusport.fr\/blog\/?p=435972&#038;preview=true&#038;preview_id=435972"},"modified":"2023-11-16T13:50:20","modified_gmt":"2023-11-16T12:50:20","slug":"enquete-comment-saint-quentin-se-prepare-a-accueillir-les-jeux-olympiques","status":"publish","type":"post","link":"https:\/\/dicodusport.fr\/blog\/enquete-comment-saint-quentin-se-prepare-a-accueillir-les-jeux-olympiques\/","title":{"rendered":"Jeux de Paris 2024 : Comment l&rsquo;Agglom\u00e9ration de Saint-Quentin-en-Yvelines se pr\u00e9pare-t-elle ?"},"content":{"rendered":"<p style=\"text-align: justify;\"><strong><em><a href=\"https:\/\/dicodusport.fr\/blog\/jo-paris-2024\/\">JEUX OLYMPIQUES 2024<\/a> &#8211; \u00c0 neuf mois des Jeux Olympiques, Paris se pr\u00e9pare \u00e0 accueillir des sportifs et des visiteurs du monde entier. La ville lumi\u00e8re n&rsquo;est pas la seule concern\u00e9e \u00e0 l&rsquo;image de la Communaut\u00e9 d&rsquo;Agglom\u00e9ration de Saint-Quentin-en-Yvelines qui organisera les \u00e9preuves de quatre sports olympiques et un paralympique. Focus ici sur la ville de Montigny-le-Bretonneux.<\/em><\/strong><\/p>\n<p style=\"text-align: justify;\">Labellis\u00e9e \u00ab\u00a0Terre de jeu\u00a0\u00bb en 2019, la Communaut\u00e9 d&rsquo;Agglom\u00e9ration de <strong>Saint-Quentin-en-Yvelines<\/strong> regroupe 12 communes des Yvelines et pr\u00e8s de 230 000 habitants. Elle sera \u00e0 l&rsquo;\u00e9t\u00e9 prochain le terrain des \u00e9preuves de <strong>cyclisme sur piste<\/strong> et <strong>para cyclisme sur piste<\/strong>, de <strong>BMX<\/strong>, de <strong>VTT<\/strong> et de<strong> golf<\/strong> et s&rsquo;appr\u00eate donc \u00e0 accueillir pr\u00e8s de 300 000 visiteurs venant du monde entier. Parmi ces communes, la ville de <strong>Montigny-le-Bretonneux<\/strong>, suscite les attentions. Elle sera l&rsquo;un des points de passages obligatoires vers les sites d&rsquo;\u00e9preuves (dont certains se trouvent sur son territoire) gr\u00e2ce \u00e0 la gare de Saint-Quentin-en-Yvelines. Entre initiatives locales, r\u00e9p\u00e9titions g\u00e9n\u00e9rales et implication des \u00e9tablissements scolaires, immergeons-nous dans le quotidien de la commune et de ses habitants.<\/p>\n<h2 style=\"text-align: justify;\">Un engouement de plus en plus pr\u00e9sent<\/h2>\n<p style=\"text-align: justify;\">En circulant dans les rues de la ville, il n&rsquo;est pas rare d&rsquo;apercevoir des affiches bleues sur lesquelles on peut lire \u00ab\u00a0<em>Parcourir Montigny<\/em>\u00a0\u00bb et distinguer discr\u00e8tement les <strong>logos de Paris 2024<\/strong> adoss\u00e9s \u00e0 celui de la commune. La course, qui s&rsquo;est d\u00e9roul\u00e9e le dimanche 12 novembre, est le fruit d&rsquo;une coop\u00e9ration entre le service des sports et le club d&rsquo;athl\u00e9tisme de la ville. Sur des parcours de 5 ou 10 kilom\u00e8tres, l&rsquo;objectif est de d\u00e9couvrir la commune et lui offrir de la visibilit\u00e9 en impliquant les habitants ou en les incitant \u00e0 participer. Derri\u00e8re ce but premier, l&rsquo;ambition est \u00e9galement de cr\u00e9er un engouement pour les <strong>Jeux Olympiques et Paralympiques<\/strong> et de favoriser la coh\u00e9sion et l&rsquo;adh\u00e9sion \u00e0 cet \u00e9v\u00e8nement.<\/p>\n<blockquote class=\"twitter-tweet\">\n<p dir=\"ltr\" lang=\"fr\">\ud83c\udfc3\u200d\u2640\ufe0f\ud83c\udfc6 Parcourir Montigny est l\u2019occasion pour les enfants, les amateurs comme les plus aguerris de se d\u00e9penser le temps d\u2019une course \u00e0 travers la ville !<\/p>\n<p>\ud83d\udda5\ufe0f R\u00e9servez votre place pour cette aventure sportive mais attention, les places sont limit\u00e9es !<\/p>\n<p>\ud83d\udc49 <a href=\"https:\/\/t.co\/vPpgM5OXhc\">https:\/\/t.co\/vPpgM5OXhc<\/a> <a href=\"https:\/\/t.co\/B0iczjb1uN\">pic.twitter.com\/B0iczjb1uN<\/a><\/p>\n<p>\u2014 Ville de Montigny-le-Bretonneux (@VilleMontigny78) <a href=\"https:\/\/twitter.com\/VilleMontigny78\/status\/1721951628205445360?ref_src=twsrc%5Etfw\">November 7, 2023<\/a><\/p><\/blockquote>\n<p><script async src=\"https:\/\/platform.twitter.com\/widgets.js\" charset=\"utf-8\"><\/script><\/p>\n<p style=\"text-align: justify;\">Il s&rsquo;agit l\u00e0 du point de d\u00e9part d&rsquo;une <a href=\"https:\/\/www.montigny78.fr\/notre-ville\/portrait-de-ville\/collectivite-hote-jop24\/\">longue liste de manifestations et de temps forts pr\u00e9vus d&rsquo;ici l&rsquo;\u00e9t\u00e9 prochain<\/a> \u00e0 destination des Ignymontains. Outre l&rsquo;inauguration de promenades dont l&rsquo;itin\u00e9raire forme les lettres \u00ab\u00a0JOP\u00a0\u00bb dans chacun des huit quartiers de la ville, le point d&rsquo;orgue des festivit\u00e9s devrait \u00eatre l&rsquo;organisation d&rsquo;une \u00ab\u00a0Color Run\u00a0\u00bb de 5 kilom\u00e8tres en mai prochain, associ\u00e9 \u00e0 la pr\u00e9sence d&rsquo;un <strong>village olympique<\/strong> qui proposera de nombreuses animations et initiations. Parmi ces derni\u00e8res, le <strong>handisport<\/strong> occupera une place importante \u00e9tant au coeur de la politique sportive de la commune.<\/p>\n<h2 style=\"text-align: justify;\">Favoriser l&rsquo;inclusion et sensibiliser les administr\u00e9s au handicap<\/h2>\n<p style=\"text-align: justify;\">Contact\u00e9e, <strong>Hannah Reding<\/strong>, charg\u00e9e de projet <strong>Jeux Olympiques et Paralympiques 2024<\/strong> au service des sports de Montigny, insiste sur le point pr\u00e9c\u00e9dent : <em>\u00ab<\/em> <em>il est essentiel de favoriser l&rsquo;inclusion et pouvoir proposer du sport pour tous, peu importe les capacit\u00e9s de chacun \u00bb<\/em>. L&rsquo;an dernier d\u00e9j\u00e0, la ville a propos\u00e9 diff\u00e9rentes initiations qui ont eu des retours tr\u00e8s positifs notamment en ce qui concerne le jeune public : <em>\u00ab<\/em> <em>les enfants adorent, cela les sort de l&rsquo;ordinaire et leur permet une prise de conscience \u00bb<\/em>. Ainsi, Montigny-le-Bretonneux organise depuis quelques ann\u00e9es des initiations au <strong>volleyball<\/strong> assis, au <strong>para tennis de table<\/strong> ou au<strong> tennis fauteuil<\/strong> dans diff\u00e9rents cadres. La ville met ainsi en avant ses sportifs handisport \u00e0 l&rsquo;image de <strong>Lucie Hauti\u00e8re<\/strong>, <a href=\"https:\/\/www.ibelieveinyou.fr\/fr\/project\/915\/objectif-top-8-mondial-pour-lucie\">qui vise la qualification aux Jeux Paralympiques en para tennis de table<\/a>.<\/p>\n<p style=\"text-align: justify;\">Dans cette perspective olympique et paralympique, la ville et les collectivit\u00e9s s&rsquo;attellent \u00e0 optimiser l&rsquo;accessibilit\u00e9 des lieux publics pour favoriser l&rsquo;accueil des personnes \u00e0 mobilit\u00e9 r\u00e9duite et se conformer aux r\u00e9glementations PMR en vigueur. Cela passe ainsi par la r\u00e9habilitation d&rsquo;\u00e9quipements obsol\u00e8tes, la construction de rampes ou l&rsquo;installation d&rsquo;ascenseurs comme c&rsquo;est le cas notamment de la gare de <strong>Saint-Quentin-en-Yvelines<\/strong>.<\/p>\n<h2 style=\"text-align: justify;\">Un d\u00e9fi majeur en perspective en ce qui concerne les transports et la s\u00e9curit\u00e9<\/h2>\n<p style=\"text-align: justify;\">Au sujet de la gare, un sujet majeur monopolise les d\u00e9bats. Comment accueillir un public en nombre et assurer la s\u00e9curit\u00e9 d&rsquo;un \u00e9v\u00e8nement qui va polariser les flux de touristes pendant les quatre semaines que repr\u00e9sentent les <strong>Jeux Olympiques<\/strong> (26 juillet &#8211; 11 ao\u00fbt) et les <strong>Jeux Paralympiques<\/strong> (28 ao\u00fbt &#8211; 8 septembre) ? Cette question, il est \u00e9vident que les services publics et priv\u00e9s de l&rsquo;agglom\u00e9ration se la posent depuis des mois. Concernant l&rsquo;accessibilit\u00e9, <strong>la gare de Saint-Quentin-en-Yvelines<\/strong>\u00a0(RER C, lignes N et U, 33 lignes de bus) va devoir s&rsquo;adapter \u00e0 une affluence massive. Des travaux ont ainsi lieu depuis 2020. Leur but est de limiter l&rsquo;effet d&rsquo;entonnoir caus\u00e9 par le passage souterrain, seul moyen pour acc\u00e9der aux quais. L&rsquo;id\u00e9e est donc de d\u00e9saturer cet acc\u00e8s par de nouveaux passages via une passerelle passant au dessus des quais, deux travelators et trois ascenseurs.<\/p>\n<p style=\"text-align: justify;\">Ainsi, le projet a n\u00e9cessit\u00e9 plus de <strong>43,3 millions d&rsquo;euros<\/strong> <a href=\"https:\/\/meslignesnetu.transilien.com\/accessibilite-gare-sqy\/\">investis par l&rsquo;Etat, \u00cele-de-France Mobilit\u00e9s, la SNCF et la r\u00e9gion \u00cele de France<\/a>. Alors que les Jeux d\u00e9butent dans neuf mois, la priorit\u00e9 est d&rsquo;avoir une gare pr\u00eate et parfaitement op\u00e9rationnelle d&rsquo;ici l&rsquo;\u00e9t\u00e9. Concernant la s\u00e9curit\u00e9, il semble \u00e9vident que le dispositif policier sera renforc\u00e9 et que des personnels seront r\u00e9quisitionn\u00e9s en plus des compagnies de s\u00e9curit\u00e9 priv\u00e9es. Ces derniers seront notamment en charge des contr\u00f4les d&rsquo;acc\u00e8s aux sites. <strong>Hannah Reding<\/strong> pr\u00e9cise ainsi que le d\u00e9fi majeur que repr\u00e9sente la s\u00e9curit\u00e9, est au coeur de la planification des collectivit\u00e9s.<\/p>\n<h2 style=\"text-align: justify;\">Une ville exp\u00e9riment\u00e9e en ce qui concerne l&rsquo;organisation de manifestations sportives de grande ampleur<\/h2>\n<p style=\"text-align: justify;\">Afin d&rsquo;aiguiller les spectateurs vers les diff\u00e9rents sites de comp\u00e9titions, la ville peut mettre en avant ses pr\u00e9c\u00e9dents en mati\u00e8re d&rsquo;organisation de grands \u00e9v\u00e8nements. En 2018, <strong>280 000 spectateurs ont assist\u00e9 \u00e0 la Ryder Cup<\/strong> au golf national. Pour l&rsquo;occasion, un syst\u00e8me de <strong>navettes gratuites<\/strong> acheminait les spectateurs de la gare au golf national. Ce succ\u00e8s logistique a \u00e9t\u00e9 reconduit en septembre \u00e0 l&rsquo;occasion du <strong>test event en VTT<\/strong>, sur la <strong>Colline d&rsquo;Elancourt<\/strong>. Loin de la mar\u00e9e humaine de 2018, il fallait cette fois-ci acheminer \u00e0 bon port la plupart des 3000 spectateurs. Il s&rsquo;agissait toutefois d&rsquo;un d\u00e9fi dans la mesure o\u00f9 le site retenu pour les \u00e9preuves de <strong>VTT<\/strong> est le plus lointain des sites franciliens (\u00e0 22 kilom\u00e8tres de Paris \u00e0 vol d&rsquo;oiseau et \u00e0 huit kilom\u00e8tres de la gare de Saint-Quentin-en-Yvelines).<\/p>\n<p style=\"text-align: justify;\">Outre sa distance et son isolement relatif, la <strong>Colline d&rsquo;Elancourt<\/strong> ne dispose pas de parking. Hormis les transports en commun et les navettes, les seuls moyens d&rsquo;y acc\u00e9der sont les <strong>mobilit\u00e9s douces<\/strong> (marche, v\u00e9lo&#8230;). Ainsi, lors de la r\u00e9p\u00e9tition g\u00e9n\u00e9rale fin septembre, 400 des 3000 spectateurs se sont rendus sur place en v\u00e9lo. Concernant les \u00e9preuves de <strong>cyclisme sur piste<\/strong> et de <strong>BMX<\/strong>, le <strong>V\u00e9lodrome National<\/strong> et l&rsquo;<strong>ar\u00e8ne de BMX<\/strong> sont accessibles \u00e0 pied depuis la gare. Un large panel de b\u00e9n\u00e9voles de la ville et de Paris 2024 sera ainsi d\u00e9ploy\u00e9, dans la gare, sur le chemin et dans un rayon d&rsquo;un kilom\u00e8tre afin d&rsquo;aiguiller les spectateurs.<\/p>\n<p style=\"text-align: justify;\">Les <strong>Championnats du monde de cyclisme sur piste 2015 et 2022<\/strong>, ainsi que les <strong>Championnats d&rsquo;Europe en 2016<\/strong> ont confirm\u00e9 les capacit\u00e9s de la ville et de l&rsquo;agglom\u00e9ration \u00e0 absorber un afflux important de personnes et \u00e0 les encadrer pour rejoindre le v\u00e9lodrome.<\/p>\n<div id=\"attachment_437495\" style=\"width: 2010px\" class=\"wp-caption aligncenter\"><img loading=\"lazy\" decoding=\"async\" aria-describedby=\"caption-attachment-437495\" class=\"size-full wp-image-437495\" src=\"https:\/\/dicodusport.fr\/blog\/wp-content\/uploads\/2023\/11\/Le-Velodrome-de-Saint-Quentin-en-Yvelines-lors-des-Mondiaux-de-Cyclisme-sur-piste-2022.jpg\" alt=\"Le V\u00e9lodrome de Saint-Quentin-en-Yvelines lors des Mondiaux de Cyclisme sur piste 2022\" width=\"2000\" height=\"1500\" srcset=\"https:\/\/dicodusport.fr\/blog\/wp-content\/uploads\/2023\/11\/Le-Velodrome-de-Saint-Quentin-en-Yvelines-lors-des-Mondiaux-de-Cyclisme-sur-piste-2022.jpg 2000w, https:\/\/dicodusport.fr\/blog\/wp-content\/uploads\/2023\/11\/Le-Velodrome-de-Saint-Quentin-en-Yvelines-lors-des-Mondiaux-de-Cyclisme-sur-piste-2022-300x225.jpg 300w, https:\/\/dicodusport.fr\/blog\/wp-content\/uploads\/2023\/11\/Le-Velodrome-de-Saint-Quentin-en-Yvelines-lors-des-Mondiaux-de-Cyclisme-sur-piste-2022-1024x768.jpg 1024w, https:\/\/dicodusport.fr\/blog\/wp-content\/uploads\/2023\/11\/Le-Velodrome-de-Saint-Quentin-en-Yvelines-lors-des-Mondiaux-de-Cyclisme-sur-piste-2022-768x576.jpg 768w, https:\/\/dicodusport.fr\/blog\/wp-content\/uploads\/2023\/11\/Le-Velodrome-de-Saint-Quentin-en-Yvelines-lors-des-Mondiaux-de-Cyclisme-sur-piste-2022-1536x1152.jpg 1536w\" sizes=\"auto, (max-width: 2000px) 100vw, 2000px\" \/><p id=\"caption-attachment-437495\" class=\"wp-caption-text\">Le V\u00e9lodrome de Saint-Quentin-en-Yvelines lors des Mondiaux de Cyclisme sur piste 2022 &#8211; Photo Victor Clot-Amiot<\/p><\/div>\n<h2>Des \u00e9v\u00e8nements tests<\/h2>\n<p style=\"text-align: justify;\">Outre le <strong>test event de VTT<\/strong>, d&rsquo;autres manifestations permettront \u00e0 l&rsquo;agglom\u00e9ration et \u00e0 la ville de <strong>Montigny-le-Bretonneux<\/strong> de perfectionner son dispositif d&rsquo;accueil. <a href=\"https:\/\/dicodusport.fr\/blog\/para-tennis-de-table-saint-quentin-en-yvelines-14-medailles-francaises\/\">Ainsi, du jeudi 9 au dimanche 12 novembre, le v\u00e9lodrome a accueilli le <strong>SQY Para TT French Open 2023<\/strong><\/a>, l&rsquo;un des tournois de <strong>para tennis de table<\/strong> les plus importants au monde et crucial dans la course \u00e0 la qualification paralympique. La semaine derni\u00e8re, toujours au m\u00eame endroit, les meilleurs pistards de la plan\u00e8te avaient pos\u00e9 leurs valises le temps de l&rsquo;\u00e9tape fran\u00e7aise de l&rsquo;<strong>UCI Track Champions League<\/strong>.<\/p>\n<blockquote class=\"twitter-tweet\">\n<p dir=\"ltr\" lang=\"fr\">SQY PING 9-12 NOVEMBRE 2023<br \/>\nSaint-Quentin-en-Yvelines va troquer, le temps d\u2019une comp\u00e9tition, sa traditionnelle piste contre les tables du tennis de table handisport avec le Tournoi International SQY Para TT 2023. En savoir + \ud83d\udc49 <a href=\"https:\/\/t.co\/MLJFVEzu5o\">https:\/\/t.co\/MLJFVEzu5o<\/a><a href=\"https:\/\/twitter.com\/hashtag\/HandisportPerformance?src=hash&amp;ref_src=twsrc%5Etfw\">#HandisportPerformance<\/a> <a href=\"https:\/\/t.co\/oRyfBBSBGW\">pic.twitter.com\/oRyfBBSBGW<\/a><\/p>\n<p>\u2014 FFHandisport (@FFHandisport) <a href=\"https:\/\/twitter.com\/FFHandisport\/status\/1721781502193606768?ref_src=twsrc%5Etfw\">November 7, 2023<\/a><\/p><\/blockquote>\n<p><script async src=\"https:\/\/platform.twitter.com\/widgets.js\" charset=\"utf-8\"><\/script><\/p>\n<p style=\"text-align: justify;\">Concernant le <strong>BMX<\/strong>, il faut remonter \u00e0 2019 pour avoir la trace d&rsquo;une \u00e9preuve de <strong>Coupe du monde de BMX<\/strong>. Si aucun test event ou manche de Coupe du monde ne sont pr\u00e9vus d&rsquo;ici les Jeux, Hannah Reding n&rsquo;exclue pas pour autant que certains \u00e9v\u00e8nements mineurs s&rsquo;y tiennent afin de pr\u00e9parer l&rsquo;\u00e9ch\u00e9ance estivale. Ainsi, l&rsquo;heure est \u00e0 l&rsquo;optimisme. Les infrastructures sont toutes, ou presque, pr\u00eates et fonctionnelles, les dispositifs d&rsquo;accueil et d&rsquo;accessibilit\u00e9 ont d\u00e9j\u00e0 fait leurs preuves et le <strong>test event de VTT<\/strong> a permis de recenser les besoins des athl\u00e8tes et les retours des spectateurs. D&rsquo;\u00e9ventuels ajustements n\u00e9cessaires pourraient ainsi \u00eatre mis en place d&rsquo;ici juillet.<\/p>\n<h2 style=\"text-align: justify;\">Des r\u00e9serves li\u00e9es \u00e0 l&rsquo;h\u00e9bergement<\/h2>\n<p style=\"text-align: justify;\">Si les sites d&rsquo;\u00e9preuves semblent pr\u00eats et que la communaut\u00e9 d&rsquo;agglom\u00e9ration semble en mesure d&rsquo;absorber un flux de touristes quotidien sur quinze jours cons\u00e9cutifs entre juillet et ao\u00fbt et sur quatre jours d\u00e9but septembre, l&rsquo;offre h\u00f4teli\u00e8re reste restreinte. Les \u00e9tablissements \u00e0 proximit\u00e9 du V\u00e9lodrome risquent d&rsquo;\u00eatre occup\u00e9s par des f\u00e9d\u00e9rations ou des proches des athl\u00e8tes qui ne pourraient pas r\u00e9sider au Village Olympique. <strong>La quasi-totalit\u00e9 des h\u00f4tels affichent ainsi d\u00e9j\u00e0 complets<\/strong> ou ne sont pas r\u00e9servables entre mi-juillet et mi-ao\u00fbt.<\/p>\n<p style=\"text-align: justify;\">La question de l&rsquo;h\u00e9bergement revient souvent dans les discussions des Ignymontains. La mairie a ainsi re\u00e7u un grand nombre de demandes de renseignements sur la possibilit\u00e9 de mettre son logement en location pendant les Jeux. En tant que partenaire des Jeux Olympiques et Paralympiques 2024, <strong>Airbnb<\/strong> est d&rsquo;ores et d\u00e9j\u00e0 tr\u00e8s pris\u00e9 des habitants. Ainsi, sur la plateforme, il faut compter le plus souvent pr\u00e8s de 200\u20ac la nuit pour une chambre chez un particulier (soit plus de 3 000\u20ac sur la quinzaine) et entre 500\u20ac et 1 300\u20ac la nuit pour un logement entier. Pour les quinze jours, la facture oscille ainsi entre 8000 et plus de 21 000\u20ac. Montigny n&rsquo;est pas un cas isol\u00e9 puisque ce ph\u00e9nom\u00e8ne se rencontre \u00e9galement dans Paris, en banlieue parisienne et dans les communes p\u00e9riurbaines situ\u00e9es sur un axe de transport.<\/p>\n<div id=\"attachment_437496\" style=\"width: 1433px\" class=\"wp-caption aligncenter\"><img loading=\"lazy\" decoding=\"async\" aria-describedby=\"caption-attachment-437496\" class=\"size-full wp-image-437496\" src=\"https:\/\/dicodusport.fr\/blog\/wp-content\/uploads\/2023\/11\/Prix-des-logements-a-Montigny-le-Bretonneux-durant-la-periode-des-JO-de-Paris.png\" alt=\"Prix des logements \u00e0 Montigny-le-Bretonneux durant la p\u00e9riode des JO de Paris\" width=\"1423\" height=\"756\" srcset=\"https:\/\/dicodusport.fr\/blog\/wp-content\/uploads\/2023\/11\/Prix-des-logements-a-Montigny-le-Bretonneux-durant-la-periode-des-JO-de-Paris.png 1423w, https:\/\/dicodusport.fr\/blog\/wp-content\/uploads\/2023\/11\/Prix-des-logements-a-Montigny-le-Bretonneux-durant-la-periode-des-JO-de-Paris-300x159.png 300w, https:\/\/dicodusport.fr\/blog\/wp-content\/uploads\/2023\/11\/Prix-des-logements-a-Montigny-le-Bretonneux-durant-la-periode-des-JO-de-Paris-1024x544.png 1024w, https:\/\/dicodusport.fr\/blog\/wp-content\/uploads\/2023\/11\/Prix-des-logements-a-Montigny-le-Bretonneux-durant-la-periode-des-JO-de-Paris-768x408.png 768w\" sizes=\"auto, (max-width: 1423px) 100vw, 1423px\" \/><p id=\"caption-attachment-437496\" class=\"wp-caption-text\">Prix des logements \u00e0 Montigny-le-Bretonneux durant la p\u00e9riode des JO de Paris &#8211; Capture d&rsquo;\u00e9cran Airbnb<\/p><\/div>\n<h2>Des op\u00e9rations de recrutement<\/h2>\n<p style=\"text-align: justify;\">V\u00e9ritable enjeu \u00e9conomique pour la ville et la communaut\u00e9 d&rsquo;agglom\u00e9ration, la question du logement n&rsquo;est pas la seule \u00e0 attiser l&rsquo;int\u00e9r\u00eat des habitants. Le <strong>V\u00e9lodrome National<\/strong> sera transform\u00e9, le 21 novembre en salle d&rsquo;entretien d&#8217;embauche g\u00e9ante \u00e0 l&rsquo;occasion de l&rsquo;op\u00e9ration \u00ab\u00a0<strong>Les Jeux recrutent<\/strong>\u00ab\u00a0. Ainsi, la collectivit\u00e9, en partenariat avec P\u00f4le Emploi, proposera pr\u00e8s de <strong>38 000 emplois en CDD ou en CDI<\/strong> dans les domaines de la s\u00e9curit\u00e9 priv\u00e9e et de l&rsquo;h\u00f4tellerie-restauration principalement mais aussi dans les domaines des transports, de la logistique et du nettoyage.<\/p>\n<p style=\"text-align: justify;\">Avec un taux de ch\u00f4mage sup\u00e9rieur \u00e0 la moyenne nationale (10,3% des 15-64 ans dans l&rsquo;agglom\u00e9ration contre 7,3% \u00e0 l&rsquo;\u00e9chelle nationale) et des in\u00e9galit\u00e9s fortes entre les communes (16% \u00e0 Trappes et La Verri\u00e8re contre moins de 6% \u00e0 Voisins-le-Bretonneux), il s&rsquo;agit d&rsquo;une opportunit\u00e9 int\u00e9ressante pour les habitants d&rsquo;une agglom\u00e9ration jeune puisque 4 habitants sur 10 ont moins de 30 ans.<\/p>\n<div id=\"attachment_437497\" style=\"width: 860px\" class=\"wp-caption aligncenter\"><img loading=\"lazy\" decoding=\"async\" aria-describedby=\"caption-attachment-437497\" class=\"size-full wp-image-437497\" src=\"https:\/\/dicodusport.fr\/blog\/wp-content\/uploads\/2023\/11\/Affiche-de-recrutement-en-vue-des-JO-de-Paris.jpg\" alt=\"Affiche de recrutement en vue des JO de Paris\" width=\"850\" height=\"523\" srcset=\"https:\/\/dicodusport.fr\/blog\/wp-content\/uploads\/2023\/11\/Affiche-de-recrutement-en-vue-des-JO-de-Paris.jpg 850w, https:\/\/dicodusport.fr\/blog\/wp-content\/uploads\/2023\/11\/Affiche-de-recrutement-en-vue-des-JO-de-Paris-300x185.jpg 300w, https:\/\/dicodusport.fr\/blog\/wp-content\/uploads\/2023\/11\/Affiche-de-recrutement-en-vue-des-JO-de-Paris-768x473.jpg 768w\" sizes=\"auto, (max-width: 850px) 100vw, 850px\" \/><p id=\"caption-attachment-437497\" class=\"wp-caption-text\">Affiche de recrutement en vue des JO de Paris &#8211; Via P\u00f4le Emploi<\/p><\/div>\n<h2>Les Jeux Olympiques \u00e0 l&rsquo;\u00e9cole<\/h2>\n<p style=\"text-align: justify;\">Dans une agglom\u00e9ration caract\u00e9ris\u00e9e par une population jeune, l&rsquo;\u00e9cole a un r\u00f4le cl\u00e9 \u00e0 jouer aupr\u00e8s des \u00e9l\u00e8ves de la maternelle jusqu&rsquo;au lyc\u00e9e. Pour les plus petits, la ville de <strong>Montigny-le-Bretonneux<\/strong> organise des jeux d&rsquo;opposition qui sont une initiation aux arts martiaux. S&rsquo;il n&rsquo;y a pas r\u00e9ellement de lien avec les <strong>Jeux Olympiques<\/strong>, il s&rsquo;agit, pour les \u00e9l\u00e8ves de maternelle, d&rsquo;un premier contact avec l&rsquo;univers du sport. Pour les plus grands, de l&rsquo;\u00e9l\u00e9mentaire au lyc\u00e9e, diverses actions sont men\u00e9es depuis les derni\u00e8res ann\u00e9es, notamment des s\u00e9ances de sensibilisation et d&rsquo;initiation au handisport. Par ailleurs, en 2024, le service des sports de Montigny-le-Bretonneux a pour objectif d&rsquo;organiser une <strong>mini-olympiade<\/strong> pour tous les \u00e2ges, avec les \u00e9tablissements scolaires, afin de marquer l&rsquo;arriv\u00e9e prochaine des Jeux dans la commune.<\/p>\n<h2>La Classe Olympique du lyc\u00e9e Emilie de Breteuil<\/h2>\n<p style=\"text-align: justify;\">Le <strong>lyc\u00e9e Emilie de Breteuil <\/strong>\u00e0<strong> Montigny-le-Bretonneux<\/strong> accueille lui des jeunes issus de toute la communaut\u00e9 d&rsquo;agglom\u00e9ration. Il a pris le parti d&rsquo;int\u00e9grer pleinement l&rsquo;\u00e9ch\u00e9ance olympique dans ses diff\u00e9rents projets annuels. Ainsi, \u00e0 l&rsquo;initiative des professeurs d&rsquo;EPS, le lyc\u00e9e a obtenu le label \u00ab\u00a0<strong>G\u00e9n\u00e9ration 2024<\/strong>\u00a0\u00bb qui permet de renforcer les liens entre le monde scolaire et sportif. Par ailleurs, une classe de seconde a obtenu le label \u00ab\u00a0<strong>Classe Olympique<\/strong>\u00a0\u00bb par le <strong>CNOSF<\/strong> pour l&rsquo;ann\u00e9e 2023-2024.<\/p>\n<blockquote class=\"twitter-tweet\">\n<p dir=\"ltr\" lang=\"fr\">\u27a1\ufe0f Tr\u00e8s heureux d&rsquo;avoir obtenu le label \u00ab\u00a0Classe Olympique\u00a0\u00bb du CNOSF <a href=\"https:\/\/twitter.com\/FranceOlympique?ref_src=twsrc%5Etfw\">@FranceOlympique<\/a> et de pouvoir porter ce projet avec ma classe de 2de <a href=\"https:\/\/twitter.com\/lycee_edb?ref_src=twsrc%5Etfw\">@lycee_edb<\/a> \u00e0 la rentr\u00e9e \ud83d\ude01<\/p>\n<p>Une s\u00e9rie d&rsquo;actions est pr\u00e9vue afin d&rsquo;initier les \u00e9l\u00e8ves \u00e0 l&rsquo;Olympisme et ses valeurs en cette ann\u00e9e de <a href=\"https:\/\/twitter.com\/hashtag\/JO2024?src=hash&amp;ref_src=twsrc%5Etfw\">#JO2024<\/a> \ud83c\udfc5 <a href=\"https:\/\/t.co\/dZbh4Bg2Vc\">pic.twitter.com\/dZbh4Bg2Vc<\/a><\/p>\n<p>\u2014 Victor CLOT-AMIOT (@VictorClotAmiot) <a href=\"https:\/\/twitter.com\/VictorClotAmiot\/status\/1671561641534554125?ref_src=twsrc%5Etfw\">June 21, 2023<\/a><\/p><\/blockquote>\n<p><script async src=\"https:\/\/platform.twitter.com\/widgets.js\" charset=\"utf-8\"><\/script><\/p>\n<p style=\"text-align: justify;\">Port\u00e9 par plusieurs professeurs de la classe, le projet repose sur quatre axes qui sont premi\u00e8rement d&rsquo;organiser une<strong> rencontre sportive<\/strong> dans le but de r\u00e9colter des fonds afin de permettre \u00e0 une association locale, choisie par les \u00e9l\u00e8ves de financer des places aux <strong>Jeux Paralympiques<\/strong>. Le deuxi\u00e8me axe repose sur l&rsquo;organisation d&rsquo;une <strong>exposition<\/strong> sur les liens entre les enseignements de la classe de seconde et les Jeux Olympiques. Dans le troisi\u00e8me axe, <strong>les \u00e9l\u00e8ves testeront des sports olympiques et paralympiques<\/strong> \u00e0 l&rsquo;image du tennis-fauteuil.<\/p>\n<p style=\"text-align: justify;\">Enfin, le dernier axe s&rsquo;inscrit dans le <strong>parcours orientation<\/strong> des \u00e9l\u00e8ves. Il vise \u00e0 <strong>organiser des rencontres entre ceux-ci et des sportifs et professionnels des m\u00e9tiers du sport<\/strong>. L&rsquo;id\u00e9e est de leur permettre d&rsquo;\u00e9changer sur les caract\u00e9ristiques de ces m\u00e9tiers, les parcours respectifs des intervenants et de susciter des vocations. Au mois d&rsquo;octobre, les \u00e9l\u00e8ves ont ainsi rencontr\u00e9 <strong>Martin Balucha<\/strong>, correspondant en France pour la radio publique tch\u00e8que, charg\u00e9 notamment de couvrir les Jeux Olympiques.<\/p>\n<blockquote class=\"twitter-tweet\">\n<p dir=\"ltr\" lang=\"fr\">Dans le cadre de la classe olympique, les \u00e9l\u00e8ves de 2-5 ont eu la chance de rencontrer Martin Balucha, correspondant en France pour la radio publique tch\u00e8que <a href=\"https:\/\/twitter.com\/CRozhlas?ref_src=twsrc%5Etfw\">@CRozhlas<\/a> . Ce fut l\u2019occasion d\u2019\u00e9changer sur les projets pr\u00e9vus et sur le m\u00e9tier de journaliste sportif. <a href=\"https:\/\/t.co\/eNOcbPOY1g\">pic.twitter.com\/eNOcbPOY1g<\/a><\/p>\n<p>\u2014 Lyc\u00e9e Emilie de Breteuil (@lycee_edb) <a href=\"https:\/\/twitter.com\/lycee_edb\/status\/1721637798984155645?ref_src=twsrc%5Etfw\">November 6, 2023<\/a><\/p><\/blockquote>\n<p><script async src=\"https:\/\/platform.twitter.com\/widgets.js\" charset=\"utf-8\"><\/script><\/p>\n<h2 style=\"text-align: justify;\">Des rencontres pr\u00e9vues pour les \u00e9l\u00e8ves<\/h2>\n<p style=\"text-align: justify;\">Prochainement, le 27 novembre, <strong>L\u00e9na Kandissounon<\/strong>, championne de France en titre du 800 m\u00e8tres et qualifi\u00e9e aux derniers <strong>Championnats du monde d&rsquo;athl\u00e9tisme<\/strong> \u00e0 Budapest, viendra rencontrer les \u00e9l\u00e8ves. Pour cette occasion, ils discuteront notamment autour de ses espoirs de qualification olympique et les exigences de la vie de sportive de haut niveau, notamment en ce qui concerne l&rsquo;alternance entre l&rsquo;entra\u00eenement et les \u00e9tudes.<\/p>\n<p style=\"text-align: justify;\">Chaque semaine en outre, les \u00e9l\u00e8ves pr\u00e9sentent \u00e0 leurs camarades, en cinq minutes, un sujet de leur choix autour des Jeux Olympiques (les exploits d&rsquo;Usain Bolt, la question de la s\u00e9curit\u00e9 et des transports pour Paris 2024, la premi\u00e8re participation des femmes en 1900 et la marche vers la parit\u00e9, les JO de 1936 et Jesse Owens&#8230;). Le dispositif semble recevoir l&rsquo;adh\u00e9sion des \u00e9l\u00e8ves \u00e0 l&rsquo;image d&rsquo;Ambre, \u00e9l\u00e8ve de la classe et membre de la section cyclisme qui consid\u00e8re ce projet comme une chance. <em>\u00ab Ici \u00e0 Montigny, on a cette possibilit\u00e9 de rencontrer des professionnels des m\u00e9tiers du sport et des sportifs. En Franche-Comt\u00e9, d&rsquo;o\u00f9 je viens, on n&rsquo;avait pas tout \u00e7a \u00bb<\/em>.<\/p>\n<p style=\"text-align: justify;\">Elle qui repr\u00e9sentait la France dans les cat\u00e9gories jeunes, en <strong>BMX<\/strong>, cet \u00e9t\u00e9 aux <strong>Championnats du monde de cyclisme 2023<\/strong> ajoute : <em>\u00ab Cela et le fait que je vois beaucoup d&rsquo;affichages autour du v\u00e9lodrome et que la piste du stade de BMX est en train de se pr\u00e9parer, cela nous plonge dans l&rsquo;ambiance \u00bb<\/em>. Pour Clara, sa camarade, ce projet pr\u00e9sente une plus-value en plus de sa pratique : <em>\u00ab Je fais du volley et du futsal depuis toute petite. L\u00e0, cela me permet d&rsquo;en apprendre sur le sport et l&rsquo;histoire des Jeux. C&rsquo;est une chance, <a href=\"https:\/\/cnosf.franceolympique.com\/cnosf\/actus\/8893-les-classes-olympique.html\">on est le seul lyc\u00e9e des Yvelines \u00e0 avoir ce label<\/a> \u00bb<\/em>.<\/p>\n<h2>Derni\u00e8re ligne droite<\/h2>\n<p style=\"text-align: justify;\">Ainsi, \u00e0 l&rsquo;image des actions scolaires et des manifestations sportives pr\u00e9vues d&rsquo;ici l&rsquo;\u00e9t\u00e9 prochain, la ville de <strong>Montigny-le-Bretonneux<\/strong> s&rsquo;est mise au diapason des <strong>Jeux Olympiques<\/strong>. La municipalit\u00e9 cherche constamment \u00e0 reforcer l&rsquo;adh\u00e9sion de ses administr\u00e9s en leur offrant un large \u00e9ventail d&rsquo;actions et en leur proposant de s&rsquo;impliquer dans le projet. Comme Paris et les autres villes qui accueilleront les Jeux sur tout le territoire, des d\u00e9fis importants sont n\u00e9anmoins \u00e0 relever. La ville et sa communaut\u00e9 d&rsquo;agglom\u00e9ration ont su, par le pass\u00e9, prouver leur capacit\u00e9 \u00e0 organiser de grands \u00e9v\u00e8nements et utiliseront ces pr\u00e9c\u00e9dents pour offrir aux visiteurs la meilleure exp\u00e9rience possible&#8230; sans pour autant n\u00e9gliger la qualit\u00e9 de vie de leurs propres habitants. L&rsquo;engouement devrait ainsi continuer de s&rsquo;intensifier d&rsquo;ici le passage de la flamme et la c\u00e9r\u00e9monie d&rsquo;ouverture le 26 juillet !<\/p>\n<blockquote class=\"twitter-tweet\">\n<p dir=\"ltr\" lang=\"fr\">\ud83d\udd25 NOUS SOMMES PR\u00caTS ! LA FLAMME OLYMPIQUE PASSERA \u00c0 MONTIGNY ! \ud83d\udd25 <a href=\"https:\/\/t.co\/4jjdGjN2Sh\">https:\/\/t.co\/4jjdGjN2Sh<\/a><\/p>\n<p>\u2014 Ville de Montigny-le-Bretonneux (@VilleMontigny78) <a href=\"https:\/\/twitter.com\/VilleMontigny78\/status\/1722970310138335649?ref_src=twsrc%5Etfw\">November 10, 2023<\/a><\/p><\/blockquote>\n<p><script async src=\"https:\/\/platform.twitter.com\/widgets.js\" charset=\"utf-8\"><\/script><\/p>\n","protected":false},"excerpt":{"rendered":"<p>Jeux Olympiques 2024 : Immersion au sein d&rsquo;une ville qui s&rsquo;appr\u00eate \u00e0 recevoir les Jeux Olympiques l&rsquo;\u00e9t\u00e9 prochain.<\/p>\n","protected":false},"author":91,"featured_media":437499,"comment_status":"open","ping_status":"closed","sticky":false,"template":"","format":"standard","meta":{"_acf_changed":false,"_daextam_enable_autolinks":"1","footnotes":""},"categories":[3251,8436],"tags":[16878,30151,12920,24],"class_list":["post-435972","post","type-post","status-publish","format-standard","has-post-thumbnail","hentry","category-enquete","category-jo-paris-2024","tag-breve","tag-jeux-paralympiques-2024","tag-jo-paris-2024","tag-sport"],"acf":[],"yoast_head":"<!-- This site is optimized with the Yoast SEO Premium plugin v26.7 (Yoast SEO v26.7) - https:\/\/yoast.com\/wordpress\/plugins\/seo\/ -->\n<title>Jeux de Paris 2024 : Comment l&#039;Agglom\u00e9ration de Saint-Quentin-en-Yvelines se pr\u00e9pare-t-elle ?<\/title>\n<meta name=\"description\" content=\"JO PARIS 2024 : Immersion au sein d&#039;une ville qui s&#039;appr\u00eate \u00e0 recevoir les Jeux Olympiques l&#039;\u00e9t\u00e9 prochain.\" \/>\n<meta name=\"robots\" content=\"index, follow, max-snippet:-1, max-image-preview:large, max-video-preview:-1\" \/>\n<link rel=\"canonical\" href=\"https:\/\/dicodusport.fr\/blog\/enquete-comment-saint-quentin-se-prepare-a-accueillir-les-jeux-olympiques\/\" \/>\n<meta property=\"og:locale\" content=\"fr_FR\" \/>\n<meta property=\"og:type\" content=\"article\" \/>\n<meta property=\"og:title\" content=\"Jeux de Paris 2024 : Comment l&#039;Agglom\u00e9ration de Saint-Quentin-en-Yvelines se pr\u00e9pare-t-elle ?\" \/>\n<meta property=\"og:description\" content=\"JO PARIS 2024 : Immersion au sein d&#039;une ville qui s&#039;appr\u00eate \u00e0 recevoir les Jeux Olympiques l&#039;\u00e9t\u00e9 prochain.\" \/>\n<meta property=\"og:url\" content=\"https:\/\/dicodusport.fr\/blog\/enquete-comment-saint-quentin-se-prepare-a-accueillir-les-jeux-olympiques\/\" \/>\n<meta property=\"og:site_name\" content=\"Dicodusport\" \/>\n<meta property=\"article:publisher\" content=\"https:\/\/www.facebook.com\/dicodusport\" \/>\n<meta property=\"article:published_time\" content=\"2023-11-16T10:00:44+00:00\" \/>\n<meta property=\"article:modified_time\" content=\"2023-11-16T12:50:20+00:00\" \/>\n<meta property=\"og:image\" content=\"https:\/\/dicodusport.fr\/blog\/wp-content\/uploads\/2023\/11\/JO-Paris-2024-Comment-lAgglomeration-de-Saint-Quentin-en-Yvelines-se-prepare-t-elle-.png\" \/>\n\t<meta property=\"og:image:width\" content=\"800\" \/>\n\t<meta property=\"og:image:height\" content=\"445\" \/>\n\t<meta property=\"og:image:type\" content=\"image\/png\" \/>\n<meta name=\"author\" content=\"Victor Clot-Amiot\" \/>\n<meta name=\"twitter:card\" content=\"summary_large_image\" \/>\n<meta name=\"twitter:title\" content=\"Jeux de Paris 2024 : Comment l&#039;Agglom\u00e9ration de Saint-Quentin-en-Yvelines se pr\u00e9pare-t-elle ?\" \/>\n<meta name=\"twitter:creator\" content=\"@https:\/\/x.com\/VictorClotAmiot\" \/>\n<meta name=\"twitter:site\" content=\"@dicodusport\" \/>\n<script type=\"application\/ld+json\" class=\"yoast-schema-graph\">{\"@context\":\"https:\/\/schema.org\",\"@graph\":[{\"@type\":\"NewsArticle\",\"@id\":\"https:\/\/dicodusport.fr\/blog\/enquete-comment-saint-quentin-se-prepare-a-accueillir-les-jeux-olympiques\/#article\",\"isPartOf\":{\"@id\":\"https:\/\/dicodusport.fr\/blog\/enquete-comment-saint-quentin-se-prepare-a-accueillir-les-jeux-olympiques\/\"},\"author\":{\"name\":\"Victor Clot-Amiot\",\"@id\":\"https:\/\/dicodusport.fr\/blog\/#\/schema\/person\/b623199cba9ba90fe84a3d16e9282360\"},\"headline\":\"Jeux de Paris 2024 : Comment l&rsquo;Agglom\u00e9ration de Saint-Quentin-en-Yvelines se pr\u00e9pare-t-elle ?\",\"datePublished\":\"2023-11-16T10:00:44+00:00\",\"dateModified\":\"2023-11-16T12:50:20+00:00\",\"mainEntityOfPage\":{\"@id\":\"https:\/\/dicodusport.fr\/blog\/enquete-comment-saint-quentin-se-prepare-a-accueillir-les-jeux-olympiques\/\"},\"wordCount\":3138,\"commentCount\":0,\"publisher\":{\"@id\":\"https:\/\/dicodusport.fr\/blog\/#organization\"},\"image\":{\"@id\":\"https:\/\/dicodusport.fr\/blog\/enquete-comment-saint-quentin-se-prepare-a-accueillir-les-jeux-olympiques\/#primaryimage\"},\"thumbnailUrl\":\"https:\/\/dicodusport.fr\/blog\/wp-content\/uploads\/2023\/11\/JO-Paris-2024-Comment-lAgglomeration-de-Saint-Quentin-en-Yvelines-se-prepare-t-elle-.png\",\"keywords\":[\"br\u00e8ve\",\"Jeux Paralympiques 2024\",\"JO Paris 2024\",\"sport\"],\"articleSection\":[\"Enqu\u00eate\",\"JO Paris 2024\"],\"inLanguage\":\"fr-FR\",\"potentialAction\":[{\"@type\":\"CommentAction\",\"name\":\"Comment\",\"target\":[\"https:\/\/dicodusport.fr\/blog\/enquete-comment-saint-quentin-se-prepare-a-accueillir-les-jeux-olympiques\/#respond\"]}],\"copyrightYear\":\"2023\",\"copyrightHolder\":{\"@id\":\"https:\/\/dicodusport.fr\/blog\/#organization\"}},{\"@type\":\"WebPage\",\"@id\":\"https:\/\/dicodusport.fr\/blog\/enquete-comment-saint-quentin-se-prepare-a-accueillir-les-jeux-olympiques\/\",\"url\":\"https:\/\/dicodusport.fr\/blog\/enquete-comment-saint-quentin-se-prepare-a-accueillir-les-jeux-olympiques\/\",\"name\":\"Jeux de Paris 2024 : Comment l'Agglom\u00e9ration de Saint-Quentin-en-Yvelines se pr\u00e9pare-t-elle ?\",\"isPartOf\":{\"@id\":\"https:\/\/dicodusport.fr\/blog\/#website\"},\"primaryImageOfPage\":{\"@id\":\"https:\/\/dicodusport.fr\/blog\/enquete-comment-saint-quentin-se-prepare-a-accueillir-les-jeux-olympiques\/#primaryimage\"},\"image\":{\"@id\":\"https:\/\/dicodusport.fr\/blog\/enquete-comment-saint-quentin-se-prepare-a-accueillir-les-jeux-olympiques\/#primaryimage\"},\"thumbnailUrl\":\"https:\/\/dicodusport.fr\/blog\/wp-content\/uploads\/2023\/11\/JO-Paris-2024-Comment-lAgglomeration-de-Saint-Quentin-en-Yvelines-se-prepare-t-elle-.png\",\"datePublished\":\"2023-11-16T10:00:44+00:00\",\"dateModified\":\"2023-11-16T12:50:20+00:00\",\"description\":\"JO PARIS 2024 : Immersion au sein d'une ville qui s'appr\u00eate \u00e0 recevoir les Jeux Olympiques l'\u00e9t\u00e9 prochain.\",\"breadcrumb\":{\"@id\":\"https:\/\/dicodusport.fr\/blog\/enquete-comment-saint-quentin-se-prepare-a-accueillir-les-jeux-olympiques\/#breadcrumb\"},\"inLanguage\":\"fr-FR\",\"potentialAction\":[{\"@type\":\"ReadAction\",\"target\":[\"https:\/\/dicodusport.fr\/blog\/enquete-comment-saint-quentin-se-prepare-a-accueillir-les-jeux-olympiques\/\"]}]},{\"@type\":\"ImageObject\",\"inLanguage\":\"fr-FR\",\"@id\":\"https:\/\/dicodusport.fr\/blog\/enquete-comment-saint-quentin-se-prepare-a-accueillir-les-jeux-olympiques\/#primaryimage\",\"url\":\"https:\/\/dicodusport.fr\/blog\/wp-content\/uploads\/2023\/11\/JO-Paris-2024-Comment-lAgglomeration-de-Saint-Quentin-en-Yvelines-se-prepare-t-elle-.png\",\"contentUrl\":\"https:\/\/dicodusport.fr\/blog\/wp-content\/uploads\/2023\/11\/JO-Paris-2024-Comment-lAgglomeration-de-Saint-Quentin-en-Yvelines-se-prepare-t-elle-.png\",\"width\":800,\"height\":445,\"caption\":\"JO Paris 2024 Comment l'Agglom\u00e9ration de Saint-Quentin-en-Yvelines se pr\u00e9pare-t-elle\"},{\"@type\":\"BreadcrumbList\",\"@id\":\"https:\/\/dicodusport.fr\/blog\/enquete-comment-saint-quentin-se-prepare-a-accueillir-les-jeux-olympiques\/#breadcrumb\",\"itemListElement\":[{\"@type\":\"ListItem\",\"position\":1,\"name\":\"Accueil\",\"item\":\"https:\/\/dicodusport.fr\/blog\/\"},{\"@type\":\"ListItem\",\"position\":2,\"name\":\"Jeux de Paris 2024 : Comment l&rsquo;Agglom\u00e9ration de Saint-Quentin-en-Yvelines se pr\u00e9pare-t-elle ?\"}]},{\"@type\":\"WebSite\",\"@id\":\"https:\/\/dicodusport.fr\/blog\/#website\",\"url\":\"https:\/\/dicodusport.fr\/blog\/\",\"name\":\"Dicodusport\",\"description\":\"L&#039;encyclop\u00e9die de l&#039;actualit\u00e9 sportive\",\"publisher\":{\"@id\":\"https:\/\/dicodusport.fr\/blog\/#organization\"},\"potentialAction\":[{\"@type\":\"SearchAction\",\"target\":{\"@type\":\"EntryPoint\",\"urlTemplate\":\"https:\/\/dicodusport.fr\/blog\/?s={search_term_string}\"},\"query-input\":{\"@type\":\"PropertyValueSpecification\",\"valueRequired\":true,\"valueName\":\"search_term_string\"}}],\"inLanguage\":\"fr-FR\"},{\"@type\":\"NewsMediaOrganization\",\"@id\":\"https:\/\/dicodusport.fr\/blog\/#organization\",\"name\":\"Dicodusport\",\"url\":\"https:\/\/dicodusport.fr\/blog\/\",\"logo\":{\"@type\":\"ImageObject\",\"inLanguage\":\"fr-FR\",\"@id\":\"https:\/\/dicodusport.fr\/blog\/#\/schema\/logo\/image\/\",\"url\":\"https:\/\/dicodusport.fr\/blog\/wp-content\/uploads\/2020\/06\/cropped-LOGO-DICODUSPORT-2020-SANS-FOND-SANS-TEXTE.png\",\"contentUrl\":\"https:\/\/dicodusport.fr\/blog\/wp-content\/uploads\/2020\/06\/cropped-LOGO-DICODUSPORT-2020-SANS-FOND-SANS-TEXTE.png\",\"width\":512,\"height\":512,\"caption\":\"Dicodusport\"},\"image\":{\"@id\":\"https:\/\/dicodusport.fr\/blog\/#\/schema\/logo\/image\/\"},\"sameAs\":[\"https:\/\/www.facebook.com\/dicodusport\",\"https:\/\/x.com\/dicodusport\",\"https:\/\/www.instagram.com\/dicodusport\/\",\"https:\/\/www.youtube.com\/channel\/UC7V2KZ5sd3htJivAbA4ZG3w\"],\"description\":\"Dicodusport est l'encyclop\u00e9die de l'actualit\u00e9 sportive.\",\"email\":\"bonjour@dicodusport.fr\",\"legalName\":\"DICODUSPORT\",\"foundingDate\":\"2018-01-14\",\"vatID\":\"FR71834470973\",\"taxID\":\"83447097300043\",\"numberOfEmployees\":{\"@type\":\"QuantitativeValue\",\"minValue\":\"1\",\"maxValue\":\"10\"}},{\"@type\":\"Person\",\"@id\":\"https:\/\/dicodusport.fr\/blog\/#\/schema\/person\/b623199cba9ba90fe84a3d16e9282360\",\"name\":\"Victor Clot-Amiot\",\"image\":{\"@type\":\"ImageObject\",\"inLanguage\":\"fr-FR\",\"@id\":\"https:\/\/dicodusport.fr\/blog\/#\/schema\/person\/image\/\",\"url\":\"https:\/\/dicodusport.fr\/blog\/wp-content\/uploads\/2023\/09\/IMG_20190826_114722-150x150.jpg\",\"contentUrl\":\"https:\/\/dicodusport.fr\/blog\/wp-content\/uploads\/2023\/09\/IMG_20190826_114722-150x150.jpg\",\"caption\":\"Victor Clot-Amiot\"},\"description\":\"Passionn\u00e9 de sport depuis toujours, un jour \u00e0 l'adolescence mes parents m'ont dit : \\\"quitte \u00e0 passer ton temps \u00e0 regarder du sport, au moins va le voir en vrai\\\" ! Depuis, cette remarque ne m'a plus quitt\u00e9 et je passe une grande partie de mon temps libre \u00e0 assister \u00e0 des comp\u00e9titions de tous sports. Je m\u00eale d'ailleurs mes deux passions, le sport et les voyages afin de faire une pierre deux coups ! Outre l'US Open ou l'Euro 2021 par exemple, j'ai assist\u00e9 cet \u00e9t\u00e9 aux Mondiaux d'athl\u00e9tisme \u00e0 Budapest. Mon plus gros coup dur est et restera les JO 2020-2021 pour lesquels j'avais r\u00e9serv\u00e9 17 \u00e9preuves. La suite, vous la connaissez...\",\"sameAs\":[\"https:\/\/x.com\/https:\/\/x.com\/VictorClotAmiot\"],\"url\":\"https:\/\/dicodusport.fr\/blog\/author\/victor-clot-amiot\/\"}]}<\/script>\n<!-- \/ Yoast SEO Premium plugin. -->","yoast_head_json":{"title":"Jeux de Paris 2024 : Comment l'Agglom\u00e9ration de Saint-Quentin-en-Yvelines se pr\u00e9pare-t-elle ?","description":"JO PARIS 2024 : Immersion au sein d'une ville qui s'appr\u00eate \u00e0 recevoir les Jeux Olympiques l'\u00e9t\u00e9 prochain.","robots":{"index":"index","follow":"follow","max-snippet":"max-snippet:-1","max-image-preview":"max-image-preview:large","max-video-preview":"max-video-preview:-1"},"canonical":"https:\/\/dicodusport.fr\/blog\/enquete-comment-saint-quentin-se-prepare-a-accueillir-les-jeux-olympiques\/","og_locale":"fr_FR","og_type":"article","og_title":"Jeux de Paris 2024 : Comment l'Agglom\u00e9ration de Saint-Quentin-en-Yvelines se pr\u00e9pare-t-elle ?","og_description":"JO PARIS 2024 : Immersion au sein d'une ville qui s'appr\u00eate \u00e0 recevoir les Jeux Olympiques l'\u00e9t\u00e9 prochain.","og_url":"https:\/\/dicodusport.fr\/blog\/enquete-comment-saint-quentin-se-prepare-a-accueillir-les-jeux-olympiques\/","og_site_name":"Dicodusport","article_publisher":"https:\/\/www.facebook.com\/dicodusport","article_published_time":"2023-11-16T10:00:44+00:00","article_modified_time":"2023-11-16T12:50:20+00:00","og_image":[{"width":800,"height":445,"url":"https:\/\/dicodusport.fr\/blog\/wp-content\/uploads\/2023\/11\/JO-Paris-2024-Comment-lAgglomeration-de-Saint-Quentin-en-Yvelines-se-prepare-t-elle-.png","type":"image\/png"}],"author":"Victor Clot-Amiot","twitter_card":"summary_large_image","twitter_title":"Jeux de Paris 2024 : Comment l'Agglom\u00e9ration de Saint-Quentin-en-Yvelines se pr\u00e9pare-t-elle ?","twitter_creator":"@https:\/\/x.com\/VictorClotAmiot","twitter_site":"@dicodusport","schema":{"@context":"https:\/\/schema.org","@graph":[{"@type":"NewsArticle","@id":"https:\/\/dicodusport.fr\/blog\/enquete-comment-saint-quentin-se-prepare-a-accueillir-les-jeux-olympiques\/#article","isPartOf":{"@id":"https:\/\/dicodusport.fr\/blog\/enquete-comment-saint-quentin-se-prepare-a-accueillir-les-jeux-olympiques\/"},"author":{"name":"Victor Clot-Amiot","@id":"https:\/\/dicodusport.fr\/blog\/#\/schema\/person\/b623199cba9ba90fe84a3d16e9282360"},"headline":"Jeux de Paris 2024 : Comment l&rsquo;Agglom\u00e9ration de Saint-Quentin-en-Yvelines se pr\u00e9pare-t-elle ?","datePublished":"2023-11-16T10:00:44+00:00","dateModified":"2023-11-16T12:50:20+00:00","mainEntityOfPage":{"@id":"https:\/\/dicodusport.fr\/blog\/enquete-comment-saint-quentin-se-prepare-a-accueillir-les-jeux-olympiques\/"},"wordCount":3138,"commentCount":0,"publisher":{"@id":"https:\/\/dicodusport.fr\/blog\/#organization"},"image":{"@id":"https:\/\/dicodusport.fr\/blog\/enquete-comment-saint-quentin-se-prepare-a-accueillir-les-jeux-olympiques\/#primaryimage"},"thumbnailUrl":"https:\/\/dicodusport.fr\/blog\/wp-content\/uploads\/2023\/11\/JO-Paris-2024-Comment-lAgglomeration-de-Saint-Quentin-en-Yvelines-se-prepare-t-elle-.png","keywords":["br\u00e8ve","Jeux Paralympiques 2024","JO Paris 2024","sport"],"articleSection":["Enqu\u00eate","JO Paris 2024"],"inLanguage":"fr-FR","potentialAction":[{"@type":"CommentAction","name":"Comment","target":["https:\/\/dicodusport.fr\/blog\/enquete-comment-saint-quentin-se-prepare-a-accueillir-les-jeux-olympiques\/#respond"]}],"copyrightYear":"2023","copyrightHolder":{"@id":"https:\/\/dicodusport.fr\/blog\/#organization"}},{"@type":"WebPage","@id":"https:\/\/dicodusport.fr\/blog\/enquete-comment-saint-quentin-se-prepare-a-accueillir-les-jeux-olympiques\/","url":"https:\/\/dicodusport.fr\/blog\/enquete-comment-saint-quentin-se-prepare-a-accueillir-les-jeux-olympiques\/","name":"Jeux de Paris 2024 : Comment l'Agglom\u00e9ration de Saint-Quentin-en-Yvelines se pr\u00e9pare-t-elle ?","isPartOf":{"@id":"https:\/\/dicodusport.fr\/blog\/#website"},"primaryImageOfPage":{"@id":"https:\/\/dicodusport.fr\/blog\/enquete-comment-saint-quentin-se-prepare-a-accueillir-les-jeux-olympiques\/#primaryimage"},"image":{"@id":"https:\/\/dicodusport.fr\/blog\/enquete-comment-saint-quentin-se-prepare-a-accueillir-les-jeux-olympiques\/#primaryimage"},"thumbnailUrl":"https:\/\/dicodusport.fr\/blog\/wp-content\/uploads\/2023\/11\/JO-Paris-2024-Comment-lAgglomeration-de-Saint-Quentin-en-Yvelines-se-prepare-t-elle-.png","datePublished":"2023-11-16T10:00:44+00:00","dateModified":"2023-11-16T12:50:20+00:00","description":"JO PARIS 2024 : Immersion au sein d'une ville qui s'appr\u00eate \u00e0 recevoir les Jeux Olympiques l'\u00e9t\u00e9 prochain.","breadcrumb":{"@id":"https:\/\/dicodusport.fr\/blog\/enquete-comment-saint-quentin-se-prepare-a-accueillir-les-jeux-olympiques\/#breadcrumb"},"inLanguage":"fr-FR","potentialAction":[{"@type":"ReadAction","target":["https:\/\/dicodusport.fr\/blog\/enquete-comment-saint-quentin-se-prepare-a-accueillir-les-jeux-olympiques\/"]}]},{"@type":"ImageObject","inLanguage":"fr-FR","@id":"https:\/\/dicodusport.fr\/blog\/enquete-comment-saint-quentin-se-prepare-a-accueillir-les-jeux-olympiques\/#primaryimage","url":"https:\/\/dicodusport.fr\/blog\/wp-content\/uploads\/2023\/11\/JO-Paris-2024-Comment-lAgglomeration-de-Saint-Quentin-en-Yvelines-se-prepare-t-elle-.png","contentUrl":"https:\/\/dicodusport.fr\/blog\/wp-content\/uploads\/2023\/11\/JO-Paris-2024-Comment-lAgglomeration-de-Saint-Quentin-en-Yvelines-se-prepare-t-elle-.png","width":800,"height":445,"caption":"JO Paris 2024 Comment l'Agglom\u00e9ration de Saint-Quentin-en-Yvelines se pr\u00e9pare-t-elle"},{"@type":"BreadcrumbList","@id":"https:\/\/dicodusport.fr\/blog\/enquete-comment-saint-quentin-se-prepare-a-accueillir-les-jeux-olympiques\/#breadcrumb","itemListElement":[{"@type":"ListItem","position":1,"name":"Accueil","item":"https:\/\/dicodusport.fr\/blog\/"},{"@type":"ListItem","position":2,"name":"Jeux de Paris 2024 : Comment l&rsquo;Agglom\u00e9ration de Saint-Quentin-en-Yvelines se pr\u00e9pare-t-elle ?"}]},{"@type":"WebSite","@id":"https:\/\/dicodusport.fr\/blog\/#website","url":"https:\/\/dicodusport.fr\/blog\/","name":"Dicodusport","description":"L&#039;encyclop\u00e9die de l&#039;actualit\u00e9 sportive","publisher":{"@id":"https:\/\/dicodusport.fr\/blog\/#organization"},"potentialAction":[{"@type":"SearchAction","target":{"@type":"EntryPoint","urlTemplate":"https:\/\/dicodusport.fr\/blog\/?s={search_term_string}"},"query-input":{"@type":"PropertyValueSpecification","valueRequired":true,"valueName":"search_term_string"}}],"inLanguage":"fr-FR"},{"@type":"NewsMediaOrganization","@id":"https:\/\/dicodusport.fr\/blog\/#organization","name":"Dicodusport","url":"https:\/\/dicodusport.fr\/blog\/","logo":{"@type":"ImageObject","inLanguage":"fr-FR","@id":"https:\/\/dicodusport.fr\/blog\/#\/schema\/logo\/image\/","url":"https:\/\/dicodusport.fr\/blog\/wp-content\/uploads\/2020\/06\/cropped-LOGO-DICODUSPORT-2020-SANS-FOND-SANS-TEXTE.png","contentUrl":"https:\/\/dicodusport.fr\/blog\/wp-content\/uploads\/2020\/06\/cropped-LOGO-DICODUSPORT-2020-SANS-FOND-SANS-TEXTE.png","width":512,"height":512,"caption":"Dicodusport"},"image":{"@id":"https:\/\/dicodusport.fr\/blog\/#\/schema\/logo\/image\/"},"sameAs":["https:\/\/www.facebook.com\/dicodusport","https:\/\/x.com\/dicodusport","https:\/\/www.instagram.com\/dicodusport\/","https:\/\/www.youtube.com\/channel\/UC7V2KZ5sd3htJivAbA4ZG3w"],"description":"Dicodusport est l'encyclop\u00e9die de l'actualit\u00e9 sportive.","email":"bonjour@dicodusport.fr","legalName":"DICODUSPORT","foundingDate":"2018-01-14","vatID":"FR71834470973","taxID":"83447097300043","numberOfEmployees":{"@type":"QuantitativeValue","minValue":"1","maxValue":"10"}},{"@type":"Person","@id":"https:\/\/dicodusport.fr\/blog\/#\/schema\/person\/b623199cba9ba90fe84a3d16e9282360","name":"Victor Clot-Amiot","image":{"@type":"ImageObject","inLanguage":"fr-FR","@id":"https:\/\/dicodusport.fr\/blog\/#\/schema\/person\/image\/","url":"https:\/\/dicodusport.fr\/blog\/wp-content\/uploads\/2023\/09\/IMG_20190826_114722-150x150.jpg","contentUrl":"https:\/\/dicodusport.fr\/blog\/wp-content\/uploads\/2023\/09\/IMG_20190826_114722-150x150.jpg","caption":"Victor Clot-Amiot"},"description":"Passionn\u00e9 de sport depuis toujours, un jour \u00e0 l'adolescence mes parents m'ont dit : \"quitte \u00e0 passer ton temps \u00e0 regarder du sport, au moins va le voir en vrai\" ! Depuis, cette remarque ne m'a plus quitt\u00e9 et je passe une grande partie de mon temps libre \u00e0 assister \u00e0 des comp\u00e9titions de tous sports. Je m\u00eale d'ailleurs mes deux passions, le sport et les voyages afin de faire une pierre deux coups ! Outre l'US Open ou l'Euro 2021 par exemple, j'ai assist\u00e9 cet \u00e9t\u00e9 aux Mondiaux d'athl\u00e9tisme \u00e0 Budapest. Mon plus gros coup dur est et restera les JO 2020-2021 pour lesquels j'avais r\u00e9serv\u00e9 17 \u00e9preuves. La suite, vous la connaissez...","sameAs":["https:\/\/x.com\/https:\/\/x.com\/VictorClotAmiot"],"url":"https:\/\/dicodusport.fr\/blog\/author\/victor-clot-amiot\/"}]}},"_links":{"self":[{"href":"https:\/\/dicodusport.fr\/blog\/wp-json\/wp\/v2\/posts\/435972","targetHints":{"allow":["GET"]}}],"collection":[{"href":"https:\/\/dicodusport.fr\/blog\/wp-json\/wp\/v2\/posts"}],"about":[{"href":"https:\/\/dicodusport.fr\/blog\/wp-json\/wp\/v2\/types\/post"}],"author":[{"embeddable":true,"href":"https:\/\/dicodusport.fr\/blog\/wp-json\/wp\/v2\/users\/91"}],"replies":[{"embeddable":true,"href":"https:\/\/dicodusport.fr\/blog\/wp-json\/wp\/v2\/comments?post=435972"}],"version-history":[{"count":4,"href":"https:\/\/dicodusport.fr\/blog\/wp-json\/wp\/v2\/posts\/435972\/revisions"}],"predecessor-version":[{"id":437500,"href":"https:\/\/dicodusport.fr\/blog\/wp-json\/wp\/v2\/posts\/435972\/revisions\/437500"}],"wp:featuredmedia":[{"embeddable":true,"href":"https:\/\/dicodusport.fr\/blog\/wp-json\/wp\/v2\/media\/437499"}],"wp:attachment":[{"href":"https:\/\/dicodusport.fr\/blog\/wp-json\/wp\/v2\/media?parent=435972"}],"wp:term":[{"taxonomy":"category","embeddable":true,"href":"https:\/\/dicodusport.fr\/blog\/wp-json\/wp\/v2\/categories?post=435972"},{"taxonomy":"post_tag","embeddable":true,"href":"https:\/\/dicodusport.fr\/blog\/wp-json\/wp\/v2\/tags?post=435972"}],"curies":[{"name":"wp","href":"https:\/\/api.w.org\/{rel}","templated":true}]}}