{"id":436115,"date":"2023-11-10T09:47:17","date_gmt":"2023-11-10T08:47:17","guid":{"rendered":"https:\/\/dicodusport.fr\/blog\/?p=436115&#038;preview=true&#038;preview_id=436115"},"modified":"2023-11-10T09:56:20","modified_gmt":"2023-11-10T08:56:20","slug":"video-grosse-chaleur-en-malaisie-la-moto-daleix-espargaro-prend-feu","status":"publish","type":"post","link":"https:\/\/dicodusport.fr\/blog\/video-grosse-chaleur-en-malaisie-la-moto-daleix-espargaro-prend-feu\/","title":{"rendered":"[Vid\u00e9o] Grosse chaleur en Malaisie, la moto d&rsquo;Aleix Espargaro prend feu"},"content":{"rendered":"<p style=\"text-align: justify;\"><strong><em>MOTOGP &#8211; Grosse frayeur pour Aleix Espargaro (Aprilia) qui a vu sa moto prendre feu apr\u00e8s une chute lors des essais libres en Malaisie.<\/em><\/strong><\/p>\n<ul>\n<li style=\"text-align: justify;\"><strong>\u00c0 lire aussi &#8211; <a href=\"https:\/\/dicodusport.fr\/blog\/motogp-malaisie-2023-chaine-tv-programme-et-resultats\/\" target=\"_blank\" rel=\"noopener\">MotoGP Malaisie 2023 : Cha\u00eene TV, programme et r\u00e9sultats<\/a><\/strong><\/li>\n<\/ul>\n<p style=\"text-align: justify;\">Sc\u00e8ne impressionnante en Malaisie et qui aurait surtout pu \u00eatre bien plus dangereuse. <strong>Aleix Espargaro<\/strong> a chut\u00e9 pendant la premi\u00e8re s\u00e9ance d&rsquo;essais libres. Alors qu&rsquo;il va pour remonter sur sa moto, cette derni\u00e8re prend feu. L&rsquo;<strong>Espagnol<\/strong> n&rsquo;a pas \u00e9t\u00e9 bless\u00e9, mais aurait d\u00e9j\u00e0 pu \u00eatre remont\u00e9 sur sa machine \u00e0 quelques secondes pr\u00e8s. Plus de peur que de mal donc pour <strong>Aleix Espargaro<\/strong> qui s&rsquo;est quand m\u00eame fait une belle frayeur.<\/p>\n<blockquote class=\"twitter-tweet\">\n<p dir=\"ltr\" lang=\"fr\">Image impressionnante lors des essais libres 1 \ud83e\udd2f<\/p>\n<p>Alors qu&rsquo;Aleix Espargaro revient vers sa moto apr\u00e8s une chute, sa machine prend feu \ud83d\udd25<a href=\"https:\/\/twitter.com\/hashtag\/MalaysianGP?src=hash&amp;ref_src=twsrc%5Etfw\">#MalaysianGP<\/a>\ud83c\uddf2\ud83c\uddfe | <a href=\"https:\/\/twitter.com\/hashtag\/MotoGP?src=hash&amp;ref_src=twsrc%5Etfw\">#MotoGP<\/a> <a href=\"https:\/\/t.co\/uwDNYW8fOp\">pic.twitter.com\/uwDNYW8fOp<\/a><\/p>\n<p>\u2014 CANAL+ MotoGP\u2122 (@CanalplusMotoGP) <a href=\"https:\/\/twitter.com\/CanalplusMotoGP\/status\/1722871776303001915?ref_src=twsrc%5Etfw\">November 10, 2023<\/a><\/p><\/blockquote>\n<p><script async src=\"https:\/\/platform.twitter.com\/widgets.js\" charset=\"utf-8\"><\/script><\/p>\n","protected":false},"excerpt":{"rendered":"<p>MOTOGP &#8211; Grosse frayeur pour Aleix Espargaro (Aprilia) qui a vu sa moto prendre feu apr\u00e8s une chute lors des essais libres en Malaisie.<\/p>\n","protected":false},"author":1,"featured_media":436120,"comment_status":"open","ping_status":"closed","sticky":false,"template":"","format":"standard","meta":{"_acf_changed":false,"_daextam_enable_autolinks":"1","footnotes":""},"categories":[47087],"tags":[16878,10938],"class_list":["post-436115","post","type-post","status-publish","format-standard","has-post-thumbnail","hentry","category-motogp","tag-breve","tag-motogp"],"acf":[],"yoast_head":"<!-- This site is optimized with the Yoast SEO Premium plugin v26.7 (Yoast SEO v26.7) - https:\/\/yoast.com\/wordpress\/plugins\/seo\/ -->\n<title>[Vid\u00e9o] Grosse chaleur en Malaisie, la moto d&#039;Aleix Espargaro prend feu<\/title>\n<meta name=\"description\" content=\"MOTOGP - Grosse frayeur pour Aleix Espargaro qui a vu sa moto prendre feu apr\u00e8s une chute lors des essais libres en Malaisie.\" \/>\n<meta name=\"robots\" content=\"index, follow, max-snippet:-1, max-image-preview:large, max-video-preview:-1\" \/>\n<link rel=\"canonical\" href=\"https:\/\/dicodusport.fr\/blog\/video-grosse-chaleur-en-malaisie-la-moto-daleix-espargaro-prend-feu\/\" \/>\n<meta property=\"og:locale\" content=\"fr_FR\" \/>\n<meta property=\"og:type\" content=\"article\" \/>\n<meta property=\"og:title\" content=\"[Vid\u00e9o] Grosse chaleur en Malaisie, la moto d&#039;Aleix Espargaro prend feu\" \/>\n<meta property=\"og:description\" content=\"MOTOGP - Grosse frayeur pour Aleix Espargaro qui a vu sa moto prendre feu apr\u00e8s une chute lors des essais libres en Malaisie.\" \/>\n<meta property=\"og:url\" content=\"https:\/\/dicodusport.fr\/blog\/video-grosse-chaleur-en-malaisie-la-moto-daleix-espargaro-prend-feu\/\" \/>\n<meta property=\"og:site_name\" content=\"Dicodusport\" \/>\n<meta property=\"article:publisher\" content=\"https:\/\/www.facebook.com\/dicodusport\" \/>\n<meta property=\"article:author\" content=\"https:\/\/www.facebook.com\/dicodusport\" \/>\n<meta property=\"article:published_time\" content=\"2023-11-10T08:47:17+00:00\" \/>\n<meta property=\"article:modified_time\" content=\"2023-11-10T08:56:20+00:00\" \/>\n<meta property=\"og:image\" content=\"https:\/\/dicodusport.fr\/blog\/wp-content\/uploads\/2023\/11\/Video-Grosse-chaleur-en-Malaisie-la-moto-dAleix-Espargaro-prend-feu.png\" \/>\n\t<meta property=\"og:image:width\" content=\"800\" \/>\n\t<meta property=\"og:image:height\" content=\"445\" \/>\n\t<meta property=\"og:image:type\" content=\"image\/png\" \/>\n<meta name=\"author\" content=\"Nicolas Jacquemard\" \/>\n<meta name=\"twitter:card\" content=\"summary_large_image\" \/>\n<meta name=\"twitter:title\" content=\"[Vid\u00e9o] Grosse chaleur en Malaisie, la moto d&#039;Aleix Espargaro prend feu\" \/>\n<meta name=\"twitter:creator\" content=\"@https:\/\/twitter.com\/Nico_Jacquemard\" \/>\n<meta name=\"twitter:site\" content=\"@dicodusport\" \/>\n<script type=\"application\/ld+json\" class=\"yoast-schema-graph\">{\"@context\":\"https:\/\/schema.org\",\"@graph\":[{\"@type\":\"NewsArticle\",\"@id\":\"https:\/\/dicodusport.fr\/blog\/video-grosse-chaleur-en-malaisie-la-moto-daleix-espargaro-prend-feu\/#article\",\"isPartOf\":{\"@id\":\"https:\/\/dicodusport.fr\/blog\/video-grosse-chaleur-en-malaisie-la-moto-daleix-espargaro-prend-feu\/\"},\"author\":{\"name\":\"Nicolas Jacquemard\",\"@id\":\"https:\/\/dicodusport.fr\/blog\/#\/schema\/person\/55dcb50ad410894e431ed812bbb70191\"},\"headline\":\"[Vid\u00e9o] Grosse chaleur en Malaisie, la moto d&rsquo;Aleix Espargaro prend feu\",\"datePublished\":\"2023-11-10T08:47:17+00:00\",\"dateModified\":\"2023-11-10T08:56:20+00:00\",\"mainEntityOfPage\":{\"@id\":\"https:\/\/dicodusport.fr\/blog\/video-grosse-chaleur-en-malaisie-la-moto-daleix-espargaro-prend-feu\/\"},\"wordCount\":165,\"commentCount\":0,\"publisher\":{\"@id\":\"https:\/\/dicodusport.fr\/blog\/#organization\"},\"image\":{\"@id\":\"https:\/\/dicodusport.fr\/blog\/video-grosse-chaleur-en-malaisie-la-moto-daleix-espargaro-prend-feu\/#primaryimage\"},\"thumbnailUrl\":\"https:\/\/dicodusport.fr\/blog\/wp-content\/uploads\/2023\/11\/Video-Grosse-chaleur-en-Malaisie-la-moto-dAleix-Espargaro-prend-feu.png\",\"keywords\":[\"br\u00e8ve\",\"MotoGP\"],\"articleSection\":[\"MotoGP\"],\"inLanguage\":\"fr-FR\",\"potentialAction\":[{\"@type\":\"CommentAction\",\"name\":\"Comment\",\"target\":[\"https:\/\/dicodusport.fr\/blog\/video-grosse-chaleur-en-malaisie-la-moto-daleix-espargaro-prend-feu\/#respond\"]}],\"copyrightYear\":\"2023\",\"copyrightHolder\":{\"@id\":\"https:\/\/dicodusport.fr\/blog\/#organization\"}},{\"@type\":\"WebPage\",\"@id\":\"https:\/\/dicodusport.fr\/blog\/video-grosse-chaleur-en-malaisie-la-moto-daleix-espargaro-prend-feu\/\",\"url\":\"https:\/\/dicodusport.fr\/blog\/video-grosse-chaleur-en-malaisie-la-moto-daleix-espargaro-prend-feu\/\",\"name\":\"[Vid\u00e9o] Grosse chaleur en Malaisie, la moto d'Aleix Espargaro prend feu\",\"isPartOf\":{\"@id\":\"https:\/\/dicodusport.fr\/blog\/#website\"},\"primaryImageOfPage\":{\"@id\":\"https:\/\/dicodusport.fr\/blog\/video-grosse-chaleur-en-malaisie-la-moto-daleix-espargaro-prend-feu\/#primaryimage\"},\"image\":{\"@id\":\"https:\/\/dicodusport.fr\/blog\/video-grosse-chaleur-en-malaisie-la-moto-daleix-espargaro-prend-feu\/#primaryimage\"},\"thumbnailUrl\":\"https:\/\/dicodusport.fr\/blog\/wp-content\/uploads\/2023\/11\/Video-Grosse-chaleur-en-Malaisie-la-moto-dAleix-Espargaro-prend-feu.png\",\"datePublished\":\"2023-11-10T08:47:17+00:00\",\"dateModified\":\"2023-11-10T08:56:20+00:00\",\"description\":\"MOTOGP - Grosse frayeur pour Aleix Espargaro qui a vu sa moto prendre feu apr\u00e8s une chute lors des essais libres en Malaisie.\",\"breadcrumb\":{\"@id\":\"https:\/\/dicodusport.fr\/blog\/video-grosse-chaleur-en-malaisie-la-moto-daleix-espargaro-prend-feu\/#breadcrumb\"},\"inLanguage\":\"fr-FR\",\"potentialAction\":[{\"@type\":\"ReadAction\",\"target\":[\"https:\/\/dicodusport.fr\/blog\/video-grosse-chaleur-en-malaisie-la-moto-daleix-espargaro-prend-feu\/\"]}]},{\"@type\":\"ImageObject\",\"inLanguage\":\"fr-FR\",\"@id\":\"https:\/\/dicodusport.fr\/blog\/video-grosse-chaleur-en-malaisie-la-moto-daleix-espargaro-prend-feu\/#primaryimage\",\"url\":\"https:\/\/dicodusport.fr\/blog\/wp-content\/uploads\/2023\/11\/Video-Grosse-chaleur-en-Malaisie-la-moto-dAleix-Espargaro-prend-feu.png\",\"contentUrl\":\"https:\/\/dicodusport.fr\/blog\/wp-content\/uploads\/2023\/11\/Video-Grosse-chaleur-en-Malaisie-la-moto-dAleix-Espargaro-prend-feu.png\",\"width\":800,\"height\":445},{\"@type\":\"BreadcrumbList\",\"@id\":\"https:\/\/dicodusport.fr\/blog\/video-grosse-chaleur-en-malaisie-la-moto-daleix-espargaro-prend-feu\/#breadcrumb\",\"itemListElement\":[{\"@type\":\"ListItem\",\"position\":1,\"name\":\"Accueil\",\"item\":\"https:\/\/dicodusport.fr\/blog\/\"},{\"@type\":\"ListItem\",\"position\":2,\"name\":\"[Vid\u00e9o] Grosse chaleur en Malaisie, la moto d&rsquo;Aleix Espargaro prend feu\"}]},{\"@type\":\"WebSite\",\"@id\":\"https:\/\/dicodusport.fr\/blog\/#website\",\"url\":\"https:\/\/dicodusport.fr\/blog\/\",\"name\":\"Dicodusport\",\"description\":\"L&#039;encyclop\u00e9die de l&#039;actualit\u00e9 sportive\",\"publisher\":{\"@id\":\"https:\/\/dicodusport.fr\/blog\/#organization\"},\"potentialAction\":[{\"@type\":\"SearchAction\",\"target\":{\"@type\":\"EntryPoint\",\"urlTemplate\":\"https:\/\/dicodusport.fr\/blog\/?s={search_term_string}\"},\"query-input\":{\"@type\":\"PropertyValueSpecification\",\"valueRequired\":true,\"valueName\":\"search_term_string\"}}],\"inLanguage\":\"fr-FR\"},{\"@type\":\"NewsMediaOrganization\",\"@id\":\"https:\/\/dicodusport.fr\/blog\/#organization\",\"name\":\"Dicodusport\",\"url\":\"https:\/\/dicodusport.fr\/blog\/\",\"logo\":{\"@type\":\"ImageObject\",\"inLanguage\":\"fr-FR\",\"@id\":\"https:\/\/dicodusport.fr\/blog\/#\/schema\/logo\/image\/\",\"url\":\"https:\/\/dicodusport.fr\/blog\/wp-content\/uploads\/2020\/06\/cropped-LOGO-DICODUSPORT-2020-SANS-FOND-SANS-TEXTE.png\",\"contentUrl\":\"https:\/\/dicodusport.fr\/blog\/wp-content\/uploads\/2020\/06\/cropped-LOGO-DICODUSPORT-2020-SANS-FOND-SANS-TEXTE.png\",\"width\":512,\"height\":512,\"caption\":\"Dicodusport\"},\"image\":{\"@id\":\"https:\/\/dicodusport.fr\/blog\/#\/schema\/logo\/image\/\"},\"sameAs\":[\"https:\/\/www.facebook.com\/dicodusport\",\"https:\/\/x.com\/dicodusport\",\"https:\/\/www.instagram.com\/dicodusport\/\",\"https:\/\/www.youtube.com\/channel\/UC7V2KZ5sd3htJivAbA4ZG3w\"],\"description\":\"Dicodusport est l'encyclop\u00e9die de l'actualit\u00e9 sportive.\",\"email\":\"bonjour@dicodusport.fr\",\"legalName\":\"DICODUSPORT\",\"foundingDate\":\"2018-01-14\",\"vatID\":\"FR71834470973\",\"taxID\":\"83447097300043\",\"numberOfEmployees\":{\"@type\":\"QuantitativeValue\",\"minValue\":\"1\",\"maxValue\":\"10\"}},{\"@type\":\"Person\",\"@id\":\"https:\/\/dicodusport.fr\/blog\/#\/schema\/person\/55dcb50ad410894e431ed812bbb70191\",\"name\":\"Nicolas Jacquemard\",\"image\":{\"@type\":\"ImageObject\",\"inLanguage\":\"fr-FR\",\"@id\":\"https:\/\/dicodusport.fr\/blog\/#\/schema\/person\/image\/\",\"url\":\"https:\/\/dicodusport.fr\/blog\/wp-content\/uploads\/2021\/05\/Nicolas-Jacquemard-150x150.jpeg\",\"contentUrl\":\"https:\/\/dicodusport.fr\/blog\/wp-content\/uploads\/2021\/05\/Nicolas-Jacquemard-150x150.jpeg\",\"caption\":\"Nicolas Jacquemard\"},\"description\":\"Passionn\u00e9 de sport et entrepreneur depuis mes 18 ans, la cr\u00e9ation de Dicodusport m'a sembl\u00e9 \u00e9vidente pour participer \u00e0 la m\u00e9diatisation d'un plus grand nombre de sports. Le chemin est long mais avec une \u00e9quipe des plus motiv\u00e9es et les Jeux Olympiques de Paris 2024 en point de mire, nous y arriverons ! Journaliste dans le monde du sport depuis plus de 5 ans, je traite aussi bien de football, de rugby, de biathlon que de cyclisme.\",\"sameAs\":[\"https:\/\/www.facebook.com\/dicodusport\",\"https:\/\/x.com\/https:\/\/twitter.com\/Nico_Jacquemard\"],\"url\":\"https:\/\/dicodusport.fr\/blog\/author\/dicodusport\/\"}]}<\/script>\n<!-- \/ Yoast SEO Premium plugin. -->","yoast_head_json":{"title":"[Vid\u00e9o] Grosse chaleur en Malaisie, la moto d'Aleix Espargaro prend feu","description":"MOTOGP - Grosse frayeur pour Aleix Espargaro qui a vu sa moto prendre feu apr\u00e8s une chute lors des essais libres en Malaisie.","robots":{"index":"index","follow":"follow","max-snippet":"max-snippet:-1","max-image-preview":"max-image-preview:large","max-video-preview":"max-video-preview:-1"},"canonical":"https:\/\/dicodusport.fr\/blog\/video-grosse-chaleur-en-malaisie-la-moto-daleix-espargaro-prend-feu\/","og_locale":"fr_FR","og_type":"article","og_title":"[Vid\u00e9o] Grosse chaleur en Malaisie, la moto d'Aleix Espargaro prend feu","og_description":"MOTOGP - Grosse frayeur pour Aleix Espargaro qui a vu sa moto prendre feu apr\u00e8s une chute lors des essais libres en Malaisie.","og_url":"https:\/\/dicodusport.fr\/blog\/video-grosse-chaleur-en-malaisie-la-moto-daleix-espargaro-prend-feu\/","og_site_name":"Dicodusport","article_publisher":"https:\/\/www.facebook.com\/dicodusport","article_author":"https:\/\/www.facebook.com\/dicodusport","article_published_time":"2023-11-10T08:47:17+00:00","article_modified_time":"2023-11-10T08:56:20+00:00","og_image":[{"width":800,"height":445,"url":"https:\/\/dicodusport.fr\/blog\/wp-content\/uploads\/2023\/11\/Video-Grosse-chaleur-en-Malaisie-la-moto-dAleix-Espargaro-prend-feu.png","type":"image\/png"}],"author":"Nicolas Jacquemard","twitter_card":"summary_large_image","twitter_title":"[Vid\u00e9o] Grosse chaleur en Malaisie, la moto d'Aleix Espargaro prend feu","twitter_creator":"@https:\/\/twitter.com\/Nico_Jacquemard","twitter_site":"@dicodusport","schema":{"@context":"https:\/\/schema.org","@graph":[{"@type":"NewsArticle","@id":"https:\/\/dicodusport.fr\/blog\/video-grosse-chaleur-en-malaisie-la-moto-daleix-espargaro-prend-feu\/#article","isPartOf":{"@id":"https:\/\/dicodusport.fr\/blog\/video-grosse-chaleur-en-malaisie-la-moto-daleix-espargaro-prend-feu\/"},"author":{"name":"Nicolas Jacquemard","@id":"https:\/\/dicodusport.fr\/blog\/#\/schema\/person\/55dcb50ad410894e431ed812bbb70191"},"headline":"[Vid\u00e9o] Grosse chaleur en Malaisie, la moto d&rsquo;Aleix Espargaro prend feu","datePublished":"2023-11-10T08:47:17+00:00","dateModified":"2023-11-10T08:56:20+00:00","mainEntityOfPage":{"@id":"https:\/\/dicodusport.fr\/blog\/video-grosse-chaleur-en-malaisie-la-moto-daleix-espargaro-prend-feu\/"},"wordCount":165,"commentCount":0,"publisher":{"@id":"https:\/\/dicodusport.fr\/blog\/#organization"},"image":{"@id":"https:\/\/dicodusport.fr\/blog\/video-grosse-chaleur-en-malaisie-la-moto-daleix-espargaro-prend-feu\/#primaryimage"},"thumbnailUrl":"https:\/\/dicodusport.fr\/blog\/wp-content\/uploads\/2023\/11\/Video-Grosse-chaleur-en-Malaisie-la-moto-dAleix-Espargaro-prend-feu.png","keywords":["br\u00e8ve","MotoGP"],"articleSection":["MotoGP"],"inLanguage":"fr-FR","potentialAction":[{"@type":"CommentAction","name":"Comment","target":["https:\/\/dicodusport.fr\/blog\/video-grosse-chaleur-en-malaisie-la-moto-daleix-espargaro-prend-feu\/#respond"]}],"copyrightYear":"2023","copyrightHolder":{"@id":"https:\/\/dicodusport.fr\/blog\/#organization"}},{"@type":"WebPage","@id":"https:\/\/dicodusport.fr\/blog\/video-grosse-chaleur-en-malaisie-la-moto-daleix-espargaro-prend-feu\/","url":"https:\/\/dicodusport.fr\/blog\/video-grosse-chaleur-en-malaisie-la-moto-daleix-espargaro-prend-feu\/","name":"[Vid\u00e9o] Grosse chaleur en Malaisie, la moto d'Aleix Espargaro prend feu","isPartOf":{"@id":"https:\/\/dicodusport.fr\/blog\/#website"},"primaryImageOfPage":{"@id":"https:\/\/dicodusport.fr\/blog\/video-grosse-chaleur-en-malaisie-la-moto-daleix-espargaro-prend-feu\/#primaryimage"},"image":{"@id":"https:\/\/dicodusport.fr\/blog\/video-grosse-chaleur-en-malaisie-la-moto-daleix-espargaro-prend-feu\/#primaryimage"},"thumbnailUrl":"https:\/\/dicodusport.fr\/blog\/wp-content\/uploads\/2023\/11\/Video-Grosse-chaleur-en-Malaisie-la-moto-dAleix-Espargaro-prend-feu.png","datePublished":"2023-11-10T08:47:17+00:00","dateModified":"2023-11-10T08:56:20+00:00","description":"MOTOGP - Grosse frayeur pour Aleix Espargaro qui a vu sa moto prendre feu apr\u00e8s une chute lors des essais libres en Malaisie.","breadcrumb":{"@id":"https:\/\/dicodusport.fr\/blog\/video-grosse-chaleur-en-malaisie-la-moto-daleix-espargaro-prend-feu\/#breadcrumb"},"inLanguage":"fr-FR","potentialAction":[{"@type":"ReadAction","target":["https:\/\/dicodusport.fr\/blog\/video-grosse-chaleur-en-malaisie-la-moto-daleix-espargaro-prend-feu\/"]}]},{"@type":"ImageObject","inLanguage":"fr-FR","@id":"https:\/\/dicodusport.fr\/blog\/video-grosse-chaleur-en-malaisie-la-moto-daleix-espargaro-prend-feu\/#primaryimage","url":"https:\/\/dicodusport.fr\/blog\/wp-content\/uploads\/2023\/11\/Video-Grosse-chaleur-en-Malaisie-la-moto-dAleix-Espargaro-prend-feu.png","contentUrl":"https:\/\/dicodusport.fr\/blog\/wp-content\/uploads\/2023\/11\/Video-Grosse-chaleur-en-Malaisie-la-moto-dAleix-Espargaro-prend-feu.png","width":800,"height":445},{"@type":"BreadcrumbList","@id":"https:\/\/dicodusport.fr\/blog\/video-grosse-chaleur-en-malaisie-la-moto-daleix-espargaro-prend-feu\/#breadcrumb","itemListElement":[{"@type":"ListItem","position":1,"name":"Accueil","item":"https:\/\/dicodusport.fr\/blog\/"},{"@type":"ListItem","position":2,"name":"[Vid\u00e9o] Grosse chaleur en Malaisie, la moto d&rsquo;Aleix Espargaro prend feu"}]},{"@type":"WebSite","@id":"https:\/\/dicodusport.fr\/blog\/#website","url":"https:\/\/dicodusport.fr\/blog\/","name":"Dicodusport","description":"L&#039;encyclop\u00e9die de l&#039;actualit\u00e9 sportive","publisher":{"@id":"https:\/\/dicodusport.fr\/blog\/#organization"},"potentialAction":[{"@type":"SearchAction","target":{"@type":"EntryPoint","urlTemplate":"https:\/\/dicodusport.fr\/blog\/?s={search_term_string}"},"query-input":{"@type":"PropertyValueSpecification","valueRequired":true,"valueName":"search_term_string"}}],"inLanguage":"fr-FR"},{"@type":"NewsMediaOrganization","@id":"https:\/\/dicodusport.fr\/blog\/#organization","name":"Dicodusport","url":"https:\/\/dicodusport.fr\/blog\/","logo":{"@type":"ImageObject","inLanguage":"fr-FR","@id":"https:\/\/dicodusport.fr\/blog\/#\/schema\/logo\/image\/","url":"https:\/\/dicodusport.fr\/blog\/wp-content\/uploads\/2020\/06\/cropped-LOGO-DICODUSPORT-2020-SANS-FOND-SANS-TEXTE.png","contentUrl":"https:\/\/dicodusport.fr\/blog\/wp-content\/uploads\/2020\/06\/cropped-LOGO-DICODUSPORT-2020-SANS-FOND-SANS-TEXTE.png","width":512,"height":512,"caption":"Dicodusport"},"image":{"@id":"https:\/\/dicodusport.fr\/blog\/#\/schema\/logo\/image\/"},"sameAs":["https:\/\/www.facebook.com\/dicodusport","https:\/\/x.com\/dicodusport","https:\/\/www.instagram.com\/dicodusport\/","https:\/\/www.youtube.com\/channel\/UC7V2KZ5sd3htJivAbA4ZG3w"],"description":"Dicodusport est l'encyclop\u00e9die de l'actualit\u00e9 sportive.","email":"bonjour@dicodusport.fr","legalName":"DICODUSPORT","foundingDate":"2018-01-14","vatID":"FR71834470973","taxID":"83447097300043","numberOfEmployees":{"@type":"QuantitativeValue","minValue":"1","maxValue":"10"}},{"@type":"Person","@id":"https:\/\/dicodusport.fr\/blog\/#\/schema\/person\/55dcb50ad410894e431ed812bbb70191","name":"Nicolas Jacquemard","image":{"@type":"ImageObject","inLanguage":"fr-FR","@id":"https:\/\/dicodusport.fr\/blog\/#\/schema\/person\/image\/","url":"https:\/\/dicodusport.fr\/blog\/wp-content\/uploads\/2021\/05\/Nicolas-Jacquemard-150x150.jpeg","contentUrl":"https:\/\/dicodusport.fr\/blog\/wp-content\/uploads\/2021\/05\/Nicolas-Jacquemard-150x150.jpeg","caption":"Nicolas Jacquemard"},"description":"Passionn\u00e9 de sport et entrepreneur depuis mes 18 ans, la cr\u00e9ation de Dicodusport m'a sembl\u00e9 \u00e9vidente pour participer \u00e0 la m\u00e9diatisation d'un plus grand nombre de sports. Le chemin est long mais avec une \u00e9quipe des plus motiv\u00e9es et les Jeux Olympiques de Paris 2024 en point de mire, nous y arriverons ! Journaliste dans le monde du sport depuis plus de 5 ans, je traite aussi bien de football, de rugby, de biathlon que de cyclisme.","sameAs":["https:\/\/www.facebook.com\/dicodusport","https:\/\/x.com\/https:\/\/twitter.com\/Nico_Jacquemard"],"url":"https:\/\/dicodusport.fr\/blog\/author\/dicodusport\/"}]}},"_links":{"self":[{"href":"https:\/\/dicodusport.fr\/blog\/wp-json\/wp\/v2\/posts\/436115","targetHints":{"allow":["GET"]}}],"collection":[{"href":"https:\/\/dicodusport.fr\/blog\/wp-json\/wp\/v2\/posts"}],"about":[{"href":"https:\/\/dicodusport.fr\/blog\/wp-json\/wp\/v2\/types\/post"}],"author":[{"embeddable":true,"href":"https:\/\/dicodusport.fr\/blog\/wp-json\/wp\/v2\/users\/1"}],"replies":[{"embeddable":true,"href":"https:\/\/dicodusport.fr\/blog\/wp-json\/wp\/v2\/comments?post=436115"}],"version-history":[{"count":0,"href":"https:\/\/dicodusport.fr\/blog\/wp-json\/wp\/v2\/posts\/436115\/revisions"}],"wp:featuredmedia":[{"embeddable":true,"href":"https:\/\/dicodusport.fr\/blog\/wp-json\/wp\/v2\/media\/436120"}],"wp:attachment":[{"href":"https:\/\/dicodusport.fr\/blog\/wp-json\/wp\/v2\/media?parent=436115"}],"wp:term":[{"taxonomy":"category","embeddable":true,"href":"https:\/\/dicodusport.fr\/blog\/wp-json\/wp\/v2\/categories?post=436115"},{"taxonomy":"post_tag","embeddable":true,"href":"https:\/\/dicodusport.fr\/blog\/wp-json\/wp\/v2\/tags?post=436115"}],"curies":[{"name":"wp","href":"https:\/\/api.w.org\/{rel}","templated":true}]}}