{"id":436118,"date":"2023-11-10T09:56:01","date_gmt":"2023-11-10T08:56:01","guid":{"rendered":"https:\/\/dicodusport.fr\/blog\/?p=436118&#038;preview=true&#038;preview_id=436118"},"modified":"2023-11-10T10:11:28","modified_gmt":"2023-11-10T09:11:28","slug":"wta-naomi-osaka-fera-son-grand-retour-a-brisbane","status":"publish","type":"post","link":"https:\/\/dicodusport.fr\/blog\/wta-naomi-osaka-fera-son-grand-retour-a-brisbane\/","title":{"rendered":"WTA : Naomi Osaka fera son grand retour \u00e0 Brisbane"},"content":{"rendered":"<p style=\"text-align: justify;\"><strong><em>SAISON WTA 2024 &#8211; Apr\u00e8s 15 mois d&rsquo;absence, l&rsquo;ancienne n\u00b01 mondiale Naomi Osaka va bien revenir \u00e0 la comp\u00e9tition lors de la tourn\u00e9e australienne, et plus pr\u00e9cis\u00e9ment \u00e0 Brisbane.\u00a0<\/em><\/strong><\/p>\n<p style=\"text-align: justify;\">20 septembre 2022. C&rsquo;est la date du dernier match de <strong>Naomi Osaka<\/strong>, une victoire par abandon (apr\u00e8s un jeu) sur <strong>Daria Saville<\/strong> \u00e0 Tokyo. Deux jours plus tard, elle d\u00e9clarait elle-m\u00eame forfait avant son match contre<strong> Beatriz Haddad Maia<\/strong>, et depuis, elle n&rsquo;a plus remis les pieds sur un court. Une blessure, en premier lieu, mais surtout une maternit\u00e9. Si elle avait annonc\u00e9 un retour prochain \u00e0 la comp\u00e9tition, on ignorait encore quand et o\u00f9.<\/p>\n<blockquote class=\"twitter-tweet\">\n<p dir=\"ltr\" lang=\"fr\">\ud83d\udea8 \ud835\ude4a\ud835\ude41\ud835\ude41\ud835\ude44\ud835\ude3e\ud835\ude44\ud835\ude40\ud835\ude47 ! Naomi Osaka va faire son grand retour au WTA 500 de Brisbane en janvier 2024, avant l\u2019Open d\u2019Australie. \ud83d\udd19<\/p>\n<p>Apr\u00e8s la naissance de son enfant, la quadruple championne en Grand Chelem jouera son premier tournoi depuis Tokyo 2022. \ud83c\uddef\ud83c\uddf5 <a href=\"https:\/\/t.co\/iBReoY1H4e\">pic.twitter.com\/iBReoY1H4e<\/a><\/p>\n<p>\u2014 Univers Tennis \ud83c\udfbe (@UniversTennis) <a href=\"https:\/\/twitter.com\/UniversTennis\/status\/1722883549081075809?ref_src=twsrc%5Etfw\">November 10, 2023<\/a><\/p><\/blockquote>\n<p style=\"text-align: justify;\"><script async src=\"https:\/\/platform.twitter.com\/widgets.js\" charset=\"utf-8\"><\/script><br \/>\nLa r\u00e9ponse, ce sont les organisateurs du tournoi de Brisbane qui l&rsquo;ont donn\u00e9e, en d\u00e9clarant que la Japonaise participerait \u00e0 l&rsquo;\u00e9v\u00e8nement, du 31 d\u00e9cembre au 7 janvier 2024. Une remise en route dans ce WTA 500 avec bien \u00e9videmment l&rsquo;Open d&rsquo;Australie en ligne de mire. Ce qui sera possible avec son classement prot\u00e9g\u00e9. Mais on a surtout h\u00e2te de voir ce que donne sur le terrain l&rsquo;ancienne n\u00b01 mondiale et quadruple laur\u00e9ate de Grand Chelem. \u00c0 26 ans, voil\u00e0 <strong>Naomi Osaka<\/strong> partie pour une seconde carri\u00e8re, mais la concurrence est rude d\u00e9sormais, et l&rsquo;on a h\u00e2te de voir si elle peut retrouver le niveau qui a fait d&rsquo;elle la reine du circuit WTA.<\/p>\n","protected":false},"excerpt":{"rendered":"<p>SAISON WTA 2024 &#8211; Apr\u00e8s 15 mois d&rsquo;absence, l&rsquo;ancienne n\u00b01 mondiale Naomi Osaka va bien revenir \u00e0 la comp\u00e9tition lors de la tourn\u00e9e australienne, et plus pr\u00e9cis\u00e9ment \u00e0 Brisbane.\u00a0<\/p>\n","protected":false},"author":59,"featured_media":436125,"comment_status":"open","ping_status":"closed","sticky":false,"template":"","format":"standard","meta":{"_acf_changed":false,"_daextam_enable_autolinks":"1","footnotes":""},"categories":[2302],"tags":[16878,4160],"class_list":["post-436118","post","type-post","status-publish","format-standard","has-post-thumbnail","hentry","category-tennis","tag-breve","tag-naomi-osaka"],"acf":[],"yoast_head":"<!-- This site is optimized with the Yoast SEO Premium plugin v26.7 (Yoast SEO v26.7) - https:\/\/yoast.com\/wordpress\/plugins\/seo\/ -->\n<title>WTA : Naomi Osaka fera son grand retour \u00e0 Brisbane<\/title>\n<meta name=\"description\" content=\"SAISON WTA 2024 - Apr\u00e8s 15 mois d&#039;absence, l&#039;ancienne n\u00b01 mondiale Naomi Osaka va bien revenir \u00e0 la comp\u00e9tition lors de la tourn\u00e9e australienne.\" \/>\n<meta name=\"robots\" content=\"index, follow, max-snippet:-1, max-image-preview:large, max-video-preview:-1\" \/>\n<link rel=\"canonical\" href=\"https:\/\/dicodusport.fr\/blog\/wta-naomi-osaka-fera-son-grand-retour-a-brisbane\/\" \/>\n<meta property=\"og:locale\" content=\"fr_FR\" \/>\n<meta property=\"og:type\" content=\"article\" \/>\n<meta property=\"og:title\" content=\"WTA : Naomi Osaka fera son grand retour \u00e0 Brisbane\" \/>\n<meta property=\"og:description\" content=\"SAISON WTA 2024 - Apr\u00e8s 15 mois d&#039;absence, l&#039;ancienne n\u00b01 mondiale Naomi Osaka va bien revenir \u00e0 la comp\u00e9tition lors de la tourn\u00e9e australienne.\" \/>\n<meta property=\"og:url\" content=\"https:\/\/dicodusport.fr\/blog\/wta-naomi-osaka-fera-son-grand-retour-a-brisbane\/\" \/>\n<meta property=\"og:site_name\" content=\"Dicodusport\" \/>\n<meta property=\"article:publisher\" content=\"https:\/\/www.facebook.com\/dicodusport\" \/>\n<meta property=\"article:author\" content=\"https:\/\/www.facebook.com\/sebastien.gente\/\" \/>\n<meta property=\"article:published_time\" content=\"2023-11-10T08:56:01+00:00\" \/>\n<meta property=\"article:modified_time\" content=\"2023-11-10T09:11:28+00:00\" \/>\n<meta property=\"og:image\" content=\"https:\/\/dicodusport.fr\/blog\/wp-content\/uploads\/2023\/11\/WTA-Naomi-Osaka-fera-son-grand-retour-a-Brisbane.png\" \/>\n\t<meta property=\"og:image:width\" content=\"800\" \/>\n\t<meta property=\"og:image:height\" content=\"445\" \/>\n\t<meta property=\"og:image:type\" content=\"image\/png\" \/>\n<meta name=\"author\" content=\"S\u00e9bastien Gente\" \/>\n<meta name=\"twitter:card\" content=\"summary_large_image\" \/>\n<meta name=\"twitter:title\" content=\"WTA : Naomi Osaka fera son grand retour \u00e0 Brisbane\" \/>\n<meta name=\"twitter:creator\" content=\"@https:\/\/twitter.com\/globulo24\" \/>\n<meta name=\"twitter:site\" content=\"@dicodusport\" \/>\n<script type=\"application\/ld+json\" class=\"yoast-schema-graph\">{\"@context\":\"https:\/\/schema.org\",\"@graph\":[{\"@type\":\"NewsArticle\",\"@id\":\"https:\/\/dicodusport.fr\/blog\/wta-naomi-osaka-fera-son-grand-retour-a-brisbane\/#article\",\"isPartOf\":{\"@id\":\"https:\/\/dicodusport.fr\/blog\/wta-naomi-osaka-fera-son-grand-retour-a-brisbane\/\"},\"author\":{\"name\":\"S\u00e9bastien Gente\",\"@id\":\"https:\/\/dicodusport.fr\/blog\/#\/schema\/person\/627966a6cde45dbd8c5e36ac85d783da\"},\"headline\":\"WTA : Naomi Osaka fera son grand retour \u00e0 Brisbane\",\"datePublished\":\"2023-11-10T08:56:01+00:00\",\"dateModified\":\"2023-11-10T09:11:28+00:00\",\"mainEntityOfPage\":{\"@id\":\"https:\/\/dicodusport.fr\/blog\/wta-naomi-osaka-fera-son-grand-retour-a-brisbane\/\"},\"wordCount\":288,\"commentCount\":0,\"publisher\":{\"@id\":\"https:\/\/dicodusport.fr\/blog\/#organization\"},\"image\":{\"@id\":\"https:\/\/dicodusport.fr\/blog\/wta-naomi-osaka-fera-son-grand-retour-a-brisbane\/#primaryimage\"},\"thumbnailUrl\":\"https:\/\/dicodusport.fr\/blog\/wp-content\/uploads\/2023\/11\/WTA-Naomi-Osaka-fera-son-grand-retour-a-Brisbane.png\",\"keywords\":[\"br\u00e8ve\",\"Naomi Osaka\"],\"articleSection\":[\"Tennis\"],\"inLanguage\":\"fr-FR\",\"potentialAction\":[{\"@type\":\"CommentAction\",\"name\":\"Comment\",\"target\":[\"https:\/\/dicodusport.fr\/blog\/wta-naomi-osaka-fera-son-grand-retour-a-brisbane\/#respond\"]}],\"copyrightYear\":\"2023\",\"copyrightHolder\":{\"@id\":\"https:\/\/dicodusport.fr\/blog\/#organization\"}},{\"@type\":\"WebPage\",\"@id\":\"https:\/\/dicodusport.fr\/blog\/wta-naomi-osaka-fera-son-grand-retour-a-brisbane\/\",\"url\":\"https:\/\/dicodusport.fr\/blog\/wta-naomi-osaka-fera-son-grand-retour-a-brisbane\/\",\"name\":\"WTA : Naomi Osaka fera son grand retour \u00e0 Brisbane\",\"isPartOf\":{\"@id\":\"https:\/\/dicodusport.fr\/blog\/#website\"},\"primaryImageOfPage\":{\"@id\":\"https:\/\/dicodusport.fr\/blog\/wta-naomi-osaka-fera-son-grand-retour-a-brisbane\/#primaryimage\"},\"image\":{\"@id\":\"https:\/\/dicodusport.fr\/blog\/wta-naomi-osaka-fera-son-grand-retour-a-brisbane\/#primaryimage\"},\"thumbnailUrl\":\"https:\/\/dicodusport.fr\/blog\/wp-content\/uploads\/2023\/11\/WTA-Naomi-Osaka-fera-son-grand-retour-a-Brisbane.png\",\"datePublished\":\"2023-11-10T08:56:01+00:00\",\"dateModified\":\"2023-11-10T09:11:28+00:00\",\"description\":\"SAISON WTA 2024 - Apr\u00e8s 15 mois d'absence, l'ancienne n\u00b01 mondiale Naomi Osaka va bien revenir \u00e0 la comp\u00e9tition lors de la tourn\u00e9e australienne.\",\"breadcrumb\":{\"@id\":\"https:\/\/dicodusport.fr\/blog\/wta-naomi-osaka-fera-son-grand-retour-a-brisbane\/#breadcrumb\"},\"inLanguage\":\"fr-FR\",\"potentialAction\":[{\"@type\":\"ReadAction\",\"target\":[\"https:\/\/dicodusport.fr\/blog\/wta-naomi-osaka-fera-son-grand-retour-a-brisbane\/\"]}]},{\"@type\":\"ImageObject\",\"inLanguage\":\"fr-FR\",\"@id\":\"https:\/\/dicodusport.fr\/blog\/wta-naomi-osaka-fera-son-grand-retour-a-brisbane\/#primaryimage\",\"url\":\"https:\/\/dicodusport.fr\/blog\/wp-content\/uploads\/2023\/11\/WTA-Naomi-Osaka-fera-son-grand-retour-a-Brisbane.png\",\"contentUrl\":\"https:\/\/dicodusport.fr\/blog\/wp-content\/uploads\/2023\/11\/WTA-Naomi-Osaka-fera-son-grand-retour-a-Brisbane.png\",\"width\":800,\"height\":445,\"caption\":\"WTA Naomi Osaka fera son grand retour \u00e0 Brisbane\"},{\"@type\":\"BreadcrumbList\",\"@id\":\"https:\/\/dicodusport.fr\/blog\/wta-naomi-osaka-fera-son-grand-retour-a-brisbane\/#breadcrumb\",\"itemListElement\":[{\"@type\":\"ListItem\",\"position\":1,\"name\":\"Accueil\",\"item\":\"https:\/\/dicodusport.fr\/blog\/\"},{\"@type\":\"ListItem\",\"position\":2,\"name\":\"WTA : Naomi Osaka fera son grand retour \u00e0 Brisbane\"}]},{\"@type\":\"WebSite\",\"@id\":\"https:\/\/dicodusport.fr\/blog\/#website\",\"url\":\"https:\/\/dicodusport.fr\/blog\/\",\"name\":\"Dicodusport\",\"description\":\"L&#039;encyclop\u00e9die de l&#039;actualit\u00e9 sportive\",\"publisher\":{\"@id\":\"https:\/\/dicodusport.fr\/blog\/#organization\"},\"potentialAction\":[{\"@type\":\"SearchAction\",\"target\":{\"@type\":\"EntryPoint\",\"urlTemplate\":\"https:\/\/dicodusport.fr\/blog\/?s={search_term_string}\"},\"query-input\":{\"@type\":\"PropertyValueSpecification\",\"valueRequired\":true,\"valueName\":\"search_term_string\"}}],\"inLanguage\":\"fr-FR\"},{\"@type\":\"NewsMediaOrganization\",\"@id\":\"https:\/\/dicodusport.fr\/blog\/#organization\",\"name\":\"Dicodusport\",\"url\":\"https:\/\/dicodusport.fr\/blog\/\",\"logo\":{\"@type\":\"ImageObject\",\"inLanguage\":\"fr-FR\",\"@id\":\"https:\/\/dicodusport.fr\/blog\/#\/schema\/logo\/image\/\",\"url\":\"https:\/\/dicodusport.fr\/blog\/wp-content\/uploads\/2020\/06\/cropped-LOGO-DICODUSPORT-2020-SANS-FOND-SANS-TEXTE.png\",\"contentUrl\":\"https:\/\/dicodusport.fr\/blog\/wp-content\/uploads\/2020\/06\/cropped-LOGO-DICODUSPORT-2020-SANS-FOND-SANS-TEXTE.png\",\"width\":512,\"height\":512,\"caption\":\"Dicodusport\"},\"image\":{\"@id\":\"https:\/\/dicodusport.fr\/blog\/#\/schema\/logo\/image\/\"},\"sameAs\":[\"https:\/\/www.facebook.com\/dicodusport\",\"https:\/\/x.com\/dicodusport\",\"https:\/\/www.instagram.com\/dicodusport\/\",\"https:\/\/www.youtube.com\/channel\/UC7V2KZ5sd3htJivAbA4ZG3w\"],\"description\":\"Dicodusport est l'encyclop\u00e9die de l'actualit\u00e9 sportive.\",\"email\":\"bonjour@dicodusport.fr\",\"legalName\":\"DICODUSPORT\",\"foundingDate\":\"2018-01-14\",\"vatID\":\"FR71834470973\",\"taxID\":\"83447097300043\",\"numberOfEmployees\":{\"@type\":\"QuantitativeValue\",\"minValue\":\"1\",\"maxValue\":\"10\"}},{\"@type\":\"Person\",\"@id\":\"https:\/\/dicodusport.fr\/blog\/#\/schema\/person\/627966a6cde45dbd8c5e36ac85d783da\",\"name\":\"S\u00e9bastien Gente\",\"image\":{\"@type\":\"ImageObject\",\"inLanguage\":\"fr-FR\",\"@id\":\"https:\/\/dicodusport.fr\/blog\/#\/schema\/person\/image\/\",\"url\":\"https:\/\/dicodusport.fr\/blog\/wp-content\/uploads\/2021\/09\/1510990_10205810251400683_4124423575079401707_n-150x150.jpg\",\"contentUrl\":\"https:\/\/dicodusport.fr\/blog\/wp-content\/uploads\/2021\/09\/1510990_10205810251400683_4124423575079401707_n-150x150.jpg\",\"caption\":\"S\u00e9bastien Gente\"},\"description\":\"John Stockton, Gianni Bugno, Zinedine Zidane, Steffi Graf, Frode Andresen, St\u00e9phane Stoecklin, Davis Kamoga, Primoz Peterka, Werner Schlager et Aur\u00e9lien Rougerie. Point commun entre ces sportifs? Ils m'ont fait r\u00eaver et ont berc\u00e9 mon adolescence. Je suis un fondu de sports et j'essaie de retranscrire ma passion \u00e0 travers mes articles. Originaire du P\u00e9rigord, ma passion pour les Girondins, les Jaunards et les Jazzmen transpire dans mes \u00e9crits. \u00c0 Dicodusport depuis 2021, je d\u00e9niche les sports m\u00e9connus dans lesquels la France brille, et il y en a !\",\"sameAs\":[\"https:\/\/www.facebook.com\/sebastien.gente\/\",\"https:\/\/www.instagram.com\/sebgente\/\",\"https:\/\/www.linkedin.com\/in\/sbastien-gente-a29583169\/\",\"https:\/\/x.com\/https:\/\/twitter.com\/globulo24\",\"SebastienGente\"],\"worksFor\":\"S\u00e9bastien GENTE\",\"url\":\"https:\/\/dicodusport.fr\/blog\/author\/sebastiengente\/\"}]}<\/script>\n<!-- \/ Yoast SEO Premium plugin. -->","yoast_head_json":{"title":"WTA : Naomi Osaka fera son grand retour \u00e0 Brisbane","description":"SAISON WTA 2024 - Apr\u00e8s 15 mois d'absence, l'ancienne n\u00b01 mondiale Naomi Osaka va bien revenir \u00e0 la comp\u00e9tition lors de la tourn\u00e9e australienne.","robots":{"index":"index","follow":"follow","max-snippet":"max-snippet:-1","max-image-preview":"max-image-preview:large","max-video-preview":"max-video-preview:-1"},"canonical":"https:\/\/dicodusport.fr\/blog\/wta-naomi-osaka-fera-son-grand-retour-a-brisbane\/","og_locale":"fr_FR","og_type":"article","og_title":"WTA : Naomi Osaka fera son grand retour \u00e0 Brisbane","og_description":"SAISON WTA 2024 - Apr\u00e8s 15 mois d'absence, l'ancienne n\u00b01 mondiale Naomi Osaka va bien revenir \u00e0 la comp\u00e9tition lors de la tourn\u00e9e australienne.","og_url":"https:\/\/dicodusport.fr\/blog\/wta-naomi-osaka-fera-son-grand-retour-a-brisbane\/","og_site_name":"Dicodusport","article_publisher":"https:\/\/www.facebook.com\/dicodusport","article_author":"https:\/\/www.facebook.com\/sebastien.gente\/","article_published_time":"2023-11-10T08:56:01+00:00","article_modified_time":"2023-11-10T09:11:28+00:00","og_image":[{"width":800,"height":445,"url":"https:\/\/dicodusport.fr\/blog\/wp-content\/uploads\/2023\/11\/WTA-Naomi-Osaka-fera-son-grand-retour-a-Brisbane.png","type":"image\/png"}],"author":"S\u00e9bastien Gente","twitter_card":"summary_large_image","twitter_title":"WTA : Naomi Osaka fera son grand retour \u00e0 Brisbane","twitter_creator":"@https:\/\/twitter.com\/globulo24","twitter_site":"@dicodusport","schema":{"@context":"https:\/\/schema.org","@graph":[{"@type":"NewsArticle","@id":"https:\/\/dicodusport.fr\/blog\/wta-naomi-osaka-fera-son-grand-retour-a-brisbane\/#article","isPartOf":{"@id":"https:\/\/dicodusport.fr\/blog\/wta-naomi-osaka-fera-son-grand-retour-a-brisbane\/"},"author":{"name":"S\u00e9bastien Gente","@id":"https:\/\/dicodusport.fr\/blog\/#\/schema\/person\/627966a6cde45dbd8c5e36ac85d783da"},"headline":"WTA : Naomi Osaka fera son grand retour \u00e0 Brisbane","datePublished":"2023-11-10T08:56:01+00:00","dateModified":"2023-11-10T09:11:28+00:00","mainEntityOfPage":{"@id":"https:\/\/dicodusport.fr\/blog\/wta-naomi-osaka-fera-son-grand-retour-a-brisbane\/"},"wordCount":288,"commentCount":0,"publisher":{"@id":"https:\/\/dicodusport.fr\/blog\/#organization"},"image":{"@id":"https:\/\/dicodusport.fr\/blog\/wta-naomi-osaka-fera-son-grand-retour-a-brisbane\/#primaryimage"},"thumbnailUrl":"https:\/\/dicodusport.fr\/blog\/wp-content\/uploads\/2023\/11\/WTA-Naomi-Osaka-fera-son-grand-retour-a-Brisbane.png","keywords":["br\u00e8ve","Naomi Osaka"],"articleSection":["Tennis"],"inLanguage":"fr-FR","potentialAction":[{"@type":"CommentAction","name":"Comment","target":["https:\/\/dicodusport.fr\/blog\/wta-naomi-osaka-fera-son-grand-retour-a-brisbane\/#respond"]}],"copyrightYear":"2023","copyrightHolder":{"@id":"https:\/\/dicodusport.fr\/blog\/#organization"}},{"@type":"WebPage","@id":"https:\/\/dicodusport.fr\/blog\/wta-naomi-osaka-fera-son-grand-retour-a-brisbane\/","url":"https:\/\/dicodusport.fr\/blog\/wta-naomi-osaka-fera-son-grand-retour-a-brisbane\/","name":"WTA : Naomi Osaka fera son grand retour \u00e0 Brisbane","isPartOf":{"@id":"https:\/\/dicodusport.fr\/blog\/#website"},"primaryImageOfPage":{"@id":"https:\/\/dicodusport.fr\/blog\/wta-naomi-osaka-fera-son-grand-retour-a-brisbane\/#primaryimage"},"image":{"@id":"https:\/\/dicodusport.fr\/blog\/wta-naomi-osaka-fera-son-grand-retour-a-brisbane\/#primaryimage"},"thumbnailUrl":"https:\/\/dicodusport.fr\/blog\/wp-content\/uploads\/2023\/11\/WTA-Naomi-Osaka-fera-son-grand-retour-a-Brisbane.png","datePublished":"2023-11-10T08:56:01+00:00","dateModified":"2023-11-10T09:11:28+00:00","description":"SAISON WTA 2024 - Apr\u00e8s 15 mois d'absence, l'ancienne n\u00b01 mondiale Naomi Osaka va bien revenir \u00e0 la comp\u00e9tition lors de la tourn\u00e9e australienne.","breadcrumb":{"@id":"https:\/\/dicodusport.fr\/blog\/wta-naomi-osaka-fera-son-grand-retour-a-brisbane\/#breadcrumb"},"inLanguage":"fr-FR","potentialAction":[{"@type":"ReadAction","target":["https:\/\/dicodusport.fr\/blog\/wta-naomi-osaka-fera-son-grand-retour-a-brisbane\/"]}]},{"@type":"ImageObject","inLanguage":"fr-FR","@id":"https:\/\/dicodusport.fr\/blog\/wta-naomi-osaka-fera-son-grand-retour-a-brisbane\/#primaryimage","url":"https:\/\/dicodusport.fr\/blog\/wp-content\/uploads\/2023\/11\/WTA-Naomi-Osaka-fera-son-grand-retour-a-Brisbane.png","contentUrl":"https:\/\/dicodusport.fr\/blog\/wp-content\/uploads\/2023\/11\/WTA-Naomi-Osaka-fera-son-grand-retour-a-Brisbane.png","width":800,"height":445,"caption":"WTA Naomi Osaka fera son grand retour \u00e0 Brisbane"},{"@type":"BreadcrumbList","@id":"https:\/\/dicodusport.fr\/blog\/wta-naomi-osaka-fera-son-grand-retour-a-brisbane\/#breadcrumb","itemListElement":[{"@type":"ListItem","position":1,"name":"Accueil","item":"https:\/\/dicodusport.fr\/blog\/"},{"@type":"ListItem","position":2,"name":"WTA : Naomi Osaka fera son grand retour \u00e0 Brisbane"}]},{"@type":"WebSite","@id":"https:\/\/dicodusport.fr\/blog\/#website","url":"https:\/\/dicodusport.fr\/blog\/","name":"Dicodusport","description":"L&#039;encyclop\u00e9die de l&#039;actualit\u00e9 sportive","publisher":{"@id":"https:\/\/dicodusport.fr\/blog\/#organization"},"potentialAction":[{"@type":"SearchAction","target":{"@type":"EntryPoint","urlTemplate":"https:\/\/dicodusport.fr\/blog\/?s={search_term_string}"},"query-input":{"@type":"PropertyValueSpecification","valueRequired":true,"valueName":"search_term_string"}}],"inLanguage":"fr-FR"},{"@type":"NewsMediaOrganization","@id":"https:\/\/dicodusport.fr\/blog\/#organization","name":"Dicodusport","url":"https:\/\/dicodusport.fr\/blog\/","logo":{"@type":"ImageObject","inLanguage":"fr-FR","@id":"https:\/\/dicodusport.fr\/blog\/#\/schema\/logo\/image\/","url":"https:\/\/dicodusport.fr\/blog\/wp-content\/uploads\/2020\/06\/cropped-LOGO-DICODUSPORT-2020-SANS-FOND-SANS-TEXTE.png","contentUrl":"https:\/\/dicodusport.fr\/blog\/wp-content\/uploads\/2020\/06\/cropped-LOGO-DICODUSPORT-2020-SANS-FOND-SANS-TEXTE.png","width":512,"height":512,"caption":"Dicodusport"},"image":{"@id":"https:\/\/dicodusport.fr\/blog\/#\/schema\/logo\/image\/"},"sameAs":["https:\/\/www.facebook.com\/dicodusport","https:\/\/x.com\/dicodusport","https:\/\/www.instagram.com\/dicodusport\/","https:\/\/www.youtube.com\/channel\/UC7V2KZ5sd3htJivAbA4ZG3w"],"description":"Dicodusport est l'encyclop\u00e9die de l'actualit\u00e9 sportive.","email":"bonjour@dicodusport.fr","legalName":"DICODUSPORT","foundingDate":"2018-01-14","vatID":"FR71834470973","taxID":"83447097300043","numberOfEmployees":{"@type":"QuantitativeValue","minValue":"1","maxValue":"10"}},{"@type":"Person","@id":"https:\/\/dicodusport.fr\/blog\/#\/schema\/person\/627966a6cde45dbd8c5e36ac85d783da","name":"S\u00e9bastien Gente","image":{"@type":"ImageObject","inLanguage":"fr-FR","@id":"https:\/\/dicodusport.fr\/blog\/#\/schema\/person\/image\/","url":"https:\/\/dicodusport.fr\/blog\/wp-content\/uploads\/2021\/09\/1510990_10205810251400683_4124423575079401707_n-150x150.jpg","contentUrl":"https:\/\/dicodusport.fr\/blog\/wp-content\/uploads\/2021\/09\/1510990_10205810251400683_4124423575079401707_n-150x150.jpg","caption":"S\u00e9bastien Gente"},"description":"John Stockton, Gianni Bugno, Zinedine Zidane, Steffi Graf, Frode Andresen, St\u00e9phane Stoecklin, Davis Kamoga, Primoz Peterka, Werner Schlager et Aur\u00e9lien Rougerie. Point commun entre ces sportifs? Ils m'ont fait r\u00eaver et ont berc\u00e9 mon adolescence. Je suis un fondu de sports et j'essaie de retranscrire ma passion \u00e0 travers mes articles. Originaire du P\u00e9rigord, ma passion pour les Girondins, les Jaunards et les Jazzmen transpire dans mes \u00e9crits. \u00c0 Dicodusport depuis 2021, je d\u00e9niche les sports m\u00e9connus dans lesquels la France brille, et il y en a !","sameAs":["https:\/\/www.facebook.com\/sebastien.gente\/","https:\/\/www.instagram.com\/sebgente\/","https:\/\/www.linkedin.com\/in\/sbastien-gente-a29583169\/","https:\/\/x.com\/https:\/\/twitter.com\/globulo24","SebastienGente"],"worksFor":"S\u00e9bastien GENTE","url":"https:\/\/dicodusport.fr\/blog\/author\/sebastiengente\/"}]}},"_links":{"self":[{"href":"https:\/\/dicodusport.fr\/blog\/wp-json\/wp\/v2\/posts\/436118","targetHints":{"allow":["GET"]}}],"collection":[{"href":"https:\/\/dicodusport.fr\/blog\/wp-json\/wp\/v2\/posts"}],"about":[{"href":"https:\/\/dicodusport.fr\/blog\/wp-json\/wp\/v2\/types\/post"}],"author":[{"embeddable":true,"href":"https:\/\/dicodusport.fr\/blog\/wp-json\/wp\/v2\/users\/59"}],"replies":[{"embeddable":true,"href":"https:\/\/dicodusport.fr\/blog\/wp-json\/wp\/v2\/comments?post=436118"}],"version-history":[{"count":0,"href":"https:\/\/dicodusport.fr\/blog\/wp-json\/wp\/v2\/posts\/436118\/revisions"}],"wp:featuredmedia":[{"embeddable":true,"href":"https:\/\/dicodusport.fr\/blog\/wp-json\/wp\/v2\/media\/436125"}],"wp:attachment":[{"href":"https:\/\/dicodusport.fr\/blog\/wp-json\/wp\/v2\/media?parent=436118"}],"wp:term":[{"taxonomy":"category","embeddable":true,"href":"https:\/\/dicodusport.fr\/blog\/wp-json\/wp\/v2\/categories?post=436118"},{"taxonomy":"post_tag","embeddable":true,"href":"https:\/\/dicodusport.fr\/blog\/wp-json\/wp\/v2\/tags?post=436118"}],"curies":[{"name":"wp","href":"https:\/\/api.w.org\/{rel}","templated":true}]}}