{"id":436411,"date":"2023-11-11T13:17:25","date_gmt":"2023-11-11T12:17:25","guid":{"rendered":"https:\/\/dicodusport.fr\/blog\/?p=436411&#038;preview=true&#038;preview_id=436411"},"modified":"2024-02-06T19:12:21","modified_gmt":"2024-02-06T18:12:21","slug":"mercato-andre-ayew-fait-son-retour-en-ligue-1","status":"publish","type":"post","link":"https:\/\/dicodusport.fr\/blog\/mercato-andre-ayew-fait-son-retour-en-ligue-1\/","title":{"rendered":"Mercato : Andr\u00e9 Ayew fait son retour en Ligue 1"},"content":{"rendered":"<p style=\"text-align: justify;\"><strong><em>MERCATO FOOTBALL &#8211; Sans club depuis le d\u00e9but de saison, Andr\u00e9 Ayew fait son grand retour en Ligue 1. Le Ghan\u00e9en va s&rsquo;engager avec Le Havre.<\/em><\/strong><\/p>\n<p style=\"text-align: justify;\">\u00c0 33 ans, <strong>Andr\u00e9 Ayew<\/strong> n&rsquo;en a pas fini avec le football professionnel. Il avait sign\u00e9 en f\u00e9vrier dernier avec Nottingham Forest et termin\u00e9 la saison avec le club anglais. Mais apr\u00e8s 13 matchs, il n&rsquo;avait pas \u00e9t\u00e9 conserv\u00e9, et n&rsquo;a plus de club depuis. Sa derni\u00e8re apparition a \u00e9t\u00e9 faite avec le maillot du Ghana, lors d&rsquo;un match amical contre le Lib\u00e9ria le 12 septembre dernier. Mais il s&rsquo;av\u00e8re que l&rsquo;ancien Marseillais va revenir en Ligue 1, puisque selon <strong>Fabrice Hawkins<\/strong>, il va s&rsquo;engager avec Le Havre.<\/p>\n<blockquote class=\"twitter-tweet\">\n<p dir=\"ltr\" lang=\"fr\">\u2757\ufe0fAndr\u00e9 Ayew arrive au Havre et devrait \u00eatre pr\u00e9sent\u00e9 ce soir au stade Oc\u00e9ane avant Le Havre \/ Monaco <a href=\"https:\/\/t.co\/1cUN39loFk\">pic.twitter.com\/1cUN39loFk<\/a><\/p>\n<p>\u2014 Fabrice Hawkins (@FabriceHawkins) <a href=\"https:\/\/twitter.com\/FabriceHawkins\/status\/1723296676327182675?ref_src=twsrc%5Etfw\">November 11, 2023<\/a><\/p><\/blockquote>\n<p style=\"text-align: justify;\"><script async src=\"https:\/\/platform.twitter.com\/widgets.js\" charset=\"utf-8\"><\/script><\/p>\n<p style=\"text-align: justify;\">Une belle prise pour le champion de Ligue 2 en titre, qui est bien parti cette saison, puisque 7e de Ligue 1 \u00e0 l&rsquo;instant T, avant de d\u00e9fier Monaco ce soir au Stade Oc\u00e9ane. C&rsquo;est \u00e0 cette occasion que le Ghan\u00e9en devrait \u00eatre pr\u00e9sent\u00e9 au public havrais. <strong>Andr\u00e9 Ayew<\/strong> a connu 5 clubs \u00e0 l&rsquo;\u00e9tranger depuis son d\u00e9part de l&rsquo;Olympique de Marseille en 2015. Il devrait amener de l&rsquo;exp\u00e9rience au club normand, afin de p\u00e9renniser la place du Havre en Ligue 1. La dur\u00e9e du contrat n&rsquo;a pas \u00e9t\u00e9 communiqu\u00e9e.<\/p>\n<ul>\n<li><strong>\u00c0 lire aussi : <a href=\"https:\/\/dicodusport.fr\/blog\/classement-ligue-1-2023-2024\/\">Classement Ligue 1 2023\/2024<\/a><\/strong><\/li>\n<\/ul>\n","protected":false},"excerpt":{"rendered":"<p>MERCATO FOOTBALL &#8211; Sans club depuis le d\u00e9but de saison, Andr\u00e9 Ayew fait son grand retour en Ligue 1. Le Ghan\u00e9en va s&rsquo;engager avec Le Havre.<\/p>\n","protected":false},"author":59,"featured_media":436412,"comment_status":"open","ping_status":"closed","sticky":false,"template":"","format":"standard","meta":{"_acf_changed":false,"_daextam_enable_autolinks":"1","footnotes":""},"categories":[47045],"tags":[16878,5619,14093],"class_list":["post-436411","post","type-post","status-publish","format-standard","has-post-thumbnail","hentry","category-ligue-1","tag-breve","tag-le-havre","tag-mercato-football"],"acf":[],"yoast_head":"<!-- This site is optimized with the Yoast SEO Premium plugin v26.7 (Yoast SEO v26.7) - https:\/\/yoast.com\/wordpress\/plugins\/seo\/ -->\n<title>Mercato : Andr\u00e9 Ayew fait son retour en Ligue 1<\/title>\n<meta name=\"description\" content=\"MERCATO FOOTBALL - Sans club depuis le d\u00e9but de saison, Andr\u00e9 Ayew fait son grand retour en Ligue 1. Le Ghan\u00e9en va s&#039;engager avec Le Havre.\" \/>\n<meta name=\"robots\" content=\"index, follow, max-snippet:-1, max-image-preview:large, max-video-preview:-1\" \/>\n<link rel=\"canonical\" href=\"https:\/\/dicodusport.fr\/blog\/mercato-andre-ayew-fait-son-retour-en-ligue-1\/\" \/>\n<meta property=\"og:locale\" content=\"fr_FR\" \/>\n<meta property=\"og:type\" content=\"article\" \/>\n<meta property=\"og:title\" content=\"Mercato : Andr\u00e9 Ayew fait son retour en Ligue 1\" \/>\n<meta property=\"og:description\" content=\"MERCATO FOOTBALL - Sans club depuis le d\u00e9but de saison, Andr\u00e9 Ayew fait son grand retour en Ligue 1. Le Ghan\u00e9en va s&#039;engager avec Le Havre.\" \/>\n<meta property=\"og:url\" content=\"https:\/\/dicodusport.fr\/blog\/mercato-andre-ayew-fait-son-retour-en-ligue-1\/\" \/>\n<meta property=\"og:site_name\" content=\"Dicodusport\" \/>\n<meta property=\"article:publisher\" content=\"https:\/\/www.facebook.com\/dicodusport\" \/>\n<meta property=\"article:author\" content=\"https:\/\/www.facebook.com\/sebastien.gente\/\" \/>\n<meta property=\"article:published_time\" content=\"2023-11-11T12:17:25+00:00\" \/>\n<meta property=\"article:modified_time\" content=\"2024-02-06T18:12:21+00:00\" \/>\n<meta property=\"og:image\" content=\"https:\/\/dicodusport.fr\/blog\/wp-content\/uploads\/2023\/11\/Mercato-Andre-Ayew-fait-son-retour-en-Ligue-1.png\" \/>\n\t<meta property=\"og:image:width\" content=\"800\" \/>\n\t<meta property=\"og:image:height\" content=\"445\" \/>\n\t<meta property=\"og:image:type\" content=\"image\/png\" \/>\n<meta name=\"author\" content=\"S\u00e9bastien Gente\" \/>\n<meta name=\"twitter:card\" content=\"summary_large_image\" \/>\n<meta name=\"twitter:title\" content=\"Mercato : Andr\u00e9 Ayew fait son retour en Ligue 1\" \/>\n<meta name=\"twitter:creator\" content=\"@https:\/\/twitter.com\/globulo24\" \/>\n<meta name=\"twitter:site\" content=\"@dicodusport\" \/>\n<script type=\"application\/ld+json\" class=\"yoast-schema-graph\">{\"@context\":\"https:\/\/schema.org\",\"@graph\":[{\"@type\":\"NewsArticle\",\"@id\":\"https:\/\/dicodusport.fr\/blog\/mercato-andre-ayew-fait-son-retour-en-ligue-1\/#article\",\"isPartOf\":{\"@id\":\"https:\/\/dicodusport.fr\/blog\/mercato-andre-ayew-fait-son-retour-en-ligue-1\/\"},\"author\":{\"name\":\"S\u00e9bastien Gente\",\"@id\":\"https:\/\/dicodusport.fr\/blog\/#\/schema\/person\/627966a6cde45dbd8c5e36ac85d783da\"},\"headline\":\"Mercato : Andr\u00e9 Ayew fait son retour en Ligue 1\",\"datePublished\":\"2023-11-11T12:17:25+00:00\",\"dateModified\":\"2024-02-06T18:12:21+00:00\",\"mainEntityOfPage\":{\"@id\":\"https:\/\/dicodusport.fr\/blog\/mercato-andre-ayew-fait-son-retour-en-ligue-1\/\"},\"wordCount\":261,\"commentCount\":0,\"publisher\":{\"@id\":\"https:\/\/dicodusport.fr\/blog\/#organization\"},\"image\":{\"@id\":\"https:\/\/dicodusport.fr\/blog\/mercato-andre-ayew-fait-son-retour-en-ligue-1\/#primaryimage\"},\"thumbnailUrl\":\"https:\/\/dicodusport.fr\/blog\/wp-content\/uploads\/2023\/11\/Mercato-Andre-Ayew-fait-son-retour-en-Ligue-1.png\",\"keywords\":[\"br\u00e8ve\",\"Le havre\",\"Mercato football\"],\"articleSection\":[\"Ligue 1\"],\"inLanguage\":\"fr-FR\",\"potentialAction\":[{\"@type\":\"CommentAction\",\"name\":\"Comment\",\"target\":[\"https:\/\/dicodusport.fr\/blog\/mercato-andre-ayew-fait-son-retour-en-ligue-1\/#respond\"]}],\"copyrightYear\":\"2023\",\"copyrightHolder\":{\"@id\":\"https:\/\/dicodusport.fr\/blog\/#organization\"}},{\"@type\":\"WebPage\",\"@id\":\"https:\/\/dicodusport.fr\/blog\/mercato-andre-ayew-fait-son-retour-en-ligue-1\/\",\"url\":\"https:\/\/dicodusport.fr\/blog\/mercato-andre-ayew-fait-son-retour-en-ligue-1\/\",\"name\":\"Mercato : Andr\u00e9 Ayew fait son retour en Ligue 1\",\"isPartOf\":{\"@id\":\"https:\/\/dicodusport.fr\/blog\/#website\"},\"primaryImageOfPage\":{\"@id\":\"https:\/\/dicodusport.fr\/blog\/mercato-andre-ayew-fait-son-retour-en-ligue-1\/#primaryimage\"},\"image\":{\"@id\":\"https:\/\/dicodusport.fr\/blog\/mercato-andre-ayew-fait-son-retour-en-ligue-1\/#primaryimage\"},\"thumbnailUrl\":\"https:\/\/dicodusport.fr\/blog\/wp-content\/uploads\/2023\/11\/Mercato-Andre-Ayew-fait-son-retour-en-Ligue-1.png\",\"datePublished\":\"2023-11-11T12:17:25+00:00\",\"dateModified\":\"2024-02-06T18:12:21+00:00\",\"description\":\"MERCATO FOOTBALL - Sans club depuis le d\u00e9but de saison, Andr\u00e9 Ayew fait son grand retour en Ligue 1. Le Ghan\u00e9en va s'engager avec Le Havre.\",\"breadcrumb\":{\"@id\":\"https:\/\/dicodusport.fr\/blog\/mercato-andre-ayew-fait-son-retour-en-ligue-1\/#breadcrumb\"},\"inLanguage\":\"fr-FR\",\"potentialAction\":[{\"@type\":\"ReadAction\",\"target\":[\"https:\/\/dicodusport.fr\/blog\/mercato-andre-ayew-fait-son-retour-en-ligue-1\/\"]}]},{\"@type\":\"ImageObject\",\"inLanguage\":\"fr-FR\",\"@id\":\"https:\/\/dicodusport.fr\/blog\/mercato-andre-ayew-fait-son-retour-en-ligue-1\/#primaryimage\",\"url\":\"https:\/\/dicodusport.fr\/blog\/wp-content\/uploads\/2023\/11\/Mercato-Andre-Ayew-fait-son-retour-en-Ligue-1.png\",\"contentUrl\":\"https:\/\/dicodusport.fr\/blog\/wp-content\/uploads\/2023\/11\/Mercato-Andre-Ayew-fait-son-retour-en-Ligue-1.png\",\"width\":800,\"height\":445,\"caption\":\"Mercato Andr\u00e9 Ayew fait son retour en Ligue 1\"},{\"@type\":\"BreadcrumbList\",\"@id\":\"https:\/\/dicodusport.fr\/blog\/mercato-andre-ayew-fait-son-retour-en-ligue-1\/#breadcrumb\",\"itemListElement\":[{\"@type\":\"ListItem\",\"position\":1,\"name\":\"Accueil\",\"item\":\"https:\/\/dicodusport.fr\/blog\/\"},{\"@type\":\"ListItem\",\"position\":2,\"name\":\"Mercato : Andr\u00e9 Ayew fait son retour en Ligue 1\"}]},{\"@type\":\"WebSite\",\"@id\":\"https:\/\/dicodusport.fr\/blog\/#website\",\"url\":\"https:\/\/dicodusport.fr\/blog\/\",\"name\":\"Dicodusport\",\"description\":\"L&#039;encyclop\u00e9die de l&#039;actualit\u00e9 sportive\",\"publisher\":{\"@id\":\"https:\/\/dicodusport.fr\/blog\/#organization\"},\"potentialAction\":[{\"@type\":\"SearchAction\",\"target\":{\"@type\":\"EntryPoint\",\"urlTemplate\":\"https:\/\/dicodusport.fr\/blog\/?s={search_term_string}\"},\"query-input\":{\"@type\":\"PropertyValueSpecification\",\"valueRequired\":true,\"valueName\":\"search_term_string\"}}],\"inLanguage\":\"fr-FR\"},{\"@type\":\"NewsMediaOrganization\",\"@id\":\"https:\/\/dicodusport.fr\/blog\/#organization\",\"name\":\"Dicodusport\",\"url\":\"https:\/\/dicodusport.fr\/blog\/\",\"logo\":{\"@type\":\"ImageObject\",\"inLanguage\":\"fr-FR\",\"@id\":\"https:\/\/dicodusport.fr\/blog\/#\/schema\/logo\/image\/\",\"url\":\"https:\/\/dicodusport.fr\/blog\/wp-content\/uploads\/2020\/06\/cropped-LOGO-DICODUSPORT-2020-SANS-FOND-SANS-TEXTE.png\",\"contentUrl\":\"https:\/\/dicodusport.fr\/blog\/wp-content\/uploads\/2020\/06\/cropped-LOGO-DICODUSPORT-2020-SANS-FOND-SANS-TEXTE.png\",\"width\":512,\"height\":512,\"caption\":\"Dicodusport\"},\"image\":{\"@id\":\"https:\/\/dicodusport.fr\/blog\/#\/schema\/logo\/image\/\"},\"sameAs\":[\"https:\/\/www.facebook.com\/dicodusport\",\"https:\/\/x.com\/dicodusport\",\"https:\/\/www.instagram.com\/dicodusport\/\",\"https:\/\/www.youtube.com\/channel\/UC7V2KZ5sd3htJivAbA4ZG3w\"],\"description\":\"Dicodusport est l'encyclop\u00e9die de l'actualit\u00e9 sportive.\",\"email\":\"bonjour@dicodusport.fr\",\"legalName\":\"DICODUSPORT\",\"foundingDate\":\"2018-01-14\",\"vatID\":\"FR71834470973\",\"taxID\":\"83447097300043\",\"numberOfEmployees\":{\"@type\":\"QuantitativeValue\",\"minValue\":\"1\",\"maxValue\":\"10\"}},{\"@type\":\"Person\",\"@id\":\"https:\/\/dicodusport.fr\/blog\/#\/schema\/person\/627966a6cde45dbd8c5e36ac85d783da\",\"name\":\"S\u00e9bastien Gente\",\"image\":{\"@type\":\"ImageObject\",\"inLanguage\":\"fr-FR\",\"@id\":\"https:\/\/dicodusport.fr\/blog\/#\/schema\/person\/image\/\",\"url\":\"https:\/\/dicodusport.fr\/blog\/wp-content\/uploads\/2021\/09\/1510990_10205810251400683_4124423575079401707_n-150x150.jpg\",\"contentUrl\":\"https:\/\/dicodusport.fr\/blog\/wp-content\/uploads\/2021\/09\/1510990_10205810251400683_4124423575079401707_n-150x150.jpg\",\"caption\":\"S\u00e9bastien Gente\"},\"description\":\"John Stockton, Gianni Bugno, Zinedine Zidane, Steffi Graf, Frode Andresen, St\u00e9phane Stoecklin, Davis Kamoga, Primoz Peterka, Werner Schlager et Aur\u00e9lien Rougerie. Point commun entre ces sportifs? Ils m'ont fait r\u00eaver et ont berc\u00e9 mon adolescence. Je suis un fondu de sports et j'essaie de retranscrire ma passion \u00e0 travers mes articles. Originaire du P\u00e9rigord, ma passion pour les Girondins, les Jaunards et les Jazzmen transpire dans mes \u00e9crits. \u00c0 Dicodusport depuis 2021, je d\u00e9niche les sports m\u00e9connus dans lesquels la France brille, et il y en a !\",\"sameAs\":[\"https:\/\/www.facebook.com\/sebastien.gente\/\",\"https:\/\/www.instagram.com\/sebgente\/\",\"https:\/\/www.linkedin.com\/in\/sbastien-gente-a29583169\/\",\"https:\/\/x.com\/https:\/\/twitter.com\/globulo24\",\"SebastienGente\"],\"worksFor\":\"S\u00e9bastien GENTE\",\"url\":\"https:\/\/dicodusport.fr\/blog\/author\/sebastiengente\/\"}]}<\/script>\n<!-- \/ Yoast SEO Premium plugin. -->","yoast_head_json":{"title":"Mercato : Andr\u00e9 Ayew fait son retour en Ligue 1","description":"MERCATO FOOTBALL - Sans club depuis le d\u00e9but de saison, Andr\u00e9 Ayew fait son grand retour en Ligue 1. Le Ghan\u00e9en va s'engager avec Le Havre.","robots":{"index":"index","follow":"follow","max-snippet":"max-snippet:-1","max-image-preview":"max-image-preview:large","max-video-preview":"max-video-preview:-1"},"canonical":"https:\/\/dicodusport.fr\/blog\/mercato-andre-ayew-fait-son-retour-en-ligue-1\/","og_locale":"fr_FR","og_type":"article","og_title":"Mercato : Andr\u00e9 Ayew fait son retour en Ligue 1","og_description":"MERCATO FOOTBALL - Sans club depuis le d\u00e9but de saison, Andr\u00e9 Ayew fait son grand retour en Ligue 1. Le Ghan\u00e9en va s'engager avec Le Havre.","og_url":"https:\/\/dicodusport.fr\/blog\/mercato-andre-ayew-fait-son-retour-en-ligue-1\/","og_site_name":"Dicodusport","article_publisher":"https:\/\/www.facebook.com\/dicodusport","article_author":"https:\/\/www.facebook.com\/sebastien.gente\/","article_published_time":"2023-11-11T12:17:25+00:00","article_modified_time":"2024-02-06T18:12:21+00:00","og_image":[{"width":800,"height":445,"url":"https:\/\/dicodusport.fr\/blog\/wp-content\/uploads\/2023\/11\/Mercato-Andre-Ayew-fait-son-retour-en-Ligue-1.png","type":"image\/png"}],"author":"S\u00e9bastien Gente","twitter_card":"summary_large_image","twitter_title":"Mercato : Andr\u00e9 Ayew fait son retour en Ligue 1","twitter_creator":"@https:\/\/twitter.com\/globulo24","twitter_site":"@dicodusport","schema":{"@context":"https:\/\/schema.org","@graph":[{"@type":"NewsArticle","@id":"https:\/\/dicodusport.fr\/blog\/mercato-andre-ayew-fait-son-retour-en-ligue-1\/#article","isPartOf":{"@id":"https:\/\/dicodusport.fr\/blog\/mercato-andre-ayew-fait-son-retour-en-ligue-1\/"},"author":{"name":"S\u00e9bastien Gente","@id":"https:\/\/dicodusport.fr\/blog\/#\/schema\/person\/627966a6cde45dbd8c5e36ac85d783da"},"headline":"Mercato : Andr\u00e9 Ayew fait son retour en Ligue 1","datePublished":"2023-11-11T12:17:25+00:00","dateModified":"2024-02-06T18:12:21+00:00","mainEntityOfPage":{"@id":"https:\/\/dicodusport.fr\/blog\/mercato-andre-ayew-fait-son-retour-en-ligue-1\/"},"wordCount":261,"commentCount":0,"publisher":{"@id":"https:\/\/dicodusport.fr\/blog\/#organization"},"image":{"@id":"https:\/\/dicodusport.fr\/blog\/mercato-andre-ayew-fait-son-retour-en-ligue-1\/#primaryimage"},"thumbnailUrl":"https:\/\/dicodusport.fr\/blog\/wp-content\/uploads\/2023\/11\/Mercato-Andre-Ayew-fait-son-retour-en-Ligue-1.png","keywords":["br\u00e8ve","Le havre","Mercato football"],"articleSection":["Ligue 1"],"inLanguage":"fr-FR","potentialAction":[{"@type":"CommentAction","name":"Comment","target":["https:\/\/dicodusport.fr\/blog\/mercato-andre-ayew-fait-son-retour-en-ligue-1\/#respond"]}],"copyrightYear":"2023","copyrightHolder":{"@id":"https:\/\/dicodusport.fr\/blog\/#organization"}},{"@type":"WebPage","@id":"https:\/\/dicodusport.fr\/blog\/mercato-andre-ayew-fait-son-retour-en-ligue-1\/","url":"https:\/\/dicodusport.fr\/blog\/mercato-andre-ayew-fait-son-retour-en-ligue-1\/","name":"Mercato : Andr\u00e9 Ayew fait son retour en Ligue 1","isPartOf":{"@id":"https:\/\/dicodusport.fr\/blog\/#website"},"primaryImageOfPage":{"@id":"https:\/\/dicodusport.fr\/blog\/mercato-andre-ayew-fait-son-retour-en-ligue-1\/#primaryimage"},"image":{"@id":"https:\/\/dicodusport.fr\/blog\/mercato-andre-ayew-fait-son-retour-en-ligue-1\/#primaryimage"},"thumbnailUrl":"https:\/\/dicodusport.fr\/blog\/wp-content\/uploads\/2023\/11\/Mercato-Andre-Ayew-fait-son-retour-en-Ligue-1.png","datePublished":"2023-11-11T12:17:25+00:00","dateModified":"2024-02-06T18:12:21+00:00","description":"MERCATO FOOTBALL - Sans club depuis le d\u00e9but de saison, Andr\u00e9 Ayew fait son grand retour en Ligue 1. Le Ghan\u00e9en va s'engager avec Le Havre.","breadcrumb":{"@id":"https:\/\/dicodusport.fr\/blog\/mercato-andre-ayew-fait-son-retour-en-ligue-1\/#breadcrumb"},"inLanguage":"fr-FR","potentialAction":[{"@type":"ReadAction","target":["https:\/\/dicodusport.fr\/blog\/mercato-andre-ayew-fait-son-retour-en-ligue-1\/"]}]},{"@type":"ImageObject","inLanguage":"fr-FR","@id":"https:\/\/dicodusport.fr\/blog\/mercato-andre-ayew-fait-son-retour-en-ligue-1\/#primaryimage","url":"https:\/\/dicodusport.fr\/blog\/wp-content\/uploads\/2023\/11\/Mercato-Andre-Ayew-fait-son-retour-en-Ligue-1.png","contentUrl":"https:\/\/dicodusport.fr\/blog\/wp-content\/uploads\/2023\/11\/Mercato-Andre-Ayew-fait-son-retour-en-Ligue-1.png","width":800,"height":445,"caption":"Mercato Andr\u00e9 Ayew fait son retour en Ligue 1"},{"@type":"BreadcrumbList","@id":"https:\/\/dicodusport.fr\/blog\/mercato-andre-ayew-fait-son-retour-en-ligue-1\/#breadcrumb","itemListElement":[{"@type":"ListItem","position":1,"name":"Accueil","item":"https:\/\/dicodusport.fr\/blog\/"},{"@type":"ListItem","position":2,"name":"Mercato : Andr\u00e9 Ayew fait son retour en Ligue 1"}]},{"@type":"WebSite","@id":"https:\/\/dicodusport.fr\/blog\/#website","url":"https:\/\/dicodusport.fr\/blog\/","name":"Dicodusport","description":"L&#039;encyclop\u00e9die de l&#039;actualit\u00e9 sportive","publisher":{"@id":"https:\/\/dicodusport.fr\/blog\/#organization"},"potentialAction":[{"@type":"SearchAction","target":{"@type":"EntryPoint","urlTemplate":"https:\/\/dicodusport.fr\/blog\/?s={search_term_string}"},"query-input":{"@type":"PropertyValueSpecification","valueRequired":true,"valueName":"search_term_string"}}],"inLanguage":"fr-FR"},{"@type":"NewsMediaOrganization","@id":"https:\/\/dicodusport.fr\/blog\/#organization","name":"Dicodusport","url":"https:\/\/dicodusport.fr\/blog\/","logo":{"@type":"ImageObject","inLanguage":"fr-FR","@id":"https:\/\/dicodusport.fr\/blog\/#\/schema\/logo\/image\/","url":"https:\/\/dicodusport.fr\/blog\/wp-content\/uploads\/2020\/06\/cropped-LOGO-DICODUSPORT-2020-SANS-FOND-SANS-TEXTE.png","contentUrl":"https:\/\/dicodusport.fr\/blog\/wp-content\/uploads\/2020\/06\/cropped-LOGO-DICODUSPORT-2020-SANS-FOND-SANS-TEXTE.png","width":512,"height":512,"caption":"Dicodusport"},"image":{"@id":"https:\/\/dicodusport.fr\/blog\/#\/schema\/logo\/image\/"},"sameAs":["https:\/\/www.facebook.com\/dicodusport","https:\/\/x.com\/dicodusport","https:\/\/www.instagram.com\/dicodusport\/","https:\/\/www.youtube.com\/channel\/UC7V2KZ5sd3htJivAbA4ZG3w"],"description":"Dicodusport est l'encyclop\u00e9die de l'actualit\u00e9 sportive.","email":"bonjour@dicodusport.fr","legalName":"DICODUSPORT","foundingDate":"2018-01-14","vatID":"FR71834470973","taxID":"83447097300043","numberOfEmployees":{"@type":"QuantitativeValue","minValue":"1","maxValue":"10"}},{"@type":"Person","@id":"https:\/\/dicodusport.fr\/blog\/#\/schema\/person\/627966a6cde45dbd8c5e36ac85d783da","name":"S\u00e9bastien Gente","image":{"@type":"ImageObject","inLanguage":"fr-FR","@id":"https:\/\/dicodusport.fr\/blog\/#\/schema\/person\/image\/","url":"https:\/\/dicodusport.fr\/blog\/wp-content\/uploads\/2021\/09\/1510990_10205810251400683_4124423575079401707_n-150x150.jpg","contentUrl":"https:\/\/dicodusport.fr\/blog\/wp-content\/uploads\/2021\/09\/1510990_10205810251400683_4124423575079401707_n-150x150.jpg","caption":"S\u00e9bastien Gente"},"description":"John Stockton, Gianni Bugno, Zinedine Zidane, Steffi Graf, Frode Andresen, St\u00e9phane Stoecklin, Davis Kamoga, Primoz Peterka, Werner Schlager et Aur\u00e9lien Rougerie. Point commun entre ces sportifs? Ils m'ont fait r\u00eaver et ont berc\u00e9 mon adolescence. Je suis un fondu de sports et j'essaie de retranscrire ma passion \u00e0 travers mes articles. Originaire du P\u00e9rigord, ma passion pour les Girondins, les Jaunards et les Jazzmen transpire dans mes \u00e9crits. \u00c0 Dicodusport depuis 2021, je d\u00e9niche les sports m\u00e9connus dans lesquels la France brille, et il y en a !","sameAs":["https:\/\/www.facebook.com\/sebastien.gente\/","https:\/\/www.instagram.com\/sebgente\/","https:\/\/www.linkedin.com\/in\/sbastien-gente-a29583169\/","https:\/\/x.com\/https:\/\/twitter.com\/globulo24","SebastienGente"],"worksFor":"S\u00e9bastien GENTE","url":"https:\/\/dicodusport.fr\/blog\/author\/sebastiengente\/"}]}},"_links":{"self":[{"href":"https:\/\/dicodusport.fr\/blog\/wp-json\/wp\/v2\/posts\/436411","targetHints":{"allow":["GET"]}}],"collection":[{"href":"https:\/\/dicodusport.fr\/blog\/wp-json\/wp\/v2\/posts"}],"about":[{"href":"https:\/\/dicodusport.fr\/blog\/wp-json\/wp\/v2\/types\/post"}],"author":[{"embeddable":true,"href":"https:\/\/dicodusport.fr\/blog\/wp-json\/wp\/v2\/users\/59"}],"replies":[{"embeddable":true,"href":"https:\/\/dicodusport.fr\/blog\/wp-json\/wp\/v2\/comments?post=436411"}],"version-history":[{"count":1,"href":"https:\/\/dicodusport.fr\/blog\/wp-json\/wp\/v2\/posts\/436411\/revisions"}],"predecessor-version":[{"id":436413,"href":"https:\/\/dicodusport.fr\/blog\/wp-json\/wp\/v2\/posts\/436411\/revisions\/436413"}],"wp:featuredmedia":[{"embeddable":true,"href":"https:\/\/dicodusport.fr\/blog\/wp-json\/wp\/v2\/media\/436412"}],"wp:attachment":[{"href":"https:\/\/dicodusport.fr\/blog\/wp-json\/wp\/v2\/media?parent=436411"}],"wp:term":[{"taxonomy":"category","embeddable":true,"href":"https:\/\/dicodusport.fr\/blog\/wp-json\/wp\/v2\/categories?post=436411"},{"taxonomy":"post_tag","embeddable":true,"href":"https:\/\/dicodusport.fr\/blog\/wp-json\/wp\/v2\/tags?post=436411"}],"curies":[{"name":"wp","href":"https:\/\/api.w.org\/{rel}","templated":true}]}}