{"id":43674,"date":"2019-07-22T14:51:05","date_gmt":"2019-07-22T12:51:05","guid":{"rendered":"http:\/\/dicodusport.fr\/blog\/?p=43674"},"modified":"2019-07-22T16:31:13","modified_gmt":"2019-07-22T14:31:13","slug":"officiel-nabil-fekir-va-signer-au-betis-seville","status":"publish","type":"post","link":"https:\/\/dicodusport.fr\/blog\/officiel-nabil-fekir-va-signer-au-betis-seville\/","title":{"rendered":"Officiel : Nabil Fekir va signer au Betis S\u00e9ville"},"content":{"rendered":"<p style=\"text-align: justify;\"><strong><em>Nabil Fekir va quitter son club formateur, l&rsquo;OL. Le champion du monde va en effet rejoindre l&rsquo;Andalousie et le Betis. Les deux clubs ont trouv\u00e9 un accord.<\/em><\/strong><\/p>\n<p style=\"text-align: justify;\">Cela ne fait plus aucun doute. Professionnel avec l&rsquo;Olympique Lyonnais depuis 2013, <a href=\"https:\/\/dicodusport.fr\/blog\/tag\/nabil-fekir\/\" target=\"_blank\" rel=\"noopener\"><strong>Nabil Fekir<\/strong><\/a>, 26 ans, va changer d&rsquo;air. Le champion du monde avec les Bleus va en effet s&rsquo;engager avec le Betis S\u00e9ville dans les prochaines heures, apr\u00e8s avoir pass\u00e9 sa visite m\u00e9dicale. L&rsquo;indemnit\u00e9 devrait \u00eatre sup\u00e9rieure \u00e0 20 millions d&rsquo;Euros, pouvant s&rsquo;ajouter un bonus d&rsquo;une dizaine de millions d&rsquo;Euros, ainsi qu&rsquo;un pourcentage \u00e0 la revente de 20%, selon <em>l\u2019\u00c9quipe<\/em>.<\/p>\n<p style=\"text-align: justify;\">Apr\u00e8s son transfert avort\u00e9 vers Liverpool durant l&rsquo;\u00e9t\u00e9 2018, le Lyonnais a v\u00e9cu une saison \u00f4 combien compliqu\u00e9e, souvent irr\u00e9gulier lors de ses sorties avec les Gones. \u00c0 noter que son fr\u00e8re, Yassin, 22 ans, devrait \u00e9galement s&rsquo;engager avec le club s\u00e9villan.<\/p>\n<blockquote class=\"twitter-tweet\">\n<p dir=\"ltr\" lang=\"fr\">&#x1f534; Accord total entre l\u2019OL et le B\u00e9tis S\u00e9ville pour le transfert de Nabil Fekir pour 25 M\u20ac + 20% \u00e0 la revente !<\/p>\n<p>Visite m\u00e9dicale dans les prochaines heures.<br \/>\n(<a href=\"https:\/\/twitter.com\/mohamedbouhafsi?ref_src=twsrc%5Etfw\">@mohamedbouhafsi<\/a>) <a href=\"https:\/\/t.co\/ep3ZWmYr4s\">pic.twitter.com\/ep3ZWmYr4s<\/a><\/p>\n<p>\u2014 Actu Foot (@ActuFoot_) <a href=\"https:\/\/twitter.com\/ActuFoot_\/status\/1153287170863632384?ref_src=twsrc%5Etfw\">July 22, 2019<\/a><\/p><\/blockquote>\n<p><script async src=\"https:\/\/platform.twitter.com\/widgets.js\" charset=\"utf-8\"><\/script><\/p>\n<p style=\"text-align: justify;\"><em>Plus d&rsquo;infos \u00e0 venir<\/em><\/p>\n<p><strong><em>Dicodusport<br \/>\n<a href=\"https:\/\/www.facebook.com\/dicodusport\/\" target=\"_blank\" rel=\"noopener\"><img loading=\"lazy\" decoding=\"async\" class=\"alignnone wp-image-2909\" src=\"http:\/\/dicodusport.fr\/blog\/wp-content\/uploads\/2017\/07\/logo-facebook-150x150.png\" alt=\"\" width=\"40\" height=\"40\" \/><\/a><a href=\"https:\/\/twitter.com\/dicodusport\" target=\"_blank\" rel=\"noopener\"><img loading=\"lazy\" decoding=\"async\" class=\"alignnone wp-image-2908\" src=\"http:\/\/dicodusport.fr\/blog\/wp-content\/uploads\/2017\/07\/logo-twitter-150x150.png\" alt=\"\" width=\"39\" height=\"39\" \/><\/a><\/em><\/strong><\/p>\n","protected":false},"excerpt":{"rendered":"<p>Nabil Fekir va quitter son club formateur, l&rsquo;OL. Le championne du monde va en effet rejoindre l&rsquo;Andalousie et le Betis. Les deux clubs ont trouv\u00e9 un accord.<\/p>\n","protected":false},"author":4,"featured_media":43675,"comment_status":"open","ping_status":"closed","sticky":false,"template":"","format":"standard","meta":{"_acf_changed":false,"_daextam_enable_autolinks":"","footnotes":""},"categories":[2301],"tags":[75,1555,2150,1145,2832],"class_list":["post-43674","post","type-post","status-publish","format-standard","has-post-thumbnail","hentry","category-football","tag-football","tag-mercato","tag-nabil-fekir","tag-ol","tag-transferts"],"acf":[],"yoast_head":"<!-- This site is optimized with the Yoast SEO Premium plugin v26.7 (Yoast SEO v26.7) - https:\/\/yoast.com\/wordpress\/plugins\/seo\/ -->\n<title>Officiel : Nabil Fekir va signer au Betis S\u00e9ville<\/title>\n<meta name=\"description\" content=\"Nabil Fekir va quitter son club formateur, l&#039;OL. Le championne du monde va en effet rejoindre l&#039;Andalousie et le Betis. Les deux clubs ont trouv\u00e9 un accord.\" \/>\n<meta name=\"robots\" content=\"index, follow, max-snippet:-1, max-image-preview:large, max-video-preview:-1\" \/>\n<link rel=\"canonical\" href=\"https:\/\/dicodusport.fr\/blog\/officiel-nabil-fekir-va-signer-au-betis-seville\/\" \/>\n<meta property=\"og:locale\" content=\"fr_FR\" \/>\n<meta property=\"og:type\" content=\"article\" \/>\n<meta property=\"og:title\" content=\"Officiel : Nabil Fekir va signer au Betis S\u00e9ville\" \/>\n<meta property=\"og:description\" content=\"Nabil Fekir va quitter son club formateur, l&#039;OL. Le championne du monde va en effet rejoindre l&#039;Andalousie et le Betis. Les deux clubs ont trouv\u00e9 un accord.\" \/>\n<meta property=\"og:url\" content=\"https:\/\/dicodusport.fr\/blog\/officiel-nabil-fekir-va-signer-au-betis-seville\/\" \/>\n<meta property=\"og:site_name\" content=\"Dicodusport\" \/>\n<meta property=\"article:publisher\" content=\"https:\/\/www.facebook.com\/dicodusport\" \/>\n<meta property=\"article:author\" content=\"https:\/\/www.facebook.com\/florent.ostermann\" \/>\n<meta property=\"article:published_time\" content=\"2019-07-22T12:51:05+00:00\" \/>\n<meta property=\"article:modified_time\" content=\"2019-07-22T14:31:13+00:00\" \/>\n<meta property=\"og:image\" content=\"https:\/\/dicodusport.fr\/blog\/wp-content\/uploads\/2019\/07\/Nabil-Fekir-transfert.png\" \/>\n\t<meta property=\"og:image:width\" content=\"800\" \/>\n\t<meta property=\"og:image:height\" content=\"445\" \/>\n\t<meta property=\"og:image:type\" content=\"image\/png\" \/>\n<meta name=\"author\" content=\"Flo Ostermann\" \/>\n<meta name=\"twitter:card\" content=\"summary_large_image\" \/>\n<meta name=\"twitter:title\" content=\"Officiel : Nabil Fekir va signer au Betis S\u00e9ville\" \/>\n<meta name=\"twitter:creator\" content=\"@https:\/\/twitter.com\/FlOstermann\" \/>\n<meta name=\"twitter:site\" content=\"@dicodusport\" \/>\n<script type=\"application\/ld+json\" class=\"yoast-schema-graph\">{\"@context\":\"https:\/\/schema.org\",\"@graph\":[{\"@type\":\"NewsArticle\",\"@id\":\"https:\/\/dicodusport.fr\/blog\/officiel-nabil-fekir-va-signer-au-betis-seville\/#article\",\"isPartOf\":{\"@id\":\"https:\/\/dicodusport.fr\/blog\/officiel-nabil-fekir-va-signer-au-betis-seville\/\"},\"author\":{\"name\":\"Flo Ostermann\",\"@id\":\"https:\/\/dicodusport.fr\/blog\/#\/schema\/person\/cb02af4c173ce4a653b55e9baf388d4a\"},\"headline\":\"Officiel : Nabil Fekir va signer au Betis S\u00e9ville\",\"datePublished\":\"2019-07-22T12:51:05+00:00\",\"dateModified\":\"2019-07-22T14:31:13+00:00\",\"mainEntityOfPage\":{\"@id\":\"https:\/\/dicodusport.fr\/blog\/officiel-nabil-fekir-va-signer-au-betis-seville\/\"},\"wordCount\":209,\"commentCount\":0,\"publisher\":{\"@id\":\"https:\/\/dicodusport.fr\/blog\/#organization\"},\"image\":{\"@id\":\"https:\/\/dicodusport.fr\/blog\/officiel-nabil-fekir-va-signer-au-betis-seville\/#primaryimage\"},\"thumbnailUrl\":\"https:\/\/dicodusport.fr\/blog\/wp-content\/uploads\/2019\/07\/Nabil-Fekir-transfert.png\",\"keywords\":[\"Football\",\"Mercato\",\"Nabil Fekir\",\"OL\",\"transferts\"],\"articleSection\":[\"Football\"],\"inLanguage\":\"fr-FR\",\"potentialAction\":[{\"@type\":\"CommentAction\",\"name\":\"Comment\",\"target\":[\"https:\/\/dicodusport.fr\/blog\/officiel-nabil-fekir-va-signer-au-betis-seville\/#respond\"]}],\"copyrightYear\":\"2019\",\"copyrightHolder\":{\"@id\":\"https:\/\/dicodusport.fr\/blog\/#organization\"}},{\"@type\":\"WebPage\",\"@id\":\"https:\/\/dicodusport.fr\/blog\/officiel-nabil-fekir-va-signer-au-betis-seville\/\",\"url\":\"https:\/\/dicodusport.fr\/blog\/officiel-nabil-fekir-va-signer-au-betis-seville\/\",\"name\":\"Officiel : Nabil Fekir va signer au Betis S\u00e9ville\",\"isPartOf\":{\"@id\":\"https:\/\/dicodusport.fr\/blog\/#website\"},\"primaryImageOfPage\":{\"@id\":\"https:\/\/dicodusport.fr\/blog\/officiel-nabil-fekir-va-signer-au-betis-seville\/#primaryimage\"},\"image\":{\"@id\":\"https:\/\/dicodusport.fr\/blog\/officiel-nabil-fekir-va-signer-au-betis-seville\/#primaryimage\"},\"thumbnailUrl\":\"https:\/\/dicodusport.fr\/blog\/wp-content\/uploads\/2019\/07\/Nabil-Fekir-transfert.png\",\"datePublished\":\"2019-07-22T12:51:05+00:00\",\"dateModified\":\"2019-07-22T14:31:13+00:00\",\"description\":\"Nabil Fekir va quitter son club formateur, l'OL. Le championne du monde va en effet rejoindre l'Andalousie et le Betis. Les deux clubs ont trouv\u00e9 un accord.\",\"breadcrumb\":{\"@id\":\"https:\/\/dicodusport.fr\/blog\/officiel-nabil-fekir-va-signer-au-betis-seville\/#breadcrumb\"},\"inLanguage\":\"fr-FR\",\"potentialAction\":[{\"@type\":\"ReadAction\",\"target\":[\"https:\/\/dicodusport.fr\/blog\/officiel-nabil-fekir-va-signer-au-betis-seville\/\"]}]},{\"@type\":\"ImageObject\",\"inLanguage\":\"fr-FR\",\"@id\":\"https:\/\/dicodusport.fr\/blog\/officiel-nabil-fekir-va-signer-au-betis-seville\/#primaryimage\",\"url\":\"https:\/\/dicodusport.fr\/blog\/wp-content\/uploads\/2019\/07\/Nabil-Fekir-transfert.png\",\"contentUrl\":\"https:\/\/dicodusport.fr\/blog\/wp-content\/uploads\/2019\/07\/Nabil-Fekir-transfert.png\",\"width\":800,\"height\":445},{\"@type\":\"BreadcrumbList\",\"@id\":\"https:\/\/dicodusport.fr\/blog\/officiel-nabil-fekir-va-signer-au-betis-seville\/#breadcrumb\",\"itemListElement\":[{\"@type\":\"ListItem\",\"position\":1,\"name\":\"Accueil\",\"item\":\"https:\/\/dicodusport.fr\/blog\/\"},{\"@type\":\"ListItem\",\"position\":2,\"name\":\"Officiel : Nabil Fekir va signer au Betis S\u00e9ville\"}]},{\"@type\":\"WebSite\",\"@id\":\"https:\/\/dicodusport.fr\/blog\/#website\",\"url\":\"https:\/\/dicodusport.fr\/blog\/\",\"name\":\"Dicodusport\",\"description\":\"L&#039;encyclop\u00e9die de l&#039;actualit\u00e9 sportive\",\"publisher\":{\"@id\":\"https:\/\/dicodusport.fr\/blog\/#organization\"},\"potentialAction\":[{\"@type\":\"SearchAction\",\"target\":{\"@type\":\"EntryPoint\",\"urlTemplate\":\"https:\/\/dicodusport.fr\/blog\/?s={search_term_string}\"},\"query-input\":{\"@type\":\"PropertyValueSpecification\",\"valueRequired\":true,\"valueName\":\"search_term_string\"}}],\"inLanguage\":\"fr-FR\"},{\"@type\":\"NewsMediaOrganization\",\"@id\":\"https:\/\/dicodusport.fr\/blog\/#organization\",\"name\":\"Dicodusport\",\"url\":\"https:\/\/dicodusport.fr\/blog\/\",\"logo\":{\"@type\":\"ImageObject\",\"inLanguage\":\"fr-FR\",\"@id\":\"https:\/\/dicodusport.fr\/blog\/#\/schema\/logo\/image\/\",\"url\":\"https:\/\/dicodusport.fr\/blog\/wp-content\/uploads\/2020\/06\/cropped-LOGO-DICODUSPORT-2020-SANS-FOND-SANS-TEXTE.png\",\"contentUrl\":\"https:\/\/dicodusport.fr\/blog\/wp-content\/uploads\/2020\/06\/cropped-LOGO-DICODUSPORT-2020-SANS-FOND-SANS-TEXTE.png\",\"width\":512,\"height\":512,\"caption\":\"Dicodusport\"},\"image\":{\"@id\":\"https:\/\/dicodusport.fr\/blog\/#\/schema\/logo\/image\/\"},\"sameAs\":[\"https:\/\/www.facebook.com\/dicodusport\",\"https:\/\/x.com\/dicodusport\",\"https:\/\/www.instagram.com\/dicodusport\/\",\"https:\/\/www.youtube.com\/channel\/UC7V2KZ5sd3htJivAbA4ZG3w\"],\"description\":\"Dicodusport est l'encyclop\u00e9die de l'actualit\u00e9 sportive.\",\"email\":\"bonjour@dicodusport.fr\",\"legalName\":\"DICODUSPORT\",\"foundingDate\":\"2018-01-14\",\"vatID\":\"FR71834470973\",\"taxID\":\"83447097300043\",\"numberOfEmployees\":{\"@type\":\"QuantitativeValue\",\"minValue\":\"1\",\"maxValue\":\"10\"}},{\"@type\":\"Person\",\"@id\":\"https:\/\/dicodusport.fr\/blog\/#\/schema\/person\/cb02af4c173ce4a653b55e9baf388d4a\",\"name\":\"Flo Ostermann\",\"image\":{\"@type\":\"ImageObject\",\"inLanguage\":\"fr-FR\",\"@id\":\"https:\/\/dicodusport.fr\/blog\/#\/schema\/person\/image\/\",\"url\":\"https:\/\/dicodusport.fr\/blog\/wp-content\/uploads\/2021\/05\/Flo-Ostermann-150x150.jpg\",\"contentUrl\":\"https:\/\/dicodusport.fr\/blog\/wp-content\/uploads\/2021\/05\/Flo-Ostermann-150x150.jpg\",\"caption\":\"Flo Ostermann\"},\"description\":\"Journaliste\/R\u00e9dacteur depuis septembre 2015 - Mes premiers souvenirs dans le sport ? Les envol\u00e9es du Stade Toulousain et les duels Villeneuve-Schumacher et H\u00e4kkinen-Schumacher \u00e0 la fin des ann\u00e9es 90, la Coupe du monde de football en 1998, l\u2019exploit du XV de France face aux All Blacks en 1999, mais aussi Richard C\u0153ur de Lion qui vole sur les montagnes du Tour de France. Bien parti pour devenir professeur d\u2019EPS, les \u00e9v\u00e9nements de la vie (et la flemme d\u2019animer des s\u00e9ances de 3x500 m\u00e8tres toute ma vie) m\u2019ont conduit \u00e0 revoir mes plans. Me voil\u00e0 depuis fin 2017 sur Dicodusport, m\u00e9dia gr\u00e2ce (et pour) lequel je partage ma passion : le sport dans tous ses \u00e9tats. Le tout accompagn\u00e9 par les fous furieux et folles furieuses cit\u00e9s sur cette page !\",\"sameAs\":[\"https:\/\/www.facebook.com\/florent.ostermann\",\"https:\/\/x.com\/https:\/\/twitter.com\/FlOstermann\",\"admin\"],\"url\":\"https:\/\/dicodusport.fr\/blog\/author\/flo\/\"}]}<\/script>\n<!-- \/ Yoast SEO Premium plugin. -->","yoast_head_json":{"title":"Officiel : Nabil Fekir va signer au Betis S\u00e9ville","description":"Nabil Fekir va quitter son club formateur, l'OL. Le championne du monde va en effet rejoindre l'Andalousie et le Betis. Les deux clubs ont trouv\u00e9 un accord.","robots":{"index":"index","follow":"follow","max-snippet":"max-snippet:-1","max-image-preview":"max-image-preview:large","max-video-preview":"max-video-preview:-1"},"canonical":"https:\/\/dicodusport.fr\/blog\/officiel-nabil-fekir-va-signer-au-betis-seville\/","og_locale":"fr_FR","og_type":"article","og_title":"Officiel : Nabil Fekir va signer au Betis S\u00e9ville","og_description":"Nabil Fekir va quitter son club formateur, l'OL. Le championne du monde va en effet rejoindre l'Andalousie et le Betis. Les deux clubs ont trouv\u00e9 un accord.","og_url":"https:\/\/dicodusport.fr\/blog\/officiel-nabil-fekir-va-signer-au-betis-seville\/","og_site_name":"Dicodusport","article_publisher":"https:\/\/www.facebook.com\/dicodusport","article_author":"https:\/\/www.facebook.com\/florent.ostermann","article_published_time":"2019-07-22T12:51:05+00:00","article_modified_time":"2019-07-22T14:31:13+00:00","og_image":[{"width":800,"height":445,"url":"https:\/\/dicodusport.fr\/blog\/wp-content\/uploads\/2019\/07\/Nabil-Fekir-transfert.png","type":"image\/png"}],"author":"Flo Ostermann","twitter_card":"summary_large_image","twitter_title":"Officiel : Nabil Fekir va signer au Betis S\u00e9ville","twitter_creator":"@https:\/\/twitter.com\/FlOstermann","twitter_site":"@dicodusport","schema":{"@context":"https:\/\/schema.org","@graph":[{"@type":"NewsArticle","@id":"https:\/\/dicodusport.fr\/blog\/officiel-nabil-fekir-va-signer-au-betis-seville\/#article","isPartOf":{"@id":"https:\/\/dicodusport.fr\/blog\/officiel-nabil-fekir-va-signer-au-betis-seville\/"},"author":{"name":"Flo Ostermann","@id":"https:\/\/dicodusport.fr\/blog\/#\/schema\/person\/cb02af4c173ce4a653b55e9baf388d4a"},"headline":"Officiel : Nabil Fekir va signer au Betis S\u00e9ville","datePublished":"2019-07-22T12:51:05+00:00","dateModified":"2019-07-22T14:31:13+00:00","mainEntityOfPage":{"@id":"https:\/\/dicodusport.fr\/blog\/officiel-nabil-fekir-va-signer-au-betis-seville\/"},"wordCount":209,"commentCount":0,"publisher":{"@id":"https:\/\/dicodusport.fr\/blog\/#organization"},"image":{"@id":"https:\/\/dicodusport.fr\/blog\/officiel-nabil-fekir-va-signer-au-betis-seville\/#primaryimage"},"thumbnailUrl":"https:\/\/dicodusport.fr\/blog\/wp-content\/uploads\/2019\/07\/Nabil-Fekir-transfert.png","keywords":["Football","Mercato","Nabil Fekir","OL","transferts"],"articleSection":["Football"],"inLanguage":"fr-FR","potentialAction":[{"@type":"CommentAction","name":"Comment","target":["https:\/\/dicodusport.fr\/blog\/officiel-nabil-fekir-va-signer-au-betis-seville\/#respond"]}],"copyrightYear":"2019","copyrightHolder":{"@id":"https:\/\/dicodusport.fr\/blog\/#organization"}},{"@type":"WebPage","@id":"https:\/\/dicodusport.fr\/blog\/officiel-nabil-fekir-va-signer-au-betis-seville\/","url":"https:\/\/dicodusport.fr\/blog\/officiel-nabil-fekir-va-signer-au-betis-seville\/","name":"Officiel : Nabil Fekir va signer au Betis S\u00e9ville","isPartOf":{"@id":"https:\/\/dicodusport.fr\/blog\/#website"},"primaryImageOfPage":{"@id":"https:\/\/dicodusport.fr\/blog\/officiel-nabil-fekir-va-signer-au-betis-seville\/#primaryimage"},"image":{"@id":"https:\/\/dicodusport.fr\/blog\/officiel-nabil-fekir-va-signer-au-betis-seville\/#primaryimage"},"thumbnailUrl":"https:\/\/dicodusport.fr\/blog\/wp-content\/uploads\/2019\/07\/Nabil-Fekir-transfert.png","datePublished":"2019-07-22T12:51:05+00:00","dateModified":"2019-07-22T14:31:13+00:00","description":"Nabil Fekir va quitter son club formateur, l'OL. Le championne du monde va en effet rejoindre l'Andalousie et le Betis. Les deux clubs ont trouv\u00e9 un accord.","breadcrumb":{"@id":"https:\/\/dicodusport.fr\/blog\/officiel-nabil-fekir-va-signer-au-betis-seville\/#breadcrumb"},"inLanguage":"fr-FR","potentialAction":[{"@type":"ReadAction","target":["https:\/\/dicodusport.fr\/blog\/officiel-nabil-fekir-va-signer-au-betis-seville\/"]}]},{"@type":"ImageObject","inLanguage":"fr-FR","@id":"https:\/\/dicodusport.fr\/blog\/officiel-nabil-fekir-va-signer-au-betis-seville\/#primaryimage","url":"https:\/\/dicodusport.fr\/blog\/wp-content\/uploads\/2019\/07\/Nabil-Fekir-transfert.png","contentUrl":"https:\/\/dicodusport.fr\/blog\/wp-content\/uploads\/2019\/07\/Nabil-Fekir-transfert.png","width":800,"height":445},{"@type":"BreadcrumbList","@id":"https:\/\/dicodusport.fr\/blog\/officiel-nabil-fekir-va-signer-au-betis-seville\/#breadcrumb","itemListElement":[{"@type":"ListItem","position":1,"name":"Accueil","item":"https:\/\/dicodusport.fr\/blog\/"},{"@type":"ListItem","position":2,"name":"Officiel : Nabil Fekir va signer au Betis S\u00e9ville"}]},{"@type":"WebSite","@id":"https:\/\/dicodusport.fr\/blog\/#website","url":"https:\/\/dicodusport.fr\/blog\/","name":"Dicodusport","description":"L&#039;encyclop\u00e9die de l&#039;actualit\u00e9 sportive","publisher":{"@id":"https:\/\/dicodusport.fr\/blog\/#organization"},"potentialAction":[{"@type":"SearchAction","target":{"@type":"EntryPoint","urlTemplate":"https:\/\/dicodusport.fr\/blog\/?s={search_term_string}"},"query-input":{"@type":"PropertyValueSpecification","valueRequired":true,"valueName":"search_term_string"}}],"inLanguage":"fr-FR"},{"@type":"NewsMediaOrganization","@id":"https:\/\/dicodusport.fr\/blog\/#organization","name":"Dicodusport","url":"https:\/\/dicodusport.fr\/blog\/","logo":{"@type":"ImageObject","inLanguage":"fr-FR","@id":"https:\/\/dicodusport.fr\/blog\/#\/schema\/logo\/image\/","url":"https:\/\/dicodusport.fr\/blog\/wp-content\/uploads\/2020\/06\/cropped-LOGO-DICODUSPORT-2020-SANS-FOND-SANS-TEXTE.png","contentUrl":"https:\/\/dicodusport.fr\/blog\/wp-content\/uploads\/2020\/06\/cropped-LOGO-DICODUSPORT-2020-SANS-FOND-SANS-TEXTE.png","width":512,"height":512,"caption":"Dicodusport"},"image":{"@id":"https:\/\/dicodusport.fr\/blog\/#\/schema\/logo\/image\/"},"sameAs":["https:\/\/www.facebook.com\/dicodusport","https:\/\/x.com\/dicodusport","https:\/\/www.instagram.com\/dicodusport\/","https:\/\/www.youtube.com\/channel\/UC7V2KZ5sd3htJivAbA4ZG3w"],"description":"Dicodusport est l'encyclop\u00e9die de l'actualit\u00e9 sportive.","email":"bonjour@dicodusport.fr","legalName":"DICODUSPORT","foundingDate":"2018-01-14","vatID":"FR71834470973","taxID":"83447097300043","numberOfEmployees":{"@type":"QuantitativeValue","minValue":"1","maxValue":"10"}},{"@type":"Person","@id":"https:\/\/dicodusport.fr\/blog\/#\/schema\/person\/cb02af4c173ce4a653b55e9baf388d4a","name":"Flo Ostermann","image":{"@type":"ImageObject","inLanguage":"fr-FR","@id":"https:\/\/dicodusport.fr\/blog\/#\/schema\/person\/image\/","url":"https:\/\/dicodusport.fr\/blog\/wp-content\/uploads\/2021\/05\/Flo-Ostermann-150x150.jpg","contentUrl":"https:\/\/dicodusport.fr\/blog\/wp-content\/uploads\/2021\/05\/Flo-Ostermann-150x150.jpg","caption":"Flo Ostermann"},"description":"Journaliste\/R\u00e9dacteur depuis septembre 2015 - Mes premiers souvenirs dans le sport ? Les envol\u00e9es du Stade Toulousain et les duels Villeneuve-Schumacher et H\u00e4kkinen-Schumacher \u00e0 la fin des ann\u00e9es 90, la Coupe du monde de football en 1998, l\u2019exploit du XV de France face aux All Blacks en 1999, mais aussi Richard C\u0153ur de Lion qui vole sur les montagnes du Tour de France. Bien parti pour devenir professeur d\u2019EPS, les \u00e9v\u00e9nements de la vie (et la flemme d\u2019animer des s\u00e9ances de 3x500 m\u00e8tres toute ma vie) m\u2019ont conduit \u00e0 revoir mes plans. Me voil\u00e0 depuis fin 2017 sur Dicodusport, m\u00e9dia gr\u00e2ce (et pour) lequel je partage ma passion : le sport dans tous ses \u00e9tats. Le tout accompagn\u00e9 par les fous furieux et folles furieuses cit\u00e9s sur cette page !","sameAs":["https:\/\/www.facebook.com\/florent.ostermann","https:\/\/x.com\/https:\/\/twitter.com\/FlOstermann","admin"],"url":"https:\/\/dicodusport.fr\/blog\/author\/flo\/"}]}},"_links":{"self":[{"href":"https:\/\/dicodusport.fr\/blog\/wp-json\/wp\/v2\/posts\/43674","targetHints":{"allow":["GET"]}}],"collection":[{"href":"https:\/\/dicodusport.fr\/blog\/wp-json\/wp\/v2\/posts"}],"about":[{"href":"https:\/\/dicodusport.fr\/blog\/wp-json\/wp\/v2\/types\/post"}],"author":[{"embeddable":true,"href":"https:\/\/dicodusport.fr\/blog\/wp-json\/wp\/v2\/users\/4"}],"replies":[{"embeddable":true,"href":"https:\/\/dicodusport.fr\/blog\/wp-json\/wp\/v2\/comments?post=43674"}],"version-history":[{"count":0,"href":"https:\/\/dicodusport.fr\/blog\/wp-json\/wp\/v2\/posts\/43674\/revisions"}],"wp:featuredmedia":[{"embeddable":true,"href":"https:\/\/dicodusport.fr\/blog\/wp-json\/wp\/v2\/media\/43675"}],"wp:attachment":[{"href":"https:\/\/dicodusport.fr\/blog\/wp-json\/wp\/v2\/media?parent=43674"}],"wp:term":[{"taxonomy":"category","embeddable":true,"href":"https:\/\/dicodusport.fr\/blog\/wp-json\/wp\/v2\/categories?post=43674"},{"taxonomy":"post_tag","embeddable":true,"href":"https:\/\/dicodusport.fr\/blog\/wp-json\/wp\/v2\/tags?post=43674"}],"curies":[{"name":"wp","href":"https:\/\/api.w.org\/{rel}","templated":true}]}}