{"id":436753,"date":"2023-11-12T14:21:39","date_gmt":"2023-11-12T13:21:39","guid":{"rendered":"https:\/\/dicodusport.fr\/blog\/?p=436753&#038;preview=true&#038;preview_id=436753"},"modified":"2023-11-12T16:12:45","modified_gmt":"2023-11-12T15:12:45","slug":"mondiaux-trampoline-pierre-gouzou-et-morgan-demiro-o-demiro-se-parent-de-bronze-en-trampoline-synchronise","status":"publish","type":"post","link":"https:\/\/dicodusport.fr\/blog\/mondiaux-trampoline-pierre-gouzou-et-morgan-demiro-o-demiro-se-parent-de-bronze-en-trampoline-synchronise\/","title":{"rendered":"Mondiaux Trampoline : Pierre Gouzou et Morgan Demiro o Domiro se parent de bronze en trampoline synchronis\u00e9"},"content":{"rendered":"<p style=\"text-align: justify;\"><em><b>MONDIAUX DE TRAMPOLINE &#8211; Champions du monde par \u00e9quipes samedi, Pierre Gouzou et Morgan Demiro o Demiro ont encha\u00een\u00e9 ce dimanche en raflant la m\u00e9daille de bronze en trampoline synchronis\u00e9.<\/b><\/em><\/p>\n<p style=\"text-align: justify;\">La pluie de m\u00e9dailles se poursuit pour les gymnastes tricolores \u00e0 Birmingham (Grande-Bretagne) ! Apr\u00e8s le <a href=\"https:\/\/dicodusport.fr\/blog\/tumbling-lequipe-de-france-feminine-vice-championne-du-monde\/\">tumbling f\u00e9minin en argent<\/a> vendredi, les titres de <a href=\"https:\/\/dicodusport.fr\/blog\/tumbling-candy-briere-vetillard-championne-du-monde-en-individuel\/\">Candy Bri\u00e8re-Vetillard<\/a> et de <a href=\"https:\/\/dicodusport.fr\/blog\/trampoline-les-francais-sacres-champions-du-monde-par-equipes\/\">l&rsquo;\u00e9quipe masculine<\/a> ainsi que l&rsquo;argent de <a href=\"https:\/\/dicodusport.fr\/blog\/trampoline-les-bleues-vice-championnes-du-monde-par-equipes\/\">l&rsquo;\u00e9quipe f\u00e9minine<\/a> samedi, une cinqui\u00e8me breloque a \u00e9t\u00e9 ajout\u00e9e ce dimanche au palmar\u00e8s des Bleus.<\/p>\n<p style=\"text-align: justify;\">D\u00e9j\u00e0 en or la veille avec l&rsquo;\u00e9quipe masculine, <strong>Pierre Gouzou<\/strong> et <strong>Morgan Demiro o Domiro<\/strong> n&rsquo;ont pas laiss\u00e9 passer leur chance de quitter la Grande-Bretagne avec deux m\u00e9dailles autour du cou. En<strong> trampoline synchronis\u00e9<\/strong>, les deux Fran\u00e7ais ont r\u00e9alis\u00e9 une grosse finale pour se hisser sur la derni\u00e8re marche du podium. Derri\u00e8re l&rsquo;Allemagne et les \u00c9tats-Unis, ils sont parvenus \u00e0 coiffer au poteau l&rsquo;\u00e9quipe britannique gr\u00e2ce \u00e0 une synchronisation plus aboutie, qui permet de disposer d&rsquo;une avance l\u00e9g\u00e8re, mais suffisante (49.980 contre 49.520). Plus que jamais, ces Mondiaux sont une r\u00e9ussite totale pour le clan tricolore !<\/p>\n<blockquote class=\"twitter-tweet\">\n<p dir=\"ltr\" lang=\"fr\">[CHAMPIONNATS DU MONDE TR\/TU \ud83c\uddec\ud83c\udde7]\n<p>FINALE TRAMPOLINE SYNCHRONIS\u00c9 HOMMES<br \/>\nMorgan Demiro O Domiro &amp; Pierre Gouzou en bronze !!! \ud83c\uddeb\ud83c\uddf7\ud83d\ude0d\ud83d\udd25\ud83d\udcaf\ud83e\udef6\ud83e\udd49<\/p>\n<p>\u2795d&rsquo;infos <a href=\"https:\/\/t.co\/OoG3E5V2Us\">https:\/\/t.co\/OoG3E5V2Us<\/a><a href=\"https:\/\/twitter.com\/hashtag\/TRAWorlds2023?src=hash&amp;ref_src=twsrc%5Etfw\">#TRAWorlds2023<\/a> <a href=\"https:\/\/twitter.com\/hashtag\/WTGC2023?src=hash&amp;ref_src=twsrc%5Etfw\">#WTGC2023<\/a> <a href=\"https:\/\/t.co\/iX58nAYxBQ\">pic.twitter.com\/iX58nAYxBQ<\/a><\/p>\n<p>\u2014 F\u00e9d\u00e9ration Fran\u00e7aise de Gymnastique (@ffgymnastique) <a href=\"https:\/\/twitter.com\/ffgymnastique\/status\/1723687269414949318?ref_src=twsrc%5Etfw\">November 12, 2023<\/a><\/p><\/blockquote>\n<p><script async src=\"https:\/\/platform.twitter.com\/widgets.js\" charset=\"utf-8\"><\/script><\/p>\n","protected":false},"excerpt":{"rendered":"<p>MONDIAUX DE TRAMPOLINE &#8211; Champions du monde par \u00e9quipes samedi, Pierre Gouzou et Morgan Demiro o Domiro ont encha\u00een\u00e9 ce dimanche en raflant la m\u00e9daille de bronze en trampoline synchronis\u00e9.<\/p>\n","protected":false},"author":55,"featured_media":436758,"comment_status":"open","ping_status":"closed","sticky":false,"template":"","format":"standard","meta":{"_acf_changed":false,"_daextam_enable_autolinks":"1","footnotes":""},"categories":[10429],"tags":[16878,20455,16379],"class_list":["post-436753","post","type-post","status-publish","format-standard","has-post-thumbnail","hentry","category-gymnastique","tag-breve","tag-championnats-du-monde-de-trampoline","tag-trampoline"],"acf":[],"yoast_head":"<!-- This site is optimized with the Yoast SEO Premium plugin v26.7 (Yoast SEO v26.7) - https:\/\/yoast.com\/wordpress\/plugins\/seo\/ -->\n<title>Mondiaux Trampoline : Pierre Gouzou et Morgan Demiro o Domiro se parent de bronze en trampoline synchronis\u00e9<\/title>\n<meta name=\"description\" content=\"MONDIAUX DE TRAMPOLINE - Pierre Gouzou et Morgan Demiro o Domiro ont mis la main sur le bronze en trampoline synchronis\u00e9 ce dimanche.\" \/>\n<meta name=\"robots\" content=\"index, follow, max-snippet:-1, max-image-preview:large, max-video-preview:-1\" \/>\n<link rel=\"canonical\" href=\"https:\/\/dicodusport.fr\/blog\/mondiaux-trampoline-pierre-gouzou-et-morgan-demiro-o-demiro-se-parent-de-bronze-en-trampoline-synchronise\/\" \/>\n<meta property=\"og:locale\" content=\"fr_FR\" \/>\n<meta property=\"og:type\" content=\"article\" \/>\n<meta property=\"og:title\" content=\"Mondiaux Trampoline : Pierre Gouzou et Morgan Demiro o Domiro se parent de bronze en trampoline synchronis\u00e9\" \/>\n<meta property=\"og:description\" content=\"MONDIAUX DE TRAMPOLINE - Pierre Gouzou et Morgan Demiro o Domiro ont mis la main sur le bronze en trampoline synchronis\u00e9 ce dimanche.\" \/>\n<meta property=\"og:url\" content=\"https:\/\/dicodusport.fr\/blog\/mondiaux-trampoline-pierre-gouzou-et-morgan-demiro-o-demiro-se-parent-de-bronze-en-trampoline-synchronise\/\" \/>\n<meta property=\"og:site_name\" content=\"Dicodusport\" \/>\n<meta property=\"article:publisher\" content=\"https:\/\/www.facebook.com\/dicodusport\" \/>\n<meta property=\"article:published_time\" content=\"2023-11-12T13:21:39+00:00\" \/>\n<meta property=\"article:modified_time\" content=\"2023-11-12T15:12:45+00:00\" \/>\n<meta property=\"og:image\" content=\"https:\/\/dicodusport.fr\/blog\/wp-content\/uploads\/2023\/11\/Trampoline-Pierre-Gouzou-et-Morgan-Demiro-o-Demiro-se-parent-de-bronze-en-trampoline-synchronise.png\" \/>\n\t<meta property=\"og:image:width\" content=\"800\" \/>\n\t<meta property=\"og:image:height\" content=\"445\" \/>\n\t<meta property=\"og:image:type\" content=\"image\/png\" \/>\n<meta name=\"author\" content=\"Maxime Cazenave\" \/>\n<meta name=\"twitter:card\" content=\"summary_large_image\" \/>\n<meta name=\"twitter:title\" content=\"Mondiaux Trampoline : Pierre Gouzou et Morgan Demiro o Domiro se parent de bronze en trampoline synchronis\u00e9\" \/>\n<meta name=\"twitter:creator\" content=\"@https:\/\/twitter.com\/Maxime_Caze\" \/>\n<meta name=\"twitter:site\" content=\"@dicodusport\" \/>\n<script type=\"application\/ld+json\" class=\"yoast-schema-graph\">{\"@context\":\"https:\/\/schema.org\",\"@graph\":[{\"@type\":\"NewsArticle\",\"@id\":\"https:\/\/dicodusport.fr\/blog\/mondiaux-trampoline-pierre-gouzou-et-morgan-demiro-o-demiro-se-parent-de-bronze-en-trampoline-synchronise\/#article\",\"isPartOf\":{\"@id\":\"https:\/\/dicodusport.fr\/blog\/mondiaux-trampoline-pierre-gouzou-et-morgan-demiro-o-demiro-se-parent-de-bronze-en-trampoline-synchronise\/\"},\"author\":{\"name\":\"Maxime Cazenave\",\"@id\":\"https:\/\/dicodusport.fr\/blog\/#\/schema\/person\/37def232098a7a5cbab3974a3690abb0\"},\"headline\":\"Mondiaux Trampoline : Pierre Gouzou et Morgan Demiro o Domiro se parent de bronze en trampoline synchronis\u00e9\",\"datePublished\":\"2023-11-12T13:21:39+00:00\",\"dateModified\":\"2023-11-12T15:12:45+00:00\",\"mainEntityOfPage\":{\"@id\":\"https:\/\/dicodusport.fr\/blog\/mondiaux-trampoline-pierre-gouzou-et-morgan-demiro-o-demiro-se-parent-de-bronze-en-trampoline-synchronise\/\"},\"wordCount\":256,\"commentCount\":0,\"publisher\":{\"@id\":\"https:\/\/dicodusport.fr\/blog\/#organization\"},\"image\":{\"@id\":\"https:\/\/dicodusport.fr\/blog\/mondiaux-trampoline-pierre-gouzou-et-morgan-demiro-o-demiro-se-parent-de-bronze-en-trampoline-synchronise\/#primaryimage\"},\"thumbnailUrl\":\"https:\/\/dicodusport.fr\/blog\/wp-content\/uploads\/2023\/11\/Trampoline-Pierre-Gouzou-et-Morgan-Demiro-o-Demiro-se-parent-de-bronze-en-trampoline-synchronise.png\",\"keywords\":[\"br\u00e8ve\",\"Championnats du monde de trampoline\",\"trampoline\"],\"articleSection\":[\"Gymnastique\"],\"inLanguage\":\"fr-FR\",\"potentialAction\":[{\"@type\":\"CommentAction\",\"name\":\"Comment\",\"target\":[\"https:\/\/dicodusport.fr\/blog\/mondiaux-trampoline-pierre-gouzou-et-morgan-demiro-o-demiro-se-parent-de-bronze-en-trampoline-synchronise\/#respond\"]}],\"copyrightYear\":\"2023\",\"copyrightHolder\":{\"@id\":\"https:\/\/dicodusport.fr\/blog\/#organization\"}},{\"@type\":\"WebPage\",\"@id\":\"https:\/\/dicodusport.fr\/blog\/mondiaux-trampoline-pierre-gouzou-et-morgan-demiro-o-demiro-se-parent-de-bronze-en-trampoline-synchronise\/\",\"url\":\"https:\/\/dicodusport.fr\/blog\/mondiaux-trampoline-pierre-gouzou-et-morgan-demiro-o-demiro-se-parent-de-bronze-en-trampoline-synchronise\/\",\"name\":\"Mondiaux Trampoline : Pierre Gouzou et Morgan Demiro o Domiro se parent de bronze en trampoline synchronis\u00e9\",\"isPartOf\":{\"@id\":\"https:\/\/dicodusport.fr\/blog\/#website\"},\"primaryImageOfPage\":{\"@id\":\"https:\/\/dicodusport.fr\/blog\/mondiaux-trampoline-pierre-gouzou-et-morgan-demiro-o-demiro-se-parent-de-bronze-en-trampoline-synchronise\/#primaryimage\"},\"image\":{\"@id\":\"https:\/\/dicodusport.fr\/blog\/mondiaux-trampoline-pierre-gouzou-et-morgan-demiro-o-demiro-se-parent-de-bronze-en-trampoline-synchronise\/#primaryimage\"},\"thumbnailUrl\":\"https:\/\/dicodusport.fr\/blog\/wp-content\/uploads\/2023\/11\/Trampoline-Pierre-Gouzou-et-Morgan-Demiro-o-Demiro-se-parent-de-bronze-en-trampoline-synchronise.png\",\"datePublished\":\"2023-11-12T13:21:39+00:00\",\"dateModified\":\"2023-11-12T15:12:45+00:00\",\"description\":\"MONDIAUX DE TRAMPOLINE - Pierre Gouzou et Morgan Demiro o Domiro ont mis la main sur le bronze en trampoline synchronis\u00e9 ce dimanche.\",\"breadcrumb\":{\"@id\":\"https:\/\/dicodusport.fr\/blog\/mondiaux-trampoline-pierre-gouzou-et-morgan-demiro-o-demiro-se-parent-de-bronze-en-trampoline-synchronise\/#breadcrumb\"},\"inLanguage\":\"fr-FR\",\"potentialAction\":[{\"@type\":\"ReadAction\",\"target\":[\"https:\/\/dicodusport.fr\/blog\/mondiaux-trampoline-pierre-gouzou-et-morgan-demiro-o-demiro-se-parent-de-bronze-en-trampoline-synchronise\/\"]}]},{\"@type\":\"ImageObject\",\"inLanguage\":\"fr-FR\",\"@id\":\"https:\/\/dicodusport.fr\/blog\/mondiaux-trampoline-pierre-gouzou-et-morgan-demiro-o-demiro-se-parent-de-bronze-en-trampoline-synchronise\/#primaryimage\",\"url\":\"https:\/\/dicodusport.fr\/blog\/wp-content\/uploads\/2023\/11\/Trampoline-Pierre-Gouzou-et-Morgan-Demiro-o-Demiro-se-parent-de-bronze-en-trampoline-synchronise.png\",\"contentUrl\":\"https:\/\/dicodusport.fr\/blog\/wp-content\/uploads\/2023\/11\/Trampoline-Pierre-Gouzou-et-Morgan-Demiro-o-Demiro-se-parent-de-bronze-en-trampoline-synchronise.png\",\"width\":800,\"height\":445,\"caption\":\"Trampoline : Pierre Gouzou et Morgan Demiro o Demiro se parent de bronze en trampoline synchronis\u00e9\"},{\"@type\":\"BreadcrumbList\",\"@id\":\"https:\/\/dicodusport.fr\/blog\/mondiaux-trampoline-pierre-gouzou-et-morgan-demiro-o-demiro-se-parent-de-bronze-en-trampoline-synchronise\/#breadcrumb\",\"itemListElement\":[{\"@type\":\"ListItem\",\"position\":1,\"name\":\"Accueil\",\"item\":\"https:\/\/dicodusport.fr\/blog\/\"},{\"@type\":\"ListItem\",\"position\":2,\"name\":\"Mondiaux Trampoline : Pierre Gouzou et Morgan Demiro o Domiro se parent de bronze en trampoline synchronis\u00e9\"}]},{\"@type\":\"WebSite\",\"@id\":\"https:\/\/dicodusport.fr\/blog\/#website\",\"url\":\"https:\/\/dicodusport.fr\/blog\/\",\"name\":\"Dicodusport\",\"description\":\"L&#039;encyclop\u00e9die de l&#039;actualit\u00e9 sportive\",\"publisher\":{\"@id\":\"https:\/\/dicodusport.fr\/blog\/#organization\"},\"potentialAction\":[{\"@type\":\"SearchAction\",\"target\":{\"@type\":\"EntryPoint\",\"urlTemplate\":\"https:\/\/dicodusport.fr\/blog\/?s={search_term_string}\"},\"query-input\":{\"@type\":\"PropertyValueSpecification\",\"valueRequired\":true,\"valueName\":\"search_term_string\"}}],\"inLanguage\":\"fr-FR\"},{\"@type\":\"NewsMediaOrganization\",\"@id\":\"https:\/\/dicodusport.fr\/blog\/#organization\",\"name\":\"Dicodusport\",\"url\":\"https:\/\/dicodusport.fr\/blog\/\",\"logo\":{\"@type\":\"ImageObject\",\"inLanguage\":\"fr-FR\",\"@id\":\"https:\/\/dicodusport.fr\/blog\/#\/schema\/logo\/image\/\",\"url\":\"https:\/\/dicodusport.fr\/blog\/wp-content\/uploads\/2020\/06\/cropped-LOGO-DICODUSPORT-2020-SANS-FOND-SANS-TEXTE.png\",\"contentUrl\":\"https:\/\/dicodusport.fr\/blog\/wp-content\/uploads\/2020\/06\/cropped-LOGO-DICODUSPORT-2020-SANS-FOND-SANS-TEXTE.png\",\"width\":512,\"height\":512,\"caption\":\"Dicodusport\"},\"image\":{\"@id\":\"https:\/\/dicodusport.fr\/blog\/#\/schema\/logo\/image\/\"},\"sameAs\":[\"https:\/\/www.facebook.com\/dicodusport\",\"https:\/\/x.com\/dicodusport\",\"https:\/\/www.instagram.com\/dicodusport\/\",\"https:\/\/www.youtube.com\/channel\/UC7V2KZ5sd3htJivAbA4ZG3w\"],\"description\":\"Dicodusport est l'encyclop\u00e9die de l'actualit\u00e9 sportive.\",\"email\":\"bonjour@dicodusport.fr\",\"legalName\":\"DICODUSPORT\",\"foundingDate\":\"2018-01-14\",\"vatID\":\"FR71834470973\",\"taxID\":\"83447097300043\",\"numberOfEmployees\":{\"@type\":\"QuantitativeValue\",\"minValue\":\"1\",\"maxValue\":\"10\"}},{\"@type\":\"Person\",\"@id\":\"https:\/\/dicodusport.fr\/blog\/#\/schema\/person\/37def232098a7a5cbab3974a3690abb0\",\"name\":\"Maxime Cazenave\",\"image\":{\"@type\":\"ImageObject\",\"inLanguage\":\"fr-FR\",\"@id\":\"https:\/\/dicodusport.fr\/blog\/#\/schema\/person\/image\/\",\"url\":\"https:\/\/dicodusport.fr\/blog\/wp-content\/uploads\/2021\/05\/Maxime-Cazenave-150x150.jpg\",\"contentUrl\":\"https:\/\/dicodusport.fr\/blog\/wp-content\/uploads\/2021\/05\/Maxime-Cazenave-150x150.jpg\",\"caption\":\"Maxime Cazenave\"},\"description\":\"Journaliste\/R\u00e9dacteur depuis 2012 - Berc\u00e9 par l\u2019amour des Girondins de Bordeaux, les \u00e9checs de Christophe Moreau sur le Tour de France sous l'\u00e8re Lance Armstrong et le fade-away l\u00e9tal de Dirk Nowitzki, ma passion d\u00e9vorante pour le sport a toujours \u00e9t\u00e9 un pan incontournable de ma vie. Transmettre ma passion \u00e0 l\u2019\u00e9crit a \u00e9t\u00e9 une transition naturelle. Suiveur assidu de basket et de hockey sur glace, je garde toujours un peu de place pour suivre le cyclisme, le football et le maximum de performances fran\u00e7aises.\",\"sameAs\":[\"https:\/\/x.com\/https:\/\/twitter.com\/Maxime_Caze\"],\"url\":\"https:\/\/dicodusport.fr\/blog\/author\/maximec\/\"}]}<\/script>\n<!-- \/ Yoast SEO Premium plugin. -->","yoast_head_json":{"title":"Mondiaux Trampoline : Pierre Gouzou et Morgan Demiro o Domiro se parent de bronze en trampoline synchronis\u00e9","description":"MONDIAUX DE TRAMPOLINE - Pierre Gouzou et Morgan Demiro o Domiro ont mis la main sur le bronze en trampoline synchronis\u00e9 ce dimanche.","robots":{"index":"index","follow":"follow","max-snippet":"max-snippet:-1","max-image-preview":"max-image-preview:large","max-video-preview":"max-video-preview:-1"},"canonical":"https:\/\/dicodusport.fr\/blog\/mondiaux-trampoline-pierre-gouzou-et-morgan-demiro-o-demiro-se-parent-de-bronze-en-trampoline-synchronise\/","og_locale":"fr_FR","og_type":"article","og_title":"Mondiaux Trampoline : Pierre Gouzou et Morgan Demiro o Domiro se parent de bronze en trampoline synchronis\u00e9","og_description":"MONDIAUX DE TRAMPOLINE - Pierre Gouzou et Morgan Demiro o Domiro ont mis la main sur le bronze en trampoline synchronis\u00e9 ce dimanche.","og_url":"https:\/\/dicodusport.fr\/blog\/mondiaux-trampoline-pierre-gouzou-et-morgan-demiro-o-demiro-se-parent-de-bronze-en-trampoline-synchronise\/","og_site_name":"Dicodusport","article_publisher":"https:\/\/www.facebook.com\/dicodusport","article_published_time":"2023-11-12T13:21:39+00:00","article_modified_time":"2023-11-12T15:12:45+00:00","og_image":[{"width":800,"height":445,"url":"https:\/\/dicodusport.fr\/blog\/wp-content\/uploads\/2023\/11\/Trampoline-Pierre-Gouzou-et-Morgan-Demiro-o-Demiro-se-parent-de-bronze-en-trampoline-synchronise.png","type":"image\/png"}],"author":"Maxime Cazenave","twitter_card":"summary_large_image","twitter_title":"Mondiaux Trampoline : Pierre Gouzou et Morgan Demiro o Domiro se parent de bronze en trampoline synchronis\u00e9","twitter_creator":"@https:\/\/twitter.com\/Maxime_Caze","twitter_site":"@dicodusport","schema":{"@context":"https:\/\/schema.org","@graph":[{"@type":"NewsArticle","@id":"https:\/\/dicodusport.fr\/blog\/mondiaux-trampoline-pierre-gouzou-et-morgan-demiro-o-demiro-se-parent-de-bronze-en-trampoline-synchronise\/#article","isPartOf":{"@id":"https:\/\/dicodusport.fr\/blog\/mondiaux-trampoline-pierre-gouzou-et-morgan-demiro-o-demiro-se-parent-de-bronze-en-trampoline-synchronise\/"},"author":{"name":"Maxime Cazenave","@id":"https:\/\/dicodusport.fr\/blog\/#\/schema\/person\/37def232098a7a5cbab3974a3690abb0"},"headline":"Mondiaux Trampoline : Pierre Gouzou et Morgan Demiro o Domiro se parent de bronze en trampoline synchronis\u00e9","datePublished":"2023-11-12T13:21:39+00:00","dateModified":"2023-11-12T15:12:45+00:00","mainEntityOfPage":{"@id":"https:\/\/dicodusport.fr\/blog\/mondiaux-trampoline-pierre-gouzou-et-morgan-demiro-o-demiro-se-parent-de-bronze-en-trampoline-synchronise\/"},"wordCount":256,"commentCount":0,"publisher":{"@id":"https:\/\/dicodusport.fr\/blog\/#organization"},"image":{"@id":"https:\/\/dicodusport.fr\/blog\/mondiaux-trampoline-pierre-gouzou-et-morgan-demiro-o-demiro-se-parent-de-bronze-en-trampoline-synchronise\/#primaryimage"},"thumbnailUrl":"https:\/\/dicodusport.fr\/blog\/wp-content\/uploads\/2023\/11\/Trampoline-Pierre-Gouzou-et-Morgan-Demiro-o-Demiro-se-parent-de-bronze-en-trampoline-synchronise.png","keywords":["br\u00e8ve","Championnats du monde de trampoline","trampoline"],"articleSection":["Gymnastique"],"inLanguage":"fr-FR","potentialAction":[{"@type":"CommentAction","name":"Comment","target":["https:\/\/dicodusport.fr\/blog\/mondiaux-trampoline-pierre-gouzou-et-morgan-demiro-o-demiro-se-parent-de-bronze-en-trampoline-synchronise\/#respond"]}],"copyrightYear":"2023","copyrightHolder":{"@id":"https:\/\/dicodusport.fr\/blog\/#organization"}},{"@type":"WebPage","@id":"https:\/\/dicodusport.fr\/blog\/mondiaux-trampoline-pierre-gouzou-et-morgan-demiro-o-demiro-se-parent-de-bronze-en-trampoline-synchronise\/","url":"https:\/\/dicodusport.fr\/blog\/mondiaux-trampoline-pierre-gouzou-et-morgan-demiro-o-demiro-se-parent-de-bronze-en-trampoline-synchronise\/","name":"Mondiaux Trampoline : Pierre Gouzou et Morgan Demiro o Domiro se parent de bronze en trampoline synchronis\u00e9","isPartOf":{"@id":"https:\/\/dicodusport.fr\/blog\/#website"},"primaryImageOfPage":{"@id":"https:\/\/dicodusport.fr\/blog\/mondiaux-trampoline-pierre-gouzou-et-morgan-demiro-o-demiro-se-parent-de-bronze-en-trampoline-synchronise\/#primaryimage"},"image":{"@id":"https:\/\/dicodusport.fr\/blog\/mondiaux-trampoline-pierre-gouzou-et-morgan-demiro-o-demiro-se-parent-de-bronze-en-trampoline-synchronise\/#primaryimage"},"thumbnailUrl":"https:\/\/dicodusport.fr\/blog\/wp-content\/uploads\/2023\/11\/Trampoline-Pierre-Gouzou-et-Morgan-Demiro-o-Demiro-se-parent-de-bronze-en-trampoline-synchronise.png","datePublished":"2023-11-12T13:21:39+00:00","dateModified":"2023-11-12T15:12:45+00:00","description":"MONDIAUX DE TRAMPOLINE - Pierre Gouzou et Morgan Demiro o Domiro ont mis la main sur le bronze en trampoline synchronis\u00e9 ce dimanche.","breadcrumb":{"@id":"https:\/\/dicodusport.fr\/blog\/mondiaux-trampoline-pierre-gouzou-et-morgan-demiro-o-demiro-se-parent-de-bronze-en-trampoline-synchronise\/#breadcrumb"},"inLanguage":"fr-FR","potentialAction":[{"@type":"ReadAction","target":["https:\/\/dicodusport.fr\/blog\/mondiaux-trampoline-pierre-gouzou-et-morgan-demiro-o-demiro-se-parent-de-bronze-en-trampoline-synchronise\/"]}]},{"@type":"ImageObject","inLanguage":"fr-FR","@id":"https:\/\/dicodusport.fr\/blog\/mondiaux-trampoline-pierre-gouzou-et-morgan-demiro-o-demiro-se-parent-de-bronze-en-trampoline-synchronise\/#primaryimage","url":"https:\/\/dicodusport.fr\/blog\/wp-content\/uploads\/2023\/11\/Trampoline-Pierre-Gouzou-et-Morgan-Demiro-o-Demiro-se-parent-de-bronze-en-trampoline-synchronise.png","contentUrl":"https:\/\/dicodusport.fr\/blog\/wp-content\/uploads\/2023\/11\/Trampoline-Pierre-Gouzou-et-Morgan-Demiro-o-Demiro-se-parent-de-bronze-en-trampoline-synchronise.png","width":800,"height":445,"caption":"Trampoline : Pierre Gouzou et Morgan Demiro o Demiro se parent de bronze en trampoline synchronis\u00e9"},{"@type":"BreadcrumbList","@id":"https:\/\/dicodusport.fr\/blog\/mondiaux-trampoline-pierre-gouzou-et-morgan-demiro-o-demiro-se-parent-de-bronze-en-trampoline-synchronise\/#breadcrumb","itemListElement":[{"@type":"ListItem","position":1,"name":"Accueil","item":"https:\/\/dicodusport.fr\/blog\/"},{"@type":"ListItem","position":2,"name":"Mondiaux Trampoline : Pierre Gouzou et Morgan Demiro o Domiro se parent de bronze en trampoline synchronis\u00e9"}]},{"@type":"WebSite","@id":"https:\/\/dicodusport.fr\/blog\/#website","url":"https:\/\/dicodusport.fr\/blog\/","name":"Dicodusport","description":"L&#039;encyclop\u00e9die de l&#039;actualit\u00e9 sportive","publisher":{"@id":"https:\/\/dicodusport.fr\/blog\/#organization"},"potentialAction":[{"@type":"SearchAction","target":{"@type":"EntryPoint","urlTemplate":"https:\/\/dicodusport.fr\/blog\/?s={search_term_string}"},"query-input":{"@type":"PropertyValueSpecification","valueRequired":true,"valueName":"search_term_string"}}],"inLanguage":"fr-FR"},{"@type":"NewsMediaOrganization","@id":"https:\/\/dicodusport.fr\/blog\/#organization","name":"Dicodusport","url":"https:\/\/dicodusport.fr\/blog\/","logo":{"@type":"ImageObject","inLanguage":"fr-FR","@id":"https:\/\/dicodusport.fr\/blog\/#\/schema\/logo\/image\/","url":"https:\/\/dicodusport.fr\/blog\/wp-content\/uploads\/2020\/06\/cropped-LOGO-DICODUSPORT-2020-SANS-FOND-SANS-TEXTE.png","contentUrl":"https:\/\/dicodusport.fr\/blog\/wp-content\/uploads\/2020\/06\/cropped-LOGO-DICODUSPORT-2020-SANS-FOND-SANS-TEXTE.png","width":512,"height":512,"caption":"Dicodusport"},"image":{"@id":"https:\/\/dicodusport.fr\/blog\/#\/schema\/logo\/image\/"},"sameAs":["https:\/\/www.facebook.com\/dicodusport","https:\/\/x.com\/dicodusport","https:\/\/www.instagram.com\/dicodusport\/","https:\/\/www.youtube.com\/channel\/UC7V2KZ5sd3htJivAbA4ZG3w"],"description":"Dicodusport est l'encyclop\u00e9die de l'actualit\u00e9 sportive.","email":"bonjour@dicodusport.fr","legalName":"DICODUSPORT","foundingDate":"2018-01-14","vatID":"FR71834470973","taxID":"83447097300043","numberOfEmployees":{"@type":"QuantitativeValue","minValue":"1","maxValue":"10"}},{"@type":"Person","@id":"https:\/\/dicodusport.fr\/blog\/#\/schema\/person\/37def232098a7a5cbab3974a3690abb0","name":"Maxime Cazenave","image":{"@type":"ImageObject","inLanguage":"fr-FR","@id":"https:\/\/dicodusport.fr\/blog\/#\/schema\/person\/image\/","url":"https:\/\/dicodusport.fr\/blog\/wp-content\/uploads\/2021\/05\/Maxime-Cazenave-150x150.jpg","contentUrl":"https:\/\/dicodusport.fr\/blog\/wp-content\/uploads\/2021\/05\/Maxime-Cazenave-150x150.jpg","caption":"Maxime Cazenave"},"description":"Journaliste\/R\u00e9dacteur depuis 2012 - Berc\u00e9 par l\u2019amour des Girondins de Bordeaux, les \u00e9checs de Christophe Moreau sur le Tour de France sous l'\u00e8re Lance Armstrong et le fade-away l\u00e9tal de Dirk Nowitzki, ma passion d\u00e9vorante pour le sport a toujours \u00e9t\u00e9 un pan incontournable de ma vie. Transmettre ma passion \u00e0 l\u2019\u00e9crit a \u00e9t\u00e9 une transition naturelle. Suiveur assidu de basket et de hockey sur glace, je garde toujours un peu de place pour suivre le cyclisme, le football et le maximum de performances fran\u00e7aises.","sameAs":["https:\/\/x.com\/https:\/\/twitter.com\/Maxime_Caze"],"url":"https:\/\/dicodusport.fr\/blog\/author\/maximec\/"}]}},"_links":{"self":[{"href":"https:\/\/dicodusport.fr\/blog\/wp-json\/wp\/v2\/posts\/436753","targetHints":{"allow":["GET"]}}],"collection":[{"href":"https:\/\/dicodusport.fr\/blog\/wp-json\/wp\/v2\/posts"}],"about":[{"href":"https:\/\/dicodusport.fr\/blog\/wp-json\/wp\/v2\/types\/post"}],"author":[{"embeddable":true,"href":"https:\/\/dicodusport.fr\/blog\/wp-json\/wp\/v2\/users\/55"}],"replies":[{"embeddable":true,"href":"https:\/\/dicodusport.fr\/blog\/wp-json\/wp\/v2\/comments?post=436753"}],"version-history":[{"count":4,"href":"https:\/\/dicodusport.fr\/blog\/wp-json\/wp\/v2\/posts\/436753\/revisions"}],"predecessor-version":[{"id":436833,"href":"https:\/\/dicodusport.fr\/blog\/wp-json\/wp\/v2\/posts\/436753\/revisions\/436833"}],"wp:featuredmedia":[{"embeddable":true,"href":"https:\/\/dicodusport.fr\/blog\/wp-json\/wp\/v2\/media\/436758"}],"wp:attachment":[{"href":"https:\/\/dicodusport.fr\/blog\/wp-json\/wp\/v2\/media?parent=436753"}],"wp:term":[{"taxonomy":"category","embeddable":true,"href":"https:\/\/dicodusport.fr\/blog\/wp-json\/wp\/v2\/categories?post=436753"},{"taxonomy":"post_tag","embeddable":true,"href":"https:\/\/dicodusport.fr\/blog\/wp-json\/wp\/v2\/tags?post=436753"}],"curies":[{"name":"wp","href":"https:\/\/api.w.org\/{rel}","templated":true}]}}