{"id":437021,"date":"2023-11-13T12:05:24","date_gmt":"2023-11-13T11:05:24","guid":{"rendered":"https:\/\/dicodusport.fr\/blog\/?p=437021&#038;preview=true&#038;preview_id=437021"},"modified":"2023-11-13T12:05:24","modified_gmt":"2023-11-13T11:05:24","slug":"mercato-cyclisme-miguel-angel-lopez-de-retour-dans-une-equipe-italienne","status":"publish","type":"post","link":"https:\/\/dicodusport.fr\/blog\/mercato-cyclisme-miguel-angel-lopez-de-retour-dans-une-equipe-italienne\/","title":{"rendered":"Mercato cyclisme : Miguel Angel Lopez de retour dans une \u00e9quipe italienne ?"},"content":{"rendered":"<p style=\"text-align: justify;\"><strong><em>MERCATO CYCLISME 2023 &#8211; Suspendu provisoirement par l&rsquo;UCI, Miguel Angel Lopez serait proche de rejoindre Eolo-Kometa, selon les m\u00e9dias colombiens.\u00a0<\/em><\/strong><\/p>\n<p style=\"text-align: justify;\">En juillet dernier, l&rsquo;Union Cycliste Internationale <a href=\"https:\/\/dicodusport.fr\/blog\/dopage-luci-suspend-miguel-angel-lopez\/\">suspendait \u00e0 titre provisoire<\/a> <strong>Miguel Angel Lopez<\/strong> pour une violation potentielle des r\u00e8gles antidopage. Aujourd&rsquo;hui encore, la suspension est toujours active, et aucune d\u00e9cision n&rsquo;a \u00e9t\u00e9 prise. N\u00e9anmoins, cela n&rsquo;a pas emp\u00each\u00e9 plusieurs \u00e9quipes de se renseigner sur sa situation, et selon plusieurs m\u00e9dias colombiens, dont <em>Antena 2<\/em>, \u00ab\u00a0Superman\u00a0\u00bb devrait s&rsquo;engager avec la formation Eolo-Kometa.<\/p>\n<ul style=\"text-align: justify;\">\n<li><strong>\u00c0 lire aussi &#8211;\u00a0<a href=\"https:\/\/dicodusport.fr\/blog\/mercato-cyclisme-2023-2024-tableau-des-transferts\/\">le tableau des transferts cyclistes<\/a><\/strong><\/li>\n<\/ul>\n<p style=\"text-align: justify;\">Il s&rsquo;agit d&rsquo;une \u00e9quipe continentale, mais cela pourrait marquer le grand retour de<strong> Miguel Angel Lopez<\/strong> en Europe. La formation italienne a perdu plusieurs coureurs, dont <strong>Vincenzo Albanese<\/strong>, parti chez Ark\u00e9a-Samsic, et pourrait signer un gros coup. Sur son compte Twitter, elle a d&rsquo;ailleurs mentionn\u00e9 la possibilit\u00e9 d&rsquo;une signature proche. <em>Antena 2<\/em> pr\u00e9cise toutefois que tout cela est suspendu \u00e0 une d\u00e9cision de l&rsquo;UCI, et rien ne sera donc officiel avant que l&rsquo;on ne sache ce qu&rsquo;il en est. Mais si \u00ab\u00a0Superman\u00a0\u00bb rejoint Eolo-Kometa, cela sera \u00e0 coup s\u00fbr un petit \u00e9v\u00e8nement.<\/p>\n<blockquote class=\"twitter-tweet\">\n<p dir=\"ltr\" lang=\"art\">\ud83d\udd1c\ud83c\udd95\u270d\ufe0f\ud83d\udd25<\/p>\n<p>\u2014 EOLO-KOMETA Cycling Team (@EoloKometaTeam) <a href=\"https:\/\/twitter.com\/EoloKometaTeam\/status\/1723966464212828566?ref_src=twsrc%5Etfw\">November 13, 2023<\/a><\/p><\/blockquote>\n<p style=\"text-align: justify;\"><script async src=\"https:\/\/platform.twitter.com\/widgets.js\" charset=\"utf-8\"><\/script><\/p>\n","protected":false},"excerpt":{"rendered":"<p>MERCATO CYCLISME 2023 &#8211; Suspendu provisoirement par l&rsquo;UCI, Miguel Angel Lopez serait proche de rejoindre Eolo-Kometa, selon les m\u00e9dias colombiens.\u00a0<\/p>\n","protected":false},"author":59,"featured_media":437022,"comment_status":"open","ping_status":"closed","sticky":false,"template":"","format":"standard","meta":{"_acf_changed":false,"_daextam_enable_autolinks":"1","footnotes":""},"categories":[46994],"tags":[16878,11931],"class_list":["post-437021","post","type-post","status-publish","format-standard","has-post-thumbnail","hentry","category-cyclisme-sur-route","tag-breve","tag-miguel-angel-lopez"],"acf":[],"yoast_head":"<!-- This site is optimized with the Yoast SEO Premium plugin v26.7 (Yoast SEO v26.7) - https:\/\/yoast.com\/wordpress\/plugins\/seo\/ -->\n<title>Mercato cyclisme : Miguel Angel Lopez de retour dans une \u00e9quipe italienne ?<\/title>\n<meta name=\"description\" content=\"MERCATO CYCLISME 2023 - Suspendu provisoirement par l&#039;UCI, Miguel Angel Lopez serait proche de rejoindre Eolo-Kometa, selon les m\u00e9dias colombiens.\u00a0\" \/>\n<meta name=\"robots\" content=\"index, follow, max-snippet:-1, max-image-preview:large, max-video-preview:-1\" \/>\n<link rel=\"canonical\" href=\"https:\/\/dicodusport.fr\/blog\/mercato-cyclisme-miguel-angel-lopez-de-retour-dans-une-equipe-italienne\/\" \/>\n<meta property=\"og:locale\" content=\"fr_FR\" \/>\n<meta property=\"og:type\" content=\"article\" \/>\n<meta property=\"og:title\" content=\"Mercato cyclisme : Miguel Angel Lopez de retour dans une \u00e9quipe italienne ?\" \/>\n<meta property=\"og:description\" content=\"MERCATO CYCLISME 2023 - Suspendu provisoirement par l&#039;UCI, Miguel Angel Lopez serait proche de rejoindre Eolo-Kometa, selon les m\u00e9dias colombiens.\u00a0\" \/>\n<meta property=\"og:url\" content=\"https:\/\/dicodusport.fr\/blog\/mercato-cyclisme-miguel-angel-lopez-de-retour-dans-une-equipe-italienne\/\" \/>\n<meta property=\"og:site_name\" content=\"Dicodusport\" \/>\n<meta property=\"article:publisher\" content=\"https:\/\/www.facebook.com\/dicodusport\" \/>\n<meta property=\"article:author\" content=\"https:\/\/www.facebook.com\/sebastien.gente\/\" \/>\n<meta property=\"article:published_time\" content=\"2023-11-13T11:05:24+00:00\" \/>\n<meta property=\"og:image\" content=\"https:\/\/dicodusport.fr\/blog\/wp-content\/uploads\/2023\/11\/Mercato-cyclisme-Miguel-Angel-Lopez-de-retour-dans-une-equipe-italienne.png\" \/>\n\t<meta property=\"og:image:width\" content=\"800\" \/>\n\t<meta property=\"og:image:height\" content=\"445\" \/>\n\t<meta property=\"og:image:type\" content=\"image\/png\" \/>\n<meta name=\"author\" content=\"S\u00e9bastien Gente\" \/>\n<meta name=\"twitter:card\" content=\"summary_large_image\" \/>\n<meta name=\"twitter:title\" content=\"Mercato cyclisme : Miguel Angel Lopez de retour dans une \u00e9quipe italienne ?\" \/>\n<meta name=\"twitter:creator\" content=\"@https:\/\/twitter.com\/globulo24\" \/>\n<meta name=\"twitter:site\" content=\"@dicodusport\" \/>\n<script type=\"application\/ld+json\" class=\"yoast-schema-graph\">{\"@context\":\"https:\/\/schema.org\",\"@graph\":[{\"@type\":\"NewsArticle\",\"@id\":\"https:\/\/dicodusport.fr\/blog\/mercato-cyclisme-miguel-angel-lopez-de-retour-dans-une-equipe-italienne\/#article\",\"isPartOf\":{\"@id\":\"https:\/\/dicodusport.fr\/blog\/mercato-cyclisme-miguel-angel-lopez-de-retour-dans-une-equipe-italienne\/\"},\"author\":{\"name\":\"S\u00e9bastien Gente\",\"@id\":\"https:\/\/dicodusport.fr\/blog\/#\/schema\/person\/627966a6cde45dbd8c5e36ac85d783da\"},\"headline\":\"Mercato cyclisme : Miguel Angel Lopez de retour dans une \u00e9quipe italienne ?\",\"datePublished\":\"2023-11-13T11:05:24+00:00\",\"mainEntityOfPage\":{\"@id\":\"https:\/\/dicodusport.fr\/blog\/mercato-cyclisme-miguel-angel-lopez-de-retour-dans-une-equipe-italienne\/\"},\"wordCount\":215,\"commentCount\":0,\"publisher\":{\"@id\":\"https:\/\/dicodusport.fr\/blog\/#organization\"},\"image\":{\"@id\":\"https:\/\/dicodusport.fr\/blog\/mercato-cyclisme-miguel-angel-lopez-de-retour-dans-une-equipe-italienne\/#primaryimage\"},\"thumbnailUrl\":\"https:\/\/dicodusport.fr\/blog\/wp-content\/uploads\/2023\/11\/Mercato-cyclisme-Miguel-Angel-Lopez-de-retour-dans-une-equipe-italienne.png\",\"keywords\":[\"br\u00e8ve\",\"Miguel Angel Lopez\"],\"articleSection\":[\"Cyclisme sur route\"],\"inLanguage\":\"fr-FR\",\"potentialAction\":[{\"@type\":\"CommentAction\",\"name\":\"Comment\",\"target\":[\"https:\/\/dicodusport.fr\/blog\/mercato-cyclisme-miguel-angel-lopez-de-retour-dans-une-equipe-italienne\/#respond\"]}],\"copyrightYear\":\"2023\",\"copyrightHolder\":{\"@id\":\"https:\/\/dicodusport.fr\/blog\/#organization\"}},{\"@type\":\"WebPage\",\"@id\":\"https:\/\/dicodusport.fr\/blog\/mercato-cyclisme-miguel-angel-lopez-de-retour-dans-une-equipe-italienne\/\",\"url\":\"https:\/\/dicodusport.fr\/blog\/mercato-cyclisme-miguel-angel-lopez-de-retour-dans-une-equipe-italienne\/\",\"name\":\"Mercato cyclisme : Miguel Angel Lopez de retour dans une \u00e9quipe italienne ?\",\"isPartOf\":{\"@id\":\"https:\/\/dicodusport.fr\/blog\/#website\"},\"primaryImageOfPage\":{\"@id\":\"https:\/\/dicodusport.fr\/blog\/mercato-cyclisme-miguel-angel-lopez-de-retour-dans-une-equipe-italienne\/#primaryimage\"},\"image\":{\"@id\":\"https:\/\/dicodusport.fr\/blog\/mercato-cyclisme-miguel-angel-lopez-de-retour-dans-une-equipe-italienne\/#primaryimage\"},\"thumbnailUrl\":\"https:\/\/dicodusport.fr\/blog\/wp-content\/uploads\/2023\/11\/Mercato-cyclisme-Miguel-Angel-Lopez-de-retour-dans-une-equipe-italienne.png\",\"datePublished\":\"2023-11-13T11:05:24+00:00\",\"description\":\"MERCATO CYCLISME 2023 - Suspendu provisoirement par l'UCI, Miguel Angel Lopez serait proche de rejoindre Eolo-Kometa, selon les m\u00e9dias colombiens.\u00a0\",\"breadcrumb\":{\"@id\":\"https:\/\/dicodusport.fr\/blog\/mercato-cyclisme-miguel-angel-lopez-de-retour-dans-une-equipe-italienne\/#breadcrumb\"},\"inLanguage\":\"fr-FR\",\"potentialAction\":[{\"@type\":\"ReadAction\",\"target\":[\"https:\/\/dicodusport.fr\/blog\/mercato-cyclisme-miguel-angel-lopez-de-retour-dans-une-equipe-italienne\/\"]}]},{\"@type\":\"ImageObject\",\"inLanguage\":\"fr-FR\",\"@id\":\"https:\/\/dicodusport.fr\/blog\/mercato-cyclisme-miguel-angel-lopez-de-retour-dans-une-equipe-italienne\/#primaryimage\",\"url\":\"https:\/\/dicodusport.fr\/blog\/wp-content\/uploads\/2023\/11\/Mercato-cyclisme-Miguel-Angel-Lopez-de-retour-dans-une-equipe-italienne.png\",\"contentUrl\":\"https:\/\/dicodusport.fr\/blog\/wp-content\/uploads\/2023\/11\/Mercato-cyclisme-Miguel-Angel-Lopez-de-retour-dans-une-equipe-italienne.png\",\"width\":800,\"height\":445,\"caption\":\"Mercato cyclisme Miguel Angel Lopez de retour dans une \u00e9quipe italienne\"},{\"@type\":\"BreadcrumbList\",\"@id\":\"https:\/\/dicodusport.fr\/blog\/mercato-cyclisme-miguel-angel-lopez-de-retour-dans-une-equipe-italienne\/#breadcrumb\",\"itemListElement\":[{\"@type\":\"ListItem\",\"position\":1,\"name\":\"Accueil\",\"item\":\"https:\/\/dicodusport.fr\/blog\/\"},{\"@type\":\"ListItem\",\"position\":2,\"name\":\"Mercato cyclisme : Miguel Angel Lopez de retour dans une \u00e9quipe italienne ?\"}]},{\"@type\":\"WebSite\",\"@id\":\"https:\/\/dicodusport.fr\/blog\/#website\",\"url\":\"https:\/\/dicodusport.fr\/blog\/\",\"name\":\"Dicodusport\",\"description\":\"L&#039;encyclop\u00e9die de l&#039;actualit\u00e9 sportive\",\"publisher\":{\"@id\":\"https:\/\/dicodusport.fr\/blog\/#organization\"},\"potentialAction\":[{\"@type\":\"SearchAction\",\"target\":{\"@type\":\"EntryPoint\",\"urlTemplate\":\"https:\/\/dicodusport.fr\/blog\/?s={search_term_string}\"},\"query-input\":{\"@type\":\"PropertyValueSpecification\",\"valueRequired\":true,\"valueName\":\"search_term_string\"}}],\"inLanguage\":\"fr-FR\"},{\"@type\":\"NewsMediaOrganization\",\"@id\":\"https:\/\/dicodusport.fr\/blog\/#organization\",\"name\":\"Dicodusport\",\"url\":\"https:\/\/dicodusport.fr\/blog\/\",\"logo\":{\"@type\":\"ImageObject\",\"inLanguage\":\"fr-FR\",\"@id\":\"https:\/\/dicodusport.fr\/blog\/#\/schema\/logo\/image\/\",\"url\":\"https:\/\/dicodusport.fr\/blog\/wp-content\/uploads\/2020\/06\/cropped-LOGO-DICODUSPORT-2020-SANS-FOND-SANS-TEXTE.png\",\"contentUrl\":\"https:\/\/dicodusport.fr\/blog\/wp-content\/uploads\/2020\/06\/cropped-LOGO-DICODUSPORT-2020-SANS-FOND-SANS-TEXTE.png\",\"width\":512,\"height\":512,\"caption\":\"Dicodusport\"},\"image\":{\"@id\":\"https:\/\/dicodusport.fr\/blog\/#\/schema\/logo\/image\/\"},\"sameAs\":[\"https:\/\/www.facebook.com\/dicodusport\",\"https:\/\/x.com\/dicodusport\",\"https:\/\/www.instagram.com\/dicodusport\/\",\"https:\/\/www.youtube.com\/channel\/UC7V2KZ5sd3htJivAbA4ZG3w\"],\"description\":\"Dicodusport est l'encyclop\u00e9die de l'actualit\u00e9 sportive.\",\"email\":\"bonjour@dicodusport.fr\",\"legalName\":\"DICODUSPORT\",\"foundingDate\":\"2018-01-14\",\"vatID\":\"FR71834470973\",\"taxID\":\"83447097300043\",\"numberOfEmployees\":{\"@type\":\"QuantitativeValue\",\"minValue\":\"1\",\"maxValue\":\"10\"}},{\"@type\":\"Person\",\"@id\":\"https:\/\/dicodusport.fr\/blog\/#\/schema\/person\/627966a6cde45dbd8c5e36ac85d783da\",\"name\":\"S\u00e9bastien Gente\",\"image\":{\"@type\":\"ImageObject\",\"inLanguage\":\"fr-FR\",\"@id\":\"https:\/\/dicodusport.fr\/blog\/#\/schema\/person\/image\/\",\"url\":\"https:\/\/dicodusport.fr\/blog\/wp-content\/uploads\/2021\/09\/1510990_10205810251400683_4124423575079401707_n-150x150.jpg\",\"contentUrl\":\"https:\/\/dicodusport.fr\/blog\/wp-content\/uploads\/2021\/09\/1510990_10205810251400683_4124423575079401707_n-150x150.jpg\",\"caption\":\"S\u00e9bastien Gente\"},\"description\":\"John Stockton, Gianni Bugno, Zinedine Zidane, Steffi Graf, Frode Andresen, St\u00e9phane Stoecklin, Davis Kamoga, Primoz Peterka, Werner Schlager et Aur\u00e9lien Rougerie. Point commun entre ces sportifs? Ils m'ont fait r\u00eaver et ont berc\u00e9 mon adolescence. Je suis un fondu de sports et j'essaie de retranscrire ma passion \u00e0 travers mes articles. Originaire du P\u00e9rigord, ma passion pour les Girondins, les Jaunards et les Jazzmen transpire dans mes \u00e9crits. \u00c0 Dicodusport depuis 2021, je d\u00e9niche les sports m\u00e9connus dans lesquels la France brille, et il y en a !\",\"sameAs\":[\"https:\/\/www.facebook.com\/sebastien.gente\/\",\"https:\/\/www.instagram.com\/sebgente\/\",\"https:\/\/www.linkedin.com\/in\/sbastien-gente-a29583169\/\",\"https:\/\/x.com\/https:\/\/twitter.com\/globulo24\",\"SebastienGente\"],\"worksFor\":\"S\u00e9bastien GENTE\",\"url\":\"https:\/\/dicodusport.fr\/blog\/author\/sebastiengente\/\"}]}<\/script>\n<!-- \/ Yoast SEO Premium plugin. -->","yoast_head_json":{"title":"Mercato cyclisme : Miguel Angel Lopez de retour dans une \u00e9quipe italienne ?","description":"MERCATO CYCLISME 2023 - Suspendu provisoirement par l'UCI, Miguel Angel Lopez serait proche de rejoindre Eolo-Kometa, selon les m\u00e9dias colombiens.\u00a0","robots":{"index":"index","follow":"follow","max-snippet":"max-snippet:-1","max-image-preview":"max-image-preview:large","max-video-preview":"max-video-preview:-1"},"canonical":"https:\/\/dicodusport.fr\/blog\/mercato-cyclisme-miguel-angel-lopez-de-retour-dans-une-equipe-italienne\/","og_locale":"fr_FR","og_type":"article","og_title":"Mercato cyclisme : Miguel Angel Lopez de retour dans une \u00e9quipe italienne ?","og_description":"MERCATO CYCLISME 2023 - Suspendu provisoirement par l'UCI, Miguel Angel Lopez serait proche de rejoindre Eolo-Kometa, selon les m\u00e9dias colombiens.\u00a0","og_url":"https:\/\/dicodusport.fr\/blog\/mercato-cyclisme-miguel-angel-lopez-de-retour-dans-une-equipe-italienne\/","og_site_name":"Dicodusport","article_publisher":"https:\/\/www.facebook.com\/dicodusport","article_author":"https:\/\/www.facebook.com\/sebastien.gente\/","article_published_time":"2023-11-13T11:05:24+00:00","og_image":[{"width":800,"height":445,"url":"https:\/\/dicodusport.fr\/blog\/wp-content\/uploads\/2023\/11\/Mercato-cyclisme-Miguel-Angel-Lopez-de-retour-dans-une-equipe-italienne.png","type":"image\/png"}],"author":"S\u00e9bastien Gente","twitter_card":"summary_large_image","twitter_title":"Mercato cyclisme : Miguel Angel Lopez de retour dans une \u00e9quipe italienne ?","twitter_creator":"@https:\/\/twitter.com\/globulo24","twitter_site":"@dicodusport","schema":{"@context":"https:\/\/schema.org","@graph":[{"@type":"NewsArticle","@id":"https:\/\/dicodusport.fr\/blog\/mercato-cyclisme-miguel-angel-lopez-de-retour-dans-une-equipe-italienne\/#article","isPartOf":{"@id":"https:\/\/dicodusport.fr\/blog\/mercato-cyclisme-miguel-angel-lopez-de-retour-dans-une-equipe-italienne\/"},"author":{"name":"S\u00e9bastien Gente","@id":"https:\/\/dicodusport.fr\/blog\/#\/schema\/person\/627966a6cde45dbd8c5e36ac85d783da"},"headline":"Mercato cyclisme : Miguel Angel Lopez de retour dans une \u00e9quipe italienne ?","datePublished":"2023-11-13T11:05:24+00:00","mainEntityOfPage":{"@id":"https:\/\/dicodusport.fr\/blog\/mercato-cyclisme-miguel-angel-lopez-de-retour-dans-une-equipe-italienne\/"},"wordCount":215,"commentCount":0,"publisher":{"@id":"https:\/\/dicodusport.fr\/blog\/#organization"},"image":{"@id":"https:\/\/dicodusport.fr\/blog\/mercato-cyclisme-miguel-angel-lopez-de-retour-dans-une-equipe-italienne\/#primaryimage"},"thumbnailUrl":"https:\/\/dicodusport.fr\/blog\/wp-content\/uploads\/2023\/11\/Mercato-cyclisme-Miguel-Angel-Lopez-de-retour-dans-une-equipe-italienne.png","keywords":["br\u00e8ve","Miguel Angel Lopez"],"articleSection":["Cyclisme sur route"],"inLanguage":"fr-FR","potentialAction":[{"@type":"CommentAction","name":"Comment","target":["https:\/\/dicodusport.fr\/blog\/mercato-cyclisme-miguel-angel-lopez-de-retour-dans-une-equipe-italienne\/#respond"]}],"copyrightYear":"2023","copyrightHolder":{"@id":"https:\/\/dicodusport.fr\/blog\/#organization"}},{"@type":"WebPage","@id":"https:\/\/dicodusport.fr\/blog\/mercato-cyclisme-miguel-angel-lopez-de-retour-dans-une-equipe-italienne\/","url":"https:\/\/dicodusport.fr\/blog\/mercato-cyclisme-miguel-angel-lopez-de-retour-dans-une-equipe-italienne\/","name":"Mercato cyclisme : Miguel Angel Lopez de retour dans une \u00e9quipe italienne ?","isPartOf":{"@id":"https:\/\/dicodusport.fr\/blog\/#website"},"primaryImageOfPage":{"@id":"https:\/\/dicodusport.fr\/blog\/mercato-cyclisme-miguel-angel-lopez-de-retour-dans-une-equipe-italienne\/#primaryimage"},"image":{"@id":"https:\/\/dicodusport.fr\/blog\/mercato-cyclisme-miguel-angel-lopez-de-retour-dans-une-equipe-italienne\/#primaryimage"},"thumbnailUrl":"https:\/\/dicodusport.fr\/blog\/wp-content\/uploads\/2023\/11\/Mercato-cyclisme-Miguel-Angel-Lopez-de-retour-dans-une-equipe-italienne.png","datePublished":"2023-11-13T11:05:24+00:00","description":"MERCATO CYCLISME 2023 - Suspendu provisoirement par l'UCI, Miguel Angel Lopez serait proche de rejoindre Eolo-Kometa, selon les m\u00e9dias colombiens.\u00a0","breadcrumb":{"@id":"https:\/\/dicodusport.fr\/blog\/mercato-cyclisme-miguel-angel-lopez-de-retour-dans-une-equipe-italienne\/#breadcrumb"},"inLanguage":"fr-FR","potentialAction":[{"@type":"ReadAction","target":["https:\/\/dicodusport.fr\/blog\/mercato-cyclisme-miguel-angel-lopez-de-retour-dans-une-equipe-italienne\/"]}]},{"@type":"ImageObject","inLanguage":"fr-FR","@id":"https:\/\/dicodusport.fr\/blog\/mercato-cyclisme-miguel-angel-lopez-de-retour-dans-une-equipe-italienne\/#primaryimage","url":"https:\/\/dicodusport.fr\/blog\/wp-content\/uploads\/2023\/11\/Mercato-cyclisme-Miguel-Angel-Lopez-de-retour-dans-une-equipe-italienne.png","contentUrl":"https:\/\/dicodusport.fr\/blog\/wp-content\/uploads\/2023\/11\/Mercato-cyclisme-Miguel-Angel-Lopez-de-retour-dans-une-equipe-italienne.png","width":800,"height":445,"caption":"Mercato cyclisme Miguel Angel Lopez de retour dans une \u00e9quipe italienne"},{"@type":"BreadcrumbList","@id":"https:\/\/dicodusport.fr\/blog\/mercato-cyclisme-miguel-angel-lopez-de-retour-dans-une-equipe-italienne\/#breadcrumb","itemListElement":[{"@type":"ListItem","position":1,"name":"Accueil","item":"https:\/\/dicodusport.fr\/blog\/"},{"@type":"ListItem","position":2,"name":"Mercato cyclisme : Miguel Angel Lopez de retour dans une \u00e9quipe italienne ?"}]},{"@type":"WebSite","@id":"https:\/\/dicodusport.fr\/blog\/#website","url":"https:\/\/dicodusport.fr\/blog\/","name":"Dicodusport","description":"L&#039;encyclop\u00e9die de l&#039;actualit\u00e9 sportive","publisher":{"@id":"https:\/\/dicodusport.fr\/blog\/#organization"},"potentialAction":[{"@type":"SearchAction","target":{"@type":"EntryPoint","urlTemplate":"https:\/\/dicodusport.fr\/blog\/?s={search_term_string}"},"query-input":{"@type":"PropertyValueSpecification","valueRequired":true,"valueName":"search_term_string"}}],"inLanguage":"fr-FR"},{"@type":"NewsMediaOrganization","@id":"https:\/\/dicodusport.fr\/blog\/#organization","name":"Dicodusport","url":"https:\/\/dicodusport.fr\/blog\/","logo":{"@type":"ImageObject","inLanguage":"fr-FR","@id":"https:\/\/dicodusport.fr\/blog\/#\/schema\/logo\/image\/","url":"https:\/\/dicodusport.fr\/blog\/wp-content\/uploads\/2020\/06\/cropped-LOGO-DICODUSPORT-2020-SANS-FOND-SANS-TEXTE.png","contentUrl":"https:\/\/dicodusport.fr\/blog\/wp-content\/uploads\/2020\/06\/cropped-LOGO-DICODUSPORT-2020-SANS-FOND-SANS-TEXTE.png","width":512,"height":512,"caption":"Dicodusport"},"image":{"@id":"https:\/\/dicodusport.fr\/blog\/#\/schema\/logo\/image\/"},"sameAs":["https:\/\/www.facebook.com\/dicodusport","https:\/\/x.com\/dicodusport","https:\/\/www.instagram.com\/dicodusport\/","https:\/\/www.youtube.com\/channel\/UC7V2KZ5sd3htJivAbA4ZG3w"],"description":"Dicodusport est l'encyclop\u00e9die de l'actualit\u00e9 sportive.","email":"bonjour@dicodusport.fr","legalName":"DICODUSPORT","foundingDate":"2018-01-14","vatID":"FR71834470973","taxID":"83447097300043","numberOfEmployees":{"@type":"QuantitativeValue","minValue":"1","maxValue":"10"}},{"@type":"Person","@id":"https:\/\/dicodusport.fr\/blog\/#\/schema\/person\/627966a6cde45dbd8c5e36ac85d783da","name":"S\u00e9bastien Gente","image":{"@type":"ImageObject","inLanguage":"fr-FR","@id":"https:\/\/dicodusport.fr\/blog\/#\/schema\/person\/image\/","url":"https:\/\/dicodusport.fr\/blog\/wp-content\/uploads\/2021\/09\/1510990_10205810251400683_4124423575079401707_n-150x150.jpg","contentUrl":"https:\/\/dicodusport.fr\/blog\/wp-content\/uploads\/2021\/09\/1510990_10205810251400683_4124423575079401707_n-150x150.jpg","caption":"S\u00e9bastien Gente"},"description":"John Stockton, Gianni Bugno, Zinedine Zidane, Steffi Graf, Frode Andresen, St\u00e9phane Stoecklin, Davis Kamoga, Primoz Peterka, Werner Schlager et Aur\u00e9lien Rougerie. Point commun entre ces sportifs? Ils m'ont fait r\u00eaver et ont berc\u00e9 mon adolescence. Je suis un fondu de sports et j'essaie de retranscrire ma passion \u00e0 travers mes articles. Originaire du P\u00e9rigord, ma passion pour les Girondins, les Jaunards et les Jazzmen transpire dans mes \u00e9crits. \u00c0 Dicodusport depuis 2021, je d\u00e9niche les sports m\u00e9connus dans lesquels la France brille, et il y en a !","sameAs":["https:\/\/www.facebook.com\/sebastien.gente\/","https:\/\/www.instagram.com\/sebgente\/","https:\/\/www.linkedin.com\/in\/sbastien-gente-a29583169\/","https:\/\/x.com\/https:\/\/twitter.com\/globulo24","SebastienGente"],"worksFor":"S\u00e9bastien GENTE","url":"https:\/\/dicodusport.fr\/blog\/author\/sebastiengente\/"}]}},"_links":{"self":[{"href":"https:\/\/dicodusport.fr\/blog\/wp-json\/wp\/v2\/posts\/437021","targetHints":{"allow":["GET"]}}],"collection":[{"href":"https:\/\/dicodusport.fr\/blog\/wp-json\/wp\/v2\/posts"}],"about":[{"href":"https:\/\/dicodusport.fr\/blog\/wp-json\/wp\/v2\/types\/post"}],"author":[{"embeddable":true,"href":"https:\/\/dicodusport.fr\/blog\/wp-json\/wp\/v2\/users\/59"}],"replies":[{"embeddable":true,"href":"https:\/\/dicodusport.fr\/blog\/wp-json\/wp\/v2\/comments?post=437021"}],"version-history":[{"count":1,"href":"https:\/\/dicodusport.fr\/blog\/wp-json\/wp\/v2\/posts\/437021\/revisions"}],"predecessor-version":[{"id":437023,"href":"https:\/\/dicodusport.fr\/blog\/wp-json\/wp\/v2\/posts\/437021\/revisions\/437023"}],"wp:featuredmedia":[{"embeddable":true,"href":"https:\/\/dicodusport.fr\/blog\/wp-json\/wp\/v2\/media\/437022"}],"wp:attachment":[{"href":"https:\/\/dicodusport.fr\/blog\/wp-json\/wp\/v2\/media?parent=437021"}],"wp:term":[{"taxonomy":"category","embeddable":true,"href":"https:\/\/dicodusport.fr\/blog\/wp-json\/wp\/v2\/categories?post=437021"},{"taxonomy":"post_tag","embeddable":true,"href":"https:\/\/dicodusport.fr\/blog\/wp-json\/wp\/v2\/tags?post=437021"}],"curies":[{"name":"wp","href":"https:\/\/api.w.org\/{rel}","templated":true}]}}