{"id":43725,"date":"2019-07-23T17:41:09","date_gmt":"2019-07-23T15:41:09","guid":{"rendered":"http:\/\/dicodusport.fr\/blog\/?p=43725"},"modified":"2019-07-24T10:02:54","modified_gmt":"2019-07-24T08:02:54","slug":"tour-de-france-2019-caleb-ewan-decroche-une-deuxieme-victoire-a-nimes","status":"publish","type":"post","link":"https:\/\/dicodusport.fr\/blog\/tour-de-france-2019-caleb-ewan-decroche-une-deuxieme-victoire-a-nimes\/","title":{"rendered":"Tour de France 2019 : Caleb Ewan d\u00e9croche une deuxi\u00e8me victoire \u00e0 N\u00eemes"},"content":{"rendered":"<p style=\"text-align: justify;\"><i><a style=\"font-weight: bold;\" href=\"https:\/\/dicodusport.fr\/blog\/tour-de-france-2019-le-profil-des-etapes\/\" target=\"_blank\" rel=\"noopener\">Tour de France<\/a><b> &#8211; Caleb Ewan (Lotto-Soudal) a remport\u00e9 la 16\u00e8me \u00e9tape au sprint ce mardi, \u00e0 N\u00eemes. L&rsquo;Australien d\u00e9croche son deuxi\u00e8me succ\u00e8s d&rsquo;\u00e9tape sur la Grande Boucle. Julian Alaphilippe (Deceuninck &#8211; Quick-Step), qui a pass\u00e9 une journ\u00e9e tranquille, reste en jaune.<br \/>\n<\/b><\/i><\/p>\n<p style=\"text-align: justify;\">Sous la canicule, cinq courageux se portaient en t\u00eate d\u00e8s le quatri\u00e8me kilom\u00e8tre : <strong>Alexis Gougeard<\/strong> (AG2R La Mondiale), <strong>St\u00e9phane Rossetto<\/strong> (Cofidis), <strong>Paul Ourselin<\/strong> (Total Direct Energie), <strong>Lars Bak<\/strong> (Dimension Data) et <strong>Lukasz Wisniowski<\/strong> (CCC Team). Un courage pas vraiment r\u00e9compens\u00e9, le peloton, men\u00e9 par le Jumbo-Visma de <strong>Dylan Groenewegen<\/strong> et la Lotto-Soudal de <strong>Caleb Ewan<\/strong>, ne laissant pas plus de deux minutes aux fuyards. Frustrant pour les attaquants.<\/p>\n<h1 style=\"text-align: justify;\">Thomas \u00e0 terre, Fuglsang abandonne<\/h1>\n<p style=\"text-align: justify;\">Mais le fait marquant du d\u00e9but d&rsquo;\u00e9tape \u00e9tait sans conteste la chute de <strong>Geraint Thomas<\/strong>, le vainqueur sortant. \u00c0 130 km de l&rsquo;arriv\u00e9e, le Britannique go\u00fbtait au bitume, dans un virage vers la droite \u00e0 priori sans difficult\u00e9. Tomb\u00e9 seul, Thomas se relevait et pouvait repartir. C&rsquo;est la troisi\u00e8me chute sur ce Tour pour le co-leader de la formation Ineos.<\/p>\n<blockquote class=\"twitter-tweet\">\n<p dir=\"ltr\" lang=\"fr\">Geraint Thomas a chut\u00e9 pour la troisi\u00e8me fois dans cette \u00e9dition du Tour ! Le Gallois s&rsquo;est cependant relev\u00e9 sans probl\u00e8me <a href=\"https:\/\/twitter.com\/hashtag\/TDF2019?src=hash&amp;ref_src=twsrc%5Etfw\">#TDF2019<\/a><\/p>\n<p>Suivez le Tour en direct : <a href=\"https:\/\/t.co\/q9X8YZqaKC\">https:\/\/t.co\/q9X8YZqaKC<\/a> <a href=\"https:\/\/t.co\/1J1BE3ZNDz\">pic.twitter.com\/1J1BE3ZNDz<\/a><\/p>\n<p>\u2014 France tv sport (@francetvsport) <a href=\"https:\/\/twitter.com\/francetvsport\/status\/1153647334468857856?ref_src=twsrc%5Etfw\">July 23, 2019<\/a><\/p><\/blockquote>\n<p><script async src=\"https:\/\/platform.twitter.com\/widgets.js\" charset=\"utf-8\"><\/script><\/p>\n<p style=\"text-align: justify;\">Autre leader au sol, <strong>Jakob Fuglsang<\/strong> (Astana). D\u00e9j\u00e0 victime d&rsquo;une chute lors de la premi\u00e8re \u00e9tape \u00e0 Bruxelles, le double vainqueur du Dauphin\u00e9 chutait \u00e0 son tour \u00e0 Uz\u00e8s. Neuvi\u00e8me du g\u00e9n\u00e9ral au d\u00e9part de N\u00eemes, le Danois, visiblement touch\u00e9 \u00e0 la main gauche, mettait pied \u00e0 terre. Une mal\u00e9diction pour la t\u00eate d&rsquo;affiche de la formation kazakhe, puisque c&rsquo;est la deuxi\u00e8me qu&rsquo;il abandonne la Grande Boucle sur chute.<\/p>\n<h1 style=\"text-align: justify;\">Le doubl\u00e9 pour Ewan<\/h1>\n<p style=\"text-align: justify;\">Malgr\u00e9 une belle r\u00e9sistance dans le final, les cinq audacieux du jour \u00e9taient revus \u00e0 moins de trois kilom\u00e8tres de la ligne d&rsquo;arriv\u00e9e. Le sprint entre costauds \u00e9tait donc in\u00e9vitable. Bien emmen\u00e9 par le duo <strong>Morkov-Richeze<\/strong>, <strong>Elia Viviani<\/strong> \u00e9tait une nouvelle fois mis sur orbite. Mais comme \u00e0 Toulouse, l&rsquo;Australien <strong>Caleb Ewan<\/strong> se montrait le plus rapide un lendemain de journ\u00e9e de repos. Ce dernier devan\u00e7ait l&rsquo;Italien et <strong>Dylan Groenewegen<\/strong> (Jumbo-Visma). Le maillot vert <strong>Peter Sagan<\/strong> prend la quatri\u00e8me place.<\/p>\n<blockquote class=\"twitter-tweet\">\n<p dir=\"ltr\" lang=\"fr\">Deuxi\u00e8me victoire pour Caleb Ewan sur ce Tour au terme d&rsquo;un sprint massif men\u00e9 de main de ma\u00eetre par l&rsquo;Australien ! <a href=\"https:\/\/twitter.com\/hashtag\/TDF2019?src=hash&amp;ref_src=twsrc%5Etfw\">#TDF2019<\/a> <a href=\"https:\/\/t.co\/pXmFI62HmQ\">pic.twitter.com\/pXmFI62HmQ<\/a><\/p>\n<p>\u2014 France tv sport (@francetvsport) <a href=\"https:\/\/twitter.com\/francetvsport\/status\/1153690572214951936?ref_src=twsrc%5Etfw\">July 23, 2019<\/a><\/p><\/blockquote>\n<p><script async src=\"https:\/\/platform.twitter.com\/widgets.js\" charset=\"utf-8\"><\/script><\/p>\n<p style=\"text-align: justify;\"><strong><em>Dicodusport<br \/>\n<a href=\"https:\/\/www.facebook.com\/dicodusport\/\" target=\"_blank\" rel=\"noopener\"><img loading=\"lazy\" decoding=\"async\" class=\"alignnone wp-image-2909\" src=\"http:\/\/dicodusport.fr\/blog\/wp-content\/uploads\/2017\/07\/logo-facebook-150x150.png\" sizes=\"auto, (max-width: 40px) 100vw, 40px\" srcset=\"https:\/\/dicodusport.fr\/blog\/wp-content\/uploads\/2017\/07\/logo-facebook-150x150.png 150w, https:\/\/dicodusport.fr\/blog\/wp-content\/uploads\/2017\/07\/logo-facebook-300x300.png 300w, https:\/\/dicodusport.fr\/blog\/wp-content\/uploads\/2017\/07\/logo-facebook.png 400w\" alt=\"\" width=\"40\" height=\"40\" \/><\/a><a href=\"https:\/\/twitter.com\/dicodusport\" target=\"_blank\" rel=\"noopener\"><img loading=\"lazy\" decoding=\"async\" class=\"alignnone wp-image-2908\" src=\"http:\/\/dicodusport.fr\/blog\/wp-content\/uploads\/2017\/07\/logo-twitter-150x150.png\" alt=\"\" width=\"39\" height=\"39\" \/><\/a><\/em><\/strong><\/p>\n","protected":false},"excerpt":{"rendered":"<p>Tour de France &#8211; Caleb Ewan a remport\u00e9 la 16\u00e8me \u00e9tape au sprint ce mardi, \u00e0 N\u00eemes. L&rsquo;Australien d\u00e9croche son deuxi\u00e8me succ\u00e8s d&rsquo;\u00e9tape sur la Grande Boucle.<\/p>\n","protected":false},"author":4,"featured_media":43747,"comment_status":"open","ping_status":"closed","sticky":false,"template":"","format":"standard","meta":{"_acf_changed":false,"_daextam_enable_autolinks":"","footnotes":""},"categories":[2307,46995],"tags":[574,4335,24,1262],"class_list":["post-43725","post","type-post","status-publish","format-standard","has-post-thumbnail","hentry","category-cyclisme","category-tour-de-france","tag-cyclisme","tag-nimes","tag-sport","tag-tour-de-france"],"acf":[],"yoast_head":"<!-- This site is optimized with the Yoast SEO Premium plugin v26.7 (Yoast SEO v26.7) - https:\/\/yoast.com\/wordpress\/plugins\/seo\/ -->\n<title>Tour de France 2019 : Caleb Ewan d\u00e9croche une deuxi\u00e8me victoire \u00e0 N\u00eemes<\/title>\n<meta name=\"description\" content=\"Tour de France - Caleb Ewan a remport\u00e9 la 16\u00e8me \u00e9tape au sprint ce mardi, \u00e0 N\u00eemes. L&#039;Australien d\u00e9croche son deuxi\u00e8me succ\u00e8s d&#039;\u00e9tape sur la Grande Boucle.\" \/>\n<meta name=\"robots\" content=\"index, follow, max-snippet:-1, max-image-preview:large, max-video-preview:-1\" \/>\n<link rel=\"canonical\" href=\"https:\/\/dicodusport.fr\/blog\/tour-de-france-2019-caleb-ewan-decroche-une-deuxieme-victoire-a-nimes\/\" \/>\n<meta property=\"og:locale\" content=\"fr_FR\" \/>\n<meta property=\"og:type\" content=\"article\" \/>\n<meta property=\"og:title\" content=\"Tour de France 2019 : Caleb Ewan d\u00e9croche une deuxi\u00e8me victoire \u00e0 N\u00eemes\" \/>\n<meta property=\"og:description\" content=\"Tour de France - Caleb Ewan a remport\u00e9 la 16\u00e8me \u00e9tape au sprint ce mardi, \u00e0 N\u00eemes. L&#039;Australien d\u00e9croche son deuxi\u00e8me succ\u00e8s d&#039;\u00e9tape sur la Grande Boucle.\" \/>\n<meta property=\"og:url\" content=\"https:\/\/dicodusport.fr\/blog\/tour-de-france-2019-caleb-ewan-decroche-une-deuxieme-victoire-a-nimes\/\" \/>\n<meta property=\"og:site_name\" content=\"Dicodusport\" \/>\n<meta property=\"article:publisher\" content=\"https:\/\/www.facebook.com\/dicodusport\" \/>\n<meta property=\"article:author\" content=\"https:\/\/www.facebook.com\/florent.ostermann\" \/>\n<meta property=\"article:published_time\" content=\"2019-07-23T15:41:09+00:00\" \/>\n<meta property=\"article:modified_time\" content=\"2019-07-24T08:02:54+00:00\" \/>\n<meta property=\"og:image\" content=\"https:\/\/dicodusport.fr\/blog\/wp-content\/uploads\/2019\/07\/Caleb-Ewan-Nimes.png\" \/>\n\t<meta property=\"og:image:width\" content=\"800\" \/>\n\t<meta property=\"og:image:height\" content=\"445\" \/>\n\t<meta property=\"og:image:type\" content=\"image\/png\" \/>\n<meta name=\"author\" content=\"Flo Ostermann\" \/>\n<meta name=\"twitter:card\" content=\"summary_large_image\" \/>\n<meta name=\"twitter:title\" content=\"Tour de France 2019 : Caleb Ewan d\u00e9croche une deuxi\u00e8me victoire \u00e0 N\u00eemes\" \/>\n<meta name=\"twitter:creator\" content=\"@https:\/\/twitter.com\/FlOstermann\" \/>\n<meta name=\"twitter:site\" content=\"@dicodusport\" \/>\n<script type=\"application\/ld+json\" class=\"yoast-schema-graph\">{\"@context\":\"https:\/\/schema.org\",\"@graph\":[{\"@type\":\"NewsArticle\",\"@id\":\"https:\/\/dicodusport.fr\/blog\/tour-de-france-2019-caleb-ewan-decroche-une-deuxieme-victoire-a-nimes\/#article\",\"isPartOf\":{\"@id\":\"https:\/\/dicodusport.fr\/blog\/tour-de-france-2019-caleb-ewan-decroche-une-deuxieme-victoire-a-nimes\/\"},\"author\":{\"name\":\"Flo Ostermann\",\"@id\":\"https:\/\/dicodusport.fr\/blog\/#\/schema\/person\/cb02af4c173ce4a653b55e9baf388d4a\"},\"headline\":\"Tour de France 2019 : Caleb Ewan d\u00e9croche une deuxi\u00e8me victoire \u00e0 N\u00eemes\",\"datePublished\":\"2019-07-23T15:41:09+00:00\",\"dateModified\":\"2019-07-24T08:02:54+00:00\",\"mainEntityOfPage\":{\"@id\":\"https:\/\/dicodusport.fr\/blog\/tour-de-france-2019-caleb-ewan-decroche-une-deuxieme-victoire-a-nimes\/\"},\"wordCount\":457,\"commentCount\":0,\"publisher\":{\"@id\":\"https:\/\/dicodusport.fr\/blog\/#organization\"},\"image\":{\"@id\":\"https:\/\/dicodusport.fr\/blog\/tour-de-france-2019-caleb-ewan-decroche-une-deuxieme-victoire-a-nimes\/#primaryimage\"},\"thumbnailUrl\":\"https:\/\/dicodusport.fr\/blog\/wp-content\/uploads\/2019\/07\/Caleb-Ewan-Nimes.png\",\"keywords\":[\"Cyclisme\",\"N\u00eemes\",\"sport\",\"Tour de France\"],\"articleSection\":[\"Cyclisme\",\"Tour de France\"],\"inLanguage\":\"fr-FR\",\"potentialAction\":[{\"@type\":\"CommentAction\",\"name\":\"Comment\",\"target\":[\"https:\/\/dicodusport.fr\/blog\/tour-de-france-2019-caleb-ewan-decroche-une-deuxieme-victoire-a-nimes\/#respond\"]}],\"copyrightYear\":\"2019\",\"copyrightHolder\":{\"@id\":\"https:\/\/dicodusport.fr\/blog\/#organization\"}},{\"@type\":\"WebPage\",\"@id\":\"https:\/\/dicodusport.fr\/blog\/tour-de-france-2019-caleb-ewan-decroche-une-deuxieme-victoire-a-nimes\/\",\"url\":\"https:\/\/dicodusport.fr\/blog\/tour-de-france-2019-caleb-ewan-decroche-une-deuxieme-victoire-a-nimes\/\",\"name\":\"Tour de France 2019 : Caleb Ewan d\u00e9croche une deuxi\u00e8me victoire \u00e0 N\u00eemes\",\"isPartOf\":{\"@id\":\"https:\/\/dicodusport.fr\/blog\/#website\"},\"primaryImageOfPage\":{\"@id\":\"https:\/\/dicodusport.fr\/blog\/tour-de-france-2019-caleb-ewan-decroche-une-deuxieme-victoire-a-nimes\/#primaryimage\"},\"image\":{\"@id\":\"https:\/\/dicodusport.fr\/blog\/tour-de-france-2019-caleb-ewan-decroche-une-deuxieme-victoire-a-nimes\/#primaryimage\"},\"thumbnailUrl\":\"https:\/\/dicodusport.fr\/blog\/wp-content\/uploads\/2019\/07\/Caleb-Ewan-Nimes.png\",\"datePublished\":\"2019-07-23T15:41:09+00:00\",\"dateModified\":\"2019-07-24T08:02:54+00:00\",\"description\":\"Tour de France - Caleb Ewan a remport\u00e9 la 16\u00e8me \u00e9tape au sprint ce mardi, \u00e0 N\u00eemes. L'Australien d\u00e9croche son deuxi\u00e8me succ\u00e8s d'\u00e9tape sur la Grande Boucle.\",\"breadcrumb\":{\"@id\":\"https:\/\/dicodusport.fr\/blog\/tour-de-france-2019-caleb-ewan-decroche-une-deuxieme-victoire-a-nimes\/#breadcrumb\"},\"inLanguage\":\"fr-FR\",\"potentialAction\":[{\"@type\":\"ReadAction\",\"target\":[\"https:\/\/dicodusport.fr\/blog\/tour-de-france-2019-caleb-ewan-decroche-une-deuxieme-victoire-a-nimes\/\"]}]},{\"@type\":\"ImageObject\",\"inLanguage\":\"fr-FR\",\"@id\":\"https:\/\/dicodusport.fr\/blog\/tour-de-france-2019-caleb-ewan-decroche-une-deuxieme-victoire-a-nimes\/#primaryimage\",\"url\":\"https:\/\/dicodusport.fr\/blog\/wp-content\/uploads\/2019\/07\/Caleb-Ewan-Nimes.png\",\"contentUrl\":\"https:\/\/dicodusport.fr\/blog\/wp-content\/uploads\/2019\/07\/Caleb-Ewan-Nimes.png\",\"width\":800,\"height\":445},{\"@type\":\"BreadcrumbList\",\"@id\":\"https:\/\/dicodusport.fr\/blog\/tour-de-france-2019-caleb-ewan-decroche-une-deuxieme-victoire-a-nimes\/#breadcrumb\",\"itemListElement\":[{\"@type\":\"ListItem\",\"position\":1,\"name\":\"Accueil\",\"item\":\"https:\/\/dicodusport.fr\/blog\/\"},{\"@type\":\"ListItem\",\"position\":2,\"name\":\"Tour de France 2019 : Caleb Ewan d\u00e9croche une deuxi\u00e8me victoire \u00e0 N\u00eemes\"}]},{\"@type\":\"WebSite\",\"@id\":\"https:\/\/dicodusport.fr\/blog\/#website\",\"url\":\"https:\/\/dicodusport.fr\/blog\/\",\"name\":\"Dicodusport\",\"description\":\"L&#039;encyclop\u00e9die de l&#039;actualit\u00e9 sportive\",\"publisher\":{\"@id\":\"https:\/\/dicodusport.fr\/blog\/#organization\"},\"potentialAction\":[{\"@type\":\"SearchAction\",\"target\":{\"@type\":\"EntryPoint\",\"urlTemplate\":\"https:\/\/dicodusport.fr\/blog\/?s={search_term_string}\"},\"query-input\":{\"@type\":\"PropertyValueSpecification\",\"valueRequired\":true,\"valueName\":\"search_term_string\"}}],\"inLanguage\":\"fr-FR\"},{\"@type\":\"NewsMediaOrganization\",\"@id\":\"https:\/\/dicodusport.fr\/blog\/#organization\",\"name\":\"Dicodusport\",\"url\":\"https:\/\/dicodusport.fr\/blog\/\",\"logo\":{\"@type\":\"ImageObject\",\"inLanguage\":\"fr-FR\",\"@id\":\"https:\/\/dicodusport.fr\/blog\/#\/schema\/logo\/image\/\",\"url\":\"https:\/\/dicodusport.fr\/blog\/wp-content\/uploads\/2020\/06\/cropped-LOGO-DICODUSPORT-2020-SANS-FOND-SANS-TEXTE.png\",\"contentUrl\":\"https:\/\/dicodusport.fr\/blog\/wp-content\/uploads\/2020\/06\/cropped-LOGO-DICODUSPORT-2020-SANS-FOND-SANS-TEXTE.png\",\"width\":512,\"height\":512,\"caption\":\"Dicodusport\"},\"image\":{\"@id\":\"https:\/\/dicodusport.fr\/blog\/#\/schema\/logo\/image\/\"},\"sameAs\":[\"https:\/\/www.facebook.com\/dicodusport\",\"https:\/\/x.com\/dicodusport\",\"https:\/\/www.instagram.com\/dicodusport\/\",\"https:\/\/www.youtube.com\/channel\/UC7V2KZ5sd3htJivAbA4ZG3w\"],\"description\":\"Dicodusport est l'encyclop\u00e9die de l'actualit\u00e9 sportive.\",\"email\":\"bonjour@dicodusport.fr\",\"legalName\":\"DICODUSPORT\",\"foundingDate\":\"2018-01-14\",\"vatID\":\"FR71834470973\",\"taxID\":\"83447097300043\",\"numberOfEmployees\":{\"@type\":\"QuantitativeValue\",\"minValue\":\"1\",\"maxValue\":\"10\"}},{\"@type\":\"Person\",\"@id\":\"https:\/\/dicodusport.fr\/blog\/#\/schema\/person\/cb02af4c173ce4a653b55e9baf388d4a\",\"name\":\"Flo Ostermann\",\"image\":{\"@type\":\"ImageObject\",\"inLanguage\":\"fr-FR\",\"@id\":\"https:\/\/dicodusport.fr\/blog\/#\/schema\/person\/image\/\",\"url\":\"https:\/\/dicodusport.fr\/blog\/wp-content\/uploads\/2021\/05\/Flo-Ostermann-150x150.jpg\",\"contentUrl\":\"https:\/\/dicodusport.fr\/blog\/wp-content\/uploads\/2021\/05\/Flo-Ostermann-150x150.jpg\",\"caption\":\"Flo Ostermann\"},\"description\":\"Journaliste\/R\u00e9dacteur depuis septembre 2015 - Mes premiers souvenirs dans le sport ? Les envol\u00e9es du Stade Toulousain et les duels Villeneuve-Schumacher et H\u00e4kkinen-Schumacher \u00e0 la fin des ann\u00e9es 90, la Coupe du monde de football en 1998, l\u2019exploit du XV de France face aux All Blacks en 1999, mais aussi Richard C\u0153ur de Lion qui vole sur les montagnes du Tour de France. Bien parti pour devenir professeur d\u2019EPS, les \u00e9v\u00e9nements de la vie (et la flemme d\u2019animer des s\u00e9ances de 3x500 m\u00e8tres toute ma vie) m\u2019ont conduit \u00e0 revoir mes plans. Me voil\u00e0 depuis fin 2017 sur Dicodusport, m\u00e9dia gr\u00e2ce (et pour) lequel je partage ma passion : le sport dans tous ses \u00e9tats. Le tout accompagn\u00e9 par les fous furieux et folles furieuses cit\u00e9s sur cette page !\",\"sameAs\":[\"https:\/\/www.facebook.com\/florent.ostermann\",\"https:\/\/x.com\/https:\/\/twitter.com\/FlOstermann\",\"admin\"],\"url\":\"https:\/\/dicodusport.fr\/blog\/author\/flo\/\"}]}<\/script>\n<!-- \/ Yoast SEO Premium plugin. -->","yoast_head_json":{"title":"Tour de France 2019 : Caleb Ewan d\u00e9croche une deuxi\u00e8me victoire \u00e0 N\u00eemes","description":"Tour de France - Caleb Ewan a remport\u00e9 la 16\u00e8me \u00e9tape au sprint ce mardi, \u00e0 N\u00eemes. L'Australien d\u00e9croche son deuxi\u00e8me succ\u00e8s d'\u00e9tape sur la Grande Boucle.","robots":{"index":"index","follow":"follow","max-snippet":"max-snippet:-1","max-image-preview":"max-image-preview:large","max-video-preview":"max-video-preview:-1"},"canonical":"https:\/\/dicodusport.fr\/blog\/tour-de-france-2019-caleb-ewan-decroche-une-deuxieme-victoire-a-nimes\/","og_locale":"fr_FR","og_type":"article","og_title":"Tour de France 2019 : Caleb Ewan d\u00e9croche une deuxi\u00e8me victoire \u00e0 N\u00eemes","og_description":"Tour de France - Caleb Ewan a remport\u00e9 la 16\u00e8me \u00e9tape au sprint ce mardi, \u00e0 N\u00eemes. L'Australien d\u00e9croche son deuxi\u00e8me succ\u00e8s d'\u00e9tape sur la Grande Boucle.","og_url":"https:\/\/dicodusport.fr\/blog\/tour-de-france-2019-caleb-ewan-decroche-une-deuxieme-victoire-a-nimes\/","og_site_name":"Dicodusport","article_publisher":"https:\/\/www.facebook.com\/dicodusport","article_author":"https:\/\/www.facebook.com\/florent.ostermann","article_published_time":"2019-07-23T15:41:09+00:00","article_modified_time":"2019-07-24T08:02:54+00:00","og_image":[{"width":800,"height":445,"url":"https:\/\/dicodusport.fr\/blog\/wp-content\/uploads\/2019\/07\/Caleb-Ewan-Nimes.png","type":"image\/png"}],"author":"Flo Ostermann","twitter_card":"summary_large_image","twitter_title":"Tour de France 2019 : Caleb Ewan d\u00e9croche une deuxi\u00e8me victoire \u00e0 N\u00eemes","twitter_creator":"@https:\/\/twitter.com\/FlOstermann","twitter_site":"@dicodusport","schema":{"@context":"https:\/\/schema.org","@graph":[{"@type":"NewsArticle","@id":"https:\/\/dicodusport.fr\/blog\/tour-de-france-2019-caleb-ewan-decroche-une-deuxieme-victoire-a-nimes\/#article","isPartOf":{"@id":"https:\/\/dicodusport.fr\/blog\/tour-de-france-2019-caleb-ewan-decroche-une-deuxieme-victoire-a-nimes\/"},"author":{"name":"Flo Ostermann","@id":"https:\/\/dicodusport.fr\/blog\/#\/schema\/person\/cb02af4c173ce4a653b55e9baf388d4a"},"headline":"Tour de France 2019 : Caleb Ewan d\u00e9croche une deuxi\u00e8me victoire \u00e0 N\u00eemes","datePublished":"2019-07-23T15:41:09+00:00","dateModified":"2019-07-24T08:02:54+00:00","mainEntityOfPage":{"@id":"https:\/\/dicodusport.fr\/blog\/tour-de-france-2019-caleb-ewan-decroche-une-deuxieme-victoire-a-nimes\/"},"wordCount":457,"commentCount":0,"publisher":{"@id":"https:\/\/dicodusport.fr\/blog\/#organization"},"image":{"@id":"https:\/\/dicodusport.fr\/blog\/tour-de-france-2019-caleb-ewan-decroche-une-deuxieme-victoire-a-nimes\/#primaryimage"},"thumbnailUrl":"https:\/\/dicodusport.fr\/blog\/wp-content\/uploads\/2019\/07\/Caleb-Ewan-Nimes.png","keywords":["Cyclisme","N\u00eemes","sport","Tour de France"],"articleSection":["Cyclisme","Tour de France"],"inLanguage":"fr-FR","potentialAction":[{"@type":"CommentAction","name":"Comment","target":["https:\/\/dicodusport.fr\/blog\/tour-de-france-2019-caleb-ewan-decroche-une-deuxieme-victoire-a-nimes\/#respond"]}],"copyrightYear":"2019","copyrightHolder":{"@id":"https:\/\/dicodusport.fr\/blog\/#organization"}},{"@type":"WebPage","@id":"https:\/\/dicodusport.fr\/blog\/tour-de-france-2019-caleb-ewan-decroche-une-deuxieme-victoire-a-nimes\/","url":"https:\/\/dicodusport.fr\/blog\/tour-de-france-2019-caleb-ewan-decroche-une-deuxieme-victoire-a-nimes\/","name":"Tour de France 2019 : Caleb Ewan d\u00e9croche une deuxi\u00e8me victoire \u00e0 N\u00eemes","isPartOf":{"@id":"https:\/\/dicodusport.fr\/blog\/#website"},"primaryImageOfPage":{"@id":"https:\/\/dicodusport.fr\/blog\/tour-de-france-2019-caleb-ewan-decroche-une-deuxieme-victoire-a-nimes\/#primaryimage"},"image":{"@id":"https:\/\/dicodusport.fr\/blog\/tour-de-france-2019-caleb-ewan-decroche-une-deuxieme-victoire-a-nimes\/#primaryimage"},"thumbnailUrl":"https:\/\/dicodusport.fr\/blog\/wp-content\/uploads\/2019\/07\/Caleb-Ewan-Nimes.png","datePublished":"2019-07-23T15:41:09+00:00","dateModified":"2019-07-24T08:02:54+00:00","description":"Tour de France - Caleb Ewan a remport\u00e9 la 16\u00e8me \u00e9tape au sprint ce mardi, \u00e0 N\u00eemes. L'Australien d\u00e9croche son deuxi\u00e8me succ\u00e8s d'\u00e9tape sur la Grande Boucle.","breadcrumb":{"@id":"https:\/\/dicodusport.fr\/blog\/tour-de-france-2019-caleb-ewan-decroche-une-deuxieme-victoire-a-nimes\/#breadcrumb"},"inLanguage":"fr-FR","potentialAction":[{"@type":"ReadAction","target":["https:\/\/dicodusport.fr\/blog\/tour-de-france-2019-caleb-ewan-decroche-une-deuxieme-victoire-a-nimes\/"]}]},{"@type":"ImageObject","inLanguage":"fr-FR","@id":"https:\/\/dicodusport.fr\/blog\/tour-de-france-2019-caleb-ewan-decroche-une-deuxieme-victoire-a-nimes\/#primaryimage","url":"https:\/\/dicodusport.fr\/blog\/wp-content\/uploads\/2019\/07\/Caleb-Ewan-Nimes.png","contentUrl":"https:\/\/dicodusport.fr\/blog\/wp-content\/uploads\/2019\/07\/Caleb-Ewan-Nimes.png","width":800,"height":445},{"@type":"BreadcrumbList","@id":"https:\/\/dicodusport.fr\/blog\/tour-de-france-2019-caleb-ewan-decroche-une-deuxieme-victoire-a-nimes\/#breadcrumb","itemListElement":[{"@type":"ListItem","position":1,"name":"Accueil","item":"https:\/\/dicodusport.fr\/blog\/"},{"@type":"ListItem","position":2,"name":"Tour de France 2019 : Caleb Ewan d\u00e9croche une deuxi\u00e8me victoire \u00e0 N\u00eemes"}]},{"@type":"WebSite","@id":"https:\/\/dicodusport.fr\/blog\/#website","url":"https:\/\/dicodusport.fr\/blog\/","name":"Dicodusport","description":"L&#039;encyclop\u00e9die de l&#039;actualit\u00e9 sportive","publisher":{"@id":"https:\/\/dicodusport.fr\/blog\/#organization"},"potentialAction":[{"@type":"SearchAction","target":{"@type":"EntryPoint","urlTemplate":"https:\/\/dicodusport.fr\/blog\/?s={search_term_string}"},"query-input":{"@type":"PropertyValueSpecification","valueRequired":true,"valueName":"search_term_string"}}],"inLanguage":"fr-FR"},{"@type":"NewsMediaOrganization","@id":"https:\/\/dicodusport.fr\/blog\/#organization","name":"Dicodusport","url":"https:\/\/dicodusport.fr\/blog\/","logo":{"@type":"ImageObject","inLanguage":"fr-FR","@id":"https:\/\/dicodusport.fr\/blog\/#\/schema\/logo\/image\/","url":"https:\/\/dicodusport.fr\/blog\/wp-content\/uploads\/2020\/06\/cropped-LOGO-DICODUSPORT-2020-SANS-FOND-SANS-TEXTE.png","contentUrl":"https:\/\/dicodusport.fr\/blog\/wp-content\/uploads\/2020\/06\/cropped-LOGO-DICODUSPORT-2020-SANS-FOND-SANS-TEXTE.png","width":512,"height":512,"caption":"Dicodusport"},"image":{"@id":"https:\/\/dicodusport.fr\/blog\/#\/schema\/logo\/image\/"},"sameAs":["https:\/\/www.facebook.com\/dicodusport","https:\/\/x.com\/dicodusport","https:\/\/www.instagram.com\/dicodusport\/","https:\/\/www.youtube.com\/channel\/UC7V2KZ5sd3htJivAbA4ZG3w"],"description":"Dicodusport est l'encyclop\u00e9die de l'actualit\u00e9 sportive.","email":"bonjour@dicodusport.fr","legalName":"DICODUSPORT","foundingDate":"2018-01-14","vatID":"FR71834470973","taxID":"83447097300043","numberOfEmployees":{"@type":"QuantitativeValue","minValue":"1","maxValue":"10"}},{"@type":"Person","@id":"https:\/\/dicodusport.fr\/blog\/#\/schema\/person\/cb02af4c173ce4a653b55e9baf388d4a","name":"Flo Ostermann","image":{"@type":"ImageObject","inLanguage":"fr-FR","@id":"https:\/\/dicodusport.fr\/blog\/#\/schema\/person\/image\/","url":"https:\/\/dicodusport.fr\/blog\/wp-content\/uploads\/2021\/05\/Flo-Ostermann-150x150.jpg","contentUrl":"https:\/\/dicodusport.fr\/blog\/wp-content\/uploads\/2021\/05\/Flo-Ostermann-150x150.jpg","caption":"Flo Ostermann"},"description":"Journaliste\/R\u00e9dacteur depuis septembre 2015 - Mes premiers souvenirs dans le sport ? Les envol\u00e9es du Stade Toulousain et les duels Villeneuve-Schumacher et H\u00e4kkinen-Schumacher \u00e0 la fin des ann\u00e9es 90, la Coupe du monde de football en 1998, l\u2019exploit du XV de France face aux All Blacks en 1999, mais aussi Richard C\u0153ur de Lion qui vole sur les montagnes du Tour de France. Bien parti pour devenir professeur d\u2019EPS, les \u00e9v\u00e9nements de la vie (et la flemme d\u2019animer des s\u00e9ances de 3x500 m\u00e8tres toute ma vie) m\u2019ont conduit \u00e0 revoir mes plans. Me voil\u00e0 depuis fin 2017 sur Dicodusport, m\u00e9dia gr\u00e2ce (et pour) lequel je partage ma passion : le sport dans tous ses \u00e9tats. Le tout accompagn\u00e9 par les fous furieux et folles furieuses cit\u00e9s sur cette page !","sameAs":["https:\/\/www.facebook.com\/florent.ostermann","https:\/\/x.com\/https:\/\/twitter.com\/FlOstermann","admin"],"url":"https:\/\/dicodusport.fr\/blog\/author\/flo\/"}]}},"_links":{"self":[{"href":"https:\/\/dicodusport.fr\/blog\/wp-json\/wp\/v2\/posts\/43725","targetHints":{"allow":["GET"]}}],"collection":[{"href":"https:\/\/dicodusport.fr\/blog\/wp-json\/wp\/v2\/posts"}],"about":[{"href":"https:\/\/dicodusport.fr\/blog\/wp-json\/wp\/v2\/types\/post"}],"author":[{"embeddable":true,"href":"https:\/\/dicodusport.fr\/blog\/wp-json\/wp\/v2\/users\/4"}],"replies":[{"embeddable":true,"href":"https:\/\/dicodusport.fr\/blog\/wp-json\/wp\/v2\/comments?post=43725"}],"version-history":[{"count":0,"href":"https:\/\/dicodusport.fr\/blog\/wp-json\/wp\/v2\/posts\/43725\/revisions"}],"wp:featuredmedia":[{"embeddable":true,"href":"https:\/\/dicodusport.fr\/blog\/wp-json\/wp\/v2\/media\/43747"}],"wp:attachment":[{"href":"https:\/\/dicodusport.fr\/blog\/wp-json\/wp\/v2\/media?parent=43725"}],"wp:term":[{"taxonomy":"category","embeddable":true,"href":"https:\/\/dicodusport.fr\/blog\/wp-json\/wp\/v2\/categories?post=43725"},{"taxonomy":"post_tag","embeddable":true,"href":"https:\/\/dicodusport.fr\/blog\/wp-json\/wp\/v2\/tags?post=43725"}],"curies":[{"name":"wp","href":"https:\/\/api.w.org\/{rel}","templated":true}]}}