{"id":437272,"date":"2023-11-15T07:45:15","date_gmt":"2023-11-15T06:45:15","guid":{"rendered":"https:\/\/dicodusport.fr\/blog\/?p=437272&#038;preview=true&#038;preview_id=437272"},"modified":"2023-11-16T17:14:43","modified_gmt":"2023-11-16T16:14:43","slug":"transferts-lasm-clermont-va-se-separer-de-plusieurs-joueurs-en-fin-de-saison","status":"publish","type":"post","link":"https:\/\/dicodusport.fr\/blog\/transferts-lasm-clermont-va-se-separer-de-plusieurs-joueurs-en-fin-de-saison\/","title":{"rendered":"Transferts : L&rsquo;ASM Clermont va se s\u00e9parer de plusieurs joueurs en fin de saison"},"content":{"rendered":"<p style=\"text-align: justify;\"><strong><em>TOP 14 2023-2024 &#8211; L&rsquo;ASM Clermont va se s\u00e9parer de plusieurs joueurs en fin de saison, m\u00eame si pour certains, leur avenir n&rsquo;est pas encore tranch\u00e9.\u00a0<\/em><\/strong><\/p>\n<ul>\n<li style=\"text-align: justify;\"><strong>\u00c0 lire aussi &#8211; <a href=\"https:\/\/dicodusport.fr\/blog\/transferts-lasm-clermont-a-tranche-lavenir-de-yohan-beheregaray-et-benjamin-boudou\/\">Transferts : L\u2019ASM Clermont a tranch\u00e9 l\u2019avenir de Yohan Beheregaray et Benjamin Boudou<\/a><\/strong><\/li>\n<\/ul>\n<p style=\"text-align: justify;\">Le club auvergnat travaille sur ses fins de contrat depuis plusieurs semaines et a d\u00e9j\u00e0 officiellement s\u00e9curis\u00e9 plusieurs prolongations. On peut notamment citer les nouveaux contrats sign\u00e9s par plusieurs cadres comme <a href=\"https:\/\/dicodusport.fr\/blog\/transferts-asm-clermont-lucas-dessaigne-scelle-son-avenir\/\"><strong>Alivereti Raka<\/strong><\/a>, <strong>Irae<\/strong> <strong>Simone<\/strong>,\u00a0<strong>Alex<\/strong> <strong>Newsome et<\/strong>\u00a0<a href=\"https:\/\/dicodusport.fr\/blog\/transferts-asm-clermont-sebastien-bezy-a-tranche-pour-son-avenir\/\"><strong>S\u00e9bastien <\/strong><strong>B\u00e9zy<\/strong><\/a><strong>. <\/strong>Pour d&rsquo;autres, comme <strong>Benjamin Urdapilleta, George Moala, Killian Tixeront <\/strong>et <strong>Julien H\u00e9riteau, l&rsquo;ASM Clermont <\/strong>est en discussions pour un nouveau bail.<\/p>\n<ul style=\"text-align: justify;\">\n<li style=\"text-align: justify;\"><strong>\u00c0 lire aussi &#8211; <a href=\"https:\/\/dicodusport.fr\/blog\/transferts-lasm-clermont-a-tranche-lavenir-de-jules-plisson-et-benjamin-urdapilleta\/\" target=\"_blank\" rel=\"noopener\">Transferts : L\u2019ASM Clermont a tranch\u00e9 l\u2019avenir de Jules Plisson et Benjamin Urdapilleta<\/a><\/strong><\/li>\n<\/ul>\n<h2 style=\"text-align: justify;\">Plisson, O&rsquo;Connor et Lavanini vers la sortie<\/h2>\n<p style=\"text-align: justify;\">Pour d&rsquo;autres, la saison 2023-2024 devrait \u00eatre la derni\u00e8re \u00e0 l&rsquo;<strong>ASM Clermont<\/strong>. <strong>Jules<\/strong> <strong>Plisson<\/strong> ne devrait pas recevoir de nouveau contrat apr\u00e8s avoir \u00e9t\u00e9 d\u00e9cevant depuis son arriv\u00e9e. Aussi, <strong>Marvin<\/strong> <strong>O&rsquo;Connor<\/strong> faisait partie des joueurs qui pouvaient quitter l&rsquo;<strong>Auvergne<\/strong> l&rsquo;\u00e9t\u00e9 dernier un an avant la fin de leur contrat, mais l&rsquo;ailier n&rsquo;a pas trouv\u00e9 de porte de sortie. Il ne sera pas conserv\u00e9 par le club.<\/p>\n<p style=\"text-align: justify;\">Devant,<strong> Tomas<\/strong> <strong>Lavanini<\/strong> a longtemps \u00e9t\u00e9 dans l&rsquo;incertitude \u00e0 la fin de la saison 2022-2023, mais a finalement prolong\u00e9 d&rsquo;une saison. L&rsquo;international argentin n&rsquo;est pour le moment pas parti pour prolonger. L&rsquo;<strong>ASM Clermont<\/strong> lui a d\u00e9j\u00e0 trouv\u00e9 des rempla\u00e7ants avec les signatures d&rsquo;<strong>Oskar Rixen<\/strong> et <strong>Thomas Ceyte<\/strong>. La signature de Barnab\u00e9 Massa au poste de talonneur devrait pousser <strong>Benjamin<\/strong> <strong>Boudou<\/strong> et\/ou <strong>Yohan<\/strong> <strong>Beheregaray<\/strong>. Aucun des deux joueurs n&rsquo;a re\u00e7u une offre de prolongation, et au moins un des deux devrait quitter le club.<\/p>\n<ul>\n<li><strong>\u00c0 lire aussi &#8211; <a href=\"https:\/\/dicodusport.fr\/blog\/transferts-lasm-clermont-accelere-pour-george-moala-et-killian-tixeront\/\" target=\"_blank\" rel=\"noopener\">Transferts : L\u2019ASM Clermont acc\u00e9l\u00e8re pour George Moala et Killian Tixeront<\/a><\/strong><\/li>\n<\/ul>\n<p style=\"text-align: justify;\">Enfin, le cas de certains joueurs n&rsquo;est pas tranch\u00e9 et le sera dans les prochains jours. <strong>Rabah<\/strong> <strong>Slimani<\/strong> semblait parti pour rempiler une saison de plus, mais l&rsquo;arriv\u00e9e probable de <strong>R\u00e9gis<\/strong> <strong>Montagne<\/strong> pourrait rebattre les cartes. <strong>Giorgi<\/strong> <strong>Beria<\/strong> et <strong>Fritz<\/strong> <strong>Lee<\/strong> sont aussi dans l&rsquo;attente d&rsquo;une d\u00e9cision de l&rsquo;<strong>ASM Clermont<\/strong>.<\/p>\n<blockquote class=\"twitter-tweet\">\n<p dir=\"ltr\" lang=\"fr\">Apr\u00e8s la belle victoire de Clermont \u00e0 Montpellier, Christophe Urios et les dirigeants auvergnats vont trancher le sort de plusieurs joueurs en fin de contrat cette semaine. Onze clermontois sont concern\u00e9s.<a href=\"https:\/\/t.co\/zlXDv6Uogx\">https:\/\/t.co\/zlXDv6Uogx<\/a><\/p>\n<p>\u2014 RUGBYRAMA (@RugbyramaFR) <a href=\"https:\/\/twitter.com\/RugbyramaFR\/status\/1724416312493896003?ref_src=twsrc%5Etfw\">November 14, 2023<\/a><\/p><\/blockquote>\n<p style=\"text-align: justify;\"><script async src=\"https:\/\/platform.twitter.com\/widgets.js\" charset=\"utf-8\"><\/script><\/p>\n","protected":false},"excerpt":{"rendered":"<p>TOP 14 2023-2024 &#8211; L&rsquo;ASM Clermont va se s\u00e9parer de plusieurs joueurs en fin de saison, m\u00eame si pour certains, leur avenir n&rsquo;est pas encore tranch\u00e9.\u00a0<\/p>\n","protected":false},"author":1,"featured_media":437273,"comment_status":"open","ping_status":"closed","sticky":false,"template":"","format":"standard","meta":{"_acf_changed":false,"_daextam_enable_autolinks":"1","footnotes":""},"categories":[9129,47050],"tags":[1208,16878,29842],"class_list":["post-437272","post","type-post","status-publish","format-standard","has-post-thumbnail","hentry","category-rugby-a-xv","category-top-14","tag-asm-clermont","tag-breve","tag-tomas-lavanini"],"acf":[],"yoast_head":"<!-- This site is optimized with the Yoast SEO Premium plugin v26.7 (Yoast SEO v26.7) - https:\/\/yoast.com\/wordpress\/plugins\/seo\/ -->\n<title>Transferts : L&#039;ASM Clermont va se s\u00e9parer de plusieurs joueurs en fin de saison<\/title>\n<meta name=\"description\" content=\"TOP 14 2023-2024 - L&#039;ASM Clermont va se s\u00e9parer de plusieurs joueurs en fin de saison m\u00eame si pour certains leur avenir n&#039;est pas encore tranch\u00e9.\u00a0\" \/>\n<meta name=\"robots\" content=\"index, follow, max-snippet:-1, max-image-preview:large, max-video-preview:-1\" \/>\n<link rel=\"canonical\" href=\"https:\/\/dicodusport.fr\/blog\/transferts-lasm-clermont-va-se-separer-de-plusieurs-joueurs-en-fin-de-saison\/\" \/>\n<meta property=\"og:locale\" content=\"fr_FR\" \/>\n<meta property=\"og:type\" content=\"article\" \/>\n<meta property=\"og:title\" content=\"Transferts : L&#039;ASM Clermont va se s\u00e9parer de plusieurs joueurs en fin de saison\" \/>\n<meta property=\"og:description\" content=\"TOP 14 2023-2024 - L&#039;ASM Clermont va se s\u00e9parer de plusieurs joueurs en fin de saison m\u00eame si pour certains leur avenir n&#039;est pas encore tranch\u00e9.\u00a0\" \/>\n<meta property=\"og:url\" content=\"https:\/\/dicodusport.fr\/blog\/transferts-lasm-clermont-va-se-separer-de-plusieurs-joueurs-en-fin-de-saison\/\" \/>\n<meta property=\"og:site_name\" content=\"Dicodusport\" \/>\n<meta property=\"article:publisher\" content=\"https:\/\/www.facebook.com\/dicodusport\" \/>\n<meta property=\"article:author\" content=\"https:\/\/www.facebook.com\/dicodusport\" \/>\n<meta property=\"article:published_time\" content=\"2023-11-15T06:45:15+00:00\" \/>\n<meta property=\"article:modified_time\" content=\"2023-11-16T16:14:43+00:00\" \/>\n<meta property=\"og:image\" content=\"https:\/\/dicodusport.fr\/blog\/wp-content\/uploads\/2023\/11\/Transferts-LASM-Clermont-va-se-separer-de-plusieurs-joueurs-en-fin-de-saison.png\" \/>\n\t<meta property=\"og:image:width\" content=\"800\" \/>\n\t<meta property=\"og:image:height\" content=\"445\" \/>\n\t<meta property=\"og:image:type\" content=\"image\/png\" \/>\n<meta name=\"author\" content=\"Nicolas Jacquemard\" \/>\n<meta name=\"twitter:card\" content=\"summary_large_image\" \/>\n<meta name=\"twitter:title\" content=\"Transferts : L&#039;ASM Clermont va se s\u00e9parer de plusieurs joueurs en fin de saison\" \/>\n<meta name=\"twitter:creator\" content=\"@https:\/\/twitter.com\/Nico_Jacquemard\" \/>\n<meta name=\"twitter:site\" content=\"@dicodusport\" \/>\n<script type=\"application\/ld+json\" class=\"yoast-schema-graph\">{\"@context\":\"https:\/\/schema.org\",\"@graph\":[{\"@type\":\"NewsArticle\",\"@id\":\"https:\/\/dicodusport.fr\/blog\/transferts-lasm-clermont-va-se-separer-de-plusieurs-joueurs-en-fin-de-saison\/#article\",\"isPartOf\":{\"@id\":\"https:\/\/dicodusport.fr\/blog\/transferts-lasm-clermont-va-se-separer-de-plusieurs-joueurs-en-fin-de-saison\/\"},\"author\":{\"name\":\"Nicolas Jacquemard\",\"@id\":\"https:\/\/dicodusport.fr\/blog\/#\/schema\/person\/55dcb50ad410894e431ed812bbb70191\"},\"headline\":\"Transferts : L&rsquo;ASM Clermont va se s\u00e9parer de plusieurs joueurs en fin de saison\",\"datePublished\":\"2023-11-15T06:45:15+00:00\",\"dateModified\":\"2023-11-16T16:14:43+00:00\",\"mainEntityOfPage\":{\"@id\":\"https:\/\/dicodusport.fr\/blog\/transferts-lasm-clermont-va-se-separer-de-plusieurs-joueurs-en-fin-de-saison\/\"},\"wordCount\":438,\"commentCount\":0,\"publisher\":{\"@id\":\"https:\/\/dicodusport.fr\/blog\/#organization\"},\"image\":{\"@id\":\"https:\/\/dicodusport.fr\/blog\/transferts-lasm-clermont-va-se-separer-de-plusieurs-joueurs-en-fin-de-saison\/#primaryimage\"},\"thumbnailUrl\":\"https:\/\/dicodusport.fr\/blog\/wp-content\/uploads\/2023\/11\/Transferts-LASM-Clermont-va-se-separer-de-plusieurs-joueurs-en-fin-de-saison.png\",\"keywords\":[\"ASM Clermont\",\"br\u00e8ve\",\"Tomas Lavanini\"],\"articleSection\":[\"Rugby \u00e0 XV\",\"Top 14\"],\"inLanguage\":\"fr-FR\",\"potentialAction\":[{\"@type\":\"CommentAction\",\"name\":\"Comment\",\"target\":[\"https:\/\/dicodusport.fr\/blog\/transferts-lasm-clermont-va-se-separer-de-plusieurs-joueurs-en-fin-de-saison\/#respond\"]}],\"copyrightYear\":\"2023\",\"copyrightHolder\":{\"@id\":\"https:\/\/dicodusport.fr\/blog\/#organization\"}},{\"@type\":\"WebPage\",\"@id\":\"https:\/\/dicodusport.fr\/blog\/transferts-lasm-clermont-va-se-separer-de-plusieurs-joueurs-en-fin-de-saison\/\",\"url\":\"https:\/\/dicodusport.fr\/blog\/transferts-lasm-clermont-va-se-separer-de-plusieurs-joueurs-en-fin-de-saison\/\",\"name\":\"Transferts : L'ASM Clermont va se s\u00e9parer de plusieurs joueurs en fin de saison\",\"isPartOf\":{\"@id\":\"https:\/\/dicodusport.fr\/blog\/#website\"},\"primaryImageOfPage\":{\"@id\":\"https:\/\/dicodusport.fr\/blog\/transferts-lasm-clermont-va-se-separer-de-plusieurs-joueurs-en-fin-de-saison\/#primaryimage\"},\"image\":{\"@id\":\"https:\/\/dicodusport.fr\/blog\/transferts-lasm-clermont-va-se-separer-de-plusieurs-joueurs-en-fin-de-saison\/#primaryimage\"},\"thumbnailUrl\":\"https:\/\/dicodusport.fr\/blog\/wp-content\/uploads\/2023\/11\/Transferts-LASM-Clermont-va-se-separer-de-plusieurs-joueurs-en-fin-de-saison.png\",\"datePublished\":\"2023-11-15T06:45:15+00:00\",\"dateModified\":\"2023-11-16T16:14:43+00:00\",\"description\":\"TOP 14 2023-2024 - L'ASM Clermont va se s\u00e9parer de plusieurs joueurs en fin de saison m\u00eame si pour certains leur avenir n'est pas encore tranch\u00e9.\u00a0\",\"breadcrumb\":{\"@id\":\"https:\/\/dicodusport.fr\/blog\/transferts-lasm-clermont-va-se-separer-de-plusieurs-joueurs-en-fin-de-saison\/#breadcrumb\"},\"inLanguage\":\"fr-FR\",\"potentialAction\":[{\"@type\":\"ReadAction\",\"target\":[\"https:\/\/dicodusport.fr\/blog\/transferts-lasm-clermont-va-se-separer-de-plusieurs-joueurs-en-fin-de-saison\/\"]}]},{\"@type\":\"ImageObject\",\"inLanguage\":\"fr-FR\",\"@id\":\"https:\/\/dicodusport.fr\/blog\/transferts-lasm-clermont-va-se-separer-de-plusieurs-joueurs-en-fin-de-saison\/#primaryimage\",\"url\":\"https:\/\/dicodusport.fr\/blog\/wp-content\/uploads\/2023\/11\/Transferts-LASM-Clermont-va-se-separer-de-plusieurs-joueurs-en-fin-de-saison.png\",\"contentUrl\":\"https:\/\/dicodusport.fr\/blog\/wp-content\/uploads\/2023\/11\/Transferts-LASM-Clermont-va-se-separer-de-plusieurs-joueurs-en-fin-de-saison.png\",\"width\":800,\"height\":445},{\"@type\":\"BreadcrumbList\",\"@id\":\"https:\/\/dicodusport.fr\/blog\/transferts-lasm-clermont-va-se-separer-de-plusieurs-joueurs-en-fin-de-saison\/#breadcrumb\",\"itemListElement\":[{\"@type\":\"ListItem\",\"position\":1,\"name\":\"Accueil\",\"item\":\"https:\/\/dicodusport.fr\/blog\/\"},{\"@type\":\"ListItem\",\"position\":2,\"name\":\"Transferts : L&rsquo;ASM Clermont va se s\u00e9parer de plusieurs joueurs en fin de saison\"}]},{\"@type\":\"WebSite\",\"@id\":\"https:\/\/dicodusport.fr\/blog\/#website\",\"url\":\"https:\/\/dicodusport.fr\/blog\/\",\"name\":\"Dicodusport\",\"description\":\"L&#039;encyclop\u00e9die de l&#039;actualit\u00e9 sportive\",\"publisher\":{\"@id\":\"https:\/\/dicodusport.fr\/blog\/#organization\"},\"potentialAction\":[{\"@type\":\"SearchAction\",\"target\":{\"@type\":\"EntryPoint\",\"urlTemplate\":\"https:\/\/dicodusport.fr\/blog\/?s={search_term_string}\"},\"query-input\":{\"@type\":\"PropertyValueSpecification\",\"valueRequired\":true,\"valueName\":\"search_term_string\"}}],\"inLanguage\":\"fr-FR\"},{\"@type\":\"NewsMediaOrganization\",\"@id\":\"https:\/\/dicodusport.fr\/blog\/#organization\",\"name\":\"Dicodusport\",\"url\":\"https:\/\/dicodusport.fr\/blog\/\",\"logo\":{\"@type\":\"ImageObject\",\"inLanguage\":\"fr-FR\",\"@id\":\"https:\/\/dicodusport.fr\/blog\/#\/schema\/logo\/image\/\",\"url\":\"https:\/\/dicodusport.fr\/blog\/wp-content\/uploads\/2020\/06\/cropped-LOGO-DICODUSPORT-2020-SANS-FOND-SANS-TEXTE.png\",\"contentUrl\":\"https:\/\/dicodusport.fr\/blog\/wp-content\/uploads\/2020\/06\/cropped-LOGO-DICODUSPORT-2020-SANS-FOND-SANS-TEXTE.png\",\"width\":512,\"height\":512,\"caption\":\"Dicodusport\"},\"image\":{\"@id\":\"https:\/\/dicodusport.fr\/blog\/#\/schema\/logo\/image\/\"},\"sameAs\":[\"https:\/\/www.facebook.com\/dicodusport\",\"https:\/\/x.com\/dicodusport\",\"https:\/\/www.instagram.com\/dicodusport\/\",\"https:\/\/www.youtube.com\/channel\/UC7V2KZ5sd3htJivAbA4ZG3w\"],\"description\":\"Dicodusport est l'encyclop\u00e9die de l'actualit\u00e9 sportive.\",\"email\":\"bonjour@dicodusport.fr\",\"legalName\":\"DICODUSPORT\",\"foundingDate\":\"2018-01-14\",\"vatID\":\"FR71834470973\",\"taxID\":\"83447097300043\",\"numberOfEmployees\":{\"@type\":\"QuantitativeValue\",\"minValue\":\"1\",\"maxValue\":\"10\"}},{\"@type\":\"Person\",\"@id\":\"https:\/\/dicodusport.fr\/blog\/#\/schema\/person\/55dcb50ad410894e431ed812bbb70191\",\"name\":\"Nicolas Jacquemard\",\"image\":{\"@type\":\"ImageObject\",\"inLanguage\":\"fr-FR\",\"@id\":\"https:\/\/dicodusport.fr\/blog\/#\/schema\/person\/image\/\",\"url\":\"https:\/\/dicodusport.fr\/blog\/wp-content\/uploads\/2021\/05\/Nicolas-Jacquemard-150x150.jpeg\",\"contentUrl\":\"https:\/\/dicodusport.fr\/blog\/wp-content\/uploads\/2021\/05\/Nicolas-Jacquemard-150x150.jpeg\",\"caption\":\"Nicolas Jacquemard\"},\"description\":\"Passionn\u00e9 de sport et entrepreneur depuis mes 18 ans, la cr\u00e9ation de Dicodusport m'a sembl\u00e9 \u00e9vidente pour participer \u00e0 la m\u00e9diatisation d'un plus grand nombre de sports. Le chemin est long mais avec une \u00e9quipe des plus motiv\u00e9es et les Jeux Olympiques de Paris 2024 en point de mire, nous y arriverons ! Journaliste dans le monde du sport depuis plus de 5 ans, je traite aussi bien de football, de rugby, de biathlon que de cyclisme.\",\"sameAs\":[\"https:\/\/www.facebook.com\/dicodusport\",\"https:\/\/x.com\/https:\/\/twitter.com\/Nico_Jacquemard\"],\"url\":\"https:\/\/dicodusport.fr\/blog\/author\/dicodusport\/\"}]}<\/script>\n<!-- \/ Yoast SEO Premium plugin. -->","yoast_head_json":{"title":"Transferts : L'ASM Clermont va se s\u00e9parer de plusieurs joueurs en fin de saison","description":"TOP 14 2023-2024 - L'ASM Clermont va se s\u00e9parer de plusieurs joueurs en fin de saison m\u00eame si pour certains leur avenir n'est pas encore tranch\u00e9.\u00a0","robots":{"index":"index","follow":"follow","max-snippet":"max-snippet:-1","max-image-preview":"max-image-preview:large","max-video-preview":"max-video-preview:-1"},"canonical":"https:\/\/dicodusport.fr\/blog\/transferts-lasm-clermont-va-se-separer-de-plusieurs-joueurs-en-fin-de-saison\/","og_locale":"fr_FR","og_type":"article","og_title":"Transferts : L'ASM Clermont va se s\u00e9parer de plusieurs joueurs en fin de saison","og_description":"TOP 14 2023-2024 - L'ASM Clermont va se s\u00e9parer de plusieurs joueurs en fin de saison m\u00eame si pour certains leur avenir n'est pas encore tranch\u00e9.\u00a0","og_url":"https:\/\/dicodusport.fr\/blog\/transferts-lasm-clermont-va-se-separer-de-plusieurs-joueurs-en-fin-de-saison\/","og_site_name":"Dicodusport","article_publisher":"https:\/\/www.facebook.com\/dicodusport","article_author":"https:\/\/www.facebook.com\/dicodusport","article_published_time":"2023-11-15T06:45:15+00:00","article_modified_time":"2023-11-16T16:14:43+00:00","og_image":[{"width":800,"height":445,"url":"https:\/\/dicodusport.fr\/blog\/wp-content\/uploads\/2023\/11\/Transferts-LASM-Clermont-va-se-separer-de-plusieurs-joueurs-en-fin-de-saison.png","type":"image\/png"}],"author":"Nicolas Jacquemard","twitter_card":"summary_large_image","twitter_title":"Transferts : L'ASM Clermont va se s\u00e9parer de plusieurs joueurs en fin de saison","twitter_creator":"@https:\/\/twitter.com\/Nico_Jacquemard","twitter_site":"@dicodusport","schema":{"@context":"https:\/\/schema.org","@graph":[{"@type":"NewsArticle","@id":"https:\/\/dicodusport.fr\/blog\/transferts-lasm-clermont-va-se-separer-de-plusieurs-joueurs-en-fin-de-saison\/#article","isPartOf":{"@id":"https:\/\/dicodusport.fr\/blog\/transferts-lasm-clermont-va-se-separer-de-plusieurs-joueurs-en-fin-de-saison\/"},"author":{"name":"Nicolas Jacquemard","@id":"https:\/\/dicodusport.fr\/blog\/#\/schema\/person\/55dcb50ad410894e431ed812bbb70191"},"headline":"Transferts : L&rsquo;ASM Clermont va se s\u00e9parer de plusieurs joueurs en fin de saison","datePublished":"2023-11-15T06:45:15+00:00","dateModified":"2023-11-16T16:14:43+00:00","mainEntityOfPage":{"@id":"https:\/\/dicodusport.fr\/blog\/transferts-lasm-clermont-va-se-separer-de-plusieurs-joueurs-en-fin-de-saison\/"},"wordCount":438,"commentCount":0,"publisher":{"@id":"https:\/\/dicodusport.fr\/blog\/#organization"},"image":{"@id":"https:\/\/dicodusport.fr\/blog\/transferts-lasm-clermont-va-se-separer-de-plusieurs-joueurs-en-fin-de-saison\/#primaryimage"},"thumbnailUrl":"https:\/\/dicodusport.fr\/blog\/wp-content\/uploads\/2023\/11\/Transferts-LASM-Clermont-va-se-separer-de-plusieurs-joueurs-en-fin-de-saison.png","keywords":["ASM Clermont","br\u00e8ve","Tomas Lavanini"],"articleSection":["Rugby \u00e0 XV","Top 14"],"inLanguage":"fr-FR","potentialAction":[{"@type":"CommentAction","name":"Comment","target":["https:\/\/dicodusport.fr\/blog\/transferts-lasm-clermont-va-se-separer-de-plusieurs-joueurs-en-fin-de-saison\/#respond"]}],"copyrightYear":"2023","copyrightHolder":{"@id":"https:\/\/dicodusport.fr\/blog\/#organization"}},{"@type":"WebPage","@id":"https:\/\/dicodusport.fr\/blog\/transferts-lasm-clermont-va-se-separer-de-plusieurs-joueurs-en-fin-de-saison\/","url":"https:\/\/dicodusport.fr\/blog\/transferts-lasm-clermont-va-se-separer-de-plusieurs-joueurs-en-fin-de-saison\/","name":"Transferts : L'ASM Clermont va se s\u00e9parer de plusieurs joueurs en fin de saison","isPartOf":{"@id":"https:\/\/dicodusport.fr\/blog\/#website"},"primaryImageOfPage":{"@id":"https:\/\/dicodusport.fr\/blog\/transferts-lasm-clermont-va-se-separer-de-plusieurs-joueurs-en-fin-de-saison\/#primaryimage"},"image":{"@id":"https:\/\/dicodusport.fr\/blog\/transferts-lasm-clermont-va-se-separer-de-plusieurs-joueurs-en-fin-de-saison\/#primaryimage"},"thumbnailUrl":"https:\/\/dicodusport.fr\/blog\/wp-content\/uploads\/2023\/11\/Transferts-LASM-Clermont-va-se-separer-de-plusieurs-joueurs-en-fin-de-saison.png","datePublished":"2023-11-15T06:45:15+00:00","dateModified":"2023-11-16T16:14:43+00:00","description":"TOP 14 2023-2024 - L'ASM Clermont va se s\u00e9parer de plusieurs joueurs en fin de saison m\u00eame si pour certains leur avenir n'est pas encore tranch\u00e9.\u00a0","breadcrumb":{"@id":"https:\/\/dicodusport.fr\/blog\/transferts-lasm-clermont-va-se-separer-de-plusieurs-joueurs-en-fin-de-saison\/#breadcrumb"},"inLanguage":"fr-FR","potentialAction":[{"@type":"ReadAction","target":["https:\/\/dicodusport.fr\/blog\/transferts-lasm-clermont-va-se-separer-de-plusieurs-joueurs-en-fin-de-saison\/"]}]},{"@type":"ImageObject","inLanguage":"fr-FR","@id":"https:\/\/dicodusport.fr\/blog\/transferts-lasm-clermont-va-se-separer-de-plusieurs-joueurs-en-fin-de-saison\/#primaryimage","url":"https:\/\/dicodusport.fr\/blog\/wp-content\/uploads\/2023\/11\/Transferts-LASM-Clermont-va-se-separer-de-plusieurs-joueurs-en-fin-de-saison.png","contentUrl":"https:\/\/dicodusport.fr\/blog\/wp-content\/uploads\/2023\/11\/Transferts-LASM-Clermont-va-se-separer-de-plusieurs-joueurs-en-fin-de-saison.png","width":800,"height":445},{"@type":"BreadcrumbList","@id":"https:\/\/dicodusport.fr\/blog\/transferts-lasm-clermont-va-se-separer-de-plusieurs-joueurs-en-fin-de-saison\/#breadcrumb","itemListElement":[{"@type":"ListItem","position":1,"name":"Accueil","item":"https:\/\/dicodusport.fr\/blog\/"},{"@type":"ListItem","position":2,"name":"Transferts : L&rsquo;ASM Clermont va se s\u00e9parer de plusieurs joueurs en fin de saison"}]},{"@type":"WebSite","@id":"https:\/\/dicodusport.fr\/blog\/#website","url":"https:\/\/dicodusport.fr\/blog\/","name":"Dicodusport","description":"L&#039;encyclop\u00e9die de l&#039;actualit\u00e9 sportive","publisher":{"@id":"https:\/\/dicodusport.fr\/blog\/#organization"},"potentialAction":[{"@type":"SearchAction","target":{"@type":"EntryPoint","urlTemplate":"https:\/\/dicodusport.fr\/blog\/?s={search_term_string}"},"query-input":{"@type":"PropertyValueSpecification","valueRequired":true,"valueName":"search_term_string"}}],"inLanguage":"fr-FR"},{"@type":"NewsMediaOrganization","@id":"https:\/\/dicodusport.fr\/blog\/#organization","name":"Dicodusport","url":"https:\/\/dicodusport.fr\/blog\/","logo":{"@type":"ImageObject","inLanguage":"fr-FR","@id":"https:\/\/dicodusport.fr\/blog\/#\/schema\/logo\/image\/","url":"https:\/\/dicodusport.fr\/blog\/wp-content\/uploads\/2020\/06\/cropped-LOGO-DICODUSPORT-2020-SANS-FOND-SANS-TEXTE.png","contentUrl":"https:\/\/dicodusport.fr\/blog\/wp-content\/uploads\/2020\/06\/cropped-LOGO-DICODUSPORT-2020-SANS-FOND-SANS-TEXTE.png","width":512,"height":512,"caption":"Dicodusport"},"image":{"@id":"https:\/\/dicodusport.fr\/blog\/#\/schema\/logo\/image\/"},"sameAs":["https:\/\/www.facebook.com\/dicodusport","https:\/\/x.com\/dicodusport","https:\/\/www.instagram.com\/dicodusport\/","https:\/\/www.youtube.com\/channel\/UC7V2KZ5sd3htJivAbA4ZG3w"],"description":"Dicodusport est l'encyclop\u00e9die de l'actualit\u00e9 sportive.","email":"bonjour@dicodusport.fr","legalName":"DICODUSPORT","foundingDate":"2018-01-14","vatID":"FR71834470973","taxID":"83447097300043","numberOfEmployees":{"@type":"QuantitativeValue","minValue":"1","maxValue":"10"}},{"@type":"Person","@id":"https:\/\/dicodusport.fr\/blog\/#\/schema\/person\/55dcb50ad410894e431ed812bbb70191","name":"Nicolas Jacquemard","image":{"@type":"ImageObject","inLanguage":"fr-FR","@id":"https:\/\/dicodusport.fr\/blog\/#\/schema\/person\/image\/","url":"https:\/\/dicodusport.fr\/blog\/wp-content\/uploads\/2021\/05\/Nicolas-Jacquemard-150x150.jpeg","contentUrl":"https:\/\/dicodusport.fr\/blog\/wp-content\/uploads\/2021\/05\/Nicolas-Jacquemard-150x150.jpeg","caption":"Nicolas Jacquemard"},"description":"Passionn\u00e9 de sport et entrepreneur depuis mes 18 ans, la cr\u00e9ation de Dicodusport m'a sembl\u00e9 \u00e9vidente pour participer \u00e0 la m\u00e9diatisation d'un plus grand nombre de sports. Le chemin est long mais avec une \u00e9quipe des plus motiv\u00e9es et les Jeux Olympiques de Paris 2024 en point de mire, nous y arriverons ! Journaliste dans le monde du sport depuis plus de 5 ans, je traite aussi bien de football, de rugby, de biathlon que de cyclisme.","sameAs":["https:\/\/www.facebook.com\/dicodusport","https:\/\/x.com\/https:\/\/twitter.com\/Nico_Jacquemard"],"url":"https:\/\/dicodusport.fr\/blog\/author\/dicodusport\/"}]}},"_links":{"self":[{"href":"https:\/\/dicodusport.fr\/blog\/wp-json\/wp\/v2\/posts\/437272","targetHints":{"allow":["GET"]}}],"collection":[{"href":"https:\/\/dicodusport.fr\/blog\/wp-json\/wp\/v2\/posts"}],"about":[{"href":"https:\/\/dicodusport.fr\/blog\/wp-json\/wp\/v2\/types\/post"}],"author":[{"embeddable":true,"href":"https:\/\/dicodusport.fr\/blog\/wp-json\/wp\/v2\/users\/1"}],"replies":[{"embeddable":true,"href":"https:\/\/dicodusport.fr\/blog\/wp-json\/wp\/v2\/comments?post=437272"}],"version-history":[{"count":4,"href":"https:\/\/dicodusport.fr\/blog\/wp-json\/wp\/v2\/posts\/437272\/revisions"}],"predecessor-version":[{"id":437688,"href":"https:\/\/dicodusport.fr\/blog\/wp-json\/wp\/v2\/posts\/437272\/revisions\/437688"}],"wp:featuredmedia":[{"embeddable":true,"href":"https:\/\/dicodusport.fr\/blog\/wp-json\/wp\/v2\/media\/437273"}],"wp:attachment":[{"href":"https:\/\/dicodusport.fr\/blog\/wp-json\/wp\/v2\/media?parent=437272"}],"wp:term":[{"taxonomy":"category","embeddable":true,"href":"https:\/\/dicodusport.fr\/blog\/wp-json\/wp\/v2\/categories?post=437272"},{"taxonomy":"post_tag","embeddable":true,"href":"https:\/\/dicodusport.fr\/blog\/wp-json\/wp\/v2\/tags?post=437272"}],"curies":[{"name":"wp","href":"https:\/\/api.w.org\/{rel}","templated":true}]}}