{"id":437576,"date":"2023-11-16T11:19:05","date_gmt":"2023-11-16T10:19:05","guid":{"rendered":"https:\/\/dicodusport.fr\/blog\/?p=437576&#038;preview=true&#038;preview_id=437576"},"modified":"2023-11-16T11:22:06","modified_gmt":"2023-11-16T10:22:06","slug":"cyclisme-pas-de-cic-mont-ventoux-en-2024","status":"publish","type":"post","link":"https:\/\/dicodusport.fr\/blog\/cyclisme-pas-de-cic-mont-ventoux-en-2024\/","title":{"rendered":"Cyclisme : Pas de CIC Mont Ventoux en 2024"},"content":{"rendered":"<p style=\"text-align: justify;\"><strong><em>CYCLISME &#8211; L&rsquo;\u00e9preuve fran\u00e7aise du CIC Mont Ventoux, ex-Mont Ventoux D\u00e9nivel\u00e9 Challenge, n&rsquo;aura pas lieu en 2024. Pour cause de relais de la flamme olympique dans le Vaucluse sur la p\u00e9riode.<\/em><\/strong><\/p>\n<ul>\n<li style=\"text-align: justify;\"><strong>\u00c0 lire aussi &#8211; <a href=\"https:\/\/dicodusport.fr\/blog\/actualites\/cyclisme\/cyclisme-sur-route-2024\/\">L&rsquo;actualit\u00e9 du cyclisme sur route<\/a><\/strong><\/li>\n<\/ul>\n<p style=\"text-align: justify;\">Pas de <strong>CIC Mont Ventoux en 2024<\/strong>. L&rsquo;\u00e9preuve, cr\u00e9\u00e9e en 2019 et dont <a href=\"https:\/\/dicodusport.fr\/blog\/lenny-martinez-remporte-le-mont-ventoux-denivele-challenge\/\"><strong>Lenny Martinez<\/strong> est le tenant du titre<\/a>, doit renoncer pour l&rsquo;\u00e9dition 2024. Ce sont les organisateurs eux-m\u00eames qui l&rsquo;ont annonc\u00e9, dans un communiqu\u00e9. En cause, le relais de la flamme olympique qui passe par le Vaucluse, le 19 juin prochain. Le d\u00e9partement du Mont Ventoux. <em>\u00ab Cela mobilise les \u00e9nergies et les moyens \u00e0 cette p\u00e9riode et ne permet pas l&rsquo;organisation optimale de notre \u00e9preuve \u00bb<\/em>. Les organisateurs assurent que le <strong>CIC Mont Ventoux<\/strong> sera de retour en 2025. Mais c&rsquo;est une mauvaise nouvelle pour cette jeune \u00e9preuve, qui a su rapidement attirer de tr\u00e8s bons coureurs. Et c&rsquo;est aussi une nouvelle \u00e9preuve sportive perturb\u00e9e par les <strong>JO de Paris 2024<\/strong>.<\/p>\n<ul>\n<li style=\"text-align: justify;\"><strong>\u00c0 lire aussi &#8211; <a href=\"https:\/\/dicodusport.fr\/blog\/classement-mont-ventoux-denivele-challenge-2023\/\">Classement du CIC Mont Ventoux 2023<\/a><\/strong><\/li>\n<\/ul>\n<blockquote class=\"twitter-tweet\">\n<p dir=\"ltr\" lang=\"fr\">Je tiens \u00e0 remercier notre partenaire-titre, le CIC, qui maintient ses engagements \u00e0 nos c\u00f4t\u00e9s pour les prochaines \u00e9ditions et sera pr\u00e9sent lors de nos manifestations grand public en 2024 qui, pour leur part, ne sont pas impact\u00e9es par les animations autour des Jeux olympiques.<\/p>\n<p>\u2014 CIC &#8211; Mont Ventoux (@MontVentouxDC) <a href=\"https:\/\/twitter.com\/MontVentouxDC\/status\/1725090082414100981?ref_src=twsrc%5Etfw\">November 16, 2023<\/a><\/p><\/blockquote>\n<p><script async src=\"https:\/\/platform.twitter.com\/widgets.js\" charset=\"utf-8\"><\/script><\/p>\n","protected":false},"excerpt":{"rendered":"<p>CYCLISME &#8211; L&rsquo;\u00e9preuve fran\u00e7aise du CIC Mont Ventoux, ex-Mont Ventoux D\u00e9nivel\u00e9 Challenge, n&rsquo;aura pas lieu en 2024. Pour cause de relais de la flamme olympique dans le Vaucluse sur la p\u00e9riode.<\/p>\n","protected":false},"author":83,"featured_media":437583,"comment_status":"open","ping_status":"closed","sticky":false,"template":"","format":"standard","meta":{"_acf_changed":false,"_daextam_enable_autolinks":"1","footnotes":""},"categories":[46994],"tags":[16878,574],"class_list":["post-437576","post","type-post","status-publish","format-standard","has-post-thumbnail","hentry","category-cyclisme-sur-route","tag-breve","tag-cyclisme"],"acf":[],"yoast_head":"<!-- This site is optimized with the Yoast SEO Premium plugin v26.7 (Yoast SEO v26.7) - https:\/\/yoast.com\/wordpress\/plugins\/seo\/ -->\n<title>Cyclisme : Pas de CIC Mont Ventoux en 2024<\/title>\n<meta name=\"description\" content=\"CYCLISME - L&#039;\u00e9preuve fran\u00e7aise du CIC Mont Ventoux, ex-Mont Ventoux D\u00e9nivel\u00e9 Challenge, n&#039;aura pas lieu en 2024.\" \/>\n<meta name=\"robots\" content=\"index, follow, max-snippet:-1, max-image-preview:large, max-video-preview:-1\" \/>\n<link rel=\"canonical\" href=\"https:\/\/dicodusport.fr\/blog\/cyclisme-pas-de-cic-mont-ventoux-en-2024\/\" \/>\n<meta property=\"og:locale\" content=\"fr_FR\" \/>\n<meta property=\"og:type\" content=\"article\" \/>\n<meta property=\"og:title\" content=\"Cyclisme : Pas de CIC Mont Ventoux en 2024\" \/>\n<meta property=\"og:description\" content=\"CYCLISME - L&#039;\u00e9preuve fran\u00e7aise du CIC Mont Ventoux, ex-Mont Ventoux D\u00e9nivel\u00e9 Challenge, n&#039;aura pas lieu en 2024.\" \/>\n<meta property=\"og:url\" content=\"https:\/\/dicodusport.fr\/blog\/cyclisme-pas-de-cic-mont-ventoux-en-2024\/\" \/>\n<meta property=\"og:site_name\" content=\"Dicodusport\" \/>\n<meta property=\"article:publisher\" content=\"https:\/\/www.facebook.com\/dicodusport\" \/>\n<meta property=\"article:published_time\" content=\"2023-11-16T10:19:05+00:00\" \/>\n<meta property=\"article:modified_time\" content=\"2023-11-16T10:22:06+00:00\" \/>\n<meta property=\"og:image\" content=\"https:\/\/dicodusport.fr\/blog\/wp-content\/uploads\/2023\/11\/Cyclisme-Pas-de-CIC-Mont-Ventoux-en-2024.png\" \/>\n\t<meta property=\"og:image:width\" content=\"800\" \/>\n\t<meta property=\"og:image:height\" content=\"445\" \/>\n\t<meta property=\"og:image:type\" content=\"image\/png\" \/>\n<meta name=\"author\" content=\"Etienne Goursaud\" \/>\n<meta name=\"twitter:card\" content=\"summary_large_image\" \/>\n<meta name=\"twitter:title\" content=\"Cyclisme : Pas de CIC Mont Ventoux en 2024\" \/>\n<meta name=\"twitter:creator\" content=\"@dicodusport\" \/>\n<meta name=\"twitter:site\" content=\"@dicodusport\" \/>\n<script type=\"application\/ld+json\" class=\"yoast-schema-graph\">{\"@context\":\"https:\/\/schema.org\",\"@graph\":[{\"@type\":\"NewsArticle\",\"@id\":\"https:\/\/dicodusport.fr\/blog\/cyclisme-pas-de-cic-mont-ventoux-en-2024\/#article\",\"isPartOf\":{\"@id\":\"https:\/\/dicodusport.fr\/blog\/cyclisme-pas-de-cic-mont-ventoux-en-2024\/\"},\"author\":{\"name\":\"Etienne Goursaud\",\"@id\":\"https:\/\/dicodusport.fr\/blog\/#\/schema\/person\/d603dd7da31fb2b46c82b9835a77ec13\"},\"headline\":\"Cyclisme : Pas de CIC Mont Ventoux en 2024\",\"datePublished\":\"2023-11-16T10:19:05+00:00\",\"dateModified\":\"2023-11-16T10:22:06+00:00\",\"mainEntityOfPage\":{\"@id\":\"https:\/\/dicodusport.fr\/blog\/cyclisme-pas-de-cic-mont-ventoux-en-2024\/\"},\"wordCount\":238,\"commentCount\":0,\"publisher\":{\"@id\":\"https:\/\/dicodusport.fr\/blog\/#organization\"},\"image\":{\"@id\":\"https:\/\/dicodusport.fr\/blog\/cyclisme-pas-de-cic-mont-ventoux-en-2024\/#primaryimage\"},\"thumbnailUrl\":\"https:\/\/dicodusport.fr\/blog\/wp-content\/uploads\/2023\/11\/Cyclisme-Pas-de-CIC-Mont-Ventoux-en-2024.png\",\"keywords\":[\"br\u00e8ve\",\"Cyclisme\"],\"articleSection\":[\"Cyclisme sur route\"],\"inLanguage\":\"fr-FR\",\"potentialAction\":[{\"@type\":\"CommentAction\",\"name\":\"Comment\",\"target\":[\"https:\/\/dicodusport.fr\/blog\/cyclisme-pas-de-cic-mont-ventoux-en-2024\/#respond\"]}],\"copyrightYear\":\"2023\",\"copyrightHolder\":{\"@id\":\"https:\/\/dicodusport.fr\/blog\/#organization\"}},{\"@type\":\"WebPage\",\"@id\":\"https:\/\/dicodusport.fr\/blog\/cyclisme-pas-de-cic-mont-ventoux-en-2024\/\",\"url\":\"https:\/\/dicodusport.fr\/blog\/cyclisme-pas-de-cic-mont-ventoux-en-2024\/\",\"name\":\"Cyclisme : Pas de CIC Mont Ventoux en 2024\",\"isPartOf\":{\"@id\":\"https:\/\/dicodusport.fr\/blog\/#website\"},\"primaryImageOfPage\":{\"@id\":\"https:\/\/dicodusport.fr\/blog\/cyclisme-pas-de-cic-mont-ventoux-en-2024\/#primaryimage\"},\"image\":{\"@id\":\"https:\/\/dicodusport.fr\/blog\/cyclisme-pas-de-cic-mont-ventoux-en-2024\/#primaryimage\"},\"thumbnailUrl\":\"https:\/\/dicodusport.fr\/blog\/wp-content\/uploads\/2023\/11\/Cyclisme-Pas-de-CIC-Mont-Ventoux-en-2024.png\",\"datePublished\":\"2023-11-16T10:19:05+00:00\",\"dateModified\":\"2023-11-16T10:22:06+00:00\",\"description\":\"CYCLISME - L'\u00e9preuve fran\u00e7aise du CIC Mont Ventoux, ex-Mont Ventoux D\u00e9nivel\u00e9 Challenge, n'aura pas lieu en 2024.\",\"breadcrumb\":{\"@id\":\"https:\/\/dicodusport.fr\/blog\/cyclisme-pas-de-cic-mont-ventoux-en-2024\/#breadcrumb\"},\"inLanguage\":\"fr-FR\",\"potentialAction\":[{\"@type\":\"ReadAction\",\"target\":[\"https:\/\/dicodusport.fr\/blog\/cyclisme-pas-de-cic-mont-ventoux-en-2024\/\"]}]},{\"@type\":\"ImageObject\",\"inLanguage\":\"fr-FR\",\"@id\":\"https:\/\/dicodusport.fr\/blog\/cyclisme-pas-de-cic-mont-ventoux-en-2024\/#primaryimage\",\"url\":\"https:\/\/dicodusport.fr\/blog\/wp-content\/uploads\/2023\/11\/Cyclisme-Pas-de-CIC-Mont-Ventoux-en-2024.png\",\"contentUrl\":\"https:\/\/dicodusport.fr\/blog\/wp-content\/uploads\/2023\/11\/Cyclisme-Pas-de-CIC-Mont-Ventoux-en-2024.png\",\"width\":800,\"height\":445},{\"@type\":\"BreadcrumbList\",\"@id\":\"https:\/\/dicodusport.fr\/blog\/cyclisme-pas-de-cic-mont-ventoux-en-2024\/#breadcrumb\",\"itemListElement\":[{\"@type\":\"ListItem\",\"position\":1,\"name\":\"Accueil\",\"item\":\"https:\/\/dicodusport.fr\/blog\/\"},{\"@type\":\"ListItem\",\"position\":2,\"name\":\"Cyclisme : Pas de CIC Mont Ventoux en 2024\"}]},{\"@type\":\"WebSite\",\"@id\":\"https:\/\/dicodusport.fr\/blog\/#website\",\"url\":\"https:\/\/dicodusport.fr\/blog\/\",\"name\":\"Dicodusport\",\"description\":\"L&#039;encyclop\u00e9die de l&#039;actualit\u00e9 sportive\",\"publisher\":{\"@id\":\"https:\/\/dicodusport.fr\/blog\/#organization\"},\"potentialAction\":[{\"@type\":\"SearchAction\",\"target\":{\"@type\":\"EntryPoint\",\"urlTemplate\":\"https:\/\/dicodusport.fr\/blog\/?s={search_term_string}\"},\"query-input\":{\"@type\":\"PropertyValueSpecification\",\"valueRequired\":true,\"valueName\":\"search_term_string\"}}],\"inLanguage\":\"fr-FR\"},{\"@type\":\"NewsMediaOrganization\",\"@id\":\"https:\/\/dicodusport.fr\/blog\/#organization\",\"name\":\"Dicodusport\",\"url\":\"https:\/\/dicodusport.fr\/blog\/\",\"logo\":{\"@type\":\"ImageObject\",\"inLanguage\":\"fr-FR\",\"@id\":\"https:\/\/dicodusport.fr\/blog\/#\/schema\/logo\/image\/\",\"url\":\"https:\/\/dicodusport.fr\/blog\/wp-content\/uploads\/2020\/06\/cropped-LOGO-DICODUSPORT-2020-SANS-FOND-SANS-TEXTE.png\",\"contentUrl\":\"https:\/\/dicodusport.fr\/blog\/wp-content\/uploads\/2020\/06\/cropped-LOGO-DICODUSPORT-2020-SANS-FOND-SANS-TEXTE.png\",\"width\":512,\"height\":512,\"caption\":\"Dicodusport\"},\"image\":{\"@id\":\"https:\/\/dicodusport.fr\/blog\/#\/schema\/logo\/image\/\"},\"sameAs\":[\"https:\/\/www.facebook.com\/dicodusport\",\"https:\/\/x.com\/dicodusport\",\"https:\/\/www.instagram.com\/dicodusport\/\",\"https:\/\/www.youtube.com\/channel\/UC7V2KZ5sd3htJivAbA4ZG3w\"],\"description\":\"Dicodusport est l'encyclop\u00e9die de l'actualit\u00e9 sportive.\",\"email\":\"bonjour@dicodusport.fr\",\"legalName\":\"DICODUSPORT\",\"foundingDate\":\"2018-01-14\",\"vatID\":\"FR71834470973\",\"taxID\":\"83447097300043\",\"numberOfEmployees\":{\"@type\":\"QuantitativeValue\",\"minValue\":\"1\",\"maxValue\":\"10\"}},{\"@type\":\"Person\",\"@id\":\"https:\/\/dicodusport.fr\/blog\/#\/schema\/person\/d603dd7da31fb2b46c82b9835a77ec13\",\"name\":\"Etienne Goursaud\",\"image\":{\"@type\":\"ImageObject\",\"inLanguage\":\"fr-FR\",\"@id\":\"https:\/\/dicodusport.fr\/blog\/#\/schema\/person\/image\/\",\"url\":\"https:\/\/dicodusport.fr\/blog\/wp-content\/uploads\/2023\/12\/410122264_10231602061736049_5565839791558026645_n-150x150.jpg\",\"contentUrl\":\"https:\/\/dicodusport.fr\/blog\/wp-content\/uploads\/2023\/12\/410122264_10231602061736049_5565839791558026645_n-150x150.jpg\",\"caption\":\"Etienne Goursaud\"},\"description\":\"Journaliste et amoureux de sport. Ancien footballeur reconverti athl\u00e8te quand ses muscles le laissent tranquille. \u00c9lev\u00e9 \u00e0 la sauce des exploits de Thomas Voeckler en 2004, du dernier essai de l\u00e9gende de Eunice Barber \u00e0 la longueur lors des championnats du monde d'athl\u00e9tisme de 2003 mais aussi Zidane, Omeyer et Titou Lamaison.\",\"url\":\"https:\/\/dicodusport.fr\/blog\/author\/etienne-goursaud\/\"}]}<\/script>\n<!-- \/ Yoast SEO Premium plugin. -->","yoast_head_json":{"title":"Cyclisme : Pas de CIC Mont Ventoux en 2024","description":"CYCLISME - L'\u00e9preuve fran\u00e7aise du CIC Mont Ventoux, ex-Mont Ventoux D\u00e9nivel\u00e9 Challenge, n'aura pas lieu en 2024.","robots":{"index":"index","follow":"follow","max-snippet":"max-snippet:-1","max-image-preview":"max-image-preview:large","max-video-preview":"max-video-preview:-1"},"canonical":"https:\/\/dicodusport.fr\/blog\/cyclisme-pas-de-cic-mont-ventoux-en-2024\/","og_locale":"fr_FR","og_type":"article","og_title":"Cyclisme : Pas de CIC Mont Ventoux en 2024","og_description":"CYCLISME - L'\u00e9preuve fran\u00e7aise du CIC Mont Ventoux, ex-Mont Ventoux D\u00e9nivel\u00e9 Challenge, n'aura pas lieu en 2024.","og_url":"https:\/\/dicodusport.fr\/blog\/cyclisme-pas-de-cic-mont-ventoux-en-2024\/","og_site_name":"Dicodusport","article_publisher":"https:\/\/www.facebook.com\/dicodusport","article_published_time":"2023-11-16T10:19:05+00:00","article_modified_time":"2023-11-16T10:22:06+00:00","og_image":[{"width":800,"height":445,"url":"https:\/\/dicodusport.fr\/blog\/wp-content\/uploads\/2023\/11\/Cyclisme-Pas-de-CIC-Mont-Ventoux-en-2024.png","type":"image\/png"}],"author":"Etienne Goursaud","twitter_card":"summary_large_image","twitter_title":"Cyclisme : Pas de CIC Mont Ventoux en 2024","twitter_creator":"@dicodusport","twitter_site":"@dicodusport","schema":{"@context":"https:\/\/schema.org","@graph":[{"@type":"NewsArticle","@id":"https:\/\/dicodusport.fr\/blog\/cyclisme-pas-de-cic-mont-ventoux-en-2024\/#article","isPartOf":{"@id":"https:\/\/dicodusport.fr\/blog\/cyclisme-pas-de-cic-mont-ventoux-en-2024\/"},"author":{"name":"Etienne Goursaud","@id":"https:\/\/dicodusport.fr\/blog\/#\/schema\/person\/d603dd7da31fb2b46c82b9835a77ec13"},"headline":"Cyclisme : Pas de CIC Mont Ventoux en 2024","datePublished":"2023-11-16T10:19:05+00:00","dateModified":"2023-11-16T10:22:06+00:00","mainEntityOfPage":{"@id":"https:\/\/dicodusport.fr\/blog\/cyclisme-pas-de-cic-mont-ventoux-en-2024\/"},"wordCount":238,"commentCount":0,"publisher":{"@id":"https:\/\/dicodusport.fr\/blog\/#organization"},"image":{"@id":"https:\/\/dicodusport.fr\/blog\/cyclisme-pas-de-cic-mont-ventoux-en-2024\/#primaryimage"},"thumbnailUrl":"https:\/\/dicodusport.fr\/blog\/wp-content\/uploads\/2023\/11\/Cyclisme-Pas-de-CIC-Mont-Ventoux-en-2024.png","keywords":["br\u00e8ve","Cyclisme"],"articleSection":["Cyclisme sur route"],"inLanguage":"fr-FR","potentialAction":[{"@type":"CommentAction","name":"Comment","target":["https:\/\/dicodusport.fr\/blog\/cyclisme-pas-de-cic-mont-ventoux-en-2024\/#respond"]}],"copyrightYear":"2023","copyrightHolder":{"@id":"https:\/\/dicodusport.fr\/blog\/#organization"}},{"@type":"WebPage","@id":"https:\/\/dicodusport.fr\/blog\/cyclisme-pas-de-cic-mont-ventoux-en-2024\/","url":"https:\/\/dicodusport.fr\/blog\/cyclisme-pas-de-cic-mont-ventoux-en-2024\/","name":"Cyclisme : Pas de CIC Mont Ventoux en 2024","isPartOf":{"@id":"https:\/\/dicodusport.fr\/blog\/#website"},"primaryImageOfPage":{"@id":"https:\/\/dicodusport.fr\/blog\/cyclisme-pas-de-cic-mont-ventoux-en-2024\/#primaryimage"},"image":{"@id":"https:\/\/dicodusport.fr\/blog\/cyclisme-pas-de-cic-mont-ventoux-en-2024\/#primaryimage"},"thumbnailUrl":"https:\/\/dicodusport.fr\/blog\/wp-content\/uploads\/2023\/11\/Cyclisme-Pas-de-CIC-Mont-Ventoux-en-2024.png","datePublished":"2023-11-16T10:19:05+00:00","dateModified":"2023-11-16T10:22:06+00:00","description":"CYCLISME - L'\u00e9preuve fran\u00e7aise du CIC Mont Ventoux, ex-Mont Ventoux D\u00e9nivel\u00e9 Challenge, n'aura pas lieu en 2024.","breadcrumb":{"@id":"https:\/\/dicodusport.fr\/blog\/cyclisme-pas-de-cic-mont-ventoux-en-2024\/#breadcrumb"},"inLanguage":"fr-FR","potentialAction":[{"@type":"ReadAction","target":["https:\/\/dicodusport.fr\/blog\/cyclisme-pas-de-cic-mont-ventoux-en-2024\/"]}]},{"@type":"ImageObject","inLanguage":"fr-FR","@id":"https:\/\/dicodusport.fr\/blog\/cyclisme-pas-de-cic-mont-ventoux-en-2024\/#primaryimage","url":"https:\/\/dicodusport.fr\/blog\/wp-content\/uploads\/2023\/11\/Cyclisme-Pas-de-CIC-Mont-Ventoux-en-2024.png","contentUrl":"https:\/\/dicodusport.fr\/blog\/wp-content\/uploads\/2023\/11\/Cyclisme-Pas-de-CIC-Mont-Ventoux-en-2024.png","width":800,"height":445},{"@type":"BreadcrumbList","@id":"https:\/\/dicodusport.fr\/blog\/cyclisme-pas-de-cic-mont-ventoux-en-2024\/#breadcrumb","itemListElement":[{"@type":"ListItem","position":1,"name":"Accueil","item":"https:\/\/dicodusport.fr\/blog\/"},{"@type":"ListItem","position":2,"name":"Cyclisme : Pas de CIC Mont Ventoux en 2024"}]},{"@type":"WebSite","@id":"https:\/\/dicodusport.fr\/blog\/#website","url":"https:\/\/dicodusport.fr\/blog\/","name":"Dicodusport","description":"L&#039;encyclop\u00e9die de l&#039;actualit\u00e9 sportive","publisher":{"@id":"https:\/\/dicodusport.fr\/blog\/#organization"},"potentialAction":[{"@type":"SearchAction","target":{"@type":"EntryPoint","urlTemplate":"https:\/\/dicodusport.fr\/blog\/?s={search_term_string}"},"query-input":{"@type":"PropertyValueSpecification","valueRequired":true,"valueName":"search_term_string"}}],"inLanguage":"fr-FR"},{"@type":"NewsMediaOrganization","@id":"https:\/\/dicodusport.fr\/blog\/#organization","name":"Dicodusport","url":"https:\/\/dicodusport.fr\/blog\/","logo":{"@type":"ImageObject","inLanguage":"fr-FR","@id":"https:\/\/dicodusport.fr\/blog\/#\/schema\/logo\/image\/","url":"https:\/\/dicodusport.fr\/blog\/wp-content\/uploads\/2020\/06\/cropped-LOGO-DICODUSPORT-2020-SANS-FOND-SANS-TEXTE.png","contentUrl":"https:\/\/dicodusport.fr\/blog\/wp-content\/uploads\/2020\/06\/cropped-LOGO-DICODUSPORT-2020-SANS-FOND-SANS-TEXTE.png","width":512,"height":512,"caption":"Dicodusport"},"image":{"@id":"https:\/\/dicodusport.fr\/blog\/#\/schema\/logo\/image\/"},"sameAs":["https:\/\/www.facebook.com\/dicodusport","https:\/\/x.com\/dicodusport","https:\/\/www.instagram.com\/dicodusport\/","https:\/\/www.youtube.com\/channel\/UC7V2KZ5sd3htJivAbA4ZG3w"],"description":"Dicodusport est l'encyclop\u00e9die de l'actualit\u00e9 sportive.","email":"bonjour@dicodusport.fr","legalName":"DICODUSPORT","foundingDate":"2018-01-14","vatID":"FR71834470973","taxID":"83447097300043","numberOfEmployees":{"@type":"QuantitativeValue","minValue":"1","maxValue":"10"}},{"@type":"Person","@id":"https:\/\/dicodusport.fr\/blog\/#\/schema\/person\/d603dd7da31fb2b46c82b9835a77ec13","name":"Etienne Goursaud","image":{"@type":"ImageObject","inLanguage":"fr-FR","@id":"https:\/\/dicodusport.fr\/blog\/#\/schema\/person\/image\/","url":"https:\/\/dicodusport.fr\/blog\/wp-content\/uploads\/2023\/12\/410122264_10231602061736049_5565839791558026645_n-150x150.jpg","contentUrl":"https:\/\/dicodusport.fr\/blog\/wp-content\/uploads\/2023\/12\/410122264_10231602061736049_5565839791558026645_n-150x150.jpg","caption":"Etienne Goursaud"},"description":"Journaliste et amoureux de sport. Ancien footballeur reconverti athl\u00e8te quand ses muscles le laissent tranquille. \u00c9lev\u00e9 \u00e0 la sauce des exploits de Thomas Voeckler en 2004, du dernier essai de l\u00e9gende de Eunice Barber \u00e0 la longueur lors des championnats du monde d'athl\u00e9tisme de 2003 mais aussi Zidane, Omeyer et Titou Lamaison.","url":"https:\/\/dicodusport.fr\/blog\/author\/etienne-goursaud\/"}]}},"_links":{"self":[{"href":"https:\/\/dicodusport.fr\/blog\/wp-json\/wp\/v2\/posts\/437576","targetHints":{"allow":["GET"]}}],"collection":[{"href":"https:\/\/dicodusport.fr\/blog\/wp-json\/wp\/v2\/posts"}],"about":[{"href":"https:\/\/dicodusport.fr\/blog\/wp-json\/wp\/v2\/types\/post"}],"author":[{"embeddable":true,"href":"https:\/\/dicodusport.fr\/blog\/wp-json\/wp\/v2\/users\/83"}],"replies":[{"embeddable":true,"href":"https:\/\/dicodusport.fr\/blog\/wp-json\/wp\/v2\/comments?post=437576"}],"version-history":[{"count":5,"href":"https:\/\/dicodusport.fr\/blog\/wp-json\/wp\/v2\/posts\/437576\/revisions"}],"predecessor-version":[{"id":437586,"href":"https:\/\/dicodusport.fr\/blog\/wp-json\/wp\/v2\/posts\/437576\/revisions\/437586"}],"wp:featuredmedia":[{"embeddable":true,"href":"https:\/\/dicodusport.fr\/blog\/wp-json\/wp\/v2\/media\/437583"}],"wp:attachment":[{"href":"https:\/\/dicodusport.fr\/blog\/wp-json\/wp\/v2\/media?parent=437576"}],"wp:term":[{"taxonomy":"category","embeddable":true,"href":"https:\/\/dicodusport.fr\/blog\/wp-json\/wp\/v2\/categories?post=437576"},{"taxonomy":"post_tag","embeddable":true,"href":"https:\/\/dicodusport.fr\/blog\/wp-json\/wp\/v2\/tags?post=437576"}],"curies":[{"name":"wp","href":"https:\/\/api.w.org\/{rel}","templated":true}]}}