{"id":437587,"date":"2023-11-16T13:10:15","date_gmt":"2023-11-16T12:10:15","guid":{"rendered":"https:\/\/dicodusport.fr\/blog\/?p=437587&#038;preview=true&#038;preview_id=437587"},"modified":"2023-11-16T13:24:13","modified_gmt":"2023-11-16T12:24:13","slug":"cameron-woki-je-ne-suis-pas-passionne-de-rugby-cest-mon-metier","status":"publish","type":"post","link":"https:\/\/dicodusport.fr\/blog\/cameron-woki-je-ne-suis-pas-passionne-de-rugby-cest-mon-metier\/","title":{"rendered":"Cameron Woki : \u00ab\u00a0Je ne suis pas passionn\u00e9 de rugby, c&rsquo;est mon m\u00e9tier\u00a0\u00bb"},"content":{"rendered":"<p style=\"text-align: justify;\"><strong><em>Top 14 2023-2024 &#8211; Dans une longue interview au Parisien, Cameron Woki est revenu sur l&rsquo;\u00e9limination des Bleus \u00e0 la Coupe du monde et \u00e9voque sa relation au rugby.\u00a0<\/em><\/strong><\/p>\n<p style=\"text-align: justify;\">Apr\u00e8s une premi\u00e8re saison compliqu\u00e9e au <strong>Racing<\/strong> <strong>92<\/strong>, marqu\u00e9e entre autres par une blessure, l&rsquo;avant polyvalent international ne savait pas s&rsquo;il ferait partie du groupe de <strong>Fabien<\/strong> <strong>Galthi\u00e9<\/strong>. <strong>Cameron<\/strong> <strong>Woki<\/strong> a finalement \u00e9t\u00e9 le Tricolore le plus utilis\u00e9 pendant le Mondial. Le deuxi\u00e8me ligne du <strong>Racing 92<\/strong>\u00a0 a expliqu\u00e9 \u00e0 nos confr\u00e8res qu&rsquo;il avait eu beaucoup de mal \u00e0 dig\u00e9rer l&rsquo;\u00e9limination :<\/p>\n<blockquote>\n<p style=\"text-align: justify;\">J&rsquo;ai eu \u00e9norm\u00e9ment de mal \u00e0 tourner la page, car j&rsquo;ai tout donn\u00e9 pour faire cette Coupe du monde. Cela a \u00e9t\u00e9 encore plus dur d&rsquo;\u00e9chouer lors des quarts de finale. Heureusement que j&rsquo;\u00e9tais soutenu par ma compagne et ma famille. (&#8230;) Je n&rsquo;ai pas regard\u00e9 la suite de la comp\u00e9tition. La nuit de l&rsquo;\u00e9limination je n&rsquo;ai pas pu dormir, j&rsquo;ai revu deux fois le match sur mon t\u00e9l\u00e9phone portable. J&rsquo;avais besoin de r\u00e9ponses.<\/p>\n<\/blockquote>\n<p style=\"text-align: justify;\">L&rsquo;international fran\u00e7ais a aussi \u00e9voqu\u00e9 sa relation avec le rugby. S&rsquo;il aime le rugby, il n&rsquo;est pas passionn\u00e9 par son sport et pr\u00e9f\u00e8re le football. Supporter du <strong>Paris Saint-Germain,<\/strong> <strong>Cameron<\/strong> <strong>Woki<\/strong> d\u00e9connecte du rugby quand il sort du cadre professionnel comme il l&rsquo;a expliqu\u00e9 :<\/p>\n<blockquote>\n<p style=\"text-align: justify;\">\u00c0 partir du moment o\u00f9 je quitte le club, j&rsquo;arr\u00eate de penser rugby. J&rsquo;aime beaucoup la mode, m&rsquo;habiller, me balader dans Paris, rencontrer des gens. Le rugby prend \u00e9norm\u00e9ment de place au quotidien alors j&rsquo;ai besoin de couper. Je ne suis pas passionn\u00e9 par ce sport. C&rsquo;est mon m\u00e9tier, je l&rsquo;aime mais pas plus. Je ne regarde pas le rugby \u00e0 la t\u00e9l\u00e9, je m&rsquo;int\u00e9resse plut\u00f4t au foot, et je suis supporteur du PSG. Je suis concentr\u00e9 sur le terrain mais en dehors je suis d\u00e9connect\u00e9. C&rsquo;est ma balance.<\/p>\n<\/blockquote>\n<p style=\"text-align: justify;\"><strong>Cameron Woki<\/strong> a fait son retour \u00e0 la comp\u00e9tition avec le <strong>Racing<\/strong> <strong>92<\/strong> face \u00e0 <strong>Lyon<\/strong> avant d&rsquo;\u00eatre titularis\u00e9 face au <strong>RC<\/strong> <strong>Toulon<\/strong>. Pour le prochain <strong>Tournoi des 6 Nations<\/strong>, il sera en concurrence avec <strong>Thibaut<\/strong> <strong>Flament<\/strong> et <strong>Emmanuel<\/strong> <strong>Meafou<\/strong> pour une place de titulaire avec le <strong>XV<\/strong> <strong>de<\/strong> <strong>France<\/strong>.<\/p>\n<blockquote class=\"twitter-tweet\">\n<p dir=\"ltr\" lang=\"fr\">Plus d&rsquo;un mois apr\u00e8s l&rsquo;\u00e9limination en quart de finale face \u00e0 l&rsquo;Afrique du Sud, Cameron Woki a fait le bilan de la Coupe du monde, \u00e0 l&rsquo;occasion de la sortie de son livre.<\/p>\n<p>Les propos complets &gt; <a href=\"https:\/\/t.co\/QnqIcpjeUp\">https:\/\/t.co\/QnqIcpjeUp<\/a> <a href=\"https:\/\/t.co\/qYovkEjV5B\">pic.twitter.com\/qYovkEjV5B<\/a><\/p>\n<p>\u2014 RUGBYRAMA (@RugbyramaFR) <a href=\"https:\/\/twitter.com\/RugbyramaFR\/status\/1724489830099271780?ref_src=twsrc%5Etfw\">November 14, 2023<\/a><\/p><\/blockquote>\n<p style=\"text-align: justify;\"><script async src=\"https:\/\/platform.twitter.com\/widgets.js\" charset=\"utf-8\"><\/script><\/p>\n","protected":false},"excerpt":{"rendered":"<p>Top 14 2023-2024 &#8211; Dans une longue interview au Parisien, Cameron Woki est revenu sur l&rsquo;\u00e9limination des Bleus \u00e0 la Coupe du monde et \u00e9voque sa relation au rugby.\u00a0<\/p>\n","protected":false},"author":1,"featured_media":437593,"comment_status":"open","ping_status":"closed","sticky":false,"template":"","format":"standard","meta":{"_acf_changed":false,"_daextam_enable_autolinks":"1","footnotes":""},"categories":[9129,47050],"tags":[16878,5757,1530,3131,110],"class_list":["post-437587","post","type-post","status-publish","format-standard","has-post-thumbnail","hentry","category-rugby-a-xv","category-top-14","tag-breve","tag-cameron-woki","tag-coupe-du-monde","tag-racing-92","tag-rugby-a-xv"],"acf":[],"yoast_head":"<!-- This site is optimized with the Yoast SEO Premium plugin v26.7 (Yoast SEO v26.7) - https:\/\/yoast.com\/wordpress\/plugins\/seo\/ -->\n<title>Cameron Woki : &quot;Je ne suis pas passionn\u00e9 de rugby, c&#039;est mon m\u00e9tier&quot;<\/title>\n<meta name=\"description\" content=\"Top 14 2023-2024 - Dans une longue interview au Parisien, Cameron Woki est revenu sur l&#039;\u00e9limination des Bleus \u00e0 la Coupe du monde et \u00e9voque sa relation au rugby.\u00a0\" \/>\n<meta name=\"robots\" content=\"index, follow, max-snippet:-1, max-image-preview:large, max-video-preview:-1\" \/>\n<link rel=\"canonical\" href=\"https:\/\/dicodusport.fr\/blog\/cameron-woki-je-ne-suis-pas-passionne-de-rugby-cest-mon-metier\/\" \/>\n<meta property=\"og:locale\" content=\"fr_FR\" \/>\n<meta property=\"og:type\" content=\"article\" \/>\n<meta property=\"og:title\" content=\"Cameron Woki : &quot;Je ne suis pas passionn\u00e9 de rugby, c&#039;est mon m\u00e9tier&quot;\" \/>\n<meta property=\"og:description\" content=\"Top 14 2023-2024 - Dans une longue interview au Parisien, Cameron Woki est revenu sur l&#039;\u00e9limination des Bleus \u00e0 la Coupe du monde et \u00e9voque sa relation au rugby.\u00a0\" \/>\n<meta property=\"og:url\" content=\"https:\/\/dicodusport.fr\/blog\/cameron-woki-je-ne-suis-pas-passionne-de-rugby-cest-mon-metier\/\" \/>\n<meta property=\"og:site_name\" content=\"Dicodusport\" \/>\n<meta property=\"article:publisher\" content=\"https:\/\/www.facebook.com\/dicodusport\" \/>\n<meta property=\"article:author\" content=\"https:\/\/www.facebook.com\/dicodusport\" \/>\n<meta property=\"article:published_time\" content=\"2023-11-16T12:10:15+00:00\" \/>\n<meta property=\"article:modified_time\" content=\"2023-11-16T12:24:13+00:00\" \/>\n<meta property=\"og:image\" content=\"https:\/\/dicodusport.fr\/blog\/wp-content\/uploads\/2023\/11\/Cameron-Woki-Je-ne-suis-pas-passionne-de-rugby-cest-mon-metier-.png\" \/>\n\t<meta property=\"og:image:width\" content=\"800\" \/>\n\t<meta property=\"og:image:height\" content=\"445\" \/>\n\t<meta property=\"og:image:type\" content=\"image\/png\" \/>\n<meta name=\"author\" content=\"Nicolas Jacquemard\" \/>\n<meta name=\"twitter:card\" content=\"summary_large_image\" \/>\n<meta name=\"twitter:title\" content=\"Cameron Woki : &quot;Je ne suis pas passionn\u00e9 de rugby, c&#039;est mon m\u00e9tier&quot;\" \/>\n<meta name=\"twitter:creator\" content=\"@https:\/\/twitter.com\/Nico_Jacquemard\" \/>\n<meta name=\"twitter:site\" content=\"@dicodusport\" \/>\n<script type=\"application\/ld+json\" class=\"yoast-schema-graph\">{\"@context\":\"https:\/\/schema.org\",\"@graph\":[{\"@type\":\"NewsArticle\",\"@id\":\"https:\/\/dicodusport.fr\/blog\/cameron-woki-je-ne-suis-pas-passionne-de-rugby-cest-mon-metier\/#article\",\"isPartOf\":{\"@id\":\"https:\/\/dicodusport.fr\/blog\/cameron-woki-je-ne-suis-pas-passionne-de-rugby-cest-mon-metier\/\"},\"author\":{\"name\":\"Nicolas Jacquemard\",\"@id\":\"https:\/\/dicodusport.fr\/blog\/#\/schema\/person\/55dcb50ad410894e431ed812bbb70191\"},\"headline\":\"Cameron Woki : \u00ab\u00a0Je ne suis pas passionn\u00e9 de rugby, c&rsquo;est mon m\u00e9tier\u00a0\u00bb\",\"datePublished\":\"2023-11-16T12:10:15+00:00\",\"dateModified\":\"2023-11-16T12:24:13+00:00\",\"mainEntityOfPage\":{\"@id\":\"https:\/\/dicodusport.fr\/blog\/cameron-woki-je-ne-suis-pas-passionne-de-rugby-cest-mon-metier\/\"},\"wordCount\":450,\"commentCount\":0,\"publisher\":{\"@id\":\"https:\/\/dicodusport.fr\/blog\/#organization\"},\"image\":{\"@id\":\"https:\/\/dicodusport.fr\/blog\/cameron-woki-je-ne-suis-pas-passionne-de-rugby-cest-mon-metier\/#primaryimage\"},\"thumbnailUrl\":\"https:\/\/dicodusport.fr\/blog\/wp-content\/uploads\/2023\/11\/Cameron-Woki-Je-ne-suis-pas-passionne-de-rugby-cest-mon-metier-.png\",\"keywords\":[\"br\u00e8ve\",\"Cameron Woki\",\"Coupe du monde\",\"Racing 92\",\"Rugby \u00e0 XV\"],\"articleSection\":[\"Rugby \u00e0 XV\",\"Top 14\"],\"inLanguage\":\"fr-FR\",\"potentialAction\":[{\"@type\":\"CommentAction\",\"name\":\"Comment\",\"target\":[\"https:\/\/dicodusport.fr\/blog\/cameron-woki-je-ne-suis-pas-passionne-de-rugby-cest-mon-metier\/#respond\"]}],\"copyrightYear\":\"2023\",\"copyrightHolder\":{\"@id\":\"https:\/\/dicodusport.fr\/blog\/#organization\"}},{\"@type\":\"WebPage\",\"@id\":\"https:\/\/dicodusport.fr\/blog\/cameron-woki-je-ne-suis-pas-passionne-de-rugby-cest-mon-metier\/\",\"url\":\"https:\/\/dicodusport.fr\/blog\/cameron-woki-je-ne-suis-pas-passionne-de-rugby-cest-mon-metier\/\",\"name\":\"Cameron Woki : \\\"Je ne suis pas passionn\u00e9 de rugby, c'est mon m\u00e9tier\\\"\",\"isPartOf\":{\"@id\":\"https:\/\/dicodusport.fr\/blog\/#website\"},\"primaryImageOfPage\":{\"@id\":\"https:\/\/dicodusport.fr\/blog\/cameron-woki-je-ne-suis-pas-passionne-de-rugby-cest-mon-metier\/#primaryimage\"},\"image\":{\"@id\":\"https:\/\/dicodusport.fr\/blog\/cameron-woki-je-ne-suis-pas-passionne-de-rugby-cest-mon-metier\/#primaryimage\"},\"thumbnailUrl\":\"https:\/\/dicodusport.fr\/blog\/wp-content\/uploads\/2023\/11\/Cameron-Woki-Je-ne-suis-pas-passionne-de-rugby-cest-mon-metier-.png\",\"datePublished\":\"2023-11-16T12:10:15+00:00\",\"dateModified\":\"2023-11-16T12:24:13+00:00\",\"description\":\"Top 14 2023-2024 - Dans une longue interview au Parisien, Cameron Woki est revenu sur l'\u00e9limination des Bleus \u00e0 la Coupe du monde et \u00e9voque sa relation au rugby.\u00a0\",\"breadcrumb\":{\"@id\":\"https:\/\/dicodusport.fr\/blog\/cameron-woki-je-ne-suis-pas-passionne-de-rugby-cest-mon-metier\/#breadcrumb\"},\"inLanguage\":\"fr-FR\",\"potentialAction\":[{\"@type\":\"ReadAction\",\"target\":[\"https:\/\/dicodusport.fr\/blog\/cameron-woki-je-ne-suis-pas-passionne-de-rugby-cest-mon-metier\/\"]}]},{\"@type\":\"ImageObject\",\"inLanguage\":\"fr-FR\",\"@id\":\"https:\/\/dicodusport.fr\/blog\/cameron-woki-je-ne-suis-pas-passionne-de-rugby-cest-mon-metier\/#primaryimage\",\"url\":\"https:\/\/dicodusport.fr\/blog\/wp-content\/uploads\/2023\/11\/Cameron-Woki-Je-ne-suis-pas-passionne-de-rugby-cest-mon-metier-.png\",\"contentUrl\":\"https:\/\/dicodusport.fr\/blog\/wp-content\/uploads\/2023\/11\/Cameron-Woki-Je-ne-suis-pas-passionne-de-rugby-cest-mon-metier-.png\",\"width\":800,\"height\":445},{\"@type\":\"BreadcrumbList\",\"@id\":\"https:\/\/dicodusport.fr\/blog\/cameron-woki-je-ne-suis-pas-passionne-de-rugby-cest-mon-metier\/#breadcrumb\",\"itemListElement\":[{\"@type\":\"ListItem\",\"position\":1,\"name\":\"Accueil\",\"item\":\"https:\/\/dicodusport.fr\/blog\/\"},{\"@type\":\"ListItem\",\"position\":2,\"name\":\"Cameron Woki : \u00ab\u00a0Je ne suis pas passionn\u00e9 de rugby, c&rsquo;est mon m\u00e9tier\u00a0\u00bb\"}]},{\"@type\":\"WebSite\",\"@id\":\"https:\/\/dicodusport.fr\/blog\/#website\",\"url\":\"https:\/\/dicodusport.fr\/blog\/\",\"name\":\"Dicodusport\",\"description\":\"L&#039;encyclop\u00e9die de l&#039;actualit\u00e9 sportive\",\"publisher\":{\"@id\":\"https:\/\/dicodusport.fr\/blog\/#organization\"},\"potentialAction\":[{\"@type\":\"SearchAction\",\"target\":{\"@type\":\"EntryPoint\",\"urlTemplate\":\"https:\/\/dicodusport.fr\/blog\/?s={search_term_string}\"},\"query-input\":{\"@type\":\"PropertyValueSpecification\",\"valueRequired\":true,\"valueName\":\"search_term_string\"}}],\"inLanguage\":\"fr-FR\"},{\"@type\":\"NewsMediaOrganization\",\"@id\":\"https:\/\/dicodusport.fr\/blog\/#organization\",\"name\":\"Dicodusport\",\"url\":\"https:\/\/dicodusport.fr\/blog\/\",\"logo\":{\"@type\":\"ImageObject\",\"inLanguage\":\"fr-FR\",\"@id\":\"https:\/\/dicodusport.fr\/blog\/#\/schema\/logo\/image\/\",\"url\":\"https:\/\/dicodusport.fr\/blog\/wp-content\/uploads\/2020\/06\/cropped-LOGO-DICODUSPORT-2020-SANS-FOND-SANS-TEXTE.png\",\"contentUrl\":\"https:\/\/dicodusport.fr\/blog\/wp-content\/uploads\/2020\/06\/cropped-LOGO-DICODUSPORT-2020-SANS-FOND-SANS-TEXTE.png\",\"width\":512,\"height\":512,\"caption\":\"Dicodusport\"},\"image\":{\"@id\":\"https:\/\/dicodusport.fr\/blog\/#\/schema\/logo\/image\/\"},\"sameAs\":[\"https:\/\/www.facebook.com\/dicodusport\",\"https:\/\/x.com\/dicodusport\",\"https:\/\/www.instagram.com\/dicodusport\/\",\"https:\/\/www.youtube.com\/channel\/UC7V2KZ5sd3htJivAbA4ZG3w\"],\"description\":\"Dicodusport est l'encyclop\u00e9die de l'actualit\u00e9 sportive.\",\"email\":\"bonjour@dicodusport.fr\",\"legalName\":\"DICODUSPORT\",\"foundingDate\":\"2018-01-14\",\"vatID\":\"FR71834470973\",\"taxID\":\"83447097300043\",\"numberOfEmployees\":{\"@type\":\"QuantitativeValue\",\"minValue\":\"1\",\"maxValue\":\"10\"}},{\"@type\":\"Person\",\"@id\":\"https:\/\/dicodusport.fr\/blog\/#\/schema\/person\/55dcb50ad410894e431ed812bbb70191\",\"name\":\"Nicolas Jacquemard\",\"image\":{\"@type\":\"ImageObject\",\"inLanguage\":\"fr-FR\",\"@id\":\"https:\/\/dicodusport.fr\/blog\/#\/schema\/person\/image\/\",\"url\":\"https:\/\/dicodusport.fr\/blog\/wp-content\/uploads\/2021\/05\/Nicolas-Jacquemard-150x150.jpeg\",\"contentUrl\":\"https:\/\/dicodusport.fr\/blog\/wp-content\/uploads\/2021\/05\/Nicolas-Jacquemard-150x150.jpeg\",\"caption\":\"Nicolas Jacquemard\"},\"description\":\"Passionn\u00e9 de sport et entrepreneur depuis mes 18 ans, la cr\u00e9ation de Dicodusport m'a sembl\u00e9 \u00e9vidente pour participer \u00e0 la m\u00e9diatisation d'un plus grand nombre de sports. Le chemin est long mais avec une \u00e9quipe des plus motiv\u00e9es et les Jeux Olympiques de Paris 2024 en point de mire, nous y arriverons ! Journaliste dans le monde du sport depuis plus de 5 ans, je traite aussi bien de football, de rugby, de biathlon que de cyclisme.\",\"sameAs\":[\"https:\/\/www.facebook.com\/dicodusport\",\"https:\/\/x.com\/https:\/\/twitter.com\/Nico_Jacquemard\"],\"url\":\"https:\/\/dicodusport.fr\/blog\/author\/dicodusport\/\"}]}<\/script>\n<!-- \/ Yoast SEO Premium plugin. -->","yoast_head_json":{"title":"Cameron Woki : \"Je ne suis pas passionn\u00e9 de rugby, c'est mon m\u00e9tier\"","description":"Top 14 2023-2024 - Dans une longue interview au Parisien, Cameron Woki est revenu sur l'\u00e9limination des Bleus \u00e0 la Coupe du monde et \u00e9voque sa relation au rugby.\u00a0","robots":{"index":"index","follow":"follow","max-snippet":"max-snippet:-1","max-image-preview":"max-image-preview:large","max-video-preview":"max-video-preview:-1"},"canonical":"https:\/\/dicodusport.fr\/blog\/cameron-woki-je-ne-suis-pas-passionne-de-rugby-cest-mon-metier\/","og_locale":"fr_FR","og_type":"article","og_title":"Cameron Woki : \"Je ne suis pas passionn\u00e9 de rugby, c'est mon m\u00e9tier\"","og_description":"Top 14 2023-2024 - Dans une longue interview au Parisien, Cameron Woki est revenu sur l'\u00e9limination des Bleus \u00e0 la Coupe du monde et \u00e9voque sa relation au rugby.\u00a0","og_url":"https:\/\/dicodusport.fr\/blog\/cameron-woki-je-ne-suis-pas-passionne-de-rugby-cest-mon-metier\/","og_site_name":"Dicodusport","article_publisher":"https:\/\/www.facebook.com\/dicodusport","article_author":"https:\/\/www.facebook.com\/dicodusport","article_published_time":"2023-11-16T12:10:15+00:00","article_modified_time":"2023-11-16T12:24:13+00:00","og_image":[{"width":800,"height":445,"url":"https:\/\/dicodusport.fr\/blog\/wp-content\/uploads\/2023\/11\/Cameron-Woki-Je-ne-suis-pas-passionne-de-rugby-cest-mon-metier-.png","type":"image\/png"}],"author":"Nicolas Jacquemard","twitter_card":"summary_large_image","twitter_title":"Cameron Woki : \"Je ne suis pas passionn\u00e9 de rugby, c'est mon m\u00e9tier\"","twitter_creator":"@https:\/\/twitter.com\/Nico_Jacquemard","twitter_site":"@dicodusport","schema":{"@context":"https:\/\/schema.org","@graph":[{"@type":"NewsArticle","@id":"https:\/\/dicodusport.fr\/blog\/cameron-woki-je-ne-suis-pas-passionne-de-rugby-cest-mon-metier\/#article","isPartOf":{"@id":"https:\/\/dicodusport.fr\/blog\/cameron-woki-je-ne-suis-pas-passionne-de-rugby-cest-mon-metier\/"},"author":{"name":"Nicolas Jacquemard","@id":"https:\/\/dicodusport.fr\/blog\/#\/schema\/person\/55dcb50ad410894e431ed812bbb70191"},"headline":"Cameron Woki : \u00ab\u00a0Je ne suis pas passionn\u00e9 de rugby, c&rsquo;est mon m\u00e9tier\u00a0\u00bb","datePublished":"2023-11-16T12:10:15+00:00","dateModified":"2023-11-16T12:24:13+00:00","mainEntityOfPage":{"@id":"https:\/\/dicodusport.fr\/blog\/cameron-woki-je-ne-suis-pas-passionne-de-rugby-cest-mon-metier\/"},"wordCount":450,"commentCount":0,"publisher":{"@id":"https:\/\/dicodusport.fr\/blog\/#organization"},"image":{"@id":"https:\/\/dicodusport.fr\/blog\/cameron-woki-je-ne-suis-pas-passionne-de-rugby-cest-mon-metier\/#primaryimage"},"thumbnailUrl":"https:\/\/dicodusport.fr\/blog\/wp-content\/uploads\/2023\/11\/Cameron-Woki-Je-ne-suis-pas-passionne-de-rugby-cest-mon-metier-.png","keywords":["br\u00e8ve","Cameron Woki","Coupe du monde","Racing 92","Rugby \u00e0 XV"],"articleSection":["Rugby \u00e0 XV","Top 14"],"inLanguage":"fr-FR","potentialAction":[{"@type":"CommentAction","name":"Comment","target":["https:\/\/dicodusport.fr\/blog\/cameron-woki-je-ne-suis-pas-passionne-de-rugby-cest-mon-metier\/#respond"]}],"copyrightYear":"2023","copyrightHolder":{"@id":"https:\/\/dicodusport.fr\/blog\/#organization"}},{"@type":"WebPage","@id":"https:\/\/dicodusport.fr\/blog\/cameron-woki-je-ne-suis-pas-passionne-de-rugby-cest-mon-metier\/","url":"https:\/\/dicodusport.fr\/blog\/cameron-woki-je-ne-suis-pas-passionne-de-rugby-cest-mon-metier\/","name":"Cameron Woki : \"Je ne suis pas passionn\u00e9 de rugby, c'est mon m\u00e9tier\"","isPartOf":{"@id":"https:\/\/dicodusport.fr\/blog\/#website"},"primaryImageOfPage":{"@id":"https:\/\/dicodusport.fr\/blog\/cameron-woki-je-ne-suis-pas-passionne-de-rugby-cest-mon-metier\/#primaryimage"},"image":{"@id":"https:\/\/dicodusport.fr\/blog\/cameron-woki-je-ne-suis-pas-passionne-de-rugby-cest-mon-metier\/#primaryimage"},"thumbnailUrl":"https:\/\/dicodusport.fr\/blog\/wp-content\/uploads\/2023\/11\/Cameron-Woki-Je-ne-suis-pas-passionne-de-rugby-cest-mon-metier-.png","datePublished":"2023-11-16T12:10:15+00:00","dateModified":"2023-11-16T12:24:13+00:00","description":"Top 14 2023-2024 - Dans une longue interview au Parisien, Cameron Woki est revenu sur l'\u00e9limination des Bleus \u00e0 la Coupe du monde et \u00e9voque sa relation au rugby.\u00a0","breadcrumb":{"@id":"https:\/\/dicodusport.fr\/blog\/cameron-woki-je-ne-suis-pas-passionne-de-rugby-cest-mon-metier\/#breadcrumb"},"inLanguage":"fr-FR","potentialAction":[{"@type":"ReadAction","target":["https:\/\/dicodusport.fr\/blog\/cameron-woki-je-ne-suis-pas-passionne-de-rugby-cest-mon-metier\/"]}]},{"@type":"ImageObject","inLanguage":"fr-FR","@id":"https:\/\/dicodusport.fr\/blog\/cameron-woki-je-ne-suis-pas-passionne-de-rugby-cest-mon-metier\/#primaryimage","url":"https:\/\/dicodusport.fr\/blog\/wp-content\/uploads\/2023\/11\/Cameron-Woki-Je-ne-suis-pas-passionne-de-rugby-cest-mon-metier-.png","contentUrl":"https:\/\/dicodusport.fr\/blog\/wp-content\/uploads\/2023\/11\/Cameron-Woki-Je-ne-suis-pas-passionne-de-rugby-cest-mon-metier-.png","width":800,"height":445},{"@type":"BreadcrumbList","@id":"https:\/\/dicodusport.fr\/blog\/cameron-woki-je-ne-suis-pas-passionne-de-rugby-cest-mon-metier\/#breadcrumb","itemListElement":[{"@type":"ListItem","position":1,"name":"Accueil","item":"https:\/\/dicodusport.fr\/blog\/"},{"@type":"ListItem","position":2,"name":"Cameron Woki : \u00ab\u00a0Je ne suis pas passionn\u00e9 de rugby, c&rsquo;est mon m\u00e9tier\u00a0\u00bb"}]},{"@type":"WebSite","@id":"https:\/\/dicodusport.fr\/blog\/#website","url":"https:\/\/dicodusport.fr\/blog\/","name":"Dicodusport","description":"L&#039;encyclop\u00e9die de l&#039;actualit\u00e9 sportive","publisher":{"@id":"https:\/\/dicodusport.fr\/blog\/#organization"},"potentialAction":[{"@type":"SearchAction","target":{"@type":"EntryPoint","urlTemplate":"https:\/\/dicodusport.fr\/blog\/?s={search_term_string}"},"query-input":{"@type":"PropertyValueSpecification","valueRequired":true,"valueName":"search_term_string"}}],"inLanguage":"fr-FR"},{"@type":"NewsMediaOrganization","@id":"https:\/\/dicodusport.fr\/blog\/#organization","name":"Dicodusport","url":"https:\/\/dicodusport.fr\/blog\/","logo":{"@type":"ImageObject","inLanguage":"fr-FR","@id":"https:\/\/dicodusport.fr\/blog\/#\/schema\/logo\/image\/","url":"https:\/\/dicodusport.fr\/blog\/wp-content\/uploads\/2020\/06\/cropped-LOGO-DICODUSPORT-2020-SANS-FOND-SANS-TEXTE.png","contentUrl":"https:\/\/dicodusport.fr\/blog\/wp-content\/uploads\/2020\/06\/cropped-LOGO-DICODUSPORT-2020-SANS-FOND-SANS-TEXTE.png","width":512,"height":512,"caption":"Dicodusport"},"image":{"@id":"https:\/\/dicodusport.fr\/blog\/#\/schema\/logo\/image\/"},"sameAs":["https:\/\/www.facebook.com\/dicodusport","https:\/\/x.com\/dicodusport","https:\/\/www.instagram.com\/dicodusport\/","https:\/\/www.youtube.com\/channel\/UC7V2KZ5sd3htJivAbA4ZG3w"],"description":"Dicodusport est l'encyclop\u00e9die de l'actualit\u00e9 sportive.","email":"bonjour@dicodusport.fr","legalName":"DICODUSPORT","foundingDate":"2018-01-14","vatID":"FR71834470973","taxID":"83447097300043","numberOfEmployees":{"@type":"QuantitativeValue","minValue":"1","maxValue":"10"}},{"@type":"Person","@id":"https:\/\/dicodusport.fr\/blog\/#\/schema\/person\/55dcb50ad410894e431ed812bbb70191","name":"Nicolas Jacquemard","image":{"@type":"ImageObject","inLanguage":"fr-FR","@id":"https:\/\/dicodusport.fr\/blog\/#\/schema\/person\/image\/","url":"https:\/\/dicodusport.fr\/blog\/wp-content\/uploads\/2021\/05\/Nicolas-Jacquemard-150x150.jpeg","contentUrl":"https:\/\/dicodusport.fr\/blog\/wp-content\/uploads\/2021\/05\/Nicolas-Jacquemard-150x150.jpeg","caption":"Nicolas Jacquemard"},"description":"Passionn\u00e9 de sport et entrepreneur depuis mes 18 ans, la cr\u00e9ation de Dicodusport m'a sembl\u00e9 \u00e9vidente pour participer \u00e0 la m\u00e9diatisation d'un plus grand nombre de sports. Le chemin est long mais avec une \u00e9quipe des plus motiv\u00e9es et les Jeux Olympiques de Paris 2024 en point de mire, nous y arriverons ! Journaliste dans le monde du sport depuis plus de 5 ans, je traite aussi bien de football, de rugby, de biathlon que de cyclisme.","sameAs":["https:\/\/www.facebook.com\/dicodusport","https:\/\/x.com\/https:\/\/twitter.com\/Nico_Jacquemard"],"url":"https:\/\/dicodusport.fr\/blog\/author\/dicodusport\/"}]}},"_links":{"self":[{"href":"https:\/\/dicodusport.fr\/blog\/wp-json\/wp\/v2\/posts\/437587","targetHints":{"allow":["GET"]}}],"collection":[{"href":"https:\/\/dicodusport.fr\/blog\/wp-json\/wp\/v2\/posts"}],"about":[{"href":"https:\/\/dicodusport.fr\/blog\/wp-json\/wp\/v2\/types\/post"}],"author":[{"embeddable":true,"href":"https:\/\/dicodusport.fr\/blog\/wp-json\/wp\/v2\/users\/1"}],"replies":[{"embeddable":true,"href":"https:\/\/dicodusport.fr\/blog\/wp-json\/wp\/v2\/comments?post=437587"}],"version-history":[{"count":5,"href":"https:\/\/dicodusport.fr\/blog\/wp-json\/wp\/v2\/posts\/437587\/revisions"}],"predecessor-version":[{"id":437624,"href":"https:\/\/dicodusport.fr\/blog\/wp-json\/wp\/v2\/posts\/437587\/revisions\/437624"}],"wp:featuredmedia":[{"embeddable":true,"href":"https:\/\/dicodusport.fr\/blog\/wp-json\/wp\/v2\/media\/437593"}],"wp:attachment":[{"href":"https:\/\/dicodusport.fr\/blog\/wp-json\/wp\/v2\/media?parent=437587"}],"wp:term":[{"taxonomy":"category","embeddable":true,"href":"https:\/\/dicodusport.fr\/blog\/wp-json\/wp\/v2\/categories?post=437587"},{"taxonomy":"post_tag","embeddable":true,"href":"https:\/\/dicodusport.fr\/blog\/wp-json\/wp\/v2\/tags?post=437587"}],"curies":[{"name":"wp","href":"https:\/\/api.w.org\/{rel}","templated":true}]}}