{"id":4376,"date":"2017-08-27T08:12:58","date_gmt":"2017-08-27T07:12:58","guid":{"rendered":"http:\/\/dicodusport.fr\/blog\/?p=4376"},"modified":"2021-04-13T23:16:39","modified_gmt":"2021-04-13T21:16:39","slug":"jordan-sarrou-le-vtt-donne-un-sentiment-de-liberte","status":"publish","type":"post","link":"https:\/\/dicodusport.fr\/blog\/jordan-sarrou-le-vtt-donne-un-sentiment-de-liberte\/","title":{"rendered":"Jordan Sarrou, le VTT donne un sentiment de libert\u00e9"},"content":{"rendered":"<p style=\"text-align: justify;\"><span style=\"color: #000000;\"><em>Nous avons rencontr\u00e9 Jordan Sarrou, champion fran\u00e7ais de <span style=\"color: #0000ff;\"><a style=\"color: #0000ff;\" href=\"https:\/\/dicodusport.fr\/definition-sport\/vtt\/\" target=\"_blank\" rel=\"noopener noreferrer\">VTT<\/a><\/span> et r\u00e9cent vainqueur de la Coupe de France de Montgen\u00e8vre, qui vise un top 5 aux championnats du monde en septembre.\u00a0<\/em><\/span><\/p>\n<h5 style=\"text-align: justify;\"><span style=\"color: #000000;\">Jordan, peux-tu te pr\u00e9senter en quelques mots ?<\/span><\/h5>\n<p style=\"text-align: justify;\"><span style=\"color: #000000;\">Jordan Sarrou, 25 ans, originaire de Haute-Loire en Auvergne, je vis dans la r\u00e9gion lyonnaise dans les monts du Lyonnais.<\/span><br \/>\n<span style=\"color: #000000;\">Je fais du VTT depuis l\u2019\u00e2ge de 8 ans, j\u2019ai commenc\u00e9 par les TRJV en faisant du\u00a0multi-discipline (trial, cross-country, descente) puis je me suis rapidement dirig\u00e9 sur le cross-country o\u00f9\u00a0j\u2019ai \u00e9volu\u00e9 \u00e0 l\u2019\u00e9chelon r\u00e9gional, national et maintenant international.<\/span><\/p>\n<h5 style=\"text-align: justify;\"><span style=\"color: #000000;\">Comment as-tu commenc\u00e9 le v\u00e9lo ?<\/span><\/h5>\n<p style=\"text-align: justify;\"><span style=\"color: #000000;\">J\u2019ai commenc\u00e9 le v\u00e9lo dans le club o\u00f9 j\u2019ai grandi qui est pr\u00e9sid\u00e9 par mon oncle.\u00a0Avant de commencer le VTT j\u2019allais voir mon cousin qui faisait des comp\u00e9titions le week-end. Puis je suis all\u00e9 aux entra\u00eenements collectifs le samedi. J\u2019ai tout de suite adh\u00e9r\u00e9 et attaqu\u00e9 les comp\u00e9titions rapidement. C\u2019est donc une affaire de famille.<\/span><\/p>\n<h5 style=\"text-align: justify;\"><span style=\"color: #000000;\"><strong>Tu privil\u00e9gies le VTT \u00e0 la route, pourquoi avoir fait ce choix ?<br \/>\n<\/strong><\/span><\/h5>\n<p style=\"text-align: justify;\"><span style=\"color: #000000;\">Le VTT sur les comp\u00e9titions c\u2019est comme une grande famille, l\u2019atmosph\u00e8re est vraiment sympa, on discute entre les diff\u00e9rents pilotes. D\u00e9couvrir de nouveaux endroits, des nouveaux sentiers, c\u2019est g\u00e9nial. Tu es dans la nature, tu as un sentiment de libert\u00e9. Loin des voitures et de la pollution. Mais je pratique aussi la route \u00e0 l\u2019entra\u00eenement.<\/span><\/p>\n<h5 style=\"text-align: justify;\"><span style=\"color: #000000;\">Auras-tu envie de consacrer plus de temps \u00e0 la route dans les ann\u00e9es \u00e0 venir ?<\/span><\/h5>\n<p style=\"text-align: justify;\"><span style=\"color: #000000;\">Pour l\u2019instant je me concentre uniquement sur le VTT.\u00a0Je suis dans mes plus belles ann\u00e9es de ma carri\u00e8re o\u00f9 je commence \u00e0 arriver \u00e0 maturit\u00e9 et donc au sommet de mon sport. Je me fais vraiment plaisir.\u00a0Pourquoi pas en fin de carri\u00e8re essayer quelques ann\u00e9es.<\/span><\/p>\n<h5 style=\"text-align: justify;\"><span style=\"color: #000000;\">Tu viens de remporter la coupe de France \u00e0 Montgen\u00e8vre devant tous les meilleurs fran\u00e7ais, peux-tu nous raconter la course ?<\/span><\/h5>\n<p style=\"text-align: justify;\"><span style=\"color: #000000;\">\u00c7a a \u00e9t\u00e9 une course \u00e0\u00a0suspens jusqu\u2019aux derniers hectom\u00e8tres, c&rsquo;\u00e9tait tr\u00e8s serr\u00e9. On s\u2019est retrouver \u00e0 4 coureurs rapidement. Puis tout seul pendant un moment et finalement rejoint par St\u00e9phane Tempier dans les deux derniers tours. Une belle bagarre pour finir 6 sec devant lui. On a chacun essayer de s\u2019attaquer mais au final j\u2019ai pris les devants. Je suis content de faire coup double en remportant \u00e9galement le classement g\u00e9n\u00e9ral de la coupe de France pour la 1\u00e8re fois.<\/span><\/p>\n<div id=\"attachment_4379\" style=\"width: 650px\" class=\"wp-caption aligncenter\"><img loading=\"lazy\" decoding=\"async\" aria-describedby=\"caption-attachment-4379\" class=\"wp-image-4379 size-full\" src=\"http:\/\/dicodusport.fr\/blog\/wp-content\/uploads\/2017\/08\/DSC_2554-19.jpg\" alt=\"\" width=\"640\" height=\"427\" srcset=\"https:\/\/dicodusport.fr\/blog\/wp-content\/uploads\/2017\/08\/DSC_2554-19.jpg 640w, https:\/\/dicodusport.fr\/blog\/wp-content\/uploads\/2017\/08\/DSC_2554-19-300x200.jpg 300w\" sizes=\"auto, (max-width: 640px) 100vw, 640px\" \/><p id=\"caption-attachment-4379\" class=\"wp-caption-text\"><span style=\"font-size: 12px;\">\u00a9 K\u00e9no Derleyn <\/span><\/p><\/div>\n<h5 style=\"text-align: justify;\"><span style=\"color: #000000;\">Quel premier bilan fais-tu de ta saison ?<\/span><\/h5>\n<p style=\"text-align: justify;\"><span style=\"color: #000000;\">Tr\u00e8s satisfait, car cette ann\u00e9e je suis r\u00e9gulier dans mes r\u00e9sultats et ma mani\u00e8re de courir. J\u2019ai pass\u00e9 un cap depuis cet hiver.<\/span><\/p>\n<h5 style=\"text-align: justify;\"><span style=\"color: #000000;\">Quels sont tes objectifs pour ta fin de saison ?<\/span><\/h5>\n<p style=\"text-align: justify;\"><span style=\"color: #000000;\">Evidemment je pense au classement g\u00e9n\u00e9ral de la coupe du monde. Je suis dans le top 5 et je compte bien y rester. Puis le plus gros objectif de la saison, les championnats du monde d\u00e9but septembre, je ne me mets pas de limite mais un top 5 serait g\u00e9nial.<\/span><\/p>\n<h5 style=\"text-align: justify;\"><span style=\"color: #000000;\">As-tu un mod\u00e8le dans ton sport ?<\/span><\/h5>\n<p style=\"text-align: justify;\"><span style=\"color: #000000;\">Pas en particulier mais j\u2019aime le professionnalisme de Julien Absalon, j\u2019ai grandi et suivi toute sa carri\u00e8re, forcement c\u2019est un exemple.<\/span><\/p>\n<h5 style=\"text-align: justify;\"><span style=\"color: #000000;\">Paris 2024, cela repr\u00e9sente quoi pour toi ?<\/span><\/h5>\n<p style=\"text-align: justify;\"><span style=\"color: #000000;\">La cons\u00e9cration, courir les Jeux \u00e0 la maison, \u00e7a aurait fi\u00e8re allure, et devant le public fran\u00e7ais, \u00e9norme.<\/span><\/p>\n<h5 style=\"text-align: justify;\"><span style=\"color: #000000;\">Si tu devais me donner un athl\u00e8te fran\u00e7ais que je dois absolument interviewer ? \ud83d\ude42<\/span><\/h5>\n<p style=\"text-align: justify;\"><span style=\"color: #000000;\">Titouan Perrin Ganier, specialiste du XCE, un ami avant d\u2019\u00eatre un athl\u00e8te.<\/span><\/p>\n<p style=\"text-align: justify;\"><span style=\"color: #000000;\"><em><strong>Nicolas Jacquemard<\/strong><br \/>\n<\/em><a style=\"color: #000000;\" href=\"https:\/\/twitter.com\/Nico_Jacquemard\" target=\"_blank\" rel=\"noopener noreferrer\"><img loading=\"lazy\" decoding=\"async\" class=\"alignnone wp-image-2908\" src=\"http:\/\/dicodusport.fr\/blog\/wp-content\/uploads\/2017\/07\/logo-twitter-150x150.png\" alt=\"\" width=\"39\" height=\"39\" \/><\/a><a style=\"color: #000000;\" href=\"https:\/\/www.facebook.com\/dicodusport\/\" target=\"_blank\" rel=\"noopener noreferrer\"><img loading=\"lazy\" decoding=\"async\" class=\"alignnone wp-image-2909\" src=\"http:\/\/dicodusport.fr\/blog\/wp-content\/uploads\/2017\/07\/logo-facebook-150x150.png\" alt=\"\" width=\"40\" height=\"40\" \/><\/a><\/span><\/p>\n","protected":false},"excerpt":{"rendered":"<p>Nous avons rencontr\u00e9 Jordan Sarrou, champion fran\u00e7ais de VTT et r\u00e9cent vainqueur de la Coupe de France de Montgen\u00e8vre, qui vise un top 5 aux championnats du monde en septembre.\u00a0 Jordan, peux-tu te pr\u00e9senter en quelques mots ? Jordan Sarrou, 25 ans, originaire de Haute-Loire en Auvergne, je vis dans la r\u00e9gion lyonnaise dans les [&hellip;]<\/p>\n","protected":false},"author":1,"featured_media":4378,"comment_status":"open","ping_status":"closed","sticky":false,"template":"","format":"standard","meta":{"_acf_changed":false,"_daextam_enable_autolinks":"","footnotes":""},"categories":[4,10279],"tags":[1710,574,1709,692],"class_list":["post-4376","post","type-post","status-publish","format-standard","has-post-thumbnail","hentry","category-portraits","category-vtt","tag-cross-country","tag-cyclisme","tag-jordan-sarrou","tag-vtt"],"acf":[],"yoast_head":"<!-- This site is optimized with the Yoast SEO Premium plugin v26.7 (Yoast SEO v26.7) - https:\/\/yoast.com\/wordpress\/plugins\/seo\/ -->\n<title>Jordan Sarrou, le VTT donne un sentiment de libert\u00e9<\/title>\n<meta name=\"description\" content=\"Nous avons rencontr\u00e9 Jordan Sarrou, r\u00e9cent vainqueur de la Coupe de France de Montgen\u00e8vre, qui vise un top 5 aux championnats du monde de VTT.\" \/>\n<meta name=\"robots\" content=\"index, follow, max-snippet:-1, max-image-preview:large, max-video-preview:-1\" \/>\n<link rel=\"canonical\" href=\"https:\/\/dicodusport.fr\/blog\/jordan-sarrou-le-vtt-donne-un-sentiment-de-liberte\/\" \/>\n<meta property=\"og:locale\" content=\"fr_FR\" \/>\n<meta property=\"og:type\" content=\"article\" \/>\n<meta property=\"og:title\" content=\"Jordan Sarrou, le VTT donne un sentiment de libert\u00e9\" \/>\n<meta property=\"og:description\" content=\"Nous avons rencontr\u00e9 Jordan Sarrou, r\u00e9cent vainqueur de la Coupe de France de Montgen\u00e8vre, qui vise un top 5 aux championnats du monde de VTT.\" \/>\n<meta property=\"og:url\" content=\"https:\/\/dicodusport.fr\/blog\/jordan-sarrou-le-vtt-donne-un-sentiment-de-liberte\/\" \/>\n<meta property=\"og:site_name\" content=\"Dicodusport\" \/>\n<meta property=\"article:publisher\" content=\"https:\/\/www.facebook.com\/dicodusport\" \/>\n<meta property=\"article:author\" content=\"https:\/\/www.facebook.com\/dicodusport\" \/>\n<meta property=\"article:published_time\" content=\"2017-08-27T07:12:58+00:00\" \/>\n<meta property=\"article:modified_time\" content=\"2021-04-13T21:16:39+00:00\" \/>\n<meta property=\"og:image\" content=\"https:\/\/dicodusport.fr\/blog\/wp-content\/uploads\/2017\/08\/Jordan-Sarrou.png\" \/>\n\t<meta property=\"og:image:width\" content=\"1200\" \/>\n\t<meta property=\"og:image:height\" content=\"670\" \/>\n\t<meta property=\"og:image:type\" content=\"image\/png\" \/>\n<meta name=\"author\" content=\"Nicolas Jacquemard\" \/>\n<meta name=\"twitter:card\" content=\"summary_large_image\" \/>\n<meta name=\"twitter:creator\" content=\"@https:\/\/twitter.com\/Nico_Jacquemard\" \/>\n<meta name=\"twitter:site\" content=\"@dicodusport\" \/>\n<script type=\"application\/ld+json\" class=\"yoast-schema-graph\">{\"@context\":\"https:\/\/schema.org\",\"@graph\":[{\"@type\":\"NewsArticle\",\"@id\":\"https:\/\/dicodusport.fr\/blog\/jordan-sarrou-le-vtt-donne-un-sentiment-de-liberte\/#article\",\"isPartOf\":{\"@id\":\"https:\/\/dicodusport.fr\/blog\/jordan-sarrou-le-vtt-donne-un-sentiment-de-liberte\/\"},\"author\":{\"name\":\"Nicolas Jacquemard\",\"@id\":\"https:\/\/dicodusport.fr\/blog\/#\/schema\/person\/55dcb50ad410894e431ed812bbb70191\"},\"headline\":\"Jordan Sarrou, le VTT donne un sentiment de libert\u00e9\",\"datePublished\":\"2017-08-27T07:12:58+00:00\",\"dateModified\":\"2021-04-13T21:16:39+00:00\",\"mainEntityOfPage\":{\"@id\":\"https:\/\/dicodusport.fr\/blog\/jordan-sarrou-le-vtt-donne-un-sentiment-de-liberte\/\"},\"wordCount\":630,\"commentCount\":0,\"publisher\":{\"@id\":\"https:\/\/dicodusport.fr\/blog\/#organization\"},\"image\":{\"@id\":\"https:\/\/dicodusport.fr\/blog\/jordan-sarrou-le-vtt-donne-un-sentiment-de-liberte\/#primaryimage\"},\"thumbnailUrl\":\"https:\/\/dicodusport.fr\/blog\/wp-content\/uploads\/2017\/08\/Jordan-Sarrou.png\",\"keywords\":[\"cross country\",\"Cyclisme\",\"Jordan Sarrou\",\"VTT\"],\"articleSection\":[\"Portraits\",\"VTT\"],\"inLanguage\":\"fr-FR\",\"potentialAction\":[{\"@type\":\"CommentAction\",\"name\":\"Comment\",\"target\":[\"https:\/\/dicodusport.fr\/blog\/jordan-sarrou-le-vtt-donne-un-sentiment-de-liberte\/#respond\"]}],\"copyrightYear\":\"2017\",\"copyrightHolder\":{\"@id\":\"https:\/\/dicodusport.fr\/blog\/#organization\"}},{\"@type\":\"WebPage\",\"@id\":\"https:\/\/dicodusport.fr\/blog\/jordan-sarrou-le-vtt-donne-un-sentiment-de-liberte\/\",\"url\":\"https:\/\/dicodusport.fr\/blog\/jordan-sarrou-le-vtt-donne-un-sentiment-de-liberte\/\",\"name\":\"Jordan Sarrou, le VTT donne un sentiment de libert\u00e9\",\"isPartOf\":{\"@id\":\"https:\/\/dicodusport.fr\/blog\/#website\"},\"primaryImageOfPage\":{\"@id\":\"https:\/\/dicodusport.fr\/blog\/jordan-sarrou-le-vtt-donne-un-sentiment-de-liberte\/#primaryimage\"},\"image\":{\"@id\":\"https:\/\/dicodusport.fr\/blog\/jordan-sarrou-le-vtt-donne-un-sentiment-de-liberte\/#primaryimage\"},\"thumbnailUrl\":\"https:\/\/dicodusport.fr\/blog\/wp-content\/uploads\/2017\/08\/Jordan-Sarrou.png\",\"datePublished\":\"2017-08-27T07:12:58+00:00\",\"dateModified\":\"2021-04-13T21:16:39+00:00\",\"description\":\"Nous avons rencontr\u00e9 Jordan Sarrou, r\u00e9cent vainqueur de la Coupe de France de Montgen\u00e8vre, qui vise un top 5 aux championnats du monde de VTT.\",\"breadcrumb\":{\"@id\":\"https:\/\/dicodusport.fr\/blog\/jordan-sarrou-le-vtt-donne-un-sentiment-de-liberte\/#breadcrumb\"},\"inLanguage\":\"fr-FR\",\"potentialAction\":[{\"@type\":\"ReadAction\",\"target\":[\"https:\/\/dicodusport.fr\/blog\/jordan-sarrou-le-vtt-donne-un-sentiment-de-liberte\/\"]}]},{\"@type\":\"ImageObject\",\"inLanguage\":\"fr-FR\",\"@id\":\"https:\/\/dicodusport.fr\/blog\/jordan-sarrou-le-vtt-donne-un-sentiment-de-liberte\/#primaryimage\",\"url\":\"https:\/\/dicodusport.fr\/blog\/wp-content\/uploads\/2017\/08\/Jordan-Sarrou.png\",\"contentUrl\":\"https:\/\/dicodusport.fr\/blog\/wp-content\/uploads\/2017\/08\/Jordan-Sarrou.png\",\"width\":1200,\"height\":670,\"caption\":\"Jordan Sarrou\"},{\"@type\":\"BreadcrumbList\",\"@id\":\"https:\/\/dicodusport.fr\/blog\/jordan-sarrou-le-vtt-donne-un-sentiment-de-liberte\/#breadcrumb\",\"itemListElement\":[{\"@type\":\"ListItem\",\"position\":1,\"name\":\"Accueil\",\"item\":\"https:\/\/dicodusport.fr\/blog\/\"},{\"@type\":\"ListItem\",\"position\":2,\"name\":\"Jordan Sarrou, le VTT donne un sentiment de libert\u00e9\"}]},{\"@type\":\"WebSite\",\"@id\":\"https:\/\/dicodusport.fr\/blog\/#website\",\"url\":\"https:\/\/dicodusport.fr\/blog\/\",\"name\":\"Dicodusport\",\"description\":\"L&#039;encyclop\u00e9die de l&#039;actualit\u00e9 sportive\",\"publisher\":{\"@id\":\"https:\/\/dicodusport.fr\/blog\/#organization\"},\"potentialAction\":[{\"@type\":\"SearchAction\",\"target\":{\"@type\":\"EntryPoint\",\"urlTemplate\":\"https:\/\/dicodusport.fr\/blog\/?s={search_term_string}\"},\"query-input\":{\"@type\":\"PropertyValueSpecification\",\"valueRequired\":true,\"valueName\":\"search_term_string\"}}],\"inLanguage\":\"fr-FR\"},{\"@type\":\"NewsMediaOrganization\",\"@id\":\"https:\/\/dicodusport.fr\/blog\/#organization\",\"name\":\"Dicodusport\",\"url\":\"https:\/\/dicodusport.fr\/blog\/\",\"logo\":{\"@type\":\"ImageObject\",\"inLanguage\":\"fr-FR\",\"@id\":\"https:\/\/dicodusport.fr\/blog\/#\/schema\/logo\/image\/\",\"url\":\"https:\/\/dicodusport.fr\/blog\/wp-content\/uploads\/2020\/06\/cropped-LOGO-DICODUSPORT-2020-SANS-FOND-SANS-TEXTE.png\",\"contentUrl\":\"https:\/\/dicodusport.fr\/blog\/wp-content\/uploads\/2020\/06\/cropped-LOGO-DICODUSPORT-2020-SANS-FOND-SANS-TEXTE.png\",\"width\":512,\"height\":512,\"caption\":\"Dicodusport\"},\"image\":{\"@id\":\"https:\/\/dicodusport.fr\/blog\/#\/schema\/logo\/image\/\"},\"sameAs\":[\"https:\/\/www.facebook.com\/dicodusport\",\"https:\/\/x.com\/dicodusport\",\"https:\/\/www.instagram.com\/dicodusport\/\",\"https:\/\/www.youtube.com\/channel\/UC7V2KZ5sd3htJivAbA4ZG3w\"],\"description\":\"Dicodusport est l'encyclop\u00e9die de l'actualit\u00e9 sportive.\",\"email\":\"bonjour@dicodusport.fr\",\"legalName\":\"DICODUSPORT\",\"foundingDate\":\"2018-01-14\",\"vatID\":\"FR71834470973\",\"taxID\":\"83447097300043\",\"numberOfEmployees\":{\"@type\":\"QuantitativeValue\",\"minValue\":\"1\",\"maxValue\":\"10\"}},{\"@type\":\"Person\",\"@id\":\"https:\/\/dicodusport.fr\/blog\/#\/schema\/person\/55dcb50ad410894e431ed812bbb70191\",\"name\":\"Nicolas Jacquemard\",\"image\":{\"@type\":\"ImageObject\",\"inLanguage\":\"fr-FR\",\"@id\":\"https:\/\/dicodusport.fr\/blog\/#\/schema\/person\/image\/\",\"url\":\"https:\/\/dicodusport.fr\/blog\/wp-content\/uploads\/2021\/05\/Nicolas-Jacquemard-150x150.jpeg\",\"contentUrl\":\"https:\/\/dicodusport.fr\/blog\/wp-content\/uploads\/2021\/05\/Nicolas-Jacquemard-150x150.jpeg\",\"caption\":\"Nicolas Jacquemard\"},\"description\":\"Passionn\u00e9 de sport et entrepreneur depuis mes 18 ans, la cr\u00e9ation de Dicodusport m'a sembl\u00e9 \u00e9vidente pour participer \u00e0 la m\u00e9diatisation d'un plus grand nombre de sports. Le chemin est long mais avec une \u00e9quipe des plus motiv\u00e9es et les Jeux Olympiques de Paris 2024 en point de mire, nous y arriverons ! Journaliste dans le monde du sport depuis plus de 5 ans, je traite aussi bien de football, de rugby, de biathlon que de cyclisme.\",\"sameAs\":[\"https:\/\/www.facebook.com\/dicodusport\",\"https:\/\/x.com\/https:\/\/twitter.com\/Nico_Jacquemard\"],\"url\":\"https:\/\/dicodusport.fr\/blog\/author\/dicodusport\/\"}]}<\/script>\n<!-- \/ Yoast SEO Premium plugin. -->","yoast_head_json":{"title":"Jordan Sarrou, le VTT donne un sentiment de libert\u00e9","description":"Nous avons rencontr\u00e9 Jordan Sarrou, r\u00e9cent vainqueur de la Coupe de France de Montgen\u00e8vre, qui vise un top 5 aux championnats du monde de VTT.","robots":{"index":"index","follow":"follow","max-snippet":"max-snippet:-1","max-image-preview":"max-image-preview:large","max-video-preview":"max-video-preview:-1"},"canonical":"https:\/\/dicodusport.fr\/blog\/jordan-sarrou-le-vtt-donne-un-sentiment-de-liberte\/","og_locale":"fr_FR","og_type":"article","og_title":"Jordan Sarrou, le VTT donne un sentiment de libert\u00e9","og_description":"Nous avons rencontr\u00e9 Jordan Sarrou, r\u00e9cent vainqueur de la Coupe de France de Montgen\u00e8vre, qui vise un top 5 aux championnats du monde de VTT.","og_url":"https:\/\/dicodusport.fr\/blog\/jordan-sarrou-le-vtt-donne-un-sentiment-de-liberte\/","og_site_name":"Dicodusport","article_publisher":"https:\/\/www.facebook.com\/dicodusport","article_author":"https:\/\/www.facebook.com\/dicodusport","article_published_time":"2017-08-27T07:12:58+00:00","article_modified_time":"2021-04-13T21:16:39+00:00","og_image":[{"width":1200,"height":670,"url":"https:\/\/dicodusport.fr\/blog\/wp-content\/uploads\/2017\/08\/Jordan-Sarrou.png","type":"image\/png"}],"author":"Nicolas Jacquemard","twitter_card":"summary_large_image","twitter_creator":"@https:\/\/twitter.com\/Nico_Jacquemard","twitter_site":"@dicodusport","schema":{"@context":"https:\/\/schema.org","@graph":[{"@type":"NewsArticle","@id":"https:\/\/dicodusport.fr\/blog\/jordan-sarrou-le-vtt-donne-un-sentiment-de-liberte\/#article","isPartOf":{"@id":"https:\/\/dicodusport.fr\/blog\/jordan-sarrou-le-vtt-donne-un-sentiment-de-liberte\/"},"author":{"name":"Nicolas Jacquemard","@id":"https:\/\/dicodusport.fr\/blog\/#\/schema\/person\/55dcb50ad410894e431ed812bbb70191"},"headline":"Jordan Sarrou, le VTT donne un sentiment de libert\u00e9","datePublished":"2017-08-27T07:12:58+00:00","dateModified":"2021-04-13T21:16:39+00:00","mainEntityOfPage":{"@id":"https:\/\/dicodusport.fr\/blog\/jordan-sarrou-le-vtt-donne-un-sentiment-de-liberte\/"},"wordCount":630,"commentCount":0,"publisher":{"@id":"https:\/\/dicodusport.fr\/blog\/#organization"},"image":{"@id":"https:\/\/dicodusport.fr\/blog\/jordan-sarrou-le-vtt-donne-un-sentiment-de-liberte\/#primaryimage"},"thumbnailUrl":"https:\/\/dicodusport.fr\/blog\/wp-content\/uploads\/2017\/08\/Jordan-Sarrou.png","keywords":["cross country","Cyclisme","Jordan Sarrou","VTT"],"articleSection":["Portraits","VTT"],"inLanguage":"fr-FR","potentialAction":[{"@type":"CommentAction","name":"Comment","target":["https:\/\/dicodusport.fr\/blog\/jordan-sarrou-le-vtt-donne-un-sentiment-de-liberte\/#respond"]}],"copyrightYear":"2017","copyrightHolder":{"@id":"https:\/\/dicodusport.fr\/blog\/#organization"}},{"@type":"WebPage","@id":"https:\/\/dicodusport.fr\/blog\/jordan-sarrou-le-vtt-donne-un-sentiment-de-liberte\/","url":"https:\/\/dicodusport.fr\/blog\/jordan-sarrou-le-vtt-donne-un-sentiment-de-liberte\/","name":"Jordan Sarrou, le VTT donne un sentiment de libert\u00e9","isPartOf":{"@id":"https:\/\/dicodusport.fr\/blog\/#website"},"primaryImageOfPage":{"@id":"https:\/\/dicodusport.fr\/blog\/jordan-sarrou-le-vtt-donne-un-sentiment-de-liberte\/#primaryimage"},"image":{"@id":"https:\/\/dicodusport.fr\/blog\/jordan-sarrou-le-vtt-donne-un-sentiment-de-liberte\/#primaryimage"},"thumbnailUrl":"https:\/\/dicodusport.fr\/blog\/wp-content\/uploads\/2017\/08\/Jordan-Sarrou.png","datePublished":"2017-08-27T07:12:58+00:00","dateModified":"2021-04-13T21:16:39+00:00","description":"Nous avons rencontr\u00e9 Jordan Sarrou, r\u00e9cent vainqueur de la Coupe de France de Montgen\u00e8vre, qui vise un top 5 aux championnats du monde de VTT.","breadcrumb":{"@id":"https:\/\/dicodusport.fr\/blog\/jordan-sarrou-le-vtt-donne-un-sentiment-de-liberte\/#breadcrumb"},"inLanguage":"fr-FR","potentialAction":[{"@type":"ReadAction","target":["https:\/\/dicodusport.fr\/blog\/jordan-sarrou-le-vtt-donne-un-sentiment-de-liberte\/"]}]},{"@type":"ImageObject","inLanguage":"fr-FR","@id":"https:\/\/dicodusport.fr\/blog\/jordan-sarrou-le-vtt-donne-un-sentiment-de-liberte\/#primaryimage","url":"https:\/\/dicodusport.fr\/blog\/wp-content\/uploads\/2017\/08\/Jordan-Sarrou.png","contentUrl":"https:\/\/dicodusport.fr\/blog\/wp-content\/uploads\/2017\/08\/Jordan-Sarrou.png","width":1200,"height":670,"caption":"Jordan Sarrou"},{"@type":"BreadcrumbList","@id":"https:\/\/dicodusport.fr\/blog\/jordan-sarrou-le-vtt-donne-un-sentiment-de-liberte\/#breadcrumb","itemListElement":[{"@type":"ListItem","position":1,"name":"Accueil","item":"https:\/\/dicodusport.fr\/blog\/"},{"@type":"ListItem","position":2,"name":"Jordan Sarrou, le VTT donne un sentiment de libert\u00e9"}]},{"@type":"WebSite","@id":"https:\/\/dicodusport.fr\/blog\/#website","url":"https:\/\/dicodusport.fr\/blog\/","name":"Dicodusport","description":"L&#039;encyclop\u00e9die de l&#039;actualit\u00e9 sportive","publisher":{"@id":"https:\/\/dicodusport.fr\/blog\/#organization"},"potentialAction":[{"@type":"SearchAction","target":{"@type":"EntryPoint","urlTemplate":"https:\/\/dicodusport.fr\/blog\/?s={search_term_string}"},"query-input":{"@type":"PropertyValueSpecification","valueRequired":true,"valueName":"search_term_string"}}],"inLanguage":"fr-FR"},{"@type":"NewsMediaOrganization","@id":"https:\/\/dicodusport.fr\/blog\/#organization","name":"Dicodusport","url":"https:\/\/dicodusport.fr\/blog\/","logo":{"@type":"ImageObject","inLanguage":"fr-FR","@id":"https:\/\/dicodusport.fr\/blog\/#\/schema\/logo\/image\/","url":"https:\/\/dicodusport.fr\/blog\/wp-content\/uploads\/2020\/06\/cropped-LOGO-DICODUSPORT-2020-SANS-FOND-SANS-TEXTE.png","contentUrl":"https:\/\/dicodusport.fr\/blog\/wp-content\/uploads\/2020\/06\/cropped-LOGO-DICODUSPORT-2020-SANS-FOND-SANS-TEXTE.png","width":512,"height":512,"caption":"Dicodusport"},"image":{"@id":"https:\/\/dicodusport.fr\/blog\/#\/schema\/logo\/image\/"},"sameAs":["https:\/\/www.facebook.com\/dicodusport","https:\/\/x.com\/dicodusport","https:\/\/www.instagram.com\/dicodusport\/","https:\/\/www.youtube.com\/channel\/UC7V2KZ5sd3htJivAbA4ZG3w"],"description":"Dicodusport est l'encyclop\u00e9die de l'actualit\u00e9 sportive.","email":"bonjour@dicodusport.fr","legalName":"DICODUSPORT","foundingDate":"2018-01-14","vatID":"FR71834470973","taxID":"83447097300043","numberOfEmployees":{"@type":"QuantitativeValue","minValue":"1","maxValue":"10"}},{"@type":"Person","@id":"https:\/\/dicodusport.fr\/blog\/#\/schema\/person\/55dcb50ad410894e431ed812bbb70191","name":"Nicolas Jacquemard","image":{"@type":"ImageObject","inLanguage":"fr-FR","@id":"https:\/\/dicodusport.fr\/blog\/#\/schema\/person\/image\/","url":"https:\/\/dicodusport.fr\/blog\/wp-content\/uploads\/2021\/05\/Nicolas-Jacquemard-150x150.jpeg","contentUrl":"https:\/\/dicodusport.fr\/blog\/wp-content\/uploads\/2021\/05\/Nicolas-Jacquemard-150x150.jpeg","caption":"Nicolas Jacquemard"},"description":"Passionn\u00e9 de sport et entrepreneur depuis mes 18 ans, la cr\u00e9ation de Dicodusport m'a sembl\u00e9 \u00e9vidente pour participer \u00e0 la m\u00e9diatisation d'un plus grand nombre de sports. Le chemin est long mais avec une \u00e9quipe des plus motiv\u00e9es et les Jeux Olympiques de Paris 2024 en point de mire, nous y arriverons ! Journaliste dans le monde du sport depuis plus de 5 ans, je traite aussi bien de football, de rugby, de biathlon que de cyclisme.","sameAs":["https:\/\/www.facebook.com\/dicodusport","https:\/\/x.com\/https:\/\/twitter.com\/Nico_Jacquemard"],"url":"https:\/\/dicodusport.fr\/blog\/author\/dicodusport\/"}]}},"_links":{"self":[{"href":"https:\/\/dicodusport.fr\/blog\/wp-json\/wp\/v2\/posts\/4376","targetHints":{"allow":["GET"]}}],"collection":[{"href":"https:\/\/dicodusport.fr\/blog\/wp-json\/wp\/v2\/posts"}],"about":[{"href":"https:\/\/dicodusport.fr\/blog\/wp-json\/wp\/v2\/types\/post"}],"author":[{"embeddable":true,"href":"https:\/\/dicodusport.fr\/blog\/wp-json\/wp\/v2\/users\/1"}],"replies":[{"embeddable":true,"href":"https:\/\/dicodusport.fr\/blog\/wp-json\/wp\/v2\/comments?post=4376"}],"version-history":[{"count":0,"href":"https:\/\/dicodusport.fr\/blog\/wp-json\/wp\/v2\/posts\/4376\/revisions"}],"wp:featuredmedia":[{"embeddable":true,"href":"https:\/\/dicodusport.fr\/blog\/wp-json\/wp\/v2\/media\/4378"}],"wp:attachment":[{"href":"https:\/\/dicodusport.fr\/blog\/wp-json\/wp\/v2\/media?parent=4376"}],"wp:term":[{"taxonomy":"category","embeddable":true,"href":"https:\/\/dicodusport.fr\/blog\/wp-json\/wp\/v2\/categories?post=4376"},{"taxonomy":"post_tag","embeddable":true,"href":"https:\/\/dicodusport.fr\/blog\/wp-json\/wp\/v2\/tags?post=4376"}],"curies":[{"name":"wp","href":"https:\/\/api.w.org\/{rel}","templated":true}]}}