{"id":437643,"date":"2023-11-16T15:06:56","date_gmt":"2023-11-16T14:06:56","guid":{"rendered":"https:\/\/dicodusport.fr\/blog\/?p=437643&#038;preview=true&#038;preview_id=437643"},"modified":"2023-11-16T15:23:39","modified_gmt":"2023-11-16T14:23:39","slug":"caroline-colombo-absente-pour-le-debut-de-saison","status":"publish","type":"post","link":"https:\/\/dicodusport.fr\/blog\/caroline-colombo-absente-pour-le-debut-de-saison\/","title":{"rendered":"Biathlon : Caroline Colombo souffre de neuropathie, pas de date de retour annonc\u00e9e"},"content":{"rendered":"<p style=\"text-align: justify;\"><em><strong>BIATHLON &#8211; Alors qu\u2019elle pouvait largement pr\u00e9tendre \u00e0 \u00eatre dans le groupe France pour ce d\u00e9but de saison de Coupe du monde, St\u00e9phane Bouthiaux (patron du biathlon fran\u00e7ais) avait annonc\u00e9 lundi le forfait de la Doubiste pour les courses d\u2019Ostersund, en Su\u00e8de. Aujourd\u2019hui, la Fran\u00e7aise a annonc\u00e9 souffrir de neuropathie.<\/strong><\/em><\/p>\n<ul>\n<li style=\"text-align: justify;\"><strong>\u00c0 lire aussi &#8211; <a href=\"https:\/\/dicodusport.fr\/blog\/biathlon-ostersund-la-selection-de-lequipe-de-france\/\">Biathlon Ostersund : La s\u00e9lection de l\u2019\u00e9quipe de France<\/a><\/strong><\/li>\n<\/ul>\n<p style=\"text-align: justify;\"><em>\u00ab Caroline a fait une infection urinaire au mois d\u2019ao\u00fbt et, depuis, \u00e7a ne va pas du tout [\u2026] Concr\u00e8tement, elle est victime d\u2019une fatigue chronique sans qu\u2019on en connaisse r\u00e9ellement les raisons \u00bb<\/em>, d\u00e9clarait <strong>St\u00e9phane Bouthiaux<\/strong> en d\u00e9but de semaine \u00e0 nos confr\u00e8res de <em>Nordic Magazine<\/em>. Dans un post Instagram post\u00e9 ce jour, Caroline Colombo annonce, qu\u2019apr\u00e8s une batterie d\u2019examens, elle a pu poser un diagnostic sur les maux dont elle soufrait ces derniers temps. Il s\u2019agirait d\u2019<em>\u00ab une neuropathie qui a \u00e9t\u00e9 caus\u00e9e par la toxicit\u00e9 des antibiotiques pris suite \u00e0 [son] infection urinaire survenue en ao\u00fbt. Pour \u00eatre concr\u00e8te, la toxicit\u00e9 des antibiotiques a attaqu\u00e9 le syst\u00e8me nerveux et j\u2019avais l\u2019impression de dormir avec une fourmili\u00e8re dans mon lit. Une fatigue s\u2019est install\u00e9e \u00bb<\/em>, a-t-elle affirm\u00e9, en parall\u00e8le, dans les colonnes de <a href=\"https:\/\/www.nordicmag.info\/biathlon-le-diagnostic-est-tombe-pour-caroline-colombo-cest-une-neuropathie-1116\/\"><em>Nordic Magazine<\/em><\/a>.<\/p>\n<p style=\"text-align: justify;\">La native de Pontarlier semble soulag\u00e9e de savoir et comprendre l\u2019origine de toute cette fatigue et se veut assur\u00e9ment optimiste pour la suite. Elle qui avait d\u00e9j\u00e0 subi une exp\u00e9rience douloureuse en 2017, avec une fracture ouverte de la cheville (de l\u2019astragale plus pr\u00e9cis\u00e9ment) et qui, d\u2019apr\u00e8s elle, lui avait permis de passer un cap. Elle souhaite d\u00e9sormais s\u2019appuyer sur cette exp\u00e9rience, <em>\u00ab persuad\u00e9e que cette [nouvelle] \u00e9preuve [l]\u2019aidera de nouveau \u00bb<\/em>.<\/p>\n<p><span class=\"LfBX6sFadCSHklPGvw7UWKYjcgD1VR4zOpQTxeoI5M9A8EhN0umZybJ\"><\/p>\n<blockquote class=\"instagram-media\" data-instgrm-captioned data-instgrm-permalink=\"https:\/\/www.instagram.com\/p\/CztB3NYM1ej\/?utm_source=ig_embed&amp;utm_campaign=loading\" data-instgrm-version=\"14\" style=\" background:#FFF; border:0; border-radius:3px; box-shadow:0 0 1px 0 rgba(0,0,0,0.5),0 1px 10px 0 rgba(0,0,0,0.15); margin: 1px; max-width:658px; min-width:326px; padding:0; width:99.375%; width:-webkit-calc(100% - 2px); width:calc(100% - 2px);\">\n<div style=\"padding:16px;\"> <a href=\"https:\/\/www.instagram.com\/p\/CztB3NYM1ej\/?utm_source=ig_embed&amp;utm_campaign=loading\" style=\" background:#FFFFFF; line-height:0; padding:0 0; text-align:center; text-decoration:none; width:100%;\" target=\"_blank\"> <\/p>\n<div style=\" display: flex; flex-direction: row; align-items: center;\">\n<div style=\"background-color: #F4F4F4; border-radius: 50%; flex-grow: 0; height: 40px; margin-right: 14px; width: 40px;\"><\/div>\n<div style=\"display: flex; flex-direction: column; flex-grow: 1; justify-content: center;\">\n<div style=\" background-color: #F4F4F4; border-radius: 4px; flex-grow: 0; height: 14px; margin-bottom: 6px; width: 100px;\"><\/div>\n<div style=\" background-color: #F4F4F4; border-radius: 4px; flex-grow: 0; height: 14px; width: 60px;\"><\/div>\n<\/div>\n<\/div>\n<div style=\"padding: 19% 0;\"><\/div>\n<div style=\"display:block; height:50px; margin:0 auto 12px; width:50px;\"><svg width=\"50px\" height=\"50px\" viewBox=\"0 0 60 60\" version=\"1.1\" xmlns=\"https:\/\/www.w3.org\/2000\/svg\" xmlns:xlink=\"https:\/\/www.w3.org\/1999\/xlink\"><g stroke=\"none\" stroke-width=\"1\" fill=\"none\" fill-rule=\"evenodd\"><g transform=\"translate(-511.000000, -20.000000)\" fill=\"#000000\"><g><path d=\"M556.869,30.41 C554.814,30.41 553.148,32.076 553.148,34.131 C553.148,36.186 554.814,37.852 556.869,37.852 C558.924,37.852 560.59,36.186 560.59,34.131 C560.59,32.076 558.924,30.41 556.869,30.41 M541,60.657 C535.114,60.657 530.342,55.887 530.342,50 C530.342,44.114 535.114,39.342 541,39.342 C546.887,39.342 551.658,44.114 551.658,50 C551.658,55.887 546.887,60.657 541,60.657 M541,33.886 C532.1,33.886 524.886,41.1 524.886,50 C524.886,58.899 532.1,66.113 541,66.113 C549.9,66.113 557.115,58.899 557.115,50 C557.115,41.1 549.9,33.886 541,33.886 M565.378,62.101 C565.244,65.022 564.756,66.606 564.346,67.663 C563.803,69.06 563.154,70.057 562.106,71.106 C561.058,72.155 560.06,72.803 558.662,73.347 C557.607,73.757 556.021,74.244 553.102,74.378 C549.944,74.521 548.997,74.552 541,74.552 C533.003,74.552 532.056,74.521 528.898,74.378 C525.979,74.244 524.393,73.757 523.338,73.347 C521.94,72.803 520.942,72.155 519.894,71.106 C518.846,70.057 518.197,69.06 517.654,67.663 C517.244,66.606 516.755,65.022 516.623,62.101 C516.479,58.943 516.448,57.996 516.448,50 C516.448,42.003 516.479,41.056 516.623,37.899 C516.755,34.978 517.244,33.391 517.654,32.338 C518.197,30.938 518.846,29.942 519.894,28.894 C520.942,27.846 521.94,27.196 523.338,26.654 C524.393,26.244 525.979,25.756 528.898,25.623 C532.057,25.479 533.004,25.448 541,25.448 C548.997,25.448 549.943,25.479 553.102,25.623 C556.021,25.756 557.607,26.244 558.662,26.654 C560.06,27.196 561.058,27.846 562.106,28.894 C563.154,29.942 563.803,30.938 564.346,32.338 C564.756,33.391 565.244,34.978 565.378,37.899 C565.522,41.056 565.552,42.003 565.552,50 C565.552,57.996 565.522,58.943 565.378,62.101 M570.82,37.631 C570.674,34.438 570.167,32.258 569.425,30.349 C568.659,28.377 567.633,26.702 565.965,25.035 C564.297,23.368 562.623,22.342 560.652,21.575 C558.743,20.834 556.562,20.326 553.369,20.18 C550.169,20.033 549.148,20 541,20 C532.853,20 531.831,20.033 528.631,20.18 C525.438,20.326 523.257,20.834 521.349,21.575 C519.376,22.342 517.703,23.368 516.035,25.035 C514.368,26.702 513.342,28.377 512.574,30.349 C511.834,32.258 511.326,34.438 511.181,37.631 C511.035,40.831 511,41.851 511,50 C511,58.147 511.035,59.17 511.181,62.369 C511.326,65.562 511.834,67.743 512.574,69.651 C513.342,71.625 514.368,73.296 516.035,74.965 C517.703,76.634 519.376,77.658 521.349,78.425 C523.257,79.167 525.438,79.673 528.631,79.82 C531.831,79.965 532.853,80.001 541,80.001 C549.148,80.001 550.169,79.965 553.369,79.82 C556.562,79.673 558.743,79.167 560.652,78.425 C562.623,77.658 564.297,76.634 565.965,74.965 C567.633,73.296 568.659,71.625 569.425,69.651 C570.167,67.743 570.674,65.562 570.82,62.369 C570.966,59.17 571,58.147 571,50 C571,41.851 570.966,40.831 570.82,37.631\"><\/path><\/g><\/g><\/g><\/svg><\/div>\n<div style=\"padding-top: 8px;\">\n<div style=\" color:#3897f0; font-family:Arial,sans-serif; font-size:14px; font-style:normal; font-weight:550; line-height:18px;\">View this post on Instagram<\/div>\n<\/div>\n<div style=\"padding: 12.5% 0;\"><\/div>\n<div style=\"display: flex; flex-direction: row; margin-bottom: 14px; align-items: center;\">\n<div>\n<div style=\"background-color: #F4F4F4; border-radius: 50%; height: 12.5px; width: 12.5px; transform: translateX(0px) translateY(7px);\"><\/div>\n<div style=\"background-color: #F4F4F4; height: 12.5px; transform: rotate(-45deg) translateX(3px) translateY(1px); width: 12.5px; flex-grow: 0; margin-right: 14px; margin-left: 2px;\"><\/div>\n<div style=\"background-color: #F4F4F4; border-radius: 50%; height: 12.5px; width: 12.5px; transform: translateX(9px) translateY(-18px);\"><\/div>\n<\/div>\n<div style=\"margin-left: 8px;\">\n<div style=\" background-color: #F4F4F4; border-radius: 50%; flex-grow: 0; height: 20px; width: 20px;\"><\/div>\n<div style=\" width: 0; height: 0; border-top: 2px solid transparent; border-left: 6px solid #f4f4f4; border-bottom: 2px solid transparent; transform: translateX(16px) translateY(-4px) rotate(30deg)\"><\/div>\n<\/div>\n<div style=\"margin-left: auto;\">\n<div style=\" width: 0px; border-top: 8px solid #F4F4F4; border-right: 8px solid transparent; transform: translateY(16px);\"><\/div>\n<div style=\" background-color: #F4F4F4; flex-grow: 0; height: 12px; width: 16px; transform: translateY(-4px);\"><\/div>\n<div style=\" width: 0; height: 0; border-top: 8px solid #F4F4F4; border-left: 8px solid transparent; transform: translateY(-4px) translateX(8px);\"><\/div>\n<\/div>\n<\/div>\n<div style=\"display: flex; flex-direction: column; flex-grow: 1; justify-content: center; margin-bottom: 24px;\">\n<div style=\" background-color: #F4F4F4; border-radius: 4px; flex-grow: 0; height: 14px; margin-bottom: 6px; width: 224px;\"><\/div>\n<div style=\" background-color: #F4F4F4; border-radius: 4px; flex-grow: 0; height: 14px; width: 144px;\"><\/div>\n<\/div>\n<p><\/a><\/p>\n<p style=\" color:#c9c8cd; font-family:Arial,sans-serif; font-size:14px; line-height:17px; margin-bottom:0; margin-top:8px; overflow:hidden; padding:8px 0 7px; text-align:center; text-overflow:ellipsis; white-space:nowrap;\"><a href=\"https:\/\/www.instagram.com\/p\/CztB3NYM1ej\/?utm_source=ig_embed&amp;utm_campaign=loading\" style=\" color:#c9c8cd; font-family:Arial,sans-serif; font-size:14px; font-style:normal; font-weight:normal; line-height:17px; text-decoration:none;\" target=\"_blank\">A post shared by \ud835\udc36\ud835\udc4e\ud835\udc5f\ud835\udc5c\ud835\udc59\ud835\udc56\ud835\udc5b\ud835\udc52 \ud835\udc36\ud835\udc42\ud835\udc3f\ud835\udc42\ud835\udc40\ud835\udc35\ud835\udc42 (@caro.clmb)<\/a><\/p>\n<\/div>\n<\/blockquote>\n<p><script async src=\"\/\/platform.instagram.com\/en_US\/embeds.js\"><\/script><\/span><\/p>\n<p style=\"text-align: justify;\">Pour l\u2019heure, impossible de d\u00e9terminer la dur\u00e9e de l\u2019absence de <strong>Caroline Colombo<\/strong>, elle qui promet de ne pas avoir encore tir\u00e9 un trait sur sa saison. Elle devra avant tout faire preuve de patience et de repos, avant une reprise progressive. Pour l\u2019heure, c&rsquo;est <strong>Gilonne Guigonnat<\/strong> (s\u0153ur d\u2019<strong>Antonin Guigonat<\/strong>) qui prendra place en \u00e9quipe A (pour la deuxi\u00e8me fois de sa carri\u00e8re), \u00e0 la suite des s\u00e9lections de Bessans.<\/p>\n","protected":false},"excerpt":{"rendered":"<p>BIATHLON &#8211; Alors qu\u2019elle pouvait largement pr\u00e9tendre \u00e0 \u00eatre dans le groupe France pour ce d\u00e9but de saison de Coupe du monde, St\u00e9phane Bouthiaux (patron du biathlon fran\u00e7ais) avait annonc\u00e9 lundi le forfait de la Doubiste pour les courses d\u2019Ostersund, en Su\u00e8de. Aujourd\u2019hui, la Fran\u00e7aise a annonc\u00e9 souffrir de neuropathie.<\/p>\n","protected":false},"author":95,"featured_media":437656,"comment_status":"open","ping_status":"closed","sticky":false,"template":"","format":"standard","meta":{"_acf_changed":false,"_daextam_enable_autolinks":"1","footnotes":""},"categories":[47040],"tags":[2427,16878,9369],"class_list":["post-437643","post","type-post","status-publish","format-standard","has-post-thumbnail","hentry","category-coupe-du-monde-de-biathlon","tag-biathlon","tag-breve","tag-caroline-colombo"],"acf":[],"yoast_head":"<!-- This site is optimized with the Yoast SEO Premium plugin v26.7 (Yoast SEO v26.7) - https:\/\/yoast.com\/wordpress\/plugins\/seo\/ -->\n<title>Biathlon : Caroline Colombo souffre de neuropathie, pas de date de retour annonc\u00e9e<\/title>\n<meta name=\"description\" content=\"COUPE DU MONDE DE BIATHLON - Caroline Colombo souffrante de neuropathie manquera le d\u00e9but de la saison de biathlon.\" \/>\n<meta name=\"robots\" content=\"index, follow, max-snippet:-1, max-image-preview:large, max-video-preview:-1\" \/>\n<link rel=\"canonical\" href=\"https:\/\/dicodusport.fr\/blog\/caroline-colombo-absente-pour-le-debut-de-saison\/\" \/>\n<meta property=\"og:locale\" content=\"fr_FR\" \/>\n<meta property=\"og:type\" content=\"article\" \/>\n<meta property=\"og:title\" content=\"Biathlon : Caroline Colombo souffre de neuropathie, pas de date de retour annonc\u00e9e\" \/>\n<meta property=\"og:description\" content=\"COUPE DU MONDE DE BIATHLON - Caroline Colombo souffrante de neuropathie manquera le d\u00e9but de la saison de biathlon.\" \/>\n<meta property=\"og:url\" content=\"https:\/\/dicodusport.fr\/blog\/caroline-colombo-absente-pour-le-debut-de-saison\/\" \/>\n<meta property=\"og:site_name\" content=\"Dicodusport\" \/>\n<meta property=\"article:publisher\" content=\"https:\/\/www.facebook.com\/dicodusport\" \/>\n<meta property=\"article:published_time\" content=\"2023-11-16T14:06:56+00:00\" \/>\n<meta property=\"article:modified_time\" content=\"2023-11-16T14:23:39+00:00\" \/>\n<meta property=\"og:image\" content=\"https:\/\/dicodusport.fr\/blog\/wp-content\/uploads\/2023\/11\/Biathlon-Caroline-Colombo-souffre-de-neuropathie-pas-de-date-de-retour-annoncee.png\" \/>\n\t<meta property=\"og:image:width\" content=\"800\" \/>\n\t<meta property=\"og:image:height\" content=\"445\" \/>\n\t<meta property=\"og:image:type\" content=\"image\/png\" \/>\n<meta name=\"author\" content=\"Florian Vernet\" \/>\n<meta name=\"twitter:card\" content=\"summary_large_image\" \/>\n<meta name=\"twitter:title\" content=\"Biathlon : Caroline Colombo souffre de neuropathie, pas de date de retour annonc\u00e9e\" \/>\n<meta name=\"twitter:creator\" content=\"@dicodusport\" \/>\n<meta name=\"twitter:site\" content=\"@dicodusport\" \/>\n<script type=\"application\/ld+json\" class=\"yoast-schema-graph\">{\"@context\":\"https:\/\/schema.org\",\"@graph\":[{\"@type\":\"NewsArticle\",\"@id\":\"https:\/\/dicodusport.fr\/blog\/caroline-colombo-absente-pour-le-debut-de-saison\/#article\",\"isPartOf\":{\"@id\":\"https:\/\/dicodusport.fr\/blog\/caroline-colombo-absente-pour-le-debut-de-saison\/\"},\"author\":{\"name\":\"Florian Vernet\",\"@id\":\"https:\/\/dicodusport.fr\/blog\/#\/schema\/person\/8d5318ade56dccc8d6ba87254c479570\"},\"headline\":\"Biathlon : Caroline Colombo souffre de neuropathie, pas de date de retour annonc\u00e9e\",\"datePublished\":\"2023-11-16T14:06:56+00:00\",\"dateModified\":\"2023-11-16T14:23:39+00:00\",\"mainEntityOfPage\":{\"@id\":\"https:\/\/dicodusport.fr\/blog\/caroline-colombo-absente-pour-le-debut-de-saison\/\"},\"wordCount\":419,\"commentCount\":0,\"publisher\":{\"@id\":\"https:\/\/dicodusport.fr\/blog\/#organization\"},\"image\":{\"@id\":\"https:\/\/dicodusport.fr\/blog\/caroline-colombo-absente-pour-le-debut-de-saison\/#primaryimage\"},\"thumbnailUrl\":\"https:\/\/dicodusport.fr\/blog\/wp-content\/uploads\/2023\/11\/Biathlon-Caroline-Colombo-souffre-de-neuropathie-pas-de-date-de-retour-annoncee.png\",\"keywords\":[\"Biathlon\",\"br\u00e8ve\",\"Caroline Colombo\"],\"articleSection\":[\"Coupe du monde de biathlon\"],\"inLanguage\":\"fr-FR\",\"potentialAction\":[{\"@type\":\"CommentAction\",\"name\":\"Comment\",\"target\":[\"https:\/\/dicodusport.fr\/blog\/caroline-colombo-absente-pour-le-debut-de-saison\/#respond\"]}],\"copyrightYear\":\"2023\",\"copyrightHolder\":{\"@id\":\"https:\/\/dicodusport.fr\/blog\/#organization\"}},{\"@type\":\"WebPage\",\"@id\":\"https:\/\/dicodusport.fr\/blog\/caroline-colombo-absente-pour-le-debut-de-saison\/\",\"url\":\"https:\/\/dicodusport.fr\/blog\/caroline-colombo-absente-pour-le-debut-de-saison\/\",\"name\":\"Biathlon : Caroline Colombo souffre de neuropathie, pas de date de retour annonc\u00e9e\",\"isPartOf\":{\"@id\":\"https:\/\/dicodusport.fr\/blog\/#website\"},\"primaryImageOfPage\":{\"@id\":\"https:\/\/dicodusport.fr\/blog\/caroline-colombo-absente-pour-le-debut-de-saison\/#primaryimage\"},\"image\":{\"@id\":\"https:\/\/dicodusport.fr\/blog\/caroline-colombo-absente-pour-le-debut-de-saison\/#primaryimage\"},\"thumbnailUrl\":\"https:\/\/dicodusport.fr\/blog\/wp-content\/uploads\/2023\/11\/Biathlon-Caroline-Colombo-souffre-de-neuropathie-pas-de-date-de-retour-annoncee.png\",\"datePublished\":\"2023-11-16T14:06:56+00:00\",\"dateModified\":\"2023-11-16T14:23:39+00:00\",\"description\":\"COUPE DU MONDE DE BIATHLON - Caroline Colombo souffrante de neuropathie manquera le d\u00e9but de la saison de biathlon.\",\"breadcrumb\":{\"@id\":\"https:\/\/dicodusport.fr\/blog\/caroline-colombo-absente-pour-le-debut-de-saison\/#breadcrumb\"},\"inLanguage\":\"fr-FR\",\"potentialAction\":[{\"@type\":\"ReadAction\",\"target\":[\"https:\/\/dicodusport.fr\/blog\/caroline-colombo-absente-pour-le-debut-de-saison\/\"]}]},{\"@type\":\"ImageObject\",\"inLanguage\":\"fr-FR\",\"@id\":\"https:\/\/dicodusport.fr\/blog\/caroline-colombo-absente-pour-le-debut-de-saison\/#primaryimage\",\"url\":\"https:\/\/dicodusport.fr\/blog\/wp-content\/uploads\/2023\/11\/Biathlon-Caroline-Colombo-souffre-de-neuropathie-pas-de-date-de-retour-annoncee.png\",\"contentUrl\":\"https:\/\/dicodusport.fr\/blog\/wp-content\/uploads\/2023\/11\/Biathlon-Caroline-Colombo-souffre-de-neuropathie-pas-de-date-de-retour-annoncee.png\",\"width\":800,\"height\":445,\"caption\":\"Biathlon Caroline Colombo souffre de neuropathie, pas de date de retour annonc\u00e9e\"},{\"@type\":\"BreadcrumbList\",\"@id\":\"https:\/\/dicodusport.fr\/blog\/caroline-colombo-absente-pour-le-debut-de-saison\/#breadcrumb\",\"itemListElement\":[{\"@type\":\"ListItem\",\"position\":1,\"name\":\"Accueil\",\"item\":\"https:\/\/dicodusport.fr\/blog\/\"},{\"@type\":\"ListItem\",\"position\":2,\"name\":\"Biathlon : Caroline Colombo souffre de neuropathie, pas de date de retour annonc\u00e9e\"}]},{\"@type\":\"WebSite\",\"@id\":\"https:\/\/dicodusport.fr\/blog\/#website\",\"url\":\"https:\/\/dicodusport.fr\/blog\/\",\"name\":\"Dicodusport\",\"description\":\"L&#039;encyclop\u00e9die de l&#039;actualit\u00e9 sportive\",\"publisher\":{\"@id\":\"https:\/\/dicodusport.fr\/blog\/#organization\"},\"potentialAction\":[{\"@type\":\"SearchAction\",\"target\":{\"@type\":\"EntryPoint\",\"urlTemplate\":\"https:\/\/dicodusport.fr\/blog\/?s={search_term_string}\"},\"query-input\":{\"@type\":\"PropertyValueSpecification\",\"valueRequired\":true,\"valueName\":\"search_term_string\"}}],\"inLanguage\":\"fr-FR\"},{\"@type\":\"NewsMediaOrganization\",\"@id\":\"https:\/\/dicodusport.fr\/blog\/#organization\",\"name\":\"Dicodusport\",\"url\":\"https:\/\/dicodusport.fr\/blog\/\",\"logo\":{\"@type\":\"ImageObject\",\"inLanguage\":\"fr-FR\",\"@id\":\"https:\/\/dicodusport.fr\/blog\/#\/schema\/logo\/image\/\",\"url\":\"https:\/\/dicodusport.fr\/blog\/wp-content\/uploads\/2020\/06\/cropped-LOGO-DICODUSPORT-2020-SANS-FOND-SANS-TEXTE.png\",\"contentUrl\":\"https:\/\/dicodusport.fr\/blog\/wp-content\/uploads\/2020\/06\/cropped-LOGO-DICODUSPORT-2020-SANS-FOND-SANS-TEXTE.png\",\"width\":512,\"height\":512,\"caption\":\"Dicodusport\"},\"image\":{\"@id\":\"https:\/\/dicodusport.fr\/blog\/#\/schema\/logo\/image\/\"},\"sameAs\":[\"https:\/\/www.facebook.com\/dicodusport\",\"https:\/\/x.com\/dicodusport\",\"https:\/\/www.instagram.com\/dicodusport\/\",\"https:\/\/www.youtube.com\/channel\/UC7V2KZ5sd3htJivAbA4ZG3w\"],\"description\":\"Dicodusport est l'encyclop\u00e9die de l'actualit\u00e9 sportive.\",\"email\":\"bonjour@dicodusport.fr\",\"legalName\":\"DICODUSPORT\",\"foundingDate\":\"2018-01-14\",\"vatID\":\"FR71834470973\",\"taxID\":\"83447097300043\",\"numberOfEmployees\":{\"@type\":\"QuantitativeValue\",\"minValue\":\"1\",\"maxValue\":\"10\"}},{\"@type\":\"Person\",\"@id\":\"https:\/\/dicodusport.fr\/blog\/#\/schema\/person\/8d5318ade56dccc8d6ba87254c479570\",\"name\":\"Florian Vernet\",\"image\":{\"@type\":\"ImageObject\",\"inLanguage\":\"fr-FR\",\"@id\":\"https:\/\/dicodusport.fr\/blog\/#\/schema\/person\/image\/\",\"url\":\"https:\/\/dicodusport.fr\/blog\/wp-content\/uploads\/2023\/10\/Capture-Copie-150x150.jpg\",\"contentUrl\":\"https:\/\/dicodusport.fr\/blog\/wp-content\/uploads\/2023\/10\/Capture-Copie-150x150.jpg\",\"caption\":\"Florian Vernet\"},\"url\":\"https:\/\/dicodusport.fr\/blog\/author\/florian-vernet\/\"}]}<\/script>\n<!-- \/ Yoast SEO Premium plugin. -->","yoast_head_json":{"title":"Biathlon : Caroline Colombo souffre de neuropathie, pas de date de retour annonc\u00e9e","description":"COUPE DU MONDE DE BIATHLON - Caroline Colombo souffrante de neuropathie manquera le d\u00e9but de la saison de biathlon.","robots":{"index":"index","follow":"follow","max-snippet":"max-snippet:-1","max-image-preview":"max-image-preview:large","max-video-preview":"max-video-preview:-1"},"canonical":"https:\/\/dicodusport.fr\/blog\/caroline-colombo-absente-pour-le-debut-de-saison\/","og_locale":"fr_FR","og_type":"article","og_title":"Biathlon : Caroline Colombo souffre de neuropathie, pas de date de retour annonc\u00e9e","og_description":"COUPE DU MONDE DE BIATHLON - Caroline Colombo souffrante de neuropathie manquera le d\u00e9but de la saison de biathlon.","og_url":"https:\/\/dicodusport.fr\/blog\/caroline-colombo-absente-pour-le-debut-de-saison\/","og_site_name":"Dicodusport","article_publisher":"https:\/\/www.facebook.com\/dicodusport","article_published_time":"2023-11-16T14:06:56+00:00","article_modified_time":"2023-11-16T14:23:39+00:00","og_image":[{"width":800,"height":445,"url":"https:\/\/dicodusport.fr\/blog\/wp-content\/uploads\/2023\/11\/Biathlon-Caroline-Colombo-souffre-de-neuropathie-pas-de-date-de-retour-annoncee.png","type":"image\/png"}],"author":"Florian Vernet","twitter_card":"summary_large_image","twitter_title":"Biathlon : Caroline Colombo souffre de neuropathie, pas de date de retour annonc\u00e9e","twitter_creator":"@dicodusport","twitter_site":"@dicodusport","schema":{"@context":"https:\/\/schema.org","@graph":[{"@type":"NewsArticle","@id":"https:\/\/dicodusport.fr\/blog\/caroline-colombo-absente-pour-le-debut-de-saison\/#article","isPartOf":{"@id":"https:\/\/dicodusport.fr\/blog\/caroline-colombo-absente-pour-le-debut-de-saison\/"},"author":{"name":"Florian Vernet","@id":"https:\/\/dicodusport.fr\/blog\/#\/schema\/person\/8d5318ade56dccc8d6ba87254c479570"},"headline":"Biathlon : Caroline Colombo souffre de neuropathie, pas de date de retour annonc\u00e9e","datePublished":"2023-11-16T14:06:56+00:00","dateModified":"2023-11-16T14:23:39+00:00","mainEntityOfPage":{"@id":"https:\/\/dicodusport.fr\/blog\/caroline-colombo-absente-pour-le-debut-de-saison\/"},"wordCount":419,"commentCount":0,"publisher":{"@id":"https:\/\/dicodusport.fr\/blog\/#organization"},"image":{"@id":"https:\/\/dicodusport.fr\/blog\/caroline-colombo-absente-pour-le-debut-de-saison\/#primaryimage"},"thumbnailUrl":"https:\/\/dicodusport.fr\/blog\/wp-content\/uploads\/2023\/11\/Biathlon-Caroline-Colombo-souffre-de-neuropathie-pas-de-date-de-retour-annoncee.png","keywords":["Biathlon","br\u00e8ve","Caroline Colombo"],"articleSection":["Coupe du monde de biathlon"],"inLanguage":"fr-FR","potentialAction":[{"@type":"CommentAction","name":"Comment","target":["https:\/\/dicodusport.fr\/blog\/caroline-colombo-absente-pour-le-debut-de-saison\/#respond"]}],"copyrightYear":"2023","copyrightHolder":{"@id":"https:\/\/dicodusport.fr\/blog\/#organization"}},{"@type":"WebPage","@id":"https:\/\/dicodusport.fr\/blog\/caroline-colombo-absente-pour-le-debut-de-saison\/","url":"https:\/\/dicodusport.fr\/blog\/caroline-colombo-absente-pour-le-debut-de-saison\/","name":"Biathlon : Caroline Colombo souffre de neuropathie, pas de date de retour annonc\u00e9e","isPartOf":{"@id":"https:\/\/dicodusport.fr\/blog\/#website"},"primaryImageOfPage":{"@id":"https:\/\/dicodusport.fr\/blog\/caroline-colombo-absente-pour-le-debut-de-saison\/#primaryimage"},"image":{"@id":"https:\/\/dicodusport.fr\/blog\/caroline-colombo-absente-pour-le-debut-de-saison\/#primaryimage"},"thumbnailUrl":"https:\/\/dicodusport.fr\/blog\/wp-content\/uploads\/2023\/11\/Biathlon-Caroline-Colombo-souffre-de-neuropathie-pas-de-date-de-retour-annoncee.png","datePublished":"2023-11-16T14:06:56+00:00","dateModified":"2023-11-16T14:23:39+00:00","description":"COUPE DU MONDE DE BIATHLON - Caroline Colombo souffrante de neuropathie manquera le d\u00e9but de la saison de biathlon.","breadcrumb":{"@id":"https:\/\/dicodusport.fr\/blog\/caroline-colombo-absente-pour-le-debut-de-saison\/#breadcrumb"},"inLanguage":"fr-FR","potentialAction":[{"@type":"ReadAction","target":["https:\/\/dicodusport.fr\/blog\/caroline-colombo-absente-pour-le-debut-de-saison\/"]}]},{"@type":"ImageObject","inLanguage":"fr-FR","@id":"https:\/\/dicodusport.fr\/blog\/caroline-colombo-absente-pour-le-debut-de-saison\/#primaryimage","url":"https:\/\/dicodusport.fr\/blog\/wp-content\/uploads\/2023\/11\/Biathlon-Caroline-Colombo-souffre-de-neuropathie-pas-de-date-de-retour-annoncee.png","contentUrl":"https:\/\/dicodusport.fr\/blog\/wp-content\/uploads\/2023\/11\/Biathlon-Caroline-Colombo-souffre-de-neuropathie-pas-de-date-de-retour-annoncee.png","width":800,"height":445,"caption":"Biathlon Caroline Colombo souffre de neuropathie, pas de date de retour annonc\u00e9e"},{"@type":"BreadcrumbList","@id":"https:\/\/dicodusport.fr\/blog\/caroline-colombo-absente-pour-le-debut-de-saison\/#breadcrumb","itemListElement":[{"@type":"ListItem","position":1,"name":"Accueil","item":"https:\/\/dicodusport.fr\/blog\/"},{"@type":"ListItem","position":2,"name":"Biathlon : Caroline Colombo souffre de neuropathie, pas de date de retour annonc\u00e9e"}]},{"@type":"WebSite","@id":"https:\/\/dicodusport.fr\/blog\/#website","url":"https:\/\/dicodusport.fr\/blog\/","name":"Dicodusport","description":"L&#039;encyclop\u00e9die de l&#039;actualit\u00e9 sportive","publisher":{"@id":"https:\/\/dicodusport.fr\/blog\/#organization"},"potentialAction":[{"@type":"SearchAction","target":{"@type":"EntryPoint","urlTemplate":"https:\/\/dicodusport.fr\/blog\/?s={search_term_string}"},"query-input":{"@type":"PropertyValueSpecification","valueRequired":true,"valueName":"search_term_string"}}],"inLanguage":"fr-FR"},{"@type":"NewsMediaOrganization","@id":"https:\/\/dicodusport.fr\/blog\/#organization","name":"Dicodusport","url":"https:\/\/dicodusport.fr\/blog\/","logo":{"@type":"ImageObject","inLanguage":"fr-FR","@id":"https:\/\/dicodusport.fr\/blog\/#\/schema\/logo\/image\/","url":"https:\/\/dicodusport.fr\/blog\/wp-content\/uploads\/2020\/06\/cropped-LOGO-DICODUSPORT-2020-SANS-FOND-SANS-TEXTE.png","contentUrl":"https:\/\/dicodusport.fr\/blog\/wp-content\/uploads\/2020\/06\/cropped-LOGO-DICODUSPORT-2020-SANS-FOND-SANS-TEXTE.png","width":512,"height":512,"caption":"Dicodusport"},"image":{"@id":"https:\/\/dicodusport.fr\/blog\/#\/schema\/logo\/image\/"},"sameAs":["https:\/\/www.facebook.com\/dicodusport","https:\/\/x.com\/dicodusport","https:\/\/www.instagram.com\/dicodusport\/","https:\/\/www.youtube.com\/channel\/UC7V2KZ5sd3htJivAbA4ZG3w"],"description":"Dicodusport est l'encyclop\u00e9die de l'actualit\u00e9 sportive.","email":"bonjour@dicodusport.fr","legalName":"DICODUSPORT","foundingDate":"2018-01-14","vatID":"FR71834470973","taxID":"83447097300043","numberOfEmployees":{"@type":"QuantitativeValue","minValue":"1","maxValue":"10"}},{"@type":"Person","@id":"https:\/\/dicodusport.fr\/blog\/#\/schema\/person\/8d5318ade56dccc8d6ba87254c479570","name":"Florian Vernet","image":{"@type":"ImageObject","inLanguage":"fr-FR","@id":"https:\/\/dicodusport.fr\/blog\/#\/schema\/person\/image\/","url":"https:\/\/dicodusport.fr\/blog\/wp-content\/uploads\/2023\/10\/Capture-Copie-150x150.jpg","contentUrl":"https:\/\/dicodusport.fr\/blog\/wp-content\/uploads\/2023\/10\/Capture-Copie-150x150.jpg","caption":"Florian Vernet"},"url":"https:\/\/dicodusport.fr\/blog\/author\/florian-vernet\/"}]}},"_links":{"self":[{"href":"https:\/\/dicodusport.fr\/blog\/wp-json\/wp\/v2\/posts\/437643","targetHints":{"allow":["GET"]}}],"collection":[{"href":"https:\/\/dicodusport.fr\/blog\/wp-json\/wp\/v2\/posts"}],"about":[{"href":"https:\/\/dicodusport.fr\/blog\/wp-json\/wp\/v2\/types\/post"}],"author":[{"embeddable":true,"href":"https:\/\/dicodusport.fr\/blog\/wp-json\/wp\/v2\/users\/95"}],"replies":[{"embeddable":true,"href":"https:\/\/dicodusport.fr\/blog\/wp-json\/wp\/v2\/comments?post=437643"}],"version-history":[{"count":5,"href":"https:\/\/dicodusport.fr\/blog\/wp-json\/wp\/v2\/posts\/437643\/revisions"}],"predecessor-version":[{"id":437664,"href":"https:\/\/dicodusport.fr\/blog\/wp-json\/wp\/v2\/posts\/437643\/revisions\/437664"}],"wp:featuredmedia":[{"embeddable":true,"href":"https:\/\/dicodusport.fr\/blog\/wp-json\/wp\/v2\/media\/437656"}],"wp:attachment":[{"href":"https:\/\/dicodusport.fr\/blog\/wp-json\/wp\/v2\/media?parent=437643"}],"wp:term":[{"taxonomy":"category","embeddable":true,"href":"https:\/\/dicodusport.fr\/blog\/wp-json\/wp\/v2\/categories?post=437643"},{"taxonomy":"post_tag","embeddable":true,"href":"https:\/\/dicodusport.fr\/blog\/wp-json\/wp\/v2\/tags?post=437643"}],"curies":[{"name":"wp","href":"https:\/\/api.w.org\/{rel}","templated":true}]}}