{"id":437867,"date":"2023-11-20T11:04:39","date_gmt":"2023-11-20T10:04:39","guid":{"rendered":"https:\/\/dicodusport.fr\/blog\/?p=437867&#038;preview=true&#038;preview_id=437867"},"modified":"2023-11-20T13:05:19","modified_gmt":"2023-11-20T12:05:19","slug":"biathlon-pays-baltes-groenland-asie-zoom-sur-les-nations-emergentes-et-surprenantes","status":"publish","type":"post","link":"https:\/\/dicodusport.fr\/blog\/biathlon-pays-baltes-groenland-asie-zoom-sur-les-nations-emergentes-et-surprenantes\/","title":{"rendered":"Biathlon : Pays baltes, Groenland, Asie, zoom sur les nations \u00e9mergentes et surprenantes"},"content":{"rendered":"<p style=\"text-align: justify;\"><strong><em><a href=\"https:\/\/dicodusport.fr\/blog\/actualites\/biathlon\/\">BIATHLON<\/a> &#8211; \u00c0 quelques jours du d\u00e9but de la saison (samedi 25 novembre \u00e0 \u00d6stersund), la r\u00e9daction de Dicodusport vous propose un tour d&rsquo;horizon des biathl\u00e8tes issus de nations \u00e9mergentes sur les pistes et pas de tir internationaux.<\/em><\/strong><\/p>\n<ul>\n<li style=\"text-align: justify;\"><strong>\u00c0 lire aussi &#8211; <a href=\"https:\/\/dicodusport.fr\/blog\/coupe-du-monde-de-biathlon-2023-2024-le-calendrier-complet\/\">Le calendrier complet de la Coupe du monde de biathlon 2023-2024<\/a><\/strong><\/li>\n<\/ul>\n<p style=\"text-align: justify;\">Le ski alpin peut se vanter d&rsquo;une certaine universalit\u00e9 lors des grands championnats. \u00c0 chaque fois ou presque, il est possible de retrouver au portillon la fratrie <strong>Sz\u0151ll\u0151s,<\/strong> repr\u00e9sentant Isra\u00ebl, ou celle des <strong>Simari Birkner<\/strong> aux couleurs de l&rsquo;Argentine. Ha\u00efti et le Timor-Leste ont d&rsquo;ailleurs l&rsquo;habitude d&rsquo;envoyer sur les diff\u00e9rents championnats <strong>Jean-Pierre Roy<\/strong>\u00a0qui, \u00e0 soixante ans, a disput\u00e9 l&rsquo;an dernier ses septi\u00e8mes mondiaux de rang, et <strong>Yohan Goncalves Goutt<\/strong> qui a disput\u00e9 ses quatri\u00e8mes Championnats du monde, aux couleurs de son pays, dont l&rsquo;\u00eele est partag\u00e9e avec l&rsquo;Indon\u00e9sie. Au rang des repr\u00e9sentations de nations exotiques, le Chilien <strong>Henrik von Appen<\/strong> est sans doute celui pr\u00e9sentant le meilleur CV, fort de sa 22\u00e8me place sur la derni\u00e8re descente de Courchevel-M\u00e9ribel, avec <strong>Barnabas Sz\u0151ll\u0151s<\/strong> (11\u00e8me du combin\u00e9 alpin).<\/p>\n<p style=\"text-align: justify;\">En revanche, le biathlon a encore quelques progr\u00e8s \u00e0 faire avant de proposer un destin \u00e0 la <em>Rasta Rockett<\/em>. \u00c0 l&rsquo;aube de cette saison 2023-2024, l&rsquo;IBU ne compte que 61 f\u00e9d\u00e9rations membres. Il faut m\u00eame nuancer ce chiffre puisque certaines comme la Tha\u00eflande, le Liban ou l&rsquo;Inde, n&rsquo;ont pas de repr\u00e9sentant en Coupe du monde, ni m\u00eame en IBU Cup. Pourtant, certaines nations tentent de se faire une place sur l&rsquo;\u00e9chiquier mondial, avec plus ou moins de succ\u00e8s. Partons \u00e0 la d\u00e9couverte de certaines d&rsquo;entre elles.<\/p>\n<h2 style=\"text-align: justify;\">Les pays baltes, fers de lance des nations \u00e9mergentes<\/h2>\n<p style=\"text-align: justify;\">Au rayon des nations \u00e9mergentes, les pays baltes occupent une place de choix. Auparavant, les repr\u00e9sentants de ces pays concourraient pour l&rsquo;URSS (jusqu&rsquo;\u00e0 sa dislocation) qui \u00e9tait une nation importante du biathlon \u00e0 l&rsquo;image des deux gros globes glan\u00e9s par <strong>Sergue\u00ef Tchepikov<\/strong>. Depuis, ces pays concourent sous leurs propres couleurs. R\u00e9cemment, le plus connu est sans doute <strong>Andrejs Rastorgujevs<\/strong> qui compte 293 d\u00e9parts en Coupe du monde, depuis son premier en 2009. R\u00e9put\u00e9 comme un excellent fondeur, son tir lui fait souvent d\u00e9faut. Il compte n\u00e9anmoins trois podiums en Coupe du monde (deux deuxi\u00e8mes places et une troisi\u00e8me) et trois titres de champion d&rsquo;Europe (2014, 2018, 2021).<\/p>\n<div id=\"attachment_438684\" style=\"width: 810px\" class=\"wp-caption aligncenter\"><img loading=\"lazy\" decoding=\"async\" aria-describedby=\"caption-attachment-438684\" class=\"size-full wp-image-438684\" src=\"https:\/\/dicodusport.fr\/blog\/wp-content\/uploads\/2023\/11\/Andrejs-Rastorgujevs-Lettonie-lors-des-championnats-dEurope-de-biathlon-2023-a-Lenzerheide.png\" alt=\"Andrejs Rastorgujevs (Lettonie) lors des championnats d'Europe de biathlon 2023 \u00e0 Lenzerheide\" width=\"800\" height=\"445\" srcset=\"https:\/\/dicodusport.fr\/blog\/wp-content\/uploads\/2023\/11\/Andrejs-Rastorgujevs-Lettonie-lors-des-championnats-dEurope-de-biathlon-2023-a-Lenzerheide.png 800w, https:\/\/dicodusport.fr\/blog\/wp-content\/uploads\/2023\/11\/Andrejs-Rastorgujevs-Lettonie-lors-des-championnats-dEurope-de-biathlon-2023-a-Lenzerheide-300x167.png 300w, https:\/\/dicodusport.fr\/blog\/wp-content\/uploads\/2023\/11\/Andrejs-Rastorgujevs-Lettonie-lors-des-championnats-dEurope-de-biathlon-2023-a-Lenzerheide-768x427.png 768w\" sizes=\"auto, (max-width: 800px) 100vw, 800px\" \/><p id=\"caption-attachment-438684\" class=\"wp-caption-text\">Andrejs Rastorgujevs (Lettonie) lors des championnats d&rsquo;Europe de biathlon 2023 \u00e0 Lenzerheide &#8211; Photo Icon Sport<\/p><\/div>\n<p style=\"text-align: justify;\">Relativement esseul\u00e9 dans son \u00e9quipe, <strong>Rastorgujevs<\/strong> n&rsquo;a pas les \u00e9quipiers pour permettre \u00e0 la Lettonie de performer sur les relais. L&rsquo;Estonie, elle, peut compter sur une plus forte densit\u00e9 \u00e0 l&rsquo;image de <strong>Rene Zahkna<\/strong> chez les hommes, <strong>Regina Ermits<\/strong> mais surtout <strong>Tuuli Tomingas<\/strong> chez les femmes. Les deux premiers ne semblent pas encore en mesure de bousculer la hi\u00e9rarchie. <strong>Ermits<\/strong> a pour meilleur r\u00e9sultat l&rsquo;an pass\u00e9 une 50\u00e8me place sur l&rsquo;individuel d&rsquo;\u00d6stersund tandis que <strong>Zahkna<\/strong> est rentr\u00e9 par deux fois dans le top 20 d&rsquo;une \u00e9preuve de Coupe du monde. <strong>Tomingas<\/strong> quant \u00e0 elle sort d&rsquo;une saison 2022-2023 au cours de laquelle elle a fini 6\u00e8me de l&rsquo;individuel des Mondiaux.<\/p>\n<h2 style=\"text-align: justify;\">S&rsquo;inspirer du pr\u00e9c\u00e9dent estonien<\/h2>\n<p style=\"text-align: justify;\">Une course peut r\u00e9sumer la progression de l&rsquo;Estonie ces derni\u00e8res ann\u00e9es. En 2020, la paire <strong>Zahkna-Ermits<\/strong> a d\u00e9croch\u00e9 l&rsquo;argent du relais mixte simple sur la Coupe du monde de Pokljuka derri\u00e8re l&rsquo;\u00e9quipe de France. V\u00e9ritable surprise, les Estoniens n&rsquo;ont pas confirm\u00e9 par la suite mais peuvent inspirer la Lituanie. L&rsquo;exp\u00e9rience de <strong>Vytautas Strolia<\/strong> (4\u00e8me du sprint de Ruhpolding en 2021\/2022) et de <strong>Tomas Kaukenas<\/strong> (13\u00e8me de la poursuite aux JO 2018) associ\u00e9e \u00e0 la jeunesse de <strong>Maksim Fomin<\/strong>, souvent aux portes du top 50 de diff\u00e9rentes \u00e9preuves l&rsquo;an dernier, peut laisser entrevoir une progression du relais avec <strong>Karol Dombrovski<\/strong> en quatri\u00e8me homme. L&rsquo;objectif sera d&rsquo;int\u00e9grer le top 10 de mani\u00e8re plus fr\u00e9quente (un seul top 10 l&rsquo;an dernier, 8\u00e8me \u00e0 Kontiolahti). Sur les relais mixtes, la t\u00e2che s&rsquo;annonce plus difficile.<\/p>\n<h2>L&rsquo;\u00e9mergence du Groenland<\/h2>\n<p style=\"text-align: justify;\">L&rsquo;an dernier en Coupe du monde, <strong>Ukaleq Astri Slettemark<\/strong> a disput\u00e9 cinq \u00e9preuves (en plus des mondiaux). Autrement dit, autant qu&rsquo;au cours des deux saisons d&rsquo;avant. En cinq courses, la native de Nuuk s&rsquo;est distingu\u00e9e par deux Top 30 lui permettant de marquer ses premiers points en Coupe du monde et d&rsquo;inscrire le drapeau du Groenland sur le classement g\u00e9n\u00e9ral du gros globe. Gr\u00e2ce \u00e0 une 21\u00e8me et une 28\u00e8me place sur l&rsquo;individuel et la mass start de Ruhpolding, <strong>Slettermark<\/strong> a su se faire remarquer et on devrait la retrouver plus souvent cette saison.<\/p>\n<div id=\"attachment_438683\" style=\"width: 810px\" class=\"wp-caption aligncenter\"><img loading=\"lazy\" decoding=\"async\" aria-describedby=\"caption-attachment-438683\" class=\"size-full wp-image-438683\" src=\"https:\/\/dicodusport.fr\/blog\/wp-content\/uploads\/2023\/11\/Ukaleq-Astri-Slettemark-Groenland-a-loccasion-des-JO-de-Pekin-2022.png\" alt=\"Ukaleq Astri Slettemark (Groenland), \u00e0 l'occasion des JO de P\u00e9kin 2022\" width=\"800\" height=\"445\" srcset=\"https:\/\/dicodusport.fr\/blog\/wp-content\/uploads\/2023\/11\/Ukaleq-Astri-Slettemark-Groenland-a-loccasion-des-JO-de-Pekin-2022.png 800w, https:\/\/dicodusport.fr\/blog\/wp-content\/uploads\/2023\/11\/Ukaleq-Astri-Slettemark-Groenland-a-loccasion-des-JO-de-Pekin-2022-300x167.png 300w, https:\/\/dicodusport.fr\/blog\/wp-content\/uploads\/2023\/11\/Ukaleq-Astri-Slettemark-Groenland-a-loccasion-des-JO-de-Pekin-2022-768x427.png 768w\" sizes=\"auto, (max-width: 800px) 100vw, 800px\" \/><p id=\"caption-attachment-438683\" class=\"wp-caption-text\">Ukaleq Astri Slettemark (Groenland), \u00e0 l&rsquo;occasion des JO de P\u00e9kin 2022 &#8211; Photo Icon Sport<\/p><\/div>\n<p style=\"text-align: justify;\">Son petit fr\u00e8re, <strong>Sondre Slettemark<\/strong>, n\u00e9 en 2004, fera aussi ses premiers pas sur le circuit (4\u00e8me du FOJE 2022 \u00e0 Vuokatti et 22\u00e8me de la poursuite des Championnats du monde juniors 2023 \u00e0 Chtchoutchinsk). Ainsi, lors du relais mixte simple d&rsquo;\u00d6stersund, le Groenland pr\u00e9sentera au d\u00e9part la premi\u00e8re paire de biathl\u00e8tes de son histoire. S&rsquo;il est trop t\u00f4t pour esp\u00e9rer des r\u00e9sultats probants, l&rsquo;arriv\u00e9e du Groenland t\u00e9moigne d&rsquo;une petite ouverture du biathlon. Sur un territoire (appartenant au Danemark) o\u00f9 le football est roi (10% des 56 000 habitants sont licenci\u00e9s) mais o\u00f9 le sport est secondaire, puisque le championnat est resserr\u00e9 en une semaine compte tenu des conditions climatiques, l&rsquo;\u00e9mergence de biathl\u00e8tes sera forc\u00e9ment scrut\u00e9e de pr\u00e8s.<\/p>\n<h2>Le biathlon moldave et roumain<\/h2>\n<p style=\"text-align: justify;\">Du c\u00f4t\u00e9 des pays europ\u00e9ens inhabituels, les yeux seront riv\u00e9s vers <strong>Alina Stremous<\/strong>, leader de l&rsquo;\u00e9quipe moldave. D\u00e9j\u00e0 entr\u00e9e dans le top 10 de courses de premier plan (9\u00e8me sur la mass start d&rsquo;Antolz et 10\u00e8me au sprint des JO 2022), <strong>Stremous<\/strong> s&rsquo;est davantage distingu\u00e9e les Championnats d&rsquo;Europe. Peut-\u00eatre trop tendre pour accrocher un podium, une c\u00e9r\u00e9monie des fleurs serait d\u00e9j\u00e0 une remarquable performance pour elle.<\/p>\n<p style=\"text-align: justify;\">Limitrophe de la Moldavie, la Roumanie a des arguments \u00e0 faire valoir cette saison. L&rsquo;\u00e9quipe f\u00e9minine est encore bien en dessous de leurs homologues masculins. Seule <strong>Anastasia Tolmacheva<\/strong> est parvenue \u00e0 marquer des points en Coupe du monde. Elle a ainsi fini par deux fois dans le top 40 d&rsquo;une course individuelle. Les hommes pr\u00e9sentent eux plus de densit\u00e9. S&rsquo;il n&rsquo;y a pas de v\u00e9ritable leader (tous sont hors de la 70\u00e8me place du g\u00e9n\u00e9ral, l&rsquo;an dernier), certains r\u00e9sultats sont \u00e0 relever. On peut ainsi citer les 23\u00e8me et 33\u00e8me places de <strong>George Buta<\/strong> sur l&rsquo;individuel et la poursuite des derniers Championnats du monde. Au total, les Roumains ont d\u00e9croch\u00e9 neuf places entre la 23\u00e8me et la 33\u00e8me place d&rsquo;une course en individuel la saison derni\u00e8re.<\/p>\n<p style=\"text-align: justify;\">Ces r\u00e9sultats ont \u00e9t\u00e9 d\u00e9croch\u00e9s par quatre des cinq biathl\u00e8tes roumains. Le dernier, <strong>Cornel Puchianu<\/strong>, 34 ans, n&rsquo;a disput\u00e9 qu&rsquo;une course l&rsquo;an dernier. Il \u00e9tait davantage pr\u00e9sent en IBU Cup o\u00f9 il a sign\u00e9 une 8\u00e8me place notamment. Dans sa carri\u00e8re, en Coupe du Monde, il a pour meilleurs r\u00e9sultats deux top 20 dont une 14\u00e8me place. Sans r\u00e9sultat d&rsquo;exception mais avec une belle homog\u00e9n\u00e9it\u00e9, le relais roumain a d\u00e9croch\u00e9 l&rsquo;an dernier une remarquable huiti\u00e8me place aux Championnats du monde et tentera donc de s&rsquo;installer plus souvent dans le top 10 cette saison.<\/p>\n<h2>L&rsquo;\u00e9mergence des pays de l&rsquo;Asie de l&rsquo;Est<\/h2>\n<p style=\"text-align: justify;\">La Cor\u00e9e du Sud \u00e9tait pr\u00e9curseure du d\u00e9veloppement du biathlon asiatique dans les perspectives des Jeux de 2018. Cet essor s&rsquo;\u00e9tait manifest\u00e9 par la naturalisation d&rsquo;anciens Russes comme <strong>Anna Frolina, Ekaterina Avvakumova, Timofei Lapshin<\/strong> ou <strong>Aleksandr Starodubets<\/strong>. Si la premi\u00e8re cit\u00e9e ne concoure plus, les autres sont encore sur le circuit. N\u00e9anmoins, seul <strong>Lapshin<\/strong> semble encore performant, en t\u00e9moignent ses quatre top 10 l&rsquo;an dernier. Derri\u00e8re, la rel\u00e8ve des biathl\u00e8tes n\u00e9s en Cor\u00e9e semble loin.<\/p>\n<p style=\"text-align: justify;\">Les espoirs que portaient <strong>Mariya Abe<\/strong>, 5\u00e8me d&rsquo;un individuel \u00e0 seulement 18 ans en 2017, 16\u00e8me l&rsquo;ann\u00e9e suivante lors des JO 2018, n&rsquo;ont pas \u00e9t\u00e9 confirm\u00e9s. Retourn\u00e9e en IBU Cup par la suite, elle vient de signer une saison blanche, sans course. Pourtant, elle semble pr\u00eate pour la saison \u00e0 venir et figure dans la liste des biathl\u00e8tes fournie \u00e0 l&rsquo;IBU par la f\u00e9d\u00e9ration. La reverra-t-on en Coupe du monde ? La question se pose.<\/p>\n<p><span class=\"q6niJFyaHR7xtODAkQVl0YsIWfCTE4mdoX3pBhSj\"><\/p>\n<blockquote class=\"instagram-media\" data-instgrm-captioned data-instgrm-permalink=\"https:\/\/www.instagram.com\/p\/Crskf9jO5kK\/?utm_source=ig_embed&amp;utm_campaign=loading\" data-instgrm-version=\"14\" style=\" background:#FFF; border:0; border-radius:3px; box-shadow:0 0 1px 0 rgba(0,0,0,0.5),0 1px 10px 0 rgba(0,0,0,0.15); margin: 1px; max-width:658px; min-width:326px; padding:0; width:99.375%; width:-webkit-calc(100% - 2px); width:calc(100% - 2px);\">\n<div style=\"padding:16px;\"> <a href=\"https:\/\/www.instagram.com\/p\/Crskf9jO5kK\/?utm_source=ig_embed&amp;utm_campaign=loading\" style=\" background:#FFFFFF; line-height:0; padding:0 0; text-align:center; text-decoration:none; width:100%;\" target=\"_blank\"> <\/p>\n<div style=\" display: flex; flex-direction: row; align-items: center;\">\n<div style=\"background-color: #F4F4F4; border-radius: 50%; flex-grow: 0; height: 40px; margin-right: 14px; width: 40px;\"><\/div>\n<div style=\"display: flex; flex-direction: column; flex-grow: 1; justify-content: center;\">\n<div style=\" background-color: #F4F4F4; border-radius: 4px; flex-grow: 0; height: 14px; margin-bottom: 6px; width: 100px;\"><\/div>\n<div style=\" background-color: #F4F4F4; border-radius: 4px; flex-grow: 0; height: 14px; width: 60px;\"><\/div>\n<\/div>\n<\/div>\n<div style=\"padding: 19% 0;\"><\/div>\n<div style=\"display:block; height:50px; margin:0 auto 12px; width:50px;\"><svg width=\"50px\" height=\"50px\" viewBox=\"0 0 60 60\" version=\"1.1\" xmlns=\"https:\/\/www.w3.org\/2000\/svg\" xmlns:xlink=\"https:\/\/www.w3.org\/1999\/xlink\"><g stroke=\"none\" stroke-width=\"1\" fill=\"none\" fill-rule=\"evenodd\"><g transform=\"translate(-511.000000, -20.000000)\" fill=\"#000000\"><g><path d=\"M556.869,30.41 C554.814,30.41 553.148,32.076 553.148,34.131 C553.148,36.186 554.814,37.852 556.869,37.852 C558.924,37.852 560.59,36.186 560.59,34.131 C560.59,32.076 558.924,30.41 556.869,30.41 M541,60.657 C535.114,60.657 530.342,55.887 530.342,50 C530.342,44.114 535.114,39.342 541,39.342 C546.887,39.342 551.658,44.114 551.658,50 C551.658,55.887 546.887,60.657 541,60.657 M541,33.886 C532.1,33.886 524.886,41.1 524.886,50 C524.886,58.899 532.1,66.113 541,66.113 C549.9,66.113 557.115,58.899 557.115,50 C557.115,41.1 549.9,33.886 541,33.886 M565.378,62.101 C565.244,65.022 564.756,66.606 564.346,67.663 C563.803,69.06 563.154,70.057 562.106,71.106 C561.058,72.155 560.06,72.803 558.662,73.347 C557.607,73.757 556.021,74.244 553.102,74.378 C549.944,74.521 548.997,74.552 541,74.552 C533.003,74.552 532.056,74.521 528.898,74.378 C525.979,74.244 524.393,73.757 523.338,73.347 C521.94,72.803 520.942,72.155 519.894,71.106 C518.846,70.057 518.197,69.06 517.654,67.663 C517.244,66.606 516.755,65.022 516.623,62.101 C516.479,58.943 516.448,57.996 516.448,50 C516.448,42.003 516.479,41.056 516.623,37.899 C516.755,34.978 517.244,33.391 517.654,32.338 C518.197,30.938 518.846,29.942 519.894,28.894 C520.942,27.846 521.94,27.196 523.338,26.654 C524.393,26.244 525.979,25.756 528.898,25.623 C532.057,25.479 533.004,25.448 541,25.448 C548.997,25.448 549.943,25.479 553.102,25.623 C556.021,25.756 557.607,26.244 558.662,26.654 C560.06,27.196 561.058,27.846 562.106,28.894 C563.154,29.942 563.803,30.938 564.346,32.338 C564.756,33.391 565.244,34.978 565.378,37.899 C565.522,41.056 565.552,42.003 565.552,50 C565.552,57.996 565.522,58.943 565.378,62.101 M570.82,37.631 C570.674,34.438 570.167,32.258 569.425,30.349 C568.659,28.377 567.633,26.702 565.965,25.035 C564.297,23.368 562.623,22.342 560.652,21.575 C558.743,20.834 556.562,20.326 553.369,20.18 C550.169,20.033 549.148,20 541,20 C532.853,20 531.831,20.033 528.631,20.18 C525.438,20.326 523.257,20.834 521.349,21.575 C519.376,22.342 517.703,23.368 516.035,25.035 C514.368,26.702 513.342,28.377 512.574,30.349 C511.834,32.258 511.326,34.438 511.181,37.631 C511.035,40.831 511,41.851 511,50 C511,58.147 511.035,59.17 511.181,62.369 C511.326,65.562 511.834,67.743 512.574,69.651 C513.342,71.625 514.368,73.296 516.035,74.965 C517.703,76.634 519.376,77.658 521.349,78.425 C523.257,79.167 525.438,79.673 528.631,79.82 C531.831,79.965 532.853,80.001 541,80.001 C549.148,80.001 550.169,79.965 553.369,79.82 C556.562,79.673 558.743,79.167 560.652,78.425 C562.623,77.658 564.297,76.634 565.965,74.965 C567.633,73.296 568.659,71.625 569.425,69.651 C570.167,67.743 570.674,65.562 570.82,62.369 C570.966,59.17 571,58.147 571,50 C571,41.851 570.966,40.831 570.82,37.631\"><\/path><\/g><\/g><\/g><\/svg><\/div>\n<div style=\"padding-top: 8px;\">\n<div style=\" color:#3897f0; font-family:Arial,sans-serif; font-size:14px; font-style:normal; font-weight:550; line-height:18px;\">View this post on Instagram<\/div>\n<\/div>\n<div style=\"padding: 12.5% 0;\"><\/div>\n<div style=\"display: flex; flex-direction: row; margin-bottom: 14px; align-items: center;\">\n<div>\n<div style=\"background-color: #F4F4F4; border-radius: 50%; height: 12.5px; width: 12.5px; transform: translateX(0px) translateY(7px);\"><\/div>\n<div style=\"background-color: #F4F4F4; height: 12.5px; transform: rotate(-45deg) translateX(3px) translateY(1px); width: 12.5px; flex-grow: 0; margin-right: 14px; margin-left: 2px;\"><\/div>\n<div style=\"background-color: #F4F4F4; border-radius: 50%; height: 12.5px; width: 12.5px; transform: translateX(9px) translateY(-18px);\"><\/div>\n<\/div>\n<div style=\"margin-left: 8px;\">\n<div style=\" background-color: #F4F4F4; border-radius: 50%; flex-grow: 0; height: 20px; width: 20px;\"><\/div>\n<div style=\" width: 0; height: 0; border-top: 2px solid transparent; border-left: 6px solid #f4f4f4; border-bottom: 2px solid transparent; transform: translateX(16px) translateY(-4px) rotate(30deg)\"><\/div>\n<\/div>\n<div style=\"margin-left: auto;\">\n<div style=\" width: 0px; border-top: 8px solid #F4F4F4; border-right: 8px solid transparent; transform: translateY(16px);\"><\/div>\n<div style=\" background-color: #F4F4F4; flex-grow: 0; height: 12px; width: 16px; transform: translateY(-4px);\"><\/div>\n<div style=\" width: 0; height: 0; border-top: 8px solid #F4F4F4; border-left: 8px solid transparent; transform: translateY(-4px) translateX(8px);\"><\/div>\n<\/div>\n<\/div>\n<div style=\"display: flex; flex-direction: column; flex-grow: 1; justify-content: center; margin-bottom: 24px;\">\n<div style=\" background-color: #F4F4F4; border-radius: 4px; flex-grow: 0; height: 14px; margin-bottom: 6px; width: 224px;\"><\/div>\n<div style=\" background-color: #F4F4F4; border-radius: 4px; flex-grow: 0; height: 14px; width: 144px;\"><\/div>\n<\/div>\n<p><\/a><\/p>\n<p style=\" color:#c9c8cd; font-family:Arial,sans-serif; font-size:14px; line-height:17px; margin-bottom:0; margin-top:8px; overflow:hidden; padding:8px 0 7px; text-align:center; text-overflow:ellipsis; white-space:nowrap;\"><a href=\"https:\/\/www.instagram.com\/p\/Crskf9jO5kK\/?utm_source=ig_embed&amp;utm_campaign=loading\" style=\" color:#c9c8cd; font-family:Arial,sans-serif; font-size:14px; font-style:normal; font-weight:normal; line-height:17px; text-decoration:none;\" target=\"_blank\">A post shared by \u110b\u1161\u1107\u1166\u1106\u1161\u1105\u1175\u110b\u1163 \u963f\u90e8\u8389\u548c ABE MARIYA (@mariya_0112)<\/a><\/p>\n<\/div>\n<\/blockquote>\n<p><script async src=\"\/\/platform.instagram.com\/en_US\/embeds.js\"><\/script><\/span><\/p>\n<p style=\"text-align: justify;\">Le biathlon chinois avait suivi le pr\u00e9c\u00e9dent cor\u00e9en en recrutant <strong>Ole Einar Bj\u00f8rndalen<\/strong> et sa femme <strong>Darya Domracheva<\/strong> pour entra\u00eener les \u00e9quipes masculine et f\u00e9minine en vue des Jeux de P\u00e9kin 2022. Si les r\u00e9sultats n&rsquo;ont pas \u00e9t\u00e9 concluants et n&rsquo;ont pas permis \u00e0 la Chine de s&rsquo;imposer durablement, un biathl\u00e8te en revanche s&rsquo;est affirm\u00e9 ces derni\u00e8res saisons, avant m\u00eame l&rsquo;arriv\u00e9e du couple, en la personne de <strong>Fangming Cheng<\/strong>. Le Chinois a comme meilleurs r\u00e9sultats en carri\u00e8re une 12\u00e8me et une 16\u00e8me places lors des saisons 2021-2022 et 2019-2020. Enfin, les Japonais, mis \u00e0 part <strong>Mikito Tachizaki<\/strong>, restent en retrait.<\/p>\n<h2 style=\"text-align: justify;\">Le destin \u00e9tonnant de Campbell Wright<\/h2>\n<p style=\"text-align: justify;\">Difficile de parler des \u00c9tats-Unis comme une nation exotique ou \u00e9mergente tant on a l&rsquo;habitude de les voir depuis des ann\u00e9es. Le biathlon am\u00e9ricain a longtemps \u00e9t\u00e9 port\u00e9 par <strong>Susan Dunklee<\/strong> (vice-championne du monde en 2017 et 2020). D\u00e9sormais retrait\u00e9e, la rel\u00e8ve pourrait \u00eatre prise par <strong>Campbell Wright<\/strong>. S&rsquo;il repr\u00e9sentera cette ann\u00e9e les Etats-Unis, ce n&rsquo;\u00e9tait pas le cas les saisons pr\u00e9c\u00e9dentes. Jusqu&rsquo;\u00e0 la saison derni\u00e8re, le natif d&rsquo;Auckland repr\u00e9sentait son pays natal, la Nouvelle-Z\u00e9lande.<\/p>\n<div id=\"attachment_438685\" style=\"width: 810px\" class=\"wp-caption aligncenter\"><img loading=\"lazy\" decoding=\"async\" aria-describedby=\"caption-attachment-438685\" class=\"wp-image-438685 size-full\" src=\"https:\/\/dicodusport.fr\/blog\/wp-content\/uploads\/2023\/11\/Le-Neo-Zelandais-Campbell-Wright-va-concourir-sous-pavillon-americain-cette-saison.png\" alt=\"Le N\u00e9o-Z\u00e9landais Campbell Wright va concourir sous pavillon am\u00e9ricain cette saison\" width=\"800\" height=\"445\" srcset=\"https:\/\/dicodusport.fr\/blog\/wp-content\/uploads\/2023\/11\/Le-Neo-Zelandais-Campbell-Wright-va-concourir-sous-pavillon-americain-cette-saison.png 800w, https:\/\/dicodusport.fr\/blog\/wp-content\/uploads\/2023\/11\/Le-Neo-Zelandais-Campbell-Wright-va-concourir-sous-pavillon-americain-cette-saison-300x167.png 300w, https:\/\/dicodusport.fr\/blog\/wp-content\/uploads\/2023\/11\/Le-Neo-Zelandais-Campbell-Wright-va-concourir-sous-pavillon-americain-cette-saison-768x427.png 768w\" sizes=\"auto, (max-width: 800px) 100vw, 800px\" \/><p id=\"caption-attachment-438685\" class=\"wp-caption-text\">Le N\u00e9o-Z\u00e9landais Campbell Wright va concourir sous pavillon am\u00e9ricain cette saison &#8211; Photo Icon Sport<\/p><\/div>\n<p style=\"text-align: justify;\">Ce changement de banni\u00e8re s&rsquo;explique par le fait que le biathl\u00e8te est n\u00e9 de deux parents am\u00e9ricains, \u00e9migr\u00e9s en Nouvelle-Z\u00e9lande depuis 1993 et qu&rsquo;il s&rsquo;entra\u00eene \u00e0 plein temps avec la d\u00e9l\u00e9gation am\u00e9ricaine \u00e0 Lake Placid. Ainsi, le biathl\u00e8te, champion du monde juniors en 2023 (du sprint) et auteur d&rsquo;une quinzi\u00e8me place lors d&rsquo;une course de Coupe du monde devrait devenir l&rsquo;un des pilliers de l&rsquo;\u00e9quipe am\u00e9ricaine avec <strong>Sean Doherty<\/strong> et <strong>Paul Schommer<\/strong>. En revanche, le drapeau n\u00e9o-z\u00e9landais est vou\u00e9 \u00e0 dispara\u00eetre des classements, puisqu&rsquo;aucun biathl\u00e8te ne figure sur les listes de l&rsquo;IBU.<\/p>\n<h2>Davantage de nations \u00ab\u00a0surprenantes\u00a0\u00bb en IBU Cup<\/h2>\n<p style=\"text-align: justify;\">Si la Coupe du monde de biathlon reste la chasse gard\u00e9e d&rsquo;un petit nombre de pays au regard du nombre d&rsquo;Etats dans le monde, l&rsquo;IBU Cup et les comp\u00e9titions juniors permettent de voir de temps en temps des repr\u00e9sentants de d\u00e9l\u00e9gations que l&rsquo;on ne voit jamais sur le circuit principal. La liste serait trop longue \u00e0 citer mais on peut mentionner <strong>Raul Antonio Figueroa<\/strong> pour le Mexique, <strong>Doljinsuren Munkhbat<\/strong> pour la Mongolie, <strong>Pavle Korunoski<\/strong> pour la Mac\u00e9doine du Nord, <strong>Maria Cecilia Dominguez<\/strong> pour l&rsquo;Argentine ou encore <strong>Gabriela Almeida Neres<\/strong> pour le Br\u00e9sil. L\u00e0 encore, ces athl\u00e8tes sont tr\u00e8s souvent loin des premiers r\u00f4les, mais ils ont le m\u00e9rite d&rsquo;\u00eatre pr\u00e9sents. En revanche, aucune trace de biathl\u00e8te africain. Et ce <a href=\"https:\/\/www.ledauphine.com\/insolite\/2023\/09\/21\/paul-benhayoun-veut-devenir-le-premier-biathlete-africain-aux-jo\">malgr\u00e9 la volont\u00e9 de <strong>Paul Benhayoun<\/strong>, de devenir le premier biathl\u00e8te africain aux Jeux Olympiques<\/a>.<\/p>\n<p>&nbsp;<\/p>\n<p>&nbsp;<\/p>\n<p>&nbsp;<\/p>\n","protected":false},"excerpt":{"rendered":"<p>\u00c0 quelques jours de la reprise de la saison (samedi 25 novembre \u00e0 \u00d6stersund), la r\u00e9daction de Dicodusport vous propose un tour d&rsquo;horizon des biathl\u00e8tes issus de nations \u00e9mergentes.<\/p>\n","protected":false},"author":91,"featured_media":438688,"comment_status":"open","ping_status":"closed","sticky":false,"template":"","format":"standard","meta":{"_acf_changed":false,"_daextam_enable_autolinks":"1","footnotes":""},"categories":[47040],"tags":[2427,16878,24],"class_list":["post-437867","post","type-post","status-publish","format-standard","has-post-thumbnail","hentry","category-coupe-du-monde-de-biathlon","tag-biathlon","tag-breve","tag-sport"],"acf":[],"yoast_head":"<!-- This site is optimized with the Yoast SEO Premium plugin v26.7 (Yoast SEO v26.7) - https:\/\/yoast.com\/wordpress\/plugins\/seo\/ -->\n<title>Biathlon : Pays baltes, Groenland, Asie, zoom sur les nations \u00e9mergentes et surprenantes<\/title>\n<meta name=\"description\" content=\"Biathlon - \u00c0 quelques jours de la reprise, Dicodusport vous propose un tour d&#039;horizon des biathl\u00e8tes issus de nations \u00e9mergentes\" \/>\n<meta name=\"robots\" content=\"index, follow, max-snippet:-1, max-image-preview:large, max-video-preview:-1\" \/>\n<link rel=\"canonical\" href=\"https:\/\/dicodusport.fr\/blog\/biathlon-pays-baltes-groenland-asie-zoom-sur-les-nations-emergentes-et-surprenantes\/\" \/>\n<meta property=\"og:locale\" content=\"fr_FR\" \/>\n<meta property=\"og:type\" content=\"article\" \/>\n<meta property=\"og:title\" content=\"Biathlon : Pays baltes, Groenland, Asie, zoom sur les nations \u00e9mergentes et surprenantes\" \/>\n<meta property=\"og:description\" content=\"Biathlon - \u00c0 quelques jours de la reprise, Dicodusport vous propose un tour d&#039;horizon des biathl\u00e8tes issus de nations \u00e9mergentes\" \/>\n<meta property=\"og:url\" content=\"https:\/\/dicodusport.fr\/blog\/biathlon-pays-baltes-groenland-asie-zoom-sur-les-nations-emergentes-et-surprenantes\/\" \/>\n<meta property=\"og:site_name\" content=\"Dicodusport\" \/>\n<meta property=\"article:publisher\" content=\"https:\/\/www.facebook.com\/dicodusport\" \/>\n<meta property=\"article:published_time\" content=\"2023-11-20T10:04:39+00:00\" \/>\n<meta property=\"article:modified_time\" content=\"2023-11-20T12:05:19+00:00\" \/>\n<meta property=\"og:image\" content=\"https:\/\/dicodusport.fr\/blog\/wp-content\/uploads\/2023\/11\/Biathlon-Pays-Baltes-Groenland-Asie-zoom-sur-les-nations-emergentes-et-surprenantes.png\" \/>\n\t<meta property=\"og:image:width\" content=\"800\" \/>\n\t<meta property=\"og:image:height\" content=\"445\" \/>\n\t<meta property=\"og:image:type\" content=\"image\/png\" \/>\n<meta name=\"author\" content=\"Victor Clot-Amiot\" \/>\n<meta name=\"twitter:card\" content=\"summary_large_image\" \/>\n<meta name=\"twitter:title\" content=\"Biathlon : Pays baltes, Groenland, Asie, zoom sur les nations \u00e9mergentes et surprenantes\" \/>\n<meta name=\"twitter:creator\" content=\"@https:\/\/x.com\/VictorClotAmiot\" \/>\n<meta name=\"twitter:site\" content=\"@dicodusport\" \/>\n<script type=\"application\/ld+json\" class=\"yoast-schema-graph\">{\"@context\":\"https:\/\/schema.org\",\"@graph\":[{\"@type\":\"NewsArticle\",\"@id\":\"https:\/\/dicodusport.fr\/blog\/biathlon-pays-baltes-groenland-asie-zoom-sur-les-nations-emergentes-et-surprenantes\/#article\",\"isPartOf\":{\"@id\":\"https:\/\/dicodusport.fr\/blog\/biathlon-pays-baltes-groenland-asie-zoom-sur-les-nations-emergentes-et-surprenantes\/\"},\"author\":{\"name\":\"Victor Clot-Amiot\",\"@id\":\"https:\/\/dicodusport.fr\/blog\/#\/schema\/person\/b623199cba9ba90fe84a3d16e9282360\"},\"headline\":\"Biathlon : Pays baltes, Groenland, Asie, zoom sur les nations \u00e9mergentes et surprenantes\",\"datePublished\":\"2023-11-20T10:04:39+00:00\",\"dateModified\":\"2023-11-20T12:05:19+00:00\",\"mainEntityOfPage\":{\"@id\":\"https:\/\/dicodusport.fr\/blog\/biathlon-pays-baltes-groenland-asie-zoom-sur-les-nations-emergentes-et-surprenantes\/\"},\"wordCount\":2012,\"commentCount\":0,\"publisher\":{\"@id\":\"https:\/\/dicodusport.fr\/blog\/#organization\"},\"image\":{\"@id\":\"https:\/\/dicodusport.fr\/blog\/biathlon-pays-baltes-groenland-asie-zoom-sur-les-nations-emergentes-et-surprenantes\/#primaryimage\"},\"thumbnailUrl\":\"https:\/\/dicodusport.fr\/blog\/wp-content\/uploads\/2023\/11\/Biathlon-Pays-Baltes-Groenland-Asie-zoom-sur-les-nations-emergentes-et-surprenantes.png\",\"keywords\":[\"Biathlon\",\"br\u00e8ve\",\"sport\"],\"articleSection\":[\"Coupe du monde de biathlon\"],\"inLanguage\":\"fr-FR\",\"potentialAction\":[{\"@type\":\"CommentAction\",\"name\":\"Comment\",\"target\":[\"https:\/\/dicodusport.fr\/blog\/biathlon-pays-baltes-groenland-asie-zoom-sur-les-nations-emergentes-et-surprenantes\/#respond\"]}],\"copyrightYear\":\"2023\",\"copyrightHolder\":{\"@id\":\"https:\/\/dicodusport.fr\/blog\/#organization\"}},{\"@type\":\"WebPage\",\"@id\":\"https:\/\/dicodusport.fr\/blog\/biathlon-pays-baltes-groenland-asie-zoom-sur-les-nations-emergentes-et-surprenantes\/\",\"url\":\"https:\/\/dicodusport.fr\/blog\/biathlon-pays-baltes-groenland-asie-zoom-sur-les-nations-emergentes-et-surprenantes\/\",\"name\":\"Biathlon : Pays baltes, Groenland, Asie, zoom sur les nations \u00e9mergentes et surprenantes\",\"isPartOf\":{\"@id\":\"https:\/\/dicodusport.fr\/blog\/#website\"},\"primaryImageOfPage\":{\"@id\":\"https:\/\/dicodusport.fr\/blog\/biathlon-pays-baltes-groenland-asie-zoom-sur-les-nations-emergentes-et-surprenantes\/#primaryimage\"},\"image\":{\"@id\":\"https:\/\/dicodusport.fr\/blog\/biathlon-pays-baltes-groenland-asie-zoom-sur-les-nations-emergentes-et-surprenantes\/#primaryimage\"},\"thumbnailUrl\":\"https:\/\/dicodusport.fr\/blog\/wp-content\/uploads\/2023\/11\/Biathlon-Pays-Baltes-Groenland-Asie-zoom-sur-les-nations-emergentes-et-surprenantes.png\",\"datePublished\":\"2023-11-20T10:04:39+00:00\",\"dateModified\":\"2023-11-20T12:05:19+00:00\",\"description\":\"Biathlon - \u00c0 quelques jours de la reprise, Dicodusport vous propose un tour d'horizon des biathl\u00e8tes issus de nations \u00e9mergentes\",\"breadcrumb\":{\"@id\":\"https:\/\/dicodusport.fr\/blog\/biathlon-pays-baltes-groenland-asie-zoom-sur-les-nations-emergentes-et-surprenantes\/#breadcrumb\"},\"inLanguage\":\"fr-FR\",\"potentialAction\":[{\"@type\":\"ReadAction\",\"target\":[\"https:\/\/dicodusport.fr\/blog\/biathlon-pays-baltes-groenland-asie-zoom-sur-les-nations-emergentes-et-surprenantes\/\"]}]},{\"@type\":\"ImageObject\",\"inLanguage\":\"fr-FR\",\"@id\":\"https:\/\/dicodusport.fr\/blog\/biathlon-pays-baltes-groenland-asie-zoom-sur-les-nations-emergentes-et-surprenantes\/#primaryimage\",\"url\":\"https:\/\/dicodusport.fr\/blog\/wp-content\/uploads\/2023\/11\/Biathlon-Pays-Baltes-Groenland-Asie-zoom-sur-les-nations-emergentes-et-surprenantes.png\",\"contentUrl\":\"https:\/\/dicodusport.fr\/blog\/wp-content\/uploads\/2023\/11\/Biathlon-Pays-Baltes-Groenland-Asie-zoom-sur-les-nations-emergentes-et-surprenantes.png\",\"width\":800,\"height\":445,\"caption\":\"Biathlon Pays Baltes, Groenland, Asie, zoom sur les nations \u00e9mergentes et surprenantes\"},{\"@type\":\"BreadcrumbList\",\"@id\":\"https:\/\/dicodusport.fr\/blog\/biathlon-pays-baltes-groenland-asie-zoom-sur-les-nations-emergentes-et-surprenantes\/#breadcrumb\",\"itemListElement\":[{\"@type\":\"ListItem\",\"position\":1,\"name\":\"Accueil\",\"item\":\"https:\/\/dicodusport.fr\/blog\/\"},{\"@type\":\"ListItem\",\"position\":2,\"name\":\"Biathlon : Pays baltes, Groenland, Asie, zoom sur les nations \u00e9mergentes et surprenantes\"}]},{\"@type\":\"WebSite\",\"@id\":\"https:\/\/dicodusport.fr\/blog\/#website\",\"url\":\"https:\/\/dicodusport.fr\/blog\/\",\"name\":\"Dicodusport\",\"description\":\"L&#039;encyclop\u00e9die de l&#039;actualit\u00e9 sportive\",\"publisher\":{\"@id\":\"https:\/\/dicodusport.fr\/blog\/#organization\"},\"potentialAction\":[{\"@type\":\"SearchAction\",\"target\":{\"@type\":\"EntryPoint\",\"urlTemplate\":\"https:\/\/dicodusport.fr\/blog\/?s={search_term_string}\"},\"query-input\":{\"@type\":\"PropertyValueSpecification\",\"valueRequired\":true,\"valueName\":\"search_term_string\"}}],\"inLanguage\":\"fr-FR\"},{\"@type\":\"NewsMediaOrganization\",\"@id\":\"https:\/\/dicodusport.fr\/blog\/#organization\",\"name\":\"Dicodusport\",\"url\":\"https:\/\/dicodusport.fr\/blog\/\",\"logo\":{\"@type\":\"ImageObject\",\"inLanguage\":\"fr-FR\",\"@id\":\"https:\/\/dicodusport.fr\/blog\/#\/schema\/logo\/image\/\",\"url\":\"https:\/\/dicodusport.fr\/blog\/wp-content\/uploads\/2020\/06\/cropped-LOGO-DICODUSPORT-2020-SANS-FOND-SANS-TEXTE.png\",\"contentUrl\":\"https:\/\/dicodusport.fr\/blog\/wp-content\/uploads\/2020\/06\/cropped-LOGO-DICODUSPORT-2020-SANS-FOND-SANS-TEXTE.png\",\"width\":512,\"height\":512,\"caption\":\"Dicodusport\"},\"image\":{\"@id\":\"https:\/\/dicodusport.fr\/blog\/#\/schema\/logo\/image\/\"},\"sameAs\":[\"https:\/\/www.facebook.com\/dicodusport\",\"https:\/\/x.com\/dicodusport\",\"https:\/\/www.instagram.com\/dicodusport\/\",\"https:\/\/www.youtube.com\/channel\/UC7V2KZ5sd3htJivAbA4ZG3w\"],\"description\":\"Dicodusport est l'encyclop\u00e9die de l'actualit\u00e9 sportive.\",\"email\":\"bonjour@dicodusport.fr\",\"legalName\":\"DICODUSPORT\",\"foundingDate\":\"2018-01-14\",\"vatID\":\"FR71834470973\",\"taxID\":\"83447097300043\",\"numberOfEmployees\":{\"@type\":\"QuantitativeValue\",\"minValue\":\"1\",\"maxValue\":\"10\"}},{\"@type\":\"Person\",\"@id\":\"https:\/\/dicodusport.fr\/blog\/#\/schema\/person\/b623199cba9ba90fe84a3d16e9282360\",\"name\":\"Victor Clot-Amiot\",\"image\":{\"@type\":\"ImageObject\",\"inLanguage\":\"fr-FR\",\"@id\":\"https:\/\/dicodusport.fr\/blog\/#\/schema\/person\/image\/\",\"url\":\"https:\/\/dicodusport.fr\/blog\/wp-content\/uploads\/2023\/09\/IMG_20190826_114722-150x150.jpg\",\"contentUrl\":\"https:\/\/dicodusport.fr\/blog\/wp-content\/uploads\/2023\/09\/IMG_20190826_114722-150x150.jpg\",\"caption\":\"Victor Clot-Amiot\"},\"description\":\"Passionn\u00e9 de sport depuis toujours, un jour \u00e0 l'adolescence mes parents m'ont dit : \\\"quitte \u00e0 passer ton temps \u00e0 regarder du sport, au moins va le voir en vrai\\\" ! Depuis, cette remarque ne m'a plus quitt\u00e9 et je passe une grande partie de mon temps libre \u00e0 assister \u00e0 des comp\u00e9titions de tous sports. Je m\u00eale d'ailleurs mes deux passions, le sport et les voyages afin de faire une pierre deux coups ! Outre l'US Open ou l'Euro 2021 par exemple, j'ai assist\u00e9 cet \u00e9t\u00e9 aux Mondiaux d'athl\u00e9tisme \u00e0 Budapest. Mon plus gros coup dur est et restera les JO 2020-2021 pour lesquels j'avais r\u00e9serv\u00e9 17 \u00e9preuves. La suite, vous la connaissez...\",\"sameAs\":[\"https:\/\/x.com\/https:\/\/x.com\/VictorClotAmiot\"],\"url\":\"https:\/\/dicodusport.fr\/blog\/author\/victor-clot-amiot\/\"}]}<\/script>\n<!-- \/ Yoast SEO Premium plugin. -->","yoast_head_json":{"title":"Biathlon : Pays baltes, Groenland, Asie, zoom sur les nations \u00e9mergentes et surprenantes","description":"Biathlon - \u00c0 quelques jours de la reprise, Dicodusport vous propose un tour d'horizon des biathl\u00e8tes issus de nations \u00e9mergentes","robots":{"index":"index","follow":"follow","max-snippet":"max-snippet:-1","max-image-preview":"max-image-preview:large","max-video-preview":"max-video-preview:-1"},"canonical":"https:\/\/dicodusport.fr\/blog\/biathlon-pays-baltes-groenland-asie-zoom-sur-les-nations-emergentes-et-surprenantes\/","og_locale":"fr_FR","og_type":"article","og_title":"Biathlon : Pays baltes, Groenland, Asie, zoom sur les nations \u00e9mergentes et surprenantes","og_description":"Biathlon - \u00c0 quelques jours de la reprise, Dicodusport vous propose un tour d'horizon des biathl\u00e8tes issus de nations \u00e9mergentes","og_url":"https:\/\/dicodusport.fr\/blog\/biathlon-pays-baltes-groenland-asie-zoom-sur-les-nations-emergentes-et-surprenantes\/","og_site_name":"Dicodusport","article_publisher":"https:\/\/www.facebook.com\/dicodusport","article_published_time":"2023-11-20T10:04:39+00:00","article_modified_time":"2023-11-20T12:05:19+00:00","og_image":[{"width":800,"height":445,"url":"https:\/\/dicodusport.fr\/blog\/wp-content\/uploads\/2023\/11\/Biathlon-Pays-Baltes-Groenland-Asie-zoom-sur-les-nations-emergentes-et-surprenantes.png","type":"image\/png"}],"author":"Victor Clot-Amiot","twitter_card":"summary_large_image","twitter_title":"Biathlon : Pays baltes, Groenland, Asie, zoom sur les nations \u00e9mergentes et surprenantes","twitter_creator":"@https:\/\/x.com\/VictorClotAmiot","twitter_site":"@dicodusport","schema":{"@context":"https:\/\/schema.org","@graph":[{"@type":"NewsArticle","@id":"https:\/\/dicodusport.fr\/blog\/biathlon-pays-baltes-groenland-asie-zoom-sur-les-nations-emergentes-et-surprenantes\/#article","isPartOf":{"@id":"https:\/\/dicodusport.fr\/blog\/biathlon-pays-baltes-groenland-asie-zoom-sur-les-nations-emergentes-et-surprenantes\/"},"author":{"name":"Victor Clot-Amiot","@id":"https:\/\/dicodusport.fr\/blog\/#\/schema\/person\/b623199cba9ba90fe84a3d16e9282360"},"headline":"Biathlon : Pays baltes, Groenland, Asie, zoom sur les nations \u00e9mergentes et surprenantes","datePublished":"2023-11-20T10:04:39+00:00","dateModified":"2023-11-20T12:05:19+00:00","mainEntityOfPage":{"@id":"https:\/\/dicodusport.fr\/blog\/biathlon-pays-baltes-groenland-asie-zoom-sur-les-nations-emergentes-et-surprenantes\/"},"wordCount":2012,"commentCount":0,"publisher":{"@id":"https:\/\/dicodusport.fr\/blog\/#organization"},"image":{"@id":"https:\/\/dicodusport.fr\/blog\/biathlon-pays-baltes-groenland-asie-zoom-sur-les-nations-emergentes-et-surprenantes\/#primaryimage"},"thumbnailUrl":"https:\/\/dicodusport.fr\/blog\/wp-content\/uploads\/2023\/11\/Biathlon-Pays-Baltes-Groenland-Asie-zoom-sur-les-nations-emergentes-et-surprenantes.png","keywords":["Biathlon","br\u00e8ve","sport"],"articleSection":["Coupe du monde de biathlon"],"inLanguage":"fr-FR","potentialAction":[{"@type":"CommentAction","name":"Comment","target":["https:\/\/dicodusport.fr\/blog\/biathlon-pays-baltes-groenland-asie-zoom-sur-les-nations-emergentes-et-surprenantes\/#respond"]}],"copyrightYear":"2023","copyrightHolder":{"@id":"https:\/\/dicodusport.fr\/blog\/#organization"}},{"@type":"WebPage","@id":"https:\/\/dicodusport.fr\/blog\/biathlon-pays-baltes-groenland-asie-zoom-sur-les-nations-emergentes-et-surprenantes\/","url":"https:\/\/dicodusport.fr\/blog\/biathlon-pays-baltes-groenland-asie-zoom-sur-les-nations-emergentes-et-surprenantes\/","name":"Biathlon : Pays baltes, Groenland, Asie, zoom sur les nations \u00e9mergentes et surprenantes","isPartOf":{"@id":"https:\/\/dicodusport.fr\/blog\/#website"},"primaryImageOfPage":{"@id":"https:\/\/dicodusport.fr\/blog\/biathlon-pays-baltes-groenland-asie-zoom-sur-les-nations-emergentes-et-surprenantes\/#primaryimage"},"image":{"@id":"https:\/\/dicodusport.fr\/blog\/biathlon-pays-baltes-groenland-asie-zoom-sur-les-nations-emergentes-et-surprenantes\/#primaryimage"},"thumbnailUrl":"https:\/\/dicodusport.fr\/blog\/wp-content\/uploads\/2023\/11\/Biathlon-Pays-Baltes-Groenland-Asie-zoom-sur-les-nations-emergentes-et-surprenantes.png","datePublished":"2023-11-20T10:04:39+00:00","dateModified":"2023-11-20T12:05:19+00:00","description":"Biathlon - \u00c0 quelques jours de la reprise, Dicodusport vous propose un tour d'horizon des biathl\u00e8tes issus de nations \u00e9mergentes","breadcrumb":{"@id":"https:\/\/dicodusport.fr\/blog\/biathlon-pays-baltes-groenland-asie-zoom-sur-les-nations-emergentes-et-surprenantes\/#breadcrumb"},"inLanguage":"fr-FR","potentialAction":[{"@type":"ReadAction","target":["https:\/\/dicodusport.fr\/blog\/biathlon-pays-baltes-groenland-asie-zoom-sur-les-nations-emergentes-et-surprenantes\/"]}]},{"@type":"ImageObject","inLanguage":"fr-FR","@id":"https:\/\/dicodusport.fr\/blog\/biathlon-pays-baltes-groenland-asie-zoom-sur-les-nations-emergentes-et-surprenantes\/#primaryimage","url":"https:\/\/dicodusport.fr\/blog\/wp-content\/uploads\/2023\/11\/Biathlon-Pays-Baltes-Groenland-Asie-zoom-sur-les-nations-emergentes-et-surprenantes.png","contentUrl":"https:\/\/dicodusport.fr\/blog\/wp-content\/uploads\/2023\/11\/Biathlon-Pays-Baltes-Groenland-Asie-zoom-sur-les-nations-emergentes-et-surprenantes.png","width":800,"height":445,"caption":"Biathlon Pays Baltes, Groenland, Asie, zoom sur les nations \u00e9mergentes et surprenantes"},{"@type":"BreadcrumbList","@id":"https:\/\/dicodusport.fr\/blog\/biathlon-pays-baltes-groenland-asie-zoom-sur-les-nations-emergentes-et-surprenantes\/#breadcrumb","itemListElement":[{"@type":"ListItem","position":1,"name":"Accueil","item":"https:\/\/dicodusport.fr\/blog\/"},{"@type":"ListItem","position":2,"name":"Biathlon : Pays baltes, Groenland, Asie, zoom sur les nations \u00e9mergentes et surprenantes"}]},{"@type":"WebSite","@id":"https:\/\/dicodusport.fr\/blog\/#website","url":"https:\/\/dicodusport.fr\/blog\/","name":"Dicodusport","description":"L&#039;encyclop\u00e9die de l&#039;actualit\u00e9 sportive","publisher":{"@id":"https:\/\/dicodusport.fr\/blog\/#organization"},"potentialAction":[{"@type":"SearchAction","target":{"@type":"EntryPoint","urlTemplate":"https:\/\/dicodusport.fr\/blog\/?s={search_term_string}"},"query-input":{"@type":"PropertyValueSpecification","valueRequired":true,"valueName":"search_term_string"}}],"inLanguage":"fr-FR"},{"@type":"NewsMediaOrganization","@id":"https:\/\/dicodusport.fr\/blog\/#organization","name":"Dicodusport","url":"https:\/\/dicodusport.fr\/blog\/","logo":{"@type":"ImageObject","inLanguage":"fr-FR","@id":"https:\/\/dicodusport.fr\/blog\/#\/schema\/logo\/image\/","url":"https:\/\/dicodusport.fr\/blog\/wp-content\/uploads\/2020\/06\/cropped-LOGO-DICODUSPORT-2020-SANS-FOND-SANS-TEXTE.png","contentUrl":"https:\/\/dicodusport.fr\/blog\/wp-content\/uploads\/2020\/06\/cropped-LOGO-DICODUSPORT-2020-SANS-FOND-SANS-TEXTE.png","width":512,"height":512,"caption":"Dicodusport"},"image":{"@id":"https:\/\/dicodusport.fr\/blog\/#\/schema\/logo\/image\/"},"sameAs":["https:\/\/www.facebook.com\/dicodusport","https:\/\/x.com\/dicodusport","https:\/\/www.instagram.com\/dicodusport\/","https:\/\/www.youtube.com\/channel\/UC7V2KZ5sd3htJivAbA4ZG3w"],"description":"Dicodusport est l'encyclop\u00e9die de l'actualit\u00e9 sportive.","email":"bonjour@dicodusport.fr","legalName":"DICODUSPORT","foundingDate":"2018-01-14","vatID":"FR71834470973","taxID":"83447097300043","numberOfEmployees":{"@type":"QuantitativeValue","minValue":"1","maxValue":"10"}},{"@type":"Person","@id":"https:\/\/dicodusport.fr\/blog\/#\/schema\/person\/b623199cba9ba90fe84a3d16e9282360","name":"Victor Clot-Amiot","image":{"@type":"ImageObject","inLanguage":"fr-FR","@id":"https:\/\/dicodusport.fr\/blog\/#\/schema\/person\/image\/","url":"https:\/\/dicodusport.fr\/blog\/wp-content\/uploads\/2023\/09\/IMG_20190826_114722-150x150.jpg","contentUrl":"https:\/\/dicodusport.fr\/blog\/wp-content\/uploads\/2023\/09\/IMG_20190826_114722-150x150.jpg","caption":"Victor Clot-Amiot"},"description":"Passionn\u00e9 de sport depuis toujours, un jour \u00e0 l'adolescence mes parents m'ont dit : \"quitte \u00e0 passer ton temps \u00e0 regarder du sport, au moins va le voir en vrai\" ! Depuis, cette remarque ne m'a plus quitt\u00e9 et je passe une grande partie de mon temps libre \u00e0 assister \u00e0 des comp\u00e9titions de tous sports. Je m\u00eale d'ailleurs mes deux passions, le sport et les voyages afin de faire une pierre deux coups ! Outre l'US Open ou l'Euro 2021 par exemple, j'ai assist\u00e9 cet \u00e9t\u00e9 aux Mondiaux d'athl\u00e9tisme \u00e0 Budapest. Mon plus gros coup dur est et restera les JO 2020-2021 pour lesquels j'avais r\u00e9serv\u00e9 17 \u00e9preuves. La suite, vous la connaissez...","sameAs":["https:\/\/x.com\/https:\/\/x.com\/VictorClotAmiot"],"url":"https:\/\/dicodusport.fr\/blog\/author\/victor-clot-amiot\/"}]}},"_links":{"self":[{"href":"https:\/\/dicodusport.fr\/blog\/wp-json\/wp\/v2\/posts\/437867","targetHints":{"allow":["GET"]}}],"collection":[{"href":"https:\/\/dicodusport.fr\/blog\/wp-json\/wp\/v2\/posts"}],"about":[{"href":"https:\/\/dicodusport.fr\/blog\/wp-json\/wp\/v2\/types\/post"}],"author":[{"embeddable":true,"href":"https:\/\/dicodusport.fr\/blog\/wp-json\/wp\/v2\/users\/91"}],"replies":[{"embeddable":true,"href":"https:\/\/dicodusport.fr\/blog\/wp-json\/wp\/v2\/comments?post=437867"}],"version-history":[{"count":5,"href":"https:\/\/dicodusport.fr\/blog\/wp-json\/wp\/v2\/posts\/437867\/revisions"}],"predecessor-version":[{"id":438713,"href":"https:\/\/dicodusport.fr\/blog\/wp-json\/wp\/v2\/posts\/437867\/revisions\/438713"}],"wp:featuredmedia":[{"embeddable":true,"href":"https:\/\/dicodusport.fr\/blog\/wp-json\/wp\/v2\/media\/438688"}],"wp:attachment":[{"href":"https:\/\/dicodusport.fr\/blog\/wp-json\/wp\/v2\/media?parent=437867"}],"wp:term":[{"taxonomy":"category","embeddable":true,"href":"https:\/\/dicodusport.fr\/blog\/wp-json\/wp\/v2\/categories?post=437867"},{"taxonomy":"post_tag","embeddable":true,"href":"https:\/\/dicodusport.fr\/blog\/wp-json\/wp\/v2\/tags?post=437867"}],"curies":[{"name":"wp","href":"https:\/\/api.w.org\/{rel}","templated":true}]}}