{"id":437946,"date":"2023-11-17T19:09:06","date_gmt":"2023-11-17T18:09:06","guid":{"rendered":"https:\/\/dicodusport.fr\/blog\/?p=437946&#038;preview=true&#038;preview_id=437946"},"modified":"2023-11-17T19:21:52","modified_gmt":"2023-11-17T18:21:52","slug":"equipe-de-france-la-composition-probable-des-bleus-pour-la-reception-de-gibraltar","status":"publish","type":"post","link":"https:\/\/dicodusport.fr\/blog\/equipe-de-france-la-composition-probable-des-bleus-pour-la-reception-de-gibraltar\/","title":{"rendered":"\u00c9quipe de France : La composition probable des Bleus pour la r\u00e9ception de Gibraltar"},"content":{"rendered":"<p style=\"text-align: justify;\" align=\"justify\"><em><b>FOOTBALL &#8211; Selon L&rsquo;\u00c9quipe, Didier Deschamps devrait \u00e9voluer en 4-3-3 avec Warren Za\u00efre-Emery face \u00e0 Gibraltar.<br \/>\n<\/b><\/em><\/p>\n<p align=\"justify\">Les <strong>Bleus<\/strong> sont d\u00e9j\u00e0 qualifi\u00e9s et plusieurs joueurs sont forfaits. \u00c0 l&rsquo;image des deux Madril\u00e8nes, <strong>Aur\u00e9lien<\/strong> <strong>Tchouam\u00e9ni<\/strong> et <strong>Eduardo<\/strong> <strong>Camavinga<\/strong>. La grande question que tout le monde se pose est de savoir si <strong>Warren Za\u00efre-Emery<\/strong> va jouer, et la tendance serait positive. Il devrait \u00eatre align\u00e9 au milieu de terrain avec <strong>Adrien<\/strong> <strong>Rabiot<\/strong> et <strong>Antoine<\/strong> <strong>Griezmann<\/strong>.<\/p>\n<ul>\n<li><strong>\u00c0 lire aussi &#8211; <a href=\"https:\/\/dicodusport.fr\/blog\/france-gibraltar-heure-du-match-et-chaine-tv\/\" target=\"_blank\" rel=\"noopener\">France \u2013 Gibraltar : Heure du match et Cha\u00eene TV<\/a><\/strong><\/li>\n<\/ul>\n<p align=\"justify\">En d\u00e9fense, <strong>Dayot<\/strong> <strong>Upamecano\u00a0<\/strong>va retrouver sa place dans l&rsquo;axe et devrait \u00eatre accompagn\u00e9 de <strong>Jean-Clair Todibo<\/strong> en l&rsquo;absence d&rsquo;<strong>Ibrahima Konat\u00e9<\/strong>. Dans les couloirs, pas de surprise, puisque <strong>Jonathan<\/strong> <strong>Clauss<\/strong> et <strong>Th\u00e9o<\/strong> <strong>Hernandez<\/strong> sont attendus dans le onze de d\u00e9part.<\/p>\n<p align=\"justify\">En attaque, le capitaine <strong>Kylian Mbapp\u00e9<\/strong> sera bien l\u00e0 dans le couloir gauche alors que <strong>Kingsley<\/strong> <strong>Coman<\/strong> devrait \u00eatre pr\u00e9f\u00e9r\u00e9 \u00e0 <strong>Ousmane<\/strong> <strong>Demb\u00e9l\u00e9<\/strong> \u00e0 droite. Pour le poste d&rsquo;avant-centre, <strong>Marcus<\/strong> <strong>Thuram<\/strong> tient la corde plut\u00f4t que <strong>Randal Kolo Muani<\/strong> ou <strong>Olivier<\/strong> <strong>Giroud<\/strong>.<\/p>\n<h2 style=\"text-align: justify;\" align=\"justify\">La composition probable des Bleus pour affronter Gibraltar<\/h2>\n<p style=\"text-align: justify;\">Maignan &#8211; Clauss, Todibo, Upamecano, Theo Hern\u00e1ndez &#8211; Za\u00efre-Emery, Rabiot, Griezmann &#8211; Coman, Mbapp\u00e9, Thuram.<\/p>\n<blockquote class=\"twitter-tweet\">\n<p dir=\"ltr\" lang=\"fr\">Jean-Clair Todibo et Warren Za\u00efre-Emery titulaires face \u00e0 Gibraltar ? <a href=\"https:\/\/t.co\/XewOoaVZs7\">https:\/\/t.co\/XewOoaVZs7<\/a> <a href=\"https:\/\/t.co\/Z7J1URRUTr\">pic.twitter.com\/Z7J1URRUTr<\/a><\/p>\n<p>\u2014 L&rsquo;\u00c9QUIPE (@lequipe) <a href=\"https:\/\/twitter.com\/lequipe\/status\/1725573402520424764?ref_src=twsrc%5Etfw\">November 17, 2023<\/a><\/p><\/blockquote>\n<p><script async src=\"https:\/\/platform.twitter.com\/widgets.js\" charset=\"utf-8\"><\/script><\/p>\n","protected":false},"excerpt":{"rendered":"<p>FOOTBALL &#8211; Selon L&rsquo;\u00c9quipe, Didier Deschamps devrait \u00e9voluer en 4-3-3 avec Warren Za\u00efre-Emery face \u00e0 Gibraltar.<\/p>\n","protected":false},"author":1,"featured_media":437948,"comment_status":"open","ping_status":"closed","sticky":false,"template":"","format":"standard","meta":{"_acf_changed":false,"_daextam_enable_autolinks":"1","footnotes":""},"categories":[47044,2301],"tags":[16878,7276,6966,75,30,6281],"class_list":["post-437946","post","type-post","status-publish","format-standard","has-post-thumbnail","hentry","category-euro-de-football","category-football","tag-breve","tag-composition-france","tag-equipe-de-france-de-football","tag-football","tag-france","tag-gibraltar"],"acf":[],"yoast_head":"<!-- This site is optimized with the Yoast SEO Premium plugin v26.7 (Yoast SEO v26.7) - https:\/\/yoast.com\/wordpress\/plugins\/seo\/ -->\n<title>\u00c9quipe de France : La composition probable des Bleus pour la r\u00e9ception de Gibraltar<\/title>\n<meta name=\"description\" content=\"FOOTBALL - Selon L&#039;\u00c9quipe, Didier Deschamps devrait \u00e9voluer en 4-3-3 avec Warren Za\u00efre-Emery face \u00e0 Gibraltar.\u00a0\" \/>\n<meta name=\"robots\" content=\"index, follow, max-snippet:-1, max-image-preview:large, max-video-preview:-1\" \/>\n<link rel=\"canonical\" href=\"https:\/\/dicodusport.fr\/blog\/equipe-de-france-la-composition-probable-des-bleus-pour-la-reception-de-gibraltar\/\" \/>\n<meta property=\"og:locale\" content=\"fr_FR\" \/>\n<meta property=\"og:type\" content=\"article\" \/>\n<meta property=\"og:title\" content=\"\u00c9quipe de France : La composition probable des Bleus pour la r\u00e9ception de Gibraltar\" \/>\n<meta property=\"og:description\" content=\"FOOTBALL - Selon L&#039;\u00c9quipe, Didier Deschamps devrait \u00e9voluer en 4-3-3 avec Warren Za\u00efre-Emery face \u00e0 Gibraltar.\u00a0\" \/>\n<meta property=\"og:url\" content=\"https:\/\/dicodusport.fr\/blog\/equipe-de-france-la-composition-probable-des-bleus-pour-la-reception-de-gibraltar\/\" \/>\n<meta property=\"og:site_name\" content=\"Dicodusport\" \/>\n<meta property=\"article:publisher\" content=\"https:\/\/www.facebook.com\/dicodusport\" \/>\n<meta property=\"article:author\" content=\"https:\/\/www.facebook.com\/dicodusport\" \/>\n<meta property=\"article:published_time\" content=\"2023-11-17T18:09:06+00:00\" \/>\n<meta property=\"article:modified_time\" content=\"2023-11-17T18:21:52+00:00\" \/>\n<meta property=\"og:image\" content=\"https:\/\/dicodusport.fr\/blog\/wp-content\/uploads\/2023\/11\/Equipe-de-France-La-composition-probable-des-Bleus-pour-la-reception-de-Gibraltar.png\" \/>\n\t<meta property=\"og:image:width\" content=\"800\" \/>\n\t<meta property=\"og:image:height\" content=\"445\" \/>\n\t<meta property=\"og:image:type\" content=\"image\/png\" \/>\n<meta name=\"author\" content=\"Nicolas Jacquemard\" \/>\n<meta name=\"twitter:card\" content=\"summary_large_image\" \/>\n<meta name=\"twitter:title\" content=\"\u00c9quipe de France : La composition probable des Bleus pour la r\u00e9ception de Gibraltar\" \/>\n<meta name=\"twitter:creator\" content=\"@https:\/\/twitter.com\/Nico_Jacquemard\" \/>\n<meta name=\"twitter:site\" content=\"@dicodusport\" \/>\n<script type=\"application\/ld+json\" class=\"yoast-schema-graph\">{\"@context\":\"https:\/\/schema.org\",\"@graph\":[{\"@type\":\"NewsArticle\",\"@id\":\"https:\/\/dicodusport.fr\/blog\/equipe-de-france-la-composition-probable-des-bleus-pour-la-reception-de-gibraltar\/#article\",\"isPartOf\":{\"@id\":\"https:\/\/dicodusport.fr\/blog\/equipe-de-france-la-composition-probable-des-bleus-pour-la-reception-de-gibraltar\/\"},\"author\":{\"name\":\"Nicolas Jacquemard\",\"@id\":\"https:\/\/dicodusport.fr\/blog\/#\/schema\/person\/55dcb50ad410894e431ed812bbb70191\"},\"headline\":\"\u00c9quipe de France : La composition probable des Bleus pour la r\u00e9ception de Gibraltar\",\"datePublished\":\"2023-11-17T18:09:06+00:00\",\"dateModified\":\"2023-11-17T18:21:52+00:00\",\"mainEntityOfPage\":{\"@id\":\"https:\/\/dicodusport.fr\/blog\/equipe-de-france-la-composition-probable-des-bleus-pour-la-reception-de-gibraltar\/\"},\"wordCount\":245,\"commentCount\":0,\"publisher\":{\"@id\":\"https:\/\/dicodusport.fr\/blog\/#organization\"},\"image\":{\"@id\":\"https:\/\/dicodusport.fr\/blog\/equipe-de-france-la-composition-probable-des-bleus-pour-la-reception-de-gibraltar\/#primaryimage\"},\"thumbnailUrl\":\"https:\/\/dicodusport.fr\/blog\/wp-content\/uploads\/2023\/11\/Equipe-de-France-La-composition-probable-des-Bleus-pour-la-reception-de-Gibraltar.png\",\"keywords\":[\"br\u00e8ve\",\"Composition France\",\"Equipe de France de football\",\"Football\",\"France\",\"Gibraltar\"],\"articleSection\":[\"Euro de football\",\"Football\"],\"inLanguage\":\"fr-FR\",\"potentialAction\":[{\"@type\":\"CommentAction\",\"name\":\"Comment\",\"target\":[\"https:\/\/dicodusport.fr\/blog\/equipe-de-france-la-composition-probable-des-bleus-pour-la-reception-de-gibraltar\/#respond\"]}],\"copyrightYear\":\"2023\",\"copyrightHolder\":{\"@id\":\"https:\/\/dicodusport.fr\/blog\/#organization\"}},{\"@type\":\"WebPage\",\"@id\":\"https:\/\/dicodusport.fr\/blog\/equipe-de-france-la-composition-probable-des-bleus-pour-la-reception-de-gibraltar\/\",\"url\":\"https:\/\/dicodusport.fr\/blog\/equipe-de-france-la-composition-probable-des-bleus-pour-la-reception-de-gibraltar\/\",\"name\":\"\u00c9quipe de France : La composition probable des Bleus pour la r\u00e9ception de Gibraltar\",\"isPartOf\":{\"@id\":\"https:\/\/dicodusport.fr\/blog\/#website\"},\"primaryImageOfPage\":{\"@id\":\"https:\/\/dicodusport.fr\/blog\/equipe-de-france-la-composition-probable-des-bleus-pour-la-reception-de-gibraltar\/#primaryimage\"},\"image\":{\"@id\":\"https:\/\/dicodusport.fr\/blog\/equipe-de-france-la-composition-probable-des-bleus-pour-la-reception-de-gibraltar\/#primaryimage\"},\"thumbnailUrl\":\"https:\/\/dicodusport.fr\/blog\/wp-content\/uploads\/2023\/11\/Equipe-de-France-La-composition-probable-des-Bleus-pour-la-reception-de-Gibraltar.png\",\"datePublished\":\"2023-11-17T18:09:06+00:00\",\"dateModified\":\"2023-11-17T18:21:52+00:00\",\"description\":\"FOOTBALL - Selon L'\u00c9quipe, Didier Deschamps devrait \u00e9voluer en 4-3-3 avec Warren Za\u00efre-Emery face \u00e0 Gibraltar.\u00a0\",\"breadcrumb\":{\"@id\":\"https:\/\/dicodusport.fr\/blog\/equipe-de-france-la-composition-probable-des-bleus-pour-la-reception-de-gibraltar\/#breadcrumb\"},\"inLanguage\":\"fr-FR\",\"potentialAction\":[{\"@type\":\"ReadAction\",\"target\":[\"https:\/\/dicodusport.fr\/blog\/equipe-de-france-la-composition-probable-des-bleus-pour-la-reception-de-gibraltar\/\"]}]},{\"@type\":\"ImageObject\",\"inLanguage\":\"fr-FR\",\"@id\":\"https:\/\/dicodusport.fr\/blog\/equipe-de-france-la-composition-probable-des-bleus-pour-la-reception-de-gibraltar\/#primaryimage\",\"url\":\"https:\/\/dicodusport.fr\/blog\/wp-content\/uploads\/2023\/11\/Equipe-de-France-La-composition-probable-des-Bleus-pour-la-reception-de-Gibraltar.png\",\"contentUrl\":\"https:\/\/dicodusport.fr\/blog\/wp-content\/uploads\/2023\/11\/Equipe-de-France-La-composition-probable-des-Bleus-pour-la-reception-de-Gibraltar.png\",\"width\":800,\"height\":445},{\"@type\":\"BreadcrumbList\",\"@id\":\"https:\/\/dicodusport.fr\/blog\/equipe-de-france-la-composition-probable-des-bleus-pour-la-reception-de-gibraltar\/#breadcrumb\",\"itemListElement\":[{\"@type\":\"ListItem\",\"position\":1,\"name\":\"Accueil\",\"item\":\"https:\/\/dicodusport.fr\/blog\/\"},{\"@type\":\"ListItem\",\"position\":2,\"name\":\"\u00c9quipe de France : La composition probable des Bleus pour la r\u00e9ception de Gibraltar\"}]},{\"@type\":\"WebSite\",\"@id\":\"https:\/\/dicodusport.fr\/blog\/#website\",\"url\":\"https:\/\/dicodusport.fr\/blog\/\",\"name\":\"Dicodusport\",\"description\":\"L&#039;encyclop\u00e9die de l&#039;actualit\u00e9 sportive\",\"publisher\":{\"@id\":\"https:\/\/dicodusport.fr\/blog\/#organization\"},\"potentialAction\":[{\"@type\":\"SearchAction\",\"target\":{\"@type\":\"EntryPoint\",\"urlTemplate\":\"https:\/\/dicodusport.fr\/blog\/?s={search_term_string}\"},\"query-input\":{\"@type\":\"PropertyValueSpecification\",\"valueRequired\":true,\"valueName\":\"search_term_string\"}}],\"inLanguage\":\"fr-FR\"},{\"@type\":\"NewsMediaOrganization\",\"@id\":\"https:\/\/dicodusport.fr\/blog\/#organization\",\"name\":\"Dicodusport\",\"url\":\"https:\/\/dicodusport.fr\/blog\/\",\"logo\":{\"@type\":\"ImageObject\",\"inLanguage\":\"fr-FR\",\"@id\":\"https:\/\/dicodusport.fr\/blog\/#\/schema\/logo\/image\/\",\"url\":\"https:\/\/dicodusport.fr\/blog\/wp-content\/uploads\/2020\/06\/cropped-LOGO-DICODUSPORT-2020-SANS-FOND-SANS-TEXTE.png\",\"contentUrl\":\"https:\/\/dicodusport.fr\/blog\/wp-content\/uploads\/2020\/06\/cropped-LOGO-DICODUSPORT-2020-SANS-FOND-SANS-TEXTE.png\",\"width\":512,\"height\":512,\"caption\":\"Dicodusport\"},\"image\":{\"@id\":\"https:\/\/dicodusport.fr\/blog\/#\/schema\/logo\/image\/\"},\"sameAs\":[\"https:\/\/www.facebook.com\/dicodusport\",\"https:\/\/x.com\/dicodusport\",\"https:\/\/www.instagram.com\/dicodusport\/\",\"https:\/\/www.youtube.com\/channel\/UC7V2KZ5sd3htJivAbA4ZG3w\"],\"description\":\"Dicodusport est l'encyclop\u00e9die de l'actualit\u00e9 sportive.\",\"email\":\"bonjour@dicodusport.fr\",\"legalName\":\"DICODUSPORT\",\"foundingDate\":\"2018-01-14\",\"vatID\":\"FR71834470973\",\"taxID\":\"83447097300043\",\"numberOfEmployees\":{\"@type\":\"QuantitativeValue\",\"minValue\":\"1\",\"maxValue\":\"10\"}},{\"@type\":\"Person\",\"@id\":\"https:\/\/dicodusport.fr\/blog\/#\/schema\/person\/55dcb50ad410894e431ed812bbb70191\",\"name\":\"Nicolas Jacquemard\",\"image\":{\"@type\":\"ImageObject\",\"inLanguage\":\"fr-FR\",\"@id\":\"https:\/\/dicodusport.fr\/blog\/#\/schema\/person\/image\/\",\"url\":\"https:\/\/dicodusport.fr\/blog\/wp-content\/uploads\/2021\/05\/Nicolas-Jacquemard-150x150.jpeg\",\"contentUrl\":\"https:\/\/dicodusport.fr\/blog\/wp-content\/uploads\/2021\/05\/Nicolas-Jacquemard-150x150.jpeg\",\"caption\":\"Nicolas Jacquemard\"},\"description\":\"Passionn\u00e9 de sport et entrepreneur depuis mes 18 ans, la cr\u00e9ation de Dicodusport m'a sembl\u00e9 \u00e9vidente pour participer \u00e0 la m\u00e9diatisation d'un plus grand nombre de sports. Le chemin est long mais avec une \u00e9quipe des plus motiv\u00e9es et les Jeux Olympiques de Paris 2024 en point de mire, nous y arriverons ! Journaliste dans le monde du sport depuis plus de 5 ans, je traite aussi bien de football, de rugby, de biathlon que de cyclisme.\",\"sameAs\":[\"https:\/\/www.facebook.com\/dicodusport\",\"https:\/\/x.com\/https:\/\/twitter.com\/Nico_Jacquemard\"],\"url\":\"https:\/\/dicodusport.fr\/blog\/author\/dicodusport\/\"}]}<\/script>\n<!-- \/ Yoast SEO Premium plugin. -->","yoast_head_json":{"title":"\u00c9quipe de France : La composition probable des Bleus pour la r\u00e9ception de Gibraltar","description":"FOOTBALL - Selon L'\u00c9quipe, Didier Deschamps devrait \u00e9voluer en 4-3-3 avec Warren Za\u00efre-Emery face \u00e0 Gibraltar.\u00a0","robots":{"index":"index","follow":"follow","max-snippet":"max-snippet:-1","max-image-preview":"max-image-preview:large","max-video-preview":"max-video-preview:-1"},"canonical":"https:\/\/dicodusport.fr\/blog\/equipe-de-france-la-composition-probable-des-bleus-pour-la-reception-de-gibraltar\/","og_locale":"fr_FR","og_type":"article","og_title":"\u00c9quipe de France : La composition probable des Bleus pour la r\u00e9ception de Gibraltar","og_description":"FOOTBALL - Selon L'\u00c9quipe, Didier Deschamps devrait \u00e9voluer en 4-3-3 avec Warren Za\u00efre-Emery face \u00e0 Gibraltar.\u00a0","og_url":"https:\/\/dicodusport.fr\/blog\/equipe-de-france-la-composition-probable-des-bleus-pour-la-reception-de-gibraltar\/","og_site_name":"Dicodusport","article_publisher":"https:\/\/www.facebook.com\/dicodusport","article_author":"https:\/\/www.facebook.com\/dicodusport","article_published_time":"2023-11-17T18:09:06+00:00","article_modified_time":"2023-11-17T18:21:52+00:00","og_image":[{"width":800,"height":445,"url":"https:\/\/dicodusport.fr\/blog\/wp-content\/uploads\/2023\/11\/Equipe-de-France-La-composition-probable-des-Bleus-pour-la-reception-de-Gibraltar.png","type":"image\/png"}],"author":"Nicolas Jacquemard","twitter_card":"summary_large_image","twitter_title":"\u00c9quipe de France : La composition probable des Bleus pour la r\u00e9ception de Gibraltar","twitter_creator":"@https:\/\/twitter.com\/Nico_Jacquemard","twitter_site":"@dicodusport","schema":{"@context":"https:\/\/schema.org","@graph":[{"@type":"NewsArticle","@id":"https:\/\/dicodusport.fr\/blog\/equipe-de-france-la-composition-probable-des-bleus-pour-la-reception-de-gibraltar\/#article","isPartOf":{"@id":"https:\/\/dicodusport.fr\/blog\/equipe-de-france-la-composition-probable-des-bleus-pour-la-reception-de-gibraltar\/"},"author":{"name":"Nicolas Jacquemard","@id":"https:\/\/dicodusport.fr\/blog\/#\/schema\/person\/55dcb50ad410894e431ed812bbb70191"},"headline":"\u00c9quipe de France : La composition probable des Bleus pour la r\u00e9ception de Gibraltar","datePublished":"2023-11-17T18:09:06+00:00","dateModified":"2023-11-17T18:21:52+00:00","mainEntityOfPage":{"@id":"https:\/\/dicodusport.fr\/blog\/equipe-de-france-la-composition-probable-des-bleus-pour-la-reception-de-gibraltar\/"},"wordCount":245,"commentCount":0,"publisher":{"@id":"https:\/\/dicodusport.fr\/blog\/#organization"},"image":{"@id":"https:\/\/dicodusport.fr\/blog\/equipe-de-france-la-composition-probable-des-bleus-pour-la-reception-de-gibraltar\/#primaryimage"},"thumbnailUrl":"https:\/\/dicodusport.fr\/blog\/wp-content\/uploads\/2023\/11\/Equipe-de-France-La-composition-probable-des-Bleus-pour-la-reception-de-Gibraltar.png","keywords":["br\u00e8ve","Composition France","Equipe de France de football","Football","France","Gibraltar"],"articleSection":["Euro de football","Football"],"inLanguage":"fr-FR","potentialAction":[{"@type":"CommentAction","name":"Comment","target":["https:\/\/dicodusport.fr\/blog\/equipe-de-france-la-composition-probable-des-bleus-pour-la-reception-de-gibraltar\/#respond"]}],"copyrightYear":"2023","copyrightHolder":{"@id":"https:\/\/dicodusport.fr\/blog\/#organization"}},{"@type":"WebPage","@id":"https:\/\/dicodusport.fr\/blog\/equipe-de-france-la-composition-probable-des-bleus-pour-la-reception-de-gibraltar\/","url":"https:\/\/dicodusport.fr\/blog\/equipe-de-france-la-composition-probable-des-bleus-pour-la-reception-de-gibraltar\/","name":"\u00c9quipe de France : La composition probable des Bleus pour la r\u00e9ception de Gibraltar","isPartOf":{"@id":"https:\/\/dicodusport.fr\/blog\/#website"},"primaryImageOfPage":{"@id":"https:\/\/dicodusport.fr\/blog\/equipe-de-france-la-composition-probable-des-bleus-pour-la-reception-de-gibraltar\/#primaryimage"},"image":{"@id":"https:\/\/dicodusport.fr\/blog\/equipe-de-france-la-composition-probable-des-bleus-pour-la-reception-de-gibraltar\/#primaryimage"},"thumbnailUrl":"https:\/\/dicodusport.fr\/blog\/wp-content\/uploads\/2023\/11\/Equipe-de-France-La-composition-probable-des-Bleus-pour-la-reception-de-Gibraltar.png","datePublished":"2023-11-17T18:09:06+00:00","dateModified":"2023-11-17T18:21:52+00:00","description":"FOOTBALL - Selon L'\u00c9quipe, Didier Deschamps devrait \u00e9voluer en 4-3-3 avec Warren Za\u00efre-Emery face \u00e0 Gibraltar.\u00a0","breadcrumb":{"@id":"https:\/\/dicodusport.fr\/blog\/equipe-de-france-la-composition-probable-des-bleus-pour-la-reception-de-gibraltar\/#breadcrumb"},"inLanguage":"fr-FR","potentialAction":[{"@type":"ReadAction","target":["https:\/\/dicodusport.fr\/blog\/equipe-de-france-la-composition-probable-des-bleus-pour-la-reception-de-gibraltar\/"]}]},{"@type":"ImageObject","inLanguage":"fr-FR","@id":"https:\/\/dicodusport.fr\/blog\/equipe-de-france-la-composition-probable-des-bleus-pour-la-reception-de-gibraltar\/#primaryimage","url":"https:\/\/dicodusport.fr\/blog\/wp-content\/uploads\/2023\/11\/Equipe-de-France-La-composition-probable-des-Bleus-pour-la-reception-de-Gibraltar.png","contentUrl":"https:\/\/dicodusport.fr\/blog\/wp-content\/uploads\/2023\/11\/Equipe-de-France-La-composition-probable-des-Bleus-pour-la-reception-de-Gibraltar.png","width":800,"height":445},{"@type":"BreadcrumbList","@id":"https:\/\/dicodusport.fr\/blog\/equipe-de-france-la-composition-probable-des-bleus-pour-la-reception-de-gibraltar\/#breadcrumb","itemListElement":[{"@type":"ListItem","position":1,"name":"Accueil","item":"https:\/\/dicodusport.fr\/blog\/"},{"@type":"ListItem","position":2,"name":"\u00c9quipe de France : La composition probable des Bleus pour la r\u00e9ception de Gibraltar"}]},{"@type":"WebSite","@id":"https:\/\/dicodusport.fr\/blog\/#website","url":"https:\/\/dicodusport.fr\/blog\/","name":"Dicodusport","description":"L&#039;encyclop\u00e9die de l&#039;actualit\u00e9 sportive","publisher":{"@id":"https:\/\/dicodusport.fr\/blog\/#organization"},"potentialAction":[{"@type":"SearchAction","target":{"@type":"EntryPoint","urlTemplate":"https:\/\/dicodusport.fr\/blog\/?s={search_term_string}"},"query-input":{"@type":"PropertyValueSpecification","valueRequired":true,"valueName":"search_term_string"}}],"inLanguage":"fr-FR"},{"@type":"NewsMediaOrganization","@id":"https:\/\/dicodusport.fr\/blog\/#organization","name":"Dicodusport","url":"https:\/\/dicodusport.fr\/blog\/","logo":{"@type":"ImageObject","inLanguage":"fr-FR","@id":"https:\/\/dicodusport.fr\/blog\/#\/schema\/logo\/image\/","url":"https:\/\/dicodusport.fr\/blog\/wp-content\/uploads\/2020\/06\/cropped-LOGO-DICODUSPORT-2020-SANS-FOND-SANS-TEXTE.png","contentUrl":"https:\/\/dicodusport.fr\/blog\/wp-content\/uploads\/2020\/06\/cropped-LOGO-DICODUSPORT-2020-SANS-FOND-SANS-TEXTE.png","width":512,"height":512,"caption":"Dicodusport"},"image":{"@id":"https:\/\/dicodusport.fr\/blog\/#\/schema\/logo\/image\/"},"sameAs":["https:\/\/www.facebook.com\/dicodusport","https:\/\/x.com\/dicodusport","https:\/\/www.instagram.com\/dicodusport\/","https:\/\/www.youtube.com\/channel\/UC7V2KZ5sd3htJivAbA4ZG3w"],"description":"Dicodusport est l'encyclop\u00e9die de l'actualit\u00e9 sportive.","email":"bonjour@dicodusport.fr","legalName":"DICODUSPORT","foundingDate":"2018-01-14","vatID":"FR71834470973","taxID":"83447097300043","numberOfEmployees":{"@type":"QuantitativeValue","minValue":"1","maxValue":"10"}},{"@type":"Person","@id":"https:\/\/dicodusport.fr\/blog\/#\/schema\/person\/55dcb50ad410894e431ed812bbb70191","name":"Nicolas Jacquemard","image":{"@type":"ImageObject","inLanguage":"fr-FR","@id":"https:\/\/dicodusport.fr\/blog\/#\/schema\/person\/image\/","url":"https:\/\/dicodusport.fr\/blog\/wp-content\/uploads\/2021\/05\/Nicolas-Jacquemard-150x150.jpeg","contentUrl":"https:\/\/dicodusport.fr\/blog\/wp-content\/uploads\/2021\/05\/Nicolas-Jacquemard-150x150.jpeg","caption":"Nicolas Jacquemard"},"description":"Passionn\u00e9 de sport et entrepreneur depuis mes 18 ans, la cr\u00e9ation de Dicodusport m'a sembl\u00e9 \u00e9vidente pour participer \u00e0 la m\u00e9diatisation d'un plus grand nombre de sports. Le chemin est long mais avec une \u00e9quipe des plus motiv\u00e9es et les Jeux Olympiques de Paris 2024 en point de mire, nous y arriverons ! Journaliste dans le monde du sport depuis plus de 5 ans, je traite aussi bien de football, de rugby, de biathlon que de cyclisme.","sameAs":["https:\/\/www.facebook.com\/dicodusport","https:\/\/x.com\/https:\/\/twitter.com\/Nico_Jacquemard"],"url":"https:\/\/dicodusport.fr\/blog\/author\/dicodusport\/"}]}},"_links":{"self":[{"href":"https:\/\/dicodusport.fr\/blog\/wp-json\/wp\/v2\/posts\/437946","targetHints":{"allow":["GET"]}}],"collection":[{"href":"https:\/\/dicodusport.fr\/blog\/wp-json\/wp\/v2\/posts"}],"about":[{"href":"https:\/\/dicodusport.fr\/blog\/wp-json\/wp\/v2\/types\/post"}],"author":[{"embeddable":true,"href":"https:\/\/dicodusport.fr\/blog\/wp-json\/wp\/v2\/users\/1"}],"replies":[{"embeddable":true,"href":"https:\/\/dicodusport.fr\/blog\/wp-json\/wp\/v2\/comments?post=437946"}],"version-history":[{"count":4,"href":"https:\/\/dicodusport.fr\/blog\/wp-json\/wp\/v2\/posts\/437946\/revisions"}],"predecessor-version":[{"id":437952,"href":"https:\/\/dicodusport.fr\/blog\/wp-json\/wp\/v2\/posts\/437946\/revisions\/437952"}],"wp:featuredmedia":[{"embeddable":true,"href":"https:\/\/dicodusport.fr\/blog\/wp-json\/wp\/v2\/media\/437948"}],"wp:attachment":[{"href":"https:\/\/dicodusport.fr\/blog\/wp-json\/wp\/v2\/media?parent=437946"}],"wp:term":[{"taxonomy":"category","embeddable":true,"href":"https:\/\/dicodusport.fr\/blog\/wp-json\/wp\/v2\/categories?post=437946"},{"taxonomy":"post_tag","embeddable":true,"href":"https:\/\/dicodusport.fr\/blog\/wp-json\/wp\/v2\/tags?post=437946"}],"curies":[{"name":"wp","href":"https:\/\/api.w.org\/{rel}","templated":true}]}}