{"id":437993,"date":"2023-11-17T23:05:02","date_gmt":"2023-11-17T22:05:02","guid":{"rendered":"https:\/\/dicodusport.fr\/blog\/?p=437993&#038;preview=true&#038;preview_id=437993"},"modified":"2024-03-08T09:33:04","modified_gmt":"2024-03-08T08:33:04","slug":"ares-17-aboubakar-younousov-decroche-la-ceinture-interimaire-des-61kg","status":"publish","type":"post","link":"https:\/\/dicodusport.fr\/blog\/ares-17-aboubakar-younousov-decroche-la-ceinture-interimaire-des-61kg\/","title":{"rendered":"ARES 17 : Aboubakar Younousov d\u00e9croche la ceinture int\u00e9rimaire des -61kg"},"content":{"rendered":"<p style=\"text-align: justify;\"><strong><em>ARES 17 \u2013 Devant la star de l\u2019UFC Khamzat Chimaev qui avait fait le d\u00e9placement pour assister \u00e0 l\u2019\u00e9v\u00e8nement, Aboubakar Younousov s\u2019est impos\u00e9 par KO au deuxi\u00e8me round contre Moustapha Aida. Le Franco-tch\u00e9tch\u00e8ne d\u00e9croche la ceinture int\u00e9rimaire des poids coqs pour son 4<sup>e<\/sup> combat pro.<\/em><\/strong><\/p>\n<h2 style=\"text-align: justify;\">3 combats sur 3 termin\u00e9s avant la limite<\/h2>\n<p style=\"text-align: justify;\">Le Fran\u00e7ais <strong>Osman Minbatirov<\/strong> s\u2019est inclin\u00e9 dans le premier combat de la carte principale. Le combattant <em>lightweight <\/em>a \u00e9t\u00e9 soumis au second round par le N\u00e9erlandais <strong>Agy Sardari<\/strong>. Ce dernier \u00e9tait pr\u00e9sent pour la premi\u00e8re fois dans l\u2019organisation de <strong>Fernand Lopez<\/strong>, et il obtient l\u00e0 sa 17<sup>e<\/sup> victoire en carri\u00e8re (pour seulement quatre d\u00e9faites). Un tr\u00e8s beau bilan qui devrait lui permettre, avec cette premi\u00e8re victoire \u00e0 Ares, de viser rapidement les combattants les plus redoutables de la division.<\/p>\n<p style=\"text-align: justify;\">Le second combat voyait s\u2019opposer <strong>Xavier Lessou <\/strong>(2V-2D) et <strong>Rony Bouzy <\/strong>(4V-3D), deux poids lourds au palmar\u00e8s mitig\u00e9. <strong>Lessou <\/strong>avait fait parler de lui sur la toile pour avoir battu \u00ab\u00a0<strong>Ragnar le Breton\u00a0\u00bb <\/strong>dans un combat non-diffus\u00e9. Apr\u00e8s un premier round tr\u00e8s hach\u00e9 avec deux arr\u00eats pour des coups dans l\u2019entrejambe, les seconds rounds ont \u00e9t\u00e9 plus int\u00e9ressants avec des amen\u00e9es au sol. <strong>Xavier Lessou <\/strong>s\u2019est impos\u00e9 contre le Fran\u00e7ais \u00e0 cinq secondes de la fin, une victoire logique sur l\u2019ensemble du combat. Il remporte le duel par TKO pour abandon de l\u2019adversaire. Le pouce de <strong>Bouzy <\/strong>a \u00e9t\u00e9 touch\u00e9 et la douleur \u00e9tait telle qu\u2019il ne pouvait plus tenir.<\/p>\n<p style=\"text-align: justify;\">Le co-main event \u00e9tait un duel entre l\u2019exp\u00e9riment\u00e9 <strong>Emmanuel Dawa<\/strong> et <strong>Ghiles Oudelha <\/strong>(14V-6D), l\u2019un des meilleurs<em> lightweight<\/em> de l\u2019organisation. <strong>Dawa <\/strong>concourt habituellement en -77kg, mais \u00e0 38 ans, il a d\u00e9cid\u00e9 de descendre de cat\u00e9gorie. Le combattant du Sambo St-Pierre Marseille a r\u00e9alis\u00e9 une victoire express en s\u2019imposant en moins de 30 secondes. Apr\u00e8s une droite au corps pr\u00e8s des c\u00f4tes, le franco-centrafricain ne pouvait d\u00e9j\u00e0 plus combattre. <strong>Oudelha <\/strong>a su finir avec un coup de genou bien plac\u00e9. Ce TKO ultra-rapide vient tirer un trait sur sa d\u00e9faite rageante face \u00e0 <strong>Amine Ayoub<\/strong> et le rapproche peut-\u00eatre d\u2019un futur <em>title-fight<\/em>.<\/p>\n<h2 style=\"text-align: justify;\">Younousov nouveau champion des -61kg<\/h2>\n<p style=\"text-align: justify;\">Le <em>main event<\/em> de la soir\u00e9e \u00e9tait un duel franco-fran\u00e7ais pour la ceinture int\u00e9rimaire des -61 kg opposant <strong>Moustapha Aida<\/strong>, le challenger n\u00b01 des poids coqs, au n\u00b03 <strong>Aboubakar Younousov<\/strong>. Ce dernier avait du tr\u00e8s beau monde pour l\u2019encourager : \u00ab <strong>Baki<\/strong>\u00a0\u00bb (qui aurait d\u00fb combattre en main-event de la soir\u00e9e) et les combattants UFC <strong>Nassourdine Imavov<\/strong> et <strong>Khamzat Chimaev<\/strong>, v\u00e9ritable star mondiale du MMA. Le franco-tch\u00e9tch\u00e8ne est encore au d\u00e9but de sa carri\u00e8re (en 3V-0D avant le combat) et a d\u00e9j\u00e0 un <em>title-fight<\/em> pour son 4<sup>e<\/sup> combat.<\/p>\n<p style=\"text-align: justify;\">En tant qu\u2019excellent grappleur, <strong>Younousov<\/strong> a rapidement amen\u00e9 son adversaire au sol pour le travailler dans ce domaine. Apr\u00e8s un gros coup de coude au visage de son opposant, Aida a \u00e9t\u00e9 s\u00e9v\u00e8rement ouvert au-dessus de l\u2019arcade. Ce choc aurait pu prendre fin l\u00e0-dessus, mais <strong>Aida<\/strong> a pu reprendre le round, le visage enti\u00e8rement ensanglant\u00e9. Sur un coup de coude retourn\u00e9 tr\u00e8s spectaculaire en d\u00e9but de second round, <strong>Younousov<\/strong> a mis KO net <strong>Moustapha Aida<\/strong>. Une victoire XXL pour le crack franco-tch\u00e9tch\u00e8ne, qui devient le nouveau champion int\u00e9rimaire de la cat\u00e9gorie <em>bantamweight<\/em>. Les spectateurs se souviendront de son nom.<\/p>\n<blockquote class=\"twitter-tweet\">\n<p dir=\"ltr\" lang=\"fr\">INCROYABLEEE Aboubakar Younousov \ud83d\udc3a devient champion int\u00e9rimaire des Bantamweight \ud83c\udfc6<a href=\"https:\/\/t.co\/06IU1hXYT8\">pic.twitter.com\/06IU1hXYT8<\/a><\/p>\n<p>\u2014 ARENA (@MMArena_) <a href=\"https:\/\/twitter.com\/MMArena_\/status\/1725631552241991900?ref_src=twsrc%5Etfw\">November 17, 2023<\/a><\/p><\/blockquote>\n<p><script async src=\"https:\/\/platform.twitter.com\/widgets.js\" charset=\"utf-8\"><\/script><\/p>\n","protected":false},"excerpt":{"rendered":"<p>ARES 17 \u2013 Devant la star de l\u2019UFC Khamzat Chimaev qui avait fait le d\u00e9placement pour assister \u00e0 l\u2019\u00e9v\u00e8nement, Aboubakar Younousov s\u2019est impos\u00e9 par KO au deuxi\u00e8me round contre Moustapha Aida. Le Franco-tch\u00e9tch\u00e8ne d\u00e9croche la ceinture int\u00e9rimaire des poids coqs pour son 4e combat pro.<\/p>\n","protected":false},"author":86,"featured_media":438003,"comment_status":"open","ping_status":"closed","sticky":false,"template":"","format":"standard","meta":{"_acf_changed":false,"_daextam_enable_autolinks":"1","footnotes":""},"categories":[10666],"tags":[16878,1222],"class_list":["post-437993","post","type-post","status-publish","format-standard","has-post-thumbnail","hentry","category-mma","tag-breve","tag-mma"],"acf":[],"yoast_head":"<!-- This site is optimized with the Yoast SEO Premium plugin v26.7 (Yoast SEO v26.7) - https:\/\/yoast.com\/wordpress\/plugins\/seo\/ -->\n<title>ARES 17 : Aboubakar Younousov d\u00e9croche la ceinture int\u00e9rimaire des -61kg<\/title>\n<meta name=\"description\" content=\"Aboubakar Younousov devient champion int\u00e9rimaire des -61kg apr\u00e8s son succ\u00e8s contre Moustapha Aida. Un main-event qui conclut parfaitement cet Ares 17 spectaculaire.\" \/>\n<meta name=\"robots\" content=\"index, follow, max-snippet:-1, max-image-preview:large, max-video-preview:-1\" \/>\n<link rel=\"canonical\" href=\"https:\/\/dicodusport.fr\/blog\/ares-17-aboubakar-younousov-decroche-la-ceinture-interimaire-des-61kg\/\" \/>\n<meta property=\"og:locale\" content=\"fr_FR\" \/>\n<meta property=\"og:type\" content=\"article\" \/>\n<meta property=\"og:title\" content=\"ARES 17 : Aboubakar Younousov d\u00e9croche la ceinture int\u00e9rimaire des -61kg\" \/>\n<meta property=\"og:description\" content=\"Aboubakar Younousov devient champion int\u00e9rimaire des -61kg apr\u00e8s son succ\u00e8s contre Moustapha Aida. Un main-event qui conclut parfaitement cet Ares 17 spectaculaire.\" \/>\n<meta property=\"og:url\" content=\"https:\/\/dicodusport.fr\/blog\/ares-17-aboubakar-younousov-decroche-la-ceinture-interimaire-des-61kg\/\" \/>\n<meta property=\"og:site_name\" content=\"Dicodusport\" \/>\n<meta property=\"article:publisher\" content=\"https:\/\/www.facebook.com\/dicodusport\" \/>\n<meta property=\"article:published_time\" content=\"2023-11-17T22:05:02+00:00\" \/>\n<meta property=\"article:modified_time\" content=\"2024-03-08T08:33:04+00:00\" \/>\n<meta property=\"og:image\" content=\"https:\/\/dicodusport.fr\/blog\/wp-content\/uploads\/2023\/11\/ARES-17-Aboubakar-Younousov-decroche-la-ceinture-interimaire-des-61kg.png\" \/>\n\t<meta property=\"og:image:width\" content=\"800\" \/>\n\t<meta property=\"og:image:height\" content=\"445\" \/>\n\t<meta property=\"og:image:type\" content=\"image\/png\" \/>\n<meta name=\"author\" content=\"Nicolas Parant\" \/>\n<meta name=\"twitter:card\" content=\"summary_large_image\" \/>\n<meta name=\"twitter:title\" content=\"ARES 17 : Aboubakar Younousov d\u00e9croche la ceinture int\u00e9rimaire des -61kg\" \/>\n<meta name=\"twitter:creator\" content=\"@dicodusport\" \/>\n<meta name=\"twitter:site\" content=\"@dicodusport\" \/>\n<script type=\"application\/ld+json\" class=\"yoast-schema-graph\">{\"@context\":\"https:\/\/schema.org\",\"@graph\":[{\"@type\":\"NewsArticle\",\"@id\":\"https:\/\/dicodusport.fr\/blog\/ares-17-aboubakar-younousov-decroche-la-ceinture-interimaire-des-61kg\/#article\",\"isPartOf\":{\"@id\":\"https:\/\/dicodusport.fr\/blog\/ares-17-aboubakar-younousov-decroche-la-ceinture-interimaire-des-61kg\/\"},\"author\":{\"name\":\"Nicolas Parant\",\"@id\":\"https:\/\/dicodusport.fr\/blog\/#\/schema\/person\/816f1c1bae6e11b6ef5b39687639be63\"},\"headline\":\"ARES 17 : Aboubakar Younousov d\u00e9croche la ceinture int\u00e9rimaire des -61kg\",\"datePublished\":\"2023-11-17T22:05:02+00:00\",\"dateModified\":\"2024-03-08T08:33:04+00:00\",\"mainEntityOfPage\":{\"@id\":\"https:\/\/dicodusport.fr\/blog\/ares-17-aboubakar-younousov-decroche-la-ceinture-interimaire-des-61kg\/\"},\"wordCount\":632,\"commentCount\":0,\"publisher\":{\"@id\":\"https:\/\/dicodusport.fr\/blog\/#organization\"},\"image\":{\"@id\":\"https:\/\/dicodusport.fr\/blog\/ares-17-aboubakar-younousov-decroche-la-ceinture-interimaire-des-61kg\/#primaryimage\"},\"thumbnailUrl\":\"https:\/\/dicodusport.fr\/blog\/wp-content\/uploads\/2023\/11\/ARES-17-Aboubakar-Younousov-decroche-la-ceinture-interimaire-des-61kg.png\",\"keywords\":[\"br\u00e8ve\",\"MMA\"],\"articleSection\":[\"MMA\"],\"inLanguage\":\"fr-FR\",\"potentialAction\":[{\"@type\":\"CommentAction\",\"name\":\"Comment\",\"target\":[\"https:\/\/dicodusport.fr\/blog\/ares-17-aboubakar-younousov-decroche-la-ceinture-interimaire-des-61kg\/#respond\"]}],\"copyrightYear\":\"2023\",\"copyrightHolder\":{\"@id\":\"https:\/\/dicodusport.fr\/blog\/#organization\"}},{\"@type\":\"WebPage\",\"@id\":\"https:\/\/dicodusport.fr\/blog\/ares-17-aboubakar-younousov-decroche-la-ceinture-interimaire-des-61kg\/\",\"url\":\"https:\/\/dicodusport.fr\/blog\/ares-17-aboubakar-younousov-decroche-la-ceinture-interimaire-des-61kg\/\",\"name\":\"ARES 17 : Aboubakar Younousov d\u00e9croche la ceinture int\u00e9rimaire des -61kg\",\"isPartOf\":{\"@id\":\"https:\/\/dicodusport.fr\/blog\/#website\"},\"primaryImageOfPage\":{\"@id\":\"https:\/\/dicodusport.fr\/blog\/ares-17-aboubakar-younousov-decroche-la-ceinture-interimaire-des-61kg\/#primaryimage\"},\"image\":{\"@id\":\"https:\/\/dicodusport.fr\/blog\/ares-17-aboubakar-younousov-decroche-la-ceinture-interimaire-des-61kg\/#primaryimage\"},\"thumbnailUrl\":\"https:\/\/dicodusport.fr\/blog\/wp-content\/uploads\/2023\/11\/ARES-17-Aboubakar-Younousov-decroche-la-ceinture-interimaire-des-61kg.png\",\"datePublished\":\"2023-11-17T22:05:02+00:00\",\"dateModified\":\"2024-03-08T08:33:04+00:00\",\"description\":\"Aboubakar Younousov devient champion int\u00e9rimaire des -61kg apr\u00e8s son succ\u00e8s contre Moustapha Aida. Un main-event qui conclut parfaitement cet Ares 17 spectaculaire.\",\"breadcrumb\":{\"@id\":\"https:\/\/dicodusport.fr\/blog\/ares-17-aboubakar-younousov-decroche-la-ceinture-interimaire-des-61kg\/#breadcrumb\"},\"inLanguage\":\"fr-FR\",\"potentialAction\":[{\"@type\":\"ReadAction\",\"target\":[\"https:\/\/dicodusport.fr\/blog\/ares-17-aboubakar-younousov-decroche-la-ceinture-interimaire-des-61kg\/\"]}]},{\"@type\":\"ImageObject\",\"inLanguage\":\"fr-FR\",\"@id\":\"https:\/\/dicodusport.fr\/blog\/ares-17-aboubakar-younousov-decroche-la-ceinture-interimaire-des-61kg\/#primaryimage\",\"url\":\"https:\/\/dicodusport.fr\/blog\/wp-content\/uploads\/2023\/11\/ARES-17-Aboubakar-Younousov-decroche-la-ceinture-interimaire-des-61kg.png\",\"contentUrl\":\"https:\/\/dicodusport.fr\/blog\/wp-content\/uploads\/2023\/11\/ARES-17-Aboubakar-Younousov-decroche-la-ceinture-interimaire-des-61kg.png\",\"width\":800,\"height\":445,\"caption\":\"ARES 17 Aboubakar Younousov d\u00e9croche la ceinture int\u00e9rimaire des -61kg\"},{\"@type\":\"BreadcrumbList\",\"@id\":\"https:\/\/dicodusport.fr\/blog\/ares-17-aboubakar-younousov-decroche-la-ceinture-interimaire-des-61kg\/#breadcrumb\",\"itemListElement\":[{\"@type\":\"ListItem\",\"position\":1,\"name\":\"Accueil\",\"item\":\"https:\/\/dicodusport.fr\/blog\/\"},{\"@type\":\"ListItem\",\"position\":2,\"name\":\"ARES 17 : Aboubakar Younousov d\u00e9croche la ceinture int\u00e9rimaire des -61kg\"}]},{\"@type\":\"WebSite\",\"@id\":\"https:\/\/dicodusport.fr\/blog\/#website\",\"url\":\"https:\/\/dicodusport.fr\/blog\/\",\"name\":\"Dicodusport\",\"description\":\"L&#039;encyclop\u00e9die de l&#039;actualit\u00e9 sportive\",\"publisher\":{\"@id\":\"https:\/\/dicodusport.fr\/blog\/#organization\"},\"potentialAction\":[{\"@type\":\"SearchAction\",\"target\":{\"@type\":\"EntryPoint\",\"urlTemplate\":\"https:\/\/dicodusport.fr\/blog\/?s={search_term_string}\"},\"query-input\":{\"@type\":\"PropertyValueSpecification\",\"valueRequired\":true,\"valueName\":\"search_term_string\"}}],\"inLanguage\":\"fr-FR\"},{\"@type\":\"NewsMediaOrganization\",\"@id\":\"https:\/\/dicodusport.fr\/blog\/#organization\",\"name\":\"Dicodusport\",\"url\":\"https:\/\/dicodusport.fr\/blog\/\",\"logo\":{\"@type\":\"ImageObject\",\"inLanguage\":\"fr-FR\",\"@id\":\"https:\/\/dicodusport.fr\/blog\/#\/schema\/logo\/image\/\",\"url\":\"https:\/\/dicodusport.fr\/blog\/wp-content\/uploads\/2020\/06\/cropped-LOGO-DICODUSPORT-2020-SANS-FOND-SANS-TEXTE.png\",\"contentUrl\":\"https:\/\/dicodusport.fr\/blog\/wp-content\/uploads\/2020\/06\/cropped-LOGO-DICODUSPORT-2020-SANS-FOND-SANS-TEXTE.png\",\"width\":512,\"height\":512,\"caption\":\"Dicodusport\"},\"image\":{\"@id\":\"https:\/\/dicodusport.fr\/blog\/#\/schema\/logo\/image\/\"},\"sameAs\":[\"https:\/\/www.facebook.com\/dicodusport\",\"https:\/\/x.com\/dicodusport\",\"https:\/\/www.instagram.com\/dicodusport\/\",\"https:\/\/www.youtube.com\/channel\/UC7V2KZ5sd3htJivAbA4ZG3w\"],\"description\":\"Dicodusport est l'encyclop\u00e9die de l'actualit\u00e9 sportive.\",\"email\":\"bonjour@dicodusport.fr\",\"legalName\":\"DICODUSPORT\",\"foundingDate\":\"2018-01-14\",\"vatID\":\"FR71834470973\",\"taxID\":\"83447097300043\",\"numberOfEmployees\":{\"@type\":\"QuantitativeValue\",\"minValue\":\"1\",\"maxValue\":\"10\"}},{\"@type\":\"Person\",\"@id\":\"https:\/\/dicodusport.fr\/blog\/#\/schema\/person\/816f1c1bae6e11b6ef5b39687639be63\",\"name\":\"Nicolas Parant\",\"image\":{\"@type\":\"ImageObject\",\"inLanguage\":\"fr-FR\",\"@id\":\"https:\/\/dicodusport.fr\/blog\/#\/schema\/person\/image\/\",\"url\":\"https:\/\/dicodusport.fr\/blog\/wp-content\/uploads\/2023\/04\/1B6E3319-7CA3-49A2-A3FB-D53C46115743-150x150.jpeg\",\"contentUrl\":\"https:\/\/dicodusport.fr\/blog\/wp-content\/uploads\/2023\/04\/1B6E3319-7CA3-49A2-A3FB-D53C46115743-150x150.jpeg\",\"caption\":\"Nicolas Parant\"},\"description\":\"Passionn\u00e9 de sport et d\u2019\u00e9criture, r\u00e9diger des articles a \u00e9t\u00e9 une v\u00e9ritable r\u00e9v\u00e9lation quand j\u2019ai pris la plume num\u00e9rique pour la premi\u00e8re fois en 2021. Admiratif des exploits de Nadal \u00e0 Roland Garros et du charisme de Zlatan Ibrahimovi\u0107 \u00e0 son arriv\u00e9e dans la capitale, je m\u2019efforce de transmettre au mieux les \u00e9motions des athl\u00e8tes de la nouvelle g\u00e9n\u00e9ration. \u00c0 Dicodusport depuis 2023, je commente principalement les batailles qui se d\u00e9roulent dans l\u2019octogone de l\u2019UFC ou sur les pelouses de football et de rugby.\",\"url\":\"https:\/\/dicodusport.fr\/blog\/author\/nicolas-parant\/\"}]}<\/script>\n<!-- \/ Yoast SEO Premium plugin. -->","yoast_head_json":{"title":"ARES 17 : Aboubakar Younousov d\u00e9croche la ceinture int\u00e9rimaire des -61kg","description":"Aboubakar Younousov devient champion int\u00e9rimaire des -61kg apr\u00e8s son succ\u00e8s contre Moustapha Aida. Un main-event qui conclut parfaitement cet Ares 17 spectaculaire.","robots":{"index":"index","follow":"follow","max-snippet":"max-snippet:-1","max-image-preview":"max-image-preview:large","max-video-preview":"max-video-preview:-1"},"canonical":"https:\/\/dicodusport.fr\/blog\/ares-17-aboubakar-younousov-decroche-la-ceinture-interimaire-des-61kg\/","og_locale":"fr_FR","og_type":"article","og_title":"ARES 17 : Aboubakar Younousov d\u00e9croche la ceinture int\u00e9rimaire des -61kg","og_description":"Aboubakar Younousov devient champion int\u00e9rimaire des -61kg apr\u00e8s son succ\u00e8s contre Moustapha Aida. Un main-event qui conclut parfaitement cet Ares 17 spectaculaire.","og_url":"https:\/\/dicodusport.fr\/blog\/ares-17-aboubakar-younousov-decroche-la-ceinture-interimaire-des-61kg\/","og_site_name":"Dicodusport","article_publisher":"https:\/\/www.facebook.com\/dicodusport","article_published_time":"2023-11-17T22:05:02+00:00","article_modified_time":"2024-03-08T08:33:04+00:00","og_image":[{"width":800,"height":445,"url":"https:\/\/dicodusport.fr\/blog\/wp-content\/uploads\/2023\/11\/ARES-17-Aboubakar-Younousov-decroche-la-ceinture-interimaire-des-61kg.png","type":"image\/png"}],"author":"Nicolas Parant","twitter_card":"summary_large_image","twitter_title":"ARES 17 : Aboubakar Younousov d\u00e9croche la ceinture int\u00e9rimaire des -61kg","twitter_creator":"@dicodusport","twitter_site":"@dicodusport","schema":{"@context":"https:\/\/schema.org","@graph":[{"@type":"NewsArticle","@id":"https:\/\/dicodusport.fr\/blog\/ares-17-aboubakar-younousov-decroche-la-ceinture-interimaire-des-61kg\/#article","isPartOf":{"@id":"https:\/\/dicodusport.fr\/blog\/ares-17-aboubakar-younousov-decroche-la-ceinture-interimaire-des-61kg\/"},"author":{"name":"Nicolas Parant","@id":"https:\/\/dicodusport.fr\/blog\/#\/schema\/person\/816f1c1bae6e11b6ef5b39687639be63"},"headline":"ARES 17 : Aboubakar Younousov d\u00e9croche la ceinture int\u00e9rimaire des -61kg","datePublished":"2023-11-17T22:05:02+00:00","dateModified":"2024-03-08T08:33:04+00:00","mainEntityOfPage":{"@id":"https:\/\/dicodusport.fr\/blog\/ares-17-aboubakar-younousov-decroche-la-ceinture-interimaire-des-61kg\/"},"wordCount":632,"commentCount":0,"publisher":{"@id":"https:\/\/dicodusport.fr\/blog\/#organization"},"image":{"@id":"https:\/\/dicodusport.fr\/blog\/ares-17-aboubakar-younousov-decroche-la-ceinture-interimaire-des-61kg\/#primaryimage"},"thumbnailUrl":"https:\/\/dicodusport.fr\/blog\/wp-content\/uploads\/2023\/11\/ARES-17-Aboubakar-Younousov-decroche-la-ceinture-interimaire-des-61kg.png","keywords":["br\u00e8ve","MMA"],"articleSection":["MMA"],"inLanguage":"fr-FR","potentialAction":[{"@type":"CommentAction","name":"Comment","target":["https:\/\/dicodusport.fr\/blog\/ares-17-aboubakar-younousov-decroche-la-ceinture-interimaire-des-61kg\/#respond"]}],"copyrightYear":"2023","copyrightHolder":{"@id":"https:\/\/dicodusport.fr\/blog\/#organization"}},{"@type":"WebPage","@id":"https:\/\/dicodusport.fr\/blog\/ares-17-aboubakar-younousov-decroche-la-ceinture-interimaire-des-61kg\/","url":"https:\/\/dicodusport.fr\/blog\/ares-17-aboubakar-younousov-decroche-la-ceinture-interimaire-des-61kg\/","name":"ARES 17 : Aboubakar Younousov d\u00e9croche la ceinture int\u00e9rimaire des -61kg","isPartOf":{"@id":"https:\/\/dicodusport.fr\/blog\/#website"},"primaryImageOfPage":{"@id":"https:\/\/dicodusport.fr\/blog\/ares-17-aboubakar-younousov-decroche-la-ceinture-interimaire-des-61kg\/#primaryimage"},"image":{"@id":"https:\/\/dicodusport.fr\/blog\/ares-17-aboubakar-younousov-decroche-la-ceinture-interimaire-des-61kg\/#primaryimage"},"thumbnailUrl":"https:\/\/dicodusport.fr\/blog\/wp-content\/uploads\/2023\/11\/ARES-17-Aboubakar-Younousov-decroche-la-ceinture-interimaire-des-61kg.png","datePublished":"2023-11-17T22:05:02+00:00","dateModified":"2024-03-08T08:33:04+00:00","description":"Aboubakar Younousov devient champion int\u00e9rimaire des -61kg apr\u00e8s son succ\u00e8s contre Moustapha Aida. Un main-event qui conclut parfaitement cet Ares 17 spectaculaire.","breadcrumb":{"@id":"https:\/\/dicodusport.fr\/blog\/ares-17-aboubakar-younousov-decroche-la-ceinture-interimaire-des-61kg\/#breadcrumb"},"inLanguage":"fr-FR","potentialAction":[{"@type":"ReadAction","target":["https:\/\/dicodusport.fr\/blog\/ares-17-aboubakar-younousov-decroche-la-ceinture-interimaire-des-61kg\/"]}]},{"@type":"ImageObject","inLanguage":"fr-FR","@id":"https:\/\/dicodusport.fr\/blog\/ares-17-aboubakar-younousov-decroche-la-ceinture-interimaire-des-61kg\/#primaryimage","url":"https:\/\/dicodusport.fr\/blog\/wp-content\/uploads\/2023\/11\/ARES-17-Aboubakar-Younousov-decroche-la-ceinture-interimaire-des-61kg.png","contentUrl":"https:\/\/dicodusport.fr\/blog\/wp-content\/uploads\/2023\/11\/ARES-17-Aboubakar-Younousov-decroche-la-ceinture-interimaire-des-61kg.png","width":800,"height":445,"caption":"ARES 17 Aboubakar Younousov d\u00e9croche la ceinture int\u00e9rimaire des -61kg"},{"@type":"BreadcrumbList","@id":"https:\/\/dicodusport.fr\/blog\/ares-17-aboubakar-younousov-decroche-la-ceinture-interimaire-des-61kg\/#breadcrumb","itemListElement":[{"@type":"ListItem","position":1,"name":"Accueil","item":"https:\/\/dicodusport.fr\/blog\/"},{"@type":"ListItem","position":2,"name":"ARES 17 : Aboubakar Younousov d\u00e9croche la ceinture int\u00e9rimaire des -61kg"}]},{"@type":"WebSite","@id":"https:\/\/dicodusport.fr\/blog\/#website","url":"https:\/\/dicodusport.fr\/blog\/","name":"Dicodusport","description":"L&#039;encyclop\u00e9die de l&#039;actualit\u00e9 sportive","publisher":{"@id":"https:\/\/dicodusport.fr\/blog\/#organization"},"potentialAction":[{"@type":"SearchAction","target":{"@type":"EntryPoint","urlTemplate":"https:\/\/dicodusport.fr\/blog\/?s={search_term_string}"},"query-input":{"@type":"PropertyValueSpecification","valueRequired":true,"valueName":"search_term_string"}}],"inLanguage":"fr-FR"},{"@type":"NewsMediaOrganization","@id":"https:\/\/dicodusport.fr\/blog\/#organization","name":"Dicodusport","url":"https:\/\/dicodusport.fr\/blog\/","logo":{"@type":"ImageObject","inLanguage":"fr-FR","@id":"https:\/\/dicodusport.fr\/blog\/#\/schema\/logo\/image\/","url":"https:\/\/dicodusport.fr\/blog\/wp-content\/uploads\/2020\/06\/cropped-LOGO-DICODUSPORT-2020-SANS-FOND-SANS-TEXTE.png","contentUrl":"https:\/\/dicodusport.fr\/blog\/wp-content\/uploads\/2020\/06\/cropped-LOGO-DICODUSPORT-2020-SANS-FOND-SANS-TEXTE.png","width":512,"height":512,"caption":"Dicodusport"},"image":{"@id":"https:\/\/dicodusport.fr\/blog\/#\/schema\/logo\/image\/"},"sameAs":["https:\/\/www.facebook.com\/dicodusport","https:\/\/x.com\/dicodusport","https:\/\/www.instagram.com\/dicodusport\/","https:\/\/www.youtube.com\/channel\/UC7V2KZ5sd3htJivAbA4ZG3w"],"description":"Dicodusport est l'encyclop\u00e9die de l'actualit\u00e9 sportive.","email":"bonjour@dicodusport.fr","legalName":"DICODUSPORT","foundingDate":"2018-01-14","vatID":"FR71834470973","taxID":"83447097300043","numberOfEmployees":{"@type":"QuantitativeValue","minValue":"1","maxValue":"10"}},{"@type":"Person","@id":"https:\/\/dicodusport.fr\/blog\/#\/schema\/person\/816f1c1bae6e11b6ef5b39687639be63","name":"Nicolas Parant","image":{"@type":"ImageObject","inLanguage":"fr-FR","@id":"https:\/\/dicodusport.fr\/blog\/#\/schema\/person\/image\/","url":"https:\/\/dicodusport.fr\/blog\/wp-content\/uploads\/2023\/04\/1B6E3319-7CA3-49A2-A3FB-D53C46115743-150x150.jpeg","contentUrl":"https:\/\/dicodusport.fr\/blog\/wp-content\/uploads\/2023\/04\/1B6E3319-7CA3-49A2-A3FB-D53C46115743-150x150.jpeg","caption":"Nicolas Parant"},"description":"Passionn\u00e9 de sport et d\u2019\u00e9criture, r\u00e9diger des articles a \u00e9t\u00e9 une v\u00e9ritable r\u00e9v\u00e9lation quand j\u2019ai pris la plume num\u00e9rique pour la premi\u00e8re fois en 2021. Admiratif des exploits de Nadal \u00e0 Roland Garros et du charisme de Zlatan Ibrahimovi\u0107 \u00e0 son arriv\u00e9e dans la capitale, je m\u2019efforce de transmettre au mieux les \u00e9motions des athl\u00e8tes de la nouvelle g\u00e9n\u00e9ration. \u00c0 Dicodusport depuis 2023, je commente principalement les batailles qui se d\u00e9roulent dans l\u2019octogone de l\u2019UFC ou sur les pelouses de football et de rugby.","url":"https:\/\/dicodusport.fr\/blog\/author\/nicolas-parant\/"}]}},"_links":{"self":[{"href":"https:\/\/dicodusport.fr\/blog\/wp-json\/wp\/v2\/posts\/437993","targetHints":{"allow":["GET"]}}],"collection":[{"href":"https:\/\/dicodusport.fr\/blog\/wp-json\/wp\/v2\/posts"}],"about":[{"href":"https:\/\/dicodusport.fr\/blog\/wp-json\/wp\/v2\/types\/post"}],"author":[{"embeddable":true,"href":"https:\/\/dicodusport.fr\/blog\/wp-json\/wp\/v2\/users\/86"}],"replies":[{"embeddable":true,"href":"https:\/\/dicodusport.fr\/blog\/wp-json\/wp\/v2\/comments?post=437993"}],"version-history":[{"count":5,"href":"https:\/\/dicodusport.fr\/blog\/wp-json\/wp\/v2\/posts\/437993\/revisions"}],"predecessor-version":[{"id":438027,"href":"https:\/\/dicodusport.fr\/blog\/wp-json\/wp\/v2\/posts\/437993\/revisions\/438027"}],"wp:featuredmedia":[{"embeddable":true,"href":"https:\/\/dicodusport.fr\/blog\/wp-json\/wp\/v2\/media\/438003"}],"wp:attachment":[{"href":"https:\/\/dicodusport.fr\/blog\/wp-json\/wp\/v2\/media?parent=437993"}],"wp:term":[{"taxonomy":"category","embeddable":true,"href":"https:\/\/dicodusport.fr\/blog\/wp-json\/wp\/v2\/categories?post=437993"},{"taxonomy":"post_tag","embeddable":true,"href":"https:\/\/dicodusport.fr\/blog\/wp-json\/wp\/v2\/tags?post=437993"}],"curies":[{"name":"wp","href":"https:\/\/api.w.org\/{rel}","templated":true}]}}