{"id":438719,"date":"2023-11-20T17:32:28","date_gmt":"2023-11-20T16:32:28","guid":{"rendered":"https:\/\/dicodusport.fr\/blog\/?p=438719&#038;preview=true&#038;preview_id=438719"},"modified":"2023-11-21T17:58:53","modified_gmt":"2023-11-21T16:58:53","slug":"lou-jeanmonnot-une-derniere-marche-a-gravir","status":"publish","type":"post","link":"https:\/\/dicodusport.fr\/blog\/lou-jeanmonnot-une-derniere-marche-a-gravir\/","title":{"rendered":"Lou Jeanmonnot, une derni\u00e8re marche \u00e0 gravir"},"content":{"rendered":"<p style=\"text-align: justify;\"><strong><em><a href=\"https:\/\/dicodusport.fr\/blog\/actualites\/biathlon\/coupe-du-monde-de-biathlon-2023-2024\/\">COUPE DU MONDE DE BIATHLON 2023-2024<\/a> &#8211; Apr\u00e8s une tr\u00e8s bonne premi\u00e8re saison en Coupe du monde (11\u00e8me du g\u00e9n\u00e9ral), Lou Jeanmonnot peut esp\u00e9rer jouer les premiers r\u00f4les cet hiver.\u00a0<\/em><\/strong><\/p>\n<ul>\n<li style=\"text-align: justify;\"><strong>\u00c0 lire aussi &#8211; <a href=\"https:\/\/dicodusport.fr\/blog\/coupe-du-monde-de-biathlon-2023-2024-le-calendrier-complet\/\">Calendrier complet de la Coupe du monde de biathlon 2023-2024<\/a><\/strong><\/li>\n<\/ul>\n<p style=\"text-align: justify;\">C&rsquo;est un fait. <strong>Julia Simon<\/strong> a logiquement concentr\u00e9 tous les regards lors de la saison 2022-2023 en dominant la coupe du monde de la t\u00eate et des \u00e9paules. Mais la biathl\u00e8te des Saisies n&rsquo;est pas la seule Tricolore \u00e0 avoir d\u00e9pass\u00e9 les attentes du staff lors de la derni\u00e8re saison. En mai dernier,<strong> Cyril Burdet<\/strong> \u00e9tait tr\u00e8s \u00e9logieux envers <strong>Lou Jeanmonnot<\/strong> dans nos colonnes, au moment de faire le bilan de la saison.<\/p>\n<blockquote>\n<p style=\"text-align: justify;\">Lou Jeanmonnot est la r\u00e9v\u00e9lation sportive de cet hiver. Elle a eu une vraie progression sur la partie physique, car sur la partie tir, elle \u00e9tait d\u00e9j\u00e0 aguerrie. Elle s\u2019est confirm\u00e9e au plus haut niveau y compris sur les skis et c\u2019est de tr\u00e8s bon augure pour la suite, car elle a encore une tr\u00e8s belle marge de progression.<\/p>\n<\/blockquote>\n<p style=\"text-align: justify;\">Et on comprend l&rsquo;homme fort des Bleues. La biathl\u00e8te de 25 ans a en effet pris <a href=\"https:\/\/dicodusport.fr\/blog\/coupe-du-monde-biathlon-classement-general-femmes\/\">la 11\u00e8me place au classement g\u00e9n\u00e9ral de la Coupe du monde<\/a>, pour sa premi\u00e8re saison compl\u00e8te, avec aussi une cinqui\u00e8me place sur le globe de la mass start et une sixi\u00e8me place sur celui de l&rsquo;individuel. <strong>Lou Jeanmonnot<\/strong> est mont\u00e9e \u00e0 deux reprises sur le podium, \u00e0 chaque fois sur la deuxi\u00e8me marche, sur <a href=\"https:\/\/dicodusport.fr\/blog\/individuel-ruhpolding-lou-jeanmonnot-et-julia-simon-sur-le-podium-vittozzi-simpose\/\">l&rsquo;individuel de Ruhpolding<\/a> et <a href=\"https:\/\/dicodusport.fr\/blog\/mass-start-femmes-ostersund-dorothea-wierer-devance-lou-jeanmonnot-et-julia-simon\/\">la mass start d&rsquo;Ostersund<\/a>.<\/p>\n<div class=\"vlp-link-container vlp-layout-article\"><a href=\"https:\/\/dicodusport.fr\/blog\/cyril-burdet-il-ne-va-pas-falloir-avoir-peur-d-etre-ambitieux\/\" class=\"vlp-link\" title=\"Cyril Burdet : \u00ab Il ne va pas falloir avoir peur d&#039;\u00eatre ambitieux \u00bb\"><\/a><div class=\"vlp-layout-zone-side\"><div class=\"vlp-block-4 vlp-link-image\"><img loading=\"lazy\" decoding=\"async\" style=\"max-width: 800px;\" width=\"800\" height=\"445\" src=\"https:\/\/dicodusport.fr\/blog\/wp-content\/uploads\/2023\/04\/Cyril-Burdet-Il-ne-va-pas-falloir-avoir-peur-detre-ambitieux-.png\" class=\"attachment-800x445 size-800x445\" alt=\"Cyril Burdet \u00ab Il ne va pas falloir avoir peur d&#039;\u00eatre ambitieux \u00bb\" srcset=\"https:\/\/dicodusport.fr\/blog\/wp-content\/uploads\/2023\/04\/Cyril-Burdet-Il-ne-va-pas-falloir-avoir-peur-detre-ambitieux-.png 800w, https:\/\/dicodusport.fr\/blog\/wp-content\/uploads\/2023\/04\/Cyril-Burdet-Il-ne-va-pas-falloir-avoir-peur-detre-ambitieux--300x167.png 300w, https:\/\/dicodusport.fr\/blog\/wp-content\/uploads\/2023\/04\/Cyril-Burdet-Il-ne-va-pas-falloir-avoir-peur-detre-ambitieux--768x427.png 768w\" sizes=\"auto, (max-width: 800px) 100vw, 800px\" \/><\/div><\/div><div class=\"vlp-layout-zone-main\"><div class=\"vlp-block-0 vlp-link-title\">Cyril Burdet : \u00ab Il ne va pas falloir avoir peur d'\u00eatre ambitieux \u00bb<\/div><div class=\"vlp-block-1 vlp-link-summary\">BIATHLON - Nous avons rencontr\u00e9 Cyril Burdet, entra\u00eeneur de l'\u00e9quipe de France f\u00e9minine de biathlon, qui revient sur la saison exceptionnelle de Julia Simon et du reste du groupe. Le technicien \u00e9voque les prochains objectifs qu'il va fixer dans les semaines \u00e0 venir.\u00a0<\/div><div class=\"vlp-block-2 vlp-link-button\">Lire l'article<\/div><div class=\"vlp-block-3 vlp-link-url\">dicodusport.fr<\/div><\/div><\/div>\n<ul>\n<li style=\"text-align: justify;\"><strong>\u00c0 lire aussi &#8211; <a href=\"https:\/\/dicodusport.fr\/blog\/coupe-du-monde-de-biathlon-quattendre-de-lequipe-de-france-feminine\/\">Coupe du monde de biathlon : Qu\u2019attendre de l\u2019\u00e9quipe de France f\u00e9minine ?<\/a><\/strong><\/li>\n<\/ul>\n<h2 style=\"text-align: justify;\">Lou Jeanmonnot a un nouveau statut dans le groupe France<\/h2>\n<p style=\"text-align: justify;\">Troisi\u00e8me meilleure fran\u00e7aise de l&rsquo;hiver derri\u00e8re <strong>Julia Simon<\/strong> et la n\u00e9o-retrait\u00e9e <strong>Ana\u00efs Chevalier-Bouchet<\/strong>, <strong>Lou Jeanmonnot<\/strong> pouvait difficilement r\u00eaver mieux, alors que sa place en Coupe du monde n&rsquo;\u00e9tait pas compl\u00e8tement acquise au moment de d\u00e9buter la saison derni\u00e8re. Dans les colonnes de <a href=\"https:\/\/www.ledauphine.com\/skichrono\/2023\/10\/07\/lou-jeanmonnot-j-ai-plus-d-ambitions-je-suis-plus-sollicitee\"><em>Ski Chrono<\/em><\/a>, la native de Pontarlier a expliqu\u00e9 avoir pris conscience de son changement de statut ces derniers mois.<\/p>\n<blockquote>\n<p style=\"text-align: justify;\">Mon statut a \u00e9volu\u00e9 depuis l&rsquo;an pass\u00e9, j&rsquo;ai plus d&rsquo;ambitions, je suis plus sollicit\u00e9e. Parfois, on me dit que je suis d\u00e9sormais un cadre de l&rsquo;\u00e9quipe. Cela me fait sourire parce que j&rsquo;ai d\u00e9barqu\u00e9 dans le groupe A il y a seulement un an.<\/p>\n<\/blockquote>\n<ul>\n<li style=\"text-align: justify;\"><strong>\u00c0 lire aussi &#8211; <a href=\"https:\/\/dicodusport.fr\/blog\/coupe-du-monde-de-biathlon-gilonne-guigonnat-une-place-a-se-faire-chez-les-bleues\/\">Coupe du monde de biathlon : Gilonne Guigonnat, une place \u00e0 se faire chez les Bleues<\/a><\/strong><\/li>\n<\/ul>\n<h2 style=\"text-align: justify;\">Un circuit f\u00e9minin \u00ab\u00a0plus ouvert\u00a0\u00bb que chez les hommes<\/h2>\n<p style=\"text-align: justify;\">Lors de la saison 2022-2023, ses progr\u00e8s physiques, et donc sur les skis, ont \u00e9t\u00e9 spectaculaires. D\u00e9j\u00e0 tr\u00e8s bonne tireuse quand elle \u00e9tait en <strong>IBU Cup<\/strong>, elle a franchi un vrai cap dans sa vitesse de d\u00e9placement. Et sa pr\u00e9paration pour la nouvelle reprise confirme qu&rsquo;elle en avait encore sous le pied. Lors du <strong>Martin Fourcade Nordic Festival<\/strong>, elle a remport\u00e9 la mass start de ski de fond devant plusieurs sp\u00e9cialistes de la discipline. \u00c0 <strong>Bessans<\/strong> pour la r\u00e9p\u00e9tition g\u00e9n\u00e9rale de l&rsquo;\u00e9quipe de France, elle a encore brill\u00e9 en \u00e9crasant notamment l&rsquo;individuel court !<\/p>\n<p style=\"text-align: justify;\"><strong>Lou<\/strong> <strong>Jeanmonnot<\/strong> le sait, elle sera attendue au tournant lors de cette saison 2023-2024, qui sera tr\u00e8s ouverte pour les filles, puisque <strong>Johannes<\/strong> <strong>Boe<\/strong> n&rsquo;a pour le moment pas de double f\u00e9minin. La Fran\u00e7aise peut viser sa premi\u00e8re victoire individuelle en Coupe du monde, mais aussi plusieurs podiums et un classement g\u00e9n\u00e9ral final meilleur que celui de la saison pass\u00e9e, soit un top 10 donc. Enfin, sur un des exercices \u00e0 quatre tirs, pourquoi pas ne pas viser un petit globe d\u00e8s cette saison ? Gravir cette derni\u00e8re marche semble dans ses cordes, si la pression m\u00e9diatique li\u00e9e \u00e0 son nouveau statut ne la rattrape pas sur le pas de tir au moment, de r\u00e9aliser un beau 20\/20.<\/p>\n","protected":false},"excerpt":{"rendered":"<p>COUPE DU MONDE DE BIATHLON 2023-2024 &#8211; Apr\u00e8s une tr\u00e8s bonne premi\u00e8re saison en Coupe du monde (11\u00e8me du g\u00e9n\u00e9ral), Lou Jeanmonnot peut esp\u00e9rer jouer les premiers r\u00f4les cet hiver.\u00a0<\/p>\n","protected":false},"author":1,"featured_media":438729,"comment_status":"open","ping_status":"closed","sticky":false,"template":"","format":"standard","meta":{"_acf_changed":false,"_daextam_enable_autolinks":"1","footnotes":""},"categories":[47040],"tags":[2427,16878,7304,24],"class_list":["post-438719","post","type-post","status-publish","format-standard","has-post-thumbnail","hentry","category-coupe-du-monde-de-biathlon","tag-biathlon","tag-breve","tag-lou-jeanmonnot","tag-sport"],"acf":[],"yoast_head":"<!-- This site is optimized with the Yoast SEO Premium plugin v26.7 (Yoast SEO v26.7) - https:\/\/yoast.com\/wordpress\/plugins\/seo\/ -->\n<title>Lou Jeanmonnot, une derni\u00e8re marche \u00e0 gravir<\/title>\n<meta name=\"description\" content=\"COUPE DU MONDE DE BIATHLON 2023-2024 - Apr\u00e8s une tr\u00e8s bonne premi\u00e8re saison en Coupe du monde (11\u00e8me du g\u00e9n\u00e9ral), Lou Jeanmonnot peut esp\u00e9rer jouer les premiers r\u00f4les cet hiver.\u00a0\" \/>\n<meta name=\"robots\" content=\"index, follow, max-snippet:-1, max-image-preview:large, max-video-preview:-1\" \/>\n<link rel=\"canonical\" href=\"https:\/\/dicodusport.fr\/blog\/lou-jeanmonnot-une-derniere-marche-a-gravir\/\" \/>\n<meta property=\"og:locale\" content=\"fr_FR\" \/>\n<meta property=\"og:type\" content=\"article\" \/>\n<meta property=\"og:title\" content=\"Lou Jeanmonnot, une derni\u00e8re marche \u00e0 gravir\" \/>\n<meta property=\"og:description\" content=\"COUPE DU MONDE DE BIATHLON 2023-2024 - Apr\u00e8s une tr\u00e8s bonne premi\u00e8re saison en Coupe du monde (11\u00e8me du g\u00e9n\u00e9ral), Lou Jeanmonnot peut esp\u00e9rer jouer les premiers r\u00f4les cet hiver.\u00a0\" \/>\n<meta property=\"og:url\" content=\"https:\/\/dicodusport.fr\/blog\/lou-jeanmonnot-une-derniere-marche-a-gravir\/\" \/>\n<meta property=\"og:site_name\" content=\"Dicodusport\" \/>\n<meta property=\"article:publisher\" content=\"https:\/\/www.facebook.com\/dicodusport\" \/>\n<meta property=\"article:author\" content=\"https:\/\/www.facebook.com\/dicodusport\" \/>\n<meta property=\"article:published_time\" content=\"2023-11-20T16:32:28+00:00\" \/>\n<meta property=\"article:modified_time\" content=\"2023-11-21T16:58:53+00:00\" \/>\n<meta property=\"og:image\" content=\"https:\/\/dicodusport.fr\/blog\/wp-content\/uploads\/2023\/11\/Lou-Jeanmonnot-une-derniere-marche-a-gravir.png\" \/>\n\t<meta property=\"og:image:width\" content=\"800\" \/>\n\t<meta property=\"og:image:height\" content=\"445\" \/>\n\t<meta property=\"og:image:type\" content=\"image\/png\" \/>\n<meta name=\"author\" content=\"Nicolas Jacquemard\" \/>\n<meta name=\"twitter:card\" content=\"summary_large_image\" \/>\n<meta name=\"twitter:title\" content=\"Lou Jeanmonnot, une derni\u00e8re marche \u00e0 gravir\" \/>\n<meta name=\"twitter:creator\" content=\"@https:\/\/twitter.com\/Nico_Jacquemard\" \/>\n<meta name=\"twitter:site\" content=\"@dicodusport\" \/>\n<script type=\"application\/ld+json\" class=\"yoast-schema-graph\">{\"@context\":\"https:\/\/schema.org\",\"@graph\":[{\"@type\":\"NewsArticle\",\"@id\":\"https:\/\/dicodusport.fr\/blog\/lou-jeanmonnot-une-derniere-marche-a-gravir\/#article\",\"isPartOf\":{\"@id\":\"https:\/\/dicodusport.fr\/blog\/lou-jeanmonnot-une-derniere-marche-a-gravir\/\"},\"author\":{\"name\":\"Nicolas Jacquemard\",\"@id\":\"https:\/\/dicodusport.fr\/blog\/#\/schema\/person\/55dcb50ad410894e431ed812bbb70191\"},\"headline\":\"Lou Jeanmonnot, une derni\u00e8re marche \u00e0 gravir\",\"datePublished\":\"2023-11-20T16:32:28+00:00\",\"dateModified\":\"2023-11-21T16:58:53+00:00\",\"mainEntityOfPage\":{\"@id\":\"https:\/\/dicodusport.fr\/blog\/lou-jeanmonnot-une-derniere-marche-a-gravir\/\"},\"wordCount\":793,\"commentCount\":0,\"publisher\":{\"@id\":\"https:\/\/dicodusport.fr\/blog\/#organization\"},\"image\":{\"@id\":\"https:\/\/dicodusport.fr\/blog\/lou-jeanmonnot-une-derniere-marche-a-gravir\/#primaryimage\"},\"thumbnailUrl\":\"https:\/\/dicodusport.fr\/blog\/wp-content\/uploads\/2023\/11\/Lou-Jeanmonnot-une-derniere-marche-a-gravir.png\",\"keywords\":[\"Biathlon\",\"br\u00e8ve\",\"Lou Jeanmonnot\",\"sport\"],\"articleSection\":[\"Coupe du monde de biathlon\"],\"inLanguage\":\"fr-FR\",\"potentialAction\":[{\"@type\":\"CommentAction\",\"name\":\"Comment\",\"target\":[\"https:\/\/dicodusport.fr\/blog\/lou-jeanmonnot-une-derniere-marche-a-gravir\/#respond\"]}],\"copyrightYear\":\"2023\",\"copyrightHolder\":{\"@id\":\"https:\/\/dicodusport.fr\/blog\/#organization\"}},{\"@type\":\"WebPage\",\"@id\":\"https:\/\/dicodusport.fr\/blog\/lou-jeanmonnot-une-derniere-marche-a-gravir\/\",\"url\":\"https:\/\/dicodusport.fr\/blog\/lou-jeanmonnot-une-derniere-marche-a-gravir\/\",\"name\":\"Lou Jeanmonnot, une derni\u00e8re marche \u00e0 gravir\",\"isPartOf\":{\"@id\":\"https:\/\/dicodusport.fr\/blog\/#website\"},\"primaryImageOfPage\":{\"@id\":\"https:\/\/dicodusport.fr\/blog\/lou-jeanmonnot-une-derniere-marche-a-gravir\/#primaryimage\"},\"image\":{\"@id\":\"https:\/\/dicodusport.fr\/blog\/lou-jeanmonnot-une-derniere-marche-a-gravir\/#primaryimage\"},\"thumbnailUrl\":\"https:\/\/dicodusport.fr\/blog\/wp-content\/uploads\/2023\/11\/Lou-Jeanmonnot-une-derniere-marche-a-gravir.png\",\"datePublished\":\"2023-11-20T16:32:28+00:00\",\"dateModified\":\"2023-11-21T16:58:53+00:00\",\"description\":\"COUPE DU MONDE DE BIATHLON 2023-2024 - Apr\u00e8s une tr\u00e8s bonne premi\u00e8re saison en Coupe du monde (11\u00e8me du g\u00e9n\u00e9ral), Lou Jeanmonnot peut esp\u00e9rer jouer les premiers r\u00f4les cet hiver.\u00a0\",\"breadcrumb\":{\"@id\":\"https:\/\/dicodusport.fr\/blog\/lou-jeanmonnot-une-derniere-marche-a-gravir\/#breadcrumb\"},\"inLanguage\":\"fr-FR\",\"potentialAction\":[{\"@type\":\"ReadAction\",\"target\":[\"https:\/\/dicodusport.fr\/blog\/lou-jeanmonnot-une-derniere-marche-a-gravir\/\"]}]},{\"@type\":\"ImageObject\",\"inLanguage\":\"fr-FR\",\"@id\":\"https:\/\/dicodusport.fr\/blog\/lou-jeanmonnot-une-derniere-marche-a-gravir\/#primaryimage\",\"url\":\"https:\/\/dicodusport.fr\/blog\/wp-content\/uploads\/2023\/11\/Lou-Jeanmonnot-une-derniere-marche-a-gravir.png\",\"contentUrl\":\"https:\/\/dicodusport.fr\/blog\/wp-content\/uploads\/2023\/11\/Lou-Jeanmonnot-une-derniere-marche-a-gravir.png\",\"width\":800,\"height\":445},{\"@type\":\"BreadcrumbList\",\"@id\":\"https:\/\/dicodusport.fr\/blog\/lou-jeanmonnot-une-derniere-marche-a-gravir\/#breadcrumb\",\"itemListElement\":[{\"@type\":\"ListItem\",\"position\":1,\"name\":\"Accueil\",\"item\":\"https:\/\/dicodusport.fr\/blog\/\"},{\"@type\":\"ListItem\",\"position\":2,\"name\":\"Lou Jeanmonnot, une derni\u00e8re marche \u00e0 gravir\"}]},{\"@type\":\"WebSite\",\"@id\":\"https:\/\/dicodusport.fr\/blog\/#website\",\"url\":\"https:\/\/dicodusport.fr\/blog\/\",\"name\":\"Dicodusport\",\"description\":\"L&#039;encyclop\u00e9die de l&#039;actualit\u00e9 sportive\",\"publisher\":{\"@id\":\"https:\/\/dicodusport.fr\/blog\/#organization\"},\"potentialAction\":[{\"@type\":\"SearchAction\",\"target\":{\"@type\":\"EntryPoint\",\"urlTemplate\":\"https:\/\/dicodusport.fr\/blog\/?s={search_term_string}\"},\"query-input\":{\"@type\":\"PropertyValueSpecification\",\"valueRequired\":true,\"valueName\":\"search_term_string\"}}],\"inLanguage\":\"fr-FR\"},{\"@type\":\"NewsMediaOrganization\",\"@id\":\"https:\/\/dicodusport.fr\/blog\/#organization\",\"name\":\"Dicodusport\",\"url\":\"https:\/\/dicodusport.fr\/blog\/\",\"logo\":{\"@type\":\"ImageObject\",\"inLanguage\":\"fr-FR\",\"@id\":\"https:\/\/dicodusport.fr\/blog\/#\/schema\/logo\/image\/\",\"url\":\"https:\/\/dicodusport.fr\/blog\/wp-content\/uploads\/2020\/06\/cropped-LOGO-DICODUSPORT-2020-SANS-FOND-SANS-TEXTE.png\",\"contentUrl\":\"https:\/\/dicodusport.fr\/blog\/wp-content\/uploads\/2020\/06\/cropped-LOGO-DICODUSPORT-2020-SANS-FOND-SANS-TEXTE.png\",\"width\":512,\"height\":512,\"caption\":\"Dicodusport\"},\"image\":{\"@id\":\"https:\/\/dicodusport.fr\/blog\/#\/schema\/logo\/image\/\"},\"sameAs\":[\"https:\/\/www.facebook.com\/dicodusport\",\"https:\/\/x.com\/dicodusport\",\"https:\/\/www.instagram.com\/dicodusport\/\",\"https:\/\/www.youtube.com\/channel\/UC7V2KZ5sd3htJivAbA4ZG3w\"],\"description\":\"Dicodusport est l'encyclop\u00e9die de l'actualit\u00e9 sportive.\",\"email\":\"bonjour@dicodusport.fr\",\"legalName\":\"DICODUSPORT\",\"foundingDate\":\"2018-01-14\",\"vatID\":\"FR71834470973\",\"taxID\":\"83447097300043\",\"numberOfEmployees\":{\"@type\":\"QuantitativeValue\",\"minValue\":\"1\",\"maxValue\":\"10\"}},{\"@type\":\"Person\",\"@id\":\"https:\/\/dicodusport.fr\/blog\/#\/schema\/person\/55dcb50ad410894e431ed812bbb70191\",\"name\":\"Nicolas Jacquemard\",\"image\":{\"@type\":\"ImageObject\",\"inLanguage\":\"fr-FR\",\"@id\":\"https:\/\/dicodusport.fr\/blog\/#\/schema\/person\/image\/\",\"url\":\"https:\/\/dicodusport.fr\/blog\/wp-content\/uploads\/2021\/05\/Nicolas-Jacquemard-150x150.jpeg\",\"contentUrl\":\"https:\/\/dicodusport.fr\/blog\/wp-content\/uploads\/2021\/05\/Nicolas-Jacquemard-150x150.jpeg\",\"caption\":\"Nicolas Jacquemard\"},\"description\":\"Passionn\u00e9 de sport et entrepreneur depuis mes 18 ans, la cr\u00e9ation de Dicodusport m'a sembl\u00e9 \u00e9vidente pour participer \u00e0 la m\u00e9diatisation d'un plus grand nombre de sports. Le chemin est long mais avec une \u00e9quipe des plus motiv\u00e9es et les Jeux Olympiques de Paris 2024 en point de mire, nous y arriverons ! Journaliste dans le monde du sport depuis plus de 5 ans, je traite aussi bien de football, de rugby, de biathlon que de cyclisme.\",\"sameAs\":[\"https:\/\/www.facebook.com\/dicodusport\",\"https:\/\/x.com\/https:\/\/twitter.com\/Nico_Jacquemard\"],\"url\":\"https:\/\/dicodusport.fr\/blog\/author\/dicodusport\/\"}]}<\/script>\n<!-- \/ Yoast SEO Premium plugin. -->","yoast_head_json":{"title":"Lou Jeanmonnot, une derni\u00e8re marche \u00e0 gravir","description":"COUPE DU MONDE DE BIATHLON 2023-2024 - Apr\u00e8s une tr\u00e8s bonne premi\u00e8re saison en Coupe du monde (11\u00e8me du g\u00e9n\u00e9ral), Lou Jeanmonnot peut esp\u00e9rer jouer les premiers r\u00f4les cet hiver.\u00a0","robots":{"index":"index","follow":"follow","max-snippet":"max-snippet:-1","max-image-preview":"max-image-preview:large","max-video-preview":"max-video-preview:-1"},"canonical":"https:\/\/dicodusport.fr\/blog\/lou-jeanmonnot-une-derniere-marche-a-gravir\/","og_locale":"fr_FR","og_type":"article","og_title":"Lou Jeanmonnot, une derni\u00e8re marche \u00e0 gravir","og_description":"COUPE DU MONDE DE BIATHLON 2023-2024 - Apr\u00e8s une tr\u00e8s bonne premi\u00e8re saison en Coupe du monde (11\u00e8me du g\u00e9n\u00e9ral), Lou Jeanmonnot peut esp\u00e9rer jouer les premiers r\u00f4les cet hiver.\u00a0","og_url":"https:\/\/dicodusport.fr\/blog\/lou-jeanmonnot-une-derniere-marche-a-gravir\/","og_site_name":"Dicodusport","article_publisher":"https:\/\/www.facebook.com\/dicodusport","article_author":"https:\/\/www.facebook.com\/dicodusport","article_published_time":"2023-11-20T16:32:28+00:00","article_modified_time":"2023-11-21T16:58:53+00:00","og_image":[{"width":800,"height":445,"url":"https:\/\/dicodusport.fr\/blog\/wp-content\/uploads\/2023\/11\/Lou-Jeanmonnot-une-derniere-marche-a-gravir.png","type":"image\/png"}],"author":"Nicolas Jacquemard","twitter_card":"summary_large_image","twitter_title":"Lou Jeanmonnot, une derni\u00e8re marche \u00e0 gravir","twitter_creator":"@https:\/\/twitter.com\/Nico_Jacquemard","twitter_site":"@dicodusport","schema":{"@context":"https:\/\/schema.org","@graph":[{"@type":"NewsArticle","@id":"https:\/\/dicodusport.fr\/blog\/lou-jeanmonnot-une-derniere-marche-a-gravir\/#article","isPartOf":{"@id":"https:\/\/dicodusport.fr\/blog\/lou-jeanmonnot-une-derniere-marche-a-gravir\/"},"author":{"name":"Nicolas Jacquemard","@id":"https:\/\/dicodusport.fr\/blog\/#\/schema\/person\/55dcb50ad410894e431ed812bbb70191"},"headline":"Lou Jeanmonnot, une derni\u00e8re marche \u00e0 gravir","datePublished":"2023-11-20T16:32:28+00:00","dateModified":"2023-11-21T16:58:53+00:00","mainEntityOfPage":{"@id":"https:\/\/dicodusport.fr\/blog\/lou-jeanmonnot-une-derniere-marche-a-gravir\/"},"wordCount":793,"commentCount":0,"publisher":{"@id":"https:\/\/dicodusport.fr\/blog\/#organization"},"image":{"@id":"https:\/\/dicodusport.fr\/blog\/lou-jeanmonnot-une-derniere-marche-a-gravir\/#primaryimage"},"thumbnailUrl":"https:\/\/dicodusport.fr\/blog\/wp-content\/uploads\/2023\/11\/Lou-Jeanmonnot-une-derniere-marche-a-gravir.png","keywords":["Biathlon","br\u00e8ve","Lou Jeanmonnot","sport"],"articleSection":["Coupe du monde de biathlon"],"inLanguage":"fr-FR","potentialAction":[{"@type":"CommentAction","name":"Comment","target":["https:\/\/dicodusport.fr\/blog\/lou-jeanmonnot-une-derniere-marche-a-gravir\/#respond"]}],"copyrightYear":"2023","copyrightHolder":{"@id":"https:\/\/dicodusport.fr\/blog\/#organization"}},{"@type":"WebPage","@id":"https:\/\/dicodusport.fr\/blog\/lou-jeanmonnot-une-derniere-marche-a-gravir\/","url":"https:\/\/dicodusport.fr\/blog\/lou-jeanmonnot-une-derniere-marche-a-gravir\/","name":"Lou Jeanmonnot, une derni\u00e8re marche \u00e0 gravir","isPartOf":{"@id":"https:\/\/dicodusport.fr\/blog\/#website"},"primaryImageOfPage":{"@id":"https:\/\/dicodusport.fr\/blog\/lou-jeanmonnot-une-derniere-marche-a-gravir\/#primaryimage"},"image":{"@id":"https:\/\/dicodusport.fr\/blog\/lou-jeanmonnot-une-derniere-marche-a-gravir\/#primaryimage"},"thumbnailUrl":"https:\/\/dicodusport.fr\/blog\/wp-content\/uploads\/2023\/11\/Lou-Jeanmonnot-une-derniere-marche-a-gravir.png","datePublished":"2023-11-20T16:32:28+00:00","dateModified":"2023-11-21T16:58:53+00:00","description":"COUPE DU MONDE DE BIATHLON 2023-2024 - Apr\u00e8s une tr\u00e8s bonne premi\u00e8re saison en Coupe du monde (11\u00e8me du g\u00e9n\u00e9ral), Lou Jeanmonnot peut esp\u00e9rer jouer les premiers r\u00f4les cet hiver.\u00a0","breadcrumb":{"@id":"https:\/\/dicodusport.fr\/blog\/lou-jeanmonnot-une-derniere-marche-a-gravir\/#breadcrumb"},"inLanguage":"fr-FR","potentialAction":[{"@type":"ReadAction","target":["https:\/\/dicodusport.fr\/blog\/lou-jeanmonnot-une-derniere-marche-a-gravir\/"]}]},{"@type":"ImageObject","inLanguage":"fr-FR","@id":"https:\/\/dicodusport.fr\/blog\/lou-jeanmonnot-une-derniere-marche-a-gravir\/#primaryimage","url":"https:\/\/dicodusport.fr\/blog\/wp-content\/uploads\/2023\/11\/Lou-Jeanmonnot-une-derniere-marche-a-gravir.png","contentUrl":"https:\/\/dicodusport.fr\/blog\/wp-content\/uploads\/2023\/11\/Lou-Jeanmonnot-une-derniere-marche-a-gravir.png","width":800,"height":445},{"@type":"BreadcrumbList","@id":"https:\/\/dicodusport.fr\/blog\/lou-jeanmonnot-une-derniere-marche-a-gravir\/#breadcrumb","itemListElement":[{"@type":"ListItem","position":1,"name":"Accueil","item":"https:\/\/dicodusport.fr\/blog\/"},{"@type":"ListItem","position":2,"name":"Lou Jeanmonnot, une derni\u00e8re marche \u00e0 gravir"}]},{"@type":"WebSite","@id":"https:\/\/dicodusport.fr\/blog\/#website","url":"https:\/\/dicodusport.fr\/blog\/","name":"Dicodusport","description":"L&#039;encyclop\u00e9die de l&#039;actualit\u00e9 sportive","publisher":{"@id":"https:\/\/dicodusport.fr\/blog\/#organization"},"potentialAction":[{"@type":"SearchAction","target":{"@type":"EntryPoint","urlTemplate":"https:\/\/dicodusport.fr\/blog\/?s={search_term_string}"},"query-input":{"@type":"PropertyValueSpecification","valueRequired":true,"valueName":"search_term_string"}}],"inLanguage":"fr-FR"},{"@type":"NewsMediaOrganization","@id":"https:\/\/dicodusport.fr\/blog\/#organization","name":"Dicodusport","url":"https:\/\/dicodusport.fr\/blog\/","logo":{"@type":"ImageObject","inLanguage":"fr-FR","@id":"https:\/\/dicodusport.fr\/blog\/#\/schema\/logo\/image\/","url":"https:\/\/dicodusport.fr\/blog\/wp-content\/uploads\/2020\/06\/cropped-LOGO-DICODUSPORT-2020-SANS-FOND-SANS-TEXTE.png","contentUrl":"https:\/\/dicodusport.fr\/blog\/wp-content\/uploads\/2020\/06\/cropped-LOGO-DICODUSPORT-2020-SANS-FOND-SANS-TEXTE.png","width":512,"height":512,"caption":"Dicodusport"},"image":{"@id":"https:\/\/dicodusport.fr\/blog\/#\/schema\/logo\/image\/"},"sameAs":["https:\/\/www.facebook.com\/dicodusport","https:\/\/x.com\/dicodusport","https:\/\/www.instagram.com\/dicodusport\/","https:\/\/www.youtube.com\/channel\/UC7V2KZ5sd3htJivAbA4ZG3w"],"description":"Dicodusport est l'encyclop\u00e9die de l'actualit\u00e9 sportive.","email":"bonjour@dicodusport.fr","legalName":"DICODUSPORT","foundingDate":"2018-01-14","vatID":"FR71834470973","taxID":"83447097300043","numberOfEmployees":{"@type":"QuantitativeValue","minValue":"1","maxValue":"10"}},{"@type":"Person","@id":"https:\/\/dicodusport.fr\/blog\/#\/schema\/person\/55dcb50ad410894e431ed812bbb70191","name":"Nicolas Jacquemard","image":{"@type":"ImageObject","inLanguage":"fr-FR","@id":"https:\/\/dicodusport.fr\/blog\/#\/schema\/person\/image\/","url":"https:\/\/dicodusport.fr\/blog\/wp-content\/uploads\/2021\/05\/Nicolas-Jacquemard-150x150.jpeg","contentUrl":"https:\/\/dicodusport.fr\/blog\/wp-content\/uploads\/2021\/05\/Nicolas-Jacquemard-150x150.jpeg","caption":"Nicolas Jacquemard"},"description":"Passionn\u00e9 de sport et entrepreneur depuis mes 18 ans, la cr\u00e9ation de Dicodusport m'a sembl\u00e9 \u00e9vidente pour participer \u00e0 la m\u00e9diatisation d'un plus grand nombre de sports. Le chemin est long mais avec une \u00e9quipe des plus motiv\u00e9es et les Jeux Olympiques de Paris 2024 en point de mire, nous y arriverons ! Journaliste dans le monde du sport depuis plus de 5 ans, je traite aussi bien de football, de rugby, de biathlon que de cyclisme.","sameAs":["https:\/\/www.facebook.com\/dicodusport","https:\/\/x.com\/https:\/\/twitter.com\/Nico_Jacquemard"],"url":"https:\/\/dicodusport.fr\/blog\/author\/dicodusport\/"}]}},"_links":{"self":[{"href":"https:\/\/dicodusport.fr\/blog\/wp-json\/wp\/v2\/posts\/438719","targetHints":{"allow":["GET"]}}],"collection":[{"href":"https:\/\/dicodusport.fr\/blog\/wp-json\/wp\/v2\/posts"}],"about":[{"href":"https:\/\/dicodusport.fr\/blog\/wp-json\/wp\/v2\/types\/post"}],"author":[{"embeddable":true,"href":"https:\/\/dicodusport.fr\/blog\/wp-json\/wp\/v2\/users\/1"}],"replies":[{"embeddable":true,"href":"https:\/\/dicodusport.fr\/blog\/wp-json\/wp\/v2\/comments?post=438719"}],"version-history":[{"count":6,"href":"https:\/\/dicodusport.fr\/blog\/wp-json\/wp\/v2\/posts\/438719\/revisions"}],"predecessor-version":[{"id":438934,"href":"https:\/\/dicodusport.fr\/blog\/wp-json\/wp\/v2\/posts\/438719\/revisions\/438934"}],"wp:featuredmedia":[{"embeddable":true,"href":"https:\/\/dicodusport.fr\/blog\/wp-json\/wp\/v2\/media\/438729"}],"wp:attachment":[{"href":"https:\/\/dicodusport.fr\/blog\/wp-json\/wp\/v2\/media?parent=438719"}],"wp:term":[{"taxonomy":"category","embeddable":true,"href":"https:\/\/dicodusport.fr\/blog\/wp-json\/wp\/v2\/categories?post=438719"},{"taxonomy":"post_tag","embeddable":true,"href":"https:\/\/dicodusport.fr\/blog\/wp-json\/wp\/v2\/tags?post=438719"}],"curies":[{"name":"wp","href":"https:\/\/api.w.org\/{rel}","templated":true}]}}