{"id":43872,"date":"2019-07-25T09:44:28","date_gmt":"2019-07-25T07:44:28","guid":{"rendered":"http:\/\/dicodusport.fr\/blog\/?p=43872"},"modified":"2019-07-25T09:52:38","modified_gmt":"2019-07-25T07:52:38","slug":"romain-bardet-un-poids-en-moins-les-pois-en-plus","status":"publish","type":"post","link":"https:\/\/dicodusport.fr\/blog\/romain-bardet-un-poids-en-moins-les-pois-en-plus\/","title":{"rendered":"Romain Bardet, un poids en moins, les pois en plus ?"},"content":{"rendered":"<p style=\"text-align: justify;\"><em><strong>Venu sur le <a href=\"https:\/\/dicodusport.fr\/blog\/actualites\/cyclisme\/tour-de-france-2019\/\" target=\"_blank\" rel=\"noopener\">Tour de France 2019<\/a> avec des ambitions au g\u00e9n\u00e9ral, Romain Bardet a d&rsquo;abord perdu du temps en premi\u00e8re semaine, avant d&rsquo;exploser dans les Pyr\u00e9n\u00e9es. Hors course pour le maillot jaune, il va pouvoir se concentrer sur de nouveaux objectifs.<\/strong><\/em><\/p>\n<p style=\"text-align: justify;\">Qu&rsquo;elles ont d\u00fb \u00eatre longues les minutes jusqu&rsquo;au Tourmalet, qu&rsquo;ils ont d\u00fb \u00eatre durs les coups de p\u00e9dales jusqu&rsquo;\u00e0 la ligne d&rsquo;arriv\u00e9e pour l&rsquo;Auvergnat. Quelques minutes plus t\u00f4t, <a href=\"https:\/\/dicodusport.fr\/blog\/tag\/romain-bardet\/\" target=\"_blank\" rel=\"noopener\"><strong>Romain Bardet<\/strong><\/a> avait explos\u00e9 en plein vol, incapable de suivre les leaders dans le Soulor, d\u00e8s que le tempo a augment\u00e9 en t\u00eate de peloton. S&rsquo;il a perdu le Tour de France en l&rsquo;espace de quelques minutes, le vice-champion du monde en titre l&rsquo;avait probablement compris bien avant que cette ann\u00e9e ne serait pas (encore) la bonne. Samedi, c&rsquo;est d&rsquo;un poids trop lourd pour sa forme du moment qu&rsquo;il s&rsquo;est lib\u00e9r\u00e9.<\/p>\n<h1 style=\"text-align: justify;\">Un mal pour un bien ?<\/h1>\n<p style=\"text-align: justify;\">\u00c0 l&rsquo;attaque le lendemain vers le Prat d&rsquo;Albis, c&rsquo;est une nouvelle course qui a commenc\u00e9 pour le natif de Brioude. Attaquer de loin et prendre l&rsquo;\u00e9chapp\u00e9e, comme en 2015, lorsqu&rsquo;il avait perdu tout espoir de bien figurer au g\u00e9n\u00e9ral, d\u00e9j\u00e0. Pas de miracle sur la route de Foix, mais de belles promesses et un Tricolore reboost\u00e9 par le soutien des supporters, malgr\u00e9 sa d\u00e9faillance.<\/p>\n<p style=\"text-align: justify;\">Le leader d&rsquo;AG2R La Mondiale semble capable d&rsquo;aller chercher une victoire \u00e9tape, un quatri\u00e8me succ\u00e8s sur le Tour, lui qui a perdu l&rsquo;habitude de lever les bras sur l&rsquo;\u00e9dition 2018 apr\u00e8s trois ann\u00e9es fructueuses. Trois possibilit\u00e9s lui sont offertes, mais celle qui m\u00e8ne \u00e0 Valloire semble \u00eatre taill\u00e9e pour lui. Des cols \u00e0 plus de 2000 m\u00e8tres d&rsquo;altitude pour le grimpeur qu&rsquo;il est, une descente avant l&rsquo;arriv\u00e9e, son c\u00f4t\u00e9 funambule, et un maillot \u00e0 pois \u00e0 aller chercher, une tradition fran\u00e7aise qu&rsquo;est ce maillot du meilleur grimpeur, si bien port\u00e9 ces vingt derni\u00e8res ann\u00e9es par <strong>Richard Virenque<\/strong>, <strong>Laurent Jalabert<\/strong>, <strong>Anthony Charteau<\/strong>, <strong>Thomas Voeckler<\/strong>, <strong>Warren Barguil<\/strong> et <strong>Julian Alaphilippe<\/strong>. Et vous Romain, comment vous vont les petits pois rouges ?<\/p>\n<p style=\"text-align: justify;\"><strong><em>Nicolas Jacquemard<\/em><\/strong><br \/>\n<a style=\"color: #000000;\" href=\"https:\/\/twitter.com\/Nico_Jacquemard\" target=\"_blank\" rel=\"noopener noreferrer\"><img loading=\"lazy\" decoding=\"async\" class=\"alignnone wp-image-2908\" src=\"http:\/\/dicodusport.fr\/blog\/wp-content\/uploads\/2017\/07\/logo-twitter-150x150.png\" alt=\"\" width=\"39\" height=\"39\" \/><\/a><a style=\"color: #000000;\" href=\"https:\/\/www.facebook.com\/dicodusport\/\" target=\"_blank\" rel=\"noopener noreferrer\"><img loading=\"lazy\" decoding=\"async\" class=\"alignnone wp-image-2909\" src=\"http:\/\/dicodusport.fr\/blog\/wp-content\/uploads\/2017\/07\/logo-facebook-150x150.png\" alt=\"\" width=\"40\" height=\"40\" \/><\/a><\/p>\n","protected":false},"excerpt":{"rendered":"<p>Venu sur le Tour de France avec des ambitions au g\u00e9n\u00e9ral, Romain Bardet a d&rsquo;abord perdu du temps en premi\u00e8re semaine, avant d&rsquo;exploser dans les Pyr\u00e9n\u00e9es. Hors course pour le maillot jaune, il va pouvoir se concentrer sur de nouveaux objectifs.<\/p>\n","protected":false},"author":1,"featured_media":43878,"comment_status":"open","ping_status":"closed","sticky":false,"template":"","format":"standard","meta":{"_acf_changed":false,"_daextam_enable_autolinks":"","footnotes":""},"categories":[2307,46995],"tags":[1446,4658,3646,24,1262],"class_list":["post-43872","post","type-post","status-publish","format-standard","has-post-thumbnail","hentry","category-cyclisme","category-tour-de-france","tag-bardet","tag-maillot-a-pois","tag-romain-bardet","tag-sport","tag-tour-de-france"],"acf":[],"yoast_head":"<!-- This site is optimized with the Yoast SEO Premium plugin v26.7 (Yoast SEO v26.7) - https:\/\/yoast.com\/wordpress\/plugins\/seo\/ -->\n<title>Romain Bardet, un poids en moins, les pois en plus ?<\/title>\n<meta name=\"description\" content=\"Venu sur le Tour de France avec des ambitions au g\u00e9n\u00e9ral, Romain Bardet a d&#039;abord perdu du temps en premi\u00e8re semaine, avant d&#039;exploser dans les Pyr\u00e9n\u00e9es.\" \/>\n<meta name=\"robots\" content=\"index, follow, max-snippet:-1, max-image-preview:large, max-video-preview:-1\" \/>\n<link rel=\"canonical\" href=\"https:\/\/dicodusport.fr\/blog\/romain-bardet-un-poids-en-moins-les-pois-en-plus\/\" \/>\n<meta property=\"og:locale\" content=\"fr_FR\" \/>\n<meta property=\"og:type\" content=\"article\" \/>\n<meta property=\"og:title\" content=\"Romain Bardet, un poids en moins, les pois en plus ?\" \/>\n<meta property=\"og:description\" content=\"Venu sur le Tour de France avec des ambitions au g\u00e9n\u00e9ral, Romain Bardet a d&#039;abord perdu du temps en premi\u00e8re semaine, avant d&#039;exploser dans les Pyr\u00e9n\u00e9es.\" \/>\n<meta property=\"og:url\" content=\"https:\/\/dicodusport.fr\/blog\/romain-bardet-un-poids-en-moins-les-pois-en-plus\/\" \/>\n<meta property=\"og:site_name\" content=\"Dicodusport\" \/>\n<meta property=\"article:publisher\" content=\"https:\/\/www.facebook.com\/dicodusport\" \/>\n<meta property=\"article:author\" content=\"https:\/\/www.facebook.com\/dicodusport\" \/>\n<meta property=\"article:published_time\" content=\"2019-07-25T07:44:28+00:00\" \/>\n<meta property=\"article:modified_time\" content=\"2019-07-25T07:52:38+00:00\" \/>\n<meta property=\"og:image\" content=\"https:\/\/dicodusport.fr\/blog\/wp-content\/uploads\/2019\/07\/Tour-de-France-Romain-Bardet-\u00e0-la-chasse-aux-pois-rouges-_.png\" \/>\n\t<meta property=\"og:image:width\" content=\"800\" \/>\n\t<meta property=\"og:image:height\" content=\"445\" \/>\n\t<meta property=\"og:image:type\" content=\"image\/png\" \/>\n<meta name=\"author\" content=\"Nicolas Jacquemard\" \/>\n<meta name=\"twitter:card\" content=\"summary_large_image\" \/>\n<meta name=\"twitter:title\" content=\"Romain Bardet, un poids en moins, les pois en plus ?\" \/>\n<meta name=\"twitter:creator\" content=\"@https:\/\/twitter.com\/Nico_Jacquemard\" \/>\n<meta name=\"twitter:site\" content=\"@dicodusport\" \/>\n<script type=\"application\/ld+json\" class=\"yoast-schema-graph\">{\"@context\":\"https:\/\/schema.org\",\"@graph\":[{\"@type\":\"NewsArticle\",\"@id\":\"https:\/\/dicodusport.fr\/blog\/romain-bardet-un-poids-en-moins-les-pois-en-plus\/#article\",\"isPartOf\":{\"@id\":\"https:\/\/dicodusport.fr\/blog\/romain-bardet-un-poids-en-moins-les-pois-en-plus\/\"},\"author\":{\"name\":\"Nicolas Jacquemard\",\"@id\":\"https:\/\/dicodusport.fr\/blog\/#\/schema\/person\/55dcb50ad410894e431ed812bbb70191\"},\"headline\":\"Romain Bardet, un poids en moins, les pois en plus ?\",\"datePublished\":\"2019-07-25T07:44:28+00:00\",\"dateModified\":\"2019-07-25T07:52:38+00:00\",\"mainEntityOfPage\":{\"@id\":\"https:\/\/dicodusport.fr\/blog\/romain-bardet-un-poids-en-moins-les-pois-en-plus\/\"},\"wordCount\":389,\"commentCount\":0,\"publisher\":{\"@id\":\"https:\/\/dicodusport.fr\/blog\/#organization\"},\"image\":{\"@id\":\"https:\/\/dicodusport.fr\/blog\/romain-bardet-un-poids-en-moins-les-pois-en-plus\/#primaryimage\"},\"thumbnailUrl\":\"https:\/\/dicodusport.fr\/blog\/wp-content\/uploads\/2019\/07\/Tour-de-France-Romain-Bardet-\u00e0-la-chasse-aux-pois-rouges-_.png\",\"keywords\":[\"bardet\",\"maillot \u00e0 pois\",\"Romain Bardet\",\"sport\",\"Tour de France\"],\"articleSection\":[\"Cyclisme\",\"Tour de France\"],\"inLanguage\":\"fr-FR\",\"potentialAction\":[{\"@type\":\"CommentAction\",\"name\":\"Comment\",\"target\":[\"https:\/\/dicodusport.fr\/blog\/romain-bardet-un-poids-en-moins-les-pois-en-plus\/#respond\"]}],\"copyrightYear\":\"2019\",\"copyrightHolder\":{\"@id\":\"https:\/\/dicodusport.fr\/blog\/#organization\"}},{\"@type\":\"WebPage\",\"@id\":\"https:\/\/dicodusport.fr\/blog\/romain-bardet-un-poids-en-moins-les-pois-en-plus\/\",\"url\":\"https:\/\/dicodusport.fr\/blog\/romain-bardet-un-poids-en-moins-les-pois-en-plus\/\",\"name\":\"Romain Bardet, un poids en moins, les pois en plus ?\",\"isPartOf\":{\"@id\":\"https:\/\/dicodusport.fr\/blog\/#website\"},\"primaryImageOfPage\":{\"@id\":\"https:\/\/dicodusport.fr\/blog\/romain-bardet-un-poids-en-moins-les-pois-en-plus\/#primaryimage\"},\"image\":{\"@id\":\"https:\/\/dicodusport.fr\/blog\/romain-bardet-un-poids-en-moins-les-pois-en-plus\/#primaryimage\"},\"thumbnailUrl\":\"https:\/\/dicodusport.fr\/blog\/wp-content\/uploads\/2019\/07\/Tour-de-France-Romain-Bardet-\u00e0-la-chasse-aux-pois-rouges-_.png\",\"datePublished\":\"2019-07-25T07:44:28+00:00\",\"dateModified\":\"2019-07-25T07:52:38+00:00\",\"description\":\"Venu sur le Tour de France avec des ambitions au g\u00e9n\u00e9ral, Romain Bardet a d'abord perdu du temps en premi\u00e8re semaine, avant d'exploser dans les Pyr\u00e9n\u00e9es.\",\"breadcrumb\":{\"@id\":\"https:\/\/dicodusport.fr\/blog\/romain-bardet-un-poids-en-moins-les-pois-en-plus\/#breadcrumb\"},\"inLanguage\":\"fr-FR\",\"potentialAction\":[{\"@type\":\"ReadAction\",\"target\":[\"https:\/\/dicodusport.fr\/blog\/romain-bardet-un-poids-en-moins-les-pois-en-plus\/\"]}]},{\"@type\":\"ImageObject\",\"inLanguage\":\"fr-FR\",\"@id\":\"https:\/\/dicodusport.fr\/blog\/romain-bardet-un-poids-en-moins-les-pois-en-plus\/#primaryimage\",\"url\":\"https:\/\/dicodusport.fr\/blog\/wp-content\/uploads\/2019\/07\/Tour-de-France-Romain-Bardet-\u00e0-la-chasse-aux-pois-rouges-_.png\",\"contentUrl\":\"https:\/\/dicodusport.fr\/blog\/wp-content\/uploads\/2019\/07\/Tour-de-France-Romain-Bardet-\u00e0-la-chasse-aux-pois-rouges-_.png\",\"width\":800,\"height\":445},{\"@type\":\"BreadcrumbList\",\"@id\":\"https:\/\/dicodusport.fr\/blog\/romain-bardet-un-poids-en-moins-les-pois-en-plus\/#breadcrumb\",\"itemListElement\":[{\"@type\":\"ListItem\",\"position\":1,\"name\":\"Accueil\",\"item\":\"https:\/\/dicodusport.fr\/blog\/\"},{\"@type\":\"ListItem\",\"position\":2,\"name\":\"Romain Bardet, un poids en moins, les pois en plus ?\"}]},{\"@type\":\"WebSite\",\"@id\":\"https:\/\/dicodusport.fr\/blog\/#website\",\"url\":\"https:\/\/dicodusport.fr\/blog\/\",\"name\":\"Dicodusport\",\"description\":\"L&#039;encyclop\u00e9die de l&#039;actualit\u00e9 sportive\",\"publisher\":{\"@id\":\"https:\/\/dicodusport.fr\/blog\/#organization\"},\"potentialAction\":[{\"@type\":\"SearchAction\",\"target\":{\"@type\":\"EntryPoint\",\"urlTemplate\":\"https:\/\/dicodusport.fr\/blog\/?s={search_term_string}\"},\"query-input\":{\"@type\":\"PropertyValueSpecification\",\"valueRequired\":true,\"valueName\":\"search_term_string\"}}],\"inLanguage\":\"fr-FR\"},{\"@type\":\"NewsMediaOrganization\",\"@id\":\"https:\/\/dicodusport.fr\/blog\/#organization\",\"name\":\"Dicodusport\",\"url\":\"https:\/\/dicodusport.fr\/blog\/\",\"logo\":{\"@type\":\"ImageObject\",\"inLanguage\":\"fr-FR\",\"@id\":\"https:\/\/dicodusport.fr\/blog\/#\/schema\/logo\/image\/\",\"url\":\"https:\/\/dicodusport.fr\/blog\/wp-content\/uploads\/2020\/06\/cropped-LOGO-DICODUSPORT-2020-SANS-FOND-SANS-TEXTE.png\",\"contentUrl\":\"https:\/\/dicodusport.fr\/blog\/wp-content\/uploads\/2020\/06\/cropped-LOGO-DICODUSPORT-2020-SANS-FOND-SANS-TEXTE.png\",\"width\":512,\"height\":512,\"caption\":\"Dicodusport\"},\"image\":{\"@id\":\"https:\/\/dicodusport.fr\/blog\/#\/schema\/logo\/image\/\"},\"sameAs\":[\"https:\/\/www.facebook.com\/dicodusport\",\"https:\/\/x.com\/dicodusport\",\"https:\/\/www.instagram.com\/dicodusport\/\",\"https:\/\/www.youtube.com\/channel\/UC7V2KZ5sd3htJivAbA4ZG3w\"],\"description\":\"Dicodusport est l'encyclop\u00e9die de l'actualit\u00e9 sportive.\",\"email\":\"bonjour@dicodusport.fr\",\"legalName\":\"DICODUSPORT\",\"foundingDate\":\"2018-01-14\",\"vatID\":\"FR71834470973\",\"taxID\":\"83447097300043\",\"numberOfEmployees\":{\"@type\":\"QuantitativeValue\",\"minValue\":\"1\",\"maxValue\":\"10\"}},{\"@type\":\"Person\",\"@id\":\"https:\/\/dicodusport.fr\/blog\/#\/schema\/person\/55dcb50ad410894e431ed812bbb70191\",\"name\":\"Nicolas Jacquemard\",\"image\":{\"@type\":\"ImageObject\",\"inLanguage\":\"fr-FR\",\"@id\":\"https:\/\/dicodusport.fr\/blog\/#\/schema\/person\/image\/\",\"url\":\"https:\/\/dicodusport.fr\/blog\/wp-content\/uploads\/2021\/05\/Nicolas-Jacquemard-150x150.jpeg\",\"contentUrl\":\"https:\/\/dicodusport.fr\/blog\/wp-content\/uploads\/2021\/05\/Nicolas-Jacquemard-150x150.jpeg\",\"caption\":\"Nicolas Jacquemard\"},\"description\":\"Passionn\u00e9 de sport et entrepreneur depuis mes 18 ans, la cr\u00e9ation de Dicodusport m'a sembl\u00e9 \u00e9vidente pour participer \u00e0 la m\u00e9diatisation d'un plus grand nombre de sports. Le chemin est long mais avec une \u00e9quipe des plus motiv\u00e9es et les Jeux Olympiques de Paris 2024 en point de mire, nous y arriverons ! Journaliste dans le monde du sport depuis plus de 5 ans, je traite aussi bien de football, de rugby, de biathlon que de cyclisme.\",\"sameAs\":[\"https:\/\/www.facebook.com\/dicodusport\",\"https:\/\/x.com\/https:\/\/twitter.com\/Nico_Jacquemard\"],\"url\":\"https:\/\/dicodusport.fr\/blog\/author\/dicodusport\/\"}]}<\/script>\n<!-- \/ Yoast SEO Premium plugin. -->","yoast_head_json":{"title":"Romain Bardet, un poids en moins, les pois en plus ?","description":"Venu sur le Tour de France avec des ambitions au g\u00e9n\u00e9ral, Romain Bardet a d'abord perdu du temps en premi\u00e8re semaine, avant d'exploser dans les Pyr\u00e9n\u00e9es.","robots":{"index":"index","follow":"follow","max-snippet":"max-snippet:-1","max-image-preview":"max-image-preview:large","max-video-preview":"max-video-preview:-1"},"canonical":"https:\/\/dicodusport.fr\/blog\/romain-bardet-un-poids-en-moins-les-pois-en-plus\/","og_locale":"fr_FR","og_type":"article","og_title":"Romain Bardet, un poids en moins, les pois en plus ?","og_description":"Venu sur le Tour de France avec des ambitions au g\u00e9n\u00e9ral, Romain Bardet a d'abord perdu du temps en premi\u00e8re semaine, avant d'exploser dans les Pyr\u00e9n\u00e9es.","og_url":"https:\/\/dicodusport.fr\/blog\/romain-bardet-un-poids-en-moins-les-pois-en-plus\/","og_site_name":"Dicodusport","article_publisher":"https:\/\/www.facebook.com\/dicodusport","article_author":"https:\/\/www.facebook.com\/dicodusport","article_published_time":"2019-07-25T07:44:28+00:00","article_modified_time":"2019-07-25T07:52:38+00:00","og_image":[{"width":800,"height":445,"url":"https:\/\/dicodusport.fr\/blog\/wp-content\/uploads\/2019\/07\/Tour-de-France-Romain-Bardet-\u00e0-la-chasse-aux-pois-rouges-_.png","type":"image\/png"}],"author":"Nicolas Jacquemard","twitter_card":"summary_large_image","twitter_title":"Romain Bardet, un poids en moins, les pois en plus ?","twitter_creator":"@https:\/\/twitter.com\/Nico_Jacquemard","twitter_site":"@dicodusport","schema":{"@context":"https:\/\/schema.org","@graph":[{"@type":"NewsArticle","@id":"https:\/\/dicodusport.fr\/blog\/romain-bardet-un-poids-en-moins-les-pois-en-plus\/#article","isPartOf":{"@id":"https:\/\/dicodusport.fr\/blog\/romain-bardet-un-poids-en-moins-les-pois-en-plus\/"},"author":{"name":"Nicolas Jacquemard","@id":"https:\/\/dicodusport.fr\/blog\/#\/schema\/person\/55dcb50ad410894e431ed812bbb70191"},"headline":"Romain Bardet, un poids en moins, les pois en plus ?","datePublished":"2019-07-25T07:44:28+00:00","dateModified":"2019-07-25T07:52:38+00:00","mainEntityOfPage":{"@id":"https:\/\/dicodusport.fr\/blog\/romain-bardet-un-poids-en-moins-les-pois-en-plus\/"},"wordCount":389,"commentCount":0,"publisher":{"@id":"https:\/\/dicodusport.fr\/blog\/#organization"},"image":{"@id":"https:\/\/dicodusport.fr\/blog\/romain-bardet-un-poids-en-moins-les-pois-en-plus\/#primaryimage"},"thumbnailUrl":"https:\/\/dicodusport.fr\/blog\/wp-content\/uploads\/2019\/07\/Tour-de-France-Romain-Bardet-\u00e0-la-chasse-aux-pois-rouges-_.png","keywords":["bardet","maillot \u00e0 pois","Romain Bardet","sport","Tour de France"],"articleSection":["Cyclisme","Tour de France"],"inLanguage":"fr-FR","potentialAction":[{"@type":"CommentAction","name":"Comment","target":["https:\/\/dicodusport.fr\/blog\/romain-bardet-un-poids-en-moins-les-pois-en-plus\/#respond"]}],"copyrightYear":"2019","copyrightHolder":{"@id":"https:\/\/dicodusport.fr\/blog\/#organization"}},{"@type":"WebPage","@id":"https:\/\/dicodusport.fr\/blog\/romain-bardet-un-poids-en-moins-les-pois-en-plus\/","url":"https:\/\/dicodusport.fr\/blog\/romain-bardet-un-poids-en-moins-les-pois-en-plus\/","name":"Romain Bardet, un poids en moins, les pois en plus ?","isPartOf":{"@id":"https:\/\/dicodusport.fr\/blog\/#website"},"primaryImageOfPage":{"@id":"https:\/\/dicodusport.fr\/blog\/romain-bardet-un-poids-en-moins-les-pois-en-plus\/#primaryimage"},"image":{"@id":"https:\/\/dicodusport.fr\/blog\/romain-bardet-un-poids-en-moins-les-pois-en-plus\/#primaryimage"},"thumbnailUrl":"https:\/\/dicodusport.fr\/blog\/wp-content\/uploads\/2019\/07\/Tour-de-France-Romain-Bardet-\u00e0-la-chasse-aux-pois-rouges-_.png","datePublished":"2019-07-25T07:44:28+00:00","dateModified":"2019-07-25T07:52:38+00:00","description":"Venu sur le Tour de France avec des ambitions au g\u00e9n\u00e9ral, Romain Bardet a d'abord perdu du temps en premi\u00e8re semaine, avant d'exploser dans les Pyr\u00e9n\u00e9es.","breadcrumb":{"@id":"https:\/\/dicodusport.fr\/blog\/romain-bardet-un-poids-en-moins-les-pois-en-plus\/#breadcrumb"},"inLanguage":"fr-FR","potentialAction":[{"@type":"ReadAction","target":["https:\/\/dicodusport.fr\/blog\/romain-bardet-un-poids-en-moins-les-pois-en-plus\/"]}]},{"@type":"ImageObject","inLanguage":"fr-FR","@id":"https:\/\/dicodusport.fr\/blog\/romain-bardet-un-poids-en-moins-les-pois-en-plus\/#primaryimage","url":"https:\/\/dicodusport.fr\/blog\/wp-content\/uploads\/2019\/07\/Tour-de-France-Romain-Bardet-\u00e0-la-chasse-aux-pois-rouges-_.png","contentUrl":"https:\/\/dicodusport.fr\/blog\/wp-content\/uploads\/2019\/07\/Tour-de-France-Romain-Bardet-\u00e0-la-chasse-aux-pois-rouges-_.png","width":800,"height":445},{"@type":"BreadcrumbList","@id":"https:\/\/dicodusport.fr\/blog\/romain-bardet-un-poids-en-moins-les-pois-en-plus\/#breadcrumb","itemListElement":[{"@type":"ListItem","position":1,"name":"Accueil","item":"https:\/\/dicodusport.fr\/blog\/"},{"@type":"ListItem","position":2,"name":"Romain Bardet, un poids en moins, les pois en plus ?"}]},{"@type":"WebSite","@id":"https:\/\/dicodusport.fr\/blog\/#website","url":"https:\/\/dicodusport.fr\/blog\/","name":"Dicodusport","description":"L&#039;encyclop\u00e9die de l&#039;actualit\u00e9 sportive","publisher":{"@id":"https:\/\/dicodusport.fr\/blog\/#organization"},"potentialAction":[{"@type":"SearchAction","target":{"@type":"EntryPoint","urlTemplate":"https:\/\/dicodusport.fr\/blog\/?s={search_term_string}"},"query-input":{"@type":"PropertyValueSpecification","valueRequired":true,"valueName":"search_term_string"}}],"inLanguage":"fr-FR"},{"@type":"NewsMediaOrganization","@id":"https:\/\/dicodusport.fr\/blog\/#organization","name":"Dicodusport","url":"https:\/\/dicodusport.fr\/blog\/","logo":{"@type":"ImageObject","inLanguage":"fr-FR","@id":"https:\/\/dicodusport.fr\/blog\/#\/schema\/logo\/image\/","url":"https:\/\/dicodusport.fr\/blog\/wp-content\/uploads\/2020\/06\/cropped-LOGO-DICODUSPORT-2020-SANS-FOND-SANS-TEXTE.png","contentUrl":"https:\/\/dicodusport.fr\/blog\/wp-content\/uploads\/2020\/06\/cropped-LOGO-DICODUSPORT-2020-SANS-FOND-SANS-TEXTE.png","width":512,"height":512,"caption":"Dicodusport"},"image":{"@id":"https:\/\/dicodusport.fr\/blog\/#\/schema\/logo\/image\/"},"sameAs":["https:\/\/www.facebook.com\/dicodusport","https:\/\/x.com\/dicodusport","https:\/\/www.instagram.com\/dicodusport\/","https:\/\/www.youtube.com\/channel\/UC7V2KZ5sd3htJivAbA4ZG3w"],"description":"Dicodusport est l'encyclop\u00e9die de l'actualit\u00e9 sportive.","email":"bonjour@dicodusport.fr","legalName":"DICODUSPORT","foundingDate":"2018-01-14","vatID":"FR71834470973","taxID":"83447097300043","numberOfEmployees":{"@type":"QuantitativeValue","minValue":"1","maxValue":"10"}},{"@type":"Person","@id":"https:\/\/dicodusport.fr\/blog\/#\/schema\/person\/55dcb50ad410894e431ed812bbb70191","name":"Nicolas Jacquemard","image":{"@type":"ImageObject","inLanguage":"fr-FR","@id":"https:\/\/dicodusport.fr\/blog\/#\/schema\/person\/image\/","url":"https:\/\/dicodusport.fr\/blog\/wp-content\/uploads\/2021\/05\/Nicolas-Jacquemard-150x150.jpeg","contentUrl":"https:\/\/dicodusport.fr\/blog\/wp-content\/uploads\/2021\/05\/Nicolas-Jacquemard-150x150.jpeg","caption":"Nicolas Jacquemard"},"description":"Passionn\u00e9 de sport et entrepreneur depuis mes 18 ans, la cr\u00e9ation de Dicodusport m'a sembl\u00e9 \u00e9vidente pour participer \u00e0 la m\u00e9diatisation d'un plus grand nombre de sports. Le chemin est long mais avec une \u00e9quipe des plus motiv\u00e9es et les Jeux Olympiques de Paris 2024 en point de mire, nous y arriverons ! Journaliste dans le monde du sport depuis plus de 5 ans, je traite aussi bien de football, de rugby, de biathlon que de cyclisme.","sameAs":["https:\/\/www.facebook.com\/dicodusport","https:\/\/x.com\/https:\/\/twitter.com\/Nico_Jacquemard"],"url":"https:\/\/dicodusport.fr\/blog\/author\/dicodusport\/"}]}},"_links":{"self":[{"href":"https:\/\/dicodusport.fr\/blog\/wp-json\/wp\/v2\/posts\/43872","targetHints":{"allow":["GET"]}}],"collection":[{"href":"https:\/\/dicodusport.fr\/blog\/wp-json\/wp\/v2\/posts"}],"about":[{"href":"https:\/\/dicodusport.fr\/blog\/wp-json\/wp\/v2\/types\/post"}],"author":[{"embeddable":true,"href":"https:\/\/dicodusport.fr\/blog\/wp-json\/wp\/v2\/users\/1"}],"replies":[{"embeddable":true,"href":"https:\/\/dicodusport.fr\/blog\/wp-json\/wp\/v2\/comments?post=43872"}],"version-history":[{"count":0,"href":"https:\/\/dicodusport.fr\/blog\/wp-json\/wp\/v2\/posts\/43872\/revisions"}],"wp:featuredmedia":[{"embeddable":true,"href":"https:\/\/dicodusport.fr\/blog\/wp-json\/wp\/v2\/media\/43878"}],"wp:attachment":[{"href":"https:\/\/dicodusport.fr\/blog\/wp-json\/wp\/v2\/media?parent=43872"}],"wp:term":[{"taxonomy":"category","embeddable":true,"href":"https:\/\/dicodusport.fr\/blog\/wp-json\/wp\/v2\/categories?post=43872"},{"taxonomy":"post_tag","embeddable":true,"href":"https:\/\/dicodusport.fr\/blog\/wp-json\/wp\/v2\/tags?post=43872"}],"curies":[{"name":"wp","href":"https:\/\/api.w.org\/{rel}","templated":true}]}}