{"id":438726,"date":"2024-05-21T15:10:15","date_gmt":"2024-05-21T13:10:15","guid":{"rendered":"https:\/\/dicodusport.fr\/blog\/?p=438726&#038;preview=true&#038;preview_id=438726"},"modified":"2024-05-21T15:10:17","modified_gmt":"2024-05-21T13:10:17","slug":"tour-ditalie-2024-parcours-et-profil-de-la-16eme-etape-du-giro","status":"publish","type":"post","link":"https:\/\/dicodusport.fr\/blog\/tour-ditalie-2024-parcours-et-profil-de-la-16eme-etape-du-giro\/","title":{"rendered":"Tour d&rsquo;Italie 2024 : Parcours et profil de la 16\u00e8me \u00e9tape du Giro"},"content":{"rendered":"<p style=\"text-align: justify;\"><em><b>TOUR D&rsquo;ITALIE 2024 &#8211; La derni\u00e8re semaine du 107\u00e8me Giro d&rsquo;Italia d\u00e9butera par une belle \u00e9tape de montagne entre Livigno et Santa Cristina Valgardena (Monte Pana) (206 km), avec notamment l&rsquo;ascension d&rsquo;une partie du Stelvio. 4 400 m\u00e8tres de d\u00e9nivel\u00e9 seront au programme. Parcours et profil.<\/b><\/em><\/p>\n<ul>\n<li style=\"text-align: justify;\"><strong>\u00c0 ce sujet \u2013\u00a0<a href=\"https:\/\/dicodusport.fr\/blog\/tour-ditalie-2024-classement-general-du-giro\/\">Tour d\u2019Italie 2024 \u2013 Classement g\u00e9n\u00e9ral du Giro<\/a><\/strong><\/li>\n<\/ul>\n<p style=\"text-align: justify;\"><strong><span style=\"font-size: 14px;\"><em>Nb : En raison des conditions m\u00e9t\u00e9orologiques, la 16\u00e8me \u00e9tape du Tour d&rsquo;Italie a \u00e9t\u00e9 raccourcie. L&rsquo;Umbrailpass a \u00e9t\u00e9 enlev\u00e9 du parcours. 118,7 km sont d\u00e9sormais au programme entre Laas et Santa Cristina Valgardena (Monte Pana). Voici, ci-dessous, le nouveau profil de l&rsquo;\u00e9tape.<\/em><\/span><\/strong><\/p>\n<div id=\"attachment_486978\" style=\"width: 750px\" class=\"wp-caption aligncenter\"><a href=\"https:\/\/dicodusport.fr\/blog\/wp-content\/uploads\/2024\/05\/Le-nouveau-profil-de-la-16eme-etape-du-Tour-dItalie-2024-scaled.jpg\"><img loading=\"lazy\" decoding=\"async\" aria-describedby=\"caption-attachment-486978\" class=\"size-large wp-image-486978\" src=\"https:\/\/dicodusport.fr\/blog\/wp-content\/uploads\/2024\/05\/Le-nouveau-profil-de-la-16eme-etape-du-Tour-dItalie-2024-1024x576.jpg\" alt=\"Le nouveau profil de la 16\u00e8me \u00e9tape du Tour d'Italie 2024\" width=\"740\" height=\"416\" srcset=\"https:\/\/dicodusport.fr\/blog\/wp-content\/uploads\/2024\/05\/Le-nouveau-profil-de-la-16eme-etape-du-Tour-dItalie-2024-1024x576.jpg 1024w, https:\/\/dicodusport.fr\/blog\/wp-content\/uploads\/2024\/05\/Le-nouveau-profil-de-la-16eme-etape-du-Tour-dItalie-2024-300x169.jpg 300w, https:\/\/dicodusport.fr\/blog\/wp-content\/uploads\/2024\/05\/Le-nouveau-profil-de-la-16eme-etape-du-Tour-dItalie-2024-768x432.jpg 768w, https:\/\/dicodusport.fr\/blog\/wp-content\/uploads\/2024\/05\/Le-nouveau-profil-de-la-16eme-etape-du-Tour-dItalie-2024-1536x864.jpg 1536w, https:\/\/dicodusport.fr\/blog\/wp-content\/uploads\/2024\/05\/Le-nouveau-profil-de-la-16eme-etape-du-Tour-dItalie-2024-2048x1152.jpg 2048w\" sizes=\"auto, (max-width: 740px) 100vw, 740px\" \/><\/a><p id=\"caption-attachment-486978\" class=\"wp-caption-text\">Le nouveau profil de la 16\u00e8me \u00e9tape du Tour d&rsquo;Italie 2024 &#8211; Via RCS<\/p><\/div>\n<h2 style=\"text-align: justify;\">Parcours et profil de la 16\u00e8me \u00e9tape du Tour d&rsquo;Italie 2024<\/h2>\n<ul>\n<li style=\"text-align: justify;\"><strong>\u00c0 ce sujet \u2013\u00a0<a href=\"https:\/\/dicodusport.fr\/blog\/actualites\/cyclisme\/cyclisme-sur-route-2024\/tour-italie-2024\/\">L\u2019actualit\u00e9 du Tour d\u2019Italie 2024<\/a><\/strong><\/li>\n<\/ul>\n<h3 style=\"text-align: justify;\">Passo Pinei et Monte Pana en dessert<\/h3>\n<p style=\"text-align: justify;\">Neuf kilom\u00e8tres apr\u00e8s <strong>Bolzano<\/strong> sur une route en faux plat montant, ce sera l&rsquo;ascension du <strong>Passo Pinei<\/strong> (23,5 km \u00e0 4,8 % en trois parties). Au sommet, les coureurs se trouveront \u00e0 12 kilom\u00e8tres du terme. Les 7,5 premiers kilom\u00e8tres seront s\u00e9lectifs \u00e0 7,3 % avec 4 tunnels. Ensuite, la deuxi\u00e8me partie sera roulante sur sept kilom\u00e8tres, avant une derni\u00e8re portion plus exigeante, mais pas insurmontable \u00e0 pr\u00e8s de 5 %.<\/p>\n<p style=\"text-align: justify;\">Enfin, apr\u00e8s 5 kilom\u00e8tres de descente, place \u00e0 l&rsquo;ascension finale du <strong>Monte Pana<\/strong> (6,5 km \u00e0 6,1 %). L\u00e0 aussi, cette difficult\u00e9 sera en trois parties avec 2,5 kilom\u00e8tres \u00e0 6 % avant un replat de deux kilom\u00e8tres sur une route rectiligne \u00e0 moins de 3 %. Finalement, les 2 derniers kilom\u00e8tres seront extr\u00eamement durs \u00e0 11,8 % de moyenne, avec 4 lacets et un passage \u00e0 16 %. Les trois premiers glaneront 10, 6 et 4 secondes de bonification. L&rsquo;arriv\u00e9e sera jug\u00e9e entre 16h50 entre 17h35.<\/p>\n<ul>\n<li style=\"text-align: justify;\"><strong>\u00c0 ce sujet \u2013\u00a0<a href=\"https:\/\/dicodusport.fr\/blog\/actualites\/cyclisme\/cyclisme-sur-route-2024\/\">L\u2019actualit\u00e9 du cyclisme sur route<\/a><\/strong><\/li>\n<\/ul>\n","protected":false},"excerpt":{"rendered":"<p>TOUR D&rsquo;ITALIE 2024 &#8211; Retrouvez le parcours et le profil de la 16\u00e8me \u00e9tape du Giro entre Livigno et Santa Cristina Valgardena (Monte Pana) (206 km).<\/p>\n","protected":false},"author":48,"featured_media":486823,"comment_status":"open","ping_status":"closed","sticky":false,"template":"","format":"standard","meta":{"_acf_changed":false,"_daextam_enable_autolinks":"1","footnotes":""},"categories":[47041],"tags":[16878,574,4722],"class_list":["post-438726","post","type-post","status-publish","format-standard","has-post-thumbnail","hentry","category-tour-d-italie","tag-breve","tag-cyclisme","tag-tour-ditalie"],"acf":[],"yoast_head":"<!-- This site is optimized with the Yoast SEO Premium plugin v26.7 (Yoast SEO v26.7) - https:\/\/yoast.com\/wordpress\/plugins\/seo\/ -->\n<title>Tour d&#039;Italie 2024 : Parcours et profil de la 16\u00e8me \u00e9tape du Giro<\/title>\n<meta name=\"description\" content=\"TOUR D&#039;ITALIE 2024 - Retrouvez le parcours et le profil de la 16\u00e8me \u00e9tape du Giro entre Livigno et Santa Cristina Valgardena (Monte Pana) (206 km).\" \/>\n<meta name=\"robots\" content=\"index, follow, max-snippet:-1, max-image-preview:large, max-video-preview:-1\" \/>\n<link rel=\"canonical\" href=\"https:\/\/dicodusport.fr\/blog\/tour-ditalie-2024-parcours-et-profil-de-la-16eme-etape-du-giro\/\" \/>\n<meta property=\"og:locale\" content=\"fr_FR\" \/>\n<meta property=\"og:type\" content=\"article\" \/>\n<meta property=\"og:title\" content=\"Tour d&#039;Italie 2024 : Parcours et profil de la 16\u00e8me \u00e9tape du Giro\" \/>\n<meta property=\"og:description\" content=\"TOUR D&#039;ITALIE 2024 - Retrouvez le parcours et le profil de la 16\u00e8me \u00e9tape du Giro entre Livigno et Santa Cristina Valgardena (Monte Pana) (206 km).\" \/>\n<meta property=\"og:url\" content=\"https:\/\/dicodusport.fr\/blog\/tour-ditalie-2024-parcours-et-profil-de-la-16eme-etape-du-giro\/\" \/>\n<meta property=\"og:site_name\" content=\"Dicodusport\" \/>\n<meta property=\"article:publisher\" content=\"https:\/\/www.facebook.com\/dicodusport\" \/>\n<meta property=\"article:author\" content=\"https:\/\/www.facebook.com\/groups\/LesRoisDuPeloton\" \/>\n<meta property=\"article:published_time\" content=\"2024-05-21T13:10:15+00:00\" \/>\n<meta property=\"article:modified_time\" content=\"2024-05-21T13:10:17+00:00\" \/>\n<meta property=\"og:image\" content=\"https:\/\/dicodusport.fr\/blog\/wp-content\/uploads\/2024\/05\/Tour-dItalie-2024-Parcours-et-profil-de-la-16eme-etape-du-Giro.png\" \/>\n\t<meta property=\"og:image:width\" content=\"1200\" \/>\n\t<meta property=\"og:image:height\" content=\"674\" \/>\n\t<meta property=\"og:image:type\" content=\"image\/png\" \/>\n<meta name=\"author\" content=\"Emilien Descampiaux\" \/>\n<meta name=\"twitter:card\" content=\"summary_large_image\" \/>\n<meta name=\"twitter:title\" content=\"Tour d&#039;Italie 2024 : Parcours et profil de la 16\u00e8me \u00e9tape du Giro\" \/>\n<meta name=\"twitter:creator\" content=\"@https:\/\/twitter.com\/LRoisDuPeloton\" \/>\n<meta name=\"twitter:site\" content=\"@dicodusport\" \/>\n<script type=\"application\/ld+json\" class=\"yoast-schema-graph\">{\"@context\":\"https:\/\/schema.org\",\"@graph\":[{\"@type\":\"NewsArticle\",\"@id\":\"https:\/\/dicodusport.fr\/blog\/tour-ditalie-2024-parcours-et-profil-de-la-16eme-etape-du-giro\/#article\",\"isPartOf\":{\"@id\":\"https:\/\/dicodusport.fr\/blog\/tour-ditalie-2024-parcours-et-profil-de-la-16eme-etape-du-giro\/\"},\"author\":{\"name\":\"Emilien Descampiaux\",\"@id\":\"https:\/\/dicodusport.fr\/blog\/#\/schema\/person\/6db4bae06b171592211be385b32876a7\"},\"headline\":\"Tour d&rsquo;Italie 2024 : Parcours et profil de la 16\u00e8me \u00e9tape du Giro\",\"datePublished\":\"2024-05-21T13:10:15+00:00\",\"dateModified\":\"2024-05-21T13:10:17+00:00\",\"mainEntityOfPage\":{\"@id\":\"https:\/\/dicodusport.fr\/blog\/tour-ditalie-2024-parcours-et-profil-de-la-16eme-etape-du-giro\/\"},\"wordCount\":315,\"commentCount\":0,\"publisher\":{\"@id\":\"https:\/\/dicodusport.fr\/blog\/#organization\"},\"image\":{\"@id\":\"https:\/\/dicodusport.fr\/blog\/tour-ditalie-2024-parcours-et-profil-de-la-16eme-etape-du-giro\/#primaryimage\"},\"thumbnailUrl\":\"https:\/\/dicodusport.fr\/blog\/wp-content\/uploads\/2024\/05\/Tour-dItalie-2024-Parcours-et-profil-de-la-16eme-etape-du-Giro.png\",\"keywords\":[\"br\u00e8ve\",\"Cyclisme\",\"Tour d'Italie\"],\"articleSection\":[\"Tour d'Italie\"],\"inLanguage\":\"fr-FR\",\"potentialAction\":[{\"@type\":\"CommentAction\",\"name\":\"Comment\",\"target\":[\"https:\/\/dicodusport.fr\/blog\/tour-ditalie-2024-parcours-et-profil-de-la-16eme-etape-du-giro\/#respond\"]}],\"copyrightYear\":\"2024\",\"copyrightHolder\":{\"@id\":\"https:\/\/dicodusport.fr\/blog\/#organization\"}},{\"@type\":\"WebPage\",\"@id\":\"https:\/\/dicodusport.fr\/blog\/tour-ditalie-2024-parcours-et-profil-de-la-16eme-etape-du-giro\/\",\"url\":\"https:\/\/dicodusport.fr\/blog\/tour-ditalie-2024-parcours-et-profil-de-la-16eme-etape-du-giro\/\",\"name\":\"Tour d'Italie 2024 : Parcours et profil de la 16\u00e8me \u00e9tape du Giro\",\"isPartOf\":{\"@id\":\"https:\/\/dicodusport.fr\/blog\/#website\"},\"primaryImageOfPage\":{\"@id\":\"https:\/\/dicodusport.fr\/blog\/tour-ditalie-2024-parcours-et-profil-de-la-16eme-etape-du-giro\/#primaryimage\"},\"image\":{\"@id\":\"https:\/\/dicodusport.fr\/blog\/tour-ditalie-2024-parcours-et-profil-de-la-16eme-etape-du-giro\/#primaryimage\"},\"thumbnailUrl\":\"https:\/\/dicodusport.fr\/blog\/wp-content\/uploads\/2024\/05\/Tour-dItalie-2024-Parcours-et-profil-de-la-16eme-etape-du-Giro.png\",\"datePublished\":\"2024-05-21T13:10:15+00:00\",\"dateModified\":\"2024-05-21T13:10:17+00:00\",\"description\":\"TOUR D'ITALIE 2024 - Retrouvez le parcours et le profil de la 16\u00e8me \u00e9tape du Giro entre Livigno et Santa Cristina Valgardena (Monte Pana) (206 km).\",\"breadcrumb\":{\"@id\":\"https:\/\/dicodusport.fr\/blog\/tour-ditalie-2024-parcours-et-profil-de-la-16eme-etape-du-giro\/#breadcrumb\"},\"inLanguage\":\"fr-FR\",\"potentialAction\":[{\"@type\":\"ReadAction\",\"target\":[\"https:\/\/dicodusport.fr\/blog\/tour-ditalie-2024-parcours-et-profil-de-la-16eme-etape-du-giro\/\"]}]},{\"@type\":\"ImageObject\",\"inLanguage\":\"fr-FR\",\"@id\":\"https:\/\/dicodusport.fr\/blog\/tour-ditalie-2024-parcours-et-profil-de-la-16eme-etape-du-giro\/#primaryimage\",\"url\":\"https:\/\/dicodusport.fr\/blog\/wp-content\/uploads\/2024\/05\/Tour-dItalie-2024-Parcours-et-profil-de-la-16eme-etape-du-Giro.png\",\"contentUrl\":\"https:\/\/dicodusport.fr\/blog\/wp-content\/uploads\/2024\/05\/Tour-dItalie-2024-Parcours-et-profil-de-la-16eme-etape-du-Giro.png\",\"width\":1200,\"height\":674,\"caption\":\"Tour d'Italie 2024 Parcours et profil de la 16\u00e8me \u00e9tape du Giro\"},{\"@type\":\"BreadcrumbList\",\"@id\":\"https:\/\/dicodusport.fr\/blog\/tour-ditalie-2024-parcours-et-profil-de-la-16eme-etape-du-giro\/#breadcrumb\",\"itemListElement\":[{\"@type\":\"ListItem\",\"position\":1,\"name\":\"Accueil\",\"item\":\"https:\/\/dicodusport.fr\/blog\/\"},{\"@type\":\"ListItem\",\"position\":2,\"name\":\"Tour d&rsquo;Italie 2024 : Parcours et profil de la 16\u00e8me \u00e9tape du Giro\"}]},{\"@type\":\"WebSite\",\"@id\":\"https:\/\/dicodusport.fr\/blog\/#website\",\"url\":\"https:\/\/dicodusport.fr\/blog\/\",\"name\":\"Dicodusport\",\"description\":\"L&#039;encyclop\u00e9die de l&#039;actualit\u00e9 sportive\",\"publisher\":{\"@id\":\"https:\/\/dicodusport.fr\/blog\/#organization\"},\"potentialAction\":[{\"@type\":\"SearchAction\",\"target\":{\"@type\":\"EntryPoint\",\"urlTemplate\":\"https:\/\/dicodusport.fr\/blog\/?s={search_term_string}\"},\"query-input\":{\"@type\":\"PropertyValueSpecification\",\"valueRequired\":true,\"valueName\":\"search_term_string\"}}],\"inLanguage\":\"fr-FR\"},{\"@type\":\"NewsMediaOrganization\",\"@id\":\"https:\/\/dicodusport.fr\/blog\/#organization\",\"name\":\"Dicodusport\",\"url\":\"https:\/\/dicodusport.fr\/blog\/\",\"logo\":{\"@type\":\"ImageObject\",\"inLanguage\":\"fr-FR\",\"@id\":\"https:\/\/dicodusport.fr\/blog\/#\/schema\/logo\/image\/\",\"url\":\"https:\/\/dicodusport.fr\/blog\/wp-content\/uploads\/2020\/06\/cropped-LOGO-DICODUSPORT-2020-SANS-FOND-SANS-TEXTE.png\",\"contentUrl\":\"https:\/\/dicodusport.fr\/blog\/wp-content\/uploads\/2020\/06\/cropped-LOGO-DICODUSPORT-2020-SANS-FOND-SANS-TEXTE.png\",\"width\":512,\"height\":512,\"caption\":\"Dicodusport\"},\"image\":{\"@id\":\"https:\/\/dicodusport.fr\/blog\/#\/schema\/logo\/image\/\"},\"sameAs\":[\"https:\/\/www.facebook.com\/dicodusport\",\"https:\/\/x.com\/dicodusport\",\"https:\/\/www.instagram.com\/dicodusport\/\",\"https:\/\/www.youtube.com\/channel\/UC7V2KZ5sd3htJivAbA4ZG3w\"],\"description\":\"Dicodusport est l'encyclop\u00e9die de l'actualit\u00e9 sportive.\",\"email\":\"bonjour@dicodusport.fr\",\"legalName\":\"DICODUSPORT\",\"foundingDate\":\"2018-01-14\",\"vatID\":\"FR71834470973\",\"taxID\":\"83447097300043\",\"numberOfEmployees\":{\"@type\":\"QuantitativeValue\",\"minValue\":\"1\",\"maxValue\":\"10\"}},{\"@type\":\"Person\",\"@id\":\"https:\/\/dicodusport.fr\/blog\/#\/schema\/person\/6db4bae06b171592211be385b32876a7\",\"name\":\"Emilien Descampiaux\",\"image\":{\"@type\":\"ImageObject\",\"inLanguage\":\"fr-FR\",\"@id\":\"https:\/\/dicodusport.fr\/blog\/#\/schema\/person\/image\/\",\"url\":\"https:\/\/dicodusport.fr\/blog\/wp-content\/uploads\/2021\/05\/Emilien-Descampiaux-150x150.jpg\",\"contentUrl\":\"https:\/\/dicodusport.fr\/blog\/wp-content\/uploads\/2021\/05\/Emilien-Descampiaux-150x150.jpg\",\"caption\":\"Emilien Descampiaux\"},\"description\":\"Journaliste\/r\u00e9dacteur depuis 2014 - Fan de la classe de Frank Vandenbroucke, je vis cyclisme (et de ses paysages) depuis plus de 20 ans. Je suis tr\u00e8s impliqu\u00e9 sur mes diff\u00e9rents r\u00e9seaux sociaux pour partager ma passion sur le monde et l'Histoire de la bicyclette avec ma voix sur les images en noir et blanc du succ\u00e8s de Rik Van Steenbergen lors du Ronde sur le V\u00e9lodrome de Gand.\",\"sameAs\":[\"https:\/\/www.facebook.com\/groups\/LesRoisDuPeloton\",\"https:\/\/x.com\/https:\/\/twitter.com\/LRoisDuPeloton\"],\"url\":\"https:\/\/dicodusport.fr\/blog\/author\/emiliend\/\"}]}<\/script>\n<!-- \/ Yoast SEO Premium plugin. -->","yoast_head_json":{"title":"Tour d'Italie 2024 : Parcours et profil de la 16\u00e8me \u00e9tape du Giro","description":"TOUR D'ITALIE 2024 - Retrouvez le parcours et le profil de la 16\u00e8me \u00e9tape du Giro entre Livigno et Santa Cristina Valgardena (Monte Pana) (206 km).","robots":{"index":"index","follow":"follow","max-snippet":"max-snippet:-1","max-image-preview":"max-image-preview:large","max-video-preview":"max-video-preview:-1"},"canonical":"https:\/\/dicodusport.fr\/blog\/tour-ditalie-2024-parcours-et-profil-de-la-16eme-etape-du-giro\/","og_locale":"fr_FR","og_type":"article","og_title":"Tour d'Italie 2024 : Parcours et profil de la 16\u00e8me \u00e9tape du Giro","og_description":"TOUR D'ITALIE 2024 - Retrouvez le parcours et le profil de la 16\u00e8me \u00e9tape du Giro entre Livigno et Santa Cristina Valgardena (Monte Pana) (206 km).","og_url":"https:\/\/dicodusport.fr\/blog\/tour-ditalie-2024-parcours-et-profil-de-la-16eme-etape-du-giro\/","og_site_name":"Dicodusport","article_publisher":"https:\/\/www.facebook.com\/dicodusport","article_author":"https:\/\/www.facebook.com\/groups\/LesRoisDuPeloton","article_published_time":"2024-05-21T13:10:15+00:00","article_modified_time":"2024-05-21T13:10:17+00:00","og_image":[{"width":1200,"height":674,"url":"https:\/\/dicodusport.fr\/blog\/wp-content\/uploads\/2024\/05\/Tour-dItalie-2024-Parcours-et-profil-de-la-16eme-etape-du-Giro.png","type":"image\/png"}],"author":"Emilien Descampiaux","twitter_card":"summary_large_image","twitter_title":"Tour d'Italie 2024 : Parcours et profil de la 16\u00e8me \u00e9tape du Giro","twitter_creator":"@https:\/\/twitter.com\/LRoisDuPeloton","twitter_site":"@dicodusport","schema":{"@context":"https:\/\/schema.org","@graph":[{"@type":"NewsArticle","@id":"https:\/\/dicodusport.fr\/blog\/tour-ditalie-2024-parcours-et-profil-de-la-16eme-etape-du-giro\/#article","isPartOf":{"@id":"https:\/\/dicodusport.fr\/blog\/tour-ditalie-2024-parcours-et-profil-de-la-16eme-etape-du-giro\/"},"author":{"name":"Emilien Descampiaux","@id":"https:\/\/dicodusport.fr\/blog\/#\/schema\/person\/6db4bae06b171592211be385b32876a7"},"headline":"Tour d&rsquo;Italie 2024 : Parcours et profil de la 16\u00e8me \u00e9tape du Giro","datePublished":"2024-05-21T13:10:15+00:00","dateModified":"2024-05-21T13:10:17+00:00","mainEntityOfPage":{"@id":"https:\/\/dicodusport.fr\/blog\/tour-ditalie-2024-parcours-et-profil-de-la-16eme-etape-du-giro\/"},"wordCount":315,"commentCount":0,"publisher":{"@id":"https:\/\/dicodusport.fr\/blog\/#organization"},"image":{"@id":"https:\/\/dicodusport.fr\/blog\/tour-ditalie-2024-parcours-et-profil-de-la-16eme-etape-du-giro\/#primaryimage"},"thumbnailUrl":"https:\/\/dicodusport.fr\/blog\/wp-content\/uploads\/2024\/05\/Tour-dItalie-2024-Parcours-et-profil-de-la-16eme-etape-du-Giro.png","keywords":["br\u00e8ve","Cyclisme","Tour d'Italie"],"articleSection":["Tour d'Italie"],"inLanguage":"fr-FR","potentialAction":[{"@type":"CommentAction","name":"Comment","target":["https:\/\/dicodusport.fr\/blog\/tour-ditalie-2024-parcours-et-profil-de-la-16eme-etape-du-giro\/#respond"]}],"copyrightYear":"2024","copyrightHolder":{"@id":"https:\/\/dicodusport.fr\/blog\/#organization"}},{"@type":"WebPage","@id":"https:\/\/dicodusport.fr\/blog\/tour-ditalie-2024-parcours-et-profil-de-la-16eme-etape-du-giro\/","url":"https:\/\/dicodusport.fr\/blog\/tour-ditalie-2024-parcours-et-profil-de-la-16eme-etape-du-giro\/","name":"Tour d'Italie 2024 : Parcours et profil de la 16\u00e8me \u00e9tape du Giro","isPartOf":{"@id":"https:\/\/dicodusport.fr\/blog\/#website"},"primaryImageOfPage":{"@id":"https:\/\/dicodusport.fr\/blog\/tour-ditalie-2024-parcours-et-profil-de-la-16eme-etape-du-giro\/#primaryimage"},"image":{"@id":"https:\/\/dicodusport.fr\/blog\/tour-ditalie-2024-parcours-et-profil-de-la-16eme-etape-du-giro\/#primaryimage"},"thumbnailUrl":"https:\/\/dicodusport.fr\/blog\/wp-content\/uploads\/2024\/05\/Tour-dItalie-2024-Parcours-et-profil-de-la-16eme-etape-du-Giro.png","datePublished":"2024-05-21T13:10:15+00:00","dateModified":"2024-05-21T13:10:17+00:00","description":"TOUR D'ITALIE 2024 - Retrouvez le parcours et le profil de la 16\u00e8me \u00e9tape du Giro entre Livigno et Santa Cristina Valgardena (Monte Pana) (206 km).","breadcrumb":{"@id":"https:\/\/dicodusport.fr\/blog\/tour-ditalie-2024-parcours-et-profil-de-la-16eme-etape-du-giro\/#breadcrumb"},"inLanguage":"fr-FR","potentialAction":[{"@type":"ReadAction","target":["https:\/\/dicodusport.fr\/blog\/tour-ditalie-2024-parcours-et-profil-de-la-16eme-etape-du-giro\/"]}]},{"@type":"ImageObject","inLanguage":"fr-FR","@id":"https:\/\/dicodusport.fr\/blog\/tour-ditalie-2024-parcours-et-profil-de-la-16eme-etape-du-giro\/#primaryimage","url":"https:\/\/dicodusport.fr\/blog\/wp-content\/uploads\/2024\/05\/Tour-dItalie-2024-Parcours-et-profil-de-la-16eme-etape-du-Giro.png","contentUrl":"https:\/\/dicodusport.fr\/blog\/wp-content\/uploads\/2024\/05\/Tour-dItalie-2024-Parcours-et-profil-de-la-16eme-etape-du-Giro.png","width":1200,"height":674,"caption":"Tour d'Italie 2024 Parcours et profil de la 16\u00e8me \u00e9tape du Giro"},{"@type":"BreadcrumbList","@id":"https:\/\/dicodusport.fr\/blog\/tour-ditalie-2024-parcours-et-profil-de-la-16eme-etape-du-giro\/#breadcrumb","itemListElement":[{"@type":"ListItem","position":1,"name":"Accueil","item":"https:\/\/dicodusport.fr\/blog\/"},{"@type":"ListItem","position":2,"name":"Tour d&rsquo;Italie 2024 : Parcours et profil de la 16\u00e8me \u00e9tape du Giro"}]},{"@type":"WebSite","@id":"https:\/\/dicodusport.fr\/blog\/#website","url":"https:\/\/dicodusport.fr\/blog\/","name":"Dicodusport","description":"L&#039;encyclop\u00e9die de l&#039;actualit\u00e9 sportive","publisher":{"@id":"https:\/\/dicodusport.fr\/blog\/#organization"},"potentialAction":[{"@type":"SearchAction","target":{"@type":"EntryPoint","urlTemplate":"https:\/\/dicodusport.fr\/blog\/?s={search_term_string}"},"query-input":{"@type":"PropertyValueSpecification","valueRequired":true,"valueName":"search_term_string"}}],"inLanguage":"fr-FR"},{"@type":"NewsMediaOrganization","@id":"https:\/\/dicodusport.fr\/blog\/#organization","name":"Dicodusport","url":"https:\/\/dicodusport.fr\/blog\/","logo":{"@type":"ImageObject","inLanguage":"fr-FR","@id":"https:\/\/dicodusport.fr\/blog\/#\/schema\/logo\/image\/","url":"https:\/\/dicodusport.fr\/blog\/wp-content\/uploads\/2020\/06\/cropped-LOGO-DICODUSPORT-2020-SANS-FOND-SANS-TEXTE.png","contentUrl":"https:\/\/dicodusport.fr\/blog\/wp-content\/uploads\/2020\/06\/cropped-LOGO-DICODUSPORT-2020-SANS-FOND-SANS-TEXTE.png","width":512,"height":512,"caption":"Dicodusport"},"image":{"@id":"https:\/\/dicodusport.fr\/blog\/#\/schema\/logo\/image\/"},"sameAs":["https:\/\/www.facebook.com\/dicodusport","https:\/\/x.com\/dicodusport","https:\/\/www.instagram.com\/dicodusport\/","https:\/\/www.youtube.com\/channel\/UC7V2KZ5sd3htJivAbA4ZG3w"],"description":"Dicodusport est l'encyclop\u00e9die de l'actualit\u00e9 sportive.","email":"bonjour@dicodusport.fr","legalName":"DICODUSPORT","foundingDate":"2018-01-14","vatID":"FR71834470973","taxID":"83447097300043","numberOfEmployees":{"@type":"QuantitativeValue","minValue":"1","maxValue":"10"}},{"@type":"Person","@id":"https:\/\/dicodusport.fr\/blog\/#\/schema\/person\/6db4bae06b171592211be385b32876a7","name":"Emilien Descampiaux","image":{"@type":"ImageObject","inLanguage":"fr-FR","@id":"https:\/\/dicodusport.fr\/blog\/#\/schema\/person\/image\/","url":"https:\/\/dicodusport.fr\/blog\/wp-content\/uploads\/2021\/05\/Emilien-Descampiaux-150x150.jpg","contentUrl":"https:\/\/dicodusport.fr\/blog\/wp-content\/uploads\/2021\/05\/Emilien-Descampiaux-150x150.jpg","caption":"Emilien Descampiaux"},"description":"Journaliste\/r\u00e9dacteur depuis 2014 - Fan de la classe de Frank Vandenbroucke, je vis cyclisme (et de ses paysages) depuis plus de 20 ans. Je suis tr\u00e8s impliqu\u00e9 sur mes diff\u00e9rents r\u00e9seaux sociaux pour partager ma passion sur le monde et l'Histoire de la bicyclette avec ma voix sur les images en noir et blanc du succ\u00e8s de Rik Van Steenbergen lors du Ronde sur le V\u00e9lodrome de Gand.","sameAs":["https:\/\/www.facebook.com\/groups\/LesRoisDuPeloton","https:\/\/x.com\/https:\/\/twitter.com\/LRoisDuPeloton"],"url":"https:\/\/dicodusport.fr\/blog\/author\/emiliend\/"}]}},"_links":{"self":[{"href":"https:\/\/dicodusport.fr\/blog\/wp-json\/wp\/v2\/posts\/438726","targetHints":{"allow":["GET"]}}],"collection":[{"href":"https:\/\/dicodusport.fr\/blog\/wp-json\/wp\/v2\/posts"}],"about":[{"href":"https:\/\/dicodusport.fr\/blog\/wp-json\/wp\/v2\/types\/post"}],"author":[{"embeddable":true,"href":"https:\/\/dicodusport.fr\/blog\/wp-json\/wp\/v2\/users\/48"}],"replies":[{"embeddable":true,"href":"https:\/\/dicodusport.fr\/blog\/wp-json\/wp\/v2\/comments?post=438726"}],"version-history":[{"count":5,"href":"https:\/\/dicodusport.fr\/blog\/wp-json\/wp\/v2\/posts\/438726\/revisions"}],"predecessor-version":[{"id":486979,"href":"https:\/\/dicodusport.fr\/blog\/wp-json\/wp\/v2\/posts\/438726\/revisions\/486979"}],"wp:featuredmedia":[{"embeddable":true,"href":"https:\/\/dicodusport.fr\/blog\/wp-json\/wp\/v2\/media\/486823"}],"wp:attachment":[{"href":"https:\/\/dicodusport.fr\/blog\/wp-json\/wp\/v2\/media?parent=438726"}],"wp:term":[{"taxonomy":"category","embeddable":true,"href":"https:\/\/dicodusport.fr\/blog\/wp-json\/wp\/v2\/categories?post=438726"},{"taxonomy":"post_tag","embeddable":true,"href":"https:\/\/dicodusport.fr\/blog\/wp-json\/wp\/v2\/tags?post=438726"}],"curies":[{"name":"wp","href":"https:\/\/api.w.org\/{rel}","templated":true}]}}