{"id":438842,"date":"2023-11-21T09:01:12","date_gmt":"2023-11-21T08:01:12","guid":{"rendered":"https:\/\/dicodusport.fr\/blog\/?p=438842&#038;preview=true&#038;preview_id=438842"},"modified":"2023-11-21T09:15:24","modified_gmt":"2023-11-21T08:15:24","slug":"equipe-de-france-la-composition-probable-des-bleus-pour-affronter-la-grece","status":"publish","type":"post","link":"https:\/\/dicodusport.fr\/blog\/equipe-de-france-la-composition-probable-des-bleus-pour-affronter-la-grece\/","title":{"rendered":"\u00c9quipe de France : La composition probable des Bleus pour affronter la Gr\u00e8ce"},"content":{"rendered":"<p style=\"text-align: justify;\" align=\"justify\"><em><b>FOOTBALL &#8211; Selon L&rsquo;\u00c9quipe, Didier Deschamps va \u00e9voluer en 4-3-3, mais avec une \u00e9quipe tr\u00e8s remani\u00e9e face \u00e0 la Gr\u00e8ce.<br \/>\n<\/b><\/em><\/p>\n<p align=\"justify\">L&rsquo;<strong>\u00e9quipe de France<\/strong> est qualifi\u00e9e pour l&rsquo;<strong>Euro<\/strong> et m\u00eame assur\u00e9e d&rsquo;\u00eatre t\u00eate de s\u00e9rie pour le tirage au sort. <strong>Didier<\/strong> <strong>Deschamps<\/strong> va donc profiter de ce match face \u00e0 la <strong>Gr\u00e8ce<\/strong> pour faire tourner, m\u00eame s&rsquo;il a exprim\u00e9 son envie que les Bleus terminent la phase de qualifications avec 100% de victoires. <strong>Brice<\/strong> <strong>Samba<\/strong> sera titulaire dans les buts \u00e0 la place de <strong>Mike<\/strong> <strong>Maignan<\/strong>.<\/p>\n<ul>\n<li style=\"text-align: justify;\"><strong>\u00c0 lire aussi &#8211; <a href=\"https:\/\/dicodusport.fr\/blog\/grece-france-heure-du-match-et-chaine-tv\/\" target=\"_blank\" rel=\"noopener\">Gr\u00e8ce \u2013 France : Heure du match et Cha\u00eene TV<\/a><\/strong><\/li>\n<\/ul>\n<h2 style=\"text-align: justify;\">Kound\u00e9 de retour<\/h2>\n<p align=\"justify\">Toute la d\u00e9fense va \u00eatre chang\u00e9e par rapport \u00e0 <a href=\"https:\/\/dicodusport.fr\/blog\/qualifications-euro-2024-les-bleus-s-amusent-face-a-gibraltar\/\">la balade face \u00e0 Gibraltar (14-0)<\/a>. <strong>Jules<\/strong> <strong>Kound\u00e9<\/strong> sera dans le couloir droit avec <strong>Lucas<\/strong> <strong>Hernandez<\/strong>, qui remplace son fr\u00e8re, de l&rsquo;autre c\u00f4t\u00e9. En d\u00e9fense centrale, <strong>William<\/strong> <strong>Saliba<\/strong> et <strong>Axel<\/strong> <strong>Disasi<\/strong> seront align\u00e9s. Un seul changement au milieu de terrain puisque <strong>Youssouf<\/strong> <strong>Fofana<\/strong> devrait d\u00e9buter avec <strong>Adrien Rabiot<\/strong> et <strong>Antoine Griezmann<\/strong> qui sera capitaine, si <strong>Kylian Mbapp\u00e9<\/strong> est bien rempla\u00e7ant.<\/p>\n<p align=\"justify\"><strong>Olivier<\/strong> <strong>Giroud<\/strong>, double buteur face \u00e0 Gibraltar, sera en pointe \u00e0 la place de <strong>Marcus<\/strong> <strong>Thuram<\/strong>. <strong>Ousmane<\/strong> <strong>Demb\u00e9l\u00e9<\/strong> sera, lui aussi, align\u00e9 alors que Kingsley Coman lui avait \u00e9t\u00e9 pr\u00e9f\u00e9r\u00e9 samedi. Le seul doute est pour l&rsquo;autre couloir. <strong>Randal<\/strong> <strong>Kolo<\/strong> <strong>Muani<\/strong> tient la corde, mais<strong> Kylian Mbapp\u00e9<\/strong> pourrait vouloir tenir sa place alors que le staff pensait le faire souffler.<\/p>\n<h2 style=\"text-align: justify;\" align=\"justify\">La composition probable des Bleus pour affronter la Gr\u00e8ce<\/h2>\n<p style=\"text-align: justify;\">Samba &#8211; Kound\u00e9, Disasi, Saliba, Lucas Hern\u00e1ndez &#8211; Fofana, Rabiot, Griezmann &#8211; Kolo Muani (ou Mbapp\u00e9), Giroud, Demb\u00e9l\u00e9.<\/p>\n<p>&nbsp;<\/p>\n","protected":false},"excerpt":{"rendered":"<p>FOOTBALL &#8211; Selon L&rsquo;\u00c9quipe, Didier Deschamps va \u00e9voluer en 4-3-3 mais avec une \u00e9quipe tr\u00e8s remani\u00e9e face \u00e0 la Gr\u00e8ce.<\/p>\n","protected":false},"author":1,"featured_media":438849,"comment_status":"open","ping_status":"closed","sticky":false,"template":"","format":"standard","meta":{"_acf_changed":false,"_daextam_enable_autolinks":"1","footnotes":""},"categories":[47044,2301],"tags":[16878,7276,6966,75,30,1783],"class_list":["post-438842","post","type-post","status-publish","format-standard","has-post-thumbnail","hentry","category-euro-de-football","category-football","tag-breve","tag-composition-france","tag-equipe-de-france-de-football","tag-football","tag-france","tag-grece"],"acf":[],"yoast_head":"<!-- This site is optimized with the Yoast SEO Premium plugin v26.7 (Yoast SEO v26.7) - https:\/\/yoast.com\/wordpress\/plugins\/seo\/ -->\n<title>\u00c9quipe de France : La composition probable des Bleus pour affronter la Gr\u00e8ce<\/title>\n<meta name=\"description\" content=\"FOOTBALL - Selon L&#039;\u00c9quipe, Didier Deschamps va \u00e9voluer en 4-3-3 mais avec une \u00e9quipe tr\u00e8s remani\u00e9e face \u00e0 la Gr\u00e8ce.\" \/>\n<meta name=\"robots\" content=\"index, follow, max-snippet:-1, max-image-preview:large, max-video-preview:-1\" \/>\n<link rel=\"canonical\" href=\"https:\/\/dicodusport.fr\/blog\/equipe-de-france-la-composition-probable-des-bleus-pour-affronter-la-grece\/\" \/>\n<meta property=\"og:locale\" content=\"fr_FR\" \/>\n<meta property=\"og:type\" content=\"article\" \/>\n<meta property=\"og:title\" content=\"\u00c9quipe de France : La composition probable des Bleus pour affronter la Gr\u00e8ce\" \/>\n<meta property=\"og:description\" content=\"FOOTBALL - Selon L&#039;\u00c9quipe, Didier Deschamps va \u00e9voluer en 4-3-3 mais avec une \u00e9quipe tr\u00e8s remani\u00e9e face \u00e0 la Gr\u00e8ce.\" \/>\n<meta property=\"og:url\" content=\"https:\/\/dicodusport.fr\/blog\/equipe-de-france-la-composition-probable-des-bleus-pour-affronter-la-grece\/\" \/>\n<meta property=\"og:site_name\" content=\"Dicodusport\" \/>\n<meta property=\"article:publisher\" content=\"https:\/\/www.facebook.com\/dicodusport\" \/>\n<meta property=\"article:author\" content=\"https:\/\/www.facebook.com\/dicodusport\" \/>\n<meta property=\"article:published_time\" content=\"2023-11-21T08:01:12+00:00\" \/>\n<meta property=\"article:modified_time\" content=\"2023-11-21T08:15:24+00:00\" \/>\n<meta property=\"og:image\" content=\"https:\/\/dicodusport.fr\/blog\/wp-content\/uploads\/2023\/11\/Equipe-de-France-La-composition-probable-des-Bleus-pour-affronter-la-Grece.png\" \/>\n\t<meta property=\"og:image:width\" content=\"800\" \/>\n\t<meta property=\"og:image:height\" content=\"445\" \/>\n\t<meta property=\"og:image:type\" content=\"image\/png\" \/>\n<meta name=\"author\" content=\"Nicolas Jacquemard\" \/>\n<meta name=\"twitter:card\" content=\"summary_large_image\" \/>\n<meta name=\"twitter:title\" content=\"\u00c9quipe de France : La composition probable des Bleus pour affronter la Gr\u00e8ce\" \/>\n<meta name=\"twitter:creator\" content=\"@https:\/\/twitter.com\/Nico_Jacquemard\" \/>\n<meta name=\"twitter:site\" content=\"@dicodusport\" \/>\n<script type=\"application\/ld+json\" class=\"yoast-schema-graph\">{\"@context\":\"https:\/\/schema.org\",\"@graph\":[{\"@type\":\"NewsArticle\",\"@id\":\"https:\/\/dicodusport.fr\/blog\/equipe-de-france-la-composition-probable-des-bleus-pour-affronter-la-grece\/#article\",\"isPartOf\":{\"@id\":\"https:\/\/dicodusport.fr\/blog\/equipe-de-france-la-composition-probable-des-bleus-pour-affronter-la-grece\/\"},\"author\":{\"name\":\"Nicolas Jacquemard\",\"@id\":\"https:\/\/dicodusport.fr\/blog\/#\/schema\/person\/55dcb50ad410894e431ed812bbb70191\"},\"headline\":\"\u00c9quipe de France : La composition probable des Bleus pour affronter la Gr\u00e8ce\",\"datePublished\":\"2023-11-21T08:01:12+00:00\",\"dateModified\":\"2023-11-21T08:15:24+00:00\",\"mainEntityOfPage\":{\"@id\":\"https:\/\/dicodusport.fr\/blog\/equipe-de-france-la-composition-probable-des-bleus-pour-affronter-la-grece\/\"},\"wordCount\":295,\"commentCount\":0,\"publisher\":{\"@id\":\"https:\/\/dicodusport.fr\/blog\/#organization\"},\"image\":{\"@id\":\"https:\/\/dicodusport.fr\/blog\/equipe-de-france-la-composition-probable-des-bleus-pour-affronter-la-grece\/#primaryimage\"},\"thumbnailUrl\":\"https:\/\/dicodusport.fr\/blog\/wp-content\/uploads\/2023\/11\/Equipe-de-France-La-composition-probable-des-Bleus-pour-affronter-la-Grece.png\",\"keywords\":[\"br\u00e8ve\",\"Composition France\",\"Equipe de France de football\",\"Football\",\"France\",\"grece\"],\"articleSection\":[\"Euro de football\",\"Football\"],\"inLanguage\":\"fr-FR\",\"potentialAction\":[{\"@type\":\"CommentAction\",\"name\":\"Comment\",\"target\":[\"https:\/\/dicodusport.fr\/blog\/equipe-de-france-la-composition-probable-des-bleus-pour-affronter-la-grece\/#respond\"]}],\"copyrightYear\":\"2023\",\"copyrightHolder\":{\"@id\":\"https:\/\/dicodusport.fr\/blog\/#organization\"}},{\"@type\":\"WebPage\",\"@id\":\"https:\/\/dicodusport.fr\/blog\/equipe-de-france-la-composition-probable-des-bleus-pour-affronter-la-grece\/\",\"url\":\"https:\/\/dicodusport.fr\/blog\/equipe-de-france-la-composition-probable-des-bleus-pour-affronter-la-grece\/\",\"name\":\"\u00c9quipe de France : La composition probable des Bleus pour affronter la Gr\u00e8ce\",\"isPartOf\":{\"@id\":\"https:\/\/dicodusport.fr\/blog\/#website\"},\"primaryImageOfPage\":{\"@id\":\"https:\/\/dicodusport.fr\/blog\/equipe-de-france-la-composition-probable-des-bleus-pour-affronter-la-grece\/#primaryimage\"},\"image\":{\"@id\":\"https:\/\/dicodusport.fr\/blog\/equipe-de-france-la-composition-probable-des-bleus-pour-affronter-la-grece\/#primaryimage\"},\"thumbnailUrl\":\"https:\/\/dicodusport.fr\/blog\/wp-content\/uploads\/2023\/11\/Equipe-de-France-La-composition-probable-des-Bleus-pour-affronter-la-Grece.png\",\"datePublished\":\"2023-11-21T08:01:12+00:00\",\"dateModified\":\"2023-11-21T08:15:24+00:00\",\"description\":\"FOOTBALL - Selon L'\u00c9quipe, Didier Deschamps va \u00e9voluer en 4-3-3 mais avec une \u00e9quipe tr\u00e8s remani\u00e9e face \u00e0 la Gr\u00e8ce.\",\"breadcrumb\":{\"@id\":\"https:\/\/dicodusport.fr\/blog\/equipe-de-france-la-composition-probable-des-bleus-pour-affronter-la-grece\/#breadcrumb\"},\"inLanguage\":\"fr-FR\",\"potentialAction\":[{\"@type\":\"ReadAction\",\"target\":[\"https:\/\/dicodusport.fr\/blog\/equipe-de-france-la-composition-probable-des-bleus-pour-affronter-la-grece\/\"]}]},{\"@type\":\"ImageObject\",\"inLanguage\":\"fr-FR\",\"@id\":\"https:\/\/dicodusport.fr\/blog\/equipe-de-france-la-composition-probable-des-bleus-pour-affronter-la-grece\/#primaryimage\",\"url\":\"https:\/\/dicodusport.fr\/blog\/wp-content\/uploads\/2023\/11\/Equipe-de-France-La-composition-probable-des-Bleus-pour-affronter-la-Grece.png\",\"contentUrl\":\"https:\/\/dicodusport.fr\/blog\/wp-content\/uploads\/2023\/11\/Equipe-de-France-La-composition-probable-des-Bleus-pour-affronter-la-Grece.png\",\"width\":800,\"height\":445,\"caption\":\"\u00c9quipe de France La composition probable des Bleus pour affronter la Gr\u00e8ce\"},{\"@type\":\"BreadcrumbList\",\"@id\":\"https:\/\/dicodusport.fr\/blog\/equipe-de-france-la-composition-probable-des-bleus-pour-affronter-la-grece\/#breadcrumb\",\"itemListElement\":[{\"@type\":\"ListItem\",\"position\":1,\"name\":\"Accueil\",\"item\":\"https:\/\/dicodusport.fr\/blog\/\"},{\"@type\":\"ListItem\",\"position\":2,\"name\":\"\u00c9quipe de France : La composition probable des Bleus pour affronter la Gr\u00e8ce\"}]},{\"@type\":\"WebSite\",\"@id\":\"https:\/\/dicodusport.fr\/blog\/#website\",\"url\":\"https:\/\/dicodusport.fr\/blog\/\",\"name\":\"Dicodusport\",\"description\":\"L&#039;encyclop\u00e9die de l&#039;actualit\u00e9 sportive\",\"publisher\":{\"@id\":\"https:\/\/dicodusport.fr\/blog\/#organization\"},\"potentialAction\":[{\"@type\":\"SearchAction\",\"target\":{\"@type\":\"EntryPoint\",\"urlTemplate\":\"https:\/\/dicodusport.fr\/blog\/?s={search_term_string}\"},\"query-input\":{\"@type\":\"PropertyValueSpecification\",\"valueRequired\":true,\"valueName\":\"search_term_string\"}}],\"inLanguage\":\"fr-FR\"},{\"@type\":\"NewsMediaOrganization\",\"@id\":\"https:\/\/dicodusport.fr\/blog\/#organization\",\"name\":\"Dicodusport\",\"url\":\"https:\/\/dicodusport.fr\/blog\/\",\"logo\":{\"@type\":\"ImageObject\",\"inLanguage\":\"fr-FR\",\"@id\":\"https:\/\/dicodusport.fr\/blog\/#\/schema\/logo\/image\/\",\"url\":\"https:\/\/dicodusport.fr\/blog\/wp-content\/uploads\/2020\/06\/cropped-LOGO-DICODUSPORT-2020-SANS-FOND-SANS-TEXTE.png\",\"contentUrl\":\"https:\/\/dicodusport.fr\/blog\/wp-content\/uploads\/2020\/06\/cropped-LOGO-DICODUSPORT-2020-SANS-FOND-SANS-TEXTE.png\",\"width\":512,\"height\":512,\"caption\":\"Dicodusport\"},\"image\":{\"@id\":\"https:\/\/dicodusport.fr\/blog\/#\/schema\/logo\/image\/\"},\"sameAs\":[\"https:\/\/www.facebook.com\/dicodusport\",\"https:\/\/x.com\/dicodusport\",\"https:\/\/www.instagram.com\/dicodusport\/\",\"https:\/\/www.youtube.com\/channel\/UC7V2KZ5sd3htJivAbA4ZG3w\"],\"description\":\"Dicodusport est l'encyclop\u00e9die de l'actualit\u00e9 sportive.\",\"email\":\"bonjour@dicodusport.fr\",\"legalName\":\"DICODUSPORT\",\"foundingDate\":\"2018-01-14\",\"vatID\":\"FR71834470973\",\"taxID\":\"83447097300043\",\"numberOfEmployees\":{\"@type\":\"QuantitativeValue\",\"minValue\":\"1\",\"maxValue\":\"10\"}},{\"@type\":\"Person\",\"@id\":\"https:\/\/dicodusport.fr\/blog\/#\/schema\/person\/55dcb50ad410894e431ed812bbb70191\",\"name\":\"Nicolas Jacquemard\",\"image\":{\"@type\":\"ImageObject\",\"inLanguage\":\"fr-FR\",\"@id\":\"https:\/\/dicodusport.fr\/blog\/#\/schema\/person\/image\/\",\"url\":\"https:\/\/dicodusport.fr\/blog\/wp-content\/uploads\/2021\/05\/Nicolas-Jacquemard-150x150.jpeg\",\"contentUrl\":\"https:\/\/dicodusport.fr\/blog\/wp-content\/uploads\/2021\/05\/Nicolas-Jacquemard-150x150.jpeg\",\"caption\":\"Nicolas Jacquemard\"},\"description\":\"Passionn\u00e9 de sport et entrepreneur depuis mes 18 ans, la cr\u00e9ation de Dicodusport m'a sembl\u00e9 \u00e9vidente pour participer \u00e0 la m\u00e9diatisation d'un plus grand nombre de sports. Le chemin est long mais avec une \u00e9quipe des plus motiv\u00e9es et les Jeux Olympiques de Paris 2024 en point de mire, nous y arriverons ! Journaliste dans le monde du sport depuis plus de 5 ans, je traite aussi bien de football, de rugby, de biathlon que de cyclisme.\",\"sameAs\":[\"https:\/\/www.facebook.com\/dicodusport\",\"https:\/\/x.com\/https:\/\/twitter.com\/Nico_Jacquemard\"],\"url\":\"https:\/\/dicodusport.fr\/blog\/author\/dicodusport\/\"}]}<\/script>\n<!-- \/ Yoast SEO Premium plugin. -->","yoast_head_json":{"title":"\u00c9quipe de France : La composition probable des Bleus pour affronter la Gr\u00e8ce","description":"FOOTBALL - Selon L'\u00c9quipe, Didier Deschamps va \u00e9voluer en 4-3-3 mais avec une \u00e9quipe tr\u00e8s remani\u00e9e face \u00e0 la Gr\u00e8ce.","robots":{"index":"index","follow":"follow","max-snippet":"max-snippet:-1","max-image-preview":"max-image-preview:large","max-video-preview":"max-video-preview:-1"},"canonical":"https:\/\/dicodusport.fr\/blog\/equipe-de-france-la-composition-probable-des-bleus-pour-affronter-la-grece\/","og_locale":"fr_FR","og_type":"article","og_title":"\u00c9quipe de France : La composition probable des Bleus pour affronter la Gr\u00e8ce","og_description":"FOOTBALL - Selon L'\u00c9quipe, Didier Deschamps va \u00e9voluer en 4-3-3 mais avec une \u00e9quipe tr\u00e8s remani\u00e9e face \u00e0 la Gr\u00e8ce.","og_url":"https:\/\/dicodusport.fr\/blog\/equipe-de-france-la-composition-probable-des-bleus-pour-affronter-la-grece\/","og_site_name":"Dicodusport","article_publisher":"https:\/\/www.facebook.com\/dicodusport","article_author":"https:\/\/www.facebook.com\/dicodusport","article_published_time":"2023-11-21T08:01:12+00:00","article_modified_time":"2023-11-21T08:15:24+00:00","og_image":[{"width":800,"height":445,"url":"https:\/\/dicodusport.fr\/blog\/wp-content\/uploads\/2023\/11\/Equipe-de-France-La-composition-probable-des-Bleus-pour-affronter-la-Grece.png","type":"image\/png"}],"author":"Nicolas Jacquemard","twitter_card":"summary_large_image","twitter_title":"\u00c9quipe de France : La composition probable des Bleus pour affronter la Gr\u00e8ce","twitter_creator":"@https:\/\/twitter.com\/Nico_Jacquemard","twitter_site":"@dicodusport","schema":{"@context":"https:\/\/schema.org","@graph":[{"@type":"NewsArticle","@id":"https:\/\/dicodusport.fr\/blog\/equipe-de-france-la-composition-probable-des-bleus-pour-affronter-la-grece\/#article","isPartOf":{"@id":"https:\/\/dicodusport.fr\/blog\/equipe-de-france-la-composition-probable-des-bleus-pour-affronter-la-grece\/"},"author":{"name":"Nicolas Jacquemard","@id":"https:\/\/dicodusport.fr\/blog\/#\/schema\/person\/55dcb50ad410894e431ed812bbb70191"},"headline":"\u00c9quipe de France : La composition probable des Bleus pour affronter la Gr\u00e8ce","datePublished":"2023-11-21T08:01:12+00:00","dateModified":"2023-11-21T08:15:24+00:00","mainEntityOfPage":{"@id":"https:\/\/dicodusport.fr\/blog\/equipe-de-france-la-composition-probable-des-bleus-pour-affronter-la-grece\/"},"wordCount":295,"commentCount":0,"publisher":{"@id":"https:\/\/dicodusport.fr\/blog\/#organization"},"image":{"@id":"https:\/\/dicodusport.fr\/blog\/equipe-de-france-la-composition-probable-des-bleus-pour-affronter-la-grece\/#primaryimage"},"thumbnailUrl":"https:\/\/dicodusport.fr\/blog\/wp-content\/uploads\/2023\/11\/Equipe-de-France-La-composition-probable-des-Bleus-pour-affronter-la-Grece.png","keywords":["br\u00e8ve","Composition France","Equipe de France de football","Football","France","grece"],"articleSection":["Euro de football","Football"],"inLanguage":"fr-FR","potentialAction":[{"@type":"CommentAction","name":"Comment","target":["https:\/\/dicodusport.fr\/blog\/equipe-de-france-la-composition-probable-des-bleus-pour-affronter-la-grece\/#respond"]}],"copyrightYear":"2023","copyrightHolder":{"@id":"https:\/\/dicodusport.fr\/blog\/#organization"}},{"@type":"WebPage","@id":"https:\/\/dicodusport.fr\/blog\/equipe-de-france-la-composition-probable-des-bleus-pour-affronter-la-grece\/","url":"https:\/\/dicodusport.fr\/blog\/equipe-de-france-la-composition-probable-des-bleus-pour-affronter-la-grece\/","name":"\u00c9quipe de France : La composition probable des Bleus pour affronter la Gr\u00e8ce","isPartOf":{"@id":"https:\/\/dicodusport.fr\/blog\/#website"},"primaryImageOfPage":{"@id":"https:\/\/dicodusport.fr\/blog\/equipe-de-france-la-composition-probable-des-bleus-pour-affronter-la-grece\/#primaryimage"},"image":{"@id":"https:\/\/dicodusport.fr\/blog\/equipe-de-france-la-composition-probable-des-bleus-pour-affronter-la-grece\/#primaryimage"},"thumbnailUrl":"https:\/\/dicodusport.fr\/blog\/wp-content\/uploads\/2023\/11\/Equipe-de-France-La-composition-probable-des-Bleus-pour-affronter-la-Grece.png","datePublished":"2023-11-21T08:01:12+00:00","dateModified":"2023-11-21T08:15:24+00:00","description":"FOOTBALL - Selon L'\u00c9quipe, Didier Deschamps va \u00e9voluer en 4-3-3 mais avec une \u00e9quipe tr\u00e8s remani\u00e9e face \u00e0 la Gr\u00e8ce.","breadcrumb":{"@id":"https:\/\/dicodusport.fr\/blog\/equipe-de-france-la-composition-probable-des-bleus-pour-affronter-la-grece\/#breadcrumb"},"inLanguage":"fr-FR","potentialAction":[{"@type":"ReadAction","target":["https:\/\/dicodusport.fr\/blog\/equipe-de-france-la-composition-probable-des-bleus-pour-affronter-la-grece\/"]}]},{"@type":"ImageObject","inLanguage":"fr-FR","@id":"https:\/\/dicodusport.fr\/blog\/equipe-de-france-la-composition-probable-des-bleus-pour-affronter-la-grece\/#primaryimage","url":"https:\/\/dicodusport.fr\/blog\/wp-content\/uploads\/2023\/11\/Equipe-de-France-La-composition-probable-des-Bleus-pour-affronter-la-Grece.png","contentUrl":"https:\/\/dicodusport.fr\/blog\/wp-content\/uploads\/2023\/11\/Equipe-de-France-La-composition-probable-des-Bleus-pour-affronter-la-Grece.png","width":800,"height":445,"caption":"\u00c9quipe de France La composition probable des Bleus pour affronter la Gr\u00e8ce"},{"@type":"BreadcrumbList","@id":"https:\/\/dicodusport.fr\/blog\/equipe-de-france-la-composition-probable-des-bleus-pour-affronter-la-grece\/#breadcrumb","itemListElement":[{"@type":"ListItem","position":1,"name":"Accueil","item":"https:\/\/dicodusport.fr\/blog\/"},{"@type":"ListItem","position":2,"name":"\u00c9quipe de France : La composition probable des Bleus pour affronter la Gr\u00e8ce"}]},{"@type":"WebSite","@id":"https:\/\/dicodusport.fr\/blog\/#website","url":"https:\/\/dicodusport.fr\/blog\/","name":"Dicodusport","description":"L&#039;encyclop\u00e9die de l&#039;actualit\u00e9 sportive","publisher":{"@id":"https:\/\/dicodusport.fr\/blog\/#organization"},"potentialAction":[{"@type":"SearchAction","target":{"@type":"EntryPoint","urlTemplate":"https:\/\/dicodusport.fr\/blog\/?s={search_term_string}"},"query-input":{"@type":"PropertyValueSpecification","valueRequired":true,"valueName":"search_term_string"}}],"inLanguage":"fr-FR"},{"@type":"NewsMediaOrganization","@id":"https:\/\/dicodusport.fr\/blog\/#organization","name":"Dicodusport","url":"https:\/\/dicodusport.fr\/blog\/","logo":{"@type":"ImageObject","inLanguage":"fr-FR","@id":"https:\/\/dicodusport.fr\/blog\/#\/schema\/logo\/image\/","url":"https:\/\/dicodusport.fr\/blog\/wp-content\/uploads\/2020\/06\/cropped-LOGO-DICODUSPORT-2020-SANS-FOND-SANS-TEXTE.png","contentUrl":"https:\/\/dicodusport.fr\/blog\/wp-content\/uploads\/2020\/06\/cropped-LOGO-DICODUSPORT-2020-SANS-FOND-SANS-TEXTE.png","width":512,"height":512,"caption":"Dicodusport"},"image":{"@id":"https:\/\/dicodusport.fr\/blog\/#\/schema\/logo\/image\/"},"sameAs":["https:\/\/www.facebook.com\/dicodusport","https:\/\/x.com\/dicodusport","https:\/\/www.instagram.com\/dicodusport\/","https:\/\/www.youtube.com\/channel\/UC7V2KZ5sd3htJivAbA4ZG3w"],"description":"Dicodusport est l'encyclop\u00e9die de l'actualit\u00e9 sportive.","email":"bonjour@dicodusport.fr","legalName":"DICODUSPORT","foundingDate":"2018-01-14","vatID":"FR71834470973","taxID":"83447097300043","numberOfEmployees":{"@type":"QuantitativeValue","minValue":"1","maxValue":"10"}},{"@type":"Person","@id":"https:\/\/dicodusport.fr\/blog\/#\/schema\/person\/55dcb50ad410894e431ed812bbb70191","name":"Nicolas Jacquemard","image":{"@type":"ImageObject","inLanguage":"fr-FR","@id":"https:\/\/dicodusport.fr\/blog\/#\/schema\/person\/image\/","url":"https:\/\/dicodusport.fr\/blog\/wp-content\/uploads\/2021\/05\/Nicolas-Jacquemard-150x150.jpeg","contentUrl":"https:\/\/dicodusport.fr\/blog\/wp-content\/uploads\/2021\/05\/Nicolas-Jacquemard-150x150.jpeg","caption":"Nicolas Jacquemard"},"description":"Passionn\u00e9 de sport et entrepreneur depuis mes 18 ans, la cr\u00e9ation de Dicodusport m'a sembl\u00e9 \u00e9vidente pour participer \u00e0 la m\u00e9diatisation d'un plus grand nombre de sports. Le chemin est long mais avec une \u00e9quipe des plus motiv\u00e9es et les Jeux Olympiques de Paris 2024 en point de mire, nous y arriverons ! Journaliste dans le monde du sport depuis plus de 5 ans, je traite aussi bien de football, de rugby, de biathlon que de cyclisme.","sameAs":["https:\/\/www.facebook.com\/dicodusport","https:\/\/x.com\/https:\/\/twitter.com\/Nico_Jacquemard"],"url":"https:\/\/dicodusport.fr\/blog\/author\/dicodusport\/"}]}},"_links":{"self":[{"href":"https:\/\/dicodusport.fr\/blog\/wp-json\/wp\/v2\/posts\/438842","targetHints":{"allow":["GET"]}}],"collection":[{"href":"https:\/\/dicodusport.fr\/blog\/wp-json\/wp\/v2\/posts"}],"about":[{"href":"https:\/\/dicodusport.fr\/blog\/wp-json\/wp\/v2\/types\/post"}],"author":[{"embeddable":true,"href":"https:\/\/dicodusport.fr\/blog\/wp-json\/wp\/v2\/users\/1"}],"replies":[{"embeddable":true,"href":"https:\/\/dicodusport.fr\/blog\/wp-json\/wp\/v2\/comments?post=438842"}],"version-history":[{"count":2,"href":"https:\/\/dicodusport.fr\/blog\/wp-json\/wp\/v2\/posts\/438842\/revisions"}],"predecessor-version":[{"id":438845,"href":"https:\/\/dicodusport.fr\/blog\/wp-json\/wp\/v2\/posts\/438842\/revisions\/438845"}],"wp:featuredmedia":[{"embeddable":true,"href":"https:\/\/dicodusport.fr\/blog\/wp-json\/wp\/v2\/media\/438849"}],"wp:attachment":[{"href":"https:\/\/dicodusport.fr\/blog\/wp-json\/wp\/v2\/media?parent=438842"}],"wp:term":[{"taxonomy":"category","embeddable":true,"href":"https:\/\/dicodusport.fr\/blog\/wp-json\/wp\/v2\/categories?post=438842"},{"taxonomy":"post_tag","embeddable":true,"href":"https:\/\/dicodusport.fr\/blog\/wp-json\/wp\/v2\/tags?post=438842"}],"curies":[{"name":"wp","href":"https:\/\/api.w.org\/{rel}","templated":true}]}}