{"id":438850,"date":"2023-11-21T10:29:01","date_gmt":"2023-11-21T09:29:01","guid":{"rendered":"https:\/\/dicodusport.fr\/blog\/?p=438850&#038;preview=true&#038;preview_id=438850"},"modified":"2023-11-23T14:19:03","modified_gmt":"2023-11-23T13:19:03","slug":"coupe-du-monde-de-biathlon-quattendre-de-lequipe-de-france-feminine","status":"publish","type":"post","link":"https:\/\/dicodusport.fr\/blog\/coupe-du-monde-de-biathlon-quattendre-de-lequipe-de-france-feminine\/","title":{"rendered":"Coupe du monde de biathlon : Qu&rsquo;attendre de l&rsquo;\u00e9quipe de France f\u00e9minine ?"},"content":{"rendered":"<p style=\"text-align: justify;\"><em><b><a href=\"https:\/\/dicodusport.fr\/blog\/coupe-du-monde-de-biathlon-2023-2024-le-calendrier-complet\/\">COUPE DU MONDE DE BIATHLON 2023\/2024<\/a> &#8211; L&rsquo;\u00e9quipe de France f\u00e9minine sort d&rsquo;une saison de grande qualit\u00e9, magnifi\u00e9e par le sacre au g\u00e9n\u00e9ral de Julia Simon. Mais apr\u00e8s les soubresauts en interne, les Bleues pourront-elles encore jouer les premiers r\u00f4les ? Tour d&rsquo;horizon de ce que l&rsquo;on peut attendre des Fran\u00e7aises.<\/b><\/em><\/p>\n<ul>\n<li style=\"text-align: justify;\"><strong>\u00c0 lire aussi \u2013\u00a0<a href=\"https:\/\/dicodusport.fr\/blog\/coupe-du-monde-de-biathlon-2023-2024-le-calendrier-complet\/\">Calendrier complet de la Coupe du monde de biathlon 2023-2024<\/a><\/strong><\/li>\n<\/ul>\n<h2 style=\"text-align: justify;\">Au moins aussi bien que la saison derni\u00e8re<\/h2>\n<p style=\"text-align: justify;\">3 victoires, 4 deuxi\u00e8mes places, 10 troisi\u00e8mes places, sans compter or et bronze aux Mondiaux plus deux victoires en relais : sur le plan comptable, la saison a \u00e9t\u00e9 de qualit\u00e9, avec en point d&rsquo;orgue, bien \u00e9videmment, <a href=\"https:\/\/dicodusport.fr\/blog\/biathlon-oslo-2023-denise-herrmann-remporte-le-sprint-et-le-petit-globe-le-gros-cristal-pour-julia-simon\/\">le sacre au classement g\u00e9n\u00e9ral<\/a> de <strong>Julia Simon<\/strong>, le premier d&rsquo;une Fran\u00e7aise depuis Sandrine Bailly. Une saison r\u00e9ussie, sans nul doute.<\/p>\n<p style=\"text-align: justify;\">Il faudra donc faire a minima aussi bien. Le d\u00e9part \u00e0 la retraite d&rsquo;<strong>Ana\u00efs Chevalier-Bouchet<\/strong> \u00e9tant compens\u00e9 par le retour \u00e0 la comp\u00e9tition de <strong>Justine Braisaz-Bouchet<\/strong>, aucune excuse de ce c\u00f4t\u00e9-l\u00e0. Les espoirs<strong> Lou Jeanmonnot<\/strong> et<strong> Chlo\u00e9 Chevalier<\/strong> ne doivent pas faire moins bien avec une saison compl\u00e8te de Coupe du monde dans les jambes. \u00c0 moins d&rsquo;une quinzaine de podiums, ce sera une d\u00e9ception, sans nul doute.<\/p>\n<ul>\n<li style=\"text-align: justify;\"><strong>\u00c0 lire aussi &#8211; <a href=\"https:\/\/dicodusport.fr\/blog\/coupe-du-monde-de-biathlon-gilonne-guigonnat-une-place-a-se-faire-chez-les-bleues\/\">Coupe du monde de biathlon : Gilonne Guigonnat, une place \u00e0 se faire chez les Bleues<\/a><\/strong><\/li>\n<\/ul>\n<h2 style=\"text-align: justify;\">Des Mondiaux r\u00e9ussis<\/h2>\n<p style=\"text-align: justify;\">Oui, <strong>Julia Simon<\/strong> a \u00e9t\u00e9 sacr\u00e9e championne du monde de la poursuite, et a pris le bronze sur la <em>Mass Start<\/em>. Malgr\u00e9 tout, on en attendait plus de cette formation f\u00e9minine, qui avait d\u00e9barqu\u00e9 \u00e0 Oberhof charg\u00e9e d&rsquo;ambitions, mais qui est repartie avec de nombreux regrets, notamment parce que les Bleues \u00e9taient totalement pass\u00e9es \u00e0 c\u00f4t\u00e9 du relais.<\/p>\n<blockquote class=\"twitter-tweet\">\n<p dir=\"ltr\" lang=\"fr\">D\u00e9ception pour l&rsquo;\u00e9quipe de France, quatri\u00e8me du relais des Mondiaux de biathlon remport\u00e9 par l&rsquo;Italie devant l&rsquo;Allemagne et la Su\u00e8de <a href=\"https:\/\/twitter.com\/hashtag\/ChaletClub?src=hash&amp;ref_src=twsrc%5Etfw\">#ChaletClub<\/a> <a href=\"https:\/\/twitter.com\/hashtag\/Oberhof23?src=hash&amp;ref_src=twsrc%5Etfw\">#Oberhof23<\/a> <a href=\"https:\/\/t.co\/5bvmCjSkty\">https:\/\/t.co\/5bvmCjSkty<\/a> <a href=\"https:\/\/t.co\/lwlMGvXC09\">pic.twitter.com\/lwlMGvXC09<\/a><\/p>\n<p>\u2014 Eurosport France (@Eurosport_FR) <a href=\"https:\/\/twitter.com\/Eurosport_FR\/status\/1626965410636607490?ref_src=twsrc%5Etfw\">February 18, 2023<\/a><\/p><\/blockquote>\n<p style=\"text-align: justify;\"><script async src=\"https:\/\/platform.twitter.com\/widgets.js\" charset=\"utf-8\"><\/script><br \/>\nEmbarrassant apr\u00e8s deux victoires pr\u00e9alables. Cette fois, \u00e0 Nove Mesto, il faudra montrer une capacit\u00e9 r\u00e9elle \u00e0 \u00eatre pr\u00e9sentes aux grands rendez-vous. Avec une championne du monde et une championne olympique dans les rangs, il n&rsquo;y aura pas d&rsquo;excuse en cas d&rsquo;\u00e9checs sur cette comp\u00e9tition. La progression d&rsquo;une athl\u00e8te passe aussi par des m\u00e9dailles, l&rsquo;occasion est toute trouv\u00e9e.<\/p>\n<ul>\n<li style=\"text-align: justify;\"><strong>\u00c0 lire aussi &#8211; <a href=\"https:\/\/dicodusport.fr\/blog\/julia-simon-une-saison-et-1000-questions\/\">Julia Simon, une saison et 1000 questions<\/a><\/strong><\/li>\n<\/ul>\n<h2 style=\"text-align: justify;\">Une \u00e9mulation r\u00e9elle<\/h2>\n<p style=\"text-align: justify;\">Six biathl\u00e8tes composent l&rsquo;\u00e9quipe de France : <strong>Julia Simon, Justine Braisaz-Bouchet, Lou Jeanmonnot, Chlo\u00e9 Chevalier, Sophie Chauveau<\/strong> et <strong>Gilonne Guigonnat<\/strong>. L&rsquo;objectif de conserver la Coupe des Nations, m\u00eame s&rsquo;il est marginal, est une \u00e9vidence. Mais cette densit\u00e9 doit d\u00e9boucher sur un meilleur classement individuel pour chacune.<\/p>\n<ul>\n<li style=\"text-align: justify;\"><strong>\u00c0 lire aussi &#8211; <a href=\"https:\/\/dicodusport.fr\/blog\/lou-jeanmonnot-une-derniere-marche-a-gravir\/\">Lou Jeanmonnot, une derni\u00e8re marche \u00e0 gravir<\/a><\/strong><\/li>\n<\/ul>\n<p style=\"text-align: justify;\">L&rsquo;an pass\u00e9, deux seulement dans le Top 10, trois dans le Top 15, il faut faire nettement mieux. Tout le monde dans le Top 20, c&rsquo;est le minimum syndical. Sans compter que si Julia Simon a gagn\u00e9 deux petits globes la saison pass\u00e9e, certaines devraient peut-\u00eatre prendre cela comme objectif pour ouvrir leur palmar\u00e8s. Mais cette \u00e9mulation d\u00e9pendra sans doute d&rsquo;un autre crit\u00e8re&#8230;<\/p>\n<h2 style=\"text-align: justify;\">Pas de drama, des r\u00e9sultats<\/h2>\n<p style=\"text-align: justify;\">Malheureusement, l&rsquo;actualit\u00e9 de l&rsquo;\u00e9quipe de France de biathlon, c&rsquo;est <a href=\"https:\/\/dicodusport.fr\/blog\/biathlon-julia-simon-placee-en-garde-a-vue\/\">une sombre affaire<\/a> autour de <strong>Julia Simon<\/strong>. Par le jeu m\u00e9diatique, cela a pris de l&rsquo;ampleur et ce n&rsquo;est toujours pas enti\u00e8rement r\u00e9solu \u00e0 ce jour. Et ce \u00ab\u00a0diff\u00e9rend\u00a0\u00bb avec <strong>Justine Braisaz-Bouchet<\/strong> sera forc\u00e9ment remis sur la table au moindre signe de friction, d&rsquo;\u00e9change anormal ou tout simplement de mauvais r\u00e9sultat.<\/p>\n<p style=\"text-align: justify;\">Il va falloir \u00eatre costaud dans la t\u00eate pour les filles de l&rsquo;\u00e9quipe de France. Cette affaire va planer toute la saison au-dessus de leur t\u00eate. La meilleure r\u00e9ponse possible, ce sont des r\u00e9sultats d&rsquo;envergure. Des r\u00e9sultats qui feraient tourner la page de cette histoire, et permettraient de se projeter vers l&rsquo;objectif JO 2026 avec app\u00e9tit pour cette jeune g\u00e9n\u00e9ration naissante port\u00e9e par deux leaders de grand talent qui ont l&rsquo;ambiance de l&rsquo;\u00e9quipe dans leurs mains. Alors, oublions le jeu m\u00e9diatique et rendez-vous sur la piste.<\/p>\n","protected":false},"excerpt":{"rendered":"<p>COUPE DU MONDE DE BIATHLON 2023\/2024 &#8211; L&rsquo;\u00e9quipe de France f\u00e9minine sort d&rsquo;une saison de grande qualit\u00e9, magnifi\u00e9e par le sacre au g\u00e9n\u00e9ral de Julia Simon. Mais apr\u00e8s les soubresauts en interne, les Bleues pourront-elles encore jouer les premiers r\u00f4les ? Tour d&rsquo;horizon de ce que l&rsquo;on peut attendre des Fran\u00e7aises.<\/p>\n","protected":false},"author":59,"featured_media":438864,"comment_status":"open","ping_status":"closed","sticky":false,"template":"","format":"standard","meta":{"_acf_changed":false,"_daextam_enable_autolinks":"1","footnotes":""},"categories":[47040],"tags":[16878,9369,2867,30009,6893,20485,27943,24],"class_list":["post-438850","post","type-post","status-publish","format-standard","has-post-thumbnail","hentry","category-coupe-du-monde-de-biathlon","tag-breve","tag-caroline-colombo","tag-chloe-chevalier","tag-gilonne-guigonnat","tag-julia-simon","tag-justine-braisaz-bouchet","tag-sophie-chauveau","tag-sport"],"acf":[],"yoast_head":"<!-- This site is optimized with the Yoast SEO Premium plugin v26.7 (Yoast SEO v26.7) - https:\/\/yoast.com\/wordpress\/plugins\/seo\/ -->\n<title>Coupe du monde de biathlon : Qu&#039;attendre de l&#039;\u00e9quipe de France f\u00e9minine ?<\/title>\n<meta name=\"description\" content=\"COUPE DU MONDE DE BIATHLON 2023\/2024 - Apr\u00e8s les soubresauts en interne, les Bleues pourront elles encore jouer les premiers r\u00f4les ?\" \/>\n<meta name=\"robots\" content=\"index, follow, max-snippet:-1, max-image-preview:large, max-video-preview:-1\" \/>\n<link rel=\"canonical\" href=\"https:\/\/dicodusport.fr\/blog\/coupe-du-monde-de-biathlon-quattendre-de-lequipe-de-france-feminine\/\" \/>\n<meta property=\"og:locale\" content=\"fr_FR\" \/>\n<meta property=\"og:type\" content=\"article\" \/>\n<meta property=\"og:title\" content=\"Coupe du monde de biathlon : Qu&#039;attendre de l&#039;\u00e9quipe de France f\u00e9minine ?\" \/>\n<meta property=\"og:description\" content=\"COUPE DU MONDE DE BIATHLON 2023\/2024 - Apr\u00e8s les soubresauts en interne, les Bleues pourront elles encore jouer les premiers r\u00f4les ?\" \/>\n<meta property=\"og:url\" content=\"https:\/\/dicodusport.fr\/blog\/coupe-du-monde-de-biathlon-quattendre-de-lequipe-de-france-feminine\/\" \/>\n<meta property=\"og:site_name\" content=\"Dicodusport\" \/>\n<meta property=\"article:publisher\" content=\"https:\/\/www.facebook.com\/dicodusport\" \/>\n<meta property=\"article:author\" content=\"https:\/\/www.facebook.com\/sebastien.gente\/\" \/>\n<meta property=\"article:published_time\" content=\"2023-11-21T09:29:01+00:00\" \/>\n<meta property=\"article:modified_time\" content=\"2023-11-23T13:19:03+00:00\" \/>\n<meta property=\"og:image\" content=\"https:\/\/dicodusport.fr\/blog\/wp-content\/uploads\/2023\/11\/Coupe-du-monde-de-biathlon-Quattendre-de-lequipe-de-France-feminine-.png\" \/>\n\t<meta property=\"og:image:width\" content=\"800\" \/>\n\t<meta property=\"og:image:height\" content=\"445\" \/>\n\t<meta property=\"og:image:type\" content=\"image\/png\" \/>\n<meta name=\"author\" content=\"S\u00e9bastien Gente\" \/>\n<meta name=\"twitter:card\" content=\"summary_large_image\" \/>\n<meta name=\"twitter:title\" content=\"Coupe du monde de biathlon : Qu&#039;attendre de l&#039;\u00e9quipe de France f\u00e9minine ?\" \/>\n<meta name=\"twitter:creator\" content=\"@https:\/\/twitter.com\/globulo24\" \/>\n<meta name=\"twitter:site\" content=\"@dicodusport\" \/>\n<script type=\"application\/ld+json\" class=\"yoast-schema-graph\">{\"@context\":\"https:\/\/schema.org\",\"@graph\":[{\"@type\":\"NewsArticle\",\"@id\":\"https:\/\/dicodusport.fr\/blog\/coupe-du-monde-de-biathlon-quattendre-de-lequipe-de-france-feminine\/#article\",\"isPartOf\":{\"@id\":\"https:\/\/dicodusport.fr\/blog\/coupe-du-monde-de-biathlon-quattendre-de-lequipe-de-france-feminine\/\"},\"author\":{\"name\":\"S\u00e9bastien Gente\",\"@id\":\"https:\/\/dicodusport.fr\/blog\/#\/schema\/person\/627966a6cde45dbd8c5e36ac85d783da\"},\"headline\":\"Coupe du monde de biathlon : Qu&rsquo;attendre de l&rsquo;\u00e9quipe de France f\u00e9minine ?\",\"datePublished\":\"2023-11-21T09:29:01+00:00\",\"dateModified\":\"2023-11-23T13:19:03+00:00\",\"mainEntityOfPage\":{\"@id\":\"https:\/\/dicodusport.fr\/blog\/coupe-du-monde-de-biathlon-quattendre-de-lequipe-de-france-feminine\/\"},\"wordCount\":744,\"commentCount\":0,\"publisher\":{\"@id\":\"https:\/\/dicodusport.fr\/blog\/#organization\"},\"image\":{\"@id\":\"https:\/\/dicodusport.fr\/blog\/coupe-du-monde-de-biathlon-quattendre-de-lequipe-de-france-feminine\/#primaryimage\"},\"thumbnailUrl\":\"https:\/\/dicodusport.fr\/blog\/wp-content\/uploads\/2023\/11\/Coupe-du-monde-de-biathlon-Quattendre-de-lequipe-de-France-feminine-.png\",\"keywords\":[\"br\u00e8ve\",\"Caroline Colombo\",\"Chlo\u00e9 Chevalier\",\"Gilonne Guigonnat\",\"Julia Simon\",\"Justine Braisaz-Bouchet\",\"Sophie Chauveau\",\"sport\"],\"articleSection\":[\"Coupe du monde de biathlon\"],\"inLanguage\":\"fr-FR\",\"potentialAction\":[{\"@type\":\"CommentAction\",\"name\":\"Comment\",\"target\":[\"https:\/\/dicodusport.fr\/blog\/coupe-du-monde-de-biathlon-quattendre-de-lequipe-de-france-feminine\/#respond\"]}],\"copyrightYear\":\"2023\",\"copyrightHolder\":{\"@id\":\"https:\/\/dicodusport.fr\/blog\/#organization\"}},{\"@type\":\"WebPage\",\"@id\":\"https:\/\/dicodusport.fr\/blog\/coupe-du-monde-de-biathlon-quattendre-de-lequipe-de-france-feminine\/\",\"url\":\"https:\/\/dicodusport.fr\/blog\/coupe-du-monde-de-biathlon-quattendre-de-lequipe-de-france-feminine\/\",\"name\":\"Coupe du monde de biathlon : Qu'attendre de l'\u00e9quipe de France f\u00e9minine ?\",\"isPartOf\":{\"@id\":\"https:\/\/dicodusport.fr\/blog\/#website\"},\"primaryImageOfPage\":{\"@id\":\"https:\/\/dicodusport.fr\/blog\/coupe-du-monde-de-biathlon-quattendre-de-lequipe-de-france-feminine\/#primaryimage\"},\"image\":{\"@id\":\"https:\/\/dicodusport.fr\/blog\/coupe-du-monde-de-biathlon-quattendre-de-lequipe-de-france-feminine\/#primaryimage\"},\"thumbnailUrl\":\"https:\/\/dicodusport.fr\/blog\/wp-content\/uploads\/2023\/11\/Coupe-du-monde-de-biathlon-Quattendre-de-lequipe-de-France-feminine-.png\",\"datePublished\":\"2023-11-21T09:29:01+00:00\",\"dateModified\":\"2023-11-23T13:19:03+00:00\",\"description\":\"COUPE DU MONDE DE BIATHLON 2023\/2024 - Apr\u00e8s les soubresauts en interne, les Bleues pourront elles encore jouer les premiers r\u00f4les ?\",\"breadcrumb\":{\"@id\":\"https:\/\/dicodusport.fr\/blog\/coupe-du-monde-de-biathlon-quattendre-de-lequipe-de-france-feminine\/#breadcrumb\"},\"inLanguage\":\"fr-FR\",\"potentialAction\":[{\"@type\":\"ReadAction\",\"target\":[\"https:\/\/dicodusport.fr\/blog\/coupe-du-monde-de-biathlon-quattendre-de-lequipe-de-france-feminine\/\"]}]},{\"@type\":\"ImageObject\",\"inLanguage\":\"fr-FR\",\"@id\":\"https:\/\/dicodusport.fr\/blog\/coupe-du-monde-de-biathlon-quattendre-de-lequipe-de-france-feminine\/#primaryimage\",\"url\":\"https:\/\/dicodusport.fr\/blog\/wp-content\/uploads\/2023\/11\/Coupe-du-monde-de-biathlon-Quattendre-de-lequipe-de-France-feminine-.png\",\"contentUrl\":\"https:\/\/dicodusport.fr\/blog\/wp-content\/uploads\/2023\/11\/Coupe-du-monde-de-biathlon-Quattendre-de-lequipe-de-France-feminine-.png\",\"width\":800,\"height\":445,\"caption\":\"Coupe du monde de biathlon Qu'attendre de l'\u00e9quipe de France f\u00e9minine\"},{\"@type\":\"BreadcrumbList\",\"@id\":\"https:\/\/dicodusport.fr\/blog\/coupe-du-monde-de-biathlon-quattendre-de-lequipe-de-france-feminine\/#breadcrumb\",\"itemListElement\":[{\"@type\":\"ListItem\",\"position\":1,\"name\":\"Accueil\",\"item\":\"https:\/\/dicodusport.fr\/blog\/\"},{\"@type\":\"ListItem\",\"position\":2,\"name\":\"Coupe du monde de biathlon : Qu&rsquo;attendre de l&rsquo;\u00e9quipe de France f\u00e9minine ?\"}]},{\"@type\":\"WebSite\",\"@id\":\"https:\/\/dicodusport.fr\/blog\/#website\",\"url\":\"https:\/\/dicodusport.fr\/blog\/\",\"name\":\"Dicodusport\",\"description\":\"L&#039;encyclop\u00e9die de l&#039;actualit\u00e9 sportive\",\"publisher\":{\"@id\":\"https:\/\/dicodusport.fr\/blog\/#organization\"},\"potentialAction\":[{\"@type\":\"SearchAction\",\"target\":{\"@type\":\"EntryPoint\",\"urlTemplate\":\"https:\/\/dicodusport.fr\/blog\/?s={search_term_string}\"},\"query-input\":{\"@type\":\"PropertyValueSpecification\",\"valueRequired\":true,\"valueName\":\"search_term_string\"}}],\"inLanguage\":\"fr-FR\"},{\"@type\":\"NewsMediaOrganization\",\"@id\":\"https:\/\/dicodusport.fr\/blog\/#organization\",\"name\":\"Dicodusport\",\"url\":\"https:\/\/dicodusport.fr\/blog\/\",\"logo\":{\"@type\":\"ImageObject\",\"inLanguage\":\"fr-FR\",\"@id\":\"https:\/\/dicodusport.fr\/blog\/#\/schema\/logo\/image\/\",\"url\":\"https:\/\/dicodusport.fr\/blog\/wp-content\/uploads\/2020\/06\/cropped-LOGO-DICODUSPORT-2020-SANS-FOND-SANS-TEXTE.png\",\"contentUrl\":\"https:\/\/dicodusport.fr\/blog\/wp-content\/uploads\/2020\/06\/cropped-LOGO-DICODUSPORT-2020-SANS-FOND-SANS-TEXTE.png\",\"width\":512,\"height\":512,\"caption\":\"Dicodusport\"},\"image\":{\"@id\":\"https:\/\/dicodusport.fr\/blog\/#\/schema\/logo\/image\/\"},\"sameAs\":[\"https:\/\/www.facebook.com\/dicodusport\",\"https:\/\/x.com\/dicodusport\",\"https:\/\/www.instagram.com\/dicodusport\/\",\"https:\/\/www.youtube.com\/channel\/UC7V2KZ5sd3htJivAbA4ZG3w\"],\"description\":\"Dicodusport est l'encyclop\u00e9die de l'actualit\u00e9 sportive.\",\"email\":\"bonjour@dicodusport.fr\",\"legalName\":\"DICODUSPORT\",\"foundingDate\":\"2018-01-14\",\"vatID\":\"FR71834470973\",\"taxID\":\"83447097300043\",\"numberOfEmployees\":{\"@type\":\"QuantitativeValue\",\"minValue\":\"1\",\"maxValue\":\"10\"}},{\"@type\":\"Person\",\"@id\":\"https:\/\/dicodusport.fr\/blog\/#\/schema\/person\/627966a6cde45dbd8c5e36ac85d783da\",\"name\":\"S\u00e9bastien Gente\",\"image\":{\"@type\":\"ImageObject\",\"inLanguage\":\"fr-FR\",\"@id\":\"https:\/\/dicodusport.fr\/blog\/#\/schema\/person\/image\/\",\"url\":\"https:\/\/dicodusport.fr\/blog\/wp-content\/uploads\/2021\/09\/1510990_10205810251400683_4124423575079401707_n-150x150.jpg\",\"contentUrl\":\"https:\/\/dicodusport.fr\/blog\/wp-content\/uploads\/2021\/09\/1510990_10205810251400683_4124423575079401707_n-150x150.jpg\",\"caption\":\"S\u00e9bastien Gente\"},\"description\":\"John Stockton, Gianni Bugno, Zinedine Zidane, Steffi Graf, Frode Andresen, St\u00e9phane Stoecklin, Davis Kamoga, Primoz Peterka, Werner Schlager et Aur\u00e9lien Rougerie. Point commun entre ces sportifs? Ils m'ont fait r\u00eaver et ont berc\u00e9 mon adolescence. Je suis un fondu de sports et j'essaie de retranscrire ma passion \u00e0 travers mes articles. Originaire du P\u00e9rigord, ma passion pour les Girondins, les Jaunards et les Jazzmen transpire dans mes \u00e9crits. \u00c0 Dicodusport depuis 2021, je d\u00e9niche les sports m\u00e9connus dans lesquels la France brille, et il y en a !\",\"sameAs\":[\"https:\/\/www.facebook.com\/sebastien.gente\/\",\"https:\/\/www.instagram.com\/sebgente\/\",\"https:\/\/www.linkedin.com\/in\/sbastien-gente-a29583169\/\",\"https:\/\/x.com\/https:\/\/twitter.com\/globulo24\",\"SebastienGente\"],\"worksFor\":\"S\u00e9bastien GENTE\",\"url\":\"https:\/\/dicodusport.fr\/blog\/author\/sebastiengente\/\"}]}<\/script>\n<!-- \/ Yoast SEO Premium plugin. -->","yoast_head_json":{"title":"Coupe du monde de biathlon : Qu'attendre de l'\u00e9quipe de France f\u00e9minine ?","description":"COUPE DU MONDE DE BIATHLON 2023\/2024 - Apr\u00e8s les soubresauts en interne, les Bleues pourront elles encore jouer les premiers r\u00f4les ?","robots":{"index":"index","follow":"follow","max-snippet":"max-snippet:-1","max-image-preview":"max-image-preview:large","max-video-preview":"max-video-preview:-1"},"canonical":"https:\/\/dicodusport.fr\/blog\/coupe-du-monde-de-biathlon-quattendre-de-lequipe-de-france-feminine\/","og_locale":"fr_FR","og_type":"article","og_title":"Coupe du monde de biathlon : Qu'attendre de l'\u00e9quipe de France f\u00e9minine ?","og_description":"COUPE DU MONDE DE BIATHLON 2023\/2024 - Apr\u00e8s les soubresauts en interne, les Bleues pourront elles encore jouer les premiers r\u00f4les ?","og_url":"https:\/\/dicodusport.fr\/blog\/coupe-du-monde-de-biathlon-quattendre-de-lequipe-de-france-feminine\/","og_site_name":"Dicodusport","article_publisher":"https:\/\/www.facebook.com\/dicodusport","article_author":"https:\/\/www.facebook.com\/sebastien.gente\/","article_published_time":"2023-11-21T09:29:01+00:00","article_modified_time":"2023-11-23T13:19:03+00:00","og_image":[{"width":800,"height":445,"url":"https:\/\/dicodusport.fr\/blog\/wp-content\/uploads\/2023\/11\/Coupe-du-monde-de-biathlon-Quattendre-de-lequipe-de-France-feminine-.png","type":"image\/png"}],"author":"S\u00e9bastien Gente","twitter_card":"summary_large_image","twitter_title":"Coupe du monde de biathlon : Qu'attendre de l'\u00e9quipe de France f\u00e9minine ?","twitter_creator":"@https:\/\/twitter.com\/globulo24","twitter_site":"@dicodusport","schema":{"@context":"https:\/\/schema.org","@graph":[{"@type":"NewsArticle","@id":"https:\/\/dicodusport.fr\/blog\/coupe-du-monde-de-biathlon-quattendre-de-lequipe-de-france-feminine\/#article","isPartOf":{"@id":"https:\/\/dicodusport.fr\/blog\/coupe-du-monde-de-biathlon-quattendre-de-lequipe-de-france-feminine\/"},"author":{"name":"S\u00e9bastien Gente","@id":"https:\/\/dicodusport.fr\/blog\/#\/schema\/person\/627966a6cde45dbd8c5e36ac85d783da"},"headline":"Coupe du monde de biathlon : Qu&rsquo;attendre de l&rsquo;\u00e9quipe de France f\u00e9minine ?","datePublished":"2023-11-21T09:29:01+00:00","dateModified":"2023-11-23T13:19:03+00:00","mainEntityOfPage":{"@id":"https:\/\/dicodusport.fr\/blog\/coupe-du-monde-de-biathlon-quattendre-de-lequipe-de-france-feminine\/"},"wordCount":744,"commentCount":0,"publisher":{"@id":"https:\/\/dicodusport.fr\/blog\/#organization"},"image":{"@id":"https:\/\/dicodusport.fr\/blog\/coupe-du-monde-de-biathlon-quattendre-de-lequipe-de-france-feminine\/#primaryimage"},"thumbnailUrl":"https:\/\/dicodusport.fr\/blog\/wp-content\/uploads\/2023\/11\/Coupe-du-monde-de-biathlon-Quattendre-de-lequipe-de-France-feminine-.png","keywords":["br\u00e8ve","Caroline Colombo","Chlo\u00e9 Chevalier","Gilonne Guigonnat","Julia Simon","Justine Braisaz-Bouchet","Sophie Chauveau","sport"],"articleSection":["Coupe du monde de biathlon"],"inLanguage":"fr-FR","potentialAction":[{"@type":"CommentAction","name":"Comment","target":["https:\/\/dicodusport.fr\/blog\/coupe-du-monde-de-biathlon-quattendre-de-lequipe-de-france-feminine\/#respond"]}],"copyrightYear":"2023","copyrightHolder":{"@id":"https:\/\/dicodusport.fr\/blog\/#organization"}},{"@type":"WebPage","@id":"https:\/\/dicodusport.fr\/blog\/coupe-du-monde-de-biathlon-quattendre-de-lequipe-de-france-feminine\/","url":"https:\/\/dicodusport.fr\/blog\/coupe-du-monde-de-biathlon-quattendre-de-lequipe-de-france-feminine\/","name":"Coupe du monde de biathlon : Qu'attendre de l'\u00e9quipe de France f\u00e9minine ?","isPartOf":{"@id":"https:\/\/dicodusport.fr\/blog\/#website"},"primaryImageOfPage":{"@id":"https:\/\/dicodusport.fr\/blog\/coupe-du-monde-de-biathlon-quattendre-de-lequipe-de-france-feminine\/#primaryimage"},"image":{"@id":"https:\/\/dicodusport.fr\/blog\/coupe-du-monde-de-biathlon-quattendre-de-lequipe-de-france-feminine\/#primaryimage"},"thumbnailUrl":"https:\/\/dicodusport.fr\/blog\/wp-content\/uploads\/2023\/11\/Coupe-du-monde-de-biathlon-Quattendre-de-lequipe-de-France-feminine-.png","datePublished":"2023-11-21T09:29:01+00:00","dateModified":"2023-11-23T13:19:03+00:00","description":"COUPE DU MONDE DE BIATHLON 2023\/2024 - Apr\u00e8s les soubresauts en interne, les Bleues pourront elles encore jouer les premiers r\u00f4les ?","breadcrumb":{"@id":"https:\/\/dicodusport.fr\/blog\/coupe-du-monde-de-biathlon-quattendre-de-lequipe-de-france-feminine\/#breadcrumb"},"inLanguage":"fr-FR","potentialAction":[{"@type":"ReadAction","target":["https:\/\/dicodusport.fr\/blog\/coupe-du-monde-de-biathlon-quattendre-de-lequipe-de-france-feminine\/"]}]},{"@type":"ImageObject","inLanguage":"fr-FR","@id":"https:\/\/dicodusport.fr\/blog\/coupe-du-monde-de-biathlon-quattendre-de-lequipe-de-france-feminine\/#primaryimage","url":"https:\/\/dicodusport.fr\/blog\/wp-content\/uploads\/2023\/11\/Coupe-du-monde-de-biathlon-Quattendre-de-lequipe-de-France-feminine-.png","contentUrl":"https:\/\/dicodusport.fr\/blog\/wp-content\/uploads\/2023\/11\/Coupe-du-monde-de-biathlon-Quattendre-de-lequipe-de-France-feminine-.png","width":800,"height":445,"caption":"Coupe du monde de biathlon Qu'attendre de l'\u00e9quipe de France f\u00e9minine"},{"@type":"BreadcrumbList","@id":"https:\/\/dicodusport.fr\/blog\/coupe-du-monde-de-biathlon-quattendre-de-lequipe-de-france-feminine\/#breadcrumb","itemListElement":[{"@type":"ListItem","position":1,"name":"Accueil","item":"https:\/\/dicodusport.fr\/blog\/"},{"@type":"ListItem","position":2,"name":"Coupe du monde de biathlon : Qu&rsquo;attendre de l&rsquo;\u00e9quipe de France f\u00e9minine ?"}]},{"@type":"WebSite","@id":"https:\/\/dicodusport.fr\/blog\/#website","url":"https:\/\/dicodusport.fr\/blog\/","name":"Dicodusport","description":"L&#039;encyclop\u00e9die de l&#039;actualit\u00e9 sportive","publisher":{"@id":"https:\/\/dicodusport.fr\/blog\/#organization"},"potentialAction":[{"@type":"SearchAction","target":{"@type":"EntryPoint","urlTemplate":"https:\/\/dicodusport.fr\/blog\/?s={search_term_string}"},"query-input":{"@type":"PropertyValueSpecification","valueRequired":true,"valueName":"search_term_string"}}],"inLanguage":"fr-FR"},{"@type":"NewsMediaOrganization","@id":"https:\/\/dicodusport.fr\/blog\/#organization","name":"Dicodusport","url":"https:\/\/dicodusport.fr\/blog\/","logo":{"@type":"ImageObject","inLanguage":"fr-FR","@id":"https:\/\/dicodusport.fr\/blog\/#\/schema\/logo\/image\/","url":"https:\/\/dicodusport.fr\/blog\/wp-content\/uploads\/2020\/06\/cropped-LOGO-DICODUSPORT-2020-SANS-FOND-SANS-TEXTE.png","contentUrl":"https:\/\/dicodusport.fr\/blog\/wp-content\/uploads\/2020\/06\/cropped-LOGO-DICODUSPORT-2020-SANS-FOND-SANS-TEXTE.png","width":512,"height":512,"caption":"Dicodusport"},"image":{"@id":"https:\/\/dicodusport.fr\/blog\/#\/schema\/logo\/image\/"},"sameAs":["https:\/\/www.facebook.com\/dicodusport","https:\/\/x.com\/dicodusport","https:\/\/www.instagram.com\/dicodusport\/","https:\/\/www.youtube.com\/channel\/UC7V2KZ5sd3htJivAbA4ZG3w"],"description":"Dicodusport est l'encyclop\u00e9die de l'actualit\u00e9 sportive.","email":"bonjour@dicodusport.fr","legalName":"DICODUSPORT","foundingDate":"2018-01-14","vatID":"FR71834470973","taxID":"83447097300043","numberOfEmployees":{"@type":"QuantitativeValue","minValue":"1","maxValue":"10"}},{"@type":"Person","@id":"https:\/\/dicodusport.fr\/blog\/#\/schema\/person\/627966a6cde45dbd8c5e36ac85d783da","name":"S\u00e9bastien Gente","image":{"@type":"ImageObject","inLanguage":"fr-FR","@id":"https:\/\/dicodusport.fr\/blog\/#\/schema\/person\/image\/","url":"https:\/\/dicodusport.fr\/blog\/wp-content\/uploads\/2021\/09\/1510990_10205810251400683_4124423575079401707_n-150x150.jpg","contentUrl":"https:\/\/dicodusport.fr\/blog\/wp-content\/uploads\/2021\/09\/1510990_10205810251400683_4124423575079401707_n-150x150.jpg","caption":"S\u00e9bastien Gente"},"description":"John Stockton, Gianni Bugno, Zinedine Zidane, Steffi Graf, Frode Andresen, St\u00e9phane Stoecklin, Davis Kamoga, Primoz Peterka, Werner Schlager et Aur\u00e9lien Rougerie. Point commun entre ces sportifs? Ils m'ont fait r\u00eaver et ont berc\u00e9 mon adolescence. Je suis un fondu de sports et j'essaie de retranscrire ma passion \u00e0 travers mes articles. Originaire du P\u00e9rigord, ma passion pour les Girondins, les Jaunards et les Jazzmen transpire dans mes \u00e9crits. \u00c0 Dicodusport depuis 2021, je d\u00e9niche les sports m\u00e9connus dans lesquels la France brille, et il y en a !","sameAs":["https:\/\/www.facebook.com\/sebastien.gente\/","https:\/\/www.instagram.com\/sebgente\/","https:\/\/www.linkedin.com\/in\/sbastien-gente-a29583169\/","https:\/\/x.com\/https:\/\/twitter.com\/globulo24","SebastienGente"],"worksFor":"S\u00e9bastien GENTE","url":"https:\/\/dicodusport.fr\/blog\/author\/sebastiengente\/"}]}},"_links":{"self":[{"href":"https:\/\/dicodusport.fr\/blog\/wp-json\/wp\/v2\/posts\/438850","targetHints":{"allow":["GET"]}}],"collection":[{"href":"https:\/\/dicodusport.fr\/blog\/wp-json\/wp\/v2\/posts"}],"about":[{"href":"https:\/\/dicodusport.fr\/blog\/wp-json\/wp\/v2\/types\/post"}],"author":[{"embeddable":true,"href":"https:\/\/dicodusport.fr\/blog\/wp-json\/wp\/v2\/users\/59"}],"replies":[{"embeddable":true,"href":"https:\/\/dicodusport.fr\/blog\/wp-json\/wp\/v2\/comments?post=438850"}],"version-history":[{"count":5,"href":"https:\/\/dicodusport.fr\/blog\/wp-json\/wp\/v2\/posts\/438850\/revisions"}],"predecessor-version":[{"id":439197,"href":"https:\/\/dicodusport.fr\/blog\/wp-json\/wp\/v2\/posts\/438850\/revisions\/439197"}],"wp:featuredmedia":[{"embeddable":true,"href":"https:\/\/dicodusport.fr\/blog\/wp-json\/wp\/v2\/media\/438864"}],"wp:attachment":[{"href":"https:\/\/dicodusport.fr\/blog\/wp-json\/wp\/v2\/media?parent=438850"}],"wp:term":[{"taxonomy":"category","embeddable":true,"href":"https:\/\/dicodusport.fr\/blog\/wp-json\/wp\/v2\/categories?post=438850"},{"taxonomy":"post_tag","embeddable":true,"href":"https:\/\/dicodusport.fr\/blog\/wp-json\/wp\/v2\/tags?post=438850"}],"curies":[{"name":"wp","href":"https:\/\/api.w.org\/{rel}","templated":true}]}}