{"id":43887,"date":"2019-07-25T17:13:46","date_gmt":"2019-07-25T15:13:46","guid":{"rendered":"http:\/\/dicodusport.fr\/blog\/?p=43887"},"modified":"2019-07-25T20:42:49","modified_gmt":"2019-07-25T18:42:49","slug":"tour-de-france-2019-nairo-quintana-s-impose-a-valloire-la-bonne-operation-pour-egan-bernal","status":"publish","type":"post","link":"https:\/\/dicodusport.fr\/blog\/tour-de-france-2019-nairo-quintana-s-impose-a-valloire-la-bonne-operation-pour-egan-bernal\/","title":{"rendered":"Tour de France 2019 : Nairo Quintana s&rsquo;impose \u00e0 Valloire, la bonne op\u00e9ration pour Egan Bernal"},"content":{"rendered":"<p style=\"text-align: justify;\"><i><a style=\"font-weight: bold;\" href=\"https:\/\/dicodusport.fr\/blog\/tour-de-france-2019-le-profil-des-etapes\/\" target=\"_blank\" rel=\"noopener\">Tour de France<\/a><b> &#8211; Nairo Quintana (Movistar) a remport\u00e9 la 18\u00e8me \u00e9tape \u00e0 Valloire ce jeudi, en solitaire. Membre de l&rsquo;\u00e9chapp\u00e9e du jour, il s&rsquo;est montr\u00e9 le plus fort dans le Col du Galibier en distan\u00e7ant ses compagnons d&rsquo;\u00e9chapp\u00e9e. Derri\u00e8re, Egan Bernal (Ineos) a r\u00e9alis\u00e9 une tr\u00e8s bonne op\u00e9ration au classement au g\u00e9n\u00e9ral.<br \/>\n<\/b><\/i><\/p>\n<p style=\"text-align: justify;\">Au sein de l&rsquo;\u00e9chapp\u00e9e de 33 hommes, Nairo Quintana <strong>(Movistar)<\/strong> a su tirer son \u00e9pingle du jeu dans les pentes les plus raides de Col du Galibier, \u00e0 25 km de l&rsquo;arriv\u00e9e \u00e0 Valloire. Distanc\u00e9 au g\u00e9n\u00e9ral au d\u00e9part d&rsquo;Embrun ce matin, le Colombien a su se d\u00e9faire de <strong>Romain Bardet <\/strong>(AG2R La Mondiale), <strong>Alexey Lutsenko\u00a0<\/strong>(Astana) et <strong>Michael Woods<\/strong> (EF1). \u00c0 l&rsquo;arriv\u00e9e, le coureur de la Movistar devance <strong>Romain Bardet<\/strong>, qui endosse le maillot de meilleur grimpeur, et <strong>Alexey Lutsenko<\/strong>. C&rsquo;est le troisi\u00e8me succ\u00e8s d&rsquo;\u00e9tape sur les routes du Tour pour Nairo Quintana.<\/p>\n<blockquote class=\"twitter-tweet\">\n<p dir=\"ltr\" lang=\"fr\">Nairo Quintana s&rsquo;impose en costaud !<\/p>\n<p>Le Colombien \u00e9tait le plus fort dans le Galibier. Apr\u00e8s une descente maitris\u00e9e, il s&rsquo;impose \u00e0 Valloire avec 1&rsquo;34\u00a0\u00bb d&rsquo;avance sur Romain Bardet <a href=\"https:\/\/twitter.com\/hashtag\/TDF2019?src=hash&amp;ref_src=twsrc%5Etfw\">#TDF2019<\/a> <a href=\"https:\/\/t.co\/4f4raONCSZ\">pic.twitter.com\/4f4raONCSZ<\/a><\/p>\n<p>\u2014 France tv sport (@francetvsport) <a href=\"https:\/\/twitter.com\/francetvsport\/status\/1154408010749501442?ref_src=twsrc%5Etfw\">July 25, 2019<\/a><\/p><\/blockquote>\n<p><script async src=\"https:\/\/platform.twitter.com\/widgets.js\" charset=\"utf-8\"><\/script><\/p>\n<h1><\/h1>\n<h1 style=\"text-align: justify;\">Bernal le plus fort dans le Galibier, Alaphilippe plie mais ne rompt pas<\/h1>\n<p style=\"text-align: justify;\">Derri\u00e8re, les favoris ont attendu les derniers kilom\u00e8tres du Galibier pour bouger. Et c&rsquo;est bien <strong>Egan Bernal<\/strong> (Ineos), cinqui\u00e8me du g\u00e9n\u00e9ral ce matin, qui a fait la tr\u00e8s bonne op\u00e9ration du jour. Celui qui a d\u00e9marr\u00e9 \u00e0 5 km du sommet a ensuite r\u00e9alis\u00e9 une excellente descente pour reprendre 31 secondes aux autres leaders, dont son co\u00e9quipier <strong>Geraint Thomas<\/strong>. Ce dernier, qui a \u00e9galement attaqu\u00e9 dans les derniers hectom\u00e8tres du Galibier avant d&rsquo;\u00eatre revu par Pinot &amp; co, voit son co\u00e9quipier colombien lui passait devant au g\u00e9n\u00e9ral, pour cinq secondes.<\/p>\n<p style=\"text-align: justify;\">Mais ce jeudi soir, <strong>Julian Alaphilippe<\/strong> (Deceuninck &#8211; Quick-Step) est toujours en jaune avec 1&rsquo;30 d&rsquo;avance sur Bernal, son nouveau dauphin. L&rsquo;Auvergnat, l\u00e2ch\u00e9 sur le haut du Galibier, a r\u00e9ussi \u00e0 rentrer sur le groupe des favoris dans la descente vers Valloire. <strong>Thibaut Pinot<\/strong> (Groupama &#8211; FDJ) perd lui une place au classement g\u00e9n\u00e9ral, au 5\u00e8me rang. Mais le Franc-Comtois, sans \u00eatre transcendant ce jeudi, conserve toutes ses chances. Le suspense reste entier, \u00e0 trois jours de l&rsquo;arriv\u00e9e \u00e0 Paris.<\/p>\n<blockquote class=\"twitter-tweet\">\n<p dir=\"ltr\" lang=\"fr\">Au g\u00e9n\u00e9ral Alaphilippe reste large leader mais les Ineos se replacent \u00e0 deux sur le podium et Quintana fait une grosse remont\u00e9e. <a href=\"https:\/\/twitter.com\/hashtag\/TDF2019?src=hash&amp;ref_src=twsrc%5Etfw\">#TDF2019<\/a> <a href=\"https:\/\/t.co\/48LR4HT4sX\">pic.twitter.com\/48LR4HT4sX<\/a><\/p>\n<p>\u2014 Le Gruppetto (@LeGruppetto) <a href=\"https:\/\/twitter.com\/LeGruppetto\/status\/1154409687976165383?ref_src=twsrc%5Etfw\">July 25, 2019<\/a><\/p><\/blockquote>\n<p><script async src=\"https:\/\/platform.twitter.com\/widgets.js\" charset=\"utf-8\"><\/script><\/p>\n<p style=\"text-align: justify;\"><strong><em>Dicodusport<br \/>\n<a href=\"https:\/\/www.facebook.com\/dicodusport\/\" target=\"_blank\" rel=\"noopener\"><img loading=\"lazy\" decoding=\"async\" class=\"alignnone wp-image-2909\" src=\"http:\/\/dicodusport.fr\/blog\/wp-content\/uploads\/2017\/07\/logo-facebook-150x150.png\" sizes=\"auto, (max-width: 40px) 100vw, 40px\" srcset=\"https:\/\/dicodusport.fr\/blog\/wp-content\/uploads\/2017\/07\/logo-facebook-150x150.png 150w, https:\/\/dicodusport.fr\/blog\/wp-content\/uploads\/2017\/07\/logo-facebook-300x300.png 300w, https:\/\/dicodusport.fr\/blog\/wp-content\/uploads\/2017\/07\/logo-facebook.png 400w\" alt=\"\" width=\"40\" height=\"40\" \/><\/a><a href=\"https:\/\/twitter.com\/dicodusport\" target=\"_blank\" rel=\"noopener\"><img loading=\"lazy\" decoding=\"async\" class=\"alignnone wp-image-2908\" src=\"http:\/\/dicodusport.fr\/blog\/wp-content\/uploads\/2017\/07\/logo-twitter-150x150.png\" alt=\"\" width=\"39\" height=\"39\" \/><\/a><\/em><\/strong><\/p>\n","protected":false},"excerpt":{"rendered":"<p>Tour de France &#8211; Nairo Quintana (Movistar) a remport\u00e9 la 18\u00e8me \u00e9tape \u00e0 Valloire ce jeudi, en solitaire. Membre de l&rsquo;\u00e9chapp\u00e9e du jour, il s&rsquo;est montr\u00e9 le plus fort dans le Col du Galibier en distan\u00e7ant ses compagnons d&rsquo;\u00e9chapp\u00e9e.<\/p>\n","protected":false},"author":4,"featured_media":43899,"comment_status":"open","ping_status":"closed","sticky":false,"template":"","format":"standard","meta":{"_acf_changed":false,"_daextam_enable_autolinks":"","footnotes":""},"categories":[2307,46995],"tags":[574,24,1262],"class_list":["post-43887","post","type-post","status-publish","format-standard","has-post-thumbnail","hentry","category-cyclisme","category-tour-de-france","tag-cyclisme","tag-sport","tag-tour-de-france"],"acf":[],"yoast_head":"<!-- This site is optimized with the Yoast SEO Premium plugin v26.7 (Yoast SEO v26.7) - https:\/\/yoast.com\/wordpress\/plugins\/seo\/ -->\n<title>Tour de France 2019 : Nairo Quintana s&#039;impose \u00e0 Valloire, la bonne op\u00e9ration pour Egan Bernal<\/title>\n<meta name=\"description\" content=\"Tour de France 2019 - Le Colombien Nairo Quintana (Movistar) a remport\u00e9 la 18\u00e8me \u00e9tape \u00e0 Valloire ce jeudi, en solitaire.\" \/>\n<meta name=\"robots\" content=\"index, follow, max-snippet:-1, max-image-preview:large, max-video-preview:-1\" \/>\n<link rel=\"canonical\" href=\"https:\/\/dicodusport.fr\/blog\/tour-de-france-2019-nairo-quintana-s-impose-a-valloire-la-bonne-operation-pour-egan-bernal\/\" \/>\n<meta property=\"og:locale\" content=\"fr_FR\" \/>\n<meta property=\"og:type\" content=\"article\" \/>\n<meta property=\"og:title\" content=\"Tour de France : Nairo Quintana s&#039;impose \u00e0 Valloire, la bonne op\u00e9ration pour Egan Bernal\" \/>\n<meta property=\"og:description\" content=\"Tour de France 2019 - Le Colombien Nairo Quintana (Movistar) a remport\u00e9 la 18\u00e8me \u00e9tape \u00e0 Valloire ce jeudi, en solitaire.\" \/>\n<meta property=\"og:url\" content=\"https:\/\/dicodusport.fr\/blog\/tour-de-france-2019-nairo-quintana-s-impose-a-valloire-la-bonne-operation-pour-egan-bernal\/\" \/>\n<meta property=\"og:site_name\" content=\"Dicodusport\" \/>\n<meta property=\"article:publisher\" content=\"https:\/\/www.facebook.com\/dicodusport\" \/>\n<meta property=\"article:author\" content=\"https:\/\/www.facebook.com\/florent.ostermann\" \/>\n<meta property=\"article:published_time\" content=\"2019-07-25T15:13:46+00:00\" \/>\n<meta property=\"article:modified_time\" content=\"2019-07-25T18:42:49+00:00\" \/>\n<meta property=\"og:image\" content=\"https:\/\/dicodusport.fr\/blog\/wp-content\/uploads\/2019\/07\/Nairo-Quintana-Valloire.png\" \/>\n\t<meta property=\"og:image:width\" content=\"800\" \/>\n\t<meta property=\"og:image:height\" content=\"445\" \/>\n\t<meta property=\"og:image:type\" content=\"image\/png\" \/>\n<meta name=\"author\" content=\"Flo Ostermann\" \/>\n<meta name=\"twitter:card\" content=\"summary_large_image\" \/>\n<meta name=\"twitter:title\" content=\"Tour de France : Nairo Quintana s&#039;impose \u00e0 Valloire, la bonne op\u00e9ration pour Egan Bernal\" \/>\n<meta name=\"twitter:creator\" content=\"@https:\/\/twitter.com\/FlOstermann\" \/>\n<meta name=\"twitter:site\" content=\"@dicodusport\" \/>\n<script type=\"application\/ld+json\" class=\"yoast-schema-graph\">{\"@context\":\"https:\/\/schema.org\",\"@graph\":[{\"@type\":\"NewsArticle\",\"@id\":\"https:\/\/dicodusport.fr\/blog\/tour-de-france-2019-nairo-quintana-s-impose-a-valloire-la-bonne-operation-pour-egan-bernal\/#article\",\"isPartOf\":{\"@id\":\"https:\/\/dicodusport.fr\/blog\/tour-de-france-2019-nairo-quintana-s-impose-a-valloire-la-bonne-operation-pour-egan-bernal\/\"},\"author\":{\"name\":\"Flo Ostermann\",\"@id\":\"https:\/\/dicodusport.fr\/blog\/#\/schema\/person\/cb02af4c173ce4a653b55e9baf388d4a\"},\"headline\":\"Tour de France 2019 : Nairo Quintana s&rsquo;impose \u00e0 Valloire, la bonne op\u00e9ration pour Egan Bernal\",\"datePublished\":\"2019-07-25T15:13:46+00:00\",\"dateModified\":\"2019-07-25T18:42:49+00:00\",\"mainEntityOfPage\":{\"@id\":\"https:\/\/dicodusport.fr\/blog\/tour-de-france-2019-nairo-quintana-s-impose-a-valloire-la-bonne-operation-pour-egan-bernal\/\"},\"wordCount\":462,\"commentCount\":0,\"publisher\":{\"@id\":\"https:\/\/dicodusport.fr\/blog\/#organization\"},\"image\":{\"@id\":\"https:\/\/dicodusport.fr\/blog\/tour-de-france-2019-nairo-quintana-s-impose-a-valloire-la-bonne-operation-pour-egan-bernal\/#primaryimage\"},\"thumbnailUrl\":\"https:\/\/dicodusport.fr\/blog\/wp-content\/uploads\/2019\/07\/Nairo-Quintana-Valloire.png\",\"keywords\":[\"Cyclisme\",\"sport\",\"Tour de France\"],\"articleSection\":[\"Cyclisme\",\"Tour de France\"],\"inLanguage\":\"fr-FR\",\"potentialAction\":[{\"@type\":\"CommentAction\",\"name\":\"Comment\",\"target\":[\"https:\/\/dicodusport.fr\/blog\/tour-de-france-2019-nairo-quintana-s-impose-a-valloire-la-bonne-operation-pour-egan-bernal\/#respond\"]}],\"copyrightYear\":\"2019\",\"copyrightHolder\":{\"@id\":\"https:\/\/dicodusport.fr\/blog\/#organization\"}},{\"@type\":\"WebPage\",\"@id\":\"https:\/\/dicodusport.fr\/blog\/tour-de-france-2019-nairo-quintana-s-impose-a-valloire-la-bonne-operation-pour-egan-bernal\/\",\"url\":\"https:\/\/dicodusport.fr\/blog\/tour-de-france-2019-nairo-quintana-s-impose-a-valloire-la-bonne-operation-pour-egan-bernal\/\",\"name\":\"Tour de France 2019 : Nairo Quintana s'impose \u00e0 Valloire, la bonne op\u00e9ration pour Egan Bernal\",\"isPartOf\":{\"@id\":\"https:\/\/dicodusport.fr\/blog\/#website\"},\"primaryImageOfPage\":{\"@id\":\"https:\/\/dicodusport.fr\/blog\/tour-de-france-2019-nairo-quintana-s-impose-a-valloire-la-bonne-operation-pour-egan-bernal\/#primaryimage\"},\"image\":{\"@id\":\"https:\/\/dicodusport.fr\/blog\/tour-de-france-2019-nairo-quintana-s-impose-a-valloire-la-bonne-operation-pour-egan-bernal\/#primaryimage\"},\"thumbnailUrl\":\"https:\/\/dicodusport.fr\/blog\/wp-content\/uploads\/2019\/07\/Nairo-Quintana-Valloire.png\",\"datePublished\":\"2019-07-25T15:13:46+00:00\",\"dateModified\":\"2019-07-25T18:42:49+00:00\",\"description\":\"Tour de France 2019 - Le Colombien Nairo Quintana (Movistar) a remport\u00e9 la 18\u00e8me \u00e9tape \u00e0 Valloire ce jeudi, en solitaire.\",\"breadcrumb\":{\"@id\":\"https:\/\/dicodusport.fr\/blog\/tour-de-france-2019-nairo-quintana-s-impose-a-valloire-la-bonne-operation-pour-egan-bernal\/#breadcrumb\"},\"inLanguage\":\"fr-FR\",\"potentialAction\":[{\"@type\":\"ReadAction\",\"target\":[\"https:\/\/dicodusport.fr\/blog\/tour-de-france-2019-nairo-quintana-s-impose-a-valloire-la-bonne-operation-pour-egan-bernal\/\"]}]},{\"@type\":\"ImageObject\",\"inLanguage\":\"fr-FR\",\"@id\":\"https:\/\/dicodusport.fr\/blog\/tour-de-france-2019-nairo-quintana-s-impose-a-valloire-la-bonne-operation-pour-egan-bernal\/#primaryimage\",\"url\":\"https:\/\/dicodusport.fr\/blog\/wp-content\/uploads\/2019\/07\/Nairo-Quintana-Valloire.png\",\"contentUrl\":\"https:\/\/dicodusport.fr\/blog\/wp-content\/uploads\/2019\/07\/Nairo-Quintana-Valloire.png\",\"width\":800,\"height\":445},{\"@type\":\"BreadcrumbList\",\"@id\":\"https:\/\/dicodusport.fr\/blog\/tour-de-france-2019-nairo-quintana-s-impose-a-valloire-la-bonne-operation-pour-egan-bernal\/#breadcrumb\",\"itemListElement\":[{\"@type\":\"ListItem\",\"position\":1,\"name\":\"Accueil\",\"item\":\"https:\/\/dicodusport.fr\/blog\/\"},{\"@type\":\"ListItem\",\"position\":2,\"name\":\"Tour de France 2019 : Nairo Quintana s&rsquo;impose \u00e0 Valloire, la bonne op\u00e9ration pour Egan Bernal\"}]},{\"@type\":\"WebSite\",\"@id\":\"https:\/\/dicodusport.fr\/blog\/#website\",\"url\":\"https:\/\/dicodusport.fr\/blog\/\",\"name\":\"Dicodusport\",\"description\":\"L&#039;encyclop\u00e9die de l&#039;actualit\u00e9 sportive\",\"publisher\":{\"@id\":\"https:\/\/dicodusport.fr\/blog\/#organization\"},\"potentialAction\":[{\"@type\":\"SearchAction\",\"target\":{\"@type\":\"EntryPoint\",\"urlTemplate\":\"https:\/\/dicodusport.fr\/blog\/?s={search_term_string}\"},\"query-input\":{\"@type\":\"PropertyValueSpecification\",\"valueRequired\":true,\"valueName\":\"search_term_string\"}}],\"inLanguage\":\"fr-FR\"},{\"@type\":\"NewsMediaOrganization\",\"@id\":\"https:\/\/dicodusport.fr\/blog\/#organization\",\"name\":\"Dicodusport\",\"url\":\"https:\/\/dicodusport.fr\/blog\/\",\"logo\":{\"@type\":\"ImageObject\",\"inLanguage\":\"fr-FR\",\"@id\":\"https:\/\/dicodusport.fr\/blog\/#\/schema\/logo\/image\/\",\"url\":\"https:\/\/dicodusport.fr\/blog\/wp-content\/uploads\/2020\/06\/cropped-LOGO-DICODUSPORT-2020-SANS-FOND-SANS-TEXTE.png\",\"contentUrl\":\"https:\/\/dicodusport.fr\/blog\/wp-content\/uploads\/2020\/06\/cropped-LOGO-DICODUSPORT-2020-SANS-FOND-SANS-TEXTE.png\",\"width\":512,\"height\":512,\"caption\":\"Dicodusport\"},\"image\":{\"@id\":\"https:\/\/dicodusport.fr\/blog\/#\/schema\/logo\/image\/\"},\"sameAs\":[\"https:\/\/www.facebook.com\/dicodusport\",\"https:\/\/x.com\/dicodusport\",\"https:\/\/www.instagram.com\/dicodusport\/\",\"https:\/\/www.youtube.com\/channel\/UC7V2KZ5sd3htJivAbA4ZG3w\"],\"description\":\"Dicodusport est l'encyclop\u00e9die de l'actualit\u00e9 sportive.\",\"email\":\"bonjour@dicodusport.fr\",\"legalName\":\"DICODUSPORT\",\"foundingDate\":\"2018-01-14\",\"vatID\":\"FR71834470973\",\"taxID\":\"83447097300043\",\"numberOfEmployees\":{\"@type\":\"QuantitativeValue\",\"minValue\":\"1\",\"maxValue\":\"10\"}},{\"@type\":\"Person\",\"@id\":\"https:\/\/dicodusport.fr\/blog\/#\/schema\/person\/cb02af4c173ce4a653b55e9baf388d4a\",\"name\":\"Flo Ostermann\",\"image\":{\"@type\":\"ImageObject\",\"inLanguage\":\"fr-FR\",\"@id\":\"https:\/\/dicodusport.fr\/blog\/#\/schema\/person\/image\/\",\"url\":\"https:\/\/dicodusport.fr\/blog\/wp-content\/uploads\/2021\/05\/Flo-Ostermann-150x150.jpg\",\"contentUrl\":\"https:\/\/dicodusport.fr\/blog\/wp-content\/uploads\/2021\/05\/Flo-Ostermann-150x150.jpg\",\"caption\":\"Flo Ostermann\"},\"description\":\"Journaliste\/R\u00e9dacteur depuis septembre 2015 - Mes premiers souvenirs dans le sport ? Les envol\u00e9es du Stade Toulousain et les duels Villeneuve-Schumacher et H\u00e4kkinen-Schumacher \u00e0 la fin des ann\u00e9es 90, la Coupe du monde de football en 1998, l\u2019exploit du XV de France face aux All Blacks en 1999, mais aussi Richard C\u0153ur de Lion qui vole sur les montagnes du Tour de France. Bien parti pour devenir professeur d\u2019EPS, les \u00e9v\u00e9nements de la vie (et la flemme d\u2019animer des s\u00e9ances de 3x500 m\u00e8tres toute ma vie) m\u2019ont conduit \u00e0 revoir mes plans. Me voil\u00e0 depuis fin 2017 sur Dicodusport, m\u00e9dia gr\u00e2ce (et pour) lequel je partage ma passion : le sport dans tous ses \u00e9tats. Le tout accompagn\u00e9 par les fous furieux et folles furieuses cit\u00e9s sur cette page !\",\"sameAs\":[\"https:\/\/www.facebook.com\/florent.ostermann\",\"https:\/\/x.com\/https:\/\/twitter.com\/FlOstermann\",\"admin\"],\"url\":\"https:\/\/dicodusport.fr\/blog\/author\/flo\/\"}]}<\/script>\n<!-- \/ Yoast SEO Premium plugin. -->","yoast_head_json":{"title":"Tour de France 2019 : Nairo Quintana s'impose \u00e0 Valloire, la bonne op\u00e9ration pour Egan Bernal","description":"Tour de France 2019 - Le Colombien Nairo Quintana (Movistar) a remport\u00e9 la 18\u00e8me \u00e9tape \u00e0 Valloire ce jeudi, en solitaire.","robots":{"index":"index","follow":"follow","max-snippet":"max-snippet:-1","max-image-preview":"max-image-preview:large","max-video-preview":"max-video-preview:-1"},"canonical":"https:\/\/dicodusport.fr\/blog\/tour-de-france-2019-nairo-quintana-s-impose-a-valloire-la-bonne-operation-pour-egan-bernal\/","og_locale":"fr_FR","og_type":"article","og_title":"Tour de France : Nairo Quintana s'impose \u00e0 Valloire, la bonne op\u00e9ration pour Egan Bernal","og_description":"Tour de France 2019 - Le Colombien Nairo Quintana (Movistar) a remport\u00e9 la 18\u00e8me \u00e9tape \u00e0 Valloire ce jeudi, en solitaire.","og_url":"https:\/\/dicodusport.fr\/blog\/tour-de-france-2019-nairo-quintana-s-impose-a-valloire-la-bonne-operation-pour-egan-bernal\/","og_site_name":"Dicodusport","article_publisher":"https:\/\/www.facebook.com\/dicodusport","article_author":"https:\/\/www.facebook.com\/florent.ostermann","article_published_time":"2019-07-25T15:13:46+00:00","article_modified_time":"2019-07-25T18:42:49+00:00","og_image":[{"width":800,"height":445,"url":"https:\/\/dicodusport.fr\/blog\/wp-content\/uploads\/2019\/07\/Nairo-Quintana-Valloire.png","type":"image\/png"}],"author":"Flo Ostermann","twitter_card":"summary_large_image","twitter_title":"Tour de France : Nairo Quintana s'impose \u00e0 Valloire, la bonne op\u00e9ration pour Egan Bernal","twitter_creator":"@https:\/\/twitter.com\/FlOstermann","twitter_site":"@dicodusport","schema":{"@context":"https:\/\/schema.org","@graph":[{"@type":"NewsArticle","@id":"https:\/\/dicodusport.fr\/blog\/tour-de-france-2019-nairo-quintana-s-impose-a-valloire-la-bonne-operation-pour-egan-bernal\/#article","isPartOf":{"@id":"https:\/\/dicodusport.fr\/blog\/tour-de-france-2019-nairo-quintana-s-impose-a-valloire-la-bonne-operation-pour-egan-bernal\/"},"author":{"name":"Flo Ostermann","@id":"https:\/\/dicodusport.fr\/blog\/#\/schema\/person\/cb02af4c173ce4a653b55e9baf388d4a"},"headline":"Tour de France 2019 : Nairo Quintana s&rsquo;impose \u00e0 Valloire, la bonne op\u00e9ration pour Egan Bernal","datePublished":"2019-07-25T15:13:46+00:00","dateModified":"2019-07-25T18:42:49+00:00","mainEntityOfPage":{"@id":"https:\/\/dicodusport.fr\/blog\/tour-de-france-2019-nairo-quintana-s-impose-a-valloire-la-bonne-operation-pour-egan-bernal\/"},"wordCount":462,"commentCount":0,"publisher":{"@id":"https:\/\/dicodusport.fr\/blog\/#organization"},"image":{"@id":"https:\/\/dicodusport.fr\/blog\/tour-de-france-2019-nairo-quintana-s-impose-a-valloire-la-bonne-operation-pour-egan-bernal\/#primaryimage"},"thumbnailUrl":"https:\/\/dicodusport.fr\/blog\/wp-content\/uploads\/2019\/07\/Nairo-Quintana-Valloire.png","keywords":["Cyclisme","sport","Tour de France"],"articleSection":["Cyclisme","Tour de France"],"inLanguage":"fr-FR","potentialAction":[{"@type":"CommentAction","name":"Comment","target":["https:\/\/dicodusport.fr\/blog\/tour-de-france-2019-nairo-quintana-s-impose-a-valloire-la-bonne-operation-pour-egan-bernal\/#respond"]}],"copyrightYear":"2019","copyrightHolder":{"@id":"https:\/\/dicodusport.fr\/blog\/#organization"}},{"@type":"WebPage","@id":"https:\/\/dicodusport.fr\/blog\/tour-de-france-2019-nairo-quintana-s-impose-a-valloire-la-bonne-operation-pour-egan-bernal\/","url":"https:\/\/dicodusport.fr\/blog\/tour-de-france-2019-nairo-quintana-s-impose-a-valloire-la-bonne-operation-pour-egan-bernal\/","name":"Tour de France 2019 : Nairo Quintana s'impose \u00e0 Valloire, la bonne op\u00e9ration pour Egan Bernal","isPartOf":{"@id":"https:\/\/dicodusport.fr\/blog\/#website"},"primaryImageOfPage":{"@id":"https:\/\/dicodusport.fr\/blog\/tour-de-france-2019-nairo-quintana-s-impose-a-valloire-la-bonne-operation-pour-egan-bernal\/#primaryimage"},"image":{"@id":"https:\/\/dicodusport.fr\/blog\/tour-de-france-2019-nairo-quintana-s-impose-a-valloire-la-bonne-operation-pour-egan-bernal\/#primaryimage"},"thumbnailUrl":"https:\/\/dicodusport.fr\/blog\/wp-content\/uploads\/2019\/07\/Nairo-Quintana-Valloire.png","datePublished":"2019-07-25T15:13:46+00:00","dateModified":"2019-07-25T18:42:49+00:00","description":"Tour de France 2019 - Le Colombien Nairo Quintana (Movistar) a remport\u00e9 la 18\u00e8me \u00e9tape \u00e0 Valloire ce jeudi, en solitaire.","breadcrumb":{"@id":"https:\/\/dicodusport.fr\/blog\/tour-de-france-2019-nairo-quintana-s-impose-a-valloire-la-bonne-operation-pour-egan-bernal\/#breadcrumb"},"inLanguage":"fr-FR","potentialAction":[{"@type":"ReadAction","target":["https:\/\/dicodusport.fr\/blog\/tour-de-france-2019-nairo-quintana-s-impose-a-valloire-la-bonne-operation-pour-egan-bernal\/"]}]},{"@type":"ImageObject","inLanguage":"fr-FR","@id":"https:\/\/dicodusport.fr\/blog\/tour-de-france-2019-nairo-quintana-s-impose-a-valloire-la-bonne-operation-pour-egan-bernal\/#primaryimage","url":"https:\/\/dicodusport.fr\/blog\/wp-content\/uploads\/2019\/07\/Nairo-Quintana-Valloire.png","contentUrl":"https:\/\/dicodusport.fr\/blog\/wp-content\/uploads\/2019\/07\/Nairo-Quintana-Valloire.png","width":800,"height":445},{"@type":"BreadcrumbList","@id":"https:\/\/dicodusport.fr\/blog\/tour-de-france-2019-nairo-quintana-s-impose-a-valloire-la-bonne-operation-pour-egan-bernal\/#breadcrumb","itemListElement":[{"@type":"ListItem","position":1,"name":"Accueil","item":"https:\/\/dicodusport.fr\/blog\/"},{"@type":"ListItem","position":2,"name":"Tour de France 2019 : Nairo Quintana s&rsquo;impose \u00e0 Valloire, la bonne op\u00e9ration pour Egan Bernal"}]},{"@type":"WebSite","@id":"https:\/\/dicodusport.fr\/blog\/#website","url":"https:\/\/dicodusport.fr\/blog\/","name":"Dicodusport","description":"L&#039;encyclop\u00e9die de l&#039;actualit\u00e9 sportive","publisher":{"@id":"https:\/\/dicodusport.fr\/blog\/#organization"},"potentialAction":[{"@type":"SearchAction","target":{"@type":"EntryPoint","urlTemplate":"https:\/\/dicodusport.fr\/blog\/?s={search_term_string}"},"query-input":{"@type":"PropertyValueSpecification","valueRequired":true,"valueName":"search_term_string"}}],"inLanguage":"fr-FR"},{"@type":"NewsMediaOrganization","@id":"https:\/\/dicodusport.fr\/blog\/#organization","name":"Dicodusport","url":"https:\/\/dicodusport.fr\/blog\/","logo":{"@type":"ImageObject","inLanguage":"fr-FR","@id":"https:\/\/dicodusport.fr\/blog\/#\/schema\/logo\/image\/","url":"https:\/\/dicodusport.fr\/blog\/wp-content\/uploads\/2020\/06\/cropped-LOGO-DICODUSPORT-2020-SANS-FOND-SANS-TEXTE.png","contentUrl":"https:\/\/dicodusport.fr\/blog\/wp-content\/uploads\/2020\/06\/cropped-LOGO-DICODUSPORT-2020-SANS-FOND-SANS-TEXTE.png","width":512,"height":512,"caption":"Dicodusport"},"image":{"@id":"https:\/\/dicodusport.fr\/blog\/#\/schema\/logo\/image\/"},"sameAs":["https:\/\/www.facebook.com\/dicodusport","https:\/\/x.com\/dicodusport","https:\/\/www.instagram.com\/dicodusport\/","https:\/\/www.youtube.com\/channel\/UC7V2KZ5sd3htJivAbA4ZG3w"],"description":"Dicodusport est l'encyclop\u00e9die de l'actualit\u00e9 sportive.","email":"bonjour@dicodusport.fr","legalName":"DICODUSPORT","foundingDate":"2018-01-14","vatID":"FR71834470973","taxID":"83447097300043","numberOfEmployees":{"@type":"QuantitativeValue","minValue":"1","maxValue":"10"}},{"@type":"Person","@id":"https:\/\/dicodusport.fr\/blog\/#\/schema\/person\/cb02af4c173ce4a653b55e9baf388d4a","name":"Flo Ostermann","image":{"@type":"ImageObject","inLanguage":"fr-FR","@id":"https:\/\/dicodusport.fr\/blog\/#\/schema\/person\/image\/","url":"https:\/\/dicodusport.fr\/blog\/wp-content\/uploads\/2021\/05\/Flo-Ostermann-150x150.jpg","contentUrl":"https:\/\/dicodusport.fr\/blog\/wp-content\/uploads\/2021\/05\/Flo-Ostermann-150x150.jpg","caption":"Flo Ostermann"},"description":"Journaliste\/R\u00e9dacteur depuis septembre 2015 - Mes premiers souvenirs dans le sport ? Les envol\u00e9es du Stade Toulousain et les duels Villeneuve-Schumacher et H\u00e4kkinen-Schumacher \u00e0 la fin des ann\u00e9es 90, la Coupe du monde de football en 1998, l\u2019exploit du XV de France face aux All Blacks en 1999, mais aussi Richard C\u0153ur de Lion qui vole sur les montagnes du Tour de France. Bien parti pour devenir professeur d\u2019EPS, les \u00e9v\u00e9nements de la vie (et la flemme d\u2019animer des s\u00e9ances de 3x500 m\u00e8tres toute ma vie) m\u2019ont conduit \u00e0 revoir mes plans. Me voil\u00e0 depuis fin 2017 sur Dicodusport, m\u00e9dia gr\u00e2ce (et pour) lequel je partage ma passion : le sport dans tous ses \u00e9tats. Le tout accompagn\u00e9 par les fous furieux et folles furieuses cit\u00e9s sur cette page !","sameAs":["https:\/\/www.facebook.com\/florent.ostermann","https:\/\/x.com\/https:\/\/twitter.com\/FlOstermann","admin"],"url":"https:\/\/dicodusport.fr\/blog\/author\/flo\/"}]}},"_links":{"self":[{"href":"https:\/\/dicodusport.fr\/blog\/wp-json\/wp\/v2\/posts\/43887","targetHints":{"allow":["GET"]}}],"collection":[{"href":"https:\/\/dicodusport.fr\/blog\/wp-json\/wp\/v2\/posts"}],"about":[{"href":"https:\/\/dicodusport.fr\/blog\/wp-json\/wp\/v2\/types\/post"}],"author":[{"embeddable":true,"href":"https:\/\/dicodusport.fr\/blog\/wp-json\/wp\/v2\/users\/4"}],"replies":[{"embeddable":true,"href":"https:\/\/dicodusport.fr\/blog\/wp-json\/wp\/v2\/comments?post=43887"}],"version-history":[{"count":0,"href":"https:\/\/dicodusport.fr\/blog\/wp-json\/wp\/v2\/posts\/43887\/revisions"}],"wp:featuredmedia":[{"embeddable":true,"href":"https:\/\/dicodusport.fr\/blog\/wp-json\/wp\/v2\/media\/43899"}],"wp:attachment":[{"href":"https:\/\/dicodusport.fr\/blog\/wp-json\/wp\/v2\/media?parent=43887"}],"wp:term":[{"taxonomy":"category","embeddable":true,"href":"https:\/\/dicodusport.fr\/blog\/wp-json\/wp\/v2\/categories?post=43887"},{"taxonomy":"post_tag","embeddable":true,"href":"https:\/\/dicodusport.fr\/blog\/wp-json\/wp\/v2\/tags?post=43887"}],"curies":[{"name":"wp","href":"https:\/\/api.w.org\/{rel}","templated":true}]}}