{"id":43890,"date":"2019-07-25T13:54:57","date_gmt":"2019-07-25T11:54:57","guid":{"rendered":"http:\/\/dicodusport.fr\/blog\/?p=43890"},"modified":"2019-07-25T13:54:57","modified_gmt":"2019-07-25T11:54:57","slug":"classement-fifa-la-france-perd-sa-deuxieme-place-lalgerie-fait-un-bond-en-avant","status":"publish","type":"post","link":"https:\/\/dicodusport.fr\/blog\/classement-fifa-la-france-perd-sa-deuxieme-place-lalgerie-fait-un-bond-en-avant\/","title":{"rendered":"Classement FIFA : la France perd sa deuxi\u00e8me place, l&rsquo;Alg\u00e9rie fait un bond en avant"},"content":{"rendered":"<p style=\"text-align: justify;\"><strong><em><a href=\"https:\/\/fr.fifa.com\/fifa-world-ranking\/ranking-table\/men\/\" target=\"_blank\" rel=\"noopener\">Classement FIFA<\/a> &#8211; Vainqueur de la Copa America, le Br\u00e9sil a pris la deuxi\u00e8me place aux Bleus, dans un classement toujours domin\u00e9 par la Belgique. L&rsquo;Alg\u00e9rie, laur\u00e9ate de sa deuxi\u00e8me CAN, gagne quant \u00e0 elle 28 places.<br \/>\n<\/em><\/strong><\/p>\n<p style=\"text-align: justify;\">Les diff\u00e9rentes comp\u00e9titions continentales ont quelque peu chamboul\u00e9 le dernier classement FIFA, diffus\u00e9 ce jeudi. Laur\u00e9at de la Copa America, le Br\u00e9sil s&rsquo;installe \u00e0 la deuxi\u00e8me place, devant la France, tandis que la Belgique domine toujours les d\u00e9bats. 68\u00e8me avant le d\u00e9but de la Coupe d&rsquo;Afrique des Nations, l&rsquo;Alg\u00e9rie a gagn\u00e9 28 places gr\u00e2ce \u00e0 sa victoire, et pointe d\u00e9sormais au 40\u00e8me rang. \u00c0 noter que l&rsquo;Allemagne perd quatre places dans ce classement, \u00e0 la 15\u00e8me place.<\/p>\n<h1 style=\"text-align: justify;\">Le Top 10 du classement FIFA<\/h1>\n<p>1 &#8211; Belgique<\/p>\n<p>2 &#8211; Br\u00e9sil (+1 place)<\/p>\n<p>3 &#8211; France (-1)<\/p>\n<p>4 &#8211; Angleterre<\/p>\n<p>5 &#8211; Uruguay (+3)<\/p>\n<p>6 &#8211; Portugal (-1)<\/p>\n<p>7 &#8211; Croatie (-1)<\/p>\n<p>8 &#8211; Colombie (+5)<\/p>\n<p>9 &#8211; Espagne (-2)<\/p>\n<p>10 &#8211; Argentine (+1)<\/p>\n<p><strong><em>Dicodusport<br \/>\n<a href=\"https:\/\/www.facebook.com\/dicodusport\/\" target=\"_blank\" rel=\"noopener\"><img loading=\"lazy\" decoding=\"async\" class=\"alignnone wp-image-2909\" src=\"http:\/\/dicodusport.fr\/blog\/wp-content\/uploads\/2017\/07\/logo-facebook-150x150.png\" alt=\"\" width=\"40\" height=\"40\" \/><\/a><a href=\"https:\/\/twitter.com\/dicodusport\" target=\"_blank\" rel=\"noopener\"><img loading=\"lazy\" decoding=\"async\" class=\"alignnone wp-image-2908\" src=\"http:\/\/dicodusport.fr\/blog\/wp-content\/uploads\/2017\/07\/logo-twitter-150x150.png\" alt=\"\" width=\"39\" height=\"39\" \/><\/a><\/em><\/strong><\/p>\n","protected":false},"excerpt":{"rendered":"<p>Classement FIFA &#8211; Vainqueur de la Copa America, le Br\u00e9sil a pris la deuxi\u00e8me place aux Bleus, dans un classement toujours domin\u00e9 par la Belgique.<\/p>\n","protected":false},"author":4,"featured_media":35961,"comment_status":"open","ping_status":"closed","sticky":false,"template":"","format":"standard","meta":{"_acf_changed":false,"_daextam_enable_autolinks":"","footnotes":""},"categories":[2301],"tags":[80,75],"class_list":["post-43890","post","type-post","status-publish","format-standard","has-post-thumbnail","hentry","category-football","tag-fifa","tag-football"],"acf":[],"yoast_head":"<!-- This site is optimized with the Yoast SEO Premium plugin v26.7 (Yoast SEO v26.7) - https:\/\/yoast.com\/wordpress\/plugins\/seo\/ -->\n<title>Classement FIFA : la France perd sa deuxi\u00e8me place, l&#039;Alg\u00e9rie fait un bond en avant<\/title>\n<meta name=\"description\" content=\"Classement FIFA - Vainqueur de la Copa America, le Br\u00e9sil a pris la deuxi\u00e8me place aux Bleus, dans un classement toujours domin\u00e9 par la Belgique.\" \/>\n<meta name=\"robots\" content=\"index, follow, max-snippet:-1, max-image-preview:large, max-video-preview:-1\" \/>\n<link rel=\"canonical\" href=\"https:\/\/dicodusport.fr\/blog\/classement-fifa-la-france-perd-sa-deuxieme-place-lalgerie-fait-un-bond-en-avant\/\" \/>\n<meta property=\"og:locale\" content=\"fr_FR\" \/>\n<meta property=\"og:type\" content=\"article\" \/>\n<meta property=\"og:title\" content=\"Classement FIFA : la France perd sa deuxi\u00e8me place, l&#039;Alg\u00e9rie fait un bond en avant\" \/>\n<meta property=\"og:description\" content=\"Classement FIFA - Vainqueur de la Copa America, le Br\u00e9sil a pris la deuxi\u00e8me place aux Bleus, dans un classement toujours domin\u00e9 par la Belgique.\" \/>\n<meta property=\"og:url\" content=\"https:\/\/dicodusport.fr\/blog\/classement-fifa-la-france-perd-sa-deuxieme-place-lalgerie-fait-un-bond-en-avant\/\" \/>\n<meta property=\"og:site_name\" content=\"Dicodusport\" \/>\n<meta property=\"article:publisher\" content=\"https:\/\/www.facebook.com\/dicodusport\" \/>\n<meta property=\"article:author\" content=\"https:\/\/www.facebook.com\/florent.ostermann\" \/>\n<meta property=\"article:published_time\" content=\"2019-07-25T11:54:57+00:00\" \/>\n<meta property=\"og:image\" content=\"https:\/\/dicodusport.fr\/blog\/wp-content\/uploads\/2019\/03\/Notes-Bleus-France-Islande-2019-Euro-2020.png\" \/>\n\t<meta property=\"og:image:width\" content=\"800\" \/>\n\t<meta property=\"og:image:height\" content=\"445\" \/>\n\t<meta property=\"og:image:type\" content=\"image\/png\" \/>\n<meta name=\"author\" content=\"Flo Ostermann\" \/>\n<meta name=\"twitter:card\" content=\"summary_large_image\" \/>\n<meta name=\"twitter:title\" content=\"Classement FIFA : la France perd sa deuxi\u00e8me place, l&#039;Alg\u00e9rie fait un bond en avant\" \/>\n<meta name=\"twitter:creator\" content=\"@https:\/\/twitter.com\/FlOstermann\" \/>\n<meta name=\"twitter:site\" content=\"@dicodusport\" \/>\n<script type=\"application\/ld+json\" class=\"yoast-schema-graph\">{\"@context\":\"https:\/\/schema.org\",\"@graph\":[{\"@type\":\"NewsArticle\",\"@id\":\"https:\/\/dicodusport.fr\/blog\/classement-fifa-la-france-perd-sa-deuxieme-place-lalgerie-fait-un-bond-en-avant\/#article\",\"isPartOf\":{\"@id\":\"https:\/\/dicodusport.fr\/blog\/classement-fifa-la-france-perd-sa-deuxieme-place-lalgerie-fait-un-bond-en-avant\/\"},\"author\":{\"name\":\"Flo Ostermann\",\"@id\":\"https:\/\/dicodusport.fr\/blog\/#\/schema\/person\/cb02af4c173ce4a653b55e9baf388d4a\"},\"headline\":\"Classement FIFA : la France perd sa deuxi\u00e8me place, l&rsquo;Alg\u00e9rie fait un bond en avant\",\"datePublished\":\"2019-07-25T11:54:57+00:00\",\"mainEntityOfPage\":{\"@id\":\"https:\/\/dicodusport.fr\/blog\/classement-fifa-la-france-perd-sa-deuxieme-place-lalgerie-fait-un-bond-en-avant\/\"},\"wordCount\":176,\"commentCount\":0,\"publisher\":{\"@id\":\"https:\/\/dicodusport.fr\/blog\/#organization\"},\"image\":{\"@id\":\"https:\/\/dicodusport.fr\/blog\/classement-fifa-la-france-perd-sa-deuxieme-place-lalgerie-fait-un-bond-en-avant\/#primaryimage\"},\"thumbnailUrl\":\"https:\/\/dicodusport.fr\/blog\/wp-content\/uploads\/2019\/03\/Notes-Bleus-France-Islande-2019-Euro-2020.png\",\"keywords\":[\"fifa\",\"Football\"],\"articleSection\":[\"Football\"],\"inLanguage\":\"fr-FR\",\"potentialAction\":[{\"@type\":\"CommentAction\",\"name\":\"Comment\",\"target\":[\"https:\/\/dicodusport.fr\/blog\/classement-fifa-la-france-perd-sa-deuxieme-place-lalgerie-fait-un-bond-en-avant\/#respond\"]}],\"copyrightYear\":\"2019\",\"copyrightHolder\":{\"@id\":\"https:\/\/dicodusport.fr\/blog\/#organization\"}},{\"@type\":\"WebPage\",\"@id\":\"https:\/\/dicodusport.fr\/blog\/classement-fifa-la-france-perd-sa-deuxieme-place-lalgerie-fait-un-bond-en-avant\/\",\"url\":\"https:\/\/dicodusport.fr\/blog\/classement-fifa-la-france-perd-sa-deuxieme-place-lalgerie-fait-un-bond-en-avant\/\",\"name\":\"Classement FIFA : la France perd sa deuxi\u00e8me place, l'Alg\u00e9rie fait un bond en avant\",\"isPartOf\":{\"@id\":\"https:\/\/dicodusport.fr\/blog\/#website\"},\"primaryImageOfPage\":{\"@id\":\"https:\/\/dicodusport.fr\/blog\/classement-fifa-la-france-perd-sa-deuxieme-place-lalgerie-fait-un-bond-en-avant\/#primaryimage\"},\"image\":{\"@id\":\"https:\/\/dicodusport.fr\/blog\/classement-fifa-la-france-perd-sa-deuxieme-place-lalgerie-fait-un-bond-en-avant\/#primaryimage\"},\"thumbnailUrl\":\"https:\/\/dicodusport.fr\/blog\/wp-content\/uploads\/2019\/03\/Notes-Bleus-France-Islande-2019-Euro-2020.png\",\"datePublished\":\"2019-07-25T11:54:57+00:00\",\"description\":\"Classement FIFA - Vainqueur de la Copa America, le Br\u00e9sil a pris la deuxi\u00e8me place aux Bleus, dans un classement toujours domin\u00e9 par la Belgique.\",\"breadcrumb\":{\"@id\":\"https:\/\/dicodusport.fr\/blog\/classement-fifa-la-france-perd-sa-deuxieme-place-lalgerie-fait-un-bond-en-avant\/#breadcrumb\"},\"inLanguage\":\"fr-FR\",\"potentialAction\":[{\"@type\":\"ReadAction\",\"target\":[\"https:\/\/dicodusport.fr\/blog\/classement-fifa-la-france-perd-sa-deuxieme-place-lalgerie-fait-un-bond-en-avant\/\"]}]},{\"@type\":\"ImageObject\",\"inLanguage\":\"fr-FR\",\"@id\":\"https:\/\/dicodusport.fr\/blog\/classement-fifa-la-france-perd-sa-deuxieme-place-lalgerie-fait-un-bond-en-avant\/#primaryimage\",\"url\":\"https:\/\/dicodusport.fr\/blog\/wp-content\/uploads\/2019\/03\/Notes-Bleus-France-Islande-2019-Euro-2020.png\",\"contentUrl\":\"https:\/\/dicodusport.fr\/blog\/wp-content\/uploads\/2019\/03\/Notes-Bleus-France-Islande-2019-Euro-2020.png\",\"width\":800,\"height\":445},{\"@type\":\"BreadcrumbList\",\"@id\":\"https:\/\/dicodusport.fr\/blog\/classement-fifa-la-france-perd-sa-deuxieme-place-lalgerie-fait-un-bond-en-avant\/#breadcrumb\",\"itemListElement\":[{\"@type\":\"ListItem\",\"position\":1,\"name\":\"Accueil\",\"item\":\"https:\/\/dicodusport.fr\/blog\/\"},{\"@type\":\"ListItem\",\"position\":2,\"name\":\"Classement FIFA : la France perd sa deuxi\u00e8me place, l&rsquo;Alg\u00e9rie fait un bond en avant\"}]},{\"@type\":\"WebSite\",\"@id\":\"https:\/\/dicodusport.fr\/blog\/#website\",\"url\":\"https:\/\/dicodusport.fr\/blog\/\",\"name\":\"Dicodusport\",\"description\":\"L&#039;encyclop\u00e9die de l&#039;actualit\u00e9 sportive\",\"publisher\":{\"@id\":\"https:\/\/dicodusport.fr\/blog\/#organization\"},\"potentialAction\":[{\"@type\":\"SearchAction\",\"target\":{\"@type\":\"EntryPoint\",\"urlTemplate\":\"https:\/\/dicodusport.fr\/blog\/?s={search_term_string}\"},\"query-input\":{\"@type\":\"PropertyValueSpecification\",\"valueRequired\":true,\"valueName\":\"search_term_string\"}}],\"inLanguage\":\"fr-FR\"},{\"@type\":\"NewsMediaOrganization\",\"@id\":\"https:\/\/dicodusport.fr\/blog\/#organization\",\"name\":\"Dicodusport\",\"url\":\"https:\/\/dicodusport.fr\/blog\/\",\"logo\":{\"@type\":\"ImageObject\",\"inLanguage\":\"fr-FR\",\"@id\":\"https:\/\/dicodusport.fr\/blog\/#\/schema\/logo\/image\/\",\"url\":\"https:\/\/dicodusport.fr\/blog\/wp-content\/uploads\/2020\/06\/cropped-LOGO-DICODUSPORT-2020-SANS-FOND-SANS-TEXTE.png\",\"contentUrl\":\"https:\/\/dicodusport.fr\/blog\/wp-content\/uploads\/2020\/06\/cropped-LOGO-DICODUSPORT-2020-SANS-FOND-SANS-TEXTE.png\",\"width\":512,\"height\":512,\"caption\":\"Dicodusport\"},\"image\":{\"@id\":\"https:\/\/dicodusport.fr\/blog\/#\/schema\/logo\/image\/\"},\"sameAs\":[\"https:\/\/www.facebook.com\/dicodusport\",\"https:\/\/x.com\/dicodusport\",\"https:\/\/www.instagram.com\/dicodusport\/\",\"https:\/\/www.youtube.com\/channel\/UC7V2KZ5sd3htJivAbA4ZG3w\"],\"description\":\"Dicodusport est l'encyclop\u00e9die de l'actualit\u00e9 sportive.\",\"email\":\"bonjour@dicodusport.fr\",\"legalName\":\"DICODUSPORT\",\"foundingDate\":\"2018-01-14\",\"vatID\":\"FR71834470973\",\"taxID\":\"83447097300043\",\"numberOfEmployees\":{\"@type\":\"QuantitativeValue\",\"minValue\":\"1\",\"maxValue\":\"10\"}},{\"@type\":\"Person\",\"@id\":\"https:\/\/dicodusport.fr\/blog\/#\/schema\/person\/cb02af4c173ce4a653b55e9baf388d4a\",\"name\":\"Flo Ostermann\",\"image\":{\"@type\":\"ImageObject\",\"inLanguage\":\"fr-FR\",\"@id\":\"https:\/\/dicodusport.fr\/blog\/#\/schema\/person\/image\/\",\"url\":\"https:\/\/dicodusport.fr\/blog\/wp-content\/uploads\/2021\/05\/Flo-Ostermann-150x150.jpg\",\"contentUrl\":\"https:\/\/dicodusport.fr\/blog\/wp-content\/uploads\/2021\/05\/Flo-Ostermann-150x150.jpg\",\"caption\":\"Flo Ostermann\"},\"description\":\"Journaliste\/R\u00e9dacteur depuis septembre 2015 - Mes premiers souvenirs dans le sport ? Les envol\u00e9es du Stade Toulousain et les duels Villeneuve-Schumacher et H\u00e4kkinen-Schumacher \u00e0 la fin des ann\u00e9es 90, la Coupe du monde de football en 1998, l\u2019exploit du XV de France face aux All Blacks en 1999, mais aussi Richard C\u0153ur de Lion qui vole sur les montagnes du Tour de France. Bien parti pour devenir professeur d\u2019EPS, les \u00e9v\u00e9nements de la vie (et la flemme d\u2019animer des s\u00e9ances de 3x500 m\u00e8tres toute ma vie) m\u2019ont conduit \u00e0 revoir mes plans. Me voil\u00e0 depuis fin 2017 sur Dicodusport, m\u00e9dia gr\u00e2ce (et pour) lequel je partage ma passion : le sport dans tous ses \u00e9tats. Le tout accompagn\u00e9 par les fous furieux et folles furieuses cit\u00e9s sur cette page !\",\"sameAs\":[\"https:\/\/www.facebook.com\/florent.ostermann\",\"https:\/\/x.com\/https:\/\/twitter.com\/FlOstermann\",\"admin\"],\"url\":\"https:\/\/dicodusport.fr\/blog\/author\/flo\/\"}]}<\/script>\n<!-- \/ Yoast SEO Premium plugin. -->","yoast_head_json":{"title":"Classement FIFA : la France perd sa deuxi\u00e8me place, l'Alg\u00e9rie fait un bond en avant","description":"Classement FIFA - Vainqueur de la Copa America, le Br\u00e9sil a pris la deuxi\u00e8me place aux Bleus, dans un classement toujours domin\u00e9 par la Belgique.","robots":{"index":"index","follow":"follow","max-snippet":"max-snippet:-1","max-image-preview":"max-image-preview:large","max-video-preview":"max-video-preview:-1"},"canonical":"https:\/\/dicodusport.fr\/blog\/classement-fifa-la-france-perd-sa-deuxieme-place-lalgerie-fait-un-bond-en-avant\/","og_locale":"fr_FR","og_type":"article","og_title":"Classement FIFA : la France perd sa deuxi\u00e8me place, l'Alg\u00e9rie fait un bond en avant","og_description":"Classement FIFA - Vainqueur de la Copa America, le Br\u00e9sil a pris la deuxi\u00e8me place aux Bleus, dans un classement toujours domin\u00e9 par la Belgique.","og_url":"https:\/\/dicodusport.fr\/blog\/classement-fifa-la-france-perd-sa-deuxieme-place-lalgerie-fait-un-bond-en-avant\/","og_site_name":"Dicodusport","article_publisher":"https:\/\/www.facebook.com\/dicodusport","article_author":"https:\/\/www.facebook.com\/florent.ostermann","article_published_time":"2019-07-25T11:54:57+00:00","og_image":[{"width":800,"height":445,"url":"https:\/\/dicodusport.fr\/blog\/wp-content\/uploads\/2019\/03\/Notes-Bleus-France-Islande-2019-Euro-2020.png","type":"image\/png"}],"author":"Flo Ostermann","twitter_card":"summary_large_image","twitter_title":"Classement FIFA : la France perd sa deuxi\u00e8me place, l'Alg\u00e9rie fait un bond en avant","twitter_creator":"@https:\/\/twitter.com\/FlOstermann","twitter_site":"@dicodusport","schema":{"@context":"https:\/\/schema.org","@graph":[{"@type":"NewsArticle","@id":"https:\/\/dicodusport.fr\/blog\/classement-fifa-la-france-perd-sa-deuxieme-place-lalgerie-fait-un-bond-en-avant\/#article","isPartOf":{"@id":"https:\/\/dicodusport.fr\/blog\/classement-fifa-la-france-perd-sa-deuxieme-place-lalgerie-fait-un-bond-en-avant\/"},"author":{"name":"Flo Ostermann","@id":"https:\/\/dicodusport.fr\/blog\/#\/schema\/person\/cb02af4c173ce4a653b55e9baf388d4a"},"headline":"Classement FIFA : la France perd sa deuxi\u00e8me place, l&rsquo;Alg\u00e9rie fait un bond en avant","datePublished":"2019-07-25T11:54:57+00:00","mainEntityOfPage":{"@id":"https:\/\/dicodusport.fr\/blog\/classement-fifa-la-france-perd-sa-deuxieme-place-lalgerie-fait-un-bond-en-avant\/"},"wordCount":176,"commentCount":0,"publisher":{"@id":"https:\/\/dicodusport.fr\/blog\/#organization"},"image":{"@id":"https:\/\/dicodusport.fr\/blog\/classement-fifa-la-france-perd-sa-deuxieme-place-lalgerie-fait-un-bond-en-avant\/#primaryimage"},"thumbnailUrl":"https:\/\/dicodusport.fr\/blog\/wp-content\/uploads\/2019\/03\/Notes-Bleus-France-Islande-2019-Euro-2020.png","keywords":["fifa","Football"],"articleSection":["Football"],"inLanguage":"fr-FR","potentialAction":[{"@type":"CommentAction","name":"Comment","target":["https:\/\/dicodusport.fr\/blog\/classement-fifa-la-france-perd-sa-deuxieme-place-lalgerie-fait-un-bond-en-avant\/#respond"]}],"copyrightYear":"2019","copyrightHolder":{"@id":"https:\/\/dicodusport.fr\/blog\/#organization"}},{"@type":"WebPage","@id":"https:\/\/dicodusport.fr\/blog\/classement-fifa-la-france-perd-sa-deuxieme-place-lalgerie-fait-un-bond-en-avant\/","url":"https:\/\/dicodusport.fr\/blog\/classement-fifa-la-france-perd-sa-deuxieme-place-lalgerie-fait-un-bond-en-avant\/","name":"Classement FIFA : la France perd sa deuxi\u00e8me place, l'Alg\u00e9rie fait un bond en avant","isPartOf":{"@id":"https:\/\/dicodusport.fr\/blog\/#website"},"primaryImageOfPage":{"@id":"https:\/\/dicodusport.fr\/blog\/classement-fifa-la-france-perd-sa-deuxieme-place-lalgerie-fait-un-bond-en-avant\/#primaryimage"},"image":{"@id":"https:\/\/dicodusport.fr\/blog\/classement-fifa-la-france-perd-sa-deuxieme-place-lalgerie-fait-un-bond-en-avant\/#primaryimage"},"thumbnailUrl":"https:\/\/dicodusport.fr\/blog\/wp-content\/uploads\/2019\/03\/Notes-Bleus-France-Islande-2019-Euro-2020.png","datePublished":"2019-07-25T11:54:57+00:00","description":"Classement FIFA - Vainqueur de la Copa America, le Br\u00e9sil a pris la deuxi\u00e8me place aux Bleus, dans un classement toujours domin\u00e9 par la Belgique.","breadcrumb":{"@id":"https:\/\/dicodusport.fr\/blog\/classement-fifa-la-france-perd-sa-deuxieme-place-lalgerie-fait-un-bond-en-avant\/#breadcrumb"},"inLanguage":"fr-FR","potentialAction":[{"@type":"ReadAction","target":["https:\/\/dicodusport.fr\/blog\/classement-fifa-la-france-perd-sa-deuxieme-place-lalgerie-fait-un-bond-en-avant\/"]}]},{"@type":"ImageObject","inLanguage":"fr-FR","@id":"https:\/\/dicodusport.fr\/blog\/classement-fifa-la-france-perd-sa-deuxieme-place-lalgerie-fait-un-bond-en-avant\/#primaryimage","url":"https:\/\/dicodusport.fr\/blog\/wp-content\/uploads\/2019\/03\/Notes-Bleus-France-Islande-2019-Euro-2020.png","contentUrl":"https:\/\/dicodusport.fr\/blog\/wp-content\/uploads\/2019\/03\/Notes-Bleus-France-Islande-2019-Euro-2020.png","width":800,"height":445},{"@type":"BreadcrumbList","@id":"https:\/\/dicodusport.fr\/blog\/classement-fifa-la-france-perd-sa-deuxieme-place-lalgerie-fait-un-bond-en-avant\/#breadcrumb","itemListElement":[{"@type":"ListItem","position":1,"name":"Accueil","item":"https:\/\/dicodusport.fr\/blog\/"},{"@type":"ListItem","position":2,"name":"Classement FIFA : la France perd sa deuxi\u00e8me place, l&rsquo;Alg\u00e9rie fait un bond en avant"}]},{"@type":"WebSite","@id":"https:\/\/dicodusport.fr\/blog\/#website","url":"https:\/\/dicodusport.fr\/blog\/","name":"Dicodusport","description":"L&#039;encyclop\u00e9die de l&#039;actualit\u00e9 sportive","publisher":{"@id":"https:\/\/dicodusport.fr\/blog\/#organization"},"potentialAction":[{"@type":"SearchAction","target":{"@type":"EntryPoint","urlTemplate":"https:\/\/dicodusport.fr\/blog\/?s={search_term_string}"},"query-input":{"@type":"PropertyValueSpecification","valueRequired":true,"valueName":"search_term_string"}}],"inLanguage":"fr-FR"},{"@type":"NewsMediaOrganization","@id":"https:\/\/dicodusport.fr\/blog\/#organization","name":"Dicodusport","url":"https:\/\/dicodusport.fr\/blog\/","logo":{"@type":"ImageObject","inLanguage":"fr-FR","@id":"https:\/\/dicodusport.fr\/blog\/#\/schema\/logo\/image\/","url":"https:\/\/dicodusport.fr\/blog\/wp-content\/uploads\/2020\/06\/cropped-LOGO-DICODUSPORT-2020-SANS-FOND-SANS-TEXTE.png","contentUrl":"https:\/\/dicodusport.fr\/blog\/wp-content\/uploads\/2020\/06\/cropped-LOGO-DICODUSPORT-2020-SANS-FOND-SANS-TEXTE.png","width":512,"height":512,"caption":"Dicodusport"},"image":{"@id":"https:\/\/dicodusport.fr\/blog\/#\/schema\/logo\/image\/"},"sameAs":["https:\/\/www.facebook.com\/dicodusport","https:\/\/x.com\/dicodusport","https:\/\/www.instagram.com\/dicodusport\/","https:\/\/www.youtube.com\/channel\/UC7V2KZ5sd3htJivAbA4ZG3w"],"description":"Dicodusport est l'encyclop\u00e9die de l'actualit\u00e9 sportive.","email":"bonjour@dicodusport.fr","legalName":"DICODUSPORT","foundingDate":"2018-01-14","vatID":"FR71834470973","taxID":"83447097300043","numberOfEmployees":{"@type":"QuantitativeValue","minValue":"1","maxValue":"10"}},{"@type":"Person","@id":"https:\/\/dicodusport.fr\/blog\/#\/schema\/person\/cb02af4c173ce4a653b55e9baf388d4a","name":"Flo Ostermann","image":{"@type":"ImageObject","inLanguage":"fr-FR","@id":"https:\/\/dicodusport.fr\/blog\/#\/schema\/person\/image\/","url":"https:\/\/dicodusport.fr\/blog\/wp-content\/uploads\/2021\/05\/Flo-Ostermann-150x150.jpg","contentUrl":"https:\/\/dicodusport.fr\/blog\/wp-content\/uploads\/2021\/05\/Flo-Ostermann-150x150.jpg","caption":"Flo Ostermann"},"description":"Journaliste\/R\u00e9dacteur depuis septembre 2015 - Mes premiers souvenirs dans le sport ? Les envol\u00e9es du Stade Toulousain et les duels Villeneuve-Schumacher et H\u00e4kkinen-Schumacher \u00e0 la fin des ann\u00e9es 90, la Coupe du monde de football en 1998, l\u2019exploit du XV de France face aux All Blacks en 1999, mais aussi Richard C\u0153ur de Lion qui vole sur les montagnes du Tour de France. Bien parti pour devenir professeur d\u2019EPS, les \u00e9v\u00e9nements de la vie (et la flemme d\u2019animer des s\u00e9ances de 3x500 m\u00e8tres toute ma vie) m\u2019ont conduit \u00e0 revoir mes plans. Me voil\u00e0 depuis fin 2017 sur Dicodusport, m\u00e9dia gr\u00e2ce (et pour) lequel je partage ma passion : le sport dans tous ses \u00e9tats. Le tout accompagn\u00e9 par les fous furieux et folles furieuses cit\u00e9s sur cette page !","sameAs":["https:\/\/www.facebook.com\/florent.ostermann","https:\/\/x.com\/https:\/\/twitter.com\/FlOstermann","admin"],"url":"https:\/\/dicodusport.fr\/blog\/author\/flo\/"}]}},"_links":{"self":[{"href":"https:\/\/dicodusport.fr\/blog\/wp-json\/wp\/v2\/posts\/43890","targetHints":{"allow":["GET"]}}],"collection":[{"href":"https:\/\/dicodusport.fr\/blog\/wp-json\/wp\/v2\/posts"}],"about":[{"href":"https:\/\/dicodusport.fr\/blog\/wp-json\/wp\/v2\/types\/post"}],"author":[{"embeddable":true,"href":"https:\/\/dicodusport.fr\/blog\/wp-json\/wp\/v2\/users\/4"}],"replies":[{"embeddable":true,"href":"https:\/\/dicodusport.fr\/blog\/wp-json\/wp\/v2\/comments?post=43890"}],"version-history":[{"count":0,"href":"https:\/\/dicodusport.fr\/blog\/wp-json\/wp\/v2\/posts\/43890\/revisions"}],"wp:featuredmedia":[{"embeddable":true,"href":"https:\/\/dicodusport.fr\/blog\/wp-json\/wp\/v2\/media\/35961"}],"wp:attachment":[{"href":"https:\/\/dicodusport.fr\/blog\/wp-json\/wp\/v2\/media?parent=43890"}],"wp:term":[{"taxonomy":"category","embeddable":true,"href":"https:\/\/dicodusport.fr\/blog\/wp-json\/wp\/v2\/categories?post=43890"},{"taxonomy":"post_tag","embeddable":true,"href":"https:\/\/dicodusport.fr\/blog\/wp-json\/wp\/v2\/tags?post=43890"}],"curies":[{"name":"wp","href":"https:\/\/api.w.org\/{rel}","templated":true}]}}