{"id":438939,"date":"2023-11-21T19:00:14","date_gmt":"2023-11-21T18:00:14","guid":{"rendered":"https:\/\/dicodusport.fr\/blog\/?p=438939&#038;preview=true&#038;preview_id=438939"},"modified":"2023-11-21T19:20:08","modified_gmt":"2023-11-21T18:20:08","slug":"equipe-de-france-la-composition-des-bleus-pour-defier-la-grece","status":"publish","type":"post","link":"https:\/\/dicodusport.fr\/blog\/equipe-de-france-la-composition-des-bleus-pour-defier-la-grece\/","title":{"rendered":"\u00c9quipe de France : La composition des Bleus pour d\u00e9fier la Gr\u00e8ce"},"content":{"rendered":"<p style=\"text-align: justify;\" align=\"justify\"><em><a style=\"font-weight: bold;\" href=\"https:\/\/dicodusport.fr\/blog\/football-qualifications-euro-2024-calendrier-et-resultats\/\" target=\"_blank\" rel=\"noopener\">QUALIFICATIONS EURO 2024<\/a><b> &#8211; Didier Deschamps a d\u00e9voil\u00e9 la composition des Bleus pour le match face \u00e0 la Gr\u00e8ce mardi soir.\u00a0<\/b><\/em><\/p>\n<ul style=\"text-align: justify;\">\n<li><strong>\u00c0 lire aussi &#8211; <a href=\"https:\/\/dicodusport.fr\/blog\/grece-france-heure-du-match-et-chaine-tv\/\" target=\"_blank\" rel=\"noopener\">Gr\u00e8ce \u2013 France : \u00c0 quelle heure et sur quelle cha\u00eene TV<\/a><\/strong><\/li>\n<\/ul>\n<p style=\"text-align: justify;\">Comme attendu, le s\u00e9lectionneur de l&rsquo;\u00e9quipe de France a fait de nombreux changements dans sa composition pour le dernier match des qualifications face \u00e0 la Gr\u00e8ce. <strong>Brice<\/strong> <strong>Samba<\/strong> est bien titulaire dans les cages \u00e0 la place de <strong>Mike<\/strong> <strong>Maignan,<\/strong> alors que les deux fr\u00e8res <strong>Hernandez<\/strong> sont pr\u00e9sents en d\u00e9fense.<\/p>\n<p style=\"text-align: justify;\"><strong>Lucas<\/strong> <strong>Hernandez<\/strong> est associ\u00e9 \u00e0 <strong>William<\/strong> <strong>Saliba<\/strong> dans l&rsquo;axe, alors que <strong>Jules<\/strong> <strong>Kound\u00e9<\/strong> r\u00e9cup\u00e8re le couloir droit. Le milieu de terrain est la zone la plus inchang\u00e9e avec seulement <strong>Youssouf<\/strong> <strong>Fofana<\/strong> \u00e0 la place du malheureux <strong>Warren Za\u00efre-Emery<\/strong>. <strong>Antoine<\/strong> <strong>Griezmann<\/strong> encha\u00eene un 84\u00e8me match de suite avec les Bleus et sera capitaine.<\/p>\n<p style=\"text-align: justify;\">Pas de <strong>Kylian<\/strong> <strong>Mbapp\u00e9<\/strong> en attaque apr\u00e8s que le capitaine des Bleus ait act\u00e9 avec le staff qu&rsquo;il avait besoin de repos, avant de nombreuses \u00e9ch\u00e9ances importantes avec son club. Ses co\u00e9quipiers en club, <strong>Randal<\/strong> <strong>Kolo<\/strong> <strong>Muani<\/strong> et <strong>Ousmane<\/strong> <strong>Demb\u00e9l\u00e9<\/strong>, seront dans les couloirs en soutien de l&rsquo;avant-centre, <strong>Olivier<\/strong> <strong>Giroud<\/strong>.<\/p>\n<h2 style=\"text-align: justify;\" align=\"justify\">La composition des Bleus pour affronter la Gr\u00e8ce<\/h2>\n<p style=\"text-align: justify;\">Samba &#8211; Kound\u00e9, Saliba, L. Hernandez, T. Hernandez &#8211; Rabiot, Y. Fofana, Griezmann\u00a0(cap.) &#8211; O. Demb\u00e9l\u00e9, Kolo Muani, Giroud.<\/p>\n<h2 style=\"text-align: justify;\">Les cotes de Pays-Bas &#8211; France<\/h2>\n<table style=\"width: 800px;\">\n<tbody>\n<tr style=\"height: 16px;\">\n<td style=\"background-color: #404040; text-align: left; border-color: #ededed; width: 500px;\" colspan=\"3\"><span style=\"font-size: 12px; color: #ffffff;\">Mardi 21 novembre, 20h45<\/span><\/td>\n<\/tr>\n<tr style=\"height: 24px;\">\n<td style=\"background-color: #ffffff; border-color: #ededed; vertical-align: middle; text-align: center; width: 266px;\"><span style=\"font-size: 14px;\"><b>Gr\u00e8ce<br \/>\n<\/b><\/span><span style=\"font-size: 10px;\"><a href=\"https:\/\/www.winamax.fr\/paris-sportifs\/match\/36601829?banid=33423\" class=\"su-button su-button-style-flat su-button-wide\" style=\"color:#fff;background-color:#143cdb;border-color:#1030b0;border-radius:5px\" target=\"_blank\" rel=\"noopener noreferrer\"><span style=\"color:#fff;padding:0px 20px;font-size:16px;line-height:32px;border-color:#5b77e6;border-radius:5px;text-shadow:none\"> 5,75<\/span><\/a><\/span><\/td>\n<td style=\"background-color: #ffffff; border-color: #ededed; vertical-align: middle; text-align: center; width: 266px;\"><span style=\"font-size: 10px;\"><span style=\"font-size: 14px;\"><strong>Match nul<\/strong><\/span><br \/>\n<a href=\"https:\/\/www.winamax.fr\/paris-sportifs\/match\/36601829?banid=33423\" class=\"su-button su-button-style-flat su-button-wide\" style=\"color:#fff;background-color:#143cdb;border-color:#1030b0;border-radius:5px\" target=\"_blank\" rel=\"noopener noreferrer\"><span style=\"color:#fff;padding:0px 20px;font-size:16px;line-height:32px;border-color:#5b77e6;border-radius:5px;text-shadow:none\"> 3,90<\/span><\/a><\/span><\/td>\n<td style=\"background-color: #ffffff; border-color: #ededed; vertical-align: middle; text-align: center; width: 266px;\"><span style=\"font-size: 14px;\"><b>France<br \/>\n<\/b><\/span><span style=\"font-size: 10px;\"><a href=\"https:\/\/www.winamax.fr\/paris-sportifs\/match\/36601829?banid=33423\" class=\"su-button su-button-style-flat su-button-wide\" style=\"color:#fff;background-color:#143cdb;border-color:#1030b0;border-radius:5px\" target=\"_blank\" rel=\"noopener noreferrer\"><span style=\"color:#fff;padding:0px 20px;font-size:16px;line-height:32px;border-color:#5b77e6;border-radius:5px;text-shadow:none\"> 1,62<\/span><\/a><\/span><\/td>\n<\/tr>\n<\/tbody>\n<\/table>\n<p style=\"text-align: justify;\">Tentez votre chance en profitant de votre <a href=\"https:\/\/www.winamax.fr\/registration\/landing\/affiliation_Bonus100?banid=33423\">1er d\u00e9p\u00f4t doubl\u00e9 jusqu&rsquo;\u00e0 100 \u20ac<\/a> direct en paris gratuits sur Winamax !<\/p>\n<hr \/>\n<p style=\"text-align: justify;\">\n","protected":false},"excerpt":{"rendered":"<p>QUALIFICATIONS EURO 2024 &#8211; Didier Deschamps a d\u00e9voil\u00e9 la composition des Bleus pour le match face \u00e0 la Gr\u00e8ce mardi soir.\u00a0<\/p>\n","protected":false},"author":1,"featured_media":340645,"comment_status":"open","ping_status":"closed","sticky":false,"template":"","format":"standard","meta":{"_acf_changed":false,"_daextam_enable_autolinks":"1","footnotes":""},"categories":[47044,2301],"tags":[16878,7276,6966,75,30,1783],"class_list":["post-438939","post","type-post","status-publish","format-standard","has-post-thumbnail","hentry","category-euro-de-football","category-football","tag-breve","tag-composition-france","tag-equipe-de-france-de-football","tag-football","tag-france","tag-grece"],"acf":[],"yoast_head":"<!-- This site is optimized with the Yoast SEO Premium plugin v26.7 (Yoast SEO v26.7) - https:\/\/yoast.com\/wordpress\/plugins\/seo\/ -->\n<title>\u00c9quipe de France : La composition des Bleus pour d\u00e9fier la Gr\u00e8ce<\/title>\n<meta name=\"description\" content=\"QUALIFICATIONS EURO 2024 - Didier Deschamps a d\u00e9voil\u00e9 la composition des Bleus pour le match face \u00e0 la Gr\u00e8ce mardi soir.\u00a0\" \/>\n<meta name=\"robots\" content=\"index, follow, max-snippet:-1, max-image-preview:large, max-video-preview:-1\" \/>\n<link rel=\"canonical\" href=\"https:\/\/dicodusport.fr\/blog\/equipe-de-france-la-composition-des-bleus-pour-defier-la-grece\/\" \/>\n<meta property=\"og:locale\" content=\"fr_FR\" \/>\n<meta property=\"og:type\" content=\"article\" \/>\n<meta property=\"og:title\" content=\"\u00c9quipe de France : La composition des Bleus pour d\u00e9fier la Gr\u00e8ce\" \/>\n<meta property=\"og:description\" content=\"QUALIFICATIONS EURO 2024 - Didier Deschamps a d\u00e9voil\u00e9 la composition des Bleus pour le match face \u00e0 la Gr\u00e8ce mardi soir.\u00a0\" \/>\n<meta property=\"og:url\" content=\"https:\/\/dicodusport.fr\/blog\/equipe-de-france-la-composition-des-bleus-pour-defier-la-grece\/\" \/>\n<meta property=\"og:site_name\" content=\"Dicodusport\" \/>\n<meta property=\"article:publisher\" content=\"https:\/\/www.facebook.com\/dicodusport\" \/>\n<meta property=\"article:author\" content=\"https:\/\/www.facebook.com\/dicodusport\" \/>\n<meta property=\"article:published_time\" content=\"2023-11-21T18:00:14+00:00\" \/>\n<meta property=\"article:modified_time\" content=\"2023-11-21T18:20:08+00:00\" \/>\n<meta property=\"og:image\" content=\"https:\/\/dicodusport.fr\/blog\/wp-content\/uploads\/2023\/01\/Mercato-Randal-Kolo-Muani-affole-les-grands-clubs-europeens.png\" \/>\n\t<meta property=\"og:image:width\" content=\"800\" \/>\n\t<meta property=\"og:image:height\" content=\"445\" \/>\n\t<meta property=\"og:image:type\" content=\"image\/png\" \/>\n<meta name=\"author\" content=\"Nicolas Jacquemard\" \/>\n<meta name=\"twitter:card\" content=\"summary_large_image\" \/>\n<meta name=\"twitter:title\" content=\"\u00c9quipe de France : La composition des Bleus pour d\u00e9fier la Gr\u00e8ce\" \/>\n<meta name=\"twitter:creator\" content=\"@https:\/\/twitter.com\/Nico_Jacquemard\" \/>\n<meta name=\"twitter:site\" content=\"@dicodusport\" \/>\n<script type=\"application\/ld+json\" class=\"yoast-schema-graph\">{\"@context\":\"https:\/\/schema.org\",\"@graph\":[{\"@type\":\"NewsArticle\",\"@id\":\"https:\/\/dicodusport.fr\/blog\/equipe-de-france-la-composition-des-bleus-pour-defier-la-grece\/#article\",\"isPartOf\":{\"@id\":\"https:\/\/dicodusport.fr\/blog\/equipe-de-france-la-composition-des-bleus-pour-defier-la-grece\/\"},\"author\":{\"name\":\"Nicolas Jacquemard\",\"@id\":\"https:\/\/dicodusport.fr\/blog\/#\/schema\/person\/55dcb50ad410894e431ed812bbb70191\"},\"headline\":\"\u00c9quipe de France : La composition des Bleus pour d\u00e9fier la Gr\u00e8ce\",\"datePublished\":\"2023-11-21T18:00:14+00:00\",\"dateModified\":\"2023-11-21T18:20:08+00:00\",\"mainEntityOfPage\":{\"@id\":\"https:\/\/dicodusport.fr\/blog\/equipe-de-france-la-composition-des-bleus-pour-defier-la-grece\/\"},\"wordCount\":349,\"commentCount\":0,\"publisher\":{\"@id\":\"https:\/\/dicodusport.fr\/blog\/#organization\"},\"image\":{\"@id\":\"https:\/\/dicodusport.fr\/blog\/equipe-de-france-la-composition-des-bleus-pour-defier-la-grece\/#primaryimage\"},\"thumbnailUrl\":\"https:\/\/dicodusport.fr\/blog\/wp-content\/uploads\/2023\/01\/Mercato-Randal-Kolo-Muani-affole-les-grands-clubs-europeens.png\",\"keywords\":[\"br\u00e8ve\",\"Composition France\",\"Equipe de France de football\",\"Football\",\"France\",\"grece\"],\"articleSection\":[\"Euro de football\",\"Football\"],\"inLanguage\":\"fr-FR\",\"potentialAction\":[{\"@type\":\"CommentAction\",\"name\":\"Comment\",\"target\":[\"https:\/\/dicodusport.fr\/blog\/equipe-de-france-la-composition-des-bleus-pour-defier-la-grece\/#respond\"]}],\"copyrightYear\":\"2023\",\"copyrightHolder\":{\"@id\":\"https:\/\/dicodusport.fr\/blog\/#organization\"}},{\"@type\":\"WebPage\",\"@id\":\"https:\/\/dicodusport.fr\/blog\/equipe-de-france-la-composition-des-bleus-pour-defier-la-grece\/\",\"url\":\"https:\/\/dicodusport.fr\/blog\/equipe-de-france-la-composition-des-bleus-pour-defier-la-grece\/\",\"name\":\"\u00c9quipe de France : La composition des Bleus pour d\u00e9fier la Gr\u00e8ce\",\"isPartOf\":{\"@id\":\"https:\/\/dicodusport.fr\/blog\/#website\"},\"primaryImageOfPage\":{\"@id\":\"https:\/\/dicodusport.fr\/blog\/equipe-de-france-la-composition-des-bleus-pour-defier-la-grece\/#primaryimage\"},\"image\":{\"@id\":\"https:\/\/dicodusport.fr\/blog\/equipe-de-france-la-composition-des-bleus-pour-defier-la-grece\/#primaryimage\"},\"thumbnailUrl\":\"https:\/\/dicodusport.fr\/blog\/wp-content\/uploads\/2023\/01\/Mercato-Randal-Kolo-Muani-affole-les-grands-clubs-europeens.png\",\"datePublished\":\"2023-11-21T18:00:14+00:00\",\"dateModified\":\"2023-11-21T18:20:08+00:00\",\"description\":\"QUALIFICATIONS EURO 2024 - Didier Deschamps a d\u00e9voil\u00e9 la composition des Bleus pour le match face \u00e0 la Gr\u00e8ce mardi soir.\u00a0\",\"breadcrumb\":{\"@id\":\"https:\/\/dicodusport.fr\/blog\/equipe-de-france-la-composition-des-bleus-pour-defier-la-grece\/#breadcrumb\"},\"inLanguage\":\"fr-FR\",\"potentialAction\":[{\"@type\":\"ReadAction\",\"target\":[\"https:\/\/dicodusport.fr\/blog\/equipe-de-france-la-composition-des-bleus-pour-defier-la-grece\/\"]}]},{\"@type\":\"ImageObject\",\"inLanguage\":\"fr-FR\",\"@id\":\"https:\/\/dicodusport.fr\/blog\/equipe-de-france-la-composition-des-bleus-pour-defier-la-grece\/#primaryimage\",\"url\":\"https:\/\/dicodusport.fr\/blog\/wp-content\/uploads\/2023\/01\/Mercato-Randal-Kolo-Muani-affole-les-grands-clubs-europeens.png\",\"contentUrl\":\"https:\/\/dicodusport.fr\/blog\/wp-content\/uploads\/2023\/01\/Mercato-Randal-Kolo-Muani-affole-les-grands-clubs-europeens.png\",\"width\":800,\"height\":445},{\"@type\":\"BreadcrumbList\",\"@id\":\"https:\/\/dicodusport.fr\/blog\/equipe-de-france-la-composition-des-bleus-pour-defier-la-grece\/#breadcrumb\",\"itemListElement\":[{\"@type\":\"ListItem\",\"position\":1,\"name\":\"Accueil\",\"item\":\"https:\/\/dicodusport.fr\/blog\/\"},{\"@type\":\"ListItem\",\"position\":2,\"name\":\"\u00c9quipe de France : La composition des Bleus pour d\u00e9fier la Gr\u00e8ce\"}]},{\"@type\":\"WebSite\",\"@id\":\"https:\/\/dicodusport.fr\/blog\/#website\",\"url\":\"https:\/\/dicodusport.fr\/blog\/\",\"name\":\"Dicodusport\",\"description\":\"L&#039;encyclop\u00e9die de l&#039;actualit\u00e9 sportive\",\"publisher\":{\"@id\":\"https:\/\/dicodusport.fr\/blog\/#organization\"},\"potentialAction\":[{\"@type\":\"SearchAction\",\"target\":{\"@type\":\"EntryPoint\",\"urlTemplate\":\"https:\/\/dicodusport.fr\/blog\/?s={search_term_string}\"},\"query-input\":{\"@type\":\"PropertyValueSpecification\",\"valueRequired\":true,\"valueName\":\"search_term_string\"}}],\"inLanguage\":\"fr-FR\"},{\"@type\":\"NewsMediaOrganization\",\"@id\":\"https:\/\/dicodusport.fr\/blog\/#organization\",\"name\":\"Dicodusport\",\"url\":\"https:\/\/dicodusport.fr\/blog\/\",\"logo\":{\"@type\":\"ImageObject\",\"inLanguage\":\"fr-FR\",\"@id\":\"https:\/\/dicodusport.fr\/blog\/#\/schema\/logo\/image\/\",\"url\":\"https:\/\/dicodusport.fr\/blog\/wp-content\/uploads\/2020\/06\/cropped-LOGO-DICODUSPORT-2020-SANS-FOND-SANS-TEXTE.png\",\"contentUrl\":\"https:\/\/dicodusport.fr\/blog\/wp-content\/uploads\/2020\/06\/cropped-LOGO-DICODUSPORT-2020-SANS-FOND-SANS-TEXTE.png\",\"width\":512,\"height\":512,\"caption\":\"Dicodusport\"},\"image\":{\"@id\":\"https:\/\/dicodusport.fr\/blog\/#\/schema\/logo\/image\/\"},\"sameAs\":[\"https:\/\/www.facebook.com\/dicodusport\",\"https:\/\/x.com\/dicodusport\",\"https:\/\/www.instagram.com\/dicodusport\/\",\"https:\/\/www.youtube.com\/channel\/UC7V2KZ5sd3htJivAbA4ZG3w\"],\"description\":\"Dicodusport est l'encyclop\u00e9die de l'actualit\u00e9 sportive.\",\"email\":\"bonjour@dicodusport.fr\",\"legalName\":\"DICODUSPORT\",\"foundingDate\":\"2018-01-14\",\"vatID\":\"FR71834470973\",\"taxID\":\"83447097300043\",\"numberOfEmployees\":{\"@type\":\"QuantitativeValue\",\"minValue\":\"1\",\"maxValue\":\"10\"}},{\"@type\":\"Person\",\"@id\":\"https:\/\/dicodusport.fr\/blog\/#\/schema\/person\/55dcb50ad410894e431ed812bbb70191\",\"name\":\"Nicolas Jacquemard\",\"image\":{\"@type\":\"ImageObject\",\"inLanguage\":\"fr-FR\",\"@id\":\"https:\/\/dicodusport.fr\/blog\/#\/schema\/person\/image\/\",\"url\":\"https:\/\/dicodusport.fr\/blog\/wp-content\/uploads\/2021\/05\/Nicolas-Jacquemard-150x150.jpeg\",\"contentUrl\":\"https:\/\/dicodusport.fr\/blog\/wp-content\/uploads\/2021\/05\/Nicolas-Jacquemard-150x150.jpeg\",\"caption\":\"Nicolas Jacquemard\"},\"description\":\"Passionn\u00e9 de sport et entrepreneur depuis mes 18 ans, la cr\u00e9ation de Dicodusport m'a sembl\u00e9 \u00e9vidente pour participer \u00e0 la m\u00e9diatisation d'un plus grand nombre de sports. Le chemin est long mais avec une \u00e9quipe des plus motiv\u00e9es et les Jeux Olympiques de Paris 2024 en point de mire, nous y arriverons ! Journaliste dans le monde du sport depuis plus de 5 ans, je traite aussi bien de football, de rugby, de biathlon que de cyclisme.\",\"sameAs\":[\"https:\/\/www.facebook.com\/dicodusport\",\"https:\/\/x.com\/https:\/\/twitter.com\/Nico_Jacquemard\"],\"url\":\"https:\/\/dicodusport.fr\/blog\/author\/dicodusport\/\"}]}<\/script>\n<!-- \/ Yoast SEO Premium plugin. -->","yoast_head_json":{"title":"\u00c9quipe de France : La composition des Bleus pour d\u00e9fier la Gr\u00e8ce","description":"QUALIFICATIONS EURO 2024 - Didier Deschamps a d\u00e9voil\u00e9 la composition des Bleus pour le match face \u00e0 la Gr\u00e8ce mardi soir.\u00a0","robots":{"index":"index","follow":"follow","max-snippet":"max-snippet:-1","max-image-preview":"max-image-preview:large","max-video-preview":"max-video-preview:-1"},"canonical":"https:\/\/dicodusport.fr\/blog\/equipe-de-france-la-composition-des-bleus-pour-defier-la-grece\/","og_locale":"fr_FR","og_type":"article","og_title":"\u00c9quipe de France : La composition des Bleus pour d\u00e9fier la Gr\u00e8ce","og_description":"QUALIFICATIONS EURO 2024 - Didier Deschamps a d\u00e9voil\u00e9 la composition des Bleus pour le match face \u00e0 la Gr\u00e8ce mardi soir.\u00a0","og_url":"https:\/\/dicodusport.fr\/blog\/equipe-de-france-la-composition-des-bleus-pour-defier-la-grece\/","og_site_name":"Dicodusport","article_publisher":"https:\/\/www.facebook.com\/dicodusport","article_author":"https:\/\/www.facebook.com\/dicodusport","article_published_time":"2023-11-21T18:00:14+00:00","article_modified_time":"2023-11-21T18:20:08+00:00","og_image":[{"width":800,"height":445,"url":"https:\/\/dicodusport.fr\/blog\/wp-content\/uploads\/2023\/01\/Mercato-Randal-Kolo-Muani-affole-les-grands-clubs-europeens.png","type":"image\/png"}],"author":"Nicolas Jacquemard","twitter_card":"summary_large_image","twitter_title":"\u00c9quipe de France : La composition des Bleus pour d\u00e9fier la Gr\u00e8ce","twitter_creator":"@https:\/\/twitter.com\/Nico_Jacquemard","twitter_site":"@dicodusport","schema":{"@context":"https:\/\/schema.org","@graph":[{"@type":"NewsArticle","@id":"https:\/\/dicodusport.fr\/blog\/equipe-de-france-la-composition-des-bleus-pour-defier-la-grece\/#article","isPartOf":{"@id":"https:\/\/dicodusport.fr\/blog\/equipe-de-france-la-composition-des-bleus-pour-defier-la-grece\/"},"author":{"name":"Nicolas Jacquemard","@id":"https:\/\/dicodusport.fr\/blog\/#\/schema\/person\/55dcb50ad410894e431ed812bbb70191"},"headline":"\u00c9quipe de France : La composition des Bleus pour d\u00e9fier la Gr\u00e8ce","datePublished":"2023-11-21T18:00:14+00:00","dateModified":"2023-11-21T18:20:08+00:00","mainEntityOfPage":{"@id":"https:\/\/dicodusport.fr\/blog\/equipe-de-france-la-composition-des-bleus-pour-defier-la-grece\/"},"wordCount":349,"commentCount":0,"publisher":{"@id":"https:\/\/dicodusport.fr\/blog\/#organization"},"image":{"@id":"https:\/\/dicodusport.fr\/blog\/equipe-de-france-la-composition-des-bleus-pour-defier-la-grece\/#primaryimage"},"thumbnailUrl":"https:\/\/dicodusport.fr\/blog\/wp-content\/uploads\/2023\/01\/Mercato-Randal-Kolo-Muani-affole-les-grands-clubs-europeens.png","keywords":["br\u00e8ve","Composition France","Equipe de France de football","Football","France","grece"],"articleSection":["Euro de football","Football"],"inLanguage":"fr-FR","potentialAction":[{"@type":"CommentAction","name":"Comment","target":["https:\/\/dicodusport.fr\/blog\/equipe-de-france-la-composition-des-bleus-pour-defier-la-grece\/#respond"]}],"copyrightYear":"2023","copyrightHolder":{"@id":"https:\/\/dicodusport.fr\/blog\/#organization"}},{"@type":"WebPage","@id":"https:\/\/dicodusport.fr\/blog\/equipe-de-france-la-composition-des-bleus-pour-defier-la-grece\/","url":"https:\/\/dicodusport.fr\/blog\/equipe-de-france-la-composition-des-bleus-pour-defier-la-grece\/","name":"\u00c9quipe de France : La composition des Bleus pour d\u00e9fier la Gr\u00e8ce","isPartOf":{"@id":"https:\/\/dicodusport.fr\/blog\/#website"},"primaryImageOfPage":{"@id":"https:\/\/dicodusport.fr\/blog\/equipe-de-france-la-composition-des-bleus-pour-defier-la-grece\/#primaryimage"},"image":{"@id":"https:\/\/dicodusport.fr\/blog\/equipe-de-france-la-composition-des-bleus-pour-defier-la-grece\/#primaryimage"},"thumbnailUrl":"https:\/\/dicodusport.fr\/blog\/wp-content\/uploads\/2023\/01\/Mercato-Randal-Kolo-Muani-affole-les-grands-clubs-europeens.png","datePublished":"2023-11-21T18:00:14+00:00","dateModified":"2023-11-21T18:20:08+00:00","description":"QUALIFICATIONS EURO 2024 - Didier Deschamps a d\u00e9voil\u00e9 la composition des Bleus pour le match face \u00e0 la Gr\u00e8ce mardi soir.\u00a0","breadcrumb":{"@id":"https:\/\/dicodusport.fr\/blog\/equipe-de-france-la-composition-des-bleus-pour-defier-la-grece\/#breadcrumb"},"inLanguage":"fr-FR","potentialAction":[{"@type":"ReadAction","target":["https:\/\/dicodusport.fr\/blog\/equipe-de-france-la-composition-des-bleus-pour-defier-la-grece\/"]}]},{"@type":"ImageObject","inLanguage":"fr-FR","@id":"https:\/\/dicodusport.fr\/blog\/equipe-de-france-la-composition-des-bleus-pour-defier-la-grece\/#primaryimage","url":"https:\/\/dicodusport.fr\/blog\/wp-content\/uploads\/2023\/01\/Mercato-Randal-Kolo-Muani-affole-les-grands-clubs-europeens.png","contentUrl":"https:\/\/dicodusport.fr\/blog\/wp-content\/uploads\/2023\/01\/Mercato-Randal-Kolo-Muani-affole-les-grands-clubs-europeens.png","width":800,"height":445},{"@type":"BreadcrumbList","@id":"https:\/\/dicodusport.fr\/blog\/equipe-de-france-la-composition-des-bleus-pour-defier-la-grece\/#breadcrumb","itemListElement":[{"@type":"ListItem","position":1,"name":"Accueil","item":"https:\/\/dicodusport.fr\/blog\/"},{"@type":"ListItem","position":2,"name":"\u00c9quipe de France : La composition des Bleus pour d\u00e9fier la Gr\u00e8ce"}]},{"@type":"WebSite","@id":"https:\/\/dicodusport.fr\/blog\/#website","url":"https:\/\/dicodusport.fr\/blog\/","name":"Dicodusport","description":"L&#039;encyclop\u00e9die de l&#039;actualit\u00e9 sportive","publisher":{"@id":"https:\/\/dicodusport.fr\/blog\/#organization"},"potentialAction":[{"@type":"SearchAction","target":{"@type":"EntryPoint","urlTemplate":"https:\/\/dicodusport.fr\/blog\/?s={search_term_string}"},"query-input":{"@type":"PropertyValueSpecification","valueRequired":true,"valueName":"search_term_string"}}],"inLanguage":"fr-FR"},{"@type":"NewsMediaOrganization","@id":"https:\/\/dicodusport.fr\/blog\/#organization","name":"Dicodusport","url":"https:\/\/dicodusport.fr\/blog\/","logo":{"@type":"ImageObject","inLanguage":"fr-FR","@id":"https:\/\/dicodusport.fr\/blog\/#\/schema\/logo\/image\/","url":"https:\/\/dicodusport.fr\/blog\/wp-content\/uploads\/2020\/06\/cropped-LOGO-DICODUSPORT-2020-SANS-FOND-SANS-TEXTE.png","contentUrl":"https:\/\/dicodusport.fr\/blog\/wp-content\/uploads\/2020\/06\/cropped-LOGO-DICODUSPORT-2020-SANS-FOND-SANS-TEXTE.png","width":512,"height":512,"caption":"Dicodusport"},"image":{"@id":"https:\/\/dicodusport.fr\/blog\/#\/schema\/logo\/image\/"},"sameAs":["https:\/\/www.facebook.com\/dicodusport","https:\/\/x.com\/dicodusport","https:\/\/www.instagram.com\/dicodusport\/","https:\/\/www.youtube.com\/channel\/UC7V2KZ5sd3htJivAbA4ZG3w"],"description":"Dicodusport est l'encyclop\u00e9die de l'actualit\u00e9 sportive.","email":"bonjour@dicodusport.fr","legalName":"DICODUSPORT","foundingDate":"2018-01-14","vatID":"FR71834470973","taxID":"83447097300043","numberOfEmployees":{"@type":"QuantitativeValue","minValue":"1","maxValue":"10"}},{"@type":"Person","@id":"https:\/\/dicodusport.fr\/blog\/#\/schema\/person\/55dcb50ad410894e431ed812bbb70191","name":"Nicolas Jacquemard","image":{"@type":"ImageObject","inLanguage":"fr-FR","@id":"https:\/\/dicodusport.fr\/blog\/#\/schema\/person\/image\/","url":"https:\/\/dicodusport.fr\/blog\/wp-content\/uploads\/2021\/05\/Nicolas-Jacquemard-150x150.jpeg","contentUrl":"https:\/\/dicodusport.fr\/blog\/wp-content\/uploads\/2021\/05\/Nicolas-Jacquemard-150x150.jpeg","caption":"Nicolas Jacquemard"},"description":"Passionn\u00e9 de sport et entrepreneur depuis mes 18 ans, la cr\u00e9ation de Dicodusport m'a sembl\u00e9 \u00e9vidente pour participer \u00e0 la m\u00e9diatisation d'un plus grand nombre de sports. Le chemin est long mais avec une \u00e9quipe des plus motiv\u00e9es et les Jeux Olympiques de Paris 2024 en point de mire, nous y arriverons ! Journaliste dans le monde du sport depuis plus de 5 ans, je traite aussi bien de football, de rugby, de biathlon que de cyclisme.","sameAs":["https:\/\/www.facebook.com\/dicodusport","https:\/\/x.com\/https:\/\/twitter.com\/Nico_Jacquemard"],"url":"https:\/\/dicodusport.fr\/blog\/author\/dicodusport\/"}]}},"_links":{"self":[{"href":"https:\/\/dicodusport.fr\/blog\/wp-json\/wp\/v2\/posts\/438939","targetHints":{"allow":["GET"]}}],"collection":[{"href":"https:\/\/dicodusport.fr\/blog\/wp-json\/wp\/v2\/posts"}],"about":[{"href":"https:\/\/dicodusport.fr\/blog\/wp-json\/wp\/v2\/types\/post"}],"author":[{"embeddable":true,"href":"https:\/\/dicodusport.fr\/blog\/wp-json\/wp\/v2\/users\/1"}],"replies":[{"embeddable":true,"href":"https:\/\/dicodusport.fr\/blog\/wp-json\/wp\/v2\/comments?post=438939"}],"version-history":[{"count":5,"href":"https:\/\/dicodusport.fr\/blog\/wp-json\/wp\/v2\/posts\/438939\/revisions"}],"predecessor-version":[{"id":438947,"href":"https:\/\/dicodusport.fr\/blog\/wp-json\/wp\/v2\/posts\/438939\/revisions\/438947"}],"wp:featuredmedia":[{"embeddable":true,"href":"https:\/\/dicodusport.fr\/blog\/wp-json\/wp\/v2\/media\/340645"}],"wp:attachment":[{"href":"https:\/\/dicodusport.fr\/blog\/wp-json\/wp\/v2\/media?parent=438939"}],"wp:term":[{"taxonomy":"category","embeddable":true,"href":"https:\/\/dicodusport.fr\/blog\/wp-json\/wp\/v2\/categories?post=438939"},{"taxonomy":"post_tag","embeddable":true,"href":"https:\/\/dicodusport.fr\/blog\/wp-json\/wp\/v2\/tags?post=438939"}],"curies":[{"name":"wp","href":"https:\/\/api.w.org\/{rel}","templated":true}]}}