{"id":439088,"date":"2024-05-23T14:27:04","date_gmt":"2024-05-23T12:27:04","guid":{"rendered":"https:\/\/dicodusport.fr\/blog\/?p=439088&#038;preview=true&#038;preview_id=439088"},"modified":"2024-05-23T14:27:04","modified_gmt":"2024-05-23T12:27:04","slug":"tour-ditalie-2024-parcours-et-profil-de-la-19eme-etape-du-giro","status":"publish","type":"post","link":"https:\/\/dicodusport.fr\/blog\/tour-ditalie-2024-parcours-et-profil-de-la-19eme-etape-du-giro\/","title":{"rendered":"Tour d&rsquo;Italie 2024 : Parcours et profil de la 19\u00e8me \u00e9tape du Giro"},"content":{"rendered":"<p style=\"text-align: justify;\"><em><b>TOUR D&rsquo;ITALIE 2024 &#8211; Retrouvez le parcours d\u00e9taill\u00e9 et le profil de la 19\u00e8me \u00e9tape du Giro 2024, qui se d\u00e9roule entre Mortegliano et Sappada (157 km).<\/b><\/em><\/p>\n<ul>\n<li style=\"text-align: justify;\"><strong>\u00c0 ce sujet \u2013\u00a0<a href=\"https:\/\/dicodusport.fr\/blog\/tour-ditalie-2024-classement-general-du-giro\/\">Tour d\u2019Italie 2024 \u2013 Classement g\u00e9n\u00e9ral du Giro<\/a><\/strong><\/li>\n<\/ul>\n<h2 style=\"text-align: justify;\">Parcours et profil de la 19\u00e8me \u00e9tape du Tour d&rsquo;Italie 2024<\/h2>\n<p style=\"text-align: justify;\">D&rsquo;abord, les coureurs partiront \u00e0 13h05 de <strong>Mortegliano <\/strong>au nord-est de l&rsquo;Italie dans la r\u00e9gion autonome du Frioul-V\u00e9n\u00e9tie Julienne, pour se diriger vers le nord en direction des Alpes. Les 30 premiers kilom\u00e8tres seront en l\u00e9ger faux plat montant jusqu&rsquo;\u00e0 <strong>San Daniele del Friuli<\/strong>. Puis, pendant pr\u00e8s de 15 kilom\u00e8tres, la route deviendra plate avant de monter en direction de Forgaria nel Friuli, durant 1800 m\u00e8tres sur des rampes \u00e0 5,9 %.<\/p>\n<p style=\"text-align: justify;\">Puis, les coureurs retrouveront une route plate durant une vingtaine de kilom\u00e8tres en passant par <strong>Peoni\u00a0<\/strong>pour le premier sprint interm\u00e9diaire pour rejoindre\u00a0<strong>Somplago. <\/strong>La route remontera de nouveau pour atteindre <strong>Cavazzo Carnica<\/strong>. Au sommet, ce sera un nouveau faux plat montant d&rsquo;environ 14 kilom\u00e8tres jusqu&rsquo;\u00e0 <strong>Cedarchis<\/strong> avant de grimper sur <strong>Trelli<\/strong> avec une mont\u00e9e de 7 km \u00e0 4 %.<\/p>\n<ul>\n<li style=\"text-align: justify;\"><strong>\u00c0 ce sujet \u2013\u00a0<a href=\"https:\/\/dicodusport.fr\/blog\/actualites\/cyclisme\/cyclisme-sur-route-2024\/tour-italie-2024\/\">L\u2019actualit\u00e9 du Tour d\u2019Italie 2024<\/a><\/strong><\/li>\n<\/ul>\n<h2 style=\"text-align: justify;\">Une deuxi\u00e8me partie d&rsquo;\u00e9tape cors\u00e9e<\/h2>\n<p style=\"text-align: justify;\">Ensuite, les coureurs descendront sur <strong>Paularo<\/strong> pour atteindre le pied du difficile <strong>Passo Duron<\/strong> (4,4 km \u00e0 9,6 %). Le pied sera tr\u00e8s dur avec deux kilom\u00e8tres \u00e0 10 %, avec un passage \u00e0 18 %. Les deux derniers kilom\u00e8tres 400 resteront tr\u00e8s s\u00e9lectifs sur des pentes \u00e0 8,8 %.<\/p>\n<p style=\"text-align: justify;\">Apr\u00e8s la descente sur Paluzza, ce sera la deuxi\u00e8me ascension r\u00e9pertori\u00e9e avec la <strong>Sella Valcalda<\/strong> (7,6 km \u00e0 5,6 %) et sa descente de 7 kilom\u00e8tres vers <strong>Comeglians<\/strong>.<\/p>\n<p style=\"text-align: justify;\">Les coureurs tourneront \u00e0 gauche vers le Zoncolan alors qu&rsquo;il restera encore 27 kilom\u00e8tres \u00e0 parcourir. Les concurrents feront face \u00e0 trois premiers kilom\u00e8tres montant \u00e0 environ 6% vers <strong>Rigolato<\/strong>, avant de retrouver une portion plate et un faux plat montant jusqu&rsquo;\u00e0<strong> Forni Avolteri<\/strong>.<\/p>\n<p style=\"text-align: justify;\">Par la suite, les coureurs monteront la <strong>Cima Sappada<\/strong> (7,5 km \u00e0 5,4 %) avec une ascension en trois parties. La premi\u00e8re sera longue de 3 kilom\u00e8tres avec une pente moyenne de 4,6 %. La seconde partie sera une partie plate de plus de deux kilom\u00e8tres. Les deux derniers kilom\u00e8tres seront exigeants \u00e0 8,6 % de moyenne avec un passage \u00e0 15 % avant des derniers m\u00e8tres plus roulants pour atteindre le sommet et un faux plat descendant de 5 kilom\u00e8tres.<\/p>\n<p style=\"text-align: justify;\">Enfin, les 6,2 derniers kilom\u00e8tres seront principalement en faux plat descendant, mais il y aura une petite mont\u00e9e d&rsquo;un kilom\u00e8tre \u00e0 5,4 % avec un passage \u00e0 10 %, avant de rejoindre <strong>Sappada<\/strong>. L&rsquo;arriv\u00e9e sera jug\u00e9e entre 17h et 17h25.<\/p>\n<div id=\"attachment_487398\" style=\"width: 750px\" class=\"wp-caption aligncenter\"><a href=\"https:\/\/dicodusport.fr\/blog\/wp-content\/uploads\/2024\/05\/Profil-de-la-19eme-etape-du-Tour-dItalie-2024.jpg\"><img loading=\"lazy\" decoding=\"async\" aria-describedby=\"caption-attachment-487398\" class=\"wp-image-487398 size-large\" src=\"https:\/\/dicodusport.fr\/blog\/wp-content\/uploads\/2024\/05\/Profil-de-la-19eme-etape-du-Tour-dItalie-2024-1024x682.jpg\" alt=\"Profil de la 19\u00e8me \u00e9tape du Tour d'Italie 2024\" width=\"740\" height=\"493\" srcset=\"https:\/\/dicodusport.fr\/blog\/wp-content\/uploads\/2024\/05\/Profil-de-la-19eme-etape-du-Tour-dItalie-2024-1024x682.jpg 1024w, https:\/\/dicodusport.fr\/blog\/wp-content\/uploads\/2024\/05\/Profil-de-la-19eme-etape-du-Tour-dItalie-2024-300x200.jpg 300w, https:\/\/dicodusport.fr\/blog\/wp-content\/uploads\/2024\/05\/Profil-de-la-19eme-etape-du-Tour-dItalie-2024-768x511.jpg 768w, https:\/\/dicodusport.fr\/blog\/wp-content\/uploads\/2024\/05\/Profil-de-la-19eme-etape-du-Tour-dItalie-2024.jpg 1280w\" sizes=\"auto, (max-width: 740px) 100vw, 740px\" \/><\/a><p id=\"caption-attachment-487398\" class=\"wp-caption-text\">Profil de la 19\u00e8me \u00e9tape du Tour d&rsquo;Italie 2024 &#8211; Via RCS<\/p><\/div>\n<ul>\n<li style=\"text-align: justify;\"><strong>\u00c0 ce sujet \u2013\u00a0<a href=\"https:\/\/dicodusport.fr\/blog\/actualites\/cyclisme\/cyclisme-sur-route-2024\/\">L\u2019actualit\u00e9 du cyclisme sur route<\/a><\/strong><\/li>\n<\/ul>\n","protected":false},"excerpt":{"rendered":"<p>TOUR D&rsquo;ITALIE 2024 &#8211; Retrouvez le parcours d\u00e9taill\u00e9 et le profil de la 19\u00e8me \u00e9tape du Giro 2024, qui se d\u00e9roule entre Mortegliano et Sappada (157 km).<\/p>\n","protected":false},"author":48,"featured_media":487401,"comment_status":"open","ping_status":"closed","sticky":false,"template":"","format":"standard","meta":{"_acf_changed":false,"_daextam_enable_autolinks":"1","footnotes":""},"categories":[47041],"tags":[16878,574,4722],"class_list":["post-439088","post","type-post","status-publish","format-standard","has-post-thumbnail","hentry","category-tour-d-italie","tag-breve","tag-cyclisme","tag-tour-ditalie"],"acf":[],"yoast_head":"<!-- This site is optimized with the Yoast SEO Premium plugin v26.7 (Yoast SEO v26.7) - https:\/\/yoast.com\/wordpress\/plugins\/seo\/ -->\n<title>Tour d&#039;Italie 2024 : Parcours et profil de la 19\u00e8me \u00e9tape du Giro<\/title>\n<meta name=\"description\" content=\"TOUR D&#039;ITALIE 2024 - Retrouvez le parcours d\u00e9taill\u00e9 et le profil de la 19\u00e8me \u00e9tape du Giro 2024, qui se d\u00e9roule entre Mortegliano et Sappada (157 km).\" \/>\n<meta name=\"robots\" content=\"index, follow, max-snippet:-1, max-image-preview:large, max-video-preview:-1\" \/>\n<link rel=\"canonical\" href=\"https:\/\/dicodusport.fr\/blog\/tour-ditalie-2024-parcours-et-profil-de-la-19eme-etape-du-giro\/\" \/>\n<meta property=\"og:locale\" content=\"fr_FR\" \/>\n<meta property=\"og:type\" content=\"article\" \/>\n<meta property=\"og:title\" content=\"Tour d&#039;Italie 2024 : Parcours et profil de la 19\u00e8me \u00e9tape du Giro\" \/>\n<meta property=\"og:description\" content=\"TOUR D&#039;ITALIE 2024 - Retrouvez le parcours d\u00e9taill\u00e9 et le profil de la 19\u00e8me \u00e9tape du Giro 2024, qui se d\u00e9roule entre Mortegliano et Sappada (157 km).\" \/>\n<meta property=\"og:url\" content=\"https:\/\/dicodusport.fr\/blog\/tour-ditalie-2024-parcours-et-profil-de-la-19eme-etape-du-giro\/\" \/>\n<meta property=\"og:site_name\" content=\"Dicodusport\" \/>\n<meta property=\"article:publisher\" content=\"https:\/\/www.facebook.com\/dicodusport\" \/>\n<meta property=\"article:author\" content=\"https:\/\/www.facebook.com\/groups\/LesRoisDuPeloton\" \/>\n<meta property=\"article:published_time\" content=\"2024-05-23T12:27:04+00:00\" \/>\n<meta property=\"og:image\" content=\"https:\/\/dicodusport.fr\/blog\/wp-content\/uploads\/2024\/05\/Tour-dItalie-2024-Parcours-et-profil-de-la-19eme-etape-du-Giro.png\" \/>\n\t<meta property=\"og:image:width\" content=\"1200\" \/>\n\t<meta property=\"og:image:height\" content=\"674\" \/>\n\t<meta property=\"og:image:type\" content=\"image\/png\" \/>\n<meta name=\"author\" content=\"Emilien Descampiaux\" \/>\n<meta name=\"twitter:card\" content=\"summary_large_image\" \/>\n<meta name=\"twitter:title\" content=\"Tour d&#039;Italie 2024 : Parcours et profil de la 19\u00e8me \u00e9tape du Giro\" \/>\n<meta name=\"twitter:creator\" content=\"@https:\/\/twitter.com\/LRoisDuPeloton\" \/>\n<meta name=\"twitter:site\" content=\"@dicodusport\" \/>\n<script type=\"application\/ld+json\" class=\"yoast-schema-graph\">{\"@context\":\"https:\/\/schema.org\",\"@graph\":[{\"@type\":\"NewsArticle\",\"@id\":\"https:\/\/dicodusport.fr\/blog\/tour-ditalie-2024-parcours-et-profil-de-la-19eme-etape-du-giro\/#article\",\"isPartOf\":{\"@id\":\"https:\/\/dicodusport.fr\/blog\/tour-ditalie-2024-parcours-et-profil-de-la-19eme-etape-du-giro\/\"},\"author\":{\"name\":\"Emilien Descampiaux\",\"@id\":\"https:\/\/dicodusport.fr\/blog\/#\/schema\/person\/6db4bae06b171592211be385b32876a7\"},\"headline\":\"Tour d&rsquo;Italie 2024 : Parcours et profil de la 19\u00e8me \u00e9tape du Giro\",\"datePublished\":\"2024-05-23T12:27:04+00:00\",\"mainEntityOfPage\":{\"@id\":\"https:\/\/dicodusport.fr\/blog\/tour-ditalie-2024-parcours-et-profil-de-la-19eme-etape-du-giro\/\"},\"wordCount\":463,\"commentCount\":0,\"publisher\":{\"@id\":\"https:\/\/dicodusport.fr\/blog\/#organization\"},\"image\":{\"@id\":\"https:\/\/dicodusport.fr\/blog\/tour-ditalie-2024-parcours-et-profil-de-la-19eme-etape-du-giro\/#primaryimage\"},\"thumbnailUrl\":\"https:\/\/dicodusport.fr\/blog\/wp-content\/uploads\/2024\/05\/Tour-dItalie-2024-Parcours-et-profil-de-la-19eme-etape-du-Giro.png\",\"keywords\":[\"br\u00e8ve\",\"Cyclisme\",\"Tour d'Italie\"],\"articleSection\":[\"Tour d'Italie\"],\"inLanguage\":\"fr-FR\",\"potentialAction\":[{\"@type\":\"CommentAction\",\"name\":\"Comment\",\"target\":[\"https:\/\/dicodusport.fr\/blog\/tour-ditalie-2024-parcours-et-profil-de-la-19eme-etape-du-giro\/#respond\"]}],\"copyrightYear\":\"2024\",\"copyrightHolder\":{\"@id\":\"https:\/\/dicodusport.fr\/blog\/#organization\"}},{\"@type\":\"WebPage\",\"@id\":\"https:\/\/dicodusport.fr\/blog\/tour-ditalie-2024-parcours-et-profil-de-la-19eme-etape-du-giro\/\",\"url\":\"https:\/\/dicodusport.fr\/blog\/tour-ditalie-2024-parcours-et-profil-de-la-19eme-etape-du-giro\/\",\"name\":\"Tour d'Italie 2024 : Parcours et profil de la 19\u00e8me \u00e9tape du Giro\",\"isPartOf\":{\"@id\":\"https:\/\/dicodusport.fr\/blog\/#website\"},\"primaryImageOfPage\":{\"@id\":\"https:\/\/dicodusport.fr\/blog\/tour-ditalie-2024-parcours-et-profil-de-la-19eme-etape-du-giro\/#primaryimage\"},\"image\":{\"@id\":\"https:\/\/dicodusport.fr\/blog\/tour-ditalie-2024-parcours-et-profil-de-la-19eme-etape-du-giro\/#primaryimage\"},\"thumbnailUrl\":\"https:\/\/dicodusport.fr\/blog\/wp-content\/uploads\/2024\/05\/Tour-dItalie-2024-Parcours-et-profil-de-la-19eme-etape-du-Giro.png\",\"datePublished\":\"2024-05-23T12:27:04+00:00\",\"description\":\"TOUR D'ITALIE 2024 - Retrouvez le parcours d\u00e9taill\u00e9 et le profil de la 19\u00e8me \u00e9tape du Giro 2024, qui se d\u00e9roule entre Mortegliano et Sappada (157 km).\",\"breadcrumb\":{\"@id\":\"https:\/\/dicodusport.fr\/blog\/tour-ditalie-2024-parcours-et-profil-de-la-19eme-etape-du-giro\/#breadcrumb\"},\"inLanguage\":\"fr-FR\",\"potentialAction\":[{\"@type\":\"ReadAction\",\"target\":[\"https:\/\/dicodusport.fr\/blog\/tour-ditalie-2024-parcours-et-profil-de-la-19eme-etape-du-giro\/\"]}]},{\"@type\":\"ImageObject\",\"inLanguage\":\"fr-FR\",\"@id\":\"https:\/\/dicodusport.fr\/blog\/tour-ditalie-2024-parcours-et-profil-de-la-19eme-etape-du-giro\/#primaryimage\",\"url\":\"https:\/\/dicodusport.fr\/blog\/wp-content\/uploads\/2024\/05\/Tour-dItalie-2024-Parcours-et-profil-de-la-19eme-etape-du-Giro.png\",\"contentUrl\":\"https:\/\/dicodusport.fr\/blog\/wp-content\/uploads\/2024\/05\/Tour-dItalie-2024-Parcours-et-profil-de-la-19eme-etape-du-Giro.png\",\"width\":1200,\"height\":674,\"caption\":\"Tour d'Italie 2024 Parcours et profil de la 19\u00e8me \u00e9tape du Giro\"},{\"@type\":\"BreadcrumbList\",\"@id\":\"https:\/\/dicodusport.fr\/blog\/tour-ditalie-2024-parcours-et-profil-de-la-19eme-etape-du-giro\/#breadcrumb\",\"itemListElement\":[{\"@type\":\"ListItem\",\"position\":1,\"name\":\"Accueil\",\"item\":\"https:\/\/dicodusport.fr\/blog\/\"},{\"@type\":\"ListItem\",\"position\":2,\"name\":\"Tour d&rsquo;Italie 2024 : Parcours et profil de la 19\u00e8me \u00e9tape du Giro\"}]},{\"@type\":\"WebSite\",\"@id\":\"https:\/\/dicodusport.fr\/blog\/#website\",\"url\":\"https:\/\/dicodusport.fr\/blog\/\",\"name\":\"Dicodusport\",\"description\":\"L&#039;encyclop\u00e9die de l&#039;actualit\u00e9 sportive\",\"publisher\":{\"@id\":\"https:\/\/dicodusport.fr\/blog\/#organization\"},\"potentialAction\":[{\"@type\":\"SearchAction\",\"target\":{\"@type\":\"EntryPoint\",\"urlTemplate\":\"https:\/\/dicodusport.fr\/blog\/?s={search_term_string}\"},\"query-input\":{\"@type\":\"PropertyValueSpecification\",\"valueRequired\":true,\"valueName\":\"search_term_string\"}}],\"inLanguage\":\"fr-FR\"},{\"@type\":\"NewsMediaOrganization\",\"@id\":\"https:\/\/dicodusport.fr\/blog\/#organization\",\"name\":\"Dicodusport\",\"url\":\"https:\/\/dicodusport.fr\/blog\/\",\"logo\":{\"@type\":\"ImageObject\",\"inLanguage\":\"fr-FR\",\"@id\":\"https:\/\/dicodusport.fr\/blog\/#\/schema\/logo\/image\/\",\"url\":\"https:\/\/dicodusport.fr\/blog\/wp-content\/uploads\/2020\/06\/cropped-LOGO-DICODUSPORT-2020-SANS-FOND-SANS-TEXTE.png\",\"contentUrl\":\"https:\/\/dicodusport.fr\/blog\/wp-content\/uploads\/2020\/06\/cropped-LOGO-DICODUSPORT-2020-SANS-FOND-SANS-TEXTE.png\",\"width\":512,\"height\":512,\"caption\":\"Dicodusport\"},\"image\":{\"@id\":\"https:\/\/dicodusport.fr\/blog\/#\/schema\/logo\/image\/\"},\"sameAs\":[\"https:\/\/www.facebook.com\/dicodusport\",\"https:\/\/x.com\/dicodusport\",\"https:\/\/www.instagram.com\/dicodusport\/\",\"https:\/\/www.youtube.com\/channel\/UC7V2KZ5sd3htJivAbA4ZG3w\"],\"description\":\"Dicodusport est l'encyclop\u00e9die de l'actualit\u00e9 sportive.\",\"email\":\"bonjour@dicodusport.fr\",\"legalName\":\"DICODUSPORT\",\"foundingDate\":\"2018-01-14\",\"vatID\":\"FR71834470973\",\"taxID\":\"83447097300043\",\"numberOfEmployees\":{\"@type\":\"QuantitativeValue\",\"minValue\":\"1\",\"maxValue\":\"10\"}},{\"@type\":\"Person\",\"@id\":\"https:\/\/dicodusport.fr\/blog\/#\/schema\/person\/6db4bae06b171592211be385b32876a7\",\"name\":\"Emilien Descampiaux\",\"image\":{\"@type\":\"ImageObject\",\"inLanguage\":\"fr-FR\",\"@id\":\"https:\/\/dicodusport.fr\/blog\/#\/schema\/person\/image\/\",\"url\":\"https:\/\/dicodusport.fr\/blog\/wp-content\/uploads\/2021\/05\/Emilien-Descampiaux-150x150.jpg\",\"contentUrl\":\"https:\/\/dicodusport.fr\/blog\/wp-content\/uploads\/2021\/05\/Emilien-Descampiaux-150x150.jpg\",\"caption\":\"Emilien Descampiaux\"},\"description\":\"Journaliste\/r\u00e9dacteur depuis 2014 - Fan de la classe de Frank Vandenbroucke, je vis cyclisme (et de ses paysages) depuis plus de 20 ans. Je suis tr\u00e8s impliqu\u00e9 sur mes diff\u00e9rents r\u00e9seaux sociaux pour partager ma passion sur le monde et l'Histoire de la bicyclette avec ma voix sur les images en noir et blanc du succ\u00e8s de Rik Van Steenbergen lors du Ronde sur le V\u00e9lodrome de Gand.\",\"sameAs\":[\"https:\/\/www.facebook.com\/groups\/LesRoisDuPeloton\",\"https:\/\/x.com\/https:\/\/twitter.com\/LRoisDuPeloton\"],\"url\":\"https:\/\/dicodusport.fr\/blog\/author\/emiliend\/\"}]}<\/script>\n<!-- \/ Yoast SEO Premium plugin. -->","yoast_head_json":{"title":"Tour d'Italie 2024 : Parcours et profil de la 19\u00e8me \u00e9tape du Giro","description":"TOUR D'ITALIE 2024 - Retrouvez le parcours d\u00e9taill\u00e9 et le profil de la 19\u00e8me \u00e9tape du Giro 2024, qui se d\u00e9roule entre Mortegliano et Sappada (157 km).","robots":{"index":"index","follow":"follow","max-snippet":"max-snippet:-1","max-image-preview":"max-image-preview:large","max-video-preview":"max-video-preview:-1"},"canonical":"https:\/\/dicodusport.fr\/blog\/tour-ditalie-2024-parcours-et-profil-de-la-19eme-etape-du-giro\/","og_locale":"fr_FR","og_type":"article","og_title":"Tour d'Italie 2024 : Parcours et profil de la 19\u00e8me \u00e9tape du Giro","og_description":"TOUR D'ITALIE 2024 - Retrouvez le parcours d\u00e9taill\u00e9 et le profil de la 19\u00e8me \u00e9tape du Giro 2024, qui se d\u00e9roule entre Mortegliano et Sappada (157 km).","og_url":"https:\/\/dicodusport.fr\/blog\/tour-ditalie-2024-parcours-et-profil-de-la-19eme-etape-du-giro\/","og_site_name":"Dicodusport","article_publisher":"https:\/\/www.facebook.com\/dicodusport","article_author":"https:\/\/www.facebook.com\/groups\/LesRoisDuPeloton","article_published_time":"2024-05-23T12:27:04+00:00","og_image":[{"width":1200,"height":674,"url":"https:\/\/dicodusport.fr\/blog\/wp-content\/uploads\/2024\/05\/Tour-dItalie-2024-Parcours-et-profil-de-la-19eme-etape-du-Giro.png","type":"image\/png"}],"author":"Emilien Descampiaux","twitter_card":"summary_large_image","twitter_title":"Tour d'Italie 2024 : Parcours et profil de la 19\u00e8me \u00e9tape du Giro","twitter_creator":"@https:\/\/twitter.com\/LRoisDuPeloton","twitter_site":"@dicodusport","schema":{"@context":"https:\/\/schema.org","@graph":[{"@type":"NewsArticle","@id":"https:\/\/dicodusport.fr\/blog\/tour-ditalie-2024-parcours-et-profil-de-la-19eme-etape-du-giro\/#article","isPartOf":{"@id":"https:\/\/dicodusport.fr\/blog\/tour-ditalie-2024-parcours-et-profil-de-la-19eme-etape-du-giro\/"},"author":{"name":"Emilien Descampiaux","@id":"https:\/\/dicodusport.fr\/blog\/#\/schema\/person\/6db4bae06b171592211be385b32876a7"},"headline":"Tour d&rsquo;Italie 2024 : Parcours et profil de la 19\u00e8me \u00e9tape du Giro","datePublished":"2024-05-23T12:27:04+00:00","mainEntityOfPage":{"@id":"https:\/\/dicodusport.fr\/blog\/tour-ditalie-2024-parcours-et-profil-de-la-19eme-etape-du-giro\/"},"wordCount":463,"commentCount":0,"publisher":{"@id":"https:\/\/dicodusport.fr\/blog\/#organization"},"image":{"@id":"https:\/\/dicodusport.fr\/blog\/tour-ditalie-2024-parcours-et-profil-de-la-19eme-etape-du-giro\/#primaryimage"},"thumbnailUrl":"https:\/\/dicodusport.fr\/blog\/wp-content\/uploads\/2024\/05\/Tour-dItalie-2024-Parcours-et-profil-de-la-19eme-etape-du-Giro.png","keywords":["br\u00e8ve","Cyclisme","Tour d'Italie"],"articleSection":["Tour d'Italie"],"inLanguage":"fr-FR","potentialAction":[{"@type":"CommentAction","name":"Comment","target":["https:\/\/dicodusport.fr\/blog\/tour-ditalie-2024-parcours-et-profil-de-la-19eme-etape-du-giro\/#respond"]}],"copyrightYear":"2024","copyrightHolder":{"@id":"https:\/\/dicodusport.fr\/blog\/#organization"}},{"@type":"WebPage","@id":"https:\/\/dicodusport.fr\/blog\/tour-ditalie-2024-parcours-et-profil-de-la-19eme-etape-du-giro\/","url":"https:\/\/dicodusport.fr\/blog\/tour-ditalie-2024-parcours-et-profil-de-la-19eme-etape-du-giro\/","name":"Tour d'Italie 2024 : Parcours et profil de la 19\u00e8me \u00e9tape du Giro","isPartOf":{"@id":"https:\/\/dicodusport.fr\/blog\/#website"},"primaryImageOfPage":{"@id":"https:\/\/dicodusport.fr\/blog\/tour-ditalie-2024-parcours-et-profil-de-la-19eme-etape-du-giro\/#primaryimage"},"image":{"@id":"https:\/\/dicodusport.fr\/blog\/tour-ditalie-2024-parcours-et-profil-de-la-19eme-etape-du-giro\/#primaryimage"},"thumbnailUrl":"https:\/\/dicodusport.fr\/blog\/wp-content\/uploads\/2024\/05\/Tour-dItalie-2024-Parcours-et-profil-de-la-19eme-etape-du-Giro.png","datePublished":"2024-05-23T12:27:04+00:00","description":"TOUR D'ITALIE 2024 - Retrouvez le parcours d\u00e9taill\u00e9 et le profil de la 19\u00e8me \u00e9tape du Giro 2024, qui se d\u00e9roule entre Mortegliano et Sappada (157 km).","breadcrumb":{"@id":"https:\/\/dicodusport.fr\/blog\/tour-ditalie-2024-parcours-et-profil-de-la-19eme-etape-du-giro\/#breadcrumb"},"inLanguage":"fr-FR","potentialAction":[{"@type":"ReadAction","target":["https:\/\/dicodusport.fr\/blog\/tour-ditalie-2024-parcours-et-profil-de-la-19eme-etape-du-giro\/"]}]},{"@type":"ImageObject","inLanguage":"fr-FR","@id":"https:\/\/dicodusport.fr\/blog\/tour-ditalie-2024-parcours-et-profil-de-la-19eme-etape-du-giro\/#primaryimage","url":"https:\/\/dicodusport.fr\/blog\/wp-content\/uploads\/2024\/05\/Tour-dItalie-2024-Parcours-et-profil-de-la-19eme-etape-du-Giro.png","contentUrl":"https:\/\/dicodusport.fr\/blog\/wp-content\/uploads\/2024\/05\/Tour-dItalie-2024-Parcours-et-profil-de-la-19eme-etape-du-Giro.png","width":1200,"height":674,"caption":"Tour d'Italie 2024 Parcours et profil de la 19\u00e8me \u00e9tape du Giro"},{"@type":"BreadcrumbList","@id":"https:\/\/dicodusport.fr\/blog\/tour-ditalie-2024-parcours-et-profil-de-la-19eme-etape-du-giro\/#breadcrumb","itemListElement":[{"@type":"ListItem","position":1,"name":"Accueil","item":"https:\/\/dicodusport.fr\/blog\/"},{"@type":"ListItem","position":2,"name":"Tour d&rsquo;Italie 2024 : Parcours et profil de la 19\u00e8me \u00e9tape du Giro"}]},{"@type":"WebSite","@id":"https:\/\/dicodusport.fr\/blog\/#website","url":"https:\/\/dicodusport.fr\/blog\/","name":"Dicodusport","description":"L&#039;encyclop\u00e9die de l&#039;actualit\u00e9 sportive","publisher":{"@id":"https:\/\/dicodusport.fr\/blog\/#organization"},"potentialAction":[{"@type":"SearchAction","target":{"@type":"EntryPoint","urlTemplate":"https:\/\/dicodusport.fr\/blog\/?s={search_term_string}"},"query-input":{"@type":"PropertyValueSpecification","valueRequired":true,"valueName":"search_term_string"}}],"inLanguage":"fr-FR"},{"@type":"NewsMediaOrganization","@id":"https:\/\/dicodusport.fr\/blog\/#organization","name":"Dicodusport","url":"https:\/\/dicodusport.fr\/blog\/","logo":{"@type":"ImageObject","inLanguage":"fr-FR","@id":"https:\/\/dicodusport.fr\/blog\/#\/schema\/logo\/image\/","url":"https:\/\/dicodusport.fr\/blog\/wp-content\/uploads\/2020\/06\/cropped-LOGO-DICODUSPORT-2020-SANS-FOND-SANS-TEXTE.png","contentUrl":"https:\/\/dicodusport.fr\/blog\/wp-content\/uploads\/2020\/06\/cropped-LOGO-DICODUSPORT-2020-SANS-FOND-SANS-TEXTE.png","width":512,"height":512,"caption":"Dicodusport"},"image":{"@id":"https:\/\/dicodusport.fr\/blog\/#\/schema\/logo\/image\/"},"sameAs":["https:\/\/www.facebook.com\/dicodusport","https:\/\/x.com\/dicodusport","https:\/\/www.instagram.com\/dicodusport\/","https:\/\/www.youtube.com\/channel\/UC7V2KZ5sd3htJivAbA4ZG3w"],"description":"Dicodusport est l'encyclop\u00e9die de l'actualit\u00e9 sportive.","email":"bonjour@dicodusport.fr","legalName":"DICODUSPORT","foundingDate":"2018-01-14","vatID":"FR71834470973","taxID":"83447097300043","numberOfEmployees":{"@type":"QuantitativeValue","minValue":"1","maxValue":"10"}},{"@type":"Person","@id":"https:\/\/dicodusport.fr\/blog\/#\/schema\/person\/6db4bae06b171592211be385b32876a7","name":"Emilien Descampiaux","image":{"@type":"ImageObject","inLanguage":"fr-FR","@id":"https:\/\/dicodusport.fr\/blog\/#\/schema\/person\/image\/","url":"https:\/\/dicodusport.fr\/blog\/wp-content\/uploads\/2021\/05\/Emilien-Descampiaux-150x150.jpg","contentUrl":"https:\/\/dicodusport.fr\/blog\/wp-content\/uploads\/2021\/05\/Emilien-Descampiaux-150x150.jpg","caption":"Emilien Descampiaux"},"description":"Journaliste\/r\u00e9dacteur depuis 2014 - Fan de la classe de Frank Vandenbroucke, je vis cyclisme (et de ses paysages) depuis plus de 20 ans. Je suis tr\u00e8s impliqu\u00e9 sur mes diff\u00e9rents r\u00e9seaux sociaux pour partager ma passion sur le monde et l'Histoire de la bicyclette avec ma voix sur les images en noir et blanc du succ\u00e8s de Rik Van Steenbergen lors du Ronde sur le V\u00e9lodrome de Gand.","sameAs":["https:\/\/www.facebook.com\/groups\/LesRoisDuPeloton","https:\/\/x.com\/https:\/\/twitter.com\/LRoisDuPeloton"],"url":"https:\/\/dicodusport.fr\/blog\/author\/emiliend\/"}]}},"_links":{"self":[{"href":"https:\/\/dicodusport.fr\/blog\/wp-json\/wp\/v2\/posts\/439088","targetHints":{"allow":["GET"]}}],"collection":[{"href":"https:\/\/dicodusport.fr\/blog\/wp-json\/wp\/v2\/posts"}],"about":[{"href":"https:\/\/dicodusport.fr\/blog\/wp-json\/wp\/v2\/types\/post"}],"author":[{"embeddable":true,"href":"https:\/\/dicodusport.fr\/blog\/wp-json\/wp\/v2\/users\/48"}],"replies":[{"embeddable":true,"href":"https:\/\/dicodusport.fr\/blog\/wp-json\/wp\/v2\/comments?post=439088"}],"version-history":[{"count":5,"href":"https:\/\/dicodusport.fr\/blog\/wp-json\/wp\/v2\/posts\/439088\/revisions"}],"predecessor-version":[{"id":487404,"href":"https:\/\/dicodusport.fr\/blog\/wp-json\/wp\/v2\/posts\/439088\/revisions\/487404"}],"wp:featuredmedia":[{"embeddable":true,"href":"https:\/\/dicodusport.fr\/blog\/wp-json\/wp\/v2\/media\/487401"}],"wp:attachment":[{"href":"https:\/\/dicodusport.fr\/blog\/wp-json\/wp\/v2\/media?parent=439088"}],"wp:term":[{"taxonomy":"category","embeddable":true,"href":"https:\/\/dicodusport.fr\/blog\/wp-json\/wp\/v2\/categories?post=439088"},{"taxonomy":"post_tag","embeddable":true,"href":"https:\/\/dicodusport.fr\/blog\/wp-json\/wp\/v2\/tags?post=439088"}],"curies":[{"name":"wp","href":"https:\/\/api.w.org\/{rel}","templated":true}]}}