{"id":439184,"date":"2023-11-23T12:00:41","date_gmt":"2023-11-23T11:00:41","guid":{"rendered":"https:\/\/dicodusport.fr\/blog\/?p=439184&#038;preview=true&#038;preview_id=439184"},"modified":"2023-11-24T13:41:06","modified_gmt":"2023-11-24T12:41:06","slug":"simon-fourcade-les-francais-sont-dans-de-bonnes-dispositions-pour-pouvoir-performer-a-ostersund","status":"publish","type":"post","link":"https:\/\/dicodusport.fr\/blog\/simon-fourcade-les-francais-sont-dans-de-bonnes-dispositions-pour-pouvoir-performer-a-ostersund\/","title":{"rendered":"Simon Fourcade : \u00ab Les Fran\u00e7ais sont dans de bonnes dispositions pour pouvoir performer \u00e0 \u00d6stersund \u00bb"},"content":{"rendered":"<p style=\"text-align: justify;\"><strong><em><a href=\"https:\/\/dicodusport.fr\/blog\/actualites\/biathlon\/coupe-du-monde-de-biathlon-2023-2024\/\">COUPE DU MONDE DE BIATHLON 2023-2024<\/a> \u2013 \u00c0 quelques jours du d\u00e9but de la saison de Coupe du monde, Simon Fourcade, nouvel entra\u00eeneur de l\u2019\u00e9quipe de France masculine, revient sur son adaptation \u00e0 sa nouvelle fonction, les objectifs de la saison et la pol\u00e9mique sur les nouveaux farts sans fluor.<\/em><\/strong><\/p>\n<ul>\n<li style=\"text-align: justify;\"><strong>\u00c0 lire aussi &#8211; <a href=\"https:\/\/dicodusport.fr\/blog\/coupe-du-monde-de-biathlon-quattendre-de-lequipe-de-france-masculine\/\">Coupe du monde de biathlon : Qu\u2019attendre de l\u2019\u00e9quipe de France masculine ?<\/a><\/strong><\/li>\n<\/ul>\n<h3 style=\"text-align: justify;\">Comment s\u2019est pass\u00e9e la prise en main de l\u2019\u00e9quipe de France masculine de biathlon\u00a0?<\/h3>\n<p style=\"text-align: justify;\">Elle s&rsquo;est plut\u00f4t bien pass\u00e9e. C&rsquo;est vrai que la transition ne s\u2019est pas forc\u00e9ment faite en douceur, et \u00e7a a \u00e9t\u00e9 une surprise pour tout le monde. Moi le premier. Quand j&rsquo;ai \u00e9t\u00e9 sollicit\u00e9, il y a quand m\u00eame eu un temps de r\u00e9flexion, m\u00eame s&rsquo;il n&rsquo;a pas \u00e9t\u00e9 tr\u00e8s long. \u00c7a s&rsquo;est fait de mani\u00e8re pos\u00e9e et r\u00e9fl\u00e9chie, afin que je sois conscient des choses et que je puisse avancer et partir sur de bonnes bases. Je connaissais l&rsquo;ensemble des athl\u00e8tes, pour avoir \u00e9t\u00e9 anciennement co\u00e9quipier avec eux, ou pour les plus jeunes, de les avoir d\u00e9j\u00e0 eus par le pass\u00e9 <em>(il \u00e9tait entra\u00eeneur des juniors avant)<\/em>. Donc \u00e7a s&rsquo;est pass\u00e9 d&rsquo;une mani\u00e8re naturelle et assez simple.<\/p>\n<ul>\n<li style=\"text-align: justify;\"><strong>\u00c0 lire aussi &#8211; <a href=\"https:\/\/dicodusport.fr\/blog\/emilien-jacquelin-les-cles-du-succes-entre-ses-mains\/\">\u00c9milien Jacquelin, les cl\u00e9s du succ\u00e8s entre ses mains<\/a><\/strong><\/li>\n<\/ul>\n<p style=\"text-align: justify;\">L\u00e0 o\u00f9 j&rsquo;ai eu le plus besoin de prendre mes marques, \u00e7a a \u00e9t\u00e9 d&rsquo;apprendre \u00e0 co-construire et \u00e0 mener les projets avec un staff plus \u00e9toff\u00e9. Avec les juniors, on a l&rsquo;habitude de s&rsquo;occuper de tout, que ce soit les entra\u00eenements, la pr\u00e9paration physique, la logistique, les r\u00e9servations, les transports\u2026 On prend un petit peu tout en charge. La nouvelle politique avec le staff, qui s&rsquo;est d\u00e9cid\u00e9e et dessin\u00e9e \u00e0 la suite des \u00e9v\u00e9nements de la fin de saison pass\u00e9e, est de r\u00e9attribuer des r\u00f4les \u00e0 chacun, de mani\u00e8re \u00e0 ce que tout le monde soit un petit peu plus dans son r\u00f4le. Je suis un jeune entra\u00eeneur, et j\u2019honore avec fiert\u00e9 les fonctions qui m&rsquo;ont \u00e9t\u00e9 donn\u00e9es cette ann\u00e9e, mais on va dire que je n&rsquo;ai pas eu d&rsquo;\u00e9tapes de transition entre mes fonctions sur le poste des juniors et le circuit Coupe du monde, ce qui est, quand m\u00eame, une grande marche. Il a fallu que je prenne certaines marques sur deux ou trois stages avant que les choses entrent dans l&rsquo;ordre et soient mises en place de la meilleure des mani\u00e8res.<\/p>\n<div class=\"vlp-link-container vlp-layout-article\"><a href=\"https:\/\/dicodusport.fr\/blog\/biathlon-simon-fourcade-nouvel-entraineur-de-lequipe-de-france-masculine\/\" class=\"vlp-link\" title=\"Biathlon : Simon Fourcade nouvel entra\u00eeneur de l&#039;\u00e9quipe de France masculine\"><\/a><div class=\"vlp-layout-zone-side\"><div class=\"vlp-block-4 vlp-link-image\"><img loading=\"lazy\" decoding=\"async\" style=\"max-width: 800px;\" width=\"800\" height=\"445\" src=\"https:\/\/dicodusport.fr\/blog\/wp-content\/uploads\/2023\/04\/Biathlon-Simon-Fourcade-nouvel-entraineur-de-lequipe-de-France-masculine.png\" class=\"attachment-800x445 size-800x445\" alt=\"\" srcset=\"https:\/\/dicodusport.fr\/blog\/wp-content\/uploads\/2023\/04\/Biathlon-Simon-Fourcade-nouvel-entraineur-de-lequipe-de-France-masculine.png 800w, https:\/\/dicodusport.fr\/blog\/wp-content\/uploads\/2023\/04\/Biathlon-Simon-Fourcade-nouvel-entraineur-de-lequipe-de-France-masculine-300x167.png 300w, https:\/\/dicodusport.fr\/blog\/wp-content\/uploads\/2023\/04\/Biathlon-Simon-Fourcade-nouvel-entraineur-de-lequipe-de-France-masculine-768x427.png 768w\" sizes=\"auto, (max-width: 800px) 100vw, 800px\" \/><\/div><\/div><div class=\"vlp-layout-zone-main\"><div class=\"vlp-block-0 vlp-link-title\">Biathlon : Simon Fourcade nouvel entra\u00eeneur de l'\u00e9quipe de France masculine<\/div><div class=\"vlp-block-1 vlp-link-summary\">BIATHLON - Selon Ski Chrono, Simon Fourcade est le nouvel entra\u00eeneur de l'\u00e9quipe de France de biathlon en remplacement de Vincent Vittoz.\u00a0<\/div><div class=\"vlp-block-2 vlp-link-button\">Lire l'article<\/div><div class=\"vlp-block-3 vlp-link-url\">dicodusport.fr<\/div><\/div><\/div>\n<h3 style=\"text-align: justify;\">Vous\u00a0avez r\u00e9cemment effectu\u00e9 un stage \u00e0 Bessans avec l\u2019\u00e9quipe de France. Quel est \u00e9tat de forme du groupe\u00a0?<\/h3>\n<p style=\"text-align: justify;\">Pour avoir eu les retours de leurs derni\u00e8res s\u00e9ances avant de s&rsquo;envoler \u00e0 <strong>\u00d6stersund<\/strong> (Su\u00e8de, lieu de la premi\u00e8re manche de Coupe du monde), ils \u00e9taient plut\u00f4t positifs de la part de l&rsquo;ensemble du groupe. Donc oui, je pense qu\u2019ils sont dans de bonnes dispositions pour pouvoir performer \u00e0 <strong>\u00d6stersund<\/strong>, m\u00eame s&rsquo;il y aura peut-\u00eatre une petite mont\u00e9e en pression au fur et \u00e0 mesure. En tout cas, c&rsquo;est l&rsquo;objectif fix\u00e9 avec l&rsquo;\u00e9tape de <strong>Lenzerheide<\/strong> (14-17 d\u00e9cembre) qui se situe au moment de l&rsquo;\u00e9tape du <strong>Grand-Bornand<\/strong>. J&rsquo;esp\u00e8re et je souhaite une mont\u00e9e en puissance jusqu&rsquo;\u00e0 cette \u00e9tape plut\u00f4t qu\u2019attaquer sur les chapeaux de roue et que \u00e7a se d\u00e9t\u00e9riore au fur et \u00e0 mesure de l&rsquo;avancement des courses. Actuellement, on est vraiment sur l&rsquo;aff\u00fbtage final et il s&rsquo;agit plus d&rsquo;un \u00e9tat de confiance et de s\u00e9r\u00e9nit\u00e9 \u00e0 leur apporter sur les derniers hectom\u00e8tres avant de s&rsquo;\u00e9lancer sur les relais de samedi et l&rsquo;individuel le dimanche.<\/p>\n<ul>\n<li style=\"text-align: justify;\"><strong>\u00c0 lire aussi &#8211; <a href=\"https:\/\/dicodusport.fr\/blog\/biathlon-etape-ostersund-2023-programme-complet-et-resultats\/\">Biathlon \u00c9tape d\u2019Ostersund 2023 \u2013 Programme complet et r\u00e9sultats<\/a><\/strong><\/li>\n<\/ul>\n<h3 style=\"text-align: justify;\">Quels sont les objectifs de la saison ?<strong>\u2028<\/strong><\/h3>\n<p style=\"text-align: justify;\">Les objectifs sont assez d\u00e9finis pour chacun. Ils savent tous ce qu&rsquo;ils vont faire, \u00e0 part pour les plus jeunes, peut-\u00eatre, qui n&rsquo;ont pas forc\u00e9ment le v\u00e9cu n\u00e9cessaire et qu&rsquo;il faudra un petit peu plus orienter et surveiller pour adapter au mieux les sollicitations des courses ainsi que les contraintes physiques pour qu&rsquo;ils puissent avoir un \u00e9tat de forme optimal sur l&rsquo;ensemble de la saison. Pour les autres, je pense qu&rsquo;il n&rsquo;y a m\u00eame pas besoin de les d\u00e9finir pour eux. On a trois cadres en mesure de venir jouer le podium, si ce n&rsquo;est la gagne, tous les week-ends, avec <strong>\u00c9milien Jacquelin<\/strong>, <strong>Quentin Fillon Maillet<\/strong> et <strong>Fabien Claude<\/strong>.<\/p>\n<p style=\"text-align: justify;\">On a aussi des athl\u00e8tes d&rsquo;exp\u00e9rience avec <strong>Antonin Guigonnat<\/strong> qui peuvent se permettre de venir jouer aux avant-postes \u00e9galement, avec un statut d&rsquo;outsider capable venir jouer les trouble-f\u00eates. <strong>\u00c9ric Perrot<\/strong> est sur une pente ascendante et continue sa progression \u00e0 vitesse grand V. Il a encore besoin d\u2019un petit peu de temps pour acqu\u00e9rir les bases n\u00e9cessaires pour se hisser tout en haut de la feuille de r\u00e9sultats de mani\u00e8re tr\u00e8s r\u00e9guli\u00e8re, mais il a toutes les qualit\u00e9s pour y arriver. Et puis derri\u00e8re, \u00e7a pousse aussi avec quelqu&rsquo;un comme <strong>\u00c9milien Claude<\/strong> qui a fait des progr\u00e8s \u00e9normes cette saison avec des magnifiques \u00e9preuves estivales, et des courses de s\u00e9lection qu\u2019il a men\u00e9es \u00e0 bien.<\/p>\n<div class=\"vlp-link-container vlp-layout-article\"><a href=\"https:\/\/dicodusport.fr\/blog\/quentin-fillon-maillet-johannes-boe-est-completement-battable-quand-il-perd-la-main\/\" class=\"vlp-link\" title=\"Quentin Fillon Maillet : &quot;Johannes Boe est compl\u00e8tement battable quand il perd la main&quot;\"><\/a><div class=\"vlp-layout-zone-side\"><div class=\"vlp-block-4 vlp-link-image\"><img loading=\"lazy\" decoding=\"async\" style=\"max-width: 800px;\" width=\"800\" height=\"445\" src=\"https:\/\/dicodusport.fr\/blog\/wp-content\/uploads\/2023\/11\/Quentin-Fillon-Maillet-Johannes-Boe-est-completement-battable-quand-il-perd-la-main.png\" class=\"attachment-800x445 size-800x445\" alt=\"\" srcset=\"https:\/\/dicodusport.fr\/blog\/wp-content\/uploads\/2023\/11\/Quentin-Fillon-Maillet-Johannes-Boe-est-completement-battable-quand-il-perd-la-main.png 800w, https:\/\/dicodusport.fr\/blog\/wp-content\/uploads\/2023\/11\/Quentin-Fillon-Maillet-Johannes-Boe-est-completement-battable-quand-il-perd-la-main-300x167.png 300w, https:\/\/dicodusport.fr\/blog\/wp-content\/uploads\/2023\/11\/Quentin-Fillon-Maillet-Johannes-Boe-est-completement-battable-quand-il-perd-la-main-768x427.png 768w\" sizes=\"auto, (max-width: 800px) 100vw, 800px\" \/><\/div><\/div><div class=\"vlp-layout-zone-main\"><div class=\"vlp-block-0 vlp-link-title\">Quentin Fillon Maillet : \"Johannes Boe est compl\u00e8tement battable quand il perd la main\"<\/div><div class=\"vlp-block-1 vlp-link-summary\">BIATHLON - Dans un long entretien \u00e0 Nordic Mag, Quentin Fillon Maillet a \u00e9voqu\u00e9 ses objectifs et sa rivalit\u00e9 avec Johannes Boe.<\/div><div class=\"vlp-block-2 vlp-link-button\">Lire l'article<\/div><div class=\"vlp-block-3 vlp-link-url\">dicodusport.fr<\/div><\/div><\/div>\n<h3 style=\"text-align: justify;\">Et les championnats du monde (7 au 18 f\u00e9vrier \u00e0 Nov\u00e9 M\u011bsto, R\u00e9publique Tch\u00e8que) ?<\/h3>\n<p style=\"text-align: justify;\">En fonction du d\u00e9but de saison et des performances de chacun, on ajustera peut-\u00eatre les priorit\u00e9s en ce sens apr\u00e8s le mois de d\u00e9cembre pour pouvoir arriver de mani\u00e8re optimale aux championnats du monde. C&rsquo;est-\u00e0-dire que s&rsquo;il y a des gar\u00e7ons qui ne sont pas forc\u00e9ment en mesure de jouer le classement g\u00e9n\u00e9ral \u00e0 la fin d\u00e9cembre, sans doute qu&rsquo;il y aura des priorit\u00e9s \u00e0 donner sur ces championnats de Nov\u00e9 M\u011bsto et on peaufinera alors l&rsquo;avancement de la programmation \u00e0 partir de d\u00e9but janvier avec, pourquoi pas, des impasses et des mises en retrait pour aller effectuer des stages d&rsquo;entra\u00eenement plut\u00f4t que de courir. Ce seront des choses \u00e0 mettre en place, mais dans un second temps. Pour l&rsquo;instant, tout le monde est focalis\u00e9 sur le d\u00e9but de saison et on verra ce qui se passe au cas par cas, en temps voulu.<\/p>\n<ul>\n<li style=\"text-align: justify;\"><strong>\u00c0 lire aussi \u2013\u00a0<a href=\"https:\/\/dicodusport.fr\/blog\/coupe-du-monde-de-biathlon-2023-2024-le-calendrier-complet\/\">Coupe du monde de biathlon 2023-2024 : Le calendrier complet<\/a><\/strong><\/li>\n<\/ul>\n<h3 style=\"text-align: justify;\">Est-ce que l&rsquo;interdiction du fluor vous inqui\u00e8te sur les diff\u00e9rences de niveau \u00e0 ski \u00e0 venir, notamment avec\u00a0les Norv\u00e9giens\u00a0?<\/h3>\n<p style=\"text-align: justify;\">Non, ce n\u2019est pas quelque chose qui m\u2019inqui\u00e8te particuli\u00e8rement. Par contre, c&rsquo;est s\u00fbr que c&rsquo;est une inconnue dans l&rsquo;\u00e9quation. On a d\u00e9j\u00e0 beaucoup d&rsquo;inconnues : la forme des athl\u00e8tes sur ce d\u00e9but de saison, comment vont-ils se situer par rapport aux autres athl\u00e8tes, etc. Donc \u00e7a fait une incertitude de plus, qui n&rsquo;est pas des moindres. Maintenant, je fais totalement confiance au staff technique qui a vraiment travaill\u00e9 d&rsquo;arrache-pied ces derni\u00e8res semaines sur les pistes de Davos (Suisse) en \u00e9troite collaboration avec les staffs techniques du ski de fond et du combin\u00e9 nordique pour croiser les donn\u00e9es et avoir la possibilit\u00e9 de faire un nombre de tests plus importants pour avancer sur cette inconnue. Selon moi, on a r\u00e9ellement fait le maximum pour r\u00e9pondre pr\u00e9sent.<\/p>\n<p style=\"text-align: justify;\">C&rsquo;est vrai que sur les courses de Sjusjoen (Norv\u00e8ge), il y a eu des diff\u00e9rences assez notables, mais ce que l\u2019on a aussi vu, c\u2019est que le week-end dernier, sur les courses sur Beitostolen (Norv\u00e8ge) en ski de fond, <a href=\"https:\/\/dicodusport.fr\/blog\/ski-de-fond-hugo-lapalus-sur-le-podium-de-lindividuel-a-beitostolen\/\">Hugo Lapalus<\/a> et <a href=\"https:\/\/dicodusport.fr\/blog\/ski-de-fond-deuxieme-place-pour-delphine-claudel-sur-lindividuel-de-beitostolen\/\">Delphine Claudel<\/a> sont all\u00e9s chercher une deuxi\u00e8me place. M\u00eame si les skis, n&rsquo;\u00e9taient pas pr\u00e9par\u00e9s par les membres du staff \u00e9quipe de France, mais par les marques sur place directement, selon moi, on a toutes les cl\u00e9s en main pour venir rivaliser avec les autres nations. En revanche, ce qui est s\u00fbr et certain, c&rsquo;est que le range, c\u2019est-\u00e0-dire la fourchette de temp\u00e9rature et de condition dans laquelle les nouveaux farts fonctionnent, est bien plus \u00e9troite que les farts fluor\u00e9s, donc on aura beaucoup moins le droit \u00e0 l&rsquo;erreur que pr\u00e9c\u00e9demment.<\/p>\n","protected":false},"excerpt":{"rendered":"<p>COUPE DU MONDE DE BIATHLON 2023-2024 \u2013 \u00c0 quelques jours du d\u00e9but de la saison de Coupe du monde, Simon Fourcade, nouvel entra\u00eeneur de l\u2019\u00e9quipe de France masculine, revient sur son adaptation \u00e0 sa nouvelle fonction, les objectifs de la saison et la pol\u00e9mique sur les nouveaux farts sans fluor.<\/p>\n","protected":false},"author":80,"featured_media":439315,"comment_status":"open","ping_status":"closed","sticky":false,"template":"","format":"standard","meta":{"_acf_changed":false,"_daextam_enable_autolinks":"1","footnotes":""},"categories":[47040],"tags":[2427,16878,24],"class_list":["post-439184","post","type-post","status-publish","format-standard","has-post-thumbnail","hentry","category-coupe-du-monde-de-biathlon","tag-biathlon","tag-breve","tag-sport"],"acf":[],"yoast_head":"<!-- This site is optimized with the Yoast SEO Premium plugin v26.7 (Yoast SEO v26.7) - https:\/\/yoast.com\/wordpress\/plugins\/seo\/ -->\n<title>Simon Fourcade : \u00ab Les Fran\u00e7ais sont dans de bonnes dispositions pour pouvoir performer \u00e0 \u00d6stersund \u00bb<\/title>\n<meta name=\"description\" content=\"BIATHLON - Simon Fourcade revient sur son adaptation \u00e0 sa nouvelle fonction, les objectifs de la saison, et les nouveaux farts sans fluor.\" \/>\n<meta name=\"robots\" content=\"index, follow, max-snippet:-1, max-image-preview:large, max-video-preview:-1\" \/>\n<link rel=\"canonical\" href=\"https:\/\/dicodusport.fr\/blog\/simon-fourcade-les-francais-sont-dans-de-bonnes-dispositions-pour-pouvoir-performer-a-ostersund\/\" \/>\n<meta property=\"og:locale\" content=\"fr_FR\" \/>\n<meta property=\"og:type\" content=\"article\" \/>\n<meta property=\"og:title\" content=\"Simon Fourcade : \u00ab Les Fran\u00e7ais sont dans de bonnes dispositions pour pouvoir performer \u00e0 \u00d6stersund \u00bb\" \/>\n<meta property=\"og:description\" content=\"BIATHLON - Simon Fourcade revient sur son adaptation \u00e0 sa nouvelle fonction, les objectifs de la saison, et les nouveaux farts sans fluor.\" \/>\n<meta property=\"og:url\" content=\"https:\/\/dicodusport.fr\/blog\/simon-fourcade-les-francais-sont-dans-de-bonnes-dispositions-pour-pouvoir-performer-a-ostersund\/\" \/>\n<meta property=\"og:site_name\" content=\"Dicodusport\" \/>\n<meta property=\"article:publisher\" content=\"https:\/\/www.facebook.com\/dicodusport\" \/>\n<meta property=\"article:author\" content=\"https:\/\/www.facebook.com\/profile.php?id=100009753662352\" \/>\n<meta property=\"article:published_time\" content=\"2023-11-23T11:00:41+00:00\" \/>\n<meta property=\"article:modified_time\" content=\"2023-11-24T12:41:06+00:00\" \/>\n<meta property=\"og:image\" content=\"https:\/\/dicodusport.fr\/blog\/wp-content\/uploads\/2023\/11\/Simon-Fourcade-Les-Francais-sont-dans-de-bonnes-dispositions-pour-pouvoir-performer-a-Ostersund-.png\" \/>\n\t<meta property=\"og:image:width\" content=\"800\" \/>\n\t<meta property=\"og:image:height\" content=\"445\" \/>\n\t<meta property=\"og:image:type\" content=\"image\/png\" \/>\n<meta name=\"author\" content=\"Killian Tanguy\" \/>\n<meta name=\"twitter:card\" content=\"summary_large_image\" \/>\n<meta name=\"twitter:title\" content=\"Simon Fourcade : \u00ab Les Fran\u00e7ais sont dans de bonnes dispositions pour pouvoir performer \u00e0 \u00d6stersund \u00bb\" \/>\n<meta name=\"twitter:creator\" content=\"@https:\/\/twitter.com\/sport_ktanguy\" \/>\n<meta name=\"twitter:site\" content=\"@dicodusport\" \/>\n<script type=\"application\/ld+json\" class=\"yoast-schema-graph\">{\"@context\":\"https:\/\/schema.org\",\"@graph\":[{\"@type\":\"NewsArticle\",\"@id\":\"https:\/\/dicodusport.fr\/blog\/simon-fourcade-les-francais-sont-dans-de-bonnes-dispositions-pour-pouvoir-performer-a-ostersund\/#article\",\"isPartOf\":{\"@id\":\"https:\/\/dicodusport.fr\/blog\/simon-fourcade-les-francais-sont-dans-de-bonnes-dispositions-pour-pouvoir-performer-a-ostersund\/\"},\"author\":{\"name\":\"Killian Tanguy\",\"@id\":\"https:\/\/dicodusport.fr\/blog\/#\/schema\/person\/ff2feeb71ea78ad31eeb3390ffe96b46\"},\"headline\":\"Simon Fourcade : \u00ab Les Fran\u00e7ais sont dans de bonnes dispositions pour pouvoir performer \u00e0 \u00d6stersund \u00bb\",\"datePublished\":\"2023-11-23T11:00:41+00:00\",\"dateModified\":\"2023-11-24T12:41:06+00:00\",\"mainEntityOfPage\":{\"@id\":\"https:\/\/dicodusport.fr\/blog\/simon-fourcade-les-francais-sont-dans-de-bonnes-dispositions-pour-pouvoir-performer-a-ostersund\/\"},\"wordCount\":1617,\"commentCount\":0,\"publisher\":{\"@id\":\"https:\/\/dicodusport.fr\/blog\/#organization\"},\"image\":{\"@id\":\"https:\/\/dicodusport.fr\/blog\/simon-fourcade-les-francais-sont-dans-de-bonnes-dispositions-pour-pouvoir-performer-a-ostersund\/#primaryimage\"},\"thumbnailUrl\":\"https:\/\/dicodusport.fr\/blog\/wp-content\/uploads\/2023\/11\/Simon-Fourcade-Les-Francais-sont-dans-de-bonnes-dispositions-pour-pouvoir-performer-a-Ostersund-.png\",\"keywords\":[\"Biathlon\",\"br\u00e8ve\",\"sport\"],\"articleSection\":[\"Coupe du monde de biathlon\"],\"inLanguage\":\"fr-FR\",\"potentialAction\":[{\"@type\":\"CommentAction\",\"name\":\"Comment\",\"target\":[\"https:\/\/dicodusport.fr\/blog\/simon-fourcade-les-francais-sont-dans-de-bonnes-dispositions-pour-pouvoir-performer-a-ostersund\/#respond\"]}],\"copyrightYear\":\"2023\",\"copyrightHolder\":{\"@id\":\"https:\/\/dicodusport.fr\/blog\/#organization\"}},{\"@type\":\"WebPage\",\"@id\":\"https:\/\/dicodusport.fr\/blog\/simon-fourcade-les-francais-sont-dans-de-bonnes-dispositions-pour-pouvoir-performer-a-ostersund\/\",\"url\":\"https:\/\/dicodusport.fr\/blog\/simon-fourcade-les-francais-sont-dans-de-bonnes-dispositions-pour-pouvoir-performer-a-ostersund\/\",\"name\":\"Simon Fourcade : \u00ab Les Fran\u00e7ais sont dans de bonnes dispositions pour pouvoir performer \u00e0 \u00d6stersund \u00bb\",\"isPartOf\":{\"@id\":\"https:\/\/dicodusport.fr\/blog\/#website\"},\"primaryImageOfPage\":{\"@id\":\"https:\/\/dicodusport.fr\/blog\/simon-fourcade-les-francais-sont-dans-de-bonnes-dispositions-pour-pouvoir-performer-a-ostersund\/#primaryimage\"},\"image\":{\"@id\":\"https:\/\/dicodusport.fr\/blog\/simon-fourcade-les-francais-sont-dans-de-bonnes-dispositions-pour-pouvoir-performer-a-ostersund\/#primaryimage\"},\"thumbnailUrl\":\"https:\/\/dicodusport.fr\/blog\/wp-content\/uploads\/2023\/11\/Simon-Fourcade-Les-Francais-sont-dans-de-bonnes-dispositions-pour-pouvoir-performer-a-Ostersund-.png\",\"datePublished\":\"2023-11-23T11:00:41+00:00\",\"dateModified\":\"2023-11-24T12:41:06+00:00\",\"description\":\"BIATHLON - Simon Fourcade revient sur son adaptation \u00e0 sa nouvelle fonction, les objectifs de la saison, et les nouveaux farts sans fluor.\",\"breadcrumb\":{\"@id\":\"https:\/\/dicodusport.fr\/blog\/simon-fourcade-les-francais-sont-dans-de-bonnes-dispositions-pour-pouvoir-performer-a-ostersund\/#breadcrumb\"},\"inLanguage\":\"fr-FR\",\"potentialAction\":[{\"@type\":\"ReadAction\",\"target\":[\"https:\/\/dicodusport.fr\/blog\/simon-fourcade-les-francais-sont-dans-de-bonnes-dispositions-pour-pouvoir-performer-a-ostersund\/\"]}]},{\"@type\":\"ImageObject\",\"inLanguage\":\"fr-FR\",\"@id\":\"https:\/\/dicodusport.fr\/blog\/simon-fourcade-les-francais-sont-dans-de-bonnes-dispositions-pour-pouvoir-performer-a-ostersund\/#primaryimage\",\"url\":\"https:\/\/dicodusport.fr\/blog\/wp-content\/uploads\/2023\/11\/Simon-Fourcade-Les-Francais-sont-dans-de-bonnes-dispositions-pour-pouvoir-performer-a-Ostersund-.png\",\"contentUrl\":\"https:\/\/dicodusport.fr\/blog\/wp-content\/uploads\/2023\/11\/Simon-Fourcade-Les-Francais-sont-dans-de-bonnes-dispositions-pour-pouvoir-performer-a-Ostersund-.png\",\"width\":800,\"height\":445,\"caption\":\"Simon Fourcade \u00ab Les Fran\u00e7ais sont dans de bonnes dispositions pour pouvoir performer \u00e0 \u00d6stersund \u00bb\"},{\"@type\":\"BreadcrumbList\",\"@id\":\"https:\/\/dicodusport.fr\/blog\/simon-fourcade-les-francais-sont-dans-de-bonnes-dispositions-pour-pouvoir-performer-a-ostersund\/#breadcrumb\",\"itemListElement\":[{\"@type\":\"ListItem\",\"position\":1,\"name\":\"Accueil\",\"item\":\"https:\/\/dicodusport.fr\/blog\/\"},{\"@type\":\"ListItem\",\"position\":2,\"name\":\"Simon Fourcade : \u00ab Les Fran\u00e7ais sont dans de bonnes dispositions pour pouvoir performer \u00e0 \u00d6stersund \u00bb\"}]},{\"@type\":\"WebSite\",\"@id\":\"https:\/\/dicodusport.fr\/blog\/#website\",\"url\":\"https:\/\/dicodusport.fr\/blog\/\",\"name\":\"Dicodusport\",\"description\":\"L&#039;encyclop\u00e9die de l&#039;actualit\u00e9 sportive\",\"publisher\":{\"@id\":\"https:\/\/dicodusport.fr\/blog\/#organization\"},\"potentialAction\":[{\"@type\":\"SearchAction\",\"target\":{\"@type\":\"EntryPoint\",\"urlTemplate\":\"https:\/\/dicodusport.fr\/blog\/?s={search_term_string}\"},\"query-input\":{\"@type\":\"PropertyValueSpecification\",\"valueRequired\":true,\"valueName\":\"search_term_string\"}}],\"inLanguage\":\"fr-FR\"},{\"@type\":\"NewsMediaOrganization\",\"@id\":\"https:\/\/dicodusport.fr\/blog\/#organization\",\"name\":\"Dicodusport\",\"url\":\"https:\/\/dicodusport.fr\/blog\/\",\"logo\":{\"@type\":\"ImageObject\",\"inLanguage\":\"fr-FR\",\"@id\":\"https:\/\/dicodusport.fr\/blog\/#\/schema\/logo\/image\/\",\"url\":\"https:\/\/dicodusport.fr\/blog\/wp-content\/uploads\/2020\/06\/cropped-LOGO-DICODUSPORT-2020-SANS-FOND-SANS-TEXTE.png\",\"contentUrl\":\"https:\/\/dicodusport.fr\/blog\/wp-content\/uploads\/2020\/06\/cropped-LOGO-DICODUSPORT-2020-SANS-FOND-SANS-TEXTE.png\",\"width\":512,\"height\":512,\"caption\":\"Dicodusport\"},\"image\":{\"@id\":\"https:\/\/dicodusport.fr\/blog\/#\/schema\/logo\/image\/\"},\"sameAs\":[\"https:\/\/www.facebook.com\/dicodusport\",\"https:\/\/x.com\/dicodusport\",\"https:\/\/www.instagram.com\/dicodusport\/\",\"https:\/\/www.youtube.com\/channel\/UC7V2KZ5sd3htJivAbA4ZG3w\"],\"description\":\"Dicodusport est l'encyclop\u00e9die de l'actualit\u00e9 sportive.\",\"email\":\"bonjour@dicodusport.fr\",\"legalName\":\"DICODUSPORT\",\"foundingDate\":\"2018-01-14\",\"vatID\":\"FR71834470973\",\"taxID\":\"83447097300043\",\"numberOfEmployees\":{\"@type\":\"QuantitativeValue\",\"minValue\":\"1\",\"maxValue\":\"10\"}},{\"@type\":\"Person\",\"@id\":\"https:\/\/dicodusport.fr\/blog\/#\/schema\/person\/ff2feeb71ea78ad31eeb3390ffe96b46\",\"name\":\"Killian Tanguy\",\"image\":{\"@type\":\"ImageObject\",\"inLanguage\":\"fr-FR\",\"@id\":\"https:\/\/dicodusport.fr\/blog\/#\/schema\/person\/image\/\",\"url\":\"https:\/\/dicodusport.fr\/blog\/wp-content\/uploads\/2022\/12\/Killian-Tanguy-150x150.png\",\"contentUrl\":\"https:\/\/dicodusport.fr\/blog\/wp-content\/uploads\/2022\/12\/Killian-Tanguy-150x150.png\",\"caption\":\"Killian Tanguy\"},\"description\":\"Journaliste qui parle de tout et surtout de sport. Rugby, handball, sports d'hiver, football, cyclisme... Et ce que j'aime par-dessus tout : couvrir une discipline que je ne connais pas. Rien de mieux pour s'enrichir et apprendre.\",\"sameAs\":[\"https:\/\/killiantanguy.wixsite.com\/monsite\",\"https:\/\/www.facebook.com\/profile.php?id=100009753662352\",\"https:\/\/www.instagram.com\/sport.killiantanguy\/\",\"https:\/\/www.linkedin.com\/in\/killiantanguy\/\",\"https:\/\/x.com\/https:\/\/twitter.com\/sport_ktanguy\",\"https:\/\/www.youtube.com\/channel\/UCRfZkHKJL0wK7wvnJjCry-Q\"],\"url\":\"https:\/\/dicodusport.fr\/blog\/author\/killian-tanguy\/\"}]}<\/script>\n<!-- \/ Yoast SEO Premium plugin. -->","yoast_head_json":{"title":"Simon Fourcade : \u00ab Les Fran\u00e7ais sont dans de bonnes dispositions pour pouvoir performer \u00e0 \u00d6stersund \u00bb","description":"BIATHLON - Simon Fourcade revient sur son adaptation \u00e0 sa nouvelle fonction, les objectifs de la saison, et les nouveaux farts sans fluor.","robots":{"index":"index","follow":"follow","max-snippet":"max-snippet:-1","max-image-preview":"max-image-preview:large","max-video-preview":"max-video-preview:-1"},"canonical":"https:\/\/dicodusport.fr\/blog\/simon-fourcade-les-francais-sont-dans-de-bonnes-dispositions-pour-pouvoir-performer-a-ostersund\/","og_locale":"fr_FR","og_type":"article","og_title":"Simon Fourcade : \u00ab Les Fran\u00e7ais sont dans de bonnes dispositions pour pouvoir performer \u00e0 \u00d6stersund \u00bb","og_description":"BIATHLON - Simon Fourcade revient sur son adaptation \u00e0 sa nouvelle fonction, les objectifs de la saison, et les nouveaux farts sans fluor.","og_url":"https:\/\/dicodusport.fr\/blog\/simon-fourcade-les-francais-sont-dans-de-bonnes-dispositions-pour-pouvoir-performer-a-ostersund\/","og_site_name":"Dicodusport","article_publisher":"https:\/\/www.facebook.com\/dicodusport","article_author":"https:\/\/www.facebook.com\/profile.php?id=100009753662352","article_published_time":"2023-11-23T11:00:41+00:00","article_modified_time":"2023-11-24T12:41:06+00:00","og_image":[{"width":800,"height":445,"url":"https:\/\/dicodusport.fr\/blog\/wp-content\/uploads\/2023\/11\/Simon-Fourcade-Les-Francais-sont-dans-de-bonnes-dispositions-pour-pouvoir-performer-a-Ostersund-.png","type":"image\/png"}],"author":"Killian Tanguy","twitter_card":"summary_large_image","twitter_title":"Simon Fourcade : \u00ab Les Fran\u00e7ais sont dans de bonnes dispositions pour pouvoir performer \u00e0 \u00d6stersund \u00bb","twitter_creator":"@https:\/\/twitter.com\/sport_ktanguy","twitter_site":"@dicodusport","schema":{"@context":"https:\/\/schema.org","@graph":[{"@type":"NewsArticle","@id":"https:\/\/dicodusport.fr\/blog\/simon-fourcade-les-francais-sont-dans-de-bonnes-dispositions-pour-pouvoir-performer-a-ostersund\/#article","isPartOf":{"@id":"https:\/\/dicodusport.fr\/blog\/simon-fourcade-les-francais-sont-dans-de-bonnes-dispositions-pour-pouvoir-performer-a-ostersund\/"},"author":{"name":"Killian Tanguy","@id":"https:\/\/dicodusport.fr\/blog\/#\/schema\/person\/ff2feeb71ea78ad31eeb3390ffe96b46"},"headline":"Simon Fourcade : \u00ab Les Fran\u00e7ais sont dans de bonnes dispositions pour pouvoir performer \u00e0 \u00d6stersund \u00bb","datePublished":"2023-11-23T11:00:41+00:00","dateModified":"2023-11-24T12:41:06+00:00","mainEntityOfPage":{"@id":"https:\/\/dicodusport.fr\/blog\/simon-fourcade-les-francais-sont-dans-de-bonnes-dispositions-pour-pouvoir-performer-a-ostersund\/"},"wordCount":1617,"commentCount":0,"publisher":{"@id":"https:\/\/dicodusport.fr\/blog\/#organization"},"image":{"@id":"https:\/\/dicodusport.fr\/blog\/simon-fourcade-les-francais-sont-dans-de-bonnes-dispositions-pour-pouvoir-performer-a-ostersund\/#primaryimage"},"thumbnailUrl":"https:\/\/dicodusport.fr\/blog\/wp-content\/uploads\/2023\/11\/Simon-Fourcade-Les-Francais-sont-dans-de-bonnes-dispositions-pour-pouvoir-performer-a-Ostersund-.png","keywords":["Biathlon","br\u00e8ve","sport"],"articleSection":["Coupe du monde de biathlon"],"inLanguage":"fr-FR","potentialAction":[{"@type":"CommentAction","name":"Comment","target":["https:\/\/dicodusport.fr\/blog\/simon-fourcade-les-francais-sont-dans-de-bonnes-dispositions-pour-pouvoir-performer-a-ostersund\/#respond"]}],"copyrightYear":"2023","copyrightHolder":{"@id":"https:\/\/dicodusport.fr\/blog\/#organization"}},{"@type":"WebPage","@id":"https:\/\/dicodusport.fr\/blog\/simon-fourcade-les-francais-sont-dans-de-bonnes-dispositions-pour-pouvoir-performer-a-ostersund\/","url":"https:\/\/dicodusport.fr\/blog\/simon-fourcade-les-francais-sont-dans-de-bonnes-dispositions-pour-pouvoir-performer-a-ostersund\/","name":"Simon Fourcade : \u00ab Les Fran\u00e7ais sont dans de bonnes dispositions pour pouvoir performer \u00e0 \u00d6stersund \u00bb","isPartOf":{"@id":"https:\/\/dicodusport.fr\/blog\/#website"},"primaryImageOfPage":{"@id":"https:\/\/dicodusport.fr\/blog\/simon-fourcade-les-francais-sont-dans-de-bonnes-dispositions-pour-pouvoir-performer-a-ostersund\/#primaryimage"},"image":{"@id":"https:\/\/dicodusport.fr\/blog\/simon-fourcade-les-francais-sont-dans-de-bonnes-dispositions-pour-pouvoir-performer-a-ostersund\/#primaryimage"},"thumbnailUrl":"https:\/\/dicodusport.fr\/blog\/wp-content\/uploads\/2023\/11\/Simon-Fourcade-Les-Francais-sont-dans-de-bonnes-dispositions-pour-pouvoir-performer-a-Ostersund-.png","datePublished":"2023-11-23T11:00:41+00:00","dateModified":"2023-11-24T12:41:06+00:00","description":"BIATHLON - Simon Fourcade revient sur son adaptation \u00e0 sa nouvelle fonction, les objectifs de la saison, et les nouveaux farts sans fluor.","breadcrumb":{"@id":"https:\/\/dicodusport.fr\/blog\/simon-fourcade-les-francais-sont-dans-de-bonnes-dispositions-pour-pouvoir-performer-a-ostersund\/#breadcrumb"},"inLanguage":"fr-FR","potentialAction":[{"@type":"ReadAction","target":["https:\/\/dicodusport.fr\/blog\/simon-fourcade-les-francais-sont-dans-de-bonnes-dispositions-pour-pouvoir-performer-a-ostersund\/"]}]},{"@type":"ImageObject","inLanguage":"fr-FR","@id":"https:\/\/dicodusport.fr\/blog\/simon-fourcade-les-francais-sont-dans-de-bonnes-dispositions-pour-pouvoir-performer-a-ostersund\/#primaryimage","url":"https:\/\/dicodusport.fr\/blog\/wp-content\/uploads\/2023\/11\/Simon-Fourcade-Les-Francais-sont-dans-de-bonnes-dispositions-pour-pouvoir-performer-a-Ostersund-.png","contentUrl":"https:\/\/dicodusport.fr\/blog\/wp-content\/uploads\/2023\/11\/Simon-Fourcade-Les-Francais-sont-dans-de-bonnes-dispositions-pour-pouvoir-performer-a-Ostersund-.png","width":800,"height":445,"caption":"Simon Fourcade \u00ab Les Fran\u00e7ais sont dans de bonnes dispositions pour pouvoir performer \u00e0 \u00d6stersund \u00bb"},{"@type":"BreadcrumbList","@id":"https:\/\/dicodusport.fr\/blog\/simon-fourcade-les-francais-sont-dans-de-bonnes-dispositions-pour-pouvoir-performer-a-ostersund\/#breadcrumb","itemListElement":[{"@type":"ListItem","position":1,"name":"Accueil","item":"https:\/\/dicodusport.fr\/blog\/"},{"@type":"ListItem","position":2,"name":"Simon Fourcade : \u00ab Les Fran\u00e7ais sont dans de bonnes dispositions pour pouvoir performer \u00e0 \u00d6stersund \u00bb"}]},{"@type":"WebSite","@id":"https:\/\/dicodusport.fr\/blog\/#website","url":"https:\/\/dicodusport.fr\/blog\/","name":"Dicodusport","description":"L&#039;encyclop\u00e9die de l&#039;actualit\u00e9 sportive","publisher":{"@id":"https:\/\/dicodusport.fr\/blog\/#organization"},"potentialAction":[{"@type":"SearchAction","target":{"@type":"EntryPoint","urlTemplate":"https:\/\/dicodusport.fr\/blog\/?s={search_term_string}"},"query-input":{"@type":"PropertyValueSpecification","valueRequired":true,"valueName":"search_term_string"}}],"inLanguage":"fr-FR"},{"@type":"NewsMediaOrganization","@id":"https:\/\/dicodusport.fr\/blog\/#organization","name":"Dicodusport","url":"https:\/\/dicodusport.fr\/blog\/","logo":{"@type":"ImageObject","inLanguage":"fr-FR","@id":"https:\/\/dicodusport.fr\/blog\/#\/schema\/logo\/image\/","url":"https:\/\/dicodusport.fr\/blog\/wp-content\/uploads\/2020\/06\/cropped-LOGO-DICODUSPORT-2020-SANS-FOND-SANS-TEXTE.png","contentUrl":"https:\/\/dicodusport.fr\/blog\/wp-content\/uploads\/2020\/06\/cropped-LOGO-DICODUSPORT-2020-SANS-FOND-SANS-TEXTE.png","width":512,"height":512,"caption":"Dicodusport"},"image":{"@id":"https:\/\/dicodusport.fr\/blog\/#\/schema\/logo\/image\/"},"sameAs":["https:\/\/www.facebook.com\/dicodusport","https:\/\/x.com\/dicodusport","https:\/\/www.instagram.com\/dicodusport\/","https:\/\/www.youtube.com\/channel\/UC7V2KZ5sd3htJivAbA4ZG3w"],"description":"Dicodusport est l'encyclop\u00e9die de l'actualit\u00e9 sportive.","email":"bonjour@dicodusport.fr","legalName":"DICODUSPORT","foundingDate":"2018-01-14","vatID":"FR71834470973","taxID":"83447097300043","numberOfEmployees":{"@type":"QuantitativeValue","minValue":"1","maxValue":"10"}},{"@type":"Person","@id":"https:\/\/dicodusport.fr\/blog\/#\/schema\/person\/ff2feeb71ea78ad31eeb3390ffe96b46","name":"Killian Tanguy","image":{"@type":"ImageObject","inLanguage":"fr-FR","@id":"https:\/\/dicodusport.fr\/blog\/#\/schema\/person\/image\/","url":"https:\/\/dicodusport.fr\/blog\/wp-content\/uploads\/2022\/12\/Killian-Tanguy-150x150.png","contentUrl":"https:\/\/dicodusport.fr\/blog\/wp-content\/uploads\/2022\/12\/Killian-Tanguy-150x150.png","caption":"Killian Tanguy"},"description":"Journaliste qui parle de tout et surtout de sport. Rugby, handball, sports d'hiver, football, cyclisme... Et ce que j'aime par-dessus tout : couvrir une discipline que je ne connais pas. Rien de mieux pour s'enrichir et apprendre.","sameAs":["https:\/\/killiantanguy.wixsite.com\/monsite","https:\/\/www.facebook.com\/profile.php?id=100009753662352","https:\/\/www.instagram.com\/sport.killiantanguy\/","https:\/\/www.linkedin.com\/in\/killiantanguy\/","https:\/\/x.com\/https:\/\/twitter.com\/sport_ktanguy","https:\/\/www.youtube.com\/channel\/UCRfZkHKJL0wK7wvnJjCry-Q"],"url":"https:\/\/dicodusport.fr\/blog\/author\/killian-tanguy\/"}]}},"_links":{"self":[{"href":"https:\/\/dicodusport.fr\/blog\/wp-json\/wp\/v2\/posts\/439184","targetHints":{"allow":["GET"]}}],"collection":[{"href":"https:\/\/dicodusport.fr\/blog\/wp-json\/wp\/v2\/posts"}],"about":[{"href":"https:\/\/dicodusport.fr\/blog\/wp-json\/wp\/v2\/types\/post"}],"author":[{"embeddable":true,"href":"https:\/\/dicodusport.fr\/blog\/wp-json\/wp\/v2\/users\/80"}],"replies":[{"embeddable":true,"href":"https:\/\/dicodusport.fr\/blog\/wp-json\/wp\/v2\/comments?post=439184"}],"version-history":[{"count":6,"href":"https:\/\/dicodusport.fr\/blog\/wp-json\/wp\/v2\/posts\/439184\/revisions"}],"predecessor-version":[{"id":439309,"href":"https:\/\/dicodusport.fr\/blog\/wp-json\/wp\/v2\/posts\/439184\/revisions\/439309"}],"wp:featuredmedia":[{"embeddable":true,"href":"https:\/\/dicodusport.fr\/blog\/wp-json\/wp\/v2\/media\/439315"}],"wp:attachment":[{"href":"https:\/\/dicodusport.fr\/blog\/wp-json\/wp\/v2\/media?parent=439184"}],"wp:term":[{"taxonomy":"category","embeddable":true,"href":"https:\/\/dicodusport.fr\/blog\/wp-json\/wp\/v2\/categories?post=439184"},{"taxonomy":"post_tag","embeddable":true,"href":"https:\/\/dicodusport.fr\/blog\/wp-json\/wp\/v2\/tags?post=439184"}],"curies":[{"name":"wp","href":"https:\/\/api.w.org\/{rel}","templated":true}]}}