{"id":439394,"date":"2023-11-24T13:26:43","date_gmt":"2023-11-24T12:26:43","guid":{"rendered":"https:\/\/dicodusport.fr\/blog\/?p=439394&#038;preview=true&#038;preview_id=439394"},"modified":"2023-11-25T01:27:17","modified_gmt":"2023-11-25T00:27:17","slug":"emilien-jacquelin-les-cles-du-succes-entre-ses-mains","status":"publish","type":"post","link":"https:\/\/dicodusport.fr\/blog\/emilien-jacquelin-les-cles-du-succes-entre-ses-mains\/","title":{"rendered":"\u00c9milien Jacquelin, les cl\u00e9s du succ\u00e8s entre ses mains"},"content":{"rendered":"<p style=\"text-align: justify;\"><strong><em><a href=\"https:\/\/dicodusport.fr\/blog\/actualites\/biathlon\/coupe-du-monde-de-biathlon-2023-2024\/\">COUPE DU MONDE DE BIATHLON 2023-2024<\/a> \u2013 Apr\u00e8s deux saisons mitig\u00e9es, \u00c9milien Jacquelin peut se remettre en selle et retrouver les sommets du biathlon. D\u00e8s ce week-end, <a href=\"https:\/\/dicodusport.fr\/blog\/biathlon-etape-ostersund-2023-programme-complet-et-resultats\/\">\u00e0 Ostersund<\/a> ?<\/em><\/strong><\/p>\n<ul>\n<li style=\"text-align: justify;\"><strong>\u00c0 lire aussi \u2013\u00a0<a href=\"https:\/\/dicodusport.fr\/blog\/coupe-du-monde-de-biathlon-quattendre-de-lequipe-de-france-masculine\/\">Coupe du monde de biathlon : Qu\u2019attendre de l\u2019\u00e9quipe de France masculine ?<\/a><\/strong><\/li>\n<\/ul>\n<p style=\"text-align: justify;\"><strong>\u00c9milien<\/strong> <strong>Jacquelin<\/strong> n&rsquo;est pas <strong>Martin<\/strong> <strong>Fourcade<\/strong>. Et si cette phrase semble tomber sous le sens, elle ne l&rsquo;a pas forc\u00e9ment \u00e9t\u00e9 pour le champion tricolore, qui s&rsquo;est \u00e9gar\u00e9 en chemin. En avril 2022, alors qu&rsquo;il nous confiait que son passage \u00e0 vide r\u00e9cent \u00e9tait mental, il avait aussi \u00e9voqu\u00e9 la comparaison avec son a\u00een\u00e9. \u00c0 vouloir ressembler \u00e0 son idole, il a oubli\u00e9 qui il \u00e9tait vraiment. Il nous expliquait \u00e0 l&rsquo;\u00e9poque.<\/p>\n<blockquote>\n<p style=\"text-align: justify;\">Je voulais mettre le \u00c9milien offensif de c\u00f4t\u00e9 pour tenter un tir plus calme \u00e0 la Martin Fourcade. Martin, c\u2019est Martin, et moi je suis moi, \u00e7a ne m\u2019a pas r\u00e9ussi, \u00e7a ne me va pas. Et surtout, ce n\u2019est pas en six mois que je vais r\u00e9volutionner un tir que je travaille depuis 10 ans, donc j\u2019ai fait une croix l\u00e0-dessus. Ma v\u00e9rit\u00e9, c\u2019est en fait de m\u2019accepter encore plus, \u00eatre moi-m\u00eame, et c\u2019est comme \u00e7a que j\u2019arriverai \u00e0 \u00eatre plus r\u00e9gulier.<\/p>\n<\/blockquote>\n<p style=\"text-align: justify;\">Lors de la saison 2022-2023 qui a suivi, l&rsquo;Is\u00e9rois a essay\u00e9 de se remettre dans son droit chemin, mais sans y parvenir pour de bon. <strong>\u00c9milien<\/strong> <strong>Jacquelin<\/strong> n&rsquo;avait plus r\u00e9ellement de plaisir, d\u00e9marrant les comp\u00e9titions la boule au ventre. Il a finalement d\u00e9cid\u00e9 de couper court \u00e0 sa saison pour se ressourcer et se remettre r\u00e9ellement \u00e0 l&rsquo;endroit. \u00c0 maintenant 28 ans, il n&rsquo;est plus le jeune champion du monde de la poursuite qui avait \u00e9merveill\u00e9 <strong>Antholz<\/strong> et <strong>Pokljuka.<\/strong><\/p>\n<blockquote class=\"twitter-tweet\">\n<p dir=\"ltr\" lang=\"fr\">\ud83c\uddeb\ud83c\uddf7\ud83c\uddeb\ud83c\uddf7\ud83c\uddeb\ud83c\uddf7\ud83c\uddeb\ud83c\uddf7<\/p>\n<p>EMILIEN JACQUELIN CHAMPION DU MONDE !!!<\/p>\n<p>\ud83d\ude0d Le Fran\u00e7ais conserve son titre sur la poursuite.<a href=\"https:\/\/twitter.com\/hashtag\/lequipeBIATHLON?src=hash&amp;ref_src=twsrc%5Etfw\">#lequipeBIATHLON<\/a> <a href=\"https:\/\/t.co\/FKuW68tIYB\">pic.twitter.com\/FKuW68tIYB<\/a><\/p>\n<p>\u2014 la chaine L&rsquo;\u00c9quipe (@lachainelequipe) <a href=\"https:\/\/twitter.com\/lachainelequipe\/status\/1360934071891865602?ref_src=twsrc%5Etfw\">February 14, 2021<\/a><\/p><\/blockquote>\n<p><script async src=\"https:\/\/platform.twitter.com\/widgets.js\" charset=\"utf-8\"><\/script><\/p>\n<h2 style=\"text-align: justify;\">\u00c9milien Jacquelin conscient de ses qualit\u00e9s<\/h2>\n<p style=\"text-align: justify;\">S&rsquo;il reste donc sur deux saisons plus d\u00e9cevantes, malgr\u00e9 quelques podiums en chemin, mais aussi le titre de champion du monde avec le relais masculin en f\u00e9vrier dernier, <strong>\u00c9milien<\/strong> <strong>Jacquelin<\/strong> semble \u00e0 sa crois\u00e9e des chemins. Conscient de son potentiel \u00e9norme, le biathl\u00e8te fran\u00e7ais doit r\u00e9ussir \u00e0 mettre en place son biathlon pour retrouver les sommets des classements mondiaux. Il est conscient d&rsquo;avoir les cl\u00e9s en mains et il lui reste \u00e0 trouver la serrure, et pas une seule fois, mais course apr\u00e8s course, semaine apr\u00e8s semaine.\u00a0 Il ne disait pas autrement r\u00e9cemment \u00e0 nos confr\u00e8res d&rsquo;<em>Eurosport<\/em>.<\/p>\n<blockquote>\n<p style=\"text-align: justify;\">Je pense que dans mon \u00e9volution, \u00e0 un moment donn\u00e9 j&rsquo;ai voulu fuir un petit peu ces responsabilit\u00e9s-l\u00e0, oui je sentais que tout le monde aurait aim\u00e9 que j&rsquo;aille vers un gros globe et moi je m&rsquo;en sentais pas encore capable. Je sais que j&rsquo;ai les capacit\u00e9s pour viser tr\u00e8s haut et je les assume. Au-del\u00e0 des r\u00e9sultats, je veux \u00eatre moi-m\u00eame et \u00e0 chaque course \u00eatre capable d&rsquo;avoir les dents longues et de me sublimer.<\/p>\n<\/blockquote>\n<p style=\"text-align: justify;\"><strong>\u00c9milien<\/strong> <strong>Jacquelin<\/strong> le sait donc, comme tout le monde du biathlon d&rsquo;ailleurs ou presque. S&rsquo;il se retrouve et qu&rsquo;il y ajoute un peu de constance, il est le biathl\u00e8te le plus arm\u00e9 pour concurrencer <strong>Johannes<\/strong> <strong>Boe<\/strong>. En plus de ses qualit\u00e9s physiques exceptionnelles, il poss\u00e8de un des meilleurs tirs du circuit, ce \u00e0 quoi il faut ajouter une vitesse \u00e9tourdissante sur le pas de tir. Le d\u00e9cor est plant\u00e9, l&rsquo;acteur est connu, \u00e0 lui maintenant de jouer son r\u00f4le comme il sait si bien le faire, pour faire se lever les foules durant tout l&rsquo;hiver.<\/p>\n","protected":false},"excerpt":{"rendered":"<p>COUPE DU MONDE DE BIATHLON 2023-2024 \u2013 Apr\u00e8s deux saisons mitig\u00e9es, \u00c9milien Jacquelin peut se remettre en selle et retrouver les sommets du biathlon. D\u00e8s ce week-end, \u00e0 Ostersund ?<\/p>\n","protected":false},"author":1,"featured_media":439396,"comment_status":"open","ping_status":"closed","sticky":false,"template":"","format":"standard","meta":{"_acf_changed":false,"_daextam_enable_autolinks":"1","footnotes":""},"categories":[47040],"tags":[16878,2692,2693,24],"class_list":["post-439394","post","type-post","status-publish","format-standard","has-post-thumbnail","hentry","category-coupe-du-monde-de-biathlon","tag-breve","tag-emilien-jacquelin","tag-jacquelin","tag-sport"],"acf":[],"yoast_head":"<!-- This site is optimized with the Yoast SEO Premium plugin v26.7 (Yoast SEO v26.7) - https:\/\/yoast.com\/wordpress\/plugins\/seo\/ -->\n<title>\u00c9milien Jacquelin, les cl\u00e9s du succ\u00e8s entre ses mains<\/title>\n<meta name=\"description\" content=\"COUPE DU MONDE DE BIATHLON 2023-2024 \u2013 Apr\u00e8s deux saisons mitig\u00e9es, \u00c9milien Jacquelin peut se remettre en selle et retrouver les sommets du biathlon. D\u00e8s ce week-end, \u00e0 Ostersund ?\" \/>\n<meta name=\"robots\" content=\"index, follow, max-snippet:-1, max-image-preview:large, max-video-preview:-1\" \/>\n<link rel=\"canonical\" href=\"https:\/\/dicodusport.fr\/blog\/emilien-jacquelin-les-cles-du-succes-entre-ses-mains\/\" \/>\n<meta property=\"og:locale\" content=\"fr_FR\" \/>\n<meta property=\"og:type\" content=\"article\" \/>\n<meta property=\"og:title\" content=\"\u00c9milien Jacquelin, les cl\u00e9s du succ\u00e8s entre ses mains\" \/>\n<meta property=\"og:description\" content=\"COUPE DU MONDE DE BIATHLON 2023-2024 \u2013 Apr\u00e8s deux saisons mitig\u00e9es, \u00c9milien Jacquelin peut se remettre en selle et retrouver les sommets du biathlon. D\u00e8s ce week-end, \u00e0 Ostersund ?\" \/>\n<meta property=\"og:url\" content=\"https:\/\/dicodusport.fr\/blog\/emilien-jacquelin-les-cles-du-succes-entre-ses-mains\/\" \/>\n<meta property=\"og:site_name\" content=\"Dicodusport\" \/>\n<meta property=\"article:publisher\" content=\"https:\/\/www.facebook.com\/dicodusport\" \/>\n<meta property=\"article:author\" content=\"https:\/\/www.facebook.com\/dicodusport\" \/>\n<meta property=\"article:published_time\" content=\"2023-11-24T12:26:43+00:00\" \/>\n<meta property=\"article:modified_time\" content=\"2023-11-25T00:27:17+00:00\" \/>\n<meta property=\"og:image\" content=\"https:\/\/dicodusport.fr\/blog\/wp-content\/uploads\/2023\/11\/Emilien-Jacquelin-les-cles-du-succes-entre-ses-mains.png\" \/>\n\t<meta property=\"og:image:width\" content=\"800\" \/>\n\t<meta property=\"og:image:height\" content=\"445\" \/>\n\t<meta property=\"og:image:type\" content=\"image\/png\" \/>\n<meta name=\"author\" content=\"Nicolas Jacquemard\" \/>\n<meta name=\"twitter:card\" content=\"summary_large_image\" \/>\n<meta name=\"twitter:title\" content=\"\u00c9milien Jacquelin, les cl\u00e9s du succ\u00e8s entre ses mains\" \/>\n<meta name=\"twitter:creator\" content=\"@https:\/\/twitter.com\/Nico_Jacquemard\" \/>\n<meta name=\"twitter:site\" content=\"@dicodusport\" \/>\n<script type=\"application\/ld+json\" class=\"yoast-schema-graph\">{\"@context\":\"https:\/\/schema.org\",\"@graph\":[{\"@type\":\"NewsArticle\",\"@id\":\"https:\/\/dicodusport.fr\/blog\/emilien-jacquelin-les-cles-du-succes-entre-ses-mains\/#article\",\"isPartOf\":{\"@id\":\"https:\/\/dicodusport.fr\/blog\/emilien-jacquelin-les-cles-du-succes-entre-ses-mains\/\"},\"author\":{\"name\":\"Nicolas Jacquemard\",\"@id\":\"https:\/\/dicodusport.fr\/blog\/#\/schema\/person\/55dcb50ad410894e431ed812bbb70191\"},\"headline\":\"\u00c9milien Jacquelin, les cl\u00e9s du succ\u00e8s entre ses mains\",\"datePublished\":\"2023-11-24T12:26:43+00:00\",\"dateModified\":\"2023-11-25T00:27:17+00:00\",\"mainEntityOfPage\":{\"@id\":\"https:\/\/dicodusport.fr\/blog\/emilien-jacquelin-les-cles-du-succes-entre-ses-mains\/\"},\"wordCount\":638,\"commentCount\":0,\"publisher\":{\"@id\":\"https:\/\/dicodusport.fr\/blog\/#organization\"},\"image\":{\"@id\":\"https:\/\/dicodusport.fr\/blog\/emilien-jacquelin-les-cles-du-succes-entre-ses-mains\/#primaryimage\"},\"thumbnailUrl\":\"https:\/\/dicodusport.fr\/blog\/wp-content\/uploads\/2023\/11\/Emilien-Jacquelin-les-cles-du-succes-entre-ses-mains.png\",\"keywords\":[\"br\u00e8ve\",\"Emilien Jacquelin\",\"Jacquelin\",\"sport\"],\"articleSection\":[\"Coupe du monde de biathlon\"],\"inLanguage\":\"fr-FR\",\"potentialAction\":[{\"@type\":\"CommentAction\",\"name\":\"Comment\",\"target\":[\"https:\/\/dicodusport.fr\/blog\/emilien-jacquelin-les-cles-du-succes-entre-ses-mains\/#respond\"]}],\"copyrightYear\":\"2023\",\"copyrightHolder\":{\"@id\":\"https:\/\/dicodusport.fr\/blog\/#organization\"}},{\"@type\":\"WebPage\",\"@id\":\"https:\/\/dicodusport.fr\/blog\/emilien-jacquelin-les-cles-du-succes-entre-ses-mains\/\",\"url\":\"https:\/\/dicodusport.fr\/blog\/emilien-jacquelin-les-cles-du-succes-entre-ses-mains\/\",\"name\":\"\u00c9milien Jacquelin, les cl\u00e9s du succ\u00e8s entre ses mains\",\"isPartOf\":{\"@id\":\"https:\/\/dicodusport.fr\/blog\/#website\"},\"primaryImageOfPage\":{\"@id\":\"https:\/\/dicodusport.fr\/blog\/emilien-jacquelin-les-cles-du-succes-entre-ses-mains\/#primaryimage\"},\"image\":{\"@id\":\"https:\/\/dicodusport.fr\/blog\/emilien-jacquelin-les-cles-du-succes-entre-ses-mains\/#primaryimage\"},\"thumbnailUrl\":\"https:\/\/dicodusport.fr\/blog\/wp-content\/uploads\/2023\/11\/Emilien-Jacquelin-les-cles-du-succes-entre-ses-mains.png\",\"datePublished\":\"2023-11-24T12:26:43+00:00\",\"dateModified\":\"2023-11-25T00:27:17+00:00\",\"description\":\"COUPE DU MONDE DE BIATHLON 2023-2024 \u2013 Apr\u00e8s deux saisons mitig\u00e9es, \u00c9milien Jacquelin peut se remettre en selle et retrouver les sommets du biathlon. D\u00e8s ce week-end, \u00e0 Ostersund ?\",\"breadcrumb\":{\"@id\":\"https:\/\/dicodusport.fr\/blog\/emilien-jacquelin-les-cles-du-succes-entre-ses-mains\/#breadcrumb\"},\"inLanguage\":\"fr-FR\",\"potentialAction\":[{\"@type\":\"ReadAction\",\"target\":[\"https:\/\/dicodusport.fr\/blog\/emilien-jacquelin-les-cles-du-succes-entre-ses-mains\/\"]}]},{\"@type\":\"ImageObject\",\"inLanguage\":\"fr-FR\",\"@id\":\"https:\/\/dicodusport.fr\/blog\/emilien-jacquelin-les-cles-du-succes-entre-ses-mains\/#primaryimage\",\"url\":\"https:\/\/dicodusport.fr\/blog\/wp-content\/uploads\/2023\/11\/Emilien-Jacquelin-les-cles-du-succes-entre-ses-mains.png\",\"contentUrl\":\"https:\/\/dicodusport.fr\/blog\/wp-content\/uploads\/2023\/11\/Emilien-Jacquelin-les-cles-du-succes-entre-ses-mains.png\",\"width\":800,\"height\":445},{\"@type\":\"BreadcrumbList\",\"@id\":\"https:\/\/dicodusport.fr\/blog\/emilien-jacquelin-les-cles-du-succes-entre-ses-mains\/#breadcrumb\",\"itemListElement\":[{\"@type\":\"ListItem\",\"position\":1,\"name\":\"Accueil\",\"item\":\"https:\/\/dicodusport.fr\/blog\/\"},{\"@type\":\"ListItem\",\"position\":2,\"name\":\"\u00c9milien Jacquelin, les cl\u00e9s du succ\u00e8s entre ses mains\"}]},{\"@type\":\"WebSite\",\"@id\":\"https:\/\/dicodusport.fr\/blog\/#website\",\"url\":\"https:\/\/dicodusport.fr\/blog\/\",\"name\":\"Dicodusport\",\"description\":\"L&#039;encyclop\u00e9die de l&#039;actualit\u00e9 sportive\",\"publisher\":{\"@id\":\"https:\/\/dicodusport.fr\/blog\/#organization\"},\"potentialAction\":[{\"@type\":\"SearchAction\",\"target\":{\"@type\":\"EntryPoint\",\"urlTemplate\":\"https:\/\/dicodusport.fr\/blog\/?s={search_term_string}\"},\"query-input\":{\"@type\":\"PropertyValueSpecification\",\"valueRequired\":true,\"valueName\":\"search_term_string\"}}],\"inLanguage\":\"fr-FR\"},{\"@type\":\"NewsMediaOrganization\",\"@id\":\"https:\/\/dicodusport.fr\/blog\/#organization\",\"name\":\"Dicodusport\",\"url\":\"https:\/\/dicodusport.fr\/blog\/\",\"logo\":{\"@type\":\"ImageObject\",\"inLanguage\":\"fr-FR\",\"@id\":\"https:\/\/dicodusport.fr\/blog\/#\/schema\/logo\/image\/\",\"url\":\"https:\/\/dicodusport.fr\/blog\/wp-content\/uploads\/2020\/06\/cropped-LOGO-DICODUSPORT-2020-SANS-FOND-SANS-TEXTE.png\",\"contentUrl\":\"https:\/\/dicodusport.fr\/blog\/wp-content\/uploads\/2020\/06\/cropped-LOGO-DICODUSPORT-2020-SANS-FOND-SANS-TEXTE.png\",\"width\":512,\"height\":512,\"caption\":\"Dicodusport\"},\"image\":{\"@id\":\"https:\/\/dicodusport.fr\/blog\/#\/schema\/logo\/image\/\"},\"sameAs\":[\"https:\/\/www.facebook.com\/dicodusport\",\"https:\/\/x.com\/dicodusport\",\"https:\/\/www.instagram.com\/dicodusport\/\",\"https:\/\/www.youtube.com\/channel\/UC7V2KZ5sd3htJivAbA4ZG3w\"],\"description\":\"Dicodusport est l'encyclop\u00e9die de l'actualit\u00e9 sportive.\",\"email\":\"bonjour@dicodusport.fr\",\"legalName\":\"DICODUSPORT\",\"foundingDate\":\"2018-01-14\",\"vatID\":\"FR71834470973\",\"taxID\":\"83447097300043\",\"numberOfEmployees\":{\"@type\":\"QuantitativeValue\",\"minValue\":\"1\",\"maxValue\":\"10\"}},{\"@type\":\"Person\",\"@id\":\"https:\/\/dicodusport.fr\/blog\/#\/schema\/person\/55dcb50ad410894e431ed812bbb70191\",\"name\":\"Nicolas Jacquemard\",\"image\":{\"@type\":\"ImageObject\",\"inLanguage\":\"fr-FR\",\"@id\":\"https:\/\/dicodusport.fr\/blog\/#\/schema\/person\/image\/\",\"url\":\"https:\/\/dicodusport.fr\/blog\/wp-content\/uploads\/2021\/05\/Nicolas-Jacquemard-150x150.jpeg\",\"contentUrl\":\"https:\/\/dicodusport.fr\/blog\/wp-content\/uploads\/2021\/05\/Nicolas-Jacquemard-150x150.jpeg\",\"caption\":\"Nicolas Jacquemard\"},\"description\":\"Passionn\u00e9 de sport et entrepreneur depuis mes 18 ans, la cr\u00e9ation de Dicodusport m'a sembl\u00e9 \u00e9vidente pour participer \u00e0 la m\u00e9diatisation d'un plus grand nombre de sports. Le chemin est long mais avec une \u00e9quipe des plus motiv\u00e9es et les Jeux Olympiques de Paris 2024 en point de mire, nous y arriverons ! Journaliste dans le monde du sport depuis plus de 5 ans, je traite aussi bien de football, de rugby, de biathlon que de cyclisme.\",\"sameAs\":[\"https:\/\/www.facebook.com\/dicodusport\",\"https:\/\/x.com\/https:\/\/twitter.com\/Nico_Jacquemard\"],\"url\":\"https:\/\/dicodusport.fr\/blog\/author\/dicodusport\/\"}]}<\/script>\n<!-- \/ Yoast SEO Premium plugin. -->","yoast_head_json":{"title":"\u00c9milien Jacquelin, les cl\u00e9s du succ\u00e8s entre ses mains","description":"COUPE DU MONDE DE BIATHLON 2023-2024 \u2013 Apr\u00e8s deux saisons mitig\u00e9es, \u00c9milien Jacquelin peut se remettre en selle et retrouver les sommets du biathlon. D\u00e8s ce week-end, \u00e0 Ostersund ?","robots":{"index":"index","follow":"follow","max-snippet":"max-snippet:-1","max-image-preview":"max-image-preview:large","max-video-preview":"max-video-preview:-1"},"canonical":"https:\/\/dicodusport.fr\/blog\/emilien-jacquelin-les-cles-du-succes-entre-ses-mains\/","og_locale":"fr_FR","og_type":"article","og_title":"\u00c9milien Jacquelin, les cl\u00e9s du succ\u00e8s entre ses mains","og_description":"COUPE DU MONDE DE BIATHLON 2023-2024 \u2013 Apr\u00e8s deux saisons mitig\u00e9es, \u00c9milien Jacquelin peut se remettre en selle et retrouver les sommets du biathlon. D\u00e8s ce week-end, \u00e0 Ostersund ?","og_url":"https:\/\/dicodusport.fr\/blog\/emilien-jacquelin-les-cles-du-succes-entre-ses-mains\/","og_site_name":"Dicodusport","article_publisher":"https:\/\/www.facebook.com\/dicodusport","article_author":"https:\/\/www.facebook.com\/dicodusport","article_published_time":"2023-11-24T12:26:43+00:00","article_modified_time":"2023-11-25T00:27:17+00:00","og_image":[{"width":800,"height":445,"url":"https:\/\/dicodusport.fr\/blog\/wp-content\/uploads\/2023\/11\/Emilien-Jacquelin-les-cles-du-succes-entre-ses-mains.png","type":"image\/png"}],"author":"Nicolas Jacquemard","twitter_card":"summary_large_image","twitter_title":"\u00c9milien Jacquelin, les cl\u00e9s du succ\u00e8s entre ses mains","twitter_creator":"@https:\/\/twitter.com\/Nico_Jacquemard","twitter_site":"@dicodusport","schema":{"@context":"https:\/\/schema.org","@graph":[{"@type":"NewsArticle","@id":"https:\/\/dicodusport.fr\/blog\/emilien-jacquelin-les-cles-du-succes-entre-ses-mains\/#article","isPartOf":{"@id":"https:\/\/dicodusport.fr\/blog\/emilien-jacquelin-les-cles-du-succes-entre-ses-mains\/"},"author":{"name":"Nicolas Jacquemard","@id":"https:\/\/dicodusport.fr\/blog\/#\/schema\/person\/55dcb50ad410894e431ed812bbb70191"},"headline":"\u00c9milien Jacquelin, les cl\u00e9s du succ\u00e8s entre ses mains","datePublished":"2023-11-24T12:26:43+00:00","dateModified":"2023-11-25T00:27:17+00:00","mainEntityOfPage":{"@id":"https:\/\/dicodusport.fr\/blog\/emilien-jacquelin-les-cles-du-succes-entre-ses-mains\/"},"wordCount":638,"commentCount":0,"publisher":{"@id":"https:\/\/dicodusport.fr\/blog\/#organization"},"image":{"@id":"https:\/\/dicodusport.fr\/blog\/emilien-jacquelin-les-cles-du-succes-entre-ses-mains\/#primaryimage"},"thumbnailUrl":"https:\/\/dicodusport.fr\/blog\/wp-content\/uploads\/2023\/11\/Emilien-Jacquelin-les-cles-du-succes-entre-ses-mains.png","keywords":["br\u00e8ve","Emilien Jacquelin","Jacquelin","sport"],"articleSection":["Coupe du monde de biathlon"],"inLanguage":"fr-FR","potentialAction":[{"@type":"CommentAction","name":"Comment","target":["https:\/\/dicodusport.fr\/blog\/emilien-jacquelin-les-cles-du-succes-entre-ses-mains\/#respond"]}],"copyrightYear":"2023","copyrightHolder":{"@id":"https:\/\/dicodusport.fr\/blog\/#organization"}},{"@type":"WebPage","@id":"https:\/\/dicodusport.fr\/blog\/emilien-jacquelin-les-cles-du-succes-entre-ses-mains\/","url":"https:\/\/dicodusport.fr\/blog\/emilien-jacquelin-les-cles-du-succes-entre-ses-mains\/","name":"\u00c9milien Jacquelin, les cl\u00e9s du succ\u00e8s entre ses mains","isPartOf":{"@id":"https:\/\/dicodusport.fr\/blog\/#website"},"primaryImageOfPage":{"@id":"https:\/\/dicodusport.fr\/blog\/emilien-jacquelin-les-cles-du-succes-entre-ses-mains\/#primaryimage"},"image":{"@id":"https:\/\/dicodusport.fr\/blog\/emilien-jacquelin-les-cles-du-succes-entre-ses-mains\/#primaryimage"},"thumbnailUrl":"https:\/\/dicodusport.fr\/blog\/wp-content\/uploads\/2023\/11\/Emilien-Jacquelin-les-cles-du-succes-entre-ses-mains.png","datePublished":"2023-11-24T12:26:43+00:00","dateModified":"2023-11-25T00:27:17+00:00","description":"COUPE DU MONDE DE BIATHLON 2023-2024 \u2013 Apr\u00e8s deux saisons mitig\u00e9es, \u00c9milien Jacquelin peut se remettre en selle et retrouver les sommets du biathlon. D\u00e8s ce week-end, \u00e0 Ostersund ?","breadcrumb":{"@id":"https:\/\/dicodusport.fr\/blog\/emilien-jacquelin-les-cles-du-succes-entre-ses-mains\/#breadcrumb"},"inLanguage":"fr-FR","potentialAction":[{"@type":"ReadAction","target":["https:\/\/dicodusport.fr\/blog\/emilien-jacquelin-les-cles-du-succes-entre-ses-mains\/"]}]},{"@type":"ImageObject","inLanguage":"fr-FR","@id":"https:\/\/dicodusport.fr\/blog\/emilien-jacquelin-les-cles-du-succes-entre-ses-mains\/#primaryimage","url":"https:\/\/dicodusport.fr\/blog\/wp-content\/uploads\/2023\/11\/Emilien-Jacquelin-les-cles-du-succes-entre-ses-mains.png","contentUrl":"https:\/\/dicodusport.fr\/blog\/wp-content\/uploads\/2023\/11\/Emilien-Jacquelin-les-cles-du-succes-entre-ses-mains.png","width":800,"height":445},{"@type":"BreadcrumbList","@id":"https:\/\/dicodusport.fr\/blog\/emilien-jacquelin-les-cles-du-succes-entre-ses-mains\/#breadcrumb","itemListElement":[{"@type":"ListItem","position":1,"name":"Accueil","item":"https:\/\/dicodusport.fr\/blog\/"},{"@type":"ListItem","position":2,"name":"\u00c9milien Jacquelin, les cl\u00e9s du succ\u00e8s entre ses mains"}]},{"@type":"WebSite","@id":"https:\/\/dicodusport.fr\/blog\/#website","url":"https:\/\/dicodusport.fr\/blog\/","name":"Dicodusport","description":"L&#039;encyclop\u00e9die de l&#039;actualit\u00e9 sportive","publisher":{"@id":"https:\/\/dicodusport.fr\/blog\/#organization"},"potentialAction":[{"@type":"SearchAction","target":{"@type":"EntryPoint","urlTemplate":"https:\/\/dicodusport.fr\/blog\/?s={search_term_string}"},"query-input":{"@type":"PropertyValueSpecification","valueRequired":true,"valueName":"search_term_string"}}],"inLanguage":"fr-FR"},{"@type":"NewsMediaOrganization","@id":"https:\/\/dicodusport.fr\/blog\/#organization","name":"Dicodusport","url":"https:\/\/dicodusport.fr\/blog\/","logo":{"@type":"ImageObject","inLanguage":"fr-FR","@id":"https:\/\/dicodusport.fr\/blog\/#\/schema\/logo\/image\/","url":"https:\/\/dicodusport.fr\/blog\/wp-content\/uploads\/2020\/06\/cropped-LOGO-DICODUSPORT-2020-SANS-FOND-SANS-TEXTE.png","contentUrl":"https:\/\/dicodusport.fr\/blog\/wp-content\/uploads\/2020\/06\/cropped-LOGO-DICODUSPORT-2020-SANS-FOND-SANS-TEXTE.png","width":512,"height":512,"caption":"Dicodusport"},"image":{"@id":"https:\/\/dicodusport.fr\/blog\/#\/schema\/logo\/image\/"},"sameAs":["https:\/\/www.facebook.com\/dicodusport","https:\/\/x.com\/dicodusport","https:\/\/www.instagram.com\/dicodusport\/","https:\/\/www.youtube.com\/channel\/UC7V2KZ5sd3htJivAbA4ZG3w"],"description":"Dicodusport est l'encyclop\u00e9die de l'actualit\u00e9 sportive.","email":"bonjour@dicodusport.fr","legalName":"DICODUSPORT","foundingDate":"2018-01-14","vatID":"FR71834470973","taxID":"83447097300043","numberOfEmployees":{"@type":"QuantitativeValue","minValue":"1","maxValue":"10"}},{"@type":"Person","@id":"https:\/\/dicodusport.fr\/blog\/#\/schema\/person\/55dcb50ad410894e431ed812bbb70191","name":"Nicolas Jacquemard","image":{"@type":"ImageObject","inLanguage":"fr-FR","@id":"https:\/\/dicodusport.fr\/blog\/#\/schema\/person\/image\/","url":"https:\/\/dicodusport.fr\/blog\/wp-content\/uploads\/2021\/05\/Nicolas-Jacquemard-150x150.jpeg","contentUrl":"https:\/\/dicodusport.fr\/blog\/wp-content\/uploads\/2021\/05\/Nicolas-Jacquemard-150x150.jpeg","caption":"Nicolas Jacquemard"},"description":"Passionn\u00e9 de sport et entrepreneur depuis mes 18 ans, la cr\u00e9ation de Dicodusport m'a sembl\u00e9 \u00e9vidente pour participer \u00e0 la m\u00e9diatisation d'un plus grand nombre de sports. Le chemin est long mais avec une \u00e9quipe des plus motiv\u00e9es et les Jeux Olympiques de Paris 2024 en point de mire, nous y arriverons ! Journaliste dans le monde du sport depuis plus de 5 ans, je traite aussi bien de football, de rugby, de biathlon que de cyclisme.","sameAs":["https:\/\/www.facebook.com\/dicodusport","https:\/\/x.com\/https:\/\/twitter.com\/Nico_Jacquemard"],"url":"https:\/\/dicodusport.fr\/blog\/author\/dicodusport\/"}]}},"_links":{"self":[{"href":"https:\/\/dicodusport.fr\/blog\/wp-json\/wp\/v2\/posts\/439394","targetHints":{"allow":["GET"]}}],"collection":[{"href":"https:\/\/dicodusport.fr\/blog\/wp-json\/wp\/v2\/posts"}],"about":[{"href":"https:\/\/dicodusport.fr\/blog\/wp-json\/wp\/v2\/types\/post"}],"author":[{"embeddable":true,"href":"https:\/\/dicodusport.fr\/blog\/wp-json\/wp\/v2\/users\/1"}],"replies":[{"embeddable":true,"href":"https:\/\/dicodusport.fr\/blog\/wp-json\/wp\/v2\/comments?post=439394"}],"version-history":[{"count":4,"href":"https:\/\/dicodusport.fr\/blog\/wp-json\/wp\/v2\/posts\/439394\/revisions"}],"predecessor-version":[{"id":439744,"href":"https:\/\/dicodusport.fr\/blog\/wp-json\/wp\/v2\/posts\/439394\/revisions\/439744"}],"wp:featuredmedia":[{"embeddable":true,"href":"https:\/\/dicodusport.fr\/blog\/wp-json\/wp\/v2\/media\/439396"}],"wp:attachment":[{"href":"https:\/\/dicodusport.fr\/blog\/wp-json\/wp\/v2\/media?parent=439394"}],"wp:term":[{"taxonomy":"category","embeddable":true,"href":"https:\/\/dicodusport.fr\/blog\/wp-json\/wp\/v2\/categories?post=439394"},{"taxonomy":"post_tag","embeddable":true,"href":"https:\/\/dicodusport.fr\/blog\/wp-json\/wp\/v2\/tags?post=439394"}],"curies":[{"name":"wp","href":"https:\/\/api.w.org\/{rel}","templated":true}]}}