{"id":439482,"date":"2023-11-25T10:00:31","date_gmt":"2023-11-25T09:00:31","guid":{"rendered":"https:\/\/dicodusport.fr\/blog\/?p=439482&#038;preview=true&#038;preview_id=439482"},"modified":"2023-11-26T23:27:20","modified_gmt":"2023-11-26T22:27:20","slug":"quentin-fillon-maillet-la-revanche-dans-la-peau","status":"publish","type":"post","link":"https:\/\/dicodusport.fr\/blog\/quentin-fillon-maillet-la-revanche-dans-la-peau\/","title":{"rendered":"Quentin Fillon Maillet, la revanche dans la peau"},"content":{"rendered":"<p style=\"text-align: justify;\"><strong><em><a href=\"https:\/\/dicodusport.fr\/blog\/actualites\/biathlon\/coupe-du-monde-de-biathlon-2023-2024\/\">COUPE DU MONDE DE BIATHLON 2023-2024<\/a>\u00a0\u2013 Apr\u00e8s une saison en demi-teinte, Quentin Fillon Maillet se veut revanchard et esp\u00e8re titiller l&rsquo;ogre Johannes Boe.\u00a0<\/em><\/strong><\/p>\n<ul>\n<li style=\"text-align: justify;\"><strong>\u00c0 lire aussi \u2013\u00a0<a href=\"https:\/\/dicodusport.fr\/blog\/coupe-du-monde-de-biathlon-quattendre-de-lequipe-de-france-masculine\/\">Coupe du monde de biathlon : Qu\u2019attendre de l\u2019\u00e9quipe de France masculine ?<\/a><\/strong><\/li>\n<\/ul>\n<p style=\"text-align: justify;\">Le contraste a \u00e9t\u00e9 saisissant pour tous les suiveurs du biathlon. Apr\u00e8s une ann\u00e9e 2021-2022 extraordinaire, <strong>Quentin<\/strong> <strong>Fillon<\/strong> <strong>Maillet<\/strong> a souvent \u00e9t\u00e9 l&rsquo;ombre de lui-m\u00eame lors de la derni\u00e8re Coupe du monde. Il a termin\u00e9 la saison parmi les dix meilleurs biathl\u00e8tes de la saison, mais en \u00e9tant bien loin de son meilleur niveau sur les skis et derri\u00e8re la carabine. Et le d\u00e9but de l&rsquo;\u00e9t\u00e9 2023 a \u00e9t\u00e9 dans cette m\u00eame continuit\u00e9.<\/p>\n<h2 style=\"text-align: justify;\">\u00ab Le Covid a sans doute train\u00e9 dans mon organisme \u00bb<\/h2>\n<p style=\"text-align: justify;\">Au moment de reprendre l&rsquo;entra\u00eenement, <strong>QFM<\/strong> \u00e9tait anormalement fatigu\u00e9 et a \u00e9t\u00e9 pouss\u00e9 \u00e0 faire des examens. Comme il l&rsquo;a expliqu\u00e9 \u00e0 <a href=\"https:\/\/www.eurosport.fr\/biathlon\/ostersund\/2023-2024\/quentin-fillon-maillet-sur-l-interdiction-du-fluor-les-norvegiens-en-profitent-pour-nous-faire-peur_sto9891696\/story.shtml\"><em>Eurosport<\/em><\/a>, cela lui a permis d&rsquo;avoir une piste pour expliquer son \u00e9tat de forme depuis plusieurs mois.<\/p>\n<blockquote>\n<p style=\"text-align: justify;\">\u00a0J&rsquo;ai cherch\u00e9 \u00e0 avoir des r\u00e9ponses sur ce qu&rsquo;il se passait aupr\u00e8s de l&rsquo;\u00e9quipe m\u00e9dicale et des structures que je connais, j&rsquo;ai fait des examens, des prises de sang et une explication possible pourrait remonter au printemps apr\u00e8s les Jeux Olympiques. Le Covid a sans doute train\u00e9 dans mon organisme, cela m&rsquo;a fatigu\u00e9 et, associ\u00e9 \u00e0 la reprise peu de temps apr\u00e8s, cela aurait g\u00e9n\u00e9r\u00e9 du surentra\u00eenement, qui \u00e0 son tour aurait provoqu\u00e9 un manque de r\u00e9cup\u00e9ration, une baisse d&rsquo;immunit\u00e9 g\u00e9n\u00e9rale. Cela pourrait expliquer aussi, je l&rsquo;esp\u00e8re, les r\u00e9sultats moins bons de la saison derni\u00e8re. J&rsquo;avais ce sentiment que la pr\u00e9paration n&rsquo;avait pas \u00e9t\u00e9 mauvaise et que, pourtant, le physique n&rsquo;\u00e9tait pas bon, marqu\u00e9 surtout par un manque de r\u00e9cup\u00e9ration.<\/p>\n<\/blockquote>\n<div class=\"vlp-link-container vlp-layout-article\"><a href=\"https:\/\/dicodusport.fr\/blog\/quentin-fillon-maillet-johannes-boe-est-completement-battable-quand-il-perd-la-main\/\" class=\"vlp-link\" title=\"Quentin Fillon Maillet : &quot;Johannes Boe est compl\u00e8tement battable quand il perd la main&quot;\"><\/a><div class=\"vlp-layout-zone-side\"><div class=\"vlp-block-4 vlp-link-image\"><img loading=\"lazy\" decoding=\"async\" style=\"max-width: 800px;\" width=\"800\" height=\"445\" src=\"https:\/\/dicodusport.fr\/blog\/wp-content\/uploads\/2023\/11\/Quentin-Fillon-Maillet-Johannes-Boe-est-completement-battable-quand-il-perd-la-main.png\" class=\"attachment-800x445 size-800x445\" alt=\"\" srcset=\"https:\/\/dicodusport.fr\/blog\/wp-content\/uploads\/2023\/11\/Quentin-Fillon-Maillet-Johannes-Boe-est-completement-battable-quand-il-perd-la-main.png 800w, https:\/\/dicodusport.fr\/blog\/wp-content\/uploads\/2023\/11\/Quentin-Fillon-Maillet-Johannes-Boe-est-completement-battable-quand-il-perd-la-main-300x167.png 300w, https:\/\/dicodusport.fr\/blog\/wp-content\/uploads\/2023\/11\/Quentin-Fillon-Maillet-Johannes-Boe-est-completement-battable-quand-il-perd-la-main-768x427.png 768w\" sizes=\"auto, (max-width: 800px) 100vw, 800px\" \/><\/div><\/div><div class=\"vlp-layout-zone-main\"><div class=\"vlp-block-0 vlp-link-title\">Quentin Fillon Maillet : \"Johannes Boe est compl\u00e8tement battable quand il perd la main\"<\/div><div class=\"vlp-block-1 vlp-link-summary\">BIATHLON - Dans un long entretien \u00e0 Nordic Mag, Quentin Fillon Maillet a \u00e9voqu\u00e9 ses objectifs et sa rivalit\u00e9 avec Johannes Boe.<\/div><div class=\"vlp-block-2 vlp-link-button\">Lire l'article<\/div><div class=\"vlp-block-3 vlp-link-url\">dicodusport.fr<\/div><\/div><\/div>\n<ul>\n<li style=\"text-align: justify;\"><strong>\u00c0 lire aussi \u2013\u00a0<a href=\"https:\/\/dicodusport.fr\/blog\/coupe-du-monde-de-biathlon-2023-2024-le-calendrier-complet\/\">Calendrier complet de la Coupe du monde de biathlon 2023-2024<\/a><\/strong><\/li>\n<\/ul>\n<h2 style=\"text-align: justify;\">L&rsquo;inconnu du mat\u00e9riel avec les nouvelles r\u00e8gles<\/h2>\n<p style=\"text-align: justify;\"><strong>Quentin Fillon Maillet<\/strong> a d\u00fb attendre le mois de septembre pour que tout rentre dans l&rsquo;ordre. Jusque-l\u00e0, il a adapt\u00e9 sa pr\u00e9paration, avant de faire toute la phase finale normalement, sur le m\u00eame rythme d&rsquo;entra\u00eenement que les autres biathl\u00e8tes. Le champion olympique fran\u00e7ais a maintenant h\u00e2te de voir o\u00f9 il se situe par rapport aux meilleurs biathl\u00e8tes mondiaux, et notamment l&rsquo;ogre <strong>Johannes<\/strong> <strong>Boe<\/strong>.<\/p>\n<p style=\"text-align: justify;\">En plus de sa forme, il reste aussi l&rsquo;inconnue du mat\u00e9riel, apr\u00e8s l&rsquo;interdiction du fluor. Les Norv\u00e9giens semblaient avoir des longueurs d&rsquo;avance sur les Italiens et les Allemands lors des courses de pr\u00e9-saison, mais les Fran\u00e7ais ne savent pas o\u00f9 ils se situent. La nouvelle r\u00e9glementation va forc\u00e9ment changer des choses, mais <strong>Quentin<\/strong> <strong>Fillon<\/strong> <strong>Maillet<\/strong> ne veut pas non plus tomber dans le jeu des <strong>Norv\u00e9giens<\/strong>. Il s&rsquo;en est expliqu\u00e9 pour <em>Eurosport<\/em>.<\/p>\n<blockquote>\n<p style=\"text-align: justify;\">Les Norv\u00e9giens aiment bien \u00e9galement r\u00e9agir sur ce point, ils en profitent pour nous faire peur et ce sera un levier pour eux sur le d\u00e9but de saison. J&rsquo;esp\u00e8re que les techniciens fran\u00e7ais ont bien boss\u00e9 en Suisse, je crois qu&rsquo;ils \u00e9taient plus de 20 techniciens pour tester le mat\u00e9riel et leurs retours \u00e9taient plut\u00f4t positifs, ils ont trouv\u00e9 des choses tr\u00e8s int\u00e9ressantes. Ils ont aussi achet\u00e9 une machine pour tester les skis avant de partir en comp\u00e9tition car c&rsquo;est un autre point d&rsquo;inqui\u00e9tude : j&rsquo;esp\u00e8re pouvoir prendre 100% des d\u00e9parts de la saison prochaine et qu&rsquo;il n&rsquo;y ait pas de contr\u00f4les positifs sur les skis.<\/p>\n<\/blockquote>\n<h2 style=\"text-align: justify;\">Quentin Fillon Maillet veut retrouver les sommets<\/h2>\n<p style=\"text-align: justify;\">QFM en est conscient. <strong>Johannes<\/strong> <strong>Boe<\/strong> reste sur une saison \u00e0 un niveau incroyable. Ce dernier devrait \u00eatre toujours dans la m\u00eame sph\u00e8re \u00e0 la reprise. Le champion norv\u00e9gien sera l&rsquo;homme \u00e0 battre et les autres cadors voudront le faire douter. S&rsquo;il a trop souvent \u00e9t\u00e9 en troisi\u00e8me rideau la saison pass\u00e9e, <strong>Quentin<\/strong> <strong>Fillon<\/strong> <strong>Maillet<\/strong> sait qu&rsquo;il a largement les moyens d&rsquo;\u00eatre bien plus proche de son grand rival.<\/p>\n<p style=\"text-align: justify;\">La mission s&rsquo;annonce \u00e9videmment p\u00e9rilleuse, mais son objectif reste le gros globe et un titre de champion du monde. Il faudra aussi d\u00e9fendre le titre en relais, seul vrai rayon de soleil de sa saison derni\u00e8re. <strong>Quentin<\/strong> <strong>Fillon<\/strong> <strong>Maillet<\/strong> veut prendre sa revanche sur <strong>Johannes<\/strong> <strong>Boe<\/strong> mais aussi, et peut-\u00eatre m\u00eame avant tout, \u00e0 titre personnel, pour montrer \u00e0 tout le monde qu&rsquo;il a toujours la recette pour gagner de grandes courses.<\/p>\n","protected":false},"excerpt":{"rendered":"<p>COUPE DU MONDE DE BIATHLON 2023-2024\u00a0\u2013 Apr\u00e8s une saison en demi-teinte, Quentin Fillon Maillet se veut revanchard et esp\u00e8re titiller l&rsquo;ogre Johannes Boe.\u00a0<\/p>\n","protected":false},"author":1,"featured_media":439486,"comment_status":"open","ping_status":"closed","sticky":false,"template":"","format":"standard","meta":{"_acf_changed":false,"_daextam_enable_autolinks":"1","footnotes":""},"categories":[47040],"tags":[2427,16878,3746,3745,24],"class_list":["post-439482","post","type-post","status-publish","format-standard","has-post-thumbnail","hentry","category-coupe-du-monde-de-biathlon","tag-biathlon","tag-breve","tag-fillon-maillet","tag-quentin-fillon-maillet","tag-sport"],"acf":[],"yoast_head":"<!-- This site is optimized with the Yoast SEO Premium plugin v26.7 (Yoast SEO v26.7) - https:\/\/yoast.com\/wordpress\/plugins\/seo\/ -->\n<title>Quentin Fillon Maillet, la revanche dans la peau<\/title>\n<meta name=\"description\" content=\"COUPE DU MONDE DE BIATHLON 2023-2024\u00a0\u2013 Apr\u00e8s une saison en demi-teinte, Quentin Fillon Maillet se veut revanchard et esp\u00e8re titiller l&#039;ogre Johannes Boe.\u00a0\" \/>\n<meta name=\"robots\" content=\"index, follow, max-snippet:-1, max-image-preview:large, max-video-preview:-1\" \/>\n<link rel=\"canonical\" href=\"https:\/\/dicodusport.fr\/blog\/quentin-fillon-maillet-la-revanche-dans-la-peau\/\" \/>\n<meta property=\"og:locale\" content=\"fr_FR\" \/>\n<meta property=\"og:type\" content=\"article\" \/>\n<meta property=\"og:title\" content=\"Quentin Fillon Maillet, la revanche dans la peau\" \/>\n<meta property=\"og:description\" content=\"COUPE DU MONDE DE BIATHLON 2023-2024\u00a0\u2013 Apr\u00e8s une saison en demi-teinte, Quentin Fillon Maillet se veut revanchard et esp\u00e8re titiller l&#039;ogre Johannes Boe.\u00a0\" \/>\n<meta property=\"og:url\" content=\"https:\/\/dicodusport.fr\/blog\/quentin-fillon-maillet-la-revanche-dans-la-peau\/\" \/>\n<meta property=\"og:site_name\" content=\"Dicodusport\" \/>\n<meta property=\"article:publisher\" content=\"https:\/\/www.facebook.com\/dicodusport\" \/>\n<meta property=\"article:author\" content=\"https:\/\/www.facebook.com\/dicodusport\" \/>\n<meta property=\"article:published_time\" content=\"2023-11-25T09:00:31+00:00\" \/>\n<meta property=\"article:modified_time\" content=\"2023-11-26T22:27:20+00:00\" \/>\n<meta property=\"og:image\" content=\"https:\/\/dicodusport.fr\/blog\/wp-content\/uploads\/2023\/11\/Quentin-Fillon-Maillet-la-revanche-dans-la-peau.png\" \/>\n\t<meta property=\"og:image:width\" content=\"800\" \/>\n\t<meta property=\"og:image:height\" content=\"445\" \/>\n\t<meta property=\"og:image:type\" content=\"image\/png\" \/>\n<meta name=\"author\" content=\"Nicolas Jacquemard\" \/>\n<meta name=\"twitter:card\" content=\"summary_large_image\" \/>\n<meta name=\"twitter:title\" content=\"Quentin Fillon Maillet, la revanche dans la peau\" \/>\n<meta name=\"twitter:creator\" content=\"@https:\/\/twitter.com\/Nico_Jacquemard\" \/>\n<meta name=\"twitter:site\" content=\"@dicodusport\" \/>\n<script type=\"application\/ld+json\" class=\"yoast-schema-graph\">{\"@context\":\"https:\/\/schema.org\",\"@graph\":[{\"@type\":\"NewsArticle\",\"@id\":\"https:\/\/dicodusport.fr\/blog\/quentin-fillon-maillet-la-revanche-dans-la-peau\/#article\",\"isPartOf\":{\"@id\":\"https:\/\/dicodusport.fr\/blog\/quentin-fillon-maillet-la-revanche-dans-la-peau\/\"},\"author\":{\"name\":\"Nicolas Jacquemard\",\"@id\":\"https:\/\/dicodusport.fr\/blog\/#\/schema\/person\/55dcb50ad410894e431ed812bbb70191\"},\"headline\":\"Quentin Fillon Maillet, la revanche dans la peau\",\"datePublished\":\"2023-11-25T09:00:31+00:00\",\"dateModified\":\"2023-11-26T22:27:20+00:00\",\"mainEntityOfPage\":{\"@id\":\"https:\/\/dicodusport.fr\/blog\/quentin-fillon-maillet-la-revanche-dans-la-peau\/\"},\"wordCount\":871,\"commentCount\":0,\"publisher\":{\"@id\":\"https:\/\/dicodusport.fr\/blog\/#organization\"},\"image\":{\"@id\":\"https:\/\/dicodusport.fr\/blog\/quentin-fillon-maillet-la-revanche-dans-la-peau\/#primaryimage\"},\"thumbnailUrl\":\"https:\/\/dicodusport.fr\/blog\/wp-content\/uploads\/2023\/11\/Quentin-Fillon-Maillet-la-revanche-dans-la-peau.png\",\"keywords\":[\"Biathlon\",\"br\u00e8ve\",\"Fillon Maillet\",\"Quentin Fillon Maillet\",\"sport\"],\"articleSection\":[\"Coupe du monde de biathlon\"],\"inLanguage\":\"fr-FR\",\"potentialAction\":[{\"@type\":\"CommentAction\",\"name\":\"Comment\",\"target\":[\"https:\/\/dicodusport.fr\/blog\/quentin-fillon-maillet-la-revanche-dans-la-peau\/#respond\"]}],\"copyrightYear\":\"2023\",\"copyrightHolder\":{\"@id\":\"https:\/\/dicodusport.fr\/blog\/#organization\"}},{\"@type\":\"WebPage\",\"@id\":\"https:\/\/dicodusport.fr\/blog\/quentin-fillon-maillet-la-revanche-dans-la-peau\/\",\"url\":\"https:\/\/dicodusport.fr\/blog\/quentin-fillon-maillet-la-revanche-dans-la-peau\/\",\"name\":\"Quentin Fillon Maillet, la revanche dans la peau\",\"isPartOf\":{\"@id\":\"https:\/\/dicodusport.fr\/blog\/#website\"},\"primaryImageOfPage\":{\"@id\":\"https:\/\/dicodusport.fr\/blog\/quentin-fillon-maillet-la-revanche-dans-la-peau\/#primaryimage\"},\"image\":{\"@id\":\"https:\/\/dicodusport.fr\/blog\/quentin-fillon-maillet-la-revanche-dans-la-peau\/#primaryimage\"},\"thumbnailUrl\":\"https:\/\/dicodusport.fr\/blog\/wp-content\/uploads\/2023\/11\/Quentin-Fillon-Maillet-la-revanche-dans-la-peau.png\",\"datePublished\":\"2023-11-25T09:00:31+00:00\",\"dateModified\":\"2023-11-26T22:27:20+00:00\",\"description\":\"COUPE DU MONDE DE BIATHLON 2023-2024\u00a0\u2013 Apr\u00e8s une saison en demi-teinte, Quentin Fillon Maillet se veut revanchard et esp\u00e8re titiller l'ogre Johannes Boe.\u00a0\",\"breadcrumb\":{\"@id\":\"https:\/\/dicodusport.fr\/blog\/quentin-fillon-maillet-la-revanche-dans-la-peau\/#breadcrumb\"},\"inLanguage\":\"fr-FR\",\"potentialAction\":[{\"@type\":\"ReadAction\",\"target\":[\"https:\/\/dicodusport.fr\/blog\/quentin-fillon-maillet-la-revanche-dans-la-peau\/\"]}]},{\"@type\":\"ImageObject\",\"inLanguage\":\"fr-FR\",\"@id\":\"https:\/\/dicodusport.fr\/blog\/quentin-fillon-maillet-la-revanche-dans-la-peau\/#primaryimage\",\"url\":\"https:\/\/dicodusport.fr\/blog\/wp-content\/uploads\/2023\/11\/Quentin-Fillon-Maillet-la-revanche-dans-la-peau.png\",\"contentUrl\":\"https:\/\/dicodusport.fr\/blog\/wp-content\/uploads\/2023\/11\/Quentin-Fillon-Maillet-la-revanche-dans-la-peau.png\",\"width\":800,\"height\":445},{\"@type\":\"BreadcrumbList\",\"@id\":\"https:\/\/dicodusport.fr\/blog\/quentin-fillon-maillet-la-revanche-dans-la-peau\/#breadcrumb\",\"itemListElement\":[{\"@type\":\"ListItem\",\"position\":1,\"name\":\"Accueil\",\"item\":\"https:\/\/dicodusport.fr\/blog\/\"},{\"@type\":\"ListItem\",\"position\":2,\"name\":\"Quentin Fillon Maillet, la revanche dans la peau\"}]},{\"@type\":\"WebSite\",\"@id\":\"https:\/\/dicodusport.fr\/blog\/#website\",\"url\":\"https:\/\/dicodusport.fr\/blog\/\",\"name\":\"Dicodusport\",\"description\":\"L&#039;encyclop\u00e9die de l&#039;actualit\u00e9 sportive\",\"publisher\":{\"@id\":\"https:\/\/dicodusport.fr\/blog\/#organization\"},\"potentialAction\":[{\"@type\":\"SearchAction\",\"target\":{\"@type\":\"EntryPoint\",\"urlTemplate\":\"https:\/\/dicodusport.fr\/blog\/?s={search_term_string}\"},\"query-input\":{\"@type\":\"PropertyValueSpecification\",\"valueRequired\":true,\"valueName\":\"search_term_string\"}}],\"inLanguage\":\"fr-FR\"},{\"@type\":\"NewsMediaOrganization\",\"@id\":\"https:\/\/dicodusport.fr\/blog\/#organization\",\"name\":\"Dicodusport\",\"url\":\"https:\/\/dicodusport.fr\/blog\/\",\"logo\":{\"@type\":\"ImageObject\",\"inLanguage\":\"fr-FR\",\"@id\":\"https:\/\/dicodusport.fr\/blog\/#\/schema\/logo\/image\/\",\"url\":\"https:\/\/dicodusport.fr\/blog\/wp-content\/uploads\/2020\/06\/cropped-LOGO-DICODUSPORT-2020-SANS-FOND-SANS-TEXTE.png\",\"contentUrl\":\"https:\/\/dicodusport.fr\/blog\/wp-content\/uploads\/2020\/06\/cropped-LOGO-DICODUSPORT-2020-SANS-FOND-SANS-TEXTE.png\",\"width\":512,\"height\":512,\"caption\":\"Dicodusport\"},\"image\":{\"@id\":\"https:\/\/dicodusport.fr\/blog\/#\/schema\/logo\/image\/\"},\"sameAs\":[\"https:\/\/www.facebook.com\/dicodusport\",\"https:\/\/x.com\/dicodusport\",\"https:\/\/www.instagram.com\/dicodusport\/\",\"https:\/\/www.youtube.com\/channel\/UC7V2KZ5sd3htJivAbA4ZG3w\"],\"description\":\"Dicodusport est l'encyclop\u00e9die de l'actualit\u00e9 sportive.\",\"email\":\"bonjour@dicodusport.fr\",\"legalName\":\"DICODUSPORT\",\"foundingDate\":\"2018-01-14\",\"vatID\":\"FR71834470973\",\"taxID\":\"83447097300043\",\"numberOfEmployees\":{\"@type\":\"QuantitativeValue\",\"minValue\":\"1\",\"maxValue\":\"10\"}},{\"@type\":\"Person\",\"@id\":\"https:\/\/dicodusport.fr\/blog\/#\/schema\/person\/55dcb50ad410894e431ed812bbb70191\",\"name\":\"Nicolas Jacquemard\",\"image\":{\"@type\":\"ImageObject\",\"inLanguage\":\"fr-FR\",\"@id\":\"https:\/\/dicodusport.fr\/blog\/#\/schema\/person\/image\/\",\"url\":\"https:\/\/dicodusport.fr\/blog\/wp-content\/uploads\/2021\/05\/Nicolas-Jacquemard-150x150.jpeg\",\"contentUrl\":\"https:\/\/dicodusport.fr\/blog\/wp-content\/uploads\/2021\/05\/Nicolas-Jacquemard-150x150.jpeg\",\"caption\":\"Nicolas Jacquemard\"},\"description\":\"Passionn\u00e9 de sport et entrepreneur depuis mes 18 ans, la cr\u00e9ation de Dicodusport m'a sembl\u00e9 \u00e9vidente pour participer \u00e0 la m\u00e9diatisation d'un plus grand nombre de sports. Le chemin est long mais avec une \u00e9quipe des plus motiv\u00e9es et les Jeux Olympiques de Paris 2024 en point de mire, nous y arriverons ! Journaliste dans le monde du sport depuis plus de 5 ans, je traite aussi bien de football, de rugby, de biathlon que de cyclisme.\",\"sameAs\":[\"https:\/\/www.facebook.com\/dicodusport\",\"https:\/\/x.com\/https:\/\/twitter.com\/Nico_Jacquemard\"],\"url\":\"https:\/\/dicodusport.fr\/blog\/author\/dicodusport\/\"}]}<\/script>\n<!-- \/ Yoast SEO Premium plugin. -->","yoast_head_json":{"title":"Quentin Fillon Maillet, la revanche dans la peau","description":"COUPE DU MONDE DE BIATHLON 2023-2024\u00a0\u2013 Apr\u00e8s une saison en demi-teinte, Quentin Fillon Maillet se veut revanchard et esp\u00e8re titiller l'ogre Johannes Boe.\u00a0","robots":{"index":"index","follow":"follow","max-snippet":"max-snippet:-1","max-image-preview":"max-image-preview:large","max-video-preview":"max-video-preview:-1"},"canonical":"https:\/\/dicodusport.fr\/blog\/quentin-fillon-maillet-la-revanche-dans-la-peau\/","og_locale":"fr_FR","og_type":"article","og_title":"Quentin Fillon Maillet, la revanche dans la peau","og_description":"COUPE DU MONDE DE BIATHLON 2023-2024\u00a0\u2013 Apr\u00e8s une saison en demi-teinte, Quentin Fillon Maillet se veut revanchard et esp\u00e8re titiller l'ogre Johannes Boe.\u00a0","og_url":"https:\/\/dicodusport.fr\/blog\/quentin-fillon-maillet-la-revanche-dans-la-peau\/","og_site_name":"Dicodusport","article_publisher":"https:\/\/www.facebook.com\/dicodusport","article_author":"https:\/\/www.facebook.com\/dicodusport","article_published_time":"2023-11-25T09:00:31+00:00","article_modified_time":"2023-11-26T22:27:20+00:00","og_image":[{"width":800,"height":445,"url":"https:\/\/dicodusport.fr\/blog\/wp-content\/uploads\/2023\/11\/Quentin-Fillon-Maillet-la-revanche-dans-la-peau.png","type":"image\/png"}],"author":"Nicolas Jacquemard","twitter_card":"summary_large_image","twitter_title":"Quentin Fillon Maillet, la revanche dans la peau","twitter_creator":"@https:\/\/twitter.com\/Nico_Jacquemard","twitter_site":"@dicodusport","schema":{"@context":"https:\/\/schema.org","@graph":[{"@type":"NewsArticle","@id":"https:\/\/dicodusport.fr\/blog\/quentin-fillon-maillet-la-revanche-dans-la-peau\/#article","isPartOf":{"@id":"https:\/\/dicodusport.fr\/blog\/quentin-fillon-maillet-la-revanche-dans-la-peau\/"},"author":{"name":"Nicolas Jacquemard","@id":"https:\/\/dicodusport.fr\/blog\/#\/schema\/person\/55dcb50ad410894e431ed812bbb70191"},"headline":"Quentin Fillon Maillet, la revanche dans la peau","datePublished":"2023-11-25T09:00:31+00:00","dateModified":"2023-11-26T22:27:20+00:00","mainEntityOfPage":{"@id":"https:\/\/dicodusport.fr\/blog\/quentin-fillon-maillet-la-revanche-dans-la-peau\/"},"wordCount":871,"commentCount":0,"publisher":{"@id":"https:\/\/dicodusport.fr\/blog\/#organization"},"image":{"@id":"https:\/\/dicodusport.fr\/blog\/quentin-fillon-maillet-la-revanche-dans-la-peau\/#primaryimage"},"thumbnailUrl":"https:\/\/dicodusport.fr\/blog\/wp-content\/uploads\/2023\/11\/Quentin-Fillon-Maillet-la-revanche-dans-la-peau.png","keywords":["Biathlon","br\u00e8ve","Fillon Maillet","Quentin Fillon Maillet","sport"],"articleSection":["Coupe du monde de biathlon"],"inLanguage":"fr-FR","potentialAction":[{"@type":"CommentAction","name":"Comment","target":["https:\/\/dicodusport.fr\/blog\/quentin-fillon-maillet-la-revanche-dans-la-peau\/#respond"]}],"copyrightYear":"2023","copyrightHolder":{"@id":"https:\/\/dicodusport.fr\/blog\/#organization"}},{"@type":"WebPage","@id":"https:\/\/dicodusport.fr\/blog\/quentin-fillon-maillet-la-revanche-dans-la-peau\/","url":"https:\/\/dicodusport.fr\/blog\/quentin-fillon-maillet-la-revanche-dans-la-peau\/","name":"Quentin Fillon Maillet, la revanche dans la peau","isPartOf":{"@id":"https:\/\/dicodusport.fr\/blog\/#website"},"primaryImageOfPage":{"@id":"https:\/\/dicodusport.fr\/blog\/quentin-fillon-maillet-la-revanche-dans-la-peau\/#primaryimage"},"image":{"@id":"https:\/\/dicodusport.fr\/blog\/quentin-fillon-maillet-la-revanche-dans-la-peau\/#primaryimage"},"thumbnailUrl":"https:\/\/dicodusport.fr\/blog\/wp-content\/uploads\/2023\/11\/Quentin-Fillon-Maillet-la-revanche-dans-la-peau.png","datePublished":"2023-11-25T09:00:31+00:00","dateModified":"2023-11-26T22:27:20+00:00","description":"COUPE DU MONDE DE BIATHLON 2023-2024\u00a0\u2013 Apr\u00e8s une saison en demi-teinte, Quentin Fillon Maillet se veut revanchard et esp\u00e8re titiller l'ogre Johannes Boe.\u00a0","breadcrumb":{"@id":"https:\/\/dicodusport.fr\/blog\/quentin-fillon-maillet-la-revanche-dans-la-peau\/#breadcrumb"},"inLanguage":"fr-FR","potentialAction":[{"@type":"ReadAction","target":["https:\/\/dicodusport.fr\/blog\/quentin-fillon-maillet-la-revanche-dans-la-peau\/"]}]},{"@type":"ImageObject","inLanguage":"fr-FR","@id":"https:\/\/dicodusport.fr\/blog\/quentin-fillon-maillet-la-revanche-dans-la-peau\/#primaryimage","url":"https:\/\/dicodusport.fr\/blog\/wp-content\/uploads\/2023\/11\/Quentin-Fillon-Maillet-la-revanche-dans-la-peau.png","contentUrl":"https:\/\/dicodusport.fr\/blog\/wp-content\/uploads\/2023\/11\/Quentin-Fillon-Maillet-la-revanche-dans-la-peau.png","width":800,"height":445},{"@type":"BreadcrumbList","@id":"https:\/\/dicodusport.fr\/blog\/quentin-fillon-maillet-la-revanche-dans-la-peau\/#breadcrumb","itemListElement":[{"@type":"ListItem","position":1,"name":"Accueil","item":"https:\/\/dicodusport.fr\/blog\/"},{"@type":"ListItem","position":2,"name":"Quentin Fillon Maillet, la revanche dans la peau"}]},{"@type":"WebSite","@id":"https:\/\/dicodusport.fr\/blog\/#website","url":"https:\/\/dicodusport.fr\/blog\/","name":"Dicodusport","description":"L&#039;encyclop\u00e9die de l&#039;actualit\u00e9 sportive","publisher":{"@id":"https:\/\/dicodusport.fr\/blog\/#organization"},"potentialAction":[{"@type":"SearchAction","target":{"@type":"EntryPoint","urlTemplate":"https:\/\/dicodusport.fr\/blog\/?s={search_term_string}"},"query-input":{"@type":"PropertyValueSpecification","valueRequired":true,"valueName":"search_term_string"}}],"inLanguage":"fr-FR"},{"@type":"NewsMediaOrganization","@id":"https:\/\/dicodusport.fr\/blog\/#organization","name":"Dicodusport","url":"https:\/\/dicodusport.fr\/blog\/","logo":{"@type":"ImageObject","inLanguage":"fr-FR","@id":"https:\/\/dicodusport.fr\/blog\/#\/schema\/logo\/image\/","url":"https:\/\/dicodusport.fr\/blog\/wp-content\/uploads\/2020\/06\/cropped-LOGO-DICODUSPORT-2020-SANS-FOND-SANS-TEXTE.png","contentUrl":"https:\/\/dicodusport.fr\/blog\/wp-content\/uploads\/2020\/06\/cropped-LOGO-DICODUSPORT-2020-SANS-FOND-SANS-TEXTE.png","width":512,"height":512,"caption":"Dicodusport"},"image":{"@id":"https:\/\/dicodusport.fr\/blog\/#\/schema\/logo\/image\/"},"sameAs":["https:\/\/www.facebook.com\/dicodusport","https:\/\/x.com\/dicodusport","https:\/\/www.instagram.com\/dicodusport\/","https:\/\/www.youtube.com\/channel\/UC7V2KZ5sd3htJivAbA4ZG3w"],"description":"Dicodusport est l'encyclop\u00e9die de l'actualit\u00e9 sportive.","email":"bonjour@dicodusport.fr","legalName":"DICODUSPORT","foundingDate":"2018-01-14","vatID":"FR71834470973","taxID":"83447097300043","numberOfEmployees":{"@type":"QuantitativeValue","minValue":"1","maxValue":"10"}},{"@type":"Person","@id":"https:\/\/dicodusport.fr\/blog\/#\/schema\/person\/55dcb50ad410894e431ed812bbb70191","name":"Nicolas Jacquemard","image":{"@type":"ImageObject","inLanguage":"fr-FR","@id":"https:\/\/dicodusport.fr\/blog\/#\/schema\/person\/image\/","url":"https:\/\/dicodusport.fr\/blog\/wp-content\/uploads\/2021\/05\/Nicolas-Jacquemard-150x150.jpeg","contentUrl":"https:\/\/dicodusport.fr\/blog\/wp-content\/uploads\/2021\/05\/Nicolas-Jacquemard-150x150.jpeg","caption":"Nicolas Jacquemard"},"description":"Passionn\u00e9 de sport et entrepreneur depuis mes 18 ans, la cr\u00e9ation de Dicodusport m'a sembl\u00e9 \u00e9vidente pour participer \u00e0 la m\u00e9diatisation d'un plus grand nombre de sports. Le chemin est long mais avec une \u00e9quipe des plus motiv\u00e9es et les Jeux Olympiques de Paris 2024 en point de mire, nous y arriverons ! Journaliste dans le monde du sport depuis plus de 5 ans, je traite aussi bien de football, de rugby, de biathlon que de cyclisme.","sameAs":["https:\/\/www.facebook.com\/dicodusport","https:\/\/x.com\/https:\/\/twitter.com\/Nico_Jacquemard"],"url":"https:\/\/dicodusport.fr\/blog\/author\/dicodusport\/"}]}},"_links":{"self":[{"href":"https:\/\/dicodusport.fr\/blog\/wp-json\/wp\/v2\/posts\/439482","targetHints":{"allow":["GET"]}}],"collection":[{"href":"https:\/\/dicodusport.fr\/blog\/wp-json\/wp\/v2\/posts"}],"about":[{"href":"https:\/\/dicodusport.fr\/blog\/wp-json\/wp\/v2\/types\/post"}],"author":[{"embeddable":true,"href":"https:\/\/dicodusport.fr\/blog\/wp-json\/wp\/v2\/users\/1"}],"replies":[{"embeddable":true,"href":"https:\/\/dicodusport.fr\/blog\/wp-json\/wp\/v2\/comments?post=439482"}],"version-history":[{"count":5,"href":"https:\/\/dicodusport.fr\/blog\/wp-json\/wp\/v2\/posts\/439482\/revisions"}],"predecessor-version":[{"id":440522,"href":"https:\/\/dicodusport.fr\/blog\/wp-json\/wp\/v2\/posts\/439482\/revisions\/440522"}],"wp:featuredmedia":[{"embeddable":true,"href":"https:\/\/dicodusport.fr\/blog\/wp-json\/wp\/v2\/media\/439486"}],"wp:attachment":[{"href":"https:\/\/dicodusport.fr\/blog\/wp-json\/wp\/v2\/media?parent=439482"}],"wp:term":[{"taxonomy":"category","embeddable":true,"href":"https:\/\/dicodusport.fr\/blog\/wp-json\/wp\/v2\/categories?post=439482"},{"taxonomy":"post_tag","embeddable":true,"href":"https:\/\/dicodusport.fr\/blog\/wp-json\/wp\/v2\/tags?post=439482"}],"curies":[{"name":"wp","href":"https:\/\/api.w.org\/{rel}","templated":true}]}}