{"id":439616,"date":"2024-04-25T18:03:17","date_gmt":"2024-04-25T16:03:17","guid":{"rendered":"https:\/\/dicodusport.fr\/blog\/?p=439616&#038;preview=true&#038;preview_id=439616"},"modified":"2024-04-26T16:49:32","modified_gmt":"2024-04-26T14:49:32","slug":"tour-de-romandie-2024-parcours-en-detail-et-profils-des-etapes","status":"publish","type":"post","link":"https:\/\/dicodusport.fr\/blog\/tour-de-romandie-2024-parcours-en-detail-et-profils-des-etapes\/","title":{"rendered":"Tour de Romandie 2024 : Parcours en d\u00e9tail et profils des \u00e9tapes"},"content":{"rendered":"<p style=\"text-align: justify;\"><em><b>TOUR DE ROMANDIE 2024 &#8211;\u00a0 La 77e \u00e9dition du Tour de Romandie se d\u00e9roulera du 23 au 28 avril 2024<\/b><span class=\"arrivo-value\" style=\"font-weight: bold;\">. Cette \u00e9preuve sera le dernier test pour plusieurs coureurs avant le Giro d&rsquo;Italia en Suisse romande. Parcours et profils des \u00e9tapes.<\/span><\/em><\/p>\n<ul>\n<li style=\"text-align: justify;\"><strong>\u00c0 ce sujet &#8211; <a href=\"https:\/\/dicodusport.fr\/blog\/tour-de-romandie-2024-les-engages\/\">Tour de Romandie 2024 : Les engag\u00e9s<\/a><\/strong><\/li>\n<li style=\"text-align: justify;\"><strong>\u00c0 ce sujet &#8211; <a href=\"https:\/\/dicodusport.fr\/blog\/tour-de-romandie-2024-classement-general\/\">Tour de Romandie 2024 &#8211; Classement g\u00e9n\u00e9ral<\/a><\/strong><\/li>\n<\/ul>\n<h2 style=\"text-align: justify;\">Parcours et profils des \u00e9tapes du Tour de Romandie 2024<\/h2>\n<h3 style=\"text-align: justify;\"><span style=\"text-decoration: underline;\">Prologue &#8211; Mardi 23 avril 2024 : Payerne &#8211; Payerne (2,28 km)<\/span><\/h3>\n<ul>\n<li><a href=\"https:\/\/dicodusport.fr\/blog\/tour-de-romandie-2024-classement-du-prologue\/\"><strong>Classement du prologue<\/strong><\/a><\/li>\n<\/ul>\n<p style=\"text-align: justify;\">D&rsquo;abord, l&rsquo;\u00e9preuve d\u00e9butera par un prologue tr\u00e8s court de 2,28 kilom\u00e8tres dans les rues de <strong>Payerne<\/strong>, \u00e0 l&rsquo;est du lac de Neuch\u00e2tel, dans le canton de Vaud. Ce sera un prologue technique avec treize virages \u00e0 angle droit et une chicane. Le tron\u00e7on entre le kilom\u00e8tre 1,3 et le kilom\u00e8tre 2 est particuli\u00e8rement sinueux.<\/p>\n<div id=\"attachment_480828\" style=\"width: 1110px\" class=\"wp-caption aligncenter\"><a href=\"https:\/\/dicodusport.fr\/blog\/wp-content\/uploads\/2024\/04\/Profil-du-prologue-du-Tour-de-Romandie-2024.png\"><img loading=\"lazy\" decoding=\"async\" aria-describedby=\"caption-attachment-480828\" class=\"wp-image-480828 size-full\" src=\"https:\/\/dicodusport.fr\/blog\/wp-content\/uploads\/2024\/04\/Profil-du-prologue-du-Tour-de-Romandie-2024.png\" alt=\"Profil du prologue du Tour de Romandie 2024\" width=\"1100\" height=\"387\" srcset=\"https:\/\/dicodusport.fr\/blog\/wp-content\/uploads\/2024\/04\/Profil-du-prologue-du-Tour-de-Romandie-2024.png 1100w, https:\/\/dicodusport.fr\/blog\/wp-content\/uploads\/2024\/04\/Profil-du-prologue-du-Tour-de-Romandie-2024-300x106.png 300w, https:\/\/dicodusport.fr\/blog\/wp-content\/uploads\/2024\/04\/Profil-du-prologue-du-Tour-de-Romandie-2024-1024x360.png 1024w, https:\/\/dicodusport.fr\/blog\/wp-content\/uploads\/2024\/04\/Profil-du-prologue-du-Tour-de-Romandie-2024-768x270.png 768w\" sizes=\"auto, (max-width: 1100px) 100vw, 1100px\" \/><\/a><p id=\"caption-attachment-480828\" class=\"wp-caption-text\">Profil du prologue du Tour de Romandie 2024<\/p><\/div>\n<hr \/>\n<h3 style=\"text-align: justify;\"><span style=\"text-decoration: underline;\">1\u00e8re \u00e9tape &#8211; Mercredi 24 avril 2024 : Ch\u00e2teau d\u2019Oex &#8211; Fribourg (165,7 km)<\/span><\/h3>\n<ul>\n<li style=\"text-align: justify;\"><a href=\"https:\/\/dicodusport.fr\/blog\/tour-de-romandie-2024-classement-1ere-etape\/\"><strong>Classement de la 1\u00e8re \u00e9tape<\/strong><\/a><\/li>\n<\/ul>\n<p style=\"text-align: justify;\">Puis, la premi\u00e8re \u00e9tape se tiendra entre <strong>Chateau d&rsquo;Oex<\/strong> et <strong>Fribourg<\/strong>. L&rsquo;\u00e9tape sera vallonn\u00e9e, avec six ascensions cat\u00e9goris\u00e9es et de nombreuses autres collines \u00e0 gravir. Le final s&rsquo;effectuera sur un circuit local de plus de 40 kilom\u00e8tres autour de Fribourg, comprenant les mont\u00e9es vers <strong>l&rsquo;Arconciel<\/strong> (1,8 km \u00e0 7,3 %) et la <strong>Lorette<\/strong> (700 m\u00e8tres \u00e0 12,7 %). <strong>L&rsquo;Arconciel<\/strong> sera grimp\u00e9 \u00e0 trois reprises dont la derni\u00e8re fois \u00e0 neuf kilom\u00e8tres de l&rsquo;arriv\u00e9e. Cette mont\u00e9e sera-t-elle trop dure pour les sprinteurs ?<\/p>\n<div id=\"attachment_480830\" style=\"width: 1110px\" class=\"wp-caption aligncenter\"><a href=\"https:\/\/dicodusport.fr\/blog\/wp-content\/uploads\/2024\/04\/Profil-de-la-1ere-etape-du-Tour-de-Romandie-2024.png\"><img loading=\"lazy\" decoding=\"async\" aria-describedby=\"caption-attachment-480830\" class=\"wp-image-480830 size-full\" src=\"https:\/\/dicodusport.fr\/blog\/wp-content\/uploads\/2024\/04\/Profil-de-la-1ere-etape-du-Tour-de-Romandie-2024.png\" alt=\"Profil de la 1\u00e8re \u00e9tape du Tour de Romandie 2024\" width=\"1100\" height=\"387\" srcset=\"https:\/\/dicodusport.fr\/blog\/wp-content\/uploads\/2024\/04\/Profil-de-la-1ere-etape-du-Tour-de-Romandie-2024.png 1100w, https:\/\/dicodusport.fr\/blog\/wp-content\/uploads\/2024\/04\/Profil-de-la-1ere-etape-du-Tour-de-Romandie-2024-300x106.png 300w, https:\/\/dicodusport.fr\/blog\/wp-content\/uploads\/2024\/04\/Profil-de-la-1ere-etape-du-Tour-de-Romandie-2024-1024x360.png 1024w, https:\/\/dicodusport.fr\/blog\/wp-content\/uploads\/2024\/04\/Profil-de-la-1ere-etape-du-Tour-de-Romandie-2024-768x270.png 768w\" sizes=\"auto, (max-width: 1100px) 100vw, 1100px\" \/><\/a><p id=\"caption-attachment-480830\" class=\"wp-caption-text\">Profil de la 1\u00e8re \u00e9tape du Tour de Romandie 2024<\/p><\/div>\n<hr \/>\n<h3 style=\"text-align: justify;\"><span style=\"text-decoration: underline;\">2\u00e8me \u00e9tape &#8211; Jeudi 25 avril 2024 : Fribourg &#8211; Salvan\/Les Mar\u00e9cottes (171 km)<\/span><\/h3>\n<ul>\n<li style=\"text-align: justify;\"><a href=\"https:\/\/dicodusport.fr\/blog\/tour-de-romandie-2024-classement-2eme-etape\/\"><strong>Classement de la 2\u00e8me \u00e9tape<\/strong><\/a><\/li>\n<\/ul>\n<p style=\"text-align: justify;\">Ensuite, la 2e \u00e9tape sera la premi\u00e8re explication entre costauds \u00e0 <strong>Salvan \/ Les Marecottes<\/strong>. Les 100 premiers kilom\u00e8tres se feront sur un plateau avant <strong>la mont\u00e9e des Mosses<\/strong> (12,8 km \u00e0 4,2 %). Apr\u00e8s une longue descente vers Aigle, o\u00f9 se situe le si\u00e8ge de l&rsquo;UCI, et un passage par Martigny, les coureurs feront face \u00e0 la mont\u00e9e finale jusqu&rsquo;\u00e0 <strong>Salvan\/Les Mar\u00e9cottes<\/strong> (7,8 km \u00e0 7,4 %) avec des pourcentages les plus raides \u00e0 14 %.<\/p>\n<div id=\"attachment_480837\" style=\"width: 1110px\" class=\"wp-caption aligncenter\"><a href=\"https:\/\/dicodusport.fr\/blog\/wp-content\/uploads\/2024\/04\/Profil-de-la-2eme-etape-du-Tour-de-Romandie-2024.png\"><img loading=\"lazy\" decoding=\"async\" aria-describedby=\"caption-attachment-480837\" class=\"wp-image-480837 size-full\" src=\"https:\/\/dicodusport.fr\/blog\/wp-content\/uploads\/2024\/04\/Profil-de-la-2eme-etape-du-Tour-de-Romandie-2024.png\" alt=\"Profil de la 2\u00e8me \u00e9tape du Tour de Romandie 2024\" width=\"1100\" height=\"387\" srcset=\"https:\/\/dicodusport.fr\/blog\/wp-content\/uploads\/2024\/04\/Profil-de-la-2eme-etape-du-Tour-de-Romandie-2024.png 1100w, https:\/\/dicodusport.fr\/blog\/wp-content\/uploads\/2024\/04\/Profil-de-la-2eme-etape-du-Tour-de-Romandie-2024-300x106.png 300w, https:\/\/dicodusport.fr\/blog\/wp-content\/uploads\/2024\/04\/Profil-de-la-2eme-etape-du-Tour-de-Romandie-2024-1024x360.png 1024w, https:\/\/dicodusport.fr\/blog\/wp-content\/uploads\/2024\/04\/Profil-de-la-2eme-etape-du-Tour-de-Romandie-2024-768x270.png 768w\" sizes=\"auto, (max-width: 1100px) 100vw, 1100px\" \/><\/a><p id=\"caption-attachment-480837\" class=\"wp-caption-text\">Profil de la 2\u00e8me \u00e9tape du Tour de Romandie 2024<\/p><\/div>\n<hr \/>\n<ul>\n<li style=\"text-align: justify;\"><strong>\u00c0 ce sujet &#8211; <a href=\"https:\/\/dicodusport.fr\/blog\/actualites\/cyclisme\/cyclisme-sur-route-2024\/\">L&rsquo;actualit\u00e9 du cyclisme sur route<\/a><\/strong><\/li>\n<\/ul>\n<h3 style=\"text-align: justify;\"><span style=\"text-decoration: underline;\">3\u00e8me \u00e9tape &#8211; Vendredi 26 avril 2024 : Oron &#8211; Oron (CLM Individuel, 15,5 km)<\/span><\/h3>\n<ul>\n<li style=\"text-align: justify;\"><a href=\"https:\/\/dicodusport.fr\/blog\/tour-de-romandie-2024-classement-3eme-etape\/\"><strong>Classement de la 3\u00e8me \u00e9tape<\/strong><\/a><\/li>\n<\/ul>\n<p style=\"text-align: justify;\">Par la suite, la 3e \u00e9tape sera un contre-la-montre individuel de 15,5 kilom\u00e8tres autour de <strong>Oron-la-Ville<\/strong>, dans le canton de Vaud. L&rsquo;itin\u00e9raire proposera notamment deux longues lignes droites. Le chrono d\u00e9butera par les premiers 1800 m \u00e0 une moyenne de 6,5 %. Apr\u00e8s le point interm\u00e9diaire \u00e0 7,9 kilom\u00e8tres, il y aura principalement des tron\u00e7ons en descente avec les quatre derniers kilom\u00e8tres, compos\u00e9s de nombreux virages.<\/p>\n<div id=\"attachment_480838\" style=\"width: 1110px\" class=\"wp-caption aligncenter\"><a href=\"https:\/\/dicodusport.fr\/blog\/wp-content\/uploads\/2024\/04\/Profil-de-la-3eme-etape-du-Tour-de-Romandie-2024.png\"><img loading=\"lazy\" decoding=\"async\" aria-describedby=\"caption-attachment-480838\" class=\"wp-image-480838 size-full\" src=\"https:\/\/dicodusport.fr\/blog\/wp-content\/uploads\/2024\/04\/Profil-de-la-3eme-etape-du-Tour-de-Romandie-2024.png\" alt=\"Profil de la 3\u00e8me \u00e9tape du Tour de Romandie 2024\" width=\"1100\" height=\"387\" srcset=\"https:\/\/dicodusport.fr\/blog\/wp-content\/uploads\/2024\/04\/Profil-de-la-3eme-etape-du-Tour-de-Romandie-2024.png 1100w, https:\/\/dicodusport.fr\/blog\/wp-content\/uploads\/2024\/04\/Profil-de-la-3eme-etape-du-Tour-de-Romandie-2024-300x106.png 300w, https:\/\/dicodusport.fr\/blog\/wp-content\/uploads\/2024\/04\/Profil-de-la-3eme-etape-du-Tour-de-Romandie-2024-1024x360.png 1024w, https:\/\/dicodusport.fr\/blog\/wp-content\/uploads\/2024\/04\/Profil-de-la-3eme-etape-du-Tour-de-Romandie-2024-768x270.png 768w\" sizes=\"auto, (max-width: 1100px) 100vw, 1100px\" \/><\/a><p id=\"caption-attachment-480838\" class=\"wp-caption-text\">Profil de la 3\u00e8me \u00e9tape du Tour de Romandie 2024<\/p><\/div>\n<hr \/>\n<h3 style=\"text-align: justify;\"><span style=\"text-decoration: underline;\">4\u00e8me \u00e9tape &#8211; Samedi 27 avril 2024 : Saillon &#8211; Leysin (151,7 km)<\/span><\/h3>\n<p style=\"text-align: justify;\">La quatri\u00e8me \u00e9tape sera l&rsquo;\u00e9tape reine dans les Alpes entre <strong>Saillon<\/strong> et <strong>Leysin<\/strong>. Ce sera la septi\u00e8me arriv\u00e9e dans la station des Pr\u00e9alpes vaudoises sur le Tour de Romandie apr\u00e8s les succ\u00e8s de Simon Yates en 2017, de Pavel Brutt en 2011, d&rsquo;Alberto Contador en 2006, d&rsquo;Alex Z\u00fclle en 2002, d&rsquo;Andrea No\u00e9 en 2000 et de Johan De Muynck en 1976. Les 40 premiers kilom\u00e8tres seront plats jusqu&rsquo;\u00e0 la mont\u00e9e d&rsquo;<strong>Ovronnaz<\/strong> (9,1 km \u00e0 9,5 %). Puis, les coureurs auront une nouvelle portion en vall\u00e9e pour rejoindre le pied des <strong>mont\u00e9es des Rives<\/strong> (une ascension en deux paliers avec une derni\u00e8re partie de 4,9 km \u00e0 6,6 %) et des Giettes (4,1 km \u00e0 8,2 %). Au sommet, il restera encore 45 kilom\u00e8tres \u00e0 parcourir. Apr\u00e8s une section l\u00e9g\u00e8rement vallonn\u00e9e, suivra la mont\u00e9e finale vers <strong>Leysin<\/strong> (13,4 km \u00e0 6,1 %). La mont\u00e9e est particuli\u00e8rement longue, mais pas tr\u00e8s raide, mais il y aura tout de m\u00eame une section \u00e0 12 %.<\/p>\n<div id=\"attachment_480841\" style=\"width: 1110px\" class=\"wp-caption aligncenter\"><a href=\"https:\/\/dicodusport.fr\/blog\/wp-content\/uploads\/2024\/04\/Profil-de-la-4eme-etape-du-Tour-de-Romandie-2024.png\"><img loading=\"lazy\" decoding=\"async\" aria-describedby=\"caption-attachment-480841\" class=\"wp-image-480841 size-full\" src=\"https:\/\/dicodusport.fr\/blog\/wp-content\/uploads\/2024\/04\/Profil-de-la-4eme-etape-du-Tour-de-Romandie-2024.png\" alt=\"Profil de la 4\u00e8me \u00e9tape du Tour de Romandie 2024\" width=\"1100\" height=\"387\" srcset=\"https:\/\/dicodusport.fr\/blog\/wp-content\/uploads\/2024\/04\/Profil-de-la-4eme-etape-du-Tour-de-Romandie-2024.png 1100w, https:\/\/dicodusport.fr\/blog\/wp-content\/uploads\/2024\/04\/Profil-de-la-4eme-etape-du-Tour-de-Romandie-2024-300x106.png 300w, https:\/\/dicodusport.fr\/blog\/wp-content\/uploads\/2024\/04\/Profil-de-la-4eme-etape-du-Tour-de-Romandie-2024-1024x360.png 1024w, https:\/\/dicodusport.fr\/blog\/wp-content\/uploads\/2024\/04\/Profil-de-la-4eme-etape-du-Tour-de-Romandie-2024-768x270.png 768w\" sizes=\"auto, (max-width: 1100px) 100vw, 1100px\" \/><\/a><p id=\"caption-attachment-480841\" class=\"wp-caption-text\">Profil de la 4\u00e8me \u00e9tape du Tour de Romandie 2024<\/p><\/div>\n<hr \/>\n<h3 style=\"text-align: justify;\"><span style=\"text-decoration: underline;\">5\u00e8me \u00e9tape &#8211; Dimanche 28 avril 2024 : Vernier &#8211; Vernier (150,8 km)<\/span><\/h3>\n<p style=\"text-align: justify;\">Enfin, les coureurs feront une boucle autour de <strong>Vernier<\/strong> dans le canton de Gen\u00e8ve pour la derni\u00e8re \u00e9tape. La deuxi\u00e8me commune la plus peupl\u00e9e du canton a accueilli \u00e0 deux reprises la derni\u00e8re \u00e9tape de l&rsquo;\u00e9preuve romande en 1981 et en 1983 avec, \u00e0 l&rsquo;\u00e9poque, une demi-\u00e9tape en ligne et un chrono final. Avec 1 600 m\u00e8tres de d\u00e9nivel\u00e9, l&rsquo;\u00e9tape ne sera certes pas plate, avec la mont\u00e9e de Dardagny (1,2 km \u00e0 5,2 %) sur le circuit local d&rsquo;environ 35 kilom\u00e8tres. Les coureurs effectueront cette ascension quatre fois, dont la derni\u00e8re \u00e0 dix kilom\u00e8tres de l&rsquo;arriv\u00e9e.<\/p>\n<div id=\"attachment_480840\" style=\"width: 1110px\" class=\"wp-caption aligncenter\"><a href=\"https:\/\/dicodusport.fr\/blog\/wp-content\/uploads\/2024\/04\/Profil-de-la-5eme-etape-du-Tour-de-Romandie-2024.png\"><img loading=\"lazy\" decoding=\"async\" aria-describedby=\"caption-attachment-480840\" class=\"wp-image-480840 size-full\" src=\"https:\/\/dicodusport.fr\/blog\/wp-content\/uploads\/2024\/04\/Profil-de-la-5eme-etape-du-Tour-de-Romandie-2024.png\" alt=\"Profil de la 5\u00e8me \u00e9tape du Tour de Romandie 2024\" width=\"1100\" height=\"387\" srcset=\"https:\/\/dicodusport.fr\/blog\/wp-content\/uploads\/2024\/04\/Profil-de-la-5eme-etape-du-Tour-de-Romandie-2024.png 1100w, https:\/\/dicodusport.fr\/blog\/wp-content\/uploads\/2024\/04\/Profil-de-la-5eme-etape-du-Tour-de-Romandie-2024-300x106.png 300w, https:\/\/dicodusport.fr\/blog\/wp-content\/uploads\/2024\/04\/Profil-de-la-5eme-etape-du-Tour-de-Romandie-2024-1024x360.png 1024w, https:\/\/dicodusport.fr\/blog\/wp-content\/uploads\/2024\/04\/Profil-de-la-5eme-etape-du-Tour-de-Romandie-2024-768x270.png 768w\" sizes=\"auto, (max-width: 1100px) 100vw, 1100px\" \/><\/a><p id=\"caption-attachment-480840\" class=\"wp-caption-text\">Profil de la 5\u00e8me \u00e9tape du Tour de Romandie 2024<\/p><\/div>\n<hr \/>\n<h2 style=\"text-align: justify;\">Palmar\u00e8s du Tour de Romandie<\/h2>\n<p style=\"text-align: justify;\">2023 : Adam Yates<\/p>\n<p>2022 : Aleksandr Vlasov<\/p>\n<p>2021 : Geraint Thomas<\/p>\n<p>2019 : Primo\u017e Rogli\u010d<\/p>\n<p>2018 : Primo\u017e Rogli\u010d<\/p>\n<p>2017 : Richie Porte<\/p>\n<p>2016 : Nairo Quintana<\/p>\n<p>2015 : Ilnur Zakarin<\/p>\n<p>2014 : Christopher Froome<\/p>\n<p>2013 : Christopher Froome<\/p>\n<p>2012 : Bradley Wiggins<\/p>\n<p style=\"text-align: justify;\">2011 : Cadel Evans<\/p>\n","protected":false},"excerpt":{"rendered":"<p>TOUR DE ROMANDIE 2024 &#8211;\u00a0 La 77e \u00e9dition du Tour de Romandie se d\u00e9roulera du 23 au 28 avril 2024. Parcours d\u00e9taill\u00e9 et profils des \u00e9tapes.<\/p>\n","protected":false},"author":48,"featured_media":480842,"comment_status":"open","ping_status":"closed","sticky":false,"template":"","format":"standard","meta":{"_acf_changed":false,"_daextam_enable_autolinks":"1","footnotes":""},"categories":[46994],"tags":[16878,574,7747],"class_list":["post-439616","post","type-post","status-publish","format-standard","has-post-thumbnail","hentry","category-cyclisme-sur-route","tag-breve","tag-cyclisme","tag-tour-de-romandie"],"acf":[],"yoast_head":"<!-- This site is optimized with the Yoast SEO Premium plugin v26.7 (Yoast SEO v26.7) - https:\/\/yoast.com\/wordpress\/plugins\/seo\/ -->\n<title>Tour de Romandie 2024 : Parcours en d\u00e9tail et profils des \u00e9tapes<\/title>\n<meta name=\"description\" content=\"TOUR DE ROMANDIE 2024 -\u00a0 La 77e \u00e9dition du Tour de Romandie se d\u00e9roulera du 23 au 28 avril 2024. Parcours d\u00e9taill\u00e9 et profils des \u00e9tapes.\" \/>\n<meta name=\"robots\" content=\"index, follow, max-snippet:-1, max-image-preview:large, max-video-preview:-1\" \/>\n<link rel=\"canonical\" href=\"https:\/\/dicodusport.fr\/blog\/tour-de-romandie-2024-parcours-en-detail-et-profils-des-etapes\/\" \/>\n<meta property=\"og:locale\" content=\"fr_FR\" \/>\n<meta property=\"og:type\" content=\"article\" \/>\n<meta property=\"og:title\" content=\"Tour de Romandie 2024 : Parcours en d\u00e9tail et profils des \u00e9tapes\" \/>\n<meta property=\"og:description\" content=\"TOUR DE ROMANDIE 2024 -\u00a0 La 77e \u00e9dition du Tour de Romandie se d\u00e9roulera du 23 au 28 avril 2024. Parcours d\u00e9taill\u00e9 et profils des \u00e9tapes.\" \/>\n<meta property=\"og:url\" content=\"https:\/\/dicodusport.fr\/blog\/tour-de-romandie-2024-parcours-en-detail-et-profils-des-etapes\/\" \/>\n<meta property=\"og:site_name\" content=\"Dicodusport\" \/>\n<meta property=\"article:publisher\" content=\"https:\/\/www.facebook.com\/dicodusport\" \/>\n<meta property=\"article:author\" content=\"https:\/\/www.facebook.com\/groups\/LesRoisDuPeloton\" \/>\n<meta property=\"article:published_time\" content=\"2024-04-25T16:03:17+00:00\" \/>\n<meta property=\"article:modified_time\" content=\"2024-04-26T14:49:32+00:00\" \/>\n<meta property=\"og:image\" content=\"https:\/\/dicodusport.fr\/blog\/wp-content\/uploads\/2024\/04\/Tour-de-Romandie-2024-Parcours-en-detail-et-profils-des-etapes.png\" \/>\n\t<meta property=\"og:image:width\" content=\"1200\" \/>\n\t<meta property=\"og:image:height\" content=\"674\" \/>\n\t<meta property=\"og:image:type\" content=\"image\/png\" \/>\n<meta name=\"author\" content=\"Emilien Descampiaux\" \/>\n<meta name=\"twitter:card\" content=\"summary_large_image\" \/>\n<meta name=\"twitter:title\" content=\"Tour de Romandie 2024 : Parcours en d\u00e9tail et profils des \u00e9tapes\" \/>\n<meta name=\"twitter:creator\" content=\"@https:\/\/twitter.com\/LRoisDuPeloton\" \/>\n<meta name=\"twitter:site\" content=\"@dicodusport\" \/>\n<script type=\"application\/ld+json\" class=\"yoast-schema-graph\">{\"@context\":\"https:\/\/schema.org\",\"@graph\":[{\"@type\":\"NewsArticle\",\"@id\":\"https:\/\/dicodusport.fr\/blog\/tour-de-romandie-2024-parcours-en-detail-et-profils-des-etapes\/#article\",\"isPartOf\":{\"@id\":\"https:\/\/dicodusport.fr\/blog\/tour-de-romandie-2024-parcours-en-detail-et-profils-des-etapes\/\"},\"author\":{\"name\":\"Emilien Descampiaux\",\"@id\":\"https:\/\/dicodusport.fr\/blog\/#\/schema\/person\/6db4bae06b171592211be385b32876a7\"},\"headline\":\"Tour de Romandie 2024 : Parcours en d\u00e9tail et profils des \u00e9tapes\",\"datePublished\":\"2024-04-25T16:03:17+00:00\",\"dateModified\":\"2024-04-26T14:49:32+00:00\",\"mainEntityOfPage\":{\"@id\":\"https:\/\/dicodusport.fr\/blog\/tour-de-romandie-2024-parcours-en-detail-et-profils-des-etapes\/\"},\"wordCount\":841,\"commentCount\":0,\"publisher\":{\"@id\":\"https:\/\/dicodusport.fr\/blog\/#organization\"},\"image\":{\"@id\":\"https:\/\/dicodusport.fr\/blog\/tour-de-romandie-2024-parcours-en-detail-et-profils-des-etapes\/#primaryimage\"},\"thumbnailUrl\":\"https:\/\/dicodusport.fr\/blog\/wp-content\/uploads\/2024\/04\/Tour-de-Romandie-2024-Parcours-en-detail-et-profils-des-etapes.png\",\"keywords\":[\"br\u00e8ve\",\"Cyclisme\",\"Tour de Romandie\"],\"articleSection\":[\"Cyclisme sur route\"],\"inLanguage\":\"fr-FR\",\"potentialAction\":[{\"@type\":\"CommentAction\",\"name\":\"Comment\",\"target\":[\"https:\/\/dicodusport.fr\/blog\/tour-de-romandie-2024-parcours-en-detail-et-profils-des-etapes\/#respond\"]}],\"copyrightYear\":\"2024\",\"copyrightHolder\":{\"@id\":\"https:\/\/dicodusport.fr\/blog\/#organization\"}},{\"@type\":\"WebPage\",\"@id\":\"https:\/\/dicodusport.fr\/blog\/tour-de-romandie-2024-parcours-en-detail-et-profils-des-etapes\/\",\"url\":\"https:\/\/dicodusport.fr\/blog\/tour-de-romandie-2024-parcours-en-detail-et-profils-des-etapes\/\",\"name\":\"Tour de Romandie 2024 : Parcours en d\u00e9tail et profils des \u00e9tapes\",\"isPartOf\":{\"@id\":\"https:\/\/dicodusport.fr\/blog\/#website\"},\"primaryImageOfPage\":{\"@id\":\"https:\/\/dicodusport.fr\/blog\/tour-de-romandie-2024-parcours-en-detail-et-profils-des-etapes\/#primaryimage\"},\"image\":{\"@id\":\"https:\/\/dicodusport.fr\/blog\/tour-de-romandie-2024-parcours-en-detail-et-profils-des-etapes\/#primaryimage\"},\"thumbnailUrl\":\"https:\/\/dicodusport.fr\/blog\/wp-content\/uploads\/2024\/04\/Tour-de-Romandie-2024-Parcours-en-detail-et-profils-des-etapes.png\",\"datePublished\":\"2024-04-25T16:03:17+00:00\",\"dateModified\":\"2024-04-26T14:49:32+00:00\",\"description\":\"TOUR DE ROMANDIE 2024 -\u00a0 La 77e \u00e9dition du Tour de Romandie se d\u00e9roulera du 23 au 28 avril 2024. Parcours d\u00e9taill\u00e9 et profils des \u00e9tapes.\",\"breadcrumb\":{\"@id\":\"https:\/\/dicodusport.fr\/blog\/tour-de-romandie-2024-parcours-en-detail-et-profils-des-etapes\/#breadcrumb\"},\"inLanguage\":\"fr-FR\",\"potentialAction\":[{\"@type\":\"ReadAction\",\"target\":[\"https:\/\/dicodusport.fr\/blog\/tour-de-romandie-2024-parcours-en-detail-et-profils-des-etapes\/\"]}]},{\"@type\":\"ImageObject\",\"inLanguage\":\"fr-FR\",\"@id\":\"https:\/\/dicodusport.fr\/blog\/tour-de-romandie-2024-parcours-en-detail-et-profils-des-etapes\/#primaryimage\",\"url\":\"https:\/\/dicodusport.fr\/blog\/wp-content\/uploads\/2024\/04\/Tour-de-Romandie-2024-Parcours-en-detail-et-profils-des-etapes.png\",\"contentUrl\":\"https:\/\/dicodusport.fr\/blog\/wp-content\/uploads\/2024\/04\/Tour-de-Romandie-2024-Parcours-en-detail-et-profils-des-etapes.png\",\"width\":1200,\"height\":674,\"caption\":\"Tour de Romandie 2024 Parcours en d\u00e9tail et profils des \u00e9tapes\"},{\"@type\":\"BreadcrumbList\",\"@id\":\"https:\/\/dicodusport.fr\/blog\/tour-de-romandie-2024-parcours-en-detail-et-profils-des-etapes\/#breadcrumb\",\"itemListElement\":[{\"@type\":\"ListItem\",\"position\":1,\"name\":\"Accueil\",\"item\":\"https:\/\/dicodusport.fr\/blog\/\"},{\"@type\":\"ListItem\",\"position\":2,\"name\":\"Tour de Romandie 2024 : Parcours en d\u00e9tail et profils des \u00e9tapes\"}]},{\"@type\":\"WebSite\",\"@id\":\"https:\/\/dicodusport.fr\/blog\/#website\",\"url\":\"https:\/\/dicodusport.fr\/blog\/\",\"name\":\"Dicodusport\",\"description\":\"L&#039;encyclop\u00e9die de l&#039;actualit\u00e9 sportive\",\"publisher\":{\"@id\":\"https:\/\/dicodusport.fr\/blog\/#organization\"},\"potentialAction\":[{\"@type\":\"SearchAction\",\"target\":{\"@type\":\"EntryPoint\",\"urlTemplate\":\"https:\/\/dicodusport.fr\/blog\/?s={search_term_string}\"},\"query-input\":{\"@type\":\"PropertyValueSpecification\",\"valueRequired\":true,\"valueName\":\"search_term_string\"}}],\"inLanguage\":\"fr-FR\"},{\"@type\":\"NewsMediaOrganization\",\"@id\":\"https:\/\/dicodusport.fr\/blog\/#organization\",\"name\":\"Dicodusport\",\"url\":\"https:\/\/dicodusport.fr\/blog\/\",\"logo\":{\"@type\":\"ImageObject\",\"inLanguage\":\"fr-FR\",\"@id\":\"https:\/\/dicodusport.fr\/blog\/#\/schema\/logo\/image\/\",\"url\":\"https:\/\/dicodusport.fr\/blog\/wp-content\/uploads\/2020\/06\/cropped-LOGO-DICODUSPORT-2020-SANS-FOND-SANS-TEXTE.png\",\"contentUrl\":\"https:\/\/dicodusport.fr\/blog\/wp-content\/uploads\/2020\/06\/cropped-LOGO-DICODUSPORT-2020-SANS-FOND-SANS-TEXTE.png\",\"width\":512,\"height\":512,\"caption\":\"Dicodusport\"},\"image\":{\"@id\":\"https:\/\/dicodusport.fr\/blog\/#\/schema\/logo\/image\/\"},\"sameAs\":[\"https:\/\/www.facebook.com\/dicodusport\",\"https:\/\/x.com\/dicodusport\",\"https:\/\/www.instagram.com\/dicodusport\/\",\"https:\/\/www.youtube.com\/channel\/UC7V2KZ5sd3htJivAbA4ZG3w\"],\"description\":\"Dicodusport est l'encyclop\u00e9die de l'actualit\u00e9 sportive.\",\"email\":\"bonjour@dicodusport.fr\",\"legalName\":\"DICODUSPORT\",\"foundingDate\":\"2018-01-14\",\"vatID\":\"FR71834470973\",\"taxID\":\"83447097300043\",\"numberOfEmployees\":{\"@type\":\"QuantitativeValue\",\"minValue\":\"1\",\"maxValue\":\"10\"}},{\"@type\":\"Person\",\"@id\":\"https:\/\/dicodusport.fr\/blog\/#\/schema\/person\/6db4bae06b171592211be385b32876a7\",\"name\":\"Emilien Descampiaux\",\"image\":{\"@type\":\"ImageObject\",\"inLanguage\":\"fr-FR\",\"@id\":\"https:\/\/dicodusport.fr\/blog\/#\/schema\/person\/image\/\",\"url\":\"https:\/\/dicodusport.fr\/blog\/wp-content\/uploads\/2021\/05\/Emilien-Descampiaux-150x150.jpg\",\"contentUrl\":\"https:\/\/dicodusport.fr\/blog\/wp-content\/uploads\/2021\/05\/Emilien-Descampiaux-150x150.jpg\",\"caption\":\"Emilien Descampiaux\"},\"description\":\"Journaliste\/r\u00e9dacteur depuis 2014 - Fan de la classe de Frank Vandenbroucke, je vis cyclisme (et de ses paysages) depuis plus de 20 ans. Je suis tr\u00e8s impliqu\u00e9 sur mes diff\u00e9rents r\u00e9seaux sociaux pour partager ma passion sur le monde et l'Histoire de la bicyclette avec ma voix sur les images en noir et blanc du succ\u00e8s de Rik Van Steenbergen lors du Ronde sur le V\u00e9lodrome de Gand.\",\"sameAs\":[\"https:\/\/www.facebook.com\/groups\/LesRoisDuPeloton\",\"https:\/\/x.com\/https:\/\/twitter.com\/LRoisDuPeloton\"],\"url\":\"https:\/\/dicodusport.fr\/blog\/author\/emiliend\/\"}]}<\/script>\n<!-- \/ Yoast SEO Premium plugin. -->","yoast_head_json":{"title":"Tour de Romandie 2024 : Parcours en d\u00e9tail et profils des \u00e9tapes","description":"TOUR DE ROMANDIE 2024 -\u00a0 La 77e \u00e9dition du Tour de Romandie se d\u00e9roulera du 23 au 28 avril 2024. Parcours d\u00e9taill\u00e9 et profils des \u00e9tapes.","robots":{"index":"index","follow":"follow","max-snippet":"max-snippet:-1","max-image-preview":"max-image-preview:large","max-video-preview":"max-video-preview:-1"},"canonical":"https:\/\/dicodusport.fr\/blog\/tour-de-romandie-2024-parcours-en-detail-et-profils-des-etapes\/","og_locale":"fr_FR","og_type":"article","og_title":"Tour de Romandie 2024 : Parcours en d\u00e9tail et profils des \u00e9tapes","og_description":"TOUR DE ROMANDIE 2024 -\u00a0 La 77e \u00e9dition du Tour de Romandie se d\u00e9roulera du 23 au 28 avril 2024. Parcours d\u00e9taill\u00e9 et profils des \u00e9tapes.","og_url":"https:\/\/dicodusport.fr\/blog\/tour-de-romandie-2024-parcours-en-detail-et-profils-des-etapes\/","og_site_name":"Dicodusport","article_publisher":"https:\/\/www.facebook.com\/dicodusport","article_author":"https:\/\/www.facebook.com\/groups\/LesRoisDuPeloton","article_published_time":"2024-04-25T16:03:17+00:00","article_modified_time":"2024-04-26T14:49:32+00:00","og_image":[{"width":1200,"height":674,"url":"https:\/\/dicodusport.fr\/blog\/wp-content\/uploads\/2024\/04\/Tour-de-Romandie-2024-Parcours-en-detail-et-profils-des-etapes.png","type":"image\/png"}],"author":"Emilien Descampiaux","twitter_card":"summary_large_image","twitter_title":"Tour de Romandie 2024 : Parcours en d\u00e9tail et profils des \u00e9tapes","twitter_creator":"@https:\/\/twitter.com\/LRoisDuPeloton","twitter_site":"@dicodusport","schema":{"@context":"https:\/\/schema.org","@graph":[{"@type":"NewsArticle","@id":"https:\/\/dicodusport.fr\/blog\/tour-de-romandie-2024-parcours-en-detail-et-profils-des-etapes\/#article","isPartOf":{"@id":"https:\/\/dicodusport.fr\/blog\/tour-de-romandie-2024-parcours-en-detail-et-profils-des-etapes\/"},"author":{"name":"Emilien Descampiaux","@id":"https:\/\/dicodusport.fr\/blog\/#\/schema\/person\/6db4bae06b171592211be385b32876a7"},"headline":"Tour de Romandie 2024 : Parcours en d\u00e9tail et profils des \u00e9tapes","datePublished":"2024-04-25T16:03:17+00:00","dateModified":"2024-04-26T14:49:32+00:00","mainEntityOfPage":{"@id":"https:\/\/dicodusport.fr\/blog\/tour-de-romandie-2024-parcours-en-detail-et-profils-des-etapes\/"},"wordCount":841,"commentCount":0,"publisher":{"@id":"https:\/\/dicodusport.fr\/blog\/#organization"},"image":{"@id":"https:\/\/dicodusport.fr\/blog\/tour-de-romandie-2024-parcours-en-detail-et-profils-des-etapes\/#primaryimage"},"thumbnailUrl":"https:\/\/dicodusport.fr\/blog\/wp-content\/uploads\/2024\/04\/Tour-de-Romandie-2024-Parcours-en-detail-et-profils-des-etapes.png","keywords":["br\u00e8ve","Cyclisme","Tour de Romandie"],"articleSection":["Cyclisme sur route"],"inLanguage":"fr-FR","potentialAction":[{"@type":"CommentAction","name":"Comment","target":["https:\/\/dicodusport.fr\/blog\/tour-de-romandie-2024-parcours-en-detail-et-profils-des-etapes\/#respond"]}],"copyrightYear":"2024","copyrightHolder":{"@id":"https:\/\/dicodusport.fr\/blog\/#organization"}},{"@type":"WebPage","@id":"https:\/\/dicodusport.fr\/blog\/tour-de-romandie-2024-parcours-en-detail-et-profils-des-etapes\/","url":"https:\/\/dicodusport.fr\/blog\/tour-de-romandie-2024-parcours-en-detail-et-profils-des-etapes\/","name":"Tour de Romandie 2024 : Parcours en d\u00e9tail et profils des \u00e9tapes","isPartOf":{"@id":"https:\/\/dicodusport.fr\/blog\/#website"},"primaryImageOfPage":{"@id":"https:\/\/dicodusport.fr\/blog\/tour-de-romandie-2024-parcours-en-detail-et-profils-des-etapes\/#primaryimage"},"image":{"@id":"https:\/\/dicodusport.fr\/blog\/tour-de-romandie-2024-parcours-en-detail-et-profils-des-etapes\/#primaryimage"},"thumbnailUrl":"https:\/\/dicodusport.fr\/blog\/wp-content\/uploads\/2024\/04\/Tour-de-Romandie-2024-Parcours-en-detail-et-profils-des-etapes.png","datePublished":"2024-04-25T16:03:17+00:00","dateModified":"2024-04-26T14:49:32+00:00","description":"TOUR DE ROMANDIE 2024 -\u00a0 La 77e \u00e9dition du Tour de Romandie se d\u00e9roulera du 23 au 28 avril 2024. Parcours d\u00e9taill\u00e9 et profils des \u00e9tapes.","breadcrumb":{"@id":"https:\/\/dicodusport.fr\/blog\/tour-de-romandie-2024-parcours-en-detail-et-profils-des-etapes\/#breadcrumb"},"inLanguage":"fr-FR","potentialAction":[{"@type":"ReadAction","target":["https:\/\/dicodusport.fr\/blog\/tour-de-romandie-2024-parcours-en-detail-et-profils-des-etapes\/"]}]},{"@type":"ImageObject","inLanguage":"fr-FR","@id":"https:\/\/dicodusport.fr\/blog\/tour-de-romandie-2024-parcours-en-detail-et-profils-des-etapes\/#primaryimage","url":"https:\/\/dicodusport.fr\/blog\/wp-content\/uploads\/2024\/04\/Tour-de-Romandie-2024-Parcours-en-detail-et-profils-des-etapes.png","contentUrl":"https:\/\/dicodusport.fr\/blog\/wp-content\/uploads\/2024\/04\/Tour-de-Romandie-2024-Parcours-en-detail-et-profils-des-etapes.png","width":1200,"height":674,"caption":"Tour de Romandie 2024 Parcours en d\u00e9tail et profils des \u00e9tapes"},{"@type":"BreadcrumbList","@id":"https:\/\/dicodusport.fr\/blog\/tour-de-romandie-2024-parcours-en-detail-et-profils-des-etapes\/#breadcrumb","itemListElement":[{"@type":"ListItem","position":1,"name":"Accueil","item":"https:\/\/dicodusport.fr\/blog\/"},{"@type":"ListItem","position":2,"name":"Tour de Romandie 2024 : Parcours en d\u00e9tail et profils des \u00e9tapes"}]},{"@type":"WebSite","@id":"https:\/\/dicodusport.fr\/blog\/#website","url":"https:\/\/dicodusport.fr\/blog\/","name":"Dicodusport","description":"L&#039;encyclop\u00e9die de l&#039;actualit\u00e9 sportive","publisher":{"@id":"https:\/\/dicodusport.fr\/blog\/#organization"},"potentialAction":[{"@type":"SearchAction","target":{"@type":"EntryPoint","urlTemplate":"https:\/\/dicodusport.fr\/blog\/?s={search_term_string}"},"query-input":{"@type":"PropertyValueSpecification","valueRequired":true,"valueName":"search_term_string"}}],"inLanguage":"fr-FR"},{"@type":"NewsMediaOrganization","@id":"https:\/\/dicodusport.fr\/blog\/#organization","name":"Dicodusport","url":"https:\/\/dicodusport.fr\/blog\/","logo":{"@type":"ImageObject","inLanguage":"fr-FR","@id":"https:\/\/dicodusport.fr\/blog\/#\/schema\/logo\/image\/","url":"https:\/\/dicodusport.fr\/blog\/wp-content\/uploads\/2020\/06\/cropped-LOGO-DICODUSPORT-2020-SANS-FOND-SANS-TEXTE.png","contentUrl":"https:\/\/dicodusport.fr\/blog\/wp-content\/uploads\/2020\/06\/cropped-LOGO-DICODUSPORT-2020-SANS-FOND-SANS-TEXTE.png","width":512,"height":512,"caption":"Dicodusport"},"image":{"@id":"https:\/\/dicodusport.fr\/blog\/#\/schema\/logo\/image\/"},"sameAs":["https:\/\/www.facebook.com\/dicodusport","https:\/\/x.com\/dicodusport","https:\/\/www.instagram.com\/dicodusport\/","https:\/\/www.youtube.com\/channel\/UC7V2KZ5sd3htJivAbA4ZG3w"],"description":"Dicodusport est l'encyclop\u00e9die de l'actualit\u00e9 sportive.","email":"bonjour@dicodusport.fr","legalName":"DICODUSPORT","foundingDate":"2018-01-14","vatID":"FR71834470973","taxID":"83447097300043","numberOfEmployees":{"@type":"QuantitativeValue","minValue":"1","maxValue":"10"}},{"@type":"Person","@id":"https:\/\/dicodusport.fr\/blog\/#\/schema\/person\/6db4bae06b171592211be385b32876a7","name":"Emilien Descampiaux","image":{"@type":"ImageObject","inLanguage":"fr-FR","@id":"https:\/\/dicodusport.fr\/blog\/#\/schema\/person\/image\/","url":"https:\/\/dicodusport.fr\/blog\/wp-content\/uploads\/2021\/05\/Emilien-Descampiaux-150x150.jpg","contentUrl":"https:\/\/dicodusport.fr\/blog\/wp-content\/uploads\/2021\/05\/Emilien-Descampiaux-150x150.jpg","caption":"Emilien Descampiaux"},"description":"Journaliste\/r\u00e9dacteur depuis 2014 - Fan de la classe de Frank Vandenbroucke, je vis cyclisme (et de ses paysages) depuis plus de 20 ans. Je suis tr\u00e8s impliqu\u00e9 sur mes diff\u00e9rents r\u00e9seaux sociaux pour partager ma passion sur le monde et l'Histoire de la bicyclette avec ma voix sur les images en noir et blanc du succ\u00e8s de Rik Van Steenbergen lors du Ronde sur le V\u00e9lodrome de Gand.","sameAs":["https:\/\/www.facebook.com\/groups\/LesRoisDuPeloton","https:\/\/x.com\/https:\/\/twitter.com\/LRoisDuPeloton"],"url":"https:\/\/dicodusport.fr\/blog\/author\/emiliend\/"}]}},"_links":{"self":[{"href":"https:\/\/dicodusport.fr\/blog\/wp-json\/wp\/v2\/posts\/439616","targetHints":{"allow":["GET"]}}],"collection":[{"href":"https:\/\/dicodusport.fr\/blog\/wp-json\/wp\/v2\/posts"}],"about":[{"href":"https:\/\/dicodusport.fr\/blog\/wp-json\/wp\/v2\/types\/post"}],"author":[{"embeddable":true,"href":"https:\/\/dicodusport.fr\/blog\/wp-json\/wp\/v2\/users\/48"}],"replies":[{"embeddable":true,"href":"https:\/\/dicodusport.fr\/blog\/wp-json\/wp\/v2\/comments?post=439616"}],"version-history":[{"count":5,"href":"https:\/\/dicodusport.fr\/blog\/wp-json\/wp\/v2\/posts\/439616\/revisions"}],"predecessor-version":[{"id":481584,"href":"https:\/\/dicodusport.fr\/blog\/wp-json\/wp\/v2\/posts\/439616\/revisions\/481584"}],"wp:featuredmedia":[{"embeddable":true,"href":"https:\/\/dicodusport.fr\/blog\/wp-json\/wp\/v2\/media\/480842"}],"wp:attachment":[{"href":"https:\/\/dicodusport.fr\/blog\/wp-json\/wp\/v2\/media?parent=439616"}],"wp:term":[{"taxonomy":"category","embeddable":true,"href":"https:\/\/dicodusport.fr\/blog\/wp-json\/wp\/v2\/categories?post=439616"},{"taxonomy":"post_tag","embeddable":true,"href":"https:\/\/dicodusport.fr\/blog\/wp-json\/wp\/v2\/tags?post=439616"}],"curies":[{"name":"wp","href":"https:\/\/api.w.org\/{rel}","templated":true}]}}