{"id":4399,"date":"2017-08-28T13:01:01","date_gmt":"2017-08-28T12:01:01","guid":{"rendered":"http:\/\/dicodusport.fr\/blog\/?p=4399"},"modified":"2025-11-20T18:37:57","modified_gmt":"2025-11-20T17:37:57","slug":"lundi-taquet-9-france-cyclisme-fait-etincelles","status":"publish","type":"post","link":"https:\/\/dicodusport.fr\/blog\/lundi-taquet-9-france-cyclisme-fait-etincelles\/","title":{"rendered":"Un lundi au taquet #9 : La France du cyclisme fait des \u00e9tincelles !"},"content":{"rendered":"<p style=\"text-align: justify\"><span style=\"color: #000000\"><strong><em>Comment \u00e7a ? Vous n&rsquo;avez pas suivi l&rsquo;actualit\u00e9 sportive cette semaine ? Pas de probl\u00e8me, votre blog Dicodusport vous offre une s\u00e9ance de rattrapage, entre s\u00e9rieux et humour. <\/em><\/strong><strong><em>Moteur.<\/em><\/strong><\/span><\/p>\n<hr \/>\n<h6 style=\"text-align: center\"><span style=\"color: #000000\"><em><strong>&#8211; En bref &#8211;<\/strong><\/em><\/span><\/h6>\n<p style=\"text-align: justify\"><span style=\"color: #000000\"><strong>#Universiades &#8211; Les jeunes tricolores brillent !<\/strong><\/span><\/p>\n<p><span style=\"color: #000000\">Tr\u00e8s belle semaine pour la d\u00e9l\u00e9gation fran\u00e7aise aux Universiades de Taipei (Ta\u00efwan). Apr\u00e8s un premier week-end plus qu&rsquo;encourageant, les m\u00e9dailles sont tomb\u00e9es dans l&rsquo;escarcelle des Bleu(e)s : pas moins de trois titres, avec la belle Lola Benarroche en judo (-57kg), Axel Augis en gymnastique, \u00e0 la barre fixe et Jeffrey John, sur le 200m en athl\u00e9tisme. Ajoutez \u00e0 cela quatre m\u00e9dailles d&rsquo;argent pour Audrey Adiceom et Mathieu Jimenez\u00a0 en tir \u00e0 l&rsquo;arc par \u00e9quipes, Florent Urani et Vincent Limare en judo, respectivement en -73kg et -60kg et Alexis Miellet sur le 1500m en athl\u00e9tisme. Les escrimeuses f\u00e9minines ont sauv\u00e9 l&rsquo;honneur, en sabre par \u00e9quipes, en d\u00e9crochant une belle m\u00e9daille de bronze. Avant les finales des sports collectifs, le contingent tricolore compte douze breloques. D\u00e9j\u00e0 une r\u00e9ussite.<\/span><\/p>\n<div id=\"attachment_4416\" style=\"width: 1034px\" class=\"wp-caption aligncenter\"><img loading=\"lazy\" decoding=\"async\" aria-describedby=\"caption-attachment-4416\" class=\"wp-image-4416 size-full\" src=\"http:\/\/dicodusport.fr\/blog\/wp-content\/uploads\/2017\/08\/Adiceom-Jimenez.jpg\" alt=\"\" width=\"1024\" height=\"682\" srcset=\"https:\/\/dicodusport.fr\/blog\/wp-content\/uploads\/2017\/08\/Adiceom-Jimenez.jpg 1024w, https:\/\/dicodusport.fr\/blog\/wp-content\/uploads\/2017\/08\/Adiceom-Jimenez-300x200.jpg 300w, https:\/\/dicodusport.fr\/blog\/wp-content\/uploads\/2017\/08\/Adiceom-Jimenez-768x512.jpg 768w\" sizes=\"auto, (max-width: 1024px) 100vw, 1024px\" \/><p id=\"caption-attachment-4416\" class=\"wp-caption-text\"><span style=\"font-size: 12px\">Audrey Adiceom et Mathieu Jimenez en argent &#8211; F\u00e9d\u00e9ration Fran\u00e7aise du Sport Universitaire<\/span><\/p><\/div>\n<p style=\"text-align: justify\"><span style=\"color: #000000\"><strong style=\"color: #000000\">#VTT<\/strong><strong> &#8211; Myriam Nicole, reine de la descente !<br \/>\n<\/strong><\/span><\/p>\n<p style=\"text-align: justify\"><span style=\"color: #000000\">En juillet dernier, on vous parlait de Myriam Nicole, championne fran\u00e7aise de descente : elle venait alors de remporter la manche de Coupe du Monde en Andorre. Ce week-end, la Montpelli\u00e9raine a remport\u00e9 cette Coupe du Monde en terminant \u00e0 la deuxi\u00e8me place de la derni\u00e8re course \u00e0 Val di Sole, en Italie. Elle qui devait terminer dans le Top 4 n&rsquo;a donc pas flanch\u00e9. Au palmar\u00e8s des Fran\u00e7aises laur\u00e9ates de la Coupe du Monde, Myriam Nicole succ\u00e8de \u00e0 Sabrina Jonnier, derni\u00e8re tricolore \u00e0 avoir remport\u00e9 l&rsquo;\u00e9preuve en 2010. Elle peut d\u00e9sormais r\u00eaver du doubl\u00e9 dans 15 jours, lors des Mondiaux en Australie.<br \/>\n<\/span><\/p>\n<p style=\"text-align: justify\"><span style=\"color: #000000\"><strong>#Cyclisme &#8211; Sur route, les Tricolores sont aussi dans le tempo !<\/strong><\/span><\/p>\n<p style=\"text-align: justify\"><span style=\"color: #000000\">Tr\u00e8s belle performance de Pauline Ferrand-Pr\u00e9vot lors du Grand Prix de Plouay. On vous en parlait la semaine derni\u00e8re, apr\u00e8s un retour au premier plan en VTT cet \u00e9t\u00e9, la Fran\u00e7aise a pris la deuxi\u00e8me place de la classique bretonne samedi, seulement devanc\u00e9e par la championne de Grande-Bretagne, Lizzie Deignan. La Fran\u00e7aise s&rsquo;est notamment pay\u00e9e le luxe de faire exploser le peloton dans la derni\u00e8re bosse, la c\u00f4te de Ty Marec. Super Pauline est de retour. <\/span><\/p>\n<p style=\"text-align: justify\"><span style=\"color: #000000\">Autre retour en force, celui de Julian Alaphilippe ! La terreur a frapp\u00e9 samedi sur la Vuelta, en remportant la 8\u00e8me \u00e9tape \u00e0 Xorret de Cati. Bless\u00e9 au printemps sur le Tour du Pays Basque, le puncheur avait \u00e9t\u00e9 op\u00e9r\u00e9 du genou, avant de revenir \u00e0 la comp\u00e9tition au d\u00e9but du mois. Le Tricolore revient tr\u00e8s fort \u00e0 quelques semaines des Championnats du Monde qui pourraient lui convenir. Et puis, dans le pire des cas, on le reverra tr\u00e8s certainement l&rsquo;ann\u00e9e prochaine, sur les Ardennaises, lui qui a d\u00e9j\u00e0 termin\u00e9 \u00e0 deux reprises second de la Fl\u00e8che Wallonne. Un \u00e9norme plaisir de le retrouver dans les pelotons.<\/span><\/p>\n<div id=\"attachment_4417\" style=\"width: 970px\" class=\"wp-caption aligncenter\"><img loading=\"lazy\" decoding=\"async\" aria-describedby=\"caption-attachment-4417\" class=\"wp-image-4417 size-full\" src=\"http:\/\/dicodusport.fr\/blog\/wp-content\/uploads\/2017\/08\/Jaime-Reina-AFP.jpg\" alt=\"\" width=\"960\" height=\"614\" srcset=\"https:\/\/dicodusport.fr\/blog\/wp-content\/uploads\/2017\/08\/Jaime-Reina-AFP.jpg 960w, https:\/\/dicodusport.fr\/blog\/wp-content\/uploads\/2017\/08\/Jaime-Reina-AFP-300x192.jpg 300w, https:\/\/dicodusport.fr\/blog\/wp-content\/uploads\/2017\/08\/Jaime-Reina-AFP-768x491.jpg 768w\" sizes=\"auto, (max-width: 960px) 100vw, 960px\" \/><p id=\"caption-attachment-4417\" class=\"wp-caption-text\"><span style=\"font-size: 12px\">Julian Alaphilippe est de retour aux affaires &#8211; Jaime Reina\/AFP<\/span><\/p><\/div>\n<hr \/>\n<h6 style=\"text-align: center\"><span style=\"color: #000000\"><em><strong>&#8211; La femme de la semaine &#8211;<\/strong><\/em><\/span><\/h6>\n<p style=\"text-align: justify\"><span style=\"color: #000000\">Qui est Mathilde Gros (photo de couverture) ? Vous ne savez pas ? Alors accrochez-vous, cette jeune cycliste fran\u00e7aise vient de r\u00e9aliser un retentissant exploit en devenant triple championne du Monde juniors en cyclisme sur piste, \u00e0 Montichiari (Italie). Apr\u00e8s la vitesse et le 500m d\u00e9part arr\u00eat\u00e9, la championne de 18 ans, originaire de Cornillon-Confoux dans les Bouches-du-Rh\u00f4ne s&rsquo;est adjug\u00e9e le keirin et r\u00e9alise un grand chelem dans les \u00e9preuves de sprint. Alors qu&rsquo;elle a commenc\u00e9 le cyclisme sur piste en comp\u00e9tition il y a seulement deux ans, elle f\u00fbt double championne de France d\u00e8s sa premi\u00e8re participation au championnat national, avant d&rsquo;acqu\u00e9rir les titres de championne d&rsquo;Europe sur le 500m d\u00e9part arr\u00eat\u00e9 et la vitesse individuelle l&rsquo;an dernier. Cette ann\u00e9e, l&rsquo;ancienne basketteuse a tout simplement tout rafl\u00e9, triple championne de France, d&rsquo;Europe et du Monde d\u00e9sormais. Un palmar\u00e8s affolant pour son \u00e2ge. L&rsquo;avenir lui appartient.<\/span><\/p>\n<hr \/>\n<h6 style=\"text-align: center\"><span style=\"color: #000000\"><em><strong>&#8211; L&rsquo;homme de la semaine &#8211;<\/strong><\/em><\/span><\/h6>\n<p style=\"text-align: justify\"><span style=\"color: #000000\">D\u00e9cid\u00e9ment, notre chronique fait la part belle au cyclisme cette semaine. Focus sur le Colombien Egan Bernal, vainqueur ce week-end du Tour de l&rsquo;Avenir, un mini-tour de France r\u00e9serv\u00e9 aux futurs cadors du peloton professionnel. Grand favori au d\u00e9part, il a tout simplement survol\u00e9 la course, avec deux victoires d&rsquo;\u00e9tape au compteur (Les Saisies et Sainte-Foy Tarentaise). Laur\u00e9at du Tour de Savoie, il succ\u00e8de au palmar\u00e8s au Fran\u00e7ais David Gaudu, mais aussi \u00e0 d&rsquo;autres coureurs colombiens qui jouent les premiers r\u00f4les dans les Grands Tours aujourd&rsquo;hui, comme Nairo Quintana et Esteban Chaves. <\/span><\/p>\n<p style=\"text-align: justify\"><span style=\"color: #000000\">Cerise sur le g\u00e2teau, le grimpeur, annonc\u00e9 comme un crack, a \u00e9galement sign\u00e9 un contrat avec la Sky de Christopher Froome. Actuellement chez Androni, il a tap\u00e9 dans l\u2019\u0153il de Dave Brailsford, le manager de l&rsquo;\u00e9quipe britannique, bien avant son succ\u00e8s de ce week-end. Un futur grand, on vous dit.<\/span><\/p>\n<div id=\"attachment_4418\" style=\"width: 1930px\" class=\"wp-caption aligncenter\"><img loading=\"lazy\" decoding=\"async\" aria-describedby=\"caption-attachment-4418\" class=\"wp-image-4418 size-full\" src=\"http:\/\/dicodusport.fr\/blog\/wp-content\/uploads\/2017\/08\/537821_1.jpg\" alt=\"\" width=\"1920\" height=\"1018\" srcset=\"https:\/\/dicodusport.fr\/blog\/wp-content\/uploads\/2017\/08\/537821_1.jpg 1920w, https:\/\/dicodusport.fr\/blog\/wp-content\/uploads\/2017\/08\/537821_1-300x159.jpg 300w, https:\/\/dicodusport.fr\/blog\/wp-content\/uploads\/2017\/08\/537821_1-768x407.jpg 768w, https:\/\/dicodusport.fr\/blog\/wp-content\/uploads\/2017\/08\/537821_1-1024x543.jpg 1024w\" sizes=\"auto, (max-width: 1920px) 100vw, 1920px\" \/><p id=\"caption-attachment-4418\" class=\"wp-caption-text\"><span style=\"font-size: 12px\">Avec sa signature chez la Sky, on n&rsquo;a pas termin\u00e9 d&rsquo;entendre parler d&rsquo;Egan Bernal&#8230; et de l&rsquo;\u00e9quipe britannique, aussi &#8211; F\u00e9d\u00e9ration Colombienne de Cyclisme<\/span><\/p><\/div>\n<hr \/>\n<h6 style=\"text-align: center\"><span style=\"color: #000000\"><strong><em>&#8211; Le Tweet qui nous a fait rire &#8211;<\/em><\/strong><\/span><\/h6>\n<p style=\"text-align: justify\"><span style=\"color: #000000\">L&rsquo;autre fait marquant du week-end, c&rsquo;est la victoire des N\u00e9o-Z\u00e9landais face \u00e0 l&rsquo;Australie dans le Rugby Championship, dans un match de dingue, (35-29). Men\u00e9s largement, bouscul\u00e9s comme rarement, ils sont tout de m\u00eame parvenus \u00e0 s&rsquo;imposer en toute fin de match, au terme d&rsquo;un chass\u00e9 crois\u00e9 d&rsquo;anthologie. Bref, quand on sait que le XV de France va rencontrer les Blacks \u00e0 deux reprises en novembre, on peut logiquement trembler. Ce n&rsquo;est pas Guy Nov\u00e8s qui dira le contraire. Merci Philou !<\/span><\/p>\n<blockquote class=\"twitter-tweet tw-align-center\">\n<p dir=\"ltr\" lang=\"fr\">quand tu espere que novembre arrive jamais <a href=\"https:\/\/t.co\/YgDnrBsT9f\">pic.twitter.com\/YgDnrBsT9f<\/a><\/p>\n<p>\u2014 Philou (@philousports) <a href=\"https:\/\/twitter.com\/philousports\/status\/901380365062942720\">26 ao\u00fbt 2017<\/a><\/p><\/blockquote>\n<p><a href=\"\/\/platform.twitter.com\/widgets.js\">\/\/platform.twitter.com\/widgets.js<\/a><\/p>\n<hr \/>\n<h6 style=\"text-align: center\"><span style=\"color: #000000\"><strong><em>&#8211; Ce qu&rsquo;il ne faut pas louper cette semaine &#8211;<\/em><\/strong><\/span><\/h6>\n<p style=\"text-align: justify\"><span style=\"color: #000000;font-size: 12pt\">\u2219 D\u00e9but des Mondiaux de Judo aujourd&rsquo;hui \u00e0 Budapest (Hongrie). Teddy Riner&amp;cie ont les crocs, et tenteront de r\u00e9aliser une jolie moisson jusqu&rsquo;\u00e0 dimanche prochain. Point complet sur les performances fran\u00e7aises la semaine prochaine<br \/>\n<\/span><\/p>\n<p style=\"text-align: justify\"><span style=\"color: #000000\">\u2219 Comp\u00e9tition tr\u00e8s peu m\u00e9diatis\u00e9e, les World Roller Games ont d\u00e9but\u00e9 \u00e0 Nankin en Chine, jusqu&rsquo;au 10 septembre. Roller Hockey, Roller Derby ou autres \u00e9preuves de vitesse, le spectacle promet d&rsquo;\u00eatre au rendez-vous. Les Tricolores aussi.<br \/>\n<\/span><\/p>\n<p style=\"text-align: justify\"><em><span style=\"color: #000000\"><strong>Flo Ostermann<\/strong><\/span><\/em><em><br \/>\n<\/em><a href=\"https:\/\/www.facebook.com\/florent.ostermann\"><img loading=\"lazy\" decoding=\"async\" class=\"alignnone wp-image-2909\" src=\"http:\/\/dicodusport.fr\/blog\/wp-content\/uploads\/2017\/07\/logo-facebook-150x150.png\" alt=\"\" width=\"40\" height=\"40\" \/><\/a><a href=\"https:\/\/twitter.com\/SportInsideMag\"><img loading=\"lazy\" decoding=\"async\" class=\"alignnone wp-image-2908\" src=\"http:\/\/dicodusport.fr\/blog\/wp-content\/uploads\/2017\/07\/logo-twitter-150x150.png\" alt=\"\" width=\"39\" height=\"39\" \/><\/a><\/p>\n","protected":false},"excerpt":{"rendered":"<p>Comment \u00e7a ? Vous n&rsquo;avez pas suivi l&rsquo;actualit\u00e9 sportive cette semaine ? Pas de probl\u00e8me, votre blog Dicodusport vous offre une s\u00e9ance de rattrapage, entre s\u00e9rieux et humour. Moteur. &#8211; En bref &#8211; #Universiades &#8211; Les jeunes tricolores brillent ! Tr\u00e8s belle semaine pour la d\u00e9l\u00e9gation fran\u00e7aise aux Universiades de Taipei (Ta\u00efwan). Apr\u00e8s un premier [&hellip;]<\/p>\n","protected":false},"author":4,"featured_media":4415,"comment_status":"open","ping_status":"closed","sticky":false,"template":"","format":"standard","meta":{"_acf_changed":false,"_daextam_enable_autolinks":"","footnotes":""},"categories":[2366],"tags":[574,1720,1719,1721,1259,1340,1612,692],"class_list":["post-4399","post","type-post","status-publish","format-standard","has-post-thumbnail","hentry","category-multisports","tag-cyclisme","tag-egan-bernal","tag-julian-alaphilippe","tag-mathilde-gros","tag-myriam-nicole","tag-pauline-ferrand-prevot","tag-tour-de-lavenir","tag-vtt"],"acf":[],"yoast_head":"<!-- This site is optimized with the Yoast SEO Premium plugin v26.7 (Yoast SEO v26.7) - https:\/\/yoast.com\/wordpress\/plugins\/seo\/ -->\n<title>Un lundi au taquet #9 : La France du cyclisme fait des \u00e9tincelles !<\/title>\n<meta name=\"description\" content=\"Un lundi au taquet, \u00e9pisode 9. Au menu cette semaine, le cyclisme tricolore surnage et les Universiades se poursuivent.\" \/>\n<meta name=\"robots\" content=\"index, follow, max-snippet:-1, max-image-preview:large, max-video-preview:-1\" \/>\n<link rel=\"canonical\" href=\"https:\/\/dicodusport.fr\/blog\/lundi-taquet-9-france-cyclisme-fait-etincelles\/\" \/>\n<meta property=\"og:locale\" content=\"fr_FR\" \/>\n<meta property=\"og:type\" content=\"article\" \/>\n<meta property=\"og:title\" content=\"Un lundi au taquet #9 : La France du cyclisme fait des \u00e9tincelles !\" \/>\n<meta property=\"og:description\" content=\"Un lundi au taquet, \u00e9pisode 9. Au menu cette semaine, le cyclisme tricolore surnage et les Universiades se poursuivent.\" \/>\n<meta property=\"og:url\" content=\"https:\/\/dicodusport.fr\/blog\/lundi-taquet-9-france-cyclisme-fait-etincelles\/\" \/>\n<meta property=\"og:site_name\" content=\"Dicodusport\" \/>\n<meta property=\"article:publisher\" content=\"https:\/\/www.facebook.com\/dicodusport\" \/>\n<meta property=\"article:author\" content=\"https:\/\/www.facebook.com\/florent.ostermann\" \/>\n<meta property=\"article:published_time\" content=\"2017-08-28T12:01:01+00:00\" \/>\n<meta property=\"article:modified_time\" content=\"2025-11-20T17:37:57+00:00\" \/>\n<meta property=\"og:image\" content=\"https:\/\/dicodusport.fr\/blog\/wp-content\/uploads\/2017\/08\/Mathilde-Gros-800x445-1.png\" \/>\n\t<meta property=\"og:image:width\" content=\"1200\" \/>\n\t<meta property=\"og:image:height\" content=\"670\" \/>\n\t<meta property=\"og:image:type\" content=\"image\/png\" \/>\n<meta name=\"author\" content=\"Flo Ostermann\" \/>\n<meta name=\"twitter:card\" content=\"summary_large_image\" \/>\n<meta name=\"twitter:creator\" content=\"@https:\/\/twitter.com\/FlOstermann\" \/>\n<meta name=\"twitter:site\" content=\"@dicodusport\" \/>\n<script type=\"application\/ld+json\" class=\"yoast-schema-graph\">{\"@context\":\"https:\/\/schema.org\",\"@graph\":[{\"@type\":\"NewsArticle\",\"@id\":\"https:\/\/dicodusport.fr\/blog\/lundi-taquet-9-france-cyclisme-fait-etincelles\/#article\",\"isPartOf\":{\"@id\":\"https:\/\/dicodusport.fr\/blog\/lundi-taquet-9-france-cyclisme-fait-etincelles\/\"},\"author\":{\"name\":\"Flo Ostermann\",\"@id\":\"https:\/\/dicodusport.fr\/blog\/#\/schema\/person\/cb02af4c173ce4a653b55e9baf388d4a\"},\"headline\":\"Un lundi au taquet #9 : La France du cyclisme fait des \u00e9tincelles !\",\"datePublished\":\"2017-08-28T12:01:01+00:00\",\"dateModified\":\"2025-11-20T17:37:57+00:00\",\"mainEntityOfPage\":{\"@id\":\"https:\/\/dicodusport.fr\/blog\/lundi-taquet-9-france-cyclisme-fait-etincelles\/\"},\"wordCount\":1156,\"commentCount\":0,\"publisher\":{\"@id\":\"https:\/\/dicodusport.fr\/blog\/#organization\"},\"image\":{\"@id\":\"https:\/\/dicodusport.fr\/blog\/lundi-taquet-9-france-cyclisme-fait-etincelles\/#primaryimage\"},\"thumbnailUrl\":\"https:\/\/dicodusport.fr\/blog\/wp-content\/uploads\/2017\/08\/Mathilde-Gros-800x445-1.png\",\"keywords\":[\"Cyclisme\",\"Egan Bernal\",\"Julian Alaphilippe\",\"Mathilde Gros\",\"Myriam Nicole\",\"Pauline Ferrand-Pr\u00e9vot\",\"Tour de l'Avenir\",\"VTT\"],\"articleSection\":[\"Multisports\"],\"inLanguage\":\"fr-FR\",\"potentialAction\":[{\"@type\":\"CommentAction\",\"name\":\"Comment\",\"target\":[\"https:\/\/dicodusport.fr\/blog\/lundi-taquet-9-france-cyclisme-fait-etincelles\/#respond\"]}],\"copyrightYear\":\"2017\",\"copyrightHolder\":{\"@id\":\"https:\/\/dicodusport.fr\/blog\/#organization\"}},{\"@type\":\"WebPage\",\"@id\":\"https:\/\/dicodusport.fr\/blog\/lundi-taquet-9-france-cyclisme-fait-etincelles\/\",\"url\":\"https:\/\/dicodusport.fr\/blog\/lundi-taquet-9-france-cyclisme-fait-etincelles\/\",\"name\":\"Un lundi au taquet #9 : La France du cyclisme fait des \u00e9tincelles !\",\"isPartOf\":{\"@id\":\"https:\/\/dicodusport.fr\/blog\/#website\"},\"primaryImageOfPage\":{\"@id\":\"https:\/\/dicodusport.fr\/blog\/lundi-taquet-9-france-cyclisme-fait-etincelles\/#primaryimage\"},\"image\":{\"@id\":\"https:\/\/dicodusport.fr\/blog\/lundi-taquet-9-france-cyclisme-fait-etincelles\/#primaryimage\"},\"thumbnailUrl\":\"https:\/\/dicodusport.fr\/blog\/wp-content\/uploads\/2017\/08\/Mathilde-Gros-800x445-1.png\",\"datePublished\":\"2017-08-28T12:01:01+00:00\",\"dateModified\":\"2025-11-20T17:37:57+00:00\",\"description\":\"Un lundi au taquet, \u00e9pisode 9. Au menu cette semaine, le cyclisme tricolore surnage et les Universiades se poursuivent.\",\"breadcrumb\":{\"@id\":\"https:\/\/dicodusport.fr\/blog\/lundi-taquet-9-france-cyclisme-fait-etincelles\/#breadcrumb\"},\"inLanguage\":\"fr-FR\",\"potentialAction\":[{\"@type\":\"ReadAction\",\"target\":[\"https:\/\/dicodusport.fr\/blog\/lundi-taquet-9-france-cyclisme-fait-etincelles\/\"]}]},{\"@type\":\"ImageObject\",\"inLanguage\":\"fr-FR\",\"@id\":\"https:\/\/dicodusport.fr\/blog\/lundi-taquet-9-france-cyclisme-fait-etincelles\/#primaryimage\",\"url\":\"https:\/\/dicodusport.fr\/blog\/wp-content\/uploads\/2017\/08\/Mathilde-Gros-800x445-1.png\",\"contentUrl\":\"https:\/\/dicodusport.fr\/blog\/wp-content\/uploads\/2017\/08\/Mathilde-Gros-800x445-1.png\",\"width\":1200,\"height\":670},{\"@type\":\"BreadcrumbList\",\"@id\":\"https:\/\/dicodusport.fr\/blog\/lundi-taquet-9-france-cyclisme-fait-etincelles\/#breadcrumb\",\"itemListElement\":[{\"@type\":\"ListItem\",\"position\":1,\"name\":\"Accueil\",\"item\":\"https:\/\/dicodusport.fr\/blog\/\"},{\"@type\":\"ListItem\",\"position\":2,\"name\":\"Un lundi au taquet #9 : La France du cyclisme fait des \u00e9tincelles !\"}]},{\"@type\":\"WebSite\",\"@id\":\"https:\/\/dicodusport.fr\/blog\/#website\",\"url\":\"https:\/\/dicodusport.fr\/blog\/\",\"name\":\"Dicodusport\",\"description\":\"L&#039;encyclop\u00e9die de l&#039;actualit\u00e9 sportive\",\"publisher\":{\"@id\":\"https:\/\/dicodusport.fr\/blog\/#organization\"},\"potentialAction\":[{\"@type\":\"SearchAction\",\"target\":{\"@type\":\"EntryPoint\",\"urlTemplate\":\"https:\/\/dicodusport.fr\/blog\/?s={search_term_string}\"},\"query-input\":{\"@type\":\"PropertyValueSpecification\",\"valueRequired\":true,\"valueName\":\"search_term_string\"}}],\"inLanguage\":\"fr-FR\"},{\"@type\":\"NewsMediaOrganization\",\"@id\":\"https:\/\/dicodusport.fr\/blog\/#organization\",\"name\":\"Dicodusport\",\"url\":\"https:\/\/dicodusport.fr\/blog\/\",\"logo\":{\"@type\":\"ImageObject\",\"inLanguage\":\"fr-FR\",\"@id\":\"https:\/\/dicodusport.fr\/blog\/#\/schema\/logo\/image\/\",\"url\":\"https:\/\/dicodusport.fr\/blog\/wp-content\/uploads\/2020\/06\/cropped-LOGO-DICODUSPORT-2020-SANS-FOND-SANS-TEXTE.png\",\"contentUrl\":\"https:\/\/dicodusport.fr\/blog\/wp-content\/uploads\/2020\/06\/cropped-LOGO-DICODUSPORT-2020-SANS-FOND-SANS-TEXTE.png\",\"width\":512,\"height\":512,\"caption\":\"Dicodusport\"},\"image\":{\"@id\":\"https:\/\/dicodusport.fr\/blog\/#\/schema\/logo\/image\/\"},\"sameAs\":[\"https:\/\/www.facebook.com\/dicodusport\",\"https:\/\/x.com\/dicodusport\",\"https:\/\/www.instagram.com\/dicodusport\/\",\"https:\/\/www.youtube.com\/channel\/UC7V2KZ5sd3htJivAbA4ZG3w\"],\"description\":\"Dicodusport est l'encyclop\u00e9die de l'actualit\u00e9 sportive.\",\"email\":\"bonjour@dicodusport.fr\",\"legalName\":\"DICODUSPORT\",\"foundingDate\":\"2018-01-14\",\"vatID\":\"FR71834470973\",\"taxID\":\"83447097300043\",\"numberOfEmployees\":{\"@type\":\"QuantitativeValue\",\"minValue\":\"1\",\"maxValue\":\"10\"}},{\"@type\":\"Person\",\"@id\":\"https:\/\/dicodusport.fr\/blog\/#\/schema\/person\/cb02af4c173ce4a653b55e9baf388d4a\",\"name\":\"Flo Ostermann\",\"image\":{\"@type\":\"ImageObject\",\"inLanguage\":\"fr-FR\",\"@id\":\"https:\/\/dicodusport.fr\/blog\/#\/schema\/person\/image\/\",\"url\":\"https:\/\/dicodusport.fr\/blog\/wp-content\/uploads\/2021\/05\/Flo-Ostermann-150x150.jpg\",\"contentUrl\":\"https:\/\/dicodusport.fr\/blog\/wp-content\/uploads\/2021\/05\/Flo-Ostermann-150x150.jpg\",\"caption\":\"Flo Ostermann\"},\"description\":\"Journaliste\/R\u00e9dacteur depuis septembre 2015 - Mes premiers souvenirs dans le sport ? Les envol\u00e9es du Stade Toulousain et les duels Villeneuve-Schumacher et H\u00e4kkinen-Schumacher \u00e0 la fin des ann\u00e9es 90, la Coupe du monde de football en 1998, l\u2019exploit du XV de France face aux All Blacks en 1999, mais aussi Richard C\u0153ur de Lion qui vole sur les montagnes du Tour de France. Bien parti pour devenir professeur d\u2019EPS, les \u00e9v\u00e9nements de la vie (et la flemme d\u2019animer des s\u00e9ances de 3x500 m\u00e8tres toute ma vie) m\u2019ont conduit \u00e0 revoir mes plans. Me voil\u00e0 depuis fin 2017 sur Dicodusport, m\u00e9dia gr\u00e2ce (et pour) lequel je partage ma passion : le sport dans tous ses \u00e9tats. Le tout accompagn\u00e9 par les fous furieux et folles furieuses cit\u00e9s sur cette page !\",\"sameAs\":[\"https:\/\/www.facebook.com\/florent.ostermann\",\"https:\/\/x.com\/https:\/\/twitter.com\/FlOstermann\",\"admin\"],\"url\":\"https:\/\/dicodusport.fr\/blog\/author\/flo\/\"}]}<\/script>\n<!-- \/ Yoast SEO Premium plugin. -->","yoast_head_json":{"title":"Un lundi au taquet #9 : La France du cyclisme fait des \u00e9tincelles !","description":"Un lundi au taquet, \u00e9pisode 9. Au menu cette semaine, le cyclisme tricolore surnage et les Universiades se poursuivent.","robots":{"index":"index","follow":"follow","max-snippet":"max-snippet:-1","max-image-preview":"max-image-preview:large","max-video-preview":"max-video-preview:-1"},"canonical":"https:\/\/dicodusport.fr\/blog\/lundi-taquet-9-france-cyclisme-fait-etincelles\/","og_locale":"fr_FR","og_type":"article","og_title":"Un lundi au taquet #9 : La France du cyclisme fait des \u00e9tincelles !","og_description":"Un lundi au taquet, \u00e9pisode 9. Au menu cette semaine, le cyclisme tricolore surnage et les Universiades se poursuivent.","og_url":"https:\/\/dicodusport.fr\/blog\/lundi-taquet-9-france-cyclisme-fait-etincelles\/","og_site_name":"Dicodusport","article_publisher":"https:\/\/www.facebook.com\/dicodusport","article_author":"https:\/\/www.facebook.com\/florent.ostermann","article_published_time":"2017-08-28T12:01:01+00:00","article_modified_time":"2025-11-20T17:37:57+00:00","og_image":[{"width":1200,"height":670,"url":"https:\/\/dicodusport.fr\/blog\/wp-content\/uploads\/2017\/08\/Mathilde-Gros-800x445-1.png","type":"image\/png"}],"author":"Flo Ostermann","twitter_card":"summary_large_image","twitter_creator":"@https:\/\/twitter.com\/FlOstermann","twitter_site":"@dicodusport","schema":{"@context":"https:\/\/schema.org","@graph":[{"@type":"NewsArticle","@id":"https:\/\/dicodusport.fr\/blog\/lundi-taquet-9-france-cyclisme-fait-etincelles\/#article","isPartOf":{"@id":"https:\/\/dicodusport.fr\/blog\/lundi-taquet-9-france-cyclisme-fait-etincelles\/"},"author":{"name":"Flo Ostermann","@id":"https:\/\/dicodusport.fr\/blog\/#\/schema\/person\/cb02af4c173ce4a653b55e9baf388d4a"},"headline":"Un lundi au taquet #9 : La France du cyclisme fait des \u00e9tincelles !","datePublished":"2017-08-28T12:01:01+00:00","dateModified":"2025-11-20T17:37:57+00:00","mainEntityOfPage":{"@id":"https:\/\/dicodusport.fr\/blog\/lundi-taquet-9-france-cyclisme-fait-etincelles\/"},"wordCount":1156,"commentCount":0,"publisher":{"@id":"https:\/\/dicodusport.fr\/blog\/#organization"},"image":{"@id":"https:\/\/dicodusport.fr\/blog\/lundi-taquet-9-france-cyclisme-fait-etincelles\/#primaryimage"},"thumbnailUrl":"https:\/\/dicodusport.fr\/blog\/wp-content\/uploads\/2017\/08\/Mathilde-Gros-800x445-1.png","keywords":["Cyclisme","Egan Bernal","Julian Alaphilippe","Mathilde Gros","Myriam Nicole","Pauline Ferrand-Pr\u00e9vot","Tour de l'Avenir","VTT"],"articleSection":["Multisports"],"inLanguage":"fr-FR","potentialAction":[{"@type":"CommentAction","name":"Comment","target":["https:\/\/dicodusport.fr\/blog\/lundi-taquet-9-france-cyclisme-fait-etincelles\/#respond"]}],"copyrightYear":"2017","copyrightHolder":{"@id":"https:\/\/dicodusport.fr\/blog\/#organization"}},{"@type":"WebPage","@id":"https:\/\/dicodusport.fr\/blog\/lundi-taquet-9-france-cyclisme-fait-etincelles\/","url":"https:\/\/dicodusport.fr\/blog\/lundi-taquet-9-france-cyclisme-fait-etincelles\/","name":"Un lundi au taquet #9 : La France du cyclisme fait des \u00e9tincelles !","isPartOf":{"@id":"https:\/\/dicodusport.fr\/blog\/#website"},"primaryImageOfPage":{"@id":"https:\/\/dicodusport.fr\/blog\/lundi-taquet-9-france-cyclisme-fait-etincelles\/#primaryimage"},"image":{"@id":"https:\/\/dicodusport.fr\/blog\/lundi-taquet-9-france-cyclisme-fait-etincelles\/#primaryimage"},"thumbnailUrl":"https:\/\/dicodusport.fr\/blog\/wp-content\/uploads\/2017\/08\/Mathilde-Gros-800x445-1.png","datePublished":"2017-08-28T12:01:01+00:00","dateModified":"2025-11-20T17:37:57+00:00","description":"Un lundi au taquet, \u00e9pisode 9. Au menu cette semaine, le cyclisme tricolore surnage et les Universiades se poursuivent.","breadcrumb":{"@id":"https:\/\/dicodusport.fr\/blog\/lundi-taquet-9-france-cyclisme-fait-etincelles\/#breadcrumb"},"inLanguage":"fr-FR","potentialAction":[{"@type":"ReadAction","target":["https:\/\/dicodusport.fr\/blog\/lundi-taquet-9-france-cyclisme-fait-etincelles\/"]}]},{"@type":"ImageObject","inLanguage":"fr-FR","@id":"https:\/\/dicodusport.fr\/blog\/lundi-taquet-9-france-cyclisme-fait-etincelles\/#primaryimage","url":"https:\/\/dicodusport.fr\/blog\/wp-content\/uploads\/2017\/08\/Mathilde-Gros-800x445-1.png","contentUrl":"https:\/\/dicodusport.fr\/blog\/wp-content\/uploads\/2017\/08\/Mathilde-Gros-800x445-1.png","width":1200,"height":670},{"@type":"BreadcrumbList","@id":"https:\/\/dicodusport.fr\/blog\/lundi-taquet-9-france-cyclisme-fait-etincelles\/#breadcrumb","itemListElement":[{"@type":"ListItem","position":1,"name":"Accueil","item":"https:\/\/dicodusport.fr\/blog\/"},{"@type":"ListItem","position":2,"name":"Un lundi au taquet #9 : La France du cyclisme fait des \u00e9tincelles !"}]},{"@type":"WebSite","@id":"https:\/\/dicodusport.fr\/blog\/#website","url":"https:\/\/dicodusport.fr\/blog\/","name":"Dicodusport","description":"L&#039;encyclop\u00e9die de l&#039;actualit\u00e9 sportive","publisher":{"@id":"https:\/\/dicodusport.fr\/blog\/#organization"},"potentialAction":[{"@type":"SearchAction","target":{"@type":"EntryPoint","urlTemplate":"https:\/\/dicodusport.fr\/blog\/?s={search_term_string}"},"query-input":{"@type":"PropertyValueSpecification","valueRequired":true,"valueName":"search_term_string"}}],"inLanguage":"fr-FR"},{"@type":"NewsMediaOrganization","@id":"https:\/\/dicodusport.fr\/blog\/#organization","name":"Dicodusport","url":"https:\/\/dicodusport.fr\/blog\/","logo":{"@type":"ImageObject","inLanguage":"fr-FR","@id":"https:\/\/dicodusport.fr\/blog\/#\/schema\/logo\/image\/","url":"https:\/\/dicodusport.fr\/blog\/wp-content\/uploads\/2020\/06\/cropped-LOGO-DICODUSPORT-2020-SANS-FOND-SANS-TEXTE.png","contentUrl":"https:\/\/dicodusport.fr\/blog\/wp-content\/uploads\/2020\/06\/cropped-LOGO-DICODUSPORT-2020-SANS-FOND-SANS-TEXTE.png","width":512,"height":512,"caption":"Dicodusport"},"image":{"@id":"https:\/\/dicodusport.fr\/blog\/#\/schema\/logo\/image\/"},"sameAs":["https:\/\/www.facebook.com\/dicodusport","https:\/\/x.com\/dicodusport","https:\/\/www.instagram.com\/dicodusport\/","https:\/\/www.youtube.com\/channel\/UC7V2KZ5sd3htJivAbA4ZG3w"],"description":"Dicodusport est l'encyclop\u00e9die de l'actualit\u00e9 sportive.","email":"bonjour@dicodusport.fr","legalName":"DICODUSPORT","foundingDate":"2018-01-14","vatID":"FR71834470973","taxID":"83447097300043","numberOfEmployees":{"@type":"QuantitativeValue","minValue":"1","maxValue":"10"}},{"@type":"Person","@id":"https:\/\/dicodusport.fr\/blog\/#\/schema\/person\/cb02af4c173ce4a653b55e9baf388d4a","name":"Flo Ostermann","image":{"@type":"ImageObject","inLanguage":"fr-FR","@id":"https:\/\/dicodusport.fr\/blog\/#\/schema\/person\/image\/","url":"https:\/\/dicodusport.fr\/blog\/wp-content\/uploads\/2021\/05\/Flo-Ostermann-150x150.jpg","contentUrl":"https:\/\/dicodusport.fr\/blog\/wp-content\/uploads\/2021\/05\/Flo-Ostermann-150x150.jpg","caption":"Flo Ostermann"},"description":"Journaliste\/R\u00e9dacteur depuis septembre 2015 - Mes premiers souvenirs dans le sport ? Les envol\u00e9es du Stade Toulousain et les duels Villeneuve-Schumacher et H\u00e4kkinen-Schumacher \u00e0 la fin des ann\u00e9es 90, la Coupe du monde de football en 1998, l\u2019exploit du XV de France face aux All Blacks en 1999, mais aussi Richard C\u0153ur de Lion qui vole sur les montagnes du Tour de France. Bien parti pour devenir professeur d\u2019EPS, les \u00e9v\u00e9nements de la vie (et la flemme d\u2019animer des s\u00e9ances de 3x500 m\u00e8tres toute ma vie) m\u2019ont conduit \u00e0 revoir mes plans. Me voil\u00e0 depuis fin 2017 sur Dicodusport, m\u00e9dia gr\u00e2ce (et pour) lequel je partage ma passion : le sport dans tous ses \u00e9tats. Le tout accompagn\u00e9 par les fous furieux et folles furieuses cit\u00e9s sur cette page !","sameAs":["https:\/\/www.facebook.com\/florent.ostermann","https:\/\/x.com\/https:\/\/twitter.com\/FlOstermann","admin"],"url":"https:\/\/dicodusport.fr\/blog\/author\/flo\/"}]}},"_links":{"self":[{"href":"https:\/\/dicodusport.fr\/blog\/wp-json\/wp\/v2\/posts\/4399","targetHints":{"allow":["GET"]}}],"collection":[{"href":"https:\/\/dicodusport.fr\/blog\/wp-json\/wp\/v2\/posts"}],"about":[{"href":"https:\/\/dicodusport.fr\/blog\/wp-json\/wp\/v2\/types\/post"}],"author":[{"embeddable":true,"href":"https:\/\/dicodusport.fr\/blog\/wp-json\/wp\/v2\/users\/4"}],"replies":[{"embeddable":true,"href":"https:\/\/dicodusport.fr\/blog\/wp-json\/wp\/v2\/comments?post=4399"}],"version-history":[{"count":1,"href":"https:\/\/dicodusport.fr\/blog\/wp-json\/wp\/v2\/posts\/4399\/revisions"}],"predecessor-version":[{"id":626901,"href":"https:\/\/dicodusport.fr\/blog\/wp-json\/wp\/v2\/posts\/4399\/revisions\/626901"}],"wp:featuredmedia":[{"embeddable":true,"href":"https:\/\/dicodusport.fr\/blog\/wp-json\/wp\/v2\/media\/4415"}],"wp:attachment":[{"href":"https:\/\/dicodusport.fr\/blog\/wp-json\/wp\/v2\/media?parent=4399"}],"wp:term":[{"taxonomy":"category","embeddable":true,"href":"https:\/\/dicodusport.fr\/blog\/wp-json\/wp\/v2\/categories?post=4399"},{"taxonomy":"post_tag","embeddable":true,"href":"https:\/\/dicodusport.fr\/blog\/wp-json\/wp\/v2\/tags?post=4399"}],"curies":[{"name":"wp","href":"https:\/\/api.w.org\/{rel}","templated":true}]}}