{"id":440234,"date":"2023-11-26T15:12:48","date_gmt":"2023-11-26T14:12:48","guid":{"rendered":"https:\/\/dicodusport.fr\/blog\/?p=440234&#038;preview=true&#038;preview_id=440234"},"modified":"2023-11-26T15:20:17","modified_gmt":"2023-11-26T14:20:17","slug":"coupe-du-monde-de-cyclo-cross-lucinda-brand-dominatrice-a-dublin","status":"publish","type":"post","link":"https:\/\/dicodusport.fr\/blog\/coupe-du-monde-de-cyclo-cross-lucinda-brand-dominatrice-a-dublin\/","title":{"rendered":"Coupe du monde de cyclo-cross : Lucinda Brand dominatrice \u00e0 Dublin"},"content":{"rendered":"<p style=\"text-align: justify;\"><strong style=\"font-style: italic;\">COUPE DU MONDE DE CYCLO-CROSS 2023-2024 &#8211; Lucinda Brand (Baloise Trek Lions) s&rsquo;est adjug\u00e9e avec autorit\u00e9 la cinqui\u00e8me manche de Coupe du monde<\/strong><em><strong> \u00e0\u00a0<\/strong><\/em><em><b>Dublin, en Irlande, ce dimanche. Elle a devanc\u00e9 Ceylin del Carmen Alvarado (Alpecin-Deceuninck) <\/b><strong>et Zoe Backstedt (Canyon SRAM Racing).<\/strong><\/em><\/p>\n<ul style=\"text-align: justify;\">\n<li style=\"text-align: justify;\"><strong>\u00c0 lire aussi &#8211; <a href=\"https:\/\/dicodusport.fr\/blog\/cyclo-cross-dublin-2023-classement-course-femmes\/\">Cyclo-cross Dublin 2023 \u2013 Classement course femmes<\/a><\/strong><\/li>\n<\/ul>\n<p style=\"text-align: justify;\">Le parcours \u00e0 Dublin a peu chang\u00e9 par rapport \u00e0 l&rsquo;ann\u00e9e derni\u00e8re. Le bac \u00e0 sable a \u00e9t\u00e9 d\u00e9plac\u00e9 vers la premi\u00e8re partie du circuit, o\u00f9 se trouvent \u00e9galement les poutres. Le point le plus important est la zone technique des collines, o\u00f9 de nombreuses pierres remontent \u00e0 la surface sur un sol collant \u00e0 cause des pr\u00e9cipitations.<\/p>\n<p style=\"text-align: justify;\">En premier lieu, deuxi\u00e8me \u00e0 Courtrai hier, <strong>Lucinda Brand<\/strong> a impos\u00e9 un gros tempo pour s&rsquo;isoler rapidement en t\u00eate de la course. <strong>Ceylin del Carmen Alvarado<\/strong>, <strong>Marie Schreiber<\/strong> et <strong>Zoe Backstedt<\/strong> se sont organis\u00e9es en chasse, pendant les deux premiers tours, avant que la leader de la Coupe du monde ne parte seule \u00e0 la poursuite de la coureuse de la Baloise Trek Lions.<\/p>\n<ul style=\"text-align: justify;\">\n<li style=\"text-align: justify;\"><strong>\u00c0 lire aussi &#8211; <a href=\"https:\/\/dicodusport.fr\/blog\/coupe-du-monde-cyclocross-classement-general-femmes\/\">Classement g\u00e9n\u00e9ral de la Coupe du monde de Cyclo-cross<\/a>\u00a0<\/strong><\/li>\n<\/ul>\n<h2 style=\"text-align: justify;\"><strong>Lucinda Brand, au-dessus du lot<\/strong><\/h2>\n<p style=\"text-align: justify;\">Ensuite, <strong>Zoe Backstedt<\/strong> a distanc\u00e9 la championne du Luxembourg <strong>Marie Schreiber<\/strong> dans la lutte pour la troisi\u00e8me place, \u00e0 la mi-course, tandis que <strong>Lucinda Brand<\/strong> a continu\u00e9 \u00e0 accentuer son avance sur <strong>Ceylin del Carmen Alvarado<\/strong>. Cette derni\u00e8re a commis quelques erreurs techniques. Comme elle le fait habituellement, <strong>Sara Casasola<\/strong> est partie en douceur avant de d\u00e9passer de nombreuses concurrentes. Malheureusement, l&rsquo;Italienne a perdu pied dans le dernier tour pour finir neuvi\u00e8me.<\/p>\n<p style=\"text-align: justify;\">Finalement, <strong>Lucinda Brand<\/strong> s&rsquo;est impos\u00e9e avec 38 secondes d&rsquo;avance sur <strong>Ceylin del Carmen Alvarado<\/strong>. Comme \u00e0 Dendermonde, <strong>Zoe Backstedt<\/strong> a compl\u00e9t\u00e9 le podium \u00e0 45 secondes devant <strong>Marie Schreiber<\/strong>, cinqui\u00e8me \u00e0 57 secondes, et<strong> Inge van der Heijden<\/strong>, sixi\u00e8me \u00e0 1:10.<\/p>\n<blockquote class=\"twitter-tweet\">\n<p dir=\"ltr\" lang=\"fr\">\ud83c\udf40Lucinda Brand s&rsquo;est impos\u00e9e sur <a href=\"https:\/\/twitter.com\/hashtag\/CXWorldCup?src=hash&amp;ref_src=twsrc%5Etfw\">#CXWorldCup<\/a> de Dublin avec 38&Prime; d&rsquo;avance sur Ceylin del Carmen Alvarado. Zoe Backstedt a compl\u00e9t\u00e9 le podium \u00e0 45&Prime; devant Marie Schreiber, cinqui\u00e8me \u00e0 57&Prime;, et Inge van der Heijden, sixi\u00e8me \u00e0 1:10. \ud83c\udf27\ufe0f<a href=\"https:\/\/twitter.com\/hashtag\/CX?src=hash&amp;ref_src=twsrc%5Etfw\">#CX<\/a> <a href=\"https:\/\/twitter.com\/hashtag\/Veldrijden?src=hash&amp;ref_src=twsrc%5Etfw\">#Veldrijden<\/a> <a href=\"https:\/\/twitter.com\/hashtag\/cyclocross?src=hash&amp;ref_src=twsrc%5Etfw\">#cyclocross<\/a> <a href=\"https:\/\/t.co\/t4IuBS9xWU\">pic.twitter.com\/t4IuBS9xWU<\/a><\/p>\n<p>\u2014 \ud83d\udeb4 Les Rois du Peloton \ud83d\udeb2 (@LRoisDuPeloton) <a href=\"https:\/\/twitter.com\/LRoisDuPeloton\/status\/1728778767642857894?ref_src=twsrc%5Etfw\">November 26, 2023<\/a><\/p><\/blockquote>\n<p><script async src=\"https:\/\/platform.twitter.com\/widgets.js\" charset=\"utf-8\"><\/script><\/p>\n","protected":false},"excerpt":{"rendered":"<p>COUPE DU MONDE DE CYCLO-CROSS 2023-2024 &#8211; Lucinda Brand (Baloise Trek Lions) s&rsquo;est adjug\u00e9e avec autorit\u00e9 la cinqui\u00e8me manche de Coupe du monde \u00e0\u00a0Dublin, en Irlande, ce dimanche. Elle a devanc\u00e9 Ceylin del Carmen Alvarado (Alpecin-Deceuninck) et Zoe Backstedt (Canyon SRAM Racing).<\/p>\n","protected":false},"author":48,"featured_media":440279,"comment_status":"open","ping_status":"closed","sticky":false,"template":"","format":"standard","meta":{"_acf_changed":false,"_daextam_enable_autolinks":"1","footnotes":""},"categories":[9611],"tags":[16878,20902,6666,28440],"class_list":["post-440234","post","type-post","status-publish","format-standard","has-post-thumbnail","hentry","category-cyclo-cross","tag-breve","tag-coupe-du-monde-de-cyclo-cross","tag-cyclo-cross","tag-cyclo-cross-dublin"],"acf":[],"yoast_head":"<!-- This site is optimized with the Yoast SEO Premium plugin v26.7 (Yoast SEO v26.7) - https:\/\/yoast.com\/wordpress\/plugins\/seo\/ -->\n<title>Coupe du monde de cyclo-cross : Lucinda Brand dominatrice \u00e0 Dublin<\/title>\n<meta name=\"description\" content=\"COUPE DU MONDE DE CYCLO-CROSS 2023-2024 - Lucinda Brand (Baloise Trek Lions) s&#039;est adjug\u00e9e avec autorit\u00e9\u00e0\u00a0Dublin, en Irlande, ce dimanche.\" \/>\n<meta name=\"robots\" content=\"index, follow, max-snippet:-1, max-image-preview:large, max-video-preview:-1\" \/>\n<link rel=\"canonical\" href=\"https:\/\/dicodusport.fr\/blog\/coupe-du-monde-de-cyclo-cross-lucinda-brand-dominatrice-a-dublin\/\" \/>\n<meta property=\"og:locale\" content=\"fr_FR\" \/>\n<meta property=\"og:type\" content=\"article\" \/>\n<meta property=\"og:title\" content=\"Coupe du monde de cyclo-cross : Lucinda Brand dominatrice \u00e0 Dublin\" \/>\n<meta property=\"og:description\" content=\"COUPE DU MONDE DE CYCLO-CROSS 2023-2024 - Lucinda Brand (Baloise Trek Lions) s&#039;est adjug\u00e9e avec autorit\u00e9\u00e0\u00a0Dublin, en Irlande, ce dimanche.\" \/>\n<meta property=\"og:url\" content=\"https:\/\/dicodusport.fr\/blog\/coupe-du-monde-de-cyclo-cross-lucinda-brand-dominatrice-a-dublin\/\" \/>\n<meta property=\"og:site_name\" content=\"Dicodusport\" \/>\n<meta property=\"article:publisher\" content=\"https:\/\/www.facebook.com\/dicodusport\" \/>\n<meta property=\"article:author\" content=\"https:\/\/www.facebook.com\/groups\/LesRoisDuPeloton\" \/>\n<meta property=\"article:published_time\" content=\"2023-11-26T14:12:48+00:00\" \/>\n<meta property=\"article:modified_time\" content=\"2023-11-26T14:20:17+00:00\" \/>\n<meta property=\"og:image\" content=\"https:\/\/dicodusport.fr\/blog\/wp-content\/uploads\/2023\/11\/Coupe-du-monde-de-cyclo-cross-Lucinda-Brand-dominatrice-a-Dublin.png\" \/>\n\t<meta property=\"og:image:width\" content=\"800\" \/>\n\t<meta property=\"og:image:height\" content=\"445\" \/>\n\t<meta property=\"og:image:type\" content=\"image\/png\" \/>\n<meta name=\"author\" content=\"Emilien Descampiaux\" \/>\n<meta name=\"twitter:card\" content=\"summary_large_image\" \/>\n<meta name=\"twitter:title\" content=\"Coupe du monde de cyclo-cross : Lucinda Brand dominatrice \u00e0 Dublin\" \/>\n<meta name=\"twitter:creator\" content=\"@https:\/\/twitter.com\/LRoisDuPeloton\" \/>\n<meta name=\"twitter:site\" content=\"@dicodusport\" \/>\n<script type=\"application\/ld+json\" class=\"yoast-schema-graph\">{\"@context\":\"https:\/\/schema.org\",\"@graph\":[{\"@type\":\"NewsArticle\",\"@id\":\"https:\/\/dicodusport.fr\/blog\/coupe-du-monde-de-cyclo-cross-lucinda-brand-dominatrice-a-dublin\/#article\",\"isPartOf\":{\"@id\":\"https:\/\/dicodusport.fr\/blog\/coupe-du-monde-de-cyclo-cross-lucinda-brand-dominatrice-a-dublin\/\"},\"author\":{\"name\":\"Emilien Descampiaux\",\"@id\":\"https:\/\/dicodusport.fr\/blog\/#\/schema\/person\/6db4bae06b171592211be385b32876a7\"},\"headline\":\"Coupe du monde de cyclo-cross : Lucinda Brand dominatrice \u00e0 Dublin\",\"datePublished\":\"2023-11-26T14:12:48+00:00\",\"dateModified\":\"2023-11-26T14:20:17+00:00\",\"mainEntityOfPage\":{\"@id\":\"https:\/\/dicodusport.fr\/blog\/coupe-du-monde-de-cyclo-cross-lucinda-brand-dominatrice-a-dublin\/\"},\"wordCount\":372,\"commentCount\":0,\"publisher\":{\"@id\":\"https:\/\/dicodusport.fr\/blog\/#organization\"},\"image\":{\"@id\":\"https:\/\/dicodusport.fr\/blog\/coupe-du-monde-de-cyclo-cross-lucinda-brand-dominatrice-a-dublin\/#primaryimage\"},\"thumbnailUrl\":\"https:\/\/dicodusport.fr\/blog\/wp-content\/uploads\/2023\/11\/Coupe-du-monde-de-cyclo-cross-Lucinda-Brand-dominatrice-a-Dublin.png\",\"keywords\":[\"br\u00e8ve\",\"Coupe du monde de cyclo-cross\",\"Cyclo-cross\",\"Cyclo-cross Dublin\"],\"articleSection\":[\"Cyclo-cross\"],\"inLanguage\":\"fr-FR\",\"potentialAction\":[{\"@type\":\"CommentAction\",\"name\":\"Comment\",\"target\":[\"https:\/\/dicodusport.fr\/blog\/coupe-du-monde-de-cyclo-cross-lucinda-brand-dominatrice-a-dublin\/#respond\"]}],\"copyrightYear\":\"2023\",\"copyrightHolder\":{\"@id\":\"https:\/\/dicodusport.fr\/blog\/#organization\"}},{\"@type\":\"WebPage\",\"@id\":\"https:\/\/dicodusport.fr\/blog\/coupe-du-monde-de-cyclo-cross-lucinda-brand-dominatrice-a-dublin\/\",\"url\":\"https:\/\/dicodusport.fr\/blog\/coupe-du-monde-de-cyclo-cross-lucinda-brand-dominatrice-a-dublin\/\",\"name\":\"Coupe du monde de cyclo-cross : Lucinda Brand dominatrice \u00e0 Dublin\",\"isPartOf\":{\"@id\":\"https:\/\/dicodusport.fr\/blog\/#website\"},\"primaryImageOfPage\":{\"@id\":\"https:\/\/dicodusport.fr\/blog\/coupe-du-monde-de-cyclo-cross-lucinda-brand-dominatrice-a-dublin\/#primaryimage\"},\"image\":{\"@id\":\"https:\/\/dicodusport.fr\/blog\/coupe-du-monde-de-cyclo-cross-lucinda-brand-dominatrice-a-dublin\/#primaryimage\"},\"thumbnailUrl\":\"https:\/\/dicodusport.fr\/blog\/wp-content\/uploads\/2023\/11\/Coupe-du-monde-de-cyclo-cross-Lucinda-Brand-dominatrice-a-Dublin.png\",\"datePublished\":\"2023-11-26T14:12:48+00:00\",\"dateModified\":\"2023-11-26T14:20:17+00:00\",\"description\":\"COUPE DU MONDE DE CYCLO-CROSS 2023-2024 - Lucinda Brand (Baloise Trek Lions) s'est adjug\u00e9e avec autorit\u00e9\u00e0\u00a0Dublin, en Irlande, ce dimanche.\",\"breadcrumb\":{\"@id\":\"https:\/\/dicodusport.fr\/blog\/coupe-du-monde-de-cyclo-cross-lucinda-brand-dominatrice-a-dublin\/#breadcrumb\"},\"inLanguage\":\"fr-FR\",\"potentialAction\":[{\"@type\":\"ReadAction\",\"target\":[\"https:\/\/dicodusport.fr\/blog\/coupe-du-monde-de-cyclo-cross-lucinda-brand-dominatrice-a-dublin\/\"]}]},{\"@type\":\"ImageObject\",\"inLanguage\":\"fr-FR\",\"@id\":\"https:\/\/dicodusport.fr\/blog\/coupe-du-monde-de-cyclo-cross-lucinda-brand-dominatrice-a-dublin\/#primaryimage\",\"url\":\"https:\/\/dicodusport.fr\/blog\/wp-content\/uploads\/2023\/11\/Coupe-du-monde-de-cyclo-cross-Lucinda-Brand-dominatrice-a-Dublin.png\",\"contentUrl\":\"https:\/\/dicodusport.fr\/blog\/wp-content\/uploads\/2023\/11\/Coupe-du-monde-de-cyclo-cross-Lucinda-Brand-dominatrice-a-Dublin.png\",\"width\":800,\"height\":445,\"caption\":\"Coupe du monde de cyclo-cross : Lucinda Brand dominatrice \u00e0 Dublin\"},{\"@type\":\"BreadcrumbList\",\"@id\":\"https:\/\/dicodusport.fr\/blog\/coupe-du-monde-de-cyclo-cross-lucinda-brand-dominatrice-a-dublin\/#breadcrumb\",\"itemListElement\":[{\"@type\":\"ListItem\",\"position\":1,\"name\":\"Accueil\",\"item\":\"https:\/\/dicodusport.fr\/blog\/\"},{\"@type\":\"ListItem\",\"position\":2,\"name\":\"Coupe du monde de cyclo-cross : Lucinda Brand dominatrice \u00e0 Dublin\"}]},{\"@type\":\"WebSite\",\"@id\":\"https:\/\/dicodusport.fr\/blog\/#website\",\"url\":\"https:\/\/dicodusport.fr\/blog\/\",\"name\":\"Dicodusport\",\"description\":\"L&#039;encyclop\u00e9die de l&#039;actualit\u00e9 sportive\",\"publisher\":{\"@id\":\"https:\/\/dicodusport.fr\/blog\/#organization\"},\"potentialAction\":[{\"@type\":\"SearchAction\",\"target\":{\"@type\":\"EntryPoint\",\"urlTemplate\":\"https:\/\/dicodusport.fr\/blog\/?s={search_term_string}\"},\"query-input\":{\"@type\":\"PropertyValueSpecification\",\"valueRequired\":true,\"valueName\":\"search_term_string\"}}],\"inLanguage\":\"fr-FR\"},{\"@type\":\"NewsMediaOrganization\",\"@id\":\"https:\/\/dicodusport.fr\/blog\/#organization\",\"name\":\"Dicodusport\",\"url\":\"https:\/\/dicodusport.fr\/blog\/\",\"logo\":{\"@type\":\"ImageObject\",\"inLanguage\":\"fr-FR\",\"@id\":\"https:\/\/dicodusport.fr\/blog\/#\/schema\/logo\/image\/\",\"url\":\"https:\/\/dicodusport.fr\/blog\/wp-content\/uploads\/2020\/06\/cropped-LOGO-DICODUSPORT-2020-SANS-FOND-SANS-TEXTE.png\",\"contentUrl\":\"https:\/\/dicodusport.fr\/blog\/wp-content\/uploads\/2020\/06\/cropped-LOGO-DICODUSPORT-2020-SANS-FOND-SANS-TEXTE.png\",\"width\":512,\"height\":512,\"caption\":\"Dicodusport\"},\"image\":{\"@id\":\"https:\/\/dicodusport.fr\/blog\/#\/schema\/logo\/image\/\"},\"sameAs\":[\"https:\/\/www.facebook.com\/dicodusport\",\"https:\/\/x.com\/dicodusport\",\"https:\/\/www.instagram.com\/dicodusport\/\",\"https:\/\/www.youtube.com\/channel\/UC7V2KZ5sd3htJivAbA4ZG3w\"],\"description\":\"Dicodusport est l'encyclop\u00e9die de l'actualit\u00e9 sportive.\",\"email\":\"bonjour@dicodusport.fr\",\"legalName\":\"DICODUSPORT\",\"foundingDate\":\"2018-01-14\",\"vatID\":\"FR71834470973\",\"taxID\":\"83447097300043\",\"numberOfEmployees\":{\"@type\":\"QuantitativeValue\",\"minValue\":\"1\",\"maxValue\":\"10\"}},{\"@type\":\"Person\",\"@id\":\"https:\/\/dicodusport.fr\/blog\/#\/schema\/person\/6db4bae06b171592211be385b32876a7\",\"name\":\"Emilien Descampiaux\",\"image\":{\"@type\":\"ImageObject\",\"inLanguage\":\"fr-FR\",\"@id\":\"https:\/\/dicodusport.fr\/blog\/#\/schema\/person\/image\/\",\"url\":\"https:\/\/dicodusport.fr\/blog\/wp-content\/uploads\/2021\/05\/Emilien-Descampiaux-150x150.jpg\",\"contentUrl\":\"https:\/\/dicodusport.fr\/blog\/wp-content\/uploads\/2021\/05\/Emilien-Descampiaux-150x150.jpg\",\"caption\":\"Emilien Descampiaux\"},\"description\":\"Journaliste\/r\u00e9dacteur depuis 2014 - Fan de la classe de Frank Vandenbroucke, je vis cyclisme (et de ses paysages) depuis plus de 20 ans. Je suis tr\u00e8s impliqu\u00e9 sur mes diff\u00e9rents r\u00e9seaux sociaux pour partager ma passion sur le monde et l'Histoire de la bicyclette avec ma voix sur les images en noir et blanc du succ\u00e8s de Rik Van Steenbergen lors du Ronde sur le V\u00e9lodrome de Gand.\",\"sameAs\":[\"https:\/\/www.facebook.com\/groups\/LesRoisDuPeloton\",\"https:\/\/x.com\/https:\/\/twitter.com\/LRoisDuPeloton\"],\"url\":\"https:\/\/dicodusport.fr\/blog\/author\/emiliend\/\"}]}<\/script>\n<!-- \/ Yoast SEO Premium plugin. -->","yoast_head_json":{"title":"Coupe du monde de cyclo-cross : Lucinda Brand dominatrice \u00e0 Dublin","description":"COUPE DU MONDE DE CYCLO-CROSS 2023-2024 - Lucinda Brand (Baloise Trek Lions) s'est adjug\u00e9e avec autorit\u00e9\u00e0\u00a0Dublin, en Irlande, ce dimanche.","robots":{"index":"index","follow":"follow","max-snippet":"max-snippet:-1","max-image-preview":"max-image-preview:large","max-video-preview":"max-video-preview:-1"},"canonical":"https:\/\/dicodusport.fr\/blog\/coupe-du-monde-de-cyclo-cross-lucinda-brand-dominatrice-a-dublin\/","og_locale":"fr_FR","og_type":"article","og_title":"Coupe du monde de cyclo-cross : Lucinda Brand dominatrice \u00e0 Dublin","og_description":"COUPE DU MONDE DE CYCLO-CROSS 2023-2024 - Lucinda Brand (Baloise Trek Lions) s'est adjug\u00e9e avec autorit\u00e9\u00e0\u00a0Dublin, en Irlande, ce dimanche.","og_url":"https:\/\/dicodusport.fr\/blog\/coupe-du-monde-de-cyclo-cross-lucinda-brand-dominatrice-a-dublin\/","og_site_name":"Dicodusport","article_publisher":"https:\/\/www.facebook.com\/dicodusport","article_author":"https:\/\/www.facebook.com\/groups\/LesRoisDuPeloton","article_published_time":"2023-11-26T14:12:48+00:00","article_modified_time":"2023-11-26T14:20:17+00:00","og_image":[{"width":800,"height":445,"url":"https:\/\/dicodusport.fr\/blog\/wp-content\/uploads\/2023\/11\/Coupe-du-monde-de-cyclo-cross-Lucinda-Brand-dominatrice-a-Dublin.png","type":"image\/png"}],"author":"Emilien Descampiaux","twitter_card":"summary_large_image","twitter_title":"Coupe du monde de cyclo-cross : Lucinda Brand dominatrice \u00e0 Dublin","twitter_creator":"@https:\/\/twitter.com\/LRoisDuPeloton","twitter_site":"@dicodusport","schema":{"@context":"https:\/\/schema.org","@graph":[{"@type":"NewsArticle","@id":"https:\/\/dicodusport.fr\/blog\/coupe-du-monde-de-cyclo-cross-lucinda-brand-dominatrice-a-dublin\/#article","isPartOf":{"@id":"https:\/\/dicodusport.fr\/blog\/coupe-du-monde-de-cyclo-cross-lucinda-brand-dominatrice-a-dublin\/"},"author":{"name":"Emilien Descampiaux","@id":"https:\/\/dicodusport.fr\/blog\/#\/schema\/person\/6db4bae06b171592211be385b32876a7"},"headline":"Coupe du monde de cyclo-cross : Lucinda Brand dominatrice \u00e0 Dublin","datePublished":"2023-11-26T14:12:48+00:00","dateModified":"2023-11-26T14:20:17+00:00","mainEntityOfPage":{"@id":"https:\/\/dicodusport.fr\/blog\/coupe-du-monde-de-cyclo-cross-lucinda-brand-dominatrice-a-dublin\/"},"wordCount":372,"commentCount":0,"publisher":{"@id":"https:\/\/dicodusport.fr\/blog\/#organization"},"image":{"@id":"https:\/\/dicodusport.fr\/blog\/coupe-du-monde-de-cyclo-cross-lucinda-brand-dominatrice-a-dublin\/#primaryimage"},"thumbnailUrl":"https:\/\/dicodusport.fr\/blog\/wp-content\/uploads\/2023\/11\/Coupe-du-monde-de-cyclo-cross-Lucinda-Brand-dominatrice-a-Dublin.png","keywords":["br\u00e8ve","Coupe du monde de cyclo-cross","Cyclo-cross","Cyclo-cross Dublin"],"articleSection":["Cyclo-cross"],"inLanguage":"fr-FR","potentialAction":[{"@type":"CommentAction","name":"Comment","target":["https:\/\/dicodusport.fr\/blog\/coupe-du-monde-de-cyclo-cross-lucinda-brand-dominatrice-a-dublin\/#respond"]}],"copyrightYear":"2023","copyrightHolder":{"@id":"https:\/\/dicodusport.fr\/blog\/#organization"}},{"@type":"WebPage","@id":"https:\/\/dicodusport.fr\/blog\/coupe-du-monde-de-cyclo-cross-lucinda-brand-dominatrice-a-dublin\/","url":"https:\/\/dicodusport.fr\/blog\/coupe-du-monde-de-cyclo-cross-lucinda-brand-dominatrice-a-dublin\/","name":"Coupe du monde de cyclo-cross : Lucinda Brand dominatrice \u00e0 Dublin","isPartOf":{"@id":"https:\/\/dicodusport.fr\/blog\/#website"},"primaryImageOfPage":{"@id":"https:\/\/dicodusport.fr\/blog\/coupe-du-monde-de-cyclo-cross-lucinda-brand-dominatrice-a-dublin\/#primaryimage"},"image":{"@id":"https:\/\/dicodusport.fr\/blog\/coupe-du-monde-de-cyclo-cross-lucinda-brand-dominatrice-a-dublin\/#primaryimage"},"thumbnailUrl":"https:\/\/dicodusport.fr\/blog\/wp-content\/uploads\/2023\/11\/Coupe-du-monde-de-cyclo-cross-Lucinda-Brand-dominatrice-a-Dublin.png","datePublished":"2023-11-26T14:12:48+00:00","dateModified":"2023-11-26T14:20:17+00:00","description":"COUPE DU MONDE DE CYCLO-CROSS 2023-2024 - Lucinda Brand (Baloise Trek Lions) s'est adjug\u00e9e avec autorit\u00e9\u00e0\u00a0Dublin, en Irlande, ce dimanche.","breadcrumb":{"@id":"https:\/\/dicodusport.fr\/blog\/coupe-du-monde-de-cyclo-cross-lucinda-brand-dominatrice-a-dublin\/#breadcrumb"},"inLanguage":"fr-FR","potentialAction":[{"@type":"ReadAction","target":["https:\/\/dicodusport.fr\/blog\/coupe-du-monde-de-cyclo-cross-lucinda-brand-dominatrice-a-dublin\/"]}]},{"@type":"ImageObject","inLanguage":"fr-FR","@id":"https:\/\/dicodusport.fr\/blog\/coupe-du-monde-de-cyclo-cross-lucinda-brand-dominatrice-a-dublin\/#primaryimage","url":"https:\/\/dicodusport.fr\/blog\/wp-content\/uploads\/2023\/11\/Coupe-du-monde-de-cyclo-cross-Lucinda-Brand-dominatrice-a-Dublin.png","contentUrl":"https:\/\/dicodusport.fr\/blog\/wp-content\/uploads\/2023\/11\/Coupe-du-monde-de-cyclo-cross-Lucinda-Brand-dominatrice-a-Dublin.png","width":800,"height":445,"caption":"Coupe du monde de cyclo-cross : Lucinda Brand dominatrice \u00e0 Dublin"},{"@type":"BreadcrumbList","@id":"https:\/\/dicodusport.fr\/blog\/coupe-du-monde-de-cyclo-cross-lucinda-brand-dominatrice-a-dublin\/#breadcrumb","itemListElement":[{"@type":"ListItem","position":1,"name":"Accueil","item":"https:\/\/dicodusport.fr\/blog\/"},{"@type":"ListItem","position":2,"name":"Coupe du monde de cyclo-cross : Lucinda Brand dominatrice \u00e0 Dublin"}]},{"@type":"WebSite","@id":"https:\/\/dicodusport.fr\/blog\/#website","url":"https:\/\/dicodusport.fr\/blog\/","name":"Dicodusport","description":"L&#039;encyclop\u00e9die de l&#039;actualit\u00e9 sportive","publisher":{"@id":"https:\/\/dicodusport.fr\/blog\/#organization"},"potentialAction":[{"@type":"SearchAction","target":{"@type":"EntryPoint","urlTemplate":"https:\/\/dicodusport.fr\/blog\/?s={search_term_string}"},"query-input":{"@type":"PropertyValueSpecification","valueRequired":true,"valueName":"search_term_string"}}],"inLanguage":"fr-FR"},{"@type":"NewsMediaOrganization","@id":"https:\/\/dicodusport.fr\/blog\/#organization","name":"Dicodusport","url":"https:\/\/dicodusport.fr\/blog\/","logo":{"@type":"ImageObject","inLanguage":"fr-FR","@id":"https:\/\/dicodusport.fr\/blog\/#\/schema\/logo\/image\/","url":"https:\/\/dicodusport.fr\/blog\/wp-content\/uploads\/2020\/06\/cropped-LOGO-DICODUSPORT-2020-SANS-FOND-SANS-TEXTE.png","contentUrl":"https:\/\/dicodusport.fr\/blog\/wp-content\/uploads\/2020\/06\/cropped-LOGO-DICODUSPORT-2020-SANS-FOND-SANS-TEXTE.png","width":512,"height":512,"caption":"Dicodusport"},"image":{"@id":"https:\/\/dicodusport.fr\/blog\/#\/schema\/logo\/image\/"},"sameAs":["https:\/\/www.facebook.com\/dicodusport","https:\/\/x.com\/dicodusport","https:\/\/www.instagram.com\/dicodusport\/","https:\/\/www.youtube.com\/channel\/UC7V2KZ5sd3htJivAbA4ZG3w"],"description":"Dicodusport est l'encyclop\u00e9die de l'actualit\u00e9 sportive.","email":"bonjour@dicodusport.fr","legalName":"DICODUSPORT","foundingDate":"2018-01-14","vatID":"FR71834470973","taxID":"83447097300043","numberOfEmployees":{"@type":"QuantitativeValue","minValue":"1","maxValue":"10"}},{"@type":"Person","@id":"https:\/\/dicodusport.fr\/blog\/#\/schema\/person\/6db4bae06b171592211be385b32876a7","name":"Emilien Descampiaux","image":{"@type":"ImageObject","inLanguage":"fr-FR","@id":"https:\/\/dicodusport.fr\/blog\/#\/schema\/person\/image\/","url":"https:\/\/dicodusport.fr\/blog\/wp-content\/uploads\/2021\/05\/Emilien-Descampiaux-150x150.jpg","contentUrl":"https:\/\/dicodusport.fr\/blog\/wp-content\/uploads\/2021\/05\/Emilien-Descampiaux-150x150.jpg","caption":"Emilien Descampiaux"},"description":"Journaliste\/r\u00e9dacteur depuis 2014 - Fan de la classe de Frank Vandenbroucke, je vis cyclisme (et de ses paysages) depuis plus de 20 ans. Je suis tr\u00e8s impliqu\u00e9 sur mes diff\u00e9rents r\u00e9seaux sociaux pour partager ma passion sur le monde et l'Histoire de la bicyclette avec ma voix sur les images en noir et blanc du succ\u00e8s de Rik Van Steenbergen lors du Ronde sur le V\u00e9lodrome de Gand.","sameAs":["https:\/\/www.facebook.com\/groups\/LesRoisDuPeloton","https:\/\/x.com\/https:\/\/twitter.com\/LRoisDuPeloton"],"url":"https:\/\/dicodusport.fr\/blog\/author\/emiliend\/"}]}},"_links":{"self":[{"href":"https:\/\/dicodusport.fr\/blog\/wp-json\/wp\/v2\/posts\/440234","targetHints":{"allow":["GET"]}}],"collection":[{"href":"https:\/\/dicodusport.fr\/blog\/wp-json\/wp\/v2\/posts"}],"about":[{"href":"https:\/\/dicodusport.fr\/blog\/wp-json\/wp\/v2\/types\/post"}],"author":[{"embeddable":true,"href":"https:\/\/dicodusport.fr\/blog\/wp-json\/wp\/v2\/users\/48"}],"replies":[{"embeddable":true,"href":"https:\/\/dicodusport.fr\/blog\/wp-json\/wp\/v2\/comments?post=440234"}],"version-history":[{"count":5,"href":"https:\/\/dicodusport.fr\/blog\/wp-json\/wp\/v2\/posts\/440234\/revisions"}],"predecessor-version":[{"id":440290,"href":"https:\/\/dicodusport.fr\/blog\/wp-json\/wp\/v2\/posts\/440234\/revisions\/440290"}],"wp:featuredmedia":[{"embeddable":true,"href":"https:\/\/dicodusport.fr\/blog\/wp-json\/wp\/v2\/media\/440279"}],"wp:attachment":[{"href":"https:\/\/dicodusport.fr\/blog\/wp-json\/wp\/v2\/media?parent=440234"}],"wp:term":[{"taxonomy":"category","embeddable":true,"href":"https:\/\/dicodusport.fr\/blog\/wp-json\/wp\/v2\/categories?post=440234"},{"taxonomy":"post_tag","embeddable":true,"href":"https:\/\/dicodusport.fr\/blog\/wp-json\/wp\/v2\/tags?post=440234"}],"curies":[{"name":"wp","href":"https:\/\/api.w.org\/{rel}","templated":true}]}}