{"id":440269,"date":"2023-11-26T16:19:31","date_gmt":"2023-11-26T15:19:31","guid":{"rendered":"https:\/\/dicodusport.fr\/blog\/?p=440269&#038;preview=true&#038;preview_id=440269"},"modified":"2023-11-26T23:13:00","modified_gmt":"2023-11-26T22:13:00","slug":"ostersund-individuel-hommes-roman-rees-surprend-johannes-boe-les-francais-a-la-ramasse","status":"publish","type":"post","link":"https:\/\/dicodusport.fr\/blog\/ostersund-individuel-hommes-roman-rees-surprend-johannes-boe-les-francais-a-la-ramasse\/","title":{"rendered":"Ostersund Individuel Hommes : Roman Rees surprend Johannes Boe, les Fran\u00e7ais \u00e0 la ramasse"},"content":{"rendered":"<p style=\"text-align: justify;\"><em><strong><a href=\"https:\/\/dicodusport.fr\/blog\/biathlon-etape-ostersund-2023-programme-complet-et-resultats\/\">BIATHLON OSTERSUND 2023<\/a> &#8211; Dans un individuel qui aura vu tr\u00e8s peu de sans-fautes, les Allemands Roman Rees et Justus Strelow sont parvenus \u00e0 devancer Johannes Boe, seulement 3<sup>\u00e8me<\/sup>. Les Fran\u00e7ais se sont loup\u00e9s.<\/strong><\/em><\/p>\n<ul>\n<li style=\"text-align: justify;\"><strong>\u00c0 ce sujet &#8211; <a href=\"https:\/\/dicodusport.fr\/blog\/ostersund-biathlon-2023-classement-individuel-hommes\/\">Le classement de l&rsquo;individuel hommes d&rsquo;Ostersund<\/a><\/strong><\/li>\n<\/ul>\n<h2>Deux premiers tirs contrast\u00e9s pour les Bleus<\/h2>\n<p style=\"text-align: justify;\">Malgr\u00e9 de tr\u00e8s bons temps sur les skis, <strong>\u00c9milien Jacquelin<\/strong> et <strong>Quentin Fillon Maillet<\/strong> connaissent des d\u00e9buts compliqu\u00e9s sur leur premi\u00e8re course individuelle de la saison. Emilien avait pourtant r\u00e9ussi le sans-faute sur le premier couch\u00e9, avant de commettre deux erreurs sur le premier debout, glissant loin au classement. Quentin a lui craqu\u00e9 d\u00e8s le premier tir, avec trois fautes d&rsquo;entr\u00e9e puis une faute sur le debout. <strong>Antonin Guigonnat et \u00c9ric Perrot<\/strong>, moins rapides sur les skis, ne commettent qu&rsquo;une erreur, mais sont d\u00e9j\u00e0 en dehors du top 15.<\/p>\n<p style=\"text-align: justify;\">En revanche, <strong>Fabien Claude<\/strong> ressort en t\u00eate du deuxi\u00e8me tir avec un magnifique 10\/10 et une bonne vitesse sur les skis, le Fran\u00e7ais est en t\u00eate ! <strong>\u00c9milien Claude<\/strong> a, lui aussi, pris un bon d\u00e9part avec un 10\/10, mais est bien plus lent sur les skis, conc\u00e9dant pr\u00e8s d&rsquo;une minute sur son fr\u00e8re.<\/p>\n<blockquote class=\"twitter-tweet\">\n<p dir=\"ltr\" lang=\"en\">Round 2! \ud83d\udca5<\/p>\n<p>And it&rsquo;s <a href=\"https:\/\/twitter.com\/EmilienJck?ref_src=twsrc%5Etfw\">@EmilienJck<\/a> who kicks us off for the Men 20km Individual.<\/p>\n<p>Follow along on the Official IBU App or watch live on <a href=\"https:\/\/t.co\/bk5aBBso9Q\">https:\/\/t.co\/bk5aBBso9Q<\/a> <a href=\"https:\/\/t.co\/EPSFE24yW6\">pic.twitter.com\/EPSFE24yW6<\/a><\/p>\n<p>\u2014 International Biathlon Union (@biathlonworld) <a href=\"https:\/\/twitter.com\/biathlonworld\/status\/1728769112547918314?ref_src=twsrc%5Etfw\">November 26, 2023<\/a><\/p><\/blockquote>\n<p><script src=\"https:\/\/platform.twitter.com\/widgets.js\" async=\"\" charset=\"utf-8\"><\/script><\/p>\n<h2>Johannes Boe \u00e9choue de peu derri\u00e8re les Allemands<\/h2>\n<p style=\"text-align: justify;\">Les d\u00e9buts sont timides pour le Norv\u00e9gien, pas aussi impressionnant qu&rsquo;habituellement sur les skis et qui commet un petit rat\u00e9 sur son premier tir. La mire se r\u00e8gle rapidement et le petit fr\u00e8re de Tarjei remonte progressivement dans le classement au fil des tirs, encha\u00eenant les 5\/5. Malgr\u00e9 une erreur sur son dernier tir, Johannes n&rsquo;est qu&rsquo;\u00e0 15 secondes de <strong>Justus Strelow<\/strong>, le leader provisoire de cet individuel, avec un ultime tour \u00e0 couvrir !<\/p>\n<p style=\"text-align: justify;\">L&rsquo;an dernier, le cannibale du biathlon aurait sans doute croqu\u00e9 l&rsquo;Allemand, mais l&rsquo;\u00e9cart ne se r\u00e9duit que de 3 secondes, <strong>Johannes Boe <\/strong>\u00e9chouant ainsi \u00e0 la 3<sup>\u00e8me<\/sup> place \u00e0 12 secondes de<strong> Justus Strelow<\/strong> (19\/20) et \u00e0 25 secondes de<strong> Roman Rees<\/strong> (19\/20) parti plus tard et qui vient coiffer son compatriote et remporter la course ! \u00c0 noter, parmi les favoris, l&rsquo;\u00e9norme temps de ski de <strong>Sebastian Samuelsson<\/strong> qui met 44 secondes \u00e0 Johannes Boe sur la piste et termine 7<sup>\u00e8me<\/sup> malgr\u00e9 3 fautes.<\/p>\n<blockquote class=\"twitter-tweet\">\n<p dir=\"ltr\" lang=\"fr\">\ud83e\udd2f Grosse prestation de Roman Rees \u00e0 \u00d6stersund !<\/p>\n<p>L&rsquo;Allemand remporte le 20 km devant son compatriote Justus Strelow, s&rsquo;offrant au passage sa premi\u00e8re victoire en Coupe du monde !<a href=\"https:\/\/twitter.com\/hashtag\/ChaletClub?src=hash&amp;ref_src=twsrc%5Etfw\">#ChaletClub<\/a> <a href=\"https:\/\/t.co\/jADfzpgwuX\">pic.twitter.com\/jADfzpgwuX<\/a><\/p>\n<p>\u2014 Eurosport France (@Eurosport_FR) <a href=\"https:\/\/twitter.com\/Eurosport_FR\/status\/1728787371334799378?ref_src=twsrc%5Etfw\">November 26, 2023<\/a><\/p><\/blockquote>\n<p><script async src=\"https:\/\/platform.twitter.com\/widgets.js\" charset=\"utf-8\"><\/script><\/p>\n<ul>\n<li style=\"text-align: justify;\"><strong>\u00c0 ce sujet &#8211; <a href=\"https:\/\/dicodusport.fr\/blog\/biathlon-coupe-du-monde-classement-general-hommes\/\">Biathlon Coupe du monde \u2013 Classement g\u00e9n\u00e9ral hommes<\/a><\/strong><\/li>\n<\/ul>\n<h2 style=\"text-align: justify;\">Une fin de course en eau de boudin pour les Fran\u00e7ais<\/h2>\n<p style=\"text-align: justify;\"><strong>\u00c9milien Jacquelin<\/strong> r\u00e9p\u00e8te le m\u00eame sch\u00e9ma que sur la premi\u00e8re partie de course, avec un sans-faute sur le couch\u00e9 et deux fautes sur le debout. Un 16\/20 qui le condamnera \u00e0 une triste 27<sup>\u00e8me<\/sup> place \u00e0 l&rsquo;arriv\u00e9e, avec pourtant le 4<sup>\u00e8me<\/sup> meilleur temps de ski. Course \u00e0 oublier \u00e9galement pour <strong>Quentin Fillon-Maillet<\/strong>, avec un 15\/20 qui le place 42<sup>\u00e8me<\/sup>. L&rsquo;espoir \u00e9tait permis pour <strong>Fabien Claude<\/strong> mais il n&rsquo;a pas dur\u00e9 longtemps, le Fran\u00e7ais faisant 3 erreurs sur les deux derniers tirs qui lui co\u00fbtent la victoire, il terminera finalement 15<sup>\u00e8me<\/sup> avec le 5<sup>\u00e8me<\/sup> temps de ski.<\/p>\n<p style=\"text-align: justify;\">D\u00e9ception \u00e9galement pour <strong>Antonin Guigonnat<\/strong>, totalement d\u00e9concentr\u00e9 sur le second couch\u00e9 et qui commet 3 fautes. Avec un 15\/20, il conclut la course en 63<sup>\u00e8me<\/sup> position, <strong>\u00c9ric Perrot<\/strong> finissant 25<sup>\u00e8me<\/sup> avec un 17\/20. La note positive pour terminer cet individuel, c&rsquo;est le fantastique 20\/20 d&rsquo;<strong>\u00c9milien Claude<\/strong>, son premier en carri\u00e8re, qui lui permet de terminer 10<sup>\u00e8me <\/sup>malgr\u00e9 le 44<sup>\u00e8me<\/sup> temps de ski.<\/p>\n","protected":false},"excerpt":{"rendered":"<p>BIATHLON OSTERSUND 2023 &#8211; Dans un individuel qui aura vu tr\u00e8s peu de sans-fautes, les Allemands Roman Rees et Justus Strelow sont parvenus \u00e0 devancer Johannes Boe, seulement 3\u00e8me. Les Fran\u00e7ais se sont loup\u00e9s.<\/p>\n","protected":false},"author":21,"featured_media":440407,"comment_status":"open","ping_status":"closed","sticky":false,"template":"","format":"standard","meta":{"_acf_changed":false,"_daextam_enable_autolinks":"1","footnotes":""},"categories":[47040],"tags":[2427,16878,7290,9258,24],"class_list":["post-440269","post","type-post","status-publish","format-standard","has-post-thumbnail","hentry","category-coupe-du-monde-de-biathlon","tag-biathlon","tag-breve","tag-individuel-hommes","tag-ostersund","tag-sport"],"acf":[],"yoast_head":"<!-- This site is optimized with the Yoast SEO Premium plugin v26.7 (Yoast SEO v26.7) - https:\/\/yoast.com\/wordpress\/plugins\/seo\/ -->\n<title>Ostersund Individuel Hommes : Roman Rees surprend Johannes Boe, les Fran\u00e7ais \u00e0 la ramasse<\/title>\n<meta name=\"description\" content=\"BIATHLON OSTERSUND 2023 - Dans un individuel qui aura vu tr\u00e8s peu de sans-fautes, les Allemands Roman Rees et Justus Strelow sont parvenus \u00e0 devancer Johannes Boe, seulement 3\u00e8me. Les Fran\u00e7ais se sont loup\u00e9s.\" \/>\n<meta name=\"robots\" content=\"index, follow, max-snippet:-1, max-image-preview:large, max-video-preview:-1\" \/>\n<link rel=\"canonical\" href=\"https:\/\/dicodusport.fr\/blog\/ostersund-individuel-hommes-roman-rees-surprend-johannes-boe-les-francais-a-la-ramasse\/\" \/>\n<meta property=\"og:locale\" content=\"fr_FR\" \/>\n<meta property=\"og:type\" content=\"article\" \/>\n<meta property=\"og:title\" content=\"Ostersund Individuel Hommes : Roman Rees surprend Johannes Boe, les Fran\u00e7ais \u00e0 la ramasse\" \/>\n<meta property=\"og:description\" content=\"BIATHLON OSTERSUND 2023 - Dans un individuel qui aura vu tr\u00e8s peu de sans-fautes, les Allemands Roman Rees et Justus Strelow sont parvenus \u00e0 devancer Johannes Boe, seulement 3\u00e8me. Les Fran\u00e7ais se sont loup\u00e9s.\" \/>\n<meta property=\"og:url\" content=\"https:\/\/dicodusport.fr\/blog\/ostersund-individuel-hommes-roman-rees-surprend-johannes-boe-les-francais-a-la-ramasse\/\" \/>\n<meta property=\"og:site_name\" content=\"Dicodusport\" \/>\n<meta property=\"article:publisher\" content=\"https:\/\/www.facebook.com\/dicodusport\" \/>\n<meta property=\"article:published_time\" content=\"2023-11-26T15:19:31+00:00\" \/>\n<meta property=\"article:modified_time\" content=\"2023-11-26T22:13:00+00:00\" \/>\n<meta property=\"og:image\" content=\"https:\/\/dicodusport.fr\/blog\/wp-content\/uploads\/2023\/11\/Ostersund-Individuel-Hommes-Roman-Rees-surprend-Johannes-Boe-les-Francais-a-la-ramasse-1.png\" \/>\n\t<meta property=\"og:image:width\" content=\"800\" \/>\n\t<meta property=\"og:image:height\" content=\"445\" \/>\n\t<meta property=\"og:image:type\" content=\"image\/png\" \/>\n<meta name=\"author\" content=\"Mathieu Veillon\" \/>\n<meta name=\"twitter:card\" content=\"summary_large_image\" \/>\n<meta name=\"twitter:title\" content=\"Ostersund Individuel Hommes : Roman Rees surprend Johannes Boe, les Fran\u00e7ais \u00e0 la ramasse\" \/>\n<meta name=\"twitter:creator\" content=\"@https:\/\/twitter.com\/MathieuVeillon\" \/>\n<meta name=\"twitter:site\" content=\"@dicodusport\" \/>\n<script type=\"application\/ld+json\" class=\"yoast-schema-graph\">{\"@context\":\"https:\/\/schema.org\",\"@graph\":[{\"@type\":\"NewsArticle\",\"@id\":\"https:\/\/dicodusport.fr\/blog\/ostersund-individuel-hommes-roman-rees-surprend-johannes-boe-les-francais-a-la-ramasse\/#article\",\"isPartOf\":{\"@id\":\"https:\/\/dicodusport.fr\/blog\/ostersund-individuel-hommes-roman-rees-surprend-johannes-boe-les-francais-a-la-ramasse\/\"},\"author\":{\"name\":\"Mathieu Veillon\",\"@id\":\"https:\/\/dicodusport.fr\/blog\/#\/schema\/person\/9731cdc747db1ceb457a2bfa9180a806\"},\"headline\":\"Ostersund Individuel Hommes : Roman Rees surprend Johannes Boe, les Fran\u00e7ais \u00e0 la ramasse\",\"datePublished\":\"2023-11-26T15:19:31+00:00\",\"dateModified\":\"2023-11-26T22:13:00+00:00\",\"mainEntityOfPage\":{\"@id\":\"https:\/\/dicodusport.fr\/blog\/ostersund-individuel-hommes-roman-rees-surprend-johannes-boe-les-francais-a-la-ramasse\/\"},\"wordCount\":656,\"commentCount\":0,\"publisher\":{\"@id\":\"https:\/\/dicodusport.fr\/blog\/#organization\"},\"image\":{\"@id\":\"https:\/\/dicodusport.fr\/blog\/ostersund-individuel-hommes-roman-rees-surprend-johannes-boe-les-francais-a-la-ramasse\/#primaryimage\"},\"thumbnailUrl\":\"https:\/\/dicodusport.fr\/blog\/wp-content\/uploads\/2023\/11\/Ostersund-Individuel-Hommes-Roman-Rees-surprend-Johannes-Boe-les-Francais-a-la-ramasse-1.png\",\"keywords\":[\"Biathlon\",\"br\u00e8ve\",\"Individuel hommes\",\"Ostersund\",\"sport\"],\"articleSection\":[\"Coupe du monde de biathlon\"],\"inLanguage\":\"fr-FR\",\"potentialAction\":[{\"@type\":\"CommentAction\",\"name\":\"Comment\",\"target\":[\"https:\/\/dicodusport.fr\/blog\/ostersund-individuel-hommes-roman-rees-surprend-johannes-boe-les-francais-a-la-ramasse\/#respond\"]}],\"copyrightYear\":\"2023\",\"copyrightHolder\":{\"@id\":\"https:\/\/dicodusport.fr\/blog\/#organization\"}},{\"@type\":\"WebPage\",\"@id\":\"https:\/\/dicodusport.fr\/blog\/ostersund-individuel-hommes-roman-rees-surprend-johannes-boe-les-francais-a-la-ramasse\/\",\"url\":\"https:\/\/dicodusport.fr\/blog\/ostersund-individuel-hommes-roman-rees-surprend-johannes-boe-les-francais-a-la-ramasse\/\",\"name\":\"Ostersund Individuel Hommes : Roman Rees surprend Johannes Boe, les Fran\u00e7ais \u00e0 la ramasse\",\"isPartOf\":{\"@id\":\"https:\/\/dicodusport.fr\/blog\/#website\"},\"primaryImageOfPage\":{\"@id\":\"https:\/\/dicodusport.fr\/blog\/ostersund-individuel-hommes-roman-rees-surprend-johannes-boe-les-francais-a-la-ramasse\/#primaryimage\"},\"image\":{\"@id\":\"https:\/\/dicodusport.fr\/blog\/ostersund-individuel-hommes-roman-rees-surprend-johannes-boe-les-francais-a-la-ramasse\/#primaryimage\"},\"thumbnailUrl\":\"https:\/\/dicodusport.fr\/blog\/wp-content\/uploads\/2023\/11\/Ostersund-Individuel-Hommes-Roman-Rees-surprend-Johannes-Boe-les-Francais-a-la-ramasse-1.png\",\"datePublished\":\"2023-11-26T15:19:31+00:00\",\"dateModified\":\"2023-11-26T22:13:00+00:00\",\"description\":\"BIATHLON OSTERSUND 2023 - Dans un individuel qui aura vu tr\u00e8s peu de sans-fautes, les Allemands Roman Rees et Justus Strelow sont parvenus \u00e0 devancer Johannes Boe, seulement 3\u00e8me. Les Fran\u00e7ais se sont loup\u00e9s.\",\"breadcrumb\":{\"@id\":\"https:\/\/dicodusport.fr\/blog\/ostersund-individuel-hommes-roman-rees-surprend-johannes-boe-les-francais-a-la-ramasse\/#breadcrumb\"},\"inLanguage\":\"fr-FR\",\"potentialAction\":[{\"@type\":\"ReadAction\",\"target\":[\"https:\/\/dicodusport.fr\/blog\/ostersund-individuel-hommes-roman-rees-surprend-johannes-boe-les-francais-a-la-ramasse\/\"]}]},{\"@type\":\"ImageObject\",\"inLanguage\":\"fr-FR\",\"@id\":\"https:\/\/dicodusport.fr\/blog\/ostersund-individuel-hommes-roman-rees-surprend-johannes-boe-les-francais-a-la-ramasse\/#primaryimage\",\"url\":\"https:\/\/dicodusport.fr\/blog\/wp-content\/uploads\/2023\/11\/Ostersund-Individuel-Hommes-Roman-Rees-surprend-Johannes-Boe-les-Francais-a-la-ramasse-1.png\",\"contentUrl\":\"https:\/\/dicodusport.fr\/blog\/wp-content\/uploads\/2023\/11\/Ostersund-Individuel-Hommes-Roman-Rees-surprend-Johannes-Boe-les-Francais-a-la-ramasse-1.png\",\"width\":800,\"height\":445,\"caption\":\"Ostersund Individuel Hommes Roman Rees surprend Johannes Boe, les Fran\u00e7ais \u00e0 la ramasse (1)\"},{\"@type\":\"BreadcrumbList\",\"@id\":\"https:\/\/dicodusport.fr\/blog\/ostersund-individuel-hommes-roman-rees-surprend-johannes-boe-les-francais-a-la-ramasse\/#breadcrumb\",\"itemListElement\":[{\"@type\":\"ListItem\",\"position\":1,\"name\":\"Accueil\",\"item\":\"https:\/\/dicodusport.fr\/blog\/\"},{\"@type\":\"ListItem\",\"position\":2,\"name\":\"Ostersund Individuel Hommes : Roman Rees surprend Johannes Boe, les Fran\u00e7ais \u00e0 la ramasse\"}]},{\"@type\":\"WebSite\",\"@id\":\"https:\/\/dicodusport.fr\/blog\/#website\",\"url\":\"https:\/\/dicodusport.fr\/blog\/\",\"name\":\"Dicodusport\",\"description\":\"L&#039;encyclop\u00e9die de l&#039;actualit\u00e9 sportive\",\"publisher\":{\"@id\":\"https:\/\/dicodusport.fr\/blog\/#organization\"},\"potentialAction\":[{\"@type\":\"SearchAction\",\"target\":{\"@type\":\"EntryPoint\",\"urlTemplate\":\"https:\/\/dicodusport.fr\/blog\/?s={search_term_string}\"},\"query-input\":{\"@type\":\"PropertyValueSpecification\",\"valueRequired\":true,\"valueName\":\"search_term_string\"}}],\"inLanguage\":\"fr-FR\"},{\"@type\":\"NewsMediaOrganization\",\"@id\":\"https:\/\/dicodusport.fr\/blog\/#organization\",\"name\":\"Dicodusport\",\"url\":\"https:\/\/dicodusport.fr\/blog\/\",\"logo\":{\"@type\":\"ImageObject\",\"inLanguage\":\"fr-FR\",\"@id\":\"https:\/\/dicodusport.fr\/blog\/#\/schema\/logo\/image\/\",\"url\":\"https:\/\/dicodusport.fr\/blog\/wp-content\/uploads\/2020\/06\/cropped-LOGO-DICODUSPORT-2020-SANS-FOND-SANS-TEXTE.png\",\"contentUrl\":\"https:\/\/dicodusport.fr\/blog\/wp-content\/uploads\/2020\/06\/cropped-LOGO-DICODUSPORT-2020-SANS-FOND-SANS-TEXTE.png\",\"width\":512,\"height\":512,\"caption\":\"Dicodusport\"},\"image\":{\"@id\":\"https:\/\/dicodusport.fr\/blog\/#\/schema\/logo\/image\/\"},\"sameAs\":[\"https:\/\/www.facebook.com\/dicodusport\",\"https:\/\/x.com\/dicodusport\",\"https:\/\/www.instagram.com\/dicodusport\/\",\"https:\/\/www.youtube.com\/channel\/UC7V2KZ5sd3htJivAbA4ZG3w\"],\"description\":\"Dicodusport est l'encyclop\u00e9die de l'actualit\u00e9 sportive.\",\"email\":\"bonjour@dicodusport.fr\",\"legalName\":\"DICODUSPORT\",\"foundingDate\":\"2018-01-14\",\"vatID\":\"FR71834470973\",\"taxID\":\"83447097300043\",\"numberOfEmployees\":{\"@type\":\"QuantitativeValue\",\"minValue\":\"1\",\"maxValue\":\"10\"}},{\"@type\":\"Person\",\"@id\":\"https:\/\/dicodusport.fr\/blog\/#\/schema\/person\/9731cdc747db1ceb457a2bfa9180a806\",\"name\":\"Mathieu Veillon\",\"image\":{\"@type\":\"ImageObject\",\"inLanguage\":\"fr-FR\",\"@id\":\"https:\/\/dicodusport.fr\/blog\/#\/schema\/person\/image\/\",\"url\":\"https:\/\/dicodusport.fr\/blog\/wp-content\/uploads\/2021\/05\/Mathieu-Veillon-150x150.jpg\",\"contentUrl\":\"https:\/\/dicodusport.fr\/blog\/wp-content\/uploads\/2021\/05\/Mathieu-Veillon-150x150.jpg\",\"caption\":\"Mathieu Veillon\"},\"description\":\"Journaliste\/r\u00e9dacteur depuis septembre 2015 - Ma d\u00e9finition du bonheur ? Une galette-saucisse au Roazhon Park ou un caf\u00e9 devant un Lakers\/Celtics au petit matin. Fid\u00e8le membre de la team insomniaque de la r\u00e9dac, j\u2019ai le pouvoir de rester \u00e9veill\u00e9 jusqu\u2019\u00e0 l\u2019aube pour faire vivre aux lecteurs ma passion du sport. Ainsi, j\u2019\u00e9cris principalement sur la NBA, le biathlon, le cyclisme ou encore la F1. Comptez dans mes exploits sportifs le fait d\u2019avoir fait gagner le Tour de France 2018 \u00e0 Tony Gallopin sur Pro Cycling Manager, ou encore d\u2019avoir men\u00e9 l\u2019\u00e9quipe nationale de Bretagne en finale de Coupe du monde sur Football Manager.\",\"sameAs\":[\"https:\/\/x.com\/https:\/\/twitter.com\/MathieuVeillon\"],\"url\":\"https:\/\/dicodusport.fr\/blog\/author\/mathieu\/\"}]}<\/script>\n<!-- \/ Yoast SEO Premium plugin. -->","yoast_head_json":{"title":"Ostersund Individuel Hommes : Roman Rees surprend Johannes Boe, les Fran\u00e7ais \u00e0 la ramasse","description":"BIATHLON OSTERSUND 2023 - Dans un individuel qui aura vu tr\u00e8s peu de sans-fautes, les Allemands Roman Rees et Justus Strelow sont parvenus \u00e0 devancer Johannes Boe, seulement 3\u00e8me. Les Fran\u00e7ais se sont loup\u00e9s.","robots":{"index":"index","follow":"follow","max-snippet":"max-snippet:-1","max-image-preview":"max-image-preview:large","max-video-preview":"max-video-preview:-1"},"canonical":"https:\/\/dicodusport.fr\/blog\/ostersund-individuel-hommes-roman-rees-surprend-johannes-boe-les-francais-a-la-ramasse\/","og_locale":"fr_FR","og_type":"article","og_title":"Ostersund Individuel Hommes : Roman Rees surprend Johannes Boe, les Fran\u00e7ais \u00e0 la ramasse","og_description":"BIATHLON OSTERSUND 2023 - Dans un individuel qui aura vu tr\u00e8s peu de sans-fautes, les Allemands Roman Rees et Justus Strelow sont parvenus \u00e0 devancer Johannes Boe, seulement 3\u00e8me. Les Fran\u00e7ais se sont loup\u00e9s.","og_url":"https:\/\/dicodusport.fr\/blog\/ostersund-individuel-hommes-roman-rees-surprend-johannes-boe-les-francais-a-la-ramasse\/","og_site_name":"Dicodusport","article_publisher":"https:\/\/www.facebook.com\/dicodusport","article_published_time":"2023-11-26T15:19:31+00:00","article_modified_time":"2023-11-26T22:13:00+00:00","og_image":[{"width":800,"height":445,"url":"https:\/\/dicodusport.fr\/blog\/wp-content\/uploads\/2023\/11\/Ostersund-Individuel-Hommes-Roman-Rees-surprend-Johannes-Boe-les-Francais-a-la-ramasse-1.png","type":"image\/png"}],"author":"Mathieu Veillon","twitter_card":"summary_large_image","twitter_title":"Ostersund Individuel Hommes : Roman Rees surprend Johannes Boe, les Fran\u00e7ais \u00e0 la ramasse","twitter_creator":"@https:\/\/twitter.com\/MathieuVeillon","twitter_site":"@dicodusport","schema":{"@context":"https:\/\/schema.org","@graph":[{"@type":"NewsArticle","@id":"https:\/\/dicodusport.fr\/blog\/ostersund-individuel-hommes-roman-rees-surprend-johannes-boe-les-francais-a-la-ramasse\/#article","isPartOf":{"@id":"https:\/\/dicodusport.fr\/blog\/ostersund-individuel-hommes-roman-rees-surprend-johannes-boe-les-francais-a-la-ramasse\/"},"author":{"name":"Mathieu Veillon","@id":"https:\/\/dicodusport.fr\/blog\/#\/schema\/person\/9731cdc747db1ceb457a2bfa9180a806"},"headline":"Ostersund Individuel Hommes : Roman Rees surprend Johannes Boe, les Fran\u00e7ais \u00e0 la ramasse","datePublished":"2023-11-26T15:19:31+00:00","dateModified":"2023-11-26T22:13:00+00:00","mainEntityOfPage":{"@id":"https:\/\/dicodusport.fr\/blog\/ostersund-individuel-hommes-roman-rees-surprend-johannes-boe-les-francais-a-la-ramasse\/"},"wordCount":656,"commentCount":0,"publisher":{"@id":"https:\/\/dicodusport.fr\/blog\/#organization"},"image":{"@id":"https:\/\/dicodusport.fr\/blog\/ostersund-individuel-hommes-roman-rees-surprend-johannes-boe-les-francais-a-la-ramasse\/#primaryimage"},"thumbnailUrl":"https:\/\/dicodusport.fr\/blog\/wp-content\/uploads\/2023\/11\/Ostersund-Individuel-Hommes-Roman-Rees-surprend-Johannes-Boe-les-Francais-a-la-ramasse-1.png","keywords":["Biathlon","br\u00e8ve","Individuel hommes","Ostersund","sport"],"articleSection":["Coupe du monde de biathlon"],"inLanguage":"fr-FR","potentialAction":[{"@type":"CommentAction","name":"Comment","target":["https:\/\/dicodusport.fr\/blog\/ostersund-individuel-hommes-roman-rees-surprend-johannes-boe-les-francais-a-la-ramasse\/#respond"]}],"copyrightYear":"2023","copyrightHolder":{"@id":"https:\/\/dicodusport.fr\/blog\/#organization"}},{"@type":"WebPage","@id":"https:\/\/dicodusport.fr\/blog\/ostersund-individuel-hommes-roman-rees-surprend-johannes-boe-les-francais-a-la-ramasse\/","url":"https:\/\/dicodusport.fr\/blog\/ostersund-individuel-hommes-roman-rees-surprend-johannes-boe-les-francais-a-la-ramasse\/","name":"Ostersund Individuel Hommes : Roman Rees surprend Johannes Boe, les Fran\u00e7ais \u00e0 la ramasse","isPartOf":{"@id":"https:\/\/dicodusport.fr\/blog\/#website"},"primaryImageOfPage":{"@id":"https:\/\/dicodusport.fr\/blog\/ostersund-individuel-hommes-roman-rees-surprend-johannes-boe-les-francais-a-la-ramasse\/#primaryimage"},"image":{"@id":"https:\/\/dicodusport.fr\/blog\/ostersund-individuel-hommes-roman-rees-surprend-johannes-boe-les-francais-a-la-ramasse\/#primaryimage"},"thumbnailUrl":"https:\/\/dicodusport.fr\/blog\/wp-content\/uploads\/2023\/11\/Ostersund-Individuel-Hommes-Roman-Rees-surprend-Johannes-Boe-les-Francais-a-la-ramasse-1.png","datePublished":"2023-11-26T15:19:31+00:00","dateModified":"2023-11-26T22:13:00+00:00","description":"BIATHLON OSTERSUND 2023 - Dans un individuel qui aura vu tr\u00e8s peu de sans-fautes, les Allemands Roman Rees et Justus Strelow sont parvenus \u00e0 devancer Johannes Boe, seulement 3\u00e8me. Les Fran\u00e7ais se sont loup\u00e9s.","breadcrumb":{"@id":"https:\/\/dicodusport.fr\/blog\/ostersund-individuel-hommes-roman-rees-surprend-johannes-boe-les-francais-a-la-ramasse\/#breadcrumb"},"inLanguage":"fr-FR","potentialAction":[{"@type":"ReadAction","target":["https:\/\/dicodusport.fr\/blog\/ostersund-individuel-hommes-roman-rees-surprend-johannes-boe-les-francais-a-la-ramasse\/"]}]},{"@type":"ImageObject","inLanguage":"fr-FR","@id":"https:\/\/dicodusport.fr\/blog\/ostersund-individuel-hommes-roman-rees-surprend-johannes-boe-les-francais-a-la-ramasse\/#primaryimage","url":"https:\/\/dicodusport.fr\/blog\/wp-content\/uploads\/2023\/11\/Ostersund-Individuel-Hommes-Roman-Rees-surprend-Johannes-Boe-les-Francais-a-la-ramasse-1.png","contentUrl":"https:\/\/dicodusport.fr\/blog\/wp-content\/uploads\/2023\/11\/Ostersund-Individuel-Hommes-Roman-Rees-surprend-Johannes-Boe-les-Francais-a-la-ramasse-1.png","width":800,"height":445,"caption":"Ostersund Individuel Hommes Roman Rees surprend Johannes Boe, les Fran\u00e7ais \u00e0 la ramasse (1)"},{"@type":"BreadcrumbList","@id":"https:\/\/dicodusport.fr\/blog\/ostersund-individuel-hommes-roman-rees-surprend-johannes-boe-les-francais-a-la-ramasse\/#breadcrumb","itemListElement":[{"@type":"ListItem","position":1,"name":"Accueil","item":"https:\/\/dicodusport.fr\/blog\/"},{"@type":"ListItem","position":2,"name":"Ostersund Individuel Hommes : Roman Rees surprend Johannes Boe, les Fran\u00e7ais \u00e0 la ramasse"}]},{"@type":"WebSite","@id":"https:\/\/dicodusport.fr\/blog\/#website","url":"https:\/\/dicodusport.fr\/blog\/","name":"Dicodusport","description":"L&#039;encyclop\u00e9die de l&#039;actualit\u00e9 sportive","publisher":{"@id":"https:\/\/dicodusport.fr\/blog\/#organization"},"potentialAction":[{"@type":"SearchAction","target":{"@type":"EntryPoint","urlTemplate":"https:\/\/dicodusport.fr\/blog\/?s={search_term_string}"},"query-input":{"@type":"PropertyValueSpecification","valueRequired":true,"valueName":"search_term_string"}}],"inLanguage":"fr-FR"},{"@type":"NewsMediaOrganization","@id":"https:\/\/dicodusport.fr\/blog\/#organization","name":"Dicodusport","url":"https:\/\/dicodusport.fr\/blog\/","logo":{"@type":"ImageObject","inLanguage":"fr-FR","@id":"https:\/\/dicodusport.fr\/blog\/#\/schema\/logo\/image\/","url":"https:\/\/dicodusport.fr\/blog\/wp-content\/uploads\/2020\/06\/cropped-LOGO-DICODUSPORT-2020-SANS-FOND-SANS-TEXTE.png","contentUrl":"https:\/\/dicodusport.fr\/blog\/wp-content\/uploads\/2020\/06\/cropped-LOGO-DICODUSPORT-2020-SANS-FOND-SANS-TEXTE.png","width":512,"height":512,"caption":"Dicodusport"},"image":{"@id":"https:\/\/dicodusport.fr\/blog\/#\/schema\/logo\/image\/"},"sameAs":["https:\/\/www.facebook.com\/dicodusport","https:\/\/x.com\/dicodusport","https:\/\/www.instagram.com\/dicodusport\/","https:\/\/www.youtube.com\/channel\/UC7V2KZ5sd3htJivAbA4ZG3w"],"description":"Dicodusport est l'encyclop\u00e9die de l'actualit\u00e9 sportive.","email":"bonjour@dicodusport.fr","legalName":"DICODUSPORT","foundingDate":"2018-01-14","vatID":"FR71834470973","taxID":"83447097300043","numberOfEmployees":{"@type":"QuantitativeValue","minValue":"1","maxValue":"10"}},{"@type":"Person","@id":"https:\/\/dicodusport.fr\/blog\/#\/schema\/person\/9731cdc747db1ceb457a2bfa9180a806","name":"Mathieu Veillon","image":{"@type":"ImageObject","inLanguage":"fr-FR","@id":"https:\/\/dicodusport.fr\/blog\/#\/schema\/person\/image\/","url":"https:\/\/dicodusport.fr\/blog\/wp-content\/uploads\/2021\/05\/Mathieu-Veillon-150x150.jpg","contentUrl":"https:\/\/dicodusport.fr\/blog\/wp-content\/uploads\/2021\/05\/Mathieu-Veillon-150x150.jpg","caption":"Mathieu Veillon"},"description":"Journaliste\/r\u00e9dacteur depuis septembre 2015 - Ma d\u00e9finition du bonheur ? Une galette-saucisse au Roazhon Park ou un caf\u00e9 devant un Lakers\/Celtics au petit matin. Fid\u00e8le membre de la team insomniaque de la r\u00e9dac, j\u2019ai le pouvoir de rester \u00e9veill\u00e9 jusqu\u2019\u00e0 l\u2019aube pour faire vivre aux lecteurs ma passion du sport. Ainsi, j\u2019\u00e9cris principalement sur la NBA, le biathlon, le cyclisme ou encore la F1. Comptez dans mes exploits sportifs le fait d\u2019avoir fait gagner le Tour de France 2018 \u00e0 Tony Gallopin sur Pro Cycling Manager, ou encore d\u2019avoir men\u00e9 l\u2019\u00e9quipe nationale de Bretagne en finale de Coupe du monde sur Football Manager.","sameAs":["https:\/\/x.com\/https:\/\/twitter.com\/MathieuVeillon"],"url":"https:\/\/dicodusport.fr\/blog\/author\/mathieu\/"}]}},"_links":{"self":[{"href":"https:\/\/dicodusport.fr\/blog\/wp-json\/wp\/v2\/posts\/440269","targetHints":{"allow":["GET"]}}],"collection":[{"href":"https:\/\/dicodusport.fr\/blog\/wp-json\/wp\/v2\/posts"}],"about":[{"href":"https:\/\/dicodusport.fr\/blog\/wp-json\/wp\/v2\/types\/post"}],"author":[{"embeddable":true,"href":"https:\/\/dicodusport.fr\/blog\/wp-json\/wp\/v2\/users\/21"}],"replies":[{"embeddable":true,"href":"https:\/\/dicodusport.fr\/blog\/wp-json\/wp\/v2\/comments?post=440269"}],"version-history":[{"count":6,"href":"https:\/\/dicodusport.fr\/blog\/wp-json\/wp\/v2\/posts\/440269\/revisions"}],"predecessor-version":[{"id":440519,"href":"https:\/\/dicodusport.fr\/blog\/wp-json\/wp\/v2\/posts\/440269\/revisions\/440519"}],"wp:featuredmedia":[{"embeddable":true,"href":"https:\/\/dicodusport.fr\/blog\/wp-json\/wp\/v2\/media\/440407"}],"wp:attachment":[{"href":"https:\/\/dicodusport.fr\/blog\/wp-json\/wp\/v2\/media?parent=440269"}],"wp:term":[{"taxonomy":"category","embeddable":true,"href":"https:\/\/dicodusport.fr\/blog\/wp-json\/wp\/v2\/categories?post=440269"},{"taxonomy":"post_tag","embeddable":true,"href":"https:\/\/dicodusport.fr\/blog\/wp-json\/wp\/v2\/tags?post=440269"}],"curies":[{"name":"wp","href":"https:\/\/api.w.org\/{rel}","templated":true}]}}