{"id":440442,"date":"2023-12-04T17:01:27","date_gmt":"2023-12-04T16:01:27","guid":{"rendered":"https:\/\/dicodusport.fr\/blog\/?p=440442&#038;preview=true&#038;preview_id=440442"},"modified":"2023-12-06T07:56:21","modified_gmt":"2023-12-06T06:56:21","slug":"julien-muller-ff-squash-on-a-eu-plus-de-sollicitations-mediatiques-sur-un-mois-que-sur-une-annee","status":"publish","type":"post","link":"https:\/\/dicodusport.fr\/blog\/julien-muller-ff-squash-on-a-eu-plus-de-sollicitations-mediatiques-sur-un-mois-que-sur-une-annee\/","title":{"rendered":"Julien Muller (FF Squash) : \u00ab On a eu plus de sollicitations m\u00e9diatiques sur un mois que sur une ann\u00e9e \u00bb"},"content":{"rendered":"<p style=\"text-align: justify;\"><strong><em>SQUASH &#8211; Julien Muller, le pr\u00e9sident de la F\u00e9d\u00e9ration Fran\u00e7aise de Squash, nous d\u00e9taille les b\u00e9n\u00e9fices de l\u2019int\u00e9gration de sa discipline aux Jeux Olympiques de Los Angeles en 2028.<\/em><\/strong><\/p>\n<h3 style=\"text-align: justify;\">Est-ce un accomplissement de voir que le squash va int\u00e9grer les Jeux Olympiques en 2028 ?<\/h3>\n<p style=\"text-align: justify;\">C&rsquo;est un vrai plaisir et, avant tout, une reconnaissance pour les athl\u00e8tes et leur staff qui travaillent autant que dans les autres disciplines et qui m\u00e9ritent d&rsquo;avoir cette vitrine mondiale. Ils adorent faire des championnats du monde, mais faire partie de la famille olympique est ce qu\u2019il y a de plus grand pour eux. Cette reconnaissance est une grande satisfaction.<\/p>\n<h3 style=\"text-align: justify;\">En revanche, le squash ne sera pas au programme l\u2019\u00e9t\u00e9 prochain. Est-ce une d\u00e9ception en tant que pr\u00e9sident ?<\/h3>\n<p style=\"text-align: justify;\">\u00c9videmment qu\u2019il y a une d\u00e9ception. Avoir sa discipline au programme olympique, \u00e0 domicile, aurait \u00e9t\u00e9 une joie \u00e9norme, avec en plus des possibilit\u00e9s de m\u00e9dailles fran\u00e7aises. Donc c&rsquo;est vrai qu&rsquo;on a \u00e9t\u00e9 d\u00e9\u00e7us il y a trois ans. Mais on ne ma\u00eetrise pas tous les \u00e9l\u00e9ments qui font qu&rsquo;une candidature \u00e9choue ou r\u00e9ussit. Ce qui est s\u00fbr, c\u2019est que les dirigeants ont essay\u00e9 de comprendre et ont repropos\u00e9 pour Los Angeles et aujourd&rsquo;hui, on int\u00e8gre le programme olympique. On vivra les Jeux de Paris avec beaucoup de joie quand m\u00eame, tout en continuant \u00e0 travailler pour 2028.<\/p>\n<div class=\"vlp-link-container vlp-layout-article\"><a href=\"https:\/\/dicodusport.fr\/definition-sport\/squash\/\" class=\"vlp-link\" title=\"Squash \u2022 Dicodusport\" rel=\"nofollow\" target=\"_blank\"><\/a><div class=\"vlp-layout-zone-side\"><div class=\"vlp-block-4 vlp-link-image\"><img decoding=\"async\" src=\"https:\/\/dicodusport.fr\/wp-content\/uploads\/2016\/02\/Definition-Squash.png\" style=\"max-width: 800px; max-height: 800px\" \/><\/div><\/div><div class=\"vlp-layout-zone-main\"><div class=\"vlp-block-0 vlp-link-title\">Squash \u2022 Dicodusport<\/div><div class=\"vlp-block-1 vlp-link-summary\">Le squash est un sport de raquette individuel qui se pratique en indoor (int\u00e9rieur) sur une surface de 9,75m de long pour 6,40m de large, entour\u00e9e de 4 parois dont 3 sont r\u00e9guli\u00e8rement vitr\u00e9es afin de permettre aux spectateurs de suivre les rencontres.<\/div><div class=\"vlp-block-2 vlp-link-button\">Lire l'article<\/div><div class=\"vlp-block-3 vlp-link-url\">dicodusport.fr<\/div><\/div><\/div>\n<h3 style=\"text-align: justify;\">Au niveau d&rsquo;une f\u00e9d\u00e9ration nationale, qu&rsquo;est-ce que cela change d\u2019int\u00e9grer les Jeux olympiques\u00a0?<\/h3>\n<p style=\"text-align: justify;\">L&rsquo;int\u00e9gration au programme olympique, cela entra\u00eene des changements sur deux plans tr\u00e8s importants. D\u2019abord sur le plan m\u00e9diatique, parce que les athl\u00e8tes ont plus de sollicitations. M\u00eame si on sait que certains sports qui sont aux Jeux ne sont visibles que tous les quatre ans, \u00eatre olympique, c&rsquo;est avoir un peu plus de place dans les m\u00e9dias au quotidien. C&rsquo;est \u00e9galement vrai aupr\u00e8s des collectivit\u00e9s. Aujourd&rsquo;hui, on est questionn\u00e9 pour implanter le squash dans des enceintes, parfois partag\u00e9es avec d&rsquo;autres sports comme le tennis, le padel et le badminton. On voit donc que l\u2019int\u00e9gration aux JO pose la question de l\u2019int\u00e9r\u00eat de l\u2019ajout du squash dans les salles, alors qu\u2019avant, on \u00e9tait un peu oubli\u00e9.<\/p>\n<h3 style=\"text-align: justify;\">M\u00eame si l&rsquo;annonce est r\u00e9cente, est-ce que vous constatez d\u00e9j\u00e0 un int\u00e9r\u00eat croissant pour le squash ?<\/h3>\n<p style=\"text-align: justify;\">Oui, clairement. \u00c0 la fois sur le plan m\u00e9diatique et sur celui des collectivit\u00e9s. On a eu plus de sollicitations m\u00e9diatiques sur un mois que sur une ann\u00e9e, notamment sur les enjeux et le d\u00e9veloppement que cela pouvait repr\u00e9senter ainsi que la place que cela avait pour les athl\u00e8tes. Et puis, les collectivit\u00e9s qui r\u00e9fl\u00e9chissent \u00e0 leur programme pluriannuel d&rsquo;investissement, aujourd&rsquo;hui, elles se posent la question d&rsquo;int\u00e9grer le squash. On avait plant\u00e9 des graines pour certains projets, mais elles \u00e9taient un peu rest\u00e9es en sommeil. Mais elles sont en train d&rsquo;\u00e9clore parce que le squash devient olympique et cela donne forc\u00e9ment une image positive et dynamique. \u00c7a conforte les gens dans l&rsquo;int\u00e9r\u00eat qu&rsquo;il y a de d\u00e9velopper la discipline.<\/p>\n","protected":false},"excerpt":{"rendered":"<p>SQUASH &#8211; Julien Muller, le pr\u00e9sident de la F\u00e9d\u00e9ration Fran\u00e7aise de Squash, nous d\u00e9taille les b\u00e9n\u00e9fices de l\u2019int\u00e9gration de sa discipline aux Jeux Olympiques de Los Angeles en 2028.<\/p>\n","protected":false},"author":80,"featured_media":442658,"comment_status":"open","ping_status":"closed","sticky":false,"template":"","format":"standard","meta":{"_acf_changed":false,"_daextam_enable_autolinks":"1","footnotes":""},"categories":[9608],"tags":[16878,1674],"class_list":["post-440442","post","type-post","status-publish","format-standard","has-post-thumbnail","hentry","category-squash","tag-breve","tag-squash"],"acf":[],"yoast_head":"<!-- This site is optimized with the Yoast SEO Premium plugin v26.7 (Yoast SEO v26.7) - https:\/\/yoast.com\/wordpress\/plugins\/seo\/ -->\n<title>Julien Muller (FF Squash) : \u00ab On a eu plus de sollicitations m\u00e9diatiques sur un mois que sur une ann\u00e9e \u00bb<\/title>\n<meta name=\"description\" content=\"Interview de Julien Muller, pr\u00e9sident de la F\u00e9d\u00e9ration Fran\u00e7aise de Squash, sur les b\u00e9n\u00e9fices de l&#039;ajout du squash aux JO en 2028.\" \/>\n<meta name=\"robots\" content=\"index, follow, max-snippet:-1, max-image-preview:large, max-video-preview:-1\" \/>\n<link rel=\"canonical\" href=\"https:\/\/dicodusport.fr\/blog\/julien-muller-ff-squash-on-a-eu-plus-de-sollicitations-mediatiques-sur-un-mois-que-sur-une-annee\/\" \/>\n<meta property=\"og:locale\" content=\"fr_FR\" \/>\n<meta property=\"og:type\" content=\"article\" \/>\n<meta property=\"og:title\" content=\"Julien Muller (FF Squash) : \u00ab On a eu plus de sollicitations m\u00e9diatiques sur un mois que sur une ann\u00e9e \u00bb\" \/>\n<meta property=\"og:description\" content=\"Interview de Julien Muller, pr\u00e9sident de la F\u00e9d\u00e9ration Fran\u00e7aise de Squash, sur les b\u00e9n\u00e9fices de l&#039;ajout du squash aux JO en 2028.\" \/>\n<meta property=\"og:url\" content=\"https:\/\/dicodusport.fr\/blog\/julien-muller-ff-squash-on-a-eu-plus-de-sollicitations-mediatiques-sur-un-mois-que-sur-une-annee\/\" \/>\n<meta property=\"og:site_name\" content=\"Dicodusport\" \/>\n<meta property=\"article:publisher\" content=\"https:\/\/www.facebook.com\/dicodusport\" \/>\n<meta property=\"article:author\" content=\"https:\/\/www.facebook.com\/profile.php?id=100009753662352\" \/>\n<meta property=\"article:published_time\" content=\"2023-12-04T16:01:27+00:00\" \/>\n<meta property=\"article:modified_time\" content=\"2023-12-06T06:56:21+00:00\" \/>\n<meta property=\"og:image\" content=\"https:\/\/dicodusport.fr\/blog\/wp-content\/uploads\/2023\/11\/Julien-Muller-FF-Squash-On-a-eu-plus-de-sollicitations-mediatiques-sur-un-mois-que-sur-une-annee-.png\" \/>\n\t<meta property=\"og:image:width\" content=\"1200\" \/>\n\t<meta property=\"og:image:height\" content=\"674\" \/>\n\t<meta property=\"og:image:type\" content=\"image\/png\" \/>\n<meta name=\"author\" content=\"Killian Tanguy\" \/>\n<meta name=\"twitter:card\" content=\"summary_large_image\" \/>\n<meta name=\"twitter:title\" content=\"Julien Muller (FF Squash) : \u00ab On a eu plus de sollicitations m\u00e9diatiques sur un mois que sur une ann\u00e9e \u00bb\" \/>\n<meta name=\"twitter:creator\" content=\"@https:\/\/twitter.com\/sport_ktanguy\" \/>\n<meta name=\"twitter:site\" content=\"@dicodusport\" \/>\n<script type=\"application\/ld+json\" class=\"yoast-schema-graph\">{\"@context\":\"https:\/\/schema.org\",\"@graph\":[{\"@type\":\"NewsArticle\",\"@id\":\"https:\/\/dicodusport.fr\/blog\/julien-muller-ff-squash-on-a-eu-plus-de-sollicitations-mediatiques-sur-un-mois-que-sur-une-annee\/#article\",\"isPartOf\":{\"@id\":\"https:\/\/dicodusport.fr\/blog\/julien-muller-ff-squash-on-a-eu-plus-de-sollicitations-mediatiques-sur-un-mois-que-sur-une-annee\/\"},\"author\":{\"name\":\"Killian Tanguy\",\"@id\":\"https:\/\/dicodusport.fr\/blog\/#\/schema\/person\/ff2feeb71ea78ad31eeb3390ffe96b46\"},\"headline\":\"Julien Muller (FF Squash) : \u00ab On a eu plus de sollicitations m\u00e9diatiques sur un mois que sur une ann\u00e9e \u00bb\",\"datePublished\":\"2023-12-04T16:01:27+00:00\",\"dateModified\":\"2023-12-06T06:56:21+00:00\",\"mainEntityOfPage\":{\"@id\":\"https:\/\/dicodusport.fr\/blog\/julien-muller-ff-squash-on-a-eu-plus-de-sollicitations-mediatiques-sur-un-mois-que-sur-une-annee\/\"},\"wordCount\":663,\"commentCount\":0,\"publisher\":{\"@id\":\"https:\/\/dicodusport.fr\/blog\/#organization\"},\"image\":{\"@id\":\"https:\/\/dicodusport.fr\/blog\/julien-muller-ff-squash-on-a-eu-plus-de-sollicitations-mediatiques-sur-un-mois-que-sur-une-annee\/#primaryimage\"},\"thumbnailUrl\":\"https:\/\/dicodusport.fr\/blog\/wp-content\/uploads\/2023\/11\/Julien-Muller-FF-Squash-On-a-eu-plus-de-sollicitations-mediatiques-sur-un-mois-que-sur-une-annee-.png\",\"keywords\":[\"br\u00e8ve\",\"squash\"],\"articleSection\":[\"Squash\"],\"inLanguage\":\"fr-FR\",\"potentialAction\":[{\"@type\":\"CommentAction\",\"name\":\"Comment\",\"target\":[\"https:\/\/dicodusport.fr\/blog\/julien-muller-ff-squash-on-a-eu-plus-de-sollicitations-mediatiques-sur-un-mois-que-sur-une-annee\/#respond\"]}],\"copyrightYear\":\"2023\",\"copyrightHolder\":{\"@id\":\"https:\/\/dicodusport.fr\/blog\/#organization\"}},{\"@type\":\"WebPage\",\"@id\":\"https:\/\/dicodusport.fr\/blog\/julien-muller-ff-squash-on-a-eu-plus-de-sollicitations-mediatiques-sur-un-mois-que-sur-une-annee\/\",\"url\":\"https:\/\/dicodusport.fr\/blog\/julien-muller-ff-squash-on-a-eu-plus-de-sollicitations-mediatiques-sur-un-mois-que-sur-une-annee\/\",\"name\":\"Julien Muller (FF Squash) : \u00ab On a eu plus de sollicitations m\u00e9diatiques sur un mois que sur une ann\u00e9e \u00bb\",\"isPartOf\":{\"@id\":\"https:\/\/dicodusport.fr\/blog\/#website\"},\"primaryImageOfPage\":{\"@id\":\"https:\/\/dicodusport.fr\/blog\/julien-muller-ff-squash-on-a-eu-plus-de-sollicitations-mediatiques-sur-un-mois-que-sur-une-annee\/#primaryimage\"},\"image\":{\"@id\":\"https:\/\/dicodusport.fr\/blog\/julien-muller-ff-squash-on-a-eu-plus-de-sollicitations-mediatiques-sur-un-mois-que-sur-une-annee\/#primaryimage\"},\"thumbnailUrl\":\"https:\/\/dicodusport.fr\/blog\/wp-content\/uploads\/2023\/11\/Julien-Muller-FF-Squash-On-a-eu-plus-de-sollicitations-mediatiques-sur-un-mois-que-sur-une-annee-.png\",\"datePublished\":\"2023-12-04T16:01:27+00:00\",\"dateModified\":\"2023-12-06T06:56:21+00:00\",\"description\":\"Interview de Julien Muller, pr\u00e9sident de la F\u00e9d\u00e9ration Fran\u00e7aise de Squash, sur les b\u00e9n\u00e9fices de l'ajout du squash aux JO en 2028.\",\"breadcrumb\":{\"@id\":\"https:\/\/dicodusport.fr\/blog\/julien-muller-ff-squash-on-a-eu-plus-de-sollicitations-mediatiques-sur-un-mois-que-sur-une-annee\/#breadcrumb\"},\"inLanguage\":\"fr-FR\",\"potentialAction\":[{\"@type\":\"ReadAction\",\"target\":[\"https:\/\/dicodusport.fr\/blog\/julien-muller-ff-squash-on-a-eu-plus-de-sollicitations-mediatiques-sur-un-mois-que-sur-une-annee\/\"]}]},{\"@type\":\"ImageObject\",\"inLanguage\":\"fr-FR\",\"@id\":\"https:\/\/dicodusport.fr\/blog\/julien-muller-ff-squash-on-a-eu-plus-de-sollicitations-mediatiques-sur-un-mois-que-sur-une-annee\/#primaryimage\",\"url\":\"https:\/\/dicodusport.fr\/blog\/wp-content\/uploads\/2023\/11\/Julien-Muller-FF-Squash-On-a-eu-plus-de-sollicitations-mediatiques-sur-un-mois-que-sur-une-annee-.png\",\"contentUrl\":\"https:\/\/dicodusport.fr\/blog\/wp-content\/uploads\/2023\/11\/Julien-Muller-FF-Squash-On-a-eu-plus-de-sollicitations-mediatiques-sur-un-mois-que-sur-une-annee-.png\",\"width\":1200,\"height\":674,\"caption\":\"Julien Muller (FF Squash) \u00ab On a eu plus de sollicitations m\u00e9diatiques sur un mois que sur une ann\u00e9e \u00bb\"},{\"@type\":\"BreadcrumbList\",\"@id\":\"https:\/\/dicodusport.fr\/blog\/julien-muller-ff-squash-on-a-eu-plus-de-sollicitations-mediatiques-sur-un-mois-que-sur-une-annee\/#breadcrumb\",\"itemListElement\":[{\"@type\":\"ListItem\",\"position\":1,\"name\":\"Accueil\",\"item\":\"https:\/\/dicodusport.fr\/blog\/\"},{\"@type\":\"ListItem\",\"position\":2,\"name\":\"Julien Muller (FF Squash) : \u00ab On a eu plus de sollicitations m\u00e9diatiques sur un mois que sur une ann\u00e9e \u00bb\"}]},{\"@type\":\"WebSite\",\"@id\":\"https:\/\/dicodusport.fr\/blog\/#website\",\"url\":\"https:\/\/dicodusport.fr\/blog\/\",\"name\":\"Dicodusport\",\"description\":\"L&#039;encyclop\u00e9die de l&#039;actualit\u00e9 sportive\",\"publisher\":{\"@id\":\"https:\/\/dicodusport.fr\/blog\/#organization\"},\"potentialAction\":[{\"@type\":\"SearchAction\",\"target\":{\"@type\":\"EntryPoint\",\"urlTemplate\":\"https:\/\/dicodusport.fr\/blog\/?s={search_term_string}\"},\"query-input\":{\"@type\":\"PropertyValueSpecification\",\"valueRequired\":true,\"valueName\":\"search_term_string\"}}],\"inLanguage\":\"fr-FR\"},{\"@type\":\"NewsMediaOrganization\",\"@id\":\"https:\/\/dicodusport.fr\/blog\/#organization\",\"name\":\"Dicodusport\",\"url\":\"https:\/\/dicodusport.fr\/blog\/\",\"logo\":{\"@type\":\"ImageObject\",\"inLanguage\":\"fr-FR\",\"@id\":\"https:\/\/dicodusport.fr\/blog\/#\/schema\/logo\/image\/\",\"url\":\"https:\/\/dicodusport.fr\/blog\/wp-content\/uploads\/2020\/06\/cropped-LOGO-DICODUSPORT-2020-SANS-FOND-SANS-TEXTE.png\",\"contentUrl\":\"https:\/\/dicodusport.fr\/blog\/wp-content\/uploads\/2020\/06\/cropped-LOGO-DICODUSPORT-2020-SANS-FOND-SANS-TEXTE.png\",\"width\":512,\"height\":512,\"caption\":\"Dicodusport\"},\"image\":{\"@id\":\"https:\/\/dicodusport.fr\/blog\/#\/schema\/logo\/image\/\"},\"sameAs\":[\"https:\/\/www.facebook.com\/dicodusport\",\"https:\/\/x.com\/dicodusport\",\"https:\/\/www.instagram.com\/dicodusport\/\",\"https:\/\/www.youtube.com\/channel\/UC7V2KZ5sd3htJivAbA4ZG3w\"],\"description\":\"Dicodusport est l'encyclop\u00e9die de l'actualit\u00e9 sportive.\",\"email\":\"bonjour@dicodusport.fr\",\"legalName\":\"DICODUSPORT\",\"foundingDate\":\"2018-01-14\",\"vatID\":\"FR71834470973\",\"taxID\":\"83447097300043\",\"numberOfEmployees\":{\"@type\":\"QuantitativeValue\",\"minValue\":\"1\",\"maxValue\":\"10\"}},{\"@type\":\"Person\",\"@id\":\"https:\/\/dicodusport.fr\/blog\/#\/schema\/person\/ff2feeb71ea78ad31eeb3390ffe96b46\",\"name\":\"Killian Tanguy\",\"image\":{\"@type\":\"ImageObject\",\"inLanguage\":\"fr-FR\",\"@id\":\"https:\/\/dicodusport.fr\/blog\/#\/schema\/person\/image\/\",\"url\":\"https:\/\/dicodusport.fr\/blog\/wp-content\/uploads\/2022\/12\/Killian-Tanguy-150x150.png\",\"contentUrl\":\"https:\/\/dicodusport.fr\/blog\/wp-content\/uploads\/2022\/12\/Killian-Tanguy-150x150.png\",\"caption\":\"Killian Tanguy\"},\"description\":\"Journaliste qui parle de tout et surtout de sport. Rugby, handball, sports d'hiver, football, cyclisme... Et ce que j'aime par-dessus tout : couvrir une discipline que je ne connais pas. Rien de mieux pour s'enrichir et apprendre.\",\"sameAs\":[\"https:\/\/killiantanguy.wixsite.com\/monsite\",\"https:\/\/www.facebook.com\/profile.php?id=100009753662352\",\"https:\/\/www.instagram.com\/sport.killiantanguy\/\",\"https:\/\/www.linkedin.com\/in\/killiantanguy\/\",\"https:\/\/x.com\/https:\/\/twitter.com\/sport_ktanguy\",\"https:\/\/www.youtube.com\/channel\/UCRfZkHKJL0wK7wvnJjCry-Q\"],\"url\":\"https:\/\/dicodusport.fr\/blog\/author\/killian-tanguy\/\"}]}<\/script>\n<!-- \/ Yoast SEO Premium plugin. -->","yoast_head_json":{"title":"Julien Muller (FF Squash) : \u00ab On a eu plus de sollicitations m\u00e9diatiques sur un mois que sur une ann\u00e9e \u00bb","description":"Interview de Julien Muller, pr\u00e9sident de la F\u00e9d\u00e9ration Fran\u00e7aise de Squash, sur les b\u00e9n\u00e9fices de l'ajout du squash aux JO en 2028.","robots":{"index":"index","follow":"follow","max-snippet":"max-snippet:-1","max-image-preview":"max-image-preview:large","max-video-preview":"max-video-preview:-1"},"canonical":"https:\/\/dicodusport.fr\/blog\/julien-muller-ff-squash-on-a-eu-plus-de-sollicitations-mediatiques-sur-un-mois-que-sur-une-annee\/","og_locale":"fr_FR","og_type":"article","og_title":"Julien Muller (FF Squash) : \u00ab On a eu plus de sollicitations m\u00e9diatiques sur un mois que sur une ann\u00e9e \u00bb","og_description":"Interview de Julien Muller, pr\u00e9sident de la F\u00e9d\u00e9ration Fran\u00e7aise de Squash, sur les b\u00e9n\u00e9fices de l'ajout du squash aux JO en 2028.","og_url":"https:\/\/dicodusport.fr\/blog\/julien-muller-ff-squash-on-a-eu-plus-de-sollicitations-mediatiques-sur-un-mois-que-sur-une-annee\/","og_site_name":"Dicodusport","article_publisher":"https:\/\/www.facebook.com\/dicodusport","article_author":"https:\/\/www.facebook.com\/profile.php?id=100009753662352","article_published_time":"2023-12-04T16:01:27+00:00","article_modified_time":"2023-12-06T06:56:21+00:00","og_image":[{"width":1200,"height":674,"url":"https:\/\/dicodusport.fr\/blog\/wp-content\/uploads\/2023\/11\/Julien-Muller-FF-Squash-On-a-eu-plus-de-sollicitations-mediatiques-sur-un-mois-que-sur-une-annee-.png","type":"image\/png"}],"author":"Killian Tanguy","twitter_card":"summary_large_image","twitter_title":"Julien Muller (FF Squash) : \u00ab On a eu plus de sollicitations m\u00e9diatiques sur un mois que sur une ann\u00e9e \u00bb","twitter_creator":"@https:\/\/twitter.com\/sport_ktanguy","twitter_site":"@dicodusport","schema":{"@context":"https:\/\/schema.org","@graph":[{"@type":"NewsArticle","@id":"https:\/\/dicodusport.fr\/blog\/julien-muller-ff-squash-on-a-eu-plus-de-sollicitations-mediatiques-sur-un-mois-que-sur-une-annee\/#article","isPartOf":{"@id":"https:\/\/dicodusport.fr\/blog\/julien-muller-ff-squash-on-a-eu-plus-de-sollicitations-mediatiques-sur-un-mois-que-sur-une-annee\/"},"author":{"name":"Killian Tanguy","@id":"https:\/\/dicodusport.fr\/blog\/#\/schema\/person\/ff2feeb71ea78ad31eeb3390ffe96b46"},"headline":"Julien Muller (FF Squash) : \u00ab On a eu plus de sollicitations m\u00e9diatiques sur un mois que sur une ann\u00e9e \u00bb","datePublished":"2023-12-04T16:01:27+00:00","dateModified":"2023-12-06T06:56:21+00:00","mainEntityOfPage":{"@id":"https:\/\/dicodusport.fr\/blog\/julien-muller-ff-squash-on-a-eu-plus-de-sollicitations-mediatiques-sur-un-mois-que-sur-une-annee\/"},"wordCount":663,"commentCount":0,"publisher":{"@id":"https:\/\/dicodusport.fr\/blog\/#organization"},"image":{"@id":"https:\/\/dicodusport.fr\/blog\/julien-muller-ff-squash-on-a-eu-plus-de-sollicitations-mediatiques-sur-un-mois-que-sur-une-annee\/#primaryimage"},"thumbnailUrl":"https:\/\/dicodusport.fr\/blog\/wp-content\/uploads\/2023\/11\/Julien-Muller-FF-Squash-On-a-eu-plus-de-sollicitations-mediatiques-sur-un-mois-que-sur-une-annee-.png","keywords":["br\u00e8ve","squash"],"articleSection":["Squash"],"inLanguage":"fr-FR","potentialAction":[{"@type":"CommentAction","name":"Comment","target":["https:\/\/dicodusport.fr\/blog\/julien-muller-ff-squash-on-a-eu-plus-de-sollicitations-mediatiques-sur-un-mois-que-sur-une-annee\/#respond"]}],"copyrightYear":"2023","copyrightHolder":{"@id":"https:\/\/dicodusport.fr\/blog\/#organization"}},{"@type":"WebPage","@id":"https:\/\/dicodusport.fr\/blog\/julien-muller-ff-squash-on-a-eu-plus-de-sollicitations-mediatiques-sur-un-mois-que-sur-une-annee\/","url":"https:\/\/dicodusport.fr\/blog\/julien-muller-ff-squash-on-a-eu-plus-de-sollicitations-mediatiques-sur-un-mois-que-sur-une-annee\/","name":"Julien Muller (FF Squash) : \u00ab On a eu plus de sollicitations m\u00e9diatiques sur un mois que sur une ann\u00e9e \u00bb","isPartOf":{"@id":"https:\/\/dicodusport.fr\/blog\/#website"},"primaryImageOfPage":{"@id":"https:\/\/dicodusport.fr\/blog\/julien-muller-ff-squash-on-a-eu-plus-de-sollicitations-mediatiques-sur-un-mois-que-sur-une-annee\/#primaryimage"},"image":{"@id":"https:\/\/dicodusport.fr\/blog\/julien-muller-ff-squash-on-a-eu-plus-de-sollicitations-mediatiques-sur-un-mois-que-sur-une-annee\/#primaryimage"},"thumbnailUrl":"https:\/\/dicodusport.fr\/blog\/wp-content\/uploads\/2023\/11\/Julien-Muller-FF-Squash-On-a-eu-plus-de-sollicitations-mediatiques-sur-un-mois-que-sur-une-annee-.png","datePublished":"2023-12-04T16:01:27+00:00","dateModified":"2023-12-06T06:56:21+00:00","description":"Interview de Julien Muller, pr\u00e9sident de la F\u00e9d\u00e9ration Fran\u00e7aise de Squash, sur les b\u00e9n\u00e9fices de l'ajout du squash aux JO en 2028.","breadcrumb":{"@id":"https:\/\/dicodusport.fr\/blog\/julien-muller-ff-squash-on-a-eu-plus-de-sollicitations-mediatiques-sur-un-mois-que-sur-une-annee\/#breadcrumb"},"inLanguage":"fr-FR","potentialAction":[{"@type":"ReadAction","target":["https:\/\/dicodusport.fr\/blog\/julien-muller-ff-squash-on-a-eu-plus-de-sollicitations-mediatiques-sur-un-mois-que-sur-une-annee\/"]}]},{"@type":"ImageObject","inLanguage":"fr-FR","@id":"https:\/\/dicodusport.fr\/blog\/julien-muller-ff-squash-on-a-eu-plus-de-sollicitations-mediatiques-sur-un-mois-que-sur-une-annee\/#primaryimage","url":"https:\/\/dicodusport.fr\/blog\/wp-content\/uploads\/2023\/11\/Julien-Muller-FF-Squash-On-a-eu-plus-de-sollicitations-mediatiques-sur-un-mois-que-sur-une-annee-.png","contentUrl":"https:\/\/dicodusport.fr\/blog\/wp-content\/uploads\/2023\/11\/Julien-Muller-FF-Squash-On-a-eu-plus-de-sollicitations-mediatiques-sur-un-mois-que-sur-une-annee-.png","width":1200,"height":674,"caption":"Julien Muller (FF Squash) \u00ab On a eu plus de sollicitations m\u00e9diatiques sur un mois que sur une ann\u00e9e \u00bb"},{"@type":"BreadcrumbList","@id":"https:\/\/dicodusport.fr\/blog\/julien-muller-ff-squash-on-a-eu-plus-de-sollicitations-mediatiques-sur-un-mois-que-sur-une-annee\/#breadcrumb","itemListElement":[{"@type":"ListItem","position":1,"name":"Accueil","item":"https:\/\/dicodusport.fr\/blog\/"},{"@type":"ListItem","position":2,"name":"Julien Muller (FF Squash) : \u00ab On a eu plus de sollicitations m\u00e9diatiques sur un mois que sur une ann\u00e9e \u00bb"}]},{"@type":"WebSite","@id":"https:\/\/dicodusport.fr\/blog\/#website","url":"https:\/\/dicodusport.fr\/blog\/","name":"Dicodusport","description":"L&#039;encyclop\u00e9die de l&#039;actualit\u00e9 sportive","publisher":{"@id":"https:\/\/dicodusport.fr\/blog\/#organization"},"potentialAction":[{"@type":"SearchAction","target":{"@type":"EntryPoint","urlTemplate":"https:\/\/dicodusport.fr\/blog\/?s={search_term_string}"},"query-input":{"@type":"PropertyValueSpecification","valueRequired":true,"valueName":"search_term_string"}}],"inLanguage":"fr-FR"},{"@type":"NewsMediaOrganization","@id":"https:\/\/dicodusport.fr\/blog\/#organization","name":"Dicodusport","url":"https:\/\/dicodusport.fr\/blog\/","logo":{"@type":"ImageObject","inLanguage":"fr-FR","@id":"https:\/\/dicodusport.fr\/blog\/#\/schema\/logo\/image\/","url":"https:\/\/dicodusport.fr\/blog\/wp-content\/uploads\/2020\/06\/cropped-LOGO-DICODUSPORT-2020-SANS-FOND-SANS-TEXTE.png","contentUrl":"https:\/\/dicodusport.fr\/blog\/wp-content\/uploads\/2020\/06\/cropped-LOGO-DICODUSPORT-2020-SANS-FOND-SANS-TEXTE.png","width":512,"height":512,"caption":"Dicodusport"},"image":{"@id":"https:\/\/dicodusport.fr\/blog\/#\/schema\/logo\/image\/"},"sameAs":["https:\/\/www.facebook.com\/dicodusport","https:\/\/x.com\/dicodusport","https:\/\/www.instagram.com\/dicodusport\/","https:\/\/www.youtube.com\/channel\/UC7V2KZ5sd3htJivAbA4ZG3w"],"description":"Dicodusport est l'encyclop\u00e9die de l'actualit\u00e9 sportive.","email":"bonjour@dicodusport.fr","legalName":"DICODUSPORT","foundingDate":"2018-01-14","vatID":"FR71834470973","taxID":"83447097300043","numberOfEmployees":{"@type":"QuantitativeValue","minValue":"1","maxValue":"10"}},{"@type":"Person","@id":"https:\/\/dicodusport.fr\/blog\/#\/schema\/person\/ff2feeb71ea78ad31eeb3390ffe96b46","name":"Killian Tanguy","image":{"@type":"ImageObject","inLanguage":"fr-FR","@id":"https:\/\/dicodusport.fr\/blog\/#\/schema\/person\/image\/","url":"https:\/\/dicodusport.fr\/blog\/wp-content\/uploads\/2022\/12\/Killian-Tanguy-150x150.png","contentUrl":"https:\/\/dicodusport.fr\/blog\/wp-content\/uploads\/2022\/12\/Killian-Tanguy-150x150.png","caption":"Killian Tanguy"},"description":"Journaliste qui parle de tout et surtout de sport. Rugby, handball, sports d'hiver, football, cyclisme... Et ce que j'aime par-dessus tout : couvrir une discipline que je ne connais pas. Rien de mieux pour s'enrichir et apprendre.","sameAs":["https:\/\/killiantanguy.wixsite.com\/monsite","https:\/\/www.facebook.com\/profile.php?id=100009753662352","https:\/\/www.instagram.com\/sport.killiantanguy\/","https:\/\/www.linkedin.com\/in\/killiantanguy\/","https:\/\/x.com\/https:\/\/twitter.com\/sport_ktanguy","https:\/\/www.youtube.com\/channel\/UCRfZkHKJL0wK7wvnJjCry-Q"],"url":"https:\/\/dicodusport.fr\/blog\/author\/killian-tanguy\/"}]}},"_links":{"self":[{"href":"https:\/\/dicodusport.fr\/blog\/wp-json\/wp\/v2\/posts\/440442","targetHints":{"allow":["GET"]}}],"collection":[{"href":"https:\/\/dicodusport.fr\/blog\/wp-json\/wp\/v2\/posts"}],"about":[{"href":"https:\/\/dicodusport.fr\/blog\/wp-json\/wp\/v2\/types\/post"}],"author":[{"embeddable":true,"href":"https:\/\/dicodusport.fr\/blog\/wp-json\/wp\/v2\/users\/80"}],"replies":[{"embeddable":true,"href":"https:\/\/dicodusport.fr\/blog\/wp-json\/wp\/v2\/comments?post=440442"}],"version-history":[{"count":5,"href":"https:\/\/dicodusport.fr\/blog\/wp-json\/wp\/v2\/posts\/440442\/revisions"}],"predecessor-version":[{"id":442868,"href":"https:\/\/dicodusport.fr\/blog\/wp-json\/wp\/v2\/posts\/440442\/revisions\/442868"}],"wp:featuredmedia":[{"embeddable":true,"href":"https:\/\/dicodusport.fr\/blog\/wp-json\/wp\/v2\/media\/442658"}],"wp:attachment":[{"href":"https:\/\/dicodusport.fr\/blog\/wp-json\/wp\/v2\/media?parent=440442"}],"wp:term":[{"taxonomy":"category","embeddable":true,"href":"https:\/\/dicodusport.fr\/blog\/wp-json\/wp\/v2\/categories?post=440442"},{"taxonomy":"post_tag","embeddable":true,"href":"https:\/\/dicodusport.fr\/blog\/wp-json\/wp\/v2\/tags?post=440442"}],"curies":[{"name":"wp","href":"https:\/\/api.w.org\/{rel}","templated":true}]}}