{"id":440448,"date":"2023-11-26T19:59:44","date_gmt":"2023-11-26T18:59:44","guid":{"rendered":"https:\/\/dicodusport.fr\/blog\/?p=440448&#038;preview=true&#038;preview_id=440448"},"modified":"2023-11-26T22:58:48","modified_gmt":"2023-11-26T21:58:48","slug":"slalom-de-killington-mikaela-shiffrin-simpose-en-patronne","status":"publish","type":"post","link":"https:\/\/dicodusport.fr\/blog\/slalom-de-killington-mikaela-shiffrin-simpose-en-patronne\/","title":{"rendered":"Slalom de Killington : Mikaela Shiffrin s&rsquo;impose en patronne"},"content":{"rendered":"<p style=\"text-align: justify;\"><em><strong>COUPE DU MONDE DE SKI ALPIN 2023-2024 &#8211; Apr\u00e8s sa victoire sur le second slalom de Levi, la semaine derni\u00e8re, Mikaela Shiffrin s&rsquo;est impos\u00e9e devant son public pour la sixi\u00e8me fois dans le Vermont, devant sa rivale Petra Vlhova, et la laur\u00e9ate de l&rsquo;an dernier, Wendy Holdener. L&rsquo;Am\u00e9ricaine a sign\u00e9 sa 90\u00e8me victoire en Coupe du monde.\u00a0<\/strong><\/em><\/p>\n<ul style=\"text-align: justify;\">\n<li style=\"text-align: justify;\"><strong>\u00c0 lire aussi &#8211; <a href=\"https:\/\/dicodusport.fr\/blog\/classement-slalom-femmes-killington-2023\/\">Le classement du slalom de Killington<\/a><\/strong><\/li>\n<\/ul>\n<h2 style=\"text-align: justify;\">Quatre femmes en une demi-seconde<\/h2>\n<p style=\"text-align: justify;\">Apr\u00e8s un bon d\u00e9but de parcours, <strong>Mikaela Shiffrin<\/strong> est pass\u00e9e en retard \u00e0 la mi-course, mais a fini en trombe sur le mur pour r\u00e9aliser le meilleur temps de la premi\u00e8re manche en 48.27. <strong>Lena Duerr<\/strong> a pris la deuxi\u00e8me place avec le dossard 1, sans commettre la moindre erreur, \u00e0 seulement 19 centi\u00e8mes. Puis, <strong>Petra Vlhova<\/strong> a r\u00e9alis\u00e9 le troisi\u00e8me chrono \u00e0 28 centi\u00e8mes, en \u00e9tant moins performante dans le dernier secteur. <strong>Wendy Holdener<\/strong> a \u00e9t\u00e9 performante dans la premi\u00e8re partie du trac\u00e9 pour faire le 4e temps \u00e0 37 centi\u00e8mes, devant <strong>Leona Popovic<\/strong>, 5e \u00e0 49 centi\u00e8mes, en ayant le meilleur temps sur le haut du parcours.<\/p>\n<p style=\"text-align: justify;\">Cinq Fran\u00e7aises \u00e9taient au d\u00e9part de ce slalom. <strong>Marion Chevrier<\/strong> a \u00e9t\u00e9 chercher la qualification avec le dossard 59 avec un superbe mur pour son troisi\u00e8me d\u00e9part en Coupe du monde avec le 30e temps \u00e0 2:66. Malheureusement, <strong>Marie Lamure<\/strong> a rat\u00e9 sa manche en c\u00e9dant 4.23 (47e temps), <strong>Chiara Pogneaux<\/strong> n&rsquo;a pas confirm\u00e9 ses r\u00e9sultats \u00e0 Levi en terminant loin, \u00e0 3.75 (44e), malgr\u00e9 un d\u00e9but de course plut\u00f4t correct, <strong>Doriane Escan\u00e9<\/strong> a fini 4.49 (50e) et <strong>Clarisse Br\u00e8che<\/strong> \u00e0 3.04 (36e). Pour conclure, douzi\u00e8me hier lors du g\u00e9ant, <strong>Lara Coltuni<\/strong> a fini tr\u00e8s fort pour chercher la qualification avec le dossard 57 \u00e0 2:35.<\/p>\n<blockquote class=\"twitter-tweet\">\n<p dir=\"ltr\" lang=\"fr\">\u00c0 la maison, la queen Mikaela Shiffrin \ud83d\udc10 prend les commandes du slalom <a href=\"https:\/\/twitter.com\/hashtag\/ChaletClub?src=hash&amp;ref_src=twsrc%5Etfw\">#ChaletClub<\/a><\/p>\n<p>Le direct : <a href=\"https:\/\/t.co\/LoUaeszJbS\">https:\/\/t.co\/LoUaeszJbS<\/a> <a href=\"https:\/\/t.co\/2a0L6YmPa4\">pic.twitter.com\/2a0L6YmPa4<\/a><\/p>\n<p>\u2014 Eurosport France (@Eurosport_FR) <a href=\"https:\/\/twitter.com\/Eurosport_FR\/status\/1728797996299542937?ref_src=twsrc%5Etfw\">November 26, 2023<\/a><\/p><\/blockquote>\n<p><script async src=\"https:\/\/platform.twitter.com\/widgets.js\" charset=\"utf-8\"><\/script><\/p>\n<ul style=\"text-align: justify;\">\n<li style=\"text-align: justify;\"><strong>\u00c0 lire aussi &#8211; <a href=\"https:\/\/dicodusport.fr\/blog\/coupe-du-monde-de-ski-alpin-classement-general-femmes\/\">Coupe du monde de ski alpin \u2013 Classement g\u00e9n\u00e9ral femmes<\/a><\/strong><\/li>\n<li style=\"text-align: justify;\"><strong>\u00c0 lire aussi \u2013\u00a0<a href=\"https:\/\/dicodusport.fr\/blog\/calendrier-et-resultats-ski-alpin-coupe-du-monde-femmes-2023-2024\/\">Calendrier et r\u00e9sultats de la Coupe du monde de ski alpin 2023-2024<\/a><\/strong><\/li>\n<\/ul>\n<h2 style=\"text-align: justify;\">Mikaela Shiffrin vs Petra Vlhova, \u00e9pisode 3<\/h2>\n<p style=\"text-align: justify;\"><strong>Mikaela Shiffrin<\/strong> a \u00e9t\u00e9 encore une fois impressionnante sur une seconde manche plus tournante avec des piquets plus serr\u00e9s. Malgr\u00e9 un d\u00e9but de course en retenue, elle a su se l\u00e2cher pour glaner un deuxi\u00e8me succ\u00e8s cette saison avec un temps de 1.42:02. <strong>Petra Vlhova<\/strong> a laiss\u00e9 parler sa puissance, mais a d\u00fb s&rsquo;incliner de 33 secondes face \u00e0 l&rsquo;Am\u00e9ricaine, plus \u00e0 l&rsquo;aise sur le bas du trac\u00e9. Les deux premi\u00e8res ont r\u00e9alis\u00e9 les deux meilleurs temps de la seconde manche.<\/p>\n<p style=\"text-align: justify;\"><strong>Wendy Holdener<\/strong> a r\u00e9gl\u00e9 ses probl\u00e8mes de dos en se faisant peur avec un d\u00e9s\u00e9quilibre d\u00e8s la premi\u00e8re porte pour monter sur son premier podium de l&rsquo;hiver \u00e0 la troisi\u00e8me place \u00e0 1.37 devant <strong>Lena Duerr<\/strong>, quatri\u00e8me \u00e0 1.56. Ensuite, <strong>Maria Rossetti<\/strong> a profit\u00e9 d&rsquo;un trac\u00e9 dessin\u00e9 par son coach pour entrer dans son premier top 5 avec le troisi\u00e8me meilleur chrono de la manche. Elle a confirm\u00e9 sa premi\u00e8re manche magnifique avec son dossard 32, qu&rsquo;elle avait conclu \u00e0 la 13e place.<\/p>\n<blockquote class=\"twitter-tweet\">\n<p dir=\"ltr\" lang=\"fr\">\ud835\udddc\ud835\udde0\ud835\udde0\ud835\uddd8\ud835\udde1\ud835\udde6\ud835\uddd8 \ud835\udde0\ud835\udddc\ud835\uddde\ud835\uddd4\ud835\uddd8\ud835\udddf\ud835\uddd4 \ud835\udde6\ud835\udddb\ud835\udddc\ud835\uddd9\ud835\uddd9\ud835\udde5\ud835\udddc\ud835\udde1. \u00c0 domicile, l&rsquo;Am\u00e9ricaine remporte le slalom et d\u00e9croche un 90e succ\u00e8s en Coupe du monde, avec les f\u00e9licitations de Petra Vlhova \ud83e\udef6 <a href=\"https:\/\/twitter.com\/hashtag\/ChaletClub?src=hash&amp;ref_src=twsrc%5Etfw\">#ChaletClub<\/a> <a href=\"https:\/\/t.co\/EenzqBBkb2\">pic.twitter.com\/EenzqBBkb2<\/a><\/p>\n<p>\u2014 Eurosport France (@Eurosport_FR) <a href=\"https:\/\/twitter.com\/Eurosport_FR\/status\/1728850541747355649?ref_src=twsrc%5Etfw\">November 26, 2023<\/a><\/p><\/blockquote>\n<p><script async src=\"https:\/\/platform.twitter.com\/widgets.js\" charset=\"utf-8\"><\/script><\/p>\n<p style=\"text-align: justify;\">Finalement, <strong>Marion Chevrier<\/strong> a r\u00e9alis\u00e9 une deuxi\u00e8me manche propre pour remonter au 23e rang \u00e0 3.21 pour ses premiers points en Coupe du monde, \u00e0 22 ans. Pour rappel, l&rsquo;an dernier, elle avait marqu\u00e9 des points en Coupe d&rsquo;Europe dans toutes les disciplines. Enfin, la jeune <strong>Lara Coltuni<\/strong> a connu plus de difficult\u00e9s sur cette seconde manche pour finir \u00e0 la 25e place.<\/p>\n","protected":false},"excerpt":{"rendered":"<p>COUPE DU MONDE DE SKI ALPIN 2023-2024 &#8211; Apr\u00e8s sa victoire sur le second slalom de Levi, la semaine derni\u00e8re, Mikaela Shiffrin s&rsquo;est impos\u00e9e devant son public pour la sixi\u00e8me fois dans le Vermont, devant sa rivale Petra Vlhova, et la laur\u00e9ate de l&rsquo;an dernier, Wendy Holdener.<\/p>\n","protected":false},"author":48,"featured_media":440472,"comment_status":"open","ping_status":"closed","sticky":false,"template":"","format":"standard","meta":{"_acf_changed":false,"_daextam_enable_autolinks":"1","footnotes":""},"categories":[47084],"tags":[16878,12586,2233,3007],"class_list":["post-440448","post","type-post","status-publish","format-standard","has-post-thumbnail","hentry","category-coupe-du-monde-ski-alpin","tag-breve","tag-coupe-du-monde-de-ski-alpin","tag-ski-alpin","tag-slalom"],"acf":[],"yoast_head":"<!-- This site is optimized with the Yoast SEO Premium plugin v26.7 (Yoast SEO v26.7) - https:\/\/yoast.com\/wordpress\/plugins\/seo\/ -->\n<title>Slalom de Killington : Mikaela Shiffrin s&#039;impose en patronne<\/title>\n<meta name=\"description\" content=\"COUPE DU MONDE DE SKI ALPIN 2023-2024 - Mikaela Shiffrin s&#039;est impos\u00e9e devant son public pour la sixi\u00e8me fois dans le Vermont, devant sa rivale Petra Vlhova.\" \/>\n<meta name=\"robots\" content=\"index, follow, max-snippet:-1, max-image-preview:large, max-video-preview:-1\" \/>\n<link rel=\"canonical\" href=\"https:\/\/dicodusport.fr\/blog\/slalom-de-killington-mikaela-shiffrin-simpose-en-patronne\/\" \/>\n<meta property=\"og:locale\" content=\"fr_FR\" \/>\n<meta property=\"og:type\" content=\"article\" \/>\n<meta property=\"og:title\" content=\"Slalom de Killington : Mikaela Shiffrin s&#039;impose en patronne\" \/>\n<meta property=\"og:description\" content=\"COUPE DU MONDE DE SKI ALPIN 2023-2024 - Mikaela Shiffrin s&#039;est impos\u00e9e devant son public pour la sixi\u00e8me fois dans le Vermont, devant sa rivale Petra Vlhova.\" \/>\n<meta property=\"og:url\" content=\"https:\/\/dicodusport.fr\/blog\/slalom-de-killington-mikaela-shiffrin-simpose-en-patronne\/\" \/>\n<meta property=\"og:site_name\" content=\"Dicodusport\" \/>\n<meta property=\"article:publisher\" content=\"https:\/\/www.facebook.com\/dicodusport\" \/>\n<meta property=\"article:author\" content=\"https:\/\/www.facebook.com\/groups\/LesRoisDuPeloton\" \/>\n<meta property=\"article:published_time\" content=\"2023-11-26T18:59:44+00:00\" \/>\n<meta property=\"article:modified_time\" content=\"2023-11-26T21:58:48+00:00\" \/>\n<meta property=\"og:image\" content=\"https:\/\/dicodusport.fr\/blog\/wp-content\/uploads\/2023\/11\/Slalom-de-Killington-Mikaela-Shiffrin-simpose-en-patronne.png\" \/>\n\t<meta property=\"og:image:width\" content=\"800\" \/>\n\t<meta property=\"og:image:height\" content=\"445\" \/>\n\t<meta property=\"og:image:type\" content=\"image\/png\" \/>\n<meta name=\"author\" content=\"Emilien Descampiaux\" \/>\n<meta name=\"twitter:card\" content=\"summary_large_image\" \/>\n<meta name=\"twitter:title\" content=\"Slalom de Killington : Mikaela Shiffrin s&#039;impose en patronne\" \/>\n<meta name=\"twitter:creator\" content=\"@https:\/\/twitter.com\/LRoisDuPeloton\" \/>\n<meta name=\"twitter:site\" content=\"@dicodusport\" \/>\n<script type=\"application\/ld+json\" class=\"yoast-schema-graph\">{\"@context\":\"https:\/\/schema.org\",\"@graph\":[{\"@type\":\"NewsArticle\",\"@id\":\"https:\/\/dicodusport.fr\/blog\/slalom-de-killington-mikaela-shiffrin-simpose-en-patronne\/#article\",\"isPartOf\":{\"@id\":\"https:\/\/dicodusport.fr\/blog\/slalom-de-killington-mikaela-shiffrin-simpose-en-patronne\/\"},\"author\":{\"name\":\"Emilien Descampiaux\",\"@id\":\"https:\/\/dicodusport.fr\/blog\/#\/schema\/person\/6db4bae06b171592211be385b32876a7\"},\"headline\":\"Slalom de Killington : Mikaela Shiffrin s&rsquo;impose en patronne\",\"datePublished\":\"2023-11-26T18:59:44+00:00\",\"dateModified\":\"2023-11-26T21:58:48+00:00\",\"mainEntityOfPage\":{\"@id\":\"https:\/\/dicodusport.fr\/blog\/slalom-de-killington-mikaela-shiffrin-simpose-en-patronne\/\"},\"wordCount\":644,\"commentCount\":0,\"publisher\":{\"@id\":\"https:\/\/dicodusport.fr\/blog\/#organization\"},\"image\":{\"@id\":\"https:\/\/dicodusport.fr\/blog\/slalom-de-killington-mikaela-shiffrin-simpose-en-patronne\/#primaryimage\"},\"thumbnailUrl\":\"https:\/\/dicodusport.fr\/blog\/wp-content\/uploads\/2023\/11\/Slalom-de-Killington-Mikaela-Shiffrin-simpose-en-patronne.png\",\"keywords\":[\"br\u00e8ve\",\"Coupe du monde de ski alpin\",\"Ski alpin\",\"slalom\"],\"articleSection\":[\"Coupe du monde de ski alpin\"],\"inLanguage\":\"fr-FR\",\"potentialAction\":[{\"@type\":\"CommentAction\",\"name\":\"Comment\",\"target\":[\"https:\/\/dicodusport.fr\/blog\/slalom-de-killington-mikaela-shiffrin-simpose-en-patronne\/#respond\"]}],\"copyrightYear\":\"2023\",\"copyrightHolder\":{\"@id\":\"https:\/\/dicodusport.fr\/blog\/#organization\"}},{\"@type\":\"WebPage\",\"@id\":\"https:\/\/dicodusport.fr\/blog\/slalom-de-killington-mikaela-shiffrin-simpose-en-patronne\/\",\"url\":\"https:\/\/dicodusport.fr\/blog\/slalom-de-killington-mikaela-shiffrin-simpose-en-patronne\/\",\"name\":\"Slalom de Killington : Mikaela Shiffrin s'impose en patronne\",\"isPartOf\":{\"@id\":\"https:\/\/dicodusport.fr\/blog\/#website\"},\"primaryImageOfPage\":{\"@id\":\"https:\/\/dicodusport.fr\/blog\/slalom-de-killington-mikaela-shiffrin-simpose-en-patronne\/#primaryimage\"},\"image\":{\"@id\":\"https:\/\/dicodusport.fr\/blog\/slalom-de-killington-mikaela-shiffrin-simpose-en-patronne\/#primaryimage\"},\"thumbnailUrl\":\"https:\/\/dicodusport.fr\/blog\/wp-content\/uploads\/2023\/11\/Slalom-de-Killington-Mikaela-Shiffrin-simpose-en-patronne.png\",\"datePublished\":\"2023-11-26T18:59:44+00:00\",\"dateModified\":\"2023-11-26T21:58:48+00:00\",\"description\":\"COUPE DU MONDE DE SKI ALPIN 2023-2024 - Mikaela Shiffrin s'est impos\u00e9e devant son public pour la sixi\u00e8me fois dans le Vermont, devant sa rivale Petra Vlhova.\",\"breadcrumb\":{\"@id\":\"https:\/\/dicodusport.fr\/blog\/slalom-de-killington-mikaela-shiffrin-simpose-en-patronne\/#breadcrumb\"},\"inLanguage\":\"fr-FR\",\"potentialAction\":[{\"@type\":\"ReadAction\",\"target\":[\"https:\/\/dicodusport.fr\/blog\/slalom-de-killington-mikaela-shiffrin-simpose-en-patronne\/\"]}]},{\"@type\":\"ImageObject\",\"inLanguage\":\"fr-FR\",\"@id\":\"https:\/\/dicodusport.fr\/blog\/slalom-de-killington-mikaela-shiffrin-simpose-en-patronne\/#primaryimage\",\"url\":\"https:\/\/dicodusport.fr\/blog\/wp-content\/uploads\/2023\/11\/Slalom-de-Killington-Mikaela-Shiffrin-simpose-en-patronne.png\",\"contentUrl\":\"https:\/\/dicodusport.fr\/blog\/wp-content\/uploads\/2023\/11\/Slalom-de-Killington-Mikaela-Shiffrin-simpose-en-patronne.png\",\"width\":800,\"height\":445,\"caption\":\"Slalom de Killington Mikaela Shiffrin s'impose en patronne\"},{\"@type\":\"BreadcrumbList\",\"@id\":\"https:\/\/dicodusport.fr\/blog\/slalom-de-killington-mikaela-shiffrin-simpose-en-patronne\/#breadcrumb\",\"itemListElement\":[{\"@type\":\"ListItem\",\"position\":1,\"name\":\"Accueil\",\"item\":\"https:\/\/dicodusport.fr\/blog\/\"},{\"@type\":\"ListItem\",\"position\":2,\"name\":\"Slalom de Killington : Mikaela Shiffrin s&rsquo;impose en patronne\"}]},{\"@type\":\"WebSite\",\"@id\":\"https:\/\/dicodusport.fr\/blog\/#website\",\"url\":\"https:\/\/dicodusport.fr\/blog\/\",\"name\":\"Dicodusport\",\"description\":\"L&#039;encyclop\u00e9die de l&#039;actualit\u00e9 sportive\",\"publisher\":{\"@id\":\"https:\/\/dicodusport.fr\/blog\/#organization\"},\"potentialAction\":[{\"@type\":\"SearchAction\",\"target\":{\"@type\":\"EntryPoint\",\"urlTemplate\":\"https:\/\/dicodusport.fr\/blog\/?s={search_term_string}\"},\"query-input\":{\"@type\":\"PropertyValueSpecification\",\"valueRequired\":true,\"valueName\":\"search_term_string\"}}],\"inLanguage\":\"fr-FR\"},{\"@type\":\"NewsMediaOrganization\",\"@id\":\"https:\/\/dicodusport.fr\/blog\/#organization\",\"name\":\"Dicodusport\",\"url\":\"https:\/\/dicodusport.fr\/blog\/\",\"logo\":{\"@type\":\"ImageObject\",\"inLanguage\":\"fr-FR\",\"@id\":\"https:\/\/dicodusport.fr\/blog\/#\/schema\/logo\/image\/\",\"url\":\"https:\/\/dicodusport.fr\/blog\/wp-content\/uploads\/2020\/06\/cropped-LOGO-DICODUSPORT-2020-SANS-FOND-SANS-TEXTE.png\",\"contentUrl\":\"https:\/\/dicodusport.fr\/blog\/wp-content\/uploads\/2020\/06\/cropped-LOGO-DICODUSPORT-2020-SANS-FOND-SANS-TEXTE.png\",\"width\":512,\"height\":512,\"caption\":\"Dicodusport\"},\"image\":{\"@id\":\"https:\/\/dicodusport.fr\/blog\/#\/schema\/logo\/image\/\"},\"sameAs\":[\"https:\/\/www.facebook.com\/dicodusport\",\"https:\/\/x.com\/dicodusport\",\"https:\/\/www.instagram.com\/dicodusport\/\",\"https:\/\/www.youtube.com\/channel\/UC7V2KZ5sd3htJivAbA4ZG3w\"],\"description\":\"Dicodusport est l'encyclop\u00e9die de l'actualit\u00e9 sportive.\",\"email\":\"bonjour@dicodusport.fr\",\"legalName\":\"DICODUSPORT\",\"foundingDate\":\"2018-01-14\",\"vatID\":\"FR71834470973\",\"taxID\":\"83447097300043\",\"numberOfEmployees\":{\"@type\":\"QuantitativeValue\",\"minValue\":\"1\",\"maxValue\":\"10\"}},{\"@type\":\"Person\",\"@id\":\"https:\/\/dicodusport.fr\/blog\/#\/schema\/person\/6db4bae06b171592211be385b32876a7\",\"name\":\"Emilien Descampiaux\",\"image\":{\"@type\":\"ImageObject\",\"inLanguage\":\"fr-FR\",\"@id\":\"https:\/\/dicodusport.fr\/blog\/#\/schema\/person\/image\/\",\"url\":\"https:\/\/dicodusport.fr\/blog\/wp-content\/uploads\/2021\/05\/Emilien-Descampiaux-150x150.jpg\",\"contentUrl\":\"https:\/\/dicodusport.fr\/blog\/wp-content\/uploads\/2021\/05\/Emilien-Descampiaux-150x150.jpg\",\"caption\":\"Emilien Descampiaux\"},\"description\":\"Journaliste\/r\u00e9dacteur depuis 2014 - Fan de la classe de Frank Vandenbroucke, je vis cyclisme (et de ses paysages) depuis plus de 20 ans. Je suis tr\u00e8s impliqu\u00e9 sur mes diff\u00e9rents r\u00e9seaux sociaux pour partager ma passion sur le monde et l'Histoire de la bicyclette avec ma voix sur les images en noir et blanc du succ\u00e8s de Rik Van Steenbergen lors du Ronde sur le V\u00e9lodrome de Gand.\",\"sameAs\":[\"https:\/\/www.facebook.com\/groups\/LesRoisDuPeloton\",\"https:\/\/x.com\/https:\/\/twitter.com\/LRoisDuPeloton\"],\"url\":\"https:\/\/dicodusport.fr\/blog\/author\/emiliend\/\"}]}<\/script>\n<!-- \/ Yoast SEO Premium plugin. -->","yoast_head_json":{"title":"Slalom de Killington : Mikaela Shiffrin s'impose en patronne","description":"COUPE DU MONDE DE SKI ALPIN 2023-2024 - Mikaela Shiffrin s'est impos\u00e9e devant son public pour la sixi\u00e8me fois dans le Vermont, devant sa rivale Petra Vlhova.","robots":{"index":"index","follow":"follow","max-snippet":"max-snippet:-1","max-image-preview":"max-image-preview:large","max-video-preview":"max-video-preview:-1"},"canonical":"https:\/\/dicodusport.fr\/blog\/slalom-de-killington-mikaela-shiffrin-simpose-en-patronne\/","og_locale":"fr_FR","og_type":"article","og_title":"Slalom de Killington : Mikaela Shiffrin s'impose en patronne","og_description":"COUPE DU MONDE DE SKI ALPIN 2023-2024 - Mikaela Shiffrin s'est impos\u00e9e devant son public pour la sixi\u00e8me fois dans le Vermont, devant sa rivale Petra Vlhova.","og_url":"https:\/\/dicodusport.fr\/blog\/slalom-de-killington-mikaela-shiffrin-simpose-en-patronne\/","og_site_name":"Dicodusport","article_publisher":"https:\/\/www.facebook.com\/dicodusport","article_author":"https:\/\/www.facebook.com\/groups\/LesRoisDuPeloton","article_published_time":"2023-11-26T18:59:44+00:00","article_modified_time":"2023-11-26T21:58:48+00:00","og_image":[{"width":800,"height":445,"url":"https:\/\/dicodusport.fr\/blog\/wp-content\/uploads\/2023\/11\/Slalom-de-Killington-Mikaela-Shiffrin-simpose-en-patronne.png","type":"image\/png"}],"author":"Emilien Descampiaux","twitter_card":"summary_large_image","twitter_title":"Slalom de Killington : Mikaela Shiffrin s'impose en patronne","twitter_creator":"@https:\/\/twitter.com\/LRoisDuPeloton","twitter_site":"@dicodusport","schema":{"@context":"https:\/\/schema.org","@graph":[{"@type":"NewsArticle","@id":"https:\/\/dicodusport.fr\/blog\/slalom-de-killington-mikaela-shiffrin-simpose-en-patronne\/#article","isPartOf":{"@id":"https:\/\/dicodusport.fr\/blog\/slalom-de-killington-mikaela-shiffrin-simpose-en-patronne\/"},"author":{"name":"Emilien Descampiaux","@id":"https:\/\/dicodusport.fr\/blog\/#\/schema\/person\/6db4bae06b171592211be385b32876a7"},"headline":"Slalom de Killington : Mikaela Shiffrin s&rsquo;impose en patronne","datePublished":"2023-11-26T18:59:44+00:00","dateModified":"2023-11-26T21:58:48+00:00","mainEntityOfPage":{"@id":"https:\/\/dicodusport.fr\/blog\/slalom-de-killington-mikaela-shiffrin-simpose-en-patronne\/"},"wordCount":644,"commentCount":0,"publisher":{"@id":"https:\/\/dicodusport.fr\/blog\/#organization"},"image":{"@id":"https:\/\/dicodusport.fr\/blog\/slalom-de-killington-mikaela-shiffrin-simpose-en-patronne\/#primaryimage"},"thumbnailUrl":"https:\/\/dicodusport.fr\/blog\/wp-content\/uploads\/2023\/11\/Slalom-de-Killington-Mikaela-Shiffrin-simpose-en-patronne.png","keywords":["br\u00e8ve","Coupe du monde de ski alpin","Ski alpin","slalom"],"articleSection":["Coupe du monde de ski alpin"],"inLanguage":"fr-FR","potentialAction":[{"@type":"CommentAction","name":"Comment","target":["https:\/\/dicodusport.fr\/blog\/slalom-de-killington-mikaela-shiffrin-simpose-en-patronne\/#respond"]}],"copyrightYear":"2023","copyrightHolder":{"@id":"https:\/\/dicodusport.fr\/blog\/#organization"}},{"@type":"WebPage","@id":"https:\/\/dicodusport.fr\/blog\/slalom-de-killington-mikaela-shiffrin-simpose-en-patronne\/","url":"https:\/\/dicodusport.fr\/blog\/slalom-de-killington-mikaela-shiffrin-simpose-en-patronne\/","name":"Slalom de Killington : Mikaela Shiffrin s'impose en patronne","isPartOf":{"@id":"https:\/\/dicodusport.fr\/blog\/#website"},"primaryImageOfPage":{"@id":"https:\/\/dicodusport.fr\/blog\/slalom-de-killington-mikaela-shiffrin-simpose-en-patronne\/#primaryimage"},"image":{"@id":"https:\/\/dicodusport.fr\/blog\/slalom-de-killington-mikaela-shiffrin-simpose-en-patronne\/#primaryimage"},"thumbnailUrl":"https:\/\/dicodusport.fr\/blog\/wp-content\/uploads\/2023\/11\/Slalom-de-Killington-Mikaela-Shiffrin-simpose-en-patronne.png","datePublished":"2023-11-26T18:59:44+00:00","dateModified":"2023-11-26T21:58:48+00:00","description":"COUPE DU MONDE DE SKI ALPIN 2023-2024 - Mikaela Shiffrin s'est impos\u00e9e devant son public pour la sixi\u00e8me fois dans le Vermont, devant sa rivale Petra Vlhova.","breadcrumb":{"@id":"https:\/\/dicodusport.fr\/blog\/slalom-de-killington-mikaela-shiffrin-simpose-en-patronne\/#breadcrumb"},"inLanguage":"fr-FR","potentialAction":[{"@type":"ReadAction","target":["https:\/\/dicodusport.fr\/blog\/slalom-de-killington-mikaela-shiffrin-simpose-en-patronne\/"]}]},{"@type":"ImageObject","inLanguage":"fr-FR","@id":"https:\/\/dicodusport.fr\/blog\/slalom-de-killington-mikaela-shiffrin-simpose-en-patronne\/#primaryimage","url":"https:\/\/dicodusport.fr\/blog\/wp-content\/uploads\/2023\/11\/Slalom-de-Killington-Mikaela-Shiffrin-simpose-en-patronne.png","contentUrl":"https:\/\/dicodusport.fr\/blog\/wp-content\/uploads\/2023\/11\/Slalom-de-Killington-Mikaela-Shiffrin-simpose-en-patronne.png","width":800,"height":445,"caption":"Slalom de Killington Mikaela Shiffrin s'impose en patronne"},{"@type":"BreadcrumbList","@id":"https:\/\/dicodusport.fr\/blog\/slalom-de-killington-mikaela-shiffrin-simpose-en-patronne\/#breadcrumb","itemListElement":[{"@type":"ListItem","position":1,"name":"Accueil","item":"https:\/\/dicodusport.fr\/blog\/"},{"@type":"ListItem","position":2,"name":"Slalom de Killington : Mikaela Shiffrin s&rsquo;impose en patronne"}]},{"@type":"WebSite","@id":"https:\/\/dicodusport.fr\/blog\/#website","url":"https:\/\/dicodusport.fr\/blog\/","name":"Dicodusport","description":"L&#039;encyclop\u00e9die de l&#039;actualit\u00e9 sportive","publisher":{"@id":"https:\/\/dicodusport.fr\/blog\/#organization"},"potentialAction":[{"@type":"SearchAction","target":{"@type":"EntryPoint","urlTemplate":"https:\/\/dicodusport.fr\/blog\/?s={search_term_string}"},"query-input":{"@type":"PropertyValueSpecification","valueRequired":true,"valueName":"search_term_string"}}],"inLanguage":"fr-FR"},{"@type":"NewsMediaOrganization","@id":"https:\/\/dicodusport.fr\/blog\/#organization","name":"Dicodusport","url":"https:\/\/dicodusport.fr\/blog\/","logo":{"@type":"ImageObject","inLanguage":"fr-FR","@id":"https:\/\/dicodusport.fr\/blog\/#\/schema\/logo\/image\/","url":"https:\/\/dicodusport.fr\/blog\/wp-content\/uploads\/2020\/06\/cropped-LOGO-DICODUSPORT-2020-SANS-FOND-SANS-TEXTE.png","contentUrl":"https:\/\/dicodusport.fr\/blog\/wp-content\/uploads\/2020\/06\/cropped-LOGO-DICODUSPORT-2020-SANS-FOND-SANS-TEXTE.png","width":512,"height":512,"caption":"Dicodusport"},"image":{"@id":"https:\/\/dicodusport.fr\/blog\/#\/schema\/logo\/image\/"},"sameAs":["https:\/\/www.facebook.com\/dicodusport","https:\/\/x.com\/dicodusport","https:\/\/www.instagram.com\/dicodusport\/","https:\/\/www.youtube.com\/channel\/UC7V2KZ5sd3htJivAbA4ZG3w"],"description":"Dicodusport est l'encyclop\u00e9die de l'actualit\u00e9 sportive.","email":"bonjour@dicodusport.fr","legalName":"DICODUSPORT","foundingDate":"2018-01-14","vatID":"FR71834470973","taxID":"83447097300043","numberOfEmployees":{"@type":"QuantitativeValue","minValue":"1","maxValue":"10"}},{"@type":"Person","@id":"https:\/\/dicodusport.fr\/blog\/#\/schema\/person\/6db4bae06b171592211be385b32876a7","name":"Emilien Descampiaux","image":{"@type":"ImageObject","inLanguage":"fr-FR","@id":"https:\/\/dicodusport.fr\/blog\/#\/schema\/person\/image\/","url":"https:\/\/dicodusport.fr\/blog\/wp-content\/uploads\/2021\/05\/Emilien-Descampiaux-150x150.jpg","contentUrl":"https:\/\/dicodusport.fr\/blog\/wp-content\/uploads\/2021\/05\/Emilien-Descampiaux-150x150.jpg","caption":"Emilien Descampiaux"},"description":"Journaliste\/r\u00e9dacteur depuis 2014 - Fan de la classe de Frank Vandenbroucke, je vis cyclisme (et de ses paysages) depuis plus de 20 ans. Je suis tr\u00e8s impliqu\u00e9 sur mes diff\u00e9rents r\u00e9seaux sociaux pour partager ma passion sur le monde et l'Histoire de la bicyclette avec ma voix sur les images en noir et blanc du succ\u00e8s de Rik Van Steenbergen lors du Ronde sur le V\u00e9lodrome de Gand.","sameAs":["https:\/\/www.facebook.com\/groups\/LesRoisDuPeloton","https:\/\/x.com\/https:\/\/twitter.com\/LRoisDuPeloton"],"url":"https:\/\/dicodusport.fr\/blog\/author\/emiliend\/"}]}},"_links":{"self":[{"href":"https:\/\/dicodusport.fr\/blog\/wp-json\/wp\/v2\/posts\/440448","targetHints":{"allow":["GET"]}}],"collection":[{"href":"https:\/\/dicodusport.fr\/blog\/wp-json\/wp\/v2\/posts"}],"about":[{"href":"https:\/\/dicodusport.fr\/blog\/wp-json\/wp\/v2\/types\/post"}],"author":[{"embeddable":true,"href":"https:\/\/dicodusport.fr\/blog\/wp-json\/wp\/v2\/users\/48"}],"replies":[{"embeddable":true,"href":"https:\/\/dicodusport.fr\/blog\/wp-json\/wp\/v2\/comments?post=440448"}],"version-history":[{"count":5,"href":"https:\/\/dicodusport.fr\/blog\/wp-json\/wp\/v2\/posts\/440448\/revisions"}],"predecessor-version":[{"id":440478,"href":"https:\/\/dicodusport.fr\/blog\/wp-json\/wp\/v2\/posts\/440448\/revisions\/440478"}],"wp:featuredmedia":[{"embeddable":true,"href":"https:\/\/dicodusport.fr\/blog\/wp-json\/wp\/v2\/media\/440472"}],"wp:attachment":[{"href":"https:\/\/dicodusport.fr\/blog\/wp-json\/wp\/v2\/media?parent=440448"}],"wp:term":[{"taxonomy":"category","embeddable":true,"href":"https:\/\/dicodusport.fr\/blog\/wp-json\/wp\/v2\/categories?post=440448"},{"taxonomy":"post_tag","embeddable":true,"href":"https:\/\/dicodusport.fr\/blog\/wp-json\/wp\/v2\/tags?post=440448"}],"curies":[{"name":"wp","href":"https:\/\/api.w.org\/{rel}","templated":true}]}}