{"id":440764,"date":"2023-11-30T11:46:35","date_gmt":"2023-11-30T10:46:35","guid":{"rendered":"https:\/\/dicodusport.fr\/blog\/?p=440764&#038;preview=true&#038;preview_id=440764"},"modified":"2023-11-30T19:58:33","modified_gmt":"2023-11-30T18:58:33","slug":"ostersund-relais-hommes-la-composition-de-lequipe-de-france","status":"publish","type":"post","link":"https:\/\/dicodusport.fr\/blog\/ostersund-relais-hommes-la-composition-de-lequipe-de-france\/","title":{"rendered":"Ostersund Relais hommes &#8211; La composition de l&rsquo;\u00e9quipe de France"},"content":{"rendered":"<p style=\"text-align: justify;\"><i><a style=\"font-weight: bold;\" href=\"https:\/\/dicodusport.fr\/blog\/biathlon-etape-ostersund-2023-programme-complet-et-resultats\/\" rel=\"\">BIATHLON COUPE DU MONDE D&rsquo;OSTERSUND 2023<\/a><b> &#8211; <\/b><em><b>Le staff de l&rsquo;\u00e9quipe de France a d\u00e9voil\u00e9 la composition des Bleus pour le premier relais hommes de la saison.\u00a0<\/b><\/em><\/i><\/p>\n<ul style=\"text-align: justify;\">\n<li style=\"text-align: justify;\"><strong>\u00c0 ce sujet &#8211; <a href=\"https:\/\/dicodusport.fr\/blog\/biathlon-ostersund-la-selection-de-lequipe-de-france\/\" target=\"_blank\" rel=\"noopener\">Biathlon Ostersund : La s\u00e9lection de l\u2019\u00e9quipe de France<\/a><\/strong><\/li>\n<\/ul>\n<p style=\"text-align: justify;\">C&rsquo;est un relais in\u00e9dit qui sera align\u00e9 \u00e0 <strong>Ostersund<\/strong> ce jeudi pour le premier rendez-vous par genre de la saison. S&rsquo;il n&rsquo;y avait pas trop de doutes sur trois relayeurs, <strong>\u00c9milien<\/strong> <strong>Claude<\/strong> \u00e9tait la petite surprise du staff de l&rsquo;<strong>\u00e9quipe de<\/strong> <strong>France<\/strong>. Meilleur Tricolore sur l&rsquo;individuel dimanche, il \u00e9tait r\u00e9compens\u00e9 de sa bonne forme. Malheureusement, malade, il a d\u00fb renoncer ce jeudi matin, remplac\u00e9 par <strong>\u00c9ric Perrot<\/strong>.<\/p>\n<p style=\"text-align: justify;\">Il donnera le relais \u00e0 <strong>\u00c9milien Jacquelin <\/strong>qui aura \u00e0 c\u0153ur de se reprendre apr\u00e8s une premi\u00e8re course individuelle en de\u00e7\u00e0 de ses attentes au niveau du tir. <strong>Fabien<\/strong> <strong>Claude<\/strong> sera en troisi\u00e8me position alors que <strong>Quentin<\/strong> <strong>Fillon<\/strong> <strong>Maillet<\/strong> devra conclure. Le double champion olympique devra lui aussi r\u00e9gler la mire apr\u00e8s un individuel avec trop de fautes sur le pas de tir.<\/p>\n<ul style=\"text-align: justify;\">\n<li style=\"text-align: justify;\"><strong>\u00c0 ce sujet &#8211; <a href=\"https:\/\/dicodusport.fr\/blog\/ostersund-2023-biathlon-startlist-relais-hommes\/\" target=\"_blank\" rel=\"noopener\">Biathlon Ostersund 2023 &#8211; Startlist Relais hommes<\/a><\/strong><\/li>\n<\/ul>\n<h2 style=\"text-align: justify;\">La composition du relais hommes d&rsquo;Ostersund<\/h2>\n<ol style=\"text-align: justify;\">\n<li style=\"text-align: justify;\">\u00c9ric Perrot<\/li>\n<li style=\"text-align: justify;\">\u00c9milien Jacquelin<\/li>\n<li style=\"text-align: justify;\">Fabien Claude<\/li>\n<li style=\"text-align: justify;\">Quentin Fillon Maillet<\/li>\n<\/ol>\n<blockquote class=\"twitter-tweet\">\n<p dir=\"ltr\" lang=\"fr\">La composition du relais masculin \ud83c\uddeb\ud83c\uddf7 qui se d\u00e9roulera jeudi, 15h20, \u00e0 \u00d6stersund \ud83c\uddf8\ud83c\uddea<\/p>\n<p>1\u20e3 Emilien Claude<br \/>\n2\u20e3 Emilien Jacquelin<br \/>\n3\u20e3 Fabien Claude<br \/>\n4\u20e3 Quentin Fillon Maillet <a href=\"https:\/\/twitter.com\/hashtag\/AllezLesBleus?src=hash&amp;ref_src=twsrc%5Etfw\">#AllezLesBleus<\/a> l <a href=\"https:\/\/twitter.com\/hashtag\/OST23?src=hash&amp;ref_src=twsrc%5Etfw\">#OST23<\/a> <a href=\"https:\/\/t.co\/jfYCvfnQyX\">pic.twitter.com\/jfYCvfnQyX<\/a><\/p>\n<p>\u2014 FFS &#8211; F\u00e9d\u00e9ration Fran\u00e7aise de Ski (@FedFranceSki) <a href=\"https:\/\/twitter.com\/FedFranceSki\/status\/1729837358889976112?ref_src=twsrc%5Etfw\">November 29, 2023<\/a><\/p><\/blockquote>\n<p style=\"text-align: justify;\"><script async src=\"https:\/\/platform.twitter.com\/widgets.js\" charset=\"utf-8\"><\/script><\/p>\n","protected":false},"excerpt":{"rendered":"<p>BIATHLON COUPE DU MONDE D&rsquo;OSTERSUND 2023 &#8211; Le staff de l&rsquo;\u00e9quipe de France a d\u00e9voil\u00e9 la composition des Bleus pour le premier relais hommes de la saison.\u00a0<\/p>\n","protected":false},"author":1,"featured_media":441044,"comment_status":"open","ping_status":"closed","sticky":false,"template":"","format":"standard","meta":{"_acf_changed":false,"_daextam_enable_autolinks":"1","footnotes":""},"categories":[47040],"tags":[2427,16878],"class_list":["post-440764","post","type-post","status-publish","format-standard","has-post-thumbnail","hentry","category-coupe-du-monde-de-biathlon","tag-biathlon","tag-breve"],"acf":[],"yoast_head":"<!-- This site is optimized with the Yoast SEO Premium plugin v26.7 (Yoast SEO v26.7) - https:\/\/yoast.com\/wordpress\/plugins\/seo\/ -->\n<title>Ostersund Relais hommes - La composition de l&#039;\u00e9quipe de France<\/title>\n<meta name=\"description\" content=\"BIATHLON COUPE DU MONDE D&#039;OSTERSUND 2023 - Le staff de l&#039;\u00e9quipe de France a d\u00e9voil\u00e9 la composition des Bleus pour le premier relais hommes de la saison.\u00a0\" \/>\n<meta name=\"robots\" content=\"index, follow, max-snippet:-1, max-image-preview:large, max-video-preview:-1\" \/>\n<link rel=\"canonical\" href=\"https:\/\/dicodusport.fr\/blog\/ostersund-relais-hommes-la-composition-de-lequipe-de-france\/\" \/>\n<meta property=\"og:locale\" content=\"fr_FR\" \/>\n<meta property=\"og:type\" content=\"article\" \/>\n<meta property=\"og:title\" content=\"Ostersund Relais hommes - La composition de l&#039;\u00e9quipe de France\" \/>\n<meta property=\"og:description\" content=\"BIATHLON COUPE DU MONDE D&#039;OSTERSUND 2023 - Le staff de l&#039;\u00e9quipe de France a d\u00e9voil\u00e9 la composition des Bleus pour le premier relais hommes de la saison.\u00a0\" \/>\n<meta property=\"og:url\" content=\"https:\/\/dicodusport.fr\/blog\/ostersund-relais-hommes-la-composition-de-lequipe-de-france\/\" \/>\n<meta property=\"og:site_name\" content=\"Dicodusport\" \/>\n<meta property=\"article:publisher\" content=\"https:\/\/www.facebook.com\/dicodusport\" \/>\n<meta property=\"article:author\" content=\"https:\/\/www.facebook.com\/dicodusport\" \/>\n<meta property=\"article:published_time\" content=\"2023-11-30T10:46:35+00:00\" \/>\n<meta property=\"article:modified_time\" content=\"2023-11-30T18:58:33+00:00\" \/>\n<meta property=\"og:image\" content=\"https:\/\/dicodusport.fr\/blog\/wp-content\/uploads\/2023\/11\/Ostersund-Relais-hommes-La-composition-de-lequipe-de-France.png\" \/>\n\t<meta property=\"og:image:width\" content=\"1200\" \/>\n\t<meta property=\"og:image:height\" content=\"674\" \/>\n\t<meta property=\"og:image:type\" content=\"image\/png\" \/>\n<meta name=\"author\" content=\"Nicolas Jacquemard\" \/>\n<meta name=\"twitter:card\" content=\"summary_large_image\" \/>\n<meta name=\"twitter:title\" content=\"Ostersund Relais hommes - La composition de l&#039;\u00e9quipe de France\" \/>\n<meta name=\"twitter:creator\" content=\"@https:\/\/twitter.com\/Nico_Jacquemard\" \/>\n<meta name=\"twitter:site\" content=\"@dicodusport\" \/>\n<script type=\"application\/ld+json\" class=\"yoast-schema-graph\">{\"@context\":\"https:\/\/schema.org\",\"@graph\":[{\"@type\":\"NewsArticle\",\"@id\":\"https:\/\/dicodusport.fr\/blog\/ostersund-relais-hommes-la-composition-de-lequipe-de-france\/#article\",\"isPartOf\":{\"@id\":\"https:\/\/dicodusport.fr\/blog\/ostersund-relais-hommes-la-composition-de-lequipe-de-france\/\"},\"author\":{\"name\":\"Nicolas Jacquemard\",\"@id\":\"https:\/\/dicodusport.fr\/blog\/#\/schema\/person\/55dcb50ad410894e431ed812bbb70191\"},\"headline\":\"Ostersund Relais hommes &#8211; La composition de l&rsquo;\u00e9quipe de France\",\"datePublished\":\"2023-11-30T10:46:35+00:00\",\"dateModified\":\"2023-11-30T18:58:33+00:00\",\"mainEntityOfPage\":{\"@id\":\"https:\/\/dicodusport.fr\/blog\/ostersund-relais-hommes-la-composition-de-lequipe-de-france\/\"},\"wordCount\":257,\"commentCount\":0,\"publisher\":{\"@id\":\"https:\/\/dicodusport.fr\/blog\/#organization\"},\"image\":{\"@id\":\"https:\/\/dicodusport.fr\/blog\/ostersund-relais-hommes-la-composition-de-lequipe-de-france\/#primaryimage\"},\"thumbnailUrl\":\"https:\/\/dicodusport.fr\/blog\/wp-content\/uploads\/2023\/11\/Ostersund-Relais-hommes-La-composition-de-lequipe-de-France.png\",\"keywords\":[\"Biathlon\",\"br\u00e8ve\"],\"articleSection\":[\"Coupe du monde de biathlon\"],\"inLanguage\":\"fr-FR\",\"potentialAction\":[{\"@type\":\"CommentAction\",\"name\":\"Comment\",\"target\":[\"https:\/\/dicodusport.fr\/blog\/ostersund-relais-hommes-la-composition-de-lequipe-de-france\/#respond\"]}],\"copyrightYear\":\"2023\",\"copyrightHolder\":{\"@id\":\"https:\/\/dicodusport.fr\/blog\/#organization\"}},{\"@type\":\"WebPage\",\"@id\":\"https:\/\/dicodusport.fr\/blog\/ostersund-relais-hommes-la-composition-de-lequipe-de-france\/\",\"url\":\"https:\/\/dicodusport.fr\/blog\/ostersund-relais-hommes-la-composition-de-lequipe-de-france\/\",\"name\":\"Ostersund Relais hommes - La composition de l'\u00e9quipe de France\",\"isPartOf\":{\"@id\":\"https:\/\/dicodusport.fr\/blog\/#website\"},\"primaryImageOfPage\":{\"@id\":\"https:\/\/dicodusport.fr\/blog\/ostersund-relais-hommes-la-composition-de-lequipe-de-france\/#primaryimage\"},\"image\":{\"@id\":\"https:\/\/dicodusport.fr\/blog\/ostersund-relais-hommes-la-composition-de-lequipe-de-france\/#primaryimage\"},\"thumbnailUrl\":\"https:\/\/dicodusport.fr\/blog\/wp-content\/uploads\/2023\/11\/Ostersund-Relais-hommes-La-composition-de-lequipe-de-France.png\",\"datePublished\":\"2023-11-30T10:46:35+00:00\",\"dateModified\":\"2023-11-30T18:58:33+00:00\",\"description\":\"BIATHLON COUPE DU MONDE D'OSTERSUND 2023 - Le staff de l'\u00e9quipe de France a d\u00e9voil\u00e9 la composition des Bleus pour le premier relais hommes de la saison.\u00a0\",\"breadcrumb\":{\"@id\":\"https:\/\/dicodusport.fr\/blog\/ostersund-relais-hommes-la-composition-de-lequipe-de-france\/#breadcrumb\"},\"inLanguage\":\"fr-FR\",\"potentialAction\":[{\"@type\":\"ReadAction\",\"target\":[\"https:\/\/dicodusport.fr\/blog\/ostersund-relais-hommes-la-composition-de-lequipe-de-france\/\"]}]},{\"@type\":\"ImageObject\",\"inLanguage\":\"fr-FR\",\"@id\":\"https:\/\/dicodusport.fr\/blog\/ostersund-relais-hommes-la-composition-de-lequipe-de-france\/#primaryimage\",\"url\":\"https:\/\/dicodusport.fr\/blog\/wp-content\/uploads\/2023\/11\/Ostersund-Relais-hommes-La-composition-de-lequipe-de-France.png\",\"contentUrl\":\"https:\/\/dicodusport.fr\/blog\/wp-content\/uploads\/2023\/11\/Ostersund-Relais-hommes-La-composition-de-lequipe-de-France.png\",\"width\":1200,\"height\":674,\"caption\":\"Ostersund Relais hommes - La composition de l'\u00e9quipe de France\"},{\"@type\":\"BreadcrumbList\",\"@id\":\"https:\/\/dicodusport.fr\/blog\/ostersund-relais-hommes-la-composition-de-lequipe-de-france\/#breadcrumb\",\"itemListElement\":[{\"@type\":\"ListItem\",\"position\":1,\"name\":\"Accueil\",\"item\":\"https:\/\/dicodusport.fr\/blog\/\"},{\"@type\":\"ListItem\",\"position\":2,\"name\":\"Ostersund Relais hommes &#8211; La composition de l&rsquo;\u00e9quipe de France\"}]},{\"@type\":\"WebSite\",\"@id\":\"https:\/\/dicodusport.fr\/blog\/#website\",\"url\":\"https:\/\/dicodusport.fr\/blog\/\",\"name\":\"Dicodusport\",\"description\":\"L&#039;encyclop\u00e9die de l&#039;actualit\u00e9 sportive\",\"publisher\":{\"@id\":\"https:\/\/dicodusport.fr\/blog\/#organization\"},\"potentialAction\":[{\"@type\":\"SearchAction\",\"target\":{\"@type\":\"EntryPoint\",\"urlTemplate\":\"https:\/\/dicodusport.fr\/blog\/?s={search_term_string}\"},\"query-input\":{\"@type\":\"PropertyValueSpecification\",\"valueRequired\":true,\"valueName\":\"search_term_string\"}}],\"inLanguage\":\"fr-FR\"},{\"@type\":\"NewsMediaOrganization\",\"@id\":\"https:\/\/dicodusport.fr\/blog\/#organization\",\"name\":\"Dicodusport\",\"url\":\"https:\/\/dicodusport.fr\/blog\/\",\"logo\":{\"@type\":\"ImageObject\",\"inLanguage\":\"fr-FR\",\"@id\":\"https:\/\/dicodusport.fr\/blog\/#\/schema\/logo\/image\/\",\"url\":\"https:\/\/dicodusport.fr\/blog\/wp-content\/uploads\/2020\/06\/cropped-LOGO-DICODUSPORT-2020-SANS-FOND-SANS-TEXTE.png\",\"contentUrl\":\"https:\/\/dicodusport.fr\/blog\/wp-content\/uploads\/2020\/06\/cropped-LOGO-DICODUSPORT-2020-SANS-FOND-SANS-TEXTE.png\",\"width\":512,\"height\":512,\"caption\":\"Dicodusport\"},\"image\":{\"@id\":\"https:\/\/dicodusport.fr\/blog\/#\/schema\/logo\/image\/\"},\"sameAs\":[\"https:\/\/www.facebook.com\/dicodusport\",\"https:\/\/x.com\/dicodusport\",\"https:\/\/www.instagram.com\/dicodusport\/\",\"https:\/\/www.youtube.com\/channel\/UC7V2KZ5sd3htJivAbA4ZG3w\"],\"description\":\"Dicodusport est l'encyclop\u00e9die de l'actualit\u00e9 sportive.\",\"email\":\"bonjour@dicodusport.fr\",\"legalName\":\"DICODUSPORT\",\"foundingDate\":\"2018-01-14\",\"vatID\":\"FR71834470973\",\"taxID\":\"83447097300043\",\"numberOfEmployees\":{\"@type\":\"QuantitativeValue\",\"minValue\":\"1\",\"maxValue\":\"10\"}},{\"@type\":\"Person\",\"@id\":\"https:\/\/dicodusport.fr\/blog\/#\/schema\/person\/55dcb50ad410894e431ed812bbb70191\",\"name\":\"Nicolas Jacquemard\",\"image\":{\"@type\":\"ImageObject\",\"inLanguage\":\"fr-FR\",\"@id\":\"https:\/\/dicodusport.fr\/blog\/#\/schema\/person\/image\/\",\"url\":\"https:\/\/dicodusport.fr\/blog\/wp-content\/uploads\/2021\/05\/Nicolas-Jacquemard-150x150.jpeg\",\"contentUrl\":\"https:\/\/dicodusport.fr\/blog\/wp-content\/uploads\/2021\/05\/Nicolas-Jacquemard-150x150.jpeg\",\"caption\":\"Nicolas Jacquemard\"},\"description\":\"Passionn\u00e9 de sport et entrepreneur depuis mes 18 ans, la cr\u00e9ation de Dicodusport m'a sembl\u00e9 \u00e9vidente pour participer \u00e0 la m\u00e9diatisation d'un plus grand nombre de sports. Le chemin est long mais avec une \u00e9quipe des plus motiv\u00e9es et les Jeux Olympiques de Paris 2024 en point de mire, nous y arriverons ! Journaliste dans le monde du sport depuis plus de 5 ans, je traite aussi bien de football, de rugby, de biathlon que de cyclisme.\",\"sameAs\":[\"https:\/\/www.facebook.com\/dicodusport\",\"https:\/\/x.com\/https:\/\/twitter.com\/Nico_Jacquemard\"],\"url\":\"https:\/\/dicodusport.fr\/blog\/author\/dicodusport\/\"}]}<\/script>\n<!-- \/ Yoast SEO Premium plugin. -->","yoast_head_json":{"title":"Ostersund Relais hommes - La composition de l'\u00e9quipe de France","description":"BIATHLON COUPE DU MONDE D'OSTERSUND 2023 - Le staff de l'\u00e9quipe de France a d\u00e9voil\u00e9 la composition des Bleus pour le premier relais hommes de la saison.\u00a0","robots":{"index":"index","follow":"follow","max-snippet":"max-snippet:-1","max-image-preview":"max-image-preview:large","max-video-preview":"max-video-preview:-1"},"canonical":"https:\/\/dicodusport.fr\/blog\/ostersund-relais-hommes-la-composition-de-lequipe-de-france\/","og_locale":"fr_FR","og_type":"article","og_title":"Ostersund Relais hommes - La composition de l'\u00e9quipe de France","og_description":"BIATHLON COUPE DU MONDE D'OSTERSUND 2023 - Le staff de l'\u00e9quipe de France a d\u00e9voil\u00e9 la composition des Bleus pour le premier relais hommes de la saison.\u00a0","og_url":"https:\/\/dicodusport.fr\/blog\/ostersund-relais-hommes-la-composition-de-lequipe-de-france\/","og_site_name":"Dicodusport","article_publisher":"https:\/\/www.facebook.com\/dicodusport","article_author":"https:\/\/www.facebook.com\/dicodusport","article_published_time":"2023-11-30T10:46:35+00:00","article_modified_time":"2023-11-30T18:58:33+00:00","og_image":[{"width":1200,"height":674,"url":"https:\/\/dicodusport.fr\/blog\/wp-content\/uploads\/2023\/11\/Ostersund-Relais-hommes-La-composition-de-lequipe-de-France.png","type":"image\/png"}],"author":"Nicolas Jacquemard","twitter_card":"summary_large_image","twitter_title":"Ostersund Relais hommes - La composition de l'\u00e9quipe de France","twitter_creator":"@https:\/\/twitter.com\/Nico_Jacquemard","twitter_site":"@dicodusport","schema":{"@context":"https:\/\/schema.org","@graph":[{"@type":"NewsArticle","@id":"https:\/\/dicodusport.fr\/blog\/ostersund-relais-hommes-la-composition-de-lequipe-de-france\/#article","isPartOf":{"@id":"https:\/\/dicodusport.fr\/blog\/ostersund-relais-hommes-la-composition-de-lequipe-de-france\/"},"author":{"name":"Nicolas Jacquemard","@id":"https:\/\/dicodusport.fr\/blog\/#\/schema\/person\/55dcb50ad410894e431ed812bbb70191"},"headline":"Ostersund Relais hommes &#8211; La composition de l&rsquo;\u00e9quipe de France","datePublished":"2023-11-30T10:46:35+00:00","dateModified":"2023-11-30T18:58:33+00:00","mainEntityOfPage":{"@id":"https:\/\/dicodusport.fr\/blog\/ostersund-relais-hommes-la-composition-de-lequipe-de-france\/"},"wordCount":257,"commentCount":0,"publisher":{"@id":"https:\/\/dicodusport.fr\/blog\/#organization"},"image":{"@id":"https:\/\/dicodusport.fr\/blog\/ostersund-relais-hommes-la-composition-de-lequipe-de-france\/#primaryimage"},"thumbnailUrl":"https:\/\/dicodusport.fr\/blog\/wp-content\/uploads\/2023\/11\/Ostersund-Relais-hommes-La-composition-de-lequipe-de-France.png","keywords":["Biathlon","br\u00e8ve"],"articleSection":["Coupe du monde de biathlon"],"inLanguage":"fr-FR","potentialAction":[{"@type":"CommentAction","name":"Comment","target":["https:\/\/dicodusport.fr\/blog\/ostersund-relais-hommes-la-composition-de-lequipe-de-france\/#respond"]}],"copyrightYear":"2023","copyrightHolder":{"@id":"https:\/\/dicodusport.fr\/blog\/#organization"}},{"@type":"WebPage","@id":"https:\/\/dicodusport.fr\/blog\/ostersund-relais-hommes-la-composition-de-lequipe-de-france\/","url":"https:\/\/dicodusport.fr\/blog\/ostersund-relais-hommes-la-composition-de-lequipe-de-france\/","name":"Ostersund Relais hommes - La composition de l'\u00e9quipe de France","isPartOf":{"@id":"https:\/\/dicodusport.fr\/blog\/#website"},"primaryImageOfPage":{"@id":"https:\/\/dicodusport.fr\/blog\/ostersund-relais-hommes-la-composition-de-lequipe-de-france\/#primaryimage"},"image":{"@id":"https:\/\/dicodusport.fr\/blog\/ostersund-relais-hommes-la-composition-de-lequipe-de-france\/#primaryimage"},"thumbnailUrl":"https:\/\/dicodusport.fr\/blog\/wp-content\/uploads\/2023\/11\/Ostersund-Relais-hommes-La-composition-de-lequipe-de-France.png","datePublished":"2023-11-30T10:46:35+00:00","dateModified":"2023-11-30T18:58:33+00:00","description":"BIATHLON COUPE DU MONDE D'OSTERSUND 2023 - Le staff de l'\u00e9quipe de France a d\u00e9voil\u00e9 la composition des Bleus pour le premier relais hommes de la saison.\u00a0","breadcrumb":{"@id":"https:\/\/dicodusport.fr\/blog\/ostersund-relais-hommes-la-composition-de-lequipe-de-france\/#breadcrumb"},"inLanguage":"fr-FR","potentialAction":[{"@type":"ReadAction","target":["https:\/\/dicodusport.fr\/blog\/ostersund-relais-hommes-la-composition-de-lequipe-de-france\/"]}]},{"@type":"ImageObject","inLanguage":"fr-FR","@id":"https:\/\/dicodusport.fr\/blog\/ostersund-relais-hommes-la-composition-de-lequipe-de-france\/#primaryimage","url":"https:\/\/dicodusport.fr\/blog\/wp-content\/uploads\/2023\/11\/Ostersund-Relais-hommes-La-composition-de-lequipe-de-France.png","contentUrl":"https:\/\/dicodusport.fr\/blog\/wp-content\/uploads\/2023\/11\/Ostersund-Relais-hommes-La-composition-de-lequipe-de-France.png","width":1200,"height":674,"caption":"Ostersund Relais hommes - La composition de l'\u00e9quipe de France"},{"@type":"BreadcrumbList","@id":"https:\/\/dicodusport.fr\/blog\/ostersund-relais-hommes-la-composition-de-lequipe-de-france\/#breadcrumb","itemListElement":[{"@type":"ListItem","position":1,"name":"Accueil","item":"https:\/\/dicodusport.fr\/blog\/"},{"@type":"ListItem","position":2,"name":"Ostersund Relais hommes &#8211; La composition de l&rsquo;\u00e9quipe de France"}]},{"@type":"WebSite","@id":"https:\/\/dicodusport.fr\/blog\/#website","url":"https:\/\/dicodusport.fr\/blog\/","name":"Dicodusport","description":"L&#039;encyclop\u00e9die de l&#039;actualit\u00e9 sportive","publisher":{"@id":"https:\/\/dicodusport.fr\/blog\/#organization"},"potentialAction":[{"@type":"SearchAction","target":{"@type":"EntryPoint","urlTemplate":"https:\/\/dicodusport.fr\/blog\/?s={search_term_string}"},"query-input":{"@type":"PropertyValueSpecification","valueRequired":true,"valueName":"search_term_string"}}],"inLanguage":"fr-FR"},{"@type":"NewsMediaOrganization","@id":"https:\/\/dicodusport.fr\/blog\/#organization","name":"Dicodusport","url":"https:\/\/dicodusport.fr\/blog\/","logo":{"@type":"ImageObject","inLanguage":"fr-FR","@id":"https:\/\/dicodusport.fr\/blog\/#\/schema\/logo\/image\/","url":"https:\/\/dicodusport.fr\/blog\/wp-content\/uploads\/2020\/06\/cropped-LOGO-DICODUSPORT-2020-SANS-FOND-SANS-TEXTE.png","contentUrl":"https:\/\/dicodusport.fr\/blog\/wp-content\/uploads\/2020\/06\/cropped-LOGO-DICODUSPORT-2020-SANS-FOND-SANS-TEXTE.png","width":512,"height":512,"caption":"Dicodusport"},"image":{"@id":"https:\/\/dicodusport.fr\/blog\/#\/schema\/logo\/image\/"},"sameAs":["https:\/\/www.facebook.com\/dicodusport","https:\/\/x.com\/dicodusport","https:\/\/www.instagram.com\/dicodusport\/","https:\/\/www.youtube.com\/channel\/UC7V2KZ5sd3htJivAbA4ZG3w"],"description":"Dicodusport est l'encyclop\u00e9die de l'actualit\u00e9 sportive.","email":"bonjour@dicodusport.fr","legalName":"DICODUSPORT","foundingDate":"2018-01-14","vatID":"FR71834470973","taxID":"83447097300043","numberOfEmployees":{"@type":"QuantitativeValue","minValue":"1","maxValue":"10"}},{"@type":"Person","@id":"https:\/\/dicodusport.fr\/blog\/#\/schema\/person\/55dcb50ad410894e431ed812bbb70191","name":"Nicolas Jacquemard","image":{"@type":"ImageObject","inLanguage":"fr-FR","@id":"https:\/\/dicodusport.fr\/blog\/#\/schema\/person\/image\/","url":"https:\/\/dicodusport.fr\/blog\/wp-content\/uploads\/2021\/05\/Nicolas-Jacquemard-150x150.jpeg","contentUrl":"https:\/\/dicodusport.fr\/blog\/wp-content\/uploads\/2021\/05\/Nicolas-Jacquemard-150x150.jpeg","caption":"Nicolas Jacquemard"},"description":"Passionn\u00e9 de sport et entrepreneur depuis mes 18 ans, la cr\u00e9ation de Dicodusport m'a sembl\u00e9 \u00e9vidente pour participer \u00e0 la m\u00e9diatisation d'un plus grand nombre de sports. Le chemin est long mais avec une \u00e9quipe des plus motiv\u00e9es et les Jeux Olympiques de Paris 2024 en point de mire, nous y arriverons ! Journaliste dans le monde du sport depuis plus de 5 ans, je traite aussi bien de football, de rugby, de biathlon que de cyclisme.","sameAs":["https:\/\/www.facebook.com\/dicodusport","https:\/\/x.com\/https:\/\/twitter.com\/Nico_Jacquemard"],"url":"https:\/\/dicodusport.fr\/blog\/author\/dicodusport\/"}]}},"_links":{"self":[{"href":"https:\/\/dicodusport.fr\/blog\/wp-json\/wp\/v2\/posts\/440764","targetHints":{"allow":["GET"]}}],"collection":[{"href":"https:\/\/dicodusport.fr\/blog\/wp-json\/wp\/v2\/posts"}],"about":[{"href":"https:\/\/dicodusport.fr\/blog\/wp-json\/wp\/v2\/types\/post"}],"author":[{"embeddable":true,"href":"https:\/\/dicodusport.fr\/blog\/wp-json\/wp\/v2\/users\/1"}],"replies":[{"embeddable":true,"href":"https:\/\/dicodusport.fr\/blog\/wp-json\/wp\/v2\/comments?post=440764"}],"version-history":[{"count":5,"href":"https:\/\/dicodusport.fr\/blog\/wp-json\/wp\/v2\/posts\/440764\/revisions"}],"predecessor-version":[{"id":441454,"href":"https:\/\/dicodusport.fr\/blog\/wp-json\/wp\/v2\/posts\/440764\/revisions\/441454"}],"wp:featuredmedia":[{"embeddable":true,"href":"https:\/\/dicodusport.fr\/blog\/wp-json\/wp\/v2\/media\/441044"}],"wp:attachment":[{"href":"https:\/\/dicodusport.fr\/blog\/wp-json\/wp\/v2\/media?parent=440764"}],"wp:term":[{"taxonomy":"category","embeddable":true,"href":"https:\/\/dicodusport.fr\/blog\/wp-json\/wp\/v2\/categories?post=440764"},{"taxonomy":"post_tag","embeddable":true,"href":"https:\/\/dicodusport.fr\/blog\/wp-json\/wp\/v2\/tags?post=440764"}],"curies":[{"name":"wp","href":"https:\/\/api.w.org\/{rel}","templated":true}]}}