{"id":440939,"date":"2023-11-28T22:31:02","date_gmt":"2023-11-28T21:31:02","guid":{"rendered":"https:\/\/dicodusport.fr\/blog\/?p=440939&#038;preview=true&#038;preview_id=440939"},"modified":"2023-11-28T22:38:04","modified_gmt":"2023-11-28T21:38:04","slug":"ligue-europeenne-de-handball-le-hbc-nantes-simpose-face-a-benfica-et-se-qualifie-pour-la-phase-de-groupes","status":"publish","type":"post","link":"https:\/\/dicodusport.fr\/blog\/ligue-europeenne-de-handball-le-hbc-nantes-simpose-face-a-benfica-et-se-qualifie-pour-la-phase-de-groupes\/","title":{"rendered":"Ligue europ\u00e9enne de handball : Le HBC Nantes s&rsquo;impose face \u00e0 Benfica et se qualifie pour la phase de groupes"},"content":{"rendered":"<p style=\"text-align: justify;\"><strong><em>HANDBALL LIGUE EUROP\u00c9ENNE &#8211; Coup double pour Nantes qui s&rsquo;impose face \u00e0 Benfica pour valider sa participation \u00e0 la phase de groupes.<br \/>\n<\/em><\/strong><\/p>\n<p style=\"text-align: justify;\">En deux confrontations au Portugal en 2012 et 2022, le H ne s&rsquo;\u00e9tait jamais impos\u00e9. Mais aujourd&rsquo;hui, <strong>Nantes<\/strong> avait pour objectif de se qualifier pour la phase de groupes de la comp\u00e9tition. Avant son dernier match. Et c&rsquo;est ce que le H est parvenu \u00e0 faire.<\/p>\n<p style=\"text-align: justify;\">Durant ce match, <strong>Nantes<\/strong> aura \u00e9t\u00e9 men\u00e9 2 petites minutes en fin de premi\u00e8re p\u00e9riode. Puis dans les 10 derni\u00e8res minutes, les Nantais ont acc\u00e9l\u00e9r\u00e9 pour rentrer aux vestiaires avec un petit avantage (16-18). Au retour des vestiaires, ils ont poursuivi sur leur lanc\u00e9e pour mener +5. Lisbonne a alors tent\u00e9 le tout pour le tout en passant \u00e0 7 en attaque. Si \u00e7a a pu \u00eatre utile en attaque, Benfica continuait d&rsquo;encaisser trop de buts. Quand dans le m\u00eame temps<strong> Viktor Hallgrimsson<\/strong> \u00e9tait efficace dans les cages nantaises. Malgr\u00e9 un <strong>Belone Moreira<\/strong> omnipr\u00e9sent, Nantes a poursuivi sa course en t\u00eate. \u00c0 l&rsquo;approche du dernier quart d&rsquo;heure, l&rsquo;\u00e9cart est rest\u00e9 constant autour de +3. Nantes est tr\u00e8s bien parvenu \u00e0 stopper toutes vell\u00e9it\u00e9s adverses, appuyant sur l&rsquo;acc\u00e9l\u00e9rateur quand il fallait. \u00c0 l&rsquo;image des deux contre-attaques cons\u00e9cutives de <strong>Th\u00e9o Monar<\/strong> \u00e0 l&rsquo;abord des 7 derni\u00e8res minutes (30-35). Nantes s&rsquo;impose finalement 38-34.<\/p>\n<p style=\"text-align: justify;\">Direction donc la phase de groupes pour les Violets.<\/p>\n<p style=\"text-align: justify;\">De son c\u00f4t\u00e9, <strong>Chamb\u00e9ry<\/strong> a tenu t\u00eate \u00e0 Berlin avant de s\u2019incliner 31-36. Cette nouvelle d\u00e9faite \u00e0 domicile condamne quasiment le club fran\u00e7ais. Qui aura besoin d&rsquo;une victoire de 8 buts \u00e0 Bucarest la semaine prochaine pour rejoindre Nantes.<\/p>\n<blockquote class=\"twitter-tweet\">\n<p dir=\"ltr\" lang=\"en\">\ud83e\udd2f\ud83e\udd2f\ud83e\udd2f What a no-look shot by Lucas De la Breteche! <a href=\"https:\/\/twitter.com\/hashtag\/ehfel?src=hash&amp;ref_src=twsrc%5Etfw\">#ehfel<\/a> <a href=\"https:\/\/twitter.com\/hashtag\/elm?src=hash&amp;ref_src=twsrc%5Etfw\">#elm<\/a> <a href=\"https:\/\/twitter.com\/hashtag\/Allin?src=hash&amp;ref_src=twsrc%5Etfw\">#Allin<\/a> <a href=\"https:\/\/t.co\/MZlSqSMfWN\">pic.twitter.com\/MZlSqSMfWN<\/a><\/p>\n<p>\u2014 EHF European League (@ehfel_official) <a href=\"https:\/\/twitter.com\/ehfel_official\/status\/1729607999281344649?ref_src=twsrc%5Etfw\">November 28, 2023<\/a><\/p><\/blockquote>\n<p><script async src=\"https:\/\/platform.twitter.com\/widgets.js\" charset=\"utf-8\"><\/script><\/p>\n","protected":false},"excerpt":{"rendered":"<p>HANDBALL LIGUE EUROP\u00c9ENNE &#8211; Coup double pour Nantes qui s&rsquo;impose face \u00e0 Benfica pour valider sa participation \u00e0 la phase de groupes.<\/p>\n","protected":false},"author":12,"featured_media":440955,"comment_status":"open","ping_status":"closed","sticky":false,"template":"","format":"standard","meta":{"_acf_changed":false,"_daextam_enable_autolinks":"1","footnotes":""},"categories":[2304],"tags":[16878,2489,22606],"class_list":["post-440939","post","type-post","status-publish","format-standard","has-post-thumbnail","hentry","category-handball","tag-breve","tag-hbc-nantes","tag-ligue-europeenne-de-handball"],"acf":[],"yoast_head":"<!-- This site is optimized with the Yoast SEO Premium plugin v26.7 (Yoast SEO v26.7) - https:\/\/yoast.com\/wordpress\/plugins\/seo\/ -->\n<title>Ligue europ\u00e9enne de handball : Le HBC Nantes s&#039;impose face \u00e0 Benfica et se qualifie pour la phase de groupes<\/title>\n<meta name=\"description\" content=\"HANDBALL LIGUE EUROP\u00c9ENNE - Coup double pour Nantes qui s&#039;impose face \u00e0 Benfica pour valider sa participation \u00e0 la phase de groupes.\" \/>\n<meta name=\"robots\" content=\"index, follow, max-snippet:-1, max-image-preview:large, max-video-preview:-1\" \/>\n<link rel=\"canonical\" href=\"https:\/\/dicodusport.fr\/blog\/ligue-europeenne-de-handball-le-hbc-nantes-simpose-face-a-benfica-et-se-qualifie-pour-la-phase-de-groupes\/\" \/>\n<meta property=\"og:locale\" content=\"fr_FR\" \/>\n<meta property=\"og:type\" content=\"article\" \/>\n<meta property=\"og:title\" content=\"Ligue europ\u00e9enne de handball : Le HBC Nantes s&#039;impose face \u00e0 Benfica et se qualifie pour la phase de groupes\" \/>\n<meta property=\"og:description\" content=\"HANDBALL LIGUE EUROP\u00c9ENNE - Coup double pour Nantes qui s&#039;impose face \u00e0 Benfica pour valider sa participation \u00e0 la phase de groupes.\" \/>\n<meta property=\"og:url\" content=\"https:\/\/dicodusport.fr\/blog\/ligue-europeenne-de-handball-le-hbc-nantes-simpose-face-a-benfica-et-se-qualifie-pour-la-phase-de-groupes\/\" \/>\n<meta property=\"og:site_name\" content=\"Dicodusport\" \/>\n<meta property=\"article:publisher\" content=\"https:\/\/www.facebook.com\/dicodusport\" \/>\n<meta property=\"article:published_time\" content=\"2023-11-28T21:31:02+00:00\" \/>\n<meta property=\"article:modified_time\" content=\"2023-11-28T21:38:04+00:00\" \/>\n<meta property=\"og:image\" content=\"https:\/\/dicodusport.fr\/blog\/wp-content\/uploads\/2023\/11\/Ligue-europeenne-masculine-de-handball-Le-HBC-Nantes-simpose-face-a-Benfica-et-se-qualifie-pour-la-phase-de-groupes.png\" \/>\n\t<meta property=\"og:image:width\" content=\"1200\" \/>\n\t<meta property=\"og:image:height\" content=\"674\" \/>\n\t<meta property=\"og:image:type\" content=\"image\/png\" \/>\n<meta name=\"author\" content=\"Arlette Yeye\" \/>\n<meta name=\"twitter:card\" content=\"summary_large_image\" \/>\n<meta name=\"twitter:title\" content=\"Ligue europ\u00e9enne de handball : Le HBC Nantes s&#039;impose face \u00e0 Benfica et se qualifie pour la phase de groupes\" \/>\n<meta name=\"twitter:creator\" content=\"@https:\/\/twitter.com\/Shiclette94\" \/>\n<meta name=\"twitter:site\" content=\"@dicodusport\" \/>\n<script type=\"application\/ld+json\" class=\"yoast-schema-graph\">{\"@context\":\"https:\/\/schema.org\",\"@graph\":[{\"@type\":\"NewsArticle\",\"@id\":\"https:\/\/dicodusport.fr\/blog\/ligue-europeenne-de-handball-le-hbc-nantes-simpose-face-a-benfica-et-se-qualifie-pour-la-phase-de-groupes\/#article\",\"isPartOf\":{\"@id\":\"https:\/\/dicodusport.fr\/blog\/ligue-europeenne-de-handball-le-hbc-nantes-simpose-face-a-benfica-et-se-qualifie-pour-la-phase-de-groupes\/\"},\"author\":{\"name\":\"Arlette Yeye\",\"@id\":\"https:\/\/dicodusport.fr\/blog\/#\/schema\/person\/cce96fa88785bd8573e3d43078ac8c79\"},\"headline\":\"Ligue europ\u00e9enne de handball : Le HBC Nantes s&rsquo;impose face \u00e0 Benfica et se qualifie pour la phase de groupes\",\"datePublished\":\"2023-11-28T21:31:02+00:00\",\"dateModified\":\"2023-11-28T21:38:04+00:00\",\"mainEntityOfPage\":{\"@id\":\"https:\/\/dicodusport.fr\/blog\/ligue-europeenne-de-handball-le-hbc-nantes-simpose-face-a-benfica-et-se-qualifie-pour-la-phase-de-groupes\/\"},\"wordCount\":326,\"commentCount\":0,\"publisher\":{\"@id\":\"https:\/\/dicodusport.fr\/blog\/#organization\"},\"image\":{\"@id\":\"https:\/\/dicodusport.fr\/blog\/ligue-europeenne-de-handball-le-hbc-nantes-simpose-face-a-benfica-et-se-qualifie-pour-la-phase-de-groupes\/#primaryimage\"},\"thumbnailUrl\":\"https:\/\/dicodusport.fr\/blog\/wp-content\/uploads\/2023\/11\/Ligue-europeenne-masculine-de-handball-Le-HBC-Nantes-simpose-face-a-Benfica-et-se-qualifie-pour-la-phase-de-groupes.png\",\"keywords\":[\"br\u00e8ve\",\"HBC Nantes\",\"Ligue europ\u00e9enne de handball\"],\"articleSection\":[\"Handball\"],\"inLanguage\":\"fr-FR\",\"potentialAction\":[{\"@type\":\"CommentAction\",\"name\":\"Comment\",\"target\":[\"https:\/\/dicodusport.fr\/blog\/ligue-europeenne-de-handball-le-hbc-nantes-simpose-face-a-benfica-et-se-qualifie-pour-la-phase-de-groupes\/#respond\"]}],\"copyrightYear\":\"2023\",\"copyrightHolder\":{\"@id\":\"https:\/\/dicodusport.fr\/blog\/#organization\"}},{\"@type\":\"WebPage\",\"@id\":\"https:\/\/dicodusport.fr\/blog\/ligue-europeenne-de-handball-le-hbc-nantes-simpose-face-a-benfica-et-se-qualifie-pour-la-phase-de-groupes\/\",\"url\":\"https:\/\/dicodusport.fr\/blog\/ligue-europeenne-de-handball-le-hbc-nantes-simpose-face-a-benfica-et-se-qualifie-pour-la-phase-de-groupes\/\",\"name\":\"Ligue europ\u00e9enne de handball : Le HBC Nantes s'impose face \u00e0 Benfica et se qualifie pour la phase de groupes\",\"isPartOf\":{\"@id\":\"https:\/\/dicodusport.fr\/blog\/#website\"},\"primaryImageOfPage\":{\"@id\":\"https:\/\/dicodusport.fr\/blog\/ligue-europeenne-de-handball-le-hbc-nantes-simpose-face-a-benfica-et-se-qualifie-pour-la-phase-de-groupes\/#primaryimage\"},\"image\":{\"@id\":\"https:\/\/dicodusport.fr\/blog\/ligue-europeenne-de-handball-le-hbc-nantes-simpose-face-a-benfica-et-se-qualifie-pour-la-phase-de-groupes\/#primaryimage\"},\"thumbnailUrl\":\"https:\/\/dicodusport.fr\/blog\/wp-content\/uploads\/2023\/11\/Ligue-europeenne-masculine-de-handball-Le-HBC-Nantes-simpose-face-a-Benfica-et-se-qualifie-pour-la-phase-de-groupes.png\",\"datePublished\":\"2023-11-28T21:31:02+00:00\",\"dateModified\":\"2023-11-28T21:38:04+00:00\",\"description\":\"HANDBALL LIGUE EUROP\u00c9ENNE - Coup double pour Nantes qui s'impose face \u00e0 Benfica pour valider sa participation \u00e0 la phase de groupes.\",\"breadcrumb\":{\"@id\":\"https:\/\/dicodusport.fr\/blog\/ligue-europeenne-de-handball-le-hbc-nantes-simpose-face-a-benfica-et-se-qualifie-pour-la-phase-de-groupes\/#breadcrumb\"},\"inLanguage\":\"fr-FR\",\"potentialAction\":[{\"@type\":\"ReadAction\",\"target\":[\"https:\/\/dicodusport.fr\/blog\/ligue-europeenne-de-handball-le-hbc-nantes-simpose-face-a-benfica-et-se-qualifie-pour-la-phase-de-groupes\/\"]}]},{\"@type\":\"ImageObject\",\"inLanguage\":\"fr-FR\",\"@id\":\"https:\/\/dicodusport.fr\/blog\/ligue-europeenne-de-handball-le-hbc-nantes-simpose-face-a-benfica-et-se-qualifie-pour-la-phase-de-groupes\/#primaryimage\",\"url\":\"https:\/\/dicodusport.fr\/blog\/wp-content\/uploads\/2023\/11\/Ligue-europeenne-masculine-de-handball-Le-HBC-Nantes-simpose-face-a-Benfica-et-se-qualifie-pour-la-phase-de-groupes.png\",\"contentUrl\":\"https:\/\/dicodusport.fr\/blog\/wp-content\/uploads\/2023\/11\/Ligue-europeenne-masculine-de-handball-Le-HBC-Nantes-simpose-face-a-Benfica-et-se-qualifie-pour-la-phase-de-groupes.png\",\"width\":1200,\"height\":674,\"caption\":\"Ligue europ\u00e9enne masculine de handball Le HBC Nantes s'impose face \u00e0 Benfica et se qualifie pour la phase de groupes\"},{\"@type\":\"BreadcrumbList\",\"@id\":\"https:\/\/dicodusport.fr\/blog\/ligue-europeenne-de-handball-le-hbc-nantes-simpose-face-a-benfica-et-se-qualifie-pour-la-phase-de-groupes\/#breadcrumb\",\"itemListElement\":[{\"@type\":\"ListItem\",\"position\":1,\"name\":\"Accueil\",\"item\":\"https:\/\/dicodusport.fr\/blog\/\"},{\"@type\":\"ListItem\",\"position\":2,\"name\":\"Ligue europ\u00e9enne de handball : Le HBC Nantes s&rsquo;impose face \u00e0 Benfica et se qualifie pour la phase de groupes\"}]},{\"@type\":\"WebSite\",\"@id\":\"https:\/\/dicodusport.fr\/blog\/#website\",\"url\":\"https:\/\/dicodusport.fr\/blog\/\",\"name\":\"Dicodusport\",\"description\":\"L&#039;encyclop\u00e9die de l&#039;actualit\u00e9 sportive\",\"publisher\":{\"@id\":\"https:\/\/dicodusport.fr\/blog\/#organization\"},\"potentialAction\":[{\"@type\":\"SearchAction\",\"target\":{\"@type\":\"EntryPoint\",\"urlTemplate\":\"https:\/\/dicodusport.fr\/blog\/?s={search_term_string}\"},\"query-input\":{\"@type\":\"PropertyValueSpecification\",\"valueRequired\":true,\"valueName\":\"search_term_string\"}}],\"inLanguage\":\"fr-FR\"},{\"@type\":\"NewsMediaOrganization\",\"@id\":\"https:\/\/dicodusport.fr\/blog\/#organization\",\"name\":\"Dicodusport\",\"url\":\"https:\/\/dicodusport.fr\/blog\/\",\"logo\":{\"@type\":\"ImageObject\",\"inLanguage\":\"fr-FR\",\"@id\":\"https:\/\/dicodusport.fr\/blog\/#\/schema\/logo\/image\/\",\"url\":\"https:\/\/dicodusport.fr\/blog\/wp-content\/uploads\/2020\/06\/cropped-LOGO-DICODUSPORT-2020-SANS-FOND-SANS-TEXTE.png\",\"contentUrl\":\"https:\/\/dicodusport.fr\/blog\/wp-content\/uploads\/2020\/06\/cropped-LOGO-DICODUSPORT-2020-SANS-FOND-SANS-TEXTE.png\",\"width\":512,\"height\":512,\"caption\":\"Dicodusport\"},\"image\":{\"@id\":\"https:\/\/dicodusport.fr\/blog\/#\/schema\/logo\/image\/\"},\"sameAs\":[\"https:\/\/www.facebook.com\/dicodusport\",\"https:\/\/x.com\/dicodusport\",\"https:\/\/www.instagram.com\/dicodusport\/\",\"https:\/\/www.youtube.com\/channel\/UC7V2KZ5sd3htJivAbA4ZG3w\"],\"description\":\"Dicodusport est l'encyclop\u00e9die de l'actualit\u00e9 sportive.\",\"email\":\"bonjour@dicodusport.fr\",\"legalName\":\"DICODUSPORT\",\"foundingDate\":\"2018-01-14\",\"vatID\":\"FR71834470973\",\"taxID\":\"83447097300043\",\"numberOfEmployees\":{\"@type\":\"QuantitativeValue\",\"minValue\":\"1\",\"maxValue\":\"10\"}},{\"@type\":\"Person\",\"@id\":\"https:\/\/dicodusport.fr\/blog\/#\/schema\/person\/cce96fa88785bd8573e3d43078ac8c79\",\"name\":\"Arlette Yeye\",\"image\":{\"@type\":\"ImageObject\",\"inLanguage\":\"fr-FR\",\"@id\":\"https:\/\/dicodusport.fr\/blog\/#\/schema\/person\/image\/\",\"url\":\"https:\/\/secure.gravatar.com\/avatar\/dca4a6239e6d708e46c45d60e160de6c?s=96&d=wp_user_avatar&r=g\",\"contentUrl\":\"https:\/\/secure.gravatar.com\/avatar\/dca4a6239e6d708e46c45d60e160de6c?s=96&d=wp_user_avatar&r=g\",\"caption\":\"Arlette Yeye\"},\"description\":\"Journaliste\/r\u00e9dactrice depuis septembre 2015 - Supportrice de Chelsea, j'ai pour sports de pr\u00e9dilection le handball, l'athl\u00e9tisme et le tennis. Si je tweete plus vite que mon ombre, vous pouvez aussi me retrouver les week-ends sur les playgrounds de Bruxelles pour un petit foot ou basket entre potes. Parcourir la France, l'Europe et plus si affinit\u00e9s pour suivre mes sportifs pr\u00e9f\u00e9r\u00e9s ? Mon kif ! Et c'est avec plaisir que je partage les r\u00e9sultats des sports populaires mais \u00e9galement plus confidentiels pour Dicodusport.\",\"sameAs\":[\"https:\/\/x.com\/https:\/\/twitter.com\/Shiclette94\"],\"url\":\"https:\/\/dicodusport.fr\/blog\/author\/arlette\/\"}]}<\/script>\n<!-- \/ Yoast SEO Premium plugin. -->","yoast_head_json":{"title":"Ligue europ\u00e9enne de handball : Le HBC Nantes s'impose face \u00e0 Benfica et se qualifie pour la phase de groupes","description":"HANDBALL LIGUE EUROP\u00c9ENNE - Coup double pour Nantes qui s'impose face \u00e0 Benfica pour valider sa participation \u00e0 la phase de groupes.","robots":{"index":"index","follow":"follow","max-snippet":"max-snippet:-1","max-image-preview":"max-image-preview:large","max-video-preview":"max-video-preview:-1"},"canonical":"https:\/\/dicodusport.fr\/blog\/ligue-europeenne-de-handball-le-hbc-nantes-simpose-face-a-benfica-et-se-qualifie-pour-la-phase-de-groupes\/","og_locale":"fr_FR","og_type":"article","og_title":"Ligue europ\u00e9enne de handball : Le HBC Nantes s'impose face \u00e0 Benfica et se qualifie pour la phase de groupes","og_description":"HANDBALL LIGUE EUROP\u00c9ENNE - Coup double pour Nantes qui s'impose face \u00e0 Benfica pour valider sa participation \u00e0 la phase de groupes.","og_url":"https:\/\/dicodusport.fr\/blog\/ligue-europeenne-de-handball-le-hbc-nantes-simpose-face-a-benfica-et-se-qualifie-pour-la-phase-de-groupes\/","og_site_name":"Dicodusport","article_publisher":"https:\/\/www.facebook.com\/dicodusport","article_published_time":"2023-11-28T21:31:02+00:00","article_modified_time":"2023-11-28T21:38:04+00:00","og_image":[{"width":1200,"height":674,"url":"https:\/\/dicodusport.fr\/blog\/wp-content\/uploads\/2023\/11\/Ligue-europeenne-masculine-de-handball-Le-HBC-Nantes-simpose-face-a-Benfica-et-se-qualifie-pour-la-phase-de-groupes.png","type":"image\/png"}],"author":"Arlette Yeye","twitter_card":"summary_large_image","twitter_title":"Ligue europ\u00e9enne de handball : Le HBC Nantes s'impose face \u00e0 Benfica et se qualifie pour la phase de groupes","twitter_creator":"@https:\/\/twitter.com\/Shiclette94","twitter_site":"@dicodusport","schema":{"@context":"https:\/\/schema.org","@graph":[{"@type":"NewsArticle","@id":"https:\/\/dicodusport.fr\/blog\/ligue-europeenne-de-handball-le-hbc-nantes-simpose-face-a-benfica-et-se-qualifie-pour-la-phase-de-groupes\/#article","isPartOf":{"@id":"https:\/\/dicodusport.fr\/blog\/ligue-europeenne-de-handball-le-hbc-nantes-simpose-face-a-benfica-et-se-qualifie-pour-la-phase-de-groupes\/"},"author":{"name":"Arlette Yeye","@id":"https:\/\/dicodusport.fr\/blog\/#\/schema\/person\/cce96fa88785bd8573e3d43078ac8c79"},"headline":"Ligue europ\u00e9enne de handball : Le HBC Nantes s&rsquo;impose face \u00e0 Benfica et se qualifie pour la phase de groupes","datePublished":"2023-11-28T21:31:02+00:00","dateModified":"2023-11-28T21:38:04+00:00","mainEntityOfPage":{"@id":"https:\/\/dicodusport.fr\/blog\/ligue-europeenne-de-handball-le-hbc-nantes-simpose-face-a-benfica-et-se-qualifie-pour-la-phase-de-groupes\/"},"wordCount":326,"commentCount":0,"publisher":{"@id":"https:\/\/dicodusport.fr\/blog\/#organization"},"image":{"@id":"https:\/\/dicodusport.fr\/blog\/ligue-europeenne-de-handball-le-hbc-nantes-simpose-face-a-benfica-et-se-qualifie-pour-la-phase-de-groupes\/#primaryimage"},"thumbnailUrl":"https:\/\/dicodusport.fr\/blog\/wp-content\/uploads\/2023\/11\/Ligue-europeenne-masculine-de-handball-Le-HBC-Nantes-simpose-face-a-Benfica-et-se-qualifie-pour-la-phase-de-groupes.png","keywords":["br\u00e8ve","HBC Nantes","Ligue europ\u00e9enne de handball"],"articleSection":["Handball"],"inLanguage":"fr-FR","potentialAction":[{"@type":"CommentAction","name":"Comment","target":["https:\/\/dicodusport.fr\/blog\/ligue-europeenne-de-handball-le-hbc-nantes-simpose-face-a-benfica-et-se-qualifie-pour-la-phase-de-groupes\/#respond"]}],"copyrightYear":"2023","copyrightHolder":{"@id":"https:\/\/dicodusport.fr\/blog\/#organization"}},{"@type":"WebPage","@id":"https:\/\/dicodusport.fr\/blog\/ligue-europeenne-de-handball-le-hbc-nantes-simpose-face-a-benfica-et-se-qualifie-pour-la-phase-de-groupes\/","url":"https:\/\/dicodusport.fr\/blog\/ligue-europeenne-de-handball-le-hbc-nantes-simpose-face-a-benfica-et-se-qualifie-pour-la-phase-de-groupes\/","name":"Ligue europ\u00e9enne de handball : Le HBC Nantes s'impose face \u00e0 Benfica et se qualifie pour la phase de groupes","isPartOf":{"@id":"https:\/\/dicodusport.fr\/blog\/#website"},"primaryImageOfPage":{"@id":"https:\/\/dicodusport.fr\/blog\/ligue-europeenne-de-handball-le-hbc-nantes-simpose-face-a-benfica-et-se-qualifie-pour-la-phase-de-groupes\/#primaryimage"},"image":{"@id":"https:\/\/dicodusport.fr\/blog\/ligue-europeenne-de-handball-le-hbc-nantes-simpose-face-a-benfica-et-se-qualifie-pour-la-phase-de-groupes\/#primaryimage"},"thumbnailUrl":"https:\/\/dicodusport.fr\/blog\/wp-content\/uploads\/2023\/11\/Ligue-europeenne-masculine-de-handball-Le-HBC-Nantes-simpose-face-a-Benfica-et-se-qualifie-pour-la-phase-de-groupes.png","datePublished":"2023-11-28T21:31:02+00:00","dateModified":"2023-11-28T21:38:04+00:00","description":"HANDBALL LIGUE EUROP\u00c9ENNE - Coup double pour Nantes qui s'impose face \u00e0 Benfica pour valider sa participation \u00e0 la phase de groupes.","breadcrumb":{"@id":"https:\/\/dicodusport.fr\/blog\/ligue-europeenne-de-handball-le-hbc-nantes-simpose-face-a-benfica-et-se-qualifie-pour-la-phase-de-groupes\/#breadcrumb"},"inLanguage":"fr-FR","potentialAction":[{"@type":"ReadAction","target":["https:\/\/dicodusport.fr\/blog\/ligue-europeenne-de-handball-le-hbc-nantes-simpose-face-a-benfica-et-se-qualifie-pour-la-phase-de-groupes\/"]}]},{"@type":"ImageObject","inLanguage":"fr-FR","@id":"https:\/\/dicodusport.fr\/blog\/ligue-europeenne-de-handball-le-hbc-nantes-simpose-face-a-benfica-et-se-qualifie-pour-la-phase-de-groupes\/#primaryimage","url":"https:\/\/dicodusport.fr\/blog\/wp-content\/uploads\/2023\/11\/Ligue-europeenne-masculine-de-handball-Le-HBC-Nantes-simpose-face-a-Benfica-et-se-qualifie-pour-la-phase-de-groupes.png","contentUrl":"https:\/\/dicodusport.fr\/blog\/wp-content\/uploads\/2023\/11\/Ligue-europeenne-masculine-de-handball-Le-HBC-Nantes-simpose-face-a-Benfica-et-se-qualifie-pour-la-phase-de-groupes.png","width":1200,"height":674,"caption":"Ligue europ\u00e9enne masculine de handball Le HBC Nantes s'impose face \u00e0 Benfica et se qualifie pour la phase de groupes"},{"@type":"BreadcrumbList","@id":"https:\/\/dicodusport.fr\/blog\/ligue-europeenne-de-handball-le-hbc-nantes-simpose-face-a-benfica-et-se-qualifie-pour-la-phase-de-groupes\/#breadcrumb","itemListElement":[{"@type":"ListItem","position":1,"name":"Accueil","item":"https:\/\/dicodusport.fr\/blog\/"},{"@type":"ListItem","position":2,"name":"Ligue europ\u00e9enne de handball : Le HBC Nantes s&rsquo;impose face \u00e0 Benfica et se qualifie pour la phase de groupes"}]},{"@type":"WebSite","@id":"https:\/\/dicodusport.fr\/blog\/#website","url":"https:\/\/dicodusport.fr\/blog\/","name":"Dicodusport","description":"L&#039;encyclop\u00e9die de l&#039;actualit\u00e9 sportive","publisher":{"@id":"https:\/\/dicodusport.fr\/blog\/#organization"},"potentialAction":[{"@type":"SearchAction","target":{"@type":"EntryPoint","urlTemplate":"https:\/\/dicodusport.fr\/blog\/?s={search_term_string}"},"query-input":{"@type":"PropertyValueSpecification","valueRequired":true,"valueName":"search_term_string"}}],"inLanguage":"fr-FR"},{"@type":"NewsMediaOrganization","@id":"https:\/\/dicodusport.fr\/blog\/#organization","name":"Dicodusport","url":"https:\/\/dicodusport.fr\/blog\/","logo":{"@type":"ImageObject","inLanguage":"fr-FR","@id":"https:\/\/dicodusport.fr\/blog\/#\/schema\/logo\/image\/","url":"https:\/\/dicodusport.fr\/blog\/wp-content\/uploads\/2020\/06\/cropped-LOGO-DICODUSPORT-2020-SANS-FOND-SANS-TEXTE.png","contentUrl":"https:\/\/dicodusport.fr\/blog\/wp-content\/uploads\/2020\/06\/cropped-LOGO-DICODUSPORT-2020-SANS-FOND-SANS-TEXTE.png","width":512,"height":512,"caption":"Dicodusport"},"image":{"@id":"https:\/\/dicodusport.fr\/blog\/#\/schema\/logo\/image\/"},"sameAs":["https:\/\/www.facebook.com\/dicodusport","https:\/\/x.com\/dicodusport","https:\/\/www.instagram.com\/dicodusport\/","https:\/\/www.youtube.com\/channel\/UC7V2KZ5sd3htJivAbA4ZG3w"],"description":"Dicodusport est l'encyclop\u00e9die de l'actualit\u00e9 sportive.","email":"bonjour@dicodusport.fr","legalName":"DICODUSPORT","foundingDate":"2018-01-14","vatID":"FR71834470973","taxID":"83447097300043","numberOfEmployees":{"@type":"QuantitativeValue","minValue":"1","maxValue":"10"}},{"@type":"Person","@id":"https:\/\/dicodusport.fr\/blog\/#\/schema\/person\/cce96fa88785bd8573e3d43078ac8c79","name":"Arlette Yeye","image":{"@type":"ImageObject","inLanguage":"fr-FR","@id":"https:\/\/dicodusport.fr\/blog\/#\/schema\/person\/image\/","url":"https:\/\/secure.gravatar.com\/avatar\/dca4a6239e6d708e46c45d60e160de6c?s=96&d=wp_user_avatar&r=g","contentUrl":"https:\/\/secure.gravatar.com\/avatar\/dca4a6239e6d708e46c45d60e160de6c?s=96&d=wp_user_avatar&r=g","caption":"Arlette Yeye"},"description":"Journaliste\/r\u00e9dactrice depuis septembre 2015 - Supportrice de Chelsea, j'ai pour sports de pr\u00e9dilection le handball, l'athl\u00e9tisme et le tennis. Si je tweete plus vite que mon ombre, vous pouvez aussi me retrouver les week-ends sur les playgrounds de Bruxelles pour un petit foot ou basket entre potes. Parcourir la France, l'Europe et plus si affinit\u00e9s pour suivre mes sportifs pr\u00e9f\u00e9r\u00e9s ? Mon kif ! Et c'est avec plaisir que je partage les r\u00e9sultats des sports populaires mais \u00e9galement plus confidentiels pour Dicodusport.","sameAs":["https:\/\/x.com\/https:\/\/twitter.com\/Shiclette94"],"url":"https:\/\/dicodusport.fr\/blog\/author\/arlette\/"}]}},"_links":{"self":[{"href":"https:\/\/dicodusport.fr\/blog\/wp-json\/wp\/v2\/posts\/440939","targetHints":{"allow":["GET"]}}],"collection":[{"href":"https:\/\/dicodusport.fr\/blog\/wp-json\/wp\/v2\/posts"}],"about":[{"href":"https:\/\/dicodusport.fr\/blog\/wp-json\/wp\/v2\/types\/post"}],"author":[{"embeddable":true,"href":"https:\/\/dicodusport.fr\/blog\/wp-json\/wp\/v2\/users\/12"}],"replies":[{"embeddable":true,"href":"https:\/\/dicodusport.fr\/blog\/wp-json\/wp\/v2\/comments?post=440939"}],"version-history":[{"count":2,"href":"https:\/\/dicodusport.fr\/blog\/wp-json\/wp\/v2\/posts\/440939\/revisions"}],"predecessor-version":[{"id":440949,"href":"https:\/\/dicodusport.fr\/blog\/wp-json\/wp\/v2\/posts\/440939\/revisions\/440949"}],"wp:featuredmedia":[{"embeddable":true,"href":"https:\/\/dicodusport.fr\/blog\/wp-json\/wp\/v2\/media\/440955"}],"wp:attachment":[{"href":"https:\/\/dicodusport.fr\/blog\/wp-json\/wp\/v2\/media?parent=440939"}],"wp:term":[{"taxonomy":"category","embeddable":true,"href":"https:\/\/dicodusport.fr\/blog\/wp-json\/wp\/v2\/categories?post=440939"},{"taxonomy":"post_tag","embeddable":true,"href":"https:\/\/dicodusport.fr\/blog\/wp-json\/wp\/v2\/tags?post=440939"}],"curies":[{"name":"wp","href":"https:\/\/api.w.org\/{rel}","templated":true}]}}