{"id":441313,"date":"2023-11-30T11:42:06","date_gmt":"2023-11-30T10:42:06","guid":{"rendered":"https:\/\/dicodusport.fr\/blog\/?p=441313&#038;preview=true&#038;preview_id=441313"},"modified":"2023-11-30T19:58:45","modified_gmt":"2023-11-30T18:58:45","slug":"ostersund-relais-hommes-emilien-claude-forfait","status":"publish","type":"post","link":"https:\/\/dicodusport.fr\/blog\/ostersund-relais-hommes-emilien-claude-forfait\/","title":{"rendered":"Ostersund Relais hommes : \u00c9milien Claude forfait"},"content":{"rendered":"<p style=\"text-align: justify;\"><em><strong><a href=\"https:\/\/dicodusport.fr\/blog\/coupe-du-monde-de-biathlon-2023-2024-le-calendrier-complet\/\">COUPE DU MONDE DE BIATHLON 2023-2024<\/a> &#8211; Malade, \u00c9milien Claude doit d\u00e9clarer forfait pour le relias d&rsquo;Ostersund et est remplac\u00e9 par \u00c9ric Perrot.<\/strong><\/em><\/p>\n<ul>\n<li style=\"text-align: justify;\"><strong>\u00c0 ce sujet \u2013 <a href=\"https:\/\/dicodusport.fr\/blog\/ostersund-2023-biathlon-startlist-relais-hommes\/\" target=\"_blank\" rel=\"noopener\">Biathlon Ostersund 2023 \u2013 Startlist Relais hommes<\/a><\/strong><\/li>\n<\/ul>\n<p style=\"text-align: justify;\"><strong>\u00c9milien<\/strong> <strong>Claude<\/strong> a fait son meilleur r\u00e9sultat en Coupe du monde dimanche, avec une dixi\u00e8me place sur l&rsquo;individuel d&rsquo;<strong>Ostersund<\/strong>. Il a \u00e9t\u00e9 r\u00e9compens\u00e9 par le staff des <strong>Bleus<\/strong> en \u00e9tant s\u00e9lectionn\u00e9 dans le relais, pour \u00eatre le lanceur de l&rsquo;\u00e9quipe, et participer \u00e0 sa premi\u00e8re course collective en Coupe du monde.<\/p>\n<p style=\"text-align: justify;\">Mais <strong>\u00c9milien<\/strong> <strong>Claude<\/strong> doit renoncer au dernier moment, puisqu&rsquo;il est malade. Il sera remplac\u00e9 par <strong>\u00c9ric<\/strong> <strong>Perrot<\/strong>, qui a d\u00e9j\u00e0 particip\u00e9 \u00e0 plusieurs relais \u00e0 ce niveau. Avec la m\u00e9saventure de <strong>Chlo\u00e9<\/strong> <strong>Chevalier<\/strong> sur le relais f\u00e9minin mercredi, le staff de l&rsquo;\u00e9quipe de France n&rsquo;a probablement voulu prendre aucun risque.<\/p>\n<p style=\"text-align: justify;\"><strong>\u00c9milien<\/strong> <strong>Claude<\/strong> va tenter de se soigner avec, pour objectif, d&rsquo;\u00eatre pr\u00eat pour le sprint qui aura lieu samedi. Une poursuite est aussi pr\u00e9vue le dimanche pour les 60 premiers la veille.<\/p>\n<p style=\"text-align: justify;\"><img loading=\"lazy\" decoding=\"async\" class=\"wp-image-441315 size-full aligncenter\" src=\"https:\/\/dicodusport.fr\/blog\/wp-content\/uploads\/2023\/11\/Capture-claude-dorfait.webp\" alt=\"\" width=\"513\" height=\"817\" srcset=\"https:\/\/dicodusport.fr\/blog\/wp-content\/uploads\/2023\/11\/Capture-claude-dorfait.webp 513w, https:\/\/dicodusport.fr\/blog\/wp-content\/uploads\/2023\/11\/Capture-claude-dorfait-188x300.webp 188w\" sizes=\"auto, (max-width: 513px) 100vw, 513px\" \/><\/p>\n","protected":false},"excerpt":{"rendered":"<p>COUPE DU MONDE DE BIATHLON 2023-2024 &#8211; Malade, \u00c9milien Claude doit d\u00e9clarer forfait pour le relias d&rsquo;Ostersund et est remplac\u00e9 par \u00c9ric Perrot.<\/p>\n","protected":false},"author":1,"featured_media":441314,"comment_status":"open","ping_status":"closed","sticky":false,"template":"","format":"standard","meta":{"_acf_changed":false,"_daextam_enable_autolinks":"1","footnotes":""},"categories":[47040],"tags":[16878,14832,15233],"class_list":["post-441313","post","type-post","status-publish","format-standard","has-post-thumbnail","hentry","category-coupe-du-monde-de-biathlon","tag-breve","tag-emilien-claude","tag-eric-perrot"],"acf":[],"yoast_head":"<!-- This site is optimized with the Yoast SEO Premium plugin v26.7 (Yoast SEO v26.7) - https:\/\/yoast.com\/wordpress\/plugins\/seo\/ -->\n<title>Ostersund Relais hommes : \u00c9milien Claude forfait<\/title>\n<meta name=\"description\" content=\"COUPE DU MONDE DE BIATHLON 2023-2024 - Malade, \u00c9milien Claude doit d\u00e9clarer forfait pour le relias d&#039;Ostersund et est remplac\u00e9 par \u00c9ric Perrot.\" \/>\n<meta name=\"robots\" content=\"index, follow, max-snippet:-1, max-image-preview:large, max-video-preview:-1\" \/>\n<link rel=\"canonical\" href=\"https:\/\/dicodusport.fr\/blog\/ostersund-relais-hommes-emilien-claude-forfait\/\" \/>\n<meta property=\"og:locale\" content=\"fr_FR\" \/>\n<meta property=\"og:type\" content=\"article\" \/>\n<meta property=\"og:title\" content=\"Ostersund Relais hommes : \u00c9milien Claude forfait\" \/>\n<meta property=\"og:description\" content=\"COUPE DU MONDE DE BIATHLON 2023-2024 - Malade, \u00c9milien Claude doit d\u00e9clarer forfait pour le relias d&#039;Ostersund et est remplac\u00e9 par \u00c9ric Perrot.\" \/>\n<meta property=\"og:url\" content=\"https:\/\/dicodusport.fr\/blog\/ostersund-relais-hommes-emilien-claude-forfait\/\" \/>\n<meta property=\"og:site_name\" content=\"Dicodusport\" \/>\n<meta property=\"article:publisher\" content=\"https:\/\/www.facebook.com\/dicodusport\" \/>\n<meta property=\"article:author\" content=\"https:\/\/www.facebook.com\/dicodusport\" \/>\n<meta property=\"article:published_time\" content=\"2023-11-30T10:42:06+00:00\" \/>\n<meta property=\"article:modified_time\" content=\"2023-11-30T18:58:45+00:00\" \/>\n<meta property=\"og:image\" content=\"https:\/\/dicodusport.fr\/blog\/wp-content\/uploads\/2023\/11\/Ostersund-Relais-hommes-Emilien-Claude-forfait.png\" \/>\n\t<meta property=\"og:image:width\" content=\"1200\" \/>\n\t<meta property=\"og:image:height\" content=\"674\" \/>\n\t<meta property=\"og:image:type\" content=\"image\/png\" \/>\n<meta name=\"author\" content=\"Nicolas Jacquemard\" \/>\n<meta name=\"twitter:card\" content=\"summary_large_image\" \/>\n<meta name=\"twitter:title\" content=\"Ostersund Relais hommes : \u00c9milien Claude forfait\" \/>\n<meta name=\"twitter:creator\" content=\"@https:\/\/twitter.com\/Nico_Jacquemard\" \/>\n<meta name=\"twitter:site\" content=\"@dicodusport\" \/>\n<script type=\"application\/ld+json\" class=\"yoast-schema-graph\">{\"@context\":\"https:\/\/schema.org\",\"@graph\":[{\"@type\":\"NewsArticle\",\"@id\":\"https:\/\/dicodusport.fr\/blog\/ostersund-relais-hommes-emilien-claude-forfait\/#article\",\"isPartOf\":{\"@id\":\"https:\/\/dicodusport.fr\/blog\/ostersund-relais-hommes-emilien-claude-forfait\/\"},\"author\":{\"name\":\"Nicolas Jacquemard\",\"@id\":\"https:\/\/dicodusport.fr\/blog\/#\/schema\/person\/55dcb50ad410894e431ed812bbb70191\"},\"headline\":\"Ostersund Relais hommes : \u00c9milien Claude forfait\",\"datePublished\":\"2023-11-30T10:42:06+00:00\",\"dateModified\":\"2023-11-30T18:58:45+00:00\",\"mainEntityOfPage\":{\"@id\":\"https:\/\/dicodusport.fr\/blog\/ostersund-relais-hommes-emilien-claude-forfait\/\"},\"wordCount\":184,\"commentCount\":0,\"publisher\":{\"@id\":\"https:\/\/dicodusport.fr\/blog\/#organization\"},\"image\":{\"@id\":\"https:\/\/dicodusport.fr\/blog\/ostersund-relais-hommes-emilien-claude-forfait\/#primaryimage\"},\"thumbnailUrl\":\"https:\/\/dicodusport.fr\/blog\/wp-content\/uploads\/2023\/11\/Ostersund-Relais-hommes-Emilien-Claude-forfait.png\",\"keywords\":[\"br\u00e8ve\",\"Emilien Claude\",\"Eric Perrot\"],\"articleSection\":[\"Coupe du monde de biathlon\"],\"inLanguage\":\"fr-FR\",\"potentialAction\":[{\"@type\":\"CommentAction\",\"name\":\"Comment\",\"target\":[\"https:\/\/dicodusport.fr\/blog\/ostersund-relais-hommes-emilien-claude-forfait\/#respond\"]}],\"copyrightYear\":\"2023\",\"copyrightHolder\":{\"@id\":\"https:\/\/dicodusport.fr\/blog\/#organization\"}},{\"@type\":\"WebPage\",\"@id\":\"https:\/\/dicodusport.fr\/blog\/ostersund-relais-hommes-emilien-claude-forfait\/\",\"url\":\"https:\/\/dicodusport.fr\/blog\/ostersund-relais-hommes-emilien-claude-forfait\/\",\"name\":\"Ostersund Relais hommes : \u00c9milien Claude forfait\",\"isPartOf\":{\"@id\":\"https:\/\/dicodusport.fr\/blog\/#website\"},\"primaryImageOfPage\":{\"@id\":\"https:\/\/dicodusport.fr\/blog\/ostersund-relais-hommes-emilien-claude-forfait\/#primaryimage\"},\"image\":{\"@id\":\"https:\/\/dicodusport.fr\/blog\/ostersund-relais-hommes-emilien-claude-forfait\/#primaryimage\"},\"thumbnailUrl\":\"https:\/\/dicodusport.fr\/blog\/wp-content\/uploads\/2023\/11\/Ostersund-Relais-hommes-Emilien-Claude-forfait.png\",\"datePublished\":\"2023-11-30T10:42:06+00:00\",\"dateModified\":\"2023-11-30T18:58:45+00:00\",\"description\":\"COUPE DU MONDE DE BIATHLON 2023-2024 - Malade, \u00c9milien Claude doit d\u00e9clarer forfait pour le relias d'Ostersund et est remplac\u00e9 par \u00c9ric Perrot.\",\"breadcrumb\":{\"@id\":\"https:\/\/dicodusport.fr\/blog\/ostersund-relais-hommes-emilien-claude-forfait\/#breadcrumb\"},\"inLanguage\":\"fr-FR\",\"potentialAction\":[{\"@type\":\"ReadAction\",\"target\":[\"https:\/\/dicodusport.fr\/blog\/ostersund-relais-hommes-emilien-claude-forfait\/\"]}]},{\"@type\":\"ImageObject\",\"inLanguage\":\"fr-FR\",\"@id\":\"https:\/\/dicodusport.fr\/blog\/ostersund-relais-hommes-emilien-claude-forfait\/#primaryimage\",\"url\":\"https:\/\/dicodusport.fr\/blog\/wp-content\/uploads\/2023\/11\/Ostersund-Relais-hommes-Emilien-Claude-forfait.png\",\"contentUrl\":\"https:\/\/dicodusport.fr\/blog\/wp-content\/uploads\/2023\/11\/Ostersund-Relais-hommes-Emilien-Claude-forfait.png\",\"width\":1200,\"height\":674},{\"@type\":\"BreadcrumbList\",\"@id\":\"https:\/\/dicodusport.fr\/blog\/ostersund-relais-hommes-emilien-claude-forfait\/#breadcrumb\",\"itemListElement\":[{\"@type\":\"ListItem\",\"position\":1,\"name\":\"Accueil\",\"item\":\"https:\/\/dicodusport.fr\/blog\/\"},{\"@type\":\"ListItem\",\"position\":2,\"name\":\"Ostersund Relais hommes : \u00c9milien Claude forfait\"}]},{\"@type\":\"WebSite\",\"@id\":\"https:\/\/dicodusport.fr\/blog\/#website\",\"url\":\"https:\/\/dicodusport.fr\/blog\/\",\"name\":\"Dicodusport\",\"description\":\"L&#039;encyclop\u00e9die de l&#039;actualit\u00e9 sportive\",\"publisher\":{\"@id\":\"https:\/\/dicodusport.fr\/blog\/#organization\"},\"potentialAction\":[{\"@type\":\"SearchAction\",\"target\":{\"@type\":\"EntryPoint\",\"urlTemplate\":\"https:\/\/dicodusport.fr\/blog\/?s={search_term_string}\"},\"query-input\":{\"@type\":\"PropertyValueSpecification\",\"valueRequired\":true,\"valueName\":\"search_term_string\"}}],\"inLanguage\":\"fr-FR\"},{\"@type\":\"NewsMediaOrganization\",\"@id\":\"https:\/\/dicodusport.fr\/blog\/#organization\",\"name\":\"Dicodusport\",\"url\":\"https:\/\/dicodusport.fr\/blog\/\",\"logo\":{\"@type\":\"ImageObject\",\"inLanguage\":\"fr-FR\",\"@id\":\"https:\/\/dicodusport.fr\/blog\/#\/schema\/logo\/image\/\",\"url\":\"https:\/\/dicodusport.fr\/blog\/wp-content\/uploads\/2020\/06\/cropped-LOGO-DICODUSPORT-2020-SANS-FOND-SANS-TEXTE.png\",\"contentUrl\":\"https:\/\/dicodusport.fr\/blog\/wp-content\/uploads\/2020\/06\/cropped-LOGO-DICODUSPORT-2020-SANS-FOND-SANS-TEXTE.png\",\"width\":512,\"height\":512,\"caption\":\"Dicodusport\"},\"image\":{\"@id\":\"https:\/\/dicodusport.fr\/blog\/#\/schema\/logo\/image\/\"},\"sameAs\":[\"https:\/\/www.facebook.com\/dicodusport\",\"https:\/\/x.com\/dicodusport\",\"https:\/\/www.instagram.com\/dicodusport\/\",\"https:\/\/www.youtube.com\/channel\/UC7V2KZ5sd3htJivAbA4ZG3w\"],\"description\":\"Dicodusport est l'encyclop\u00e9die de l'actualit\u00e9 sportive.\",\"email\":\"bonjour@dicodusport.fr\",\"legalName\":\"DICODUSPORT\",\"foundingDate\":\"2018-01-14\",\"vatID\":\"FR71834470973\",\"taxID\":\"83447097300043\",\"numberOfEmployees\":{\"@type\":\"QuantitativeValue\",\"minValue\":\"1\",\"maxValue\":\"10\"}},{\"@type\":\"Person\",\"@id\":\"https:\/\/dicodusport.fr\/blog\/#\/schema\/person\/55dcb50ad410894e431ed812bbb70191\",\"name\":\"Nicolas Jacquemard\",\"image\":{\"@type\":\"ImageObject\",\"inLanguage\":\"fr-FR\",\"@id\":\"https:\/\/dicodusport.fr\/blog\/#\/schema\/person\/image\/\",\"url\":\"https:\/\/dicodusport.fr\/blog\/wp-content\/uploads\/2021\/05\/Nicolas-Jacquemard-150x150.jpeg\",\"contentUrl\":\"https:\/\/dicodusport.fr\/blog\/wp-content\/uploads\/2021\/05\/Nicolas-Jacquemard-150x150.jpeg\",\"caption\":\"Nicolas Jacquemard\"},\"description\":\"Passionn\u00e9 de sport et entrepreneur depuis mes 18 ans, la cr\u00e9ation de Dicodusport m'a sembl\u00e9 \u00e9vidente pour participer \u00e0 la m\u00e9diatisation d'un plus grand nombre de sports. Le chemin est long mais avec une \u00e9quipe des plus motiv\u00e9es et les Jeux Olympiques de Paris 2024 en point de mire, nous y arriverons ! Journaliste dans le monde du sport depuis plus de 5 ans, je traite aussi bien de football, de rugby, de biathlon que de cyclisme.\",\"sameAs\":[\"https:\/\/www.facebook.com\/dicodusport\",\"https:\/\/x.com\/https:\/\/twitter.com\/Nico_Jacquemard\"],\"url\":\"https:\/\/dicodusport.fr\/blog\/author\/dicodusport\/\"}]}<\/script>\n<!-- \/ Yoast SEO Premium plugin. -->","yoast_head_json":{"title":"Ostersund Relais hommes : \u00c9milien Claude forfait","description":"COUPE DU MONDE DE BIATHLON 2023-2024 - Malade, \u00c9milien Claude doit d\u00e9clarer forfait pour le relias d'Ostersund et est remplac\u00e9 par \u00c9ric Perrot.","robots":{"index":"index","follow":"follow","max-snippet":"max-snippet:-1","max-image-preview":"max-image-preview:large","max-video-preview":"max-video-preview:-1"},"canonical":"https:\/\/dicodusport.fr\/blog\/ostersund-relais-hommes-emilien-claude-forfait\/","og_locale":"fr_FR","og_type":"article","og_title":"Ostersund Relais hommes : \u00c9milien Claude forfait","og_description":"COUPE DU MONDE DE BIATHLON 2023-2024 - Malade, \u00c9milien Claude doit d\u00e9clarer forfait pour le relias d'Ostersund et est remplac\u00e9 par \u00c9ric Perrot.","og_url":"https:\/\/dicodusport.fr\/blog\/ostersund-relais-hommes-emilien-claude-forfait\/","og_site_name":"Dicodusport","article_publisher":"https:\/\/www.facebook.com\/dicodusport","article_author":"https:\/\/www.facebook.com\/dicodusport","article_published_time":"2023-11-30T10:42:06+00:00","article_modified_time":"2023-11-30T18:58:45+00:00","og_image":[{"width":1200,"height":674,"url":"https:\/\/dicodusport.fr\/blog\/wp-content\/uploads\/2023\/11\/Ostersund-Relais-hommes-Emilien-Claude-forfait.png","type":"image\/png"}],"author":"Nicolas Jacquemard","twitter_card":"summary_large_image","twitter_title":"Ostersund Relais hommes : \u00c9milien Claude forfait","twitter_creator":"@https:\/\/twitter.com\/Nico_Jacquemard","twitter_site":"@dicodusport","schema":{"@context":"https:\/\/schema.org","@graph":[{"@type":"NewsArticle","@id":"https:\/\/dicodusport.fr\/blog\/ostersund-relais-hommes-emilien-claude-forfait\/#article","isPartOf":{"@id":"https:\/\/dicodusport.fr\/blog\/ostersund-relais-hommes-emilien-claude-forfait\/"},"author":{"name":"Nicolas Jacquemard","@id":"https:\/\/dicodusport.fr\/blog\/#\/schema\/person\/55dcb50ad410894e431ed812bbb70191"},"headline":"Ostersund Relais hommes : \u00c9milien Claude forfait","datePublished":"2023-11-30T10:42:06+00:00","dateModified":"2023-11-30T18:58:45+00:00","mainEntityOfPage":{"@id":"https:\/\/dicodusport.fr\/blog\/ostersund-relais-hommes-emilien-claude-forfait\/"},"wordCount":184,"commentCount":0,"publisher":{"@id":"https:\/\/dicodusport.fr\/blog\/#organization"},"image":{"@id":"https:\/\/dicodusport.fr\/blog\/ostersund-relais-hommes-emilien-claude-forfait\/#primaryimage"},"thumbnailUrl":"https:\/\/dicodusport.fr\/blog\/wp-content\/uploads\/2023\/11\/Ostersund-Relais-hommes-Emilien-Claude-forfait.png","keywords":["br\u00e8ve","Emilien Claude","Eric Perrot"],"articleSection":["Coupe du monde de biathlon"],"inLanguage":"fr-FR","potentialAction":[{"@type":"CommentAction","name":"Comment","target":["https:\/\/dicodusport.fr\/blog\/ostersund-relais-hommes-emilien-claude-forfait\/#respond"]}],"copyrightYear":"2023","copyrightHolder":{"@id":"https:\/\/dicodusport.fr\/blog\/#organization"}},{"@type":"WebPage","@id":"https:\/\/dicodusport.fr\/blog\/ostersund-relais-hommes-emilien-claude-forfait\/","url":"https:\/\/dicodusport.fr\/blog\/ostersund-relais-hommes-emilien-claude-forfait\/","name":"Ostersund Relais hommes : \u00c9milien Claude forfait","isPartOf":{"@id":"https:\/\/dicodusport.fr\/blog\/#website"},"primaryImageOfPage":{"@id":"https:\/\/dicodusport.fr\/blog\/ostersund-relais-hommes-emilien-claude-forfait\/#primaryimage"},"image":{"@id":"https:\/\/dicodusport.fr\/blog\/ostersund-relais-hommes-emilien-claude-forfait\/#primaryimage"},"thumbnailUrl":"https:\/\/dicodusport.fr\/blog\/wp-content\/uploads\/2023\/11\/Ostersund-Relais-hommes-Emilien-Claude-forfait.png","datePublished":"2023-11-30T10:42:06+00:00","dateModified":"2023-11-30T18:58:45+00:00","description":"COUPE DU MONDE DE BIATHLON 2023-2024 - Malade, \u00c9milien Claude doit d\u00e9clarer forfait pour le relias d'Ostersund et est remplac\u00e9 par \u00c9ric Perrot.","breadcrumb":{"@id":"https:\/\/dicodusport.fr\/blog\/ostersund-relais-hommes-emilien-claude-forfait\/#breadcrumb"},"inLanguage":"fr-FR","potentialAction":[{"@type":"ReadAction","target":["https:\/\/dicodusport.fr\/blog\/ostersund-relais-hommes-emilien-claude-forfait\/"]}]},{"@type":"ImageObject","inLanguage":"fr-FR","@id":"https:\/\/dicodusport.fr\/blog\/ostersund-relais-hommes-emilien-claude-forfait\/#primaryimage","url":"https:\/\/dicodusport.fr\/blog\/wp-content\/uploads\/2023\/11\/Ostersund-Relais-hommes-Emilien-Claude-forfait.png","contentUrl":"https:\/\/dicodusport.fr\/blog\/wp-content\/uploads\/2023\/11\/Ostersund-Relais-hommes-Emilien-Claude-forfait.png","width":1200,"height":674},{"@type":"BreadcrumbList","@id":"https:\/\/dicodusport.fr\/blog\/ostersund-relais-hommes-emilien-claude-forfait\/#breadcrumb","itemListElement":[{"@type":"ListItem","position":1,"name":"Accueil","item":"https:\/\/dicodusport.fr\/blog\/"},{"@type":"ListItem","position":2,"name":"Ostersund Relais hommes : \u00c9milien Claude forfait"}]},{"@type":"WebSite","@id":"https:\/\/dicodusport.fr\/blog\/#website","url":"https:\/\/dicodusport.fr\/blog\/","name":"Dicodusport","description":"L&#039;encyclop\u00e9die de l&#039;actualit\u00e9 sportive","publisher":{"@id":"https:\/\/dicodusport.fr\/blog\/#organization"},"potentialAction":[{"@type":"SearchAction","target":{"@type":"EntryPoint","urlTemplate":"https:\/\/dicodusport.fr\/blog\/?s={search_term_string}"},"query-input":{"@type":"PropertyValueSpecification","valueRequired":true,"valueName":"search_term_string"}}],"inLanguage":"fr-FR"},{"@type":"NewsMediaOrganization","@id":"https:\/\/dicodusport.fr\/blog\/#organization","name":"Dicodusport","url":"https:\/\/dicodusport.fr\/blog\/","logo":{"@type":"ImageObject","inLanguage":"fr-FR","@id":"https:\/\/dicodusport.fr\/blog\/#\/schema\/logo\/image\/","url":"https:\/\/dicodusport.fr\/blog\/wp-content\/uploads\/2020\/06\/cropped-LOGO-DICODUSPORT-2020-SANS-FOND-SANS-TEXTE.png","contentUrl":"https:\/\/dicodusport.fr\/blog\/wp-content\/uploads\/2020\/06\/cropped-LOGO-DICODUSPORT-2020-SANS-FOND-SANS-TEXTE.png","width":512,"height":512,"caption":"Dicodusport"},"image":{"@id":"https:\/\/dicodusport.fr\/blog\/#\/schema\/logo\/image\/"},"sameAs":["https:\/\/www.facebook.com\/dicodusport","https:\/\/x.com\/dicodusport","https:\/\/www.instagram.com\/dicodusport\/","https:\/\/www.youtube.com\/channel\/UC7V2KZ5sd3htJivAbA4ZG3w"],"description":"Dicodusport est l'encyclop\u00e9die de l'actualit\u00e9 sportive.","email":"bonjour@dicodusport.fr","legalName":"DICODUSPORT","foundingDate":"2018-01-14","vatID":"FR71834470973","taxID":"83447097300043","numberOfEmployees":{"@type":"QuantitativeValue","minValue":"1","maxValue":"10"}},{"@type":"Person","@id":"https:\/\/dicodusport.fr\/blog\/#\/schema\/person\/55dcb50ad410894e431ed812bbb70191","name":"Nicolas Jacquemard","image":{"@type":"ImageObject","inLanguage":"fr-FR","@id":"https:\/\/dicodusport.fr\/blog\/#\/schema\/person\/image\/","url":"https:\/\/dicodusport.fr\/blog\/wp-content\/uploads\/2021\/05\/Nicolas-Jacquemard-150x150.jpeg","contentUrl":"https:\/\/dicodusport.fr\/blog\/wp-content\/uploads\/2021\/05\/Nicolas-Jacquemard-150x150.jpeg","caption":"Nicolas Jacquemard"},"description":"Passionn\u00e9 de sport et entrepreneur depuis mes 18 ans, la cr\u00e9ation de Dicodusport m'a sembl\u00e9 \u00e9vidente pour participer \u00e0 la m\u00e9diatisation d'un plus grand nombre de sports. Le chemin est long mais avec une \u00e9quipe des plus motiv\u00e9es et les Jeux Olympiques de Paris 2024 en point de mire, nous y arriverons ! Journaliste dans le monde du sport depuis plus de 5 ans, je traite aussi bien de football, de rugby, de biathlon que de cyclisme.","sameAs":["https:\/\/www.facebook.com\/dicodusport","https:\/\/x.com\/https:\/\/twitter.com\/Nico_Jacquemard"],"url":"https:\/\/dicodusport.fr\/blog\/author\/dicodusport\/"}]}},"_links":{"self":[{"href":"https:\/\/dicodusport.fr\/blog\/wp-json\/wp\/v2\/posts\/441313","targetHints":{"allow":["GET"]}}],"collection":[{"href":"https:\/\/dicodusport.fr\/blog\/wp-json\/wp\/v2\/posts"}],"about":[{"href":"https:\/\/dicodusport.fr\/blog\/wp-json\/wp\/v2\/types\/post"}],"author":[{"embeddable":true,"href":"https:\/\/dicodusport.fr\/blog\/wp-json\/wp\/v2\/users\/1"}],"replies":[{"embeddable":true,"href":"https:\/\/dicodusport.fr\/blog\/wp-json\/wp\/v2\/comments?post=441313"}],"version-history":[{"count":5,"href":"https:\/\/dicodusport.fr\/blog\/wp-json\/wp\/v2\/posts\/441313\/revisions"}],"predecessor-version":[{"id":441455,"href":"https:\/\/dicodusport.fr\/blog\/wp-json\/wp\/v2\/posts\/441313\/revisions\/441455"}],"wp:featuredmedia":[{"embeddable":true,"href":"https:\/\/dicodusport.fr\/blog\/wp-json\/wp\/v2\/media\/441314"}],"wp:attachment":[{"href":"https:\/\/dicodusport.fr\/blog\/wp-json\/wp\/v2\/media?parent=441313"}],"wp:term":[{"taxonomy":"category","embeddable":true,"href":"https:\/\/dicodusport.fr\/blog\/wp-json\/wp\/v2\/categories?post=441313"},{"taxonomy":"post_tag","embeddable":true,"href":"https:\/\/dicodusport.fr\/blog\/wp-json\/wp\/v2\/tags?post=441313"}],"curies":[{"name":"wp","href":"https:\/\/api.w.org\/{rel}","templated":true}]}}