{"id":441324,"date":"2023-11-30T12:20:27","date_gmt":"2023-11-30T11:20:27","guid":{"rendered":"https:\/\/dicodusport.fr\/blog\/?p=441324&#038;preview=true&#038;preview_id=441324"},"modified":"2023-11-30T15:10:03","modified_gmt":"2023-11-30T14:10:03","slug":"ibu-cup-2023-2024-jeanne-richard-triomphe-dentree-sur-lindividuel-de-kontiolahti","status":"publish","type":"post","link":"https:\/\/dicodusport.fr\/blog\/ibu-cup-2023-2024-jeanne-richard-triomphe-dentree-sur-lindividuel-de-kontiolahti\/","title":{"rendered":"IBU Cup 2023\/2024 : Jeanne Richard triomphe d&rsquo;entr\u00e9e sur l&rsquo;individuel de Kontiolahti"},"content":{"rendered":"<p style=\"text-align: justify;\"><strong><em>IBU CUP SAISON 2023\/2024 &#8211; Premi\u00e8re course et premi\u00e8re victoire de la France dans l&rsquo;antichambre de la Coupe du monde de biathlon, gr\u00e2ce \u00e0 Jeanne Richard, laur\u00e9ate d&rsquo;un souffle sur l&rsquo;individuel.<\/em><\/strong><\/p>\n<p style=\"text-align: justify;\">La France regorge de jeunes talents en biathlon, et parmi eux, on trouve<strong> Jeanne Richard<\/strong>. L&rsquo;hiver dernier, la Tricolore avait sign\u00e9 une performance de choix lors des Mondiaux juniors, allant tout simplement rafler <a href=\"https:\/\/dicodusport.fr\/blog\/mondiaux-juniors-biathlon-jeanne-richard-en-argent-sur-la-poursuite\/\">cinq m\u00e9dailles d&rsquo;argent<\/a> ! D\u00e9j\u00e0 align\u00e9e sur une manche de l&rsquo;IBU Cup l&rsquo;an dernier, elle a \u00e9t\u00e9 retenue pour la premi\u00e8re manche de la saison \u00e0 Kontiolahti, et elle n&rsquo;a pas mis longtemps \u00e0 se faire remarquer.<\/p>\n<p style=\"text-align: justify;\">L&rsquo;individuel est une course r\u00e9f\u00e9rence, et la Fran\u00e7aise a montr\u00e9 son talent avec un magnifique 19\/20 au tir. Ajoutez \u00e0 cela le quatri\u00e8me temps de ski, et vous obtenez une victoire \u00e0 l&rsquo;arrach\u00e9, puisqu&rsquo;elle est venue devancer pour une seconde sur la ligne la Norv\u00e9gienne <strong>Maren Kirkeeide<\/strong>, quatri\u00e8me du classement g\u00e9n\u00e9ral de l&rsquo;IBU Cup la saison pass\u00e9e. Une performance de choix pour <strong>Jeanne Richard<\/strong>, qui, \u00e0 21 ans, rafle son premier succ\u00e8s en IBU Cup, et sans doute pas le dernier. \u00c0 noter \u00e9galement la 8\u00e8me place de Paula Botet, avec deux fautes, la Tricolore \u00e9tant l&rsquo;une des favorites pour le classement g\u00e9n\u00e9ral.<\/p>\n<blockquote class=\"twitter-tweet\">\n<p dir=\"ltr\" lang=\"fr\">\ud83d\ude2e \u00ab C&rsquo;est quoi \u00e7a ? \u00bb<\/p>\n<p>\ud83e\udd73 C&rsquo;est la victoire pour Jeanne Richard sur la premi\u00e8re course de la saison en IBU Cup, sur l&rsquo;individuel de Kontiolahti ! <a href=\"https:\/\/twitter.com\/hashtag\/lequipeBIATHLON?src=hash&amp;ref_src=twsrc%5Etfw\">#lequipeBIATHLON<\/a> <a href=\"https:\/\/t.co\/pYRURei0ei\">pic.twitter.com\/pYRURei0ei<\/a><\/p>\n<p>\u2014 L&rsquo;\u00c9QUIPE (@lequipe) <a href=\"https:\/\/twitter.com\/lequipe\/status\/1730196251553996900?ref_src=twsrc%5Etfw\">November 30, 2023<\/a><\/p><\/blockquote>\n<p><script async src=\"https:\/\/platform.twitter.com\/widgets.js\" charset=\"utf-8\"><\/script><\/p>\n<h2 style=\"text-align: justify;\">Le classement des Fran\u00e7aises<\/h2>\n<ul>\n<li style=\"text-align: justify;\">1ere : Jeanne Richard<\/li>\n<li style=\"text-align: justify;\">8e : Paula Botet<\/li>\n<li style=\"text-align: justify;\">22e : Ana\u00eblle Bondoux<\/li>\n<li style=\"text-align: justify;\">35e : Oc\u00e9ane Michelon<\/li>\n<li style=\"text-align: justify;\">41e : Chlo\u00e9 Bened<\/li>\n<li style=\"text-align: justify;\">45e : L\u00e9onie Jeannier<\/li>\n<\/ul>\n","protected":false},"excerpt":{"rendered":"<p>IBU CUP SAISON 2023\/2024 &#8211; Premi\u00e8re course et premi\u00e8re victoire de la France dans l&rsquo;antichambre de la Coupe du monde de biathlon, gr\u00e2ce \u00e0 Jeanne Richard, laur\u00e9ate d&rsquo;un souffle sur l&rsquo;individuel.<\/p>\n","protected":false},"author":59,"featured_media":441348,"comment_status":"open","ping_status":"closed","sticky":false,"template":"","format":"standard","meta":{"_acf_changed":false,"_daextam_enable_autolinks":"1","footnotes":""},"categories":[2426],"tags":[29733,16878,14786],"class_list":["post-441324","post","type-post","status-publish","format-standard","has-post-thumbnail","hentry","category-biathlon","tag-biathlon-francais","tag-breve","tag-jeanne-richard"],"acf":[],"yoast_head":"<!-- This site is optimized with the Yoast SEO Premium plugin v26.7 (Yoast SEO v26.7) - https:\/\/yoast.com\/wordpress\/plugins\/seo\/ -->\n<title>IBU Cup 2023\/2024 : Jeanne Richard triomphe d&#039;entr\u00e9e sur l&#039;individuel de Kontiolahti<\/title>\n<meta name=\"description\" content=\"IBU CUP SAISON 2023\/2024 - Premi\u00e8re course et premi\u00e8re victoire de la France dans l&#039;antichambre de la Coupe du monde de biathlon, gr\u00e2ce \u00e0 Jeanne Richard.\" \/>\n<meta name=\"robots\" content=\"index, follow, max-snippet:-1, max-image-preview:large, max-video-preview:-1\" \/>\n<link rel=\"canonical\" href=\"https:\/\/dicodusport.fr\/blog\/ibu-cup-2023-2024-jeanne-richard-triomphe-dentree-sur-lindividuel-de-kontiolahti\/\" \/>\n<meta property=\"og:locale\" content=\"fr_FR\" \/>\n<meta property=\"og:type\" content=\"article\" \/>\n<meta property=\"og:title\" content=\"IBU Cup 2023\/2024 : Jeanne Richard triomphe d&#039;entr\u00e9e sur l&#039;individuel de Kontiolahti\" \/>\n<meta property=\"og:description\" content=\"IBU CUP SAISON 2023\/2024 - Premi\u00e8re course et premi\u00e8re victoire de la France dans l&#039;antichambre de la Coupe du monde de biathlon, gr\u00e2ce \u00e0 Jeanne Richard.\" \/>\n<meta property=\"og:url\" content=\"https:\/\/dicodusport.fr\/blog\/ibu-cup-2023-2024-jeanne-richard-triomphe-dentree-sur-lindividuel-de-kontiolahti\/\" \/>\n<meta property=\"og:site_name\" content=\"Dicodusport\" \/>\n<meta property=\"article:publisher\" content=\"https:\/\/www.facebook.com\/dicodusport\" \/>\n<meta property=\"article:author\" content=\"https:\/\/www.facebook.com\/sebastien.gente\/\" \/>\n<meta property=\"article:published_time\" content=\"2023-11-30T11:20:27+00:00\" \/>\n<meta property=\"article:modified_time\" content=\"2023-11-30T14:10:03+00:00\" \/>\n<meta property=\"og:image\" content=\"https:\/\/dicodusport.fr\/blog\/wp-content\/uploads\/2023\/11\/IBU-Cup-20232024-Jeanne-Richard-triomphe-dentree-sur-lindividuel-de-Kontiolahti-1.png\" \/>\n\t<meta property=\"og:image:width\" content=\"1200\" \/>\n\t<meta property=\"og:image:height\" content=\"674\" \/>\n\t<meta property=\"og:image:type\" content=\"image\/png\" \/>\n<meta name=\"author\" content=\"S\u00e9bastien Gente\" \/>\n<meta name=\"twitter:card\" content=\"summary_large_image\" \/>\n<meta name=\"twitter:title\" content=\"IBU Cup 2023\/2024 : Jeanne Richard triomphe d&#039;entr\u00e9e sur l&#039;individuel de Kontiolahti\" \/>\n<meta name=\"twitter:creator\" content=\"@https:\/\/twitter.com\/globulo24\" \/>\n<meta name=\"twitter:site\" content=\"@dicodusport\" \/>\n<script type=\"application\/ld+json\" class=\"yoast-schema-graph\">{\"@context\":\"https:\/\/schema.org\",\"@graph\":[{\"@type\":\"NewsArticle\",\"@id\":\"https:\/\/dicodusport.fr\/blog\/ibu-cup-2023-2024-jeanne-richard-triomphe-dentree-sur-lindividuel-de-kontiolahti\/#article\",\"isPartOf\":{\"@id\":\"https:\/\/dicodusport.fr\/blog\/ibu-cup-2023-2024-jeanne-richard-triomphe-dentree-sur-lindividuel-de-kontiolahti\/\"},\"author\":{\"name\":\"S\u00e9bastien Gente\",\"@id\":\"https:\/\/dicodusport.fr\/blog\/#\/schema\/person\/627966a6cde45dbd8c5e36ac85d783da\"},\"headline\":\"IBU Cup 2023\/2024 : Jeanne Richard triomphe d&rsquo;entr\u00e9e sur l&rsquo;individuel de Kontiolahti\",\"datePublished\":\"2023-11-30T11:20:27+00:00\",\"dateModified\":\"2023-11-30T14:10:03+00:00\",\"mainEntityOfPage\":{\"@id\":\"https:\/\/dicodusport.fr\/blog\/ibu-cup-2023-2024-jeanne-richard-triomphe-dentree-sur-lindividuel-de-kontiolahti\/\"},\"wordCount\":302,\"commentCount\":0,\"publisher\":{\"@id\":\"https:\/\/dicodusport.fr\/blog\/#organization\"},\"image\":{\"@id\":\"https:\/\/dicodusport.fr\/blog\/ibu-cup-2023-2024-jeanne-richard-triomphe-dentree-sur-lindividuel-de-kontiolahti\/#primaryimage\"},\"thumbnailUrl\":\"https:\/\/dicodusport.fr\/blog\/wp-content\/uploads\/2023\/11\/IBU-Cup-20232024-Jeanne-Richard-triomphe-dentree-sur-lindividuel-de-Kontiolahti-1.png\",\"keywords\":[\"biathlon fran\u00e7ais\",\"br\u00e8ve\",\"Jeanne Richard\"],\"articleSection\":[\"Biathlon\"],\"inLanguage\":\"fr-FR\",\"potentialAction\":[{\"@type\":\"CommentAction\",\"name\":\"Comment\",\"target\":[\"https:\/\/dicodusport.fr\/blog\/ibu-cup-2023-2024-jeanne-richard-triomphe-dentree-sur-lindividuel-de-kontiolahti\/#respond\"]}],\"copyrightYear\":\"2023\",\"copyrightHolder\":{\"@id\":\"https:\/\/dicodusport.fr\/blog\/#organization\"}},{\"@type\":\"WebPage\",\"@id\":\"https:\/\/dicodusport.fr\/blog\/ibu-cup-2023-2024-jeanne-richard-triomphe-dentree-sur-lindividuel-de-kontiolahti\/\",\"url\":\"https:\/\/dicodusport.fr\/blog\/ibu-cup-2023-2024-jeanne-richard-triomphe-dentree-sur-lindividuel-de-kontiolahti\/\",\"name\":\"IBU Cup 2023\/2024 : Jeanne Richard triomphe d'entr\u00e9e sur l'individuel de Kontiolahti\",\"isPartOf\":{\"@id\":\"https:\/\/dicodusport.fr\/blog\/#website\"},\"primaryImageOfPage\":{\"@id\":\"https:\/\/dicodusport.fr\/blog\/ibu-cup-2023-2024-jeanne-richard-triomphe-dentree-sur-lindividuel-de-kontiolahti\/#primaryimage\"},\"image\":{\"@id\":\"https:\/\/dicodusport.fr\/blog\/ibu-cup-2023-2024-jeanne-richard-triomphe-dentree-sur-lindividuel-de-kontiolahti\/#primaryimage\"},\"thumbnailUrl\":\"https:\/\/dicodusport.fr\/blog\/wp-content\/uploads\/2023\/11\/IBU-Cup-20232024-Jeanne-Richard-triomphe-dentree-sur-lindividuel-de-Kontiolahti-1.png\",\"datePublished\":\"2023-11-30T11:20:27+00:00\",\"dateModified\":\"2023-11-30T14:10:03+00:00\",\"description\":\"IBU CUP SAISON 2023\/2024 - Premi\u00e8re course et premi\u00e8re victoire de la France dans l'antichambre de la Coupe du monde de biathlon, gr\u00e2ce \u00e0 Jeanne Richard.\",\"breadcrumb\":{\"@id\":\"https:\/\/dicodusport.fr\/blog\/ibu-cup-2023-2024-jeanne-richard-triomphe-dentree-sur-lindividuel-de-kontiolahti\/#breadcrumb\"},\"inLanguage\":\"fr-FR\",\"potentialAction\":[{\"@type\":\"ReadAction\",\"target\":[\"https:\/\/dicodusport.fr\/blog\/ibu-cup-2023-2024-jeanne-richard-triomphe-dentree-sur-lindividuel-de-kontiolahti\/\"]}]},{\"@type\":\"ImageObject\",\"inLanguage\":\"fr-FR\",\"@id\":\"https:\/\/dicodusport.fr\/blog\/ibu-cup-2023-2024-jeanne-richard-triomphe-dentree-sur-lindividuel-de-kontiolahti\/#primaryimage\",\"url\":\"https:\/\/dicodusport.fr\/blog\/wp-content\/uploads\/2023\/11\/IBU-Cup-20232024-Jeanne-Richard-triomphe-dentree-sur-lindividuel-de-Kontiolahti-1.png\",\"contentUrl\":\"https:\/\/dicodusport.fr\/blog\/wp-content\/uploads\/2023\/11\/IBU-Cup-20232024-Jeanne-Richard-triomphe-dentree-sur-lindividuel-de-Kontiolahti-1.png\",\"width\":1200,\"height\":674,\"caption\":\"IBU Cup 2023\/2024 Jeanne Richard prend la troisi\u00e8me place sur le sprint d'Idre Fj\u00e4ll\"},{\"@type\":\"BreadcrumbList\",\"@id\":\"https:\/\/dicodusport.fr\/blog\/ibu-cup-2023-2024-jeanne-richard-triomphe-dentree-sur-lindividuel-de-kontiolahti\/#breadcrumb\",\"itemListElement\":[{\"@type\":\"ListItem\",\"position\":1,\"name\":\"Accueil\",\"item\":\"https:\/\/dicodusport.fr\/blog\/\"},{\"@type\":\"ListItem\",\"position\":2,\"name\":\"IBU Cup 2023\/2024 : Jeanne Richard triomphe d&rsquo;entr\u00e9e sur l&rsquo;individuel de Kontiolahti\"}]},{\"@type\":\"WebSite\",\"@id\":\"https:\/\/dicodusport.fr\/blog\/#website\",\"url\":\"https:\/\/dicodusport.fr\/blog\/\",\"name\":\"Dicodusport\",\"description\":\"L&#039;encyclop\u00e9die de l&#039;actualit\u00e9 sportive\",\"publisher\":{\"@id\":\"https:\/\/dicodusport.fr\/blog\/#organization\"},\"potentialAction\":[{\"@type\":\"SearchAction\",\"target\":{\"@type\":\"EntryPoint\",\"urlTemplate\":\"https:\/\/dicodusport.fr\/blog\/?s={search_term_string}\"},\"query-input\":{\"@type\":\"PropertyValueSpecification\",\"valueRequired\":true,\"valueName\":\"search_term_string\"}}],\"inLanguage\":\"fr-FR\"},{\"@type\":\"NewsMediaOrganization\",\"@id\":\"https:\/\/dicodusport.fr\/blog\/#organization\",\"name\":\"Dicodusport\",\"url\":\"https:\/\/dicodusport.fr\/blog\/\",\"logo\":{\"@type\":\"ImageObject\",\"inLanguage\":\"fr-FR\",\"@id\":\"https:\/\/dicodusport.fr\/blog\/#\/schema\/logo\/image\/\",\"url\":\"https:\/\/dicodusport.fr\/blog\/wp-content\/uploads\/2020\/06\/cropped-LOGO-DICODUSPORT-2020-SANS-FOND-SANS-TEXTE.png\",\"contentUrl\":\"https:\/\/dicodusport.fr\/blog\/wp-content\/uploads\/2020\/06\/cropped-LOGO-DICODUSPORT-2020-SANS-FOND-SANS-TEXTE.png\",\"width\":512,\"height\":512,\"caption\":\"Dicodusport\"},\"image\":{\"@id\":\"https:\/\/dicodusport.fr\/blog\/#\/schema\/logo\/image\/\"},\"sameAs\":[\"https:\/\/www.facebook.com\/dicodusport\",\"https:\/\/x.com\/dicodusport\",\"https:\/\/www.instagram.com\/dicodusport\/\",\"https:\/\/www.youtube.com\/channel\/UC7V2KZ5sd3htJivAbA4ZG3w\"],\"description\":\"Dicodusport est l'encyclop\u00e9die de l'actualit\u00e9 sportive.\",\"email\":\"bonjour@dicodusport.fr\",\"legalName\":\"DICODUSPORT\",\"foundingDate\":\"2018-01-14\",\"vatID\":\"FR71834470973\",\"taxID\":\"83447097300043\",\"numberOfEmployees\":{\"@type\":\"QuantitativeValue\",\"minValue\":\"1\",\"maxValue\":\"10\"}},{\"@type\":\"Person\",\"@id\":\"https:\/\/dicodusport.fr\/blog\/#\/schema\/person\/627966a6cde45dbd8c5e36ac85d783da\",\"name\":\"S\u00e9bastien Gente\",\"image\":{\"@type\":\"ImageObject\",\"inLanguage\":\"fr-FR\",\"@id\":\"https:\/\/dicodusport.fr\/blog\/#\/schema\/person\/image\/\",\"url\":\"https:\/\/dicodusport.fr\/blog\/wp-content\/uploads\/2021\/09\/1510990_10205810251400683_4124423575079401707_n-150x150.jpg\",\"contentUrl\":\"https:\/\/dicodusport.fr\/blog\/wp-content\/uploads\/2021\/09\/1510990_10205810251400683_4124423575079401707_n-150x150.jpg\",\"caption\":\"S\u00e9bastien Gente\"},\"description\":\"John Stockton, Gianni Bugno, Zinedine Zidane, Steffi Graf, Frode Andresen, St\u00e9phane Stoecklin, Davis Kamoga, Primoz Peterka, Werner Schlager et Aur\u00e9lien Rougerie. Point commun entre ces sportifs? Ils m'ont fait r\u00eaver et ont berc\u00e9 mon adolescence. Je suis un fondu de sports et j'essaie de retranscrire ma passion \u00e0 travers mes articles. Originaire du P\u00e9rigord, ma passion pour les Girondins, les Jaunards et les Jazzmen transpire dans mes \u00e9crits. \u00c0 Dicodusport depuis 2021, je d\u00e9niche les sports m\u00e9connus dans lesquels la France brille, et il y en a !\",\"sameAs\":[\"https:\/\/www.facebook.com\/sebastien.gente\/\",\"https:\/\/www.instagram.com\/sebgente\/\",\"https:\/\/www.linkedin.com\/in\/sbastien-gente-a29583169\/\",\"https:\/\/x.com\/https:\/\/twitter.com\/globulo24\",\"SebastienGente\"],\"worksFor\":\"S\u00e9bastien GENTE\",\"url\":\"https:\/\/dicodusport.fr\/blog\/author\/sebastiengente\/\"}]}<\/script>\n<!-- \/ Yoast SEO Premium plugin. -->","yoast_head_json":{"title":"IBU Cup 2023\/2024 : Jeanne Richard triomphe d'entr\u00e9e sur l'individuel de Kontiolahti","description":"IBU CUP SAISON 2023\/2024 - Premi\u00e8re course et premi\u00e8re victoire de la France dans l'antichambre de la Coupe du monde de biathlon, gr\u00e2ce \u00e0 Jeanne Richard.","robots":{"index":"index","follow":"follow","max-snippet":"max-snippet:-1","max-image-preview":"max-image-preview:large","max-video-preview":"max-video-preview:-1"},"canonical":"https:\/\/dicodusport.fr\/blog\/ibu-cup-2023-2024-jeanne-richard-triomphe-dentree-sur-lindividuel-de-kontiolahti\/","og_locale":"fr_FR","og_type":"article","og_title":"IBU Cup 2023\/2024 : Jeanne Richard triomphe d'entr\u00e9e sur l'individuel de Kontiolahti","og_description":"IBU CUP SAISON 2023\/2024 - Premi\u00e8re course et premi\u00e8re victoire de la France dans l'antichambre de la Coupe du monde de biathlon, gr\u00e2ce \u00e0 Jeanne Richard.","og_url":"https:\/\/dicodusport.fr\/blog\/ibu-cup-2023-2024-jeanne-richard-triomphe-dentree-sur-lindividuel-de-kontiolahti\/","og_site_name":"Dicodusport","article_publisher":"https:\/\/www.facebook.com\/dicodusport","article_author":"https:\/\/www.facebook.com\/sebastien.gente\/","article_published_time":"2023-11-30T11:20:27+00:00","article_modified_time":"2023-11-30T14:10:03+00:00","og_image":[{"width":1200,"height":674,"url":"https:\/\/dicodusport.fr\/blog\/wp-content\/uploads\/2023\/11\/IBU-Cup-20232024-Jeanne-Richard-triomphe-dentree-sur-lindividuel-de-Kontiolahti-1.png","type":"image\/png"}],"author":"S\u00e9bastien Gente","twitter_card":"summary_large_image","twitter_title":"IBU Cup 2023\/2024 : Jeanne Richard triomphe d'entr\u00e9e sur l'individuel de Kontiolahti","twitter_creator":"@https:\/\/twitter.com\/globulo24","twitter_site":"@dicodusport","schema":{"@context":"https:\/\/schema.org","@graph":[{"@type":"NewsArticle","@id":"https:\/\/dicodusport.fr\/blog\/ibu-cup-2023-2024-jeanne-richard-triomphe-dentree-sur-lindividuel-de-kontiolahti\/#article","isPartOf":{"@id":"https:\/\/dicodusport.fr\/blog\/ibu-cup-2023-2024-jeanne-richard-triomphe-dentree-sur-lindividuel-de-kontiolahti\/"},"author":{"name":"S\u00e9bastien Gente","@id":"https:\/\/dicodusport.fr\/blog\/#\/schema\/person\/627966a6cde45dbd8c5e36ac85d783da"},"headline":"IBU Cup 2023\/2024 : Jeanne Richard triomphe d&rsquo;entr\u00e9e sur l&rsquo;individuel de Kontiolahti","datePublished":"2023-11-30T11:20:27+00:00","dateModified":"2023-11-30T14:10:03+00:00","mainEntityOfPage":{"@id":"https:\/\/dicodusport.fr\/blog\/ibu-cup-2023-2024-jeanne-richard-triomphe-dentree-sur-lindividuel-de-kontiolahti\/"},"wordCount":302,"commentCount":0,"publisher":{"@id":"https:\/\/dicodusport.fr\/blog\/#organization"},"image":{"@id":"https:\/\/dicodusport.fr\/blog\/ibu-cup-2023-2024-jeanne-richard-triomphe-dentree-sur-lindividuel-de-kontiolahti\/#primaryimage"},"thumbnailUrl":"https:\/\/dicodusport.fr\/blog\/wp-content\/uploads\/2023\/11\/IBU-Cup-20232024-Jeanne-Richard-triomphe-dentree-sur-lindividuel-de-Kontiolahti-1.png","keywords":["biathlon fran\u00e7ais","br\u00e8ve","Jeanne Richard"],"articleSection":["Biathlon"],"inLanguage":"fr-FR","potentialAction":[{"@type":"CommentAction","name":"Comment","target":["https:\/\/dicodusport.fr\/blog\/ibu-cup-2023-2024-jeanne-richard-triomphe-dentree-sur-lindividuel-de-kontiolahti\/#respond"]}],"copyrightYear":"2023","copyrightHolder":{"@id":"https:\/\/dicodusport.fr\/blog\/#organization"}},{"@type":"WebPage","@id":"https:\/\/dicodusport.fr\/blog\/ibu-cup-2023-2024-jeanne-richard-triomphe-dentree-sur-lindividuel-de-kontiolahti\/","url":"https:\/\/dicodusport.fr\/blog\/ibu-cup-2023-2024-jeanne-richard-triomphe-dentree-sur-lindividuel-de-kontiolahti\/","name":"IBU Cup 2023\/2024 : Jeanne Richard triomphe d'entr\u00e9e sur l'individuel de Kontiolahti","isPartOf":{"@id":"https:\/\/dicodusport.fr\/blog\/#website"},"primaryImageOfPage":{"@id":"https:\/\/dicodusport.fr\/blog\/ibu-cup-2023-2024-jeanne-richard-triomphe-dentree-sur-lindividuel-de-kontiolahti\/#primaryimage"},"image":{"@id":"https:\/\/dicodusport.fr\/blog\/ibu-cup-2023-2024-jeanne-richard-triomphe-dentree-sur-lindividuel-de-kontiolahti\/#primaryimage"},"thumbnailUrl":"https:\/\/dicodusport.fr\/blog\/wp-content\/uploads\/2023\/11\/IBU-Cup-20232024-Jeanne-Richard-triomphe-dentree-sur-lindividuel-de-Kontiolahti-1.png","datePublished":"2023-11-30T11:20:27+00:00","dateModified":"2023-11-30T14:10:03+00:00","description":"IBU CUP SAISON 2023\/2024 - Premi\u00e8re course et premi\u00e8re victoire de la France dans l'antichambre de la Coupe du monde de biathlon, gr\u00e2ce \u00e0 Jeanne Richard.","breadcrumb":{"@id":"https:\/\/dicodusport.fr\/blog\/ibu-cup-2023-2024-jeanne-richard-triomphe-dentree-sur-lindividuel-de-kontiolahti\/#breadcrumb"},"inLanguage":"fr-FR","potentialAction":[{"@type":"ReadAction","target":["https:\/\/dicodusport.fr\/blog\/ibu-cup-2023-2024-jeanne-richard-triomphe-dentree-sur-lindividuel-de-kontiolahti\/"]}]},{"@type":"ImageObject","inLanguage":"fr-FR","@id":"https:\/\/dicodusport.fr\/blog\/ibu-cup-2023-2024-jeanne-richard-triomphe-dentree-sur-lindividuel-de-kontiolahti\/#primaryimage","url":"https:\/\/dicodusport.fr\/blog\/wp-content\/uploads\/2023\/11\/IBU-Cup-20232024-Jeanne-Richard-triomphe-dentree-sur-lindividuel-de-Kontiolahti-1.png","contentUrl":"https:\/\/dicodusport.fr\/blog\/wp-content\/uploads\/2023\/11\/IBU-Cup-20232024-Jeanne-Richard-triomphe-dentree-sur-lindividuel-de-Kontiolahti-1.png","width":1200,"height":674,"caption":"IBU Cup 2023\/2024 Jeanne Richard prend la troisi\u00e8me place sur le sprint d'Idre Fj\u00e4ll"},{"@type":"BreadcrumbList","@id":"https:\/\/dicodusport.fr\/blog\/ibu-cup-2023-2024-jeanne-richard-triomphe-dentree-sur-lindividuel-de-kontiolahti\/#breadcrumb","itemListElement":[{"@type":"ListItem","position":1,"name":"Accueil","item":"https:\/\/dicodusport.fr\/blog\/"},{"@type":"ListItem","position":2,"name":"IBU Cup 2023\/2024 : Jeanne Richard triomphe d&rsquo;entr\u00e9e sur l&rsquo;individuel de Kontiolahti"}]},{"@type":"WebSite","@id":"https:\/\/dicodusport.fr\/blog\/#website","url":"https:\/\/dicodusport.fr\/blog\/","name":"Dicodusport","description":"L&#039;encyclop\u00e9die de l&#039;actualit\u00e9 sportive","publisher":{"@id":"https:\/\/dicodusport.fr\/blog\/#organization"},"potentialAction":[{"@type":"SearchAction","target":{"@type":"EntryPoint","urlTemplate":"https:\/\/dicodusport.fr\/blog\/?s={search_term_string}"},"query-input":{"@type":"PropertyValueSpecification","valueRequired":true,"valueName":"search_term_string"}}],"inLanguage":"fr-FR"},{"@type":"NewsMediaOrganization","@id":"https:\/\/dicodusport.fr\/blog\/#organization","name":"Dicodusport","url":"https:\/\/dicodusport.fr\/blog\/","logo":{"@type":"ImageObject","inLanguage":"fr-FR","@id":"https:\/\/dicodusport.fr\/blog\/#\/schema\/logo\/image\/","url":"https:\/\/dicodusport.fr\/blog\/wp-content\/uploads\/2020\/06\/cropped-LOGO-DICODUSPORT-2020-SANS-FOND-SANS-TEXTE.png","contentUrl":"https:\/\/dicodusport.fr\/blog\/wp-content\/uploads\/2020\/06\/cropped-LOGO-DICODUSPORT-2020-SANS-FOND-SANS-TEXTE.png","width":512,"height":512,"caption":"Dicodusport"},"image":{"@id":"https:\/\/dicodusport.fr\/blog\/#\/schema\/logo\/image\/"},"sameAs":["https:\/\/www.facebook.com\/dicodusport","https:\/\/x.com\/dicodusport","https:\/\/www.instagram.com\/dicodusport\/","https:\/\/www.youtube.com\/channel\/UC7V2KZ5sd3htJivAbA4ZG3w"],"description":"Dicodusport est l'encyclop\u00e9die de l'actualit\u00e9 sportive.","email":"bonjour@dicodusport.fr","legalName":"DICODUSPORT","foundingDate":"2018-01-14","vatID":"FR71834470973","taxID":"83447097300043","numberOfEmployees":{"@type":"QuantitativeValue","minValue":"1","maxValue":"10"}},{"@type":"Person","@id":"https:\/\/dicodusport.fr\/blog\/#\/schema\/person\/627966a6cde45dbd8c5e36ac85d783da","name":"S\u00e9bastien Gente","image":{"@type":"ImageObject","inLanguage":"fr-FR","@id":"https:\/\/dicodusport.fr\/blog\/#\/schema\/person\/image\/","url":"https:\/\/dicodusport.fr\/blog\/wp-content\/uploads\/2021\/09\/1510990_10205810251400683_4124423575079401707_n-150x150.jpg","contentUrl":"https:\/\/dicodusport.fr\/blog\/wp-content\/uploads\/2021\/09\/1510990_10205810251400683_4124423575079401707_n-150x150.jpg","caption":"S\u00e9bastien Gente"},"description":"John Stockton, Gianni Bugno, Zinedine Zidane, Steffi Graf, Frode Andresen, St\u00e9phane Stoecklin, Davis Kamoga, Primoz Peterka, Werner Schlager et Aur\u00e9lien Rougerie. Point commun entre ces sportifs? Ils m'ont fait r\u00eaver et ont berc\u00e9 mon adolescence. Je suis un fondu de sports et j'essaie de retranscrire ma passion \u00e0 travers mes articles. Originaire du P\u00e9rigord, ma passion pour les Girondins, les Jaunards et les Jazzmen transpire dans mes \u00e9crits. \u00c0 Dicodusport depuis 2021, je d\u00e9niche les sports m\u00e9connus dans lesquels la France brille, et il y en a !","sameAs":["https:\/\/www.facebook.com\/sebastien.gente\/","https:\/\/www.instagram.com\/sebgente\/","https:\/\/www.linkedin.com\/in\/sbastien-gente-a29583169\/","https:\/\/x.com\/https:\/\/twitter.com\/globulo24","SebastienGente"],"worksFor":"S\u00e9bastien GENTE","url":"https:\/\/dicodusport.fr\/blog\/author\/sebastiengente\/"}]}},"_links":{"self":[{"href":"https:\/\/dicodusport.fr\/blog\/wp-json\/wp\/v2\/posts\/441324","targetHints":{"allow":["GET"]}}],"collection":[{"href":"https:\/\/dicodusport.fr\/blog\/wp-json\/wp\/v2\/posts"}],"about":[{"href":"https:\/\/dicodusport.fr\/blog\/wp-json\/wp\/v2\/types\/post"}],"author":[{"embeddable":true,"href":"https:\/\/dicodusport.fr\/blog\/wp-json\/wp\/v2\/users\/59"}],"replies":[{"embeddable":true,"href":"https:\/\/dicodusport.fr\/blog\/wp-json\/wp\/v2\/comments?post=441324"}],"version-history":[{"count":5,"href":"https:\/\/dicodusport.fr\/blog\/wp-json\/wp\/v2\/posts\/441324\/revisions"}],"predecessor-version":[{"id":441368,"href":"https:\/\/dicodusport.fr\/blog\/wp-json\/wp\/v2\/posts\/441324\/revisions\/441368"}],"wp:featuredmedia":[{"embeddable":true,"href":"https:\/\/dicodusport.fr\/blog\/wp-json\/wp\/v2\/media\/441348"}],"wp:attachment":[{"href":"https:\/\/dicodusport.fr\/blog\/wp-json\/wp\/v2\/media?parent=441324"}],"wp:term":[{"taxonomy":"category","embeddable":true,"href":"https:\/\/dicodusport.fr\/blog\/wp-json\/wp\/v2\/categories?post=441324"},{"taxonomy":"post_tag","embeddable":true,"href":"https:\/\/dicodusport.fr\/blog\/wp-json\/wp\/v2\/tags?post=441324"}],"curies":[{"name":"wp","href":"https:\/\/api.w.org\/{rel}","templated":true}]}}