{"id":441687,"date":"2024-01-26T19:06:52","date_gmt":"2024-01-26T18:06:52","guid":{"rendered":"https:\/\/dicodusport.fr\/blog\/?p=441687&#038;preview=true&#038;preview_id=441687"},"modified":"2024-01-26T19:06:52","modified_gmt":"2024-01-26T18:06:52","slug":"team-dsm-firmenich-postnl-effectif-maillot-et-objectifs-pour-la-saison-2024","status":"publish","type":"post","link":"https:\/\/dicodusport.fr\/blog\/team-dsm-firmenich-postnl-effectif-maillot-et-objectifs-pour-la-saison-2024\/","title":{"rendered":"Team DSM Firmenich-PostNL : Effectif, maillot et objectifs pour la saison 2024"},"content":{"rendered":"<p style=\"text-align: justify;\"><strong><em>CYCLISME SUR ROUTE 2024 &#8211; Suite de notre pr\u00e9sentation des \u00e9quipes du WorldTour 2024 avec aujourd&rsquo;hui la formation DSM Firmenich-PostNL dont l&rsquo;effectif a pas mal chang\u00e9 avec pas moins de 10 arriv\u00e9es durant l&rsquo;intersaison.<\/em><\/strong><\/p>\n<ul>\n<li style=\"text-align: justify;\"><strong>\u00c0 ce sujet \u2013\u00a0<a href=\"https:\/\/dicodusport.fr\/blog\/cyclisme-calendrier-world-tour-2024\/\">Cyclisme \u2013 Calendrier World Tour 2024<\/a><\/strong><\/li>\n<\/ul>\n<h2 style=\"text-align: justify;\">L&rsquo;effectif de la Team DSM Firmenich-PostNL<\/h2>\n<h3><span style=\"text-decoration: underline;\">Coureurs sous contrat en 2023<\/span><\/h3>\n<p><strong>ANDRESEN Tobias Lund<\/strong> (Danemark)<\/p>\n<p><strong>BARDET Romain<\/strong> (France)<\/p>\n<p><strong>BEVIN Patrick<\/strong> (Nouvelle-Z\u00e9lande)<\/p>\n<p><strong>BITTNER Pavel<\/strong> (R\u00e9publique Tch\u00e8que)<\/p>\n<p><strong>COMBAUD Romain<\/strong> (France)<\/p>\n<p><strong>DEGENKOLB John<\/strong> (Allemagne)<\/p>\n<p><strong>DINHAM Matthew<\/strong> (Australie)<\/p>\n<p><strong>EDMONDSON Alex<\/strong> (Australie)<\/p>\n<p><strong>EEKHOFF Nils<\/strong> (Pays-Bas)<\/p>\n<p><strong>FLYNN Sean<\/strong> (Grande-Bretagne)<\/p>\n<p><strong>HAMILTON Chris<\/strong> (Australie)<\/p>\n<p><strong>MILESI Lorenzo<\/strong> (Italie)<\/p>\n<p><strong>MARKL Niklas<\/strong> (Allemagne)<\/p>\n<p><strong>NABERMAN Tim<\/strong> (Pays-Bas)<\/p>\n<p><strong>ONLEY Oscar<\/strong> (Grande-Bretagne)<\/p>\n<p><strong>POOLE Max<\/strong> (Grande-Bretagne)<\/p>\n<p><strong>TUSVELD Martijn<\/strong> (Pays-Bas)<\/p>\n<p><strong>VAN UDEN Casper<\/strong> (Pays-Bas)<\/p>\n<p><strong>VERMAERKE Kevin<\/strong> (Etats-Unis)<\/p>\n<p>&nbsp;<\/p>\n<h3><span style=\"text-decoration: underline;\">Arriv\u00e9es<\/span><\/h3>\n<p><strong>BARGUIL Warren<\/strong> (Ark\u00e9a Samsic)<\/p>\n<p><strong>EDDY Patrick<\/strong> (Development Team DSM)<\/p>\n<p><strong>JAKOBSEN Fabio<\/strong> (Soudal Quickstep)<\/p>\n<p><strong>LEEMREIZE Gijs<\/strong> (Jumbo Visma)<\/p>\n<p><strong>LEIJNSE Enzo<\/strong> (Development Team DSM)<\/p>\n<p><strong>LIEPINS Emils<\/strong> (Trek Segafredo)<\/p>\n<p><strong>ROOSEN Timo<\/strong> (Jumbo Visma)<\/p>\n<p><strong>VAN DEN BERG Julius<\/strong> (EF Education-Easypost)<\/p>\n<p><strong>VAN DEN BROEK Frank<\/strong> (AD Bloc)<\/p>\n<p><strong>WELTEN Bram<\/strong> (Pays-Bas)<\/p>\n<p>&nbsp;<\/p>\n<h3><span style=\"text-decoration: underline;\">D\u00e9parts<\/span><\/h3>\n<p><strong>BRENNER Marco<\/strong> (?)<\/p>\n<p><strong>DAINESE Alberto<\/strong> (Tudor Pro Cycling Team)<\/p>\n<p><strong>HEINSCHKE Leon<\/strong> (?)<\/p>\n<p><strong>HVIDEBERG Jonas Iversby<\/strong> (Uno-X Pro Cycling Team)<\/p>\n<p><strong>LEKNESSUND Andreas<\/strong> (Uno-X Pro Cycling Team)<\/p>\n<p><strong>MAYRHOFER Marius<\/strong> (Tudor Pro Cycling Team)<\/p>\n<p><strong>RODENBERG Frederik<\/strong> (Team CO:PLAY-Giant Store)<\/p>\n<p><strong>STORK Florian<\/strong> (Tudor Pro Cycling Team)<\/p>\n<p><strong>VANDENABEELE Henri<\/strong> (Lotto Dstny)<\/p>\n<p><strong>VANHOUCKE Harm<\/strong> (Lotto Dstny)<\/p>\n<p><strong>WELSFORD Sam<\/strong> (Bora Hansgrohe)<\/p>\n<div class=\"vlp-link-container vlp-layout-article\"><a href=\"https:\/\/dicodusport.fr\/blog\/mercato-cyclisme-2023-2024-tableau-des-transferts\/\" class=\"vlp-link\" title=\"Mercato Cyclisme 2023-2024 - Tableau des transferts\"><\/a><div class=\"vlp-layout-zone-side\"><div class=\"vlp-block-4 vlp-link-image\"><img loading=\"lazy\" decoding=\"async\" style=\"max-width: 800px;\" width=\"800\" height=\"445\" src=\"https:\/\/dicodusport.fr\/blog\/wp-content\/uploads\/2023\/04\/Mercato-Cyclisme-2023-2024-Tableau-des-transferts.png\" class=\"attachment-800x445 size-800x445\" alt=\"Mercato Cyclisme 2023-2024 - Tableau des transferts\" srcset=\"https:\/\/dicodusport.fr\/blog\/wp-content\/uploads\/2023\/04\/Mercato-Cyclisme-2023-2024-Tableau-des-transferts.png 800w, https:\/\/dicodusport.fr\/blog\/wp-content\/uploads\/2023\/04\/Mercato-Cyclisme-2023-2024-Tableau-des-transferts-300x167.png 300w, https:\/\/dicodusport.fr\/blog\/wp-content\/uploads\/2023\/04\/Mercato-Cyclisme-2023-2024-Tableau-des-transferts-768x427.png 768w\" sizes=\"auto, (max-width: 800px) 100vw, 800px\" \/><\/div><\/div><div class=\"vlp-layout-zone-main\"><div class=\"vlp-block-0 vlp-link-title\">Mercato Cyclisme 2023-2024 - Tableau des transferts<\/div><div class=\"vlp-block-1 vlp-link-summary\">TRANSFERTS CYCLISME 2023-2024 - Retrouvez toutes les rumeurs ainsi que les transferts officiels du mercato des \u00e9quipes.<\/div><div class=\"vlp-block-2 vlp-link-button\">Lire l'article<\/div><div class=\"vlp-block-3 vlp-link-url\">dicodusport.fr<\/div><\/div><\/div>\n<h2 style=\"text-align: justify;\">Les objectifs de la saison pour la Team DSM Firmenich-PostNL<\/h2>\n<h3 style=\"text-align: justify;\">La course aux points UCI comme leitmotiv<\/h3>\n<p style=\"text-align: justify;\">Dix-septi\u00e8me en fin de saison 2023 au classement UCI, la <strong>Team DSM Firmenich-PostNL<\/strong> flirte avec la zone rouge et a donc effectu\u00e9 un recrutement \u00e0 gros points potentiels. Elle s&rsquo;est notamment attach\u00e9e les services d&rsquo;un des meilleurs sprinteurs du peloton, <strong>Fabio Jakobsen<\/strong>. Son arriv\u00e9e devrait compenser les d\u00e9parts de <strong>Sam Welsford<\/strong> et <strong>Alberto Dainese<\/strong>. Niveau sprint, on comptera aussi sur l&rsquo;\u00e9closion de <strong>Casper van Uden<\/strong> et de <strong>Tobias Lund Andresen<\/strong>.<\/p>\n<p style=\"text-align: justify;\">Le Fran\u00e7ais <strong>Warren Barguil<\/strong>, d\u00e9bauch\u00e9 d&rsquo;<strong>Ark\u00e9a-Samsic<\/strong> et de retour au bercail, devrait lui aussi contribuer \u00e0 la moisson de points par sa r\u00e9gularit\u00e9.<\/p>\n<h3 style=\"text-align: justify;\">Bardet et les jeunes pousses pour les courses par \u00e9tapes<\/h3>\n<p style=\"text-align: justify;\">L&rsquo;\u00e9quipe devrait compter sur son leader fran\u00e7ais <strong>Romain Bardet<\/strong> pour briller sur les Grands Tours, m\u00eame s&rsquo;il a annonc\u00e9 ne plus vouloir jouer les classements g\u00e9n\u00e9raux. Il est en tout cas annonc\u00e9 sur le <strong>Giro<\/strong>.<\/p>\n<p style=\"text-align: justify;\">Pour l&rsquo;entourer, l&rsquo;\u00e9quipe <strong>DSM-Firmenich-PostNL<\/strong> comptera avant tout sur sa jeune garde. Le duo britannique, <strong>Max Poole<\/strong>, r\u00e9v\u00e9lation de l&rsquo;an pass\u00e9 avec sa quatri\u00e8me place au Tour de Romandie, et <strong>Oscar Onley<\/strong>, devrait davantage prendre la lumi\u00e8re. Notons aussi les arriv\u00e9es de <strong>Gijs Leemreize<\/strong>, qui b\u00e9n\u00e9ficiera de plus de libert\u00e9s qu&rsquo;\u00e0 la <strong>Jumbo Visma<\/strong> et surtout de <strong>Frank Van den Broek<\/strong>, l&rsquo;homonyme, qui a \u00e9clos l&rsquo;an pass\u00e9.<\/p>\n<blockquote class=\"twitter-tweet\">\n<p dir=\"ltr\" lang=\"en\">PostNL are bringing orange back to the peloton \ud83d\ude4c<\/p>\n<p>With a new title sponsor and kit, Team dsm-firmenich will become Team dsm-firmenich PostNL in 2024 \ud83d\udfe0\ud83d\udd25<\/p>\n<p>\ud83d\udcf8 @TDSM_Firmenich <a href=\"https:\/\/t.co\/37kXZDCSR0\">pic.twitter.com\/37kXZDCSR0<\/a><\/p>\n<p>\u2014 Road Code (@RoadCode) <a href=\"https:\/\/twitter.com\/RoadCode\/status\/1725123198562242715?ref_src=twsrc%5Etfw\">November 16, 2023<\/a><\/p><\/blockquote>\n<p><script async src=\"https:\/\/platform.twitter.com\/widgets.js\" charset=\"utf-8\"><\/script><\/p>\n<p>&nbsp;<\/p>\n","protected":false},"excerpt":{"rendered":"<p>CYCLISME SUR ROUTE 2024 &#8211; Suite de notre pr\u00e9sentation des \u00e9quipes du WorldTour 2024 avec aujourd&rsquo;hui la formation DSM Firmenich-PostNL dont l&rsquo;effectif a pas mal chang\u00e9 avec pas moins de 10 arriv\u00e9es durant l&rsquo;intersaison.<\/p>\n","protected":false},"author":92,"featured_media":456823,"comment_status":"open","ping_status":"closed","sticky":false,"template":"","format":"standard","meta":{"_acf_changed":false,"_daextam_enable_autolinks":"1","footnotes":""},"categories":[46994],"tags":[16878,11270,3646,5773],"class_list":["post-441687","post","type-post","status-publish","format-standard","has-post-thumbnail","hentry","category-cyclisme-sur-route","tag-breve","tag-fabio-jakobsen","tag-romain-bardet","tag-world-tour"],"acf":[],"yoast_head":"<!-- This site is optimized with the Yoast SEO Premium plugin v26.7 (Yoast SEO v26.7) - https:\/\/yoast.com\/wordpress\/plugins\/seo\/ -->\n<title>Team DSM Firmenich-PostNL : Effectif, maillot et objectifs pour la saison 2024<\/title>\n<meta name=\"description\" content=\"Suite de notre pr\u00e9sentation des \u00e9quipes du World Tour 2024 avec aujourd&#039;hui la formation DSM-Firmenich-PostNL.\" \/>\n<meta name=\"robots\" content=\"index, follow, max-snippet:-1, max-image-preview:large, max-video-preview:-1\" \/>\n<link rel=\"canonical\" href=\"https:\/\/dicodusport.fr\/blog\/team-dsm-firmenich-postnl-effectif-maillot-et-objectifs-pour-la-saison-2024\/\" \/>\n<meta property=\"og:locale\" content=\"fr_FR\" \/>\n<meta property=\"og:type\" content=\"article\" \/>\n<meta property=\"og:title\" content=\"Team DSM Firmenich-PostNL : Effectif, maillot et objectifs pour la saison 2024\" \/>\n<meta property=\"og:description\" content=\"Suite de notre pr\u00e9sentation des \u00e9quipes du World Tour 2024 avec aujourd&#039;hui la formation DSM-Firmenich-PostNL.\" \/>\n<meta property=\"og:url\" content=\"https:\/\/dicodusport.fr\/blog\/team-dsm-firmenich-postnl-effectif-maillot-et-objectifs-pour-la-saison-2024\/\" \/>\n<meta property=\"og:site_name\" content=\"Dicodusport\" \/>\n<meta property=\"article:publisher\" content=\"https:\/\/www.facebook.com\/dicodusport\" \/>\n<meta property=\"article:published_time\" content=\"2024-01-26T18:06:52+00:00\" \/>\n<meta property=\"og:image\" content=\"https:\/\/dicodusport.fr\/blog\/wp-content\/uploads\/2023\/12\/Team-DSM-Firmenich-PostNL-Effectif-maillot-et-objectifs-pour-la-saison-2024.png\" \/>\n\t<meta property=\"og:image:width\" content=\"1200\" \/>\n\t<meta property=\"og:image:height\" content=\"674\" \/>\n\t<meta property=\"og:image:type\" content=\"image\/png\" \/>\n<meta name=\"author\" content=\"Olivier Dobiezynski\" \/>\n<meta name=\"twitter:card\" content=\"summary_large_image\" \/>\n<meta name=\"twitter:title\" content=\"Team DSM Firmenich-PostNL : Effectif, maillot et objectifs pour la saison 2024\" \/>\n<meta name=\"twitter:creator\" content=\"@https:\/\/x.com\/Olivier_Matros\" \/>\n<meta name=\"twitter:site\" content=\"@dicodusport\" \/>\n<script type=\"application\/ld+json\" class=\"yoast-schema-graph\">{\"@context\":\"https:\/\/schema.org\",\"@graph\":[{\"@type\":\"NewsArticle\",\"@id\":\"https:\/\/dicodusport.fr\/blog\/team-dsm-firmenich-postnl-effectif-maillot-et-objectifs-pour-la-saison-2024\/#article\",\"isPartOf\":{\"@id\":\"https:\/\/dicodusport.fr\/blog\/team-dsm-firmenich-postnl-effectif-maillot-et-objectifs-pour-la-saison-2024\/\"},\"author\":{\"name\":\"Olivier Dobiezynski\",\"@id\":\"https:\/\/dicodusport.fr\/blog\/#\/schema\/person\/fe500246414ca17ddf0c0312d7a792cc\"},\"headline\":\"Team DSM Firmenich-PostNL : Effectif, maillot et objectifs pour la saison 2024\",\"datePublished\":\"2024-01-26T18:06:52+00:00\",\"mainEntityOfPage\":{\"@id\":\"https:\/\/dicodusport.fr\/blog\/team-dsm-firmenich-postnl-effectif-maillot-et-objectifs-pour-la-saison-2024\/\"},\"wordCount\":584,\"commentCount\":0,\"publisher\":{\"@id\":\"https:\/\/dicodusport.fr\/blog\/#organization\"},\"image\":{\"@id\":\"https:\/\/dicodusport.fr\/blog\/team-dsm-firmenich-postnl-effectif-maillot-et-objectifs-pour-la-saison-2024\/#primaryimage\"},\"thumbnailUrl\":\"https:\/\/dicodusport.fr\/blog\/wp-content\/uploads\/2023\/12\/Team-DSM-Firmenich-PostNL-Effectif-maillot-et-objectifs-pour-la-saison-2024.png\",\"keywords\":[\"br\u00e8ve\",\"Fabio Jakobsen\",\"Romain Bardet\",\"World Tour\"],\"articleSection\":[\"Cyclisme sur route\"],\"inLanguage\":\"fr-FR\",\"potentialAction\":[{\"@type\":\"CommentAction\",\"name\":\"Comment\",\"target\":[\"https:\/\/dicodusport.fr\/blog\/team-dsm-firmenich-postnl-effectif-maillot-et-objectifs-pour-la-saison-2024\/#respond\"]}],\"copyrightYear\":\"2024\",\"copyrightHolder\":{\"@id\":\"https:\/\/dicodusport.fr\/blog\/#organization\"}},{\"@type\":\"WebPage\",\"@id\":\"https:\/\/dicodusport.fr\/blog\/team-dsm-firmenich-postnl-effectif-maillot-et-objectifs-pour-la-saison-2024\/\",\"url\":\"https:\/\/dicodusport.fr\/blog\/team-dsm-firmenich-postnl-effectif-maillot-et-objectifs-pour-la-saison-2024\/\",\"name\":\"Team DSM Firmenich-PostNL : Effectif, maillot et objectifs pour la saison 2024\",\"isPartOf\":{\"@id\":\"https:\/\/dicodusport.fr\/blog\/#website\"},\"primaryImageOfPage\":{\"@id\":\"https:\/\/dicodusport.fr\/blog\/team-dsm-firmenich-postnl-effectif-maillot-et-objectifs-pour-la-saison-2024\/#primaryimage\"},\"image\":{\"@id\":\"https:\/\/dicodusport.fr\/blog\/team-dsm-firmenich-postnl-effectif-maillot-et-objectifs-pour-la-saison-2024\/#primaryimage\"},\"thumbnailUrl\":\"https:\/\/dicodusport.fr\/blog\/wp-content\/uploads\/2023\/12\/Team-DSM-Firmenich-PostNL-Effectif-maillot-et-objectifs-pour-la-saison-2024.png\",\"datePublished\":\"2024-01-26T18:06:52+00:00\",\"description\":\"Suite de notre pr\u00e9sentation des \u00e9quipes du World Tour 2024 avec aujourd'hui la formation DSM-Firmenich-PostNL.\",\"breadcrumb\":{\"@id\":\"https:\/\/dicodusport.fr\/blog\/team-dsm-firmenich-postnl-effectif-maillot-et-objectifs-pour-la-saison-2024\/#breadcrumb\"},\"inLanguage\":\"fr-FR\",\"potentialAction\":[{\"@type\":\"ReadAction\",\"target\":[\"https:\/\/dicodusport.fr\/blog\/team-dsm-firmenich-postnl-effectif-maillot-et-objectifs-pour-la-saison-2024\/\"]}]},{\"@type\":\"ImageObject\",\"inLanguage\":\"fr-FR\",\"@id\":\"https:\/\/dicodusport.fr\/blog\/team-dsm-firmenich-postnl-effectif-maillot-et-objectifs-pour-la-saison-2024\/#primaryimage\",\"url\":\"https:\/\/dicodusport.fr\/blog\/wp-content\/uploads\/2023\/12\/Team-DSM-Firmenich-PostNL-Effectif-maillot-et-objectifs-pour-la-saison-2024.png\",\"contentUrl\":\"https:\/\/dicodusport.fr\/blog\/wp-content\/uploads\/2023\/12\/Team-DSM-Firmenich-PostNL-Effectif-maillot-et-objectifs-pour-la-saison-2024.png\",\"width\":1200,\"height\":674,\"caption\":\"Team DSM Firmenich-PostNL Effectif, maillot et objectifs pour la saison 2024\"},{\"@type\":\"BreadcrumbList\",\"@id\":\"https:\/\/dicodusport.fr\/blog\/team-dsm-firmenich-postnl-effectif-maillot-et-objectifs-pour-la-saison-2024\/#breadcrumb\",\"itemListElement\":[{\"@type\":\"ListItem\",\"position\":1,\"name\":\"Accueil\",\"item\":\"https:\/\/dicodusport.fr\/blog\/\"},{\"@type\":\"ListItem\",\"position\":2,\"name\":\"Team DSM Firmenich-PostNL : Effectif, maillot et objectifs pour la saison 2024\"}]},{\"@type\":\"WebSite\",\"@id\":\"https:\/\/dicodusport.fr\/blog\/#website\",\"url\":\"https:\/\/dicodusport.fr\/blog\/\",\"name\":\"Dicodusport\",\"description\":\"L&#039;encyclop\u00e9die de l&#039;actualit\u00e9 sportive\",\"publisher\":{\"@id\":\"https:\/\/dicodusport.fr\/blog\/#organization\"},\"potentialAction\":[{\"@type\":\"SearchAction\",\"target\":{\"@type\":\"EntryPoint\",\"urlTemplate\":\"https:\/\/dicodusport.fr\/blog\/?s={search_term_string}\"},\"query-input\":{\"@type\":\"PropertyValueSpecification\",\"valueRequired\":true,\"valueName\":\"search_term_string\"}}],\"inLanguage\":\"fr-FR\"},{\"@type\":\"NewsMediaOrganization\",\"@id\":\"https:\/\/dicodusport.fr\/blog\/#organization\",\"name\":\"Dicodusport\",\"url\":\"https:\/\/dicodusport.fr\/blog\/\",\"logo\":{\"@type\":\"ImageObject\",\"inLanguage\":\"fr-FR\",\"@id\":\"https:\/\/dicodusport.fr\/blog\/#\/schema\/logo\/image\/\",\"url\":\"https:\/\/dicodusport.fr\/blog\/wp-content\/uploads\/2020\/06\/cropped-LOGO-DICODUSPORT-2020-SANS-FOND-SANS-TEXTE.png\",\"contentUrl\":\"https:\/\/dicodusport.fr\/blog\/wp-content\/uploads\/2020\/06\/cropped-LOGO-DICODUSPORT-2020-SANS-FOND-SANS-TEXTE.png\",\"width\":512,\"height\":512,\"caption\":\"Dicodusport\"},\"image\":{\"@id\":\"https:\/\/dicodusport.fr\/blog\/#\/schema\/logo\/image\/\"},\"sameAs\":[\"https:\/\/www.facebook.com\/dicodusport\",\"https:\/\/x.com\/dicodusport\",\"https:\/\/www.instagram.com\/dicodusport\/\",\"https:\/\/www.youtube.com\/channel\/UC7V2KZ5sd3htJivAbA4ZG3w\"],\"description\":\"Dicodusport est l'encyclop\u00e9die de l'actualit\u00e9 sportive.\",\"email\":\"bonjour@dicodusport.fr\",\"legalName\":\"DICODUSPORT\",\"foundingDate\":\"2018-01-14\",\"vatID\":\"FR71834470973\",\"taxID\":\"83447097300043\",\"numberOfEmployees\":{\"@type\":\"QuantitativeValue\",\"minValue\":\"1\",\"maxValue\":\"10\"}},{\"@type\":\"Person\",\"@id\":\"https:\/\/dicodusport.fr\/blog\/#\/schema\/person\/fe500246414ca17ddf0c0312d7a792cc\",\"name\":\"Olivier Dobiezynski\",\"image\":{\"@type\":\"ImageObject\",\"inLanguage\":\"fr-FR\",\"@id\":\"https:\/\/dicodusport.fr\/blog\/#\/schema\/person\/image\/\",\"url\":\"https:\/\/dicodusport.fr\/blog\/wp-content\/uploads\/2024\/09\/5be8fe8d-9962-4f1e-ad06-d6f9dee30e6d-150x150.jpg\",\"contentUrl\":\"https:\/\/dicodusport.fr\/blog\/wp-content\/uploads\/2024\/09\/5be8fe8d-9962-4f1e-ad06-d6f9dee30e6d-150x150.jpg\",\"caption\":\"Olivier Dobiezynski\"},\"description\":\"Depuis le milieu des ann\u00e9es 90, la passion du cyclisme m'anime. Mes h\u00e9ros s'appellent Luc Leblanc, Piotr Ugrumov, Paolo Savoldelli, Peter Sagan et bien \u00e9videmment Romain Bardet. R\u00e9dacteur depuis 2023, je suis ici pour partager cet amour de la Petite Reine. Vous pourrez me lire \u00e9galement sur du trail, du ski de fond et tout autre sujet susceptible d'\u00e9veiller ma curiosit\u00e9 sportive.\",\"sameAs\":[\"https:\/\/x.com\/https:\/\/x.com\/Olivier_Matros\"],\"url\":\"https:\/\/dicodusport.fr\/blog\/author\/olivier-gh\/\"}]}<\/script>\n<!-- \/ Yoast SEO Premium plugin. -->","yoast_head_json":{"title":"Team DSM Firmenich-PostNL : Effectif, maillot et objectifs pour la saison 2024","description":"Suite de notre pr\u00e9sentation des \u00e9quipes du World Tour 2024 avec aujourd'hui la formation DSM-Firmenich-PostNL.","robots":{"index":"index","follow":"follow","max-snippet":"max-snippet:-1","max-image-preview":"max-image-preview:large","max-video-preview":"max-video-preview:-1"},"canonical":"https:\/\/dicodusport.fr\/blog\/team-dsm-firmenich-postnl-effectif-maillot-et-objectifs-pour-la-saison-2024\/","og_locale":"fr_FR","og_type":"article","og_title":"Team DSM Firmenich-PostNL : Effectif, maillot et objectifs pour la saison 2024","og_description":"Suite de notre pr\u00e9sentation des \u00e9quipes du World Tour 2024 avec aujourd'hui la formation DSM-Firmenich-PostNL.","og_url":"https:\/\/dicodusport.fr\/blog\/team-dsm-firmenich-postnl-effectif-maillot-et-objectifs-pour-la-saison-2024\/","og_site_name":"Dicodusport","article_publisher":"https:\/\/www.facebook.com\/dicodusport","article_published_time":"2024-01-26T18:06:52+00:00","og_image":[{"width":1200,"height":674,"url":"https:\/\/dicodusport.fr\/blog\/wp-content\/uploads\/2023\/12\/Team-DSM-Firmenich-PostNL-Effectif-maillot-et-objectifs-pour-la-saison-2024.png","type":"image\/png"}],"author":"Olivier Dobiezynski","twitter_card":"summary_large_image","twitter_title":"Team DSM Firmenich-PostNL : Effectif, maillot et objectifs pour la saison 2024","twitter_creator":"@https:\/\/x.com\/Olivier_Matros","twitter_site":"@dicodusport","schema":{"@context":"https:\/\/schema.org","@graph":[{"@type":"NewsArticle","@id":"https:\/\/dicodusport.fr\/blog\/team-dsm-firmenich-postnl-effectif-maillot-et-objectifs-pour-la-saison-2024\/#article","isPartOf":{"@id":"https:\/\/dicodusport.fr\/blog\/team-dsm-firmenich-postnl-effectif-maillot-et-objectifs-pour-la-saison-2024\/"},"author":{"name":"Olivier Dobiezynski","@id":"https:\/\/dicodusport.fr\/blog\/#\/schema\/person\/fe500246414ca17ddf0c0312d7a792cc"},"headline":"Team DSM Firmenich-PostNL : Effectif, maillot et objectifs pour la saison 2024","datePublished":"2024-01-26T18:06:52+00:00","mainEntityOfPage":{"@id":"https:\/\/dicodusport.fr\/blog\/team-dsm-firmenich-postnl-effectif-maillot-et-objectifs-pour-la-saison-2024\/"},"wordCount":584,"commentCount":0,"publisher":{"@id":"https:\/\/dicodusport.fr\/blog\/#organization"},"image":{"@id":"https:\/\/dicodusport.fr\/blog\/team-dsm-firmenich-postnl-effectif-maillot-et-objectifs-pour-la-saison-2024\/#primaryimage"},"thumbnailUrl":"https:\/\/dicodusport.fr\/blog\/wp-content\/uploads\/2023\/12\/Team-DSM-Firmenich-PostNL-Effectif-maillot-et-objectifs-pour-la-saison-2024.png","keywords":["br\u00e8ve","Fabio Jakobsen","Romain Bardet","World Tour"],"articleSection":["Cyclisme sur route"],"inLanguage":"fr-FR","potentialAction":[{"@type":"CommentAction","name":"Comment","target":["https:\/\/dicodusport.fr\/blog\/team-dsm-firmenich-postnl-effectif-maillot-et-objectifs-pour-la-saison-2024\/#respond"]}],"copyrightYear":"2024","copyrightHolder":{"@id":"https:\/\/dicodusport.fr\/blog\/#organization"}},{"@type":"WebPage","@id":"https:\/\/dicodusport.fr\/blog\/team-dsm-firmenich-postnl-effectif-maillot-et-objectifs-pour-la-saison-2024\/","url":"https:\/\/dicodusport.fr\/blog\/team-dsm-firmenich-postnl-effectif-maillot-et-objectifs-pour-la-saison-2024\/","name":"Team DSM Firmenich-PostNL : Effectif, maillot et objectifs pour la saison 2024","isPartOf":{"@id":"https:\/\/dicodusport.fr\/blog\/#website"},"primaryImageOfPage":{"@id":"https:\/\/dicodusport.fr\/blog\/team-dsm-firmenich-postnl-effectif-maillot-et-objectifs-pour-la-saison-2024\/#primaryimage"},"image":{"@id":"https:\/\/dicodusport.fr\/blog\/team-dsm-firmenich-postnl-effectif-maillot-et-objectifs-pour-la-saison-2024\/#primaryimage"},"thumbnailUrl":"https:\/\/dicodusport.fr\/blog\/wp-content\/uploads\/2023\/12\/Team-DSM-Firmenich-PostNL-Effectif-maillot-et-objectifs-pour-la-saison-2024.png","datePublished":"2024-01-26T18:06:52+00:00","description":"Suite de notre pr\u00e9sentation des \u00e9quipes du World Tour 2024 avec aujourd'hui la formation DSM-Firmenich-PostNL.","breadcrumb":{"@id":"https:\/\/dicodusport.fr\/blog\/team-dsm-firmenich-postnl-effectif-maillot-et-objectifs-pour-la-saison-2024\/#breadcrumb"},"inLanguage":"fr-FR","potentialAction":[{"@type":"ReadAction","target":["https:\/\/dicodusport.fr\/blog\/team-dsm-firmenich-postnl-effectif-maillot-et-objectifs-pour-la-saison-2024\/"]}]},{"@type":"ImageObject","inLanguage":"fr-FR","@id":"https:\/\/dicodusport.fr\/blog\/team-dsm-firmenich-postnl-effectif-maillot-et-objectifs-pour-la-saison-2024\/#primaryimage","url":"https:\/\/dicodusport.fr\/blog\/wp-content\/uploads\/2023\/12\/Team-DSM-Firmenich-PostNL-Effectif-maillot-et-objectifs-pour-la-saison-2024.png","contentUrl":"https:\/\/dicodusport.fr\/blog\/wp-content\/uploads\/2023\/12\/Team-DSM-Firmenich-PostNL-Effectif-maillot-et-objectifs-pour-la-saison-2024.png","width":1200,"height":674,"caption":"Team DSM Firmenich-PostNL Effectif, maillot et objectifs pour la saison 2024"},{"@type":"BreadcrumbList","@id":"https:\/\/dicodusport.fr\/blog\/team-dsm-firmenich-postnl-effectif-maillot-et-objectifs-pour-la-saison-2024\/#breadcrumb","itemListElement":[{"@type":"ListItem","position":1,"name":"Accueil","item":"https:\/\/dicodusport.fr\/blog\/"},{"@type":"ListItem","position":2,"name":"Team DSM Firmenich-PostNL : Effectif, maillot et objectifs pour la saison 2024"}]},{"@type":"WebSite","@id":"https:\/\/dicodusport.fr\/blog\/#website","url":"https:\/\/dicodusport.fr\/blog\/","name":"Dicodusport","description":"L&#039;encyclop\u00e9die de l&#039;actualit\u00e9 sportive","publisher":{"@id":"https:\/\/dicodusport.fr\/blog\/#organization"},"potentialAction":[{"@type":"SearchAction","target":{"@type":"EntryPoint","urlTemplate":"https:\/\/dicodusport.fr\/blog\/?s={search_term_string}"},"query-input":{"@type":"PropertyValueSpecification","valueRequired":true,"valueName":"search_term_string"}}],"inLanguage":"fr-FR"},{"@type":"NewsMediaOrganization","@id":"https:\/\/dicodusport.fr\/blog\/#organization","name":"Dicodusport","url":"https:\/\/dicodusport.fr\/blog\/","logo":{"@type":"ImageObject","inLanguage":"fr-FR","@id":"https:\/\/dicodusport.fr\/blog\/#\/schema\/logo\/image\/","url":"https:\/\/dicodusport.fr\/blog\/wp-content\/uploads\/2020\/06\/cropped-LOGO-DICODUSPORT-2020-SANS-FOND-SANS-TEXTE.png","contentUrl":"https:\/\/dicodusport.fr\/blog\/wp-content\/uploads\/2020\/06\/cropped-LOGO-DICODUSPORT-2020-SANS-FOND-SANS-TEXTE.png","width":512,"height":512,"caption":"Dicodusport"},"image":{"@id":"https:\/\/dicodusport.fr\/blog\/#\/schema\/logo\/image\/"},"sameAs":["https:\/\/www.facebook.com\/dicodusport","https:\/\/x.com\/dicodusport","https:\/\/www.instagram.com\/dicodusport\/","https:\/\/www.youtube.com\/channel\/UC7V2KZ5sd3htJivAbA4ZG3w"],"description":"Dicodusport est l'encyclop\u00e9die de l'actualit\u00e9 sportive.","email":"bonjour@dicodusport.fr","legalName":"DICODUSPORT","foundingDate":"2018-01-14","vatID":"FR71834470973","taxID":"83447097300043","numberOfEmployees":{"@type":"QuantitativeValue","minValue":"1","maxValue":"10"}},{"@type":"Person","@id":"https:\/\/dicodusport.fr\/blog\/#\/schema\/person\/fe500246414ca17ddf0c0312d7a792cc","name":"Olivier Dobiezynski","image":{"@type":"ImageObject","inLanguage":"fr-FR","@id":"https:\/\/dicodusport.fr\/blog\/#\/schema\/person\/image\/","url":"https:\/\/dicodusport.fr\/blog\/wp-content\/uploads\/2024\/09\/5be8fe8d-9962-4f1e-ad06-d6f9dee30e6d-150x150.jpg","contentUrl":"https:\/\/dicodusport.fr\/blog\/wp-content\/uploads\/2024\/09\/5be8fe8d-9962-4f1e-ad06-d6f9dee30e6d-150x150.jpg","caption":"Olivier Dobiezynski"},"description":"Depuis le milieu des ann\u00e9es 90, la passion du cyclisme m'anime. Mes h\u00e9ros s'appellent Luc Leblanc, Piotr Ugrumov, Paolo Savoldelli, Peter Sagan et bien \u00e9videmment Romain Bardet. R\u00e9dacteur depuis 2023, je suis ici pour partager cet amour de la Petite Reine. Vous pourrez me lire \u00e9galement sur du trail, du ski de fond et tout autre sujet susceptible d'\u00e9veiller ma curiosit\u00e9 sportive.","sameAs":["https:\/\/x.com\/https:\/\/x.com\/Olivier_Matros"],"url":"https:\/\/dicodusport.fr\/blog\/author\/olivier-gh\/"}]}},"_links":{"self":[{"href":"https:\/\/dicodusport.fr\/blog\/wp-json\/wp\/v2\/posts\/441687","targetHints":{"allow":["GET"]}}],"collection":[{"href":"https:\/\/dicodusport.fr\/blog\/wp-json\/wp\/v2\/posts"}],"about":[{"href":"https:\/\/dicodusport.fr\/blog\/wp-json\/wp\/v2\/types\/post"}],"author":[{"embeddable":true,"href":"https:\/\/dicodusport.fr\/blog\/wp-json\/wp\/v2\/users\/92"}],"replies":[{"embeddable":true,"href":"https:\/\/dicodusport.fr\/blog\/wp-json\/wp\/v2\/comments?post=441687"}],"version-history":[{"count":5,"href":"https:\/\/dicodusport.fr\/blog\/wp-json\/wp\/v2\/posts\/441687\/revisions"}],"predecessor-version":[{"id":456824,"href":"https:\/\/dicodusport.fr\/blog\/wp-json\/wp\/v2\/posts\/441687\/revisions\/456824"}],"wp:featuredmedia":[{"embeddable":true,"href":"https:\/\/dicodusport.fr\/blog\/wp-json\/wp\/v2\/media\/456823"}],"wp:attachment":[{"href":"https:\/\/dicodusport.fr\/blog\/wp-json\/wp\/v2\/media?parent=441687"}],"wp:term":[{"taxonomy":"category","embeddable":true,"href":"https:\/\/dicodusport.fr\/blog\/wp-json\/wp\/v2\/categories?post=441687"},{"taxonomy":"post_tag","embeddable":true,"href":"https:\/\/dicodusport.fr\/blog\/wp-json\/wp\/v2\/tags?post=441687"}],"curies":[{"name":"wp","href":"https:\/\/api.w.org\/{rel}","templated":true}]}}