{"id":441896,"date":"2023-12-02T13:18:39","date_gmt":"2023-12-02T12:18:39","guid":{"rendered":"https:\/\/dicodusport.fr\/blog\/?p=441896&#038;preview=true&#038;preview_id=441896"},"modified":"2023-12-02T13:48:59","modified_gmt":"2023-12-02T12:48:59","slug":"ibu-cup-2023-2024-oceane-michelon-sur-le-podium-du-sprint-de-kontiolahti","status":"publish","type":"post","link":"https:\/\/dicodusport.fr\/blog\/ibu-cup-2023-2024-oceane-michelon-sur-le-podium-du-sprint-de-kontiolahti\/","title":{"rendered":"IBU Cup 2023\/2024 : Oc\u00e9ane Michelon sur le podium du sprint de Kontiolahti"},"content":{"rendered":"<p style=\"text-align: justify;\"><strong><em>IBU CUP SAISON 2023\/2024 &#8211; Ce samedi, la Fran\u00e7aise Oc\u00e9ane Michelon a pris la troisi\u00e8me place du sprint de l&rsquo;IBU Cup de Kontiolahti (Finlande). La victoire est revenue \u00e0 la Norv\u00e9gienne Emilie Kalkenberg.<\/em><\/strong><\/p>\n<p style=\"text-align: justify;\">Nouveau podium pour l&rsquo;\u00e9quipe de France en <strong>IBU Cup<\/strong>. Apr\u00e8s <a href=\"https:\/\/dicodusport.fr\/blog\/ibu-cup-2023-2024-jeanne-richard-triomphe-dentree-sur-lindividuel-de-kontiolahti\/\">le succ\u00e8s de<strong> Jeanne Richard<\/strong> sur l&rsquo;individuel jeudi<\/a>, c&rsquo;est au tour d&rsquo;<strong>Oc\u00e9ane Michelon<\/strong> de monter sur la bo\u00eete \u00e0 <strong>Kontiolahti<\/strong>, en Finlande. La Savoyarde de 21 ans a pris la troisi\u00e8me place du sprint, ce samedi, au prix d&rsquo;un 9\/10 face aux cibles. La victoire est revenue \u00e0 la Norv\u00e9gienne <strong>Emilie Kalkenberg<\/strong>. Cette derni\u00e8re, avec un sans-faute au tir et le meilleur temps de ski, a devanc\u00e9 la Su\u00e9doise <strong>Sara Andersson<\/strong>, \u00e9galement parfaite derri\u00e8re la carabine, mais moins rapide sur les skis, \u00e0 23.3 secondes.<\/p>\n<p style=\"text-align: justify;\">\u00c0 noter la quatri\u00e8me place de <strong>Jeanne Richard<\/strong>, encore une fois au rendez-vous ce samedi. Son 10\/10 au tir ne lui a pas permis de monter sur le podium, terminant \u00e0 1,3 seconde de sa compatriote. Mais cela reste un nouveau tr\u00e8s bon r\u00e9sultat pour la p\u00e9pite du biathlon fran\u00e7ais.<\/p>\n<blockquote class=\"twitter-tweet\">\n<p dir=\"ltr\" lang=\"en\">Here they are! Your top 3 of Women Sprint in Kontiolahti. Special congrats to Oceane for the first <a href=\"https:\/\/twitter.com\/hashtag\/IBUCup?src=hash&amp;ref_src=twsrc%5Etfw\">#IBUCup<\/a> podium!\ud83c\udf1f<\/p>\n<p>\ud83e\udd47\ud83c\uddf3\ud83c\uddf4Emilie Aagheim Kalkenberg<br \/>\n\ud83e\udd48\ud83c\uddf8\ud83c\uddeaSara Andersson<br \/>\n\ud83e\udd49\ud83c\uddeb\ud83c\uddf7Oceane Michelon<a href=\"https:\/\/twitter.com\/hashtag\/biathlon?src=hash&amp;ref_src=twsrc%5Etfw\">#biathlon<\/a> <a href=\"https:\/\/t.co\/VQSjxsbkdL\">pic.twitter.com\/VQSjxsbkdL<\/a><\/p>\n<p>\u2014 International Biathlon Union (@biathlonworld) <a href=\"https:\/\/twitter.com\/biathlonworld\/status\/1730913534119219596?ref_src=twsrc%5Etfw\">December 2, 2023<\/a><\/p><\/blockquote>\n<p><script async src=\"https:\/\/platform.twitter.com\/widgets.js\" charset=\"utf-8\"><\/script><\/p>\n<h2 style=\"text-align: justify;\">Le classement des Fran\u00e7aises<\/h2>\n<ul>\n<li>3\u00e8me : <strong>Oc\u00e9ane Michelon<\/strong> \u00e0 9\/10 (1-0) \/ +39.3<\/li>\n<li>4\u00e8me : <strong>Jeanne Richard<\/strong> \u00e0 10\/10 (0-0) \/ +40.6<\/li>\n<li>21\u00e8me : <strong>Ana\u00eblle Bondoux<\/strong> \u00e0 8\/10 (1-1) \/ +2:03.4<\/li>\n<li>25\u00e8me : <strong>Paula Botet<\/strong> \u00e0 8\/10 (1-1) \/ +2:05.5<\/li>\n<li>36\u00e8me : <strong>Chlo\u00e9 Bened<\/strong> \u00e0 9\/10 (0-1) \/ +2:40.2<\/li>\n<li>43\u00e8me : <strong>L\u00e9onie Jeannier<\/strong> \u00e0 8\/10 (2-0) \/ +3:02.8<\/li>\n<\/ul>\n","protected":false},"excerpt":{"rendered":"<p>IBU CUP SAISON 2023\/2024 &#8211; Ce samedi, la Fran\u00e7aise Oc\u00e9ane Michelon a pris la troisi\u00e8me place du sprint de l&rsquo;IBU Cup de Kontiolahti (Finlande). La victoire est revenue \u00e0 la Norv\u00e9gienne Emilie Kalkenberg.<\/p>\n","protected":false},"author":4,"featured_media":441899,"comment_status":"open","ping_status":"closed","sticky":false,"template":"","format":"standard","meta":{"_acf_changed":false,"_daextam_enable_autolinks":"1","footnotes":""},"categories":[2426],"tags":[29733,16878,22027],"class_list":["post-441896","post","type-post","status-publish","format-standard","has-post-thumbnail","hentry","category-biathlon","tag-biathlon-francais","tag-breve","tag-oceane-michelon"],"acf":[],"yoast_head":"<!-- This site is optimized with the Yoast SEO Premium plugin v26.7 (Yoast SEO v26.7) - https:\/\/yoast.com\/wordpress\/plugins\/seo\/ -->\n<title>IBU Cup 2023\/2024 : Oc\u00e9ane Michelon sur le podium du sprint de Kontiolahti<\/title>\n<meta name=\"description\" content=\"IBU CUP SAISON 2023\/2024 - Ce samedi, la Fran\u00e7aise Oc\u00e9ane Michelon a pris la troisi\u00e8me place du sprint de l&#039;IBU Cup de Kontiolahti (Finlande).\" \/>\n<meta name=\"robots\" content=\"index, follow, max-snippet:-1, max-image-preview:large, max-video-preview:-1\" \/>\n<link rel=\"canonical\" href=\"https:\/\/dicodusport.fr\/blog\/ibu-cup-2023-2024-oceane-michelon-sur-le-podium-du-sprint-de-kontiolahti\/\" \/>\n<meta property=\"og:locale\" content=\"fr_FR\" \/>\n<meta property=\"og:type\" content=\"article\" \/>\n<meta property=\"og:title\" content=\"IBU Cup 2023\/2024 : Oc\u00e9ane Michelon sur le podium du sprint de Kontiolahti\" \/>\n<meta property=\"og:description\" content=\"IBU CUP SAISON 2023\/2024 - Ce samedi, la Fran\u00e7aise Oc\u00e9ane Michelon a pris la troisi\u00e8me place du sprint de l&#039;IBU Cup de Kontiolahti (Finlande).\" \/>\n<meta property=\"og:url\" content=\"https:\/\/dicodusport.fr\/blog\/ibu-cup-2023-2024-oceane-michelon-sur-le-podium-du-sprint-de-kontiolahti\/\" \/>\n<meta property=\"og:site_name\" content=\"Dicodusport\" \/>\n<meta property=\"article:publisher\" content=\"https:\/\/www.facebook.com\/dicodusport\" \/>\n<meta property=\"article:author\" content=\"https:\/\/www.facebook.com\/florent.ostermann\" \/>\n<meta property=\"article:published_time\" content=\"2023-12-02T12:18:39+00:00\" \/>\n<meta property=\"article:modified_time\" content=\"2023-12-02T12:48:59+00:00\" \/>\n<meta property=\"og:image\" content=\"https:\/\/dicodusport.fr\/blog\/wp-content\/uploads\/2023\/12\/IBU-Cup-20232024-Oceane-Michelon-sur-le-podium-du-sprint-de-Kontiolahti.png\" \/>\n\t<meta property=\"og:image:width\" content=\"1200\" \/>\n\t<meta property=\"og:image:height\" content=\"674\" \/>\n\t<meta property=\"og:image:type\" content=\"image\/png\" \/>\n<meta name=\"author\" content=\"Flo Ostermann\" \/>\n<meta name=\"twitter:card\" content=\"summary_large_image\" \/>\n<meta name=\"twitter:title\" content=\"IBU Cup 2023\/2024 : Oc\u00e9ane Michelon sur le podium du sprint de Kontiolahti\" \/>\n<meta name=\"twitter:creator\" content=\"@https:\/\/twitter.com\/FlOstermann\" \/>\n<meta name=\"twitter:site\" content=\"@dicodusport\" \/>\n<script type=\"application\/ld+json\" class=\"yoast-schema-graph\">{\"@context\":\"https:\/\/schema.org\",\"@graph\":[{\"@type\":\"NewsArticle\",\"@id\":\"https:\/\/dicodusport.fr\/blog\/ibu-cup-2023-2024-oceane-michelon-sur-le-podium-du-sprint-de-kontiolahti\/#article\",\"isPartOf\":{\"@id\":\"https:\/\/dicodusport.fr\/blog\/ibu-cup-2023-2024-oceane-michelon-sur-le-podium-du-sprint-de-kontiolahti\/\"},\"author\":{\"name\":\"Flo Ostermann\",\"@id\":\"https:\/\/dicodusport.fr\/blog\/#\/schema\/person\/cb02af4c173ce4a653b55e9baf388d4a\"},\"headline\":\"IBU Cup 2023\/2024 : Oc\u00e9ane Michelon sur le podium du sprint de Kontiolahti\",\"datePublished\":\"2023-12-02T12:18:39+00:00\",\"dateModified\":\"2023-12-02T12:48:59+00:00\",\"mainEntityOfPage\":{\"@id\":\"https:\/\/dicodusport.fr\/blog\/ibu-cup-2023-2024-oceane-michelon-sur-le-podium-du-sprint-de-kontiolahti\/\"},\"wordCount\":270,\"commentCount\":0,\"publisher\":{\"@id\":\"https:\/\/dicodusport.fr\/blog\/#organization\"},\"image\":{\"@id\":\"https:\/\/dicodusport.fr\/blog\/ibu-cup-2023-2024-oceane-michelon-sur-le-podium-du-sprint-de-kontiolahti\/#primaryimage\"},\"thumbnailUrl\":\"https:\/\/dicodusport.fr\/blog\/wp-content\/uploads\/2023\/12\/IBU-Cup-20232024-Oceane-Michelon-sur-le-podium-du-sprint-de-Kontiolahti.png\",\"keywords\":[\"biathlon fran\u00e7ais\",\"br\u00e8ve\",\"Oc\u00e9ane Michelon\"],\"articleSection\":[\"Biathlon\"],\"inLanguage\":\"fr-FR\",\"potentialAction\":[{\"@type\":\"CommentAction\",\"name\":\"Comment\",\"target\":[\"https:\/\/dicodusport.fr\/blog\/ibu-cup-2023-2024-oceane-michelon-sur-le-podium-du-sprint-de-kontiolahti\/#respond\"]}],\"copyrightYear\":\"2023\",\"copyrightHolder\":{\"@id\":\"https:\/\/dicodusport.fr\/blog\/#organization\"}},{\"@type\":\"WebPage\",\"@id\":\"https:\/\/dicodusport.fr\/blog\/ibu-cup-2023-2024-oceane-michelon-sur-le-podium-du-sprint-de-kontiolahti\/\",\"url\":\"https:\/\/dicodusport.fr\/blog\/ibu-cup-2023-2024-oceane-michelon-sur-le-podium-du-sprint-de-kontiolahti\/\",\"name\":\"IBU Cup 2023\/2024 : Oc\u00e9ane Michelon sur le podium du sprint de Kontiolahti\",\"isPartOf\":{\"@id\":\"https:\/\/dicodusport.fr\/blog\/#website\"},\"primaryImageOfPage\":{\"@id\":\"https:\/\/dicodusport.fr\/blog\/ibu-cup-2023-2024-oceane-michelon-sur-le-podium-du-sprint-de-kontiolahti\/#primaryimage\"},\"image\":{\"@id\":\"https:\/\/dicodusport.fr\/blog\/ibu-cup-2023-2024-oceane-michelon-sur-le-podium-du-sprint-de-kontiolahti\/#primaryimage\"},\"thumbnailUrl\":\"https:\/\/dicodusport.fr\/blog\/wp-content\/uploads\/2023\/12\/IBU-Cup-20232024-Oceane-Michelon-sur-le-podium-du-sprint-de-Kontiolahti.png\",\"datePublished\":\"2023-12-02T12:18:39+00:00\",\"dateModified\":\"2023-12-02T12:48:59+00:00\",\"description\":\"IBU CUP SAISON 2023\/2024 - Ce samedi, la Fran\u00e7aise Oc\u00e9ane Michelon a pris la troisi\u00e8me place du sprint de l'IBU Cup de Kontiolahti (Finlande).\",\"breadcrumb\":{\"@id\":\"https:\/\/dicodusport.fr\/blog\/ibu-cup-2023-2024-oceane-michelon-sur-le-podium-du-sprint-de-kontiolahti\/#breadcrumb\"},\"inLanguage\":\"fr-FR\",\"potentialAction\":[{\"@type\":\"ReadAction\",\"target\":[\"https:\/\/dicodusport.fr\/blog\/ibu-cup-2023-2024-oceane-michelon-sur-le-podium-du-sprint-de-kontiolahti\/\"]}]},{\"@type\":\"ImageObject\",\"inLanguage\":\"fr-FR\",\"@id\":\"https:\/\/dicodusport.fr\/blog\/ibu-cup-2023-2024-oceane-michelon-sur-le-podium-du-sprint-de-kontiolahti\/#primaryimage\",\"url\":\"https:\/\/dicodusport.fr\/blog\/wp-content\/uploads\/2023\/12\/IBU-Cup-20232024-Oceane-Michelon-sur-le-podium-du-sprint-de-Kontiolahti.png\",\"contentUrl\":\"https:\/\/dicodusport.fr\/blog\/wp-content\/uploads\/2023\/12\/IBU-Cup-20232024-Oceane-Michelon-sur-le-podium-du-sprint-de-Kontiolahti.png\",\"width\":1200,\"height\":674,\"caption\":\"IBU Cup 20232024 Oc\u00e9ane Michelon sur le podium du sprint de Kontiolahti\"},{\"@type\":\"BreadcrumbList\",\"@id\":\"https:\/\/dicodusport.fr\/blog\/ibu-cup-2023-2024-oceane-michelon-sur-le-podium-du-sprint-de-kontiolahti\/#breadcrumb\",\"itemListElement\":[{\"@type\":\"ListItem\",\"position\":1,\"name\":\"Accueil\",\"item\":\"https:\/\/dicodusport.fr\/blog\/\"},{\"@type\":\"ListItem\",\"position\":2,\"name\":\"IBU Cup 2023\/2024 : Oc\u00e9ane Michelon sur le podium du sprint de Kontiolahti\"}]},{\"@type\":\"WebSite\",\"@id\":\"https:\/\/dicodusport.fr\/blog\/#website\",\"url\":\"https:\/\/dicodusport.fr\/blog\/\",\"name\":\"Dicodusport\",\"description\":\"L&#039;encyclop\u00e9die de l&#039;actualit\u00e9 sportive\",\"publisher\":{\"@id\":\"https:\/\/dicodusport.fr\/blog\/#organization\"},\"potentialAction\":[{\"@type\":\"SearchAction\",\"target\":{\"@type\":\"EntryPoint\",\"urlTemplate\":\"https:\/\/dicodusport.fr\/blog\/?s={search_term_string}\"},\"query-input\":{\"@type\":\"PropertyValueSpecification\",\"valueRequired\":true,\"valueName\":\"search_term_string\"}}],\"inLanguage\":\"fr-FR\"},{\"@type\":\"NewsMediaOrganization\",\"@id\":\"https:\/\/dicodusport.fr\/blog\/#organization\",\"name\":\"Dicodusport\",\"url\":\"https:\/\/dicodusport.fr\/blog\/\",\"logo\":{\"@type\":\"ImageObject\",\"inLanguage\":\"fr-FR\",\"@id\":\"https:\/\/dicodusport.fr\/blog\/#\/schema\/logo\/image\/\",\"url\":\"https:\/\/dicodusport.fr\/blog\/wp-content\/uploads\/2020\/06\/cropped-LOGO-DICODUSPORT-2020-SANS-FOND-SANS-TEXTE.png\",\"contentUrl\":\"https:\/\/dicodusport.fr\/blog\/wp-content\/uploads\/2020\/06\/cropped-LOGO-DICODUSPORT-2020-SANS-FOND-SANS-TEXTE.png\",\"width\":512,\"height\":512,\"caption\":\"Dicodusport\"},\"image\":{\"@id\":\"https:\/\/dicodusport.fr\/blog\/#\/schema\/logo\/image\/\"},\"sameAs\":[\"https:\/\/www.facebook.com\/dicodusport\",\"https:\/\/x.com\/dicodusport\",\"https:\/\/www.instagram.com\/dicodusport\/\",\"https:\/\/www.youtube.com\/channel\/UC7V2KZ5sd3htJivAbA4ZG3w\"],\"description\":\"Dicodusport est l'encyclop\u00e9die de l'actualit\u00e9 sportive.\",\"email\":\"bonjour@dicodusport.fr\",\"legalName\":\"DICODUSPORT\",\"foundingDate\":\"2018-01-14\",\"vatID\":\"FR71834470973\",\"taxID\":\"83447097300043\",\"numberOfEmployees\":{\"@type\":\"QuantitativeValue\",\"minValue\":\"1\",\"maxValue\":\"10\"}},{\"@type\":\"Person\",\"@id\":\"https:\/\/dicodusport.fr\/blog\/#\/schema\/person\/cb02af4c173ce4a653b55e9baf388d4a\",\"name\":\"Flo Ostermann\",\"image\":{\"@type\":\"ImageObject\",\"inLanguage\":\"fr-FR\",\"@id\":\"https:\/\/dicodusport.fr\/blog\/#\/schema\/person\/image\/\",\"url\":\"https:\/\/dicodusport.fr\/blog\/wp-content\/uploads\/2021\/05\/Flo-Ostermann-150x150.jpg\",\"contentUrl\":\"https:\/\/dicodusport.fr\/blog\/wp-content\/uploads\/2021\/05\/Flo-Ostermann-150x150.jpg\",\"caption\":\"Flo Ostermann\"},\"description\":\"Journaliste\/R\u00e9dacteur depuis septembre 2015 - Mes premiers souvenirs dans le sport ? Les envol\u00e9es du Stade Toulousain et les duels Villeneuve-Schumacher et H\u00e4kkinen-Schumacher \u00e0 la fin des ann\u00e9es 90, la Coupe du monde de football en 1998, l\u2019exploit du XV de France face aux All Blacks en 1999, mais aussi Richard C\u0153ur de Lion qui vole sur les montagnes du Tour de France. Bien parti pour devenir professeur d\u2019EPS, les \u00e9v\u00e9nements de la vie (et la flemme d\u2019animer des s\u00e9ances de 3x500 m\u00e8tres toute ma vie) m\u2019ont conduit \u00e0 revoir mes plans. Me voil\u00e0 depuis fin 2017 sur Dicodusport, m\u00e9dia gr\u00e2ce (et pour) lequel je partage ma passion : le sport dans tous ses \u00e9tats. Le tout accompagn\u00e9 par les fous furieux et folles furieuses cit\u00e9s sur cette page !\",\"sameAs\":[\"https:\/\/www.facebook.com\/florent.ostermann\",\"https:\/\/x.com\/https:\/\/twitter.com\/FlOstermann\",\"admin\"],\"url\":\"https:\/\/dicodusport.fr\/blog\/author\/flo\/\"}]}<\/script>\n<!-- \/ Yoast SEO Premium plugin. -->","yoast_head_json":{"title":"IBU Cup 2023\/2024 : Oc\u00e9ane Michelon sur le podium du sprint de Kontiolahti","description":"IBU CUP SAISON 2023\/2024 - Ce samedi, la Fran\u00e7aise Oc\u00e9ane Michelon a pris la troisi\u00e8me place du sprint de l'IBU Cup de Kontiolahti (Finlande).","robots":{"index":"index","follow":"follow","max-snippet":"max-snippet:-1","max-image-preview":"max-image-preview:large","max-video-preview":"max-video-preview:-1"},"canonical":"https:\/\/dicodusport.fr\/blog\/ibu-cup-2023-2024-oceane-michelon-sur-le-podium-du-sprint-de-kontiolahti\/","og_locale":"fr_FR","og_type":"article","og_title":"IBU Cup 2023\/2024 : Oc\u00e9ane Michelon sur le podium du sprint de Kontiolahti","og_description":"IBU CUP SAISON 2023\/2024 - Ce samedi, la Fran\u00e7aise Oc\u00e9ane Michelon a pris la troisi\u00e8me place du sprint de l'IBU Cup de Kontiolahti (Finlande).","og_url":"https:\/\/dicodusport.fr\/blog\/ibu-cup-2023-2024-oceane-michelon-sur-le-podium-du-sprint-de-kontiolahti\/","og_site_name":"Dicodusport","article_publisher":"https:\/\/www.facebook.com\/dicodusport","article_author":"https:\/\/www.facebook.com\/florent.ostermann","article_published_time":"2023-12-02T12:18:39+00:00","article_modified_time":"2023-12-02T12:48:59+00:00","og_image":[{"width":1200,"height":674,"url":"https:\/\/dicodusport.fr\/blog\/wp-content\/uploads\/2023\/12\/IBU-Cup-20232024-Oceane-Michelon-sur-le-podium-du-sprint-de-Kontiolahti.png","type":"image\/png"}],"author":"Flo Ostermann","twitter_card":"summary_large_image","twitter_title":"IBU Cup 2023\/2024 : Oc\u00e9ane Michelon sur le podium du sprint de Kontiolahti","twitter_creator":"@https:\/\/twitter.com\/FlOstermann","twitter_site":"@dicodusport","schema":{"@context":"https:\/\/schema.org","@graph":[{"@type":"NewsArticle","@id":"https:\/\/dicodusport.fr\/blog\/ibu-cup-2023-2024-oceane-michelon-sur-le-podium-du-sprint-de-kontiolahti\/#article","isPartOf":{"@id":"https:\/\/dicodusport.fr\/blog\/ibu-cup-2023-2024-oceane-michelon-sur-le-podium-du-sprint-de-kontiolahti\/"},"author":{"name":"Flo Ostermann","@id":"https:\/\/dicodusport.fr\/blog\/#\/schema\/person\/cb02af4c173ce4a653b55e9baf388d4a"},"headline":"IBU Cup 2023\/2024 : Oc\u00e9ane Michelon sur le podium du sprint de Kontiolahti","datePublished":"2023-12-02T12:18:39+00:00","dateModified":"2023-12-02T12:48:59+00:00","mainEntityOfPage":{"@id":"https:\/\/dicodusport.fr\/blog\/ibu-cup-2023-2024-oceane-michelon-sur-le-podium-du-sprint-de-kontiolahti\/"},"wordCount":270,"commentCount":0,"publisher":{"@id":"https:\/\/dicodusport.fr\/blog\/#organization"},"image":{"@id":"https:\/\/dicodusport.fr\/blog\/ibu-cup-2023-2024-oceane-michelon-sur-le-podium-du-sprint-de-kontiolahti\/#primaryimage"},"thumbnailUrl":"https:\/\/dicodusport.fr\/blog\/wp-content\/uploads\/2023\/12\/IBU-Cup-20232024-Oceane-Michelon-sur-le-podium-du-sprint-de-Kontiolahti.png","keywords":["biathlon fran\u00e7ais","br\u00e8ve","Oc\u00e9ane Michelon"],"articleSection":["Biathlon"],"inLanguage":"fr-FR","potentialAction":[{"@type":"CommentAction","name":"Comment","target":["https:\/\/dicodusport.fr\/blog\/ibu-cup-2023-2024-oceane-michelon-sur-le-podium-du-sprint-de-kontiolahti\/#respond"]}],"copyrightYear":"2023","copyrightHolder":{"@id":"https:\/\/dicodusport.fr\/blog\/#organization"}},{"@type":"WebPage","@id":"https:\/\/dicodusport.fr\/blog\/ibu-cup-2023-2024-oceane-michelon-sur-le-podium-du-sprint-de-kontiolahti\/","url":"https:\/\/dicodusport.fr\/blog\/ibu-cup-2023-2024-oceane-michelon-sur-le-podium-du-sprint-de-kontiolahti\/","name":"IBU Cup 2023\/2024 : Oc\u00e9ane Michelon sur le podium du sprint de Kontiolahti","isPartOf":{"@id":"https:\/\/dicodusport.fr\/blog\/#website"},"primaryImageOfPage":{"@id":"https:\/\/dicodusport.fr\/blog\/ibu-cup-2023-2024-oceane-michelon-sur-le-podium-du-sprint-de-kontiolahti\/#primaryimage"},"image":{"@id":"https:\/\/dicodusport.fr\/blog\/ibu-cup-2023-2024-oceane-michelon-sur-le-podium-du-sprint-de-kontiolahti\/#primaryimage"},"thumbnailUrl":"https:\/\/dicodusport.fr\/blog\/wp-content\/uploads\/2023\/12\/IBU-Cup-20232024-Oceane-Michelon-sur-le-podium-du-sprint-de-Kontiolahti.png","datePublished":"2023-12-02T12:18:39+00:00","dateModified":"2023-12-02T12:48:59+00:00","description":"IBU CUP SAISON 2023\/2024 - Ce samedi, la Fran\u00e7aise Oc\u00e9ane Michelon a pris la troisi\u00e8me place du sprint de l'IBU Cup de Kontiolahti (Finlande).","breadcrumb":{"@id":"https:\/\/dicodusport.fr\/blog\/ibu-cup-2023-2024-oceane-michelon-sur-le-podium-du-sprint-de-kontiolahti\/#breadcrumb"},"inLanguage":"fr-FR","potentialAction":[{"@type":"ReadAction","target":["https:\/\/dicodusport.fr\/blog\/ibu-cup-2023-2024-oceane-michelon-sur-le-podium-du-sprint-de-kontiolahti\/"]}]},{"@type":"ImageObject","inLanguage":"fr-FR","@id":"https:\/\/dicodusport.fr\/blog\/ibu-cup-2023-2024-oceane-michelon-sur-le-podium-du-sprint-de-kontiolahti\/#primaryimage","url":"https:\/\/dicodusport.fr\/blog\/wp-content\/uploads\/2023\/12\/IBU-Cup-20232024-Oceane-Michelon-sur-le-podium-du-sprint-de-Kontiolahti.png","contentUrl":"https:\/\/dicodusport.fr\/blog\/wp-content\/uploads\/2023\/12\/IBU-Cup-20232024-Oceane-Michelon-sur-le-podium-du-sprint-de-Kontiolahti.png","width":1200,"height":674,"caption":"IBU Cup 20232024 Oc\u00e9ane Michelon sur le podium du sprint de Kontiolahti"},{"@type":"BreadcrumbList","@id":"https:\/\/dicodusport.fr\/blog\/ibu-cup-2023-2024-oceane-michelon-sur-le-podium-du-sprint-de-kontiolahti\/#breadcrumb","itemListElement":[{"@type":"ListItem","position":1,"name":"Accueil","item":"https:\/\/dicodusport.fr\/blog\/"},{"@type":"ListItem","position":2,"name":"IBU Cup 2023\/2024 : Oc\u00e9ane Michelon sur le podium du sprint de Kontiolahti"}]},{"@type":"WebSite","@id":"https:\/\/dicodusport.fr\/blog\/#website","url":"https:\/\/dicodusport.fr\/blog\/","name":"Dicodusport","description":"L&#039;encyclop\u00e9die de l&#039;actualit\u00e9 sportive","publisher":{"@id":"https:\/\/dicodusport.fr\/blog\/#organization"},"potentialAction":[{"@type":"SearchAction","target":{"@type":"EntryPoint","urlTemplate":"https:\/\/dicodusport.fr\/blog\/?s={search_term_string}"},"query-input":{"@type":"PropertyValueSpecification","valueRequired":true,"valueName":"search_term_string"}}],"inLanguage":"fr-FR"},{"@type":"NewsMediaOrganization","@id":"https:\/\/dicodusport.fr\/blog\/#organization","name":"Dicodusport","url":"https:\/\/dicodusport.fr\/blog\/","logo":{"@type":"ImageObject","inLanguage":"fr-FR","@id":"https:\/\/dicodusport.fr\/blog\/#\/schema\/logo\/image\/","url":"https:\/\/dicodusport.fr\/blog\/wp-content\/uploads\/2020\/06\/cropped-LOGO-DICODUSPORT-2020-SANS-FOND-SANS-TEXTE.png","contentUrl":"https:\/\/dicodusport.fr\/blog\/wp-content\/uploads\/2020\/06\/cropped-LOGO-DICODUSPORT-2020-SANS-FOND-SANS-TEXTE.png","width":512,"height":512,"caption":"Dicodusport"},"image":{"@id":"https:\/\/dicodusport.fr\/blog\/#\/schema\/logo\/image\/"},"sameAs":["https:\/\/www.facebook.com\/dicodusport","https:\/\/x.com\/dicodusport","https:\/\/www.instagram.com\/dicodusport\/","https:\/\/www.youtube.com\/channel\/UC7V2KZ5sd3htJivAbA4ZG3w"],"description":"Dicodusport est l'encyclop\u00e9die de l'actualit\u00e9 sportive.","email":"bonjour@dicodusport.fr","legalName":"DICODUSPORT","foundingDate":"2018-01-14","vatID":"FR71834470973","taxID":"83447097300043","numberOfEmployees":{"@type":"QuantitativeValue","minValue":"1","maxValue":"10"}},{"@type":"Person","@id":"https:\/\/dicodusport.fr\/blog\/#\/schema\/person\/cb02af4c173ce4a653b55e9baf388d4a","name":"Flo Ostermann","image":{"@type":"ImageObject","inLanguage":"fr-FR","@id":"https:\/\/dicodusport.fr\/blog\/#\/schema\/person\/image\/","url":"https:\/\/dicodusport.fr\/blog\/wp-content\/uploads\/2021\/05\/Flo-Ostermann-150x150.jpg","contentUrl":"https:\/\/dicodusport.fr\/blog\/wp-content\/uploads\/2021\/05\/Flo-Ostermann-150x150.jpg","caption":"Flo Ostermann"},"description":"Journaliste\/R\u00e9dacteur depuis septembre 2015 - Mes premiers souvenirs dans le sport ? Les envol\u00e9es du Stade Toulousain et les duels Villeneuve-Schumacher et H\u00e4kkinen-Schumacher \u00e0 la fin des ann\u00e9es 90, la Coupe du monde de football en 1998, l\u2019exploit du XV de France face aux All Blacks en 1999, mais aussi Richard C\u0153ur de Lion qui vole sur les montagnes du Tour de France. Bien parti pour devenir professeur d\u2019EPS, les \u00e9v\u00e9nements de la vie (et la flemme d\u2019animer des s\u00e9ances de 3x500 m\u00e8tres toute ma vie) m\u2019ont conduit \u00e0 revoir mes plans. Me voil\u00e0 depuis fin 2017 sur Dicodusport, m\u00e9dia gr\u00e2ce (et pour) lequel je partage ma passion : le sport dans tous ses \u00e9tats. Le tout accompagn\u00e9 par les fous furieux et folles furieuses cit\u00e9s sur cette page !","sameAs":["https:\/\/www.facebook.com\/florent.ostermann","https:\/\/x.com\/https:\/\/twitter.com\/FlOstermann","admin"],"url":"https:\/\/dicodusport.fr\/blog\/author\/flo\/"}]}},"_links":{"self":[{"href":"https:\/\/dicodusport.fr\/blog\/wp-json\/wp\/v2\/posts\/441896","targetHints":{"allow":["GET"]}}],"collection":[{"href":"https:\/\/dicodusport.fr\/blog\/wp-json\/wp\/v2\/posts"}],"about":[{"href":"https:\/\/dicodusport.fr\/blog\/wp-json\/wp\/v2\/types\/post"}],"author":[{"embeddable":true,"href":"https:\/\/dicodusport.fr\/blog\/wp-json\/wp\/v2\/users\/4"}],"replies":[{"embeddable":true,"href":"https:\/\/dicodusport.fr\/blog\/wp-json\/wp\/v2\/comments?post=441896"}],"version-history":[{"count":5,"href":"https:\/\/dicodusport.fr\/blog\/wp-json\/wp\/v2\/posts\/441896\/revisions"}],"predecessor-version":[{"id":441902,"href":"https:\/\/dicodusport.fr\/blog\/wp-json\/wp\/v2\/posts\/441896\/revisions\/441902"}],"wp:featuredmedia":[{"embeddable":true,"href":"https:\/\/dicodusport.fr\/blog\/wp-json\/wp\/v2\/media\/441899"}],"wp:attachment":[{"href":"https:\/\/dicodusport.fr\/blog\/wp-json\/wp\/v2\/media?parent=441896"}],"wp:term":[{"taxonomy":"category","embeddable":true,"href":"https:\/\/dicodusport.fr\/blog\/wp-json\/wp\/v2\/categories?post=441896"},{"taxonomy":"post_tag","embeddable":true,"href":"https:\/\/dicodusport.fr\/blog\/wp-json\/wp\/v2\/tags?post=441896"}],"curies":[{"name":"wp","href":"https:\/\/api.w.org\/{rel}","templated":true}]}}