{"id":441943,"date":"2023-12-02T16:16:42","date_gmt":"2023-12-02T15:16:42","guid":{"rendered":"https:\/\/dicodusport.fr\/blog\/?p=441943&#038;preview=true&#038;preview_id=441943"},"modified":"2023-12-02T16:42:22","modified_gmt":"2023-12-02T15:42:22","slug":"transferts-rc-toulon-charles-ollivon-fixe-pour-son-avenir","status":"publish","type":"post","link":"https:\/\/dicodusport.fr\/blog\/transferts-rc-toulon-charles-ollivon-fixe-pour-son-avenir\/","title":{"rendered":"Transferts RC Toulon : Charles Ollivon fix\u00e9 pour son avenir"},"content":{"rendered":"<p style=\"text-align: justify;\"><strong><em>TOP 14 2023-2024 &#8211; Le RC Toulon a annonc\u00e9 la prolongation du troisi\u00e8me ligne international, Charles Ollivon, jusqu&rsquo;en juin 2027.<\/em><\/strong><\/p>\n<p style=\"text-align: justify;\">Le club de la Rade est sur tous les fronts depuis quelques semaines. Si le sportif va bien avec une quatri\u00e8me place avant la quatri\u00e8me journ\u00e9e, le <strong>RC<\/strong> <strong>Toulon<\/strong> s&rsquo;est activ\u00e9 sur le march\u00e9 des transferts. Les dirigeants varois ont obtenu la prolongation de <strong>Gabin<\/strong> <strong>Villi\u00e8re<\/strong> pour plusieurs saisons, et surtout la signature de <strong>Melvyn<\/strong> <strong>Jaminet<\/strong> avec effet imm\u00e9diat.<\/p>\n<ul style=\"text-align: justify;\">\n<li style=\"text-align: justify;\"><strong>\u00c0 lire aussi &#8211; <a href=\"https:\/\/dicodusport.fr\/blog\/transferts-rugby-itoje-falatea-racing-92-les-infos-du-vendredi-1er-decembre\/\" target=\"_blank\" rel=\"noopener\">Transferts Rugby : Itoje, Falatea, Racing 92, les infos du vendredi 1er d\u00e9cembre<\/a><\/strong><\/li>\n<\/ul>\n<h2 style=\"text-align: justify;\">Charles Ollivon prolonge au RC Toulon<\/h2>\n<p style=\"text-align: justify;\"><strong>Charles<\/strong> <strong>Ollivon<\/strong>, de retour d&rsquo;une belle <strong>Coupe<\/strong> <strong>du<\/strong> <strong>monde<\/strong> avec la France malgr\u00e9 la d\u00e9ception collective, \u00e9tait sous contrat jusqu&rsquo;en juin 2025. Avant la rencontre face \u00e0 la Section Paloise, le <strong>RCT<\/strong> a annonc\u00e9 sa prolongation pour deux saisons suppl\u00e9mentaires. L&rsquo;ancien capitaine des Bleus s&rsquo;est expliqu\u00e9 sur le site du club varois.<\/p>\n<blockquote>\n<p style=\"text-align: justify;\">Toulon est devenu ma deuxi\u00e8me maison, et je suis honor\u00e9 de continuer \u00e0 porter ce maillot embl\u00e9matique. Je suis impatient de contribuer davantage au succ\u00e8s de l\u2019\u00e9quipe et de partager d\u2019autres tr\u00e8s grands moments avec nos supporters exceptionnels. C\u2019\u00e9tait important de partager cette annonce avec eux aujourd\u2019hui, car ils sont notre plus grand soutien au quotidien. C\u2019est donc une fa\u00e7on de les remercier d\u2019\u00eatre toujours derri\u00e8re nous.<\/p>\n<\/blockquote>\n<p style=\"text-align: justify;\">Une excellente nouvelle donc pour le RCT qui blinde un de ses meilleurs joueurs pour encore au moins trois saisons apr\u00e8s celle en cours. R\u00e9cemment, <strong>Philippe<\/strong> <strong>Tayeb<\/strong>, pr\u00e9sident de l&rsquo;<strong>Aviron Bayonnais<\/strong>, <a href=\"https:\/\/dicodusport.fr\/blog\/transferts-laviron-bayonnais-reve-de-charles-ollivon-et-maxime-lucu\/\">avait fait part de son envie de rapatrier <strong>Charles<\/strong> <strong>Ollivon<\/strong> un jour<\/a>. Ce ne sera pas pour tout de suite donc.<\/p>\n<blockquote class=\"twitter-tweet\">\n<p dir=\"ltr\" lang=\"fr\">\ud83e\udee1 \ud835\udc02\ud835\udc1a\ud835\udc29\ud835\udc2d&rsquo;\ud835\udc1a\ud835\udc22\ud835\udc27 \ud835\udc0e\ud835\udc25\ud835\udc25\ud835\udc22\ud835\udc2f\ud835\udc28\ud835\udc27<\/p>\n<p>Comme annonc\u00e9 en avant premi\u00e8re au Stade Mayol juste avant le coup d&rsquo;envoi du match <a href=\"https:\/\/twitter.com\/hashtag\/RCTSP?src=hash&amp;ref_src=twsrc%5Etfw\">#RCTSP<\/a>, <a href=\"https:\/\/twitter.com\/CharlesOllivon?ref_src=twsrc%5Etfw\">@CharlesOllivon<\/a> poursuit son aventure en \ud83d\udd34&amp;\u26ab jusqu&rsquo;en 2\ufe0f\u20e30\ufe0f\u20e32\ufe0f\u20e37\ufe0f\u20e3 \ud83d\udd25<\/p>\n<p>\u2014 RCT &#8211; RC Toulon (@RCTofficiel) <a href=\"https:\/\/twitter.com\/RCTofficiel\/status\/1730949198197985557?ref_src=twsrc%5Etfw\">December 2, 2023<\/a><\/p><\/blockquote>\n<p style=\"text-align: justify;\"><script async src=\"https:\/\/platform.twitter.com\/widgets.js\" charset=\"utf-8\"><\/script><\/p>\n","protected":false},"excerpt":{"rendered":"<p>TOP 14 2023-2024 &#8211; Le RC Toulon a annonc\u00e9 la prolongation de Charles Ollivon jusqu&rsquo;en juin 2027.<\/p>\n","protected":false},"author":1,"featured_media":441964,"comment_status":"open","ping_status":"closed","sticky":false,"template":"","format":"standard","meta":{"_acf_changed":false,"_daextam_enable_autolinks":"1","footnotes":""},"categories":[9129,47050],"tags":[16878,10815,3078],"class_list":["post-441943","post","type-post","status-publish","format-standard","has-post-thumbnail","hentry","category-rugby-a-xv","category-top-14","tag-breve","tag-charles-ollivon","tag-rc-toulon"],"acf":[],"yoast_head":"<!-- This site is optimized with the Yoast SEO Premium plugin v26.7 (Yoast SEO v26.7) - https:\/\/yoast.com\/wordpress\/plugins\/seo\/ -->\n<title>Transferts RC Toulon : Charles Ollivon fix\u00e9 pour son avenir<\/title>\n<meta name=\"description\" content=\"TOP 14 2023-2024 - Le RC Toulon a annonc\u00e9 la prolongation de Charles Ollivon jusqu&#039;en juin 2027.\" \/>\n<meta name=\"robots\" content=\"index, follow, max-snippet:-1, max-image-preview:large, max-video-preview:-1\" \/>\n<link rel=\"canonical\" href=\"https:\/\/dicodusport.fr\/blog\/transferts-rc-toulon-charles-ollivon-fixe-pour-son-avenir\/\" \/>\n<meta property=\"og:locale\" content=\"fr_FR\" \/>\n<meta property=\"og:type\" content=\"article\" \/>\n<meta property=\"og:title\" content=\"Transferts RC Toulon : Charles Ollivon fix\u00e9 pour son avenir\" \/>\n<meta property=\"og:description\" content=\"TOP 14 2023-2024 - Le RC Toulon a annonc\u00e9 la prolongation de Charles Ollivon jusqu&#039;en juin 2027.\" \/>\n<meta property=\"og:url\" content=\"https:\/\/dicodusport.fr\/blog\/transferts-rc-toulon-charles-ollivon-fixe-pour-son-avenir\/\" \/>\n<meta property=\"og:site_name\" content=\"Dicodusport\" \/>\n<meta property=\"article:publisher\" content=\"https:\/\/www.facebook.com\/dicodusport\" \/>\n<meta property=\"article:author\" content=\"https:\/\/www.facebook.com\/dicodusport\" \/>\n<meta property=\"article:published_time\" content=\"2023-12-02T15:16:42+00:00\" \/>\n<meta property=\"article:modified_time\" content=\"2023-12-02T15:42:22+00:00\" \/>\n<meta property=\"og:image\" content=\"https:\/\/dicodusport.fr\/blog\/wp-content\/uploads\/2023\/12\/Transferts-RC-Toulon-Charles-Ollivon-fixe-pour-son-avenir.png\" \/>\n\t<meta property=\"og:image:width\" content=\"1200\" \/>\n\t<meta property=\"og:image:height\" content=\"674\" \/>\n\t<meta property=\"og:image:type\" content=\"image\/png\" \/>\n<meta name=\"author\" content=\"Nicolas Jacquemard\" \/>\n<meta name=\"twitter:card\" content=\"summary_large_image\" \/>\n<meta name=\"twitter:title\" content=\"Transferts RC Toulon : Charles Ollivon fix\u00e9 pour son avenir\" \/>\n<meta name=\"twitter:creator\" content=\"@https:\/\/twitter.com\/Nico_Jacquemard\" \/>\n<meta name=\"twitter:site\" content=\"@dicodusport\" \/>\n<script type=\"application\/ld+json\" class=\"yoast-schema-graph\">{\"@context\":\"https:\/\/schema.org\",\"@graph\":[{\"@type\":\"NewsArticle\",\"@id\":\"https:\/\/dicodusport.fr\/blog\/transferts-rc-toulon-charles-ollivon-fixe-pour-son-avenir\/#article\",\"isPartOf\":{\"@id\":\"https:\/\/dicodusport.fr\/blog\/transferts-rc-toulon-charles-ollivon-fixe-pour-son-avenir\/\"},\"author\":{\"name\":\"Nicolas Jacquemard\",\"@id\":\"https:\/\/dicodusport.fr\/blog\/#\/schema\/person\/55dcb50ad410894e431ed812bbb70191\"},\"headline\":\"Transferts RC Toulon : Charles Ollivon fix\u00e9 pour son avenir\",\"datePublished\":\"2023-12-02T15:16:42+00:00\",\"dateModified\":\"2023-12-02T15:42:22+00:00\",\"mainEntityOfPage\":{\"@id\":\"https:\/\/dicodusport.fr\/blog\/transferts-rc-toulon-charles-ollivon-fixe-pour-son-avenir\/\"},\"wordCount\":337,\"commentCount\":0,\"publisher\":{\"@id\":\"https:\/\/dicodusport.fr\/blog\/#organization\"},\"image\":{\"@id\":\"https:\/\/dicodusport.fr\/blog\/transferts-rc-toulon-charles-ollivon-fixe-pour-son-avenir\/#primaryimage\"},\"thumbnailUrl\":\"https:\/\/dicodusport.fr\/blog\/wp-content\/uploads\/2023\/12\/Transferts-RC-Toulon-Charles-Ollivon-fixe-pour-son-avenir.png\",\"keywords\":[\"br\u00e8ve\",\"Charles Ollivon\",\"RC Toulon\"],\"articleSection\":[\"Rugby \u00e0 XV\",\"Top 14\"],\"inLanguage\":\"fr-FR\",\"potentialAction\":[{\"@type\":\"CommentAction\",\"name\":\"Comment\",\"target\":[\"https:\/\/dicodusport.fr\/blog\/transferts-rc-toulon-charles-ollivon-fixe-pour-son-avenir\/#respond\"]}],\"copyrightYear\":\"2023\",\"copyrightHolder\":{\"@id\":\"https:\/\/dicodusport.fr\/blog\/#organization\"}},{\"@type\":\"WebPage\",\"@id\":\"https:\/\/dicodusport.fr\/blog\/transferts-rc-toulon-charles-ollivon-fixe-pour-son-avenir\/\",\"url\":\"https:\/\/dicodusport.fr\/blog\/transferts-rc-toulon-charles-ollivon-fixe-pour-son-avenir\/\",\"name\":\"Transferts RC Toulon : Charles Ollivon fix\u00e9 pour son avenir\",\"isPartOf\":{\"@id\":\"https:\/\/dicodusport.fr\/blog\/#website\"},\"primaryImageOfPage\":{\"@id\":\"https:\/\/dicodusport.fr\/blog\/transferts-rc-toulon-charles-ollivon-fixe-pour-son-avenir\/#primaryimage\"},\"image\":{\"@id\":\"https:\/\/dicodusport.fr\/blog\/transferts-rc-toulon-charles-ollivon-fixe-pour-son-avenir\/#primaryimage\"},\"thumbnailUrl\":\"https:\/\/dicodusport.fr\/blog\/wp-content\/uploads\/2023\/12\/Transferts-RC-Toulon-Charles-Ollivon-fixe-pour-son-avenir.png\",\"datePublished\":\"2023-12-02T15:16:42+00:00\",\"dateModified\":\"2023-12-02T15:42:22+00:00\",\"description\":\"TOP 14 2023-2024 - Le RC Toulon a annonc\u00e9 la prolongation de Charles Ollivon jusqu'en juin 2027.\",\"breadcrumb\":{\"@id\":\"https:\/\/dicodusport.fr\/blog\/transferts-rc-toulon-charles-ollivon-fixe-pour-son-avenir\/#breadcrumb\"},\"inLanguage\":\"fr-FR\",\"potentialAction\":[{\"@type\":\"ReadAction\",\"target\":[\"https:\/\/dicodusport.fr\/blog\/transferts-rc-toulon-charles-ollivon-fixe-pour-son-avenir\/\"]}]},{\"@type\":\"ImageObject\",\"inLanguage\":\"fr-FR\",\"@id\":\"https:\/\/dicodusport.fr\/blog\/transferts-rc-toulon-charles-ollivon-fixe-pour-son-avenir\/#primaryimage\",\"url\":\"https:\/\/dicodusport.fr\/blog\/wp-content\/uploads\/2023\/12\/Transferts-RC-Toulon-Charles-Ollivon-fixe-pour-son-avenir.png\",\"contentUrl\":\"https:\/\/dicodusport.fr\/blog\/wp-content\/uploads\/2023\/12\/Transferts-RC-Toulon-Charles-Ollivon-fixe-pour-son-avenir.png\",\"width\":1200,\"height\":674},{\"@type\":\"BreadcrumbList\",\"@id\":\"https:\/\/dicodusport.fr\/blog\/transferts-rc-toulon-charles-ollivon-fixe-pour-son-avenir\/#breadcrumb\",\"itemListElement\":[{\"@type\":\"ListItem\",\"position\":1,\"name\":\"Accueil\",\"item\":\"https:\/\/dicodusport.fr\/blog\/\"},{\"@type\":\"ListItem\",\"position\":2,\"name\":\"Transferts RC Toulon : Charles Ollivon fix\u00e9 pour son avenir\"}]},{\"@type\":\"WebSite\",\"@id\":\"https:\/\/dicodusport.fr\/blog\/#website\",\"url\":\"https:\/\/dicodusport.fr\/blog\/\",\"name\":\"Dicodusport\",\"description\":\"L&#039;encyclop\u00e9die de l&#039;actualit\u00e9 sportive\",\"publisher\":{\"@id\":\"https:\/\/dicodusport.fr\/blog\/#organization\"},\"potentialAction\":[{\"@type\":\"SearchAction\",\"target\":{\"@type\":\"EntryPoint\",\"urlTemplate\":\"https:\/\/dicodusport.fr\/blog\/?s={search_term_string}\"},\"query-input\":{\"@type\":\"PropertyValueSpecification\",\"valueRequired\":true,\"valueName\":\"search_term_string\"}}],\"inLanguage\":\"fr-FR\"},{\"@type\":\"NewsMediaOrganization\",\"@id\":\"https:\/\/dicodusport.fr\/blog\/#organization\",\"name\":\"Dicodusport\",\"url\":\"https:\/\/dicodusport.fr\/blog\/\",\"logo\":{\"@type\":\"ImageObject\",\"inLanguage\":\"fr-FR\",\"@id\":\"https:\/\/dicodusport.fr\/blog\/#\/schema\/logo\/image\/\",\"url\":\"https:\/\/dicodusport.fr\/blog\/wp-content\/uploads\/2020\/06\/cropped-LOGO-DICODUSPORT-2020-SANS-FOND-SANS-TEXTE.png\",\"contentUrl\":\"https:\/\/dicodusport.fr\/blog\/wp-content\/uploads\/2020\/06\/cropped-LOGO-DICODUSPORT-2020-SANS-FOND-SANS-TEXTE.png\",\"width\":512,\"height\":512,\"caption\":\"Dicodusport\"},\"image\":{\"@id\":\"https:\/\/dicodusport.fr\/blog\/#\/schema\/logo\/image\/\"},\"sameAs\":[\"https:\/\/www.facebook.com\/dicodusport\",\"https:\/\/x.com\/dicodusport\",\"https:\/\/www.instagram.com\/dicodusport\/\",\"https:\/\/www.youtube.com\/channel\/UC7V2KZ5sd3htJivAbA4ZG3w\"],\"description\":\"Dicodusport est l'encyclop\u00e9die de l'actualit\u00e9 sportive.\",\"email\":\"bonjour@dicodusport.fr\",\"legalName\":\"DICODUSPORT\",\"foundingDate\":\"2018-01-14\",\"vatID\":\"FR71834470973\",\"taxID\":\"83447097300043\",\"numberOfEmployees\":{\"@type\":\"QuantitativeValue\",\"minValue\":\"1\",\"maxValue\":\"10\"}},{\"@type\":\"Person\",\"@id\":\"https:\/\/dicodusport.fr\/blog\/#\/schema\/person\/55dcb50ad410894e431ed812bbb70191\",\"name\":\"Nicolas Jacquemard\",\"image\":{\"@type\":\"ImageObject\",\"inLanguage\":\"fr-FR\",\"@id\":\"https:\/\/dicodusport.fr\/blog\/#\/schema\/person\/image\/\",\"url\":\"https:\/\/dicodusport.fr\/blog\/wp-content\/uploads\/2021\/05\/Nicolas-Jacquemard-150x150.jpeg\",\"contentUrl\":\"https:\/\/dicodusport.fr\/blog\/wp-content\/uploads\/2021\/05\/Nicolas-Jacquemard-150x150.jpeg\",\"caption\":\"Nicolas Jacquemard\"},\"description\":\"Passionn\u00e9 de sport et entrepreneur depuis mes 18 ans, la cr\u00e9ation de Dicodusport m'a sembl\u00e9 \u00e9vidente pour participer \u00e0 la m\u00e9diatisation d'un plus grand nombre de sports. Le chemin est long mais avec une \u00e9quipe des plus motiv\u00e9es et les Jeux Olympiques de Paris 2024 en point de mire, nous y arriverons ! Journaliste dans le monde du sport depuis plus de 5 ans, je traite aussi bien de football, de rugby, de biathlon que de cyclisme.\",\"sameAs\":[\"https:\/\/www.facebook.com\/dicodusport\",\"https:\/\/x.com\/https:\/\/twitter.com\/Nico_Jacquemard\"],\"url\":\"https:\/\/dicodusport.fr\/blog\/author\/dicodusport\/\"}]}<\/script>\n<!-- \/ Yoast SEO Premium plugin. -->","yoast_head_json":{"title":"Transferts RC Toulon : Charles Ollivon fix\u00e9 pour son avenir","description":"TOP 14 2023-2024 - Le RC Toulon a annonc\u00e9 la prolongation de Charles Ollivon jusqu'en juin 2027.","robots":{"index":"index","follow":"follow","max-snippet":"max-snippet:-1","max-image-preview":"max-image-preview:large","max-video-preview":"max-video-preview:-1"},"canonical":"https:\/\/dicodusport.fr\/blog\/transferts-rc-toulon-charles-ollivon-fixe-pour-son-avenir\/","og_locale":"fr_FR","og_type":"article","og_title":"Transferts RC Toulon : Charles Ollivon fix\u00e9 pour son avenir","og_description":"TOP 14 2023-2024 - Le RC Toulon a annonc\u00e9 la prolongation de Charles Ollivon jusqu'en juin 2027.","og_url":"https:\/\/dicodusport.fr\/blog\/transferts-rc-toulon-charles-ollivon-fixe-pour-son-avenir\/","og_site_name":"Dicodusport","article_publisher":"https:\/\/www.facebook.com\/dicodusport","article_author":"https:\/\/www.facebook.com\/dicodusport","article_published_time":"2023-12-02T15:16:42+00:00","article_modified_time":"2023-12-02T15:42:22+00:00","og_image":[{"width":1200,"height":674,"url":"https:\/\/dicodusport.fr\/blog\/wp-content\/uploads\/2023\/12\/Transferts-RC-Toulon-Charles-Ollivon-fixe-pour-son-avenir.png","type":"image\/png"}],"author":"Nicolas Jacquemard","twitter_card":"summary_large_image","twitter_title":"Transferts RC Toulon : Charles Ollivon fix\u00e9 pour son avenir","twitter_creator":"@https:\/\/twitter.com\/Nico_Jacquemard","twitter_site":"@dicodusport","schema":{"@context":"https:\/\/schema.org","@graph":[{"@type":"NewsArticle","@id":"https:\/\/dicodusport.fr\/blog\/transferts-rc-toulon-charles-ollivon-fixe-pour-son-avenir\/#article","isPartOf":{"@id":"https:\/\/dicodusport.fr\/blog\/transferts-rc-toulon-charles-ollivon-fixe-pour-son-avenir\/"},"author":{"name":"Nicolas Jacquemard","@id":"https:\/\/dicodusport.fr\/blog\/#\/schema\/person\/55dcb50ad410894e431ed812bbb70191"},"headline":"Transferts RC Toulon : Charles Ollivon fix\u00e9 pour son avenir","datePublished":"2023-12-02T15:16:42+00:00","dateModified":"2023-12-02T15:42:22+00:00","mainEntityOfPage":{"@id":"https:\/\/dicodusport.fr\/blog\/transferts-rc-toulon-charles-ollivon-fixe-pour-son-avenir\/"},"wordCount":337,"commentCount":0,"publisher":{"@id":"https:\/\/dicodusport.fr\/blog\/#organization"},"image":{"@id":"https:\/\/dicodusport.fr\/blog\/transferts-rc-toulon-charles-ollivon-fixe-pour-son-avenir\/#primaryimage"},"thumbnailUrl":"https:\/\/dicodusport.fr\/blog\/wp-content\/uploads\/2023\/12\/Transferts-RC-Toulon-Charles-Ollivon-fixe-pour-son-avenir.png","keywords":["br\u00e8ve","Charles Ollivon","RC Toulon"],"articleSection":["Rugby \u00e0 XV","Top 14"],"inLanguage":"fr-FR","potentialAction":[{"@type":"CommentAction","name":"Comment","target":["https:\/\/dicodusport.fr\/blog\/transferts-rc-toulon-charles-ollivon-fixe-pour-son-avenir\/#respond"]}],"copyrightYear":"2023","copyrightHolder":{"@id":"https:\/\/dicodusport.fr\/blog\/#organization"}},{"@type":"WebPage","@id":"https:\/\/dicodusport.fr\/blog\/transferts-rc-toulon-charles-ollivon-fixe-pour-son-avenir\/","url":"https:\/\/dicodusport.fr\/blog\/transferts-rc-toulon-charles-ollivon-fixe-pour-son-avenir\/","name":"Transferts RC Toulon : Charles Ollivon fix\u00e9 pour son avenir","isPartOf":{"@id":"https:\/\/dicodusport.fr\/blog\/#website"},"primaryImageOfPage":{"@id":"https:\/\/dicodusport.fr\/blog\/transferts-rc-toulon-charles-ollivon-fixe-pour-son-avenir\/#primaryimage"},"image":{"@id":"https:\/\/dicodusport.fr\/blog\/transferts-rc-toulon-charles-ollivon-fixe-pour-son-avenir\/#primaryimage"},"thumbnailUrl":"https:\/\/dicodusport.fr\/blog\/wp-content\/uploads\/2023\/12\/Transferts-RC-Toulon-Charles-Ollivon-fixe-pour-son-avenir.png","datePublished":"2023-12-02T15:16:42+00:00","dateModified":"2023-12-02T15:42:22+00:00","description":"TOP 14 2023-2024 - Le RC Toulon a annonc\u00e9 la prolongation de Charles Ollivon jusqu'en juin 2027.","breadcrumb":{"@id":"https:\/\/dicodusport.fr\/blog\/transferts-rc-toulon-charles-ollivon-fixe-pour-son-avenir\/#breadcrumb"},"inLanguage":"fr-FR","potentialAction":[{"@type":"ReadAction","target":["https:\/\/dicodusport.fr\/blog\/transferts-rc-toulon-charles-ollivon-fixe-pour-son-avenir\/"]}]},{"@type":"ImageObject","inLanguage":"fr-FR","@id":"https:\/\/dicodusport.fr\/blog\/transferts-rc-toulon-charles-ollivon-fixe-pour-son-avenir\/#primaryimage","url":"https:\/\/dicodusport.fr\/blog\/wp-content\/uploads\/2023\/12\/Transferts-RC-Toulon-Charles-Ollivon-fixe-pour-son-avenir.png","contentUrl":"https:\/\/dicodusport.fr\/blog\/wp-content\/uploads\/2023\/12\/Transferts-RC-Toulon-Charles-Ollivon-fixe-pour-son-avenir.png","width":1200,"height":674},{"@type":"BreadcrumbList","@id":"https:\/\/dicodusport.fr\/blog\/transferts-rc-toulon-charles-ollivon-fixe-pour-son-avenir\/#breadcrumb","itemListElement":[{"@type":"ListItem","position":1,"name":"Accueil","item":"https:\/\/dicodusport.fr\/blog\/"},{"@type":"ListItem","position":2,"name":"Transferts RC Toulon : Charles Ollivon fix\u00e9 pour son avenir"}]},{"@type":"WebSite","@id":"https:\/\/dicodusport.fr\/blog\/#website","url":"https:\/\/dicodusport.fr\/blog\/","name":"Dicodusport","description":"L&#039;encyclop\u00e9die de l&#039;actualit\u00e9 sportive","publisher":{"@id":"https:\/\/dicodusport.fr\/blog\/#organization"},"potentialAction":[{"@type":"SearchAction","target":{"@type":"EntryPoint","urlTemplate":"https:\/\/dicodusport.fr\/blog\/?s={search_term_string}"},"query-input":{"@type":"PropertyValueSpecification","valueRequired":true,"valueName":"search_term_string"}}],"inLanguage":"fr-FR"},{"@type":"NewsMediaOrganization","@id":"https:\/\/dicodusport.fr\/blog\/#organization","name":"Dicodusport","url":"https:\/\/dicodusport.fr\/blog\/","logo":{"@type":"ImageObject","inLanguage":"fr-FR","@id":"https:\/\/dicodusport.fr\/blog\/#\/schema\/logo\/image\/","url":"https:\/\/dicodusport.fr\/blog\/wp-content\/uploads\/2020\/06\/cropped-LOGO-DICODUSPORT-2020-SANS-FOND-SANS-TEXTE.png","contentUrl":"https:\/\/dicodusport.fr\/blog\/wp-content\/uploads\/2020\/06\/cropped-LOGO-DICODUSPORT-2020-SANS-FOND-SANS-TEXTE.png","width":512,"height":512,"caption":"Dicodusport"},"image":{"@id":"https:\/\/dicodusport.fr\/blog\/#\/schema\/logo\/image\/"},"sameAs":["https:\/\/www.facebook.com\/dicodusport","https:\/\/x.com\/dicodusport","https:\/\/www.instagram.com\/dicodusport\/","https:\/\/www.youtube.com\/channel\/UC7V2KZ5sd3htJivAbA4ZG3w"],"description":"Dicodusport est l'encyclop\u00e9die de l'actualit\u00e9 sportive.","email":"bonjour@dicodusport.fr","legalName":"DICODUSPORT","foundingDate":"2018-01-14","vatID":"FR71834470973","taxID":"83447097300043","numberOfEmployees":{"@type":"QuantitativeValue","minValue":"1","maxValue":"10"}},{"@type":"Person","@id":"https:\/\/dicodusport.fr\/blog\/#\/schema\/person\/55dcb50ad410894e431ed812bbb70191","name":"Nicolas Jacquemard","image":{"@type":"ImageObject","inLanguage":"fr-FR","@id":"https:\/\/dicodusport.fr\/blog\/#\/schema\/person\/image\/","url":"https:\/\/dicodusport.fr\/blog\/wp-content\/uploads\/2021\/05\/Nicolas-Jacquemard-150x150.jpeg","contentUrl":"https:\/\/dicodusport.fr\/blog\/wp-content\/uploads\/2021\/05\/Nicolas-Jacquemard-150x150.jpeg","caption":"Nicolas Jacquemard"},"description":"Passionn\u00e9 de sport et entrepreneur depuis mes 18 ans, la cr\u00e9ation de Dicodusport m'a sembl\u00e9 \u00e9vidente pour participer \u00e0 la m\u00e9diatisation d'un plus grand nombre de sports. Le chemin est long mais avec une \u00e9quipe des plus motiv\u00e9es et les Jeux Olympiques de Paris 2024 en point de mire, nous y arriverons ! Journaliste dans le monde du sport depuis plus de 5 ans, je traite aussi bien de football, de rugby, de biathlon que de cyclisme.","sameAs":["https:\/\/www.facebook.com\/dicodusport","https:\/\/x.com\/https:\/\/twitter.com\/Nico_Jacquemard"],"url":"https:\/\/dicodusport.fr\/blog\/author\/dicodusport\/"}]}},"_links":{"self":[{"href":"https:\/\/dicodusport.fr\/blog\/wp-json\/wp\/v2\/posts\/441943","targetHints":{"allow":["GET"]}}],"collection":[{"href":"https:\/\/dicodusport.fr\/blog\/wp-json\/wp\/v2\/posts"}],"about":[{"href":"https:\/\/dicodusport.fr\/blog\/wp-json\/wp\/v2\/types\/post"}],"author":[{"embeddable":true,"href":"https:\/\/dicodusport.fr\/blog\/wp-json\/wp\/v2\/users\/1"}],"replies":[{"embeddable":true,"href":"https:\/\/dicodusport.fr\/blog\/wp-json\/wp\/v2\/comments?post=441943"}],"version-history":[{"count":2,"href":"https:\/\/dicodusport.fr\/blog\/wp-json\/wp\/v2\/posts\/441943\/revisions"}],"predecessor-version":[{"id":442014,"href":"https:\/\/dicodusport.fr\/blog\/wp-json\/wp\/v2\/posts\/441943\/revisions\/442014"}],"wp:featuredmedia":[{"embeddable":true,"href":"https:\/\/dicodusport.fr\/blog\/wp-json\/wp\/v2\/media\/441964"}],"wp:attachment":[{"href":"https:\/\/dicodusport.fr\/blog\/wp-json\/wp\/v2\/media?parent=441943"}],"wp:term":[{"taxonomy":"category","embeddable":true,"href":"https:\/\/dicodusport.fr\/blog\/wp-json\/wp\/v2\/categories?post=441943"},{"taxonomy":"post_tag","embeddable":true,"href":"https:\/\/dicodusport.fr\/blog\/wp-json\/wp\/v2\/tags?post=441943"}],"curies":[{"name":"wp","href":"https:\/\/api.w.org\/{rel}","templated":true}]}}