{"id":441955,"date":"2023-12-02T21:13:14","date_gmt":"2023-12-02T20:13:14","guid":{"rendered":"https:\/\/dicodusport.fr\/blog\/?p=441955&#038;preview=true&#038;preview_id=441955"},"modified":"2023-12-02T23:25:15","modified_gmt":"2023-12-02T22:25:15","slug":"geant-de-mont-tremblant-federica-brignone-simpose-en-championne","status":"publish","type":"post","link":"https:\/\/dicodusport.fr\/blog\/geant-de-mont-tremblant-federica-brignone-simpose-en-championne\/","title":{"rendered":"G\u00e9ant de Mont-Tremblant : Federica Brignone s&rsquo;impose en championne"},"content":{"rendered":"<p style=\"text-align: justify;\"><em><strong>COUPE DU MONDE DE SKI ALPIN 2023-2024 &#8211; Federica Brignone s&rsquo;est impos\u00e9e sur le premier g\u00e9ant de ce week-end qu\u00e9b\u00e9cois de Mont-Tremblant ce samedi. Elle devance Petra Vlhova et Mikaela Shiffrin.\u00a0<\/strong><\/em><\/p>\n<ul style=\"text-align: justify;\">\n<li style=\"text-align: justify;\"><strong>\u00c0 ce sujet &#8211; <a href=\"https:\/\/dicodusport.fr\/blog\/classement-geant-femmes-mont-tremblant-2023\/\">Le classement du g\u00e9ant de Mont-Tremblant<\/a><\/strong><\/li>\n<\/ul>\n<p style=\"text-align: justify;\">D&rsquo;abord, le brouillard a g\u00ean\u00e9 le d\u00e9part de la premi\u00e8re manch, qui a \u00e9t\u00e9 repouss\u00e9 d&rsquo;un quart d&rsquo;heure. Sur les bords du lac Tremblant, la piste \u00e9tait plut\u00f4t facile avec de nombreuses portions plates avec beaucoup de mouvements de terrain. Ces derniers ont pi\u00e9g\u00e9 de nombreuses concurrentes comme Alice Robinson ou Maryna Gasienca-Daniel. Le manque de d\u00e9nivel\u00e9 a fait perdre \u00e9norm\u00e9ment de temps.<\/p>\n<p style=\"text-align: justify;\"><strong>Federica Brignone<\/strong> a \u00e9t\u00e9 imp\u00e9riale avec un haut du corps sobre sur la deuxi\u00e8me partie du trac\u00e9 apr\u00e8s une premi\u00e8re moiti\u00e9 plus en contr\u00f4le avec la visibilit\u00e9 limit\u00e9e pour signer le meilleur temps en 1:06.50. <strong>Sara Hector<\/strong> a r\u00e9alis\u00e9 une bonne entame en \u00e9tant tr\u00e8s engag\u00e9e dans chaque courbe. Mais, elle a marqu\u00e9 un appui \u00e0 l&rsquo;entame du dernier mur et a perdu de la vitesse pour signer le deuxi\u00e8me temps \u00e0 11 centi\u00e8mes. Laur\u00e9ate des deux premiers g\u00e9ants de la saison, <strong>Lara Gut-Behrami<\/strong> a fait le troisi\u00e8me temps \u00e0 35 centi\u00e8mes, en \u00e9tant la premi\u00e8re \u00e0 s&rsquo;\u00e9lancer sur cette piste. Puis, <strong>Petra Vlhova<\/strong> a \u00e9t\u00e9 un peu trop prudente sur le haut, mais elle n&rsquo;a c\u00e9d\u00e9 que 40 centi\u00e8mes avec le 4e temps devant sa rivale <strong>Mikaela Shiffrin<\/strong>, 5e \u00e0 47 centi\u00e8mes.<\/p>\n<p style=\"text-align: justify;\">Elles n&rsquo;\u00e9taient que deux Fran\u00e7aises sur ce g\u00e9ant. <strong>Doriane Escane<\/strong> est partie avec le dossard 39 alors que Clara Direz s&rsquo;est \u00e9lanc\u00e9e avec le dossard 42. Escane a connu beaucoup de difficult\u00e9s sur le bas pour finir \u00e0 3:30 avec le 33e temps. Elle va devoir rectifier ces petites erreurs pour la course de demain. En profitant d&rsquo;une meilleure visibilit\u00e9 pendant une dizaine de minutes, <strong>Clara Direz<\/strong> a sorti une superbe premi\u00e8re manche en gardant de la hauteur \u00e0 l&rsquo;entr\u00e9e du mur final, avec le 10e temps \u00e0 1:75.<\/p>\n<blockquote class=\"twitter-tweet\">\n<p dir=\"ltr\" lang=\"fr\">Magnifique 10e temps pour Clara Direz sur la premi\u00e8re manche du g\u00e9ant de Mont-Tremblant ! La Fran\u00e7aise avait le dossard 42 \ud83c\uddeb\ud83c\uddf7<br \/>\n\ud83c\udf99\ufe0f <a href=\"https:\/\/twitter.com\/oliviercanton?ref_src=twsrc%5Etfw\">@oliviercanton<\/a> et <a href=\"https:\/\/twitter.com\/flomasnada?ref_src=twsrc%5Etfw\">@flomasnada<\/a><br \/>\n\u27a1\ufe0f <a href=\"https:\/\/twitter.com\/Eurosport_FR?ref_src=twsrc%5Etfw\">@Eurosport_FR<\/a> <a href=\"https:\/\/twitter.com\/hashtag\/ChaletClub?src=hash&amp;ref_src=twsrc%5Etfw\">#ChaletClub<\/a> <a href=\"https:\/\/t.co\/g05ZUSQ60Q\">pic.twitter.com\/g05ZUSQ60Q<\/a><\/p>\n<p>\u2014 Chalet \u2744\ufe0f Club (@ChaletClub_) <a href=\"https:\/\/twitter.com\/ChaletClub_\/status\/1731002996492849468?ref_src=twsrc%5Etfw\">December 2, 2023<\/a><\/p><\/blockquote>\n<p><script async src=\"https:\/\/platform.twitter.com\/widgets.js\" charset=\"utf-8\"><\/script><\/p>\n<ul style=\"text-align: justify;\">\n<li><strong>\u00c0 ce sujet &#8211; <a href=\"https:\/\/dicodusport.fr\/blog\/coupe-du-monde-de-ski-alpin-classement-general-femmes\/\">Le classement g\u00e9n\u00e9ral de la Coupe du monde<\/a><\/strong><\/li>\n<\/ul>\n<h2 style=\"text-align: justify;\">La 22e victoire de Federica Brignone<\/h2>\n<p style=\"text-align: justify;\"><strong>Federica Brignone<\/strong> a sign\u00e9 sa premi\u00e8re victoire en g\u00e9ant depuis un an et demi, depuis M\u00e9ribel en mars 2022. Elle a ski\u00e9 avec beaucoup d&rsquo;activit\u00e9s, sur le haut et beaucoup de maitrise sur le bas pour l&#8217;emporter en 2:14.95. L&rsquo;Italienne est devenue \u00e0 33 ans la skieuse la plus \u00e2g\u00e9e \u00e0 s&rsquo;imposer dans cette discipline, pour son neuvi\u00e8me succ\u00e8s en carri\u00e8re en g\u00e9ant. Malgr\u00e9 quelques lignes trop directes, <strong>Petra Vlhova<\/strong> a pris la deuxi\u00e8me place \u00e0 21 centi\u00e8mes avec le meilleur temps de la seconde manche.<\/p>\n<blockquote class=\"twitter-tweet\">\n<p dir=\"ltr\" lang=\"fr\">Quelle victoire de Federica Brignone ! L&rsquo;Italienne remporte le g\u00e9ant de Tremblant devant Petra Vlhov\u00e1 et Mikaela Shiffrin \ud83d\ude80<a href=\"https:\/\/twitter.com\/hashtag\/ChaletClub?src=hash&amp;ref_src=twsrc%5Etfw\">#ChaletClub<\/a> <a href=\"https:\/\/t.co\/s82x6pUcP1\">pic.twitter.com\/s82x6pUcP1<\/a><\/p>\n<p>\u2014 Eurosport France (@Eurosport_FR) <a href=\"https:\/\/twitter.com\/Eurosport_FR\/status\/1731044128320864649?ref_src=twsrc%5Etfw\">December 2, 2023<\/a><\/p><\/blockquote>\n<p><script async src=\"https:\/\/platform.twitter.com\/widgets.js\" charset=\"utf-8\"><\/script><\/p>\n<p style=\"text-align: justify;\">Ensuite, <strong>Mikaela Shiffrin<\/strong> a compl\u00e9t\u00e9 le podium \u00e0 29 centi\u00e8mes avec notamment de l&rsquo;activit\u00e9 sur le plat pour faire une superbe seconde moiti\u00e9 de manche. Toujours pas de podium pour la Su\u00e9doise <strong>Sara Hector<\/strong> qui s&rsquo;est fait descendre dans la porte en aveugle au d\u00e9but du parcours. Elle a \u00e9t\u00e9 ensuite moins active dans le mur final. La g\u00e9antiste de Sandviken a fini quatri\u00e8me \u00e0 56 centi\u00e8mes. Ensuite, la porteuse du dossard rouge <strong>Lara Gut-Behrami<\/strong> a fini cinqui\u00e8me \u00e0 59 centi\u00e8mes en commettant une petite faute d\u00e8s l&rsquo;entame et en perdant trop de temps dans le troisi\u00e8me secteur.<\/p>\n<p style=\"text-align: justify;\">Enfin, <strong>Clara Direz<\/strong> a commis une erreur sur le replat avant le mur lors d&rsquo;une seconde manche plus difficile. N\u00e9anmoins, elle a fait une seconde manche compl\u00e8te pour aller chercher une belle dixi\u00e8me place \u00e0 2:35, son deuxi\u00e8me Top 10 en carri\u00e8re.<\/p>\n","protected":false},"excerpt":{"rendered":"<p>COUPE DU MONDE DE SKI ALPIN 2023-2024 &#8211; Federica Brignone s&rsquo;est impos\u00e9e sur le premier g\u00e9ant de ce week-end qu\u00e9b\u00e9cois de Mont-Tremblant ce samedi. Elle devance Petra Vlhova et Mikaela Shiffrin.\u00a0<\/p>\n","protected":false},"author":48,"featured_media":442138,"comment_status":"open","ping_status":"closed","sticky":false,"template":"","format":"standard","meta":{"_acf_changed":false,"_daextam_enable_autolinks":"1","footnotes":""},"categories":[47084],"tags":[16878,12586,2233],"class_list":["post-441955","post","type-post","status-publish","format-standard","has-post-thumbnail","hentry","category-coupe-du-monde-ski-alpin","tag-breve","tag-coupe-du-monde-de-ski-alpin","tag-ski-alpin"],"acf":[],"yoast_head":"<!-- This site is optimized with the Yoast SEO Premium plugin v26.7 (Yoast SEO v26.7) - https:\/\/yoast.com\/wordpress\/plugins\/seo\/ -->\n<title>G\u00e9ant de Mont-Tremblant : Federica Brignone s&#039;impose en championne<\/title>\n<meta name=\"description\" content=\"COUPE DU MONDE DE SKI ALPIN 2023-2024 - Federica Brignone s&#039;est impos\u00e9e sur le premier g\u00e9ant de ce weekend qu\u00e9b\u00e9cois de Mont-Tremblant.\" \/>\n<meta name=\"robots\" content=\"index, follow, max-snippet:-1, max-image-preview:large, max-video-preview:-1\" \/>\n<link rel=\"canonical\" href=\"https:\/\/dicodusport.fr\/blog\/geant-de-mont-tremblant-federica-brignone-simpose-en-championne\/\" \/>\n<meta property=\"og:locale\" content=\"fr_FR\" \/>\n<meta property=\"og:type\" content=\"article\" \/>\n<meta property=\"og:title\" content=\"G\u00e9ant de Mont-Tremblant : Federica Brignone s&#039;impose en championne\" \/>\n<meta property=\"og:description\" content=\"COUPE DU MONDE DE SKI ALPIN 2023-2024 - Federica Brignone s&#039;est impos\u00e9e sur le premier g\u00e9ant de ce weekend qu\u00e9b\u00e9cois de Mont-Tremblant.\" \/>\n<meta property=\"og:url\" content=\"https:\/\/dicodusport.fr\/blog\/geant-de-mont-tremblant-federica-brignone-simpose-en-championne\/\" \/>\n<meta property=\"og:site_name\" content=\"Dicodusport\" \/>\n<meta property=\"article:publisher\" content=\"https:\/\/www.facebook.com\/dicodusport\" \/>\n<meta property=\"article:author\" content=\"https:\/\/www.facebook.com\/groups\/LesRoisDuPeloton\" \/>\n<meta property=\"article:published_time\" content=\"2023-12-02T20:13:14+00:00\" \/>\n<meta property=\"article:modified_time\" content=\"2023-12-02T22:25:15+00:00\" \/>\n<meta property=\"og:image\" content=\"https:\/\/dicodusport.fr\/blog\/wp-content\/uploads\/2023\/12\/Geant-de-Mont-Tremblant-Federica-Brignone-simpose-en-championne.png\" \/>\n\t<meta property=\"og:image:width\" content=\"1200\" \/>\n\t<meta property=\"og:image:height\" content=\"674\" \/>\n\t<meta property=\"og:image:type\" content=\"image\/png\" \/>\n<meta name=\"author\" content=\"Emilien Descampiaux\" \/>\n<meta name=\"twitter:card\" content=\"summary_large_image\" \/>\n<meta name=\"twitter:title\" content=\"G\u00e9ant de Mont-Tremblant : Federica Brignone s&#039;impose en championne\" \/>\n<meta name=\"twitter:creator\" content=\"@https:\/\/twitter.com\/LRoisDuPeloton\" \/>\n<meta name=\"twitter:site\" content=\"@dicodusport\" \/>\n<script type=\"application\/ld+json\" class=\"yoast-schema-graph\">{\"@context\":\"https:\/\/schema.org\",\"@graph\":[{\"@type\":\"NewsArticle\",\"@id\":\"https:\/\/dicodusport.fr\/blog\/geant-de-mont-tremblant-federica-brignone-simpose-en-championne\/#article\",\"isPartOf\":{\"@id\":\"https:\/\/dicodusport.fr\/blog\/geant-de-mont-tremblant-federica-brignone-simpose-en-championne\/\"},\"author\":{\"name\":\"Emilien Descampiaux\",\"@id\":\"https:\/\/dicodusport.fr\/blog\/#\/schema\/person\/6db4bae06b171592211be385b32876a7\"},\"headline\":\"G\u00e9ant de Mont-Tremblant : Federica Brignone s&rsquo;impose en championne\",\"datePublished\":\"2023-12-02T20:13:14+00:00\",\"dateModified\":\"2023-12-02T22:25:15+00:00\",\"mainEntityOfPage\":{\"@id\":\"https:\/\/dicodusport.fr\/blog\/geant-de-mont-tremblant-federica-brignone-simpose-en-championne\/\"},\"wordCount\":699,\"commentCount\":0,\"publisher\":{\"@id\":\"https:\/\/dicodusport.fr\/blog\/#organization\"},\"image\":{\"@id\":\"https:\/\/dicodusport.fr\/blog\/geant-de-mont-tremblant-federica-brignone-simpose-en-championne\/#primaryimage\"},\"thumbnailUrl\":\"https:\/\/dicodusport.fr\/blog\/wp-content\/uploads\/2023\/12\/Geant-de-Mont-Tremblant-Federica-Brignone-simpose-en-championne.png\",\"keywords\":[\"br\u00e8ve\",\"Coupe du monde de ski alpin\",\"Ski alpin\"],\"articleSection\":[\"Coupe du monde de ski alpin\"],\"inLanguage\":\"fr-FR\",\"potentialAction\":[{\"@type\":\"CommentAction\",\"name\":\"Comment\",\"target\":[\"https:\/\/dicodusport.fr\/blog\/geant-de-mont-tremblant-federica-brignone-simpose-en-championne\/#respond\"]}],\"copyrightYear\":\"2023\",\"copyrightHolder\":{\"@id\":\"https:\/\/dicodusport.fr\/blog\/#organization\"}},{\"@type\":\"WebPage\",\"@id\":\"https:\/\/dicodusport.fr\/blog\/geant-de-mont-tremblant-federica-brignone-simpose-en-championne\/\",\"url\":\"https:\/\/dicodusport.fr\/blog\/geant-de-mont-tremblant-federica-brignone-simpose-en-championne\/\",\"name\":\"G\u00e9ant de Mont-Tremblant : Federica Brignone s'impose en championne\",\"isPartOf\":{\"@id\":\"https:\/\/dicodusport.fr\/blog\/#website\"},\"primaryImageOfPage\":{\"@id\":\"https:\/\/dicodusport.fr\/blog\/geant-de-mont-tremblant-federica-brignone-simpose-en-championne\/#primaryimage\"},\"image\":{\"@id\":\"https:\/\/dicodusport.fr\/blog\/geant-de-mont-tremblant-federica-brignone-simpose-en-championne\/#primaryimage\"},\"thumbnailUrl\":\"https:\/\/dicodusport.fr\/blog\/wp-content\/uploads\/2023\/12\/Geant-de-Mont-Tremblant-Federica-Brignone-simpose-en-championne.png\",\"datePublished\":\"2023-12-02T20:13:14+00:00\",\"dateModified\":\"2023-12-02T22:25:15+00:00\",\"description\":\"COUPE DU MONDE DE SKI ALPIN 2023-2024 - Federica Brignone s'est impos\u00e9e sur le premier g\u00e9ant de ce weekend qu\u00e9b\u00e9cois de Mont-Tremblant.\",\"breadcrumb\":{\"@id\":\"https:\/\/dicodusport.fr\/blog\/geant-de-mont-tremblant-federica-brignone-simpose-en-championne\/#breadcrumb\"},\"inLanguage\":\"fr-FR\",\"potentialAction\":[{\"@type\":\"ReadAction\",\"target\":[\"https:\/\/dicodusport.fr\/blog\/geant-de-mont-tremblant-federica-brignone-simpose-en-championne\/\"]}]},{\"@type\":\"ImageObject\",\"inLanguage\":\"fr-FR\",\"@id\":\"https:\/\/dicodusport.fr\/blog\/geant-de-mont-tremblant-federica-brignone-simpose-en-championne\/#primaryimage\",\"url\":\"https:\/\/dicodusport.fr\/blog\/wp-content\/uploads\/2023\/12\/Geant-de-Mont-Tremblant-Federica-Brignone-simpose-en-championne.png\",\"contentUrl\":\"https:\/\/dicodusport.fr\/blog\/wp-content\/uploads\/2023\/12\/Geant-de-Mont-Tremblant-Federica-Brignone-simpose-en-championne.png\",\"width\":1200,\"height\":674,\"caption\":\"G\u00e9ant de Mont-Tremblant Federica Brignone s\u2019impose en championne\"},{\"@type\":\"BreadcrumbList\",\"@id\":\"https:\/\/dicodusport.fr\/blog\/geant-de-mont-tremblant-federica-brignone-simpose-en-championne\/#breadcrumb\",\"itemListElement\":[{\"@type\":\"ListItem\",\"position\":1,\"name\":\"Accueil\",\"item\":\"https:\/\/dicodusport.fr\/blog\/\"},{\"@type\":\"ListItem\",\"position\":2,\"name\":\"G\u00e9ant de Mont-Tremblant : Federica Brignone s&rsquo;impose en championne\"}]},{\"@type\":\"WebSite\",\"@id\":\"https:\/\/dicodusport.fr\/blog\/#website\",\"url\":\"https:\/\/dicodusport.fr\/blog\/\",\"name\":\"Dicodusport\",\"description\":\"L&#039;encyclop\u00e9die de l&#039;actualit\u00e9 sportive\",\"publisher\":{\"@id\":\"https:\/\/dicodusport.fr\/blog\/#organization\"},\"potentialAction\":[{\"@type\":\"SearchAction\",\"target\":{\"@type\":\"EntryPoint\",\"urlTemplate\":\"https:\/\/dicodusport.fr\/blog\/?s={search_term_string}\"},\"query-input\":{\"@type\":\"PropertyValueSpecification\",\"valueRequired\":true,\"valueName\":\"search_term_string\"}}],\"inLanguage\":\"fr-FR\"},{\"@type\":\"NewsMediaOrganization\",\"@id\":\"https:\/\/dicodusport.fr\/blog\/#organization\",\"name\":\"Dicodusport\",\"url\":\"https:\/\/dicodusport.fr\/blog\/\",\"logo\":{\"@type\":\"ImageObject\",\"inLanguage\":\"fr-FR\",\"@id\":\"https:\/\/dicodusport.fr\/blog\/#\/schema\/logo\/image\/\",\"url\":\"https:\/\/dicodusport.fr\/blog\/wp-content\/uploads\/2020\/06\/cropped-LOGO-DICODUSPORT-2020-SANS-FOND-SANS-TEXTE.png\",\"contentUrl\":\"https:\/\/dicodusport.fr\/blog\/wp-content\/uploads\/2020\/06\/cropped-LOGO-DICODUSPORT-2020-SANS-FOND-SANS-TEXTE.png\",\"width\":512,\"height\":512,\"caption\":\"Dicodusport\"},\"image\":{\"@id\":\"https:\/\/dicodusport.fr\/blog\/#\/schema\/logo\/image\/\"},\"sameAs\":[\"https:\/\/www.facebook.com\/dicodusport\",\"https:\/\/x.com\/dicodusport\",\"https:\/\/www.instagram.com\/dicodusport\/\",\"https:\/\/www.youtube.com\/channel\/UC7V2KZ5sd3htJivAbA4ZG3w\"],\"description\":\"Dicodusport est l'encyclop\u00e9die de l'actualit\u00e9 sportive.\",\"email\":\"bonjour@dicodusport.fr\",\"legalName\":\"DICODUSPORT\",\"foundingDate\":\"2018-01-14\",\"vatID\":\"FR71834470973\",\"taxID\":\"83447097300043\",\"numberOfEmployees\":{\"@type\":\"QuantitativeValue\",\"minValue\":\"1\",\"maxValue\":\"10\"}},{\"@type\":\"Person\",\"@id\":\"https:\/\/dicodusport.fr\/blog\/#\/schema\/person\/6db4bae06b171592211be385b32876a7\",\"name\":\"Emilien Descampiaux\",\"image\":{\"@type\":\"ImageObject\",\"inLanguage\":\"fr-FR\",\"@id\":\"https:\/\/dicodusport.fr\/blog\/#\/schema\/person\/image\/\",\"url\":\"https:\/\/dicodusport.fr\/blog\/wp-content\/uploads\/2021\/05\/Emilien-Descampiaux-150x150.jpg\",\"contentUrl\":\"https:\/\/dicodusport.fr\/blog\/wp-content\/uploads\/2021\/05\/Emilien-Descampiaux-150x150.jpg\",\"caption\":\"Emilien Descampiaux\"},\"description\":\"Journaliste\/r\u00e9dacteur depuis 2014 - Fan de la classe de Frank Vandenbroucke, je vis cyclisme (et de ses paysages) depuis plus de 20 ans. Je suis tr\u00e8s impliqu\u00e9 sur mes diff\u00e9rents r\u00e9seaux sociaux pour partager ma passion sur le monde et l'Histoire de la bicyclette avec ma voix sur les images en noir et blanc du succ\u00e8s de Rik Van Steenbergen lors du Ronde sur le V\u00e9lodrome de Gand.\",\"sameAs\":[\"https:\/\/www.facebook.com\/groups\/LesRoisDuPeloton\",\"https:\/\/x.com\/https:\/\/twitter.com\/LRoisDuPeloton\"],\"url\":\"https:\/\/dicodusport.fr\/blog\/author\/emiliend\/\"}]}<\/script>\n<!-- \/ Yoast SEO Premium plugin. -->","yoast_head_json":{"title":"G\u00e9ant de Mont-Tremblant : Federica Brignone s'impose en championne","description":"COUPE DU MONDE DE SKI ALPIN 2023-2024 - Federica Brignone s'est impos\u00e9e sur le premier g\u00e9ant de ce weekend qu\u00e9b\u00e9cois de Mont-Tremblant.","robots":{"index":"index","follow":"follow","max-snippet":"max-snippet:-1","max-image-preview":"max-image-preview:large","max-video-preview":"max-video-preview:-1"},"canonical":"https:\/\/dicodusport.fr\/blog\/geant-de-mont-tremblant-federica-brignone-simpose-en-championne\/","og_locale":"fr_FR","og_type":"article","og_title":"G\u00e9ant de Mont-Tremblant : Federica Brignone s'impose en championne","og_description":"COUPE DU MONDE DE SKI ALPIN 2023-2024 - Federica Brignone s'est impos\u00e9e sur le premier g\u00e9ant de ce weekend qu\u00e9b\u00e9cois de Mont-Tremblant.","og_url":"https:\/\/dicodusport.fr\/blog\/geant-de-mont-tremblant-federica-brignone-simpose-en-championne\/","og_site_name":"Dicodusport","article_publisher":"https:\/\/www.facebook.com\/dicodusport","article_author":"https:\/\/www.facebook.com\/groups\/LesRoisDuPeloton","article_published_time":"2023-12-02T20:13:14+00:00","article_modified_time":"2023-12-02T22:25:15+00:00","og_image":[{"width":1200,"height":674,"url":"https:\/\/dicodusport.fr\/blog\/wp-content\/uploads\/2023\/12\/Geant-de-Mont-Tremblant-Federica-Brignone-simpose-en-championne.png","type":"image\/png"}],"author":"Emilien Descampiaux","twitter_card":"summary_large_image","twitter_title":"G\u00e9ant de Mont-Tremblant : Federica Brignone s'impose en championne","twitter_creator":"@https:\/\/twitter.com\/LRoisDuPeloton","twitter_site":"@dicodusport","schema":{"@context":"https:\/\/schema.org","@graph":[{"@type":"NewsArticle","@id":"https:\/\/dicodusport.fr\/blog\/geant-de-mont-tremblant-federica-brignone-simpose-en-championne\/#article","isPartOf":{"@id":"https:\/\/dicodusport.fr\/blog\/geant-de-mont-tremblant-federica-brignone-simpose-en-championne\/"},"author":{"name":"Emilien Descampiaux","@id":"https:\/\/dicodusport.fr\/blog\/#\/schema\/person\/6db4bae06b171592211be385b32876a7"},"headline":"G\u00e9ant de Mont-Tremblant : Federica Brignone s&rsquo;impose en championne","datePublished":"2023-12-02T20:13:14+00:00","dateModified":"2023-12-02T22:25:15+00:00","mainEntityOfPage":{"@id":"https:\/\/dicodusport.fr\/blog\/geant-de-mont-tremblant-federica-brignone-simpose-en-championne\/"},"wordCount":699,"commentCount":0,"publisher":{"@id":"https:\/\/dicodusport.fr\/blog\/#organization"},"image":{"@id":"https:\/\/dicodusport.fr\/blog\/geant-de-mont-tremblant-federica-brignone-simpose-en-championne\/#primaryimage"},"thumbnailUrl":"https:\/\/dicodusport.fr\/blog\/wp-content\/uploads\/2023\/12\/Geant-de-Mont-Tremblant-Federica-Brignone-simpose-en-championne.png","keywords":["br\u00e8ve","Coupe du monde de ski alpin","Ski alpin"],"articleSection":["Coupe du monde de ski alpin"],"inLanguage":"fr-FR","potentialAction":[{"@type":"CommentAction","name":"Comment","target":["https:\/\/dicodusport.fr\/blog\/geant-de-mont-tremblant-federica-brignone-simpose-en-championne\/#respond"]}],"copyrightYear":"2023","copyrightHolder":{"@id":"https:\/\/dicodusport.fr\/blog\/#organization"}},{"@type":"WebPage","@id":"https:\/\/dicodusport.fr\/blog\/geant-de-mont-tremblant-federica-brignone-simpose-en-championne\/","url":"https:\/\/dicodusport.fr\/blog\/geant-de-mont-tremblant-federica-brignone-simpose-en-championne\/","name":"G\u00e9ant de Mont-Tremblant : Federica Brignone s'impose en championne","isPartOf":{"@id":"https:\/\/dicodusport.fr\/blog\/#website"},"primaryImageOfPage":{"@id":"https:\/\/dicodusport.fr\/blog\/geant-de-mont-tremblant-federica-brignone-simpose-en-championne\/#primaryimage"},"image":{"@id":"https:\/\/dicodusport.fr\/blog\/geant-de-mont-tremblant-federica-brignone-simpose-en-championne\/#primaryimage"},"thumbnailUrl":"https:\/\/dicodusport.fr\/blog\/wp-content\/uploads\/2023\/12\/Geant-de-Mont-Tremblant-Federica-Brignone-simpose-en-championne.png","datePublished":"2023-12-02T20:13:14+00:00","dateModified":"2023-12-02T22:25:15+00:00","description":"COUPE DU MONDE DE SKI ALPIN 2023-2024 - Federica Brignone s'est impos\u00e9e sur le premier g\u00e9ant de ce weekend qu\u00e9b\u00e9cois de Mont-Tremblant.","breadcrumb":{"@id":"https:\/\/dicodusport.fr\/blog\/geant-de-mont-tremblant-federica-brignone-simpose-en-championne\/#breadcrumb"},"inLanguage":"fr-FR","potentialAction":[{"@type":"ReadAction","target":["https:\/\/dicodusport.fr\/blog\/geant-de-mont-tremblant-federica-brignone-simpose-en-championne\/"]}]},{"@type":"ImageObject","inLanguage":"fr-FR","@id":"https:\/\/dicodusport.fr\/blog\/geant-de-mont-tremblant-federica-brignone-simpose-en-championne\/#primaryimage","url":"https:\/\/dicodusport.fr\/blog\/wp-content\/uploads\/2023\/12\/Geant-de-Mont-Tremblant-Federica-Brignone-simpose-en-championne.png","contentUrl":"https:\/\/dicodusport.fr\/blog\/wp-content\/uploads\/2023\/12\/Geant-de-Mont-Tremblant-Federica-Brignone-simpose-en-championne.png","width":1200,"height":674,"caption":"G\u00e9ant de Mont-Tremblant Federica Brignone s\u2019impose en championne"},{"@type":"BreadcrumbList","@id":"https:\/\/dicodusport.fr\/blog\/geant-de-mont-tremblant-federica-brignone-simpose-en-championne\/#breadcrumb","itemListElement":[{"@type":"ListItem","position":1,"name":"Accueil","item":"https:\/\/dicodusport.fr\/blog\/"},{"@type":"ListItem","position":2,"name":"G\u00e9ant de Mont-Tremblant : Federica Brignone s&rsquo;impose en championne"}]},{"@type":"WebSite","@id":"https:\/\/dicodusport.fr\/blog\/#website","url":"https:\/\/dicodusport.fr\/blog\/","name":"Dicodusport","description":"L&#039;encyclop\u00e9die de l&#039;actualit\u00e9 sportive","publisher":{"@id":"https:\/\/dicodusport.fr\/blog\/#organization"},"potentialAction":[{"@type":"SearchAction","target":{"@type":"EntryPoint","urlTemplate":"https:\/\/dicodusport.fr\/blog\/?s={search_term_string}"},"query-input":{"@type":"PropertyValueSpecification","valueRequired":true,"valueName":"search_term_string"}}],"inLanguage":"fr-FR"},{"@type":"NewsMediaOrganization","@id":"https:\/\/dicodusport.fr\/blog\/#organization","name":"Dicodusport","url":"https:\/\/dicodusport.fr\/blog\/","logo":{"@type":"ImageObject","inLanguage":"fr-FR","@id":"https:\/\/dicodusport.fr\/blog\/#\/schema\/logo\/image\/","url":"https:\/\/dicodusport.fr\/blog\/wp-content\/uploads\/2020\/06\/cropped-LOGO-DICODUSPORT-2020-SANS-FOND-SANS-TEXTE.png","contentUrl":"https:\/\/dicodusport.fr\/blog\/wp-content\/uploads\/2020\/06\/cropped-LOGO-DICODUSPORT-2020-SANS-FOND-SANS-TEXTE.png","width":512,"height":512,"caption":"Dicodusport"},"image":{"@id":"https:\/\/dicodusport.fr\/blog\/#\/schema\/logo\/image\/"},"sameAs":["https:\/\/www.facebook.com\/dicodusport","https:\/\/x.com\/dicodusport","https:\/\/www.instagram.com\/dicodusport\/","https:\/\/www.youtube.com\/channel\/UC7V2KZ5sd3htJivAbA4ZG3w"],"description":"Dicodusport est l'encyclop\u00e9die de l'actualit\u00e9 sportive.","email":"bonjour@dicodusport.fr","legalName":"DICODUSPORT","foundingDate":"2018-01-14","vatID":"FR71834470973","taxID":"83447097300043","numberOfEmployees":{"@type":"QuantitativeValue","minValue":"1","maxValue":"10"}},{"@type":"Person","@id":"https:\/\/dicodusport.fr\/blog\/#\/schema\/person\/6db4bae06b171592211be385b32876a7","name":"Emilien Descampiaux","image":{"@type":"ImageObject","inLanguage":"fr-FR","@id":"https:\/\/dicodusport.fr\/blog\/#\/schema\/person\/image\/","url":"https:\/\/dicodusport.fr\/blog\/wp-content\/uploads\/2021\/05\/Emilien-Descampiaux-150x150.jpg","contentUrl":"https:\/\/dicodusport.fr\/blog\/wp-content\/uploads\/2021\/05\/Emilien-Descampiaux-150x150.jpg","caption":"Emilien Descampiaux"},"description":"Journaliste\/r\u00e9dacteur depuis 2014 - Fan de la classe de Frank Vandenbroucke, je vis cyclisme (et de ses paysages) depuis plus de 20 ans. Je suis tr\u00e8s impliqu\u00e9 sur mes diff\u00e9rents r\u00e9seaux sociaux pour partager ma passion sur le monde et l'Histoire de la bicyclette avec ma voix sur les images en noir et blanc du succ\u00e8s de Rik Van Steenbergen lors du Ronde sur le V\u00e9lodrome de Gand.","sameAs":["https:\/\/www.facebook.com\/groups\/LesRoisDuPeloton","https:\/\/x.com\/https:\/\/twitter.com\/LRoisDuPeloton"],"url":"https:\/\/dicodusport.fr\/blog\/author\/emiliend\/"}]}},"_links":{"self":[{"href":"https:\/\/dicodusport.fr\/blog\/wp-json\/wp\/v2\/posts\/441955","targetHints":{"allow":["GET"]}}],"collection":[{"href":"https:\/\/dicodusport.fr\/blog\/wp-json\/wp\/v2\/posts"}],"about":[{"href":"https:\/\/dicodusport.fr\/blog\/wp-json\/wp\/v2\/types\/post"}],"author":[{"embeddable":true,"href":"https:\/\/dicodusport.fr\/blog\/wp-json\/wp\/v2\/users\/48"}],"replies":[{"embeddable":true,"href":"https:\/\/dicodusport.fr\/blog\/wp-json\/wp\/v2\/comments?post=441955"}],"version-history":[{"count":5,"href":"https:\/\/dicodusport.fr\/blog\/wp-json\/wp\/v2\/posts\/441955\/revisions"}],"predecessor-version":[{"id":442203,"href":"https:\/\/dicodusport.fr\/blog\/wp-json\/wp\/v2\/posts\/441955\/revisions\/442203"}],"wp:featuredmedia":[{"embeddable":true,"href":"https:\/\/dicodusport.fr\/blog\/wp-json\/wp\/v2\/media\/442138"}],"wp:attachment":[{"href":"https:\/\/dicodusport.fr\/blog\/wp-json\/wp\/v2\/media?parent=441955"}],"wp:term":[{"taxonomy":"category","embeddable":true,"href":"https:\/\/dicodusport.fr\/blog\/wp-json\/wp\/v2\/categories?post=441955"},{"taxonomy":"post_tag","embeddable":true,"href":"https:\/\/dicodusport.fr\/blog\/wp-json\/wp\/v2\/tags?post=441955"}],"curies":[{"name":"wp","href":"https:\/\/api.w.org\/{rel}","templated":true}]}}