{"id":442163,"date":"2024-02-16T14:20:41","date_gmt":"2024-02-16T13:20:41","guid":{"rendered":"https:\/\/dicodusport.fr\/blog\/?p=442163&#038;preview=true&#038;preview_id=442163"},"modified":"2024-02-16T14:20:32","modified_gmt":"2024-02-16T13:20:32","slug":"classic-var-2024-parcours-et-profil","status":"publish","type":"post","link":"https:\/\/dicodusport.fr\/blog\/classic-var-2024-parcours-et-profil\/","title":{"rendered":"Classic Var 2024 : Parcours complet et profil"},"content":{"rendered":"<p style=\"text-align: justify;\"><em><b>CLASSIC VAR 2024 &#8211; \u00c0 la veille du Tour des Alpes-Maritimes, la premi\u00e8re \u00e9dition de la <a href=\"https:\/\/www.nicematin.com\/cyclisme\/classic-var\/\">Classic Var<\/a> se d\u00e9roulera le 16 f\u00e9vrier 2024 sur une distance de 183 kilom\u00e8tres. Cette nouvelle course, organis\u00e9e par le groupe Nice-Matin, est issue du Tour des Alpes-Maritimes et du Var, dont la premi\u00e8re \u00e9tape se disputait dans le Var. Parcours et profil de l&rsquo;\u00e9preuve.<\/b><\/em><\/p>\n<ul>\n<li style=\"text-align: justify;\"><strong>\u00c0 ce sujet &#8211; <a href=\"https:\/\/dicodusport.fr\/blog\/classic-var-2024-les-engages\/\">Classic Var 2024 : Les engag\u00e9s<\/a><\/strong><\/li>\n<\/ul>\n<h2 style=\"text-align: justify;\">Parcours et profil de la Classic Var 2024<\/h2>\n<p style=\"text-align: justify;\">D&rsquo;abord, le d\u00e9part sera donn\u00e9 \u00e0<strong> Saint-Rapha\u00ebl<\/strong>. Les coureurs contourneront <strong>Fr\u00e9jus<\/strong> avant de grimper le <strong>Col de Bougnon (3,5 km \u00e0 3,7 %)<\/strong> et longeront la mer M\u00e9diterran\u00e9e pendant une quinzaine de kilom\u00e8tres. Puis, ils p\u00e9n\u00e9treront dans l&rsquo;int\u00e9rieur des terres par La M\u00f4le et avec un faux plat montant avant d&rsquo;atteindre <strong>La Londe-les-Maures<\/strong> pour une nouvelle portion en bord de mer jusqu&rsquo;\u00e0<strong> Carqueiranne<\/strong>.<\/p>\n<p style=\"text-align: justify;\">Ensuite, les coureurs tourneront \u00e0 droite pour rejoindre <strong>La Crau<\/strong> et le long faux plat montant de 40 kilom\u00e8tres en direction du Circuit du Castellet. Au sommet, ils basculeront dans une descente de 12 kilom\u00e8tres pour rejoindre le pied de la mont\u00e9e du <strong>Col du Corps de Garde (8 km \u00e0 3 %)<\/strong>. Cette ascension sera en trois parties avec la bosse vers <strong>Avenos<\/strong> de 2,7 km \u00e0 6,2 %, une portion plate de plus de 3 kilom\u00e8tres et un raidard d&rsquo;environ deux kilom\u00e8tres. Au sommet, ce sera la descente de six kilom\u00e8tres sur <strong>Toulon<\/strong>.<\/p>\n<ul>\n<li><strong>\u00c0 ce sujet &#8211; <a href=\"https:\/\/dicodusport.fr\/blog\/classic-var-2024-a-quelle-heure-et-sur-quelle-chaine-tv\/\" target=\"_blank\" rel=\"noopener\">Classic Var 2024 : \u00c0 quelle heure et sur quelle cha\u00eene TV<\/a><\/strong><\/li>\n<\/ul>\n<p style=\"text-align: justify;\">Enfin, place \u00e0 la mont\u00e9e finale du Mont Faron (5,5 km \u00e0 9 %) sur le chemin du Fort Rouge. Les 800 premiers m\u00e8tres seront \u00e0 plus de 8 % avant un replat d&rsquo;environ 200 m\u00e8tres. Puis, la route va s&rsquo;\u00e9lever fortement pendant un kilom\u00e8tre avec des rampes \u00e0 plus de 11 % sur une chauss\u00e9e \u00e9troite. Le reste de cette ascension se fera sur des pentes autour des 9 %.<\/p>\n<div id=\"attachment_463381\" style=\"width: 1290px\" class=\"wp-caption aligncenter\"><a href=\"https:\/\/dicodusport.fr\/blog\/wp-content\/uploads\/2024\/02\/Profil-de-la-Classic-Var-2024.webp\"><img loading=\"lazy\" decoding=\"async\" aria-describedby=\"caption-attachment-463381\" class=\"size-full wp-image-463381\" src=\"https:\/\/dicodusport.fr\/blog\/wp-content\/uploads\/2024\/02\/Profil-de-la-Classic-Var-2024.webp\" alt=\"Profil de la Classic Var 2024\" width=\"1280\" height=\"635\" srcset=\"https:\/\/dicodusport.fr\/blog\/wp-content\/uploads\/2024\/02\/Profil-de-la-Classic-Var-2024.webp 1280w, https:\/\/dicodusport.fr\/blog\/wp-content\/uploads\/2024\/02\/Profil-de-la-Classic-Var-2024-300x149.webp 300w, https:\/\/dicodusport.fr\/blog\/wp-content\/uploads\/2024\/02\/Profil-de-la-Classic-Var-2024-1024x508.webp 1024w, https:\/\/dicodusport.fr\/blog\/wp-content\/uploads\/2024\/02\/Profil-de-la-Classic-Var-2024-768x381.webp 768w\" sizes=\"auto, (max-width: 1280px) 100vw, 1280px\" \/><\/a><p id=\"caption-attachment-463381\" class=\"wp-caption-text\">Profil de la Classic Var 2024 &#8211; Via Nice-Matin<\/p><\/div>\n<div id=\"attachment_463382\" style=\"width: 882px\" class=\"wp-caption aligncenter\"><a href=\"https:\/\/dicodusport.fr\/blog\/wp-content\/uploads\/2024\/02\/Carte-du-parcours-de-la-Classic-Var-2024.png\"><img loading=\"lazy\" decoding=\"async\" aria-describedby=\"caption-attachment-463382\" class=\"size-full wp-image-463382\" src=\"https:\/\/dicodusport.fr\/blog\/wp-content\/uploads\/2024\/02\/Carte-du-parcours-de-la-Classic-Var-2024.png\" alt=\"Carte du parcours de la Classic Var 2024\" width=\"872\" height=\"1140\" srcset=\"https:\/\/dicodusport.fr\/blog\/wp-content\/uploads\/2024\/02\/Carte-du-parcours-de-la-Classic-Var-2024.png 872w, https:\/\/dicodusport.fr\/blog\/wp-content\/uploads\/2024\/02\/Carte-du-parcours-de-la-Classic-Var-2024-229x300.png 229w, https:\/\/dicodusport.fr\/blog\/wp-content\/uploads\/2024\/02\/Carte-du-parcours-de-la-Classic-Var-2024-783x1024.png 783w, https:\/\/dicodusport.fr\/blog\/wp-content\/uploads\/2024\/02\/Carte-du-parcours-de-la-Classic-Var-2024-768x1004.png 768w\" sizes=\"auto, (max-width: 872px) 100vw, 872px\" \/><\/a><p id=\"caption-attachment-463382\" class=\"wp-caption-text\">Carte du parcours de la Classic Var 2024 &#8211; Via Nice-Matin<\/p><\/div>\n<p>&nbsp;<\/p>\n","protected":false},"excerpt":{"rendered":"<p>CLASSIC VAR 2024 &#8211; Retrouvez le parcours d\u00e9taill\u00e9 et le profil de la premi\u00e8re \u00e9dition de la Classic Var, qui se d\u00e9roule ce vendredi 16 f\u00e9vrier 2024.<\/p>\n","protected":false},"author":48,"featured_media":463387,"comment_status":"open","ping_status":"closed","sticky":false,"template":"","format":"standard","meta":{"_acf_changed":false,"_daextam_enable_autolinks":"1","footnotes":""},"categories":[46994],"tags":[16878,574],"class_list":["post-442163","post","type-post","status-publish","format-standard","has-post-thumbnail","hentry","category-cyclisme-sur-route","tag-breve","tag-cyclisme"],"acf":[],"yoast_head":"<!-- This site is optimized with the Yoast SEO Premium plugin v26.7 (Yoast SEO v26.7) - https:\/\/yoast.com\/wordpress\/plugins\/seo\/ -->\n<title>Classic Var 2024 : Parcours complet et profil<\/title>\n<meta name=\"description\" content=\"CLASSIC VAR 2024 - Retrouvez le parcours et le profil de la premi\u00e8re \u00e9dition de la Classic Var, qui se d\u00e9roule ce vendredi 16 f\u00e9vrier 2024.\" \/>\n<meta name=\"robots\" content=\"index, follow, max-snippet:-1, max-image-preview:large, max-video-preview:-1\" \/>\n<link rel=\"canonical\" href=\"https:\/\/dicodusport.fr\/blog\/classic-var-2024-parcours-et-profil\/\" \/>\n<meta property=\"og:locale\" content=\"fr_FR\" \/>\n<meta property=\"og:type\" content=\"article\" \/>\n<meta property=\"og:title\" content=\"Classic Var 2024 : Parcours complet et profil\" \/>\n<meta property=\"og:description\" content=\"CLASSIC VAR 2024 - Retrouvez le parcours et le profil de la premi\u00e8re \u00e9dition de la Classic Var, qui se d\u00e9roule ce vendredi 16 f\u00e9vrier 2024.\" \/>\n<meta property=\"og:url\" content=\"https:\/\/dicodusport.fr\/blog\/classic-var-2024-parcours-et-profil\/\" \/>\n<meta property=\"og:site_name\" content=\"Dicodusport\" \/>\n<meta property=\"article:publisher\" content=\"https:\/\/www.facebook.com\/dicodusport\" \/>\n<meta property=\"article:author\" content=\"https:\/\/www.facebook.com\/groups\/LesRoisDuPeloton\" \/>\n<meta property=\"article:published_time\" content=\"2024-02-16T13:20:41+00:00\" \/>\n<meta property=\"og:image\" content=\"https:\/\/dicodusport.fr\/blog\/wp-content\/uploads\/2024\/02\/Classic-Var-2024-Parcours-et-profil.png\" \/>\n\t<meta property=\"og:image:width\" content=\"1200\" \/>\n\t<meta property=\"og:image:height\" content=\"674\" \/>\n\t<meta property=\"og:image:type\" content=\"image\/png\" \/>\n<meta name=\"author\" content=\"Emilien Descampiaux\" \/>\n<meta name=\"twitter:card\" content=\"summary_large_image\" \/>\n<meta name=\"twitter:title\" content=\"Classic Var 2024 : Parcours complet et profil\" \/>\n<meta name=\"twitter:creator\" content=\"@https:\/\/twitter.com\/LRoisDuPeloton\" \/>\n<meta name=\"twitter:site\" content=\"@dicodusport\" \/>\n<script type=\"application\/ld+json\" class=\"yoast-schema-graph\">{\"@context\":\"https:\/\/schema.org\",\"@graph\":[{\"@type\":\"NewsArticle\",\"@id\":\"https:\/\/dicodusport.fr\/blog\/classic-var-2024-parcours-et-profil\/#article\",\"isPartOf\":{\"@id\":\"https:\/\/dicodusport.fr\/blog\/classic-var-2024-parcours-et-profil\/\"},\"author\":{\"name\":\"Emilien Descampiaux\",\"@id\":\"https:\/\/dicodusport.fr\/blog\/#\/schema\/person\/6db4bae06b171592211be385b32876a7\"},\"headline\":\"Classic Var 2024 : Parcours complet et profil\",\"datePublished\":\"2024-02-16T13:20:41+00:00\",\"mainEntityOfPage\":{\"@id\":\"https:\/\/dicodusport.fr\/blog\/classic-var-2024-parcours-et-profil\/\"},\"wordCount\":354,\"commentCount\":0,\"publisher\":{\"@id\":\"https:\/\/dicodusport.fr\/blog\/#organization\"},\"image\":{\"@id\":\"https:\/\/dicodusport.fr\/blog\/classic-var-2024-parcours-et-profil\/#primaryimage\"},\"thumbnailUrl\":\"https:\/\/dicodusport.fr\/blog\/wp-content\/uploads\/2024\/02\/Classic-Var-2024-Parcours-et-profil.png\",\"keywords\":[\"br\u00e8ve\",\"Cyclisme\"],\"articleSection\":[\"Cyclisme sur route\"],\"inLanguage\":\"fr-FR\",\"potentialAction\":[{\"@type\":\"CommentAction\",\"name\":\"Comment\",\"target\":[\"https:\/\/dicodusport.fr\/blog\/classic-var-2024-parcours-et-profil\/#respond\"]}],\"copyrightYear\":\"2024\",\"copyrightHolder\":{\"@id\":\"https:\/\/dicodusport.fr\/blog\/#organization\"}},{\"@type\":\"WebPage\",\"@id\":\"https:\/\/dicodusport.fr\/blog\/classic-var-2024-parcours-et-profil\/\",\"url\":\"https:\/\/dicodusport.fr\/blog\/classic-var-2024-parcours-et-profil\/\",\"name\":\"Classic Var 2024 : Parcours complet et profil\",\"isPartOf\":{\"@id\":\"https:\/\/dicodusport.fr\/blog\/#website\"},\"primaryImageOfPage\":{\"@id\":\"https:\/\/dicodusport.fr\/blog\/classic-var-2024-parcours-et-profil\/#primaryimage\"},\"image\":{\"@id\":\"https:\/\/dicodusport.fr\/blog\/classic-var-2024-parcours-et-profil\/#primaryimage\"},\"thumbnailUrl\":\"https:\/\/dicodusport.fr\/blog\/wp-content\/uploads\/2024\/02\/Classic-Var-2024-Parcours-et-profil.png\",\"datePublished\":\"2024-02-16T13:20:41+00:00\",\"description\":\"CLASSIC VAR 2024 - Retrouvez le parcours et le profil de la premi\u00e8re \u00e9dition de la Classic Var, qui se d\u00e9roule ce vendredi 16 f\u00e9vrier 2024.\",\"breadcrumb\":{\"@id\":\"https:\/\/dicodusport.fr\/blog\/classic-var-2024-parcours-et-profil\/#breadcrumb\"},\"inLanguage\":\"fr-FR\",\"potentialAction\":[{\"@type\":\"ReadAction\",\"target\":[\"https:\/\/dicodusport.fr\/blog\/classic-var-2024-parcours-et-profil\/\"]}]},{\"@type\":\"ImageObject\",\"inLanguage\":\"fr-FR\",\"@id\":\"https:\/\/dicodusport.fr\/blog\/classic-var-2024-parcours-et-profil\/#primaryimage\",\"url\":\"https:\/\/dicodusport.fr\/blog\/wp-content\/uploads\/2024\/02\/Classic-Var-2024-Parcours-et-profil.png\",\"contentUrl\":\"https:\/\/dicodusport.fr\/blog\/wp-content\/uploads\/2024\/02\/Classic-Var-2024-Parcours-et-profil.png\",\"width\":1200,\"height\":674,\"caption\":\"Classic Var 2024 Parcours et profil\"},{\"@type\":\"BreadcrumbList\",\"@id\":\"https:\/\/dicodusport.fr\/blog\/classic-var-2024-parcours-et-profil\/#breadcrumb\",\"itemListElement\":[{\"@type\":\"ListItem\",\"position\":1,\"name\":\"Accueil\",\"item\":\"https:\/\/dicodusport.fr\/blog\/\"},{\"@type\":\"ListItem\",\"position\":2,\"name\":\"Classic Var 2024 : Parcours complet et profil\"}]},{\"@type\":\"WebSite\",\"@id\":\"https:\/\/dicodusport.fr\/blog\/#website\",\"url\":\"https:\/\/dicodusport.fr\/blog\/\",\"name\":\"Dicodusport\",\"description\":\"L&#039;encyclop\u00e9die de l&#039;actualit\u00e9 sportive\",\"publisher\":{\"@id\":\"https:\/\/dicodusport.fr\/blog\/#organization\"},\"potentialAction\":[{\"@type\":\"SearchAction\",\"target\":{\"@type\":\"EntryPoint\",\"urlTemplate\":\"https:\/\/dicodusport.fr\/blog\/?s={search_term_string}\"},\"query-input\":{\"@type\":\"PropertyValueSpecification\",\"valueRequired\":true,\"valueName\":\"search_term_string\"}}],\"inLanguage\":\"fr-FR\"},{\"@type\":\"NewsMediaOrganization\",\"@id\":\"https:\/\/dicodusport.fr\/blog\/#organization\",\"name\":\"Dicodusport\",\"url\":\"https:\/\/dicodusport.fr\/blog\/\",\"logo\":{\"@type\":\"ImageObject\",\"inLanguage\":\"fr-FR\",\"@id\":\"https:\/\/dicodusport.fr\/blog\/#\/schema\/logo\/image\/\",\"url\":\"https:\/\/dicodusport.fr\/blog\/wp-content\/uploads\/2020\/06\/cropped-LOGO-DICODUSPORT-2020-SANS-FOND-SANS-TEXTE.png\",\"contentUrl\":\"https:\/\/dicodusport.fr\/blog\/wp-content\/uploads\/2020\/06\/cropped-LOGO-DICODUSPORT-2020-SANS-FOND-SANS-TEXTE.png\",\"width\":512,\"height\":512,\"caption\":\"Dicodusport\"},\"image\":{\"@id\":\"https:\/\/dicodusport.fr\/blog\/#\/schema\/logo\/image\/\"},\"sameAs\":[\"https:\/\/www.facebook.com\/dicodusport\",\"https:\/\/x.com\/dicodusport\",\"https:\/\/www.instagram.com\/dicodusport\/\",\"https:\/\/www.youtube.com\/channel\/UC7V2KZ5sd3htJivAbA4ZG3w\"],\"description\":\"Dicodusport est l'encyclop\u00e9die de l'actualit\u00e9 sportive.\",\"email\":\"bonjour@dicodusport.fr\",\"legalName\":\"DICODUSPORT\",\"foundingDate\":\"2018-01-14\",\"vatID\":\"FR71834470973\",\"taxID\":\"83447097300043\",\"numberOfEmployees\":{\"@type\":\"QuantitativeValue\",\"minValue\":\"1\",\"maxValue\":\"10\"}},{\"@type\":\"Person\",\"@id\":\"https:\/\/dicodusport.fr\/blog\/#\/schema\/person\/6db4bae06b171592211be385b32876a7\",\"name\":\"Emilien Descampiaux\",\"image\":{\"@type\":\"ImageObject\",\"inLanguage\":\"fr-FR\",\"@id\":\"https:\/\/dicodusport.fr\/blog\/#\/schema\/person\/image\/\",\"url\":\"https:\/\/dicodusport.fr\/blog\/wp-content\/uploads\/2021\/05\/Emilien-Descampiaux-150x150.jpg\",\"contentUrl\":\"https:\/\/dicodusport.fr\/blog\/wp-content\/uploads\/2021\/05\/Emilien-Descampiaux-150x150.jpg\",\"caption\":\"Emilien Descampiaux\"},\"description\":\"Journaliste\/r\u00e9dacteur depuis 2014 - Fan de la classe de Frank Vandenbroucke, je vis cyclisme (et de ses paysages) depuis plus de 20 ans. Je suis tr\u00e8s impliqu\u00e9 sur mes diff\u00e9rents r\u00e9seaux sociaux pour partager ma passion sur le monde et l'Histoire de la bicyclette avec ma voix sur les images en noir et blanc du succ\u00e8s de Rik Van Steenbergen lors du Ronde sur le V\u00e9lodrome de Gand.\",\"sameAs\":[\"https:\/\/www.facebook.com\/groups\/LesRoisDuPeloton\",\"https:\/\/x.com\/https:\/\/twitter.com\/LRoisDuPeloton\"],\"url\":\"https:\/\/dicodusport.fr\/blog\/author\/emiliend\/\"}]}<\/script>\n<!-- \/ Yoast SEO Premium plugin. -->","yoast_head_json":{"title":"Classic Var 2024 : Parcours complet et profil","description":"CLASSIC VAR 2024 - Retrouvez le parcours et le profil de la premi\u00e8re \u00e9dition de la Classic Var, qui se d\u00e9roule ce vendredi 16 f\u00e9vrier 2024.","robots":{"index":"index","follow":"follow","max-snippet":"max-snippet:-1","max-image-preview":"max-image-preview:large","max-video-preview":"max-video-preview:-1"},"canonical":"https:\/\/dicodusport.fr\/blog\/classic-var-2024-parcours-et-profil\/","og_locale":"fr_FR","og_type":"article","og_title":"Classic Var 2024 : Parcours complet et profil","og_description":"CLASSIC VAR 2024 - Retrouvez le parcours et le profil de la premi\u00e8re \u00e9dition de la Classic Var, qui se d\u00e9roule ce vendredi 16 f\u00e9vrier 2024.","og_url":"https:\/\/dicodusport.fr\/blog\/classic-var-2024-parcours-et-profil\/","og_site_name":"Dicodusport","article_publisher":"https:\/\/www.facebook.com\/dicodusport","article_author":"https:\/\/www.facebook.com\/groups\/LesRoisDuPeloton","article_published_time":"2024-02-16T13:20:41+00:00","og_image":[{"width":1200,"height":674,"url":"https:\/\/dicodusport.fr\/blog\/wp-content\/uploads\/2024\/02\/Classic-Var-2024-Parcours-et-profil.png","type":"image\/png"}],"author":"Emilien Descampiaux","twitter_card":"summary_large_image","twitter_title":"Classic Var 2024 : Parcours complet et profil","twitter_creator":"@https:\/\/twitter.com\/LRoisDuPeloton","twitter_site":"@dicodusport","schema":{"@context":"https:\/\/schema.org","@graph":[{"@type":"NewsArticle","@id":"https:\/\/dicodusport.fr\/blog\/classic-var-2024-parcours-et-profil\/#article","isPartOf":{"@id":"https:\/\/dicodusport.fr\/blog\/classic-var-2024-parcours-et-profil\/"},"author":{"name":"Emilien Descampiaux","@id":"https:\/\/dicodusport.fr\/blog\/#\/schema\/person\/6db4bae06b171592211be385b32876a7"},"headline":"Classic Var 2024 : Parcours complet et profil","datePublished":"2024-02-16T13:20:41+00:00","mainEntityOfPage":{"@id":"https:\/\/dicodusport.fr\/blog\/classic-var-2024-parcours-et-profil\/"},"wordCount":354,"commentCount":0,"publisher":{"@id":"https:\/\/dicodusport.fr\/blog\/#organization"},"image":{"@id":"https:\/\/dicodusport.fr\/blog\/classic-var-2024-parcours-et-profil\/#primaryimage"},"thumbnailUrl":"https:\/\/dicodusport.fr\/blog\/wp-content\/uploads\/2024\/02\/Classic-Var-2024-Parcours-et-profil.png","keywords":["br\u00e8ve","Cyclisme"],"articleSection":["Cyclisme sur route"],"inLanguage":"fr-FR","potentialAction":[{"@type":"CommentAction","name":"Comment","target":["https:\/\/dicodusport.fr\/blog\/classic-var-2024-parcours-et-profil\/#respond"]}],"copyrightYear":"2024","copyrightHolder":{"@id":"https:\/\/dicodusport.fr\/blog\/#organization"}},{"@type":"WebPage","@id":"https:\/\/dicodusport.fr\/blog\/classic-var-2024-parcours-et-profil\/","url":"https:\/\/dicodusport.fr\/blog\/classic-var-2024-parcours-et-profil\/","name":"Classic Var 2024 : Parcours complet et profil","isPartOf":{"@id":"https:\/\/dicodusport.fr\/blog\/#website"},"primaryImageOfPage":{"@id":"https:\/\/dicodusport.fr\/blog\/classic-var-2024-parcours-et-profil\/#primaryimage"},"image":{"@id":"https:\/\/dicodusport.fr\/blog\/classic-var-2024-parcours-et-profil\/#primaryimage"},"thumbnailUrl":"https:\/\/dicodusport.fr\/blog\/wp-content\/uploads\/2024\/02\/Classic-Var-2024-Parcours-et-profil.png","datePublished":"2024-02-16T13:20:41+00:00","description":"CLASSIC VAR 2024 - Retrouvez le parcours et le profil de la premi\u00e8re \u00e9dition de la Classic Var, qui se d\u00e9roule ce vendredi 16 f\u00e9vrier 2024.","breadcrumb":{"@id":"https:\/\/dicodusport.fr\/blog\/classic-var-2024-parcours-et-profil\/#breadcrumb"},"inLanguage":"fr-FR","potentialAction":[{"@type":"ReadAction","target":["https:\/\/dicodusport.fr\/blog\/classic-var-2024-parcours-et-profil\/"]}]},{"@type":"ImageObject","inLanguage":"fr-FR","@id":"https:\/\/dicodusport.fr\/blog\/classic-var-2024-parcours-et-profil\/#primaryimage","url":"https:\/\/dicodusport.fr\/blog\/wp-content\/uploads\/2024\/02\/Classic-Var-2024-Parcours-et-profil.png","contentUrl":"https:\/\/dicodusport.fr\/blog\/wp-content\/uploads\/2024\/02\/Classic-Var-2024-Parcours-et-profil.png","width":1200,"height":674,"caption":"Classic Var 2024 Parcours et profil"},{"@type":"BreadcrumbList","@id":"https:\/\/dicodusport.fr\/blog\/classic-var-2024-parcours-et-profil\/#breadcrumb","itemListElement":[{"@type":"ListItem","position":1,"name":"Accueil","item":"https:\/\/dicodusport.fr\/blog\/"},{"@type":"ListItem","position":2,"name":"Classic Var 2024 : Parcours complet et profil"}]},{"@type":"WebSite","@id":"https:\/\/dicodusport.fr\/blog\/#website","url":"https:\/\/dicodusport.fr\/blog\/","name":"Dicodusport","description":"L&#039;encyclop\u00e9die de l&#039;actualit\u00e9 sportive","publisher":{"@id":"https:\/\/dicodusport.fr\/blog\/#organization"},"potentialAction":[{"@type":"SearchAction","target":{"@type":"EntryPoint","urlTemplate":"https:\/\/dicodusport.fr\/blog\/?s={search_term_string}"},"query-input":{"@type":"PropertyValueSpecification","valueRequired":true,"valueName":"search_term_string"}}],"inLanguage":"fr-FR"},{"@type":"NewsMediaOrganization","@id":"https:\/\/dicodusport.fr\/blog\/#organization","name":"Dicodusport","url":"https:\/\/dicodusport.fr\/blog\/","logo":{"@type":"ImageObject","inLanguage":"fr-FR","@id":"https:\/\/dicodusport.fr\/blog\/#\/schema\/logo\/image\/","url":"https:\/\/dicodusport.fr\/blog\/wp-content\/uploads\/2020\/06\/cropped-LOGO-DICODUSPORT-2020-SANS-FOND-SANS-TEXTE.png","contentUrl":"https:\/\/dicodusport.fr\/blog\/wp-content\/uploads\/2020\/06\/cropped-LOGO-DICODUSPORT-2020-SANS-FOND-SANS-TEXTE.png","width":512,"height":512,"caption":"Dicodusport"},"image":{"@id":"https:\/\/dicodusport.fr\/blog\/#\/schema\/logo\/image\/"},"sameAs":["https:\/\/www.facebook.com\/dicodusport","https:\/\/x.com\/dicodusport","https:\/\/www.instagram.com\/dicodusport\/","https:\/\/www.youtube.com\/channel\/UC7V2KZ5sd3htJivAbA4ZG3w"],"description":"Dicodusport est l'encyclop\u00e9die de l'actualit\u00e9 sportive.","email":"bonjour@dicodusport.fr","legalName":"DICODUSPORT","foundingDate":"2018-01-14","vatID":"FR71834470973","taxID":"83447097300043","numberOfEmployees":{"@type":"QuantitativeValue","minValue":"1","maxValue":"10"}},{"@type":"Person","@id":"https:\/\/dicodusport.fr\/blog\/#\/schema\/person\/6db4bae06b171592211be385b32876a7","name":"Emilien Descampiaux","image":{"@type":"ImageObject","inLanguage":"fr-FR","@id":"https:\/\/dicodusport.fr\/blog\/#\/schema\/person\/image\/","url":"https:\/\/dicodusport.fr\/blog\/wp-content\/uploads\/2021\/05\/Emilien-Descampiaux-150x150.jpg","contentUrl":"https:\/\/dicodusport.fr\/blog\/wp-content\/uploads\/2021\/05\/Emilien-Descampiaux-150x150.jpg","caption":"Emilien Descampiaux"},"description":"Journaliste\/r\u00e9dacteur depuis 2014 - Fan de la classe de Frank Vandenbroucke, je vis cyclisme (et de ses paysages) depuis plus de 20 ans. Je suis tr\u00e8s impliqu\u00e9 sur mes diff\u00e9rents r\u00e9seaux sociaux pour partager ma passion sur le monde et l'Histoire de la bicyclette avec ma voix sur les images en noir et blanc du succ\u00e8s de Rik Van Steenbergen lors du Ronde sur le V\u00e9lodrome de Gand.","sameAs":["https:\/\/www.facebook.com\/groups\/LesRoisDuPeloton","https:\/\/x.com\/https:\/\/twitter.com\/LRoisDuPeloton"],"url":"https:\/\/dicodusport.fr\/blog\/author\/emiliend\/"}]}},"_links":{"self":[{"href":"https:\/\/dicodusport.fr\/blog\/wp-json\/wp\/v2\/posts\/442163","targetHints":{"allow":["GET"]}}],"collection":[{"href":"https:\/\/dicodusport.fr\/blog\/wp-json\/wp\/v2\/posts"}],"about":[{"href":"https:\/\/dicodusport.fr\/blog\/wp-json\/wp\/v2\/types\/post"}],"author":[{"embeddable":true,"href":"https:\/\/dicodusport.fr\/blog\/wp-json\/wp\/v2\/users\/48"}],"replies":[{"embeddable":true,"href":"https:\/\/dicodusport.fr\/blog\/wp-json\/wp\/v2\/comments?post=442163"}],"version-history":[{"count":6,"href":"https:\/\/dicodusport.fr\/blog\/wp-json\/wp\/v2\/posts\/442163\/revisions"}],"predecessor-version":[{"id":463839,"href":"https:\/\/dicodusport.fr\/blog\/wp-json\/wp\/v2\/posts\/442163\/revisions\/463839"}],"wp:featuredmedia":[{"embeddable":true,"href":"https:\/\/dicodusport.fr\/blog\/wp-json\/wp\/v2\/media\/463387"}],"wp:attachment":[{"href":"https:\/\/dicodusport.fr\/blog\/wp-json\/wp\/v2\/media?parent=442163"}],"wp:term":[{"taxonomy":"category","embeddable":true,"href":"https:\/\/dicodusport.fr\/blog\/wp-json\/wp\/v2\/categories?post=442163"},{"taxonomy":"post_tag","embeddable":true,"href":"https:\/\/dicodusport.fr\/blog\/wp-json\/wp\/v2\/tags?post=442163"}],"curies":[{"name":"wp","href":"https:\/\/api.w.org\/{rel}","templated":true}]}}