{"id":442243,"date":"2023-12-03T10:46:10","date_gmt":"2023-12-03T09:46:10","guid":{"rendered":"https:\/\/dicodusport.fr\/blog\/?p=442243&#038;preview=true&#038;preview_id=442243"},"modified":"2023-12-03T14:48:24","modified_gmt":"2023-12-03T13:48:24","slug":"marathon-de-valence-2023-sisay-lemma-remporte-lepreuve-course-historique-pour-les-francais","status":"publish","type":"post","link":"https:\/\/dicodusport.fr\/blog\/marathon-de-valence-2023-sisay-lemma-remporte-lepreuve-course-historique-pour-les-francais\/","title":{"rendered":"Marathon de Valence 2023 : Sisay Lemma remporte l&rsquo;\u00e9preuve, course historique pour les Fran\u00e7ais"},"content":{"rendered":"<p style=\"text-align: justify;\"><strong><em>MARATHON DE VALENCE 2023 &#8211; Sisay Lemma remporte la course avec le record de l&rsquo;\u00e9preuve en 2h01:48. Cinq Fran\u00e7ais et quatre Fran\u00e7aises ont r\u00e9alis\u00e9 les minima dans une course \u00e0 la densit\u00e9 historique pour les Tricolores. La course femme a \u00e9t\u00e9 remport\u00e9e par Worknesh Degefa en 2h15:51.<\/em><\/strong><\/p>\n<ul>\n<li><strong>\u00c0 ce sujet : <a href=\"https:\/\/dicodusport.fr\/blog\/classement-marathon-de-valence-2023\/\">Le classement complet de la course<\/a><\/strong><\/li>\n<\/ul>\n<p style=\"text-align: justify;\"><strong>Sisay Lemma<\/strong>\u00a0s&rsquo;impose et abat le record de l&rsquo;\u00e9preuve en 2h01:48. En explosant son record personnel de pr\u00e8s de 1 minute 30. L&rsquo;\u00c9thiopien devient le 4e performeur mondial de tous les temps, tout proche du record d&rsquo;\u00c9thiopie de <strong>Kenesisa Bekele<\/strong> (quatri\u00e8me ce dimanche matin). Le puissant coureur a attaqu\u00e9 au 35e kilom\u00e8tre et a creus\u00e9 l&rsquo;\u00e9cart inexorablement. Avec un passage rapide en 1h00:48 au semi qui a fait \u00e9norm\u00e9ment de d\u00e9g\u00e2ts. <strong>Alexander Mutiso<\/strong> prend la 3e place en 2h03:11 tandis que le podium est compl\u00e9t\u00e9 par <strong>Dawit Wolde<\/strong>. Le marathon de Valence a encore confirm\u00e9 son statut d&rsquo;un des plus grands marathons du monde et un des plus rapides sur le circuit, avec six athl\u00e8tes sous les 2h05 !<\/p>\n<p style=\"text-align: justify;\">Chez les femmes, victoire \u00e9galement pour l&rsquo;\u00c9thiopie avec <strong>Worknesh Degefa<\/strong> ! Qui a remport\u00e9 en solitaire la course sous les 2h16 (2h15:51), un chrono devenu habituel chez les femmes, mais synonyme de record personnel explos\u00e9. Elle s&rsquo;impose devant sa compatriote<strong> Almaz Ayana,<\/strong> qui explose \u00e9galement son record personnel en 2h16:22. La troisi\u00e8me place revient quant \u00e0 elle \u00e0 <strong>Hiwot Gebrekidan<\/strong> en 2h17:59<\/p>\n<h2>Course historique pour les Fran\u00e7ais<\/h2>\n<p style=\"text-align: justify;\">Certains Fran\u00e7ais ont envoy\u00e9 un sacr\u00e9 message au marathon de Valence. On pense \u00e9videmment au trio <strong>Morhad Amdouni, Nicolas Navarro et Mehdi Fr\u00e8re<\/strong>, qui se sont affranchis ais\u00e9ment des minima exig\u00e9s pour les Jeux Olympiques de Paris (2h08:10). Pour eux, longtemps, le record de France a \u00e9t\u00e9 dans le viseur. Avec un passage en 1h02:48. Mais ils ont tenu une \u00e9norme cadence. <strong>Mehdi Fr\u00e8re<\/strong> et <strong>Nicolas Navarro<\/strong> passent m\u00eame sous les 2h06, deuxi\u00e8me et troisi\u00e8me meilleure performance fran\u00e7aise de l&rsquo;histoire en 2h05:43 et 2h05:53. Mehdi Fr\u00e8re s&rsquo;offre lui ni plus ni moins qu&rsquo;un top 10 sur l&rsquo;un des meilleurs marathons du monde (9e). <strong>Morhad Amdouni<\/strong> a explos\u00e9 mais r\u00e9alis\u00e9 2h06:55<\/p>\n<p style=\"text-align: justify;\">Cependant, il risque bien d&rsquo;y avoir un d\u00e9\u00e7u au mois d&rsquo;ao\u00fbt. <strong>Hassan Chahdi<\/strong> ne devrait pas sortir du ranking et est prioritaire \u00e9tant donn\u00e9 qu&rsquo;il a termin\u00e9 dans le top 8 lors des championnats du monde \u00e0 Budapest. Le fameux mal de cr\u00e2ne. Mais quelle fantastique densit\u00e9 en France, sur une \u00e9preuve qui a longtemps \u00e9t\u00e9 d\u00e9sertique \u00e0 la fin des ann\u00e9es 2000 et dans les ann\u00e9es 2010. D&rsquo;autant que d&rsquo;autres Fran\u00e7ais ont r\u00e9alis\u00e9 les minima. Comme<strong> F\u00e9lix Bour<\/strong> qui explose son record personnel, pour r\u00e9aliser 2h06:45. Minima aussi pour <strong>Benjamin Choquert<\/strong> en 2h07:42. F\u00e9lix Bour a r\u00e9alis\u00e9 un dernier 10 km monumental, mais cela pourrait ne pas suffire pour Paris. C&rsquo;est totalement historique pour l&rsquo;athl\u00e9tisme fran\u00e7ais.<\/p>\n<blockquote class=\"twitter-tweet\">\n<p dir=\"ltr\" lang=\"fr\">Imagine tu cours 2h06:55 et tu n&rsquo;es que 4e francais de la course !!!<\/p>\n<p>Mehdi Fr\u00e8re 2h05:43<br \/>\nNicolas Navarro 2h05:53<\/p>\n<p>Felix Bour pulv\u00e9rise son record en 2h06:46<br \/>\nMorhad Amdouni 2h06:55<\/p>\n<p>DANTESQUE<a href=\"https:\/\/twitter.com\/hashtag\/maratonvalencia?src=hash&amp;ref_src=twsrc%5Etfw\">#maratonvalencia<\/a><\/p>\n<p>\u2014 Etienne Goursaud \ud83d\udc26 (@EtienneGoursaud) <a href=\"https:\/\/twitter.com\/EtienneGoursaud\/status\/1731244412649210174?ref_src=twsrc%5Etfw\">December 3, 2023<\/a><\/p><\/blockquote>\n<p><script async src=\"https:\/\/platform.twitter.com\/widgets.js\" charset=\"utf-8\"><\/script><\/p>\n<h2>Woldu tout proche du record de France<\/h2>\n<p style=\"text-align: justify;\">On se doutait qu&rsquo;elle pouvait faire quelque chose de fort. Ayant d\u00e9j\u00e0 r\u00e9alis\u00e9 les minima (2h26:50 chez les femmes), <strong>Mekdes Woldu<\/strong> s&rsquo;\u00e9lan\u00e7ait \u00e0 Valence sans grande pression et avec l&rsquo;envie de faire tomber le chrono. Elle l&rsquo;a tellement fait tomber qu&rsquo;elle a failli faire exploser ce dimanche matin le record de France de la sp\u00e9cialit\u00e9, d\u00e9tenu depuis 2010 par Christelle Daunay (2h24:22) avec un chrono de 2h24:44. Partie tr\u00e8s fort (17:02 au 5 kilom\u00e8tres, 1h11:44 au semi-marathon), elle a coinc\u00e9 dans les tous derniers instants de la course, pour \u00e9chouer \u00e0 seulement 20 secondes de la marque mythique de la championne d&rsquo;Europe 2014.<\/p>\n<p style=\"text-align: justify;\"><strong>M\u00e9lody Julien, Fadouwa Ledhem et Manon Trapp<\/strong> ont \u00e9galement effectu\u00e9 une course fantastique et r\u00e9alisent, elles aussi, les minima. Tout le temps, les quatre cit\u00e9es ont \u00e9t\u00e9 sous les bases des minima et ont su en remettre \u00e0 la fin de la course. <strong>M\u00e9lody Julien<\/strong> termine m\u00eame toute proche de la place de meilleure fran\u00e7aise, en 2h25:01. Pas attendue \u00e0 pareille f\u00eate, <strong>Fadouwa Ledhem<\/strong> explose son record pour le porter \u00e0 2h05:50. Mention sp\u00e9ciale \u00e0 la derni\u00e8re cit\u00e9e, qui d\u00e9butait sur marathon et qui explose tout en signant le meilleur d\u00e9but de l&rsquo;histoire pour une Fran\u00e7aise. Tout du long elle a effectu\u00e9 une course r\u00e9guli\u00e8re afin de boucler l&rsquo;\u00e9preuve en 2h25:48.<\/p>\n<blockquote class=\"twitter-tweet\">\n<p dir=\"ltr\" lang=\"fr\">ENORME LES FRANCAISES !!<\/p>\n<p>Mekdes Woldu 2h24:44<br \/>\nMelody Julien 2h25:01<br \/>\nFadouwa Ledhem 2h25:50<br \/>\nManon Trapp 2h25:48<\/p>\n<p>MONUMENTAL !!!!<\/p>\n<p>\u2014 Etienne Goursaud \ud83d\udc26 (@EtienneGoursaud) <a href=\"https:\/\/twitter.com\/EtienneGoursaud\/status\/1731248175652938050?ref_src=twsrc%5Etfw\">December 3, 2023<\/a><\/p><\/blockquote>\n<p><script async src=\"https:\/\/platform.twitter.com\/widgets.js\" charset=\"utf-8\"><\/script><\/p>\n","protected":false},"excerpt":{"rendered":"<p>MARATHON DE VALENCE 2023 &#8211; Sisay Lemma remporte la course avec le record de l&rsquo;\u00e9preuve en 2h01:48. Cinq Fran\u00e7ais et quatre Fran\u00e7aises ont r\u00e9alis\u00e9 les minima dans une course \u00e0 la densit\u00e9 historique pour les Tricolores. La course femme a \u00e9t\u00e9 remport\u00e9e par Worknesh Degefa en 2h15:51.<\/p>\n","protected":false},"author":83,"featured_media":442268,"comment_status":"open","ping_status":"closed","sticky":false,"template":"","format":"standard","meta":{"_acf_changed":false,"_daextam_enable_autolinks":"1","footnotes":""},"categories":[2308],"tags":[143,16878],"class_list":["post-442243","post","type-post","status-publish","format-standard","has-post-thumbnail","hentry","category-athletisme","tag-athletisme","tag-breve"],"acf":[],"yoast_head":"<!-- This site is optimized with the Yoast SEO Premium plugin v26.7 (Yoast SEO v26.7) - https:\/\/yoast.com\/wordpress\/plugins\/seo\/ -->\n<title>Marathon de Valence 2023 : Sisay Lemma remporte l&#039;\u00e9preuve, course historique pour les Fran\u00e7ais<\/title>\n<meta name=\"description\" content=\"MARATHON DE VALENCE 2023 - Sisay Lemma a remport\u00e9 la course avec le record de l&#039;\u00e9preuve en 2h01:48.\" \/>\n<meta name=\"robots\" content=\"index, follow, max-snippet:-1, max-image-preview:large, max-video-preview:-1\" \/>\n<link rel=\"canonical\" href=\"https:\/\/dicodusport.fr\/blog\/marathon-de-valence-2023-sisay-lemma-remporte-lepreuve-course-historique-pour-les-francais\/\" \/>\n<meta property=\"og:locale\" content=\"fr_FR\" \/>\n<meta property=\"og:type\" content=\"article\" \/>\n<meta property=\"og:title\" content=\"Marathon de Valence 2023 : Sisay Lemma remporte l&#039;\u00e9preuve, course historique pour les Fran\u00e7ais\" \/>\n<meta property=\"og:description\" content=\"MARATHON DE VALENCE 2023 - Sisay Lemma a remport\u00e9 la course avec le record de l&#039;\u00e9preuve en 2h01:48.\" \/>\n<meta property=\"og:url\" content=\"https:\/\/dicodusport.fr\/blog\/marathon-de-valence-2023-sisay-lemma-remporte-lepreuve-course-historique-pour-les-francais\/\" \/>\n<meta property=\"og:site_name\" content=\"Dicodusport\" \/>\n<meta property=\"article:publisher\" content=\"https:\/\/www.facebook.com\/dicodusport\" \/>\n<meta property=\"article:published_time\" content=\"2023-12-03T09:46:10+00:00\" \/>\n<meta property=\"article:modified_time\" content=\"2023-12-03T13:48:24+00:00\" \/>\n<meta property=\"og:image\" content=\"https:\/\/dicodusport.fr\/blog\/wp-content\/uploads\/2023\/12\/Marathon-de-Valence-2023-Sisay-Lemma-remporte-lepreuve-course-historique-pour-les-Francais.png\" \/>\n\t<meta property=\"og:image:width\" content=\"1200\" \/>\n\t<meta property=\"og:image:height\" content=\"674\" \/>\n\t<meta property=\"og:image:type\" content=\"image\/png\" \/>\n<meta name=\"author\" content=\"Etienne Goursaud\" \/>\n<meta name=\"twitter:card\" content=\"summary_large_image\" \/>\n<meta name=\"twitter:title\" content=\"Marathon de Valence 2023 : Sisay Lemma remporte l&#039;\u00e9preuve, course historique pour les Fran\u00e7ais\" \/>\n<meta name=\"twitter:creator\" content=\"@dicodusport\" \/>\n<meta name=\"twitter:site\" content=\"@dicodusport\" \/>\n<script type=\"application\/ld+json\" class=\"yoast-schema-graph\">{\"@context\":\"https:\/\/schema.org\",\"@graph\":[{\"@type\":\"NewsArticle\",\"@id\":\"https:\/\/dicodusport.fr\/blog\/marathon-de-valence-2023-sisay-lemma-remporte-lepreuve-course-historique-pour-les-francais\/#article\",\"isPartOf\":{\"@id\":\"https:\/\/dicodusport.fr\/blog\/marathon-de-valence-2023-sisay-lemma-remporte-lepreuve-course-historique-pour-les-francais\/\"},\"author\":{\"name\":\"Etienne Goursaud\",\"@id\":\"https:\/\/dicodusport.fr\/blog\/#\/schema\/person\/d603dd7da31fb2b46c82b9835a77ec13\"},\"headline\":\"Marathon de Valence 2023 : Sisay Lemma remporte l&rsquo;\u00e9preuve, course historique pour les Fran\u00e7ais\",\"datePublished\":\"2023-12-03T09:46:10+00:00\",\"dateModified\":\"2023-12-03T13:48:24+00:00\",\"mainEntityOfPage\":{\"@id\":\"https:\/\/dicodusport.fr\/blog\/marathon-de-valence-2023-sisay-lemma-remporte-lepreuve-course-historique-pour-les-francais\/\"},\"wordCount\":824,\"commentCount\":0,\"publisher\":{\"@id\":\"https:\/\/dicodusport.fr\/blog\/#organization\"},\"image\":{\"@id\":\"https:\/\/dicodusport.fr\/blog\/marathon-de-valence-2023-sisay-lemma-remporte-lepreuve-course-historique-pour-les-francais\/#primaryimage\"},\"thumbnailUrl\":\"https:\/\/dicodusport.fr\/blog\/wp-content\/uploads\/2023\/12\/Marathon-de-Valence-2023-Sisay-Lemma-remporte-lepreuve-course-historique-pour-les-Francais.png\",\"keywords\":[\"Athl\u00e9tisme\",\"br\u00e8ve\"],\"articleSection\":[\"Athl\u00e9tisme\"],\"inLanguage\":\"fr-FR\",\"potentialAction\":[{\"@type\":\"CommentAction\",\"name\":\"Comment\",\"target\":[\"https:\/\/dicodusport.fr\/blog\/marathon-de-valence-2023-sisay-lemma-remporte-lepreuve-course-historique-pour-les-francais\/#respond\"]}],\"copyrightYear\":\"2023\",\"copyrightHolder\":{\"@id\":\"https:\/\/dicodusport.fr\/blog\/#organization\"}},{\"@type\":\"WebPage\",\"@id\":\"https:\/\/dicodusport.fr\/blog\/marathon-de-valence-2023-sisay-lemma-remporte-lepreuve-course-historique-pour-les-francais\/\",\"url\":\"https:\/\/dicodusport.fr\/blog\/marathon-de-valence-2023-sisay-lemma-remporte-lepreuve-course-historique-pour-les-francais\/\",\"name\":\"Marathon de Valence 2023 : Sisay Lemma remporte l'\u00e9preuve, course historique pour les Fran\u00e7ais\",\"isPartOf\":{\"@id\":\"https:\/\/dicodusport.fr\/blog\/#website\"},\"primaryImageOfPage\":{\"@id\":\"https:\/\/dicodusport.fr\/blog\/marathon-de-valence-2023-sisay-lemma-remporte-lepreuve-course-historique-pour-les-francais\/#primaryimage\"},\"image\":{\"@id\":\"https:\/\/dicodusport.fr\/blog\/marathon-de-valence-2023-sisay-lemma-remporte-lepreuve-course-historique-pour-les-francais\/#primaryimage\"},\"thumbnailUrl\":\"https:\/\/dicodusport.fr\/blog\/wp-content\/uploads\/2023\/12\/Marathon-de-Valence-2023-Sisay-Lemma-remporte-lepreuve-course-historique-pour-les-Francais.png\",\"datePublished\":\"2023-12-03T09:46:10+00:00\",\"dateModified\":\"2023-12-03T13:48:24+00:00\",\"description\":\"MARATHON DE VALENCE 2023 - Sisay Lemma a remport\u00e9 la course avec le record de l'\u00e9preuve en 2h01:48.\",\"breadcrumb\":{\"@id\":\"https:\/\/dicodusport.fr\/blog\/marathon-de-valence-2023-sisay-lemma-remporte-lepreuve-course-historique-pour-les-francais\/#breadcrumb\"},\"inLanguage\":\"fr-FR\",\"potentialAction\":[{\"@type\":\"ReadAction\",\"target\":[\"https:\/\/dicodusport.fr\/blog\/marathon-de-valence-2023-sisay-lemma-remporte-lepreuve-course-historique-pour-les-francais\/\"]}]},{\"@type\":\"ImageObject\",\"inLanguage\":\"fr-FR\",\"@id\":\"https:\/\/dicodusport.fr\/blog\/marathon-de-valence-2023-sisay-lemma-remporte-lepreuve-course-historique-pour-les-francais\/#primaryimage\",\"url\":\"https:\/\/dicodusport.fr\/blog\/wp-content\/uploads\/2023\/12\/Marathon-de-Valence-2023-Sisay-Lemma-remporte-lepreuve-course-historique-pour-les-Francais.png\",\"contentUrl\":\"https:\/\/dicodusport.fr\/blog\/wp-content\/uploads\/2023\/12\/Marathon-de-Valence-2023-Sisay-Lemma-remporte-lepreuve-course-historique-pour-les-Francais.png\",\"width\":1200,\"height\":674,\"caption\":\"Marathon de Valence 2023 - Sisay Lemma remporte l'\u00e9preuve, course historique pour les Fran\u00e7ais\"},{\"@type\":\"BreadcrumbList\",\"@id\":\"https:\/\/dicodusport.fr\/blog\/marathon-de-valence-2023-sisay-lemma-remporte-lepreuve-course-historique-pour-les-francais\/#breadcrumb\",\"itemListElement\":[{\"@type\":\"ListItem\",\"position\":1,\"name\":\"Accueil\",\"item\":\"https:\/\/dicodusport.fr\/blog\/\"},{\"@type\":\"ListItem\",\"position\":2,\"name\":\"Marathon de Valence 2023 : Sisay Lemma remporte l&rsquo;\u00e9preuve, course historique pour les Fran\u00e7ais\"}]},{\"@type\":\"WebSite\",\"@id\":\"https:\/\/dicodusport.fr\/blog\/#website\",\"url\":\"https:\/\/dicodusport.fr\/blog\/\",\"name\":\"Dicodusport\",\"description\":\"L&#039;encyclop\u00e9die de l&#039;actualit\u00e9 sportive\",\"publisher\":{\"@id\":\"https:\/\/dicodusport.fr\/blog\/#organization\"},\"potentialAction\":[{\"@type\":\"SearchAction\",\"target\":{\"@type\":\"EntryPoint\",\"urlTemplate\":\"https:\/\/dicodusport.fr\/blog\/?s={search_term_string}\"},\"query-input\":{\"@type\":\"PropertyValueSpecification\",\"valueRequired\":true,\"valueName\":\"search_term_string\"}}],\"inLanguage\":\"fr-FR\"},{\"@type\":\"NewsMediaOrganization\",\"@id\":\"https:\/\/dicodusport.fr\/blog\/#organization\",\"name\":\"Dicodusport\",\"url\":\"https:\/\/dicodusport.fr\/blog\/\",\"logo\":{\"@type\":\"ImageObject\",\"inLanguage\":\"fr-FR\",\"@id\":\"https:\/\/dicodusport.fr\/blog\/#\/schema\/logo\/image\/\",\"url\":\"https:\/\/dicodusport.fr\/blog\/wp-content\/uploads\/2020\/06\/cropped-LOGO-DICODUSPORT-2020-SANS-FOND-SANS-TEXTE.png\",\"contentUrl\":\"https:\/\/dicodusport.fr\/blog\/wp-content\/uploads\/2020\/06\/cropped-LOGO-DICODUSPORT-2020-SANS-FOND-SANS-TEXTE.png\",\"width\":512,\"height\":512,\"caption\":\"Dicodusport\"},\"image\":{\"@id\":\"https:\/\/dicodusport.fr\/blog\/#\/schema\/logo\/image\/\"},\"sameAs\":[\"https:\/\/www.facebook.com\/dicodusport\",\"https:\/\/x.com\/dicodusport\",\"https:\/\/www.instagram.com\/dicodusport\/\",\"https:\/\/www.youtube.com\/channel\/UC7V2KZ5sd3htJivAbA4ZG3w\"],\"description\":\"Dicodusport est l'encyclop\u00e9die de l'actualit\u00e9 sportive.\",\"email\":\"bonjour@dicodusport.fr\",\"legalName\":\"DICODUSPORT\",\"foundingDate\":\"2018-01-14\",\"vatID\":\"FR71834470973\",\"taxID\":\"83447097300043\",\"numberOfEmployees\":{\"@type\":\"QuantitativeValue\",\"minValue\":\"1\",\"maxValue\":\"10\"}},{\"@type\":\"Person\",\"@id\":\"https:\/\/dicodusport.fr\/blog\/#\/schema\/person\/d603dd7da31fb2b46c82b9835a77ec13\",\"name\":\"Etienne Goursaud\",\"image\":{\"@type\":\"ImageObject\",\"inLanguage\":\"fr-FR\",\"@id\":\"https:\/\/dicodusport.fr\/blog\/#\/schema\/person\/image\/\",\"url\":\"https:\/\/dicodusport.fr\/blog\/wp-content\/uploads\/2023\/12\/410122264_10231602061736049_5565839791558026645_n-150x150.jpg\",\"contentUrl\":\"https:\/\/dicodusport.fr\/blog\/wp-content\/uploads\/2023\/12\/410122264_10231602061736049_5565839791558026645_n-150x150.jpg\",\"caption\":\"Etienne Goursaud\"},\"description\":\"Journaliste et amoureux de sport. Ancien footballeur reconverti athl\u00e8te quand ses muscles le laissent tranquille. \u00c9lev\u00e9 \u00e0 la sauce des exploits de Thomas Voeckler en 2004, du dernier essai de l\u00e9gende de Eunice Barber \u00e0 la longueur lors des championnats du monde d'athl\u00e9tisme de 2003 mais aussi Zidane, Omeyer et Titou Lamaison.\",\"url\":\"https:\/\/dicodusport.fr\/blog\/author\/etienne-goursaud\/\"}]}<\/script>\n<!-- \/ Yoast SEO Premium plugin. -->","yoast_head_json":{"title":"Marathon de Valence 2023 : Sisay Lemma remporte l'\u00e9preuve, course historique pour les Fran\u00e7ais","description":"MARATHON DE VALENCE 2023 - Sisay Lemma a remport\u00e9 la course avec le record de l'\u00e9preuve en 2h01:48.","robots":{"index":"index","follow":"follow","max-snippet":"max-snippet:-1","max-image-preview":"max-image-preview:large","max-video-preview":"max-video-preview:-1"},"canonical":"https:\/\/dicodusport.fr\/blog\/marathon-de-valence-2023-sisay-lemma-remporte-lepreuve-course-historique-pour-les-francais\/","og_locale":"fr_FR","og_type":"article","og_title":"Marathon de Valence 2023 : Sisay Lemma remporte l'\u00e9preuve, course historique pour les Fran\u00e7ais","og_description":"MARATHON DE VALENCE 2023 - Sisay Lemma a remport\u00e9 la course avec le record de l'\u00e9preuve en 2h01:48.","og_url":"https:\/\/dicodusport.fr\/blog\/marathon-de-valence-2023-sisay-lemma-remporte-lepreuve-course-historique-pour-les-francais\/","og_site_name":"Dicodusport","article_publisher":"https:\/\/www.facebook.com\/dicodusport","article_published_time":"2023-12-03T09:46:10+00:00","article_modified_time":"2023-12-03T13:48:24+00:00","og_image":[{"width":1200,"height":674,"url":"https:\/\/dicodusport.fr\/blog\/wp-content\/uploads\/2023\/12\/Marathon-de-Valence-2023-Sisay-Lemma-remporte-lepreuve-course-historique-pour-les-Francais.png","type":"image\/png"}],"author":"Etienne Goursaud","twitter_card":"summary_large_image","twitter_title":"Marathon de Valence 2023 : Sisay Lemma remporte l'\u00e9preuve, course historique pour les Fran\u00e7ais","twitter_creator":"@dicodusport","twitter_site":"@dicodusport","schema":{"@context":"https:\/\/schema.org","@graph":[{"@type":"NewsArticle","@id":"https:\/\/dicodusport.fr\/blog\/marathon-de-valence-2023-sisay-lemma-remporte-lepreuve-course-historique-pour-les-francais\/#article","isPartOf":{"@id":"https:\/\/dicodusport.fr\/blog\/marathon-de-valence-2023-sisay-lemma-remporte-lepreuve-course-historique-pour-les-francais\/"},"author":{"name":"Etienne Goursaud","@id":"https:\/\/dicodusport.fr\/blog\/#\/schema\/person\/d603dd7da31fb2b46c82b9835a77ec13"},"headline":"Marathon de Valence 2023 : Sisay Lemma remporte l&rsquo;\u00e9preuve, course historique pour les Fran\u00e7ais","datePublished":"2023-12-03T09:46:10+00:00","dateModified":"2023-12-03T13:48:24+00:00","mainEntityOfPage":{"@id":"https:\/\/dicodusport.fr\/blog\/marathon-de-valence-2023-sisay-lemma-remporte-lepreuve-course-historique-pour-les-francais\/"},"wordCount":824,"commentCount":0,"publisher":{"@id":"https:\/\/dicodusport.fr\/blog\/#organization"},"image":{"@id":"https:\/\/dicodusport.fr\/blog\/marathon-de-valence-2023-sisay-lemma-remporte-lepreuve-course-historique-pour-les-francais\/#primaryimage"},"thumbnailUrl":"https:\/\/dicodusport.fr\/blog\/wp-content\/uploads\/2023\/12\/Marathon-de-Valence-2023-Sisay-Lemma-remporte-lepreuve-course-historique-pour-les-Francais.png","keywords":["Athl\u00e9tisme","br\u00e8ve"],"articleSection":["Athl\u00e9tisme"],"inLanguage":"fr-FR","potentialAction":[{"@type":"CommentAction","name":"Comment","target":["https:\/\/dicodusport.fr\/blog\/marathon-de-valence-2023-sisay-lemma-remporte-lepreuve-course-historique-pour-les-francais\/#respond"]}],"copyrightYear":"2023","copyrightHolder":{"@id":"https:\/\/dicodusport.fr\/blog\/#organization"}},{"@type":"WebPage","@id":"https:\/\/dicodusport.fr\/blog\/marathon-de-valence-2023-sisay-lemma-remporte-lepreuve-course-historique-pour-les-francais\/","url":"https:\/\/dicodusport.fr\/blog\/marathon-de-valence-2023-sisay-lemma-remporte-lepreuve-course-historique-pour-les-francais\/","name":"Marathon de Valence 2023 : Sisay Lemma remporte l'\u00e9preuve, course historique pour les Fran\u00e7ais","isPartOf":{"@id":"https:\/\/dicodusport.fr\/blog\/#website"},"primaryImageOfPage":{"@id":"https:\/\/dicodusport.fr\/blog\/marathon-de-valence-2023-sisay-lemma-remporte-lepreuve-course-historique-pour-les-francais\/#primaryimage"},"image":{"@id":"https:\/\/dicodusport.fr\/blog\/marathon-de-valence-2023-sisay-lemma-remporte-lepreuve-course-historique-pour-les-francais\/#primaryimage"},"thumbnailUrl":"https:\/\/dicodusport.fr\/blog\/wp-content\/uploads\/2023\/12\/Marathon-de-Valence-2023-Sisay-Lemma-remporte-lepreuve-course-historique-pour-les-Francais.png","datePublished":"2023-12-03T09:46:10+00:00","dateModified":"2023-12-03T13:48:24+00:00","description":"MARATHON DE VALENCE 2023 - Sisay Lemma a remport\u00e9 la course avec le record de l'\u00e9preuve en 2h01:48.","breadcrumb":{"@id":"https:\/\/dicodusport.fr\/blog\/marathon-de-valence-2023-sisay-lemma-remporte-lepreuve-course-historique-pour-les-francais\/#breadcrumb"},"inLanguage":"fr-FR","potentialAction":[{"@type":"ReadAction","target":["https:\/\/dicodusport.fr\/blog\/marathon-de-valence-2023-sisay-lemma-remporte-lepreuve-course-historique-pour-les-francais\/"]}]},{"@type":"ImageObject","inLanguage":"fr-FR","@id":"https:\/\/dicodusport.fr\/blog\/marathon-de-valence-2023-sisay-lemma-remporte-lepreuve-course-historique-pour-les-francais\/#primaryimage","url":"https:\/\/dicodusport.fr\/blog\/wp-content\/uploads\/2023\/12\/Marathon-de-Valence-2023-Sisay-Lemma-remporte-lepreuve-course-historique-pour-les-Francais.png","contentUrl":"https:\/\/dicodusport.fr\/blog\/wp-content\/uploads\/2023\/12\/Marathon-de-Valence-2023-Sisay-Lemma-remporte-lepreuve-course-historique-pour-les-Francais.png","width":1200,"height":674,"caption":"Marathon de Valence 2023 - Sisay Lemma remporte l'\u00e9preuve, course historique pour les Fran\u00e7ais"},{"@type":"BreadcrumbList","@id":"https:\/\/dicodusport.fr\/blog\/marathon-de-valence-2023-sisay-lemma-remporte-lepreuve-course-historique-pour-les-francais\/#breadcrumb","itemListElement":[{"@type":"ListItem","position":1,"name":"Accueil","item":"https:\/\/dicodusport.fr\/blog\/"},{"@type":"ListItem","position":2,"name":"Marathon de Valence 2023 : Sisay Lemma remporte l&rsquo;\u00e9preuve, course historique pour les Fran\u00e7ais"}]},{"@type":"WebSite","@id":"https:\/\/dicodusport.fr\/blog\/#website","url":"https:\/\/dicodusport.fr\/blog\/","name":"Dicodusport","description":"L&#039;encyclop\u00e9die de l&#039;actualit\u00e9 sportive","publisher":{"@id":"https:\/\/dicodusport.fr\/blog\/#organization"},"potentialAction":[{"@type":"SearchAction","target":{"@type":"EntryPoint","urlTemplate":"https:\/\/dicodusport.fr\/blog\/?s={search_term_string}"},"query-input":{"@type":"PropertyValueSpecification","valueRequired":true,"valueName":"search_term_string"}}],"inLanguage":"fr-FR"},{"@type":"NewsMediaOrganization","@id":"https:\/\/dicodusport.fr\/blog\/#organization","name":"Dicodusport","url":"https:\/\/dicodusport.fr\/blog\/","logo":{"@type":"ImageObject","inLanguage":"fr-FR","@id":"https:\/\/dicodusport.fr\/blog\/#\/schema\/logo\/image\/","url":"https:\/\/dicodusport.fr\/blog\/wp-content\/uploads\/2020\/06\/cropped-LOGO-DICODUSPORT-2020-SANS-FOND-SANS-TEXTE.png","contentUrl":"https:\/\/dicodusport.fr\/blog\/wp-content\/uploads\/2020\/06\/cropped-LOGO-DICODUSPORT-2020-SANS-FOND-SANS-TEXTE.png","width":512,"height":512,"caption":"Dicodusport"},"image":{"@id":"https:\/\/dicodusport.fr\/blog\/#\/schema\/logo\/image\/"},"sameAs":["https:\/\/www.facebook.com\/dicodusport","https:\/\/x.com\/dicodusport","https:\/\/www.instagram.com\/dicodusport\/","https:\/\/www.youtube.com\/channel\/UC7V2KZ5sd3htJivAbA4ZG3w"],"description":"Dicodusport est l'encyclop\u00e9die de l'actualit\u00e9 sportive.","email":"bonjour@dicodusport.fr","legalName":"DICODUSPORT","foundingDate":"2018-01-14","vatID":"FR71834470973","taxID":"83447097300043","numberOfEmployees":{"@type":"QuantitativeValue","minValue":"1","maxValue":"10"}},{"@type":"Person","@id":"https:\/\/dicodusport.fr\/blog\/#\/schema\/person\/d603dd7da31fb2b46c82b9835a77ec13","name":"Etienne Goursaud","image":{"@type":"ImageObject","inLanguage":"fr-FR","@id":"https:\/\/dicodusport.fr\/blog\/#\/schema\/person\/image\/","url":"https:\/\/dicodusport.fr\/blog\/wp-content\/uploads\/2023\/12\/410122264_10231602061736049_5565839791558026645_n-150x150.jpg","contentUrl":"https:\/\/dicodusport.fr\/blog\/wp-content\/uploads\/2023\/12\/410122264_10231602061736049_5565839791558026645_n-150x150.jpg","caption":"Etienne Goursaud"},"description":"Journaliste et amoureux de sport. Ancien footballeur reconverti athl\u00e8te quand ses muscles le laissent tranquille. \u00c9lev\u00e9 \u00e0 la sauce des exploits de Thomas Voeckler en 2004, du dernier essai de l\u00e9gende de Eunice Barber \u00e0 la longueur lors des championnats du monde d'athl\u00e9tisme de 2003 mais aussi Zidane, Omeyer et Titou Lamaison.","url":"https:\/\/dicodusport.fr\/blog\/author\/etienne-goursaud\/"}]}},"_links":{"self":[{"href":"https:\/\/dicodusport.fr\/blog\/wp-json\/wp\/v2\/posts\/442243","targetHints":{"allow":["GET"]}}],"collection":[{"href":"https:\/\/dicodusport.fr\/blog\/wp-json\/wp\/v2\/posts"}],"about":[{"href":"https:\/\/dicodusport.fr\/blog\/wp-json\/wp\/v2\/types\/post"}],"author":[{"embeddable":true,"href":"https:\/\/dicodusport.fr\/blog\/wp-json\/wp\/v2\/users\/83"}],"replies":[{"embeddable":true,"href":"https:\/\/dicodusport.fr\/blog\/wp-json\/wp\/v2\/comments?post=442243"}],"version-history":[{"count":5,"href":"https:\/\/dicodusport.fr\/blog\/wp-json\/wp\/v2\/posts\/442243\/revisions"}],"predecessor-version":[{"id":442380,"href":"https:\/\/dicodusport.fr\/blog\/wp-json\/wp\/v2\/posts\/442243\/revisions\/442380"}],"wp:featuredmedia":[{"embeddable":true,"href":"https:\/\/dicodusport.fr\/blog\/wp-json\/wp\/v2\/media\/442268"}],"wp:attachment":[{"href":"https:\/\/dicodusport.fr\/blog\/wp-json\/wp\/v2\/media?parent=442243"}],"wp:term":[{"taxonomy":"category","embeddable":true,"href":"https:\/\/dicodusport.fr\/blog\/wp-json\/wp\/v2\/categories?post=442243"},{"taxonomy":"post_tag","embeddable":true,"href":"https:\/\/dicodusport.fr\/blog\/wp-json\/wp\/v2\/tags?post=442243"}],"curies":[{"name":"wp","href":"https:\/\/api.w.org\/{rel}","templated":true}]}}