{"id":442304,"date":"2023-12-03T13:11:10","date_gmt":"2023-12-03T12:11:10","guid":{"rendered":"https:\/\/dicodusport.fr\/blog\/?p=442304&#038;preview=true&#038;preview_id=442304"},"modified":"2023-12-03T14:13:30","modified_gmt":"2023-12-03T13:13:30","slug":"atp-challenger-2023-benoit-paire-cloture-la-saison-par-une-defaite-en-finale","status":"publish","type":"post","link":"https:\/\/dicodusport.fr\/blog\/atp-challenger-2023-benoit-paire-cloture-la-saison-par-une-defaite-en-finale\/","title":{"rendered":"ATP Challenger 2023 : Beno\u00eet Paire cl\u00f4ture la saison par une d\u00e9faite en finale"},"content":{"rendered":"<p style=\"text-align: justify;\"><strong><em>ATP CHALLENGER 2023 &#8211; La saison 2023 du circuit Challenger &#8211; historique pour le tennis fran\u00e7ais &#8211; s&rsquo;ach\u00e8ve sur une mauvaise note. En finale pour la quatri\u00e8me fois de la saison, Beno\u00eet Paire s&rsquo;est lourdement inclin\u00e9 \u00e0 Maia, face au local portugais Nuno Borges (score final 6-1, 6-4). Le Tricolore n&rsquo;est jamais entr\u00e9 dans son match et a manqu\u00e9 de concentration, tout le contraire de ce qu&rsquo;il a montr\u00e9 cette semaine.<br \/>\n<\/em><\/strong><\/p>\n<p style=\"text-align: justify;\"><strong>Beno\u00eet Paire<\/strong> ne ram\u00e8nera pas un 28\u00e8me titre de Challenger au tennis fran\u00e7ais cette saison. En finale dans le dernier tournoi de l&rsquo;ann\u00e9e &#8211; \u00e0 Maia en banlieue de Porto au Portugal &#8211; l&rsquo;Avignonnais n&rsquo;a pas trouv\u00e9 l&rsquo;\u00e9nergie n\u00e9cessaire pour l&#8217;emporter. Celui qui <strong>revenait de vacances sans avoir touch\u00e9 une raquette pendant 10 jours<\/strong> a malgr\u00e9 tout r\u00e9alis\u00e9 une bonne semaine. Il a notamment renvers\u00e9 par deux fois des situations mal embarqu\u00e9es, au second tour contre le jeune local <strong>Jaime Faria<\/strong> (victoire 6-7 6-3 6-3), et en quarts de finale contre le plus exp\u00e9riment\u00e9 <strong>Elias Ymer<\/strong> (victoire 3-6 6-3 6-3). Preuve de sa volont\u00e9 de bien faire pour son dernier tournoi de la saison.<\/p>\n<p style=\"text-align: justify;\">En finale ce dimanche, Paire a pay\u00e9 ses efforts des derniers jours. Et probablement son manque d&rsquo;entra\u00eenement ces derni\u00e8res semaines. Il a \u00e9t\u00e9 balay\u00e9 en 1h01 par son adversaire <strong>Nuno Borges<\/strong>, membre du top 100 et d&rsquo;autant plus motiv\u00e9 que le tournoi se tenait dans le club de son enfance. Ce dernier est d&rsquo;ailleurs tomb\u00e9 en larmes apr\u00e8s la balle de match. Le Fran\u00e7ais, lui, a <strong>commis beaucoup trop de fautes et a sembl\u00e9 vite r\u00e9sign\u00e9<\/strong>. Une attitude bien diff\u00e9rente de ce qu&rsquo;il avait montr\u00e9 pr\u00e9c\u00e9demment. Mais cette nouvelle finale dans un Challenger sur terre battue (la 3\u00e8me de la saison) montre ses progr\u00e8s sur la surface ocre, qui lui avait donn\u00e9 du fil \u00e0 retordre ces derni\u00e8res ann\u00e9es. Il sera <strong>117\u00e8me mondial<\/strong> demain. \u00c0 moins de 100 points ATP d&rsquo;un retour dans le top 100, qui est son grand objectif.<\/p>\n<blockquote class=\"twitter-tweet\">\n<p dir=\"ltr\" lang=\"en\">IT\u2019S A DREAM COME TRUE for <a href=\"https:\/\/twitter.com\/nunoborges97?ref_src=twsrc%5Etfw\">@nunoborges97<\/a>!<\/p>\n<p>The Portuguese No. 1 sails past Benoit Paire 6-1, 6-4 to become the new champion of <a href=\"https:\/\/twitter.com\/hashtag\/MaiaOpen?src=hash&amp;ref_src=twsrc%5Etfw\">#MaiaOpen<\/a>, the <a href=\"https:\/\/twitter.com\/ATPChallenger?ref_src=twsrc%5Etfw\">@ATPChallenger<\/a> held at his childhood club.<\/p>\n<p>This one will mean a lot. What a day. What a week. <a href=\"https:\/\/t.co\/HWuu38ZmvW\">pic.twitter.com\/HWuu38ZmvW<\/a><\/p>\n<p>\u2014 Gaspar Ribeiro Lan\u00e7a (@gasparlanca) <a href=\"https:\/\/twitter.com\/gasparlanca\/status\/1731284421041435003?ref_src=twsrc%5Etfw\">December 3, 2023<\/a><\/p><\/blockquote>\n<p style=\"text-align: justify;\"><script async src=\"https:\/\/platform.twitter.com\/widgets.js\" charset=\"utf-8\"><\/script><\/p>\n<h2 style=\"text-align: justify;\">27 titres pour le tennis fran\u00e7ais, record absolu<\/h2>\n<p style=\"text-align: justify;\">La saison 2023 du circuit Challenger aura \u00e9t\u00e9 brillante pour le tennis fran\u00e7ais. Les joueurs tricolores ont remport\u00e9 <strong>27 titres<\/strong> sur l&rsquo;\u00e9chelon secondaire du tennis, largement devant l&rsquo;Argentine (21) et l&rsquo;Italie (17). En fait, cela constitue m\u00eame un <strong>record absolu <\/strong><a href=\"https:\/\/dicodusport.fr\/blog\/atp-challenger-itf-tout-ce-quil-faut-savoir-sur-les-3-circuits-du-tennis-masculin\/\"><strong>depuis la cr\u00e9ation du circuit<\/strong> en 1978<\/a>. S&rsquo;ils peinent encore \u00e0 s&rsquo;installer durablement dans le top 50, les Fran\u00e7ais dominent le classement au-del\u00e0. Sur les 27 titres, on compte<strong> 19 vainqueurs diff\u00e9rents<\/strong> :<\/p>\n<ul style=\"text-align: justify;\">\n<li>Constant Lestienne (x3)<\/li>\n<li>Luca Van Assche (x2)<\/li>\n<li>Beno\u00eet Paire (x2)<\/li>\n<li>Hugo Grenier (x2)<\/li>\n<li>Hugo Gaston (x2)<\/li>\n<li>Terence Atmane (x2)<\/li>\n<li>Ugo Humbert (x2)<\/li>\n<li>Arthur Cazaux<\/li>\n<li>Arthur Fils<\/li>\n<li>Arthur Rinderknech<\/li>\n<li>Gr\u00e9goire Barr\u00e8re<\/li>\n<li>Giovanni Mpetshi Perricard<\/li>\n<li>Alexandre M\u00fcller<\/li>\n<li>Corentin Moutet<\/li>\n<li>Quentin Halys<\/li>\n<li>Manuel Guinard<\/li>\n<li>Arthur Weber<\/li>\n<li>Kyrian Jacquet<\/li>\n<li>Ugo Blanchet<\/li>\n<\/ul>\n<p style=\"text-align: justify;\">De quoi effacer <a href=\"https:\/\/dicodusport.fr\/blog\/atp-challenger-2022-la-france-nation-la-plus-titree-cette-annee\/\">les chiffres d\u00e9j\u00e0 exceptionnels de la saison 2022<\/a>. Et installer des nouveaux standards qui devront \u00eatre d\u00e9pass\u00e9s dans le futur. <strong>Le vivier fran\u00e7ais prouve une nouvelle fois sa profondeur<\/strong>, avec des titres remport\u00e9s par des jeunes joueurs et des moins jeunes. Avec un \u00e9cart important entre le vainqueur le plus \u00e2g\u00e9 (Beno\u00eet Paire, 34 ans) et le plus jeune (Arthur Fils, <a href=\"https:\/\/dicodusport.fr\/blog\/atp-challenger-2023-premier-titre-professionnel-pour-arthur-fils\/\">18 ans au moment du titre<\/a>). <strong>Reste maintenant \u00e0 confirmer ces chiffres \u00e0 l&rsquo;\u00e9chelon sup\u00e9rieur<\/strong>, sur le circuit ATP. Ainsi que chez les femmes, qui vivent actuellement une passe compliqu\u00e9e. La saison 2024 devrait \u00eatre r\u00e9v\u00e9latrice sur ce plan-l\u00e0.<\/p>\n","protected":false},"excerpt":{"rendered":"<p>ATP CHALLENGER 2023 &#8211; La saison 2023 du circuit Challenger &#8211; historique pour le tennis fran\u00e7ais &#8211; s&rsquo;ach\u00e8ve sur une mauvaise note. En finale pour la quatri\u00e8me fois de la saison, Beno\u00eet Paire s&rsquo;est lourdement inclin\u00e9 \u00e0 Maia, face au local portugais Nuno Borges (score final 6-1 6-4). Le tricolore n&rsquo;est jamais entr\u00e9 dans son match et a manqu\u00e9 de concentration, tout le contraire de ce qu&rsquo;il a montr\u00e9 cette semaine.<\/p>\n","protected":false},"author":13,"featured_media":442309,"comment_status":"open","ping_status":"closed","sticky":false,"template":"","format":"standard","meta":{"_acf_changed":false,"_daextam_enable_autolinks":"1","footnotes":""},"categories":[2302],"tags":[5942,16878,18563],"class_list":["post-442304","post","type-post","status-publish","format-standard","has-post-thumbnail","hentry","category-tennis","tag-benoit-paire","tag-breve","tag-francais-tennis"],"acf":[],"yoast_head":"<!-- This site is optimized with the Yoast SEO Premium plugin v26.7 (Yoast SEO v26.7) - https:\/\/yoast.com\/wordpress\/plugins\/seo\/ -->\n<title>ATP Challenger 2023 : Beno\u00eet Paire cl\u00f4ture la saison par une d\u00e9faite en finale<\/title>\n<meta name=\"description\" content=\"Beno\u00eet Paire s&#039;est inclin\u00e9 en finale du Challenger de Maia, et cl\u00f4ture une saison riche pour le tennis fran\u00e7ais sur les circuits secondaires.\" \/>\n<meta name=\"robots\" content=\"index, follow, max-snippet:-1, max-image-preview:large, max-video-preview:-1\" \/>\n<link rel=\"canonical\" href=\"https:\/\/dicodusport.fr\/blog\/atp-challenger-2023-benoit-paire-cloture-la-saison-par-une-defaite-en-finale\/\" \/>\n<meta property=\"og:locale\" content=\"fr_FR\" \/>\n<meta property=\"og:type\" content=\"article\" \/>\n<meta property=\"og:title\" content=\"ATP Challenger 2023 : Beno\u00eet Paire cl\u00f4ture la saison par une d\u00e9faite en finale\" \/>\n<meta property=\"og:description\" content=\"Beno\u00eet Paire s&#039;est inclin\u00e9 en finale du Challenger de Maia, et cl\u00f4ture une saison riche pour le tennis fran\u00e7ais sur les circuits secondaires.\" \/>\n<meta property=\"og:url\" content=\"https:\/\/dicodusport.fr\/blog\/atp-challenger-2023-benoit-paire-cloture-la-saison-par-une-defaite-en-finale\/\" \/>\n<meta property=\"og:site_name\" content=\"Dicodusport\" \/>\n<meta property=\"article:publisher\" content=\"https:\/\/www.facebook.com\/dicodusport\" \/>\n<meta property=\"article:published_time\" content=\"2023-12-03T12:11:10+00:00\" \/>\n<meta property=\"article:modified_time\" content=\"2023-12-03T13:13:30+00:00\" \/>\n<meta property=\"og:image\" content=\"https:\/\/dicodusport.fr\/blog\/wp-content\/uploads\/2023\/12\/atp-challenger-2023-benoit-paire-cloture-la-saison-par-une-defaite-en-finale.png\" \/>\n\t<meta property=\"og:image:width\" content=\"1200\" \/>\n\t<meta property=\"og:image:height\" content=\"674\" \/>\n\t<meta property=\"og:image:type\" content=\"image\/png\" \/>\n<meta name=\"author\" content=\"Tom Compayrot\" \/>\n<meta name=\"twitter:card\" content=\"summary_large_image\" \/>\n<meta name=\"twitter:title\" content=\"ATP Challenger 2023 : Beno\u00eet Paire cl\u00f4ture la saison par une d\u00e9faite en finale\" \/>\n<meta name=\"twitter:creator\" content=\"@https:\/\/twitter.com\/Tom_Cprt\" \/>\n<meta name=\"twitter:site\" content=\"@dicodusport\" \/>\n<script type=\"application\/ld+json\" class=\"yoast-schema-graph\">{\"@context\":\"https:\/\/schema.org\",\"@graph\":[{\"@type\":\"NewsArticle\",\"@id\":\"https:\/\/dicodusport.fr\/blog\/atp-challenger-2023-benoit-paire-cloture-la-saison-par-une-defaite-en-finale\/#article\",\"isPartOf\":{\"@id\":\"https:\/\/dicodusport.fr\/blog\/atp-challenger-2023-benoit-paire-cloture-la-saison-par-une-defaite-en-finale\/\"},\"author\":{\"name\":\"Tom Compayrot\",\"@id\":\"https:\/\/dicodusport.fr\/blog\/#\/schema\/person\/bf1e4f404e108bd2be5b447b16bde9a7\"},\"headline\":\"ATP Challenger 2023 : Beno\u00eet Paire cl\u00f4ture la saison par une d\u00e9faite en finale\",\"datePublished\":\"2023-12-03T12:11:10+00:00\",\"dateModified\":\"2023-12-03T13:13:30+00:00\",\"mainEntityOfPage\":{\"@id\":\"https:\/\/dicodusport.fr\/blog\/atp-challenger-2023-benoit-paire-cloture-la-saison-par-une-defaite-en-finale\/\"},\"wordCount\":662,\"commentCount\":0,\"publisher\":{\"@id\":\"https:\/\/dicodusport.fr\/blog\/#organization\"},\"image\":{\"@id\":\"https:\/\/dicodusport.fr\/blog\/atp-challenger-2023-benoit-paire-cloture-la-saison-par-une-defaite-en-finale\/#primaryimage\"},\"thumbnailUrl\":\"https:\/\/dicodusport.fr\/blog\/wp-content\/uploads\/2023\/12\/atp-challenger-2023-benoit-paire-cloture-la-saison-par-une-defaite-en-finale.png\",\"keywords\":[\"Beno\u00eet Paire\",\"br\u00e8ve\",\"fran\u00e7ais tennis\"],\"articleSection\":[\"Tennis\"],\"inLanguage\":\"fr-FR\",\"potentialAction\":[{\"@type\":\"CommentAction\",\"name\":\"Comment\",\"target\":[\"https:\/\/dicodusport.fr\/blog\/atp-challenger-2023-benoit-paire-cloture-la-saison-par-une-defaite-en-finale\/#respond\"]}],\"copyrightYear\":\"2023\",\"copyrightHolder\":{\"@id\":\"https:\/\/dicodusport.fr\/blog\/#organization\"}},{\"@type\":\"WebPage\",\"@id\":\"https:\/\/dicodusport.fr\/blog\/atp-challenger-2023-benoit-paire-cloture-la-saison-par-une-defaite-en-finale\/\",\"url\":\"https:\/\/dicodusport.fr\/blog\/atp-challenger-2023-benoit-paire-cloture-la-saison-par-une-defaite-en-finale\/\",\"name\":\"ATP Challenger 2023 : Beno\u00eet Paire cl\u00f4ture la saison par une d\u00e9faite en finale\",\"isPartOf\":{\"@id\":\"https:\/\/dicodusport.fr\/blog\/#website\"},\"primaryImageOfPage\":{\"@id\":\"https:\/\/dicodusport.fr\/blog\/atp-challenger-2023-benoit-paire-cloture-la-saison-par-une-defaite-en-finale\/#primaryimage\"},\"image\":{\"@id\":\"https:\/\/dicodusport.fr\/blog\/atp-challenger-2023-benoit-paire-cloture-la-saison-par-une-defaite-en-finale\/#primaryimage\"},\"thumbnailUrl\":\"https:\/\/dicodusport.fr\/blog\/wp-content\/uploads\/2023\/12\/atp-challenger-2023-benoit-paire-cloture-la-saison-par-une-defaite-en-finale.png\",\"datePublished\":\"2023-12-03T12:11:10+00:00\",\"dateModified\":\"2023-12-03T13:13:30+00:00\",\"description\":\"Beno\u00eet Paire s'est inclin\u00e9 en finale du Challenger de Maia, et cl\u00f4ture une saison riche pour le tennis fran\u00e7ais sur les circuits secondaires.\",\"breadcrumb\":{\"@id\":\"https:\/\/dicodusport.fr\/blog\/atp-challenger-2023-benoit-paire-cloture-la-saison-par-une-defaite-en-finale\/#breadcrumb\"},\"inLanguage\":\"fr-FR\",\"potentialAction\":[{\"@type\":\"ReadAction\",\"target\":[\"https:\/\/dicodusport.fr\/blog\/atp-challenger-2023-benoit-paire-cloture-la-saison-par-une-defaite-en-finale\/\"]}]},{\"@type\":\"ImageObject\",\"inLanguage\":\"fr-FR\",\"@id\":\"https:\/\/dicodusport.fr\/blog\/atp-challenger-2023-benoit-paire-cloture-la-saison-par-une-defaite-en-finale\/#primaryimage\",\"url\":\"https:\/\/dicodusport.fr\/blog\/wp-content\/uploads\/2023\/12\/atp-challenger-2023-benoit-paire-cloture-la-saison-par-une-defaite-en-finale.png\",\"contentUrl\":\"https:\/\/dicodusport.fr\/blog\/wp-content\/uploads\/2023\/12\/atp-challenger-2023-benoit-paire-cloture-la-saison-par-une-defaite-en-finale.png\",\"width\":1200,\"height\":674},{\"@type\":\"BreadcrumbList\",\"@id\":\"https:\/\/dicodusport.fr\/blog\/atp-challenger-2023-benoit-paire-cloture-la-saison-par-une-defaite-en-finale\/#breadcrumb\",\"itemListElement\":[{\"@type\":\"ListItem\",\"position\":1,\"name\":\"Accueil\",\"item\":\"https:\/\/dicodusport.fr\/blog\/\"},{\"@type\":\"ListItem\",\"position\":2,\"name\":\"ATP Challenger 2023 : Beno\u00eet Paire cl\u00f4ture la saison par une d\u00e9faite en finale\"}]},{\"@type\":\"WebSite\",\"@id\":\"https:\/\/dicodusport.fr\/blog\/#website\",\"url\":\"https:\/\/dicodusport.fr\/blog\/\",\"name\":\"Dicodusport\",\"description\":\"L&#039;encyclop\u00e9die de l&#039;actualit\u00e9 sportive\",\"publisher\":{\"@id\":\"https:\/\/dicodusport.fr\/blog\/#organization\"},\"potentialAction\":[{\"@type\":\"SearchAction\",\"target\":{\"@type\":\"EntryPoint\",\"urlTemplate\":\"https:\/\/dicodusport.fr\/blog\/?s={search_term_string}\"},\"query-input\":{\"@type\":\"PropertyValueSpecification\",\"valueRequired\":true,\"valueName\":\"search_term_string\"}}],\"inLanguage\":\"fr-FR\"},{\"@type\":\"NewsMediaOrganization\",\"@id\":\"https:\/\/dicodusport.fr\/blog\/#organization\",\"name\":\"Dicodusport\",\"url\":\"https:\/\/dicodusport.fr\/blog\/\",\"logo\":{\"@type\":\"ImageObject\",\"inLanguage\":\"fr-FR\",\"@id\":\"https:\/\/dicodusport.fr\/blog\/#\/schema\/logo\/image\/\",\"url\":\"https:\/\/dicodusport.fr\/blog\/wp-content\/uploads\/2020\/06\/cropped-LOGO-DICODUSPORT-2020-SANS-FOND-SANS-TEXTE.png\",\"contentUrl\":\"https:\/\/dicodusport.fr\/blog\/wp-content\/uploads\/2020\/06\/cropped-LOGO-DICODUSPORT-2020-SANS-FOND-SANS-TEXTE.png\",\"width\":512,\"height\":512,\"caption\":\"Dicodusport\"},\"image\":{\"@id\":\"https:\/\/dicodusport.fr\/blog\/#\/schema\/logo\/image\/\"},\"sameAs\":[\"https:\/\/www.facebook.com\/dicodusport\",\"https:\/\/x.com\/dicodusport\",\"https:\/\/www.instagram.com\/dicodusport\/\",\"https:\/\/www.youtube.com\/channel\/UC7V2KZ5sd3htJivAbA4ZG3w\"],\"description\":\"Dicodusport est l'encyclop\u00e9die de l'actualit\u00e9 sportive.\",\"email\":\"bonjour@dicodusport.fr\",\"legalName\":\"DICODUSPORT\",\"foundingDate\":\"2018-01-14\",\"vatID\":\"FR71834470973\",\"taxID\":\"83447097300043\",\"numberOfEmployees\":{\"@type\":\"QuantitativeValue\",\"minValue\":\"1\",\"maxValue\":\"10\"}},{\"@type\":\"Person\",\"@id\":\"https:\/\/dicodusport.fr\/blog\/#\/schema\/person\/bf1e4f404e108bd2be5b447b16bde9a7\",\"name\":\"Tom Compayrot\",\"image\":{\"@type\":\"ImageObject\",\"inLanguage\":\"fr-FR\",\"@id\":\"https:\/\/dicodusport.fr\/blog\/#\/schema\/person\/image\/\",\"url\":\"https:\/\/dicodusport.fr\/blog\/wp-content\/uploads\/2021\/05\/Tom-Compayrot-150x150.jpg\",\"contentUrl\":\"https:\/\/dicodusport.fr\/blog\/wp-content\/uploads\/2021\/05\/Tom-Compayrot-150x150.jpg\",\"caption\":\"Tom Compayrot\"},\"description\":\"Journaliste\/r\u00e9dacteur depuis mars 2017 - Amoureux de la petite balle jaune et du gros ballon orange qui tra\u00eene sa carcasse sur Dicodusport depuis 2017. Rafael Nadal et LeBron James sont les meilleurs joueurs de l'histoire.\",\"sameAs\":[\"https:\/\/x.com\/https:\/\/twitter.com\/Tom_Cprt\"],\"url\":\"https:\/\/dicodusport.fr\/blog\/author\/tom\/\"}]}<\/script>\n<!-- \/ Yoast SEO Premium plugin. -->","yoast_head_json":{"title":"ATP Challenger 2023 : Beno\u00eet Paire cl\u00f4ture la saison par une d\u00e9faite en finale","description":"Beno\u00eet Paire s'est inclin\u00e9 en finale du Challenger de Maia, et cl\u00f4ture une saison riche pour le tennis fran\u00e7ais sur les circuits secondaires.","robots":{"index":"index","follow":"follow","max-snippet":"max-snippet:-1","max-image-preview":"max-image-preview:large","max-video-preview":"max-video-preview:-1"},"canonical":"https:\/\/dicodusport.fr\/blog\/atp-challenger-2023-benoit-paire-cloture-la-saison-par-une-defaite-en-finale\/","og_locale":"fr_FR","og_type":"article","og_title":"ATP Challenger 2023 : Beno\u00eet Paire cl\u00f4ture la saison par une d\u00e9faite en finale","og_description":"Beno\u00eet Paire s'est inclin\u00e9 en finale du Challenger de Maia, et cl\u00f4ture une saison riche pour le tennis fran\u00e7ais sur les circuits secondaires.","og_url":"https:\/\/dicodusport.fr\/blog\/atp-challenger-2023-benoit-paire-cloture-la-saison-par-une-defaite-en-finale\/","og_site_name":"Dicodusport","article_publisher":"https:\/\/www.facebook.com\/dicodusport","article_published_time":"2023-12-03T12:11:10+00:00","article_modified_time":"2023-12-03T13:13:30+00:00","og_image":[{"width":1200,"height":674,"url":"https:\/\/dicodusport.fr\/blog\/wp-content\/uploads\/2023\/12\/atp-challenger-2023-benoit-paire-cloture-la-saison-par-une-defaite-en-finale.png","type":"image\/png"}],"author":"Tom Compayrot","twitter_card":"summary_large_image","twitter_title":"ATP Challenger 2023 : Beno\u00eet Paire cl\u00f4ture la saison par une d\u00e9faite en finale","twitter_creator":"@https:\/\/twitter.com\/Tom_Cprt","twitter_site":"@dicodusport","schema":{"@context":"https:\/\/schema.org","@graph":[{"@type":"NewsArticle","@id":"https:\/\/dicodusport.fr\/blog\/atp-challenger-2023-benoit-paire-cloture-la-saison-par-une-defaite-en-finale\/#article","isPartOf":{"@id":"https:\/\/dicodusport.fr\/blog\/atp-challenger-2023-benoit-paire-cloture-la-saison-par-une-defaite-en-finale\/"},"author":{"name":"Tom Compayrot","@id":"https:\/\/dicodusport.fr\/blog\/#\/schema\/person\/bf1e4f404e108bd2be5b447b16bde9a7"},"headline":"ATP Challenger 2023 : Beno\u00eet Paire cl\u00f4ture la saison par une d\u00e9faite en finale","datePublished":"2023-12-03T12:11:10+00:00","dateModified":"2023-12-03T13:13:30+00:00","mainEntityOfPage":{"@id":"https:\/\/dicodusport.fr\/blog\/atp-challenger-2023-benoit-paire-cloture-la-saison-par-une-defaite-en-finale\/"},"wordCount":662,"commentCount":0,"publisher":{"@id":"https:\/\/dicodusport.fr\/blog\/#organization"},"image":{"@id":"https:\/\/dicodusport.fr\/blog\/atp-challenger-2023-benoit-paire-cloture-la-saison-par-une-defaite-en-finale\/#primaryimage"},"thumbnailUrl":"https:\/\/dicodusport.fr\/blog\/wp-content\/uploads\/2023\/12\/atp-challenger-2023-benoit-paire-cloture-la-saison-par-une-defaite-en-finale.png","keywords":["Beno\u00eet Paire","br\u00e8ve","fran\u00e7ais tennis"],"articleSection":["Tennis"],"inLanguage":"fr-FR","potentialAction":[{"@type":"CommentAction","name":"Comment","target":["https:\/\/dicodusport.fr\/blog\/atp-challenger-2023-benoit-paire-cloture-la-saison-par-une-defaite-en-finale\/#respond"]}],"copyrightYear":"2023","copyrightHolder":{"@id":"https:\/\/dicodusport.fr\/blog\/#organization"}},{"@type":"WebPage","@id":"https:\/\/dicodusport.fr\/blog\/atp-challenger-2023-benoit-paire-cloture-la-saison-par-une-defaite-en-finale\/","url":"https:\/\/dicodusport.fr\/blog\/atp-challenger-2023-benoit-paire-cloture-la-saison-par-une-defaite-en-finale\/","name":"ATP Challenger 2023 : Beno\u00eet Paire cl\u00f4ture la saison par une d\u00e9faite en finale","isPartOf":{"@id":"https:\/\/dicodusport.fr\/blog\/#website"},"primaryImageOfPage":{"@id":"https:\/\/dicodusport.fr\/blog\/atp-challenger-2023-benoit-paire-cloture-la-saison-par-une-defaite-en-finale\/#primaryimage"},"image":{"@id":"https:\/\/dicodusport.fr\/blog\/atp-challenger-2023-benoit-paire-cloture-la-saison-par-une-defaite-en-finale\/#primaryimage"},"thumbnailUrl":"https:\/\/dicodusport.fr\/blog\/wp-content\/uploads\/2023\/12\/atp-challenger-2023-benoit-paire-cloture-la-saison-par-une-defaite-en-finale.png","datePublished":"2023-12-03T12:11:10+00:00","dateModified":"2023-12-03T13:13:30+00:00","description":"Beno\u00eet Paire s'est inclin\u00e9 en finale du Challenger de Maia, et cl\u00f4ture une saison riche pour le tennis fran\u00e7ais sur les circuits secondaires.","breadcrumb":{"@id":"https:\/\/dicodusport.fr\/blog\/atp-challenger-2023-benoit-paire-cloture-la-saison-par-une-defaite-en-finale\/#breadcrumb"},"inLanguage":"fr-FR","potentialAction":[{"@type":"ReadAction","target":["https:\/\/dicodusport.fr\/blog\/atp-challenger-2023-benoit-paire-cloture-la-saison-par-une-defaite-en-finale\/"]}]},{"@type":"ImageObject","inLanguage":"fr-FR","@id":"https:\/\/dicodusport.fr\/blog\/atp-challenger-2023-benoit-paire-cloture-la-saison-par-une-defaite-en-finale\/#primaryimage","url":"https:\/\/dicodusport.fr\/blog\/wp-content\/uploads\/2023\/12\/atp-challenger-2023-benoit-paire-cloture-la-saison-par-une-defaite-en-finale.png","contentUrl":"https:\/\/dicodusport.fr\/blog\/wp-content\/uploads\/2023\/12\/atp-challenger-2023-benoit-paire-cloture-la-saison-par-une-defaite-en-finale.png","width":1200,"height":674},{"@type":"BreadcrumbList","@id":"https:\/\/dicodusport.fr\/blog\/atp-challenger-2023-benoit-paire-cloture-la-saison-par-une-defaite-en-finale\/#breadcrumb","itemListElement":[{"@type":"ListItem","position":1,"name":"Accueil","item":"https:\/\/dicodusport.fr\/blog\/"},{"@type":"ListItem","position":2,"name":"ATP Challenger 2023 : Beno\u00eet Paire cl\u00f4ture la saison par une d\u00e9faite en finale"}]},{"@type":"WebSite","@id":"https:\/\/dicodusport.fr\/blog\/#website","url":"https:\/\/dicodusport.fr\/blog\/","name":"Dicodusport","description":"L&#039;encyclop\u00e9die de l&#039;actualit\u00e9 sportive","publisher":{"@id":"https:\/\/dicodusport.fr\/blog\/#organization"},"potentialAction":[{"@type":"SearchAction","target":{"@type":"EntryPoint","urlTemplate":"https:\/\/dicodusport.fr\/blog\/?s={search_term_string}"},"query-input":{"@type":"PropertyValueSpecification","valueRequired":true,"valueName":"search_term_string"}}],"inLanguage":"fr-FR"},{"@type":"NewsMediaOrganization","@id":"https:\/\/dicodusport.fr\/blog\/#organization","name":"Dicodusport","url":"https:\/\/dicodusport.fr\/blog\/","logo":{"@type":"ImageObject","inLanguage":"fr-FR","@id":"https:\/\/dicodusport.fr\/blog\/#\/schema\/logo\/image\/","url":"https:\/\/dicodusport.fr\/blog\/wp-content\/uploads\/2020\/06\/cropped-LOGO-DICODUSPORT-2020-SANS-FOND-SANS-TEXTE.png","contentUrl":"https:\/\/dicodusport.fr\/blog\/wp-content\/uploads\/2020\/06\/cropped-LOGO-DICODUSPORT-2020-SANS-FOND-SANS-TEXTE.png","width":512,"height":512,"caption":"Dicodusport"},"image":{"@id":"https:\/\/dicodusport.fr\/blog\/#\/schema\/logo\/image\/"},"sameAs":["https:\/\/www.facebook.com\/dicodusport","https:\/\/x.com\/dicodusport","https:\/\/www.instagram.com\/dicodusport\/","https:\/\/www.youtube.com\/channel\/UC7V2KZ5sd3htJivAbA4ZG3w"],"description":"Dicodusport est l'encyclop\u00e9die de l'actualit\u00e9 sportive.","email":"bonjour@dicodusport.fr","legalName":"DICODUSPORT","foundingDate":"2018-01-14","vatID":"FR71834470973","taxID":"83447097300043","numberOfEmployees":{"@type":"QuantitativeValue","minValue":"1","maxValue":"10"}},{"@type":"Person","@id":"https:\/\/dicodusport.fr\/blog\/#\/schema\/person\/bf1e4f404e108bd2be5b447b16bde9a7","name":"Tom Compayrot","image":{"@type":"ImageObject","inLanguage":"fr-FR","@id":"https:\/\/dicodusport.fr\/blog\/#\/schema\/person\/image\/","url":"https:\/\/dicodusport.fr\/blog\/wp-content\/uploads\/2021\/05\/Tom-Compayrot-150x150.jpg","contentUrl":"https:\/\/dicodusport.fr\/blog\/wp-content\/uploads\/2021\/05\/Tom-Compayrot-150x150.jpg","caption":"Tom Compayrot"},"description":"Journaliste\/r\u00e9dacteur depuis mars 2017 - Amoureux de la petite balle jaune et du gros ballon orange qui tra\u00eene sa carcasse sur Dicodusport depuis 2017. Rafael Nadal et LeBron James sont les meilleurs joueurs de l'histoire.","sameAs":["https:\/\/x.com\/https:\/\/twitter.com\/Tom_Cprt"],"url":"https:\/\/dicodusport.fr\/blog\/author\/tom\/"}]}},"_links":{"self":[{"href":"https:\/\/dicodusport.fr\/blog\/wp-json\/wp\/v2\/posts\/442304","targetHints":{"allow":["GET"]}}],"collection":[{"href":"https:\/\/dicodusport.fr\/blog\/wp-json\/wp\/v2\/posts"}],"about":[{"href":"https:\/\/dicodusport.fr\/blog\/wp-json\/wp\/v2\/types\/post"}],"author":[{"embeddable":true,"href":"https:\/\/dicodusport.fr\/blog\/wp-json\/wp\/v2\/users\/13"}],"replies":[{"embeddable":true,"href":"https:\/\/dicodusport.fr\/blog\/wp-json\/wp\/v2\/comments?post=442304"}],"version-history":[{"count":5,"href":"https:\/\/dicodusport.fr\/blog\/wp-json\/wp\/v2\/posts\/442304\/revisions"}],"predecessor-version":[{"id":442351,"href":"https:\/\/dicodusport.fr\/blog\/wp-json\/wp\/v2\/posts\/442304\/revisions\/442351"}],"wp:featuredmedia":[{"embeddable":true,"href":"https:\/\/dicodusport.fr\/blog\/wp-json\/wp\/v2\/media\/442309"}],"wp:attachment":[{"href":"https:\/\/dicodusport.fr\/blog\/wp-json\/wp\/v2\/media?parent=442304"}],"wp:term":[{"taxonomy":"category","embeddable":true,"href":"https:\/\/dicodusport.fr\/blog\/wp-json\/wp\/v2\/categories?post=442304"},{"taxonomy":"post_tag","embeddable":true,"href":"https:\/\/dicodusport.fr\/blog\/wp-json\/wp\/v2\/tags?post=442304"}],"curies":[{"name":"wp","href":"https:\/\/api.w.org\/{rel}","templated":true}]}}