{"id":44235,"date":"2019-07-30T13:23:33","date_gmt":"2019-07-30T11:23:33","guid":{"rendered":"http:\/\/dicodusport.fr\/blog\/?p=44235"},"modified":"2019-07-30T14:21:16","modified_gmt":"2019-07-30T12:21:16","slug":"pierre-houin-je-n-ai-pas-encore-ete-capable-de-m-employer-a-100-avec-hugo","status":"publish","type":"post","link":"https:\/\/dicodusport.fr\/blog\/pierre-houin-je-n-ai-pas-encore-ete-capable-de-m-employer-a-100-avec-hugo\/","title":{"rendered":"Pierre Houin : \u00ab Je n&rsquo;ai pas encore \u00e9t\u00e9 capable de m&#8217;employer \u00e0 100% avec Hugo \u00bb"},"content":{"rendered":"<p style=\"text-align: justify;\"><em><strong>A l&rsquo;approche des championnats du monde, nous avons rencontr\u00e9 <a href=\"https:\/\/dicodusport.fr\/blog\/tag\/pierre-houin\/\" target=\"_blank\" rel=\"noopener\">Pierre Houin<\/a>, rameur fran\u00e7ais, qui \u00e9voque sa nouvelle association avec Hugo Beurey, mais aussi les Jeux Olympiques de Tokyo en 2020 et Paris en 2024.<\/strong><\/em><\/p>\n<h2 style=\"text-align: justify;\">Pierre, nous sommes \u00e0 un an des Jeux Olympiques de Tokyo. Quand tu penses \u00e0 cet \u00e9v\u00e9nement, qu&rsquo;est-ce que cela t&rsquo;inspire pour le moment ?<\/h2>\n<p style=\"text-align: justify;\">De l&rsquo;ambition, pas forc\u00e9ment sur place mais dans un premier temps, l&rsquo;ambition d&rsquo;y participer, car on est vraiment dans une autre optique que l&rsquo;Olympiade pr\u00e9c\u00e9dente. Tokyo 2020, j&rsquo;ai envie d&rsquo;y participer et cela m&rsquo;inspire un grand \u00e9v\u00e9nement. J&rsquo;ai connu les Jeux \u00e0 Rio, mais je crois que Tokyo sera d&rsquo;une toute autre envergure.<\/p>\n<h2 style=\"text-align: justify;\">Tu as connu Rio, en quoi cette premi\u00e8re participation et la pr\u00e9paration pr\u00e9alable vont te servir pour Tokyo ?<\/h2>\n<p style=\"text-align: justify;\">Rio m&rsquo;a permis d&rsquo;engendrer de l&rsquo;exp\u00e9rience mais aussi de me rendre compte de ce qu&rsquo;\u00e9taient les Jeux Olympiques. Il y a beaucoup de poudre aux yeux, mais cela ne d\u00e9nature en aucun cas notre sport, \u00e7a reste une course d&rsquo;aviron. L&rsquo;avoir v\u00e9cu permet clairement de d\u00e9mystifier l&rsquo;\u00e9v\u00e9nement. Je me suis rendu compte avec Rio que les JO, c&rsquo;est le point culminant d&rsquo;une carri\u00e8re, m\u00eame si je le savais d\u00e9j\u00e0, et je vais tout faire pour arriver dans ma meilleure forme.<\/p>\n<h2 style=\"text-align: justify;\">Ta saison a commenc\u00e9 par un nouveau titre de champion de France bateaux courts ? Que retiens-tu de ta performance par rapport aux pr\u00e9c\u00e9dentes ?<\/h2>\n<p style=\"text-align: justify;\">Il y a eu beaucoup de renouveau et c&rsquo;est la deuxi\u00e8me ann\u00e9e que je m&rsquo;impose. Cette ann\u00e9e, je retiendrais uniquement ce que cela repr\u00e9sente, car la mani\u00e8re de faire n&rsquo;a pas \u00e9t\u00e9 satisfaisante pour moi. Je n&rsquo;ai pas r\u00e9ussi \u00e0 faire de mon mieux, donc je ne pouvais pas \u00eatre satisfait de ma prestation. J&rsquo;aurais pu aller beaucoup plus vite. Je retiens aussi le c\u00f4t\u00e9 symbolique, car ce championnat de France d\u00e9finit le bateau pour les \u00e9ch\u00e9ances internationales. Cela fait toujours du bien de les gagner, et c&rsquo;est le d\u00e9but d&rsquo;une autre saison.<\/p>\n<h2 style=\"text-align: justify;\">L&rsquo;ann\u00e9e pass\u00e9e, tu as beaucoup \u00e9t\u00e9 emb\u00eat\u00e9 avec un genou. Comment \u00e7a va \u00e0 ce niveau-l\u00e0 ? Es-tu \u00e0 100 % ?<\/h2>\n<p style=\"text-align: justify;\">Ce n&rsquo;est pas r\u00e9sorb\u00e9 \u00e0 100%, mais cela ne m&rsquo;a pas g\u00ean\u00e9 dans ma pr\u00e9paration contrairement \u00e0 l&rsquo;ann\u00e9e pass\u00e9e o\u00f9 c&rsquo;\u00e9tait beaucoup plus compliqu\u00e9. Aucun probl\u00e8me \u00e0 ce niveau-l\u00e0, et cela ne devrait pas me g\u00eaner pour la suite de la saison.<\/p>\n<h2 style=\"text-align: justify;\">Comment \u00e7a se passe avec ton nouveau co\u00e9quipier, Hugo Beurey ?<strong><br \/>\n<\/strong><\/h2>\n<p style=\"text-align: justify;\">Avec Hugo, cela se passe tr\u00e8s bien. On est sur la m\u00eame longueur d&rsquo;ondes et on est partenaire au p\u00f4le France de Nancy, ce qui nous permet d&rsquo;\u00e9voluer ensemble au quotidien. On est aussi amis dans la vie et assez proches, donc cela a bien aid\u00e9 \u00e0 huiler la m\u00e9canique. Il est jeune et il a eu quelques probl\u00e8mes avec des blessures, donc on essaye de prendre soin de lui. En forme, c&rsquo;est un mec qui a d&rsquo;\u00e9normes qualit\u00e9s et qui peut apporter beaucoup au bateau, donc c&rsquo;est tr\u00e8s int\u00e9ressant pour la suite.<\/p>\n<h2 style=\"text-align: justify;\">Derni\u00e8rement, il y a eu la victoire sur cette finale B \u00e0 Rotterdam. O\u00f9 en \u00eates-vous en termes de performance ?<\/h2>\n<p style=\"text-align: justify;\">On est dans les clous en termes de progression : on progresse beaucoup mais on reste encore loin du niveau que l&rsquo;on pourrait atteindre. Le positif, c&rsquo;est qu&rsquo;on s&rsquo;en rapproche un peu chaque jour et qu&rsquo;il y a eu un gros cap franchi entre Poznan et Rotterdam. Mais on sent qu&rsquo;il y a encore de la marge sur les automatismes, notamment pour optimiser ce que l&rsquo;on produit ensemble. Je n&rsquo;ai pas encore \u00e9t\u00e9 capable de m&#8217;employer \u00e0 100% sur une course avec Hugo, car il y a encore des petits d\u00e9tails \u00e0 r\u00e9gler.<\/p>\n<p style=\"text-align: justify;\">On travaille beaucoup sur lui qui est positionn\u00e9 devant et qui donne l&rsquo;impulsion au bateau. Le but est de le mettre \u00e0 l&rsquo;aise, c&rsquo;est le plus important et petit \u00e0 petit, ce sera ensuite \u00e0 moi de prendre mes marques. Pour r\u00e9sumer, il n&rsquo;y a plus de grosses marches \u00e0 franchir, mais encore quelques petites.<\/p>\n<h2 style=\"text-align: justify;\">Il y a les championnats du monde qui se profilent. Quels objectifs pour votre bateau ?<\/h2>\n<p style=\"text-align: justify;\">Je dirais que l&rsquo;objectif est de se qualifier aux Jeux Olympiques, mais plus le temps passe et plus je consid\u00e8re que \u00e7a serait en fait la r\u00e9sultante de mon v\u00e9ritable objectif qui est d&rsquo;aller au bout des choses avec Hugo. C&rsquo;est-\u00e0-dire que comme nous sommes amis et qu&rsquo;on attendait \u00e7a depuis longtemps, on a envie de kiffer, vivre l&rsquo;aventure humaine \u00e0 fond, prendre du plaisir et que c&rsquo;est comme \u00e7a qu&rsquo;on se rapprochera d&rsquo;une qualification aux JO.<\/p>\n<p style=\"text-align: justify;\">Dans l&rsquo;id\u00e9e, l&rsquo;objectif en termes de r\u00e9sultat d\u00e9pendra de notre progression jusqu&rsquo;au jour J et de voir ce qu&rsquo;on va \u00eatre capables de produire sur ces championnats du monde. Si au bout il y a la qualification, on pourra dire que l&rsquo;objectif minimum a \u00e9t\u00e9 atteint.<\/p>\n<h2 style=\"text-align: justify;\">Paris 2024, c&rsquo;est dans 5 ans d\u00e9j\u00e0. Qu&rsquo;est-ce que cela t&rsquo;inspire ? Est-ce dans un coin de ta t\u00eate ?<\/h2>\n<p style=\"text-align: justify;\">Cela m&rsquo;inspire pas mal de joie car \u00e7a va \u00eatre un \u00e9v\u00e9nement grandiose. \u00c7a fait aussi un peu peur car c&rsquo;est un \u00e9norme \u00e9v\u00e9nement, il y a beaucoup de choses \u00e0 organiser donc j&rsquo;esp\u00e8re que tout se passera bien. Si cela se passe bien, \u00e7a va \u00eatre le r\u00eave pour tous les sportifs fran\u00e7ais. Apr\u00e8s, c&rsquo;est dans un coin de ma t\u00eate, mais pas pour les raisons que l&rsquo;on pense. Il y a une chose qui est \u00e0 peu pr\u00e8s s\u00fbre aujourd&rsquo;hui, c&rsquo;est que je ne participerai pas en tant qu&rsquo;athl\u00e8te, m\u00eame si je serai forc\u00e9ment sur place pour vivre ces Jeux.<\/p>\n<p><strong><em>Dicodusport<br \/>\n<a href=\"https:\/\/www.facebook.com\/dicodusport\/\" target=\"_blank\" rel=\"noopener\"><img loading=\"lazy\" decoding=\"async\" class=\"alignnone wp-image-2909\" src=\"http:\/\/dicodusport.fr\/blog\/wp-content\/uploads\/2017\/07\/logo-facebook-150x150.png\" alt=\"\" width=\"40\" height=\"40\" \/><\/a><a href=\"https:\/\/twitter.com\/dicodusport\" target=\"_blank\" rel=\"noopener\"><img loading=\"lazy\" decoding=\"async\" class=\"alignnone wp-image-2908\" src=\"http:\/\/dicodusport.fr\/blog\/wp-content\/uploads\/2017\/07\/logo-twitter-150x150.png\" alt=\"\" width=\"39\" height=\"39\" \/><\/a><\/em><\/strong><\/p>\n","protected":false},"excerpt":{"rendered":"<p>A l&rsquo;approche des championnats du monde, nous avons rencontr\u00e9 Pierre Houin, rameur fran\u00e7ais, qui \u00e9voque sa nouvelle association avec Hugo Beurey, mais aussi les Jeux Olympiques de Tokyo en 2020 et Paris en 2024.<\/p>\n","protected":false},"author":1,"featured_media":44237,"comment_status":"open","ping_status":"closed","sticky":false,"template":"","format":"standard","meta":{"_acf_changed":false,"_daextam_enable_autolinks":"","footnotes":""},"categories":[2309],"tags":[739,751,741,24],"class_list":["post-44235","post","type-post","status-publish","format-standard","has-post-thumbnail","hentry","category-aviron","tag-aviron","tag-houin","tag-pierre-houin","tag-sport"],"acf":[],"yoast_head":"<!-- This site is optimized with the Yoast SEO Premium plugin v26.7 (Yoast SEO v26.7) - https:\/\/yoast.com\/wordpress\/plugins\/seo\/ -->\n<title>Pierre Houin : \u00ab Je n&#039;ai pas encore \u00e9t\u00e9 capable de m&#039;employer \u00e0 100% avec Hugo \u00bb<\/title>\n<meta name=\"description\" content=\"\u00c0 l&#039;approche des championnats du monde, nous avons rencontr\u00e9 Pierre Houin, rameur fran\u00e7ais, qui \u00e9voque sa nouvelle association avec Hugo Beurey.\" \/>\n<meta name=\"robots\" content=\"index, follow, max-snippet:-1, max-image-preview:large, max-video-preview:-1\" \/>\n<link rel=\"canonical\" href=\"https:\/\/dicodusport.fr\/blog\/pierre-houin-je-n-ai-pas-encore-ete-capable-de-m-employer-a-100-avec-hugo\/\" \/>\n<meta property=\"og:locale\" content=\"fr_FR\" \/>\n<meta property=\"og:type\" content=\"article\" \/>\n<meta property=\"og:title\" content=\"Pierre Houin : \u00ab Je n&#039;ai pas encore \u00e9t\u00e9 capable de m&#039;employer \u00e0 100% avec Hugo \u00bb\" \/>\n<meta property=\"og:description\" content=\"\u00c0 l&#039;approche des championnats du monde, nous avons rencontr\u00e9 Pierre Houin, rameur fran\u00e7ais, qui \u00e9voque sa nouvelle association avec Hugo Beurey.\" \/>\n<meta property=\"og:url\" content=\"https:\/\/dicodusport.fr\/blog\/pierre-houin-je-n-ai-pas-encore-ete-capable-de-m-employer-a-100-avec-hugo\/\" \/>\n<meta property=\"og:site_name\" content=\"Dicodusport\" \/>\n<meta property=\"article:publisher\" content=\"https:\/\/www.facebook.com\/dicodusport\" \/>\n<meta property=\"article:author\" content=\"https:\/\/www.facebook.com\/dicodusport\" \/>\n<meta property=\"article:published_time\" content=\"2019-07-30T11:23:33+00:00\" \/>\n<meta property=\"article:modified_time\" content=\"2019-07-30T12:21:16+00:00\" \/>\n<meta property=\"og:image\" content=\"https:\/\/dicodusport.fr\/blog\/wp-content\/uploads\/2019\/07\/Pierre-Houin-2.png\" \/>\n\t<meta property=\"og:image:width\" content=\"1200\" \/>\n\t<meta property=\"og:image:height\" content=\"670\" \/>\n\t<meta property=\"og:image:type\" content=\"image\/png\" \/>\n<meta name=\"author\" content=\"Nicolas Jacquemard\" \/>\n<meta name=\"twitter:card\" content=\"summary_large_image\" \/>\n<meta name=\"twitter:title\" content=\"Pierre Houin : \u00ab Je n&#039;ai pas encore \u00e9t\u00e9 capable de m&#039;employer \u00e0 100% avec Hugo \u00bb\" \/>\n<meta name=\"twitter:creator\" content=\"@https:\/\/twitter.com\/Nico_Jacquemard\" \/>\n<meta name=\"twitter:site\" content=\"@dicodusport\" \/>\n<script type=\"application\/ld+json\" class=\"yoast-schema-graph\">{\"@context\":\"https:\/\/schema.org\",\"@graph\":[{\"@type\":\"NewsArticle\",\"@id\":\"https:\/\/dicodusport.fr\/blog\/pierre-houin-je-n-ai-pas-encore-ete-capable-de-m-employer-a-100-avec-hugo\/#article\",\"isPartOf\":{\"@id\":\"https:\/\/dicodusport.fr\/blog\/pierre-houin-je-n-ai-pas-encore-ete-capable-de-m-employer-a-100-avec-hugo\/\"},\"author\":{\"name\":\"Nicolas Jacquemard\",\"@id\":\"https:\/\/dicodusport.fr\/blog\/#\/schema\/person\/55dcb50ad410894e431ed812bbb70191\"},\"headline\":\"Pierre Houin : \u00ab Je n&rsquo;ai pas encore \u00e9t\u00e9 capable de m&#8217;employer \u00e0 100% avec Hugo \u00bb\",\"datePublished\":\"2019-07-30T11:23:33+00:00\",\"dateModified\":\"2019-07-30T12:21:16+00:00\",\"mainEntityOfPage\":{\"@id\":\"https:\/\/dicodusport.fr\/blog\/pierre-houin-je-n-ai-pas-encore-ete-capable-de-m-employer-a-100-avec-hugo\/\"},\"wordCount\":1049,\"commentCount\":0,\"publisher\":{\"@id\":\"https:\/\/dicodusport.fr\/blog\/#organization\"},\"image\":{\"@id\":\"https:\/\/dicodusport.fr\/blog\/pierre-houin-je-n-ai-pas-encore-ete-capable-de-m-employer-a-100-avec-hugo\/#primaryimage\"},\"thumbnailUrl\":\"https:\/\/dicodusport.fr\/blog\/wp-content\/uploads\/2019\/07\/Pierre-Houin-2.png\",\"keywords\":[\"aviron\",\"houin\",\"pierre houin\",\"sport\"],\"articleSection\":[\"Aviron\"],\"inLanguage\":\"fr-FR\",\"potentialAction\":[{\"@type\":\"CommentAction\",\"name\":\"Comment\",\"target\":[\"https:\/\/dicodusport.fr\/blog\/pierre-houin-je-n-ai-pas-encore-ete-capable-de-m-employer-a-100-avec-hugo\/#respond\"]}],\"copyrightYear\":\"2019\",\"copyrightHolder\":{\"@id\":\"https:\/\/dicodusport.fr\/blog\/#organization\"}},{\"@type\":\"WebPage\",\"@id\":\"https:\/\/dicodusport.fr\/blog\/pierre-houin-je-n-ai-pas-encore-ete-capable-de-m-employer-a-100-avec-hugo\/\",\"url\":\"https:\/\/dicodusport.fr\/blog\/pierre-houin-je-n-ai-pas-encore-ete-capable-de-m-employer-a-100-avec-hugo\/\",\"name\":\"Pierre Houin : \u00ab Je n'ai pas encore \u00e9t\u00e9 capable de m'employer \u00e0 100% avec Hugo \u00bb\",\"isPartOf\":{\"@id\":\"https:\/\/dicodusport.fr\/blog\/#website\"},\"primaryImageOfPage\":{\"@id\":\"https:\/\/dicodusport.fr\/blog\/pierre-houin-je-n-ai-pas-encore-ete-capable-de-m-employer-a-100-avec-hugo\/#primaryimage\"},\"image\":{\"@id\":\"https:\/\/dicodusport.fr\/blog\/pierre-houin-je-n-ai-pas-encore-ete-capable-de-m-employer-a-100-avec-hugo\/#primaryimage\"},\"thumbnailUrl\":\"https:\/\/dicodusport.fr\/blog\/wp-content\/uploads\/2019\/07\/Pierre-Houin-2.png\",\"datePublished\":\"2019-07-30T11:23:33+00:00\",\"dateModified\":\"2019-07-30T12:21:16+00:00\",\"description\":\"\u00c0 l'approche des championnats du monde, nous avons rencontr\u00e9 Pierre Houin, rameur fran\u00e7ais, qui \u00e9voque sa nouvelle association avec Hugo Beurey.\",\"breadcrumb\":{\"@id\":\"https:\/\/dicodusport.fr\/blog\/pierre-houin-je-n-ai-pas-encore-ete-capable-de-m-employer-a-100-avec-hugo\/#breadcrumb\"},\"inLanguage\":\"fr-FR\",\"potentialAction\":[{\"@type\":\"ReadAction\",\"target\":[\"https:\/\/dicodusport.fr\/blog\/pierre-houin-je-n-ai-pas-encore-ete-capable-de-m-employer-a-100-avec-hugo\/\"]}]},{\"@type\":\"ImageObject\",\"inLanguage\":\"fr-FR\",\"@id\":\"https:\/\/dicodusport.fr\/blog\/pierre-houin-je-n-ai-pas-encore-ete-capable-de-m-employer-a-100-avec-hugo\/#primaryimage\",\"url\":\"https:\/\/dicodusport.fr\/blog\/wp-content\/uploads\/2019\/07\/Pierre-Houin-2.png\",\"contentUrl\":\"https:\/\/dicodusport.fr\/blog\/wp-content\/uploads\/2019\/07\/Pierre-Houin-2.png\",\"width\":1200,\"height\":670},{\"@type\":\"BreadcrumbList\",\"@id\":\"https:\/\/dicodusport.fr\/blog\/pierre-houin-je-n-ai-pas-encore-ete-capable-de-m-employer-a-100-avec-hugo\/#breadcrumb\",\"itemListElement\":[{\"@type\":\"ListItem\",\"position\":1,\"name\":\"Accueil\",\"item\":\"https:\/\/dicodusport.fr\/blog\/\"},{\"@type\":\"ListItem\",\"position\":2,\"name\":\"Pierre Houin : \u00ab Je n&rsquo;ai pas encore \u00e9t\u00e9 capable de m&#8217;employer \u00e0 100% avec Hugo \u00bb\"}]},{\"@type\":\"WebSite\",\"@id\":\"https:\/\/dicodusport.fr\/blog\/#website\",\"url\":\"https:\/\/dicodusport.fr\/blog\/\",\"name\":\"Dicodusport\",\"description\":\"L&#039;encyclop\u00e9die de l&#039;actualit\u00e9 sportive\",\"publisher\":{\"@id\":\"https:\/\/dicodusport.fr\/blog\/#organization\"},\"potentialAction\":[{\"@type\":\"SearchAction\",\"target\":{\"@type\":\"EntryPoint\",\"urlTemplate\":\"https:\/\/dicodusport.fr\/blog\/?s={search_term_string}\"},\"query-input\":{\"@type\":\"PropertyValueSpecification\",\"valueRequired\":true,\"valueName\":\"search_term_string\"}}],\"inLanguage\":\"fr-FR\"},{\"@type\":\"NewsMediaOrganization\",\"@id\":\"https:\/\/dicodusport.fr\/blog\/#organization\",\"name\":\"Dicodusport\",\"url\":\"https:\/\/dicodusport.fr\/blog\/\",\"logo\":{\"@type\":\"ImageObject\",\"inLanguage\":\"fr-FR\",\"@id\":\"https:\/\/dicodusport.fr\/blog\/#\/schema\/logo\/image\/\",\"url\":\"https:\/\/dicodusport.fr\/blog\/wp-content\/uploads\/2020\/06\/cropped-LOGO-DICODUSPORT-2020-SANS-FOND-SANS-TEXTE.png\",\"contentUrl\":\"https:\/\/dicodusport.fr\/blog\/wp-content\/uploads\/2020\/06\/cropped-LOGO-DICODUSPORT-2020-SANS-FOND-SANS-TEXTE.png\",\"width\":512,\"height\":512,\"caption\":\"Dicodusport\"},\"image\":{\"@id\":\"https:\/\/dicodusport.fr\/blog\/#\/schema\/logo\/image\/\"},\"sameAs\":[\"https:\/\/www.facebook.com\/dicodusport\",\"https:\/\/x.com\/dicodusport\",\"https:\/\/www.instagram.com\/dicodusport\/\",\"https:\/\/www.youtube.com\/channel\/UC7V2KZ5sd3htJivAbA4ZG3w\"],\"description\":\"Dicodusport est l'encyclop\u00e9die de l'actualit\u00e9 sportive.\",\"email\":\"bonjour@dicodusport.fr\",\"legalName\":\"DICODUSPORT\",\"foundingDate\":\"2018-01-14\",\"vatID\":\"FR71834470973\",\"taxID\":\"83447097300043\",\"numberOfEmployees\":{\"@type\":\"QuantitativeValue\",\"minValue\":\"1\",\"maxValue\":\"10\"}},{\"@type\":\"Person\",\"@id\":\"https:\/\/dicodusport.fr\/blog\/#\/schema\/person\/55dcb50ad410894e431ed812bbb70191\",\"name\":\"Nicolas Jacquemard\",\"image\":{\"@type\":\"ImageObject\",\"inLanguage\":\"fr-FR\",\"@id\":\"https:\/\/dicodusport.fr\/blog\/#\/schema\/person\/image\/\",\"url\":\"https:\/\/dicodusport.fr\/blog\/wp-content\/uploads\/2021\/05\/Nicolas-Jacquemard-150x150.jpeg\",\"contentUrl\":\"https:\/\/dicodusport.fr\/blog\/wp-content\/uploads\/2021\/05\/Nicolas-Jacquemard-150x150.jpeg\",\"caption\":\"Nicolas Jacquemard\"},\"description\":\"Passionn\u00e9 de sport et entrepreneur depuis mes 18 ans, la cr\u00e9ation de Dicodusport m'a sembl\u00e9 \u00e9vidente pour participer \u00e0 la m\u00e9diatisation d'un plus grand nombre de sports. Le chemin est long mais avec une \u00e9quipe des plus motiv\u00e9es et les Jeux Olympiques de Paris 2024 en point de mire, nous y arriverons ! Journaliste dans le monde du sport depuis plus de 5 ans, je traite aussi bien de football, de rugby, de biathlon que de cyclisme.\",\"sameAs\":[\"https:\/\/www.facebook.com\/dicodusport\",\"https:\/\/x.com\/https:\/\/twitter.com\/Nico_Jacquemard\"],\"url\":\"https:\/\/dicodusport.fr\/blog\/author\/dicodusport\/\"}]}<\/script>\n<!-- \/ Yoast SEO Premium plugin. -->","yoast_head_json":{"title":"Pierre Houin : \u00ab Je n'ai pas encore \u00e9t\u00e9 capable de m'employer \u00e0 100% avec Hugo \u00bb","description":"\u00c0 l'approche des championnats du monde, nous avons rencontr\u00e9 Pierre Houin, rameur fran\u00e7ais, qui \u00e9voque sa nouvelle association avec Hugo Beurey.","robots":{"index":"index","follow":"follow","max-snippet":"max-snippet:-1","max-image-preview":"max-image-preview:large","max-video-preview":"max-video-preview:-1"},"canonical":"https:\/\/dicodusport.fr\/blog\/pierre-houin-je-n-ai-pas-encore-ete-capable-de-m-employer-a-100-avec-hugo\/","og_locale":"fr_FR","og_type":"article","og_title":"Pierre Houin : \u00ab Je n'ai pas encore \u00e9t\u00e9 capable de m'employer \u00e0 100% avec Hugo \u00bb","og_description":"\u00c0 l'approche des championnats du monde, nous avons rencontr\u00e9 Pierre Houin, rameur fran\u00e7ais, qui \u00e9voque sa nouvelle association avec Hugo Beurey.","og_url":"https:\/\/dicodusport.fr\/blog\/pierre-houin-je-n-ai-pas-encore-ete-capable-de-m-employer-a-100-avec-hugo\/","og_site_name":"Dicodusport","article_publisher":"https:\/\/www.facebook.com\/dicodusport","article_author":"https:\/\/www.facebook.com\/dicodusport","article_published_time":"2019-07-30T11:23:33+00:00","article_modified_time":"2019-07-30T12:21:16+00:00","og_image":[{"width":1200,"height":670,"url":"https:\/\/dicodusport.fr\/blog\/wp-content\/uploads\/2019\/07\/Pierre-Houin-2.png","type":"image\/png"}],"author":"Nicolas Jacquemard","twitter_card":"summary_large_image","twitter_title":"Pierre Houin : \u00ab Je n'ai pas encore \u00e9t\u00e9 capable de m'employer \u00e0 100% avec Hugo \u00bb","twitter_creator":"@https:\/\/twitter.com\/Nico_Jacquemard","twitter_site":"@dicodusport","schema":{"@context":"https:\/\/schema.org","@graph":[{"@type":"NewsArticle","@id":"https:\/\/dicodusport.fr\/blog\/pierre-houin-je-n-ai-pas-encore-ete-capable-de-m-employer-a-100-avec-hugo\/#article","isPartOf":{"@id":"https:\/\/dicodusport.fr\/blog\/pierre-houin-je-n-ai-pas-encore-ete-capable-de-m-employer-a-100-avec-hugo\/"},"author":{"name":"Nicolas Jacquemard","@id":"https:\/\/dicodusport.fr\/blog\/#\/schema\/person\/55dcb50ad410894e431ed812bbb70191"},"headline":"Pierre Houin : \u00ab Je n&rsquo;ai pas encore \u00e9t\u00e9 capable de m&#8217;employer \u00e0 100% avec Hugo \u00bb","datePublished":"2019-07-30T11:23:33+00:00","dateModified":"2019-07-30T12:21:16+00:00","mainEntityOfPage":{"@id":"https:\/\/dicodusport.fr\/blog\/pierre-houin-je-n-ai-pas-encore-ete-capable-de-m-employer-a-100-avec-hugo\/"},"wordCount":1049,"commentCount":0,"publisher":{"@id":"https:\/\/dicodusport.fr\/blog\/#organization"},"image":{"@id":"https:\/\/dicodusport.fr\/blog\/pierre-houin-je-n-ai-pas-encore-ete-capable-de-m-employer-a-100-avec-hugo\/#primaryimage"},"thumbnailUrl":"https:\/\/dicodusport.fr\/blog\/wp-content\/uploads\/2019\/07\/Pierre-Houin-2.png","keywords":["aviron","houin","pierre houin","sport"],"articleSection":["Aviron"],"inLanguage":"fr-FR","potentialAction":[{"@type":"CommentAction","name":"Comment","target":["https:\/\/dicodusport.fr\/blog\/pierre-houin-je-n-ai-pas-encore-ete-capable-de-m-employer-a-100-avec-hugo\/#respond"]}],"copyrightYear":"2019","copyrightHolder":{"@id":"https:\/\/dicodusport.fr\/blog\/#organization"}},{"@type":"WebPage","@id":"https:\/\/dicodusport.fr\/blog\/pierre-houin-je-n-ai-pas-encore-ete-capable-de-m-employer-a-100-avec-hugo\/","url":"https:\/\/dicodusport.fr\/blog\/pierre-houin-je-n-ai-pas-encore-ete-capable-de-m-employer-a-100-avec-hugo\/","name":"Pierre Houin : \u00ab Je n'ai pas encore \u00e9t\u00e9 capable de m'employer \u00e0 100% avec Hugo \u00bb","isPartOf":{"@id":"https:\/\/dicodusport.fr\/blog\/#website"},"primaryImageOfPage":{"@id":"https:\/\/dicodusport.fr\/blog\/pierre-houin-je-n-ai-pas-encore-ete-capable-de-m-employer-a-100-avec-hugo\/#primaryimage"},"image":{"@id":"https:\/\/dicodusport.fr\/blog\/pierre-houin-je-n-ai-pas-encore-ete-capable-de-m-employer-a-100-avec-hugo\/#primaryimage"},"thumbnailUrl":"https:\/\/dicodusport.fr\/blog\/wp-content\/uploads\/2019\/07\/Pierre-Houin-2.png","datePublished":"2019-07-30T11:23:33+00:00","dateModified":"2019-07-30T12:21:16+00:00","description":"\u00c0 l'approche des championnats du monde, nous avons rencontr\u00e9 Pierre Houin, rameur fran\u00e7ais, qui \u00e9voque sa nouvelle association avec Hugo Beurey.","breadcrumb":{"@id":"https:\/\/dicodusport.fr\/blog\/pierre-houin-je-n-ai-pas-encore-ete-capable-de-m-employer-a-100-avec-hugo\/#breadcrumb"},"inLanguage":"fr-FR","potentialAction":[{"@type":"ReadAction","target":["https:\/\/dicodusport.fr\/blog\/pierre-houin-je-n-ai-pas-encore-ete-capable-de-m-employer-a-100-avec-hugo\/"]}]},{"@type":"ImageObject","inLanguage":"fr-FR","@id":"https:\/\/dicodusport.fr\/blog\/pierre-houin-je-n-ai-pas-encore-ete-capable-de-m-employer-a-100-avec-hugo\/#primaryimage","url":"https:\/\/dicodusport.fr\/blog\/wp-content\/uploads\/2019\/07\/Pierre-Houin-2.png","contentUrl":"https:\/\/dicodusport.fr\/blog\/wp-content\/uploads\/2019\/07\/Pierre-Houin-2.png","width":1200,"height":670},{"@type":"BreadcrumbList","@id":"https:\/\/dicodusport.fr\/blog\/pierre-houin-je-n-ai-pas-encore-ete-capable-de-m-employer-a-100-avec-hugo\/#breadcrumb","itemListElement":[{"@type":"ListItem","position":1,"name":"Accueil","item":"https:\/\/dicodusport.fr\/blog\/"},{"@type":"ListItem","position":2,"name":"Pierre Houin : \u00ab Je n&rsquo;ai pas encore \u00e9t\u00e9 capable de m&#8217;employer \u00e0 100% avec Hugo \u00bb"}]},{"@type":"WebSite","@id":"https:\/\/dicodusport.fr\/blog\/#website","url":"https:\/\/dicodusport.fr\/blog\/","name":"Dicodusport","description":"L&#039;encyclop\u00e9die de l&#039;actualit\u00e9 sportive","publisher":{"@id":"https:\/\/dicodusport.fr\/blog\/#organization"},"potentialAction":[{"@type":"SearchAction","target":{"@type":"EntryPoint","urlTemplate":"https:\/\/dicodusport.fr\/blog\/?s={search_term_string}"},"query-input":{"@type":"PropertyValueSpecification","valueRequired":true,"valueName":"search_term_string"}}],"inLanguage":"fr-FR"},{"@type":"NewsMediaOrganization","@id":"https:\/\/dicodusport.fr\/blog\/#organization","name":"Dicodusport","url":"https:\/\/dicodusport.fr\/blog\/","logo":{"@type":"ImageObject","inLanguage":"fr-FR","@id":"https:\/\/dicodusport.fr\/blog\/#\/schema\/logo\/image\/","url":"https:\/\/dicodusport.fr\/blog\/wp-content\/uploads\/2020\/06\/cropped-LOGO-DICODUSPORT-2020-SANS-FOND-SANS-TEXTE.png","contentUrl":"https:\/\/dicodusport.fr\/blog\/wp-content\/uploads\/2020\/06\/cropped-LOGO-DICODUSPORT-2020-SANS-FOND-SANS-TEXTE.png","width":512,"height":512,"caption":"Dicodusport"},"image":{"@id":"https:\/\/dicodusport.fr\/blog\/#\/schema\/logo\/image\/"},"sameAs":["https:\/\/www.facebook.com\/dicodusport","https:\/\/x.com\/dicodusport","https:\/\/www.instagram.com\/dicodusport\/","https:\/\/www.youtube.com\/channel\/UC7V2KZ5sd3htJivAbA4ZG3w"],"description":"Dicodusport est l'encyclop\u00e9die de l'actualit\u00e9 sportive.","email":"bonjour@dicodusport.fr","legalName":"DICODUSPORT","foundingDate":"2018-01-14","vatID":"FR71834470973","taxID":"83447097300043","numberOfEmployees":{"@type":"QuantitativeValue","minValue":"1","maxValue":"10"}},{"@type":"Person","@id":"https:\/\/dicodusport.fr\/blog\/#\/schema\/person\/55dcb50ad410894e431ed812bbb70191","name":"Nicolas Jacquemard","image":{"@type":"ImageObject","inLanguage":"fr-FR","@id":"https:\/\/dicodusport.fr\/blog\/#\/schema\/person\/image\/","url":"https:\/\/dicodusport.fr\/blog\/wp-content\/uploads\/2021\/05\/Nicolas-Jacquemard-150x150.jpeg","contentUrl":"https:\/\/dicodusport.fr\/blog\/wp-content\/uploads\/2021\/05\/Nicolas-Jacquemard-150x150.jpeg","caption":"Nicolas Jacquemard"},"description":"Passionn\u00e9 de sport et entrepreneur depuis mes 18 ans, la cr\u00e9ation de Dicodusport m'a sembl\u00e9 \u00e9vidente pour participer \u00e0 la m\u00e9diatisation d'un plus grand nombre de sports. Le chemin est long mais avec une \u00e9quipe des plus motiv\u00e9es et les Jeux Olympiques de Paris 2024 en point de mire, nous y arriverons ! Journaliste dans le monde du sport depuis plus de 5 ans, je traite aussi bien de football, de rugby, de biathlon que de cyclisme.","sameAs":["https:\/\/www.facebook.com\/dicodusport","https:\/\/x.com\/https:\/\/twitter.com\/Nico_Jacquemard"],"url":"https:\/\/dicodusport.fr\/blog\/author\/dicodusport\/"}]}},"_links":{"self":[{"href":"https:\/\/dicodusport.fr\/blog\/wp-json\/wp\/v2\/posts\/44235","targetHints":{"allow":["GET"]}}],"collection":[{"href":"https:\/\/dicodusport.fr\/blog\/wp-json\/wp\/v2\/posts"}],"about":[{"href":"https:\/\/dicodusport.fr\/blog\/wp-json\/wp\/v2\/types\/post"}],"author":[{"embeddable":true,"href":"https:\/\/dicodusport.fr\/blog\/wp-json\/wp\/v2\/users\/1"}],"replies":[{"embeddable":true,"href":"https:\/\/dicodusport.fr\/blog\/wp-json\/wp\/v2\/comments?post=44235"}],"version-history":[{"count":0,"href":"https:\/\/dicodusport.fr\/blog\/wp-json\/wp\/v2\/posts\/44235\/revisions"}],"wp:featuredmedia":[{"embeddable":true,"href":"https:\/\/dicodusport.fr\/blog\/wp-json\/wp\/v2\/media\/44237"}],"wp:attachment":[{"href":"https:\/\/dicodusport.fr\/blog\/wp-json\/wp\/v2\/media?parent=44235"}],"wp:term":[{"taxonomy":"category","embeddable":true,"href":"https:\/\/dicodusport.fr\/blog\/wp-json\/wp\/v2\/categories?post=44235"},{"taxonomy":"post_tag","embeddable":true,"href":"https:\/\/dicodusport.fr\/blog\/wp-json\/wp\/v2\/tags?post=44235"}],"curies":[{"name":"wp","href":"https:\/\/api.w.org\/{rel}","templated":true}]}}